{"id":10048,"date":"2025-08-15T18:08:34","date_gmt":"2025-08-15T18:08:34","guid":{"rendered":"https:\/\/ianima.com.br\/blog\/?p=10048"},"modified":"2025-08-15T18:08:35","modified_gmt":"2025-08-15T18:08:35","slug":"depressao-e-um-guia-completo-sobre-sinais-causas-e-caminhos","status":"publish","type":"post","link":"https:\/\/ianima.com.br\/blog\/saude-mental\/depressao-e-um-guia-completo-sobre-sinais-causas-e-caminhos\/","title":{"rendered":"Depress\u00e3o \u00e9: Um Guia Completo sobre Sinais, Causas e Caminhos"},"content":{"rendered":"\n<p>Antes de tudo, compreender o que <strong>depress\u00e3o \u00e9<\/strong> vai muito al\u00e9m de conhecer um nome ou um diagn\u00f3stico. Trata-se de entender uma condi\u00e7\u00e3o que afeta emo\u00e7\u00f5es, pensamentos, comportamentos e at\u00e9 a sa\u00fade f\u00edsica. A princ\u00edpio, pode se manifestar de forma silenciosa ou com sinais claros, interferindo na rotina e na qualidade de vida. Primeiramente, vale lembrar que cada pessoa vivencia essa experi\u00eancia de maneira \u00fanica, e os impactos podem variar bastante. Descubra os sinais, causas e caminhos para compreender a <strong>depress\u00e3o<\/strong> que podem estar impactando sua vida.<\/p>\n\n\n\n<h2 class=\"wp-block-heading\" id=\"h-os-sinais-e-sintomas-da-depressao-e\">Os Sinais e Sintomas da Depress\u00e3o \u00e9<\/h2>\n\n\n\n<p>Os sintomas mais comuns incluem tristeza persistente, perda de interesse em atividades antes prazerosas, altera\u00e7\u00f5es no sono e no apetite. Al\u00e9m disso, h\u00e1 sinais menos \u00f3bvios, como irritabilidade constante, dificuldade de concentra\u00e7\u00e3o e sensa\u00e7\u00e3o de vazio.<br>Bem como, a fadiga sem explica\u00e7\u00e3o m\u00e9dica e a perda de motiva\u00e7\u00e3o podem estar presentes. Por exemplo, uma pessoa pode manter a rotina profissional, mas sentir que est\u00e1 apenas \u201csobrevivendo\u201d ao dia.<\/p>\n\n\n\n<h2 class=\"wp-block-heading\" id=\"h-a-psicologia-por-tras-da-vida-real-a-depressao-e-no-dia-a-dia\">A Psicologia por Tr\u00e1s da Vida Real: A Depress\u00e3o \u00e9 no Dia a Dia *<\/h2>\n\n\n\n<p>Imagine carregar uma mochila invis\u00edvel, mas extremamente pesada, todos os dias. \u00c9 assim que muitas pessoas descrevem viver com <strong>depress\u00e3o<\/strong>. Ela pode influenciar desde pequenas tarefas, como preparar o caf\u00e9 da manh\u00e3, at\u00e9 grandes decis\u00f5es, como mudar de carreira.<br>Do mesmo modo, pode fazer com que intera\u00e7\u00f5es sociais se tornem desgastantes, levando ao isolamento. Pequenos gestos de afeto ou compreens\u00e3o podem fazer diferen\u00e7a significativa.<\/p>\n\n\n\n<h2 class=\"wp-block-heading\" id=\"h-compreendendo-os-momentos-criticos-da-depressao-e\">Compreendendo os Momentos Cr\u00edticos da Depress\u00e3o \u00e9<\/h2>\n\n\n\n<p>Momentos cr\u00edticos podem surgir em per\u00edodos de estresse intenso, ap\u00f3s perdas significativas ou mesmo sem um motivo aparente. Nesses per\u00edodos, os sintomas se intensificam e podem dificultar ainda mais a realiza\u00e7\u00e3o de tarefas simples. Reconhecer esses momentos ajuda a buscar apoio mais cedo.<\/p>\n\n\n\n<h2 class=\"wp-block-heading\" id=\"h-o-que-desencadeia-a-depressao-e\">O Que Desencadeia a Depress\u00e3o \u00e9?<\/h2>\n\n\n\n<p>Entre os gatilhos mais comuns est\u00e3o fatores biol\u00f3gicos (altera\u00e7\u00f5es qu\u00edmicas no c\u00e9rebro), eventos traum\u00e1ticos, press\u00e3o constante e predisposi\u00e7\u00e3o gen\u00e9tica.<br>Al\u00e9m disso, influ\u00eancias externas, como ambientes hostis ou rela\u00e7\u00f5es abusivas, podem contribuir para o in\u00edcio ou agravamento do quadro.<\/p>\n\n\n\n<h2 class=\"wp-block-heading\" id=\"h-mitos-e-verdades-sobre-solucoes-para-a-depressao-e\">Mitos e Verdades sobre Solu\u00e7\u00f5es para a Depress\u00e3o \u00e9<\/h2>\n\n\n\n<p>Um mito comum \u00e9 que \u201cbasta ter for\u00e7a de vontade\u201d para superar a <strong>depress\u00e3o<\/strong>. Na realidade, ela \u00e9 uma condi\u00e7\u00e3o multifacetada, que exige compreens\u00e3o e, muitas vezes, apoio profissional.<br>\u00c9 verdade que h\u00e1bitos saud\u00e1veis, v\u00ednculos sociais e atividades prazerosas ajudam, mas n\u00e3o substituem a necessidade de avalia\u00e7\u00e3o adequada quando necess\u00e1rio.<\/p>\n\n\n\n<h2 class=\"wp-block-heading\" id=\"h-como-lidar-com-a-depressao-e-no-dia-a-dia\">Como Lidar com a Depress\u00e3o \u00e9 no Dia a Dia<\/h2>\n\n\n\n<ul class=\"wp-block-list\">\n<li>Manter uma rotina estruturada, mesmo que simples.<\/li>\n\n\n\n<li>Buscar atividades que tragam bem-estar, como caminhar ou ouvir m\u00fasica.<\/li>\n\n\n\n<li>Evitar o isolamento total, mantendo contato com pessoas de confian\u00e7a.<\/li>\n\n\n\n<li>Anotar pensamentos e emo\u00e7\u00f5es para compreender padr\u00f5es.<\/li>\n<\/ul>\n\n\n\n<h2 class=\"wp-block-heading\" id=\"h-a-depressao-e-no-corpo-e-na-mente-manifestacoes\">A Depress\u00e3o \u00e9 no Corpo e na Mente: Manifesta\u00e7\u00f5es<\/h2>\n\n\n\n<p>No corpo, pode se manifestar como dores musculares, problemas gastrointestinais e fadiga cr\u00f4nica. Na mente, envolve des\u00e2nimo, pessimismo e dificuldades de mem\u00f3ria. A conex\u00e3o entre corpo e mente \u00e9 intensa, tornando importante olhar para ambos os aspectos.<\/p>\n\n\n\n<h2 class=\"wp-block-heading\" id=\"h-depressao-e-reativa-uma-perspectiva-ampliada\">Depress\u00e3o \u00e9 Reativa: Uma Perspectiva Ampliada<\/h2>\n\n\n\n<p>A <strong>depress\u00e3o reativa<\/strong> surge ap\u00f3s eventos estressantes ou traum\u00e1ticos, como perda de emprego, t\u00e9rmino de relacionamento ou luto. Seus sintomas s\u00e3o semelhantes aos de outros tipos, mas o gatilho externo \u00e9 mais evidente.<\/p>\n\n\n\n<h2 class=\"wp-block-heading\" id=\"h-quem-busca-alivio-para-a-depressao-e\">Quem Busca Al\u00edvio para a Depress\u00e3o \u00e9?<\/h2>\n\n\n\n<p>Pessoas de todas as idades, g\u00eaneros e contextos podem buscar al\u00edvio para a <strong>depress\u00e3o<\/strong>. Pode ser um jovem que enfrenta press\u00e3o acad\u00eamica, um adulto lidando com sobrecarga profissional ou um idoso sentindo solid\u00e3o.<br>O ponto comum \u00e9 a busca por compreender o que est\u00e1 acontecendo e encontrar caminhos para o bem-estar.<\/p>\n\n\n\n<h3 class=\"wp-block-heading\" id=\"h-diferentes-abordagens-para-lidar-com-a-depressao-e\">Diferentes Abordagens para Lidar com a Depress\u00e3o \u00e9<\/h3>\n\n\n\n<p>Terapia, pr\u00e1ticas de autocuidado, atividades f\u00edsicas, t\u00e9cnicas de relaxamento e mudan\u00e7as de h\u00e1bitos est\u00e3o entre as abordagens poss\u00edveis. Cada pessoa pode encontrar estrat\u00e9gias que funcionem melhor para sua realidade.<\/p>\n\n\n\n<h3 class=\"wp-block-heading\" id=\"h-sinais-de-alerta-quando-buscar-ajuda-profissional\">Sinais de Alerta: Quando Buscar Ajuda Profissional<\/h3>\n\n\n\n<p>Quando h\u00e1 pensamentos autodestrutivos, perda total de interesse em viver ou preju\u00edzos graves na rotina, \u00e9 fundamental buscar ajuda de um profissional de sa\u00fade mental o quanto antes.<\/p>\n\n\n\n<h3 class=\"wp-block-heading\" id=\"h-recursos-e-informacoes-confiaveis-sobre-a-depressao-e\">Recursos e Informa\u00e7\u00f5es Confi\u00e1veis sobre a Depress\u00e3o \u00e9<\/h3>\n\n\n\n<p>Institui\u00e7\u00f5es como a Organiza\u00e7\u00e3o Mundial da Sa\u00fade (OMS) e associa\u00e7\u00f5es de psicologia oferecem informa\u00e7\u00f5es claras e baseadas em evid\u00eancias sobre <strong>depress\u00e3o<\/strong>.<\/p>\n\n\n\n<h3 class=\"wp-block-heading\" id=\"h-dicas-para-acao-imediata-em-momentos-de-depressao-e\">Dicas para A\u00e7\u00e3o Imediata em Momentos de Depress\u00e3o \u00e9<\/h3>\n\n\n\n<ul class=\"wp-block-list\">\n<li>Respirar profundamente por alguns minutos para reduzir a tens\u00e3o.<\/li>\n\n\n\n<li>Enviar uma mensagem para algu\u00e9m de confian\u00e7a.<\/li>\n\n\n\n<li>Fazer uma pequena atividade prazerosa, mesmo sem vontade inicial.<\/li>\n<\/ul>\n\n\n\n<h2 class=\"wp-block-heading\" id=\"h-conclusao\">Conclus\u00e3o<\/h2>\n\n\n\n<p>Em suma, compreender o que <strong>depress\u00e3o \u00e9<\/strong> significa olhar para al\u00e9m dos r\u00f3tulos e entender a complexidade dessa experi\u00eancia humana. Logo, reconhecer sinais, identificar gatilhos e buscar apoio s\u00e3o passos essenciais para enfrentar essa condi\u00e7\u00e3o com mais clareza e coragem. Se voc\u00ea se identifica com esses sinais, buscar informa\u00e7\u00e3o e apoio pode ser o primeiro passo para uma vida mais leve e equilibrada.<\/p>\n\n\n\n<p>* Essas narrativas s\u00e3o fict\u00edcias mas inspiradas em situa\u00e7\u00f5es comumente vivenciadas nos estudos e na cl\u00ednica psicol\u00f3gica.<\/p>\n\n\n\n<figure class=\"wp-block-image aligncenter size-large is-resized\"><img fetchpriority=\"high\" decoding=\"async\" width=\"1024\" height=\"683\" src=\"https:\/\/ianima.com.br\/blog\/wp-content\/uploads\/2025\/08\/2MM-331-1024x683.webp\" alt=\"Depress\u00e3o \u00e9: Um Guia Completo sobre Sinais, Causas e Caminhos\" class=\"wp-image-10051\" style=\"width:500px\" srcset=\"https:\/\/ianima.com.br\/blog\/wp-content\/uploads\/2025\/08\/2MM-331-1024x683.webp 1024w, https:\/\/ianima.com.br\/blog\/wp-content\/uploads\/2025\/08\/2MM-331-300x200.webp 300w, https:\/\/ianima.com.br\/blog\/wp-content\/uploads\/2025\/08\/2MM-331-768x512.webp 768w, https:\/\/ianima.com.br\/blog\/wp-content\/uploads\/2025\/08\/2MM-331.webp 1536w\" sizes=\"(max-width: 1024px) 100vw, 1024px\" \/><\/figure>\n\n\n\n<h2 class=\"wp-block-heading\" id=\"h-perguntas-frequentes-faq\">Perguntas Frequentes (FAQ)<\/h2>\n\n\n\n<div class=\"schema-faq wp-block-yoast-faq-block\"><div class=\"schema-faq-section\" id=\"faq-question-1755281165364\"><strong class=\"schema-faq-question\">O que \u00e9 depress\u00e3o?<\/strong> <p class=\"schema-faq-answer\">Depress\u00e3o \u00e9 um transtorno mental que afeta o humor, causando tristeza intensa e perda de interesse em atividades.<\/p> <\/div> <div class=\"schema-faq-section\" id=\"faq-question-1755281185335\"><strong class=\"schema-faq-question\">Quais s\u00e3o os sintomas da depress\u00e3o?<\/strong> <p class=\"schema-faq-answer\">Os sintomas incluem tristeza persistente, falta de energia, altera\u00e7\u00f5es no sono e apetite, al\u00e9m de dificuldade de concentra\u00e7\u00e3o.<\/p> <\/div> <div class=\"schema-faq-section\" id=\"faq-question-1755281206933\"><strong class=\"schema-faq-question\">Como tratar a depress\u00e3o?<\/strong> <p class=\"schema-faq-answer\">O tratamento pode envolver terapia, medica\u00e7\u00e3o e mudan\u00e7as no estilo de vida, como exerc\u00edcios e alimenta\u00e7\u00e3o saud\u00e1vel.<\/p> <\/div> <\/div>\n\n\n\n<ul class=\"wp-block-yoast-seo-related-links\"><li><a href=\"https:\/\/ianima.com.br\/blog\/saude-mental\/quais-os-sintomas-de-depressao-um-guia-completo\/\">Quais os Sintomas de Depress\u00e3o: Um Guia Completo<\/a><\/li><li><a href=\"https:\/\/ianima.com.br\/blog\/saude-mental\/depressao-e-causas-fatores-mais-importantes\/\">Depress\u00e3o e Causas: Fatores Mais Importantes<\/a><\/li><li><a href=\"https:\/\/ianima.com.br\/blog\/saude-mental\/como-ajuda-pessoas-com-depressao-sinais-causas-e-caminhos\/\">Como Ajuda Pessoas com Depress\u00e3o: Sinais, Causas e Caminhos<\/a><\/li><li><a href=\"https:\/\/ianima.com.br\/blog\/saude-mental\/como-saber-que-voce-esta-com-depressao\/\">Como Saber que Voc\u00ea Est\u00e1 com Depress\u00e3o<\/a><\/li><li><a href=\"https:\/\/ianima.com.br\/blog\/saude-mental\/quais-sintomas-da-depressao-um-guia-completo\/\">Quais Sintomas da Depress\u00e3o: Um Guia Completo<\/a><\/li><\/ul>\n","protected":false},"excerpt":{"rendered":"<p>Antes de tudo, compreender o que depress\u00e3o \u00e9 vai muito al\u00e9m de conhecer um nome ou um diagn\u00f3stico. Trata-se de entender uma condi\u00e7\u00e3o que afeta emo\u00e7\u00f5es, pensamentos, comportamentos e at\u00e9 a sa\u00fade f\u00edsica. A princ\u00edpio, pode se manifestar de forma silenciosa ou com sinais claros, interferindo na rotina e na qualidade de vida. Primeiramente, vale [&hellip;]<\/p>\n","protected":false},"author":1,"featured_media":10050,"comment_status":"closed","ping_status":"closed","sticky":false,"template":"","format":"standard","meta":{"site-sidebar-layout":"default","site-content-layout":"","ast-site-content-layout":"default","site-content-style":"default","site-sidebar-style":"default","ast-global-header-display":"","ast-banner-title-visibility":"","ast-main-header-display":"","ast-hfb-above-header-display":"","ast-hfb-below-header-display":"","ast-hfb-mobile-header-display":"","site-post-title":"","ast-breadcrumbs-content":"","ast-featured-img":"","footer-sml-layout":"","theme-transparent-header-meta":"","adv-header-id-meta":"","stick-header-meta":"","header-above-stick-meta":"","header-main-stick-meta":"","header-below-stick-meta":"","astra-migrate-meta-layouts":"set","ast-page-background-enabled":"default","ast-page-background-meta":{"desktop":{"background-color":"","background-image":"","background-repeat":"repeat","background-position":"center center","background-size":"auto","background-attachment":"scroll","background-type":"","background-media":"","overlay-type":"","overlay-color":"","overlay-opacity":"","overlay-gradient":""},"tablet":{"background-color":"","background-image":"","background-repeat":"repeat","background-position":"center center","background-size":"auto","background-attachment":"scroll","background-type":"","background-media":"","overlay-type":"","overlay-color":"","overlay-opacity":"","overlay-gradient":""},"mobile":{"background-color":"","background-image":"","background-repeat":"repeat","background-position":"center center","background-size":"auto","background-attachment":"scroll","background-type":"","background-media":"","overlay-type":"","overlay-color":"","overlay-opacity":"","overlay-gradient":""}},"ast-content-background-meta":{"desktop":{"background-color":"var(--ast-global-color-5)","background-image":"","background-repeat":"repeat","background-position":"center center","background-size":"auto","background-attachment":"scroll","background-type":"","background-media":"","overlay-type":"","overlay-color":"","overlay-opacity":"","overlay-gradient":""},"tablet":{"background-color":"var(--ast-global-color-5)","background-image":"","background-repeat":"repeat","background-position":"center center","background-size":"auto","background-attachment":"scroll","background-type":"","background-media":"","overlay-type":"","overlay-color":"","overlay-opacity":"","overlay-gradient":""},"mobile":{"background-color":"var(--ast-global-color-5)","background-image":"","background-repeat":"repeat","background-position":"center center","background-size":"auto","background-attachment":"scroll","background-type":"","background-media":"","overlay-type":"","overlay-color":"","overlay-opacity":"","overlay-gradient":""}},"footnotes":""},"categories":[24],"tags":[],"class_list":["post-10048","post","type-post","status-publish","format-standard","has-post-thumbnail","hentry","category-saude-mental"],"yoast_head":"<!-- This site is optimized with the Yoast SEO Premium plugin v20.8 (Yoast SEO v20.8) - https:\/\/yoast.com\/wordpress\/plugins\/seo\/ -->\n<title>Depress\u00e3o \u00e9: Um Guia Completo sobre Sinais, Causas e Caminhos<\/title>\n<meta name=\"description\" content=\"Descubra os sinais ocultos da depress\u00e3o e os caminhos para a recupera\u00e7\u00e3o! Este guia completo pode mudar sua vida. N\u00e3o perca!\" \/>\n<meta name=\"robots\" content=\"index, follow, max-snippet:-1, max-image-preview:large, max-video-preview:-1\" \/>\n<link rel=\"canonical\" href=\"https:\/\/ianima.com.br\/blog\/saude-mental\/depressao-e-um-guia-completo-sobre-sinais-causas-e-caminhos\/\" \/>\n<meta property=\"og:locale\" content=\"pt_BR\" \/>\n<meta property=\"og:type\" content=\"article\" \/>\n<meta property=\"og:title\" content=\"Depress\u00e3o \u00e9: Um Guia Completo sobre Sinais, Causas e Caminhos\" \/>\n<meta property=\"og:description\" content=\"Descubra os sinais ocultos da depress\u00e3o e os caminhos para a recupera\u00e7\u00e3o! Este guia completo pode mudar sua vida. N\u00e3o perca!\" \/>\n<meta property=\"og:url\" content=\"https:\/\/ianima.com.br\/blog\/saude-mental\/depressao-e-um-guia-completo-sobre-sinais-causas-e-caminhos\/\" \/>\n<meta property=\"og:site_name\" content=\"Terapia Online com IANIMA: Inova\u00e7\u00e3o e Aconselhamento. O terapeuta online ao seu alcance.\" \/>\n<meta property=\"article:published_time\" content=\"2025-08-15T18:08:34+00:00\" \/>\n<meta property=\"article:modified_time\" content=\"2025-08-15T18:08:35+00:00\" \/>\n<meta property=\"og:image\" content=\"https:\/\/ianima.com.br\/blog\/wp-content\/uploads\/2025\/08\/1MM-331.webp\" \/>\n\t<meta property=\"og:image:width\" content=\"1536\" \/>\n\t<meta property=\"og:image:height\" content=\"1024\" \/>\n\t<meta property=\"og:image:type\" content=\"image\/webp\" \/>\n<meta name=\"author\" content=\"Wanderlei Talib\" \/>\n<meta name=\"twitter:card\" content=\"summary_large_image\" \/>\n<meta name=\"twitter:label1\" content=\"Escrito por\" \/>\n\t<meta name=\"twitter:data1\" content=\"Wanderlei Talib\" \/>\n\t<meta name=\"twitter:label2\" content=\"Est. tempo de leitura\" \/>\n\t<meta name=\"twitter:data2\" content=\"6 minutos\" \/>\n<script type=\"application\/ld+json\" class=\"yoast-schema-graph\">{\"@context\":\"https:\/\/schema.org\",\"@graph\":[{\"@type\":\"Article\",\"@id\":\"https:\/\/ianima.com.br\/blog\/saude-mental\/depressao-e-um-guia-completo-sobre-sinais-causas-e-caminhos\/#article\",\"isPartOf\":{\"@id\":\"https:\/\/ianima.com.br\/blog\/saude-mental\/depressao-e-um-guia-completo-sobre-sinais-causas-e-caminhos\/\"},\"author\":{\"name\":\"Wanderlei Talib\",\"@id\":\"https:\/\/ianima.com.br\/blog\/#\/schema\/person\/85378d6a819826ce615ae2a7a04f68d8\"},\"headline\":\"Depress\u00e3o \u00e9: Um Guia Completo sobre Sinais, Causas e Caminhos\",\"datePublished\":\"2025-08-15T18:08:34+00:00\",\"dateModified\":\"2025-08-15T18:08:35+00:00\",\"mainEntityOfPage\":{\"@id\":\"https:\/\/ianima.com.br\/blog\/saude-mental\/depressao-e-um-guia-completo-sobre-sinais-causas-e-caminhos\/\"},\"wordCount\":1029,\"publisher\":{\"@id\":\"https:\/\/ianima.com.br\/blog\/#organization\"},\"articleSection\":[\"Sa\u00fade Mental\"],\"inLanguage\":\"pt-BR\"},{\"@type\":[\"WebPage\",\"FAQPage\"],\"@id\":\"https:\/\/ianima.com.br\/blog\/saude-mental\/depressao-e-um-guia-completo-sobre-sinais-causas-e-caminhos\/\",\"url\":\"https:\/\/ianima.com.br\/blog\/saude-mental\/depressao-e-um-guia-completo-sobre-sinais-causas-e-caminhos\/\",\"name\":\"Depress\u00e3o \u00e9: Um Guia Completo sobre Sinais, Causas e Caminhos\",\"isPartOf\":{\"@id\":\"https:\/\/ianima.com.br\/blog\/#website\"},\"datePublished\":\"2025-08-15T18:08:34+00:00\",\"dateModified\":\"2025-08-15T18:08:35+00:00\",\"description\":\"Descubra os sinais ocultos da depress\u00e3o e os caminhos para a recupera\u00e7\u00e3o! Este guia completo pode mudar sua vida. N\u00e3o perca!\",\"breadcrumb\":{\"@id\":\"https:\/\/ianima.com.br\/blog\/saude-mental\/depressao-e-um-guia-completo-sobre-sinais-causas-e-caminhos\/#breadcrumb\"},\"mainEntity\":[{\"@id\":\"https:\/\/ianima.com.br\/blog\/saude-mental\/depressao-e-um-guia-completo-sobre-sinais-causas-e-caminhos\/#faq-question-1755281165364\"},{\"@id\":\"https:\/\/ianima.com.br\/blog\/saude-mental\/depressao-e-um-guia-completo-sobre-sinais-causas-e-caminhos\/#faq-question-1755281185335\"},{\"@id\":\"https:\/\/ianima.com.br\/blog\/saude-mental\/depressao-e-um-guia-completo-sobre-sinais-causas-e-caminhos\/#faq-question-1755281206933\"}],\"inLanguage\":\"pt-BR\",\"potentialAction\":[{\"@type\":\"ReadAction\",\"target\":[\"https:\/\/ianima.com.br\/blog\/saude-mental\/depressao-e-um-guia-completo-sobre-sinais-causas-e-caminhos\/\"]}]},{\"@type\":\"BreadcrumbList\",\"@id\":\"https:\/\/ianima.com.br\/blog\/saude-mental\/depressao-e-um-guia-completo-sobre-sinais-causas-e-caminhos\/#breadcrumb\",\"itemListElement\":[{\"@type\":\"ListItem\",\"position\":1,\"name\":\"In\u00edcio\",\"item\":\"https:\/\/ianima.com.br\/blog\/\"},{\"@type\":\"ListItem\",\"position\":2,\"name\":\"Depress\u00e3o \u00e9: Um Guia Completo sobre Sinais, Causas e Caminhos\"}]},{\"@type\":\"WebSite\",\"@id\":\"https:\/\/ianima.com.br\/blog\/#website\",\"url\":\"https:\/\/ianima.com.br\/blog\/\",\"name\":\"Terapia Online com IANIMA: Inova\u00e7\u00e3o e Aconselhamento. O terapeuta online ao seu alcance.\",\"description\":\"Terapia gratuita online com a IAnima, sua terapeuta online. Artigos sobre terapias online, sa\u00fade mental e bem-estar.\",\"publisher\":{\"@id\":\"https:\/\/ianima.com.br\/blog\/#organization\"},\"potentialAction\":[{\"@type\":\"SearchAction\",\"target\":{\"@type\":\"EntryPoint\",\"urlTemplate\":\"https:\/\/ianima.com.br\/blog\/?s={search_term_string}\"},\"query-input\":\"required name=search_term_string\"}],\"inLanguage\":\"pt-BR\"},{\"@type\":\"Organization\",\"@id\":\"https:\/\/ianima.com.br\/blog\/#organization\",\"name\":\"Terapia Online com IANIMA: Inova\u00e7\u00e3o e Aconselhamento. O terapeuta online ao seu alcance.\",\"url\":\"https:\/\/ianima.com.br\/blog\/\",\"logo\":{\"@type\":\"ImageObject\",\"inLanguage\":\"pt-BR\",\"@id\":\"https:\/\/ianima.com.br\/blog\/#\/schema\/logo\/image\/\",\"url\":\"https:\/\/ianima.com.br\/blog\/wp-content\/uploads\/2025\/04\/cropped-IAnima-terapia-online.webp\",\"contentUrl\":\"https:\/\/ianima.com.br\/blog\/wp-content\/uploads\/2025\/04\/cropped-IAnima-terapia-online.webp\",\"width\":819,\"height\":222,\"caption\":\"Terapia Online com IANIMA: Inova\u00e7\u00e3o e Aconselhamento. O terapeuta online ao seu alcance.\"},\"image\":{\"@id\":\"https:\/\/ianima.com.br\/blog\/#\/schema\/logo\/image\/\"}},{\"@type\":\"Person\",\"@id\":\"https:\/\/ianima.com.br\/blog\/#\/schema\/person\/85378d6a819826ce615ae2a7a04f68d8\",\"name\":\"Wanderlei Talib\",\"image\":{\"@type\":\"ImageObject\",\"inLanguage\":\"pt-BR\",\"@id\":\"https:\/\/ianima.com.br\/blog\/#\/schema\/person\/image\/\",\"url\":\"https:\/\/ianima.com.br\/blog\/wp-content\/litespeed\/avatar\/a0461c2b338365ab5dd45a3e926e23c7.jpg?ver=1777055969\",\"contentUrl\":\"https:\/\/ianima.com.br\/blog\/wp-content\/litespeed\/avatar\/a0461c2b338365ab5dd45a3e926e23c7.jpg?ver=1777055969\",\"caption\":\"Wanderlei Talib\"},\"sameAs\":[\"https:\/\/ianima.com.br\/blog\"],\"url\":\"https:\/\/ianima.com.br\/blog\/author\/adminedu\/\"},{\"@type\":\"Question\",\"@id\":\"https:\/\/ianima.com.br\/blog\/saude-mental\/depressao-e-um-guia-completo-sobre-sinais-causas-e-caminhos\/#faq-question-1755281165364\",\"position\":1,\"url\":\"https:\/\/ianima.com.br\/blog\/saude-mental\/depressao-e-um-guia-completo-sobre-sinais-causas-e-caminhos\/#faq-question-1755281165364\",\"name\":\"O que \u00e9 depress\u00e3o?\",\"answerCount\":1,\"acceptedAnswer\":{\"@type\":\"Answer\",\"text\":\"Depress\u00e3o \u00e9 um transtorno mental que afeta o humor, causando tristeza intensa e perda de interesse em atividades.\",\"inLanguage\":\"pt-BR\"},\"inLanguage\":\"pt-BR\"},{\"@type\":\"Question\",\"@id\":\"https:\/\/ianima.com.br\/blog\/saude-mental\/depressao-e-um-guia-completo-sobre-sinais-causas-e-caminhos\/#faq-question-1755281185335\",\"position\":2,\"url\":\"https:\/\/ianima.com.br\/blog\/saude-mental\/depressao-e-um-guia-completo-sobre-sinais-causas-e-caminhos\/#faq-question-1755281185335\",\"name\":\"Quais s\u00e3o os sintomas da depress\u00e3o?\",\"answerCount\":1,\"acceptedAnswer\":{\"@type\":\"Answer\",\"text\":\"Os sintomas incluem tristeza persistente, falta de energia, altera\u00e7\u00f5es no sono e apetite, al\u00e9m de dificuldade de concentra\u00e7\u00e3o.\",\"inLanguage\":\"pt-BR\"},\"inLanguage\":\"pt-BR\"},{\"@type\":\"Question\",\"@id\":\"https:\/\/ianima.com.br\/blog\/saude-mental\/depressao-e-um-guia-completo-sobre-sinais-causas-e-caminhos\/#faq-question-1755281206933\",\"position\":3,\"url\":\"https:\/\/ianima.com.br\/blog\/saude-mental\/depressao-e-um-guia-completo-sobre-sinais-causas-e-caminhos\/#faq-question-1755281206933\",\"name\":\"Como tratar a depress\u00e3o?\",\"answerCount\":1,\"acceptedAnswer\":{\"@type\":\"Answer\",\"text\":\"O tratamento pode envolver terapia, medica\u00e7\u00e3o e mudan\u00e7as no estilo de vida, como exerc\u00edcios e alimenta\u00e7\u00e3o saud\u00e1vel.\",\"inLanguage\":\"pt-BR\"},\"inLanguage\":\"pt-BR\"}]}<\/script>\n<!-- \/ Yoast SEO Premium plugin. -->","yoast_head_json":{"title":"Depress\u00e3o \u00e9: Um Guia Completo sobre Sinais, Causas e Caminhos","description":"Descubra os sinais ocultos da depress\u00e3o e os caminhos para a recupera\u00e7\u00e3o! Este guia completo pode mudar sua vida. N\u00e3o perca!","robots":{"index":"index","follow":"follow","max-snippet":"max-snippet:-1","max-image-preview":"max-image-preview:large","max-video-preview":"max-video-preview:-1"},"canonical":"https:\/\/ianima.com.br\/blog\/saude-mental\/depressao-e-um-guia-completo-sobre-sinais-causas-e-caminhos\/","og_locale":"pt_BR","og_type":"article","og_title":"Depress\u00e3o \u00e9: Um Guia Completo sobre Sinais, Causas e Caminhos","og_description":"Descubra os sinais ocultos da depress\u00e3o e os caminhos para a recupera\u00e7\u00e3o! Este guia completo pode mudar sua vida. N\u00e3o perca!","og_url":"https:\/\/ianima.com.br\/blog\/saude-mental\/depressao-e-um-guia-completo-sobre-sinais-causas-e-caminhos\/","og_site_name":"Terapia Online com IANIMA: Inova\u00e7\u00e3o e Aconselhamento. O terapeuta online ao seu alcance.","article_published_time":"2025-08-15T18:08:34+00:00","article_modified_time":"2025-08-15T18:08:35+00:00","og_image":[{"width":1536,"height":1024,"url":"https:\/\/ianima.com.br\/blog\/wp-content\/uploads\/2025\/08\/1MM-331.webp","type":"image\/webp"}],"author":"Wanderlei Talib","twitter_card":"summary_large_image","twitter_misc":{"Escrito por":"Wanderlei Talib","Est. tempo de leitura":"6 minutos"},"schema":{"@context":"https:\/\/schema.org","@graph":[{"@type":"Article","@id":"https:\/\/ianima.com.br\/blog\/saude-mental\/depressao-e-um-guia-completo-sobre-sinais-causas-e-caminhos\/#article","isPartOf":{"@id":"https:\/\/ianima.com.br\/blog\/saude-mental\/depressao-e-um-guia-completo-sobre-sinais-causas-e-caminhos\/"},"author":{"name":"Wanderlei Talib","@id":"https:\/\/ianima.com.br\/blog\/#\/schema\/person\/85378d6a819826ce615ae2a7a04f68d8"},"headline":"Depress\u00e3o \u00e9: Um Guia Completo sobre Sinais, Causas e Caminhos","datePublished":"2025-08-15T18:08:34+00:00","dateModified":"2025-08-15T18:08:35+00:00","mainEntityOfPage":{"@id":"https:\/\/ianima.com.br\/blog\/saude-mental\/depressao-e-um-guia-completo-sobre-sinais-causas-e-caminhos\/"},"wordCount":1029,"publisher":{"@id":"https:\/\/ianima.com.br\/blog\/#organization"},"articleSection":["Sa\u00fade Mental"],"inLanguage":"pt-BR"},{"@type":["WebPage","FAQPage"],"@id":"https:\/\/ianima.com.br\/blog\/saude-mental\/depressao-e-um-guia-completo-sobre-sinais-causas-e-caminhos\/","url":"https:\/\/ianima.com.br\/blog\/saude-mental\/depressao-e-um-guia-completo-sobre-sinais-causas-e-caminhos\/","name":"Depress\u00e3o \u00e9: Um Guia Completo sobre Sinais, Causas e Caminhos","isPartOf":{"@id":"https:\/\/ianima.com.br\/blog\/#website"},"datePublished":"2025-08-15T18:08:34+00:00","dateModified":"2025-08-15T18:08:35+00:00","description":"Descubra os sinais ocultos da depress\u00e3o e os caminhos para a recupera\u00e7\u00e3o! Este guia completo pode mudar sua vida. N\u00e3o perca!","breadcrumb":{"@id":"https:\/\/ianima.com.br\/blog\/saude-mental\/depressao-e-um-guia-completo-sobre-sinais-causas-e-caminhos\/#breadcrumb"},"mainEntity":[{"@id":"https:\/\/ianima.com.br\/blog\/saude-mental\/depressao-e-um-guia-completo-sobre-sinais-causas-e-caminhos\/#faq-question-1755281165364"},{"@id":"https:\/\/ianima.com.br\/blog\/saude-mental\/depressao-e-um-guia-completo-sobre-sinais-causas-e-caminhos\/#faq-question-1755281185335"},{"@id":"https:\/\/ianima.com.br\/blog\/saude-mental\/depressao-e-um-guia-completo-sobre-sinais-causas-e-caminhos\/#faq-question-1755281206933"}],"inLanguage":"pt-BR","potentialAction":[{"@type":"ReadAction","target":["https:\/\/ianima.com.br\/blog\/saude-mental\/depressao-e-um-guia-completo-sobre-sinais-causas-e-caminhos\/"]}]},{"@type":"BreadcrumbList","@id":"https:\/\/ianima.com.br\/blog\/saude-mental\/depressao-e-um-guia-completo-sobre-sinais-causas-e-caminhos\/#breadcrumb","itemListElement":[{"@type":"ListItem","position":1,"name":"In\u00edcio","item":"https:\/\/ianima.com.br\/blog\/"},{"@type":"ListItem","position":2,"name":"Depress\u00e3o \u00e9: Um Guia Completo sobre Sinais, Causas e Caminhos"}]},{"@type":"WebSite","@id":"https:\/\/ianima.com.br\/blog\/#website","url":"https:\/\/ianima.com.br\/blog\/","name":"Terapia Online com IANIMA: Inova\u00e7\u00e3o e Aconselhamento. O terapeuta online ao seu alcance.","description":"Terapia gratuita online com a IAnima, sua terapeuta online. Artigos sobre terapias online, sa\u00fade mental e bem-estar.","publisher":{"@id":"https:\/\/ianima.com.br\/blog\/#organization"},"potentialAction":[{"@type":"SearchAction","target":{"@type":"EntryPoint","urlTemplate":"https:\/\/ianima.com.br\/blog\/?s={search_term_string}"},"query-input":"required name=search_term_string"}],"inLanguage":"pt-BR"},{"@type":"Organization","@id":"https:\/\/ianima.com.br\/blog\/#organization","name":"Terapia Online com IANIMA: Inova\u00e7\u00e3o e Aconselhamento. O terapeuta online ao seu alcance.","url":"https:\/\/ianima.com.br\/blog\/","logo":{"@type":"ImageObject","inLanguage":"pt-BR","@id":"https:\/\/ianima.com.br\/blog\/#\/schema\/logo\/image\/","url":"https:\/\/ianima.com.br\/blog\/wp-content\/uploads\/2025\/04\/cropped-IAnima-terapia-online.webp","contentUrl":"https:\/\/ianima.com.br\/blog\/wp-content\/uploads\/2025\/04\/cropped-IAnima-terapia-online.webp","width":819,"height":222,"caption":"Terapia Online com IANIMA: Inova\u00e7\u00e3o e Aconselhamento. O terapeuta online ao seu alcance."},"image":{"@id":"https:\/\/ianima.com.br\/blog\/#\/schema\/logo\/image\/"}},{"@type":"Person","@id":"https:\/\/ianima.com.br\/blog\/#\/schema\/person\/85378d6a819826ce615ae2a7a04f68d8","name":"Wanderlei Talib","image":{"@type":"ImageObject","inLanguage":"pt-BR","@id":"https:\/\/ianima.com.br\/blog\/#\/schema\/person\/image\/","url":"https:\/\/ianima.com.br\/blog\/wp-content\/litespeed\/avatar\/a0461c2b338365ab5dd45a3e926e23c7.jpg?ver=1777055969","contentUrl":"https:\/\/ianima.com.br\/blog\/wp-content\/litespeed\/avatar\/a0461c2b338365ab5dd45a3e926e23c7.jpg?ver=1777055969","caption":"Wanderlei Talib"},"sameAs":["https:\/\/ianima.com.br\/blog"],"url":"https:\/\/ianima.com.br\/blog\/author\/adminedu\/"},{"@type":"Question","@id":"https:\/\/ianima.com.br\/blog\/saude-mental\/depressao-e-um-guia-completo-sobre-sinais-causas-e-caminhos\/#faq-question-1755281165364","position":1,"url":"https:\/\/ianima.com.br\/blog\/saude-mental\/depressao-e-um-guia-completo-sobre-sinais-causas-e-caminhos\/#faq-question-1755281165364","name":"O que \u00e9 depress\u00e3o?","answerCount":1,"acceptedAnswer":{"@type":"Answer","text":"Depress\u00e3o \u00e9 um transtorno mental que afeta o humor, causando tristeza intensa e perda de interesse em atividades.","inLanguage":"pt-BR"},"inLanguage":"pt-BR"},{"@type":"Question","@id":"https:\/\/ianima.com.br\/blog\/saude-mental\/depressao-e-um-guia-completo-sobre-sinais-causas-e-caminhos\/#faq-question-1755281185335","position":2,"url":"https:\/\/ianima.com.br\/blog\/saude-mental\/depressao-e-um-guia-completo-sobre-sinais-causas-e-caminhos\/#faq-question-1755281185335","name":"Quais s\u00e3o os sintomas da depress\u00e3o?","answerCount":1,"acceptedAnswer":{"@type":"Answer","text":"Os sintomas incluem tristeza persistente, falta de energia, altera\u00e7\u00f5es no sono e apetite, al\u00e9m de dificuldade de concentra\u00e7\u00e3o.","inLanguage":"pt-BR"},"inLanguage":"pt-BR"},{"@type":"Question","@id":"https:\/\/ianima.com.br\/blog\/saude-mental\/depressao-e-um-guia-completo-sobre-sinais-causas-e-caminhos\/#faq-question-1755281206933","position":3,"url":"https:\/\/ianima.com.br\/blog\/saude-mental\/depressao-e-um-guia-completo-sobre-sinais-causas-e-caminhos\/#faq-question-1755281206933","name":"Como tratar a depress\u00e3o?","answerCount":1,"acceptedAnswer":{"@type":"Answer","text":"O tratamento pode envolver terapia, medica\u00e7\u00e3o e mudan\u00e7as no estilo de vida, como exerc\u00edcios e alimenta\u00e7\u00e3o saud\u00e1vel.","inLanguage":"pt-BR"},"inLanguage":"pt-BR"}]}},"_links":{"self":[{"href":"https:\/\/ianima.com.br\/blog\/wp-json\/wp\/v2\/posts\/10048","targetHints":{"allow":["GET"]}}],"collection":[{"href":"https:\/\/ianima.com.br\/blog\/wp-json\/wp\/v2\/posts"}],"about":[{"href":"https:\/\/ianima.com.br\/blog\/wp-json\/wp\/v2\/types\/post"}],"author":[{"embeddable":true,"href":"https:\/\/ianima.com.br\/blog\/wp-json\/wp\/v2\/users\/1"}],"replies":[{"embeddable":true,"href":"https:\/\/ianima.com.br\/blog\/wp-json\/wp\/v2\/comments?post=10048"}],"version-history":[{"count":1,"href":"https:\/\/ianima.com.br\/blog\/wp-json\/wp\/v2\/posts\/10048\/revisions"}],"predecessor-version":[{"id":10052,"href":"https:\/\/ianima.com.br\/blog\/wp-json\/wp\/v2\/posts\/10048\/revisions\/10052"}],"wp:featuredmedia":[{"embeddable":true,"href":"https:\/\/ianima.com.br\/blog\/wp-json\/wp\/v2\/media\/10050"}],"wp:attachment":[{"href":"https:\/\/ianima.com.br\/blog\/wp-json\/wp\/v2\/media?parent=10048"}],"wp:term":[{"taxonomy":"category","embeddable":true,"href":"https:\/\/ianima.com.br\/blog\/wp-json\/wp\/v2\/categories?post=10048"},{"taxonomy":"post_tag","embeddable":true,"href":"https:\/\/ianima.com.br\/blog\/wp-json\/wp\/v2\/tags?post=10048"}],"curies":[{"name":"wp","href":"https:\/\/api.w.org\/{rel}","templated":true}]}}