{"id":10514,"date":"2025-08-18T16:20:47","date_gmt":"2025-08-18T16:20:47","guid":{"rendered":"https:\/\/ianima.com.br\/blog\/?p=10514"},"modified":"2025-08-18T16:20:48","modified_gmt":"2025-08-18T16:20:48","slug":"tratamento-da-depressao-um-guia-completo","status":"publish","type":"post","link":"https:\/\/ianima.com.br\/blog\/saude-mental\/tratamento-da-depressao-um-guia-completo\/","title":{"rendered":"Tratamento da Depress\u00e3o: Um Guia Completo"},"content":{"rendered":"\n<h2 class=\"wp-block-heading\" id=\"h-os-sinais-e-sintomas-da-depressao\">Os Sinais e Sintomas da Depress\u00e3o<\/h2>\n\n\n\n<p>A <strong>depress\u00e3o<\/strong> pode se manifestar de formas variadas e nem sempre \u00f3bvias. Entre os sinais mais comuns est\u00e3o a tristeza persistente, a perda de interesse em atividades antes prazerosas, altera\u00e7\u00f5es no sono e no apetite. Al\u00e9m disso, muitos relatam dificuldade de concentra\u00e7\u00e3o, sensa\u00e7\u00e3o de vazio e baixa energia. Bem como, sintomas f\u00edsicos como dores de cabe\u00e7a, fadiga constante e tens\u00e3o muscular podem estar presentes. Do mesmo modo, sentimentos de desesperan\u00e7a e pensamentos autocr\u00edticos tamb\u00e9m se destacam. \u00c9 importante ressaltar que os sintomas podem variar em intensidade e dura\u00e7\u00e3o, impactando diretamente o cotidiano.<\/p>\n\n\n\n<h2 class=\"wp-block-heading\" id=\"h-a-psicologia-por-tras-da-vida-real-o-tratamento-da-depressao-no-dia-a-dia\">A Psicologia por Tr\u00e1s da Vida Real: O Tratamento da Depress\u00e3o no Dia a Dia *<\/h2>\n\n\n\n<p>Imagine uma pessoa que sempre gostou de jardinagem, mas agora observa as plantas murcharem sem conseguir cuidar delas. Essa met\u00e1fora representa como a <strong>depress\u00e3o<\/strong> pode impactar a\u00e7\u00f5es simples, drenando motiva\u00e7\u00e3o e energia. Em outro cen\u00e1rio, algu\u00e9m que sempre foi participativo em encontros sociais passa a recusar convites, isolando-se cada vez mais. Esses exemplos cotidianos mostram como a condi\u00e7\u00e3o afeta n\u00e3o apenas pensamentos e sentimentos, mas tamb\u00e9m relacionamentos, desempenho profissional e bem-estar geral. Reconhecer esses sinais \u00e9 um passo crucial para compreender a import\u00e2ncia do <strong>tratamento da depress\u00e3o<\/strong>.<\/p>\n\n\n\n<h2 class=\"wp-block-heading\" id=\"h-compreendendo-os-momentos-criticos-da-depressao\">Compreendendo os Momentos Cr\u00edticos da Depress\u00e3o<\/h2>\n\n\n\n<p>Momentos cr\u00edticos podem surgir quando os sintomas ultrapassam a capacidade de enfrentamento da pessoa. A sensa\u00e7\u00e3o de vazio profundo, o aumento da irritabilidade ou a perda significativa de funcionalidade no trabalho e nas rela\u00e7\u00f5es s\u00e3o sinais de alerta. Diferenciar esses epis\u00f3dios de uma tristeza passageira \u00e9 essencial: enquanto emo\u00e7\u00f5es comuns tendem a melhorar com o tempo, a <strong>depress\u00e3o<\/strong> persiste e se intensifica sem apoio adequado.<\/p>\n\n\n\n<h2 class=\"wp-block-heading\" id=\"h-o-que-desencadeia-a-depressao\">O Que Desencadeia a Depress\u00e3o?<\/h2>\n\n\n\n<p>Diversos fatores podem contribuir para o surgimento da <strong>depress\u00e3o<\/strong>. Internamente, h\u00e1 predisposi\u00e7\u00f5es gen\u00e9ticas, altera\u00e7\u00f5es qu\u00edmicas no c\u00e9rebro e padr\u00f5es de pensamento negativos. Externamente, situa\u00e7\u00f5es como estresse prolongado, perdas afetivas, press\u00f5es profissionais e isolamento social funcionam como gatilhos. Por exemplo, a perda de um emprego ou o fim de um relacionamento pode desencadear sintomas mais intensos. Bem como, experi\u00eancias de trauma ou hist\u00f3rico familiar aumentam a vulnerabilidade.<\/p>\n\n\n\n<h2 class=\"wp-block-heading\" id=\"h-mitos-e-verdades-sobre-solucoes-para-a-depressao\">Mitos e Verdades sobre Solu\u00e7\u00f5es para a Depress\u00e3o<\/h2>\n\n\n\n<p>Um dos mitos mais comuns \u00e9 acreditar que a <strong>depress\u00e3o<\/strong> pode ser superada apenas com \u201cfor\u00e7a de vontade\u201d. Na realidade, trata-se de uma condi\u00e7\u00e3o complexa que envolve fatores biol\u00f3gicos, emocionais e sociais. Outro equ\u00edvoco \u00e9 pensar que apenas medicamentos resolvem o problema: embora importantes em muitos casos, outras abordagens tamb\u00e9m s\u00e3o eficazes. A verdade \u00e9 que o tratamento pode ser multidimensional, integrando diferentes estrat\u00e9gias. O mais relevante \u00e9 buscar acompanhamento adequado para cada situa\u00e7\u00e3o.<\/p>\n\n\n\n<h2 class=\"wp-block-heading\" id=\"h-como-lidar-com-a-depressao-no-dia-a-dia\">Como Lidar com a Depress\u00e3o no Dia a Dia<\/h2>\n\n\n\n<p>Existem pr\u00e1ticas que podem auxiliar no enfrentamento da <strong>depress\u00e3o<\/strong>. Criar pequenas rotinas, estabelecer metas alcan\u00e7\u00e1veis e manter contato com pessoas de confian\u00e7a s\u00e3o passos importantes. Al\u00e9m disso, exerc\u00edcios f\u00edsicos regulares, t\u00e9cnicas de respira\u00e7\u00e3o e momentos de lazer funcionam como aliados no processo de recupera\u00e7\u00e3o. Ainda que n\u00e3o substituam o tratamento, essas pr\u00e1ticas fortalecem o enfrentamento e ajudam a reduzir o impacto di\u00e1rio dos sintomas.<\/p>\n\n\n\n<h2 class=\"wp-block-heading\" id=\"h-a-depressao-no-corpo-e-na-mente-manifestacoes\">A Depress\u00e3o no Corpo e na Mente: Manifesta\u00e7\u00f5es<\/h2>\n\n\n\n<p>A <strong>depress\u00e3o<\/strong> n\u00e3o se restringe apenas \u00e0 mente. O corpo tamb\u00e9m apresenta sinais claros: dores musculares, altera\u00e7\u00f5es no sono, palpita\u00e7\u00f5es e cansa\u00e7o constante. J\u00e1 na esfera mental, destacam-se os pensamentos negativos recorrentes, dificuldade de concentra\u00e7\u00e3o e baixa autoestima. Essa intera\u00e7\u00e3o entre corpo e mente evidencia como a depress\u00e3o \u00e9 uma condi\u00e7\u00e3o integral, que precisa ser observada em todas as suas dimens\u00f5es.<\/p>\n\n\n\n<h2 class=\"wp-block-heading\" id=\"h-tratamento-da-depressao-uma-perspectiva-ampliada\">Tratamento da Depress\u00e3o: Uma Perspectiva Ampliada<\/h2>\n\n\n\n<p>O <strong>tratamento da depress\u00e3o<\/strong> envolve diferentes perspectivas e pode variar de pessoa para pessoa. Terapia psicol\u00f3gica, mudan\u00e7as no estilo de vida e, em alguns casos, uso de medica\u00e7\u00e3o fazem parte do conjunto de possibilidades. Al\u00e9m disso, pr\u00e1ticas de autocuidado e integra\u00e7\u00e3o em grupos de apoio tamb\u00e9m s\u00e3o caminhos complementares. O mais importante \u00e9 compreender que h\u00e1 alternativas diversas, adaptadas \u00e0s necessidades de cada indiv\u00edduo.<\/p>\n\n\n\n<h2 class=\"wp-block-heading\" id=\"h-quem-busca-alivio-para-a-depressao\">Quem Busca Al\u00edvio para a Depress\u00e3o?<\/h2>\n\n\n\n<p>Pessoas em diferentes fases da vida podem enfrentar a <strong>depress\u00e3o<\/strong>. Jovens podem lidar com press\u00f5es acad\u00eamicas e sociais, enquanto adultos enfrentam desafios profissionais e familiares. J\u00e1 na maturidade, perdas e isolamento podem se tornar fatores cr\u00edticos. Em todos esses cen\u00e1rios, a busca por al\u00edvio surge da necessidade de retomar qualidade de vida, reconstruir v\u00ednculos e reencontrar sentido no cotidiano.<\/p>\n\n\n\n<h3 class=\"wp-block-heading\" id=\"h-diferentes-abordagens-para-lidar-com-a-depressao\">Diferentes Abordagens para Lidar com a Depress\u00e3o<\/h3>\n\n\n\n<ul class=\"wp-block-list\">\n<li>Psicoterapia em suas diversas modalidades<\/li>\n\n\n\n<li>Atividades f\u00edsicas e pr\u00e1ticas de relaxamento<\/li>\n\n\n\n<li>Mudan\u00e7as de h\u00e1bitos cotidianos<\/li>\n\n\n\n<li>Apoio social e comunit\u00e1rio<\/li>\n<\/ul>\n\n\n\n<h3 class=\"wp-block-heading\" id=\"h-sinais-de-alerta-quando-buscar-ajuda-profissional\">Sinais de Alerta: Quando Buscar Ajuda Profissional<\/h3>\n\n\n\n<p>Se os sintomas persistem por semanas, se h\u00e1 perda de funcionalidade significativa ou pensamentos de desesperan\u00e7a, \u00e9 essencial procurar ajuda. Esses sinais indicam que a <strong>depress\u00e3o<\/strong> pode estar em um n\u00edvel que exige acompanhamento profissional imediato.<\/p>\n\n\n\n<h3 class=\"wp-block-heading\" id=\"h-recursos-e-informacoes-confiaveis-sobre-a-depressao\">Recursos e Informa\u00e7\u00f5es Confi\u00e1veis sobre a Depress\u00e3o<\/h3>\n\n\n\n<p>Fontes confi\u00e1veis incluem institui\u00e7\u00f5es de sa\u00fade reconhecidas, associa\u00e7\u00f5es de psicologia e psiquiatria, al\u00e9m de materiais educativos de universidades e centros de pesquisa.<\/p>\n\n\n\n<h3 class=\"wp-block-heading\" id=\"h-dicas-para-acao-imediata-em-momentos-de-depressao\">Dicas para A\u00e7\u00e3o Imediata em Momentos de Depress\u00e3o<\/h3>\n\n\n\n<ul class=\"wp-block-list\">\n<li>Praticar exerc\u00edcios de respira\u00e7\u00e3o profunda<\/li>\n\n\n\n<li>Entrar em contato com algu\u00e9m de confian\u00e7a<\/li>\n\n\n\n<li>Escrever pensamentos em um di\u00e1rio<\/li>\n\n\n\n<li>Fazer uma breve caminhada ao ar livre<\/li>\n<\/ul>\n\n\n\n<h2 class=\"wp-block-heading\" id=\"h-conclusao\">Conclus\u00e3o<\/h2>\n\n\n\n<p>Em suma, compreender o <strong>tratamento da depress\u00e3o<\/strong> \u00e9 abrir espa\u00e7o para novas possibilidades de enfrentamento e recupera\u00e7\u00e3o. Reconhecer sintomas, identificar momentos cr\u00edticos e buscar apoio adequado s\u00e3o passos fundamentais para transformar a experi\u00eancia dolorosa em um processo de supera\u00e7\u00e3o. Logo, se voc\u00ea se identifica com esses sinais, buscar informa\u00e7\u00e3o e apoio pode ser o primeiro passo para uma vida mais leve e equilibrada!<\/p>\n\n\n\n<p>* Essas narrativas s\u00e3o fict\u00edcias mas inspiradas em situa\u00e7\u00f5es comumente vivenciadas nos estudos e na cl\u00ednica psicol\u00f3gica.<\/p>\n\n\n\n<figure class=\"wp-block-image aligncenter size-large is-resized\"><img fetchpriority=\"high\" decoding=\"async\" width=\"1024\" height=\"683\" src=\"https:\/\/ianima.com.br\/blog\/wp-content\/uploads\/2025\/08\/2MM-424-1024x683.webp\" alt=\"Tratamento da Depress\u00e3o: Um Guia Completo\" class=\"wp-image-10517\" style=\"width:500px\" srcset=\"https:\/\/ianima.com.br\/blog\/wp-content\/uploads\/2025\/08\/2MM-424-1024x683.webp 1024w, https:\/\/ianima.com.br\/blog\/wp-content\/uploads\/2025\/08\/2MM-424-300x200.webp 300w, https:\/\/ianima.com.br\/blog\/wp-content\/uploads\/2025\/08\/2MM-424-768x512.webp 768w, https:\/\/ianima.com.br\/blog\/wp-content\/uploads\/2025\/08\/2MM-424.webp 1536w\" sizes=\"(max-width: 1024px) 100vw, 1024px\" \/><\/figure>\n\n\n\n<h2 class=\"wp-block-heading\" id=\"h-perguntas-frequentes-faq\">Perguntas Frequentes (FAQ)<\/h2>\n\n\n\n<div class=\"schema-faq wp-block-yoast-faq-block\"><div class=\"schema-faq-section\" id=\"faq-question-1755533889727\"><strong class=\"schema-faq-question\">O que \u00e9 a depress\u00e3o?<\/strong> <p class=\"schema-faq-answer\">A depress\u00e3o \u00e9 um transtorno mental que afeta o humor, causando tristeza intensa, falta de energia e perda de interesse nas atividades.<\/p> <\/div> <div class=\"schema-faq-section\" id=\"faq-question-1755533911034\"><strong class=\"schema-faq-question\">Quais s\u00e3o os tratamentos dispon\u00edveis para a depress\u00e3o?<\/strong> <p class=\"schema-faq-answer\">Os tratamentos incluem terapia, medicamentos antidepressivos e mudan\u00e7as no estilo de vida, como exerc\u00edcios e alimenta\u00e7\u00e3o saud\u00e1vel.<\/p> <\/div> <div class=\"schema-faq-section\" id=\"faq-question-1755533932763\"><strong class=\"schema-faq-question\">Como posso saber se preciso de ajuda para a depress\u00e3o?<\/strong> <p class=\"schema-faq-answer\">Se voc\u00ea se sente triste por mais de duas semanas, tem dificuldades para realizar tarefas di\u00e1rias ou pensamentos negativos persistentes, \u00e9 hora de buscar ajuda profissional.<\/p> <\/div> <\/div>\n\n\n\n<ul class=\"wp-block-yoast-seo-related-links\"><li><a href=\"https:\/\/ianima.com.br\/blog\/saude-mental\/tratamento-de-depressao-tudo-que-voce-precisa-saber\/\">Tratamento de depress\u00e3o: tudo que voc\u00ea precisa saber<\/a><\/li><li><a href=\"https:\/\/ianima.com.br\/blog\/saude-mental\/tratamentos-para-ansiedade-o-que-voce-precisa-saber\/\">Tratamentos para Ansiedade: O Que Voc\u00ea Precisa Saber<\/a><\/li><li><a href=\"https:\/\/ianima.com.br\/blog\/saude-mental\/burnout-sintomas-e-tratamento-o-que-voce-precisa-saber\/\">Burnout Sintomas e Tratamento: O Que Voc\u00ea Precisa Saber<\/a><\/li><li><a href=\"https:\/\/ianima.com.br\/blog\/saude-mental\/ansiedade-depressao-e-tratamento-o-que-voce-precisa-saber\/\">Ansiedade, Depress\u00e3o e Tratamento: O Que Voc\u00ea Precisa Saber<\/a><\/li><li><a href=\"https:\/\/ianima.com.br\/blog\/saude-mental\/tratamento-para-depressao-fatores-sinais-e-caminhos\/\">Tratamento para Depress\u00e3o: Fatores, Sinais e Caminhos<\/a><\/li><\/ul>\n","protected":false},"excerpt":{"rendered":"<p>Os Sinais e Sintomas da Depress\u00e3o A depress\u00e3o pode se manifestar de formas variadas e nem sempre \u00f3bvias. Entre os sinais mais comuns est\u00e3o a tristeza persistente, a perda de interesse em atividades antes prazerosas, altera\u00e7\u00f5es no sono e no apetite. Al\u00e9m disso, muitos relatam dificuldade de concentra\u00e7\u00e3o, sensa\u00e7\u00e3o de vazio e baixa energia. Bem [&hellip;]<\/p>\n","protected":false},"author":1,"featured_media":10516,"comment_status":"closed","ping_status":"closed","sticky":false,"template":"","format":"standard","meta":{"site-sidebar-layout":"default","site-content-layout":"","ast-site-content-layout":"default","site-content-style":"default","site-sidebar-style":"default","ast-global-header-display":"","ast-banner-title-visibility":"","ast-main-header-display":"","ast-hfb-above-header-display":"","ast-hfb-below-header-display":"","ast-hfb-mobile-header-display":"","site-post-title":"","ast-breadcrumbs-content":"","ast-featured-img":"","footer-sml-layout":"","theme-transparent-header-meta":"","adv-header-id-meta":"","stick-header-meta":"","header-above-stick-meta":"","header-main-stick-meta":"","header-below-stick-meta":"","astra-migrate-meta-layouts":"set","ast-page-background-enabled":"default","ast-page-background-meta":{"desktop":{"background-color":"","background-image":"","background-repeat":"repeat","background-position":"center center","background-size":"auto","background-attachment":"scroll","background-type":"","background-media":"","overlay-type":"","overlay-color":"","overlay-opacity":"","overlay-gradient":""},"tablet":{"background-color":"","background-image":"","background-repeat":"repeat","background-position":"center center","background-size":"auto","background-attachment":"scroll","background-type":"","background-media":"","overlay-type":"","overlay-color":"","overlay-opacity":"","overlay-gradient":""},"mobile":{"background-color":"","background-image":"","background-repeat":"repeat","background-position":"center center","background-size":"auto","background-attachment":"scroll","background-type":"","background-media":"","overlay-type":"","overlay-color":"","overlay-opacity":"","overlay-gradient":""}},"ast-content-background-meta":{"desktop":{"background-color":"var(--ast-global-color-5)","background-image":"","background-repeat":"repeat","background-position":"center center","background-size":"auto","background-attachment":"scroll","background-type":"","background-media":"","overlay-type":"","overlay-color":"","overlay-opacity":"","overlay-gradient":""},"tablet":{"background-color":"var(--ast-global-color-5)","background-image":"","background-repeat":"repeat","background-position":"center center","background-size":"auto","background-attachment":"scroll","background-type":"","background-media":"","overlay-type":"","overlay-color":"","overlay-opacity":"","overlay-gradient":""},"mobile":{"background-color":"var(--ast-global-color-5)","background-image":"","background-repeat":"repeat","background-position":"center center","background-size":"auto","background-attachment":"scroll","background-type":"","background-media":"","overlay-type":"","overlay-color":"","overlay-opacity":"","overlay-gradient":""}},"footnotes":""},"categories":[24],"tags":[],"class_list":["post-10514","post","type-post","status-publish","format-standard","has-post-thumbnail","hentry","category-saude-mental"],"yoast_head":"<!-- This site is optimized with the Yoast SEO Premium plugin v20.8 (Yoast SEO v20.8) - https:\/\/yoast.com\/wordpress\/plugins\/seo\/ -->\n<title>Tratamento da Depress\u00e3o: Um Guia Completo<\/title>\n<meta name=\"description\" content=\"Descubra os segredos para vencer a depress\u00e3o! Este guia completo revela tratamentos surpreendentes que podem mudar sua vida.\" \/>\n<meta name=\"robots\" content=\"index, follow, max-snippet:-1, max-image-preview:large, max-video-preview:-1\" \/>\n<link rel=\"canonical\" href=\"https:\/\/ianima.com.br\/blog\/saude-mental\/tratamento-da-depressao-um-guia-completo\/\" \/>\n<meta property=\"og:locale\" content=\"pt_BR\" \/>\n<meta property=\"og:type\" content=\"article\" \/>\n<meta property=\"og:title\" content=\"Tratamento da Depress\u00e3o: Um Guia Completo\" \/>\n<meta property=\"og:description\" content=\"Descubra os segredos para vencer a depress\u00e3o! Este guia completo revela tratamentos surpreendentes que podem mudar sua vida.\" \/>\n<meta property=\"og:url\" content=\"https:\/\/ianima.com.br\/blog\/saude-mental\/tratamento-da-depressao-um-guia-completo\/\" \/>\n<meta property=\"og:site_name\" content=\"Terapia Online com IANIMA: Inova\u00e7\u00e3o e Aconselhamento. O terapeuta online ao seu alcance.\" \/>\n<meta property=\"article:published_time\" content=\"2025-08-18T16:20:47+00:00\" \/>\n<meta property=\"article:modified_time\" content=\"2025-08-18T16:20:48+00:00\" \/>\n<meta property=\"og:image\" content=\"https:\/\/ianima.com.br\/blog\/wp-content\/uploads\/2025\/08\/1MM-424.webp\" \/>\n\t<meta property=\"og:image:width\" content=\"1536\" \/>\n\t<meta property=\"og:image:height\" content=\"1024\" \/>\n\t<meta property=\"og:image:type\" content=\"image\/webp\" \/>\n<meta name=\"author\" content=\"Wanderlei Talib\" \/>\n<meta name=\"twitter:card\" content=\"summary_large_image\" \/>\n<meta name=\"twitter:label1\" content=\"Escrito por\" \/>\n\t<meta name=\"twitter:data1\" content=\"Wanderlei Talib\" \/>\n\t<meta name=\"twitter:label2\" content=\"Est. tempo de leitura\" \/>\n\t<meta name=\"twitter:data2\" content=\"6 minutos\" \/>\n<script type=\"application\/ld+json\" class=\"yoast-schema-graph\">{\"@context\":\"https:\/\/schema.org\",\"@graph\":[{\"@type\":\"Article\",\"@id\":\"https:\/\/ianima.com.br\/blog\/saude-mental\/tratamento-da-depressao-um-guia-completo\/#article\",\"isPartOf\":{\"@id\":\"https:\/\/ianima.com.br\/blog\/saude-mental\/tratamento-da-depressao-um-guia-completo\/\"},\"author\":{\"name\":\"Wanderlei Talib\",\"@id\":\"https:\/\/ianima.com.br\/blog\/#\/schema\/person\/85378d6a819826ce615ae2a7a04f68d8\"},\"headline\":\"Tratamento da Depress\u00e3o: Um Guia Completo\",\"datePublished\":\"2025-08-18T16:20:47+00:00\",\"dateModified\":\"2025-08-18T16:20:48+00:00\",\"mainEntityOfPage\":{\"@id\":\"https:\/\/ianima.com.br\/blog\/saude-mental\/tratamento-da-depressao-um-guia-completo\/\"},\"wordCount\":1194,\"publisher\":{\"@id\":\"https:\/\/ianima.com.br\/blog\/#organization\"},\"articleSection\":[\"Sa\u00fade Mental\"],\"inLanguage\":\"pt-BR\"},{\"@type\":[\"WebPage\",\"FAQPage\"],\"@id\":\"https:\/\/ianima.com.br\/blog\/saude-mental\/tratamento-da-depressao-um-guia-completo\/\",\"url\":\"https:\/\/ianima.com.br\/blog\/saude-mental\/tratamento-da-depressao-um-guia-completo\/\",\"name\":\"Tratamento da Depress\u00e3o: Um Guia Completo\",\"isPartOf\":{\"@id\":\"https:\/\/ianima.com.br\/blog\/#website\"},\"datePublished\":\"2025-08-18T16:20:47+00:00\",\"dateModified\":\"2025-08-18T16:20:48+00:00\",\"description\":\"Descubra os segredos para vencer a depress\u00e3o! Este guia completo revela tratamentos surpreendentes que podem mudar sua vida.\",\"breadcrumb\":{\"@id\":\"https:\/\/ianima.com.br\/blog\/saude-mental\/tratamento-da-depressao-um-guia-completo\/#breadcrumb\"},\"mainEntity\":[{\"@id\":\"https:\/\/ianima.com.br\/blog\/saude-mental\/tratamento-da-depressao-um-guia-completo\/#faq-question-1755533889727\"},{\"@id\":\"https:\/\/ianima.com.br\/blog\/saude-mental\/tratamento-da-depressao-um-guia-completo\/#faq-question-1755533911034\"},{\"@id\":\"https:\/\/ianima.com.br\/blog\/saude-mental\/tratamento-da-depressao-um-guia-completo\/#faq-question-1755533932763\"}],\"inLanguage\":\"pt-BR\",\"potentialAction\":[{\"@type\":\"ReadAction\",\"target\":[\"https:\/\/ianima.com.br\/blog\/saude-mental\/tratamento-da-depressao-um-guia-completo\/\"]}]},{\"@type\":\"BreadcrumbList\",\"@id\":\"https:\/\/ianima.com.br\/blog\/saude-mental\/tratamento-da-depressao-um-guia-completo\/#breadcrumb\",\"itemListElement\":[{\"@type\":\"ListItem\",\"position\":1,\"name\":\"In\u00edcio\",\"item\":\"https:\/\/ianima.com.br\/blog\/\"},{\"@type\":\"ListItem\",\"position\":2,\"name\":\"Tratamento da Depress\u00e3o: Um Guia Completo\"}]},{\"@type\":\"WebSite\",\"@id\":\"https:\/\/ianima.com.br\/blog\/#website\",\"url\":\"https:\/\/ianima.com.br\/blog\/\",\"name\":\"Terapia Online com IANIMA: Inova\u00e7\u00e3o e Aconselhamento. O terapeuta online ao seu alcance.\",\"description\":\"Terapia gratuita online com a IAnima, sua terapeuta online. Artigos sobre terapias online, sa\u00fade mental e bem-estar.\",\"publisher\":{\"@id\":\"https:\/\/ianima.com.br\/blog\/#organization\"},\"potentialAction\":[{\"@type\":\"SearchAction\",\"target\":{\"@type\":\"EntryPoint\",\"urlTemplate\":\"https:\/\/ianima.com.br\/blog\/?s={search_term_string}\"},\"query-input\":\"required name=search_term_string\"}],\"inLanguage\":\"pt-BR\"},{\"@type\":\"Organization\",\"@id\":\"https:\/\/ianima.com.br\/blog\/#organization\",\"name\":\"Terapia Online com IANIMA: Inova\u00e7\u00e3o e Aconselhamento. O terapeuta online ao seu alcance.\",\"url\":\"https:\/\/ianima.com.br\/blog\/\",\"logo\":{\"@type\":\"ImageObject\",\"inLanguage\":\"pt-BR\",\"@id\":\"https:\/\/ianima.com.br\/blog\/#\/schema\/logo\/image\/\",\"url\":\"https:\/\/ianima.com.br\/blog\/wp-content\/uploads\/2025\/04\/cropped-IAnima-terapia-online.webp\",\"contentUrl\":\"https:\/\/ianima.com.br\/blog\/wp-content\/uploads\/2025\/04\/cropped-IAnima-terapia-online.webp\",\"width\":819,\"height\":222,\"caption\":\"Terapia Online com IANIMA: Inova\u00e7\u00e3o e Aconselhamento. O terapeuta online ao seu alcance.\"},\"image\":{\"@id\":\"https:\/\/ianima.com.br\/blog\/#\/schema\/logo\/image\/\"}},{\"@type\":\"Person\",\"@id\":\"https:\/\/ianima.com.br\/blog\/#\/schema\/person\/85378d6a819826ce615ae2a7a04f68d8\",\"name\":\"Wanderlei Talib\",\"image\":{\"@type\":\"ImageObject\",\"inLanguage\":\"pt-BR\",\"@id\":\"https:\/\/ianima.com.br\/blog\/#\/schema\/person\/image\/\",\"url\":\"https:\/\/ianima.com.br\/blog\/wp-content\/litespeed\/avatar\/a0461c2b338365ab5dd45a3e926e23c7.jpg?ver=1777055969\",\"contentUrl\":\"https:\/\/ianima.com.br\/blog\/wp-content\/litespeed\/avatar\/a0461c2b338365ab5dd45a3e926e23c7.jpg?ver=1777055969\",\"caption\":\"Wanderlei Talib\"},\"sameAs\":[\"https:\/\/ianima.com.br\/blog\"],\"url\":\"https:\/\/ianima.com.br\/blog\/author\/adminedu\/\"},{\"@type\":\"Question\",\"@id\":\"https:\/\/ianima.com.br\/blog\/saude-mental\/tratamento-da-depressao-um-guia-completo\/#faq-question-1755533889727\",\"position\":1,\"url\":\"https:\/\/ianima.com.br\/blog\/saude-mental\/tratamento-da-depressao-um-guia-completo\/#faq-question-1755533889727\",\"name\":\"O que \u00e9 a depress\u00e3o?\",\"answerCount\":1,\"acceptedAnswer\":{\"@type\":\"Answer\",\"text\":\"A depress\u00e3o \u00e9 um transtorno mental que afeta o humor, causando tristeza intensa, falta de energia e perda de interesse nas atividades.\",\"inLanguage\":\"pt-BR\"},\"inLanguage\":\"pt-BR\"},{\"@type\":\"Question\",\"@id\":\"https:\/\/ianima.com.br\/blog\/saude-mental\/tratamento-da-depressao-um-guia-completo\/#faq-question-1755533911034\",\"position\":2,\"url\":\"https:\/\/ianima.com.br\/blog\/saude-mental\/tratamento-da-depressao-um-guia-completo\/#faq-question-1755533911034\",\"name\":\"Quais s\u00e3o os tratamentos dispon\u00edveis para a depress\u00e3o?\",\"answerCount\":1,\"acceptedAnswer\":{\"@type\":\"Answer\",\"text\":\"Os tratamentos incluem terapia, medicamentos antidepressivos e mudan\u00e7as no estilo de vida, como exerc\u00edcios e alimenta\u00e7\u00e3o saud\u00e1vel.\",\"inLanguage\":\"pt-BR\"},\"inLanguage\":\"pt-BR\"},{\"@type\":\"Question\",\"@id\":\"https:\/\/ianima.com.br\/blog\/saude-mental\/tratamento-da-depressao-um-guia-completo\/#faq-question-1755533932763\",\"position\":3,\"url\":\"https:\/\/ianima.com.br\/blog\/saude-mental\/tratamento-da-depressao-um-guia-completo\/#faq-question-1755533932763\",\"name\":\"Como posso saber se preciso de ajuda para a depress\u00e3o?\",\"answerCount\":1,\"acceptedAnswer\":{\"@type\":\"Answer\",\"text\":\"Se voc\u00ea se sente triste por mais de duas semanas, tem dificuldades para realizar tarefas di\u00e1rias ou pensamentos negativos persistentes, \u00e9 hora de buscar ajuda profissional.\",\"inLanguage\":\"pt-BR\"},\"inLanguage\":\"pt-BR\"}]}<\/script>\n<!-- \/ Yoast SEO Premium plugin. -->","yoast_head_json":{"title":"Tratamento da Depress\u00e3o: Um Guia Completo","description":"Descubra os segredos para vencer a depress\u00e3o! Este guia completo revela tratamentos surpreendentes que podem mudar sua vida.","robots":{"index":"index","follow":"follow","max-snippet":"max-snippet:-1","max-image-preview":"max-image-preview:large","max-video-preview":"max-video-preview:-1"},"canonical":"https:\/\/ianima.com.br\/blog\/saude-mental\/tratamento-da-depressao-um-guia-completo\/","og_locale":"pt_BR","og_type":"article","og_title":"Tratamento da Depress\u00e3o: Um Guia Completo","og_description":"Descubra os segredos para vencer a depress\u00e3o! Este guia completo revela tratamentos surpreendentes que podem mudar sua vida.","og_url":"https:\/\/ianima.com.br\/blog\/saude-mental\/tratamento-da-depressao-um-guia-completo\/","og_site_name":"Terapia Online com IANIMA: Inova\u00e7\u00e3o e Aconselhamento. O terapeuta online ao seu alcance.","article_published_time":"2025-08-18T16:20:47+00:00","article_modified_time":"2025-08-18T16:20:48+00:00","og_image":[{"width":1536,"height":1024,"url":"https:\/\/ianima.com.br\/blog\/wp-content\/uploads\/2025\/08\/1MM-424.webp","type":"image\/webp"}],"author":"Wanderlei Talib","twitter_card":"summary_large_image","twitter_misc":{"Escrito por":"Wanderlei Talib","Est. tempo de leitura":"6 minutos"},"schema":{"@context":"https:\/\/schema.org","@graph":[{"@type":"Article","@id":"https:\/\/ianima.com.br\/blog\/saude-mental\/tratamento-da-depressao-um-guia-completo\/#article","isPartOf":{"@id":"https:\/\/ianima.com.br\/blog\/saude-mental\/tratamento-da-depressao-um-guia-completo\/"},"author":{"name":"Wanderlei Talib","@id":"https:\/\/ianima.com.br\/blog\/#\/schema\/person\/85378d6a819826ce615ae2a7a04f68d8"},"headline":"Tratamento da Depress\u00e3o: Um Guia Completo","datePublished":"2025-08-18T16:20:47+00:00","dateModified":"2025-08-18T16:20:48+00:00","mainEntityOfPage":{"@id":"https:\/\/ianima.com.br\/blog\/saude-mental\/tratamento-da-depressao-um-guia-completo\/"},"wordCount":1194,"publisher":{"@id":"https:\/\/ianima.com.br\/blog\/#organization"},"articleSection":["Sa\u00fade Mental"],"inLanguage":"pt-BR"},{"@type":["WebPage","FAQPage"],"@id":"https:\/\/ianima.com.br\/blog\/saude-mental\/tratamento-da-depressao-um-guia-completo\/","url":"https:\/\/ianima.com.br\/blog\/saude-mental\/tratamento-da-depressao-um-guia-completo\/","name":"Tratamento da Depress\u00e3o: Um Guia Completo","isPartOf":{"@id":"https:\/\/ianima.com.br\/blog\/#website"},"datePublished":"2025-08-18T16:20:47+00:00","dateModified":"2025-08-18T16:20:48+00:00","description":"Descubra os segredos para vencer a depress\u00e3o! Este guia completo revela tratamentos surpreendentes que podem mudar sua vida.","breadcrumb":{"@id":"https:\/\/ianima.com.br\/blog\/saude-mental\/tratamento-da-depressao-um-guia-completo\/#breadcrumb"},"mainEntity":[{"@id":"https:\/\/ianima.com.br\/blog\/saude-mental\/tratamento-da-depressao-um-guia-completo\/#faq-question-1755533889727"},{"@id":"https:\/\/ianima.com.br\/blog\/saude-mental\/tratamento-da-depressao-um-guia-completo\/#faq-question-1755533911034"},{"@id":"https:\/\/ianima.com.br\/blog\/saude-mental\/tratamento-da-depressao-um-guia-completo\/#faq-question-1755533932763"}],"inLanguage":"pt-BR","potentialAction":[{"@type":"ReadAction","target":["https:\/\/ianima.com.br\/blog\/saude-mental\/tratamento-da-depressao-um-guia-completo\/"]}]},{"@type":"BreadcrumbList","@id":"https:\/\/ianima.com.br\/blog\/saude-mental\/tratamento-da-depressao-um-guia-completo\/#breadcrumb","itemListElement":[{"@type":"ListItem","position":1,"name":"In\u00edcio","item":"https:\/\/ianima.com.br\/blog\/"},{"@type":"ListItem","position":2,"name":"Tratamento da Depress\u00e3o: Um Guia Completo"}]},{"@type":"WebSite","@id":"https:\/\/ianima.com.br\/blog\/#website","url":"https:\/\/ianima.com.br\/blog\/","name":"Terapia Online com IANIMA: Inova\u00e7\u00e3o e Aconselhamento. O terapeuta online ao seu alcance.","description":"Terapia gratuita online com a IAnima, sua terapeuta online. Artigos sobre terapias online, sa\u00fade mental e bem-estar.","publisher":{"@id":"https:\/\/ianima.com.br\/blog\/#organization"},"potentialAction":[{"@type":"SearchAction","target":{"@type":"EntryPoint","urlTemplate":"https:\/\/ianima.com.br\/blog\/?s={search_term_string}"},"query-input":"required name=search_term_string"}],"inLanguage":"pt-BR"},{"@type":"Organization","@id":"https:\/\/ianima.com.br\/blog\/#organization","name":"Terapia Online com IANIMA: Inova\u00e7\u00e3o e Aconselhamento. O terapeuta online ao seu alcance.","url":"https:\/\/ianima.com.br\/blog\/","logo":{"@type":"ImageObject","inLanguage":"pt-BR","@id":"https:\/\/ianima.com.br\/blog\/#\/schema\/logo\/image\/","url":"https:\/\/ianima.com.br\/blog\/wp-content\/uploads\/2025\/04\/cropped-IAnima-terapia-online.webp","contentUrl":"https:\/\/ianima.com.br\/blog\/wp-content\/uploads\/2025\/04\/cropped-IAnima-terapia-online.webp","width":819,"height":222,"caption":"Terapia Online com IANIMA: Inova\u00e7\u00e3o e Aconselhamento. O terapeuta online ao seu alcance."},"image":{"@id":"https:\/\/ianima.com.br\/blog\/#\/schema\/logo\/image\/"}},{"@type":"Person","@id":"https:\/\/ianima.com.br\/blog\/#\/schema\/person\/85378d6a819826ce615ae2a7a04f68d8","name":"Wanderlei Talib","image":{"@type":"ImageObject","inLanguage":"pt-BR","@id":"https:\/\/ianima.com.br\/blog\/#\/schema\/person\/image\/","url":"https:\/\/ianima.com.br\/blog\/wp-content\/litespeed\/avatar\/a0461c2b338365ab5dd45a3e926e23c7.jpg?ver=1777055969","contentUrl":"https:\/\/ianima.com.br\/blog\/wp-content\/litespeed\/avatar\/a0461c2b338365ab5dd45a3e926e23c7.jpg?ver=1777055969","caption":"Wanderlei Talib"},"sameAs":["https:\/\/ianima.com.br\/blog"],"url":"https:\/\/ianima.com.br\/blog\/author\/adminedu\/"},{"@type":"Question","@id":"https:\/\/ianima.com.br\/blog\/saude-mental\/tratamento-da-depressao-um-guia-completo\/#faq-question-1755533889727","position":1,"url":"https:\/\/ianima.com.br\/blog\/saude-mental\/tratamento-da-depressao-um-guia-completo\/#faq-question-1755533889727","name":"O que \u00e9 a depress\u00e3o?","answerCount":1,"acceptedAnswer":{"@type":"Answer","text":"A depress\u00e3o \u00e9 um transtorno mental que afeta o humor, causando tristeza intensa, falta de energia e perda de interesse nas atividades.","inLanguage":"pt-BR"},"inLanguage":"pt-BR"},{"@type":"Question","@id":"https:\/\/ianima.com.br\/blog\/saude-mental\/tratamento-da-depressao-um-guia-completo\/#faq-question-1755533911034","position":2,"url":"https:\/\/ianima.com.br\/blog\/saude-mental\/tratamento-da-depressao-um-guia-completo\/#faq-question-1755533911034","name":"Quais s\u00e3o os tratamentos dispon\u00edveis para a depress\u00e3o?","answerCount":1,"acceptedAnswer":{"@type":"Answer","text":"Os tratamentos incluem terapia, medicamentos antidepressivos e mudan\u00e7as no estilo de vida, como exerc\u00edcios e alimenta\u00e7\u00e3o saud\u00e1vel.","inLanguage":"pt-BR"},"inLanguage":"pt-BR"},{"@type":"Question","@id":"https:\/\/ianima.com.br\/blog\/saude-mental\/tratamento-da-depressao-um-guia-completo\/#faq-question-1755533932763","position":3,"url":"https:\/\/ianima.com.br\/blog\/saude-mental\/tratamento-da-depressao-um-guia-completo\/#faq-question-1755533932763","name":"Como posso saber se preciso de ajuda para a depress\u00e3o?","answerCount":1,"acceptedAnswer":{"@type":"Answer","text":"Se voc\u00ea se sente triste por mais de duas semanas, tem dificuldades para realizar tarefas di\u00e1rias ou pensamentos negativos persistentes, \u00e9 hora de buscar ajuda profissional.","inLanguage":"pt-BR"},"inLanguage":"pt-BR"}]}},"_links":{"self":[{"href":"https:\/\/ianima.com.br\/blog\/wp-json\/wp\/v2\/posts\/10514","targetHints":{"allow":["GET"]}}],"collection":[{"href":"https:\/\/ianima.com.br\/blog\/wp-json\/wp\/v2\/posts"}],"about":[{"href":"https:\/\/ianima.com.br\/blog\/wp-json\/wp\/v2\/types\/post"}],"author":[{"embeddable":true,"href":"https:\/\/ianima.com.br\/blog\/wp-json\/wp\/v2\/users\/1"}],"replies":[{"embeddable":true,"href":"https:\/\/ianima.com.br\/blog\/wp-json\/wp\/v2\/comments?post=10514"}],"version-history":[{"count":1,"href":"https:\/\/ianima.com.br\/blog\/wp-json\/wp\/v2\/posts\/10514\/revisions"}],"predecessor-version":[{"id":10518,"href":"https:\/\/ianima.com.br\/blog\/wp-json\/wp\/v2\/posts\/10514\/revisions\/10518"}],"wp:featuredmedia":[{"embeddable":true,"href":"https:\/\/ianima.com.br\/blog\/wp-json\/wp\/v2\/media\/10516"}],"wp:attachment":[{"href":"https:\/\/ianima.com.br\/blog\/wp-json\/wp\/v2\/media?parent=10514"}],"wp:term":[{"taxonomy":"category","embeddable":true,"href":"https:\/\/ianima.com.br\/blog\/wp-json\/wp\/v2\/categories?post=10514"},{"taxonomy":"post_tag","embeddable":true,"href":"https:\/\/ianima.com.br\/blog\/wp-json\/wp\/v2\/tags?post=10514"}],"curies":[{"name":"wp","href":"https:\/\/api.w.org\/{rel}","templated":true}]}}