{"id":10539,"date":"2025-08-18T23:58:39","date_gmt":"2025-08-18T23:58:39","guid":{"rendered":"https:\/\/ianima.com.br\/blog\/?p=10539"},"modified":"2025-08-18T23:58:39","modified_gmt":"2025-08-18T23:58:39","slug":"artigo-sobre-depressao-um-guia-completo","status":"publish","type":"post","link":"https:\/\/ianima.com.br\/blog\/saude-mental\/artigo-sobre-depressao-um-guia-completo\/","title":{"rendered":"Artigo sobre Depress\u00e3o: Um Guia Completo"},"content":{"rendered":"\n<p>Antes de tudo, \u00e9 importante lembrar que falar sobre <strong>depress\u00e3o<\/strong> n\u00e3o significa apenas discutir um transtorno mental, mas compreender uma experi\u00eancia humana complexa que pode afetar emo\u00e7\u00f5es, pensamentos e comportamentos. Afinal, quem nunca se perguntou se a tristeza que sente \u00e9 \u201cnormal\u201d ou um sinal de algo maior? Descubra os sinais, causas e caminhos para compreender a <strong>depress\u00e3o<\/strong> que podem estar impactando sua vida.<\/p>\n\n\n\n<h2 class=\"wp-block-heading\" id=\"h-os-sinais-e-sintomas-da-depressao\">Os Sinais e Sintomas da Depress\u00e3o<\/h2>\n\n\n\n<p>A <strong>depress\u00e3o<\/strong> pode se manifestar de formas variadas. Entre os sinais mais comuns est\u00e3o a tristeza persistente, a perda de interesse em atividades antes prazerosas e a sensa\u00e7\u00e3o de vazio constante. Al\u00e9m disso, \u00e9 frequente observar altera\u00e7\u00f5es no sono, seja ins\u00f4nia ou excesso de sono, bem como mudan\u00e7as significativas no apetite e no peso.<\/p>\n\n\n\n<p>Outros sintomas podem incluir:<\/p>\n\n\n\n<ul class=\"wp-block-list\">\n<li>Dificuldade de concentra\u00e7\u00e3o<\/li>\n\n\n\n<li>Fadiga intensa<\/li>\n\n\n\n<li>Pensamentos de desvaloriza\u00e7\u00e3o ou culpa excessiva<\/li>\n\n\n\n<li>Irritabilidade e impaci\u00eancia<\/li>\n\n\n\n<li>Dores f\u00edsicas sem explica\u00e7\u00e3o aparente<\/li>\n<\/ul>\n\n\n\n<p>Esses sinais podem variar de intensidade, mas, quando persistem, merecem aten\u00e7\u00e3o especial.<\/p>\n\n\n\n<h2 class=\"wp-block-heading\" id=\"h-a-psicologia-por-tras-da-vida-real-a-depressao-no-dia-a-dia\">A Psicologia por Tr\u00e1s da Vida Real: A Depress\u00e3o no Dia a Dia *<\/h2>\n\n\n\n<p>Imagine algu\u00e9m que antes adorava sair com amigos, mas agora evita encontros sociais, sentindo-se desconectado do mundo ao redor. Ou uma pessoa que come\u00e7a o dia j\u00e1 exausta, como se carregasse um peso invis\u00edvel. A <strong>depress\u00e3o<\/strong> pode ser comparada a uma sombra constante: mesmo quando o ambiente \u00e9 iluminado, ela insiste em permanecer. No cotidiano, esse impacto se reflete em decis\u00f5es, relacionamentos e desempenho profissional, transformando at\u00e9 as tarefas simples em grandes desafios.<\/p>\n\n\n\n<h2 class=\"wp-block-heading\" id=\"h-compreendendo-os-momentos-criticos-da-depressao\">Compreendendo os Momentos Cr\u00edticos da Depress\u00e3o<\/h2>\n\n\n\n<p>Os momentos cr\u00edticos da <strong>depress\u00e3o<\/strong> s\u00e3o fases em que os sintomas se intensificam. Podem incluir per\u00edodos de isolamento, choro frequente sem motivo aparente e sensa\u00e7\u00e3o de desesperan\u00e7a. Diferenciar esses momentos de uma tristeza passageira \u00e9 essencial: enquanto a tristeza comum tende a se dissipar, a depress\u00e3o permanece e interfere diretamente na qualidade de vida.<\/p>\n\n\n\n<h2 class=\"wp-block-heading\" id=\"h-o-que-desencadeia-a-depressao\">O Que Desencadeia a Depress\u00e3o?<\/h2>\n\n\n\n<p>A <strong>depress\u00e3o<\/strong> pode ser desencadeada por m\u00faltiplos fatores. Entre eles est\u00e3o predisposi\u00e7\u00f5es gen\u00e9ticas, desequil\u00edbrios qu\u00edmicos no c\u00e9rebro, hist\u00f3rico familiar e experi\u00eancias de vida desafiadoras, como perdas ou traumas. Al\u00e9m disso, estressores cont\u00ednuos, como press\u00f5es no trabalho ou dificuldades financeiras, podem atuar como gatilhos. Bem como, fatores internos, como cren\u00e7as negativas sobre si mesmo, podem amplificar esse processo.<\/p>\n\n\n\n<h2 class=\"wp-block-heading\" id=\"h-mitos-e-verdades-sobre-solucoes-para-a-depressao\">Mitos e Verdades sobre Solu\u00e7\u00f5es para a Depress\u00e3o<\/h2>\n\n\n\n<p>Muitas vezes, acredita-se que a <strong>depress\u00e3o<\/strong> \u00e9 apenas \u201cfalta de for\u00e7a de vontade\u201d ou que pode ser resolvida com frases motivacionais. Isso \u00e9 um mito. A verdade \u00e9 que ela \u00e9 uma condi\u00e7\u00e3o multifatorial que exige compreens\u00e3o, paci\u00eancia e, em muitos casos, apoio profissional. Por outro lado, tamb\u00e9m n\u00e3o \u00e9 verdade que n\u00e3o h\u00e1 nada a ser feito. Diversas abordagens podem ajudar no al\u00edvio dos sintomas, e cada pessoa pode encontrar caminhos adequados para sua realidade.<\/p>\n\n\n\n<h2 class=\"wp-block-heading\" id=\"h-como-lidar-com-a-depressao-no-dia-a-dia\">Como Lidar com a Depress\u00e3o no Dia a Dia<\/h2>\n\n\n\n<p>Viver com <strong>depress\u00e3o<\/strong> pode ser desafiador, mas algumas estrat\u00e9gias podem auxiliar:<\/p>\n\n\n\n<ul class=\"wp-block-list\">\n<li>Estabelecer pequenas metas di\u00e1rias para reduzir a sobrecarga<\/li>\n\n\n\n<li>Praticar exerc\u00edcios f\u00edsicos leves, que estimulam bem-estar<\/li>\n\n\n\n<li>Criar uma rotina de sono saud\u00e1vel<\/li>\n\n\n\n<li>Expressar sentimentos por meio de escrita ou conversas<\/li>\n\n\n\n<li>Buscar apoio em pessoas de confian\u00e7a<\/li>\n<\/ul>\n\n\n\n<p>Essas pr\u00e1ticas, mesmo que simples, ajudam a reduzir a sensa\u00e7\u00e3o de paralisia.<\/p>\n\n\n\n<h2 class=\"wp-block-heading\" id=\"h-a-depressao-no-corpo-e-na-mente-manifestacoes\">A Depress\u00e3o no Corpo e na Mente: Manifesta\u00e7\u00f5es<\/h2>\n\n\n\n<p>A <strong>depress\u00e3o<\/strong> n\u00e3o se limita ao campo emocional. Ela tamb\u00e9m pode causar dores de cabe\u00e7a, tens\u00e3o muscular, problemas gastrointestinais e sensa\u00e7\u00e3o de exaust\u00e3o f\u00edsica. Na mente, compromete mem\u00f3ria, foco e clareza de racioc\u00ednio. Essa interconex\u00e3o entre corpo e mente refor\u00e7a que a depress\u00e3o \u00e9 uma condi\u00e7\u00e3o integral, que merece aten\u00e7\u00e3o em todas as suas dimens\u00f5es.<\/p>\n\n\n\n<h2 class=\"wp-block-heading\" id=\"h-depressao-pos-parto-uma-perspectiva-ampliada\">Depress\u00e3o P\u00f3s-Parto: Uma Perspectiva Ampliada<\/h2>\n\n\n\n<p>Entre as varia\u00e7\u00f5es da <strong>depress\u00e3o<\/strong>, a p\u00f3s-parto \u00e9 uma das mais conhecidas. Afeta muitas m\u00e3es nos primeiros meses ap\u00f3s o nascimento do beb\u00ea, trazendo sentimentos de inadequa\u00e7\u00e3o, tristeza intensa e dificuldade de conex\u00e3o com o rec\u00e9m-nascido. Reconhecer esses sinais \u00e9 fundamental para garantir apoio adequado, sem estigmas ou julgamentos.<\/p>\n\n\n\n<h2 class=\"wp-block-heading\" id=\"h-quem-busca-alivio-para-a-depressao\">Quem Busca Al\u00edvio para a Depress\u00e3o?<\/h2>\n\n\n\n<p>Pessoas em diferentes fases da vida podem buscar informa\u00e7\u00f5es e apoio sobre <strong>depress\u00e3o<\/strong>. Jovens enfrentando press\u00f5es escolares, adultos sobrecarregados por responsabilidades profissionais e familiares, e idosos lidando com perdas ou solid\u00e3o s\u00e3o apenas alguns exemplos. O sofrimento n\u00e3o escolhe idade, mas cada indiv\u00edduo encontra na busca por ajuda uma possibilidade de reconstru\u00e7\u00e3o.<\/p>\n\n\n\n<h3 class=\"wp-block-heading\" id=\"h-diferentes-abordagens-para-lidar-com-a-depressao\">Diferentes Abordagens para Lidar com a Depress\u00e3o<\/h3>\n\n\n\n<ul class=\"wp-block-list\">\n<li>Psicoterapia como espa\u00e7o de acolhimento e reflex\u00e3o<\/li>\n\n\n\n<li>Atividades f\u00edsicas regulares<\/li>\n\n\n\n<li>Pr\u00e1ticas de relaxamento, como medita\u00e7\u00e3o ou respira\u00e7\u00e3o profunda<\/li>\n\n\n\n<li>Mudan\u00e7as nos h\u00e1bitos de vida, priorizando autocuidado<\/li>\n<\/ul>\n\n\n\n<h3 class=\"wp-block-heading\" id=\"h-sinais-de-alerta-quando-buscar-ajuda-profissional\">Sinais de Alerta: Quando Buscar Ajuda Profissional<\/h3>\n\n\n\n<p>\u00c9 crucial procurar apoio quando os sintomas de <strong>depress\u00e3o<\/strong> persistem por semanas, quando h\u00e1 impacto significativo no trabalho, nos relacionamentos ou quando surgem pensamentos de desesperan\u00e7a intensa. Reconhecer esses sinais \u00e9 um ato de coragem e autocuidado.<\/p>\n\n\n\n<h3 class=\"wp-block-heading\" id=\"h-recursos-e-informacoes-confiaveis-sobre-a-depressao\">Recursos e Informa\u00e7\u00f5es Confi\u00e1veis sobre a Depress\u00e3o<\/h3>\n\n\n\n<ul class=\"wp-block-list\">\n<li>Sites de associa\u00e7\u00f5es de psicologia e psiquiatria<\/li>\n\n\n\n<li>Materiais educativos de universidades<\/li>\n\n\n\n<li>Organiza\u00e7\u00f5es de sa\u00fade reconhecidas mundialmente<\/li>\n<\/ul>\n\n\n\n<h3 class=\"wp-block-heading\" id=\"h-dicas-para-acao-imediata-em-momentos-de-depressao\">Dicas para A\u00e7\u00e3o Imediata em Momentos de Depress\u00e3o<\/h3>\n\n\n\n<ul class=\"wp-block-list\">\n<li>Praticar respira\u00e7\u00e3o profunda para reduzir a ansiedade<\/li>\n\n\n\n<li>Caminhar ao ar livre por alguns minutos<\/li>\n\n\n\n<li>Conversar com algu\u00e9m de confian\u00e7a<\/li>\n\n\n\n<li>Escrever em um di\u00e1rio para organizar pensamentos<\/li>\n<\/ul>\n\n\n\n<h2 class=\"wp-block-heading\" id=\"h-conclusao\">Conclus\u00e3o<\/h2>\n\n\n\n<p>Em suma, compreender a <strong>depress\u00e3o<\/strong> \u00e9 dar voz a uma realidade que afeta milh\u00f5es de pessoas em todo o mundo. Identificar os sinais, reconhecer os gatilhos e buscar apoio s\u00e3o passos fundamentais para resgatar o equil\u00edbrio. Assim, refor\u00e7a-se que ningu\u00e9m precisa enfrentar esse desafio sozinho. Se voc\u00ea se identifica com esses sinais, buscar informa\u00e7\u00e3o e apoio pode ser o primeiro passo para uma vida mais leve e equilibrada!<\/p>\n\n\n\n<p>* Essas narrativas s\u00e3o fict\u00edcias mas inspiradas em situa\u00e7\u00f5es comumente vivenciadas nos estudos e na cl\u00ednica psicol\u00f3gica.<\/p>\n\n\n\n<figure class=\"wp-block-image aligncenter size-large is-resized\"><img fetchpriority=\"high\" decoding=\"async\" width=\"1024\" height=\"683\" src=\"https:\/\/ianima.com.br\/blog\/wp-content\/uploads\/2025\/08\/2MM-429-1024x683.webp\" alt=\"Artigo sobre Depress\u00e3o: Um Guia Completo\" class=\"wp-image-10542\" style=\"width:500px\" srcset=\"https:\/\/ianima.com.br\/blog\/wp-content\/uploads\/2025\/08\/2MM-429-1024x683.webp 1024w, https:\/\/ianima.com.br\/blog\/wp-content\/uploads\/2025\/08\/2MM-429-300x200.webp 300w, https:\/\/ianima.com.br\/blog\/wp-content\/uploads\/2025\/08\/2MM-429-768x512.webp 768w, https:\/\/ianima.com.br\/blog\/wp-content\/uploads\/2025\/08\/2MM-429.webp 1536w\" sizes=\"(max-width: 1024px) 100vw, 1024px\" \/><\/figure>\n\n\n\n<h2 class=\"wp-block-heading\" id=\"h-perguntas-frequentes-faq\">Perguntas Frequentes (FAQ)<\/h2>\n\n\n\n<div class=\"schema-faq wp-block-yoast-faq-block\"><div class=\"schema-faq-section\" id=\"faq-question-1755561366500\"><strong class=\"schema-faq-question\">O que \u00e9 a depress\u00e3o?<\/strong> <p class=\"schema-faq-answer\">A depress\u00e3o \u00e9 um transtorno mental que causa sentimentos persistentes de tristeza, des\u00e2nimo e perda de interesse em atividades.<\/p> <\/div> <div class=\"schema-faq-section\" id=\"faq-question-1755561387043\"><strong class=\"schema-faq-question\">Quais s\u00e3o os sintomas da depress\u00e3o?<\/strong> <p class=\"schema-faq-answer\">Os sintomas incluem fadiga, altera\u00e7\u00f5es no sono, mudan\u00e7as no apetite, dificuldade de concentra\u00e7\u00e3o e pensamentos negativos.<\/p> <\/div> <div class=\"schema-faq-section\" id=\"faq-question-1755561408117\"><strong class=\"schema-faq-question\">Como posso buscar ajuda para a depress\u00e3o?<\/strong> <p class=\"schema-faq-answer\">\u00c9 importante conversar com um profissional de sa\u00fade mental, como um psic\u00f3logo ou psiquiatra, que pode oferecer suporte e tratamento adequado.<\/p> <\/div> <\/div>\n\n\n\n<ul class=\"wp-block-yoast-seo-related-links\"><li><a href=\"https:\/\/ianima.com.br\/blog\/saude-mental\/aperto-no-coracao-ansiedade-o-que-voce-precisa-saber\/\">Aperto no Cora\u00e7\u00e3o Ansiedade: O Que Voc\u00ea Precisa Saber<\/a><\/li><li><a href=\"https:\/\/ianima.com.br\/blog\/saude-mental\/depressao-o-que-voce-precisa-saber\/\">Depress\u00e3o: O Que Voc\u00ea Precisa Saber<\/a><\/li><li><a href=\"https:\/\/ianima.com.br\/blog\/saude-mental\/quais-sintomas-da-depressao-o-que-voce-precisa-saber\/\">Quais sintomas da depress\u00e3o: o que voc\u00ea precisa saber<\/a><\/li><li><a href=\"https:\/\/ianima.com.br\/blog\/saude-mental\/quais-sintomas-da-depressao-um-guia-completo\/\">Quais Sintomas da Depress\u00e3o: Um Guia Completo<\/a><\/li><li><a href=\"https:\/\/ianima.com.br\/blog\/saude-mental\/quais-os-sintomas-de-depressao-um-guia-completo\/\">Quais os Sintomas de Depress\u00e3o: Um Guia Completo<\/a><\/li><\/ul>\n","protected":false},"excerpt":{"rendered":"<p>Antes de tudo, \u00e9 importante lembrar que falar sobre depress\u00e3o n\u00e3o significa apenas discutir um transtorno mental, mas compreender uma experi\u00eancia humana complexa que pode afetar emo\u00e7\u00f5es, pensamentos e comportamentos. Afinal, quem nunca se perguntou se a tristeza que sente \u00e9 \u201cnormal\u201d ou um sinal de algo maior? Descubra os sinais, causas e caminhos para [&hellip;]<\/p>\n","protected":false},"author":1,"featured_media":10541,"comment_status":"closed","ping_status":"closed","sticky":false,"template":"","format":"standard","meta":{"site-sidebar-layout":"default","site-content-layout":"","ast-site-content-layout":"default","site-content-style":"default","site-sidebar-style":"default","ast-global-header-display":"","ast-banner-title-visibility":"","ast-main-header-display":"","ast-hfb-above-header-display":"","ast-hfb-below-header-display":"","ast-hfb-mobile-header-display":"","site-post-title":"","ast-breadcrumbs-content":"","ast-featured-img":"","footer-sml-layout":"","theme-transparent-header-meta":"","adv-header-id-meta":"","stick-header-meta":"","header-above-stick-meta":"","header-main-stick-meta":"","header-below-stick-meta":"","astra-migrate-meta-layouts":"set","ast-page-background-enabled":"default","ast-page-background-meta":{"desktop":{"background-color":"","background-image":"","background-repeat":"repeat","background-position":"center center","background-size":"auto","background-attachment":"scroll","background-type":"","background-media":"","overlay-type":"","overlay-color":"","overlay-opacity":"","overlay-gradient":""},"tablet":{"background-color":"","background-image":"","background-repeat":"repeat","background-position":"center center","background-size":"auto","background-attachment":"scroll","background-type":"","background-media":"","overlay-type":"","overlay-color":"","overlay-opacity":"","overlay-gradient":""},"mobile":{"background-color":"","background-image":"","background-repeat":"repeat","background-position":"center center","background-size":"auto","background-attachment":"scroll","background-type":"","background-media":"","overlay-type":"","overlay-color":"","overlay-opacity":"","overlay-gradient":""}},"ast-content-background-meta":{"desktop":{"background-color":"var(--ast-global-color-5)","background-image":"","background-repeat":"repeat","background-position":"center center","background-size":"auto","background-attachment":"scroll","background-type":"","background-media":"","overlay-type":"","overlay-color":"","overlay-opacity":"","overlay-gradient":""},"tablet":{"background-color":"var(--ast-global-color-5)","background-image":"","background-repeat":"repeat","background-position":"center center","background-size":"auto","background-attachment":"scroll","background-type":"","background-media":"","overlay-type":"","overlay-color":"","overlay-opacity":"","overlay-gradient":""},"mobile":{"background-color":"var(--ast-global-color-5)","background-image":"","background-repeat":"repeat","background-position":"center center","background-size":"auto","background-attachment":"scroll","background-type":"","background-media":"","overlay-type":"","overlay-color":"","overlay-opacity":"","overlay-gradient":""}},"footnotes":""},"categories":[24],"tags":[],"class_list":["post-10539","post","type-post","status-publish","format-standard","has-post-thumbnail","hentry","category-saude-mental"],"yoast_head":"<!-- This site is optimized with the Yoast SEO Premium plugin v20.8 (Yoast SEO v20.8) - https:\/\/yoast.com\/wordpress\/plugins\/seo\/ -->\n<title>Artigo sobre Depress\u00e3o: Um Guia Completo<\/title>\n<meta name=\"description\" content=\"Descubra os segredos sobre a depress\u00e3o que ningu\u00e9m te contou! Este guia completo pode mudar sua vida e ajudar quem voc\u00ea ama.\" \/>\n<meta name=\"robots\" content=\"index, follow, max-snippet:-1, max-image-preview:large, max-video-preview:-1\" \/>\n<link rel=\"canonical\" href=\"https:\/\/ianima.com.br\/blog\/saude-mental\/artigo-sobre-depressao-um-guia-completo\/\" \/>\n<meta property=\"og:locale\" content=\"pt_BR\" \/>\n<meta property=\"og:type\" content=\"article\" \/>\n<meta property=\"og:title\" content=\"Artigo sobre Depress\u00e3o: Um Guia Completo\" \/>\n<meta property=\"og:description\" content=\"Descubra os segredos sobre a depress\u00e3o que ningu\u00e9m te contou! Este guia completo pode mudar sua vida e ajudar quem voc\u00ea ama.\" \/>\n<meta property=\"og:url\" content=\"https:\/\/ianima.com.br\/blog\/saude-mental\/artigo-sobre-depressao-um-guia-completo\/\" \/>\n<meta property=\"og:site_name\" content=\"Terapia Online com IANIMA: Inova\u00e7\u00e3o e Aconselhamento. O terapeuta online ao seu alcance.\" \/>\n<meta property=\"article:published_time\" content=\"2025-08-18T23:58:39+00:00\" \/>\n<meta property=\"og:image\" content=\"https:\/\/ianima.com.br\/blog\/wp-content\/uploads\/2025\/08\/1MM-429.webp\" \/>\n\t<meta property=\"og:image:width\" content=\"1536\" \/>\n\t<meta property=\"og:image:height\" content=\"1024\" \/>\n\t<meta property=\"og:image:type\" content=\"image\/webp\" \/>\n<meta name=\"author\" content=\"Wanderlei Talib\" \/>\n<meta name=\"twitter:card\" content=\"summary_large_image\" \/>\n<meta name=\"twitter:label1\" content=\"Escrito por\" \/>\n\t<meta name=\"twitter:data1\" content=\"Wanderlei Talib\" \/>\n\t<meta name=\"twitter:label2\" content=\"Est. tempo de leitura\" \/>\n\t<meta name=\"twitter:data2\" content=\"6 minutos\" \/>\n<script type=\"application\/ld+json\" class=\"yoast-schema-graph\">{\"@context\":\"https:\/\/schema.org\",\"@graph\":[{\"@type\":\"Article\",\"@id\":\"https:\/\/ianima.com.br\/blog\/saude-mental\/artigo-sobre-depressao-um-guia-completo\/#article\",\"isPartOf\":{\"@id\":\"https:\/\/ianima.com.br\/blog\/saude-mental\/artigo-sobre-depressao-um-guia-completo\/\"},\"author\":{\"name\":\"Wanderlei Talib\",\"@id\":\"https:\/\/ianima.com.br\/blog\/#\/schema\/person\/85378d6a819826ce615ae2a7a04f68d8\"},\"headline\":\"Artigo sobre Depress\u00e3o: Um Guia Completo\",\"datePublished\":\"2025-08-18T23:58:39+00:00\",\"dateModified\":\"2025-08-18T23:58:39+00:00\",\"mainEntityOfPage\":{\"@id\":\"https:\/\/ianima.com.br\/blog\/saude-mental\/artigo-sobre-depressao-um-guia-completo\/\"},\"wordCount\":1176,\"publisher\":{\"@id\":\"https:\/\/ianima.com.br\/blog\/#organization\"},\"articleSection\":[\"Sa\u00fade Mental\"],\"inLanguage\":\"pt-BR\"},{\"@type\":[\"WebPage\",\"FAQPage\"],\"@id\":\"https:\/\/ianima.com.br\/blog\/saude-mental\/artigo-sobre-depressao-um-guia-completo\/\",\"url\":\"https:\/\/ianima.com.br\/blog\/saude-mental\/artigo-sobre-depressao-um-guia-completo\/\",\"name\":\"Artigo sobre Depress\u00e3o: Um Guia Completo\",\"isPartOf\":{\"@id\":\"https:\/\/ianima.com.br\/blog\/#website\"},\"datePublished\":\"2025-08-18T23:58:39+00:00\",\"dateModified\":\"2025-08-18T23:58:39+00:00\",\"description\":\"Descubra os segredos sobre a depress\u00e3o que ningu\u00e9m te contou! Este guia completo pode mudar sua vida e ajudar quem voc\u00ea ama.\",\"breadcrumb\":{\"@id\":\"https:\/\/ianima.com.br\/blog\/saude-mental\/artigo-sobre-depressao-um-guia-completo\/#breadcrumb\"},\"mainEntity\":[{\"@id\":\"https:\/\/ianima.com.br\/blog\/saude-mental\/artigo-sobre-depressao-um-guia-completo\/#faq-question-1755561366500\"},{\"@id\":\"https:\/\/ianima.com.br\/blog\/saude-mental\/artigo-sobre-depressao-um-guia-completo\/#faq-question-1755561387043\"},{\"@id\":\"https:\/\/ianima.com.br\/blog\/saude-mental\/artigo-sobre-depressao-um-guia-completo\/#faq-question-1755561408117\"}],\"inLanguage\":\"pt-BR\",\"potentialAction\":[{\"@type\":\"ReadAction\",\"target\":[\"https:\/\/ianima.com.br\/blog\/saude-mental\/artigo-sobre-depressao-um-guia-completo\/\"]}]},{\"@type\":\"BreadcrumbList\",\"@id\":\"https:\/\/ianima.com.br\/blog\/saude-mental\/artigo-sobre-depressao-um-guia-completo\/#breadcrumb\",\"itemListElement\":[{\"@type\":\"ListItem\",\"position\":1,\"name\":\"In\u00edcio\",\"item\":\"https:\/\/ianima.com.br\/blog\/\"},{\"@type\":\"ListItem\",\"position\":2,\"name\":\"Artigo sobre Depress\u00e3o: Um Guia Completo\"}]},{\"@type\":\"WebSite\",\"@id\":\"https:\/\/ianima.com.br\/blog\/#website\",\"url\":\"https:\/\/ianima.com.br\/blog\/\",\"name\":\"Terapia Online com IANIMA: Inova\u00e7\u00e3o e Aconselhamento. O terapeuta online ao seu alcance.\",\"description\":\"Terapia gratuita online com a IAnima, sua terapeuta online. Artigos sobre terapias online, sa\u00fade mental e bem-estar.\",\"publisher\":{\"@id\":\"https:\/\/ianima.com.br\/blog\/#organization\"},\"potentialAction\":[{\"@type\":\"SearchAction\",\"target\":{\"@type\":\"EntryPoint\",\"urlTemplate\":\"https:\/\/ianima.com.br\/blog\/?s={search_term_string}\"},\"query-input\":\"required name=search_term_string\"}],\"inLanguage\":\"pt-BR\"},{\"@type\":\"Organization\",\"@id\":\"https:\/\/ianima.com.br\/blog\/#organization\",\"name\":\"Terapia Online com IANIMA: Inova\u00e7\u00e3o e Aconselhamento. O terapeuta online ao seu alcance.\",\"url\":\"https:\/\/ianima.com.br\/blog\/\",\"logo\":{\"@type\":\"ImageObject\",\"inLanguage\":\"pt-BR\",\"@id\":\"https:\/\/ianima.com.br\/blog\/#\/schema\/logo\/image\/\",\"url\":\"https:\/\/ianima.com.br\/blog\/wp-content\/uploads\/2025\/04\/cropped-IAnima-terapia-online.webp\",\"contentUrl\":\"https:\/\/ianima.com.br\/blog\/wp-content\/uploads\/2025\/04\/cropped-IAnima-terapia-online.webp\",\"width\":819,\"height\":222,\"caption\":\"Terapia Online com IANIMA: Inova\u00e7\u00e3o e Aconselhamento. O terapeuta online ao seu alcance.\"},\"image\":{\"@id\":\"https:\/\/ianima.com.br\/blog\/#\/schema\/logo\/image\/\"}},{\"@type\":\"Person\",\"@id\":\"https:\/\/ianima.com.br\/blog\/#\/schema\/person\/85378d6a819826ce615ae2a7a04f68d8\",\"name\":\"Wanderlei Talib\",\"image\":{\"@type\":\"ImageObject\",\"inLanguage\":\"pt-BR\",\"@id\":\"https:\/\/ianima.com.br\/blog\/#\/schema\/person\/image\/\",\"url\":\"https:\/\/ianima.com.br\/blog\/wp-content\/litespeed\/avatar\/a0461c2b338365ab5dd45a3e926e23c7.jpg?ver=1777055969\",\"contentUrl\":\"https:\/\/ianima.com.br\/blog\/wp-content\/litespeed\/avatar\/a0461c2b338365ab5dd45a3e926e23c7.jpg?ver=1777055969\",\"caption\":\"Wanderlei Talib\"},\"sameAs\":[\"https:\/\/ianima.com.br\/blog\"],\"url\":\"https:\/\/ianima.com.br\/blog\/author\/adminedu\/\"},{\"@type\":\"Question\",\"@id\":\"https:\/\/ianima.com.br\/blog\/saude-mental\/artigo-sobre-depressao-um-guia-completo\/#faq-question-1755561366500\",\"position\":1,\"url\":\"https:\/\/ianima.com.br\/blog\/saude-mental\/artigo-sobre-depressao-um-guia-completo\/#faq-question-1755561366500\",\"name\":\"O que \u00e9 a depress\u00e3o?\",\"answerCount\":1,\"acceptedAnswer\":{\"@type\":\"Answer\",\"text\":\"A depress\u00e3o \u00e9 um transtorno mental que causa sentimentos persistentes de tristeza, des\u00e2nimo e perda de interesse em atividades.\",\"inLanguage\":\"pt-BR\"},\"inLanguage\":\"pt-BR\"},{\"@type\":\"Question\",\"@id\":\"https:\/\/ianima.com.br\/blog\/saude-mental\/artigo-sobre-depressao-um-guia-completo\/#faq-question-1755561387043\",\"position\":2,\"url\":\"https:\/\/ianima.com.br\/blog\/saude-mental\/artigo-sobre-depressao-um-guia-completo\/#faq-question-1755561387043\",\"name\":\"Quais s\u00e3o os sintomas da depress\u00e3o?\",\"answerCount\":1,\"acceptedAnswer\":{\"@type\":\"Answer\",\"text\":\"Os sintomas incluem fadiga, altera\u00e7\u00f5es no sono, mudan\u00e7as no apetite, dificuldade de concentra\u00e7\u00e3o e pensamentos negativos.\",\"inLanguage\":\"pt-BR\"},\"inLanguage\":\"pt-BR\"},{\"@type\":\"Question\",\"@id\":\"https:\/\/ianima.com.br\/blog\/saude-mental\/artigo-sobre-depressao-um-guia-completo\/#faq-question-1755561408117\",\"position\":3,\"url\":\"https:\/\/ianima.com.br\/blog\/saude-mental\/artigo-sobre-depressao-um-guia-completo\/#faq-question-1755561408117\",\"name\":\"Como posso buscar ajuda para a depress\u00e3o?\",\"answerCount\":1,\"acceptedAnswer\":{\"@type\":\"Answer\",\"text\":\"\u00c9 importante conversar com um profissional de sa\u00fade mental, como um psic\u00f3logo ou psiquiatra, que pode oferecer suporte e tratamento adequado.\",\"inLanguage\":\"pt-BR\"},\"inLanguage\":\"pt-BR\"}]}<\/script>\n<!-- \/ Yoast SEO Premium plugin. -->","yoast_head_json":{"title":"Artigo sobre Depress\u00e3o: Um Guia Completo","description":"Descubra os segredos sobre a depress\u00e3o que ningu\u00e9m te contou! Este guia completo pode mudar sua vida e ajudar quem voc\u00ea ama.","robots":{"index":"index","follow":"follow","max-snippet":"max-snippet:-1","max-image-preview":"max-image-preview:large","max-video-preview":"max-video-preview:-1"},"canonical":"https:\/\/ianima.com.br\/blog\/saude-mental\/artigo-sobre-depressao-um-guia-completo\/","og_locale":"pt_BR","og_type":"article","og_title":"Artigo sobre Depress\u00e3o: Um Guia Completo","og_description":"Descubra os segredos sobre a depress\u00e3o que ningu\u00e9m te contou! Este guia completo pode mudar sua vida e ajudar quem voc\u00ea ama.","og_url":"https:\/\/ianima.com.br\/blog\/saude-mental\/artigo-sobre-depressao-um-guia-completo\/","og_site_name":"Terapia Online com IANIMA: Inova\u00e7\u00e3o e Aconselhamento. O terapeuta online ao seu alcance.","article_published_time":"2025-08-18T23:58:39+00:00","og_image":[{"width":1536,"height":1024,"url":"https:\/\/ianima.com.br\/blog\/wp-content\/uploads\/2025\/08\/1MM-429.webp","type":"image\/webp"}],"author":"Wanderlei Talib","twitter_card":"summary_large_image","twitter_misc":{"Escrito por":"Wanderlei Talib","Est. tempo de leitura":"6 minutos"},"schema":{"@context":"https:\/\/schema.org","@graph":[{"@type":"Article","@id":"https:\/\/ianima.com.br\/blog\/saude-mental\/artigo-sobre-depressao-um-guia-completo\/#article","isPartOf":{"@id":"https:\/\/ianima.com.br\/blog\/saude-mental\/artigo-sobre-depressao-um-guia-completo\/"},"author":{"name":"Wanderlei Talib","@id":"https:\/\/ianima.com.br\/blog\/#\/schema\/person\/85378d6a819826ce615ae2a7a04f68d8"},"headline":"Artigo sobre Depress\u00e3o: Um Guia Completo","datePublished":"2025-08-18T23:58:39+00:00","dateModified":"2025-08-18T23:58:39+00:00","mainEntityOfPage":{"@id":"https:\/\/ianima.com.br\/blog\/saude-mental\/artigo-sobre-depressao-um-guia-completo\/"},"wordCount":1176,"publisher":{"@id":"https:\/\/ianima.com.br\/blog\/#organization"},"articleSection":["Sa\u00fade Mental"],"inLanguage":"pt-BR"},{"@type":["WebPage","FAQPage"],"@id":"https:\/\/ianima.com.br\/blog\/saude-mental\/artigo-sobre-depressao-um-guia-completo\/","url":"https:\/\/ianima.com.br\/blog\/saude-mental\/artigo-sobre-depressao-um-guia-completo\/","name":"Artigo sobre Depress\u00e3o: Um Guia Completo","isPartOf":{"@id":"https:\/\/ianima.com.br\/blog\/#website"},"datePublished":"2025-08-18T23:58:39+00:00","dateModified":"2025-08-18T23:58:39+00:00","description":"Descubra os segredos sobre a depress\u00e3o que ningu\u00e9m te contou! Este guia completo pode mudar sua vida e ajudar quem voc\u00ea ama.","breadcrumb":{"@id":"https:\/\/ianima.com.br\/blog\/saude-mental\/artigo-sobre-depressao-um-guia-completo\/#breadcrumb"},"mainEntity":[{"@id":"https:\/\/ianima.com.br\/blog\/saude-mental\/artigo-sobre-depressao-um-guia-completo\/#faq-question-1755561366500"},{"@id":"https:\/\/ianima.com.br\/blog\/saude-mental\/artigo-sobre-depressao-um-guia-completo\/#faq-question-1755561387043"},{"@id":"https:\/\/ianima.com.br\/blog\/saude-mental\/artigo-sobre-depressao-um-guia-completo\/#faq-question-1755561408117"}],"inLanguage":"pt-BR","potentialAction":[{"@type":"ReadAction","target":["https:\/\/ianima.com.br\/blog\/saude-mental\/artigo-sobre-depressao-um-guia-completo\/"]}]},{"@type":"BreadcrumbList","@id":"https:\/\/ianima.com.br\/blog\/saude-mental\/artigo-sobre-depressao-um-guia-completo\/#breadcrumb","itemListElement":[{"@type":"ListItem","position":1,"name":"In\u00edcio","item":"https:\/\/ianima.com.br\/blog\/"},{"@type":"ListItem","position":2,"name":"Artigo sobre Depress\u00e3o: Um Guia Completo"}]},{"@type":"WebSite","@id":"https:\/\/ianima.com.br\/blog\/#website","url":"https:\/\/ianima.com.br\/blog\/","name":"Terapia Online com IANIMA: Inova\u00e7\u00e3o e Aconselhamento. O terapeuta online ao seu alcance.","description":"Terapia gratuita online com a IAnima, sua terapeuta online. Artigos sobre terapias online, sa\u00fade mental e bem-estar.","publisher":{"@id":"https:\/\/ianima.com.br\/blog\/#organization"},"potentialAction":[{"@type":"SearchAction","target":{"@type":"EntryPoint","urlTemplate":"https:\/\/ianima.com.br\/blog\/?s={search_term_string}"},"query-input":"required name=search_term_string"}],"inLanguage":"pt-BR"},{"@type":"Organization","@id":"https:\/\/ianima.com.br\/blog\/#organization","name":"Terapia Online com IANIMA: Inova\u00e7\u00e3o e Aconselhamento. O terapeuta online ao seu alcance.","url":"https:\/\/ianima.com.br\/blog\/","logo":{"@type":"ImageObject","inLanguage":"pt-BR","@id":"https:\/\/ianima.com.br\/blog\/#\/schema\/logo\/image\/","url":"https:\/\/ianima.com.br\/blog\/wp-content\/uploads\/2025\/04\/cropped-IAnima-terapia-online.webp","contentUrl":"https:\/\/ianima.com.br\/blog\/wp-content\/uploads\/2025\/04\/cropped-IAnima-terapia-online.webp","width":819,"height":222,"caption":"Terapia Online com IANIMA: Inova\u00e7\u00e3o e Aconselhamento. O terapeuta online ao seu alcance."},"image":{"@id":"https:\/\/ianima.com.br\/blog\/#\/schema\/logo\/image\/"}},{"@type":"Person","@id":"https:\/\/ianima.com.br\/blog\/#\/schema\/person\/85378d6a819826ce615ae2a7a04f68d8","name":"Wanderlei Talib","image":{"@type":"ImageObject","inLanguage":"pt-BR","@id":"https:\/\/ianima.com.br\/blog\/#\/schema\/person\/image\/","url":"https:\/\/ianima.com.br\/blog\/wp-content\/litespeed\/avatar\/a0461c2b338365ab5dd45a3e926e23c7.jpg?ver=1777055969","contentUrl":"https:\/\/ianima.com.br\/blog\/wp-content\/litespeed\/avatar\/a0461c2b338365ab5dd45a3e926e23c7.jpg?ver=1777055969","caption":"Wanderlei Talib"},"sameAs":["https:\/\/ianima.com.br\/blog"],"url":"https:\/\/ianima.com.br\/blog\/author\/adminedu\/"},{"@type":"Question","@id":"https:\/\/ianima.com.br\/blog\/saude-mental\/artigo-sobre-depressao-um-guia-completo\/#faq-question-1755561366500","position":1,"url":"https:\/\/ianima.com.br\/blog\/saude-mental\/artigo-sobre-depressao-um-guia-completo\/#faq-question-1755561366500","name":"O que \u00e9 a depress\u00e3o?","answerCount":1,"acceptedAnswer":{"@type":"Answer","text":"A depress\u00e3o \u00e9 um transtorno mental que causa sentimentos persistentes de tristeza, des\u00e2nimo e perda de interesse em atividades.","inLanguage":"pt-BR"},"inLanguage":"pt-BR"},{"@type":"Question","@id":"https:\/\/ianima.com.br\/blog\/saude-mental\/artigo-sobre-depressao-um-guia-completo\/#faq-question-1755561387043","position":2,"url":"https:\/\/ianima.com.br\/blog\/saude-mental\/artigo-sobre-depressao-um-guia-completo\/#faq-question-1755561387043","name":"Quais s\u00e3o os sintomas da depress\u00e3o?","answerCount":1,"acceptedAnswer":{"@type":"Answer","text":"Os sintomas incluem fadiga, altera\u00e7\u00f5es no sono, mudan\u00e7as no apetite, dificuldade de concentra\u00e7\u00e3o e pensamentos negativos.","inLanguage":"pt-BR"},"inLanguage":"pt-BR"},{"@type":"Question","@id":"https:\/\/ianima.com.br\/blog\/saude-mental\/artigo-sobre-depressao-um-guia-completo\/#faq-question-1755561408117","position":3,"url":"https:\/\/ianima.com.br\/blog\/saude-mental\/artigo-sobre-depressao-um-guia-completo\/#faq-question-1755561408117","name":"Como posso buscar ajuda para a depress\u00e3o?","answerCount":1,"acceptedAnswer":{"@type":"Answer","text":"\u00c9 importante conversar com um profissional de sa\u00fade mental, como um psic\u00f3logo ou psiquiatra, que pode oferecer suporte e tratamento adequado.","inLanguage":"pt-BR"},"inLanguage":"pt-BR"}]}},"_links":{"self":[{"href":"https:\/\/ianima.com.br\/blog\/wp-json\/wp\/v2\/posts\/10539","targetHints":{"allow":["GET"]}}],"collection":[{"href":"https:\/\/ianima.com.br\/blog\/wp-json\/wp\/v2\/posts"}],"about":[{"href":"https:\/\/ianima.com.br\/blog\/wp-json\/wp\/v2\/types\/post"}],"author":[{"embeddable":true,"href":"https:\/\/ianima.com.br\/blog\/wp-json\/wp\/v2\/users\/1"}],"replies":[{"embeddable":true,"href":"https:\/\/ianima.com.br\/blog\/wp-json\/wp\/v2\/comments?post=10539"}],"version-history":[{"count":1,"href":"https:\/\/ianima.com.br\/blog\/wp-json\/wp\/v2\/posts\/10539\/revisions"}],"predecessor-version":[{"id":10543,"href":"https:\/\/ianima.com.br\/blog\/wp-json\/wp\/v2\/posts\/10539\/revisions\/10543"}],"wp:featuredmedia":[{"embeddable":true,"href":"https:\/\/ianima.com.br\/blog\/wp-json\/wp\/v2\/media\/10541"}],"wp:attachment":[{"href":"https:\/\/ianima.com.br\/blog\/wp-json\/wp\/v2\/media?parent=10539"}],"wp:term":[{"taxonomy":"category","embeddable":true,"href":"https:\/\/ianima.com.br\/blog\/wp-json\/wp\/v2\/categories?post=10539"},{"taxonomy":"post_tag","embeddable":true,"href":"https:\/\/ianima.com.br\/blog\/wp-json\/wp\/v2\/tags?post=10539"}],"curies":[{"name":"wp","href":"https:\/\/api.w.org\/{rel}","templated":true}]}}