{"id":10791,"date":"2025-08-20T05:25:30","date_gmt":"2025-08-20T05:25:30","guid":{"rendered":"https:\/\/ianima.com.br\/blog\/?p=10791"},"modified":"2025-08-20T05:25:30","modified_gmt":"2025-08-20T05:25:30","slug":"causa-da-depressao-um-guia-completo","status":"publish","type":"post","link":"https:\/\/ianima.com.br\/blog\/saude-mental\/causa-da-depressao-um-guia-completo\/","title":{"rendered":"Causa da Depress\u00e3o: Um Guia Completo"},"content":{"rendered":"\n<h2 class=\"wp-block-heading\" id=\"h-os-sinais-e-sintomas-da-causa-da-depressao\">Os Sinais e Sintomas da Causa da Depress\u00e3o<\/h2>\n\n\n\n<p>A <strong>depress\u00e3o<\/strong> costuma se manifestar por meio de sinais claros, mas tamb\u00e9m por sintomas menos \u00f3bvios que passam despercebidos no dia a dia. Entre os mais conhecidos est\u00e3o a tristeza persistente, a falta de energia e a perda de interesse em atividades que antes traziam prazer. Al\u00e9m disso, \u00e9 comum observar altera\u00e7\u00f5es no sono, seja por excesso ou ins\u00f4nia, mudan\u00e7as no apetite, dificuldade de concentra\u00e7\u00e3o e sentimentos de desesperan\u00e7a.<br>Bem como esses sintomas, h\u00e1 sinais mais sutis, como irritabilidade constante, isolamento social e sensa\u00e7\u00e3o de vazio. Por exemplo, uma pessoa pode parecer \u201cfuncionar bem\u201d em sua rotina, mas internamente sentir uma apatia que a impede de aproveitar momentos simples de felicidade.<\/p>\n\n\n\n<h2 class=\"wp-block-heading\" id=\"h-a-psicologia-por-tras-da-vida-real-a-causa-da-depressao-no-dia-a-dia\">A Psicologia por Tr\u00e1s da Vida Real: A Causa da Depress\u00e3o no Dia a Dia *<\/h2>\n\n\n\n<p>Na vida real, a <strong>causa da depress\u00e3o<\/strong> aparece de forma silenciosa, como uma sombra que acompanha os momentos cotidianos. Imagine uma pessoa que, apesar de estar rodeada por amigos, sente-se desconectada, como se estivesse assistindo \u00e0 pr\u00f3pria vida de fora. Do mesmo modo, algu\u00e9m pode se ver cumprindo tarefas no trabalho sem entusiasmo, repetindo movimentos autom\u00e1ticos, como se estivesse \u201cno piloto autom\u00e1tico\u201d.<br>Esses cen\u00e1rios ilustram como a depress\u00e3o impacta as escolhas, reduzindo o brilho de experi\u00eancias simples e dificultando a percep\u00e7\u00e3o de conquistas pessoais.<\/p>\n\n\n\n<h2 class=\"wp-block-heading\" id=\"h-compreendendo-os-momentos-criticos-da-causa-da-depressao\">Compreendendo os Momentos Cr\u00edticos da Causa da Depress\u00e3o<\/h2>\n\n\n\n<p>Os momentos cr\u00edticos da <strong>depress\u00e3o<\/strong> s\u00e3o aqueles em que os sintomas se intensificam e passam a comprometer de maneira significativa a qualidade de vida. Eles podem incluir crises de desesperan\u00e7a, sentimentos recorrentes de inutilidade e pensamentos autodepreciativos. Diferenciar esses momentos de situa\u00e7\u00f5es comuns de tristeza \u00e9 fundamental: enquanto a tristeza costuma ter uma causa espec\u00edfica e se dissolve com o tempo, a depress\u00e3o persiste e se aprofunda.<\/p>\n\n\n\n<h2 class=\"wp-block-heading\" id=\"h-o-que-desencadeia-a-causa-da-depressao\">O Que Desencadeia a Causa da Depress\u00e3o?<\/h2>\n\n\n\n<p>A <strong>causa da depress\u00e3o<\/strong> n\u00e3o \u00e9 \u00fanica, mas multifatorial. Entre os principais gatilhos est\u00e3o fatores gen\u00e9ticos, desequil\u00edbrios qu\u00edmicos no c\u00e9rebro e hist\u00f3rico familiar. Al\u00e9m disso, experi\u00eancias traum\u00e1ticas, press\u00f5es sociais e estresse cr\u00f4nico podem desempenhar pap\u00e9is decisivos. Do mesmo modo, fatores como isolamento, perdas afetivas e falta de suporte emocional podem intensificar esse quadro. \u00c9 a combina\u00e7\u00e3o entre vulnerabilidades internas e influ\u00eancias externas que muitas vezes d\u00e1 origem ao transtorno.<\/p>\n\n\n\n<h2 class=\"wp-block-heading\" id=\"h-mitos-e-verdades-sobre-solucoes-para-a-causa-da-depressao\">Mitos e Verdades sobre Solu\u00e7\u00f5es para a Causa da Depress\u00e3o<\/h2>\n\n\n\n<p>Circulam muitos mitos sobre a <strong>depress\u00e3o<\/strong>. Um dos mais comuns \u00e9 acreditar que \u201cfor\u00e7a de vontade\u201d basta para super\u00e1-la, quando, na realidade, ela envolve aspectos biol\u00f3gicos, psicol\u00f3gicos e sociais. Outro mito \u00e9 pensar que somente medicamentos s\u00e3o capazes de tratar a condi\u00e7\u00e3o, quando, na verdade, existem m\u00faltiplas abordagens que podem contribuir. A verdade \u00e9 que n\u00e3o h\u00e1 solu\u00e7\u00e3o \u00fanica e m\u00e1gica: cada pessoa responde de forma distinta, e a busca por apoio adequado \u00e9 essencial.<\/p>\n\n\n\n<h2 class=\"wp-block-heading\" id=\"h-como-lidar-com-a-causa-da-depressao-no-dia-a-dia\">Como Lidar com a Causa da Depress\u00e3o no Dia a Dia<\/h2>\n\n\n\n<p>Lidar com a <strong>depress\u00e3o<\/strong> diariamente exige pequenas estrat\u00e9gias que podem amenizar o peso dos sintomas. Estabelecer uma rotina de sono regular, praticar atividades f\u00edsicas leves e buscar momentos de conex\u00e3o social s\u00e3o pr\u00e1ticas importantes. Al\u00e9m disso, t\u00e9cnicas de respira\u00e7\u00e3o, registros em di\u00e1rio e a cria\u00e7\u00e3o de metas simples e alcan\u00e7\u00e1veis ajudam a resgatar uma sensa\u00e7\u00e3o de controle sobre a pr\u00f3pria vida.<\/p>\n\n\n\n<h2 class=\"wp-block-heading\" id=\"h-a-causa-da-depressao-no-corpo-e-na-mente-manifestacoes\">A Causa da Depress\u00e3o no Corpo e na Mente: Manifesta\u00e7\u00f5es<\/h2>\n\n\n\n<p>A <strong>depress\u00e3o<\/strong> n\u00e3o afeta apenas as emo\u00e7\u00f5es: ela se manifesta tamb\u00e9m no corpo. Entre as queixas f\u00edsicas mais comuns est\u00e3o dores de cabe\u00e7a, fadiga constante, tens\u00f5es musculares e problemas gastrointestinais. Mentalmente, gera lentid\u00e3o no racioc\u00ednio, dificuldade de mem\u00f3ria e uma sensa\u00e7\u00e3o persistente de incapacidade. Essa conex\u00e3o mostra como mente e corpo est\u00e3o profundamente interligados.<\/p>\n\n\n\n<h2 class=\"wp-block-heading\" id=\"h-depressao-pos-trauma-uma-perspectiva-ampliada\">Depress\u00e3o P\u00f3s-Trauma: Uma Perspectiva Ampliada<\/h2>\n\n\n\n<p>Uma varia\u00e7\u00e3o importante da <strong>causa da depress\u00e3o<\/strong> \u00e9 a relacionada a traumas. Situa\u00e7\u00f5es como acidentes, viol\u00eancias ou perdas marcantes podem deixar cicatrizes emocionais profundas, resultando em uma depress\u00e3o que se prolonga no tempo. Nesse caso, a mem\u00f3ria do evento traum\u00e1tico funciona como gatilho recorrente, mantendo os sintomas ativos.<\/p>\n\n\n\n<h2 class=\"wp-block-heading\" id=\"h-quem-busca-alivio-para-a-causa-da-depressao\">Quem Busca Al\u00edvio para a Causa da Depress\u00e3o?<\/h2>\n\n\n\n<p>Pessoas de todas as idades e perfis podem buscar respostas para a <strong>depress\u00e3o<\/strong>. Jovens enfrentam a press\u00e3o social e acad\u00eamica; adultos podem lidar com estresse profissional e responsabilidades familiares; idosos, por sua vez, podem sentir os impactos da solid\u00e3o e de perdas afetivas. Em cada fase da vida, a experi\u00eancia da depress\u00e3o assume formas diferentes, mas a busca por compreens\u00e3o e al\u00edvio \u00e9 sempre presente.<\/p>\n\n\n\n<h3 class=\"wp-block-heading\" id=\"h-diferentes-abordagens-para-lidar-com-a-causa-da-depressao\">Diferentes Abordagens para Lidar com a Causa da Depress\u00e3o<\/h3>\n\n\n\n<p>Existem diversas maneiras de lidar com a <strong>depress\u00e3o<\/strong>:<\/p>\n\n\n\n<ul class=\"wp-block-list\">\n<li>Psicoterapia, que oferece espa\u00e7o seguro para reflex\u00e3o;<\/li>\n\n\n\n<li>Mudan\u00e7as de h\u00e1bitos, como pr\u00e1tica de atividades f\u00edsicas e alimenta\u00e7\u00e3o equilibrada;<\/li>\n\n\n\n<li>Estrat\u00e9gias de autocuidado, como medita\u00e7\u00e3o e t\u00e9cnicas de relaxamento.<\/li>\n<\/ul>\n\n\n\n<h3 class=\"wp-block-heading\" id=\"h-sinais-de-alerta-quando-buscar-ajuda-profissional\">Sinais de Alerta: Quando Buscar Ajuda Profissional<\/h3>\n\n\n\n<p>Se os sintomas se tornam intensos, persistentes e afetam a capacidade de manter uma vida funcional, \u00e9 momento de procurar ajuda profissional. Pensamentos autodepreciativos ou idea\u00e7\u00e3o suicida s\u00e3o sinais claros de que o apoio especializado \u00e9 indispens\u00e1vel.<\/p>\n\n\n\n<h3 class=\"wp-block-heading\" id=\"h-recursos-e-informacoes-confiaveis-sobre-a-causa-da-depressao\">Recursos e Informa\u00e7\u00f5es Confi\u00e1veis sobre a Causa da Depress\u00e3o<\/h3>\n\n\n\n<p>Informa\u00e7\u00f5es confi\u00e1veis podem ser encontradas em sites de organiza\u00e7\u00f5es de sa\u00fade mental, associa\u00e7\u00f5es m\u00e9dicas e institutos de pesquisa reconhecidos. Buscar fontes s\u00e9rias \u00e9 essencial para evitar informa\u00e7\u00f5es equivocadas.<\/p>\n\n\n\n<h3 class=\"wp-block-heading\" id=\"h-dicas-para-acao-imediata-em-momentos-de-depressao\">Dicas para A\u00e7\u00e3o Imediata em Momentos de Depress\u00e3o<\/h3>\n\n\n\n<p>Em momentos de maior intensidade, pequenas a\u00e7\u00f5es podem ajudar: respirar profundamente, entrar em contato com algu\u00e9m de confian\u00e7a, fazer uma breve caminhada ou ouvir uma m\u00fasica que traga calma. Essas estrat\u00e9gias simples oferecem al\u00edvio tempor\u00e1rio e ajudam a reduzir a sobrecarga emocional.<\/p>\n\n\n\n<h2 class=\"wp-block-heading\" id=\"h-conclusao\">Conclus\u00e3o<\/h2>\n\n\n\n<p>Em suma, compreender a <strong>causa da depress\u00e3o<\/strong> \u00e9 um passo essencial para reconhecer sinais, desmistificar cren\u00e7as equivocadas e identificar caminhos poss\u00edveis de enfrentamento. Ainda que n\u00e3o exista uma resposta \u00fanica, o conhecimento sobre os fatores que influenciam esse quadro pode abrir portas para novas formas de cuidado e apoio.<br>Se voc\u00ea se identifica com esses sinais, buscar informa\u00e7\u00e3o e apoio pode ser o primeiro passo para uma vida mais leve e equilibrada!<\/p>\n\n\n\n<p>* Essas narrativas s\u00e3o fict\u00edcias mas inspiradas em situa\u00e7\u00f5es comumente vivenciadas nos estudos e na cl\u00ednica psicol\u00f3gica.<\/p>\n\n\n\n<figure class=\"wp-block-image aligncenter size-large is-resized\"><img fetchpriority=\"high\" decoding=\"async\" width=\"1024\" height=\"683\" src=\"https:\/\/ianima.com.br\/blog\/wp-content\/uploads\/2025\/08\/2MM-480-1024x683.webp\" alt=\"Causa da Depress\u00e3o: Um Guia Completo\" class=\"wp-image-10794\" style=\"width:500px\" srcset=\"https:\/\/ianima.com.br\/blog\/wp-content\/uploads\/2025\/08\/2MM-480-1024x683.webp 1024w, https:\/\/ianima.com.br\/blog\/wp-content\/uploads\/2025\/08\/2MM-480-300x200.webp 300w, https:\/\/ianima.com.br\/blog\/wp-content\/uploads\/2025\/08\/2MM-480-768x512.webp 768w, https:\/\/ianima.com.br\/blog\/wp-content\/uploads\/2025\/08\/2MM-480.webp 1536w\" sizes=\"(max-width: 1024px) 100vw, 1024px\" \/><\/figure>\n\n\n\n<h2 class=\"wp-block-heading\" id=\"h-perguntas-frequentes-faq\">Perguntas Frequentes (FAQ)<\/h2>\n\n\n\n<div class=\"schema-faq wp-block-yoast-faq-block\"><div class=\"schema-faq-section\" id=\"faq-question-1755667287390\"><strong class=\"schema-faq-question\">Quais s\u00e3o as principais causas da depress\u00e3o?<\/strong> <p class=\"schema-faq-answer\">As principais causas da depress\u00e3o incluem fatores gen\u00e9ticos, desequil\u00edbrios qu\u00edmicos no c\u00e9rebro, estresse e traumas, al\u00e9m de quest\u00f5es ambientais.<\/p> <\/div> <div class=\"schema-faq-section\" id=\"faq-question-1755667309983\"><strong class=\"schema-faq-question\">A depress\u00e3o pode ser causada por problemas no trabalho?<\/strong> <p class=\"schema-faq-answer\">Sim, problemas no trabalho como press\u00e3o excessiva, falta de reconhecimento e ambientes t\u00f3xicos podem contribuir para o surgimento da depress\u00e3o.<\/p> <\/div> <div class=\"schema-faq-section\" id=\"faq-question-1755667333218\"><strong class=\"schema-faq-question\">A depress\u00e3o \u00e9 heredit\u00e1ria?<\/strong> <p class=\"schema-faq-answer\">Sim, a depress\u00e3o pode ter um componente heredit\u00e1rio, ou seja, se algu\u00e9m na sua fam\u00edlia j\u00e1 teve, voc\u00ea pode ter uma predisposi\u00e7\u00e3o maior.<\/p> <\/div> <\/div>\n\n\n\n<ul class=\"wp-block-yoast-seo-related-links\"><li><a href=\"https:\/\/ianima.com.br\/blog\/saude-mental\/causa-da-depressao-sinais-fatores-e-como-lidar\/\">Causa da Depress\u00e3o: Sinais, Fatores e Como Lidar<\/a><\/li><li><a href=\"https:\/\/ianima.com.br\/blog\/saude-mental\/depressao-causa-fatores-mais-importantes-e-o-que-fazer\/\">Depress\u00e3o causa: fatores mais importantes e o que fazer<\/a><\/li><li><a href=\"https:\/\/ianima.com.br\/blog\/saude-mental\/ansiedade-o-que-causa-fatores-e-sinais-que-voce-precisa-saber\/\">Ansiedade o que causa: Fatores e Sinais que Voc\u00ea Precisa Saber<\/a><\/li><li><a href=\"https:\/\/ianima.com.br\/blog\/saude-mental\/depressao-o-que-causa-sintomas-e-caminhos\/\">Depress\u00e3o: O Que Causa, Sintomas e Caminhos<\/a><\/li><li><a href=\"https:\/\/ianima.com.br\/blog\/saude-mental\/o-que-causa-depressao-tudo-que-voce-precisa-saber\/\">O Que Causa Depress\u00e3o? Tudo que Voc\u00ea Precisa Saber<\/a><\/li><\/ul>\n","protected":false},"excerpt":{"rendered":"<p>Os Sinais e Sintomas da Causa da Depress\u00e3o A depress\u00e3o costuma se manifestar por meio de sinais claros, mas tamb\u00e9m por sintomas menos \u00f3bvios que passam despercebidos no dia a dia. Entre os mais conhecidos est\u00e3o a tristeza persistente, a falta de energia e a perda de interesse em atividades que antes traziam prazer. Al\u00e9m [&hellip;]<\/p>\n","protected":false},"author":1,"featured_media":10793,"comment_status":"closed","ping_status":"closed","sticky":false,"template":"","format":"standard","meta":{"site-sidebar-layout":"default","site-content-layout":"","ast-site-content-layout":"default","site-content-style":"default","site-sidebar-style":"default","ast-global-header-display":"","ast-banner-title-visibility":"","ast-main-header-display":"","ast-hfb-above-header-display":"","ast-hfb-below-header-display":"","ast-hfb-mobile-header-display":"","site-post-title":"","ast-breadcrumbs-content":"","ast-featured-img":"","footer-sml-layout":"","theme-transparent-header-meta":"","adv-header-id-meta":"","stick-header-meta":"","header-above-stick-meta":"","header-main-stick-meta":"","header-below-stick-meta":"","astra-migrate-meta-layouts":"set","ast-page-background-enabled":"default","ast-page-background-meta":{"desktop":{"background-color":"","background-image":"","background-repeat":"repeat","background-position":"center center","background-size":"auto","background-attachment":"scroll","background-type":"","background-media":"","overlay-type":"","overlay-color":"","overlay-opacity":"","overlay-gradient":""},"tablet":{"background-color":"","background-image":"","background-repeat":"repeat","background-position":"center center","background-size":"auto","background-attachment":"scroll","background-type":"","background-media":"","overlay-type":"","overlay-color":"","overlay-opacity":"","overlay-gradient":""},"mobile":{"background-color":"","background-image":"","background-repeat":"repeat","background-position":"center center","background-size":"auto","background-attachment":"scroll","background-type":"","background-media":"","overlay-type":"","overlay-color":"","overlay-opacity":"","overlay-gradient":""}},"ast-content-background-meta":{"desktop":{"background-color":"var(--ast-global-color-5)","background-image":"","background-repeat":"repeat","background-position":"center center","background-size":"auto","background-attachment":"scroll","background-type":"","background-media":"","overlay-type":"","overlay-color":"","overlay-opacity":"","overlay-gradient":""},"tablet":{"background-color":"var(--ast-global-color-5)","background-image":"","background-repeat":"repeat","background-position":"center center","background-size":"auto","background-attachment":"scroll","background-type":"","background-media":"","overlay-type":"","overlay-color":"","overlay-opacity":"","overlay-gradient":""},"mobile":{"background-color":"var(--ast-global-color-5)","background-image":"","background-repeat":"repeat","background-position":"center center","background-size":"auto","background-attachment":"scroll","background-type":"","background-media":"","overlay-type":"","overlay-color":"","overlay-opacity":"","overlay-gradient":""}},"footnotes":""},"categories":[24],"tags":[],"class_list":["post-10791","post","type-post","status-publish","format-standard","has-post-thumbnail","hentry","category-saude-mental"],"yoast_head":"<!-- This site is optimized with the Yoast SEO Premium plugin v20.8 (Yoast SEO v20.8) - https:\/\/yoast.com\/wordpress\/plugins\/seo\/ -->\n<title>Causa da Depress\u00e3o: Um Guia Completo<\/title>\n<meta name=\"description\" content=\"Descubra os segredos por tr\u00e1s da depress\u00e3o! Este guia completo revela causas surpreendentes que voc\u00ea nunca imaginou. N\u00e3o perca!\" \/>\n<meta name=\"robots\" content=\"index, follow, max-snippet:-1, max-image-preview:large, max-video-preview:-1\" \/>\n<link rel=\"canonical\" href=\"https:\/\/ianima.com.br\/blog\/saude-mental\/causa-da-depressao-um-guia-completo\/\" \/>\n<meta property=\"og:locale\" content=\"pt_BR\" \/>\n<meta property=\"og:type\" content=\"article\" \/>\n<meta property=\"og:title\" content=\"Causa da Depress\u00e3o: Um Guia Completo\" \/>\n<meta property=\"og:description\" content=\"Descubra os segredos por tr\u00e1s da depress\u00e3o! Este guia completo revela causas surpreendentes que voc\u00ea nunca imaginou. N\u00e3o perca!\" \/>\n<meta property=\"og:url\" content=\"https:\/\/ianima.com.br\/blog\/saude-mental\/causa-da-depressao-um-guia-completo\/\" \/>\n<meta property=\"og:site_name\" content=\"Terapia Online com IANIMA: Inova\u00e7\u00e3o e Aconselhamento. O terapeuta online ao seu alcance.\" \/>\n<meta property=\"article:published_time\" content=\"2025-08-20T05:25:30+00:00\" \/>\n<meta property=\"og:image\" content=\"https:\/\/ianima.com.br\/blog\/wp-content\/uploads\/2025\/08\/1MM-480.webp\" \/>\n\t<meta property=\"og:image:width\" content=\"1024\" \/>\n\t<meta property=\"og:image:height\" content=\"1024\" \/>\n\t<meta property=\"og:image:type\" content=\"image\/webp\" \/>\n<meta name=\"author\" content=\"Wanderlei Talib\" \/>\n<meta name=\"twitter:card\" content=\"summary_large_image\" \/>\n<meta name=\"twitter:label1\" content=\"Escrito por\" \/>\n\t<meta name=\"twitter:data1\" content=\"Wanderlei Talib\" \/>\n\t<meta name=\"twitter:label2\" content=\"Est. tempo de leitura\" \/>\n\t<meta name=\"twitter:data2\" content=\"7 minutos\" \/>\n<script type=\"application\/ld+json\" class=\"yoast-schema-graph\">{\"@context\":\"https:\/\/schema.org\",\"@graph\":[{\"@type\":\"Article\",\"@id\":\"https:\/\/ianima.com.br\/blog\/saude-mental\/causa-da-depressao-um-guia-completo\/#article\",\"isPartOf\":{\"@id\":\"https:\/\/ianima.com.br\/blog\/saude-mental\/causa-da-depressao-um-guia-completo\/\"},\"author\":{\"name\":\"Wanderlei Talib\",\"@id\":\"https:\/\/ianima.com.br\/blog\/#\/schema\/person\/85378d6a819826ce615ae2a7a04f68d8\"},\"headline\":\"Causa da Depress\u00e3o: Um Guia Completo\",\"datePublished\":\"2025-08-20T05:25:30+00:00\",\"dateModified\":\"2025-08-20T05:25:30+00:00\",\"mainEntityOfPage\":{\"@id\":\"https:\/\/ianima.com.br\/blog\/saude-mental\/causa-da-depressao-um-guia-completo\/\"},\"wordCount\":1281,\"publisher\":{\"@id\":\"https:\/\/ianima.com.br\/blog\/#organization\"},\"articleSection\":[\"Sa\u00fade Mental\"],\"inLanguage\":\"pt-BR\"},{\"@type\":[\"WebPage\",\"FAQPage\"],\"@id\":\"https:\/\/ianima.com.br\/blog\/saude-mental\/causa-da-depressao-um-guia-completo\/\",\"url\":\"https:\/\/ianima.com.br\/blog\/saude-mental\/causa-da-depressao-um-guia-completo\/\",\"name\":\"Causa da Depress\u00e3o: Um Guia Completo\",\"isPartOf\":{\"@id\":\"https:\/\/ianima.com.br\/blog\/#website\"},\"datePublished\":\"2025-08-20T05:25:30+00:00\",\"dateModified\":\"2025-08-20T05:25:30+00:00\",\"description\":\"Descubra os segredos por tr\u00e1s da depress\u00e3o! Este guia completo revela causas surpreendentes que voc\u00ea nunca imaginou. N\u00e3o perca!\",\"breadcrumb\":{\"@id\":\"https:\/\/ianima.com.br\/blog\/saude-mental\/causa-da-depressao-um-guia-completo\/#breadcrumb\"},\"mainEntity\":[{\"@id\":\"https:\/\/ianima.com.br\/blog\/saude-mental\/causa-da-depressao-um-guia-completo\/#faq-question-1755667287390\"},{\"@id\":\"https:\/\/ianima.com.br\/blog\/saude-mental\/causa-da-depressao-um-guia-completo\/#faq-question-1755667309983\"},{\"@id\":\"https:\/\/ianima.com.br\/blog\/saude-mental\/causa-da-depressao-um-guia-completo\/#faq-question-1755667333218\"}],\"inLanguage\":\"pt-BR\",\"potentialAction\":[{\"@type\":\"ReadAction\",\"target\":[\"https:\/\/ianima.com.br\/blog\/saude-mental\/causa-da-depressao-um-guia-completo\/\"]}]},{\"@type\":\"BreadcrumbList\",\"@id\":\"https:\/\/ianima.com.br\/blog\/saude-mental\/causa-da-depressao-um-guia-completo\/#breadcrumb\",\"itemListElement\":[{\"@type\":\"ListItem\",\"position\":1,\"name\":\"In\u00edcio\",\"item\":\"https:\/\/ianima.com.br\/blog\/\"},{\"@type\":\"ListItem\",\"position\":2,\"name\":\"Causa da Depress\u00e3o: Um Guia Completo\"}]},{\"@type\":\"WebSite\",\"@id\":\"https:\/\/ianima.com.br\/blog\/#website\",\"url\":\"https:\/\/ianima.com.br\/blog\/\",\"name\":\"Terapia Online com IANIMA: Inova\u00e7\u00e3o e Aconselhamento. O terapeuta online ao seu alcance.\",\"description\":\"Terapia gratuita online com a IAnima, sua terapeuta online. Artigos sobre terapias online, sa\u00fade mental e bem-estar.\",\"publisher\":{\"@id\":\"https:\/\/ianima.com.br\/blog\/#organization\"},\"potentialAction\":[{\"@type\":\"SearchAction\",\"target\":{\"@type\":\"EntryPoint\",\"urlTemplate\":\"https:\/\/ianima.com.br\/blog\/?s={search_term_string}\"},\"query-input\":\"required name=search_term_string\"}],\"inLanguage\":\"pt-BR\"},{\"@type\":\"Organization\",\"@id\":\"https:\/\/ianima.com.br\/blog\/#organization\",\"name\":\"Terapia Online com IANIMA: Inova\u00e7\u00e3o e Aconselhamento. O terapeuta online ao seu alcance.\",\"url\":\"https:\/\/ianima.com.br\/blog\/\",\"logo\":{\"@type\":\"ImageObject\",\"inLanguage\":\"pt-BR\",\"@id\":\"https:\/\/ianima.com.br\/blog\/#\/schema\/logo\/image\/\",\"url\":\"https:\/\/ianima.com.br\/blog\/wp-content\/uploads\/2025\/04\/cropped-IAnima-terapia-online.webp\",\"contentUrl\":\"https:\/\/ianima.com.br\/blog\/wp-content\/uploads\/2025\/04\/cropped-IAnima-terapia-online.webp\",\"width\":819,\"height\":222,\"caption\":\"Terapia Online com IANIMA: Inova\u00e7\u00e3o e Aconselhamento. O terapeuta online ao seu alcance.\"},\"image\":{\"@id\":\"https:\/\/ianima.com.br\/blog\/#\/schema\/logo\/image\/\"}},{\"@type\":\"Person\",\"@id\":\"https:\/\/ianima.com.br\/blog\/#\/schema\/person\/85378d6a819826ce615ae2a7a04f68d8\",\"name\":\"Wanderlei Talib\",\"image\":{\"@type\":\"ImageObject\",\"inLanguage\":\"pt-BR\",\"@id\":\"https:\/\/ianima.com.br\/blog\/#\/schema\/person\/image\/\",\"url\":\"https:\/\/ianima.com.br\/blog\/wp-content\/litespeed\/avatar\/a0461c2b338365ab5dd45a3e926e23c7.jpg?ver=1777055969\",\"contentUrl\":\"https:\/\/ianima.com.br\/blog\/wp-content\/litespeed\/avatar\/a0461c2b338365ab5dd45a3e926e23c7.jpg?ver=1777055969\",\"caption\":\"Wanderlei Talib\"},\"sameAs\":[\"https:\/\/ianima.com.br\/blog\"],\"url\":\"https:\/\/ianima.com.br\/blog\/author\/adminedu\/\"},{\"@type\":\"Question\",\"@id\":\"https:\/\/ianima.com.br\/blog\/saude-mental\/causa-da-depressao-um-guia-completo\/#faq-question-1755667287390\",\"position\":1,\"url\":\"https:\/\/ianima.com.br\/blog\/saude-mental\/causa-da-depressao-um-guia-completo\/#faq-question-1755667287390\",\"name\":\"Quais s\u00e3o as principais causas da depress\u00e3o?\",\"answerCount\":1,\"acceptedAnswer\":{\"@type\":\"Answer\",\"text\":\"As principais causas da depress\u00e3o incluem fatores gen\u00e9ticos, desequil\u00edbrios qu\u00edmicos no c\u00e9rebro, estresse e traumas, al\u00e9m de quest\u00f5es ambientais.\",\"inLanguage\":\"pt-BR\"},\"inLanguage\":\"pt-BR\"},{\"@type\":\"Question\",\"@id\":\"https:\/\/ianima.com.br\/blog\/saude-mental\/causa-da-depressao-um-guia-completo\/#faq-question-1755667309983\",\"position\":2,\"url\":\"https:\/\/ianima.com.br\/blog\/saude-mental\/causa-da-depressao-um-guia-completo\/#faq-question-1755667309983\",\"name\":\"A depress\u00e3o pode ser causada por problemas no trabalho?\",\"answerCount\":1,\"acceptedAnswer\":{\"@type\":\"Answer\",\"text\":\"Sim, problemas no trabalho como press\u00e3o excessiva, falta de reconhecimento e ambientes t\u00f3xicos podem contribuir para o surgimento da depress\u00e3o.\",\"inLanguage\":\"pt-BR\"},\"inLanguage\":\"pt-BR\"},{\"@type\":\"Question\",\"@id\":\"https:\/\/ianima.com.br\/blog\/saude-mental\/causa-da-depressao-um-guia-completo\/#faq-question-1755667333218\",\"position\":3,\"url\":\"https:\/\/ianima.com.br\/blog\/saude-mental\/causa-da-depressao-um-guia-completo\/#faq-question-1755667333218\",\"name\":\"A depress\u00e3o \u00e9 heredit\u00e1ria?\",\"answerCount\":1,\"acceptedAnswer\":{\"@type\":\"Answer\",\"text\":\"Sim, a depress\u00e3o pode ter um componente heredit\u00e1rio, ou seja, se algu\u00e9m na sua fam\u00edlia j\u00e1 teve, voc\u00ea pode ter uma predisposi\u00e7\u00e3o maior.\",\"inLanguage\":\"pt-BR\"},\"inLanguage\":\"pt-BR\"}]}<\/script>\n<!-- \/ Yoast SEO Premium plugin. -->","yoast_head_json":{"title":"Causa da Depress\u00e3o: Um Guia Completo","description":"Descubra os segredos por tr\u00e1s da depress\u00e3o! Este guia completo revela causas surpreendentes que voc\u00ea nunca imaginou. N\u00e3o perca!","robots":{"index":"index","follow":"follow","max-snippet":"max-snippet:-1","max-image-preview":"max-image-preview:large","max-video-preview":"max-video-preview:-1"},"canonical":"https:\/\/ianima.com.br\/blog\/saude-mental\/causa-da-depressao-um-guia-completo\/","og_locale":"pt_BR","og_type":"article","og_title":"Causa da Depress\u00e3o: Um Guia Completo","og_description":"Descubra os segredos por tr\u00e1s da depress\u00e3o! Este guia completo revela causas surpreendentes que voc\u00ea nunca imaginou. N\u00e3o perca!","og_url":"https:\/\/ianima.com.br\/blog\/saude-mental\/causa-da-depressao-um-guia-completo\/","og_site_name":"Terapia Online com IANIMA: Inova\u00e7\u00e3o e Aconselhamento. O terapeuta online ao seu alcance.","article_published_time":"2025-08-20T05:25:30+00:00","og_image":[{"width":1024,"height":1024,"url":"https:\/\/ianima.com.br\/blog\/wp-content\/uploads\/2025\/08\/1MM-480.webp","type":"image\/webp"}],"author":"Wanderlei Talib","twitter_card":"summary_large_image","twitter_misc":{"Escrito por":"Wanderlei Talib","Est. tempo de leitura":"7 minutos"},"schema":{"@context":"https:\/\/schema.org","@graph":[{"@type":"Article","@id":"https:\/\/ianima.com.br\/blog\/saude-mental\/causa-da-depressao-um-guia-completo\/#article","isPartOf":{"@id":"https:\/\/ianima.com.br\/blog\/saude-mental\/causa-da-depressao-um-guia-completo\/"},"author":{"name":"Wanderlei Talib","@id":"https:\/\/ianima.com.br\/blog\/#\/schema\/person\/85378d6a819826ce615ae2a7a04f68d8"},"headline":"Causa da Depress\u00e3o: Um Guia Completo","datePublished":"2025-08-20T05:25:30+00:00","dateModified":"2025-08-20T05:25:30+00:00","mainEntityOfPage":{"@id":"https:\/\/ianima.com.br\/blog\/saude-mental\/causa-da-depressao-um-guia-completo\/"},"wordCount":1281,"publisher":{"@id":"https:\/\/ianima.com.br\/blog\/#organization"},"articleSection":["Sa\u00fade Mental"],"inLanguage":"pt-BR"},{"@type":["WebPage","FAQPage"],"@id":"https:\/\/ianima.com.br\/blog\/saude-mental\/causa-da-depressao-um-guia-completo\/","url":"https:\/\/ianima.com.br\/blog\/saude-mental\/causa-da-depressao-um-guia-completo\/","name":"Causa da Depress\u00e3o: Um Guia Completo","isPartOf":{"@id":"https:\/\/ianima.com.br\/blog\/#website"},"datePublished":"2025-08-20T05:25:30+00:00","dateModified":"2025-08-20T05:25:30+00:00","description":"Descubra os segredos por tr\u00e1s da depress\u00e3o! Este guia completo revela causas surpreendentes que voc\u00ea nunca imaginou. N\u00e3o perca!","breadcrumb":{"@id":"https:\/\/ianima.com.br\/blog\/saude-mental\/causa-da-depressao-um-guia-completo\/#breadcrumb"},"mainEntity":[{"@id":"https:\/\/ianima.com.br\/blog\/saude-mental\/causa-da-depressao-um-guia-completo\/#faq-question-1755667287390"},{"@id":"https:\/\/ianima.com.br\/blog\/saude-mental\/causa-da-depressao-um-guia-completo\/#faq-question-1755667309983"},{"@id":"https:\/\/ianima.com.br\/blog\/saude-mental\/causa-da-depressao-um-guia-completo\/#faq-question-1755667333218"}],"inLanguage":"pt-BR","potentialAction":[{"@type":"ReadAction","target":["https:\/\/ianima.com.br\/blog\/saude-mental\/causa-da-depressao-um-guia-completo\/"]}]},{"@type":"BreadcrumbList","@id":"https:\/\/ianima.com.br\/blog\/saude-mental\/causa-da-depressao-um-guia-completo\/#breadcrumb","itemListElement":[{"@type":"ListItem","position":1,"name":"In\u00edcio","item":"https:\/\/ianima.com.br\/blog\/"},{"@type":"ListItem","position":2,"name":"Causa da Depress\u00e3o: Um Guia Completo"}]},{"@type":"WebSite","@id":"https:\/\/ianima.com.br\/blog\/#website","url":"https:\/\/ianima.com.br\/blog\/","name":"Terapia Online com IANIMA: Inova\u00e7\u00e3o e Aconselhamento. O terapeuta online ao seu alcance.","description":"Terapia gratuita online com a IAnima, sua terapeuta online. Artigos sobre terapias online, sa\u00fade mental e bem-estar.","publisher":{"@id":"https:\/\/ianima.com.br\/blog\/#organization"},"potentialAction":[{"@type":"SearchAction","target":{"@type":"EntryPoint","urlTemplate":"https:\/\/ianima.com.br\/blog\/?s={search_term_string}"},"query-input":"required name=search_term_string"}],"inLanguage":"pt-BR"},{"@type":"Organization","@id":"https:\/\/ianima.com.br\/blog\/#organization","name":"Terapia Online com IANIMA: Inova\u00e7\u00e3o e Aconselhamento. O terapeuta online ao seu alcance.","url":"https:\/\/ianima.com.br\/blog\/","logo":{"@type":"ImageObject","inLanguage":"pt-BR","@id":"https:\/\/ianima.com.br\/blog\/#\/schema\/logo\/image\/","url":"https:\/\/ianima.com.br\/blog\/wp-content\/uploads\/2025\/04\/cropped-IAnima-terapia-online.webp","contentUrl":"https:\/\/ianima.com.br\/blog\/wp-content\/uploads\/2025\/04\/cropped-IAnima-terapia-online.webp","width":819,"height":222,"caption":"Terapia Online com IANIMA: Inova\u00e7\u00e3o e Aconselhamento. O terapeuta online ao seu alcance."},"image":{"@id":"https:\/\/ianima.com.br\/blog\/#\/schema\/logo\/image\/"}},{"@type":"Person","@id":"https:\/\/ianima.com.br\/blog\/#\/schema\/person\/85378d6a819826ce615ae2a7a04f68d8","name":"Wanderlei Talib","image":{"@type":"ImageObject","inLanguage":"pt-BR","@id":"https:\/\/ianima.com.br\/blog\/#\/schema\/person\/image\/","url":"https:\/\/ianima.com.br\/blog\/wp-content\/litespeed\/avatar\/a0461c2b338365ab5dd45a3e926e23c7.jpg?ver=1777055969","contentUrl":"https:\/\/ianima.com.br\/blog\/wp-content\/litespeed\/avatar\/a0461c2b338365ab5dd45a3e926e23c7.jpg?ver=1777055969","caption":"Wanderlei Talib"},"sameAs":["https:\/\/ianima.com.br\/blog"],"url":"https:\/\/ianima.com.br\/blog\/author\/adminedu\/"},{"@type":"Question","@id":"https:\/\/ianima.com.br\/blog\/saude-mental\/causa-da-depressao-um-guia-completo\/#faq-question-1755667287390","position":1,"url":"https:\/\/ianima.com.br\/blog\/saude-mental\/causa-da-depressao-um-guia-completo\/#faq-question-1755667287390","name":"Quais s\u00e3o as principais causas da depress\u00e3o?","answerCount":1,"acceptedAnswer":{"@type":"Answer","text":"As principais causas da depress\u00e3o incluem fatores gen\u00e9ticos, desequil\u00edbrios qu\u00edmicos no c\u00e9rebro, estresse e traumas, al\u00e9m de quest\u00f5es ambientais.","inLanguage":"pt-BR"},"inLanguage":"pt-BR"},{"@type":"Question","@id":"https:\/\/ianima.com.br\/blog\/saude-mental\/causa-da-depressao-um-guia-completo\/#faq-question-1755667309983","position":2,"url":"https:\/\/ianima.com.br\/blog\/saude-mental\/causa-da-depressao-um-guia-completo\/#faq-question-1755667309983","name":"A depress\u00e3o pode ser causada por problemas no trabalho?","answerCount":1,"acceptedAnswer":{"@type":"Answer","text":"Sim, problemas no trabalho como press\u00e3o excessiva, falta de reconhecimento e ambientes t\u00f3xicos podem contribuir para o surgimento da depress\u00e3o.","inLanguage":"pt-BR"},"inLanguage":"pt-BR"},{"@type":"Question","@id":"https:\/\/ianima.com.br\/blog\/saude-mental\/causa-da-depressao-um-guia-completo\/#faq-question-1755667333218","position":3,"url":"https:\/\/ianima.com.br\/blog\/saude-mental\/causa-da-depressao-um-guia-completo\/#faq-question-1755667333218","name":"A depress\u00e3o \u00e9 heredit\u00e1ria?","answerCount":1,"acceptedAnswer":{"@type":"Answer","text":"Sim, a depress\u00e3o pode ter um componente heredit\u00e1rio, ou seja, se algu\u00e9m na sua fam\u00edlia j\u00e1 teve, voc\u00ea pode ter uma predisposi\u00e7\u00e3o maior.","inLanguage":"pt-BR"},"inLanguage":"pt-BR"}]}},"_links":{"self":[{"href":"https:\/\/ianima.com.br\/blog\/wp-json\/wp\/v2\/posts\/10791","targetHints":{"allow":["GET"]}}],"collection":[{"href":"https:\/\/ianima.com.br\/blog\/wp-json\/wp\/v2\/posts"}],"about":[{"href":"https:\/\/ianima.com.br\/blog\/wp-json\/wp\/v2\/types\/post"}],"author":[{"embeddable":true,"href":"https:\/\/ianima.com.br\/blog\/wp-json\/wp\/v2\/users\/1"}],"replies":[{"embeddable":true,"href":"https:\/\/ianima.com.br\/blog\/wp-json\/wp\/v2\/comments?post=10791"}],"version-history":[{"count":1,"href":"https:\/\/ianima.com.br\/blog\/wp-json\/wp\/v2\/posts\/10791\/revisions"}],"predecessor-version":[{"id":10795,"href":"https:\/\/ianima.com.br\/blog\/wp-json\/wp\/v2\/posts\/10791\/revisions\/10795"}],"wp:featuredmedia":[{"embeddable":true,"href":"https:\/\/ianima.com.br\/blog\/wp-json\/wp\/v2\/media\/10793"}],"wp:attachment":[{"href":"https:\/\/ianima.com.br\/blog\/wp-json\/wp\/v2\/media?parent=10791"}],"wp:term":[{"taxonomy":"category","embeddable":true,"href":"https:\/\/ianima.com.br\/blog\/wp-json\/wp\/v2\/categories?post=10791"},{"taxonomy":"post_tag","embeddable":true,"href":"https:\/\/ianima.com.br\/blog\/wp-json\/wp\/v2\/tags?post=10791"}],"curies":[{"name":"wp","href":"https:\/\/api.w.org\/{rel}","templated":true}]}}