{"id":10840,"date":"2025-08-20T19:48:49","date_gmt":"2025-08-20T19:48:49","guid":{"rendered":"https:\/\/ianima.com.br\/blog\/?p=10840"},"modified":"2025-08-20T19:48:50","modified_gmt":"2025-08-20T19:48:50","slug":"qual-sintomas-da-depressao-um-guia-completo","status":"publish","type":"post","link":"https:\/\/ianima.com.br\/blog\/saude-mental\/qual-sintomas-da-depressao-um-guia-completo\/","title":{"rendered":"Qual Sintomas da Depress\u00e3o: Um Guia Completo"},"content":{"rendered":"\n<p>Antes de tudo, \u00e9 importante reconhecer que a depress\u00e3o vai muito al\u00e9m da tristeza passageira. Ela afeta o corpo, a mente e o comportamento, interferindo em diversos aspectos da vida cotidiana. Mas afinal, <strong>quais sintomas da depress\u00e3o<\/strong> s\u00e3o mais comuns e como reconhec\u00ea-los? Descubra os sinais, causas e caminhos para compreender a depress\u00e3o que podem estar impactando sua vida.<\/p>\n\n\n\n<h2 class=\"wp-block-heading\" id=\"h-os-sinais-e-sintomas-da-depressao\">Os Sinais e Sintomas da Depress\u00e3o<\/h2>\n\n\n\n<p>A depress\u00e3o se manifesta de maneiras diferentes em cada pessoa. Entre os sintomas mais conhecidos est\u00e3o:<\/p>\n\n\n\n<ul class=\"wp-block-list\">\n<li>Tristeza profunda e persistente.<\/li>\n\n\n\n<li>Perda de interesse em atividades antes prazerosas.<\/li>\n\n\n\n<li>Altera\u00e7\u00f5es no sono, como ins\u00f4nia ou excesso de sono.<\/li>\n\n\n\n<li>Cansa\u00e7o constante e falta de energia.<\/li>\n<\/ul>\n\n\n\n<p>Al\u00e9m disso, existem sinais menos \u00f3bvios, como irritabilidade, dificuldades de concentra\u00e7\u00e3o e sentimentos de culpa exagerados. Do mesmo modo, dores f\u00edsicas sem causa aparente tamb\u00e9m podem estar relacionadas \u00e0 condi\u00e7\u00e3o.<\/p>\n\n\n\n<h2 class=\"wp-block-heading\" id=\"h-a-psicologia-por-tras-da-vida-real-a-depressao-no-dia-a-dia\">A Psicologia por Tr\u00e1s da Vida Real: A Depress\u00e3o no Dia a Dia *<\/h2>\n\n\n\n<p>Imagine algu\u00e9m que costumava adorar sair com amigos, mas hoje encontra desculpas para n\u00e3o ir. Ou aquela pessoa produtiva no trabalho que agora demora horas para completar pequenas tarefas. A depress\u00e3o, nesses casos, age como um peso invis\u00edvel, que drena a motiva\u00e7\u00e3o e distorce a percep\u00e7\u00e3o de si mesmo e do mundo. \u00c9 como tentar correr em uma estrada coberta de lama: cada passo se torna mais dif\u00edcil, mesmo quando a paisagem ao redor continua a mesma.<\/p>\n\n\n\n<h2 class=\"wp-block-heading\" id=\"h-compreendendo-os-momentos-criticos-da-depressao\">Compreendendo os Momentos Cr\u00edticos da Depress\u00e3o<\/h2>\n\n\n\n<p>Os momentos cr\u00edticos costumam surgir quando os sintomas se intensificam, como pensamentos persistentes de desesperan\u00e7a ou de que a vida perdeu o sentido. Diferenciar a tristeza comum da depress\u00e3o est\u00e1 justamente na dura\u00e7\u00e3o e na intensidade desses sinais: enquanto a tristeza tende a ser passageira, a depress\u00e3o permanece por semanas ou at\u00e9 meses.<\/p>\n\n\n\n<h2 class=\"wp-block-heading\" id=\"h-o-que-desencadeia-a-depressao\">O Que Desencadeia a Depress\u00e3o?<\/h2>\n\n\n\n<p>Diversos gatilhos podem contribuir para o surgimento da depress\u00e3o:<\/p>\n\n\n\n<ul class=\"wp-block-list\">\n<li>Fatores internos, como predisposi\u00e7\u00e3o gen\u00e9tica e desequil\u00edbrios qu\u00edmicos no c\u00e9rebro.<\/li>\n\n\n\n<li>Influ\u00eancias externas, como perdas afetivas, press\u00f5es sociais ou dificuldades financeiras.<\/li>\n\n\n\n<li>Eventos traum\u00e1ticos ou estresse prolongado, que enfraquecem a resili\u00eancia emocional.<\/li>\n<\/ul>\n\n\n\n<p>\u00c9 a intera\u00e7\u00e3o entre esses fatores que, muitas vezes, abre espa\u00e7o para o desenvolvimento da condi\u00e7\u00e3o.<\/p>\n\n\n\n<h2 class=\"wp-block-heading\" id=\"h-mitos-e-verdades-sobre-solucoes-para-a-depressao\">Mitos e Verdades sobre Solu\u00e7\u00f5es para a Depress\u00e3o<\/h2>\n\n\n\n<p>Muitos acreditam que basta &#8220;for\u00e7a de vontade&#8221; para sair da depress\u00e3o, mas isso \u00e9 um mito. A depress\u00e3o n\u00e3o \u00e9 sinal de fraqueza, e sim uma condi\u00e7\u00e3o complexa. Do mesmo modo, n\u00e3o existe uma \u00fanica solu\u00e7\u00e3o milagrosa. Estrat\u00e9gias como psicoterapia, suporte social, mudan\u00e7as de h\u00e1bitos e, em alguns casos, medica\u00e7\u00e3o podem auxiliar \u2014 sempre com orienta\u00e7\u00e3o profissional.<\/p>\n\n\n\n<h2 class=\"wp-block-heading\" id=\"h-como-lidar-com-a-depressao-no-dia-a-dia\">Como Lidar com a Depress\u00e3o no Dia a Dia<\/h2>\n\n\n\n<p>Algumas pr\u00e1ticas podem ajudar a aliviar os sintomas:<\/p>\n\n\n\n<ul class=\"wp-block-list\">\n<li>Estabelecer rotinas simples, como hor\u00e1rios de sono regulares.<\/li>\n\n\n\n<li>Praticar atividades f\u00edsicas leves, que liberam endorfinas.<\/li>\n\n\n\n<li>Buscar momentos de conex\u00e3o social, mesmo em pequenas doses.<\/li>\n\n\n\n<li>Reservar tempo para atividades relaxantes e criativas.<\/li>\n<\/ul>\n\n\n\n<p>Essas a\u00e7\u00f5es, ainda que pare\u00e7am pequenas, podem construir bases importantes para o bem-estar.<\/p>\n\n\n\n<h2 class=\"wp-block-heading\" id=\"h-a-depressao-no-corpo-e-na-mente-manifestacoes\">A Depress\u00e3o no Corpo e na Mente: Manifesta\u00e7\u00f5es<\/h2>\n\n\n\n<p>A depress\u00e3o se manifesta tanto no corpo quanto na mente. Fisicamente, pode gerar dores musculares, altera\u00e7\u00f5es de apetite e fadiga intensa. Mentalmente, se traduz em pensamentos autodepreciativos, sensa\u00e7\u00e3o de vazio e dificuldade de concentra\u00e7\u00e3o. O corpo e a mente, nesse sentido, atuam como espelhos de um mesmo sofrimento.<\/p>\n\n\n\n<h2 class=\"wp-block-heading\" id=\"h-depressao-atipica-uma-perspectiva-ampliada\">Depress\u00e3o At\u00edpica: Uma Perspectiva Ampliada<\/h2>\n\n\n\n<p>Nem sempre a depress\u00e3o se apresenta da forma cl\u00e1ssica. Na chamada <strong>depress\u00e3o at\u00edpica<\/strong>, a pessoa pode sentir melhora tempor\u00e1ria do humor diante de eventos positivos, mas continuar enfrentando exaust\u00e3o, sono excessivo e hipersensibilidade a cr\u00edticas. Esse tipo menos conhecido ressalta a diversidade de manifesta\u00e7\u00f5es da condi\u00e7\u00e3o.<\/p>\n\n\n\n<h2 class=\"wp-block-heading\" id=\"h-quem-busca-alivio-para-a-depressao\">Quem Busca Al\u00edvio para a Depress\u00e3o?<\/h2>\n\n\n\n<p>Pessoas de todas as idades e perfis podem buscar al\u00edvio para a depress\u00e3o. Desde adolescentes em fase de descobertas at\u00e9 adultos sobrecarregados por responsabilidades, cada um traz sua pr\u00f3pria experi\u00eancia. Situa\u00e7\u00f5es como div\u00f3rcios, perdas de emprego ou isolamento social podem despertar a necessidade de ajuda.<\/p>\n\n\n\n<h3 class=\"wp-block-heading\" id=\"h-diferentes-abordagens-para-lidar-com-a-depressao\">Diferentes Abordagens para Lidar com a Depress\u00e3o<\/h3>\n\n\n\n<ul class=\"wp-block-list\">\n<li>Psicoterapia, como terapia cognitivo-comportamental.<\/li>\n\n\n\n<li>Exerc\u00edcios f\u00edsicos regulares.<\/li>\n\n\n\n<li>T\u00e9cnicas de relaxamento, como respira\u00e7\u00e3o consciente e medita\u00e7\u00e3o.<\/li>\n\n\n\n<li>Mudan\u00e7as de h\u00e1bitos alimentares e de sono.<\/li>\n<\/ul>\n\n\n\n<h3 class=\"wp-block-heading\" id=\"h-sinais-de-alerta-quando-buscar-ajuda-profissional\">Sinais de Alerta: Quando Buscar Ajuda Profissional<\/h3>\n\n\n\n<p>\u00c9 fundamental buscar apoio profissional quando os sintomas persistem por mais de duas semanas, quando h\u00e1 isolamento extremo ou quando surgem pensamentos de autodestrui\u00e7\u00e3o. Reconhecer esse momento \u00e9 um passo de coragem.<\/p>\n\n\n\n<h3 class=\"wp-block-heading\" id=\"h-recursos-e-informacoes-confiaveis-sobre-a-depressao\">Recursos e Informa\u00e7\u00f5es Confi\u00e1veis sobre a Depress\u00e3o<\/h3>\n\n\n\n<p>Organiza\u00e7\u00f5es de sa\u00fade, associa\u00e7\u00f5es de psicologia e centros de apoio emocional oferecem informa\u00e7\u00f5es confi\u00e1veis. Livros baseados em evid\u00eancias cient\u00edficas tamb\u00e9m podem ampliar a compreens\u00e3o.<\/p>\n\n\n\n<h3 class=\"wp-block-heading\" id=\"h-dicas-para-acao-imediata-em-momentos-de-depressao\">Dicas para A\u00e7\u00e3o Imediata em Momentos de Depress\u00e3o<\/h3>\n\n\n\n<ul class=\"wp-block-list\">\n<li>Praticar respira\u00e7\u00e3o profunda por alguns minutos.<\/li>\n\n\n\n<li>Escrever sentimentos em um di\u00e1rio.<\/li>\n\n\n\n<li>Conversar com algu\u00e9m de confian\u00e7a.<\/li>\n\n\n\n<li>Fazer uma caminhada curta ao ar livre.<\/li>\n<\/ul>\n\n\n\n<p>Essas t\u00e9cnicas n\u00e3o substituem ajuda profissional, mas podem oferecer al\u00edvio imediato.<\/p>\n\n\n\n<h2 class=\"wp-block-heading\" id=\"h-conclusao\">Conclus\u00e3o<\/h2>\n\n\n\n<p>Em suma, compreender <strong>quais sintomas da depress\u00e3o<\/strong> \u00e9 essencial para reconhecer sinais precoces e buscar ajuda adequada. A depress\u00e3o n\u00e3o escolhe idade, g\u00eanero ou condi\u00e7\u00e3o social, mas pode ser enfrentada com informa\u00e7\u00e3o, apoio e pequenas pr\u00e1ticas di\u00e1rias. Logo, se voc\u00ea se identifica com esses sinais, buscar informa\u00e7\u00e3o e apoio pode ser o primeiro passo para uma vida mais leve e equilibrada!<\/p>\n\n\n\n<p>* Essas narrativas s\u00e3o fict\u00edcias mas inspiradas em situa\u00e7\u00f5es comumente vivenciadas nos estudos e na cl\u00ednica psicol\u00f3gica.<\/p>\n\n\n\n<figure class=\"wp-block-image aligncenter size-large is-resized\"><img fetchpriority=\"high\" decoding=\"async\" width=\"1024\" height=\"683\" src=\"https:\/\/ianima.com.br\/blog\/wp-content\/uploads\/2025\/08\/2MM-490-1024x683.webp\" alt=\"Qual Sintomas da Depress\u00e3o: Um Guia Completo\" class=\"wp-image-10843\" style=\"width:500px\" srcset=\"https:\/\/ianima.com.br\/blog\/wp-content\/uploads\/2025\/08\/2MM-490-1024x683.webp 1024w, https:\/\/ianima.com.br\/blog\/wp-content\/uploads\/2025\/08\/2MM-490-300x200.webp 300w, https:\/\/ianima.com.br\/blog\/wp-content\/uploads\/2025\/08\/2MM-490-768x512.webp 768w, https:\/\/ianima.com.br\/blog\/wp-content\/uploads\/2025\/08\/2MM-490.webp 1536w\" sizes=\"(max-width: 1024px) 100vw, 1024px\" \/><\/figure>\n\n\n\n<h2 class=\"wp-block-heading\" id=\"h-perguntas-frequentes-faq\">Perguntas Frequentes (FAQ)<\/h2>\n\n\n\n<div class=\"schema-faq wp-block-yoast-faq-block\"><div class=\"schema-faq-section\" id=\"faq-question-1755719089223\"><strong class=\"schema-faq-question\">Quais s\u00e3o os sintomas mais comuns da depress\u00e3o?<\/strong> <p class=\"schema-faq-answer\">Os sintomas mais comuns incluem tristeza persistente, perda de interesse em atividades antes agrad\u00e1veis, fadiga constante e altera\u00e7\u00f5es no sono.<\/p> <\/div> <div class=\"schema-faq-section\" id=\"faq-question-1755719112391\"><strong class=\"schema-faq-question\">Como a depress\u00e3o afeta o dia a dia?<\/strong> <p class=\"schema-faq-answer\">A depress\u00e3o pode dificultar a concentra\u00e7\u00e3o, afetar relacionamentos e at\u00e9 prejudicar o desempenho no trabalho ou na escola.<\/p> <\/div> <div class=\"schema-faq-section\" id=\"faq-question-1755719133089\"><strong class=\"schema-faq-question\">\u00c9 poss\u00edvel tratar a depress\u00e3o?<\/strong> <p class=\"schema-faq-answer\">Sim, a depress\u00e3o pode ser tratada com terapia, medica\u00e7\u00e3o e mudan\u00e7as no estilo de vida, e buscar ajuda \u00e9 o primeiro passo importante.<\/p> <\/div> <\/div>\n\n\n\n<ul class=\"wp-block-yoast-seo-related-links\"><li><a href=\"https:\/\/ianima.com.br\/blog\/saude-mental\/como-e-ter-depressao-um-guia-de-compreensao\/\">Como \u00e9 Ter Depress\u00e3o: Um Guia de Compreens\u00e3o<\/a><\/li><li><a href=\"https:\/\/ianima.com.br\/blog\/saude-mental\/quais-sintomas-da-depressao-o-que-voce-precisa-saber\/\">Quais sintomas da depress\u00e3o: o que voc\u00ea precisa saber<\/a><\/li><li><a href=\"https:\/\/ianima.com.br\/blog\/saude-mental\/o-significado-da-depressao-o-que-voce-precisa-saber\/\">O Significado da Depress\u00e3o: O Que Voc\u00ea Precisa Saber<\/a><\/li><li><a href=\"https:\/\/ianima.com.br\/blog\/saude-mental\/quais-sao-os-sintomas-de-depressao-sinais-e-caminhos\/\">Quais s\u00e3o os sintomas de depress\u00e3o: sinais e caminhos<\/a><\/li><li><a href=\"https:\/\/ianima.com.br\/blog\/saude-mental\/depressao-sinais-causas-e-caminhos\/\">Depress\u00e3o: Sinais, Causas e Caminhos<\/a><\/li><\/ul>\n","protected":false},"excerpt":{"rendered":"<p>Antes de tudo, \u00e9 importante reconhecer que a depress\u00e3o vai muito al\u00e9m da tristeza passageira. Ela afeta o corpo, a mente e o comportamento, interferindo em diversos aspectos da vida cotidiana. Mas afinal, quais sintomas da depress\u00e3o s\u00e3o mais comuns e como reconhec\u00ea-los? Descubra os sinais, causas e caminhos para compreender a depress\u00e3o que podem [&hellip;]<\/p>\n","protected":false},"author":1,"featured_media":10842,"comment_status":"closed","ping_status":"closed","sticky":false,"template":"","format":"standard","meta":{"site-sidebar-layout":"default","site-content-layout":"","ast-site-content-layout":"default","site-content-style":"default","site-sidebar-style":"default","ast-global-header-display":"","ast-banner-title-visibility":"","ast-main-header-display":"","ast-hfb-above-header-display":"","ast-hfb-below-header-display":"","ast-hfb-mobile-header-display":"","site-post-title":"","ast-breadcrumbs-content":"","ast-featured-img":"","footer-sml-layout":"","theme-transparent-header-meta":"","adv-header-id-meta":"","stick-header-meta":"","header-above-stick-meta":"","header-main-stick-meta":"","header-below-stick-meta":"","astra-migrate-meta-layouts":"set","ast-page-background-enabled":"default","ast-page-background-meta":{"desktop":{"background-color":"","background-image":"","background-repeat":"repeat","background-position":"center center","background-size":"auto","background-attachment":"scroll","background-type":"","background-media":"","overlay-type":"","overlay-color":"","overlay-opacity":"","overlay-gradient":""},"tablet":{"background-color":"","background-image":"","background-repeat":"repeat","background-position":"center center","background-size":"auto","background-attachment":"scroll","background-type":"","background-media":"","overlay-type":"","overlay-color":"","overlay-opacity":"","overlay-gradient":""},"mobile":{"background-color":"","background-image":"","background-repeat":"repeat","background-position":"center center","background-size":"auto","background-attachment":"scroll","background-type":"","background-media":"","overlay-type":"","overlay-color":"","overlay-opacity":"","overlay-gradient":""}},"ast-content-background-meta":{"desktop":{"background-color":"var(--ast-global-color-5)","background-image":"","background-repeat":"repeat","background-position":"center center","background-size":"auto","background-attachment":"scroll","background-type":"","background-media":"","overlay-type":"","overlay-color":"","overlay-opacity":"","overlay-gradient":""},"tablet":{"background-color":"var(--ast-global-color-5)","background-image":"","background-repeat":"repeat","background-position":"center center","background-size":"auto","background-attachment":"scroll","background-type":"","background-media":"","overlay-type":"","overlay-color":"","overlay-opacity":"","overlay-gradient":""},"mobile":{"background-color":"var(--ast-global-color-5)","background-image":"","background-repeat":"repeat","background-position":"center center","background-size":"auto","background-attachment":"scroll","background-type":"","background-media":"","overlay-type":"","overlay-color":"","overlay-opacity":"","overlay-gradient":""}},"footnotes":""},"categories":[24],"tags":[],"class_list":["post-10840","post","type-post","status-publish","format-standard","has-post-thumbnail","hentry","category-saude-mental"],"yoast_head":"<!-- This site is optimized with the Yoast SEO Premium plugin v20.8 (Yoast SEO v20.8) - https:\/\/yoast.com\/wordpress\/plugins\/seo\/ -->\n<title>Qual Sintomas da Depress\u00e3o: Um Guia Completo<\/title>\n<meta name=\"description\" content=\"Descubra os sinais ocultos da depress\u00e3o! Conhe\u00e7a os sintomas que voc\u00ea n\u00e3o pode ignorar e transforme sua vida com nosso guia completo.\" \/>\n<meta name=\"robots\" content=\"index, follow, max-snippet:-1, max-image-preview:large, max-video-preview:-1\" \/>\n<link rel=\"canonical\" href=\"https:\/\/ianima.com.br\/blog\/saude-mental\/qual-sintomas-da-depressao-um-guia-completo\/\" \/>\n<meta property=\"og:locale\" content=\"pt_BR\" \/>\n<meta property=\"og:type\" content=\"article\" \/>\n<meta property=\"og:title\" content=\"Qual Sintomas da Depress\u00e3o: Um Guia Completo\" \/>\n<meta property=\"og:description\" content=\"Descubra os sinais ocultos da depress\u00e3o! Conhe\u00e7a os sintomas que voc\u00ea n\u00e3o pode ignorar e transforme sua vida com nosso guia completo.\" \/>\n<meta property=\"og:url\" content=\"https:\/\/ianima.com.br\/blog\/saude-mental\/qual-sintomas-da-depressao-um-guia-completo\/\" \/>\n<meta property=\"og:site_name\" content=\"Terapia Online com IANIMA: Inova\u00e7\u00e3o e Aconselhamento. O terapeuta online ao seu alcance.\" \/>\n<meta property=\"article:published_time\" content=\"2025-08-20T19:48:49+00:00\" \/>\n<meta property=\"article:modified_time\" content=\"2025-08-20T19:48:50+00:00\" \/>\n<meta property=\"og:image\" content=\"https:\/\/ianima.com.br\/blog\/wp-content\/uploads\/2025\/08\/1MM-490.webp\" \/>\n\t<meta property=\"og:image:width\" content=\"1536\" \/>\n\t<meta property=\"og:image:height\" content=\"1024\" \/>\n\t<meta property=\"og:image:type\" content=\"image\/webp\" \/>\n<meta name=\"author\" content=\"Wanderlei Talib\" \/>\n<meta name=\"twitter:card\" content=\"summary_large_image\" \/>\n<meta name=\"twitter:label1\" content=\"Escrito por\" \/>\n\t<meta name=\"twitter:data1\" content=\"Wanderlei Talib\" \/>\n\t<meta name=\"twitter:label2\" content=\"Est. tempo de leitura\" \/>\n\t<meta name=\"twitter:data2\" content=\"6 minutos\" \/>\n<script type=\"application\/ld+json\" class=\"yoast-schema-graph\">{\"@context\":\"https:\/\/schema.org\",\"@graph\":[{\"@type\":\"Article\",\"@id\":\"https:\/\/ianima.com.br\/blog\/saude-mental\/qual-sintomas-da-depressao-um-guia-completo\/#article\",\"isPartOf\":{\"@id\":\"https:\/\/ianima.com.br\/blog\/saude-mental\/qual-sintomas-da-depressao-um-guia-completo\/\"},\"author\":{\"name\":\"Wanderlei Talib\",\"@id\":\"https:\/\/ianima.com.br\/blog\/#\/schema\/person\/85378d6a819826ce615ae2a7a04f68d8\"},\"headline\":\"Qual Sintomas da Depress\u00e3o: Um Guia Completo\",\"datePublished\":\"2025-08-20T19:48:49+00:00\",\"dateModified\":\"2025-08-20T19:48:50+00:00\",\"mainEntityOfPage\":{\"@id\":\"https:\/\/ianima.com.br\/blog\/saude-mental\/qual-sintomas-da-depressao-um-guia-completo\/\"},\"wordCount\":1126,\"publisher\":{\"@id\":\"https:\/\/ianima.com.br\/blog\/#organization\"},\"articleSection\":[\"Sa\u00fade Mental\"],\"inLanguage\":\"pt-BR\"},{\"@type\":[\"WebPage\",\"FAQPage\"],\"@id\":\"https:\/\/ianima.com.br\/blog\/saude-mental\/qual-sintomas-da-depressao-um-guia-completo\/\",\"url\":\"https:\/\/ianima.com.br\/blog\/saude-mental\/qual-sintomas-da-depressao-um-guia-completo\/\",\"name\":\"Qual Sintomas da Depress\u00e3o: Um Guia Completo\",\"isPartOf\":{\"@id\":\"https:\/\/ianima.com.br\/blog\/#website\"},\"datePublished\":\"2025-08-20T19:48:49+00:00\",\"dateModified\":\"2025-08-20T19:48:50+00:00\",\"description\":\"Descubra os sinais ocultos da depress\u00e3o! Conhe\u00e7a os sintomas que voc\u00ea n\u00e3o pode ignorar e transforme sua vida com nosso guia completo.\",\"breadcrumb\":{\"@id\":\"https:\/\/ianima.com.br\/blog\/saude-mental\/qual-sintomas-da-depressao-um-guia-completo\/#breadcrumb\"},\"mainEntity\":[{\"@id\":\"https:\/\/ianima.com.br\/blog\/saude-mental\/qual-sintomas-da-depressao-um-guia-completo\/#faq-question-1755719089223\"},{\"@id\":\"https:\/\/ianima.com.br\/blog\/saude-mental\/qual-sintomas-da-depressao-um-guia-completo\/#faq-question-1755719112391\"},{\"@id\":\"https:\/\/ianima.com.br\/blog\/saude-mental\/qual-sintomas-da-depressao-um-guia-completo\/#faq-question-1755719133089\"}],\"inLanguage\":\"pt-BR\",\"potentialAction\":[{\"@type\":\"ReadAction\",\"target\":[\"https:\/\/ianima.com.br\/blog\/saude-mental\/qual-sintomas-da-depressao-um-guia-completo\/\"]}]},{\"@type\":\"BreadcrumbList\",\"@id\":\"https:\/\/ianima.com.br\/blog\/saude-mental\/qual-sintomas-da-depressao-um-guia-completo\/#breadcrumb\",\"itemListElement\":[{\"@type\":\"ListItem\",\"position\":1,\"name\":\"In\u00edcio\",\"item\":\"https:\/\/ianima.com.br\/blog\/\"},{\"@type\":\"ListItem\",\"position\":2,\"name\":\"Qual Sintomas da Depress\u00e3o: Um Guia Completo\"}]},{\"@type\":\"WebSite\",\"@id\":\"https:\/\/ianima.com.br\/blog\/#website\",\"url\":\"https:\/\/ianima.com.br\/blog\/\",\"name\":\"Terapia Online com IANIMA: Inova\u00e7\u00e3o e Aconselhamento. O terapeuta online ao seu alcance.\",\"description\":\"Terapia gratuita online com a IAnima, sua terapeuta online. Artigos sobre terapias online, sa\u00fade mental e bem-estar.\",\"publisher\":{\"@id\":\"https:\/\/ianima.com.br\/blog\/#organization\"},\"potentialAction\":[{\"@type\":\"SearchAction\",\"target\":{\"@type\":\"EntryPoint\",\"urlTemplate\":\"https:\/\/ianima.com.br\/blog\/?s={search_term_string}\"},\"query-input\":\"required name=search_term_string\"}],\"inLanguage\":\"pt-BR\"},{\"@type\":\"Organization\",\"@id\":\"https:\/\/ianima.com.br\/blog\/#organization\",\"name\":\"Terapia Online com IANIMA: Inova\u00e7\u00e3o e Aconselhamento. O terapeuta online ao seu alcance.\",\"url\":\"https:\/\/ianima.com.br\/blog\/\",\"logo\":{\"@type\":\"ImageObject\",\"inLanguage\":\"pt-BR\",\"@id\":\"https:\/\/ianima.com.br\/blog\/#\/schema\/logo\/image\/\",\"url\":\"https:\/\/ianima.com.br\/blog\/wp-content\/uploads\/2025\/04\/cropped-IAnima-terapia-online.webp\",\"contentUrl\":\"https:\/\/ianima.com.br\/blog\/wp-content\/uploads\/2025\/04\/cropped-IAnima-terapia-online.webp\",\"width\":819,\"height\":222,\"caption\":\"Terapia Online com IANIMA: Inova\u00e7\u00e3o e Aconselhamento. O terapeuta online ao seu alcance.\"},\"image\":{\"@id\":\"https:\/\/ianima.com.br\/blog\/#\/schema\/logo\/image\/\"}},{\"@type\":\"Person\",\"@id\":\"https:\/\/ianima.com.br\/blog\/#\/schema\/person\/85378d6a819826ce615ae2a7a04f68d8\",\"name\":\"Wanderlei Talib\",\"image\":{\"@type\":\"ImageObject\",\"inLanguage\":\"pt-BR\",\"@id\":\"https:\/\/ianima.com.br\/blog\/#\/schema\/person\/image\/\",\"url\":\"https:\/\/ianima.com.br\/blog\/wp-content\/litespeed\/avatar\/a0461c2b338365ab5dd45a3e926e23c7.jpg?ver=1777055969\",\"contentUrl\":\"https:\/\/ianima.com.br\/blog\/wp-content\/litespeed\/avatar\/a0461c2b338365ab5dd45a3e926e23c7.jpg?ver=1777055969\",\"caption\":\"Wanderlei Talib\"},\"sameAs\":[\"https:\/\/ianima.com.br\/blog\"],\"url\":\"https:\/\/ianima.com.br\/blog\/author\/adminedu\/\"},{\"@type\":\"Question\",\"@id\":\"https:\/\/ianima.com.br\/blog\/saude-mental\/qual-sintomas-da-depressao-um-guia-completo\/#faq-question-1755719089223\",\"position\":1,\"url\":\"https:\/\/ianima.com.br\/blog\/saude-mental\/qual-sintomas-da-depressao-um-guia-completo\/#faq-question-1755719089223\",\"name\":\"Quais s\u00e3o os sintomas mais comuns da depress\u00e3o?\",\"answerCount\":1,\"acceptedAnswer\":{\"@type\":\"Answer\",\"text\":\"Os sintomas mais comuns incluem tristeza persistente, perda de interesse em atividades antes agrad\u00e1veis, fadiga constante e altera\u00e7\u00f5es no sono.\",\"inLanguage\":\"pt-BR\"},\"inLanguage\":\"pt-BR\"},{\"@type\":\"Question\",\"@id\":\"https:\/\/ianima.com.br\/blog\/saude-mental\/qual-sintomas-da-depressao-um-guia-completo\/#faq-question-1755719112391\",\"position\":2,\"url\":\"https:\/\/ianima.com.br\/blog\/saude-mental\/qual-sintomas-da-depressao-um-guia-completo\/#faq-question-1755719112391\",\"name\":\"Como a depress\u00e3o afeta o dia a dia?\",\"answerCount\":1,\"acceptedAnswer\":{\"@type\":\"Answer\",\"text\":\"A depress\u00e3o pode dificultar a concentra\u00e7\u00e3o, afetar relacionamentos e at\u00e9 prejudicar o desempenho no trabalho ou na escola.\",\"inLanguage\":\"pt-BR\"},\"inLanguage\":\"pt-BR\"},{\"@type\":\"Question\",\"@id\":\"https:\/\/ianima.com.br\/blog\/saude-mental\/qual-sintomas-da-depressao-um-guia-completo\/#faq-question-1755719133089\",\"position\":3,\"url\":\"https:\/\/ianima.com.br\/blog\/saude-mental\/qual-sintomas-da-depressao-um-guia-completo\/#faq-question-1755719133089\",\"name\":\"\u00c9 poss\u00edvel tratar a depress\u00e3o?\",\"answerCount\":1,\"acceptedAnswer\":{\"@type\":\"Answer\",\"text\":\"Sim, a depress\u00e3o pode ser tratada com terapia, medica\u00e7\u00e3o e mudan\u00e7as no estilo de vida, e buscar ajuda \u00e9 o primeiro passo importante.\",\"inLanguage\":\"pt-BR\"},\"inLanguage\":\"pt-BR\"}]}<\/script>\n<!-- \/ Yoast SEO Premium plugin. -->","yoast_head_json":{"title":"Qual Sintomas da Depress\u00e3o: Um Guia Completo","description":"Descubra os sinais ocultos da depress\u00e3o! Conhe\u00e7a os sintomas que voc\u00ea n\u00e3o pode ignorar e transforme sua vida com nosso guia completo.","robots":{"index":"index","follow":"follow","max-snippet":"max-snippet:-1","max-image-preview":"max-image-preview:large","max-video-preview":"max-video-preview:-1"},"canonical":"https:\/\/ianima.com.br\/blog\/saude-mental\/qual-sintomas-da-depressao-um-guia-completo\/","og_locale":"pt_BR","og_type":"article","og_title":"Qual Sintomas da Depress\u00e3o: Um Guia Completo","og_description":"Descubra os sinais ocultos da depress\u00e3o! Conhe\u00e7a os sintomas que voc\u00ea n\u00e3o pode ignorar e transforme sua vida com nosso guia completo.","og_url":"https:\/\/ianima.com.br\/blog\/saude-mental\/qual-sintomas-da-depressao-um-guia-completo\/","og_site_name":"Terapia Online com IANIMA: Inova\u00e7\u00e3o e Aconselhamento. O terapeuta online ao seu alcance.","article_published_time":"2025-08-20T19:48:49+00:00","article_modified_time":"2025-08-20T19:48:50+00:00","og_image":[{"width":1536,"height":1024,"url":"https:\/\/ianima.com.br\/blog\/wp-content\/uploads\/2025\/08\/1MM-490.webp","type":"image\/webp"}],"author":"Wanderlei Talib","twitter_card":"summary_large_image","twitter_misc":{"Escrito por":"Wanderlei Talib","Est. tempo de leitura":"6 minutos"},"schema":{"@context":"https:\/\/schema.org","@graph":[{"@type":"Article","@id":"https:\/\/ianima.com.br\/blog\/saude-mental\/qual-sintomas-da-depressao-um-guia-completo\/#article","isPartOf":{"@id":"https:\/\/ianima.com.br\/blog\/saude-mental\/qual-sintomas-da-depressao-um-guia-completo\/"},"author":{"name":"Wanderlei Talib","@id":"https:\/\/ianima.com.br\/blog\/#\/schema\/person\/85378d6a819826ce615ae2a7a04f68d8"},"headline":"Qual Sintomas da Depress\u00e3o: Um Guia Completo","datePublished":"2025-08-20T19:48:49+00:00","dateModified":"2025-08-20T19:48:50+00:00","mainEntityOfPage":{"@id":"https:\/\/ianima.com.br\/blog\/saude-mental\/qual-sintomas-da-depressao-um-guia-completo\/"},"wordCount":1126,"publisher":{"@id":"https:\/\/ianima.com.br\/blog\/#organization"},"articleSection":["Sa\u00fade Mental"],"inLanguage":"pt-BR"},{"@type":["WebPage","FAQPage"],"@id":"https:\/\/ianima.com.br\/blog\/saude-mental\/qual-sintomas-da-depressao-um-guia-completo\/","url":"https:\/\/ianima.com.br\/blog\/saude-mental\/qual-sintomas-da-depressao-um-guia-completo\/","name":"Qual Sintomas da Depress\u00e3o: Um Guia Completo","isPartOf":{"@id":"https:\/\/ianima.com.br\/blog\/#website"},"datePublished":"2025-08-20T19:48:49+00:00","dateModified":"2025-08-20T19:48:50+00:00","description":"Descubra os sinais ocultos da depress\u00e3o! Conhe\u00e7a os sintomas que voc\u00ea n\u00e3o pode ignorar e transforme sua vida com nosso guia completo.","breadcrumb":{"@id":"https:\/\/ianima.com.br\/blog\/saude-mental\/qual-sintomas-da-depressao-um-guia-completo\/#breadcrumb"},"mainEntity":[{"@id":"https:\/\/ianima.com.br\/blog\/saude-mental\/qual-sintomas-da-depressao-um-guia-completo\/#faq-question-1755719089223"},{"@id":"https:\/\/ianima.com.br\/blog\/saude-mental\/qual-sintomas-da-depressao-um-guia-completo\/#faq-question-1755719112391"},{"@id":"https:\/\/ianima.com.br\/blog\/saude-mental\/qual-sintomas-da-depressao-um-guia-completo\/#faq-question-1755719133089"}],"inLanguage":"pt-BR","potentialAction":[{"@type":"ReadAction","target":["https:\/\/ianima.com.br\/blog\/saude-mental\/qual-sintomas-da-depressao-um-guia-completo\/"]}]},{"@type":"BreadcrumbList","@id":"https:\/\/ianima.com.br\/blog\/saude-mental\/qual-sintomas-da-depressao-um-guia-completo\/#breadcrumb","itemListElement":[{"@type":"ListItem","position":1,"name":"In\u00edcio","item":"https:\/\/ianima.com.br\/blog\/"},{"@type":"ListItem","position":2,"name":"Qual Sintomas da Depress\u00e3o: Um Guia Completo"}]},{"@type":"WebSite","@id":"https:\/\/ianima.com.br\/blog\/#website","url":"https:\/\/ianima.com.br\/blog\/","name":"Terapia Online com IANIMA: Inova\u00e7\u00e3o e Aconselhamento. O terapeuta online ao seu alcance.","description":"Terapia gratuita online com a IAnima, sua terapeuta online. Artigos sobre terapias online, sa\u00fade mental e bem-estar.","publisher":{"@id":"https:\/\/ianima.com.br\/blog\/#organization"},"potentialAction":[{"@type":"SearchAction","target":{"@type":"EntryPoint","urlTemplate":"https:\/\/ianima.com.br\/blog\/?s={search_term_string}"},"query-input":"required name=search_term_string"}],"inLanguage":"pt-BR"},{"@type":"Organization","@id":"https:\/\/ianima.com.br\/blog\/#organization","name":"Terapia Online com IANIMA: Inova\u00e7\u00e3o e Aconselhamento. O terapeuta online ao seu alcance.","url":"https:\/\/ianima.com.br\/blog\/","logo":{"@type":"ImageObject","inLanguage":"pt-BR","@id":"https:\/\/ianima.com.br\/blog\/#\/schema\/logo\/image\/","url":"https:\/\/ianima.com.br\/blog\/wp-content\/uploads\/2025\/04\/cropped-IAnima-terapia-online.webp","contentUrl":"https:\/\/ianima.com.br\/blog\/wp-content\/uploads\/2025\/04\/cropped-IAnima-terapia-online.webp","width":819,"height":222,"caption":"Terapia Online com IANIMA: Inova\u00e7\u00e3o e Aconselhamento. O terapeuta online ao seu alcance."},"image":{"@id":"https:\/\/ianima.com.br\/blog\/#\/schema\/logo\/image\/"}},{"@type":"Person","@id":"https:\/\/ianima.com.br\/blog\/#\/schema\/person\/85378d6a819826ce615ae2a7a04f68d8","name":"Wanderlei Talib","image":{"@type":"ImageObject","inLanguage":"pt-BR","@id":"https:\/\/ianima.com.br\/blog\/#\/schema\/person\/image\/","url":"https:\/\/ianima.com.br\/blog\/wp-content\/litespeed\/avatar\/a0461c2b338365ab5dd45a3e926e23c7.jpg?ver=1777055969","contentUrl":"https:\/\/ianima.com.br\/blog\/wp-content\/litespeed\/avatar\/a0461c2b338365ab5dd45a3e926e23c7.jpg?ver=1777055969","caption":"Wanderlei Talib"},"sameAs":["https:\/\/ianima.com.br\/blog"],"url":"https:\/\/ianima.com.br\/blog\/author\/adminedu\/"},{"@type":"Question","@id":"https:\/\/ianima.com.br\/blog\/saude-mental\/qual-sintomas-da-depressao-um-guia-completo\/#faq-question-1755719089223","position":1,"url":"https:\/\/ianima.com.br\/blog\/saude-mental\/qual-sintomas-da-depressao-um-guia-completo\/#faq-question-1755719089223","name":"Quais s\u00e3o os sintomas mais comuns da depress\u00e3o?","answerCount":1,"acceptedAnswer":{"@type":"Answer","text":"Os sintomas mais comuns incluem tristeza persistente, perda de interesse em atividades antes agrad\u00e1veis, fadiga constante e altera\u00e7\u00f5es no sono.","inLanguage":"pt-BR"},"inLanguage":"pt-BR"},{"@type":"Question","@id":"https:\/\/ianima.com.br\/blog\/saude-mental\/qual-sintomas-da-depressao-um-guia-completo\/#faq-question-1755719112391","position":2,"url":"https:\/\/ianima.com.br\/blog\/saude-mental\/qual-sintomas-da-depressao-um-guia-completo\/#faq-question-1755719112391","name":"Como a depress\u00e3o afeta o dia a dia?","answerCount":1,"acceptedAnswer":{"@type":"Answer","text":"A depress\u00e3o pode dificultar a concentra\u00e7\u00e3o, afetar relacionamentos e at\u00e9 prejudicar o desempenho no trabalho ou na escola.","inLanguage":"pt-BR"},"inLanguage":"pt-BR"},{"@type":"Question","@id":"https:\/\/ianima.com.br\/blog\/saude-mental\/qual-sintomas-da-depressao-um-guia-completo\/#faq-question-1755719133089","position":3,"url":"https:\/\/ianima.com.br\/blog\/saude-mental\/qual-sintomas-da-depressao-um-guia-completo\/#faq-question-1755719133089","name":"\u00c9 poss\u00edvel tratar a depress\u00e3o?","answerCount":1,"acceptedAnswer":{"@type":"Answer","text":"Sim, a depress\u00e3o pode ser tratada com terapia, medica\u00e7\u00e3o e mudan\u00e7as no estilo de vida, e buscar ajuda \u00e9 o primeiro passo importante.","inLanguage":"pt-BR"},"inLanguage":"pt-BR"}]}},"_links":{"self":[{"href":"https:\/\/ianima.com.br\/blog\/wp-json\/wp\/v2\/posts\/10840","targetHints":{"allow":["GET"]}}],"collection":[{"href":"https:\/\/ianima.com.br\/blog\/wp-json\/wp\/v2\/posts"}],"about":[{"href":"https:\/\/ianima.com.br\/blog\/wp-json\/wp\/v2\/types\/post"}],"author":[{"embeddable":true,"href":"https:\/\/ianima.com.br\/blog\/wp-json\/wp\/v2\/users\/1"}],"replies":[{"embeddable":true,"href":"https:\/\/ianima.com.br\/blog\/wp-json\/wp\/v2\/comments?post=10840"}],"version-history":[{"count":1,"href":"https:\/\/ianima.com.br\/blog\/wp-json\/wp\/v2\/posts\/10840\/revisions"}],"predecessor-version":[{"id":10844,"href":"https:\/\/ianima.com.br\/blog\/wp-json\/wp\/v2\/posts\/10840\/revisions\/10844"}],"wp:featuredmedia":[{"embeddable":true,"href":"https:\/\/ianima.com.br\/blog\/wp-json\/wp\/v2\/media\/10842"}],"wp:attachment":[{"href":"https:\/\/ianima.com.br\/blog\/wp-json\/wp\/v2\/media?parent=10840"}],"wp:term":[{"taxonomy":"category","embeddable":true,"href":"https:\/\/ianima.com.br\/blog\/wp-json\/wp\/v2\/categories?post=10840"},{"taxonomy":"post_tag","embeddable":true,"href":"https:\/\/ianima.com.br\/blog\/wp-json\/wp\/v2\/tags?post=10840"}],"curies":[{"name":"wp","href":"https:\/\/api.w.org\/{rel}","templated":true}]}}