{"id":11199,"date":"2025-08-25T05:34:47","date_gmt":"2025-08-25T05:34:47","guid":{"rendered":"https:\/\/ianima.com.br\/blog\/?p=11199"},"modified":"2025-08-25T05:34:48","modified_gmt":"2025-08-25T05:34:48","slug":"qual-o-tratamento-da-depressao-um-guia-completo","status":"publish","type":"post","link":"https:\/\/ianima.com.br\/blog\/saude-mental\/qual-o-tratamento-da-depressao-um-guia-completo\/","title":{"rendered":"Qual o Tratamento da Depress\u00e3o: Um Guia Completo"},"content":{"rendered":"\n<h2 class=\"wp-block-heading\" id=\"h-os-sinais-e-sintomas-da-depressao\">Os Sinais e Sintomas da Depress\u00e3o<\/h2>\n\n\n\n<p>A <strong>depress\u00e3o<\/strong> \u00e9 um transtorno complexo, que vai al\u00e9m de um simples estado de tristeza passageira. Os sinais podem variar em intensidade e dura\u00e7\u00e3o, mas geralmente incluem humor persistentemente baixo, falta de interesse em atividades antes prazerosas e fadiga constante. Al\u00e9m disso, altera\u00e7\u00f5es no sono, apetite irregular, sentimentos de desesperan\u00e7a e dificuldade de concentra\u00e7\u00e3o s\u00e3o comuns. Em casos mais graves, podem surgir pensamentos autodepreciativos e at\u00e9 ideias de autodestrui\u00e7\u00e3o. Esses sintomas n\u00e3o afetam apenas a mente, mas tamb\u00e9m se manifestam no corpo, comprometendo a energia e a disposi\u00e7\u00e3o.<\/p>\n\n\n\n<h2 class=\"wp-block-heading\" id=\"h-a-psicologia-por-tras-da-vida-real-a-depressao-no-dia-a-dia\">A Psicologia por Tr\u00e1s da Vida Real: A Depress\u00e3o no Dia a Dia *<\/h2>\n\n\n\n<p>Imagine a vida como um c\u00e9u que, por vezes, fica encoberto por nuvens densas. Para quem enfrenta a <strong>depress\u00e3o<\/strong>, essas nuvens parecem n\u00e3o se dissipar, mesmo quando o sol tenta aparecer. No cotidiano, isso pode significar dificuldade em levantar-se da cama, sensa\u00e7\u00e3o de vazio em meio a reuni\u00f5es de fam\u00edlia ou perda de prazer em hobbies que antes traziam alegria. Pequenas tarefas, como responder mensagens ou cozinhar, tornam-se desafios desproporcionais. \u00c9 como caminhar com um peso invis\u00edvel, que impacta rela\u00e7\u00f5es, desempenho no trabalho e o bem-estar pessoal.<\/p>\n\n\n\n<h2 class=\"wp-block-heading\" id=\"h-compreendendo-os-momentos-criticos-da-depressao\">Compreendendo os Momentos Cr\u00edticos da Depress\u00e3o<\/h2>\n\n\n\n<p>Os momentos cr\u00edticos da <strong>depress\u00e3o<\/strong> s\u00e3o per\u00edodos em que os sintomas atingem um n\u00edvel incapacitante. Eles se diferenciam de fases de tristeza comum pela intensidade e pela dura\u00e7\u00e3o prolongada. Esses momentos podem se manifestar em crises de choro sem motivo aparente, isolamento social ou em epis\u00f3dios de desespero profundo. Reconhec\u00ea-los \u00e9 essencial para diferenciar a condi\u00e7\u00e3o de oscila\u00e7\u00f5es emocionais normais e compreender quando \u00e9 hora de buscar apoio.<\/p>\n\n\n\n<h2 class=\"wp-block-heading\" id=\"h-o-que-desencadeia-a-depressao\">O Que Desencadeia a Depress\u00e3o?<\/h2>\n\n\n\n<p>A <strong>depress\u00e3o<\/strong> pode ser desencadeada por uma combina\u00e7\u00e3o de fatores internos e externos. Entre os internos est\u00e3o predisposi\u00e7\u00e3o gen\u00e9tica, altera\u00e7\u00f5es qu\u00edmicas no c\u00e9rebro e hist\u00f3rico de sa\u00fade mental. J\u00e1 os fatores externos incluem perdas significativas, estresse cr\u00f4nico, problemas financeiros, conflitos familiares ou experi\u00eancias traum\u00e1ticas. Do mesmo modo, h\u00e1bitos de vida pouco saud\u00e1veis, como sedentarismo ou priva\u00e7\u00e3o de sono, podem intensificar os sintomas. Cada pessoa vivencia esses gatilhos de forma \u00fanica.<\/p>\n\n\n\n<h2 class=\"wp-block-heading\" id=\"h-mitos-e-verdades-sobre-solucoes-para-a-depressao\">Mitos e Verdades sobre Solu\u00e7\u00f5es para a Depress\u00e3o<\/h2>\n\n\n\n<p>Muitos acreditam que a <strong>depress\u00e3o<\/strong> \u00e9 apenas &#8220;falta de for\u00e7a de vontade&#8221;, mas isso n\u00e3o corresponde \u00e0 realidade. Tamb\u00e9m \u00e9 mito pensar que apenas medica\u00e7\u00e3o resolve a condi\u00e7\u00e3o. A verdade \u00e9 que diferentes caminhos podem contribuir, como psicoterapia, apoio social, atividades f\u00edsicas e mudan\u00e7as no estilo de vida. \u00c9 importante ressaltar que cada abordagem deve ser avaliada individualmente, sempre com acompanhamento profissional adequado.<\/p>\n\n\n\n<h2 class=\"wp-block-heading\" id=\"h-como-lidar-com-a-depressao-no-dia-a-dia\">Como Lidar com a Depress\u00e3o no Dia a Dia<\/h2>\n\n\n\n<p>Enfrentar a <strong>depress\u00e3o<\/strong> requer pequenas a\u00e7\u00f5es di\u00e1rias. Manter uma rotina estruturada, estabelecer metas realistas e praticar atividades f\u00edsicas regulares s\u00e3o passos \u00fateis. Al\u00e9m disso, t\u00e9cnicas de respira\u00e7\u00e3o e mindfulness podem auxiliar no controle da ansiedade associada. O autocuidado, incluindo momentos de descanso e hobbies prazerosos, desempenha papel fundamental. Buscar apoio em pessoas de confian\u00e7a tamb\u00e9m \u00e9 um recurso valioso para n\u00e3o enfrentar o desafio sozinho.<\/p>\n\n\n\n<h2 class=\"wp-block-heading\" id=\"h-a-depressao-no-corpo-e-na-mente-manifestacoes\">A Depress\u00e3o no Corpo e na Mente: Manifesta\u00e7\u00f5es<\/h2>\n\n\n\n<p>A <strong>depress\u00e3o<\/strong> impacta tanto o corpo quanto a mente. No corpo, pode causar dores musculares, tens\u00e3o, altera\u00e7\u00f5es no apetite e dist\u00farbios do sono. J\u00e1 na mente, se manifesta em pensamentos negativos recorrentes, dificuldades de concentra\u00e7\u00e3o e perda de interesse pela vida. Essa conex\u00e3o corpo-mente mostra como a condi\u00e7\u00e3o \u00e9 abrangente, exigindo uma compreens\u00e3o integral de seus efeitos.<\/p>\n\n\n\n<h2 class=\"wp-block-heading\" id=\"h-depressao-pos-parto-uma-perspectiva-ampliada\">Depress\u00e3o P\u00f3s-Parto: Uma Perspectiva Ampliada<\/h2>\n\n\n\n<p>Uma varia\u00e7\u00e3o da <strong>depress\u00e3o<\/strong> que merece aten\u00e7\u00e3o \u00e9 a p\u00f3s-parto, que afeta algumas m\u00e3es ap\u00f3s o nascimento do beb\u00ea. Diferente do &#8220;baby blues&#8221;, que \u00e9 passageiro, a depress\u00e3o p\u00f3s-parto pode ser intensa e prolongada, dificultando o v\u00ednculo com o beb\u00ea e a rotina familiar. Reconhecer seus sinais \u00e9 essencial para garantir que a m\u00e3e receba o suporte necess\u00e1rio.<\/p>\n\n\n\n<h2 class=\"wp-block-heading\" id=\"h-quem-busca-alivio-para-a-depressao\">Quem Busca Al\u00edvio para a Depress\u00e3o?<\/h2>\n\n\n\n<p>Pessoas de diferentes idades e contextos podem buscar al\u00edvio para a <strong>depress\u00e3o<\/strong>. Jovens podem enfrent\u00e1-la em meio a press\u00f5es acad\u00eamicas, adultos diante de dificuldades profissionais ou relacionamentos e idosos ap\u00f3s perdas ou isolamento social. Cada hist\u00f3ria \u00e9 marcada por particularidades, mas todas t\u00eam em comum a busca por mais leveza, compreens\u00e3o e apoio.<\/p>\n\n\n\n<h3 class=\"wp-block-heading\" id=\"h-diferentes-abordagens-para-lidar-com-a-depressao\">Diferentes Abordagens para Lidar com a Depress\u00e3o<\/h3>\n\n\n\n<ul class=\"wp-block-list\">\n<li>Psicoterapia: espa\u00e7o de escuta e autoconhecimento.<\/li>\n\n\n\n<li>Medica\u00e7\u00e3o: pode ser indicada em alguns casos para estabilizar sintomas.<\/li>\n\n\n\n<li>Atividades f\u00edsicas: comprovadamente ben\u00e9ficas para o humor.<\/li>\n\n\n\n<li>H\u00e1bitos saud\u00e1veis: sono adequado, alimenta\u00e7\u00e3o equilibrada e rotina organizada.<\/li>\n<\/ul>\n\n\n\n<h3 class=\"wp-block-heading\" id=\"h-sinais-de-alerta-quando-buscar-ajuda-profissional\">Sinais de Alerta: Quando Buscar Ajuda Profissional<\/h3>\n\n\n\n<p>Se os sintomas se intensificam a ponto de prejudicar a vida di\u00e1ria, quando h\u00e1 pensamentos autodestrutivos ou quando o sofrimento se prolonga sem melhora, \u00e9 fundamental buscar ajuda de um profissional de sa\u00fade mental.<\/p>\n\n\n\n<h3 class=\"wp-block-heading\" id=\"h-recursos-e-informacoes-confiaveis-sobre-a-depressao\">Recursos e Informa\u00e7\u00f5es Confi\u00e1veis sobre a Depress\u00e3o<\/h3>\n\n\n\n<p>Fontes confi\u00e1veis incluem associa\u00e7\u00f5es de sa\u00fade mental, universidades, manuais de sa\u00fade p\u00fablica e servi\u00e7os de atendimento psicol\u00f3gico. Esses recursos oferecem informa\u00e7\u00f5es claras, sem mitos ou estigmas.<\/p>\n\n\n\n<h3 class=\"wp-block-heading\" id=\"h-dicas-para-acao-imediata-em-momentos-de-depressao\">Dicas para A\u00e7\u00e3o Imediata em Momentos de Depress\u00e3o<\/h3>\n\n\n\n<ul class=\"wp-block-list\">\n<li>Praticar respira\u00e7\u00e3o profunda para reduzir a tens\u00e3o.<\/li>\n\n\n\n<li>Contatar uma pessoa de confian\u00e7a para conversar.<\/li>\n\n\n\n<li>Anotar pensamentos e emo\u00e7\u00f5es para organizar ideias.<\/li>\n\n\n\n<li>Fazer uma caminhada curta para movimentar o corpo.<\/li>\n<\/ul>\n\n\n\n<h2 class=\"wp-block-heading\" id=\"h-conclusao\">Conclus\u00e3o<\/h2>\n\n\n\n<p>Em suma, compreender <strong>qual o tratamento da depress\u00e3o<\/strong> \u00e9 um passo essencial para enfrentar esse desafio com mais clareza. Cada pessoa pode trilhar um caminho \u00fanico, mas o mais importante \u00e9 reconhecer os sinais e buscar apoio. Assim, torna-se poss\u00edvel transformar momentos de escurid\u00e3o em jornadas de autocuidado e recupera\u00e7\u00e3o. Se voc\u00ea se identifica com esses sinais, buscar informa\u00e7\u00e3o e apoio pode ser o primeiro passo para uma vida mais leve e equilibrada!<\/p>\n\n\n\n<p>* Essas narrativas s\u00e3o fict\u00edcias mas inspiradas em situa\u00e7\u00f5es comumente vivenciadas nos estudos e na cl\u00ednica psicol\u00f3gica.<\/p>\n\n\n\n<figure class=\"wp-block-image aligncenter size-large is-resized\"><img fetchpriority=\"high\" decoding=\"async\" width=\"1024\" height=\"683\" src=\"https:\/\/ianima.com.br\/blog\/wp-content\/uploads\/2025\/08\/2MM-562-1024x683.webp\" alt=\"Qual o Tratamento da Depress\u00e3o: Um Guia Completo\" class=\"wp-image-11202\" style=\"width:500px\" srcset=\"https:\/\/ianima.com.br\/blog\/wp-content\/uploads\/2025\/08\/2MM-562-1024x683.webp 1024w, https:\/\/ianima.com.br\/blog\/wp-content\/uploads\/2025\/08\/2MM-562-300x200.webp 300w, https:\/\/ianima.com.br\/blog\/wp-content\/uploads\/2025\/08\/2MM-562-768x512.webp 768w, https:\/\/ianima.com.br\/blog\/wp-content\/uploads\/2025\/08\/2MM-562.webp 1536w\" sizes=\"(max-width: 1024px) 100vw, 1024px\" \/><\/figure>\n\n\n\n<h2 class=\"wp-block-heading\" id=\"h-perguntas-frequentes-faq\">Perguntas Frequentes (FAQ)<\/h2>\n\n\n\n<div class=\"schema-faq wp-block-yoast-faq-block\"><div class=\"schema-faq-section\" id=\"faq-question-1756099929772\"><strong class=\"schema-faq-question\">Qual \u00e9 o tratamento mais comum para a depress\u00e3o?<\/strong> <p class=\"schema-faq-answer\">O tratamento mais comum inclui terapia, como a terapia cognitivo-comportamental, e medicamentos antidepressivos.<\/p> <\/div> <div class=\"schema-faq-section\" id=\"faq-question-1756099951858\"><strong class=\"schema-faq-question\">A terapia \u00e9 eficaz para todos?<\/strong> <p class=\"schema-faq-answer\">N\u00e3o, a efic\u00e1cia da terapia pode variar de pessoa para pessoa, mas muitos acham que combina\u00e7\u00f5es de terapia e medica\u00e7\u00e3o funcionam melhor.<\/p> <\/div> <div class=\"schema-faq-section\" id=\"faq-question-1756099973065\"><strong class=\"schema-faq-question\">Como posso saber se preciso de tratamento?<\/strong> <p class=\"schema-faq-answer\">Se voc\u00ea estiver se sentindo triste, sem energia ou sem interesse nas coisas por mais de duas semanas, \u00e9 uma boa ideia procurar ajuda profissional.<\/p> <\/div> <\/div>\n\n\n\n<ul class=\"wp-block-yoast-seo-related-links\"><li><a href=\"https:\/\/ianima.com.br\/blog\/saude-mental\/qual-o-tratamento-para-depressao-o-que-funciona-de-verdade\/\">Qual o tratamento para depress\u00e3o: o que funciona de verdade<\/a><\/li><li><a href=\"https:\/\/ianima.com.br\/blog\/saude-mental\/tratamento-depressao-o-que-voce-precisa-saber\/\">Tratamento Depress\u00e3o: O Que Voc\u00ea Precisa Saber<\/a><\/li><li><a href=\"https:\/\/ianima.com.br\/blog\/saude-mental\/qual-melhor-tratamento-para-depressao-o-que-voce-precisa-saber\/\">Qual Melhor Tratamento para Depress\u00e3o: O Que Voc\u00ea Precisa Saber<\/a><\/li><li><a href=\"https:\/\/ianima.com.br\/blog\/saude-mental\/qual-tratamento-para-depressao-o-que-voce-precisa-saber\/\">Qual Tratamento para Depress\u00e3o: O Que Voc\u00ea Precisa Saber<\/a><\/li><li><a href=\"https:\/\/ianima.com.br\/blog\/saude-mental\/qual-o-melhor-tratamento-para-depressao-sinais-e-caminhos\/\">Qual o Melhor Tratamento para Depress\u00e3o: Sinais e Caminhos<\/a><\/li><\/ul>\n","protected":false},"excerpt":{"rendered":"<p>Os Sinais e Sintomas da Depress\u00e3o A depress\u00e3o \u00e9 um transtorno complexo, que vai al\u00e9m de um simples estado de tristeza passageira. Os sinais podem variar em intensidade e dura\u00e7\u00e3o, mas geralmente incluem humor persistentemente baixo, falta de interesse em atividades antes prazerosas e fadiga constante. Al\u00e9m disso, altera\u00e7\u00f5es no sono, apetite irregular, sentimentos de [&hellip;]<\/p>\n","protected":false},"author":1,"featured_media":11201,"comment_status":"closed","ping_status":"closed","sticky":false,"template":"","format":"standard","meta":{"site-sidebar-layout":"default","site-content-layout":"","ast-site-content-layout":"default","site-content-style":"default","site-sidebar-style":"default","ast-global-header-display":"","ast-banner-title-visibility":"","ast-main-header-display":"","ast-hfb-above-header-display":"","ast-hfb-below-header-display":"","ast-hfb-mobile-header-display":"","site-post-title":"","ast-breadcrumbs-content":"","ast-featured-img":"","footer-sml-layout":"","theme-transparent-header-meta":"","adv-header-id-meta":"","stick-header-meta":"","header-above-stick-meta":"","header-main-stick-meta":"","header-below-stick-meta":"","astra-migrate-meta-layouts":"set","ast-page-background-enabled":"default","ast-page-background-meta":{"desktop":{"background-color":"","background-image":"","background-repeat":"repeat","background-position":"center center","background-size":"auto","background-attachment":"scroll","background-type":"","background-media":"","overlay-type":"","overlay-color":"","overlay-opacity":"","overlay-gradient":""},"tablet":{"background-color":"","background-image":"","background-repeat":"repeat","background-position":"center center","background-size":"auto","background-attachment":"scroll","background-type":"","background-media":"","overlay-type":"","overlay-color":"","overlay-opacity":"","overlay-gradient":""},"mobile":{"background-color":"","background-image":"","background-repeat":"repeat","background-position":"center center","background-size":"auto","background-attachment":"scroll","background-type":"","background-media":"","overlay-type":"","overlay-color":"","overlay-opacity":"","overlay-gradient":""}},"ast-content-background-meta":{"desktop":{"background-color":"var(--ast-global-color-5)","background-image":"","background-repeat":"repeat","background-position":"center center","background-size":"auto","background-attachment":"scroll","background-type":"","background-media":"","overlay-type":"","overlay-color":"","overlay-opacity":"","overlay-gradient":""},"tablet":{"background-color":"var(--ast-global-color-5)","background-image":"","background-repeat":"repeat","background-position":"center center","background-size":"auto","background-attachment":"scroll","background-type":"","background-media":"","overlay-type":"","overlay-color":"","overlay-opacity":"","overlay-gradient":""},"mobile":{"background-color":"var(--ast-global-color-5)","background-image":"","background-repeat":"repeat","background-position":"center center","background-size":"auto","background-attachment":"scroll","background-type":"","background-media":"","overlay-type":"","overlay-color":"","overlay-opacity":"","overlay-gradient":""}},"footnotes":""},"categories":[24],"tags":[],"class_list":["post-11199","post","type-post","status-publish","format-standard","has-post-thumbnail","hentry","category-saude-mental"],"yoast_head":"<!-- This site is optimized with the Yoast SEO Premium plugin v20.8 (Yoast SEO v20.8) - https:\/\/yoast.com\/wordpress\/plugins\/seo\/ -->\n<title>Qual o Tratamento da Depress\u00e3o: Um Guia Completo<\/title>\n<meta name=\"description\" content=\"Descubra os segredos para vencer a depress\u00e3o! Este guia completo revela tratamentos surpreendentes que podem mudar sua vida.\" \/>\n<meta name=\"robots\" content=\"index, follow, max-snippet:-1, max-image-preview:large, max-video-preview:-1\" \/>\n<link rel=\"canonical\" href=\"https:\/\/ianima.com.br\/blog\/saude-mental\/qual-o-tratamento-da-depressao-um-guia-completo\/\" \/>\n<meta property=\"og:locale\" content=\"pt_BR\" \/>\n<meta property=\"og:type\" content=\"article\" \/>\n<meta property=\"og:title\" content=\"Qual o Tratamento da Depress\u00e3o: Um Guia Completo\" \/>\n<meta property=\"og:description\" content=\"Descubra os segredos para vencer a depress\u00e3o! Este guia completo revela tratamentos surpreendentes que podem mudar sua vida.\" \/>\n<meta property=\"og:url\" content=\"https:\/\/ianima.com.br\/blog\/saude-mental\/qual-o-tratamento-da-depressao-um-guia-completo\/\" \/>\n<meta property=\"og:site_name\" content=\"Terapia Online com IANIMA: Inova\u00e7\u00e3o e Aconselhamento. O terapeuta online ao seu alcance.\" \/>\n<meta property=\"article:published_time\" content=\"2025-08-25T05:34:47+00:00\" \/>\n<meta property=\"article:modified_time\" content=\"2025-08-25T05:34:48+00:00\" \/>\n<meta property=\"og:image\" content=\"https:\/\/ianima.com.br\/blog\/wp-content\/uploads\/2025\/08\/1MM-562.webp\" \/>\n\t<meta property=\"og:image:width\" content=\"1536\" \/>\n\t<meta property=\"og:image:height\" content=\"1024\" \/>\n\t<meta property=\"og:image:type\" content=\"image\/webp\" \/>\n<meta name=\"author\" content=\"Wanderlei Talib\" \/>\n<meta name=\"twitter:card\" content=\"summary_large_image\" \/>\n<meta name=\"twitter:label1\" content=\"Escrito por\" \/>\n\t<meta name=\"twitter:data1\" content=\"Wanderlei Talib\" \/>\n\t<meta name=\"twitter:label2\" content=\"Est. tempo de leitura\" \/>\n\t<meta name=\"twitter:data2\" content=\"6 minutos\" \/>\n<script type=\"application\/ld+json\" class=\"yoast-schema-graph\">{\"@context\":\"https:\/\/schema.org\",\"@graph\":[{\"@type\":\"Article\",\"@id\":\"https:\/\/ianima.com.br\/blog\/saude-mental\/qual-o-tratamento-da-depressao-um-guia-completo\/#article\",\"isPartOf\":{\"@id\":\"https:\/\/ianima.com.br\/blog\/saude-mental\/qual-o-tratamento-da-depressao-um-guia-completo\/\"},\"author\":{\"name\":\"Wanderlei Talib\",\"@id\":\"https:\/\/ianima.com.br\/blog\/#\/schema\/person\/85378d6a819826ce615ae2a7a04f68d8\"},\"headline\":\"Qual o Tratamento da Depress\u00e3o: Um Guia Completo\",\"datePublished\":\"2025-08-25T05:34:47+00:00\",\"dateModified\":\"2025-08-25T05:34:48+00:00\",\"mainEntityOfPage\":{\"@id\":\"https:\/\/ianima.com.br\/blog\/saude-mental\/qual-o-tratamento-da-depressao-um-guia-completo\/\"},\"wordCount\":1189,\"publisher\":{\"@id\":\"https:\/\/ianima.com.br\/blog\/#organization\"},\"articleSection\":[\"Sa\u00fade Mental\"],\"inLanguage\":\"pt-BR\"},{\"@type\":[\"WebPage\",\"FAQPage\"],\"@id\":\"https:\/\/ianima.com.br\/blog\/saude-mental\/qual-o-tratamento-da-depressao-um-guia-completo\/\",\"url\":\"https:\/\/ianima.com.br\/blog\/saude-mental\/qual-o-tratamento-da-depressao-um-guia-completo\/\",\"name\":\"Qual o Tratamento da Depress\u00e3o: Um Guia Completo\",\"isPartOf\":{\"@id\":\"https:\/\/ianima.com.br\/blog\/#website\"},\"datePublished\":\"2025-08-25T05:34:47+00:00\",\"dateModified\":\"2025-08-25T05:34:48+00:00\",\"description\":\"Descubra os segredos para vencer a depress\u00e3o! Este guia completo revela tratamentos surpreendentes que podem mudar sua vida.\",\"breadcrumb\":{\"@id\":\"https:\/\/ianima.com.br\/blog\/saude-mental\/qual-o-tratamento-da-depressao-um-guia-completo\/#breadcrumb\"},\"mainEntity\":[{\"@id\":\"https:\/\/ianima.com.br\/blog\/saude-mental\/qual-o-tratamento-da-depressao-um-guia-completo\/#faq-question-1756099929772\"},{\"@id\":\"https:\/\/ianima.com.br\/blog\/saude-mental\/qual-o-tratamento-da-depressao-um-guia-completo\/#faq-question-1756099951858\"},{\"@id\":\"https:\/\/ianima.com.br\/blog\/saude-mental\/qual-o-tratamento-da-depressao-um-guia-completo\/#faq-question-1756099973065\"}],\"inLanguage\":\"pt-BR\",\"potentialAction\":[{\"@type\":\"ReadAction\",\"target\":[\"https:\/\/ianima.com.br\/blog\/saude-mental\/qual-o-tratamento-da-depressao-um-guia-completo\/\"]}]},{\"@type\":\"BreadcrumbList\",\"@id\":\"https:\/\/ianima.com.br\/blog\/saude-mental\/qual-o-tratamento-da-depressao-um-guia-completo\/#breadcrumb\",\"itemListElement\":[{\"@type\":\"ListItem\",\"position\":1,\"name\":\"In\u00edcio\",\"item\":\"https:\/\/ianima.com.br\/blog\/\"},{\"@type\":\"ListItem\",\"position\":2,\"name\":\"Qual o Tratamento da Depress\u00e3o: Um Guia Completo\"}]},{\"@type\":\"WebSite\",\"@id\":\"https:\/\/ianima.com.br\/blog\/#website\",\"url\":\"https:\/\/ianima.com.br\/blog\/\",\"name\":\"Terapia Online com IANIMA: Inova\u00e7\u00e3o e Aconselhamento. O terapeuta online ao seu alcance.\",\"description\":\"Terapia gratuita online com a IAnima, sua terapeuta online. Artigos sobre terapias online, sa\u00fade mental e bem-estar.\",\"publisher\":{\"@id\":\"https:\/\/ianima.com.br\/blog\/#organization\"},\"potentialAction\":[{\"@type\":\"SearchAction\",\"target\":{\"@type\":\"EntryPoint\",\"urlTemplate\":\"https:\/\/ianima.com.br\/blog\/?s={search_term_string}\"},\"query-input\":\"required name=search_term_string\"}],\"inLanguage\":\"pt-BR\"},{\"@type\":\"Organization\",\"@id\":\"https:\/\/ianima.com.br\/blog\/#organization\",\"name\":\"Terapia Online com IANIMA: Inova\u00e7\u00e3o e Aconselhamento. O terapeuta online ao seu alcance.\",\"url\":\"https:\/\/ianima.com.br\/blog\/\",\"logo\":{\"@type\":\"ImageObject\",\"inLanguage\":\"pt-BR\",\"@id\":\"https:\/\/ianima.com.br\/blog\/#\/schema\/logo\/image\/\",\"url\":\"https:\/\/ianima.com.br\/blog\/wp-content\/uploads\/2025\/04\/cropped-IAnima-terapia-online.webp\",\"contentUrl\":\"https:\/\/ianima.com.br\/blog\/wp-content\/uploads\/2025\/04\/cropped-IAnima-terapia-online.webp\",\"width\":819,\"height\":222,\"caption\":\"Terapia Online com IANIMA: Inova\u00e7\u00e3o e Aconselhamento. O terapeuta online ao seu alcance.\"},\"image\":{\"@id\":\"https:\/\/ianima.com.br\/blog\/#\/schema\/logo\/image\/\"}},{\"@type\":\"Person\",\"@id\":\"https:\/\/ianima.com.br\/blog\/#\/schema\/person\/85378d6a819826ce615ae2a7a04f68d8\",\"name\":\"Wanderlei Talib\",\"image\":{\"@type\":\"ImageObject\",\"inLanguage\":\"pt-BR\",\"@id\":\"https:\/\/ianima.com.br\/blog\/#\/schema\/person\/image\/\",\"url\":\"https:\/\/ianima.com.br\/blog\/wp-content\/litespeed\/avatar\/a0461c2b338365ab5dd45a3e926e23c7.jpg?ver=1777055969\",\"contentUrl\":\"https:\/\/ianima.com.br\/blog\/wp-content\/litespeed\/avatar\/a0461c2b338365ab5dd45a3e926e23c7.jpg?ver=1777055969\",\"caption\":\"Wanderlei Talib\"},\"sameAs\":[\"https:\/\/ianima.com.br\/blog\"],\"url\":\"https:\/\/ianima.com.br\/blog\/author\/adminedu\/\"},{\"@type\":\"Question\",\"@id\":\"https:\/\/ianima.com.br\/blog\/saude-mental\/qual-o-tratamento-da-depressao-um-guia-completo\/#faq-question-1756099929772\",\"position\":1,\"url\":\"https:\/\/ianima.com.br\/blog\/saude-mental\/qual-o-tratamento-da-depressao-um-guia-completo\/#faq-question-1756099929772\",\"name\":\"Qual \u00e9 o tratamento mais comum para a depress\u00e3o?\",\"answerCount\":1,\"acceptedAnswer\":{\"@type\":\"Answer\",\"text\":\"O tratamento mais comum inclui terapia, como a terapia cognitivo-comportamental, e medicamentos antidepressivos.\",\"inLanguage\":\"pt-BR\"},\"inLanguage\":\"pt-BR\"},{\"@type\":\"Question\",\"@id\":\"https:\/\/ianima.com.br\/blog\/saude-mental\/qual-o-tratamento-da-depressao-um-guia-completo\/#faq-question-1756099951858\",\"position\":2,\"url\":\"https:\/\/ianima.com.br\/blog\/saude-mental\/qual-o-tratamento-da-depressao-um-guia-completo\/#faq-question-1756099951858\",\"name\":\"A terapia \u00e9 eficaz para todos?\",\"answerCount\":1,\"acceptedAnswer\":{\"@type\":\"Answer\",\"text\":\"N\u00e3o, a efic\u00e1cia da terapia pode variar de pessoa para pessoa, mas muitos acham que combina\u00e7\u00f5es de terapia e medica\u00e7\u00e3o funcionam melhor.\",\"inLanguage\":\"pt-BR\"},\"inLanguage\":\"pt-BR\"},{\"@type\":\"Question\",\"@id\":\"https:\/\/ianima.com.br\/blog\/saude-mental\/qual-o-tratamento-da-depressao-um-guia-completo\/#faq-question-1756099973065\",\"position\":3,\"url\":\"https:\/\/ianima.com.br\/blog\/saude-mental\/qual-o-tratamento-da-depressao-um-guia-completo\/#faq-question-1756099973065\",\"name\":\"Como posso saber se preciso de tratamento?\",\"answerCount\":1,\"acceptedAnswer\":{\"@type\":\"Answer\",\"text\":\"Se voc\u00ea estiver se sentindo triste, sem energia ou sem interesse nas coisas por mais de duas semanas, \u00e9 uma boa ideia procurar ajuda profissional.\",\"inLanguage\":\"pt-BR\"},\"inLanguage\":\"pt-BR\"}]}<\/script>\n<!-- \/ Yoast SEO Premium plugin. -->","yoast_head_json":{"title":"Qual o Tratamento da Depress\u00e3o: Um Guia Completo","description":"Descubra os segredos para vencer a depress\u00e3o! Este guia completo revela tratamentos surpreendentes que podem mudar sua vida.","robots":{"index":"index","follow":"follow","max-snippet":"max-snippet:-1","max-image-preview":"max-image-preview:large","max-video-preview":"max-video-preview:-1"},"canonical":"https:\/\/ianima.com.br\/blog\/saude-mental\/qual-o-tratamento-da-depressao-um-guia-completo\/","og_locale":"pt_BR","og_type":"article","og_title":"Qual o Tratamento da Depress\u00e3o: Um Guia Completo","og_description":"Descubra os segredos para vencer a depress\u00e3o! Este guia completo revela tratamentos surpreendentes que podem mudar sua vida.","og_url":"https:\/\/ianima.com.br\/blog\/saude-mental\/qual-o-tratamento-da-depressao-um-guia-completo\/","og_site_name":"Terapia Online com IANIMA: Inova\u00e7\u00e3o e Aconselhamento. O terapeuta online ao seu alcance.","article_published_time":"2025-08-25T05:34:47+00:00","article_modified_time":"2025-08-25T05:34:48+00:00","og_image":[{"width":1536,"height":1024,"url":"https:\/\/ianima.com.br\/blog\/wp-content\/uploads\/2025\/08\/1MM-562.webp","type":"image\/webp"}],"author":"Wanderlei Talib","twitter_card":"summary_large_image","twitter_misc":{"Escrito por":"Wanderlei Talib","Est. tempo de leitura":"6 minutos"},"schema":{"@context":"https:\/\/schema.org","@graph":[{"@type":"Article","@id":"https:\/\/ianima.com.br\/blog\/saude-mental\/qual-o-tratamento-da-depressao-um-guia-completo\/#article","isPartOf":{"@id":"https:\/\/ianima.com.br\/blog\/saude-mental\/qual-o-tratamento-da-depressao-um-guia-completo\/"},"author":{"name":"Wanderlei Talib","@id":"https:\/\/ianima.com.br\/blog\/#\/schema\/person\/85378d6a819826ce615ae2a7a04f68d8"},"headline":"Qual o Tratamento da Depress\u00e3o: Um Guia Completo","datePublished":"2025-08-25T05:34:47+00:00","dateModified":"2025-08-25T05:34:48+00:00","mainEntityOfPage":{"@id":"https:\/\/ianima.com.br\/blog\/saude-mental\/qual-o-tratamento-da-depressao-um-guia-completo\/"},"wordCount":1189,"publisher":{"@id":"https:\/\/ianima.com.br\/blog\/#organization"},"articleSection":["Sa\u00fade Mental"],"inLanguage":"pt-BR"},{"@type":["WebPage","FAQPage"],"@id":"https:\/\/ianima.com.br\/blog\/saude-mental\/qual-o-tratamento-da-depressao-um-guia-completo\/","url":"https:\/\/ianima.com.br\/blog\/saude-mental\/qual-o-tratamento-da-depressao-um-guia-completo\/","name":"Qual o Tratamento da Depress\u00e3o: Um Guia Completo","isPartOf":{"@id":"https:\/\/ianima.com.br\/blog\/#website"},"datePublished":"2025-08-25T05:34:47+00:00","dateModified":"2025-08-25T05:34:48+00:00","description":"Descubra os segredos para vencer a depress\u00e3o! Este guia completo revela tratamentos surpreendentes que podem mudar sua vida.","breadcrumb":{"@id":"https:\/\/ianima.com.br\/blog\/saude-mental\/qual-o-tratamento-da-depressao-um-guia-completo\/#breadcrumb"},"mainEntity":[{"@id":"https:\/\/ianima.com.br\/blog\/saude-mental\/qual-o-tratamento-da-depressao-um-guia-completo\/#faq-question-1756099929772"},{"@id":"https:\/\/ianima.com.br\/blog\/saude-mental\/qual-o-tratamento-da-depressao-um-guia-completo\/#faq-question-1756099951858"},{"@id":"https:\/\/ianima.com.br\/blog\/saude-mental\/qual-o-tratamento-da-depressao-um-guia-completo\/#faq-question-1756099973065"}],"inLanguage":"pt-BR","potentialAction":[{"@type":"ReadAction","target":["https:\/\/ianima.com.br\/blog\/saude-mental\/qual-o-tratamento-da-depressao-um-guia-completo\/"]}]},{"@type":"BreadcrumbList","@id":"https:\/\/ianima.com.br\/blog\/saude-mental\/qual-o-tratamento-da-depressao-um-guia-completo\/#breadcrumb","itemListElement":[{"@type":"ListItem","position":1,"name":"In\u00edcio","item":"https:\/\/ianima.com.br\/blog\/"},{"@type":"ListItem","position":2,"name":"Qual o Tratamento da Depress\u00e3o: Um Guia Completo"}]},{"@type":"WebSite","@id":"https:\/\/ianima.com.br\/blog\/#website","url":"https:\/\/ianima.com.br\/blog\/","name":"Terapia Online com IANIMA: Inova\u00e7\u00e3o e Aconselhamento. O terapeuta online ao seu alcance.","description":"Terapia gratuita online com a IAnima, sua terapeuta online. Artigos sobre terapias online, sa\u00fade mental e bem-estar.","publisher":{"@id":"https:\/\/ianima.com.br\/blog\/#organization"},"potentialAction":[{"@type":"SearchAction","target":{"@type":"EntryPoint","urlTemplate":"https:\/\/ianima.com.br\/blog\/?s={search_term_string}"},"query-input":"required name=search_term_string"}],"inLanguage":"pt-BR"},{"@type":"Organization","@id":"https:\/\/ianima.com.br\/blog\/#organization","name":"Terapia Online com IANIMA: Inova\u00e7\u00e3o e Aconselhamento. O terapeuta online ao seu alcance.","url":"https:\/\/ianima.com.br\/blog\/","logo":{"@type":"ImageObject","inLanguage":"pt-BR","@id":"https:\/\/ianima.com.br\/blog\/#\/schema\/logo\/image\/","url":"https:\/\/ianima.com.br\/blog\/wp-content\/uploads\/2025\/04\/cropped-IAnima-terapia-online.webp","contentUrl":"https:\/\/ianima.com.br\/blog\/wp-content\/uploads\/2025\/04\/cropped-IAnima-terapia-online.webp","width":819,"height":222,"caption":"Terapia Online com IANIMA: Inova\u00e7\u00e3o e Aconselhamento. O terapeuta online ao seu alcance."},"image":{"@id":"https:\/\/ianima.com.br\/blog\/#\/schema\/logo\/image\/"}},{"@type":"Person","@id":"https:\/\/ianima.com.br\/blog\/#\/schema\/person\/85378d6a819826ce615ae2a7a04f68d8","name":"Wanderlei Talib","image":{"@type":"ImageObject","inLanguage":"pt-BR","@id":"https:\/\/ianima.com.br\/blog\/#\/schema\/person\/image\/","url":"https:\/\/ianima.com.br\/blog\/wp-content\/litespeed\/avatar\/a0461c2b338365ab5dd45a3e926e23c7.jpg?ver=1777055969","contentUrl":"https:\/\/ianima.com.br\/blog\/wp-content\/litespeed\/avatar\/a0461c2b338365ab5dd45a3e926e23c7.jpg?ver=1777055969","caption":"Wanderlei Talib"},"sameAs":["https:\/\/ianima.com.br\/blog"],"url":"https:\/\/ianima.com.br\/blog\/author\/adminedu\/"},{"@type":"Question","@id":"https:\/\/ianima.com.br\/blog\/saude-mental\/qual-o-tratamento-da-depressao-um-guia-completo\/#faq-question-1756099929772","position":1,"url":"https:\/\/ianima.com.br\/blog\/saude-mental\/qual-o-tratamento-da-depressao-um-guia-completo\/#faq-question-1756099929772","name":"Qual \u00e9 o tratamento mais comum para a depress\u00e3o?","answerCount":1,"acceptedAnswer":{"@type":"Answer","text":"O tratamento mais comum inclui terapia, como a terapia cognitivo-comportamental, e medicamentos antidepressivos.","inLanguage":"pt-BR"},"inLanguage":"pt-BR"},{"@type":"Question","@id":"https:\/\/ianima.com.br\/blog\/saude-mental\/qual-o-tratamento-da-depressao-um-guia-completo\/#faq-question-1756099951858","position":2,"url":"https:\/\/ianima.com.br\/blog\/saude-mental\/qual-o-tratamento-da-depressao-um-guia-completo\/#faq-question-1756099951858","name":"A terapia \u00e9 eficaz para todos?","answerCount":1,"acceptedAnswer":{"@type":"Answer","text":"N\u00e3o, a efic\u00e1cia da terapia pode variar de pessoa para pessoa, mas muitos acham que combina\u00e7\u00f5es de terapia e medica\u00e7\u00e3o funcionam melhor.","inLanguage":"pt-BR"},"inLanguage":"pt-BR"},{"@type":"Question","@id":"https:\/\/ianima.com.br\/blog\/saude-mental\/qual-o-tratamento-da-depressao-um-guia-completo\/#faq-question-1756099973065","position":3,"url":"https:\/\/ianima.com.br\/blog\/saude-mental\/qual-o-tratamento-da-depressao-um-guia-completo\/#faq-question-1756099973065","name":"Como posso saber se preciso de tratamento?","answerCount":1,"acceptedAnswer":{"@type":"Answer","text":"Se voc\u00ea estiver se sentindo triste, sem energia ou sem interesse nas coisas por mais de duas semanas, \u00e9 uma boa ideia procurar ajuda profissional.","inLanguage":"pt-BR"},"inLanguage":"pt-BR"}]}},"_links":{"self":[{"href":"https:\/\/ianima.com.br\/blog\/wp-json\/wp\/v2\/posts\/11199","targetHints":{"allow":["GET"]}}],"collection":[{"href":"https:\/\/ianima.com.br\/blog\/wp-json\/wp\/v2\/posts"}],"about":[{"href":"https:\/\/ianima.com.br\/blog\/wp-json\/wp\/v2\/types\/post"}],"author":[{"embeddable":true,"href":"https:\/\/ianima.com.br\/blog\/wp-json\/wp\/v2\/users\/1"}],"replies":[{"embeddable":true,"href":"https:\/\/ianima.com.br\/blog\/wp-json\/wp\/v2\/comments?post=11199"}],"version-history":[{"count":1,"href":"https:\/\/ianima.com.br\/blog\/wp-json\/wp\/v2\/posts\/11199\/revisions"}],"predecessor-version":[{"id":11203,"href":"https:\/\/ianima.com.br\/blog\/wp-json\/wp\/v2\/posts\/11199\/revisions\/11203"}],"wp:featuredmedia":[{"embeddable":true,"href":"https:\/\/ianima.com.br\/blog\/wp-json\/wp\/v2\/media\/11201"}],"wp:attachment":[{"href":"https:\/\/ianima.com.br\/blog\/wp-json\/wp\/v2\/media?parent=11199"}],"wp:term":[{"taxonomy":"category","embeddable":true,"href":"https:\/\/ianima.com.br\/blog\/wp-json\/wp\/v2\/categories?post=11199"},{"taxonomy":"post_tag","embeddable":true,"href":"https:\/\/ianima.com.br\/blog\/wp-json\/wp\/v2\/tags?post=11199"}],"curies":[{"name":"wp","href":"https:\/\/api.w.org\/{rel}","templated":true}]}}