{"id":3873,"date":"2025-05-20T00:44:40","date_gmt":"2025-05-20T00:44:40","guid":{"rendered":"https:\/\/ianima.com.br\/blog\/?p=3873"},"modified":"2025-05-20T00:44:41","modified_gmt":"2025-05-20T00:44:41","slug":"como-se-livrar-da-ansiedade-e-depressao-um-guia-completo","status":"publish","type":"post","link":"https:\/\/ianima.com.br\/blog\/saude-mental\/como-se-livrar-da-ansiedade-e-depressao-um-guia-completo\/","title":{"rendered":"Como se livrar da ansiedade e depress\u00e3o: Um Guia Completo"},"content":{"rendered":"\n<p>Antes de tudo, \u00e9 natural que, em algum momento da vida, a mente se sinta sobrecarregada. Sentir-se ansioso ou com humor deprimido n\u00e3o \u00e9 sinal de fraqueza, mas um reflexo humano diante de press\u00f5es emocionais, perdas, medos e d\u00favidas que afetam a todos n\u00f3s. Mas ser\u00e1 que h\u00e1 caminhos reais para superar essa ang\u00fastia? \u00c9 poss\u00edvel reencontrar equil\u00edbrio?<br>Descubra os sinais, causas e caminhos para compreender a <strong>como se livrar da ansiedade e depress\u00e3o<\/strong> que podem estar impactando sua vida.<\/p>\n\n\n\n<h2 class=\"wp-block-heading\" id=\"h-os-sinais-e-sintomas-da-ansiedade-e-depressao\">Os Sinais e Sintomas da <strong>ansiedade<\/strong> e <strong>depress\u00e3o<\/strong><\/h2>\n\n\n\n<p>A ansiedade e a depress\u00e3o podem se manifestar de formas diversas, \u00e0s vezes silenciosas, mas profundamente impactantes.<\/p>\n\n\n\n<p><strong>Sinais comuns da ansiedade:<\/strong><\/p>\n\n\n\n<ul class=\"wp-block-list\">\n<li>Preocupa\u00e7\u00f5es excessivas e persistentes.<\/li>\n\n\n\n<li>Tens\u00e3o muscular e sensa\u00e7\u00e3o de alerta constante.<\/li>\n\n\n\n<li>Taquicardia, respira\u00e7\u00e3o acelerada e suor frio.<\/li>\n\n\n\n<li>Dificuldade para relaxar ou dormir.<\/li>\n<\/ul>\n\n\n\n<p><strong>Sinais t\u00edpicos da depress\u00e3o:<\/strong><\/p>\n\n\n\n<ul class=\"wp-block-list\">\n<li>Tristeza profunda e duradoura.<\/li>\n\n\n\n<li>Falta de energia e motiva\u00e7\u00e3o.<\/li>\n\n\n\n<li>Perda de interesse em atividades antes prazerosas.<\/li>\n\n\n\n<li>Altera\u00e7\u00f5es no sono e no apetite.<\/li>\n\n\n\n<li>Sentimentos de culpa, inutilidade ou desesperan\u00e7a.<\/li>\n<\/ul>\n\n\n\n<p>Al\u00e9m disso, ambos os quadros podem coexistir, criando um ciclo de sofrimento emocional e f\u00edsico que afeta a rotina, os relacionamentos e a autoestima da pessoa.<\/p>\n\n\n\n<h2 class=\"wp-block-heading\" id=\"h-a-psicologia-por-tras-da-vida-real-a-como-se-livrar-da-ansiedade-e-depressao-no-dia-a-dia\">A Psicologia por Tr\u00e1s da Vida Real: A <strong>como se livrar da ansiedade e depress\u00e3o<\/strong> no Dia a Dia *<\/h2>\n\n\n\n<p>Imagine algu\u00e9m que come\u00e7a o dia j\u00e1 exausto, mesmo sem esfor\u00e7o f\u00edsico. No trabalho, evita reuni\u00f5es por medo de errar. Em casa, se isola, pois sente que n\u00e3o \u00e9 compreendido. Ao mesmo tempo, sofre com pensamentos constantes de fracasso e medo do futuro.<\/p>\n\n\n\n<p>Do mesmo modo, muitas pessoas enfrentam batalhas invis\u00edveis diariamente. A ansiedade faz com que pequenos desafios pare\u00e7am amea\u00e7as gigantescas. A depress\u00e3o transforma tarefas simples em obst\u00e1culos intranspon\u00edveis.<\/p>\n\n\n\n<p>Viver com esses sentimentos \u00e9 como caminhar com uma mochila invis\u00edvel, pesada e silenciosa, que afeta cada escolha, cada rela\u00e7\u00e3o, cada emo\u00e7\u00e3o.<\/p>\n\n\n\n<h2 class=\"wp-block-heading\" id=\"h-compreendendo-os-momentos-criticos-da-ansiedade-e-depressao\">Compreendendo os Momentos Cr\u00edticos da <strong>ansiedade e depress\u00e3o<\/strong><\/h2>\n\n\n\n<p>Os momentos cr\u00edticos s\u00e3o aqueles em que os sintomas se intensificam a ponto de interferir significativamente na funcionalidade ou bem-estar da pessoa.<\/p>\n\n\n\n<p>Exemplos desses momentos incluem:<\/p>\n\n\n\n<ul class=\"wp-block-list\">\n<li>Crises de p\u00e2nico.<\/li>\n\n\n\n<li>Epis\u00f3dios de choro sem motivo aparente.<\/li>\n\n\n\n<li>Sensa\u00e7\u00e3o de n\u00e3o conseguir sair da cama.<\/li>\n\n\n\n<li>Pensamentos negativos recorrentes ou autodepreciativos.<\/li>\n<\/ul>\n\n\n\n<p>\u00c9 importante aprender a reconhecer esses sinais como alertas leg\u00edtimos do corpo e da mente pedindo ajuda.<\/p>\n\n\n\n<h2 class=\"wp-block-heading\" id=\"h-o-que-desencadeia-a-ansiedade-e-a-depressao\">O Que Desencadeia a <strong>ansiedade<\/strong> e a <strong>depress\u00e3o<\/strong>?<\/h2>\n\n\n\n<p>Diversos fatores podem estar por tr\u00e1s desses quadros emocionais.<\/p>\n\n\n\n<p><strong>Gatilhos comuns incluem:<\/strong><\/p>\n\n\n\n<ul class=\"wp-block-list\">\n<li>Experi\u00eancias traum\u00e1ticas ou perdas recentes.<\/li>\n\n\n\n<li>Press\u00f5es sociais e familiares intensas.<\/li>\n\n\n\n<li>Estilo de vida sobrecarregado, sem pausas ou autocuidado.<\/li>\n\n\n\n<li>Conflitos internos n\u00e3o elaborados (culpa, inseguran\u00e7a, baixa autoestima).<\/li>\n\n\n\n<li>Predisposi\u00e7\u00e3o gen\u00e9tica ou hist\u00f3rico familiar.<\/li>\n<\/ul>\n\n\n\n<p>Por exemplo, o ac\u00famulo de pequenas frustra\u00e7\u00f5es pode, ao longo do tempo, gerar uma sobrecarga emocional dif\u00edcil de ser sustentada.<\/p>\n\n\n\n<h2 class=\"wp-block-heading\" id=\"h-mitos-e-verdades-sobre-solucoes-para-a-ansiedade-e-depressao\">Mitos e Verdades sobre Solu\u00e7\u00f5es para a <strong>ansiedade e depress\u00e3o<\/strong><\/h2>\n\n\n\n<p><strong>Mitos comuns:<\/strong><\/p>\n\n\n\n<ul class=\"wp-block-list\">\n<li>&#8220;\u00c9 s\u00f3 pensar positivo que passa.&#8221;<\/li>\n\n\n\n<li>&#8220;Quem tem depress\u00e3o \u00e9 fraco.&#8221;<\/li>\n\n\n\n<li>&#8220;Ansiedade \u00e9 frescura.&#8221;<\/li>\n<\/ul>\n\n\n\n<p>Essas afirma\u00e7\u00f5es minimizam um sofrimento real. A verdade \u00e9 que <strong>ansiedade<\/strong> e <strong>depress\u00e3o<\/strong> s\u00e3o condi\u00e7\u00f5es emocionais complexas, que podem ser amenizadas com informa\u00e7\u00e3o, apoio e cuidado cont\u00ednuo.<\/p>\n\n\n\n<p><strong>Verdades importantes:<\/strong><\/p>\n\n\n\n<ul class=\"wp-block-list\">\n<li>H\u00e1 diversos caminhos poss\u00edveis para o al\u00edvio e a supera\u00e7\u00e3o.<\/li>\n\n\n\n<li>O apoio emocional, o autoconhecimento e o tempo s\u00e3o aliados fundamentais.<\/li>\n\n\n\n<li>Buscar ajuda n\u00e3o \u00e9 sinal de fraqueza, mas de coragem.<\/li>\n<\/ul>\n\n\n\n<h2 class=\"wp-block-heading\" id=\"h-como-lidar-com-a-ansiedade-e-depressao-no-dia-a-dia\">Como Lidar com a <strong>ansiedade e depress\u00e3o<\/strong> no Dia a Dia<\/h2>\n\n\n\n<p>Adotar atitudes pr\u00e1ticas e conscientes pode transformar a rela\u00e7\u00e3o com essas emo\u00e7\u00f5es.<\/p>\n\n\n\n<p>Algumas estrat\u00e9gias:<\/p>\n\n\n\n<ul class=\"wp-block-list\">\n<li>Criar uma rotina com pausas e momentos de bem-estar.<\/li>\n\n\n\n<li>Praticar a respira\u00e7\u00e3o consciente ou medita\u00e7\u00e3o guiada.<\/li>\n\n\n\n<li>Registrar pensamentos em um di\u00e1rio emocional.<\/li>\n\n\n\n<li>Priorizar o sono, a alimenta\u00e7\u00e3o e os movimentos f\u00edsicos leves.<\/li>\n\n\n\n<li>Evitar o isolamento: falar sobre o que sente \u00e9 libertador.<\/li>\n<\/ul>\n\n\n\n<h2 class=\"wp-block-heading\" id=\"h-a-ansiedade-e-depressao-no-corpo-e-na-mente-manifestacoes\">A <strong>ansiedade e depress\u00e3o<\/strong> no Corpo e na Mente: Manifesta\u00e7\u00f5es<\/h2>\n\n\n\n<p>As emo\u00e7\u00f5es impactam diretamente o corpo, e vice-versa.<\/p>\n\n\n\n<p><strong>Manifesta\u00e7\u00f5es f\u00edsicas comuns:<\/strong><\/p>\n\n\n\n<ul class=\"wp-block-list\">\n<li>Dores musculares, especialmente na regi\u00e3o dos ombros e pesco\u00e7o.<\/li>\n\n\n\n<li>Palpita\u00e7\u00f5es e sensa\u00e7\u00e3o de aperto no peito.<\/li>\n\n\n\n<li>Fadiga persistente.<\/li>\n\n\n\n<li>Problemas gastrointestinais.<\/li>\n<\/ul>\n\n\n\n<p><strong>Manifesta\u00e7\u00f5es mentais:<\/strong><\/p>\n\n\n\n<ul class=\"wp-block-list\">\n<li>Dificuldade de concentra\u00e7\u00e3o.<\/li>\n\n\n\n<li>Mem\u00f3ria prejudicada.<\/li>\n\n\n\n<li>Sensa\u00e7\u00e3o de estar \u201cfora de si\u201d ou \u201cdesconectado\u201d.<\/li>\n\n\n\n<li>Pensamentos negativos autom\u00e1ticos.<\/li>\n<\/ul>\n\n\n\n<h2 class=\"wp-block-heading\" id=\"h-ansiedade-generalizada-uma-perspectiva-ampliada\"><strong>Ansiedade generalizada<\/strong>: Uma Perspectiva Ampliada<\/h2>\n\n\n\n<p>A ansiedade generalizada se caracteriza por uma preocupa\u00e7\u00e3o constante com diversos aspectos da vida, mesmo quando n\u00e3o h\u00e1 uma amea\u00e7a concreta.<\/p>\n\n\n\n<p><strong>Diferenciais importantes:<\/strong><\/p>\n\n\n\n<ul class=\"wp-block-list\">\n<li>\u00c9 cont\u00ednua, sem pausas significativas.<\/li>\n\n\n\n<li>Vem acompanhada de sintomas f\u00edsicos persistentes.<\/li>\n\n\n\n<li>Afeta diversas \u00e1reas da vida: trabalho, relacionamentos, sa\u00fade.<\/li>\n<\/ul>\n\n\n\n<p>Compreender esse subtipo ajuda a buscar interven\u00e7\u00f5es mais direcionadas e realistas.<\/p>\n\n\n\n<h2 class=\"wp-block-heading\" id=\"h-quem-busca-alivio-para-a-ansiedade-e-depressao\">Quem Busca Al\u00edvio para a <strong>ansiedade e depress\u00e3o<\/strong>?<\/h2>\n\n\n\n<p>S\u00e3o muitas as faces dessa busca:<\/p>\n\n\n\n<ul class=\"wp-block-list\">\n<li>Jovens em transi\u00e7\u00e3o de carreira ou estudos.<\/li>\n\n\n\n<li>Pais sobrecarregados tentando conciliar m\u00faltiplas demandas.<\/li>\n\n\n\n<li>Profissionais com rotinas exaustivas.<\/li>\n\n\n\n<li>Pessoas que vivem ou viveram rela\u00e7\u00f5es t\u00f3xicas.<\/li>\n\n\n\n<li>Indiv\u00edduos que sofrem em sil\u00eancio, mesmo sorrindo por fora.<\/li>\n<\/ul>\n\n\n\n<p>A dor emocional n\u00e3o tem rosto \u00fanico, e o desejo de al\u00edvio \u00e9 um passo importante no processo de transforma\u00e7\u00e3o.<\/p>\n\n\n\n<h3 class=\"wp-block-heading\" id=\"h-diferentes-abordagens-para-lidar-com-a-ansiedade-e-depressao\">Diferentes Abordagens para Lidar com a <strong>ansiedade e depress\u00e3o<\/strong><\/h3>\n\n\n\n<ul class=\"wp-block-list\">\n<li>Psicoterapia individual ou em grupo.<\/li>\n\n\n\n<li>Atividades f\u00edsicas regulares e prazerosas.<\/li>\n\n\n\n<li>T\u00e9cnicas de relaxamento, como mindfulness e ioga.<\/li>\n\n\n\n<li>Mudan\u00e7as no estilo de vida: sono, alimenta\u00e7\u00e3o e lazer.<\/li>\n\n\n\n<li>Pr\u00e1ticas criativas: arte, m\u00fasica, escrita.<\/li>\n<\/ul>\n\n\n\n<h3 class=\"wp-block-heading\" id=\"h-sinais-de-alerta-quando-buscar-ajuda-profissional\">Sinais de Alerta: Quando Buscar Ajuda Profissional<\/h3>\n\n\n\n<ul class=\"wp-block-list\">\n<li>Quando os sintomas interferem no trabalho ou nos estudos.<\/li>\n\n\n\n<li>Quando h\u00e1 pensamentos de autodesvaloriza\u00e7\u00e3o ou idea\u00e7\u00e3o suicida.<\/li>\n\n\n\n<li>Quando h\u00e1 sensa\u00e7\u00e3o constante de esgotamento ou desesperan\u00e7a.<\/li>\n\n\n\n<li>Quando o sofrimento se estende por mais de duas semanas de forma intensa.<\/li>\n<\/ul>\n\n\n\n<p>Buscar ajuda \u00e9 uma decis\u00e3o de cuidado, n\u00e3o de fraqueza.<\/p>\n\n\n\n<h3 class=\"wp-block-heading\" id=\"h-recursos-e-informacoes-confiaveis-sobre-a-ansiedade-e-depressao\">Recursos e Informa\u00e7\u00f5es Confi\u00e1veis sobre a <strong>ansiedade e depress\u00e3o<\/strong><\/h3>\n\n\n\n<ul class=\"wp-block-list\">\n<li>Cartilhas de institui\u00e7\u00f5es como a Organiza\u00e7\u00e3o Mundial da Sa\u00fade (OMS).<\/li>\n\n\n\n<li>Sites e plataformas de psicologia com conte\u00fado baseado em evid\u00eancias.<\/li>\n\n\n\n<li>Podcasts e v\u00eddeos de profissionais reconhecidos na \u00e1rea da sa\u00fade mental.<\/li>\n\n\n\n<li>Grupos de apoio emocional online com media\u00e7\u00e3o qualificada.<\/li>\n<\/ul>\n\n\n\n<h3 class=\"wp-block-heading\" id=\"h-dicas-para-acao-imediata-em-momentos-de-ansiedade-e-depressao\">Dicas para A\u00e7\u00e3o Imediata em Momentos de <strong>ansiedade e depress\u00e3o<\/strong><\/h3>\n\n\n\n<ul class=\"wp-block-list\">\n<li>Respire fundo: inspire por 4 segundos, segure por 4 e expire por 6.<\/li>\n\n\n\n<li>Mantenha contato com algu\u00e9m de confian\u00e7a.<\/li>\n\n\n\n<li>Coloque os p\u00e9s no ch\u00e3o e observe o ambiente \u00e0 sua volta.<\/li>\n\n\n\n<li>Anote 3 coisas que voc\u00ea sente e 3 que pode fazer para se acalmar.<\/li>\n\n\n\n<li>Evite tomar decis\u00f5es importantes durante uma crise.<\/li>\n<\/ul>\n\n\n\n<h2 class=\"wp-block-heading\" id=\"h-conclusao\">Conclus\u00e3o<\/h2>\n\n\n\n<p>Em suma, <strong>se livrar da ansiedade e da depress\u00e3o<\/strong> n\u00e3o significa apagar emo\u00e7\u00f5es, mas aprender a compreend\u00ea-las, acolh\u00ea-las e criar novas formas de viver com mais leveza. O processo \u00e9 \u00fanico para cada pessoa, e pode envolver altos e baixos \u2014 mas sempre vale a pena.<\/p>\n\n\n\n<p>Se voc\u00ea se identifica com esses sinais, buscar informa\u00e7\u00e3o e apoio pode ser o primeiro passo para uma vida mais leve e equilibrada!<\/p>\n\n\n\n<p>* Essas narrativas s\u00e3o fict\u00edcias mas inspiradas em situa\u00e7\u00f5es comumente vivenciadas nos estudos e na cl\u00ednica psicol\u00f3gica.<\/p>\n\n\n\n<figure class=\"wp-block-image aligncenter size-large is-resized\"><img fetchpriority=\"high\" decoding=\"async\" width=\"1024\" height=\"683\" src=\"https:\/\/ianima.com.br\/blog\/wp-content\/uploads\/2025\/05\/2MM-344-1024x683.webp\" alt=\"Como se livrar da ansiedade e depress\u00e3o: Um Guia Completo\" class=\"wp-image-3876\" style=\"width:500px\" srcset=\"https:\/\/ianima.com.br\/blog\/wp-content\/uploads\/2025\/05\/2MM-344-1024x683.webp 1024w, https:\/\/ianima.com.br\/blog\/wp-content\/uploads\/2025\/05\/2MM-344-300x200.webp 300w, https:\/\/ianima.com.br\/blog\/wp-content\/uploads\/2025\/05\/2MM-344-768x512.webp 768w, https:\/\/ianima.com.br\/blog\/wp-content\/uploads\/2025\/05\/2MM-344.webp 1536w\" sizes=\"(max-width: 1024px) 100vw, 1024px\" \/><\/figure>\n\n\n\n<h2 class=\"wp-block-heading\" id=\"h-perguntas-frequentes-faq\">Perguntas Frequentes (FAQ)<\/h2>\n\n\n\n<div class=\"schema-faq wp-block-yoast-faq-block\"><div class=\"schema-faq-section\" id=\"faq-question-1747701726884\"><strong class=\"schema-faq-question\">Como posso identificar se estou com ansiedade ou depress\u00e3o?<\/strong> <p class=\"schema-faq-answer\">Se voc\u00ea sente tristeza constante, preocupa\u00e7\u00e3o excessiva ou falta de energia, pode ser hora de buscar ajuda<\/p> <\/div> <div class=\"schema-faq-section\" id=\"faq-question-1747701746813\"><strong class=\"schema-faq-question\"> Quais s\u00e3o algumas dicas para aliviar a ansiedade e a depress\u00e3o?<\/strong> <p class=\"schema-faq-answer\">Praticar exerc\u00edcios, meditar e manter uma rotina saud\u00e1vel s\u00e3o \u00f3timas maneiras de ajudar a aliviar os sintomas<\/p> <\/div> <div class=\"schema-faq-section\" id=\"faq-question-1747701768609\"><strong class=\"schema-faq-question\"> Quando devo procurar um profissional de sa\u00fade mental?<\/strong> <p class=\"schema-faq-answer\">Se a ansiedade ou a depress\u00e3o estiverem interferindo na sua vida di\u00e1ria, \u00e9 importante buscar a orienta\u00e7\u00e3o de um especialista.<\/p> <\/div> <\/div>\n\n\n\n<ul class=\"wp-block-yoast-seo-related-links\"><li><a href=\"https:\/\/ianima.com.br\/blog\/saude-mental\/depressao-como-se-livrar-com-estrategias-eficazes\/\">Depress\u00e3o: como se livrar com estrat\u00e9gias eficazes<\/a><\/li><li><a href=\"https:\/\/ianima.com.br\/blog\/saude-mental\/como-se-livrar-da-depressao-o-que-fazer-no-dia-a-dia\/\">Como se Livrar da Depress\u00e3o: O Que Fazer no Dia a Dia<\/a><\/li><li><a href=\"https:\/\/ianima.com.br\/blog\/saude-mental\/como-se-livrar-da-ansiedade-o-que-fazer-e-por-que\/\">Como se livrar da ansiedade: o que fazer e por qu\u00ea<\/a><\/li><li><a href=\"https:\/\/ianima.com.br\/blog\/saude-mental\/como-sair-da-depressao-e-ansiedade-um-guia-completo\/\">Como sair da depress\u00e3o e ansiedade: um guia completo<\/a><\/li><li><a href=\"https:\/\/ianima.com.br\/blog\/saude-mental\/sintomas-depressao-e-ansiedade-o-que-voce-precisa-saber\/\">Sintomas depress\u00e3o e ansiedade: o que voc\u00ea precisa saber<\/a><\/li><\/ul>\n","protected":false},"excerpt":{"rendered":"<p>Antes de tudo, \u00e9 natural que, em algum momento da vida, a mente se sinta sobrecarregada. Sentir-se ansioso ou com humor deprimido n\u00e3o \u00e9 sinal de fraqueza, mas um reflexo humano diante de press\u00f5es emocionais, perdas, medos e d\u00favidas que afetam a todos n\u00f3s. Mas ser\u00e1 que h\u00e1 caminhos reais para superar essa ang\u00fastia? \u00c9 [&hellip;]<\/p>\n","protected":false},"author":1,"featured_media":3875,"comment_status":"closed","ping_status":"closed","sticky":false,"template":"","format":"standard","meta":{"site-sidebar-layout":"default","site-content-layout":"","ast-site-content-layout":"default","site-content-style":"default","site-sidebar-style":"default","ast-global-header-display":"","ast-banner-title-visibility":"","ast-main-header-display":"","ast-hfb-above-header-display":"","ast-hfb-below-header-display":"","ast-hfb-mobile-header-display":"","site-post-title":"","ast-breadcrumbs-content":"","ast-featured-img":"","footer-sml-layout":"","theme-transparent-header-meta":"","adv-header-id-meta":"","stick-header-meta":"","header-above-stick-meta":"","header-main-stick-meta":"","header-below-stick-meta":"","astra-migrate-meta-layouts":"set","ast-page-background-enabled":"default","ast-page-background-meta":{"desktop":{"background-color":"","background-image":"","background-repeat":"repeat","background-position":"center center","background-size":"auto","background-attachment":"scroll","background-type":"","background-media":"","overlay-type":"","overlay-color":"","overlay-opacity":"","overlay-gradient":""},"tablet":{"background-color":"","background-image":"","background-repeat":"repeat","background-position":"center center","background-size":"auto","background-attachment":"scroll","background-type":"","background-media":"","overlay-type":"","overlay-color":"","overlay-opacity":"","overlay-gradient":""},"mobile":{"background-color":"","background-image":"","background-repeat":"repeat","background-position":"center center","background-size":"auto","background-attachment":"scroll","background-type":"","background-media":"","overlay-type":"","overlay-color":"","overlay-opacity":"","overlay-gradient":""}},"ast-content-background-meta":{"desktop":{"background-color":"var(--ast-global-color-5)","background-image":"","background-repeat":"repeat","background-position":"center center","background-size":"auto","background-attachment":"scroll","background-type":"","background-media":"","overlay-type":"","overlay-color":"","overlay-opacity":"","overlay-gradient":""},"tablet":{"background-color":"var(--ast-global-color-5)","background-image":"","background-repeat":"repeat","background-position":"center center","background-size":"auto","background-attachment":"scroll","background-type":"","background-media":"","overlay-type":"","overlay-color":"","overlay-opacity":"","overlay-gradient":""},"mobile":{"background-color":"var(--ast-global-color-5)","background-image":"","background-repeat":"repeat","background-position":"center center","background-size":"auto","background-attachment":"scroll","background-type":"","background-media":"","overlay-type":"","overlay-color":"","overlay-opacity":"","overlay-gradient":""}},"footnotes":""},"categories":[24],"tags":[],"class_list":["post-3873","post","type-post","status-publish","format-standard","has-post-thumbnail","hentry","category-saude-mental"],"yoast_head":"<!-- This site is optimized with the Yoast SEO Premium plugin v20.8 (Yoast SEO v20.8) - https:\/\/yoast.com\/wordpress\/plugins\/seo\/ -->\n<title>Como se livrar da ansiedade e depress\u00e3o: Um Guia Completo<\/title>\n<meta name=\"description\" content=\"Descubra os segredos para vencer a ansiedade e a depress\u00e3o de uma vez por todas! Transforme sua vida com nosso guia completo!\" \/>\n<meta name=\"robots\" content=\"index, follow, max-snippet:-1, max-image-preview:large, max-video-preview:-1\" \/>\n<link rel=\"canonical\" href=\"https:\/\/ianima.com.br\/blog\/saude-mental\/como-se-livrar-da-ansiedade-e-depressao-um-guia-completo\/\" \/>\n<meta property=\"og:locale\" content=\"pt_BR\" \/>\n<meta property=\"og:type\" content=\"article\" \/>\n<meta property=\"og:title\" content=\"Como se livrar da ansiedade e depress\u00e3o: Um Guia Completo\" \/>\n<meta property=\"og:description\" content=\"Descubra os segredos para vencer a ansiedade e a depress\u00e3o de uma vez por todas! Transforme sua vida com nosso guia completo!\" \/>\n<meta property=\"og:url\" content=\"https:\/\/ianima.com.br\/blog\/saude-mental\/como-se-livrar-da-ansiedade-e-depressao-um-guia-completo\/\" \/>\n<meta property=\"og:site_name\" content=\"Terapia Online com IANIMA: Inova\u00e7\u00e3o e Aconselhamento. O terapeuta online ao seu alcance.\" \/>\n<meta property=\"article:published_time\" content=\"2025-05-20T00:44:40+00:00\" \/>\n<meta property=\"article:modified_time\" content=\"2025-05-20T00:44:41+00:00\" \/>\n<meta property=\"og:image\" content=\"https:\/\/ianima.com.br\/blog\/wp-content\/uploads\/2025\/05\/1MM-344.webp\" \/>\n\t<meta property=\"og:image:width\" content=\"1536\" \/>\n\t<meta property=\"og:image:height\" content=\"1024\" \/>\n\t<meta property=\"og:image:type\" content=\"image\/webp\" \/>\n<meta name=\"author\" content=\"Wanderlei Talib\" \/>\n<meta name=\"twitter:card\" content=\"summary_large_image\" \/>\n<meta name=\"twitter:label1\" content=\"Escrito por\" \/>\n\t<meta name=\"twitter:data1\" content=\"Wanderlei Talib\" \/>\n\t<meta name=\"twitter:label2\" content=\"Est. tempo de leitura\" \/>\n\t<meta name=\"twitter:data2\" content=\"7 minutos\" \/>\n<script type=\"application\/ld+json\" class=\"yoast-schema-graph\">{\"@context\":\"https:\/\/schema.org\",\"@graph\":[{\"@type\":\"Article\",\"@id\":\"https:\/\/ianima.com.br\/blog\/saude-mental\/como-se-livrar-da-ansiedade-e-depressao-um-guia-completo\/#article\",\"isPartOf\":{\"@id\":\"https:\/\/ianima.com.br\/blog\/saude-mental\/como-se-livrar-da-ansiedade-e-depressao-um-guia-completo\/\"},\"author\":{\"name\":\"Wanderlei Talib\",\"@id\":\"https:\/\/ianima.com.br\/blog\/#\/schema\/person\/85378d6a819826ce615ae2a7a04f68d8\"},\"headline\":\"Como se livrar da ansiedade e depress\u00e3o: Um Guia Completo\",\"datePublished\":\"2025-05-20T00:44:40+00:00\",\"dateModified\":\"2025-05-20T00:44:41+00:00\",\"mainEntityOfPage\":{\"@id\":\"https:\/\/ianima.com.br\/blog\/saude-mental\/como-se-livrar-da-ansiedade-e-depressao-um-guia-completo\/\"},\"wordCount\":1367,\"publisher\":{\"@id\":\"https:\/\/ianima.com.br\/blog\/#organization\"},\"articleSection\":[\"Sa\u00fade Mental\"],\"inLanguage\":\"pt-BR\"},{\"@type\":[\"WebPage\",\"FAQPage\"],\"@id\":\"https:\/\/ianima.com.br\/blog\/saude-mental\/como-se-livrar-da-ansiedade-e-depressao-um-guia-completo\/\",\"url\":\"https:\/\/ianima.com.br\/blog\/saude-mental\/como-se-livrar-da-ansiedade-e-depressao-um-guia-completo\/\",\"name\":\"Como se livrar da ansiedade e depress\u00e3o: Um Guia Completo\",\"isPartOf\":{\"@id\":\"https:\/\/ianima.com.br\/blog\/#website\"},\"datePublished\":\"2025-05-20T00:44:40+00:00\",\"dateModified\":\"2025-05-20T00:44:41+00:00\",\"description\":\"Descubra os segredos para vencer a ansiedade e a depress\u00e3o de uma vez por todas! Transforme sua vida com nosso guia completo!\",\"breadcrumb\":{\"@id\":\"https:\/\/ianima.com.br\/blog\/saude-mental\/como-se-livrar-da-ansiedade-e-depressao-um-guia-completo\/#breadcrumb\"},\"mainEntity\":[{\"@id\":\"https:\/\/ianima.com.br\/blog\/saude-mental\/como-se-livrar-da-ansiedade-e-depressao-um-guia-completo\/#faq-question-1747701726884\"},{\"@id\":\"https:\/\/ianima.com.br\/blog\/saude-mental\/como-se-livrar-da-ansiedade-e-depressao-um-guia-completo\/#faq-question-1747701746813\"},{\"@id\":\"https:\/\/ianima.com.br\/blog\/saude-mental\/como-se-livrar-da-ansiedade-e-depressao-um-guia-completo\/#faq-question-1747701768609\"}],\"inLanguage\":\"pt-BR\",\"potentialAction\":[{\"@type\":\"ReadAction\",\"target\":[\"https:\/\/ianima.com.br\/blog\/saude-mental\/como-se-livrar-da-ansiedade-e-depressao-um-guia-completo\/\"]}]},{\"@type\":\"BreadcrumbList\",\"@id\":\"https:\/\/ianima.com.br\/blog\/saude-mental\/como-se-livrar-da-ansiedade-e-depressao-um-guia-completo\/#breadcrumb\",\"itemListElement\":[{\"@type\":\"ListItem\",\"position\":1,\"name\":\"In\u00edcio\",\"item\":\"https:\/\/ianima.com.br\/blog\/\"},{\"@type\":\"ListItem\",\"position\":2,\"name\":\"Como se livrar da ansiedade e depress\u00e3o: Um Guia Completo\"}]},{\"@type\":\"WebSite\",\"@id\":\"https:\/\/ianima.com.br\/blog\/#website\",\"url\":\"https:\/\/ianima.com.br\/blog\/\",\"name\":\"Terapia Online com IANIMA: Inova\u00e7\u00e3o e Aconselhamento. O terapeuta online ao seu alcance.\",\"description\":\"Terapia gratuita online com a IAnima, sua terapeuta online. Artigos sobre terapias online, sa\u00fade mental e bem-estar.\",\"publisher\":{\"@id\":\"https:\/\/ianima.com.br\/blog\/#organization\"},\"potentialAction\":[{\"@type\":\"SearchAction\",\"target\":{\"@type\":\"EntryPoint\",\"urlTemplate\":\"https:\/\/ianima.com.br\/blog\/?s={search_term_string}\"},\"query-input\":\"required name=search_term_string\"}],\"inLanguage\":\"pt-BR\"},{\"@type\":\"Organization\",\"@id\":\"https:\/\/ianima.com.br\/blog\/#organization\",\"name\":\"Terapia Online com IANIMA: Inova\u00e7\u00e3o e Aconselhamento. O terapeuta online ao seu alcance.\",\"url\":\"https:\/\/ianima.com.br\/blog\/\",\"logo\":{\"@type\":\"ImageObject\",\"inLanguage\":\"pt-BR\",\"@id\":\"https:\/\/ianima.com.br\/blog\/#\/schema\/logo\/image\/\",\"url\":\"https:\/\/ianima.com.br\/blog\/wp-content\/uploads\/2025\/04\/cropped-IAnima-terapia-online.webp\",\"contentUrl\":\"https:\/\/ianima.com.br\/blog\/wp-content\/uploads\/2025\/04\/cropped-IAnima-terapia-online.webp\",\"width\":819,\"height\":222,\"caption\":\"Terapia Online com IANIMA: Inova\u00e7\u00e3o e Aconselhamento. O terapeuta online ao seu alcance.\"},\"image\":{\"@id\":\"https:\/\/ianima.com.br\/blog\/#\/schema\/logo\/image\/\"}},{\"@type\":\"Person\",\"@id\":\"https:\/\/ianima.com.br\/blog\/#\/schema\/person\/85378d6a819826ce615ae2a7a04f68d8\",\"name\":\"Wanderlei Talib\",\"image\":{\"@type\":\"ImageObject\",\"inLanguage\":\"pt-BR\",\"@id\":\"https:\/\/ianima.com.br\/blog\/#\/schema\/person\/image\/\",\"url\":\"https:\/\/ianima.com.br\/blog\/wp-content\/litespeed\/avatar\/a0461c2b338365ab5dd45a3e926e23c7.jpg?ver=1777055969\",\"contentUrl\":\"https:\/\/ianima.com.br\/blog\/wp-content\/litespeed\/avatar\/a0461c2b338365ab5dd45a3e926e23c7.jpg?ver=1777055969\",\"caption\":\"Wanderlei Talib\"},\"sameAs\":[\"https:\/\/ianima.com.br\/blog\"],\"url\":\"https:\/\/ianima.com.br\/blog\/author\/adminedu\/\"},{\"@type\":\"Question\",\"@id\":\"https:\/\/ianima.com.br\/blog\/saude-mental\/como-se-livrar-da-ansiedade-e-depressao-um-guia-completo\/#faq-question-1747701726884\",\"position\":1,\"url\":\"https:\/\/ianima.com.br\/blog\/saude-mental\/como-se-livrar-da-ansiedade-e-depressao-um-guia-completo\/#faq-question-1747701726884\",\"name\":\"Como posso identificar se estou com ansiedade ou depress\u00e3o?\",\"answerCount\":1,\"acceptedAnswer\":{\"@type\":\"Answer\",\"text\":\"Se voc\u00ea sente tristeza constante, preocupa\u00e7\u00e3o excessiva ou falta de energia, pode ser hora de buscar ajuda\",\"inLanguage\":\"pt-BR\"},\"inLanguage\":\"pt-BR\"},{\"@type\":\"Question\",\"@id\":\"https:\/\/ianima.com.br\/blog\/saude-mental\/como-se-livrar-da-ansiedade-e-depressao-um-guia-completo\/#faq-question-1747701746813\",\"position\":2,\"url\":\"https:\/\/ianima.com.br\/blog\/saude-mental\/como-se-livrar-da-ansiedade-e-depressao-um-guia-completo\/#faq-question-1747701746813\",\"name\":\"Quais s\u00e3o algumas dicas para aliviar a ansiedade e a depress\u00e3o?\",\"answerCount\":1,\"acceptedAnswer\":{\"@type\":\"Answer\",\"text\":\"Praticar exerc\u00edcios, meditar e manter uma rotina saud\u00e1vel s\u00e3o \u00f3timas maneiras de ajudar a aliviar os sintomas\",\"inLanguage\":\"pt-BR\"},\"inLanguage\":\"pt-BR\"},{\"@type\":\"Question\",\"@id\":\"https:\/\/ianima.com.br\/blog\/saude-mental\/como-se-livrar-da-ansiedade-e-depressao-um-guia-completo\/#faq-question-1747701768609\",\"position\":3,\"url\":\"https:\/\/ianima.com.br\/blog\/saude-mental\/como-se-livrar-da-ansiedade-e-depressao-um-guia-completo\/#faq-question-1747701768609\",\"name\":\"Quando devo procurar um profissional de sa\u00fade mental?\",\"answerCount\":1,\"acceptedAnswer\":{\"@type\":\"Answer\",\"text\":\"Se a ansiedade ou a depress\u00e3o estiverem interferindo na sua vida di\u00e1ria, \u00e9 importante buscar a orienta\u00e7\u00e3o de um especialista.\",\"inLanguage\":\"pt-BR\"},\"inLanguage\":\"pt-BR\"}]}<\/script>\n<!-- \/ Yoast SEO Premium plugin. -->","yoast_head_json":{"title":"Como se livrar da ansiedade e depress\u00e3o: Um Guia Completo","description":"Descubra os segredos para vencer a ansiedade e a depress\u00e3o de uma vez por todas! Transforme sua vida com nosso guia completo!","robots":{"index":"index","follow":"follow","max-snippet":"max-snippet:-1","max-image-preview":"max-image-preview:large","max-video-preview":"max-video-preview:-1"},"canonical":"https:\/\/ianima.com.br\/blog\/saude-mental\/como-se-livrar-da-ansiedade-e-depressao-um-guia-completo\/","og_locale":"pt_BR","og_type":"article","og_title":"Como se livrar da ansiedade e depress\u00e3o: Um Guia Completo","og_description":"Descubra os segredos para vencer a ansiedade e a depress\u00e3o de uma vez por todas! Transforme sua vida com nosso guia completo!","og_url":"https:\/\/ianima.com.br\/blog\/saude-mental\/como-se-livrar-da-ansiedade-e-depressao-um-guia-completo\/","og_site_name":"Terapia Online com IANIMA: Inova\u00e7\u00e3o e Aconselhamento. O terapeuta online ao seu alcance.","article_published_time":"2025-05-20T00:44:40+00:00","article_modified_time":"2025-05-20T00:44:41+00:00","og_image":[{"width":1536,"height":1024,"url":"https:\/\/ianima.com.br\/blog\/wp-content\/uploads\/2025\/05\/1MM-344.webp","type":"image\/webp"}],"author":"Wanderlei Talib","twitter_card":"summary_large_image","twitter_misc":{"Escrito por":"Wanderlei Talib","Est. tempo de leitura":"7 minutos"},"schema":{"@context":"https:\/\/schema.org","@graph":[{"@type":"Article","@id":"https:\/\/ianima.com.br\/blog\/saude-mental\/como-se-livrar-da-ansiedade-e-depressao-um-guia-completo\/#article","isPartOf":{"@id":"https:\/\/ianima.com.br\/blog\/saude-mental\/como-se-livrar-da-ansiedade-e-depressao-um-guia-completo\/"},"author":{"name":"Wanderlei Talib","@id":"https:\/\/ianima.com.br\/blog\/#\/schema\/person\/85378d6a819826ce615ae2a7a04f68d8"},"headline":"Como se livrar da ansiedade e depress\u00e3o: Um Guia Completo","datePublished":"2025-05-20T00:44:40+00:00","dateModified":"2025-05-20T00:44:41+00:00","mainEntityOfPage":{"@id":"https:\/\/ianima.com.br\/blog\/saude-mental\/como-se-livrar-da-ansiedade-e-depressao-um-guia-completo\/"},"wordCount":1367,"publisher":{"@id":"https:\/\/ianima.com.br\/blog\/#organization"},"articleSection":["Sa\u00fade Mental"],"inLanguage":"pt-BR"},{"@type":["WebPage","FAQPage"],"@id":"https:\/\/ianima.com.br\/blog\/saude-mental\/como-se-livrar-da-ansiedade-e-depressao-um-guia-completo\/","url":"https:\/\/ianima.com.br\/blog\/saude-mental\/como-se-livrar-da-ansiedade-e-depressao-um-guia-completo\/","name":"Como se livrar da ansiedade e depress\u00e3o: Um Guia Completo","isPartOf":{"@id":"https:\/\/ianima.com.br\/blog\/#website"},"datePublished":"2025-05-20T00:44:40+00:00","dateModified":"2025-05-20T00:44:41+00:00","description":"Descubra os segredos para vencer a ansiedade e a depress\u00e3o de uma vez por todas! Transforme sua vida com nosso guia completo!","breadcrumb":{"@id":"https:\/\/ianima.com.br\/blog\/saude-mental\/como-se-livrar-da-ansiedade-e-depressao-um-guia-completo\/#breadcrumb"},"mainEntity":[{"@id":"https:\/\/ianima.com.br\/blog\/saude-mental\/como-se-livrar-da-ansiedade-e-depressao-um-guia-completo\/#faq-question-1747701726884"},{"@id":"https:\/\/ianima.com.br\/blog\/saude-mental\/como-se-livrar-da-ansiedade-e-depressao-um-guia-completo\/#faq-question-1747701746813"},{"@id":"https:\/\/ianima.com.br\/blog\/saude-mental\/como-se-livrar-da-ansiedade-e-depressao-um-guia-completo\/#faq-question-1747701768609"}],"inLanguage":"pt-BR","potentialAction":[{"@type":"ReadAction","target":["https:\/\/ianima.com.br\/blog\/saude-mental\/como-se-livrar-da-ansiedade-e-depressao-um-guia-completo\/"]}]},{"@type":"BreadcrumbList","@id":"https:\/\/ianima.com.br\/blog\/saude-mental\/como-se-livrar-da-ansiedade-e-depressao-um-guia-completo\/#breadcrumb","itemListElement":[{"@type":"ListItem","position":1,"name":"In\u00edcio","item":"https:\/\/ianima.com.br\/blog\/"},{"@type":"ListItem","position":2,"name":"Como se livrar da ansiedade e depress\u00e3o: Um Guia Completo"}]},{"@type":"WebSite","@id":"https:\/\/ianima.com.br\/blog\/#website","url":"https:\/\/ianima.com.br\/blog\/","name":"Terapia Online com IANIMA: Inova\u00e7\u00e3o e Aconselhamento. O terapeuta online ao seu alcance.","description":"Terapia gratuita online com a IAnima, sua terapeuta online. Artigos sobre terapias online, sa\u00fade mental e bem-estar.","publisher":{"@id":"https:\/\/ianima.com.br\/blog\/#organization"},"potentialAction":[{"@type":"SearchAction","target":{"@type":"EntryPoint","urlTemplate":"https:\/\/ianima.com.br\/blog\/?s={search_term_string}"},"query-input":"required name=search_term_string"}],"inLanguage":"pt-BR"},{"@type":"Organization","@id":"https:\/\/ianima.com.br\/blog\/#organization","name":"Terapia Online com IANIMA: Inova\u00e7\u00e3o e Aconselhamento. O terapeuta online ao seu alcance.","url":"https:\/\/ianima.com.br\/blog\/","logo":{"@type":"ImageObject","inLanguage":"pt-BR","@id":"https:\/\/ianima.com.br\/blog\/#\/schema\/logo\/image\/","url":"https:\/\/ianima.com.br\/blog\/wp-content\/uploads\/2025\/04\/cropped-IAnima-terapia-online.webp","contentUrl":"https:\/\/ianima.com.br\/blog\/wp-content\/uploads\/2025\/04\/cropped-IAnima-terapia-online.webp","width":819,"height":222,"caption":"Terapia Online com IANIMA: Inova\u00e7\u00e3o e Aconselhamento. O terapeuta online ao seu alcance."},"image":{"@id":"https:\/\/ianima.com.br\/blog\/#\/schema\/logo\/image\/"}},{"@type":"Person","@id":"https:\/\/ianima.com.br\/blog\/#\/schema\/person\/85378d6a819826ce615ae2a7a04f68d8","name":"Wanderlei Talib","image":{"@type":"ImageObject","inLanguage":"pt-BR","@id":"https:\/\/ianima.com.br\/blog\/#\/schema\/person\/image\/","url":"https:\/\/ianima.com.br\/blog\/wp-content\/litespeed\/avatar\/a0461c2b338365ab5dd45a3e926e23c7.jpg?ver=1777055969","contentUrl":"https:\/\/ianima.com.br\/blog\/wp-content\/litespeed\/avatar\/a0461c2b338365ab5dd45a3e926e23c7.jpg?ver=1777055969","caption":"Wanderlei Talib"},"sameAs":["https:\/\/ianima.com.br\/blog"],"url":"https:\/\/ianima.com.br\/blog\/author\/adminedu\/"},{"@type":"Question","@id":"https:\/\/ianima.com.br\/blog\/saude-mental\/como-se-livrar-da-ansiedade-e-depressao-um-guia-completo\/#faq-question-1747701726884","position":1,"url":"https:\/\/ianima.com.br\/blog\/saude-mental\/como-se-livrar-da-ansiedade-e-depressao-um-guia-completo\/#faq-question-1747701726884","name":"Como posso identificar se estou com ansiedade ou depress\u00e3o?","answerCount":1,"acceptedAnswer":{"@type":"Answer","text":"Se voc\u00ea sente tristeza constante, preocupa\u00e7\u00e3o excessiva ou falta de energia, pode ser hora de buscar ajuda","inLanguage":"pt-BR"},"inLanguage":"pt-BR"},{"@type":"Question","@id":"https:\/\/ianima.com.br\/blog\/saude-mental\/como-se-livrar-da-ansiedade-e-depressao-um-guia-completo\/#faq-question-1747701746813","position":2,"url":"https:\/\/ianima.com.br\/blog\/saude-mental\/como-se-livrar-da-ansiedade-e-depressao-um-guia-completo\/#faq-question-1747701746813","name":"Quais s\u00e3o algumas dicas para aliviar a ansiedade e a depress\u00e3o?","answerCount":1,"acceptedAnswer":{"@type":"Answer","text":"Praticar exerc\u00edcios, meditar e manter uma rotina saud\u00e1vel s\u00e3o \u00f3timas maneiras de ajudar a aliviar os sintomas","inLanguage":"pt-BR"},"inLanguage":"pt-BR"},{"@type":"Question","@id":"https:\/\/ianima.com.br\/blog\/saude-mental\/como-se-livrar-da-ansiedade-e-depressao-um-guia-completo\/#faq-question-1747701768609","position":3,"url":"https:\/\/ianima.com.br\/blog\/saude-mental\/como-se-livrar-da-ansiedade-e-depressao-um-guia-completo\/#faq-question-1747701768609","name":"Quando devo procurar um profissional de sa\u00fade mental?","answerCount":1,"acceptedAnswer":{"@type":"Answer","text":"Se a ansiedade ou a depress\u00e3o estiverem interferindo na sua vida di\u00e1ria, \u00e9 importante buscar a orienta\u00e7\u00e3o de um especialista.","inLanguage":"pt-BR"},"inLanguage":"pt-BR"}]}},"_links":{"self":[{"href":"https:\/\/ianima.com.br\/blog\/wp-json\/wp\/v2\/posts\/3873","targetHints":{"allow":["GET"]}}],"collection":[{"href":"https:\/\/ianima.com.br\/blog\/wp-json\/wp\/v2\/posts"}],"about":[{"href":"https:\/\/ianima.com.br\/blog\/wp-json\/wp\/v2\/types\/post"}],"author":[{"embeddable":true,"href":"https:\/\/ianima.com.br\/blog\/wp-json\/wp\/v2\/users\/1"}],"replies":[{"embeddable":true,"href":"https:\/\/ianima.com.br\/blog\/wp-json\/wp\/v2\/comments?post=3873"}],"version-history":[{"count":1,"href":"https:\/\/ianima.com.br\/blog\/wp-json\/wp\/v2\/posts\/3873\/revisions"}],"predecessor-version":[{"id":3877,"href":"https:\/\/ianima.com.br\/blog\/wp-json\/wp\/v2\/posts\/3873\/revisions\/3877"}],"wp:featuredmedia":[{"embeddable":true,"href":"https:\/\/ianima.com.br\/blog\/wp-json\/wp\/v2\/media\/3875"}],"wp:attachment":[{"href":"https:\/\/ianima.com.br\/blog\/wp-json\/wp\/v2\/media?parent=3873"}],"wp:term":[{"taxonomy":"category","embeddable":true,"href":"https:\/\/ianima.com.br\/blog\/wp-json\/wp\/v2\/categories?post=3873"},{"taxonomy":"post_tag","embeddable":true,"href":"https:\/\/ianima.com.br\/blog\/wp-json\/wp\/v2\/tags?post=3873"}],"curies":[{"name":"wp","href":"https:\/\/api.w.org\/{rel}","templated":true}]}}