{"id":4219,"date":"2025-05-22T01:53:58","date_gmt":"2025-05-22T01:53:58","guid":{"rendered":"https:\/\/ianima.com.br\/blog\/?p=4219"},"modified":"2025-05-22T01:53:58","modified_gmt":"2025-05-22T01:53:58","slug":"como-comecar-a-depressao-sinais-causas-e-caminhos","status":"publish","type":"post","link":"https:\/\/ianima.com.br\/blog\/saude-mental\/como-comecar-a-depressao-sinais-causas-e-caminhos\/","title":{"rendered":"Como Come\u00e7ar a Depress\u00e3o: Sinais, Causas e Caminhos"},"content":{"rendered":"\n<p>Antes de tudo, \u00e9 comum que muitas pessoas se perguntem: afinal, <strong>como come\u00e7ar a depress\u00e3o<\/strong>? Essa n\u00e3o \u00e9 uma condi\u00e7\u00e3o que surge de forma repentina e isolada. Na verdade, ela se constr\u00f3i aos poucos, por meio de sinais que, muitas vezes, passam despercebidos. Sentir-se triste eventualmente \u00e9 natural, mas quando esse sentimento persiste e se aprofunda, pode indicar algo mais s\u00e9rio.<\/p>\n\n\n\n<p>Descubra os sinais, causas e caminhos para compreender a <strong>depress\u00e3o<\/strong> que podem estar impactando sua vida.<\/p>\n\n\n\n<h2 class=\"wp-block-heading\" id=\"h-os-sinais-e-sintomas-da-como-comecar-a-depressao\">Os Sinais e Sintomas da Como Come\u00e7ar a Depress\u00e3o<\/h2>\n\n\n\n<p>Os sinais da <strong>depress\u00e3o<\/strong> costumam ser silenciosos no in\u00edcio, mas se tornam cada vez mais evidentes com o tempo.<\/p>\n\n\n\n<ul class=\"wp-block-list\">\n<li>Tristeza constante, sem motivo aparente<\/li>\n\n\n\n<li>Perda de interesse em atividades antes prazerosas<\/li>\n\n\n\n<li>Sensa\u00e7\u00e3o de vazio ou desesperan\u00e7a<\/li>\n\n\n\n<li>Altera\u00e7\u00f5es no sono: ins\u00f4nia ou sono excessivo<\/li>\n\n\n\n<li>Fadiga constante, mesmo ap\u00f3s descanso<\/li>\n\n\n\n<li>Mudan\u00e7as no apetite: comer demais ou perda de apetite<\/li>\n\n\n\n<li>Dificuldade de concentra\u00e7\u00e3o e racioc\u00ednio<\/li>\n\n\n\n<li>Sentimentos de culpa, inutilidade ou fracasso<\/li>\n\n\n\n<li>Irritabilidade ou isolamento social<\/li>\n\n\n\n<li>Pensamentos recorrentes sobre morte ou fuga da realidade<\/li>\n<\/ul>\n\n\n\n<p>Al\u00e9m disso, \u00e9 importante observar sinais f\u00edsicos, como dores constantes, desconfortos sem causa aparente e queda na imunidade.<\/p>\n\n\n\n<h2 class=\"wp-block-heading\" id=\"h-a-psicologia-por-tras-da-vida-real-a-como-comecar-a-depressao-no-dia-a-dia\">A Psicologia por Tr\u00e1s da Vida Real: A Como Come\u00e7ar a Depress\u00e3o no Dia a Dia *<\/h2>\n\n\n\n<p>Imagine uma pessoa que, aos poucos, come\u00e7a a se sentir desconectada do mundo. No trabalho, tudo parece mais pesado, as tarefas antes simples tornam-se exaustivas. Em casa, falta energia at\u00e9 para pequenas atividades, como arrumar o quarto ou preparar uma refei\u00e7\u00e3o.<\/p>\n\n\n\n<p>Do mesmo modo, relacionamentos come\u00e7am a se desgastar, n\u00e3o por falta de amor, mas pela dificuldade de se manter presente, de conversar, de se interessar. As intera\u00e7\u00f5es se tornam superficiais, quando n\u00e3o s\u00e3o evitadas. Aos poucos, surge a sensa\u00e7\u00e3o de estar &#8220;assistindo a pr\u00f3pria vida de fora&#8221;, como se o mundo seguisse, mas a pessoa estivesse parada.<\/p>\n\n\n\n<p>Esse \u00e9 um retrato claro de como a <strong>depress\u00e3o come\u00e7a<\/strong> e se infiltra no cotidiano, muitas vezes de forma sutil e gradual.<\/p>\n\n\n\n<h2 class=\"wp-block-heading\" id=\"h-compreendendo-os-momentos-criticos-da-como-comecar-a-depressao\">Compreendendo os Momentos Cr\u00edticos da Como Come\u00e7ar a Depress\u00e3o<\/h2>\n\n\n\n<p>Momentos cr\u00edticos costumam marcar a transi\u00e7\u00e3o de uma tristeza passageira para uma <strong>depress\u00e3o<\/strong> mais estruturada. Eles podem incluir:<\/p>\n\n\n\n<ul class=\"wp-block-list\">\n<li>Perda de uma pessoa querida<\/li>\n\n\n\n<li>T\u00e9rminos de relacionamentos<\/li>\n\n\n\n<li>Desemprego ou press\u00f5es profissionais intensas<\/li>\n\n\n\n<li>Mudan\u00e7as bruscas na rotina ou no estilo de vida<\/li>\n\n\n\n<li>Doen\u00e7as f\u00edsicas ou diagn\u00f3sticos dif\u00edceis<\/li>\n<\/ul>\n\n\n\n<p>Esses eventos n\u00e3o s\u00e3o, por si s\u00f3, respons\u00e1veis pela <strong>depress\u00e3o<\/strong>, mas podem ser o gatilho em pessoas mais vulner\u00e1veis emocionalmente.<\/p>\n\n\n\n<h2 class=\"wp-block-heading\" id=\"h-o-que-desencadeia-a-como-comecar-a-depressao\">O Que Desencadeia a Como Come\u00e7ar a Depress\u00e3o?<\/h2>\n\n\n\n<p>V\u00e1rios fatores podem estar por tr\u00e1s do surgimento da <strong>depress\u00e3o<\/strong>, combinando aspectos biol\u00f3gicos, psicol\u00f3gicos e sociais.<\/p>\n\n\n\n<ul class=\"wp-block-list\">\n<li>Predisposi\u00e7\u00e3o gen\u00e9tica e hist\u00f3rico familiar<\/li>\n\n\n\n<li>Desequil\u00edbrios neuroqu\u00edmicos no c\u00e9rebro<\/li>\n\n\n\n<li>Traumas na inf\u00e2ncia ou na vida adulta<\/li>\n\n\n\n<li>Estresse cr\u00f4nico e sobrecarga emocional<\/li>\n\n\n\n<li>Isolamento social ou falta de apoio afetivo<\/li>\n\n\n\n<li>Perfeccionismo, autocr\u00edtica excessiva e baixa autoestima<\/li>\n<\/ul>\n\n\n\n<p>Bem como, experi\u00eancias negativas acumuladas podem ser o solo f\u00e9rtil onde a <strong>depress\u00e3o come\u00e7a a se instalar<\/strong>.<\/p>\n\n\n\n<h2 class=\"wp-block-heading\" id=\"h-mitos-e-verdades-sobre-solucoes-para-a-como-comecar-a-depressao\">Mitos e Verdades sobre Solu\u00e7\u00f5es para a Como Come\u00e7ar a Depress\u00e3o<\/h2>\n\n\n\n<p>H\u00e1 muitas ideias equivocadas sobre a <strong>depress\u00e3o<\/strong>.<\/p>\n\n\n\n<ul class=\"wp-block-list\">\n<li>\u201c\u00c9 s\u00f3 uma fase.\u201d \u2014 Mito. A <strong>depress\u00e3o<\/strong> \u00e9 uma condi\u00e7\u00e3o que exige aten\u00e7\u00e3o e cuidado.<\/li>\n\n\n\n<li>\u201cQuem tem depress\u00e3o \u00e9 fraco.\u201d \u2014 Mito. Nada poderia estar mais longe da verdade. Trata-se de uma condi\u00e7\u00e3o de sa\u00fade mental, n\u00e3o de fraqueza pessoal.<\/li>\n\n\n\n<li>\u201cFalar ajuda.\u201d \u2014 Verdade. Conversar e buscar apoio \u00e9 um passo fundamental.<\/li>\n\n\n\n<li>\u201cExerc\u00edcio e alimenta\u00e7\u00e3o ajudam.\u201d \u2014 Verdade, embora n\u00e3o sejam solu\u00e7\u00f5es \u00fanicas, esses h\u00e1bitos s\u00e3o aliados importantes no processo de recupera\u00e7\u00e3o.<\/li>\n<\/ul>\n\n\n\n<p>Al\u00e9m disso, \u00e9 essencial compreender que cada pessoa possui um caminho \u00fanico na busca por bem-estar emocional.<\/p>\n\n\n\n<h2 class=\"wp-block-heading\" id=\"h-como-lidar-com-a-como-comecar-a-depressao-no-dia-a-dia\">Como Lidar com a Como Come\u00e7ar a Depress\u00e3o no Dia a Dia<\/h2>\n\n\n\n<p>Adotar pequenas a\u00e7\u00f5es di\u00e1rias pode fazer grande diferen\u00e7a.<\/p>\n\n\n\n<ul class=\"wp-block-list\">\n<li>Estabele\u00e7a uma rotina, mesmo simples<\/li>\n\n\n\n<li>Tente se expor ao sol diariamente<\/li>\n\n\n\n<li>Pratique atividades f\u00edsicas leves<\/li>\n\n\n\n<li>Tenha momentos de lazer, mesmo que curtos<\/li>\n\n\n\n<li>Busque conversar com pessoas de confian\u00e7a<\/li>\n\n\n\n<li>Pratique a escrita como forma de autoexpress\u00e3o<\/li>\n\n\n\n<li>Limite o consumo de not\u00edcias e redes sociais em excesso<\/li>\n<\/ul>\n\n\n\n<p>Essas pr\u00e1ticas n\u00e3o substituem apoio profissional, mas podem aliviar o peso dos sintomas.<\/p>\n\n\n\n<h2 class=\"wp-block-heading\" id=\"h-a-como-comecar-a-depressao-no-corpo-e-na-mente-manifestacoes\">A Como Come\u00e7ar a Depress\u00e3o no Corpo e na Mente: Manifesta\u00e7\u00f5es<\/h2>\n\n\n\n<p>A <strong>depress\u00e3o<\/strong> n\u00e3o afeta apenas os pensamentos e as emo\u00e7\u00f5es.<\/p>\n\n\n\n<p>No corpo, pode gerar:<\/p>\n\n\n\n<ul class=\"wp-block-list\">\n<li>Dores musculares<\/li>\n\n\n\n<li>Desconfortos gastrointestinais<\/li>\n\n\n\n<li>Cansa\u00e7o extremo<\/li>\n\n\n\n<li>Tens\u00e3o corporal constante<\/li>\n<\/ul>\n\n\n\n<p>Na mente, se manifesta como:<\/p>\n\n\n\n<ul class=\"wp-block-list\">\n<li>Pensamentos negativos recorrentes<\/li>\n\n\n\n<li>Sensa\u00e7\u00e3o de incapacidade<\/li>\n\n\n\n<li>Desmotiva\u00e7\u00e3o intensa<\/li>\n\n\n\n<li>Dificuldade de encontrar prazer nas coisas simples<\/li>\n<\/ul>\n\n\n\n<p>Essa conex\u00e3o entre corpo e mente refor\u00e7a a import\u00e2ncia de olhar para os sinais como um todo.<\/p>\n\n\n\n<h2 class=\"wp-block-heading\" id=\"h-como-comecar-a-depressao-uma-perspectiva-ampliada\">Como Come\u00e7ar a Depress\u00e3o: Uma Perspectiva Ampliada<\/h2>\n\n\n\n<p>Existe uma varia\u00e7\u00e3o que muitas vezes passa despercebida: a <strong>depress\u00e3o sorridente<\/strong>. Nela, a pessoa mant\u00e9m uma apar\u00eancia funcional, continua trabalhando, convivendo socialmente, mas sofre internamente com os mesmos sintomas.<\/p>\n\n\n\n<p>Esse quadro \u00e9 especialmente desafiador, pois quem vive essa realidade muitas vezes n\u00e3o \u00e9 percebido pelos outros como algu\u00e9m em sofrimento.<\/p>\n\n\n\n<h2 class=\"wp-block-heading\" id=\"h-quem-busca-alivio-para-a-como-comecar-a-depressao\">Quem Busca Al\u00edvio para a Como Come\u00e7ar a Depress\u00e3o?<\/h2>\n\n\n\n<p>Pessoas que vivem situa\u00e7\u00f5es como:<\/p>\n\n\n\n<ul class=\"wp-block-list\">\n<li>Press\u00e3o profissional constante<\/li>\n\n\n\n<li>Dificuldades emocionais recorrentes<\/li>\n\n\n\n<li>Sensa\u00e7\u00e3o de vazio, mesmo quando tudo parece \u201cdar certo\u201d externamente<\/li>\n\n\n\n<li>Hist\u00f3rico de traumas ou perdas significativas<\/li>\n<\/ul>\n\n\n\n<p>S\u00e3o perfis comuns de quem busca entender <strong>como come\u00e7a a depress\u00e3o<\/strong> e procura maneiras de se sentir melhor.<\/p>\n\n\n\n<h2 class=\"wp-block-heading\" id=\"h-diferentes-abordagens-para-lidar-com-a-como-comecar-a-depressao\">Diferentes Abordagens para Lidar com a Como Come\u00e7ar a Depress\u00e3o<\/h2>\n\n\n\n<p>Existem diferentes caminhos que podem ajudar no enfrentamento da <strong>depress\u00e3o<\/strong>.<\/p>\n\n\n\n<ul class=\"wp-block-list\">\n<li>Psicoterapia (diversas abordagens, como cognitivo-comportamental, humanista, entre outras)<\/li>\n\n\n\n<li>Atividades f\u00edsicas regulares<\/li>\n\n\n\n<li>Pr\u00e1ticas de medita\u00e7\u00e3o, respira\u00e7\u00e3o e mindfulness<\/li>\n\n\n\n<li>Grupos de apoio ou espa\u00e7os de escuta<\/li>\n\n\n\n<li>Cuidados com a alimenta\u00e7\u00e3o e com a qualidade do sono<\/li>\n<\/ul>\n\n\n\n<p>Cada pessoa pode se beneficiar de combina\u00e7\u00f5es diferentes desses recursos.<\/p>\n\n\n\n<h2 class=\"wp-block-heading\" id=\"h-sinais-de-alerta-quando-buscar-ajuda-profissional\">Sinais de Alerta: Quando Buscar Ajuda Profissional<\/h2>\n\n\n\n<p>Alguns sinais indicam que \u00e9 fundamental procurar um profissional de sa\u00fade mental:<\/p>\n\n\n\n<ul class=\"wp-block-list\">\n<li>Pensamentos persistentes sobre morte ou desist\u00eancia da vida<\/li>\n\n\n\n<li>Incapacidade de realizar atividades b\u00e1sicas do dia a dia<\/li>\n\n\n\n<li>Isolamento social extremo<\/li>\n\n\n\n<li>Perda total de interesse por qualquer atividade<\/li>\n\n\n\n<li>Sintomas f\u00edsicos sem explica\u00e7\u00e3o m\u00e9dica aparente<\/li>\n<\/ul>\n\n\n\n<p>Nesses casos, buscar apoio n\u00e3o \u00e9 fraqueza, mas um ato de coragem e cuidado consigo mesmo.<\/p>\n\n\n\n<h2 class=\"wp-block-heading\" id=\"h-recursos-e-informacoes-confiaveis-sobre-a-como-comecar-a-depressao\">Recursos e Informa\u00e7\u00f5es Confi\u00e1veis sobre a Como Come\u00e7ar a Depress\u00e3o<\/h2>\n\n\n\n<ul class=\"wp-block-list\">\n<li>Sites de institui\u00e7\u00f5es de psicologia e sa\u00fade mental reconhecidas<\/li>\n\n\n\n<li>Materiais produzidos por universidades e centros de pesquisa<\/li>\n\n\n\n<li>Livros e artigos de psicologia voltados para o p\u00fablico leigo<\/li>\n\n\n\n<li>Grupos de apoio presenciais ou online, sempre de fontes confi\u00e1veis<\/li>\n<\/ul>\n\n\n\n<p>Busque sempre informa\u00e7\u00f5es baseadas em ci\u00eancia e com respaldo de profissionais qualificados.<\/p>\n\n\n\n<h2 class=\"wp-block-heading\" id=\"h-dicas-para-acao-imediata-em-momentos-de-como-comecar-a-depressao\">Dicas para A\u00e7\u00e3o Imediata em Momentos de Como Come\u00e7ar a Depress\u00e3o<\/h2>\n\n\n\n<ul class=\"wp-block-list\">\n<li>Respire profundamente, por pelo menos 2 minutos<\/li>\n\n\n\n<li>Ou\u00e7a uma m\u00fasica que traga conforto<\/li>\n\n\n\n<li>Saia para caminhar, nem que seja por poucos minutos<\/li>\n\n\n\n<li>Escreva o que est\u00e1 sentindo, sem julgamento<\/li>\n\n\n\n<li>Ligue para algu\u00e9m de confian\u00e7a<\/li>\n\n\n\n<li>Permita-se descansar, sem culpa<\/li>\n<\/ul>\n\n\n\n<p>Pequenas a\u00e7\u00f5es podem ser \u00e2ncoras importantes nos momentos mais dif\u00edceis.<\/p>\n\n\n\n<h2 class=\"wp-block-heading\" id=\"h-conclusao\">Conclus\u00e3o<\/h2>\n\n\n\n<p>Em suma, entender <strong>como come\u00e7ar a depress\u00e3o<\/strong> \u00e9 um passo essencial para reconhecer os sinais antes que o quadro se agrave. A tristeza prolongada, a perda de interesse e o cansa\u00e7o constante n\u00e3o s\u00e3o fraquezas, mas alertas de que algo precisa ser cuidado.<\/p>\n\n\n\n<p>Se voc\u00ea se identifica com esses sinais, buscar informa\u00e7\u00e3o e apoio pode ser o primeiro passo para uma vida mais leve e equilibrada.<\/p>\n\n\n\n<p>* Essas narrativas s\u00e3o fict\u00edcias mas inspiradas em situa\u00e7\u00f5es comumente vivenciadas nos estudos e na cl\u00ednica psicol\u00f3gica.<\/p>\n\n\n\n<figure class=\"wp-block-image aligncenter size-large is-resized\"><img fetchpriority=\"high\" decoding=\"async\" width=\"1024\" height=\"683\" src=\"https:\/\/ianima.com.br\/blog\/wp-content\/uploads\/2025\/05\/2MM-413-1024x683.webp\" alt=\"Como Come\u00e7ar a Depress\u00e3o: Sinais, Causas e Caminhos\" class=\"wp-image-4222\" style=\"width:500px\" srcset=\"https:\/\/ianima.com.br\/blog\/wp-content\/uploads\/2025\/05\/2MM-413-1024x683.webp 1024w, https:\/\/ianima.com.br\/blog\/wp-content\/uploads\/2025\/05\/2MM-413-300x200.webp 300w, https:\/\/ianima.com.br\/blog\/wp-content\/uploads\/2025\/05\/2MM-413-768x512.webp 768w, https:\/\/ianima.com.br\/blog\/wp-content\/uploads\/2025\/05\/2MM-413.webp 1536w\" sizes=\"(max-width: 1024px) 100vw, 1024px\" \/><\/figure>\n\n\n\n<h2 class=\"wp-block-heading\" id=\"h-perguntas-frequentes-faq\">Perguntas Frequentes (FAQ)<\/h2>\n\n\n\n<div class=\"schema-faq wp-block-yoast-faq-block\"><div class=\"schema-faq-section\" id=\"faq-question-1747878685174\"><strong class=\"schema-faq-question\">O que \u00e9 a depress\u00e3o?<\/strong> <p class=\"schema-faq-answer\">A depress\u00e3o \u00e9 um transtorno mental que afeta o humor, causando tristeza profunda e falta de interesse em atividades.<\/p> <\/div> <div class=\"schema-faq-section\" id=\"faq-question-1747878704551\"><strong class=\"schema-faq-question\">Quais s\u00e3o os sinais de que algu\u00e9m pode estar come\u00e7ando a ter depress\u00e3o?<\/strong> <p class=\"schema-faq-answer\">Os sinais incluem cansa\u00e7o excessivo, mudan\u00e7as no sono, perda de apetite e dificuldade de concentra\u00e7\u00e3o.<\/p> <\/div> <div class=\"schema-faq-section\" id=\"faq-question-1747878725701\"><strong class=\"schema-faq-question\">Como posso buscar ajuda se suspeito que estou com depress\u00e3o?<\/strong> <p class=\"schema-faq-answer\">\u00c9 importante falar com um profissional de sa\u00fade mental, como um psic\u00f3logo ou psiquiatra, que pode oferecer apoio e tratamento adequado.<\/p> <\/div> <\/div>\n\n\n\n<ul class=\"wp-block-yoast-seo-related-links\"><li><a href=\"https:\/\/ianima.com.br\/blog\/saude-mental\/quais-sintomas-de-depressao-sinais-que-nao-devem-ser-ignorados\/\">Quais Sintomas de Depress\u00e3o: Sinais que N\u00e3o Devem Ser Ignorados<\/a><\/li><li><a href=\"https:\/\/ianima.com.br\/blog\/saude-mental\/como-lidar-com-a-depressao-sinais-causas-e-caminhos\/\">Como lidar com a depress\u00e3o: sinais, causas e caminhos<\/a><\/li><li><a href=\"https:\/\/ianima.com.br\/blog\/saude-mental\/com-depressao-sinais-causas-e-caminhos-possiveis\/\">Com depress\u00e3o: sinais, causas e caminhos poss\u00edveis<\/a><\/li><li><a href=\"https:\/\/ianima.com.br\/blog\/saude-mental\/a-depressao-sinais-causas-e-como-lidar\/\">A depress\u00e3o: sinais, causas e como lidar<\/a><\/li><li><a href=\"https:\/\/ianima.com.br\/blog\/saude-mental\/quais-sao-os-sintomas-de-depressao-sinais-e-caminhos\/\">Quais s\u00e3o os sintomas de depress\u00e3o: sinais e caminhos<\/a><\/li><\/ul>\n","protected":false},"excerpt":{"rendered":"<p>Antes de tudo, \u00e9 comum que muitas pessoas se perguntem: afinal, como come\u00e7ar a depress\u00e3o? Essa n\u00e3o \u00e9 uma condi\u00e7\u00e3o que surge de forma repentina e isolada. Na verdade, ela se constr\u00f3i aos poucos, por meio de sinais que, muitas vezes, passam despercebidos. Sentir-se triste eventualmente \u00e9 natural, mas quando esse sentimento persiste e se [&hellip;]<\/p>\n","protected":false},"author":1,"featured_media":4221,"comment_status":"closed","ping_status":"closed","sticky":false,"template":"","format":"standard","meta":{"site-sidebar-layout":"default","site-content-layout":"","ast-site-content-layout":"default","site-content-style":"default","site-sidebar-style":"default","ast-global-header-display":"","ast-banner-title-visibility":"","ast-main-header-display":"","ast-hfb-above-header-display":"","ast-hfb-below-header-display":"","ast-hfb-mobile-header-display":"","site-post-title":"","ast-breadcrumbs-content":"","ast-featured-img":"","footer-sml-layout":"","theme-transparent-header-meta":"","adv-header-id-meta":"","stick-header-meta":"","header-above-stick-meta":"","header-main-stick-meta":"","header-below-stick-meta":"","astra-migrate-meta-layouts":"set","ast-page-background-enabled":"default","ast-page-background-meta":{"desktop":{"background-color":"","background-image":"","background-repeat":"repeat","background-position":"center center","background-size":"auto","background-attachment":"scroll","background-type":"","background-media":"","overlay-type":"","overlay-color":"","overlay-opacity":"","overlay-gradient":""},"tablet":{"background-color":"","background-image":"","background-repeat":"repeat","background-position":"center center","background-size":"auto","background-attachment":"scroll","background-type":"","background-media":"","overlay-type":"","overlay-color":"","overlay-opacity":"","overlay-gradient":""},"mobile":{"background-color":"","background-image":"","background-repeat":"repeat","background-position":"center center","background-size":"auto","background-attachment":"scroll","background-type":"","background-media":"","overlay-type":"","overlay-color":"","overlay-opacity":"","overlay-gradient":""}},"ast-content-background-meta":{"desktop":{"background-color":"var(--ast-global-color-5)","background-image":"","background-repeat":"repeat","background-position":"center center","background-size":"auto","background-attachment":"scroll","background-type":"","background-media":"","overlay-type":"","overlay-color":"","overlay-opacity":"","overlay-gradient":""},"tablet":{"background-color":"var(--ast-global-color-5)","background-image":"","background-repeat":"repeat","background-position":"center center","background-size":"auto","background-attachment":"scroll","background-type":"","background-media":"","overlay-type":"","overlay-color":"","overlay-opacity":"","overlay-gradient":""},"mobile":{"background-color":"var(--ast-global-color-5)","background-image":"","background-repeat":"repeat","background-position":"center center","background-size":"auto","background-attachment":"scroll","background-type":"","background-media":"","overlay-type":"","overlay-color":"","overlay-opacity":"","overlay-gradient":""}},"footnotes":""},"categories":[24],"tags":[],"class_list":["post-4219","post","type-post","status-publish","format-standard","has-post-thumbnail","hentry","category-saude-mental"],"yoast_head":"<!-- This site is optimized with the Yoast SEO Premium plugin v20.8 (Yoast SEO v20.8) - https:\/\/yoast.com\/wordpress\/plugins\/seo\/ -->\n<title>Como Come\u00e7ar a Depress\u00e3o: Sinais, Causas e Caminhos<\/title>\n<meta name=\"description\" content=\"Descubra os sinais ocultos da depress\u00e3o e as causas que voc\u00ea nunca imaginou! Aprenda a identificar e enfrentar essa batalha interna.\" \/>\n<meta name=\"robots\" content=\"index, follow, max-snippet:-1, max-image-preview:large, max-video-preview:-1\" \/>\n<link rel=\"canonical\" href=\"https:\/\/ianima.com.br\/blog\/saude-mental\/como-comecar-a-depressao-sinais-causas-e-caminhos\/\" \/>\n<meta property=\"og:locale\" content=\"pt_BR\" \/>\n<meta property=\"og:type\" content=\"article\" \/>\n<meta property=\"og:title\" content=\"Como Come\u00e7ar a Depress\u00e3o: Sinais, Causas e Caminhos\" \/>\n<meta property=\"og:description\" content=\"Descubra os sinais ocultos da depress\u00e3o e as causas que voc\u00ea nunca imaginou! Aprenda a identificar e enfrentar essa batalha interna.\" \/>\n<meta property=\"og:url\" content=\"https:\/\/ianima.com.br\/blog\/saude-mental\/como-comecar-a-depressao-sinais-causas-e-caminhos\/\" \/>\n<meta property=\"og:site_name\" content=\"Terapia Online com IANIMA: Inova\u00e7\u00e3o e Aconselhamento. O terapeuta online ao seu alcance.\" \/>\n<meta property=\"article:published_time\" content=\"2025-05-22T01:53:58+00:00\" \/>\n<meta property=\"og:image\" content=\"https:\/\/ianima.com.br\/blog\/wp-content\/uploads\/2025\/05\/1MM-413.webp\" \/>\n\t<meta property=\"og:image:width\" content=\"1536\" \/>\n\t<meta property=\"og:image:height\" content=\"1024\" \/>\n\t<meta property=\"og:image:type\" content=\"image\/webp\" \/>\n<meta name=\"author\" content=\"Wanderlei Talib\" \/>\n<meta name=\"twitter:card\" content=\"summary_large_image\" \/>\n<meta name=\"twitter:label1\" content=\"Escrito por\" \/>\n\t<meta name=\"twitter:data1\" content=\"Wanderlei Talib\" \/>\n\t<meta name=\"twitter:label2\" content=\"Est. tempo de leitura\" \/>\n\t<meta name=\"twitter:data2\" content=\"8 minutos\" \/>\n<script type=\"application\/ld+json\" class=\"yoast-schema-graph\">{\"@context\":\"https:\/\/schema.org\",\"@graph\":[{\"@type\":\"Article\",\"@id\":\"https:\/\/ianima.com.br\/blog\/saude-mental\/como-comecar-a-depressao-sinais-causas-e-caminhos\/#article\",\"isPartOf\":{\"@id\":\"https:\/\/ianima.com.br\/blog\/saude-mental\/como-comecar-a-depressao-sinais-causas-e-caminhos\/\"},\"author\":{\"name\":\"Wanderlei Talib\",\"@id\":\"https:\/\/ianima.com.br\/blog\/#\/schema\/person\/85378d6a819826ce615ae2a7a04f68d8\"},\"headline\":\"Como Come\u00e7ar a Depress\u00e3o: Sinais, Causas e Caminhos\",\"datePublished\":\"2025-05-22T01:53:58+00:00\",\"dateModified\":\"2025-05-22T01:53:58+00:00\",\"mainEntityOfPage\":{\"@id\":\"https:\/\/ianima.com.br\/blog\/saude-mental\/como-comecar-a-depressao-sinais-causas-e-caminhos\/\"},\"wordCount\":1488,\"publisher\":{\"@id\":\"https:\/\/ianima.com.br\/blog\/#organization\"},\"articleSection\":[\"Sa\u00fade Mental\"],\"inLanguage\":\"pt-BR\"},{\"@type\":[\"WebPage\",\"FAQPage\"],\"@id\":\"https:\/\/ianima.com.br\/blog\/saude-mental\/como-comecar-a-depressao-sinais-causas-e-caminhos\/\",\"url\":\"https:\/\/ianima.com.br\/blog\/saude-mental\/como-comecar-a-depressao-sinais-causas-e-caminhos\/\",\"name\":\"Como Come\u00e7ar a Depress\u00e3o: Sinais, Causas e Caminhos\",\"isPartOf\":{\"@id\":\"https:\/\/ianima.com.br\/blog\/#website\"},\"datePublished\":\"2025-05-22T01:53:58+00:00\",\"dateModified\":\"2025-05-22T01:53:58+00:00\",\"description\":\"Descubra os sinais ocultos da depress\u00e3o e as causas que voc\u00ea nunca imaginou! Aprenda a identificar e enfrentar essa batalha interna.\",\"breadcrumb\":{\"@id\":\"https:\/\/ianima.com.br\/blog\/saude-mental\/como-comecar-a-depressao-sinais-causas-e-caminhos\/#breadcrumb\"},\"mainEntity\":[{\"@id\":\"https:\/\/ianima.com.br\/blog\/saude-mental\/como-comecar-a-depressao-sinais-causas-e-caminhos\/#faq-question-1747878685174\"},{\"@id\":\"https:\/\/ianima.com.br\/blog\/saude-mental\/como-comecar-a-depressao-sinais-causas-e-caminhos\/#faq-question-1747878704551\"},{\"@id\":\"https:\/\/ianima.com.br\/blog\/saude-mental\/como-comecar-a-depressao-sinais-causas-e-caminhos\/#faq-question-1747878725701\"}],\"inLanguage\":\"pt-BR\",\"potentialAction\":[{\"@type\":\"ReadAction\",\"target\":[\"https:\/\/ianima.com.br\/blog\/saude-mental\/como-comecar-a-depressao-sinais-causas-e-caminhos\/\"]}]},{\"@type\":\"BreadcrumbList\",\"@id\":\"https:\/\/ianima.com.br\/blog\/saude-mental\/como-comecar-a-depressao-sinais-causas-e-caminhos\/#breadcrumb\",\"itemListElement\":[{\"@type\":\"ListItem\",\"position\":1,\"name\":\"In\u00edcio\",\"item\":\"https:\/\/ianima.com.br\/blog\/\"},{\"@type\":\"ListItem\",\"position\":2,\"name\":\"Como Come\u00e7ar a Depress\u00e3o: Sinais, Causas e Caminhos\"}]},{\"@type\":\"WebSite\",\"@id\":\"https:\/\/ianima.com.br\/blog\/#website\",\"url\":\"https:\/\/ianima.com.br\/blog\/\",\"name\":\"Terapia Online com IANIMA: Inova\u00e7\u00e3o e Aconselhamento. O terapeuta online ao seu alcance.\",\"description\":\"Terapia gratuita online com a IAnima, sua terapeuta online. Artigos sobre terapias online, sa\u00fade mental e bem-estar.\",\"publisher\":{\"@id\":\"https:\/\/ianima.com.br\/blog\/#organization\"},\"potentialAction\":[{\"@type\":\"SearchAction\",\"target\":{\"@type\":\"EntryPoint\",\"urlTemplate\":\"https:\/\/ianima.com.br\/blog\/?s={search_term_string}\"},\"query-input\":\"required name=search_term_string\"}],\"inLanguage\":\"pt-BR\"},{\"@type\":\"Organization\",\"@id\":\"https:\/\/ianima.com.br\/blog\/#organization\",\"name\":\"Terapia Online com IANIMA: Inova\u00e7\u00e3o e Aconselhamento. O terapeuta online ao seu alcance.\",\"url\":\"https:\/\/ianima.com.br\/blog\/\",\"logo\":{\"@type\":\"ImageObject\",\"inLanguage\":\"pt-BR\",\"@id\":\"https:\/\/ianima.com.br\/blog\/#\/schema\/logo\/image\/\",\"url\":\"https:\/\/ianima.com.br\/blog\/wp-content\/uploads\/2025\/04\/cropped-IAnima-terapia-online.webp\",\"contentUrl\":\"https:\/\/ianima.com.br\/blog\/wp-content\/uploads\/2025\/04\/cropped-IAnima-terapia-online.webp\",\"width\":819,\"height\":222,\"caption\":\"Terapia Online com IANIMA: Inova\u00e7\u00e3o e Aconselhamento. O terapeuta online ao seu alcance.\"},\"image\":{\"@id\":\"https:\/\/ianima.com.br\/blog\/#\/schema\/logo\/image\/\"}},{\"@type\":\"Person\",\"@id\":\"https:\/\/ianima.com.br\/blog\/#\/schema\/person\/85378d6a819826ce615ae2a7a04f68d8\",\"name\":\"Wanderlei Talib\",\"image\":{\"@type\":\"ImageObject\",\"inLanguage\":\"pt-BR\",\"@id\":\"https:\/\/ianima.com.br\/blog\/#\/schema\/person\/image\/\",\"url\":\"https:\/\/ianima.com.br\/blog\/wp-content\/litespeed\/avatar\/a0461c2b338365ab5dd45a3e926e23c7.jpg?ver=1777055969\",\"contentUrl\":\"https:\/\/ianima.com.br\/blog\/wp-content\/litespeed\/avatar\/a0461c2b338365ab5dd45a3e926e23c7.jpg?ver=1777055969\",\"caption\":\"Wanderlei Talib\"},\"sameAs\":[\"https:\/\/ianima.com.br\/blog\"],\"url\":\"https:\/\/ianima.com.br\/blog\/author\/adminedu\/\"},{\"@type\":\"Question\",\"@id\":\"https:\/\/ianima.com.br\/blog\/saude-mental\/como-comecar-a-depressao-sinais-causas-e-caminhos\/#faq-question-1747878685174\",\"position\":1,\"url\":\"https:\/\/ianima.com.br\/blog\/saude-mental\/como-comecar-a-depressao-sinais-causas-e-caminhos\/#faq-question-1747878685174\",\"name\":\"O que \u00e9 a depress\u00e3o?\",\"answerCount\":1,\"acceptedAnswer\":{\"@type\":\"Answer\",\"text\":\"A depress\u00e3o \u00e9 um transtorno mental que afeta o humor, causando tristeza profunda e falta de interesse em atividades.\",\"inLanguage\":\"pt-BR\"},\"inLanguage\":\"pt-BR\"},{\"@type\":\"Question\",\"@id\":\"https:\/\/ianima.com.br\/blog\/saude-mental\/como-comecar-a-depressao-sinais-causas-e-caminhos\/#faq-question-1747878704551\",\"position\":2,\"url\":\"https:\/\/ianima.com.br\/blog\/saude-mental\/como-comecar-a-depressao-sinais-causas-e-caminhos\/#faq-question-1747878704551\",\"name\":\"Quais s\u00e3o os sinais de que algu\u00e9m pode estar come\u00e7ando a ter depress\u00e3o?\",\"answerCount\":1,\"acceptedAnswer\":{\"@type\":\"Answer\",\"text\":\"Os sinais incluem cansa\u00e7o excessivo, mudan\u00e7as no sono, perda de apetite e dificuldade de concentra\u00e7\u00e3o.\",\"inLanguage\":\"pt-BR\"},\"inLanguage\":\"pt-BR\"},{\"@type\":\"Question\",\"@id\":\"https:\/\/ianima.com.br\/blog\/saude-mental\/como-comecar-a-depressao-sinais-causas-e-caminhos\/#faq-question-1747878725701\",\"position\":3,\"url\":\"https:\/\/ianima.com.br\/blog\/saude-mental\/como-comecar-a-depressao-sinais-causas-e-caminhos\/#faq-question-1747878725701\",\"name\":\"Como posso buscar ajuda se suspeito que estou com depress\u00e3o?\",\"answerCount\":1,\"acceptedAnswer\":{\"@type\":\"Answer\",\"text\":\"\u00c9 importante falar com um profissional de sa\u00fade mental, como um psic\u00f3logo ou psiquiatra, que pode oferecer apoio e tratamento adequado.\",\"inLanguage\":\"pt-BR\"},\"inLanguage\":\"pt-BR\"}]}<\/script>\n<!-- \/ Yoast SEO Premium plugin. -->","yoast_head_json":{"title":"Como Come\u00e7ar a Depress\u00e3o: Sinais, Causas e Caminhos","description":"Descubra os sinais ocultos da depress\u00e3o e as causas que voc\u00ea nunca imaginou! Aprenda a identificar e enfrentar essa batalha interna.","robots":{"index":"index","follow":"follow","max-snippet":"max-snippet:-1","max-image-preview":"max-image-preview:large","max-video-preview":"max-video-preview:-1"},"canonical":"https:\/\/ianima.com.br\/blog\/saude-mental\/como-comecar-a-depressao-sinais-causas-e-caminhos\/","og_locale":"pt_BR","og_type":"article","og_title":"Como Come\u00e7ar a Depress\u00e3o: Sinais, Causas e Caminhos","og_description":"Descubra os sinais ocultos da depress\u00e3o e as causas que voc\u00ea nunca imaginou! Aprenda a identificar e enfrentar essa batalha interna.","og_url":"https:\/\/ianima.com.br\/blog\/saude-mental\/como-comecar-a-depressao-sinais-causas-e-caminhos\/","og_site_name":"Terapia Online com IANIMA: Inova\u00e7\u00e3o e Aconselhamento. O terapeuta online ao seu alcance.","article_published_time":"2025-05-22T01:53:58+00:00","og_image":[{"width":1536,"height":1024,"url":"https:\/\/ianima.com.br\/blog\/wp-content\/uploads\/2025\/05\/1MM-413.webp","type":"image\/webp"}],"author":"Wanderlei Talib","twitter_card":"summary_large_image","twitter_misc":{"Escrito por":"Wanderlei Talib","Est. tempo de leitura":"8 minutos"},"schema":{"@context":"https:\/\/schema.org","@graph":[{"@type":"Article","@id":"https:\/\/ianima.com.br\/blog\/saude-mental\/como-comecar-a-depressao-sinais-causas-e-caminhos\/#article","isPartOf":{"@id":"https:\/\/ianima.com.br\/blog\/saude-mental\/como-comecar-a-depressao-sinais-causas-e-caminhos\/"},"author":{"name":"Wanderlei Talib","@id":"https:\/\/ianima.com.br\/blog\/#\/schema\/person\/85378d6a819826ce615ae2a7a04f68d8"},"headline":"Como Come\u00e7ar a Depress\u00e3o: Sinais, Causas e Caminhos","datePublished":"2025-05-22T01:53:58+00:00","dateModified":"2025-05-22T01:53:58+00:00","mainEntityOfPage":{"@id":"https:\/\/ianima.com.br\/blog\/saude-mental\/como-comecar-a-depressao-sinais-causas-e-caminhos\/"},"wordCount":1488,"publisher":{"@id":"https:\/\/ianima.com.br\/blog\/#organization"},"articleSection":["Sa\u00fade Mental"],"inLanguage":"pt-BR"},{"@type":["WebPage","FAQPage"],"@id":"https:\/\/ianima.com.br\/blog\/saude-mental\/como-comecar-a-depressao-sinais-causas-e-caminhos\/","url":"https:\/\/ianima.com.br\/blog\/saude-mental\/como-comecar-a-depressao-sinais-causas-e-caminhos\/","name":"Como Come\u00e7ar a Depress\u00e3o: Sinais, Causas e Caminhos","isPartOf":{"@id":"https:\/\/ianima.com.br\/blog\/#website"},"datePublished":"2025-05-22T01:53:58+00:00","dateModified":"2025-05-22T01:53:58+00:00","description":"Descubra os sinais ocultos da depress\u00e3o e as causas que voc\u00ea nunca imaginou! Aprenda a identificar e enfrentar essa batalha interna.","breadcrumb":{"@id":"https:\/\/ianima.com.br\/blog\/saude-mental\/como-comecar-a-depressao-sinais-causas-e-caminhos\/#breadcrumb"},"mainEntity":[{"@id":"https:\/\/ianima.com.br\/blog\/saude-mental\/como-comecar-a-depressao-sinais-causas-e-caminhos\/#faq-question-1747878685174"},{"@id":"https:\/\/ianima.com.br\/blog\/saude-mental\/como-comecar-a-depressao-sinais-causas-e-caminhos\/#faq-question-1747878704551"},{"@id":"https:\/\/ianima.com.br\/blog\/saude-mental\/como-comecar-a-depressao-sinais-causas-e-caminhos\/#faq-question-1747878725701"}],"inLanguage":"pt-BR","potentialAction":[{"@type":"ReadAction","target":["https:\/\/ianima.com.br\/blog\/saude-mental\/como-comecar-a-depressao-sinais-causas-e-caminhos\/"]}]},{"@type":"BreadcrumbList","@id":"https:\/\/ianima.com.br\/blog\/saude-mental\/como-comecar-a-depressao-sinais-causas-e-caminhos\/#breadcrumb","itemListElement":[{"@type":"ListItem","position":1,"name":"In\u00edcio","item":"https:\/\/ianima.com.br\/blog\/"},{"@type":"ListItem","position":2,"name":"Como Come\u00e7ar a Depress\u00e3o: Sinais, Causas e Caminhos"}]},{"@type":"WebSite","@id":"https:\/\/ianima.com.br\/blog\/#website","url":"https:\/\/ianima.com.br\/blog\/","name":"Terapia Online com IANIMA: Inova\u00e7\u00e3o e Aconselhamento. O terapeuta online ao seu alcance.","description":"Terapia gratuita online com a IAnima, sua terapeuta online. Artigos sobre terapias online, sa\u00fade mental e bem-estar.","publisher":{"@id":"https:\/\/ianima.com.br\/blog\/#organization"},"potentialAction":[{"@type":"SearchAction","target":{"@type":"EntryPoint","urlTemplate":"https:\/\/ianima.com.br\/blog\/?s={search_term_string}"},"query-input":"required name=search_term_string"}],"inLanguage":"pt-BR"},{"@type":"Organization","@id":"https:\/\/ianima.com.br\/blog\/#organization","name":"Terapia Online com IANIMA: Inova\u00e7\u00e3o e Aconselhamento. O terapeuta online ao seu alcance.","url":"https:\/\/ianima.com.br\/blog\/","logo":{"@type":"ImageObject","inLanguage":"pt-BR","@id":"https:\/\/ianima.com.br\/blog\/#\/schema\/logo\/image\/","url":"https:\/\/ianima.com.br\/blog\/wp-content\/uploads\/2025\/04\/cropped-IAnima-terapia-online.webp","contentUrl":"https:\/\/ianima.com.br\/blog\/wp-content\/uploads\/2025\/04\/cropped-IAnima-terapia-online.webp","width":819,"height":222,"caption":"Terapia Online com IANIMA: Inova\u00e7\u00e3o e Aconselhamento. O terapeuta online ao seu alcance."},"image":{"@id":"https:\/\/ianima.com.br\/blog\/#\/schema\/logo\/image\/"}},{"@type":"Person","@id":"https:\/\/ianima.com.br\/blog\/#\/schema\/person\/85378d6a819826ce615ae2a7a04f68d8","name":"Wanderlei Talib","image":{"@type":"ImageObject","inLanguage":"pt-BR","@id":"https:\/\/ianima.com.br\/blog\/#\/schema\/person\/image\/","url":"https:\/\/ianima.com.br\/blog\/wp-content\/litespeed\/avatar\/a0461c2b338365ab5dd45a3e926e23c7.jpg?ver=1777055969","contentUrl":"https:\/\/ianima.com.br\/blog\/wp-content\/litespeed\/avatar\/a0461c2b338365ab5dd45a3e926e23c7.jpg?ver=1777055969","caption":"Wanderlei Talib"},"sameAs":["https:\/\/ianima.com.br\/blog"],"url":"https:\/\/ianima.com.br\/blog\/author\/adminedu\/"},{"@type":"Question","@id":"https:\/\/ianima.com.br\/blog\/saude-mental\/como-comecar-a-depressao-sinais-causas-e-caminhos\/#faq-question-1747878685174","position":1,"url":"https:\/\/ianima.com.br\/blog\/saude-mental\/como-comecar-a-depressao-sinais-causas-e-caminhos\/#faq-question-1747878685174","name":"O que \u00e9 a depress\u00e3o?","answerCount":1,"acceptedAnswer":{"@type":"Answer","text":"A depress\u00e3o \u00e9 um transtorno mental que afeta o humor, causando tristeza profunda e falta de interesse em atividades.","inLanguage":"pt-BR"},"inLanguage":"pt-BR"},{"@type":"Question","@id":"https:\/\/ianima.com.br\/blog\/saude-mental\/como-comecar-a-depressao-sinais-causas-e-caminhos\/#faq-question-1747878704551","position":2,"url":"https:\/\/ianima.com.br\/blog\/saude-mental\/como-comecar-a-depressao-sinais-causas-e-caminhos\/#faq-question-1747878704551","name":"Quais s\u00e3o os sinais de que algu\u00e9m pode estar come\u00e7ando a ter depress\u00e3o?","answerCount":1,"acceptedAnswer":{"@type":"Answer","text":"Os sinais incluem cansa\u00e7o excessivo, mudan\u00e7as no sono, perda de apetite e dificuldade de concentra\u00e7\u00e3o.","inLanguage":"pt-BR"},"inLanguage":"pt-BR"},{"@type":"Question","@id":"https:\/\/ianima.com.br\/blog\/saude-mental\/como-comecar-a-depressao-sinais-causas-e-caminhos\/#faq-question-1747878725701","position":3,"url":"https:\/\/ianima.com.br\/blog\/saude-mental\/como-comecar-a-depressao-sinais-causas-e-caminhos\/#faq-question-1747878725701","name":"Como posso buscar ajuda se suspeito que estou com depress\u00e3o?","answerCount":1,"acceptedAnswer":{"@type":"Answer","text":"\u00c9 importante falar com um profissional de sa\u00fade mental, como um psic\u00f3logo ou psiquiatra, que pode oferecer apoio e tratamento adequado.","inLanguage":"pt-BR"},"inLanguage":"pt-BR"}]}},"_links":{"self":[{"href":"https:\/\/ianima.com.br\/blog\/wp-json\/wp\/v2\/posts\/4219","targetHints":{"allow":["GET"]}}],"collection":[{"href":"https:\/\/ianima.com.br\/blog\/wp-json\/wp\/v2\/posts"}],"about":[{"href":"https:\/\/ianima.com.br\/blog\/wp-json\/wp\/v2\/types\/post"}],"author":[{"embeddable":true,"href":"https:\/\/ianima.com.br\/blog\/wp-json\/wp\/v2\/users\/1"}],"replies":[{"embeddable":true,"href":"https:\/\/ianima.com.br\/blog\/wp-json\/wp\/v2\/comments?post=4219"}],"version-history":[{"count":1,"href":"https:\/\/ianima.com.br\/blog\/wp-json\/wp\/v2\/posts\/4219\/revisions"}],"predecessor-version":[{"id":4223,"href":"https:\/\/ianima.com.br\/blog\/wp-json\/wp\/v2\/posts\/4219\/revisions\/4223"}],"wp:featuredmedia":[{"embeddable":true,"href":"https:\/\/ianima.com.br\/blog\/wp-json\/wp\/v2\/media\/4221"}],"wp:attachment":[{"href":"https:\/\/ianima.com.br\/blog\/wp-json\/wp\/v2\/media?parent=4219"}],"wp:term":[{"taxonomy":"category","embeddable":true,"href":"https:\/\/ianima.com.br\/blog\/wp-json\/wp\/v2\/categories?post=4219"},{"taxonomy":"post_tag","embeddable":true,"href":"https:\/\/ianima.com.br\/blog\/wp-json\/wp\/v2\/tags?post=4219"}],"curies":[{"name":"wp","href":"https:\/\/api.w.org\/{rel}","templated":true}]}}