{"id":4304,"date":"2025-05-22T07:39:21","date_gmt":"2025-05-22T07:39:21","guid":{"rendered":"https:\/\/ianima.com.br\/blog\/?p=4304"},"modified":"2025-05-22T07:39:22","modified_gmt":"2025-05-22T07:39:22","slug":"como-se-comporta-uma-pessoa-com-depressao-sinais-e-impactos","status":"publish","type":"post","link":"https:\/\/ianima.com.br\/blog\/saude-mental\/como-se-comporta-uma-pessoa-com-depressao-sinais-e-impactos\/","title":{"rendered":"Como se Comporta uma Pessoa com Depress\u00e3o: Sinais e Impactos"},"content":{"rendered":"\n<p>Descubra os sinais, causas e caminhos para compreender <strong>como se comporta uma pessoa com depress\u00e3o<\/strong> que podem estar impactando sua vida.<\/p>\n\n\n\n<h2 class=\"wp-block-heading\" id=\"h-os-sinais-e-sintomas-da-depressao\">Os Sinais e Sintomas da Depress\u00e3o<\/h2>\n\n\n\n<p>A princ\u00edpio, entender <strong>como se comporta uma pessoa com depress\u00e3o<\/strong> passa por reconhecer sinais que nem sempre s\u00e3o vis\u00edveis \u00e0 primeira vista.<\/p>\n\n\n\n<p>Al\u00e9m da tristeza persistente, outros comportamentos incluem:<\/p>\n\n\n\n<ul class=\"wp-block-list\">\n<li>Isolamento social, evitando conversas e intera\u00e7\u00f5es.<\/li>\n\n\n\n<li>Perda de interesse em atividades antes prazerosas.<\/li>\n\n\n\n<li>Fadiga constante, mesmo ap\u00f3s descanso.<\/li>\n\n\n\n<li>Altera\u00e7\u00f5es no sono: ins\u00f4nia ou sono excessivo.<\/li>\n\n\n\n<li>Mudan\u00e7as no apetite, com aumento ou perda significativa de peso.<\/li>\n\n\n\n<li>Dificuldade de concentra\u00e7\u00e3o, mem\u00f3ria e tomada de decis\u00f5es.<\/li>\n\n\n\n<li>Sentimentos frequentes de inutilidade, culpa ou desesperan\u00e7a.<\/li>\n\n\n\n<li>Pensamentos recorrentes sobre morte ou ideias suicidas.<\/li>\n<\/ul>\n\n\n\n<p>Al\u00e9m disso, manifesta\u00e7\u00f5es f\u00edsicas como dores de cabe\u00e7a, problemas digestivos e desconfortos sem causa aparente s\u00e3o comuns.<\/p>\n\n\n\n<h2 class=\"wp-block-heading\" id=\"h-a-psicologia-por-tras-da-vida-real-a-depressao-no-dia-a-dia\">A Psicologia por Tr\u00e1s da Vida Real: A Depress\u00e3o no Dia a Dia *<\/h2>\n\n\n\n<p>Imagine uma pessoa que, aos poucos, deixa de responder mensagens, come\u00e7a a faltar a compromissos e evita situa\u00e7\u00f5es sociais. Ela n\u00e3o tem mais energia nem para atividades simples, como cuidar da casa ou cozinhar.<\/p>\n\n\n\n<p>Por exemplo, pode ser algu\u00e9m que, antes, era extremamente participativa no trabalho, mas que hoje chega atrasada, apresenta queda no rendimento e prefere permanecer em sil\u00eancio, evitando intera\u00e7\u00f5es.<\/p>\n\n\n\n<p>Do mesmo modo, \u00e9 comum perceber que at\u00e9 momentos de lazer se tornam desgastantes. A pessoa prefere ficar sozinha, muitas vezes imersa em pensamentos negativos e sensa\u00e7\u00e3o de vazio.<\/p>\n\n\n\n<h2 class=\"wp-block-heading\" id=\"h-compreendendo-os-momentos-criticos-da-depressao\">Compreendendo os Momentos Cr\u00edticos da Depress\u00e3o<\/h2>\n\n\n\n<p>Os momentos cr\u00edticos da <strong>depress\u00e3o<\/strong> costumam ser caracterizados por:<\/p>\n\n\n\n<ul class=\"wp-block-list\">\n<li>Crises de desesperan\u00e7a intensa.<\/li>\n\n\n\n<li>Choro constante, muitas vezes sem motivo aparente.<\/li>\n\n\n\n<li>Picos de ansiedade, irritabilidade ou apatia total.<\/li>\n\n\n\n<li>Epis\u00f3dios em que pensamentos suicidas se tornam mais presentes.<\/li>\n<\/ul>\n\n\n\n<p>Reconhecer esses momentos \u00e9 essencial para agir, seja buscando apoio ou oferecendo suporte a quem passa por isso.<\/p>\n\n\n\n<h2 class=\"wp-block-heading\" id=\"h-o-que-desencadeia-a-depressao\">O Que Desencadeia a Depress\u00e3o?<\/h2>\n\n\n\n<p>A <strong>depress\u00e3o<\/strong> n\u00e3o tem uma \u00fanica causa. Ela resulta de uma combina\u00e7\u00e3o de fatores, como:<\/p>\n\n\n\n<ul class=\"wp-block-list\">\n<li>Predisposi\u00e7\u00e3o gen\u00e9tica e hist\u00f3rico familiar.<\/li>\n\n\n\n<li>Desequil\u00edbrios qu\u00edmicos no c\u00e9rebro, especialmente neurotransmissores como serotonina, dopamina e noradrenalina.<\/li>\n\n\n\n<li>Eventos traum\u00e1ticos, como luto, abuso ou separa\u00e7\u00f5es.<\/li>\n\n\n\n<li>Estresse cr\u00f4nico relacionado ao trabalho, vida financeira ou relacionamentos.<\/li>\n\n\n\n<li>Isolamento social ou falta de suporte afetivo.<\/li>\n\n\n\n<li>Doen\u00e7as f\u00edsicas cr\u00f4nicas ou debilitantes.<\/li>\n<\/ul>\n\n\n\n<p>Bem como, fatores internos, como baixa autoestima e padr\u00f5es de pensamento negativo, tamb\u00e9m contribuem.<\/p>\n\n\n\n<h2 class=\"wp-block-heading\" id=\"h-mitos-e-verdades-sobre-solucoes-para-a-depressao\">Mitos e Verdades sobre Solu\u00e7\u00f5es para a Depress\u00e3o<\/h2>\n\n\n\n<p>\u00c9 comum ouvir frases como \u201c\u00c9 s\u00f3 pensar positivo\u201d ou \u201cFalta de for\u00e7a de vontade\u201d. No entanto, essas afirma\u00e7\u00f5es s\u00e3o mitos que invalidam o sofrimento de quem convive com <strong>depress\u00e3o<\/strong>.<\/p>\n\n\n\n<p>Verdade seja dita, a melhora envolve m\u00faltiplas abordagens, como:<\/p>\n\n\n\n<ul class=\"wp-block-list\">\n<li>Psicoterapia, que ajuda a reorganizar pensamentos e emo\u00e7\u00f5es.<\/li>\n\n\n\n<li>Medicamentos, quando indicados, que regulam desequil\u00edbrios qu\u00edmicos.<\/li>\n\n\n\n<li>Mudan\u00e7as no estilo de vida, incluindo sono, alimenta\u00e7\u00e3o e atividades f\u00edsicas.<\/li>\n<\/ul>\n\n\n\n<p>Al\u00e9m disso, o apoio social e o acolhimento fazem toda a diferen\u00e7a no processo de recupera\u00e7\u00e3o.<\/p>\n\n\n\n<h2 class=\"wp-block-heading\" id=\"h-como-lidar-com-a-depressao-no-dia-a-dia\">Como Lidar com a Depress\u00e3o no Dia a Dia<\/h2>\n\n\n\n<p>Pequenas a\u00e7\u00f5es podem ajudar no enfrentamento da <strong>depress\u00e3o<\/strong>, como:<\/p>\n\n\n\n<ul class=\"wp-block-list\">\n<li>Estabelecer uma rotina, mesmo que m\u00ednima.<\/li>\n\n\n\n<li>Praticar atividades f\u00edsicas leves, como caminhada.<\/li>\n\n\n\n<li>Manter algum n\u00edvel de intera\u00e7\u00e3o social, mesmo virtual.<\/li>\n\n\n\n<li>Priorizar momentos de descanso e autocuidado.<\/li>\n\n\n\n<li>Praticar t\u00e9cnicas de respira\u00e7\u00e3o e relaxamento.<\/li>\n\n\n\n<li>Evitar o consumo excessivo de not\u00edcias negativas ou redes sociais.<\/li>\n<\/ul>\n\n\n\n<h2 class=\"wp-block-heading\" id=\"h-a-depressao-no-corpo-e-na-mente-manifestacoes\">A Depress\u00e3o no Corpo e na Mente: Manifesta\u00e7\u00f5es<\/h2>\n\n\n\n<p>A <strong>depress\u00e3o<\/strong> n\u00e3o \u00e9 apenas emocional, ela tamb\u00e9m se manifesta fisicamente. Entre os sintomas corporais est\u00e3o:<\/p>\n\n\n\n<ul class=\"wp-block-list\">\n<li>Cansa\u00e7o extremo e falta de energia.<\/li>\n\n\n\n<li>Dores musculares e tens\u00f5es.<\/li>\n\n\n\n<li>Problemas gastrointestinais, como n\u00e1useas e constipa\u00e7\u00e3o.<\/li>\n\n\n\n<li>Altera\u00e7\u00f5es na frequ\u00eancia card\u00edaca e na respira\u00e7\u00e3o.<\/li>\n<\/ul>\n\n\n\n<p>Na mente, surgem:<\/p>\n\n\n\n<ul class=\"wp-block-list\">\n<li>Pensamentos autodepreciativos.<\/li>\n\n\n\n<li>Dificuldade para pensar com clareza.<\/li>\n\n\n\n<li>Sensa\u00e7\u00e3o de vazio ou de que \u201cnada faz sentido\u201d.<\/li>\n<\/ul>\n\n\n\n<p>Esses sintomas se retroalimentam, tornando o quadro mais desafiador.<\/p>\n\n\n\n<h2 class=\"wp-block-heading\" id=\"h-depressao-atipica-uma-perspectiva-ampliada\">Depress\u00e3o At\u00edpica: Uma Perspectiva Ampliada<\/h2>\n\n\n\n<p>Nem toda <strong>depress\u00e3o<\/strong> se manifesta da mesma forma. Na <strong>depress\u00e3o at\u00edpica<\/strong>, por exemplo, a pessoa pode:<\/p>\n\n\n\n<ul class=\"wp-block-list\">\n<li>Sentir-se melhor temporariamente diante de boas not\u00edcias.<\/li>\n\n\n\n<li>Ter aumento de apetite e sono excessivo.<\/li>\n\n\n\n<li>Sentir sensibilidade extrema \u00e0 rejei\u00e7\u00e3o, seja real ou percebida.<\/li>\n<\/ul>\n\n\n\n<p>Esse tipo de manifesta\u00e7\u00e3o muitas vezes passa despercebido, dificultando o reconhecimento.<\/p>\n\n\n\n<h2 class=\"wp-block-heading\" id=\"h-quem-busca-alivio-para-a-depressao\">Quem Busca Al\u00edvio para a Depress\u00e3o?<\/h2>\n\n\n\n<p>Qualquer pessoa, em qualquer fase da vida, pode ser impactada pela <strong>depress\u00e3o<\/strong>. Entre os perfis mais comuns est\u00e3o:<\/p>\n\n\n\n<ul class=\"wp-block-list\">\n<li>Jovens lidando com press\u00f5es acad\u00eamicas e redes sociais.<\/li>\n\n\n\n<li>Adultos sobrecarregados pelo trabalho e responsabilidades familiares.<\/li>\n\n\n\n<li>Idosos que enfrentam luto, solid\u00e3o e quest\u00f5es de sa\u00fade.<\/li>\n\n\n\n<li>Pessoas que passaram por traumas, perdas ou mudan\u00e7as significativas.<\/li>\n<\/ul>\n\n\n\n<p>Todos esses grupos podem se beneficiar de informa\u00e7\u00e3o, acolhimento e cuidado.<\/p>\n\n\n\n<h2 class=\"wp-block-heading\" id=\"h-diferentes-abordagens-para-lidar-com-a-depressao\">Diferentes Abordagens para Lidar com a Depress\u00e3o<\/h2>\n\n\n\n<p>Entre as abordagens mais comuns para lidar com a <strong>depress\u00e3o<\/strong>, destacam-se:<\/p>\n\n\n\n<ul class=\"wp-block-list\">\n<li>Psicoterapia (terapia cognitivo-comportamental, psicodin\u00e2mica, entre outras).<\/li>\n\n\n\n<li>Medicamentos antidepressivos, quando indicados.<\/li>\n\n\n\n<li>Atividades f\u00edsicas e pr\u00e1ticas de bem-estar.<\/li>\n\n\n\n<li>Grupos de apoio e comunidades terap\u00eauticas.<\/li>\n\n\n\n<li>T\u00e9cnicas de mindfulness e medita\u00e7\u00e3o.<\/li>\n<\/ul>\n\n\n\n<h2 class=\"wp-block-heading\" id=\"h-sinais-de-alerta-quando-buscar-ajuda-profissional\">Sinais de Alerta: Quando Buscar Ajuda Profissional<\/h2>\n\n\n\n<p>\u00c9 fundamental buscar ajuda profissional quando surgem sinais como:<\/p>\n\n\n\n<ul class=\"wp-block-list\">\n<li>Pensamentos recorrentes sobre morte ou suic\u00eddio.<\/li>\n\n\n\n<li>Incapacidade de realizar atividades b\u00e1sicas do dia a dia.<\/li>\n\n\n\n<li>Isolamento extremo e perda total de interesse pela vida.<\/li>\n\n\n\n<li>Sintomas que persistem por mais de duas semanas sem melhora.<\/li>\n<\/ul>\n\n\n\n<h2 class=\"wp-block-heading\" id=\"h-recursos-e-informacoes-confiaveis-sobre-a-depressao\">Recursos e Informa\u00e7\u00f5es Confi\u00e1veis sobre a Depress\u00e3o<\/h2>\n\n\n\n<p>Para aprofundar seu conhecimento sobre <strong>como se comporta uma pessoa com depress\u00e3o<\/strong>, voc\u00ea pode buscar informa\u00e7\u00f5es em:<\/p>\n\n\n\n<ul class=\"wp-block-list\">\n<li>Sites oficiais de associa\u00e7\u00f5es de psicologia.<\/li>\n\n\n\n<li>Organiza\u00e7\u00f5es internacionais de sa\u00fade mental, como OMS.<\/li>\n\n\n\n<li>Centros de valoriza\u00e7\u00e3o da vida e institui\u00e7\u00f5es que oferecem suporte gratuito.<\/li>\n<\/ul>\n\n\n\n<h2 class=\"wp-block-heading\" id=\"h-dicas-para-acao-imediata-em-momentos-de-depressao\">Dicas para A\u00e7\u00e3o Imediata em Momentos de Depress\u00e3o<\/h2>\n\n\n\n<p>Se voc\u00ea ou algu\u00e9m pr\u00f3ximo est\u00e1 passando por um momento cr\u00edtico, tente:<\/p>\n\n\n\n<ul class=\"wp-block-list\">\n<li>Praticar respira\u00e7\u00e3o profunda por alguns minutos.<\/li>\n\n\n\n<li>Sair para um ambiente com luz natural e ar fresco.<\/li>\n\n\n\n<li>Fazer uma caminhada curta, mesmo sem vontade.<\/li>\n\n\n\n<li>Escrever pensamentos e sentimentos para organizar a mente.<\/li>\n\n\n\n<li>Entrar em contato com algu\u00e9m de confian\u00e7a.<\/li>\n<\/ul>\n\n\n\n<h2 class=\"wp-block-heading\" id=\"h-conclusao\">Conclus\u00e3o<\/h2>\n\n\n\n<p>Em suma, compreender <strong>como se comporta uma pessoa com depress\u00e3o<\/strong> \u00e9 um passo essencial para quebrar preconceitos e oferecer acolhimento. Saber reconhecer os sinais, entender os gatilhos e buscar apoio pode transformar n\u00e3o apenas sua vida, mas tamb\u00e9m a de quem voc\u00ea ama.<\/p>\n\n\n\n<p>Se voc\u00ea se identifica com esses sinais, buscar informa\u00e7\u00e3o e apoio pode ser o primeiro passo para uma vida mais leve e equilibrada!<\/p>\n\n\n\n<p>* Essas narrativas s\u00e3o fict\u00edcias mas inspiradas em situa\u00e7\u00f5es comumente vivenciadas nos estudos e na cl\u00ednica psicol\u00f3gica.<\/p>\n\n\n\n<figure class=\"wp-block-image aligncenter size-large is-resized\"><img fetchpriority=\"high\" decoding=\"async\" width=\"1024\" height=\"683\" src=\"https:\/\/ianima.com.br\/blog\/wp-content\/uploads\/2025\/05\/2MM-430-1024x683.webp\" alt=\"Como se Comporta uma Pessoa com Depress\u00e3o: Sinais e Impactos\" class=\"wp-image-4307\" style=\"width:500px\" srcset=\"https:\/\/ianima.com.br\/blog\/wp-content\/uploads\/2025\/05\/2MM-430-1024x683.webp 1024w, https:\/\/ianima.com.br\/blog\/wp-content\/uploads\/2025\/05\/2MM-430-300x200.webp 300w, https:\/\/ianima.com.br\/blog\/wp-content\/uploads\/2025\/05\/2MM-430-768x512.webp 768w, https:\/\/ianima.com.br\/blog\/wp-content\/uploads\/2025\/05\/2MM-430.webp 1536w\" sizes=\"(max-width: 1024px) 100vw, 1024px\" \/><\/figure>\n\n\n\n<h2 class=\"wp-block-heading\" id=\"h-perguntas-frequentes-faq\">Perguntas Frequentes (FAQ)<\/h2>\n\n\n\n<div class=\"schema-faq wp-block-yoast-faq-block\"><div class=\"schema-faq-section\" id=\"faq-question-1747899404403\"><strong class=\"schema-faq-question\">Como saber se algu\u00e9m est\u00e1 com depress\u00e3o?<\/strong> <p class=\"schema-faq-answer\">Uma pessoa com depress\u00e3o pode apresentar sinais como tristeza constante, falta de energia, altera\u00e7\u00f5es no sono e no apetite, al\u00e9m de perder o interesse em atividades que antes gostava.<\/p> <\/div> <div class=\"schema-faq-section\" id=\"faq-question-1747899427531\"><strong class=\"schema-faq-question\">Quais s\u00e3o os comportamentos comuns de algu\u00e9m com depress\u00e3o?<\/strong> <p class=\"schema-faq-answer\">Comportamentos comuns incluem isolamento social, dificuldade de concentra\u00e7\u00e3o, irritabilidade e, em alguns casos, at\u00e9 pensamentos negativos persistentes.<\/p> <\/div> <div class=\"schema-faq-section\" id=\"faq-question-1747899450450\"><strong class=\"schema-faq-question\">Como ajudar algu\u00e9m que est\u00e1 com depress\u00e3o?<\/strong> <p class=\"schema-faq-answer\">A melhor forma de ajudar \u00e9 ouvir sem julgar, oferecer apoio e encoraj\u00e1-la a procurar um profissional de sa\u00fade mental.<\/p> <\/div> <\/div>\n\n\n\n<ul class=\"wp-block-yoast-seo-related-links\"><li><a href=\"https:\/\/ianima.com.br\/blog\/saude-mental\/resumo-sobre-depressao-o-que-voce-precisa-saber\/\">Resumo sobre Depress\u00e3o: O Que Voc\u00ea Precisa Saber<\/a><\/li><li><a href=\"https:\/\/ianima.com.br\/blog\/saude-mental\/sintomas-fisicos-da-depressao-o-que-voce-precisa-saber\/\">Sintomas f\u00edsicos da depress\u00e3o: o que voc\u00ea precisa saber<\/a><\/li><li><a href=\"https:\/\/ianima.com.br\/blog\/saude-mental\/qual-o-sintomas-de-depressao-sinais-causas-e-caminhos\/\">Qual o Sintomas de Depress\u00e3o: Sinais, Causas e Caminhos<\/a><\/li><li><a href=\"https:\/\/ianima.com.br\/blog\/saude-mental\/como-lidar-com-a-depressao-sinais-causas-e-caminhos\/\">Como lidar com a depress\u00e3o: sinais, causas e caminhos<\/a><\/li><li><a href=\"https:\/\/ianima.com.br\/blog\/saude-mental\/quais-sao-os-sintomas-de-depressao-sinais-e-caminhos\/\">Quais s\u00e3o os sintomas de depress\u00e3o: sinais e caminhos<\/a><\/li><\/ul>\n","protected":false},"excerpt":{"rendered":"<p>Descubra os sinais, causas e caminhos para compreender como se comporta uma pessoa com depress\u00e3o que podem estar impactando sua vida. Os Sinais e Sintomas da Depress\u00e3o A princ\u00edpio, entender como se comporta uma pessoa com depress\u00e3o passa por reconhecer sinais que nem sempre s\u00e3o vis\u00edveis \u00e0 primeira vista. Al\u00e9m da tristeza persistente, outros comportamentos [&hellip;]<\/p>\n","protected":false},"author":1,"featured_media":4306,"comment_status":"closed","ping_status":"closed","sticky":false,"template":"","format":"standard","meta":{"site-sidebar-layout":"default","site-content-layout":"","ast-site-content-layout":"default","site-content-style":"default","site-sidebar-style":"default","ast-global-header-display":"","ast-banner-title-visibility":"","ast-main-header-display":"","ast-hfb-above-header-display":"","ast-hfb-below-header-display":"","ast-hfb-mobile-header-display":"","site-post-title":"","ast-breadcrumbs-content":"","ast-featured-img":"","footer-sml-layout":"","theme-transparent-header-meta":"","adv-header-id-meta":"","stick-header-meta":"","header-above-stick-meta":"","header-main-stick-meta":"","header-below-stick-meta":"","astra-migrate-meta-layouts":"set","ast-page-background-enabled":"default","ast-page-background-meta":{"desktop":{"background-color":"","background-image":"","background-repeat":"repeat","background-position":"center center","background-size":"auto","background-attachment":"scroll","background-type":"","background-media":"","overlay-type":"","overlay-color":"","overlay-opacity":"","overlay-gradient":""},"tablet":{"background-color":"","background-image":"","background-repeat":"repeat","background-position":"center center","background-size":"auto","background-attachment":"scroll","background-type":"","background-media":"","overlay-type":"","overlay-color":"","overlay-opacity":"","overlay-gradient":""},"mobile":{"background-color":"","background-image":"","background-repeat":"repeat","background-position":"center center","background-size":"auto","background-attachment":"scroll","background-type":"","background-media":"","overlay-type":"","overlay-color":"","overlay-opacity":"","overlay-gradient":""}},"ast-content-background-meta":{"desktop":{"background-color":"var(--ast-global-color-5)","background-image":"","background-repeat":"repeat","background-position":"center center","background-size":"auto","background-attachment":"scroll","background-type":"","background-media":"","overlay-type":"","overlay-color":"","overlay-opacity":"","overlay-gradient":""},"tablet":{"background-color":"var(--ast-global-color-5)","background-image":"","background-repeat":"repeat","background-position":"center center","background-size":"auto","background-attachment":"scroll","background-type":"","background-media":"","overlay-type":"","overlay-color":"","overlay-opacity":"","overlay-gradient":""},"mobile":{"background-color":"var(--ast-global-color-5)","background-image":"","background-repeat":"repeat","background-position":"center center","background-size":"auto","background-attachment":"scroll","background-type":"","background-media":"","overlay-type":"","overlay-color":"","overlay-opacity":"","overlay-gradient":""}},"footnotes":""},"categories":[24],"tags":[],"class_list":["post-4304","post","type-post","status-publish","format-standard","has-post-thumbnail","hentry","category-saude-mental"],"yoast_head":"<!-- This site is optimized with the Yoast SEO Premium plugin v20.8 (Yoast SEO v20.8) - https:\/\/yoast.com\/wordpress\/plugins\/seo\/ -->\n<title>Como se Comporta uma Pessoa com Depress\u00e3o: Sinais e Impactos<\/title>\n<meta name=\"description\" content=\"Descubra os sinais ocultos da depress\u00e3o e como ela afeta a vida de quem sofre. Voc\u00ea pode estar mais perto do que imagina!\" \/>\n<meta name=\"robots\" content=\"index, follow, max-snippet:-1, max-image-preview:large, max-video-preview:-1\" \/>\n<link rel=\"canonical\" href=\"https:\/\/ianima.com.br\/blog\/saude-mental\/como-se-comporta-uma-pessoa-com-depressao-sinais-e-impactos\/\" \/>\n<meta property=\"og:locale\" content=\"pt_BR\" \/>\n<meta property=\"og:type\" content=\"article\" \/>\n<meta property=\"og:title\" content=\"Como se Comporta uma Pessoa com Depress\u00e3o: Sinais e Impactos\" \/>\n<meta property=\"og:description\" content=\"Descubra os sinais ocultos da depress\u00e3o e como ela afeta a vida de quem sofre. Voc\u00ea pode estar mais perto do que imagina!\" \/>\n<meta property=\"og:url\" content=\"https:\/\/ianima.com.br\/blog\/saude-mental\/como-se-comporta-uma-pessoa-com-depressao-sinais-e-impactos\/\" \/>\n<meta property=\"og:site_name\" content=\"Terapia Online com IANIMA: Inova\u00e7\u00e3o e Aconselhamento. O terapeuta online ao seu alcance.\" \/>\n<meta property=\"article:published_time\" content=\"2025-05-22T07:39:21+00:00\" \/>\n<meta property=\"article:modified_time\" content=\"2025-05-22T07:39:22+00:00\" \/>\n<meta property=\"og:image\" content=\"https:\/\/ianima.com.br\/blog\/wp-content\/uploads\/2025\/05\/1MM-430.webp\" \/>\n\t<meta property=\"og:image:width\" content=\"1536\" \/>\n\t<meta property=\"og:image:height\" content=\"1024\" \/>\n\t<meta property=\"og:image:type\" content=\"image\/webp\" \/>\n<meta name=\"author\" content=\"Wanderlei Talib\" \/>\n<meta name=\"twitter:card\" content=\"summary_large_image\" \/>\n<meta name=\"twitter:label1\" content=\"Escrito por\" \/>\n\t<meta name=\"twitter:data1\" content=\"Wanderlei Talib\" \/>\n\t<meta name=\"twitter:label2\" content=\"Est. tempo de leitura\" \/>\n\t<meta name=\"twitter:data2\" content=\"7 minutos\" \/>\n<script type=\"application\/ld+json\" class=\"yoast-schema-graph\">{\"@context\":\"https:\/\/schema.org\",\"@graph\":[{\"@type\":\"Article\",\"@id\":\"https:\/\/ianima.com.br\/blog\/saude-mental\/como-se-comporta-uma-pessoa-com-depressao-sinais-e-impactos\/#article\",\"isPartOf\":{\"@id\":\"https:\/\/ianima.com.br\/blog\/saude-mental\/como-se-comporta-uma-pessoa-com-depressao-sinais-e-impactos\/\"},\"author\":{\"name\":\"Wanderlei Talib\",\"@id\":\"https:\/\/ianima.com.br\/blog\/#\/schema\/person\/85378d6a819826ce615ae2a7a04f68d8\"},\"headline\":\"Como se Comporta uma Pessoa com Depress\u00e3o: Sinais e Impactos\",\"datePublished\":\"2025-05-22T07:39:21+00:00\",\"dateModified\":\"2025-05-22T07:39:22+00:00\",\"mainEntityOfPage\":{\"@id\":\"https:\/\/ianima.com.br\/blog\/saude-mental\/como-se-comporta-uma-pessoa-com-depressao-sinais-e-impactos\/\"},\"wordCount\":1312,\"publisher\":{\"@id\":\"https:\/\/ianima.com.br\/blog\/#organization\"},\"articleSection\":[\"Sa\u00fade Mental\"],\"inLanguage\":\"pt-BR\"},{\"@type\":[\"WebPage\",\"FAQPage\"],\"@id\":\"https:\/\/ianima.com.br\/blog\/saude-mental\/como-se-comporta-uma-pessoa-com-depressao-sinais-e-impactos\/\",\"url\":\"https:\/\/ianima.com.br\/blog\/saude-mental\/como-se-comporta-uma-pessoa-com-depressao-sinais-e-impactos\/\",\"name\":\"Como se Comporta uma Pessoa com Depress\u00e3o: Sinais e Impactos\",\"isPartOf\":{\"@id\":\"https:\/\/ianima.com.br\/blog\/#website\"},\"datePublished\":\"2025-05-22T07:39:21+00:00\",\"dateModified\":\"2025-05-22T07:39:22+00:00\",\"description\":\"Descubra os sinais ocultos da depress\u00e3o e como ela afeta a vida de quem sofre. Voc\u00ea pode estar mais perto do que imagina!\",\"breadcrumb\":{\"@id\":\"https:\/\/ianima.com.br\/blog\/saude-mental\/como-se-comporta-uma-pessoa-com-depressao-sinais-e-impactos\/#breadcrumb\"},\"mainEntity\":[{\"@id\":\"https:\/\/ianima.com.br\/blog\/saude-mental\/como-se-comporta-uma-pessoa-com-depressao-sinais-e-impactos\/#faq-question-1747899404403\"},{\"@id\":\"https:\/\/ianima.com.br\/blog\/saude-mental\/como-se-comporta-uma-pessoa-com-depressao-sinais-e-impactos\/#faq-question-1747899427531\"},{\"@id\":\"https:\/\/ianima.com.br\/blog\/saude-mental\/como-se-comporta-uma-pessoa-com-depressao-sinais-e-impactos\/#faq-question-1747899450450\"}],\"inLanguage\":\"pt-BR\",\"potentialAction\":[{\"@type\":\"ReadAction\",\"target\":[\"https:\/\/ianima.com.br\/blog\/saude-mental\/como-se-comporta-uma-pessoa-com-depressao-sinais-e-impactos\/\"]}]},{\"@type\":\"BreadcrumbList\",\"@id\":\"https:\/\/ianima.com.br\/blog\/saude-mental\/como-se-comporta-uma-pessoa-com-depressao-sinais-e-impactos\/#breadcrumb\",\"itemListElement\":[{\"@type\":\"ListItem\",\"position\":1,\"name\":\"In\u00edcio\",\"item\":\"https:\/\/ianima.com.br\/blog\/\"},{\"@type\":\"ListItem\",\"position\":2,\"name\":\"Como se Comporta uma Pessoa com Depress\u00e3o: Sinais e Impactos\"}]},{\"@type\":\"WebSite\",\"@id\":\"https:\/\/ianima.com.br\/blog\/#website\",\"url\":\"https:\/\/ianima.com.br\/blog\/\",\"name\":\"Terapia Online com IANIMA: Inova\u00e7\u00e3o e Aconselhamento. O terapeuta online ao seu alcance.\",\"description\":\"Terapia gratuita online com a IAnima, sua terapeuta online. Artigos sobre terapias online, sa\u00fade mental e bem-estar.\",\"publisher\":{\"@id\":\"https:\/\/ianima.com.br\/blog\/#organization\"},\"potentialAction\":[{\"@type\":\"SearchAction\",\"target\":{\"@type\":\"EntryPoint\",\"urlTemplate\":\"https:\/\/ianima.com.br\/blog\/?s={search_term_string}\"},\"query-input\":\"required name=search_term_string\"}],\"inLanguage\":\"pt-BR\"},{\"@type\":\"Organization\",\"@id\":\"https:\/\/ianima.com.br\/blog\/#organization\",\"name\":\"Terapia Online com IANIMA: Inova\u00e7\u00e3o e Aconselhamento. O terapeuta online ao seu alcance.\",\"url\":\"https:\/\/ianima.com.br\/blog\/\",\"logo\":{\"@type\":\"ImageObject\",\"inLanguage\":\"pt-BR\",\"@id\":\"https:\/\/ianima.com.br\/blog\/#\/schema\/logo\/image\/\",\"url\":\"https:\/\/ianima.com.br\/blog\/wp-content\/uploads\/2025\/04\/cropped-IAnima-terapia-online.webp\",\"contentUrl\":\"https:\/\/ianima.com.br\/blog\/wp-content\/uploads\/2025\/04\/cropped-IAnima-terapia-online.webp\",\"width\":819,\"height\":222,\"caption\":\"Terapia Online com IANIMA: Inova\u00e7\u00e3o e Aconselhamento. O terapeuta online ao seu alcance.\"},\"image\":{\"@id\":\"https:\/\/ianima.com.br\/blog\/#\/schema\/logo\/image\/\"}},{\"@type\":\"Person\",\"@id\":\"https:\/\/ianima.com.br\/blog\/#\/schema\/person\/85378d6a819826ce615ae2a7a04f68d8\",\"name\":\"Wanderlei Talib\",\"image\":{\"@type\":\"ImageObject\",\"inLanguage\":\"pt-BR\",\"@id\":\"https:\/\/ianima.com.br\/blog\/#\/schema\/person\/image\/\",\"url\":\"https:\/\/ianima.com.br\/blog\/wp-content\/litespeed\/avatar\/a0461c2b338365ab5dd45a3e926e23c7.jpg?ver=1777055969\",\"contentUrl\":\"https:\/\/ianima.com.br\/blog\/wp-content\/litespeed\/avatar\/a0461c2b338365ab5dd45a3e926e23c7.jpg?ver=1777055969\",\"caption\":\"Wanderlei Talib\"},\"sameAs\":[\"https:\/\/ianima.com.br\/blog\"],\"url\":\"https:\/\/ianima.com.br\/blog\/author\/adminedu\/\"},{\"@type\":\"Question\",\"@id\":\"https:\/\/ianima.com.br\/blog\/saude-mental\/como-se-comporta-uma-pessoa-com-depressao-sinais-e-impactos\/#faq-question-1747899404403\",\"position\":1,\"url\":\"https:\/\/ianima.com.br\/blog\/saude-mental\/como-se-comporta-uma-pessoa-com-depressao-sinais-e-impactos\/#faq-question-1747899404403\",\"name\":\"Como saber se algu\u00e9m est\u00e1 com depress\u00e3o?\",\"answerCount\":1,\"acceptedAnswer\":{\"@type\":\"Answer\",\"text\":\"Uma pessoa com depress\u00e3o pode apresentar sinais como tristeza constante, falta de energia, altera\u00e7\u00f5es no sono e no apetite, al\u00e9m de perder o interesse em atividades que antes gostava.\",\"inLanguage\":\"pt-BR\"},\"inLanguage\":\"pt-BR\"},{\"@type\":\"Question\",\"@id\":\"https:\/\/ianima.com.br\/blog\/saude-mental\/como-se-comporta-uma-pessoa-com-depressao-sinais-e-impactos\/#faq-question-1747899427531\",\"position\":2,\"url\":\"https:\/\/ianima.com.br\/blog\/saude-mental\/como-se-comporta-uma-pessoa-com-depressao-sinais-e-impactos\/#faq-question-1747899427531\",\"name\":\"Quais s\u00e3o os comportamentos comuns de algu\u00e9m com depress\u00e3o?\",\"answerCount\":1,\"acceptedAnswer\":{\"@type\":\"Answer\",\"text\":\"Comportamentos comuns incluem isolamento social, dificuldade de concentra\u00e7\u00e3o, irritabilidade e, em alguns casos, at\u00e9 pensamentos negativos persistentes.\",\"inLanguage\":\"pt-BR\"},\"inLanguage\":\"pt-BR\"},{\"@type\":\"Question\",\"@id\":\"https:\/\/ianima.com.br\/blog\/saude-mental\/como-se-comporta-uma-pessoa-com-depressao-sinais-e-impactos\/#faq-question-1747899450450\",\"position\":3,\"url\":\"https:\/\/ianima.com.br\/blog\/saude-mental\/como-se-comporta-uma-pessoa-com-depressao-sinais-e-impactos\/#faq-question-1747899450450\",\"name\":\"Como ajudar algu\u00e9m que est\u00e1 com depress\u00e3o?\",\"answerCount\":1,\"acceptedAnswer\":{\"@type\":\"Answer\",\"text\":\"A melhor forma de ajudar \u00e9 ouvir sem julgar, oferecer apoio e encoraj\u00e1-la a procurar um profissional de sa\u00fade mental.\",\"inLanguage\":\"pt-BR\"},\"inLanguage\":\"pt-BR\"}]}<\/script>\n<!-- \/ Yoast SEO Premium plugin. -->","yoast_head_json":{"title":"Como se Comporta uma Pessoa com Depress\u00e3o: Sinais e Impactos","description":"Descubra os sinais ocultos da depress\u00e3o e como ela afeta a vida de quem sofre. Voc\u00ea pode estar mais perto do que imagina!","robots":{"index":"index","follow":"follow","max-snippet":"max-snippet:-1","max-image-preview":"max-image-preview:large","max-video-preview":"max-video-preview:-1"},"canonical":"https:\/\/ianima.com.br\/blog\/saude-mental\/como-se-comporta-uma-pessoa-com-depressao-sinais-e-impactos\/","og_locale":"pt_BR","og_type":"article","og_title":"Como se Comporta uma Pessoa com Depress\u00e3o: Sinais e Impactos","og_description":"Descubra os sinais ocultos da depress\u00e3o e como ela afeta a vida de quem sofre. Voc\u00ea pode estar mais perto do que imagina!","og_url":"https:\/\/ianima.com.br\/blog\/saude-mental\/como-se-comporta-uma-pessoa-com-depressao-sinais-e-impactos\/","og_site_name":"Terapia Online com IANIMA: Inova\u00e7\u00e3o e Aconselhamento. O terapeuta online ao seu alcance.","article_published_time":"2025-05-22T07:39:21+00:00","article_modified_time":"2025-05-22T07:39:22+00:00","og_image":[{"width":1536,"height":1024,"url":"https:\/\/ianima.com.br\/blog\/wp-content\/uploads\/2025\/05\/1MM-430.webp","type":"image\/webp"}],"author":"Wanderlei Talib","twitter_card":"summary_large_image","twitter_misc":{"Escrito por":"Wanderlei Talib","Est. tempo de leitura":"7 minutos"},"schema":{"@context":"https:\/\/schema.org","@graph":[{"@type":"Article","@id":"https:\/\/ianima.com.br\/blog\/saude-mental\/como-se-comporta-uma-pessoa-com-depressao-sinais-e-impactos\/#article","isPartOf":{"@id":"https:\/\/ianima.com.br\/blog\/saude-mental\/como-se-comporta-uma-pessoa-com-depressao-sinais-e-impactos\/"},"author":{"name":"Wanderlei Talib","@id":"https:\/\/ianima.com.br\/blog\/#\/schema\/person\/85378d6a819826ce615ae2a7a04f68d8"},"headline":"Como se Comporta uma Pessoa com Depress\u00e3o: Sinais e Impactos","datePublished":"2025-05-22T07:39:21+00:00","dateModified":"2025-05-22T07:39:22+00:00","mainEntityOfPage":{"@id":"https:\/\/ianima.com.br\/blog\/saude-mental\/como-se-comporta-uma-pessoa-com-depressao-sinais-e-impactos\/"},"wordCount":1312,"publisher":{"@id":"https:\/\/ianima.com.br\/blog\/#organization"},"articleSection":["Sa\u00fade Mental"],"inLanguage":"pt-BR"},{"@type":["WebPage","FAQPage"],"@id":"https:\/\/ianima.com.br\/blog\/saude-mental\/como-se-comporta-uma-pessoa-com-depressao-sinais-e-impactos\/","url":"https:\/\/ianima.com.br\/blog\/saude-mental\/como-se-comporta-uma-pessoa-com-depressao-sinais-e-impactos\/","name":"Como se Comporta uma Pessoa com Depress\u00e3o: Sinais e Impactos","isPartOf":{"@id":"https:\/\/ianima.com.br\/blog\/#website"},"datePublished":"2025-05-22T07:39:21+00:00","dateModified":"2025-05-22T07:39:22+00:00","description":"Descubra os sinais ocultos da depress\u00e3o e como ela afeta a vida de quem sofre. Voc\u00ea pode estar mais perto do que imagina!","breadcrumb":{"@id":"https:\/\/ianima.com.br\/blog\/saude-mental\/como-se-comporta-uma-pessoa-com-depressao-sinais-e-impactos\/#breadcrumb"},"mainEntity":[{"@id":"https:\/\/ianima.com.br\/blog\/saude-mental\/como-se-comporta-uma-pessoa-com-depressao-sinais-e-impactos\/#faq-question-1747899404403"},{"@id":"https:\/\/ianima.com.br\/blog\/saude-mental\/como-se-comporta-uma-pessoa-com-depressao-sinais-e-impactos\/#faq-question-1747899427531"},{"@id":"https:\/\/ianima.com.br\/blog\/saude-mental\/como-se-comporta-uma-pessoa-com-depressao-sinais-e-impactos\/#faq-question-1747899450450"}],"inLanguage":"pt-BR","potentialAction":[{"@type":"ReadAction","target":["https:\/\/ianima.com.br\/blog\/saude-mental\/como-se-comporta-uma-pessoa-com-depressao-sinais-e-impactos\/"]}]},{"@type":"BreadcrumbList","@id":"https:\/\/ianima.com.br\/blog\/saude-mental\/como-se-comporta-uma-pessoa-com-depressao-sinais-e-impactos\/#breadcrumb","itemListElement":[{"@type":"ListItem","position":1,"name":"In\u00edcio","item":"https:\/\/ianima.com.br\/blog\/"},{"@type":"ListItem","position":2,"name":"Como se Comporta uma Pessoa com Depress\u00e3o: Sinais e Impactos"}]},{"@type":"WebSite","@id":"https:\/\/ianima.com.br\/blog\/#website","url":"https:\/\/ianima.com.br\/blog\/","name":"Terapia Online com IANIMA: Inova\u00e7\u00e3o e Aconselhamento. O terapeuta online ao seu alcance.","description":"Terapia gratuita online com a IAnima, sua terapeuta online. Artigos sobre terapias online, sa\u00fade mental e bem-estar.","publisher":{"@id":"https:\/\/ianima.com.br\/blog\/#organization"},"potentialAction":[{"@type":"SearchAction","target":{"@type":"EntryPoint","urlTemplate":"https:\/\/ianima.com.br\/blog\/?s={search_term_string}"},"query-input":"required name=search_term_string"}],"inLanguage":"pt-BR"},{"@type":"Organization","@id":"https:\/\/ianima.com.br\/blog\/#organization","name":"Terapia Online com IANIMA: Inova\u00e7\u00e3o e Aconselhamento. O terapeuta online ao seu alcance.","url":"https:\/\/ianima.com.br\/blog\/","logo":{"@type":"ImageObject","inLanguage":"pt-BR","@id":"https:\/\/ianima.com.br\/blog\/#\/schema\/logo\/image\/","url":"https:\/\/ianima.com.br\/blog\/wp-content\/uploads\/2025\/04\/cropped-IAnima-terapia-online.webp","contentUrl":"https:\/\/ianima.com.br\/blog\/wp-content\/uploads\/2025\/04\/cropped-IAnima-terapia-online.webp","width":819,"height":222,"caption":"Terapia Online com IANIMA: Inova\u00e7\u00e3o e Aconselhamento. O terapeuta online ao seu alcance."},"image":{"@id":"https:\/\/ianima.com.br\/blog\/#\/schema\/logo\/image\/"}},{"@type":"Person","@id":"https:\/\/ianima.com.br\/blog\/#\/schema\/person\/85378d6a819826ce615ae2a7a04f68d8","name":"Wanderlei Talib","image":{"@type":"ImageObject","inLanguage":"pt-BR","@id":"https:\/\/ianima.com.br\/blog\/#\/schema\/person\/image\/","url":"https:\/\/ianima.com.br\/blog\/wp-content\/litespeed\/avatar\/a0461c2b338365ab5dd45a3e926e23c7.jpg?ver=1777055969","contentUrl":"https:\/\/ianima.com.br\/blog\/wp-content\/litespeed\/avatar\/a0461c2b338365ab5dd45a3e926e23c7.jpg?ver=1777055969","caption":"Wanderlei Talib"},"sameAs":["https:\/\/ianima.com.br\/blog"],"url":"https:\/\/ianima.com.br\/blog\/author\/adminedu\/"},{"@type":"Question","@id":"https:\/\/ianima.com.br\/blog\/saude-mental\/como-se-comporta-uma-pessoa-com-depressao-sinais-e-impactos\/#faq-question-1747899404403","position":1,"url":"https:\/\/ianima.com.br\/blog\/saude-mental\/como-se-comporta-uma-pessoa-com-depressao-sinais-e-impactos\/#faq-question-1747899404403","name":"Como saber se algu\u00e9m est\u00e1 com depress\u00e3o?","answerCount":1,"acceptedAnswer":{"@type":"Answer","text":"Uma pessoa com depress\u00e3o pode apresentar sinais como tristeza constante, falta de energia, altera\u00e7\u00f5es no sono e no apetite, al\u00e9m de perder o interesse em atividades que antes gostava.","inLanguage":"pt-BR"},"inLanguage":"pt-BR"},{"@type":"Question","@id":"https:\/\/ianima.com.br\/blog\/saude-mental\/como-se-comporta-uma-pessoa-com-depressao-sinais-e-impactos\/#faq-question-1747899427531","position":2,"url":"https:\/\/ianima.com.br\/blog\/saude-mental\/como-se-comporta-uma-pessoa-com-depressao-sinais-e-impactos\/#faq-question-1747899427531","name":"Quais s\u00e3o os comportamentos comuns de algu\u00e9m com depress\u00e3o?","answerCount":1,"acceptedAnswer":{"@type":"Answer","text":"Comportamentos comuns incluem isolamento social, dificuldade de concentra\u00e7\u00e3o, irritabilidade e, em alguns casos, at\u00e9 pensamentos negativos persistentes.","inLanguage":"pt-BR"},"inLanguage":"pt-BR"},{"@type":"Question","@id":"https:\/\/ianima.com.br\/blog\/saude-mental\/como-se-comporta-uma-pessoa-com-depressao-sinais-e-impactos\/#faq-question-1747899450450","position":3,"url":"https:\/\/ianima.com.br\/blog\/saude-mental\/como-se-comporta-uma-pessoa-com-depressao-sinais-e-impactos\/#faq-question-1747899450450","name":"Como ajudar algu\u00e9m que est\u00e1 com depress\u00e3o?","answerCount":1,"acceptedAnswer":{"@type":"Answer","text":"A melhor forma de ajudar \u00e9 ouvir sem julgar, oferecer apoio e encoraj\u00e1-la a procurar um profissional de sa\u00fade mental.","inLanguage":"pt-BR"},"inLanguage":"pt-BR"}]}},"_links":{"self":[{"href":"https:\/\/ianima.com.br\/blog\/wp-json\/wp\/v2\/posts\/4304","targetHints":{"allow":["GET"]}}],"collection":[{"href":"https:\/\/ianima.com.br\/blog\/wp-json\/wp\/v2\/posts"}],"about":[{"href":"https:\/\/ianima.com.br\/blog\/wp-json\/wp\/v2\/types\/post"}],"author":[{"embeddable":true,"href":"https:\/\/ianima.com.br\/blog\/wp-json\/wp\/v2\/users\/1"}],"replies":[{"embeddable":true,"href":"https:\/\/ianima.com.br\/blog\/wp-json\/wp\/v2\/comments?post=4304"}],"version-history":[{"count":1,"href":"https:\/\/ianima.com.br\/blog\/wp-json\/wp\/v2\/posts\/4304\/revisions"}],"predecessor-version":[{"id":4308,"href":"https:\/\/ianima.com.br\/blog\/wp-json\/wp\/v2\/posts\/4304\/revisions\/4308"}],"wp:featuredmedia":[{"embeddable":true,"href":"https:\/\/ianima.com.br\/blog\/wp-json\/wp\/v2\/media\/4306"}],"wp:attachment":[{"href":"https:\/\/ianima.com.br\/blog\/wp-json\/wp\/v2\/media?parent=4304"}],"wp:term":[{"taxonomy":"category","embeddable":true,"href":"https:\/\/ianima.com.br\/blog\/wp-json\/wp\/v2\/categories?post=4304"},{"taxonomy":"post_tag","embeddable":true,"href":"https:\/\/ianima.com.br\/blog\/wp-json\/wp\/v2\/tags?post=4304"}],"curies":[{"name":"wp","href":"https:\/\/api.w.org\/{rel}","templated":true}]}}