{"id":4829,"date":"2025-05-26T03:44:10","date_gmt":"2025-05-26T03:44:10","guid":{"rendered":"https:\/\/ianima.com.br\/blog\/?p=4829"},"modified":"2025-05-26T03:44:11","modified_gmt":"2025-05-26T03:44:11","slug":"diagnostico-burnout-sinais-causas-e-caminhos","status":"publish","type":"post","link":"https:\/\/ianima.com.br\/blog\/saude-mental\/diagnostico-burnout-sinais-causas-e-caminhos\/","title":{"rendered":"Diagn\u00f3stico Burnout: Sinais, Causas e Caminhos"},"content":{"rendered":"\n<h2 class=\"wp-block-heading\" id=\"h-os-sinais-e-sintomas-do-diagnostico-burnout\">Os Sinais e Sintomas do <strong>Diagn\u00f3stico Burnout<\/strong><\/h2>\n\n\n\n<p>Reconhecer os sinais do <strong>diagn\u00f3stico burnout<\/strong> \u00e9 fundamental para agir antes que o quadro se agrave. Entre os principais sintomas, est\u00e3o:<\/p>\n\n\n\n<ul class=\"wp-block-list\">\n<li>Cansa\u00e7o f\u00edsico e mental excessivo, mesmo ap\u00f3s descanso.<\/li>\n\n\n\n<li>Sensa\u00e7\u00e3o constante de esgotamento e falta de energia.<\/li>\n\n\n\n<li>Queda de desempenho no trabalho ou nos estudos.<\/li>\n\n\n\n<li>Desmotiva\u00e7\u00e3o, perda de interesse e sentido nas atividades.<\/li>\n\n\n\n<li>Irritabilidade, impaci\u00eancia e dificuldade em lidar com pequenas frustra\u00e7\u00f5es.<\/li>\n\n\n\n<li>Sensa\u00e7\u00e3o de incompet\u00eancia, fracasso ou inutilidade.<\/li>\n\n\n\n<li>Dores de cabe\u00e7a, dist\u00farbios gastrointestinais e tens\u00e3o muscular.<\/li>\n\n\n\n<li>Ins\u00f4nia, sono n\u00e3o reparador ou dificuldade para relaxar.<\/li>\n\n\n\n<li>Isolamento social e afastamento de atividades prazerosas.<\/li>\n\n\n\n<li>Altera\u00e7\u00f5es de humor, apatia e, em alguns casos, crises de ansiedade.<\/li>\n<\/ul>\n\n\n\n<p>Al\u00e9m disso, \u00e9 comum que esses sinais apare\u00e7am de forma progressiva, dificultando a percep\u00e7\u00e3o inicial.<\/p>\n\n\n\n<h2 class=\"wp-block-heading\" id=\"h-a-psicologia-por-tras-da-vida-real-o-diagnostico-burnout-no-dia-a-dia\">A Psicologia por Tr\u00e1s da Vida Real: O <strong>Diagn\u00f3stico Burnout<\/strong> no Dia a Dia *<\/h2>\n\n\n\n<p>Imagine uma pessoa que, dia ap\u00f3s dia, acumula tarefas, responsabilidades e press\u00f5es. Aos poucos, aquele entusiasmo inicial d\u00e1 lugar a um cansa\u00e7o que n\u00e3o passa. Levantar da cama se torna um desafio, as reuni\u00f5es parecem insuport\u00e1veis e at\u00e9 pequenos problemas geram um desgaste enorme.<\/p>\n\n\n\n<p>\u00c9 como tentar carregar uma mochila cada vez mais pesada, at\u00e9 o ponto em que ela simplesmente arrebenta. O <strong>diagn\u00f3stico burnout<\/strong> surge quando esse limite \u00e9 ultrapassado, afetando profundamente a forma como a pessoa se v\u00ea, se sente e interage com o mundo.<\/p>\n\n\n\n<p>No cotidiano, isso pode ser percebido em comportamentos como procrastina\u00e7\u00e3o, distanciamento emocional, queda na produtividade e at\u00e9 em rea\u00e7\u00f5es f\u00edsicas, como dores constantes ou falta de ar em situa\u00e7\u00f5es de estresse.<\/p>\n\n\n\n<h2 class=\"wp-block-heading\" id=\"h-compreendendo-os-momentos-criticos-do-diagnostico-burnout\">Compreendendo os Momentos Cr\u00edticos do <strong>Diagn\u00f3stico Burnout<\/strong><\/h2>\n\n\n\n<p>Os momentos cr\u00edticos do <strong>diagn\u00f3stico burnout<\/strong> geralmente surgem quando os sinais j\u00e1 se tornaram intensos e cont\u00ednuos. Entre eles, destacam-se:<\/p>\n\n\n\n<ul class=\"wp-block-list\">\n<li>Epis\u00f3dios de exaust\u00e3o extrema, onde qualquer tarefa parece imposs\u00edvel.<\/li>\n\n\n\n<li>Crises de choro sem motivo aparente.<\/li>\n\n\n\n<li>Sensa\u00e7\u00e3o de estar &#8220;no autom\u00e1tico&#8221;, sem conex\u00e3o com o que faz.<\/li>\n\n\n\n<li>Despersonaliza\u00e7\u00e3o: a pessoa se sente desligada de si mesma e dos outros.<\/li>\n\n\n\n<li>Perda total de prazer nas atividades, incluindo lazer e conv\u00edvio social.<\/li>\n\n\n\n<li>Colapsos f\u00edsicos, como desmaios, dores intensas ou emerg\u00eancias de sa\u00fade.<\/li>\n<\/ul>\n\n\n\n<p>Saber reconhecer esses momentos \u00e9 essencial para buscar ajuda e interromper o ciclo.<\/p>\n\n\n\n<h2 class=\"wp-block-heading\" id=\"h-o-que-desencadeia-o-diagnostico-burnout\">O Que Desencadeia o <strong>Diagn\u00f3stico Burnout<\/strong>?<\/h2>\n\n\n\n<p>Os gatilhos do <strong>diagn\u00f3stico burnout<\/strong> s\u00e3o diversos e, muitas vezes, acumulativos. Entre os mais comuns est\u00e3o:<\/p>\n\n\n\n<ul class=\"wp-block-list\">\n<li>Excesso de trabalho, prazos curtos e jornadas prolongadas.<\/li>\n\n\n\n<li>Ambientes t\u00f3xicos, com press\u00e3o constante e falta de reconhecimento.<\/li>\n\n\n\n<li>Dificuldade em impor limites, assumindo mais responsabilidades do que suporta.<\/li>\n\n\n\n<li>Perfeccionismo e autocr\u00edtica excessiva.<\/li>\n\n\n\n<li>Falta de equil\u00edbrio entre vida pessoal e profissional.<\/li>\n\n\n\n<li>Alta cobran\u00e7a social ou cultural por desempenho e produtividade.<\/li>\n\n\n\n<li>Falta de apoio, tanto no ambiente de trabalho quanto na vida pessoal.<\/li>\n<\/ul>\n\n\n\n<p>Al\u00e9m disso, fatores internos, como baixa autoestima, medo de fracassar ou dificuldade em dizer &#8220;n\u00e3o&#8221;, tamb\u00e9m favorecem o surgimento do quadro.<\/p>\n\n\n\n<h2 class=\"wp-block-heading\" id=\"h-mitos-e-verdades-sobre-solucoes-para-o-diagnostico-burnout\">Mitos e Verdades sobre Solu\u00e7\u00f5es para o <strong>Diagn\u00f3stico Burnout<\/strong><\/h2>\n\n\n\n<p>Existem muitas cren\u00e7as equivocadas sobre o <strong>diagn\u00f3stico burnout<\/strong>. Vamos esclarecer:<\/p>\n\n\n\n<ul class=\"wp-block-list\">\n<li><strong>&#8220;\u00c9 s\u00f3 cansa\u00e7o, passa com descanso.&#8221;<\/strong> \u2013 Mito. O burnout vai al\u00e9m do cansa\u00e7o comum e exige interven\u00e7\u00e3o adequada.<\/li>\n\n\n\n<li><strong>&#8220;S\u00f3 quem trabalha muito desenvolve burnout.&#8221;<\/strong> \u2013 Mito. Pessoas em diferentes contextos, como estudantes, cuidadores e at\u00e9 quem enfrenta press\u00f5es familiares, podem desenvolver o quadro.<\/li>\n\n\n\n<li><strong>&#8220;Basta mudar de emprego que tudo se resolve.&#8221;<\/strong> \u2013 Parcialmente verdade. A mudan\u00e7a pode ajudar, mas n\u00e3o resolve os padr\u00f5es internos que contribu\u00edram para o burnout.<\/li>\n\n\n\n<li><strong>&#8220;Buscar ajuda \u00e9 sinal de fraqueza.&#8221;<\/strong> \u2013 Mito absoluto. Pelo contr\u00e1rio, reconhecer os pr\u00f3prios limites \u00e9 um ato de coragem e autocuidado.<\/li>\n<\/ul>\n\n\n\n<p>O caminho para a recupera\u00e7\u00e3o inclui informa\u00e7\u00e3o, autoconsci\u00eancia, estrat\u00e9gias pr\u00e1ticas e, quando necess\u00e1rio, suporte profissional.<\/p>\n\n\n\n<h2 class=\"wp-block-heading\" id=\"h-como-lidar-com-o-diagnostico-burnout-no-dia-a-dia\">Como Lidar com o <strong>Diagn\u00f3stico Burnout<\/strong> no Dia a Dia<\/h2>\n\n\n\n<p>Superar o <strong>diagn\u00f3stico burnout<\/strong> exige a\u00e7\u00f5es consistentes, como:<\/p>\n\n\n\n<ul class=\"wp-block-list\">\n<li>Estabelecer limites claros entre trabalho e vida pessoal.<\/li>\n\n\n\n<li>Praticar atividades que proporcionem relaxamento e bem-estar, como medita\u00e7\u00e3o, hobbies e exerc\u00edcios f\u00edsicos.<\/li>\n\n\n\n<li>Aprender a dizer &#8220;n\u00e3o&#8221; sem culpa.<\/li>\n\n\n\n<li>Revisar prioridades e reduzir a autocr\u00edtica.<\/li>\n\n\n\n<li>Buscar apoio social, conversar com amigos ou familiares de confian\u00e7a.<\/li>\n\n\n\n<li>Desconectar-se de ambientes e situa\u00e7\u00f5es que sobrecarregam.<\/li>\n\n\n\n<li>Incorporar pausas e momentos de descanso na rotina.<\/li>\n<\/ul>\n\n\n\n<p>S\u00e3o pequenas mudan\u00e7as di\u00e1rias que, somadas, fazem uma grande diferen\u00e7a.<\/p>\n\n\n\n<h2 class=\"wp-block-heading\" id=\"h-o-diagnostico-burnout-no-corpo-e-na-mente-manifestacoes\">O <strong>Diagn\u00f3stico Burnout<\/strong> no Corpo e na Mente: Manifesta\u00e7\u00f5es<\/h2>\n\n\n\n<p>O <strong>diagn\u00f3stico burnout<\/strong> n\u00e3o afeta apenas o psicol\u00f3gico. As manifesta\u00e7\u00f5es f\u00edsicas s\u00e3o t\u00e3o expressivas quanto as emocionais:<\/p>\n\n\n\n<ul class=\"wp-block-list\">\n<li><strong>No corpo:<\/strong> dores musculares, fadiga constante, ins\u00f4nia, taquicardia, problemas digestivos, press\u00e3o alta.<\/li>\n\n\n\n<li><strong>Na mente:<\/strong> dificuldade de concentra\u00e7\u00e3o, lapsos de mem\u00f3ria, pensamentos negativos recorrentes, sensa\u00e7\u00e3o de vazio, apatia.<\/li>\n<\/ul>\n\n\n\n<p>A conex\u00e3o entre corpo e mente \u00e9 evidente, e ignorar os sinais f\u00edsicos s\u00f3 agrava o quadro emocional.<\/p>\n\n\n\n<h2 class=\"wp-block-heading\" id=\"h-burnout-profissional-uma-perspectiva-ampliada\">Burnout Profissional: Uma Perspectiva Ampliada<\/h2>\n\n\n\n<p>O <strong>burnout profissional<\/strong> \u00e9 a forma mais conhecida, especialmente em ambientes corporativos, educacionais e de sa\u00fade. Ele surge quando a press\u00e3o por resultados, a sobrecarga de tarefas e a falta de reconhecimento tornam-se insustent\u00e1veis.<\/p>\n\n\n\n<p>Contudo, tamb\u00e9m existe o burnout parental, acad\u00eamico e at\u00e9 o burnout do cuidador \u2014 todos com impactos significativos na qualidade de vida.<\/p>\n\n\n\n<h2 class=\"wp-block-heading\" id=\"h-quem-busca-alivio-para-o-diagnostico-burnout\">Quem Busca Al\u00edvio para o <strong>Diagn\u00f3stico Burnout<\/strong>?<\/h2>\n\n\n\n<p>Pessoas que geralmente buscam informa\u00e7\u00f5es e al\u00edvio para o <strong>diagn\u00f3stico burnout<\/strong> s\u00e3o:<\/p>\n\n\n\n<ul class=\"wp-block-list\">\n<li>Profissionais de \u00e1reas de alta press\u00e3o (sa\u00fade, educa\u00e7\u00e3o, tecnologia, finan\u00e7as).<\/li>\n\n\n\n<li>Estudantes em per\u00edodos de intensa cobran\u00e7a.<\/li>\n\n\n\n<li>Cuidadores, sejam familiares ou profissionais.<\/li>\n\n\n\n<li>Empreendedores e aut\u00f4nomos que acumulam m\u00faltiplas fun\u00e7\u00f5es.<\/li>\n\n\n\n<li>Indiv\u00edduos que vivem sob press\u00e3o constante, seja no trabalho, nos estudos ou na vida pessoal.<\/li>\n<\/ul>\n\n\n\n<p>Muitos chegam a esse ponto sem perceber, simplesmente por estarem habituados a ignorar os pr\u00f3prios limites.<\/p>\n\n\n\n<h3 class=\"wp-block-heading\" id=\"h-diferentes-abordagens-para-lidar-com-o-diagnostico-burnout\">Diferentes Abordagens para Lidar com o <strong>Diagn\u00f3stico Burnout<\/strong><\/h3>\n\n\n\n<p>As abordagens mais comuns incluem:<\/p>\n\n\n\n<ul class=\"wp-block-list\">\n<li>Psicoterapia, que oferece suporte para ressignificar cren\u00e7as e padr\u00f5es.<\/li>\n\n\n\n<li>Atividades f\u00edsicas regulares, que ajudam na regula\u00e7\u00e3o do estresse.<\/li>\n\n\n\n<li>Pr\u00e1ticas de autocuidado e mindfulness.<\/li>\n\n\n\n<li>Mudan\u00e7as no ambiente de trabalho ou na rotina.<\/li>\n\n\n\n<li>Desenvolvimento de habilidades socioemocionais, como assertividade e gest\u00e3o do tempo.<\/li>\n<\/ul>\n\n\n\n<h3 class=\"wp-block-heading\" id=\"h-sinais-de-alerta-quando-buscar-ajuda-profissional\">Sinais de Alerta: Quando Buscar Ajuda Profissional<\/h3>\n\n\n\n<p>\u00c9 essencial buscar apoio profissional quando:<\/p>\n\n\n\n<ul class=\"wp-block-list\">\n<li>O cansa\u00e7o se torna incapacitante.<\/li>\n\n\n\n<li>H\u00e1 sinais de depress\u00e3o, ansiedade ou crises emocionais.<\/li>\n\n\n\n<li>As rela\u00e7\u00f5es pessoais e profissionais est\u00e3o sendo impactadas.<\/li>\n\n\n\n<li>Surgem sintomas f\u00edsicos recorrentes e sem explica\u00e7\u00e3o m\u00e9dica.<\/li>\n\n\n\n<li>A sensa\u00e7\u00e3o de desesperan\u00e7a ou de esgotamento se mant\u00e9m constante.<\/li>\n<\/ul>\n\n\n\n<h3 class=\"wp-block-heading\" id=\"h-recursos-e-informacoes-confiaveis-sobre-o-diagnostico-burnout\">Recursos e Informa\u00e7\u00f5es Confi\u00e1veis sobre o <strong>Diagn\u00f3stico Burnout<\/strong><\/h3>\n\n\n\n<p>Busque informa\u00e7\u00f5es em:<\/p>\n\n\n\n<ul class=\"wp-block-list\">\n<li>Sites oficiais de conselhos de psicologia.<\/li>\n\n\n\n<li>Organiza\u00e7\u00f5es de sa\u00fade mental, como OMS e institui\u00e7\u00f5es nacionais.<\/li>\n\n\n\n<li>Livros, podcasts e materiais educativos produzidos por profissionais da \u00e1rea.<\/li>\n\n\n\n<li>Grupos de apoio e redes de acolhimento.<\/li>\n<\/ul>\n\n\n\n<h3 class=\"wp-block-heading\" id=\"h-dicas-para-acao-imediata-em-momentos-de-diagnostico-burnout\">Dicas para A\u00e7\u00e3o Imediata em Momentos de <strong>Diagn\u00f3stico Burnout<\/strong><\/h3>\n\n\n\n<ul class=\"wp-block-list\">\n<li>Pratique respira\u00e7\u00e3o profunda por 5 minutos.<\/li>\n\n\n\n<li>Fa\u00e7a uma caminhada curta ao ar livre, se poss\u00edvel.<\/li>\n\n\n\n<li>Desconecte-se de telas por alguns minutos.<\/li>\n\n\n\n<li>Hidrate-se e alimente-se com aten\u00e7\u00e3o plena.<\/li>\n\n\n\n<li>Escreva o que est\u00e1 sentindo \u2014 colocar no papel ajuda a organizar os pensamentos.<\/li>\n<\/ul>\n\n\n\n<h2 class=\"wp-block-heading\" id=\"h-conclusao\">Conclus\u00e3o<\/h2>\n\n\n\n<p>Em suma, entender os sinais, as causas e os caminhos para lidar com o <strong>diagn\u00f3stico burnout<\/strong> \u00e9 essencial para quem vive essa realidade. Reconhecer que n\u00e3o \u00e9 fraqueza, mas sim um sinal de que os limites foram ultrapassados, pode ser o primeiro passo para a mudan\u00e7a. Se voc\u00ea se identifica com esses sinais, buscar informa\u00e7\u00e3o e apoio pode ser o come\u00e7o de uma jornada rumo a uma vida mais leve, equilibrada e saud\u00e1vel.<\/p>\n\n\n\n<p>* Essas narrativas s\u00e3o fict\u00edcias mas inspiradas em situa\u00e7\u00f5es comumente vivenciadas nos estudos e na cl\u00ednica psicol\u00f3gica.<\/p>\n\n\n\n<figure class=\"wp-block-image aligncenter size-large is-resized\"><img fetchpriority=\"high\" decoding=\"async\" width=\"1024\" height=\"683\" src=\"https:\/\/ianima.com.br\/blog\/wp-content\/uploads\/2025\/05\/2MM-535-1024x683.webp\" alt=\"Diagn\u00f3stico Burnout: Sinais, Causas e Caminhos\" class=\"wp-image-4832\" style=\"width:500px\" srcset=\"https:\/\/ianima.com.br\/blog\/wp-content\/uploads\/2025\/05\/2MM-535-1024x683.webp 1024w, https:\/\/ianima.com.br\/blog\/wp-content\/uploads\/2025\/05\/2MM-535-300x200.webp 300w, https:\/\/ianima.com.br\/blog\/wp-content\/uploads\/2025\/05\/2MM-535-768x512.webp 768w, https:\/\/ianima.com.br\/blog\/wp-content\/uploads\/2025\/05\/2MM-535.webp 1536w\" sizes=\"(max-width: 1024px) 100vw, 1024px\" \/><\/figure>\n\n\n\n<h2 class=\"wp-block-heading\" id=\"h-perguntas-frequentes-faq\">Perguntas Frequentes (FAQ)<\/h2>\n\n\n\n<div class=\"schema-faq wp-block-yoast-faq-block\"><div class=\"schema-faq-section\" id=\"faq-question-1748230896960\"><strong class=\"schema-faq-question\">O que \u00e9 o diagn\u00f3stico de burnout?<\/strong> <p class=\"schema-faq-answer\">O diagn\u00f3stico de burnout \u00e9 uma avalia\u00e7\u00e3o que identifica o esgotamento emocional e f\u00edsico causado por estresse cr\u00f4nico no trabalho.<\/p> <\/div> <div class=\"schema-faq-section\" id=\"faq-question-1748230917076\"><strong class=\"schema-faq-question\">Quais s\u00e3o os principais sintomas do burnout?<\/strong> <p class=\"schema-faq-answer\">Os principais sintomas incluem fadiga extrema, falta de motiva\u00e7\u00e3o, irritabilidade e dificuldade de concentra\u00e7\u00e3o.<\/p> <\/div> <div class=\"schema-faq-section\" id=\"faq-question-1748230937353\"><strong class=\"schema-faq-question\">Como \u00e9 feito o diagn\u00f3stico de burnout?<\/strong> <p class=\"schema-faq-answer\">O diagn\u00f3stico geralmente \u00e9 feito por um profissional de sa\u00fade mental, que utiliza entrevistas e question\u00e1rios para avaliar os sintomas e a situa\u00e7\u00e3o do paciente.<\/p> <\/div> <\/div>\n\n\n\n<ul class=\"wp-block-yoast-seo-related-links\"><li><a href=\"https:\/\/ianima.com.br\/blog\/saude-mental\/burnout-diagnostico-tudo-que-voce-precisa-saber\/\">Burnout Diagn\u00f3stico: Tudo Que Voc\u00ea Precisa Saber<\/a><\/li><li><a href=\"https:\/\/ianima.com.br\/blog\/saude-mental\/diagnostico-depressao-sinais-causas-e-o-que-fazer\/\">Diagn\u00f3stico depress\u00e3o: sinais, causas e o que fazer<\/a><\/li><li><a href=\"https:\/\/ianima.com.br\/blog\/saude-mental\/diagnostico-para-depressao-sinais-fatores-e-caminhos\/\">Diagn\u00f3stico para Depress\u00e3o: Sinais, Fatores e Caminhos<\/a><\/li><li><a href=\"https:\/\/ianima.com.br\/blog\/saude-mental\/como-e-feito-o-diagnostico-de-depressao-um-guia-completo\/\">Como \u00e9 Feito o Diagn\u00f3stico de Depress\u00e3o: Um Guia Completo<\/a><\/li><li><a href=\"https:\/\/ianima.com.br\/blog\/saude-mental\/burnout-o-que-e-e-como-reconhecer-os-sinais\/\">Burnout: O Que \u00c9 e Como Reconhecer os Sinais<\/a><\/li><\/ul>\n","protected":false},"excerpt":{"rendered":"<p>Os Sinais e Sintomas do Diagn\u00f3stico Burnout Reconhecer os sinais do diagn\u00f3stico burnout \u00e9 fundamental para agir antes que o quadro se agrave. Entre os principais sintomas, est\u00e3o: Al\u00e9m disso, \u00e9 comum que esses sinais apare\u00e7am de forma progressiva, dificultando a percep\u00e7\u00e3o inicial. A Psicologia por Tr\u00e1s da Vida Real: O Diagn\u00f3stico Burnout no Dia [&hellip;]<\/p>\n","protected":false},"author":1,"featured_media":4831,"comment_status":"closed","ping_status":"closed","sticky":false,"template":"","format":"standard","meta":{"site-sidebar-layout":"default","site-content-layout":"","ast-site-content-layout":"default","site-content-style":"default","site-sidebar-style":"default","ast-global-header-display":"","ast-banner-title-visibility":"","ast-main-header-display":"","ast-hfb-above-header-display":"","ast-hfb-below-header-display":"","ast-hfb-mobile-header-display":"","site-post-title":"","ast-breadcrumbs-content":"","ast-featured-img":"","footer-sml-layout":"","theme-transparent-header-meta":"","adv-header-id-meta":"","stick-header-meta":"","header-above-stick-meta":"","header-main-stick-meta":"","header-below-stick-meta":"","astra-migrate-meta-layouts":"set","ast-page-background-enabled":"default","ast-page-background-meta":{"desktop":{"background-color":"","background-image":"","background-repeat":"repeat","background-position":"center center","background-size":"auto","background-attachment":"scroll","background-type":"","background-media":"","overlay-type":"","overlay-color":"","overlay-opacity":"","overlay-gradient":""},"tablet":{"background-color":"","background-image":"","background-repeat":"repeat","background-position":"center center","background-size":"auto","background-attachment":"scroll","background-type":"","background-media":"","overlay-type":"","overlay-color":"","overlay-opacity":"","overlay-gradient":""},"mobile":{"background-color":"","background-image":"","background-repeat":"repeat","background-position":"center center","background-size":"auto","background-attachment":"scroll","background-type":"","background-media":"","overlay-type":"","overlay-color":"","overlay-opacity":"","overlay-gradient":""}},"ast-content-background-meta":{"desktop":{"background-color":"var(--ast-global-color-5)","background-image":"","background-repeat":"repeat","background-position":"center center","background-size":"auto","background-attachment":"scroll","background-type":"","background-media":"","overlay-type":"","overlay-color":"","overlay-opacity":"","overlay-gradient":""},"tablet":{"background-color":"var(--ast-global-color-5)","background-image":"","background-repeat":"repeat","background-position":"center center","background-size":"auto","background-attachment":"scroll","background-type":"","background-media":"","overlay-type":"","overlay-color":"","overlay-opacity":"","overlay-gradient":""},"mobile":{"background-color":"var(--ast-global-color-5)","background-image":"","background-repeat":"repeat","background-position":"center center","background-size":"auto","background-attachment":"scroll","background-type":"","background-media":"","overlay-type":"","overlay-color":"","overlay-opacity":"","overlay-gradient":""}},"footnotes":""},"categories":[24],"tags":[],"class_list":["post-4829","post","type-post","status-publish","format-standard","has-post-thumbnail","hentry","category-saude-mental"],"yoast_head":"<!-- This site is optimized with the Yoast SEO Premium plugin v20.8 (Yoast SEO v20.8) - https:\/\/yoast.com\/wordpress\/plugins\/seo\/ -->\n<title>Diagn\u00f3stico Burnout: Sinais, Causas e Caminhos<\/title>\n<meta name=\"description\" content=\"Descubra os sinais ocultos do Burnout que podem estar afetando sua vida! Conhe\u00e7a as causas e os caminhos para a recupera\u00e7\u00e3o. N\u00e3o perca!\" \/>\n<meta name=\"robots\" content=\"index, follow, max-snippet:-1, max-image-preview:large, max-video-preview:-1\" \/>\n<link rel=\"canonical\" href=\"https:\/\/ianima.com.br\/blog\/saude-mental\/diagnostico-burnout-sinais-causas-e-caminhos\/\" \/>\n<meta property=\"og:locale\" content=\"pt_BR\" \/>\n<meta property=\"og:type\" content=\"article\" \/>\n<meta property=\"og:title\" content=\"Diagn\u00f3stico Burnout: Sinais, Causas e Caminhos\" \/>\n<meta property=\"og:description\" content=\"Descubra os sinais ocultos do Burnout que podem estar afetando sua vida! Conhe\u00e7a as causas e os caminhos para a recupera\u00e7\u00e3o. N\u00e3o perca!\" \/>\n<meta property=\"og:url\" content=\"https:\/\/ianima.com.br\/blog\/saude-mental\/diagnostico-burnout-sinais-causas-e-caminhos\/\" \/>\n<meta property=\"og:site_name\" content=\"Terapia Online com IANIMA: Inova\u00e7\u00e3o e Aconselhamento. O terapeuta online ao seu alcance.\" \/>\n<meta property=\"article:published_time\" content=\"2025-05-26T03:44:10+00:00\" \/>\n<meta property=\"article:modified_time\" content=\"2025-05-26T03:44:11+00:00\" \/>\n<meta property=\"og:image\" content=\"https:\/\/ianima.com.br\/blog\/wp-content\/uploads\/2025\/05\/1MM-535.webp\" \/>\n\t<meta property=\"og:image:width\" content=\"1536\" \/>\n\t<meta property=\"og:image:height\" content=\"1024\" \/>\n\t<meta property=\"og:image:type\" content=\"image\/webp\" \/>\n<meta name=\"author\" content=\"Wanderlei Talib\" \/>\n<meta name=\"twitter:card\" content=\"summary_large_image\" \/>\n<meta name=\"twitter:label1\" content=\"Escrito por\" \/>\n\t<meta name=\"twitter:data1\" content=\"Wanderlei Talib\" \/>\n\t<meta name=\"twitter:label2\" content=\"Est. tempo de leitura\" \/>\n\t<meta name=\"twitter:data2\" content=\"8 minutos\" \/>\n<script type=\"application\/ld+json\" class=\"yoast-schema-graph\">{\"@context\":\"https:\/\/schema.org\",\"@graph\":[{\"@type\":\"Article\",\"@id\":\"https:\/\/ianima.com.br\/blog\/saude-mental\/diagnostico-burnout-sinais-causas-e-caminhos\/#article\",\"isPartOf\":{\"@id\":\"https:\/\/ianima.com.br\/blog\/saude-mental\/diagnostico-burnout-sinais-causas-e-caminhos\/\"},\"author\":{\"name\":\"Wanderlei Talib\",\"@id\":\"https:\/\/ianima.com.br\/blog\/#\/schema\/person\/85378d6a819826ce615ae2a7a04f68d8\"},\"headline\":\"Diagn\u00f3stico Burnout: Sinais, Causas e Caminhos\",\"datePublished\":\"2025-05-26T03:44:10+00:00\",\"dateModified\":\"2025-05-26T03:44:11+00:00\",\"mainEntityOfPage\":{\"@id\":\"https:\/\/ianima.com.br\/blog\/saude-mental\/diagnostico-burnout-sinais-causas-e-caminhos\/\"},\"wordCount\":1473,\"publisher\":{\"@id\":\"https:\/\/ianima.com.br\/blog\/#organization\"},\"articleSection\":[\"Sa\u00fade Mental\"],\"inLanguage\":\"pt-BR\"},{\"@type\":[\"WebPage\",\"FAQPage\"],\"@id\":\"https:\/\/ianima.com.br\/blog\/saude-mental\/diagnostico-burnout-sinais-causas-e-caminhos\/\",\"url\":\"https:\/\/ianima.com.br\/blog\/saude-mental\/diagnostico-burnout-sinais-causas-e-caminhos\/\",\"name\":\"Diagn\u00f3stico Burnout: Sinais, Causas e Caminhos\",\"isPartOf\":{\"@id\":\"https:\/\/ianima.com.br\/blog\/#website\"},\"datePublished\":\"2025-05-26T03:44:10+00:00\",\"dateModified\":\"2025-05-26T03:44:11+00:00\",\"description\":\"Descubra os sinais ocultos do Burnout que podem estar afetando sua vida! Conhe\u00e7a as causas e os caminhos para a recupera\u00e7\u00e3o. N\u00e3o perca!\",\"breadcrumb\":{\"@id\":\"https:\/\/ianima.com.br\/blog\/saude-mental\/diagnostico-burnout-sinais-causas-e-caminhos\/#breadcrumb\"},\"mainEntity\":[{\"@id\":\"https:\/\/ianima.com.br\/blog\/saude-mental\/diagnostico-burnout-sinais-causas-e-caminhos\/#faq-question-1748230896960\"},{\"@id\":\"https:\/\/ianima.com.br\/blog\/saude-mental\/diagnostico-burnout-sinais-causas-e-caminhos\/#faq-question-1748230917076\"},{\"@id\":\"https:\/\/ianima.com.br\/blog\/saude-mental\/diagnostico-burnout-sinais-causas-e-caminhos\/#faq-question-1748230937353\"}],\"inLanguage\":\"pt-BR\",\"potentialAction\":[{\"@type\":\"ReadAction\",\"target\":[\"https:\/\/ianima.com.br\/blog\/saude-mental\/diagnostico-burnout-sinais-causas-e-caminhos\/\"]}]},{\"@type\":\"BreadcrumbList\",\"@id\":\"https:\/\/ianima.com.br\/blog\/saude-mental\/diagnostico-burnout-sinais-causas-e-caminhos\/#breadcrumb\",\"itemListElement\":[{\"@type\":\"ListItem\",\"position\":1,\"name\":\"In\u00edcio\",\"item\":\"https:\/\/ianima.com.br\/blog\/\"},{\"@type\":\"ListItem\",\"position\":2,\"name\":\"Diagn\u00f3stico Burnout: Sinais, Causas e Caminhos\"}]},{\"@type\":\"WebSite\",\"@id\":\"https:\/\/ianima.com.br\/blog\/#website\",\"url\":\"https:\/\/ianima.com.br\/blog\/\",\"name\":\"Terapia Online com IANIMA: Inova\u00e7\u00e3o e Aconselhamento. O terapeuta online ao seu alcance.\",\"description\":\"Terapia gratuita online com a IAnima, sua terapeuta online. Artigos sobre terapias online, sa\u00fade mental e bem-estar.\",\"publisher\":{\"@id\":\"https:\/\/ianima.com.br\/blog\/#organization\"},\"potentialAction\":[{\"@type\":\"SearchAction\",\"target\":{\"@type\":\"EntryPoint\",\"urlTemplate\":\"https:\/\/ianima.com.br\/blog\/?s={search_term_string}\"},\"query-input\":\"required name=search_term_string\"}],\"inLanguage\":\"pt-BR\"},{\"@type\":\"Organization\",\"@id\":\"https:\/\/ianima.com.br\/blog\/#organization\",\"name\":\"Terapia Online com IANIMA: Inova\u00e7\u00e3o e Aconselhamento. O terapeuta online ao seu alcance.\",\"url\":\"https:\/\/ianima.com.br\/blog\/\",\"logo\":{\"@type\":\"ImageObject\",\"inLanguage\":\"pt-BR\",\"@id\":\"https:\/\/ianima.com.br\/blog\/#\/schema\/logo\/image\/\",\"url\":\"https:\/\/ianima.com.br\/blog\/wp-content\/uploads\/2025\/04\/cropped-IAnima-terapia-online.webp\",\"contentUrl\":\"https:\/\/ianima.com.br\/blog\/wp-content\/uploads\/2025\/04\/cropped-IAnima-terapia-online.webp\",\"width\":819,\"height\":222,\"caption\":\"Terapia Online com IANIMA: Inova\u00e7\u00e3o e Aconselhamento. O terapeuta online ao seu alcance.\"},\"image\":{\"@id\":\"https:\/\/ianima.com.br\/blog\/#\/schema\/logo\/image\/\"}},{\"@type\":\"Person\",\"@id\":\"https:\/\/ianima.com.br\/blog\/#\/schema\/person\/85378d6a819826ce615ae2a7a04f68d8\",\"name\":\"Wanderlei Talib\",\"image\":{\"@type\":\"ImageObject\",\"inLanguage\":\"pt-BR\",\"@id\":\"https:\/\/ianima.com.br\/blog\/#\/schema\/person\/image\/\",\"url\":\"https:\/\/ianima.com.br\/blog\/wp-content\/litespeed\/avatar\/a0461c2b338365ab5dd45a3e926e23c7.jpg?ver=1777055969\",\"contentUrl\":\"https:\/\/ianima.com.br\/blog\/wp-content\/litespeed\/avatar\/a0461c2b338365ab5dd45a3e926e23c7.jpg?ver=1777055969\",\"caption\":\"Wanderlei Talib\"},\"sameAs\":[\"https:\/\/ianima.com.br\/blog\"],\"url\":\"https:\/\/ianima.com.br\/blog\/author\/adminedu\/\"},{\"@type\":\"Question\",\"@id\":\"https:\/\/ianima.com.br\/blog\/saude-mental\/diagnostico-burnout-sinais-causas-e-caminhos\/#faq-question-1748230896960\",\"position\":1,\"url\":\"https:\/\/ianima.com.br\/blog\/saude-mental\/diagnostico-burnout-sinais-causas-e-caminhos\/#faq-question-1748230896960\",\"name\":\"O que \u00e9 o diagn\u00f3stico de burnout?\",\"answerCount\":1,\"acceptedAnswer\":{\"@type\":\"Answer\",\"text\":\"O diagn\u00f3stico de burnout \u00e9 uma avalia\u00e7\u00e3o que identifica o esgotamento emocional e f\u00edsico causado por estresse cr\u00f4nico no trabalho.\",\"inLanguage\":\"pt-BR\"},\"inLanguage\":\"pt-BR\"},{\"@type\":\"Question\",\"@id\":\"https:\/\/ianima.com.br\/blog\/saude-mental\/diagnostico-burnout-sinais-causas-e-caminhos\/#faq-question-1748230917076\",\"position\":2,\"url\":\"https:\/\/ianima.com.br\/blog\/saude-mental\/diagnostico-burnout-sinais-causas-e-caminhos\/#faq-question-1748230917076\",\"name\":\"Quais s\u00e3o os principais sintomas do burnout?\",\"answerCount\":1,\"acceptedAnswer\":{\"@type\":\"Answer\",\"text\":\"Os principais sintomas incluem fadiga extrema, falta de motiva\u00e7\u00e3o, irritabilidade e dificuldade de concentra\u00e7\u00e3o.\",\"inLanguage\":\"pt-BR\"},\"inLanguage\":\"pt-BR\"},{\"@type\":\"Question\",\"@id\":\"https:\/\/ianima.com.br\/blog\/saude-mental\/diagnostico-burnout-sinais-causas-e-caminhos\/#faq-question-1748230937353\",\"position\":3,\"url\":\"https:\/\/ianima.com.br\/blog\/saude-mental\/diagnostico-burnout-sinais-causas-e-caminhos\/#faq-question-1748230937353\",\"name\":\"Como \u00e9 feito o diagn\u00f3stico de burnout?\",\"answerCount\":1,\"acceptedAnswer\":{\"@type\":\"Answer\",\"text\":\"O diagn\u00f3stico geralmente \u00e9 feito por um profissional de sa\u00fade mental, que utiliza entrevistas e question\u00e1rios para avaliar os sintomas e a situa\u00e7\u00e3o do paciente.\",\"inLanguage\":\"pt-BR\"},\"inLanguage\":\"pt-BR\"}]}<\/script>\n<!-- \/ Yoast SEO Premium plugin. -->","yoast_head_json":{"title":"Diagn\u00f3stico Burnout: Sinais, Causas e Caminhos","description":"Descubra os sinais ocultos do Burnout que podem estar afetando sua vida! Conhe\u00e7a as causas e os caminhos para a recupera\u00e7\u00e3o. N\u00e3o perca!","robots":{"index":"index","follow":"follow","max-snippet":"max-snippet:-1","max-image-preview":"max-image-preview:large","max-video-preview":"max-video-preview:-1"},"canonical":"https:\/\/ianima.com.br\/blog\/saude-mental\/diagnostico-burnout-sinais-causas-e-caminhos\/","og_locale":"pt_BR","og_type":"article","og_title":"Diagn\u00f3stico Burnout: Sinais, Causas e Caminhos","og_description":"Descubra os sinais ocultos do Burnout que podem estar afetando sua vida! Conhe\u00e7a as causas e os caminhos para a recupera\u00e7\u00e3o. N\u00e3o perca!","og_url":"https:\/\/ianima.com.br\/blog\/saude-mental\/diagnostico-burnout-sinais-causas-e-caminhos\/","og_site_name":"Terapia Online com IANIMA: Inova\u00e7\u00e3o e Aconselhamento. O terapeuta online ao seu alcance.","article_published_time":"2025-05-26T03:44:10+00:00","article_modified_time":"2025-05-26T03:44:11+00:00","og_image":[{"width":1536,"height":1024,"url":"https:\/\/ianima.com.br\/blog\/wp-content\/uploads\/2025\/05\/1MM-535.webp","type":"image\/webp"}],"author":"Wanderlei Talib","twitter_card":"summary_large_image","twitter_misc":{"Escrito por":"Wanderlei Talib","Est. tempo de leitura":"8 minutos"},"schema":{"@context":"https:\/\/schema.org","@graph":[{"@type":"Article","@id":"https:\/\/ianima.com.br\/blog\/saude-mental\/diagnostico-burnout-sinais-causas-e-caminhos\/#article","isPartOf":{"@id":"https:\/\/ianima.com.br\/blog\/saude-mental\/diagnostico-burnout-sinais-causas-e-caminhos\/"},"author":{"name":"Wanderlei Talib","@id":"https:\/\/ianima.com.br\/blog\/#\/schema\/person\/85378d6a819826ce615ae2a7a04f68d8"},"headline":"Diagn\u00f3stico Burnout: Sinais, Causas e Caminhos","datePublished":"2025-05-26T03:44:10+00:00","dateModified":"2025-05-26T03:44:11+00:00","mainEntityOfPage":{"@id":"https:\/\/ianima.com.br\/blog\/saude-mental\/diagnostico-burnout-sinais-causas-e-caminhos\/"},"wordCount":1473,"publisher":{"@id":"https:\/\/ianima.com.br\/blog\/#organization"},"articleSection":["Sa\u00fade Mental"],"inLanguage":"pt-BR"},{"@type":["WebPage","FAQPage"],"@id":"https:\/\/ianima.com.br\/blog\/saude-mental\/diagnostico-burnout-sinais-causas-e-caminhos\/","url":"https:\/\/ianima.com.br\/blog\/saude-mental\/diagnostico-burnout-sinais-causas-e-caminhos\/","name":"Diagn\u00f3stico Burnout: Sinais, Causas e Caminhos","isPartOf":{"@id":"https:\/\/ianima.com.br\/blog\/#website"},"datePublished":"2025-05-26T03:44:10+00:00","dateModified":"2025-05-26T03:44:11+00:00","description":"Descubra os sinais ocultos do Burnout que podem estar afetando sua vida! Conhe\u00e7a as causas e os caminhos para a recupera\u00e7\u00e3o. N\u00e3o perca!","breadcrumb":{"@id":"https:\/\/ianima.com.br\/blog\/saude-mental\/diagnostico-burnout-sinais-causas-e-caminhos\/#breadcrumb"},"mainEntity":[{"@id":"https:\/\/ianima.com.br\/blog\/saude-mental\/diagnostico-burnout-sinais-causas-e-caminhos\/#faq-question-1748230896960"},{"@id":"https:\/\/ianima.com.br\/blog\/saude-mental\/diagnostico-burnout-sinais-causas-e-caminhos\/#faq-question-1748230917076"},{"@id":"https:\/\/ianima.com.br\/blog\/saude-mental\/diagnostico-burnout-sinais-causas-e-caminhos\/#faq-question-1748230937353"}],"inLanguage":"pt-BR","potentialAction":[{"@type":"ReadAction","target":["https:\/\/ianima.com.br\/blog\/saude-mental\/diagnostico-burnout-sinais-causas-e-caminhos\/"]}]},{"@type":"BreadcrumbList","@id":"https:\/\/ianima.com.br\/blog\/saude-mental\/diagnostico-burnout-sinais-causas-e-caminhos\/#breadcrumb","itemListElement":[{"@type":"ListItem","position":1,"name":"In\u00edcio","item":"https:\/\/ianima.com.br\/blog\/"},{"@type":"ListItem","position":2,"name":"Diagn\u00f3stico Burnout: Sinais, Causas e Caminhos"}]},{"@type":"WebSite","@id":"https:\/\/ianima.com.br\/blog\/#website","url":"https:\/\/ianima.com.br\/blog\/","name":"Terapia Online com IANIMA: Inova\u00e7\u00e3o e Aconselhamento. O terapeuta online ao seu alcance.","description":"Terapia gratuita online com a IAnima, sua terapeuta online. Artigos sobre terapias online, sa\u00fade mental e bem-estar.","publisher":{"@id":"https:\/\/ianima.com.br\/blog\/#organization"},"potentialAction":[{"@type":"SearchAction","target":{"@type":"EntryPoint","urlTemplate":"https:\/\/ianima.com.br\/blog\/?s={search_term_string}"},"query-input":"required name=search_term_string"}],"inLanguage":"pt-BR"},{"@type":"Organization","@id":"https:\/\/ianima.com.br\/blog\/#organization","name":"Terapia Online com IANIMA: Inova\u00e7\u00e3o e Aconselhamento. O terapeuta online ao seu alcance.","url":"https:\/\/ianima.com.br\/blog\/","logo":{"@type":"ImageObject","inLanguage":"pt-BR","@id":"https:\/\/ianima.com.br\/blog\/#\/schema\/logo\/image\/","url":"https:\/\/ianima.com.br\/blog\/wp-content\/uploads\/2025\/04\/cropped-IAnima-terapia-online.webp","contentUrl":"https:\/\/ianima.com.br\/blog\/wp-content\/uploads\/2025\/04\/cropped-IAnima-terapia-online.webp","width":819,"height":222,"caption":"Terapia Online com IANIMA: Inova\u00e7\u00e3o e Aconselhamento. O terapeuta online ao seu alcance."},"image":{"@id":"https:\/\/ianima.com.br\/blog\/#\/schema\/logo\/image\/"}},{"@type":"Person","@id":"https:\/\/ianima.com.br\/blog\/#\/schema\/person\/85378d6a819826ce615ae2a7a04f68d8","name":"Wanderlei Talib","image":{"@type":"ImageObject","inLanguage":"pt-BR","@id":"https:\/\/ianima.com.br\/blog\/#\/schema\/person\/image\/","url":"https:\/\/ianima.com.br\/blog\/wp-content\/litespeed\/avatar\/a0461c2b338365ab5dd45a3e926e23c7.jpg?ver=1777055969","contentUrl":"https:\/\/ianima.com.br\/blog\/wp-content\/litespeed\/avatar\/a0461c2b338365ab5dd45a3e926e23c7.jpg?ver=1777055969","caption":"Wanderlei Talib"},"sameAs":["https:\/\/ianima.com.br\/blog"],"url":"https:\/\/ianima.com.br\/blog\/author\/adminedu\/"},{"@type":"Question","@id":"https:\/\/ianima.com.br\/blog\/saude-mental\/diagnostico-burnout-sinais-causas-e-caminhos\/#faq-question-1748230896960","position":1,"url":"https:\/\/ianima.com.br\/blog\/saude-mental\/diagnostico-burnout-sinais-causas-e-caminhos\/#faq-question-1748230896960","name":"O que \u00e9 o diagn\u00f3stico de burnout?","answerCount":1,"acceptedAnswer":{"@type":"Answer","text":"O diagn\u00f3stico de burnout \u00e9 uma avalia\u00e7\u00e3o que identifica o esgotamento emocional e f\u00edsico causado por estresse cr\u00f4nico no trabalho.","inLanguage":"pt-BR"},"inLanguage":"pt-BR"},{"@type":"Question","@id":"https:\/\/ianima.com.br\/blog\/saude-mental\/diagnostico-burnout-sinais-causas-e-caminhos\/#faq-question-1748230917076","position":2,"url":"https:\/\/ianima.com.br\/blog\/saude-mental\/diagnostico-burnout-sinais-causas-e-caminhos\/#faq-question-1748230917076","name":"Quais s\u00e3o os principais sintomas do burnout?","answerCount":1,"acceptedAnswer":{"@type":"Answer","text":"Os principais sintomas incluem fadiga extrema, falta de motiva\u00e7\u00e3o, irritabilidade e dificuldade de concentra\u00e7\u00e3o.","inLanguage":"pt-BR"},"inLanguage":"pt-BR"},{"@type":"Question","@id":"https:\/\/ianima.com.br\/blog\/saude-mental\/diagnostico-burnout-sinais-causas-e-caminhos\/#faq-question-1748230937353","position":3,"url":"https:\/\/ianima.com.br\/blog\/saude-mental\/diagnostico-burnout-sinais-causas-e-caminhos\/#faq-question-1748230937353","name":"Como \u00e9 feito o diagn\u00f3stico de burnout?","answerCount":1,"acceptedAnswer":{"@type":"Answer","text":"O diagn\u00f3stico geralmente \u00e9 feito por um profissional de sa\u00fade mental, que utiliza entrevistas e question\u00e1rios para avaliar os sintomas e a situa\u00e7\u00e3o do paciente.","inLanguage":"pt-BR"},"inLanguage":"pt-BR"}]}},"_links":{"self":[{"href":"https:\/\/ianima.com.br\/blog\/wp-json\/wp\/v2\/posts\/4829","targetHints":{"allow":["GET"]}}],"collection":[{"href":"https:\/\/ianima.com.br\/blog\/wp-json\/wp\/v2\/posts"}],"about":[{"href":"https:\/\/ianima.com.br\/blog\/wp-json\/wp\/v2\/types\/post"}],"author":[{"embeddable":true,"href":"https:\/\/ianima.com.br\/blog\/wp-json\/wp\/v2\/users\/1"}],"replies":[{"embeddable":true,"href":"https:\/\/ianima.com.br\/blog\/wp-json\/wp\/v2\/comments?post=4829"}],"version-history":[{"count":1,"href":"https:\/\/ianima.com.br\/blog\/wp-json\/wp\/v2\/posts\/4829\/revisions"}],"predecessor-version":[{"id":4833,"href":"https:\/\/ianima.com.br\/blog\/wp-json\/wp\/v2\/posts\/4829\/revisions\/4833"}],"wp:featuredmedia":[{"embeddable":true,"href":"https:\/\/ianima.com.br\/blog\/wp-json\/wp\/v2\/media\/4831"}],"wp:attachment":[{"href":"https:\/\/ianima.com.br\/blog\/wp-json\/wp\/v2\/media?parent=4829"}],"wp:term":[{"taxonomy":"category","embeddable":true,"href":"https:\/\/ianima.com.br\/blog\/wp-json\/wp\/v2\/categories?post=4829"},{"taxonomy":"post_tag","embeddable":true,"href":"https:\/\/ianima.com.br\/blog\/wp-json\/wp\/v2\/tags?post=4829"}],"curies":[{"name":"wp","href":"https:\/\/api.w.org\/{rel}","templated":true}]}}