{"id":5049,"date":"2025-05-27T14:29:38","date_gmt":"2025-05-27T14:29:38","guid":{"rendered":"https:\/\/ianima.com.br\/blog\/?p=5049"},"modified":"2025-05-27T14:29:38","modified_gmt":"2025-05-27T14:29:38","slug":"como-vencer-depressao-sinais-causas-e-caminhos","status":"publish","type":"post","link":"https:\/\/ianima.com.br\/blog\/saude-mental\/como-vencer-depressao-sinais-causas-e-caminhos\/","title":{"rendered":"Como Vencer Depress\u00e3o: Sinais, Causas e Caminhos"},"content":{"rendered":"\n<h2 class=\"wp-block-heading\" id=\"h-os-sinais-e-sintomas-da-depressao\">Os Sinais e Sintomas da <strong>Depress\u00e3o<\/strong><\/h2>\n\n\n\n<p>A <strong>depress\u00e3o<\/strong> se manifesta de maneiras diversas, impactando profundamente pensamentos, emo\u00e7\u00f5es e comportamentos. Entre os sinais mais comuns est\u00e3o:<\/p>\n\n\n\n<ul class=\"wp-block-list\">\n<li>Tristeza persistente, sem motivo aparente.<\/li>\n\n\n\n<li>Perda de interesse por atividades antes prazerosas.<\/li>\n\n\n\n<li>Fadiga constante, mesmo ap\u00f3s descanso.<\/li>\n\n\n\n<li>Dificuldade de concentra\u00e7\u00e3o e tomada de decis\u00f5es.<\/li>\n\n\n\n<li>Altera\u00e7\u00f5es no sono, como ins\u00f4nia ou excesso de sono.<\/li>\n\n\n\n<li>Mudan\u00e7as no apetite, com perda ou ganho significativo de peso.<\/li>\n\n\n\n<li>Sentimentos de inutilidade, culpa ou fracasso.<\/li>\n\n\n\n<li>Pensamentos recorrentes sobre morte ou idea\u00e7\u00e3o suicida.<\/li>\n<\/ul>\n\n\n\n<p>Al\u00e9m disso, h\u00e1 sinais menos \u00f3bvios, como irritabilidade, dores f\u00edsicas sem explica\u00e7\u00e3o m\u00e9dica e isolamento social crescente.<\/p>\n\n\n\n<h2 class=\"wp-block-heading\" id=\"h-a-psicologia-por-tras-da-vida-real-a-depressao-no-dia-a-dia\">A Psicologia por Tr\u00e1s da Vida Real: A <strong>Depress\u00e3o<\/strong> no Dia a Dia *<\/h2>\n\n\n\n<p>Imagine algu\u00e9m que costumava ser alegre, produtivo e cheio de planos. Aos poucos, percebe que sair da cama se tornou um desafio, que tarefas simples parecem montanhas intranspon\u00edveis. A vida perde cor, os convites s\u00e3o recusados e o isolamento se instala.<\/p>\n\n\n\n<p>Assim como uma casa que vai escurecendo \u00e0 medida que as l\u00e2mpadas se apagam, a <strong>depress\u00e3o<\/strong> vai, silenciosamente, tirando a luz da rotina. As emo\u00e7\u00f5es ficam confusas, e at\u00e9 pequenos gestos, como preparar uma refei\u00e7\u00e3o, se tornam um peso. Essa experi\u00eancia \u00e9 mais comum do que se imagina e revela o quanto a <strong>depress\u00e3o<\/strong> impacta profundamente o cotidiano.<\/p>\n\n\n\n<h2 class=\"wp-block-heading\" id=\"h-compreendendo-os-momentos-criticos-da-depressao\">Compreendendo os Momentos Cr\u00edticos da <strong>Depress\u00e3o<\/strong><\/h2>\n\n\n\n<p>Existem fases da <strong>depress\u00e3o<\/strong> que s\u00e3o especialmente desafiadoras:<\/p>\n\n\n\n<ul class=\"wp-block-list\">\n<li>Crises de desesperan\u00e7a, onde tudo parece sem sentido.<\/li>\n\n\n\n<li>Per\u00edodos de exaust\u00e3o extrema, f\u00edsica e emocional.<\/li>\n\n\n\n<li>Isolamento acentuado, acompanhado de pensamentos autodepreciativos.<\/li>\n\n\n\n<li>Sensa\u00e7\u00e3o de estar desconectado da realidade, das pr\u00f3prias emo\u00e7\u00f5es e das pessoas.<\/li>\n<\/ul>\n\n\n\n<p>Reconhecer esses momentos \u00e9 essencial para buscar suporte e evitar agravamentos.<\/p>\n\n\n\n<h2 class=\"wp-block-heading\" id=\"h-o-que-desencadeia-a-depressao\">O Que Desencadeia a <strong>Depress\u00e3o<\/strong>?<\/h2>\n\n\n\n<p>A <strong>depress\u00e3o<\/strong> pode ser resultado de m\u00faltiplos fatores combinados. Entre os mais comuns est\u00e3o:<\/p>\n\n\n\n<ul class=\"wp-block-list\">\n<li>Fatores biol\u00f3gicos, como predisposi\u00e7\u00e3o gen\u00e9tica e desequil\u00edbrios neuroqu\u00edmicos.<\/li>\n\n\n\n<li>Eventos traum\u00e1ticos ou estressantes, como perdas, separa\u00e7\u00f5es ou dificuldades financeiras.<\/li>\n\n\n\n<li>Estilo de vida, incluindo sobrecarga, isolamento e falta de autocuidado.<\/li>\n\n\n\n<li>Fatores psicol\u00f3gicos, como baixa autoestima, pensamentos autocr\u00edticos e padr\u00f5es disfuncionais.<\/li>\n\n\n\n<li>Influ\u00eancias sociais e culturais, como press\u00e3o constante, compara\u00e7\u00e3o excessiva e falta de apoio emocional.<\/li>\n<\/ul>\n\n\n\n<h2 class=\"wp-block-heading\" id=\"h-mitos-e-verdades-sobre-solucoes-para-a-depressao\">Mitos e Verdades sobre Solu\u00e7\u00f5es para a <strong>Depress\u00e3o<\/strong><\/h2>\n\n\n\n<p>\u00c9 comum surgirem d\u00favidas sobre o que realmente ajuda a superar a <strong>depress\u00e3o<\/strong>. Veja alguns pontos importantes:<\/p>\n\n\n\n<ul class=\"wp-block-list\">\n<li><strong>Verdade:<\/strong> A <strong>depress\u00e3o<\/strong> n\u00e3o \u00e9 fraqueza, nem &#8220;frescura&#8221;.<\/li>\n\n\n\n<li><strong>Mito:<\/strong> Basta querer ou ter for\u00e7a de vontade para sair dela.<\/li>\n\n\n\n<li><strong>Verdade:<\/strong> Combinar diferentes estrat\u00e9gias \u2014 apoio psicol\u00f3gico, autocuidado, rede de apoio \u2014 faz grande diferen\u00e7a.<\/li>\n\n\n\n<li><strong>Mito:<\/strong> S\u00f3 quem tem motivos muito graves desenvolve <strong>depress\u00e3o<\/strong>. Ela pode surgir mesmo sem grandes eventos traum\u00e1ticos.<\/li>\n\n\n\n<li><strong>Verdade:<\/strong> Buscar ajuda n\u00e3o \u00e9 sinal de fraqueza, e sim de coragem.<\/li>\n<\/ul>\n\n\n\n<h2 class=\"wp-block-heading\" id=\"h-como-lidar-com-a-depressao-no-dia-a-dia\">Como Lidar com a <strong>Depress\u00e3o<\/strong> no Dia a Dia<\/h2>\n\n\n\n<p>Algumas estrat\u00e9gias podem ajudar significativamente na jornada de supera\u00e7\u00e3o:<\/p>\n\n\n\n<ul class=\"wp-block-list\">\n<li>Criar pequenas rotinas, mesmo que simples.<\/li>\n\n\n\n<li>Praticar atividades f\u00edsicas, respeitando seus limites.<\/li>\n\n\n\n<li>Estabelecer contato regular com pessoas de confian\u00e7a.<\/li>\n\n\n\n<li>Reduzir o consumo de redes sociais, que muitas vezes alimentam compara\u00e7\u00f5es.<\/li>\n\n\n\n<li>Dedicar tempo para atividades que promovam bem-estar, como hobbies, medita\u00e7\u00e3o ou respira\u00e7\u00e3o consciente.<\/li>\n\n\n\n<li>Buscar informa\u00e7\u00e3o de qualidade sobre sa\u00fade mental.<\/li>\n<\/ul>\n\n\n\n<h2 class=\"wp-block-heading\" id=\"h-a-depressao-no-corpo-e-na-mente-manifestacoes\">A <strong>Depress\u00e3o<\/strong> no Corpo e na Mente: Manifesta\u00e7\u00f5es<\/h2>\n\n\n\n<p>A <strong>depress\u00e3o<\/strong> n\u00e3o afeta apenas os pensamentos e emo\u00e7\u00f5es \u2014 ela se manifesta tamb\u00e9m no corpo:<\/p>\n\n\n\n<ul class=\"wp-block-list\">\n<li>Dores musculares, dores de cabe\u00e7a ou desconfortos gastrointestinais.<\/li>\n\n\n\n<li>Sensa\u00e7\u00e3o constante de cansa\u00e7o ou peso corporal.<\/li>\n\n\n\n<li>Altera\u00e7\u00f5es no ritmo card\u00edaco e na respira\u00e7\u00e3o.<\/li>\n\n\n\n<li>Baixa imunidade, levando a infec\u00e7\u00f5es recorrentes.<\/li>\n<\/ul>\n\n\n\n<p>Essa conex\u00e3o corpo-mente refor\u00e7a a import\u00e2ncia de olhar para a sa\u00fade emocional como parte fundamental do equil\u00edbrio geral.<\/p>\n\n\n\n<h2 class=\"wp-block-heading\" id=\"h-depressao-aguda-uma-perspectiva-ampliada\"><strong>Depress\u00e3o Aguda<\/strong>: Uma Perspectiva Ampliada<\/h2>\n\n\n\n<p>A <strong>depress\u00e3o aguda<\/strong> representa um quadro mais intenso e repentino, onde os sintomas se instalam de forma r\u00e1pida e severa. Diferente da <strong>depress\u00e3o persistente<\/strong>, ela exige aten\u00e7\u00e3o imediata, j\u00e1 que pode impactar profundamente todas as \u00e1reas da vida.<\/p>\n\n\n\n<p>\u00c9 marcada por:<\/p>\n\n\n\n<ul class=\"wp-block-list\">\n<li>Crises de choro sem motivo claro.<\/li>\n\n\n\n<li>Sensa\u00e7\u00e3o de desespero e urg\u00eancia por al\u00edvio.<\/li>\n\n\n\n<li>Maior risco de pensamentos autodestrutivos.<\/li>\n<\/ul>\n\n\n\n<h2 class=\"wp-block-heading\" id=\"h-quem-busca-alivio-para-a-depressao\">Quem Busca Al\u00edvio para a <strong>Depress\u00e3o<\/strong>?<\/h2>\n\n\n\n<p>Pessoas de todas as idades e contextos podem enfrentar a <strong>depress\u00e3o<\/strong>. Isso inclui:<\/p>\n\n\n\n<ul class=\"wp-block-list\">\n<li>Jovens que lidam com press\u00e3o acad\u00eamica e inseguran\u00e7as emocionais.<\/li>\n\n\n\n<li>Adultos sobrecarregados por trabalho, responsabilidades familiares ou relacionamentos desgastantes.<\/li>\n\n\n\n<li>Idosos que enfrentam luto, solid\u00e3o ou perda de autonomia.<\/li>\n<\/ul>\n\n\n\n<p>A busca por al\u00edvio muitas vezes surge quando o peso emocional come\u00e7a a impactar a vida profissional, os relacionamentos e at\u00e9 a sa\u00fade f\u00edsica.<\/p>\n\n\n\n<h2 class=\"wp-block-heading\" id=\"h-diferentes-abordagens-para-lidar-com-a-depressao\">Diferentes Abordagens para Lidar com a <strong>Depress\u00e3o<\/strong><\/h2>\n\n\n\n<ul class=\"wp-block-list\">\n<li>Psicoterapia (como terapia cognitivo-comportamental ou terapias integrativas).<\/li>\n\n\n\n<li>Pr\u00e1ticas de autocuidado e desenvolvimento pessoal.<\/li>\n\n\n\n<li>Atividades f\u00edsicas regulares.<\/li>\n\n\n\n<li>Apoio social estruturado.<\/li>\n\n\n\n<li>Interven\u00e7\u00f5es m\u00e9dicas, quando indicadas.<\/li>\n<\/ul>\n\n\n\n<h2 class=\"wp-block-heading\" id=\"h-sinais-de-alerta-quando-buscar-ajuda-profissional\">Sinais de Alerta: Quando Buscar Ajuda Profissional<\/h2>\n\n\n\n<ul class=\"wp-block-list\">\n<li>Quando os sintomas persistem por semanas ou meses.<\/li>\n\n\n\n<li>Se surgirem pensamentos de autodestrui\u00e7\u00e3o ou desesperan\u00e7a intensa.<\/li>\n\n\n\n<li>Quando h\u00e1 impacto significativo na vida profissional, familiar ou social.<\/li>\n\n\n\n<li>Se as estrat\u00e9gias de autocuidado n\u00e3o trazem al\u00edvio suficiente.<\/li>\n<\/ul>\n\n\n\n<h2 class=\"wp-block-heading\" id=\"h-recursos-e-informacoes-confiaveis-sobre-a-depressao\">Recursos e Informa\u00e7\u00f5es Confi\u00e1veis sobre a <strong>Depress\u00e3o<\/strong><\/h2>\n\n\n\n<ul class=\"wp-block-list\">\n<li>Organiza\u00e7\u00f5es de sa\u00fade mental, como OMS e CVV.<\/li>\n\n\n\n<li>Livros, podcasts e canais confi\u00e1veis sobre psicologia e bem-estar.<\/li>\n\n\n\n<li>Grupos de apoio, presenciais ou online.<\/li>\n\n\n\n<li>Sites institucionais de psicologia.<\/li>\n<\/ul>\n\n\n\n<h2 class=\"wp-block-heading\" id=\"h-dicas-para-acao-imediata-em-momentos-de-depressao\">Dicas para A\u00e7\u00e3o Imediata em Momentos de <strong>Depress\u00e3o<\/strong><\/h2>\n\n\n\n<ul class=\"wp-block-list\">\n<li>Pratique respira\u00e7\u00e3o profunda: inspire por 4 segundos, segure por 4, expire por 6.<\/li>\n\n\n\n<li>Tome um banho morno e foque na percep\u00e7\u00e3o sensorial.<\/li>\n\n\n\n<li>Saia para caminhar, mesmo que por poucos minutos, em contato com a natureza.<\/li>\n\n\n\n<li>Escreva seus pensamentos e sentimentos, sem julgamentos.<\/li>\n\n\n\n<li>Envie uma mensagem para algu\u00e9m de confian\u00e7a, mesmo que apenas para conversar.<\/li>\n<\/ul>\n\n\n\n<h2 class=\"wp-block-heading\" id=\"h-conclusao\">Conclus\u00e3o<\/h2>\n\n\n\n<p>Em suma, compreender como vencer a <strong>depress\u00e3o<\/strong> \u00e9 um processo que envolve autoconhecimento, acolhimento e, principalmente, a busca por apoio adequado. Se voc\u00ea se identifica com esses sinais, buscar informa\u00e7\u00e3o e suporte pode ser o primeiro passo para uma vida mais leve e equilibrada. Lembre-se: voc\u00ea n\u00e3o est\u00e1 sozinho nessa jornada e h\u00e1 caminhos poss\u00edveis para transformar essa realidade.<\/p>\n\n\n\n<p>* Essas narrativas s\u00e3o fict\u00edcias mas inspiradas em situa\u00e7\u00f5es comumente vivenciadas nos estudos e na cl\u00ednica psicol\u00f3gica.<\/p>\n\n\n\n<figure class=\"wp-block-image aligncenter size-large is-resized\"><img fetchpriority=\"high\" decoding=\"async\" width=\"1024\" height=\"683\" src=\"https:\/\/ianima.com.br\/blog\/wp-content\/uploads\/2025\/05\/2MM-579-1024x683.webp\" alt=\"Como Vencer Depress\u00e3o: Sinais, Causas e Caminhos\" class=\"wp-image-5052\" style=\"width:500px\" srcset=\"https:\/\/ianima.com.br\/blog\/wp-content\/uploads\/2025\/05\/2MM-579-1024x683.webp 1024w, https:\/\/ianima.com.br\/blog\/wp-content\/uploads\/2025\/05\/2MM-579-300x200.webp 300w, https:\/\/ianima.com.br\/blog\/wp-content\/uploads\/2025\/05\/2MM-579-768x512.webp 768w, https:\/\/ianima.com.br\/blog\/wp-content\/uploads\/2025\/05\/2MM-579.webp 1536w\" sizes=\"(max-width: 1024px) 100vw, 1024px\" \/><\/figure>\n\n\n\n<h2 class=\"wp-block-heading\" id=\"h-perguntas-frequentes-faq\">Perguntas Frequentes (FAQ)<\/h2>\n\n\n\n<div class=\"schema-faq wp-block-yoast-faq-block\"><div class=\"schema-faq-section\" id=\"faq-question-1748356023167\"><strong class=\"schema-faq-question\">O que \u00e9 depress\u00e3o?<\/strong> <p class=\"schema-faq-answer\">A depress\u00e3o \u00e9 um transtorno mental que afeta o humor, a energia e a motiva\u00e7\u00e3o, fazendo a pessoa se sentir triste e desmotivada.<\/p> <\/div> <div class=\"schema-faq-section\" id=\"faq-question-1748356042838\"><strong class=\"schema-faq-question\">Quais s\u00e3o os sinais de que estou com depress\u00e3o?<\/strong> <p class=\"schema-faq-answer\">Os sinais incluem tristeza constante, falta de interesse em atividades, altera\u00e7\u00f5es no sono e apetite, al\u00e9m de dificuldade de concentra\u00e7\u00e3o.<\/p> <\/div> <div class=\"schema-faq-section\" id=\"faq-question-1748356065282\"><strong class=\"schema-faq-question\">Como posso buscar ajuda para vencer a depress\u00e3o?<\/strong> <p class=\"schema-faq-answer\">Buscar ajuda profissional, como terapia, e conversar com amigos ou familiares s\u00e3o \u00f3timas maneiras de come\u00e7ar a enfrentar a depress\u00e3o.<\/p> <\/div> <\/div>\n\n\n\n<ul class=\"wp-block-yoast-seo-related-links\"><li><a href=\"https:\/\/ianima.com.br\/blog\/saude-mental\/o-que-e-depressao-aguda-sinais-causas-e-caminhos\/\">O Que \u00c9 Depress\u00e3o Aguda: Sinais, Causas e Caminhos<\/a><\/li><li><a href=\"https:\/\/ianima.com.br\/blog\/saude-mental\/como-vencer-a-ansiedade-um-guia-completo-para-retomar-o-controle\/\">Como Vencer a Ansiedade: Um Guia Completo para Retomar o Controle<\/a><\/li><li><a href=\"https:\/\/ianima.com.br\/blog\/saude-mental\/como-vencer-a-depressao-sozinho-o-que-voce-precisa-saber\/\">Como Vencer a Depress\u00e3o Sozinho: O Que Voc\u00ea Precisa Saber<\/a><\/li><li><a href=\"https:\/\/ianima.com.br\/blog\/bem-estar\/autocuidado-e-autoestima-beneficios-caminhos-e-estrategias\/\">Autocuidado e Autoestima: Benef\u00edcios, Caminhos e Estrat\u00e9gias<\/a><\/li><li><a href=\"https:\/\/ianima.com.br\/blog\/saude-mental\/o-que-e-a-depressao-sintomas-causas-e-caminhos\/\">O Que \u00c9 a Depress\u00e3o: Sintomas, Causas e Caminhos<\/a><\/li><\/ul>\n","protected":false},"excerpt":{"rendered":"<p>Os Sinais e Sintomas da Depress\u00e3o A depress\u00e3o se manifesta de maneiras diversas, impactando profundamente pensamentos, emo\u00e7\u00f5es e comportamentos. Entre os sinais mais comuns est\u00e3o: Al\u00e9m disso, h\u00e1 sinais menos \u00f3bvios, como irritabilidade, dores f\u00edsicas sem explica\u00e7\u00e3o m\u00e9dica e isolamento social crescente. A Psicologia por Tr\u00e1s da Vida Real: A Depress\u00e3o no Dia a Dia [&hellip;]<\/p>\n","protected":false},"author":1,"featured_media":5051,"comment_status":"closed","ping_status":"closed","sticky":false,"template":"","format":"standard","meta":{"site-sidebar-layout":"default","site-content-layout":"","ast-site-content-layout":"default","site-content-style":"default","site-sidebar-style":"default","ast-global-header-display":"","ast-banner-title-visibility":"","ast-main-header-display":"","ast-hfb-above-header-display":"","ast-hfb-below-header-display":"","ast-hfb-mobile-header-display":"","site-post-title":"","ast-breadcrumbs-content":"","ast-featured-img":"","footer-sml-layout":"","theme-transparent-header-meta":"","adv-header-id-meta":"","stick-header-meta":"","header-above-stick-meta":"","header-main-stick-meta":"","header-below-stick-meta":"","astra-migrate-meta-layouts":"set","ast-page-background-enabled":"default","ast-page-background-meta":{"desktop":{"background-color":"","background-image":"","background-repeat":"repeat","background-position":"center center","background-size":"auto","background-attachment":"scroll","background-type":"","background-media":"","overlay-type":"","overlay-color":"","overlay-opacity":"","overlay-gradient":""},"tablet":{"background-color":"","background-image":"","background-repeat":"repeat","background-position":"center center","background-size":"auto","background-attachment":"scroll","background-type":"","background-media":"","overlay-type":"","overlay-color":"","overlay-opacity":"","overlay-gradient":""},"mobile":{"background-color":"","background-image":"","background-repeat":"repeat","background-position":"center center","background-size":"auto","background-attachment":"scroll","background-type":"","background-media":"","overlay-type":"","overlay-color":"","overlay-opacity":"","overlay-gradient":""}},"ast-content-background-meta":{"desktop":{"background-color":"var(--ast-global-color-5)","background-image":"","background-repeat":"repeat","background-position":"center center","background-size":"auto","background-attachment":"scroll","background-type":"","background-media":"","overlay-type":"","overlay-color":"","overlay-opacity":"","overlay-gradient":""},"tablet":{"background-color":"var(--ast-global-color-5)","background-image":"","background-repeat":"repeat","background-position":"center center","background-size":"auto","background-attachment":"scroll","background-type":"","background-media":"","overlay-type":"","overlay-color":"","overlay-opacity":"","overlay-gradient":""},"mobile":{"background-color":"var(--ast-global-color-5)","background-image":"","background-repeat":"repeat","background-position":"center center","background-size":"auto","background-attachment":"scroll","background-type":"","background-media":"","overlay-type":"","overlay-color":"","overlay-opacity":"","overlay-gradient":""}},"footnotes":""},"categories":[24],"tags":[],"class_list":["post-5049","post","type-post","status-publish","format-standard","has-post-thumbnail","hentry","category-saude-mental"],"yoast_head":"<!-- This site is optimized with the Yoast SEO Premium plugin v20.8 (Yoast SEO v20.8) - https:\/\/yoast.com\/wordpress\/plugins\/seo\/ -->\n<title>Como Vencer Depress\u00e3o: Sinais, Causas e Caminhos<\/title>\n<meta name=\"description\" content=\"Descubra os sinais que voc\u00ea n\u00e3o pode ignorar e os segredos para vencer a depress\u00e3o de uma vez por todas! Voc\u00ea est\u00e1 pronto para mudar?\" \/>\n<meta name=\"robots\" content=\"index, follow, max-snippet:-1, max-image-preview:large, max-video-preview:-1\" \/>\n<link rel=\"canonical\" href=\"https:\/\/ianima.com.br\/blog\/saude-mental\/como-vencer-depressao-sinais-causas-e-caminhos\/\" \/>\n<meta property=\"og:locale\" content=\"pt_BR\" \/>\n<meta property=\"og:type\" content=\"article\" \/>\n<meta property=\"og:title\" content=\"Como Vencer Depress\u00e3o: Sinais, Causas e Caminhos\" \/>\n<meta property=\"og:description\" content=\"Descubra os sinais que voc\u00ea n\u00e3o pode ignorar e os segredos para vencer a depress\u00e3o de uma vez por todas! Voc\u00ea est\u00e1 pronto para mudar?\" \/>\n<meta property=\"og:url\" content=\"https:\/\/ianima.com.br\/blog\/saude-mental\/como-vencer-depressao-sinais-causas-e-caminhos\/\" \/>\n<meta property=\"og:site_name\" content=\"Terapia Online com IANIMA: Inova\u00e7\u00e3o e Aconselhamento. O terapeuta online ao seu alcance.\" \/>\n<meta property=\"article:published_time\" content=\"2025-05-27T14:29:38+00:00\" \/>\n<meta property=\"og:image\" content=\"https:\/\/ianima.com.br\/blog\/wp-content\/uploads\/2025\/05\/1MM-579.webp\" \/>\n\t<meta property=\"og:image:width\" content=\"1536\" \/>\n\t<meta property=\"og:image:height\" content=\"1024\" \/>\n\t<meta property=\"og:image:type\" content=\"image\/webp\" \/>\n<meta name=\"author\" content=\"Wanderlei Talib\" \/>\n<meta name=\"twitter:card\" content=\"summary_large_image\" \/>\n<meta name=\"twitter:label1\" content=\"Escrito por\" \/>\n\t<meta name=\"twitter:data1\" content=\"Wanderlei Talib\" \/>\n\t<meta name=\"twitter:label2\" content=\"Est. tempo de leitura\" \/>\n\t<meta name=\"twitter:data2\" content=\"7 minutos\" \/>\n<script type=\"application\/ld+json\" class=\"yoast-schema-graph\">{\"@context\":\"https:\/\/schema.org\",\"@graph\":[{\"@type\":\"Article\",\"@id\":\"https:\/\/ianima.com.br\/blog\/saude-mental\/como-vencer-depressao-sinais-causas-e-caminhos\/#article\",\"isPartOf\":{\"@id\":\"https:\/\/ianima.com.br\/blog\/saude-mental\/como-vencer-depressao-sinais-causas-e-caminhos\/\"},\"author\":{\"name\":\"Wanderlei Talib\",\"@id\":\"https:\/\/ianima.com.br\/blog\/#\/schema\/person\/85378d6a819826ce615ae2a7a04f68d8\"},\"headline\":\"Como Vencer Depress\u00e3o: Sinais, Causas e Caminhos\",\"datePublished\":\"2025-05-27T14:29:38+00:00\",\"dateModified\":\"2025-05-27T14:29:38+00:00\",\"mainEntityOfPage\":{\"@id\":\"https:\/\/ianima.com.br\/blog\/saude-mental\/como-vencer-depressao-sinais-causas-e-caminhos\/\"},\"wordCount\":1229,\"publisher\":{\"@id\":\"https:\/\/ianima.com.br\/blog\/#organization\"},\"articleSection\":[\"Sa\u00fade Mental\"],\"inLanguage\":\"pt-BR\"},{\"@type\":[\"WebPage\",\"FAQPage\"],\"@id\":\"https:\/\/ianima.com.br\/blog\/saude-mental\/como-vencer-depressao-sinais-causas-e-caminhos\/\",\"url\":\"https:\/\/ianima.com.br\/blog\/saude-mental\/como-vencer-depressao-sinais-causas-e-caminhos\/\",\"name\":\"Como Vencer Depress\u00e3o: Sinais, Causas e Caminhos\",\"isPartOf\":{\"@id\":\"https:\/\/ianima.com.br\/blog\/#website\"},\"datePublished\":\"2025-05-27T14:29:38+00:00\",\"dateModified\":\"2025-05-27T14:29:38+00:00\",\"description\":\"Descubra os sinais que voc\u00ea n\u00e3o pode ignorar e os segredos para vencer a depress\u00e3o de uma vez por todas! Voc\u00ea est\u00e1 pronto para mudar?\",\"breadcrumb\":{\"@id\":\"https:\/\/ianima.com.br\/blog\/saude-mental\/como-vencer-depressao-sinais-causas-e-caminhos\/#breadcrumb\"},\"mainEntity\":[{\"@id\":\"https:\/\/ianima.com.br\/blog\/saude-mental\/como-vencer-depressao-sinais-causas-e-caminhos\/#faq-question-1748356023167\"},{\"@id\":\"https:\/\/ianima.com.br\/blog\/saude-mental\/como-vencer-depressao-sinais-causas-e-caminhos\/#faq-question-1748356042838\"},{\"@id\":\"https:\/\/ianima.com.br\/blog\/saude-mental\/como-vencer-depressao-sinais-causas-e-caminhos\/#faq-question-1748356065282\"}],\"inLanguage\":\"pt-BR\",\"potentialAction\":[{\"@type\":\"ReadAction\",\"target\":[\"https:\/\/ianima.com.br\/blog\/saude-mental\/como-vencer-depressao-sinais-causas-e-caminhos\/\"]}]},{\"@type\":\"BreadcrumbList\",\"@id\":\"https:\/\/ianima.com.br\/blog\/saude-mental\/como-vencer-depressao-sinais-causas-e-caminhos\/#breadcrumb\",\"itemListElement\":[{\"@type\":\"ListItem\",\"position\":1,\"name\":\"In\u00edcio\",\"item\":\"https:\/\/ianima.com.br\/blog\/\"},{\"@type\":\"ListItem\",\"position\":2,\"name\":\"Como Vencer Depress\u00e3o: Sinais, Causas e Caminhos\"}]},{\"@type\":\"WebSite\",\"@id\":\"https:\/\/ianima.com.br\/blog\/#website\",\"url\":\"https:\/\/ianima.com.br\/blog\/\",\"name\":\"Terapia Online com IANIMA: Inova\u00e7\u00e3o e Aconselhamento. O terapeuta online ao seu alcance.\",\"description\":\"Terapia gratuita online com a IAnima, sua terapeuta online. Artigos sobre terapias online, sa\u00fade mental e bem-estar.\",\"publisher\":{\"@id\":\"https:\/\/ianima.com.br\/blog\/#organization\"},\"potentialAction\":[{\"@type\":\"SearchAction\",\"target\":{\"@type\":\"EntryPoint\",\"urlTemplate\":\"https:\/\/ianima.com.br\/blog\/?s={search_term_string}\"},\"query-input\":\"required name=search_term_string\"}],\"inLanguage\":\"pt-BR\"},{\"@type\":\"Organization\",\"@id\":\"https:\/\/ianima.com.br\/blog\/#organization\",\"name\":\"Terapia Online com IANIMA: Inova\u00e7\u00e3o e Aconselhamento. O terapeuta online ao seu alcance.\",\"url\":\"https:\/\/ianima.com.br\/blog\/\",\"logo\":{\"@type\":\"ImageObject\",\"inLanguage\":\"pt-BR\",\"@id\":\"https:\/\/ianima.com.br\/blog\/#\/schema\/logo\/image\/\",\"url\":\"https:\/\/ianima.com.br\/blog\/wp-content\/uploads\/2025\/04\/cropped-IAnima-terapia-online.webp\",\"contentUrl\":\"https:\/\/ianima.com.br\/blog\/wp-content\/uploads\/2025\/04\/cropped-IAnima-terapia-online.webp\",\"width\":819,\"height\":222,\"caption\":\"Terapia Online com IANIMA: Inova\u00e7\u00e3o e Aconselhamento. O terapeuta online ao seu alcance.\"},\"image\":{\"@id\":\"https:\/\/ianima.com.br\/blog\/#\/schema\/logo\/image\/\"}},{\"@type\":\"Person\",\"@id\":\"https:\/\/ianima.com.br\/blog\/#\/schema\/person\/85378d6a819826ce615ae2a7a04f68d8\",\"name\":\"Wanderlei Talib\",\"image\":{\"@type\":\"ImageObject\",\"inLanguage\":\"pt-BR\",\"@id\":\"https:\/\/ianima.com.br\/blog\/#\/schema\/person\/image\/\",\"url\":\"https:\/\/ianima.com.br\/blog\/wp-content\/litespeed\/avatar\/a0461c2b338365ab5dd45a3e926e23c7.jpg?ver=1777055969\",\"contentUrl\":\"https:\/\/ianima.com.br\/blog\/wp-content\/litespeed\/avatar\/a0461c2b338365ab5dd45a3e926e23c7.jpg?ver=1777055969\",\"caption\":\"Wanderlei Talib\"},\"sameAs\":[\"https:\/\/ianima.com.br\/blog\"],\"url\":\"https:\/\/ianima.com.br\/blog\/author\/adminedu\/\"},{\"@type\":\"Question\",\"@id\":\"https:\/\/ianima.com.br\/blog\/saude-mental\/como-vencer-depressao-sinais-causas-e-caminhos\/#faq-question-1748356023167\",\"position\":1,\"url\":\"https:\/\/ianima.com.br\/blog\/saude-mental\/como-vencer-depressao-sinais-causas-e-caminhos\/#faq-question-1748356023167\",\"name\":\"O que \u00e9 depress\u00e3o?\",\"answerCount\":1,\"acceptedAnswer\":{\"@type\":\"Answer\",\"text\":\"A depress\u00e3o \u00e9 um transtorno mental que afeta o humor, a energia e a motiva\u00e7\u00e3o, fazendo a pessoa se sentir triste e desmotivada.\",\"inLanguage\":\"pt-BR\"},\"inLanguage\":\"pt-BR\"},{\"@type\":\"Question\",\"@id\":\"https:\/\/ianima.com.br\/blog\/saude-mental\/como-vencer-depressao-sinais-causas-e-caminhos\/#faq-question-1748356042838\",\"position\":2,\"url\":\"https:\/\/ianima.com.br\/blog\/saude-mental\/como-vencer-depressao-sinais-causas-e-caminhos\/#faq-question-1748356042838\",\"name\":\"Quais s\u00e3o os sinais de que estou com depress\u00e3o?\",\"answerCount\":1,\"acceptedAnswer\":{\"@type\":\"Answer\",\"text\":\"Os sinais incluem tristeza constante, falta de interesse em atividades, altera\u00e7\u00f5es no sono e apetite, al\u00e9m de dificuldade de concentra\u00e7\u00e3o.\",\"inLanguage\":\"pt-BR\"},\"inLanguage\":\"pt-BR\"},{\"@type\":\"Question\",\"@id\":\"https:\/\/ianima.com.br\/blog\/saude-mental\/como-vencer-depressao-sinais-causas-e-caminhos\/#faq-question-1748356065282\",\"position\":3,\"url\":\"https:\/\/ianima.com.br\/blog\/saude-mental\/como-vencer-depressao-sinais-causas-e-caminhos\/#faq-question-1748356065282\",\"name\":\"Como posso buscar ajuda para vencer a depress\u00e3o?\",\"answerCount\":1,\"acceptedAnswer\":{\"@type\":\"Answer\",\"text\":\"Buscar ajuda profissional, como terapia, e conversar com amigos ou familiares s\u00e3o \u00f3timas maneiras de come\u00e7ar a enfrentar a depress\u00e3o.\",\"inLanguage\":\"pt-BR\"},\"inLanguage\":\"pt-BR\"}]}<\/script>\n<!-- \/ Yoast SEO Premium plugin. -->","yoast_head_json":{"title":"Como Vencer Depress\u00e3o: Sinais, Causas e Caminhos","description":"Descubra os sinais que voc\u00ea n\u00e3o pode ignorar e os segredos para vencer a depress\u00e3o de uma vez por todas! Voc\u00ea est\u00e1 pronto para mudar?","robots":{"index":"index","follow":"follow","max-snippet":"max-snippet:-1","max-image-preview":"max-image-preview:large","max-video-preview":"max-video-preview:-1"},"canonical":"https:\/\/ianima.com.br\/blog\/saude-mental\/como-vencer-depressao-sinais-causas-e-caminhos\/","og_locale":"pt_BR","og_type":"article","og_title":"Como Vencer Depress\u00e3o: Sinais, Causas e Caminhos","og_description":"Descubra os sinais que voc\u00ea n\u00e3o pode ignorar e os segredos para vencer a depress\u00e3o de uma vez por todas! Voc\u00ea est\u00e1 pronto para mudar?","og_url":"https:\/\/ianima.com.br\/blog\/saude-mental\/como-vencer-depressao-sinais-causas-e-caminhos\/","og_site_name":"Terapia Online com IANIMA: Inova\u00e7\u00e3o e Aconselhamento. O terapeuta online ao seu alcance.","article_published_time":"2025-05-27T14:29:38+00:00","og_image":[{"width":1536,"height":1024,"url":"https:\/\/ianima.com.br\/blog\/wp-content\/uploads\/2025\/05\/1MM-579.webp","type":"image\/webp"}],"author":"Wanderlei Talib","twitter_card":"summary_large_image","twitter_misc":{"Escrito por":"Wanderlei Talib","Est. tempo de leitura":"7 minutos"},"schema":{"@context":"https:\/\/schema.org","@graph":[{"@type":"Article","@id":"https:\/\/ianima.com.br\/blog\/saude-mental\/como-vencer-depressao-sinais-causas-e-caminhos\/#article","isPartOf":{"@id":"https:\/\/ianima.com.br\/blog\/saude-mental\/como-vencer-depressao-sinais-causas-e-caminhos\/"},"author":{"name":"Wanderlei Talib","@id":"https:\/\/ianima.com.br\/blog\/#\/schema\/person\/85378d6a819826ce615ae2a7a04f68d8"},"headline":"Como Vencer Depress\u00e3o: Sinais, Causas e Caminhos","datePublished":"2025-05-27T14:29:38+00:00","dateModified":"2025-05-27T14:29:38+00:00","mainEntityOfPage":{"@id":"https:\/\/ianima.com.br\/blog\/saude-mental\/como-vencer-depressao-sinais-causas-e-caminhos\/"},"wordCount":1229,"publisher":{"@id":"https:\/\/ianima.com.br\/blog\/#organization"},"articleSection":["Sa\u00fade Mental"],"inLanguage":"pt-BR"},{"@type":["WebPage","FAQPage"],"@id":"https:\/\/ianima.com.br\/blog\/saude-mental\/como-vencer-depressao-sinais-causas-e-caminhos\/","url":"https:\/\/ianima.com.br\/blog\/saude-mental\/como-vencer-depressao-sinais-causas-e-caminhos\/","name":"Como Vencer Depress\u00e3o: Sinais, Causas e Caminhos","isPartOf":{"@id":"https:\/\/ianima.com.br\/blog\/#website"},"datePublished":"2025-05-27T14:29:38+00:00","dateModified":"2025-05-27T14:29:38+00:00","description":"Descubra os sinais que voc\u00ea n\u00e3o pode ignorar e os segredos para vencer a depress\u00e3o de uma vez por todas! Voc\u00ea est\u00e1 pronto para mudar?","breadcrumb":{"@id":"https:\/\/ianima.com.br\/blog\/saude-mental\/como-vencer-depressao-sinais-causas-e-caminhos\/#breadcrumb"},"mainEntity":[{"@id":"https:\/\/ianima.com.br\/blog\/saude-mental\/como-vencer-depressao-sinais-causas-e-caminhos\/#faq-question-1748356023167"},{"@id":"https:\/\/ianima.com.br\/blog\/saude-mental\/como-vencer-depressao-sinais-causas-e-caminhos\/#faq-question-1748356042838"},{"@id":"https:\/\/ianima.com.br\/blog\/saude-mental\/como-vencer-depressao-sinais-causas-e-caminhos\/#faq-question-1748356065282"}],"inLanguage":"pt-BR","potentialAction":[{"@type":"ReadAction","target":["https:\/\/ianima.com.br\/blog\/saude-mental\/como-vencer-depressao-sinais-causas-e-caminhos\/"]}]},{"@type":"BreadcrumbList","@id":"https:\/\/ianima.com.br\/blog\/saude-mental\/como-vencer-depressao-sinais-causas-e-caminhos\/#breadcrumb","itemListElement":[{"@type":"ListItem","position":1,"name":"In\u00edcio","item":"https:\/\/ianima.com.br\/blog\/"},{"@type":"ListItem","position":2,"name":"Como Vencer Depress\u00e3o: Sinais, Causas e Caminhos"}]},{"@type":"WebSite","@id":"https:\/\/ianima.com.br\/blog\/#website","url":"https:\/\/ianima.com.br\/blog\/","name":"Terapia Online com IANIMA: Inova\u00e7\u00e3o e Aconselhamento. O terapeuta online ao seu alcance.","description":"Terapia gratuita online com a IAnima, sua terapeuta online. Artigos sobre terapias online, sa\u00fade mental e bem-estar.","publisher":{"@id":"https:\/\/ianima.com.br\/blog\/#organization"},"potentialAction":[{"@type":"SearchAction","target":{"@type":"EntryPoint","urlTemplate":"https:\/\/ianima.com.br\/blog\/?s={search_term_string}"},"query-input":"required name=search_term_string"}],"inLanguage":"pt-BR"},{"@type":"Organization","@id":"https:\/\/ianima.com.br\/blog\/#organization","name":"Terapia Online com IANIMA: Inova\u00e7\u00e3o e Aconselhamento. O terapeuta online ao seu alcance.","url":"https:\/\/ianima.com.br\/blog\/","logo":{"@type":"ImageObject","inLanguage":"pt-BR","@id":"https:\/\/ianima.com.br\/blog\/#\/schema\/logo\/image\/","url":"https:\/\/ianima.com.br\/blog\/wp-content\/uploads\/2025\/04\/cropped-IAnima-terapia-online.webp","contentUrl":"https:\/\/ianima.com.br\/blog\/wp-content\/uploads\/2025\/04\/cropped-IAnima-terapia-online.webp","width":819,"height":222,"caption":"Terapia Online com IANIMA: Inova\u00e7\u00e3o e Aconselhamento. O terapeuta online ao seu alcance."},"image":{"@id":"https:\/\/ianima.com.br\/blog\/#\/schema\/logo\/image\/"}},{"@type":"Person","@id":"https:\/\/ianima.com.br\/blog\/#\/schema\/person\/85378d6a819826ce615ae2a7a04f68d8","name":"Wanderlei Talib","image":{"@type":"ImageObject","inLanguage":"pt-BR","@id":"https:\/\/ianima.com.br\/blog\/#\/schema\/person\/image\/","url":"https:\/\/ianima.com.br\/blog\/wp-content\/litespeed\/avatar\/a0461c2b338365ab5dd45a3e926e23c7.jpg?ver=1777055969","contentUrl":"https:\/\/ianima.com.br\/blog\/wp-content\/litespeed\/avatar\/a0461c2b338365ab5dd45a3e926e23c7.jpg?ver=1777055969","caption":"Wanderlei Talib"},"sameAs":["https:\/\/ianima.com.br\/blog"],"url":"https:\/\/ianima.com.br\/blog\/author\/adminedu\/"},{"@type":"Question","@id":"https:\/\/ianima.com.br\/blog\/saude-mental\/como-vencer-depressao-sinais-causas-e-caminhos\/#faq-question-1748356023167","position":1,"url":"https:\/\/ianima.com.br\/blog\/saude-mental\/como-vencer-depressao-sinais-causas-e-caminhos\/#faq-question-1748356023167","name":"O que \u00e9 depress\u00e3o?","answerCount":1,"acceptedAnswer":{"@type":"Answer","text":"A depress\u00e3o \u00e9 um transtorno mental que afeta o humor, a energia e a motiva\u00e7\u00e3o, fazendo a pessoa se sentir triste e desmotivada.","inLanguage":"pt-BR"},"inLanguage":"pt-BR"},{"@type":"Question","@id":"https:\/\/ianima.com.br\/blog\/saude-mental\/como-vencer-depressao-sinais-causas-e-caminhos\/#faq-question-1748356042838","position":2,"url":"https:\/\/ianima.com.br\/blog\/saude-mental\/como-vencer-depressao-sinais-causas-e-caminhos\/#faq-question-1748356042838","name":"Quais s\u00e3o os sinais de que estou com depress\u00e3o?","answerCount":1,"acceptedAnswer":{"@type":"Answer","text":"Os sinais incluem tristeza constante, falta de interesse em atividades, altera\u00e7\u00f5es no sono e apetite, al\u00e9m de dificuldade de concentra\u00e7\u00e3o.","inLanguage":"pt-BR"},"inLanguage":"pt-BR"},{"@type":"Question","@id":"https:\/\/ianima.com.br\/blog\/saude-mental\/como-vencer-depressao-sinais-causas-e-caminhos\/#faq-question-1748356065282","position":3,"url":"https:\/\/ianima.com.br\/blog\/saude-mental\/como-vencer-depressao-sinais-causas-e-caminhos\/#faq-question-1748356065282","name":"Como posso buscar ajuda para vencer a depress\u00e3o?","answerCount":1,"acceptedAnswer":{"@type":"Answer","text":"Buscar ajuda profissional, como terapia, e conversar com amigos ou familiares s\u00e3o \u00f3timas maneiras de come\u00e7ar a enfrentar a depress\u00e3o.","inLanguage":"pt-BR"},"inLanguage":"pt-BR"}]}},"_links":{"self":[{"href":"https:\/\/ianima.com.br\/blog\/wp-json\/wp\/v2\/posts\/5049","targetHints":{"allow":["GET"]}}],"collection":[{"href":"https:\/\/ianima.com.br\/blog\/wp-json\/wp\/v2\/posts"}],"about":[{"href":"https:\/\/ianima.com.br\/blog\/wp-json\/wp\/v2\/types\/post"}],"author":[{"embeddable":true,"href":"https:\/\/ianima.com.br\/blog\/wp-json\/wp\/v2\/users\/1"}],"replies":[{"embeddable":true,"href":"https:\/\/ianima.com.br\/blog\/wp-json\/wp\/v2\/comments?post=5049"}],"version-history":[{"count":1,"href":"https:\/\/ianima.com.br\/blog\/wp-json\/wp\/v2\/posts\/5049\/revisions"}],"predecessor-version":[{"id":5053,"href":"https:\/\/ianima.com.br\/blog\/wp-json\/wp\/v2\/posts\/5049\/revisions\/5053"}],"wp:featuredmedia":[{"embeddable":true,"href":"https:\/\/ianima.com.br\/blog\/wp-json\/wp\/v2\/media\/5051"}],"wp:attachment":[{"href":"https:\/\/ianima.com.br\/blog\/wp-json\/wp\/v2\/media?parent=5049"}],"wp:term":[{"taxonomy":"category","embeddable":true,"href":"https:\/\/ianima.com.br\/blog\/wp-json\/wp\/v2\/categories?post=5049"},{"taxonomy":"post_tag","embeddable":true,"href":"https:\/\/ianima.com.br\/blog\/wp-json\/wp\/v2\/tags?post=5049"}],"curies":[{"name":"wp","href":"https:\/\/api.w.org\/{rel}","templated":true}]}}