{"id":6377,"date":"2025-06-17T04:55:15","date_gmt":"2025-06-17T04:55:15","guid":{"rendered":"https:\/\/ianima.com.br\/blog\/?p=6377"},"modified":"2025-06-17T04:55:16","modified_gmt":"2025-06-17T04:55:16","slug":"foto-da-ansiedade-do-divertida-mente-2-o-que-voce-precisa-saber","status":"publish","type":"post","link":"https:\/\/ianima.com.br\/blog\/saude-mental\/foto-da-ansiedade-do-divertida-mente-2-o-que-voce-precisa-saber\/","title":{"rendered":"Foto da Ansiedade do Divertida Mente 2: O Que Voc\u00ea Precisa Saber"},"content":{"rendered":"\n<p>Antes de tudo, quem assistiu ao primeiro filme da franquia &#8220;Divertida Mente&#8221; sabe o quanto as emo\u00e7\u00f5es podem ganhar vida pr\u00f3pria dentro da nossa mente. Agora, com a chegada de <strong>&#8220;Divertida Mente 2&#8221;<\/strong>, uma nova personagem ganhou destaque: a <strong>Ansiedade<\/strong>. A curiosidade em torno da <strong>foto da ansiedade do Divertida Mente 2<\/strong> cresceu rapidamente nas redes sociais. Afinal, como a anima\u00e7\u00e3o representou essa emo\u00e7\u00e3o t\u00e3o presente no cotidiano de muitas pessoas? Descubra os detalhes visuais, os sinais psicol\u00f3gicos e o impacto emocional por tr\u00e1s dessa nova personagem que promete gerar identifica\u00e7\u00e3o imediata.<\/p>\n\n\n\n<p>Descubra os sinais, causas e caminhos para compreender a <strong>foto da ansiedade do Divertida Mente 2<\/strong> que podem estar impactando sua vida.<\/p>\n\n\n\n<h2 class=\"wp-block-heading\" id=\"h-os-sinais-e-sintomas-da-ansiedade-representados-na-foto\">Os Sinais e Sintomas da Ansiedade Representados na Foto<\/h2>\n\n\n\n<p>Na t\u00e3o comentada <strong>foto da ansiedade do Divertida Mente 2<\/strong>, os tra\u00e7os visuais s\u00e3o cuidadosamente desenhados para refletir os principais sintomas emocionais e f\u00edsicos dessa emo\u00e7\u00e3o. A personagem apresenta:<\/p>\n\n\n\n<ul class=\"wp-block-list\">\n<li><strong>Olhos arregalados e inquietos<\/strong>, demonstrando estado de alerta constante.<\/li>\n\n\n\n<li><strong>Postura corporal tensionada<\/strong>, com ombros elevados e m\u00e3os agitadas.<\/li>\n\n\n\n<li><strong>Express\u00e3o facial de preocupa\u00e7\u00e3o intensa<\/strong>, como se estivesse antecipando algo ruim o tempo todo.<\/li>\n\n\n\n<li><strong>Movimentos r\u00e1pidos e descoordenados<\/strong>, simbolizando a mente acelerada.<\/li>\n<\/ul>\n\n\n\n<p>Al\u00e9m disso, os tons de cor usados na personagem s\u00e3o frios e esverdeados, transmitindo visualmente a sensa\u00e7\u00e3o de desconforto interno que muitas pessoas sentem durante epis\u00f3dios de ansiedade.<\/p>\n\n\n\n<h2 class=\"wp-block-heading\" id=\"h-a-psicologia-por-tras-da-vida-real-a-ansiedade-no-dia-a-dia\">A Psicologia por Tr\u00e1s da Vida Real: A Ansiedade no Dia a Dia *<\/h2>\n\n\n\n<p>Assim como na <strong>foto da ansiedade do Divertida Mente 2<\/strong>, muitas pessoas vivem com essa emo\u00e7\u00e3o diariamente. Imagine uma situa\u00e7\u00e3o comum: uma reuni\u00e3o importante no trabalho. Assim como a personagem da anima\u00e7\u00e3o, a pessoa pode sentir o cora\u00e7\u00e3o acelerado, m\u00e3os suadas e pensamentos que correm sem parar.<\/p>\n\n\n\n<p>Outro exemplo \u00e9 aquele momento antes de uma prova ou uma apresenta\u00e7\u00e3o em p\u00fablico. A mente cria cen\u00e1rios negativos antecipadamente, dificultando a concentra\u00e7\u00e3o e aumentando a tens\u00e3o f\u00edsica. A representa\u00e7\u00e3o da personagem traz \u00e0 tona essa realidade de forma l\u00fadica, por\u00e9m fiel \u00e0 experi\u00eancia emocional de quem vive com <strong>ansiedade<\/strong>.<\/p>\n\n\n\n<h2 class=\"wp-block-heading\" id=\"h-compreendendo-os-momentos-criticos-da-ansiedade\">Compreendendo os Momentos Cr\u00edticos da Ansiedade<\/h2>\n\n\n\n<p>A <strong>foto da ansiedade do Divertida Mente 2<\/strong> tamb\u00e9m reflete os chamados &#8220;momentos cr\u00edticos&#8221; dessa emo\u00e7\u00e3o. S\u00e3o aqueles instantes em que a preocupa\u00e7\u00e3o atinge um pico, como:<\/p>\n\n\n\n<ul class=\"wp-block-list\">\n<li>Antes de tomar uma decis\u00e3o importante.<\/li>\n\n\n\n<li>Durante um imprevisto que foge ao controle.<\/li>\n\n\n\n<li>Ao antecipar um poss\u00edvel problema que pode nem acontecer.<\/li>\n<\/ul>\n\n\n\n<p>Nesses momentos, o corpo reage como se estivesse em perigo real, mesmo que a amea\u00e7a seja apenas mental.<\/p>\n\n\n\n<h2 class=\"wp-block-heading\" id=\"h-o-que-desencadeia-a-ansiedade\">O Que Desencadeia a Ansiedade?<\/h2>\n\n\n\n<p>Vendo a <strong>foto da ansiedade do Divertida Mente 2<\/strong>, fica claro que a personagem est\u00e1 sempre em estado de alerta. Na vida real, os gatilhos podem ser diversos:<\/p>\n\n\n\n<ul class=\"wp-block-list\">\n<li><strong>Situa\u00e7\u00f5es novas e desconhecidas<\/strong>, como mudan\u00e7as de escola, trabalho ou cidade.<\/li>\n\n\n\n<li><strong>Excesso de cobran\u00e7as internas<\/strong>, como perfeccionismo e medo de falhar.<\/li>\n\n\n\n<li><strong>Experi\u00eancias passadas traum\u00e1ticas<\/strong>, que deixaram marcas emocionais.<\/li>\n<\/ul>\n\n\n\n<p>Al\u00e9m disso, fatores biol\u00f3gicos e hormonais tamb\u00e9m podem influenciar a frequ\u00eancia e a intensidade das crises de <strong>ansiedade<\/strong>.<\/p>\n\n\n\n<h2 class=\"wp-block-heading\" id=\"h-mitos-e-verdades-sobre-solucoes-para-a-ansiedade\">Mitos e Verdades sobre Solu\u00e7\u00f5es para a Ansiedade<\/h2>\n\n\n\n<p>Ao observar a <strong>foto da ansiedade do Divertida Mente 2<\/strong>, \u00e9 natural pensar em solu\u00e7\u00f5es r\u00e1pidas. No entanto, alguns mitos precisam ser esclarecidos:<\/p>\n\n\n\n<ul class=\"wp-block-list\">\n<li><strong>Mito:<\/strong> &#8220;Ansiedade \u00e9 apenas frescura.&#8221;<br><strong>Verdade:<\/strong> Trata-se de uma emo\u00e7\u00e3o real, com base fisiol\u00f3gica e psicol\u00f3gica.<\/li>\n\n\n\n<li><strong>Mito:<\/strong> &#8220;Respirar fundo resolve tudo.&#8221;<br><strong>Verdade:<\/strong> T\u00e9cnicas de respira\u00e7\u00e3o ajudam, mas podem ser apenas uma parte do manejo.<\/li>\n\n\n\n<li><strong>Mito:<\/strong> &#8220;Quem tem ansiedade \u00e9 fraco emocionalmente.&#8221;<br><strong>Verdade:<\/strong> Ter <strong>ansiedade<\/strong> n\u00e3o define for\u00e7a ou fraqueza, mas sim uma resposta emocional a est\u00edmulos.<\/li>\n<\/ul>\n\n\n\n<h2 class=\"wp-block-heading\" id=\"h-como-lidar-com-a-ansiedade-no-dia-a-dia\">Como Lidar com a Ansiedade no Dia a Dia<\/h2>\n\n\n\n<p>Assim como a personagem de <strong>Divertida Mente 2<\/strong>, lidar com a <strong>ansiedade<\/strong> envolve autoconhecimento e algumas pr\u00e1ticas \u00fateis:<\/p>\n\n\n\n<ul class=\"wp-block-list\">\n<li><strong>Reconhecer os gatilhos emocionais<\/strong>.<\/li>\n\n\n\n<li><strong>Criar rotinas de autocuidado<\/strong>, como momentos de lazer e relaxamento.<\/li>\n\n\n\n<li><strong>Praticar respira\u00e7\u00e3o consciente<\/strong> e t\u00e9cnicas de aten\u00e7\u00e3o plena (mindfulness).<\/li>\n\n\n\n<li><strong>Buscar apoio emocional<\/strong>, seja com amigos, familiares ou profissionais.<\/li>\n<\/ul>\n\n\n\n<h2 class=\"wp-block-heading\" id=\"h-a-ansiedade-no-corpo-e-na-mente-manifestacoes\">A Ansiedade no Corpo e na Mente: Manifesta\u00e7\u00f5es<\/h2>\n\n\n\n<p>A <strong>foto da ansiedade do Divertida Mente 2<\/strong> refor\u00e7a um aspecto importante: a conex\u00e3o entre corpo e mente. Alguns sintomas f\u00edsicos comuns incluem:<\/p>\n\n\n\n<ul class=\"wp-block-list\">\n<li>Tens\u00e3o muscular.<\/li>\n\n\n\n<li>Sudorese excessiva.<\/li>\n\n\n\n<li>Palpita\u00e7\u00f5es card\u00edacas.<\/li>\n\n\n\n<li>Dores de cabe\u00e7a.<\/li>\n<\/ul>\n\n\n\n<p>J\u00e1 as manifesta\u00e7\u00f5es mentais envolvem:<\/p>\n\n\n\n<ul class=\"wp-block-list\">\n<li>Pensamentos acelerados.<\/li>\n\n\n\n<li>Preocupa\u00e7\u00f5es constantes.<\/li>\n\n\n\n<li>Dificuldade de concentra\u00e7\u00e3o.<\/li>\n\n\n\n<li>Medo de situa\u00e7\u00f5es futuras.<\/li>\n<\/ul>\n\n\n\n<h2 class=\"wp-block-heading\" id=\"h-ansiedade-social-uma-perspectiva-ampliada\">Ansiedade Social: Uma Perspectiva Ampliada<\/h2>\n\n\n\n<p>Al\u00e9m da ansiedade geral, existe a <strong>ansiedade social<\/strong>, que envolve medo intenso de intera\u00e7\u00f5es sociais. Pessoas com esse perfil podem evitar festas, reuni\u00f5es ou qualquer situa\u00e7\u00e3o que envolva exposi\u00e7\u00e3o p\u00fablica. A personagem da anima\u00e7\u00e3o, com seus olhares preocupados e postura retra\u00edda, pode facilmente representar esse tipo espec\u00edfico de <strong>ansiedade<\/strong>.<\/p>\n\n\n\n<h2 class=\"wp-block-heading\" id=\"h-quem-busca-alivio-para-a-ansiedade\">Quem Busca Al\u00edvio para a Ansiedade?<\/h2>\n\n\n\n<p>Pessoas de todas as idades podem se identificar com a <strong>foto da ansiedade do Divertida Mente 2<\/strong>. Crian\u00e7as, adolescentes e adultos que vivenciam situa\u00e7\u00f5es de:<\/p>\n\n\n\n<ul class=\"wp-block-list\">\n<li>Excesso de estresse escolar ou profissional.<\/li>\n\n\n\n<li>Mudan\u00e7as importantes na vida.<\/li>\n\n\n\n<li>Experi\u00eancias de perda ou inseguran\u00e7a emocional.<\/li>\n<\/ul>\n\n\n\n<p>Esse p\u00fablico busca, muitas vezes, entender melhor o que sentem e encontrar formas de al\u00edvio.<\/p>\n\n\n\n<h2 class=\"wp-block-heading\" id=\"h-diferentes-abordagens-para-lidar-com-a-ansiedade\">Diferentes Abordagens para Lidar com a Ansiedade<\/h2>\n\n\n\n<p>Entre as abordagens mais comuns est\u00e3o:<\/p>\n\n\n\n<ul class=\"wp-block-list\">\n<li><strong>Terapias cognitivas e comportamentais<\/strong>.<\/li>\n\n\n\n<li><strong>Atividades f\u00edsicas regulares<\/strong>, como caminhadas ou yoga.<\/li>\n\n\n\n<li><strong>Pr\u00e1ticas de medita\u00e7\u00e3o e mindfulness<\/strong>.<\/li>\n\n\n\n<li><strong>Mudan\u00e7as no estilo de vida<\/strong>, como melhorar o sono e reduzir cafe\u00edna.<\/li>\n<\/ul>\n\n\n\n<h2 class=\"wp-block-heading\" id=\"h-sinais-de-alerta-quando-buscar-ajuda-profissional\">Sinais de Alerta: Quando Buscar Ajuda Profissional<\/h2>\n\n\n\n<p>Se a <strong>ansiedade<\/strong> come\u00e7a a:<\/p>\n\n\n\n<ul class=\"wp-block-list\">\n<li>Interferir nas atividades di\u00e1rias.<\/li>\n\n\n\n<li>Causar sofrimento intenso.<\/li>\n\n\n\n<li>Provocar sintomas f\u00edsicos recorrentes.<\/li>\n<\/ul>\n\n\n\n<p>\u00c9 importante considerar buscar apoio de um profissional de sa\u00fade mental. Psic\u00f3logos e m\u00e9dicos podem ajudar a encontrar o melhor caminho de cuidado.<\/p>\n\n\n\n<h2 class=\"wp-block-heading\" id=\"h-recursos-e-informacoes-confiaveis-sobre-a-ansiedade\">Recursos e Informa\u00e7\u00f5es Confi\u00e1veis sobre a Ansiedade<\/h2>\n\n\n\n<p>Para quem deseja saber mais al\u00e9m da <strong>foto da ansiedade do Divertida Mente 2<\/strong>, algumas fontes confi\u00e1veis incluem:<\/p>\n\n\n\n<ul class=\"wp-block-list\">\n<li>Sites de institui\u00e7\u00f5es de sa\u00fade mental reconhecidas.<\/li>\n\n\n\n<li>Livros sobre intelig\u00eancia emocional e regula\u00e7\u00e3o emocional.<\/li>\n\n\n\n<li>Podcasts e v\u00eddeos educativos de psic\u00f3logos renomados.<\/li>\n<\/ul>\n\n\n\n<h2 class=\"wp-block-heading\" id=\"h-dicas-para-acao-imediata-em-momentos-de-ansiedade\">Dicas para A\u00e7\u00e3o Imediata em Momentos de Ansiedade<\/h2>\n\n\n\n<p>Quando a <strong>ansiedade<\/strong> apertar, algumas a\u00e7\u00f5es r\u00e1pidas podem ajudar:<\/p>\n\n\n\n<ul class=\"wp-block-list\">\n<li><strong>Praticar respira\u00e7\u00e3o diafragm\u00e1tica<\/strong>: Inspire pelo nariz, conte at\u00e9 4, segure, e solte pela boca contando at\u00e9 6.<\/li>\n\n\n\n<li><strong>Fazer ancoragem sensorial<\/strong>: Toque um objeto de textura diferente para se conectar com o presente.<\/li>\n\n\n\n<li><strong>Redirecionar o foco<\/strong>: Mude de ambiente ou realize uma tarefa simples e pr\u00e1tica.<\/li>\n<\/ul>\n\n\n\n<h2 class=\"wp-block-heading\" id=\"h-conclusao\">Conclus\u00e3o<\/h2>\n\n\n\n<p>Em suma, a <strong>foto da ansiedade do Divertida Mente 2<\/strong> vai muito al\u00e9m de um simples personagem animado. Ela representa de forma criativa e acess\u00edvel uma experi\u00eancia emocional real, que faz parte da vida de milh\u00f5es de pessoas. Se voc\u00ea se identifica com esses sinais, buscar informa\u00e7\u00e3o e apoio pode ser o primeiro passo para uma vida mais leve e equilibrada!<\/p>\n\n\n\n<p>* Essas narrativas s\u00e3o fict\u00edcias mas inspiradas em situa\u00e7\u00f5es comumente vivenciadas nos estudos e na cl\u00ednica psicol\u00f3gica.<\/p>\n\n\n\n<figure class=\"wp-block-image aligncenter size-large is-resized\"><img fetchpriority=\"high\" decoding=\"async\" width=\"1024\" height=\"683\" src=\"https:\/\/ianima.com.br\/blog\/wp-content\/uploads\/2025\/06\/2MM-219-1024x683.webp\" alt=\"Foto da Ansiedade do Divertida Mente 2: O Que Voc\u00ea Precisa Saber\" class=\"wp-image-6380\" style=\"width:500px\" srcset=\"https:\/\/ianima.com.br\/blog\/wp-content\/uploads\/2025\/06\/2MM-219-1024x683.webp 1024w, https:\/\/ianima.com.br\/blog\/wp-content\/uploads\/2025\/06\/2MM-219-300x200.webp 300w, https:\/\/ianima.com.br\/blog\/wp-content\/uploads\/2025\/06\/2MM-219-768x512.webp 768w, https:\/\/ianima.com.br\/blog\/wp-content\/uploads\/2025\/06\/2MM-219.webp 1536w\" sizes=\"(max-width: 1024px) 100vw, 1024px\" \/><\/figure>\n\n\n\n<h2 class=\"wp-block-heading\" id=\"h-perguntas-frequentes-faq\">Perguntas Frequentes (FAQ)<\/h2>\n\n\n\n<div class=\"schema-faq wp-block-yoast-faq-block\"><div class=\"schema-faq-section\" id=\"faq-question-1750135966969\"><strong class=\"schema-faq-question\">Qual \u00e9 a foto da ansiedade do Divertida Mente 2?<\/strong> <p class=\"schema-faq-answer\">A foto da ansiedade em Divertida Mente 2 mostra um personagem azul, com uma express\u00e3o preocupada e olhos grandes, representando a ansiedade de forma divertida.<\/p> <\/div> <div class=\"schema-faq-section\" id=\"faq-question-1750135989308\"><strong class=\"schema-faq-question\">Como a ansiedade \u00e9 retratada no filme?<\/strong> <p class=\"schema-faq-answer\">No filme, a ansiedade \u00e9 mostrada como uma emo\u00e7\u00e3o que interfere nas decis\u00f5es e intera\u00e7\u00f5es, mas com um toque leve e engra\u00e7ado.<\/p> <\/div> <div class=\"schema-faq-section\" id=\"faq-question-1750136010163\"><strong class=\"schema-faq-question\">O que podemos aprender sobre ansiedade com Divertida Mente 2?<\/strong> <p class=\"schema-faq-answer\">O filme ensina que a ansiedade \u00e9 uma parte normal da vida e que \u00e9 importante lidar com ela de forma saud\u00e1vel e com apoio dos amigos.<\/p> <\/div> <\/div>\n\n\n\n<ul class=\"wp-block-yoast-seo-related-links\"><li><a href=\"https:\/\/ianima.com.br\/blog\/saude-mental\/ansiedade-divertida-mente-entenda-seus-sinais-e-caminhos\/\">Ansiedade Divertida Mente: Entenda Seus Sinais e Caminhos<\/a><\/li><li><a href=\"https:\/\/ianima.com.br\/blog\/saude-mental\/sintomas-de-ansiedade-e-depressao-avalie-os-sinais\/\">Sintomas de Ansiedade e Depress\u00e3o: Avalie os Sinais<\/a><\/li><li><a href=\"https:\/\/ianima.com.br\/blog\/saude-mental\/quais-sao-os-sintomas-da-ansiedade-reconheca-os-sinais\/\">Quais S\u00e3o os Sintomas da Ansiedade: Reconhe\u00e7a os Sinais<\/a><\/li><li><a href=\"https:\/\/ianima.com.br\/blog\/saude-mental\/quais-sao-os-sintomas-de-ansiedade-sinais-e-impactos\/\">Quais s\u00e3o os sintomas de ansiedade: sinais e impactos<\/a><\/li><li><a href=\"https:\/\/ianima.com.br\/blog\/saude-mental\/quais-os-sintomas-da-ansiedade-sinais-que-nao-devem-ser-ignorados\/\">Quais os sintomas da ansiedade: sinais que n\u00e3o devem ser ignorados<\/a><\/li><\/ul>\n","protected":false},"excerpt":{"rendered":"<p>Antes de tudo, quem assistiu ao primeiro filme da franquia &#8220;Divertida Mente&#8221; sabe o quanto as emo\u00e7\u00f5es podem ganhar vida pr\u00f3pria dentro da nossa mente. Agora, com a chegada de &#8220;Divertida Mente 2&#8221;, uma nova personagem ganhou destaque: a Ansiedade. A curiosidade em torno da foto da ansiedade do Divertida Mente 2 cresceu rapidamente nas [&hellip;]<\/p>\n","protected":false},"author":1,"featured_media":6379,"comment_status":"closed","ping_status":"closed","sticky":false,"template":"","format":"standard","meta":{"site-sidebar-layout":"default","site-content-layout":"","ast-site-content-layout":"default","site-content-style":"default","site-sidebar-style":"default","ast-global-header-display":"","ast-banner-title-visibility":"","ast-main-header-display":"","ast-hfb-above-header-display":"","ast-hfb-below-header-display":"","ast-hfb-mobile-header-display":"","site-post-title":"","ast-breadcrumbs-content":"","ast-featured-img":"","footer-sml-layout":"","theme-transparent-header-meta":"","adv-header-id-meta":"","stick-header-meta":"","header-above-stick-meta":"","header-main-stick-meta":"","header-below-stick-meta":"","astra-migrate-meta-layouts":"set","ast-page-background-enabled":"default","ast-page-background-meta":{"desktop":{"background-color":"","background-image":"","background-repeat":"repeat","background-position":"center center","background-size":"auto","background-attachment":"scroll","background-type":"","background-media":"","overlay-type":"","overlay-color":"","overlay-opacity":"","overlay-gradient":""},"tablet":{"background-color":"","background-image":"","background-repeat":"repeat","background-position":"center center","background-size":"auto","background-attachment":"scroll","background-type":"","background-media":"","overlay-type":"","overlay-color":"","overlay-opacity":"","overlay-gradient":""},"mobile":{"background-color":"","background-image":"","background-repeat":"repeat","background-position":"center center","background-size":"auto","background-attachment":"scroll","background-type":"","background-media":"","overlay-type":"","overlay-color":"","overlay-opacity":"","overlay-gradient":""}},"ast-content-background-meta":{"desktop":{"background-color":"var(--ast-global-color-5)","background-image":"","background-repeat":"repeat","background-position":"center center","background-size":"auto","background-attachment":"scroll","background-type":"","background-media":"","overlay-type":"","overlay-color":"","overlay-opacity":"","overlay-gradient":""},"tablet":{"background-color":"var(--ast-global-color-5)","background-image":"","background-repeat":"repeat","background-position":"center center","background-size":"auto","background-attachment":"scroll","background-type":"","background-media":"","overlay-type":"","overlay-color":"","overlay-opacity":"","overlay-gradient":""},"mobile":{"background-color":"var(--ast-global-color-5)","background-image":"","background-repeat":"repeat","background-position":"center center","background-size":"auto","background-attachment":"scroll","background-type":"","background-media":"","overlay-type":"","overlay-color":"","overlay-opacity":"","overlay-gradient":""}},"footnotes":""},"categories":[24],"tags":[],"class_list":["post-6377","post","type-post","status-publish","format-standard","has-post-thumbnail","hentry","category-saude-mental"],"yoast_head":"<!-- This site is optimized with the Yoast SEO Premium plugin v20.8 (Yoast SEO v20.8) - https:\/\/yoast.com\/wordpress\/plugins\/seo\/ -->\n<title>Foto da Ansiedade do Divertida Mente 2: O Que Voc\u00ea Precisa Saber<\/title>\n<meta name=\"description\" content=\"Descubra os segredos por tr\u00e1s da nova foto da Ansiedade em Divertida Mente 2! Voc\u00ea n\u00e3o vai acreditar no que isso revela!\" \/>\n<meta name=\"robots\" content=\"index, follow, max-snippet:-1, max-image-preview:large, max-video-preview:-1\" \/>\n<link rel=\"canonical\" href=\"https:\/\/ianima.com.br\/blog\/saude-mental\/foto-da-ansiedade-do-divertida-mente-2-o-que-voce-precisa-saber\/\" \/>\n<meta property=\"og:locale\" content=\"pt_BR\" \/>\n<meta property=\"og:type\" content=\"article\" \/>\n<meta property=\"og:title\" content=\"Foto da Ansiedade do Divertida Mente 2: O Que Voc\u00ea Precisa Saber\" \/>\n<meta property=\"og:description\" content=\"Descubra os segredos por tr\u00e1s da nova foto da Ansiedade em Divertida Mente 2! Voc\u00ea n\u00e3o vai acreditar no que isso revela!\" \/>\n<meta property=\"og:url\" content=\"https:\/\/ianima.com.br\/blog\/saude-mental\/foto-da-ansiedade-do-divertida-mente-2-o-que-voce-precisa-saber\/\" \/>\n<meta property=\"og:site_name\" content=\"Terapia Online com IANIMA: Inova\u00e7\u00e3o e Aconselhamento. O terapeuta online ao seu alcance.\" \/>\n<meta property=\"article:published_time\" content=\"2025-06-17T04:55:15+00:00\" \/>\n<meta property=\"article:modified_time\" content=\"2025-06-17T04:55:16+00:00\" \/>\n<meta property=\"og:image\" content=\"https:\/\/ianima.com.br\/blog\/wp-content\/uploads\/2025\/06\/1MM-219.webp\" \/>\n\t<meta property=\"og:image:width\" content=\"1536\" \/>\n\t<meta property=\"og:image:height\" content=\"1024\" \/>\n\t<meta property=\"og:image:type\" content=\"image\/webp\" \/>\n<meta name=\"author\" content=\"Wanderlei Talib\" \/>\n<meta name=\"twitter:card\" content=\"summary_large_image\" \/>\n<meta name=\"twitter:label1\" content=\"Escrito por\" \/>\n\t<meta name=\"twitter:data1\" content=\"Wanderlei Talib\" \/>\n\t<meta name=\"twitter:label2\" content=\"Est. tempo de leitura\" \/>\n\t<meta name=\"twitter:data2\" content=\"7 minutos\" \/>\n<script type=\"application\/ld+json\" class=\"yoast-schema-graph\">{\"@context\":\"https:\/\/schema.org\",\"@graph\":[{\"@type\":\"Article\",\"@id\":\"https:\/\/ianima.com.br\/blog\/saude-mental\/foto-da-ansiedade-do-divertida-mente-2-o-que-voce-precisa-saber\/#article\",\"isPartOf\":{\"@id\":\"https:\/\/ianima.com.br\/blog\/saude-mental\/foto-da-ansiedade-do-divertida-mente-2-o-que-voce-precisa-saber\/\"},\"author\":{\"name\":\"Wanderlei Talib\",\"@id\":\"https:\/\/ianima.com.br\/blog\/#\/schema\/person\/85378d6a819826ce615ae2a7a04f68d8\"},\"headline\":\"Foto da Ansiedade do Divertida Mente 2: O Que Voc\u00ea Precisa Saber\",\"datePublished\":\"2025-06-17T04:55:15+00:00\",\"dateModified\":\"2025-06-17T04:55:16+00:00\",\"mainEntityOfPage\":{\"@id\":\"https:\/\/ianima.com.br\/blog\/saude-mental\/foto-da-ansiedade-do-divertida-mente-2-o-que-voce-precisa-saber\/\"},\"wordCount\":1353,\"publisher\":{\"@id\":\"https:\/\/ianima.com.br\/blog\/#organization\"},\"articleSection\":[\"Sa\u00fade Mental\"],\"inLanguage\":\"pt-BR\"},{\"@type\":[\"WebPage\",\"FAQPage\"],\"@id\":\"https:\/\/ianima.com.br\/blog\/saude-mental\/foto-da-ansiedade-do-divertida-mente-2-o-que-voce-precisa-saber\/\",\"url\":\"https:\/\/ianima.com.br\/blog\/saude-mental\/foto-da-ansiedade-do-divertida-mente-2-o-que-voce-precisa-saber\/\",\"name\":\"Foto da Ansiedade do Divertida Mente 2: O Que Voc\u00ea Precisa Saber\",\"isPartOf\":{\"@id\":\"https:\/\/ianima.com.br\/blog\/#website\"},\"datePublished\":\"2025-06-17T04:55:15+00:00\",\"dateModified\":\"2025-06-17T04:55:16+00:00\",\"description\":\"Descubra os segredos por tr\u00e1s da nova foto da Ansiedade em Divertida Mente 2! Voc\u00ea n\u00e3o vai acreditar no que isso revela!\",\"breadcrumb\":{\"@id\":\"https:\/\/ianima.com.br\/blog\/saude-mental\/foto-da-ansiedade-do-divertida-mente-2-o-que-voce-precisa-saber\/#breadcrumb\"},\"mainEntity\":[{\"@id\":\"https:\/\/ianima.com.br\/blog\/saude-mental\/foto-da-ansiedade-do-divertida-mente-2-o-que-voce-precisa-saber\/#faq-question-1750135966969\"},{\"@id\":\"https:\/\/ianima.com.br\/blog\/saude-mental\/foto-da-ansiedade-do-divertida-mente-2-o-que-voce-precisa-saber\/#faq-question-1750135989308\"},{\"@id\":\"https:\/\/ianima.com.br\/blog\/saude-mental\/foto-da-ansiedade-do-divertida-mente-2-o-que-voce-precisa-saber\/#faq-question-1750136010163\"}],\"inLanguage\":\"pt-BR\",\"potentialAction\":[{\"@type\":\"ReadAction\",\"target\":[\"https:\/\/ianima.com.br\/blog\/saude-mental\/foto-da-ansiedade-do-divertida-mente-2-o-que-voce-precisa-saber\/\"]}]},{\"@type\":\"BreadcrumbList\",\"@id\":\"https:\/\/ianima.com.br\/blog\/saude-mental\/foto-da-ansiedade-do-divertida-mente-2-o-que-voce-precisa-saber\/#breadcrumb\",\"itemListElement\":[{\"@type\":\"ListItem\",\"position\":1,\"name\":\"In\u00edcio\",\"item\":\"https:\/\/ianima.com.br\/blog\/\"},{\"@type\":\"ListItem\",\"position\":2,\"name\":\"Foto da Ansiedade do Divertida Mente 2: O Que Voc\u00ea Precisa Saber\"}]},{\"@type\":\"WebSite\",\"@id\":\"https:\/\/ianima.com.br\/blog\/#website\",\"url\":\"https:\/\/ianima.com.br\/blog\/\",\"name\":\"Terapia Online com IANIMA: Inova\u00e7\u00e3o e Aconselhamento. O terapeuta online ao seu alcance.\",\"description\":\"Terapia gratuita online com a IAnima, sua terapeuta online. Artigos sobre terapias online, sa\u00fade mental e bem-estar.\",\"publisher\":{\"@id\":\"https:\/\/ianima.com.br\/blog\/#organization\"},\"potentialAction\":[{\"@type\":\"SearchAction\",\"target\":{\"@type\":\"EntryPoint\",\"urlTemplate\":\"https:\/\/ianima.com.br\/blog\/?s={search_term_string}\"},\"query-input\":\"required name=search_term_string\"}],\"inLanguage\":\"pt-BR\"},{\"@type\":\"Organization\",\"@id\":\"https:\/\/ianima.com.br\/blog\/#organization\",\"name\":\"Terapia Online com IANIMA: Inova\u00e7\u00e3o e Aconselhamento. O terapeuta online ao seu alcance.\",\"url\":\"https:\/\/ianima.com.br\/blog\/\",\"logo\":{\"@type\":\"ImageObject\",\"inLanguage\":\"pt-BR\",\"@id\":\"https:\/\/ianima.com.br\/blog\/#\/schema\/logo\/image\/\",\"url\":\"https:\/\/ianima.com.br\/blog\/wp-content\/uploads\/2025\/04\/cropped-IAnima-terapia-online.webp\",\"contentUrl\":\"https:\/\/ianima.com.br\/blog\/wp-content\/uploads\/2025\/04\/cropped-IAnima-terapia-online.webp\",\"width\":819,\"height\":222,\"caption\":\"Terapia Online com IANIMA: Inova\u00e7\u00e3o e Aconselhamento. O terapeuta online ao seu alcance.\"},\"image\":{\"@id\":\"https:\/\/ianima.com.br\/blog\/#\/schema\/logo\/image\/\"}},{\"@type\":\"Person\",\"@id\":\"https:\/\/ianima.com.br\/blog\/#\/schema\/person\/85378d6a819826ce615ae2a7a04f68d8\",\"name\":\"Wanderlei Talib\",\"image\":{\"@type\":\"ImageObject\",\"inLanguage\":\"pt-BR\",\"@id\":\"https:\/\/ianima.com.br\/blog\/#\/schema\/person\/image\/\",\"url\":\"https:\/\/ianima.com.br\/blog\/wp-content\/litespeed\/avatar\/a0461c2b338365ab5dd45a3e926e23c7.jpg?ver=1777055969\",\"contentUrl\":\"https:\/\/ianima.com.br\/blog\/wp-content\/litespeed\/avatar\/a0461c2b338365ab5dd45a3e926e23c7.jpg?ver=1777055969\",\"caption\":\"Wanderlei Talib\"},\"sameAs\":[\"https:\/\/ianima.com.br\/blog\"],\"url\":\"https:\/\/ianima.com.br\/blog\/author\/adminedu\/\"},{\"@type\":\"Question\",\"@id\":\"https:\/\/ianima.com.br\/blog\/saude-mental\/foto-da-ansiedade-do-divertida-mente-2-o-que-voce-precisa-saber\/#faq-question-1750135966969\",\"position\":1,\"url\":\"https:\/\/ianima.com.br\/blog\/saude-mental\/foto-da-ansiedade-do-divertida-mente-2-o-que-voce-precisa-saber\/#faq-question-1750135966969\",\"name\":\"Qual \u00e9 a foto da ansiedade do Divertida Mente 2?\",\"answerCount\":1,\"acceptedAnswer\":{\"@type\":\"Answer\",\"text\":\"A foto da ansiedade em Divertida Mente 2 mostra um personagem azul, com uma express\u00e3o preocupada e olhos grandes, representando a ansiedade de forma divertida.\",\"inLanguage\":\"pt-BR\"},\"inLanguage\":\"pt-BR\"},{\"@type\":\"Question\",\"@id\":\"https:\/\/ianima.com.br\/blog\/saude-mental\/foto-da-ansiedade-do-divertida-mente-2-o-que-voce-precisa-saber\/#faq-question-1750135989308\",\"position\":2,\"url\":\"https:\/\/ianima.com.br\/blog\/saude-mental\/foto-da-ansiedade-do-divertida-mente-2-o-que-voce-precisa-saber\/#faq-question-1750135989308\",\"name\":\"Como a ansiedade \u00e9 retratada no filme?\",\"answerCount\":1,\"acceptedAnswer\":{\"@type\":\"Answer\",\"text\":\"No filme, a ansiedade \u00e9 mostrada como uma emo\u00e7\u00e3o que interfere nas decis\u00f5es e intera\u00e7\u00f5es, mas com um toque leve e engra\u00e7ado.\",\"inLanguage\":\"pt-BR\"},\"inLanguage\":\"pt-BR\"},{\"@type\":\"Question\",\"@id\":\"https:\/\/ianima.com.br\/blog\/saude-mental\/foto-da-ansiedade-do-divertida-mente-2-o-que-voce-precisa-saber\/#faq-question-1750136010163\",\"position\":3,\"url\":\"https:\/\/ianima.com.br\/blog\/saude-mental\/foto-da-ansiedade-do-divertida-mente-2-o-que-voce-precisa-saber\/#faq-question-1750136010163\",\"name\":\"O que podemos aprender sobre ansiedade com Divertida Mente 2?\",\"answerCount\":1,\"acceptedAnswer\":{\"@type\":\"Answer\",\"text\":\"O filme ensina que a ansiedade \u00e9 uma parte normal da vida e que \u00e9 importante lidar com ela de forma saud\u00e1vel e com apoio dos amigos.\",\"inLanguage\":\"pt-BR\"},\"inLanguage\":\"pt-BR\"}]}<\/script>\n<!-- \/ Yoast SEO Premium plugin. -->","yoast_head_json":{"title":"Foto da Ansiedade do Divertida Mente 2: O Que Voc\u00ea Precisa Saber","description":"Descubra os segredos por tr\u00e1s da nova foto da Ansiedade em Divertida Mente 2! Voc\u00ea n\u00e3o vai acreditar no que isso revela!","robots":{"index":"index","follow":"follow","max-snippet":"max-snippet:-1","max-image-preview":"max-image-preview:large","max-video-preview":"max-video-preview:-1"},"canonical":"https:\/\/ianima.com.br\/blog\/saude-mental\/foto-da-ansiedade-do-divertida-mente-2-o-que-voce-precisa-saber\/","og_locale":"pt_BR","og_type":"article","og_title":"Foto da Ansiedade do Divertida Mente 2: O Que Voc\u00ea Precisa Saber","og_description":"Descubra os segredos por tr\u00e1s da nova foto da Ansiedade em Divertida Mente 2! Voc\u00ea n\u00e3o vai acreditar no que isso revela!","og_url":"https:\/\/ianima.com.br\/blog\/saude-mental\/foto-da-ansiedade-do-divertida-mente-2-o-que-voce-precisa-saber\/","og_site_name":"Terapia Online com IANIMA: Inova\u00e7\u00e3o e Aconselhamento. O terapeuta online ao seu alcance.","article_published_time":"2025-06-17T04:55:15+00:00","article_modified_time":"2025-06-17T04:55:16+00:00","og_image":[{"width":1536,"height":1024,"url":"https:\/\/ianima.com.br\/blog\/wp-content\/uploads\/2025\/06\/1MM-219.webp","type":"image\/webp"}],"author":"Wanderlei Talib","twitter_card":"summary_large_image","twitter_misc":{"Escrito por":"Wanderlei Talib","Est. tempo de leitura":"7 minutos"},"schema":{"@context":"https:\/\/schema.org","@graph":[{"@type":"Article","@id":"https:\/\/ianima.com.br\/blog\/saude-mental\/foto-da-ansiedade-do-divertida-mente-2-o-que-voce-precisa-saber\/#article","isPartOf":{"@id":"https:\/\/ianima.com.br\/blog\/saude-mental\/foto-da-ansiedade-do-divertida-mente-2-o-que-voce-precisa-saber\/"},"author":{"name":"Wanderlei Talib","@id":"https:\/\/ianima.com.br\/blog\/#\/schema\/person\/85378d6a819826ce615ae2a7a04f68d8"},"headline":"Foto da Ansiedade do Divertida Mente 2: O Que Voc\u00ea Precisa Saber","datePublished":"2025-06-17T04:55:15+00:00","dateModified":"2025-06-17T04:55:16+00:00","mainEntityOfPage":{"@id":"https:\/\/ianima.com.br\/blog\/saude-mental\/foto-da-ansiedade-do-divertida-mente-2-o-que-voce-precisa-saber\/"},"wordCount":1353,"publisher":{"@id":"https:\/\/ianima.com.br\/blog\/#organization"},"articleSection":["Sa\u00fade Mental"],"inLanguage":"pt-BR"},{"@type":["WebPage","FAQPage"],"@id":"https:\/\/ianima.com.br\/blog\/saude-mental\/foto-da-ansiedade-do-divertida-mente-2-o-que-voce-precisa-saber\/","url":"https:\/\/ianima.com.br\/blog\/saude-mental\/foto-da-ansiedade-do-divertida-mente-2-o-que-voce-precisa-saber\/","name":"Foto da Ansiedade do Divertida Mente 2: O Que Voc\u00ea Precisa Saber","isPartOf":{"@id":"https:\/\/ianima.com.br\/blog\/#website"},"datePublished":"2025-06-17T04:55:15+00:00","dateModified":"2025-06-17T04:55:16+00:00","description":"Descubra os segredos por tr\u00e1s da nova foto da Ansiedade em Divertida Mente 2! Voc\u00ea n\u00e3o vai acreditar no que isso revela!","breadcrumb":{"@id":"https:\/\/ianima.com.br\/blog\/saude-mental\/foto-da-ansiedade-do-divertida-mente-2-o-que-voce-precisa-saber\/#breadcrumb"},"mainEntity":[{"@id":"https:\/\/ianima.com.br\/blog\/saude-mental\/foto-da-ansiedade-do-divertida-mente-2-o-que-voce-precisa-saber\/#faq-question-1750135966969"},{"@id":"https:\/\/ianima.com.br\/blog\/saude-mental\/foto-da-ansiedade-do-divertida-mente-2-o-que-voce-precisa-saber\/#faq-question-1750135989308"},{"@id":"https:\/\/ianima.com.br\/blog\/saude-mental\/foto-da-ansiedade-do-divertida-mente-2-o-que-voce-precisa-saber\/#faq-question-1750136010163"}],"inLanguage":"pt-BR","potentialAction":[{"@type":"ReadAction","target":["https:\/\/ianima.com.br\/blog\/saude-mental\/foto-da-ansiedade-do-divertida-mente-2-o-que-voce-precisa-saber\/"]}]},{"@type":"BreadcrumbList","@id":"https:\/\/ianima.com.br\/blog\/saude-mental\/foto-da-ansiedade-do-divertida-mente-2-o-que-voce-precisa-saber\/#breadcrumb","itemListElement":[{"@type":"ListItem","position":1,"name":"In\u00edcio","item":"https:\/\/ianima.com.br\/blog\/"},{"@type":"ListItem","position":2,"name":"Foto da Ansiedade do Divertida Mente 2: O Que Voc\u00ea Precisa Saber"}]},{"@type":"WebSite","@id":"https:\/\/ianima.com.br\/blog\/#website","url":"https:\/\/ianima.com.br\/blog\/","name":"Terapia Online com IANIMA: Inova\u00e7\u00e3o e Aconselhamento. O terapeuta online ao seu alcance.","description":"Terapia gratuita online com a IAnima, sua terapeuta online. Artigos sobre terapias online, sa\u00fade mental e bem-estar.","publisher":{"@id":"https:\/\/ianima.com.br\/blog\/#organization"},"potentialAction":[{"@type":"SearchAction","target":{"@type":"EntryPoint","urlTemplate":"https:\/\/ianima.com.br\/blog\/?s={search_term_string}"},"query-input":"required name=search_term_string"}],"inLanguage":"pt-BR"},{"@type":"Organization","@id":"https:\/\/ianima.com.br\/blog\/#organization","name":"Terapia Online com IANIMA: Inova\u00e7\u00e3o e Aconselhamento. O terapeuta online ao seu alcance.","url":"https:\/\/ianima.com.br\/blog\/","logo":{"@type":"ImageObject","inLanguage":"pt-BR","@id":"https:\/\/ianima.com.br\/blog\/#\/schema\/logo\/image\/","url":"https:\/\/ianima.com.br\/blog\/wp-content\/uploads\/2025\/04\/cropped-IAnima-terapia-online.webp","contentUrl":"https:\/\/ianima.com.br\/blog\/wp-content\/uploads\/2025\/04\/cropped-IAnima-terapia-online.webp","width":819,"height":222,"caption":"Terapia Online com IANIMA: Inova\u00e7\u00e3o e Aconselhamento. O terapeuta online ao seu alcance."},"image":{"@id":"https:\/\/ianima.com.br\/blog\/#\/schema\/logo\/image\/"}},{"@type":"Person","@id":"https:\/\/ianima.com.br\/blog\/#\/schema\/person\/85378d6a819826ce615ae2a7a04f68d8","name":"Wanderlei Talib","image":{"@type":"ImageObject","inLanguage":"pt-BR","@id":"https:\/\/ianima.com.br\/blog\/#\/schema\/person\/image\/","url":"https:\/\/ianima.com.br\/blog\/wp-content\/litespeed\/avatar\/a0461c2b338365ab5dd45a3e926e23c7.jpg?ver=1777055969","contentUrl":"https:\/\/ianima.com.br\/blog\/wp-content\/litespeed\/avatar\/a0461c2b338365ab5dd45a3e926e23c7.jpg?ver=1777055969","caption":"Wanderlei Talib"},"sameAs":["https:\/\/ianima.com.br\/blog"],"url":"https:\/\/ianima.com.br\/blog\/author\/adminedu\/"},{"@type":"Question","@id":"https:\/\/ianima.com.br\/blog\/saude-mental\/foto-da-ansiedade-do-divertida-mente-2-o-que-voce-precisa-saber\/#faq-question-1750135966969","position":1,"url":"https:\/\/ianima.com.br\/blog\/saude-mental\/foto-da-ansiedade-do-divertida-mente-2-o-que-voce-precisa-saber\/#faq-question-1750135966969","name":"Qual \u00e9 a foto da ansiedade do Divertida Mente 2?","answerCount":1,"acceptedAnswer":{"@type":"Answer","text":"A foto da ansiedade em Divertida Mente 2 mostra um personagem azul, com uma express\u00e3o preocupada e olhos grandes, representando a ansiedade de forma divertida.","inLanguage":"pt-BR"},"inLanguage":"pt-BR"},{"@type":"Question","@id":"https:\/\/ianima.com.br\/blog\/saude-mental\/foto-da-ansiedade-do-divertida-mente-2-o-que-voce-precisa-saber\/#faq-question-1750135989308","position":2,"url":"https:\/\/ianima.com.br\/blog\/saude-mental\/foto-da-ansiedade-do-divertida-mente-2-o-que-voce-precisa-saber\/#faq-question-1750135989308","name":"Como a ansiedade \u00e9 retratada no filme?","answerCount":1,"acceptedAnswer":{"@type":"Answer","text":"No filme, a ansiedade \u00e9 mostrada como uma emo\u00e7\u00e3o que interfere nas decis\u00f5es e intera\u00e7\u00f5es, mas com um toque leve e engra\u00e7ado.","inLanguage":"pt-BR"},"inLanguage":"pt-BR"},{"@type":"Question","@id":"https:\/\/ianima.com.br\/blog\/saude-mental\/foto-da-ansiedade-do-divertida-mente-2-o-que-voce-precisa-saber\/#faq-question-1750136010163","position":3,"url":"https:\/\/ianima.com.br\/blog\/saude-mental\/foto-da-ansiedade-do-divertida-mente-2-o-que-voce-precisa-saber\/#faq-question-1750136010163","name":"O que podemos aprender sobre ansiedade com Divertida Mente 2?","answerCount":1,"acceptedAnswer":{"@type":"Answer","text":"O filme ensina que a ansiedade \u00e9 uma parte normal da vida e que \u00e9 importante lidar com ela de forma saud\u00e1vel e com apoio dos amigos.","inLanguage":"pt-BR"},"inLanguage":"pt-BR"}]}},"_links":{"self":[{"href":"https:\/\/ianima.com.br\/blog\/wp-json\/wp\/v2\/posts\/6377","targetHints":{"allow":["GET"]}}],"collection":[{"href":"https:\/\/ianima.com.br\/blog\/wp-json\/wp\/v2\/posts"}],"about":[{"href":"https:\/\/ianima.com.br\/blog\/wp-json\/wp\/v2\/types\/post"}],"author":[{"embeddable":true,"href":"https:\/\/ianima.com.br\/blog\/wp-json\/wp\/v2\/users\/1"}],"replies":[{"embeddable":true,"href":"https:\/\/ianima.com.br\/blog\/wp-json\/wp\/v2\/comments?post=6377"}],"version-history":[{"count":1,"href":"https:\/\/ianima.com.br\/blog\/wp-json\/wp\/v2\/posts\/6377\/revisions"}],"predecessor-version":[{"id":6381,"href":"https:\/\/ianima.com.br\/blog\/wp-json\/wp\/v2\/posts\/6377\/revisions\/6381"}],"wp:featuredmedia":[{"embeddable":true,"href":"https:\/\/ianima.com.br\/blog\/wp-json\/wp\/v2\/media\/6379"}],"wp:attachment":[{"href":"https:\/\/ianima.com.br\/blog\/wp-json\/wp\/v2\/media?parent=6377"}],"wp:term":[{"taxonomy":"category","embeddable":true,"href":"https:\/\/ianima.com.br\/blog\/wp-json\/wp\/v2\/categories?post=6377"},{"taxonomy":"post_tag","embeddable":true,"href":"https:\/\/ianima.com.br\/blog\/wp-json\/wp\/v2\/tags?post=6377"}],"curies":[{"name":"wp","href":"https:\/\/api.w.org\/{rel}","templated":true}]}}