{"id":6487,"date":"2025-06-18T15:57:43","date_gmt":"2025-06-18T15:57:43","guid":{"rendered":"https:\/\/ianima.com.br\/blog\/?p=6487"},"modified":"2025-06-18T15:57:44","modified_gmt":"2025-06-18T15:57:44","slug":"como-saber-se-tenho-burnout-sinais-e-reflexoes-importantes","status":"publish","type":"post","link":"https:\/\/ianima.com.br\/blog\/saude-mental\/como-saber-se-tenho-burnout-sinais-e-reflexoes-importantes\/","title":{"rendered":"Como Saber se Tenho Burnout: Sinais e Reflex\u00f5es Importantes"},"content":{"rendered":"\n<p>Antes de tudo, \u00e9 comum sentir cansa\u00e7o ou des\u00e2nimo ap\u00f3s per\u00edodos de muito esfor\u00e7o, mas quando esse estado se prolonga e afeta v\u00e1rias \u00e1reas da vida, surge uma d\u00favida preocupante: <strong>como saber se tenho burnout?<\/strong> Voc\u00ea j\u00e1 se perguntou se aquele esgotamento constante pode ser algo al\u00e9m de simples estresse? Este artigo traz uma vis\u00e3o clara e acolhedora sobre os sinais, causas e caminhos para compreender o <strong>burnout<\/strong>, condi\u00e7\u00e3o que pode estar impactando sua sa\u00fade emocional e f\u00edsica.<\/p>\n\n\n\n<h2 class=\"wp-block-heading\" id=\"h-os-sinais-e-sintomas-da-burnout\">Os Sinais e Sintomas da Burnout<\/h2>\n\n\n\n<p>O <strong>burnout<\/strong> se manifesta de formas variadas e nem sempre \u00f3bvias. Al\u00e9m do cansa\u00e7o extremo, existem outros sinais importantes para reconhecer.<\/p>\n\n\n\n<p><strong>Sintomas emocionais mais comuns:<\/strong><\/p>\n\n\n\n<ul class=\"wp-block-list\">\n<li>Sensa\u00e7\u00e3o persistente de esgotamento emocional<\/li>\n\n\n\n<li>Irritabilidade e mudan\u00e7as de humor frequentes<\/li>\n\n\n\n<li>Dificuldade de concentra\u00e7\u00e3o e lapsos de mem\u00f3ria<\/li>\n\n\n\n<li>Sentimento de fracasso ou incompet\u00eancia, mesmo ap\u00f3s conquistas<\/li>\n<\/ul>\n\n\n\n<p><strong>Sintomas f\u00edsicos que merecem aten\u00e7\u00e3o:<\/strong><\/p>\n\n\n\n<ul class=\"wp-block-list\">\n<li>Dores de cabe\u00e7a frequentes<\/li>\n\n\n\n<li>Altera\u00e7\u00f5es no sono (ins\u00f4nia ou sono excessivo)<\/li>\n\n\n\n<li>Tens\u00e3o muscular, especialmente na regi\u00e3o do pesco\u00e7o e ombros<\/li>\n\n\n\n<li>Problemas gastrointestinais<\/li>\n<\/ul>\n\n\n\n<p><strong>Sinais comportamentais que podem surgir:<\/strong><\/p>\n\n\n\n<ul class=\"wp-block-list\">\n<li>Afastamento social<\/li>\n\n\n\n<li>Redu\u00e7\u00e3o dr\u00e1stica no desempenho profissional<\/li>\n\n\n\n<li>Procrastina\u00e7\u00e3o excessiva<\/li>\n\n\n\n<li>Perda de interesse por atividades antes prazerosas<\/li>\n<\/ul>\n\n\n\n<p>Al\u00e9m disso, \u00e9 comum a pessoa entrar em um ciclo de autocr\u00edtica e culpa por n\u00e3o conseguir &#8220;dar conta&#8221; das tarefas do dia a dia.<\/p>\n\n\n\n<h2 class=\"wp-block-heading\" id=\"h-a-psicologia-por-tras-da-vida-real-a-burnout-no-dia-a-dia\">A Psicologia por Tr\u00e1s da Vida Real: A Burnout no Dia a Dia *<\/h2>\n\n\n\n<p>Imagine uma profissional dedicada, acostumada a cumprir prazos apertados, que come\u00e7a a acordar com um n\u00f3 no est\u00f4mago ao pensar no trabalho. Mesmo nos fins de semana, ela sente-se incapaz de relaxar, como se sua mente estivesse presa em uma lista infinita de obriga\u00e7\u00f5es.<\/p>\n\n\n\n<p>Do mesmo modo, um estudante universit\u00e1rio pode passar a evitar atividades sociais, sentir cansa\u00e7o extremo ao abrir livros ou at\u00e9 experimentar crises de choro inesperadas. Pequenos problemas ganham propor\u00e7\u00f5es gigantescas, enquanto tarefas simples parecem montanhas intranspon\u00edveis.<\/p>\n\n\n\n<p>Esses cen\u00e1rios mostram como o <strong>burnout<\/strong> pode invadir silenciosamente as esferas emocional, f\u00edsica e social da vida.<\/p>\n\n\n\n<h2 class=\"wp-block-heading\" id=\"h-compreendendo-os-momentos-criticos-da-burnout\">Compreendendo os Momentos Cr\u00edticos da Burnout<\/h2>\n\n\n\n<p>Os momentos cr\u00edticos do <strong>burnout<\/strong> geralmente aparecem quando o corpo e a mente j\u00e1 est\u00e3o operando no limite h\u00e1 algum tempo.<\/p>\n\n\n\n<p><strong>Principais sinais de que o quadro pode estar se agravando:<\/strong><\/p>\n\n\n\n<ul class=\"wp-block-list\">\n<li>Sensa\u00e7\u00e3o de &#8220;colapso iminente&#8221;, como se a pessoa estivesse prestes a desabar<\/li>\n\n\n\n<li>Ataques de p\u00e2nico relacionados ao trabalho ou estudo<\/li>\n\n\n\n<li>Isolamento social intenso, com afastamento at\u00e9 de pessoas pr\u00f3ximas<\/li>\n\n\n\n<li>Pensamentos recorrentes de desist\u00eancia ou fuga das responsabilidades<\/li>\n<\/ul>\n\n\n\n<p>Al\u00e9m disso, muitas pessoas relatam um estado emocional de apatia profunda, onde tudo parece sem sentido.<\/p>\n\n\n\n<h2 class=\"wp-block-heading\" id=\"h-o-que-desencadeia-a-burnout\">O Que Desencadeia a Burnout?<\/h2>\n\n\n\n<p>V\u00e1rios fatores podem desencadear o <strong>burnout<\/strong>, tanto internos quanto externos.<\/p>\n\n\n\n<p><strong>Fatores internos:<\/strong><\/p>\n\n\n\n<ul class=\"wp-block-list\">\n<li>Perfeccionismo excessivo<\/li>\n\n\n\n<li>Dificuldade em estabelecer limites<\/li>\n\n\n\n<li>Necessidade constante de aprova\u00e7\u00e3o<\/li>\n<\/ul>\n\n\n\n<p><strong>Fatores externos:<\/strong><\/p>\n\n\n\n<ul class=\"wp-block-list\">\n<li>Ambientes de trabalho t\u00f3xicos<\/li>\n\n\n\n<li>Sobrecarga de tarefas sem tempo de descanso<\/li>\n\n\n\n<li>Falta de reconhecimento profissional<\/li>\n\n\n\n<li>Press\u00e3o por resultados inating\u00edveis<\/li>\n<\/ul>\n\n\n\n<p>Bem como, mudan\u00e7as repentinas na vida pessoal, como luto ou problemas familiares, podem potencializar a vulnerabilidade ao <strong>burnout<\/strong>.<\/p>\n\n\n\n<h2 class=\"wp-block-heading\" id=\"h-mitos-e-verdades-sobre-solucoes-para-a-burnout\">Mitos e Verdades sobre Solu\u00e7\u00f5es para a Burnout<\/h2>\n\n\n\n<p>\u00c9 comum ouvir que &#8220;tirar f\u00e9rias resolve tudo&#8221;, mas essa \u00e9 uma das maiores ilus\u00f5es sobre o <strong>burnout<\/strong>.<\/p>\n\n\n\n<p><strong>Mitos comuns:<\/strong><\/p>\n\n\n\n<ul class=\"wp-block-list\">\n<li>&#8220;Basta descansar no fim de semana que passa.&#8221;<\/li>\n\n\n\n<li>&#8220;Isso \u00e9 s\u00f3 falta de for\u00e7a de vontade.&#8221;<\/li>\n\n\n\n<li>&#8220;Mudan\u00e7a de emprego resolve de imediato.&#8221;<\/li>\n<\/ul>\n\n\n\n<p><strong>Verdades importantes:<\/strong><\/p>\n\n\n\n<ul class=\"wp-block-list\">\n<li>O descanso f\u00edsico ajuda, mas o emocional precisa de aten\u00e7\u00e3o prolongada.<\/li>\n\n\n\n<li>Reconstruir o equil\u00edbrio emocional leva tempo e pode exigir mudan\u00e7as de h\u00e1bitos.<\/li>\n\n\n\n<li>Buscar apoio psicol\u00f3gico pode ser essencial para reestruturar padr\u00f5es de pensamento e comportamento.<\/li>\n<\/ul>\n\n\n\n<p>Al\u00e9m disso, entender os pr\u00f3prios limites e aprender a estabelecer fronteiras saud\u00e1veis s\u00e3o passos fundamentais na recupera\u00e7\u00e3o.<\/p>\n\n\n\n<h2 class=\"wp-block-heading\" id=\"h-como-lidar-com-a-burnout-no-dia-a-dia\">Como Lidar com a Burnout no Dia a Dia<\/h2>\n\n\n\n<p>Lidar com o <strong>burnout<\/strong> exige a\u00e7\u00f5es pr\u00e1ticas e conscientes.<\/p>\n\n\n\n<p><strong>Algumas estrat\u00e9gias \u00fateis incluem:<\/strong><\/p>\n\n\n\n<ul class=\"wp-block-list\">\n<li>Estabelecer uma rotina com momentos reais de descanso<\/li>\n\n\n\n<li>Praticar atividades que tragam prazer e relaxamento, como medita\u00e7\u00e3o ou caminhadas<\/li>\n\n\n\n<li>Rever expectativas pessoais e profissionais<\/li>\n\n\n\n<li>Compartilhar sentimentos com pessoas de confian\u00e7a<\/li>\n\n\n\n<li>Desenvolver uma nova rela\u00e7\u00e3o com o trabalho, baseada em equil\u00edbrio e prop\u00f3sito<\/li>\n<\/ul>\n\n\n\n<p>Incluir pequenas pausas durante o dia e criar rituais de autocuidado tamb\u00e9m podem fazer grande diferen\u00e7a.<\/p>\n\n\n\n<h2 class=\"wp-block-heading\" id=\"h-a-burnout-no-corpo-e-na-mente-manifestacoes\">A Burnout no Corpo e na Mente: Manifesta\u00e7\u00f5es<\/h2>\n\n\n\n<p>O <strong>burnout<\/strong> se reflete de forma simult\u00e2nea no corpo e na mente.<\/p>\n\n\n\n<p><strong>Manifesta\u00e7\u00f5es f\u00edsicas:<\/strong><\/p>\n\n\n\n<ul class=\"wp-block-list\">\n<li>Fadiga constante<\/li>\n\n\n\n<li>Problemas digestivos<\/li>\n\n\n\n<li>Altera\u00e7\u00f5es no apetite<\/li>\n<\/ul>\n\n\n\n<p><strong>Manifesta\u00e7\u00f5es mentais:<\/strong><\/p>\n\n\n\n<ul class=\"wp-block-list\">\n<li>Pensamentos negativos recorrentes<\/li>\n\n\n\n<li>Sensa\u00e7\u00e3o de desmotiva\u00e7\u00e3o cr\u00f4nica<\/li>\n\n\n\n<li>Dificuldade para tomar decis\u00f5es simples<\/li>\n<\/ul>\n\n\n\n<p>Essa conex\u00e3o corpo-mente \u00e9 um dos aspectos mais delicados do <strong>burnout<\/strong>, pois muitas vezes os sintomas f\u00edsicos s\u00e3o negligenciados at\u00e9 que se tornem incapacitantes.<\/p>\n\n\n\n<h2 class=\"wp-block-heading\" id=\"h-burnout-profissional-uma-perspectiva-ampliada\">Burnout Profissional: Uma Perspectiva Ampliada<\/h2>\n\n\n\n<p>Embora o <strong>burnout<\/strong> seja frequentemente associado ao ambiente de trabalho, ele tamb\u00e9m pode afetar pessoas em outras situa\u00e7\u00f5es.<\/p>\n\n\n\n<p><strong>Exemplos de varia\u00e7\u00f5es:<\/strong><\/p>\n\n\n\n<ul class=\"wp-block-list\">\n<li><strong>Burnout acad\u00eamico<\/strong>, comum entre estudantes em per\u00edodos de alta press\u00e3o<\/li>\n\n\n\n<li><strong>Burnout parental<\/strong>, quando a sobrecarga emocional ocorre na cria\u00e7\u00e3o dos filhos<\/li>\n\n\n\n<li><strong>Burnout do cuidador<\/strong>, em quem cuida de familiares doentes ou dependentes<\/li>\n<\/ul>\n\n\n\n<p>Cada contexto traz gatilhos e desafios espec\u00edficos, mas todos compartilham o impacto emocional e f\u00edsico caracter\u00edstico do <strong>burnout<\/strong>.<\/p>\n\n\n\n<h2 class=\"wp-block-heading\" id=\"h-quem-busca-alivio-para-a-burnout\">Quem Busca Al\u00edvio para a Burnout?<\/h2>\n\n\n\n<p>O <strong>burnout<\/strong> pode atingir qualquer pessoa, mas h\u00e1 perfis que apresentam maior risco.<\/p>\n\n\n\n<p><strong>Perfis mais comuns:<\/strong><\/p>\n\n\n\n<ul class=\"wp-block-list\">\n<li>Profissionais de \u00e1reas com alta carga emocional (sa\u00fade, educa\u00e7\u00e3o, atendimento ao p\u00fablico)<\/li>\n\n\n\n<li>Estudantes em fase de exames ou TCC<\/li>\n\n\n\n<li>Pessoas que acumulam m\u00faltiplas fun\u00e7\u00f5es, como trabalho e cuidados familiares<\/li>\n\n\n\n<li>Indiv\u00edduos com tend\u00eancia ao perfeccionismo ou autocobran\u00e7a exagerada<\/li>\n<\/ul>\n\n\n\n<p>Esses grupos frequentemente buscam informa\u00e7\u00f5es e estrat\u00e9gias para entender e aliviar os sintomas do <strong>burnout<\/strong>.<\/p>\n\n\n\n<h2 class=\"wp-block-heading\" id=\"h-diferentes-abordagens-para-lidar-com-a-burnout\">Diferentes Abordagens para Lidar com a Burnout<\/h2>\n\n\n\n<p>Existem diversas formas de enfrentar o <strong>burnout<\/strong>, dependendo das necessidades e possibilidades de cada pessoa.<\/p>\n\n\n\n<p><strong>Abordagens poss\u00edveis:<\/strong><\/p>\n\n\n\n<ul class=\"wp-block-list\">\n<li>Psicoterapia focada em gest\u00e3o de estresse<\/li>\n\n\n\n<li>Pr\u00e1ticas de mindfulness e medita\u00e7\u00e3o<\/li>\n\n\n\n<li>Readequa\u00e7\u00e3o de carga de trabalho<\/li>\n\n\n\n<li>T\u00e9cnicas de respira\u00e7\u00e3o e relaxamento muscular<\/li>\n\n\n\n<li>Adapta\u00e7\u00e3o de estilo de vida com foco em bem-estar emocional<\/li>\n<\/ul>\n\n\n\n<p>Cada estrat\u00e9gia pode ser adaptada de acordo com o momento de vida e as prefer\u00eancias individuais.<\/p>\n\n\n\n<h2 class=\"wp-block-heading\" id=\"h-sinais-de-alerta-quando-buscar-ajuda-profissional\">Sinais de Alerta: Quando Buscar Ajuda Profissional<\/h2>\n\n\n\n<p>Alguns sinais indicam que o <strong>burnout<\/strong> pode estar atingindo um n\u00edvel que exige apoio especializado.<\/p>\n\n\n\n<p><strong>Sinais cr\u00edticos:<\/strong><\/p>\n\n\n\n<ul class=\"wp-block-list\">\n<li>Pensamentos negativos persistentes e intensos<\/li>\n\n\n\n<li>Incapacidade de realizar tarefas b\u00e1sicas<\/li>\n\n\n\n<li>Quadro depressivo associado<\/li>\n\n\n\n<li>Crises de ansiedade frequentes<\/li>\n<\/ul>\n\n\n\n<p>Nessas situa\u00e7\u00f5es, procurar um profissional de sa\u00fade mental \u00e9 um passo essencial para o cuidado integral.<\/p>\n\n\n\n<h2 class=\"wp-block-heading\" id=\"h-recursos-e-informacoes-confiaveis-sobre-a-burnout\">Recursos e Informa\u00e7\u00f5es Confi\u00e1veis sobre a Burnout<\/h2>\n\n\n\n<p>Se voc\u00ea deseja saber mais sobre o <strong>burnout<\/strong>, algumas fontes confi\u00e1veis incluem:<\/p>\n\n\n\n<ul class=\"wp-block-list\">\n<li>Sites institucionais de psicologia e sa\u00fade mental<\/li>\n\n\n\n<li>Publica\u00e7\u00f5es de universidades reconhecidas<\/li>\n\n\n\n<li>Artigos de revistas cient\u00edficas acess\u00edveis ao p\u00fablico<\/li>\n\n\n\n<li>Livros de psicologia aplicada ao bem-estar emocional<\/li>\n<\/ul>\n\n\n\n<p>Al\u00e9m disso, grupos de apoio e plataformas de educa\u00e7\u00e3o emocional podem oferecer materiais \u00fateis.<\/p>\n\n\n\n<h2 class=\"wp-block-heading\" id=\"h-dicas-para-acao-imediata-em-momentos-de-burnout\">Dicas para A\u00e7\u00e3o Imediata em Momentos de Burnout<\/h2>\n\n\n\n<p>Se voc\u00ea est\u00e1 passando por um momento cr\u00edtico de <strong>burnout<\/strong>, algumas a\u00e7\u00f5es imediatas podem ajudar a aliviar a press\u00e3o:<\/p>\n\n\n\n<ul class=\"wp-block-list\">\n<li>Fa\u00e7a uma pausa, mesmo que breve<\/li>\n\n\n\n<li>Pratique respira\u00e7\u00e3o profunda por alguns minutos<\/li>\n\n\n\n<li>Beba \u00e1gua e fa\u00e7a um pequeno alongamento<\/li>\n\n\n\n<li>Permita-se reconhecer o que est\u00e1 sentindo, sem julgamento<\/li>\n\n\n\n<li>Procure conversar com algu\u00e9m de confian\u00e7a<\/li>\n<\/ul>\n\n\n\n<p>Essas medidas simples podem ajudar a interromper o ciclo de esgotamento e criar espa\u00e7o para decis\u00f5es mais cuidadosas.<\/p>\n\n\n\n<h2 class=\"wp-block-heading\" id=\"h-conclusao\">Conclus\u00e3o<\/h2>\n\n\n\n<p>Em suma, reconhecer os sinais do <strong>burnout<\/strong> \u00e9 um passo essencial para retomar o equil\u00edbrio emocional e f\u00edsico. Entender que esse estado vai al\u00e9m de um simples cansa\u00e7o pode abrir caminhos para mudan\u00e7as significativas. Se voc\u00ea se identifica com esses sinais, buscar informa\u00e7\u00e3o e apoio pode ser o primeiro passo para uma vida mais leve e equilibrada!<\/p>\n\n\n\n<p>* Essas narrativas s\u00e3o fict\u00edcias mas inspiradas em situa\u00e7\u00f5es comumente vivenciadas nos estudos e na cl\u00ednica psicol\u00f3gica.<\/p>\n\n\n\n<figure class=\"wp-block-image aligncenter size-large is-resized\"><img fetchpriority=\"high\" decoding=\"async\" width=\"1024\" height=\"683\" src=\"https:\/\/ianima.com.br\/blog\/wp-content\/uploads\/2025\/06\/2MM-241-1024x683.webp\" alt=\"Como Saber se Tenho Burnout: Sinais e Reflex\u00f5es Importantes\" class=\"wp-image-6490\" style=\"width:500px\" srcset=\"https:\/\/ianima.com.br\/blog\/wp-content\/uploads\/2025\/06\/2MM-241-1024x683.webp 1024w, https:\/\/ianima.com.br\/blog\/wp-content\/uploads\/2025\/06\/2MM-241-300x200.webp 300w, https:\/\/ianima.com.br\/blog\/wp-content\/uploads\/2025\/06\/2MM-241-768x512.webp 768w, https:\/\/ianima.com.br\/blog\/wp-content\/uploads\/2025\/06\/2MM-241.webp 1536w\" sizes=\"(max-width: 1024px) 100vw, 1024px\" \/><\/figure>\n\n\n\n<h2 class=\"wp-block-heading\" id=\"h-perguntas-frequentes-faq\">Perguntas Frequentes (FAQ)<\/h2>\n\n\n\n<div class=\"schema-faq wp-block-yoast-faq-block\"><div class=\"schema-faq-section\" id=\"faq-question-1750262116729\"><strong class=\"schema-faq-question\">Como posso identificar os sintomas de burnout?<\/strong> <p class=\"schema-faq-answer\">Os sintomas de burnout incluem cansa\u00e7o extremo, desmotiva\u00e7\u00e3o, irritabilidade e dificuldade de concentra\u00e7\u00e3o.<\/p> <\/div> <div class=\"schema-faq-section\" id=\"faq-question-1750262136705\"><strong class=\"schema-faq-question\">Quais s\u00e3o as principais causas do burnout?<\/strong> <p class=\"schema-faq-answer\">As principais causas do burnout s\u00e3o a sobrecarga de trabalho, falta de apoio e equil\u00edbrio entre vida pessoal e profissional.<\/p> <\/div> <div class=\"schema-faq-section\" id=\"faq-question-1750262157993\"><strong class=\"schema-faq-question\">O que fazer se eu suspeitar que estou com burnout?<\/strong> <p class=\"schema-faq-answer\">Se voc\u00ea suspeita que est\u00e1 com burnout, \u00e9 bom procurar um profissional de sa\u00fade, tirar um tempo para descansar e reavaliar suas prioridades.<\/p> <\/div> <\/div>\n\n\n\n<ul class=\"wp-block-yoast-seo-related-links\"><li><a href=\"https:\/\/ianima.com.br\/blog\/saude-mental\/burnout-o-que-e-e-como-reconhecer-os-sinais\/\">Burnout: O Que \u00c9 e Como Reconhecer os Sinais<\/a><\/li><li><a href=\"https:\/\/ianima.com.br\/blog\/saude-mental\/burnout-sinais-causas-e-caminhos-para-alivio\/\">Burnout: Sinais, Causas e Caminhos para Al\u00edvio<\/a><\/li><li><a href=\"https:\/\/ianima.com.br\/blog\/saude-mental\/burnout-o-que-voce-precisa-saber\/\">Burnout: O Que Voc\u00ea Precisa Saber<\/a><\/li><li><a href=\"https:\/\/ianima.com.br\/blog\/saude-mental\/burnout-sinais-causas-e-como-lidar\/\">Burnout: Sinais, Causas e Como Lidar<\/a><\/li><li><a href=\"https:\/\/ianima.com.br\/blog\/saude-mental\/burnout-e-depressao-sinais-causas-e-o-que-fazer\/\">Burnout e depress\u00e3o: sinais, causas e o que fazer<\/a><\/li><\/ul>\n","protected":false},"excerpt":{"rendered":"<p>Antes de tudo, \u00e9 comum sentir cansa\u00e7o ou des\u00e2nimo ap\u00f3s per\u00edodos de muito esfor\u00e7o, mas quando esse estado se prolonga e afeta v\u00e1rias \u00e1reas da vida, surge uma d\u00favida preocupante: como saber se tenho burnout? Voc\u00ea j\u00e1 se perguntou se aquele esgotamento constante pode ser algo al\u00e9m de simples estresse? Este artigo traz uma vis\u00e3o [&hellip;]<\/p>\n","protected":false},"author":1,"featured_media":6489,"comment_status":"closed","ping_status":"closed","sticky":false,"template":"","format":"standard","meta":{"site-sidebar-layout":"default","site-content-layout":"","ast-site-content-layout":"default","site-content-style":"default","site-sidebar-style":"default","ast-global-header-display":"","ast-banner-title-visibility":"","ast-main-header-display":"","ast-hfb-above-header-display":"","ast-hfb-below-header-display":"","ast-hfb-mobile-header-display":"","site-post-title":"","ast-breadcrumbs-content":"","ast-featured-img":"","footer-sml-layout":"","theme-transparent-header-meta":"","adv-header-id-meta":"","stick-header-meta":"","header-above-stick-meta":"","header-main-stick-meta":"","header-below-stick-meta":"","astra-migrate-meta-layouts":"set","ast-page-background-enabled":"default","ast-page-background-meta":{"desktop":{"background-color":"","background-image":"","background-repeat":"repeat","background-position":"center center","background-size":"auto","background-attachment":"scroll","background-type":"","background-media":"","overlay-type":"","overlay-color":"","overlay-opacity":"","overlay-gradient":""},"tablet":{"background-color":"","background-image":"","background-repeat":"repeat","background-position":"center center","background-size":"auto","background-attachment":"scroll","background-type":"","background-media":"","overlay-type":"","overlay-color":"","overlay-opacity":"","overlay-gradient":""},"mobile":{"background-color":"","background-image":"","background-repeat":"repeat","background-position":"center center","background-size":"auto","background-attachment":"scroll","background-type":"","background-media":"","overlay-type":"","overlay-color":"","overlay-opacity":"","overlay-gradient":""}},"ast-content-background-meta":{"desktop":{"background-color":"var(--ast-global-color-5)","background-image":"","background-repeat":"repeat","background-position":"center center","background-size":"auto","background-attachment":"scroll","background-type":"","background-media":"","overlay-type":"","overlay-color":"","overlay-opacity":"","overlay-gradient":""},"tablet":{"background-color":"var(--ast-global-color-5)","background-image":"","background-repeat":"repeat","background-position":"center center","background-size":"auto","background-attachment":"scroll","background-type":"","background-media":"","overlay-type":"","overlay-color":"","overlay-opacity":"","overlay-gradient":""},"mobile":{"background-color":"var(--ast-global-color-5)","background-image":"","background-repeat":"repeat","background-position":"center center","background-size":"auto","background-attachment":"scroll","background-type":"","background-media":"","overlay-type":"","overlay-color":"","overlay-opacity":"","overlay-gradient":""}},"footnotes":""},"categories":[24],"tags":[],"class_list":["post-6487","post","type-post","status-publish","format-standard","has-post-thumbnail","hentry","category-saude-mental"],"yoast_head":"<!-- This site is optimized with the Yoast SEO Premium plugin v20.8 (Yoast SEO v20.8) - https:\/\/yoast.com\/wordpress\/plugins\/seo\/ -->\n<title>Como Saber se Tenho Burnout: Sinais e Reflex\u00f5es Importantes<\/title>\n<meta name=\"description\" content=\"Descubra os sinais ocultos do burnout que voc\u00ea pode estar ignorando! Reflex\u00f5es essenciais para cuidar da sua sa\u00fade mental. N\u00e3o perca!\" \/>\n<meta name=\"robots\" content=\"index, follow, max-snippet:-1, max-image-preview:large, max-video-preview:-1\" \/>\n<link rel=\"canonical\" href=\"https:\/\/ianima.com.br\/blog\/saude-mental\/como-saber-se-tenho-burnout-sinais-e-reflexoes-importantes\/\" \/>\n<meta property=\"og:locale\" content=\"pt_BR\" \/>\n<meta property=\"og:type\" content=\"article\" \/>\n<meta property=\"og:title\" content=\"Como Saber se Tenho Burnout: Sinais e Reflex\u00f5es Importantes\" \/>\n<meta property=\"og:description\" content=\"Descubra os sinais ocultos do burnout que voc\u00ea pode estar ignorando! Reflex\u00f5es essenciais para cuidar da sua sa\u00fade mental. N\u00e3o perca!\" \/>\n<meta property=\"og:url\" content=\"https:\/\/ianima.com.br\/blog\/saude-mental\/como-saber-se-tenho-burnout-sinais-e-reflexoes-importantes\/\" \/>\n<meta property=\"og:site_name\" content=\"Terapia Online com IANIMA: Inova\u00e7\u00e3o e Aconselhamento. O terapeuta online ao seu alcance.\" \/>\n<meta property=\"article:published_time\" content=\"2025-06-18T15:57:43+00:00\" \/>\n<meta property=\"article:modified_time\" content=\"2025-06-18T15:57:44+00:00\" \/>\n<meta property=\"og:image\" content=\"https:\/\/ianima.com.br\/blog\/wp-content\/uploads\/2025\/06\/1MM-241.webp\" \/>\n\t<meta property=\"og:image:width\" content=\"1536\" \/>\n\t<meta property=\"og:image:height\" content=\"1024\" \/>\n\t<meta property=\"og:image:type\" content=\"image\/webp\" \/>\n<meta name=\"author\" content=\"Wanderlei Talib\" \/>\n<meta name=\"twitter:card\" content=\"summary_large_image\" \/>\n<meta name=\"twitter:label1\" content=\"Escrito por\" \/>\n\t<meta name=\"twitter:data1\" content=\"Wanderlei Talib\" \/>\n\t<meta name=\"twitter:label2\" content=\"Est. tempo de leitura\" \/>\n\t<meta name=\"twitter:data2\" content=\"8 minutos\" \/>\n<script type=\"application\/ld+json\" class=\"yoast-schema-graph\">{\"@context\":\"https:\/\/schema.org\",\"@graph\":[{\"@type\":\"Article\",\"@id\":\"https:\/\/ianima.com.br\/blog\/saude-mental\/como-saber-se-tenho-burnout-sinais-e-reflexoes-importantes\/#article\",\"isPartOf\":{\"@id\":\"https:\/\/ianima.com.br\/blog\/saude-mental\/como-saber-se-tenho-burnout-sinais-e-reflexoes-importantes\/\"},\"author\":{\"name\":\"Wanderlei Talib\",\"@id\":\"https:\/\/ianima.com.br\/blog\/#\/schema\/person\/85378d6a819826ce615ae2a7a04f68d8\"},\"headline\":\"Como Saber se Tenho Burnout: Sinais e Reflex\u00f5es Importantes\",\"datePublished\":\"2025-06-18T15:57:43+00:00\",\"dateModified\":\"2025-06-18T15:57:44+00:00\",\"mainEntityOfPage\":{\"@id\":\"https:\/\/ianima.com.br\/blog\/saude-mental\/como-saber-se-tenho-burnout-sinais-e-reflexoes-importantes\/\"},\"wordCount\":1511,\"publisher\":{\"@id\":\"https:\/\/ianima.com.br\/blog\/#organization\"},\"articleSection\":[\"Sa\u00fade Mental\"],\"inLanguage\":\"pt-BR\"},{\"@type\":[\"WebPage\",\"FAQPage\"],\"@id\":\"https:\/\/ianima.com.br\/blog\/saude-mental\/como-saber-se-tenho-burnout-sinais-e-reflexoes-importantes\/\",\"url\":\"https:\/\/ianima.com.br\/blog\/saude-mental\/como-saber-se-tenho-burnout-sinais-e-reflexoes-importantes\/\",\"name\":\"Como Saber se Tenho Burnout: Sinais e Reflex\u00f5es Importantes\",\"isPartOf\":{\"@id\":\"https:\/\/ianima.com.br\/blog\/#website\"},\"datePublished\":\"2025-06-18T15:57:43+00:00\",\"dateModified\":\"2025-06-18T15:57:44+00:00\",\"description\":\"Descubra os sinais ocultos do burnout que voc\u00ea pode estar ignorando! Reflex\u00f5es essenciais para cuidar da sua sa\u00fade mental. N\u00e3o perca!\",\"breadcrumb\":{\"@id\":\"https:\/\/ianima.com.br\/blog\/saude-mental\/como-saber-se-tenho-burnout-sinais-e-reflexoes-importantes\/#breadcrumb\"},\"mainEntity\":[{\"@id\":\"https:\/\/ianima.com.br\/blog\/saude-mental\/como-saber-se-tenho-burnout-sinais-e-reflexoes-importantes\/#faq-question-1750262116729\"},{\"@id\":\"https:\/\/ianima.com.br\/blog\/saude-mental\/como-saber-se-tenho-burnout-sinais-e-reflexoes-importantes\/#faq-question-1750262136705\"},{\"@id\":\"https:\/\/ianima.com.br\/blog\/saude-mental\/como-saber-se-tenho-burnout-sinais-e-reflexoes-importantes\/#faq-question-1750262157993\"}],\"inLanguage\":\"pt-BR\",\"potentialAction\":[{\"@type\":\"ReadAction\",\"target\":[\"https:\/\/ianima.com.br\/blog\/saude-mental\/como-saber-se-tenho-burnout-sinais-e-reflexoes-importantes\/\"]}]},{\"@type\":\"BreadcrumbList\",\"@id\":\"https:\/\/ianima.com.br\/blog\/saude-mental\/como-saber-se-tenho-burnout-sinais-e-reflexoes-importantes\/#breadcrumb\",\"itemListElement\":[{\"@type\":\"ListItem\",\"position\":1,\"name\":\"In\u00edcio\",\"item\":\"https:\/\/ianima.com.br\/blog\/\"},{\"@type\":\"ListItem\",\"position\":2,\"name\":\"Como Saber se Tenho Burnout: Sinais e Reflex\u00f5es Importantes\"}]},{\"@type\":\"WebSite\",\"@id\":\"https:\/\/ianima.com.br\/blog\/#website\",\"url\":\"https:\/\/ianima.com.br\/blog\/\",\"name\":\"Terapia Online com IANIMA: Inova\u00e7\u00e3o e Aconselhamento. O terapeuta online ao seu alcance.\",\"description\":\"Terapia gratuita online com a IAnima, sua terapeuta online. Artigos sobre terapias online, sa\u00fade mental e bem-estar.\",\"publisher\":{\"@id\":\"https:\/\/ianima.com.br\/blog\/#organization\"},\"potentialAction\":[{\"@type\":\"SearchAction\",\"target\":{\"@type\":\"EntryPoint\",\"urlTemplate\":\"https:\/\/ianima.com.br\/blog\/?s={search_term_string}\"},\"query-input\":\"required name=search_term_string\"}],\"inLanguage\":\"pt-BR\"},{\"@type\":\"Organization\",\"@id\":\"https:\/\/ianima.com.br\/blog\/#organization\",\"name\":\"Terapia Online com IANIMA: Inova\u00e7\u00e3o e Aconselhamento. O terapeuta online ao seu alcance.\",\"url\":\"https:\/\/ianima.com.br\/blog\/\",\"logo\":{\"@type\":\"ImageObject\",\"inLanguage\":\"pt-BR\",\"@id\":\"https:\/\/ianima.com.br\/blog\/#\/schema\/logo\/image\/\",\"url\":\"https:\/\/ianima.com.br\/blog\/wp-content\/uploads\/2025\/04\/cropped-IAnima-terapia-online.webp\",\"contentUrl\":\"https:\/\/ianima.com.br\/blog\/wp-content\/uploads\/2025\/04\/cropped-IAnima-terapia-online.webp\",\"width\":819,\"height\":222,\"caption\":\"Terapia Online com IANIMA: Inova\u00e7\u00e3o e Aconselhamento. O terapeuta online ao seu alcance.\"},\"image\":{\"@id\":\"https:\/\/ianima.com.br\/blog\/#\/schema\/logo\/image\/\"}},{\"@type\":\"Person\",\"@id\":\"https:\/\/ianima.com.br\/blog\/#\/schema\/person\/85378d6a819826ce615ae2a7a04f68d8\",\"name\":\"Wanderlei Talib\",\"image\":{\"@type\":\"ImageObject\",\"inLanguage\":\"pt-BR\",\"@id\":\"https:\/\/ianima.com.br\/blog\/#\/schema\/person\/image\/\",\"url\":\"https:\/\/ianima.com.br\/blog\/wp-content\/litespeed\/avatar\/a0461c2b338365ab5dd45a3e926e23c7.jpg?ver=1777055969\",\"contentUrl\":\"https:\/\/ianima.com.br\/blog\/wp-content\/litespeed\/avatar\/a0461c2b338365ab5dd45a3e926e23c7.jpg?ver=1777055969\",\"caption\":\"Wanderlei Talib\"},\"sameAs\":[\"https:\/\/ianima.com.br\/blog\"],\"url\":\"https:\/\/ianima.com.br\/blog\/author\/adminedu\/\"},{\"@type\":\"Question\",\"@id\":\"https:\/\/ianima.com.br\/blog\/saude-mental\/como-saber-se-tenho-burnout-sinais-e-reflexoes-importantes\/#faq-question-1750262116729\",\"position\":1,\"url\":\"https:\/\/ianima.com.br\/blog\/saude-mental\/como-saber-se-tenho-burnout-sinais-e-reflexoes-importantes\/#faq-question-1750262116729\",\"name\":\"Como posso identificar os sintomas de burnout?\",\"answerCount\":1,\"acceptedAnswer\":{\"@type\":\"Answer\",\"text\":\"Os sintomas de burnout incluem cansa\u00e7o extremo, desmotiva\u00e7\u00e3o, irritabilidade e dificuldade de concentra\u00e7\u00e3o.\",\"inLanguage\":\"pt-BR\"},\"inLanguage\":\"pt-BR\"},{\"@type\":\"Question\",\"@id\":\"https:\/\/ianima.com.br\/blog\/saude-mental\/como-saber-se-tenho-burnout-sinais-e-reflexoes-importantes\/#faq-question-1750262136705\",\"position\":2,\"url\":\"https:\/\/ianima.com.br\/blog\/saude-mental\/como-saber-se-tenho-burnout-sinais-e-reflexoes-importantes\/#faq-question-1750262136705\",\"name\":\"Quais s\u00e3o as principais causas do burnout?\",\"answerCount\":1,\"acceptedAnswer\":{\"@type\":\"Answer\",\"text\":\"As principais causas do burnout s\u00e3o a sobrecarga de trabalho, falta de apoio e equil\u00edbrio entre vida pessoal e profissional.\",\"inLanguage\":\"pt-BR\"},\"inLanguage\":\"pt-BR\"},{\"@type\":\"Question\",\"@id\":\"https:\/\/ianima.com.br\/blog\/saude-mental\/como-saber-se-tenho-burnout-sinais-e-reflexoes-importantes\/#faq-question-1750262157993\",\"position\":3,\"url\":\"https:\/\/ianima.com.br\/blog\/saude-mental\/como-saber-se-tenho-burnout-sinais-e-reflexoes-importantes\/#faq-question-1750262157993\",\"name\":\"O que fazer se eu suspeitar que estou com burnout?\",\"answerCount\":1,\"acceptedAnswer\":{\"@type\":\"Answer\",\"text\":\"Se voc\u00ea suspeita que est\u00e1 com burnout, \u00e9 bom procurar um profissional de sa\u00fade, tirar um tempo para descansar e reavaliar suas prioridades.\",\"inLanguage\":\"pt-BR\"},\"inLanguage\":\"pt-BR\"}]}<\/script>\n<!-- \/ Yoast SEO Premium plugin. -->","yoast_head_json":{"title":"Como Saber se Tenho Burnout: Sinais e Reflex\u00f5es Importantes","description":"Descubra os sinais ocultos do burnout que voc\u00ea pode estar ignorando! Reflex\u00f5es essenciais para cuidar da sua sa\u00fade mental. N\u00e3o perca!","robots":{"index":"index","follow":"follow","max-snippet":"max-snippet:-1","max-image-preview":"max-image-preview:large","max-video-preview":"max-video-preview:-1"},"canonical":"https:\/\/ianima.com.br\/blog\/saude-mental\/como-saber-se-tenho-burnout-sinais-e-reflexoes-importantes\/","og_locale":"pt_BR","og_type":"article","og_title":"Como Saber se Tenho Burnout: Sinais e Reflex\u00f5es Importantes","og_description":"Descubra os sinais ocultos do burnout que voc\u00ea pode estar ignorando! Reflex\u00f5es essenciais para cuidar da sua sa\u00fade mental. N\u00e3o perca!","og_url":"https:\/\/ianima.com.br\/blog\/saude-mental\/como-saber-se-tenho-burnout-sinais-e-reflexoes-importantes\/","og_site_name":"Terapia Online com IANIMA: Inova\u00e7\u00e3o e Aconselhamento. O terapeuta online ao seu alcance.","article_published_time":"2025-06-18T15:57:43+00:00","article_modified_time":"2025-06-18T15:57:44+00:00","og_image":[{"width":1536,"height":1024,"url":"https:\/\/ianima.com.br\/blog\/wp-content\/uploads\/2025\/06\/1MM-241.webp","type":"image\/webp"}],"author":"Wanderlei Talib","twitter_card":"summary_large_image","twitter_misc":{"Escrito por":"Wanderlei Talib","Est. tempo de leitura":"8 minutos"},"schema":{"@context":"https:\/\/schema.org","@graph":[{"@type":"Article","@id":"https:\/\/ianima.com.br\/blog\/saude-mental\/como-saber-se-tenho-burnout-sinais-e-reflexoes-importantes\/#article","isPartOf":{"@id":"https:\/\/ianima.com.br\/blog\/saude-mental\/como-saber-se-tenho-burnout-sinais-e-reflexoes-importantes\/"},"author":{"name":"Wanderlei Talib","@id":"https:\/\/ianima.com.br\/blog\/#\/schema\/person\/85378d6a819826ce615ae2a7a04f68d8"},"headline":"Como Saber se Tenho Burnout: Sinais e Reflex\u00f5es Importantes","datePublished":"2025-06-18T15:57:43+00:00","dateModified":"2025-06-18T15:57:44+00:00","mainEntityOfPage":{"@id":"https:\/\/ianima.com.br\/blog\/saude-mental\/como-saber-se-tenho-burnout-sinais-e-reflexoes-importantes\/"},"wordCount":1511,"publisher":{"@id":"https:\/\/ianima.com.br\/blog\/#organization"},"articleSection":["Sa\u00fade Mental"],"inLanguage":"pt-BR"},{"@type":["WebPage","FAQPage"],"@id":"https:\/\/ianima.com.br\/blog\/saude-mental\/como-saber-se-tenho-burnout-sinais-e-reflexoes-importantes\/","url":"https:\/\/ianima.com.br\/blog\/saude-mental\/como-saber-se-tenho-burnout-sinais-e-reflexoes-importantes\/","name":"Como Saber se Tenho Burnout: Sinais e Reflex\u00f5es Importantes","isPartOf":{"@id":"https:\/\/ianima.com.br\/blog\/#website"},"datePublished":"2025-06-18T15:57:43+00:00","dateModified":"2025-06-18T15:57:44+00:00","description":"Descubra os sinais ocultos do burnout que voc\u00ea pode estar ignorando! Reflex\u00f5es essenciais para cuidar da sua sa\u00fade mental. N\u00e3o perca!","breadcrumb":{"@id":"https:\/\/ianima.com.br\/blog\/saude-mental\/como-saber-se-tenho-burnout-sinais-e-reflexoes-importantes\/#breadcrumb"},"mainEntity":[{"@id":"https:\/\/ianima.com.br\/blog\/saude-mental\/como-saber-se-tenho-burnout-sinais-e-reflexoes-importantes\/#faq-question-1750262116729"},{"@id":"https:\/\/ianima.com.br\/blog\/saude-mental\/como-saber-se-tenho-burnout-sinais-e-reflexoes-importantes\/#faq-question-1750262136705"},{"@id":"https:\/\/ianima.com.br\/blog\/saude-mental\/como-saber-se-tenho-burnout-sinais-e-reflexoes-importantes\/#faq-question-1750262157993"}],"inLanguage":"pt-BR","potentialAction":[{"@type":"ReadAction","target":["https:\/\/ianima.com.br\/blog\/saude-mental\/como-saber-se-tenho-burnout-sinais-e-reflexoes-importantes\/"]}]},{"@type":"BreadcrumbList","@id":"https:\/\/ianima.com.br\/blog\/saude-mental\/como-saber-se-tenho-burnout-sinais-e-reflexoes-importantes\/#breadcrumb","itemListElement":[{"@type":"ListItem","position":1,"name":"In\u00edcio","item":"https:\/\/ianima.com.br\/blog\/"},{"@type":"ListItem","position":2,"name":"Como Saber se Tenho Burnout: Sinais e Reflex\u00f5es Importantes"}]},{"@type":"WebSite","@id":"https:\/\/ianima.com.br\/blog\/#website","url":"https:\/\/ianima.com.br\/blog\/","name":"Terapia Online com IANIMA: Inova\u00e7\u00e3o e Aconselhamento. O terapeuta online ao seu alcance.","description":"Terapia gratuita online com a IAnima, sua terapeuta online. Artigos sobre terapias online, sa\u00fade mental e bem-estar.","publisher":{"@id":"https:\/\/ianima.com.br\/blog\/#organization"},"potentialAction":[{"@type":"SearchAction","target":{"@type":"EntryPoint","urlTemplate":"https:\/\/ianima.com.br\/blog\/?s={search_term_string}"},"query-input":"required name=search_term_string"}],"inLanguage":"pt-BR"},{"@type":"Organization","@id":"https:\/\/ianima.com.br\/blog\/#organization","name":"Terapia Online com IANIMA: Inova\u00e7\u00e3o e Aconselhamento. O terapeuta online ao seu alcance.","url":"https:\/\/ianima.com.br\/blog\/","logo":{"@type":"ImageObject","inLanguage":"pt-BR","@id":"https:\/\/ianima.com.br\/blog\/#\/schema\/logo\/image\/","url":"https:\/\/ianima.com.br\/blog\/wp-content\/uploads\/2025\/04\/cropped-IAnima-terapia-online.webp","contentUrl":"https:\/\/ianima.com.br\/blog\/wp-content\/uploads\/2025\/04\/cropped-IAnima-terapia-online.webp","width":819,"height":222,"caption":"Terapia Online com IANIMA: Inova\u00e7\u00e3o e Aconselhamento. O terapeuta online ao seu alcance."},"image":{"@id":"https:\/\/ianima.com.br\/blog\/#\/schema\/logo\/image\/"}},{"@type":"Person","@id":"https:\/\/ianima.com.br\/blog\/#\/schema\/person\/85378d6a819826ce615ae2a7a04f68d8","name":"Wanderlei Talib","image":{"@type":"ImageObject","inLanguage":"pt-BR","@id":"https:\/\/ianima.com.br\/blog\/#\/schema\/person\/image\/","url":"https:\/\/ianima.com.br\/blog\/wp-content\/litespeed\/avatar\/a0461c2b338365ab5dd45a3e926e23c7.jpg?ver=1777055969","contentUrl":"https:\/\/ianima.com.br\/blog\/wp-content\/litespeed\/avatar\/a0461c2b338365ab5dd45a3e926e23c7.jpg?ver=1777055969","caption":"Wanderlei Talib"},"sameAs":["https:\/\/ianima.com.br\/blog"],"url":"https:\/\/ianima.com.br\/blog\/author\/adminedu\/"},{"@type":"Question","@id":"https:\/\/ianima.com.br\/blog\/saude-mental\/como-saber-se-tenho-burnout-sinais-e-reflexoes-importantes\/#faq-question-1750262116729","position":1,"url":"https:\/\/ianima.com.br\/blog\/saude-mental\/como-saber-se-tenho-burnout-sinais-e-reflexoes-importantes\/#faq-question-1750262116729","name":"Como posso identificar os sintomas de burnout?","answerCount":1,"acceptedAnswer":{"@type":"Answer","text":"Os sintomas de burnout incluem cansa\u00e7o extremo, desmotiva\u00e7\u00e3o, irritabilidade e dificuldade de concentra\u00e7\u00e3o.","inLanguage":"pt-BR"},"inLanguage":"pt-BR"},{"@type":"Question","@id":"https:\/\/ianima.com.br\/blog\/saude-mental\/como-saber-se-tenho-burnout-sinais-e-reflexoes-importantes\/#faq-question-1750262136705","position":2,"url":"https:\/\/ianima.com.br\/blog\/saude-mental\/como-saber-se-tenho-burnout-sinais-e-reflexoes-importantes\/#faq-question-1750262136705","name":"Quais s\u00e3o as principais causas do burnout?","answerCount":1,"acceptedAnswer":{"@type":"Answer","text":"As principais causas do burnout s\u00e3o a sobrecarga de trabalho, falta de apoio e equil\u00edbrio entre vida pessoal e profissional.","inLanguage":"pt-BR"},"inLanguage":"pt-BR"},{"@type":"Question","@id":"https:\/\/ianima.com.br\/blog\/saude-mental\/como-saber-se-tenho-burnout-sinais-e-reflexoes-importantes\/#faq-question-1750262157993","position":3,"url":"https:\/\/ianima.com.br\/blog\/saude-mental\/como-saber-se-tenho-burnout-sinais-e-reflexoes-importantes\/#faq-question-1750262157993","name":"O que fazer se eu suspeitar que estou com burnout?","answerCount":1,"acceptedAnswer":{"@type":"Answer","text":"Se voc\u00ea suspeita que est\u00e1 com burnout, \u00e9 bom procurar um profissional de sa\u00fade, tirar um tempo para descansar e reavaliar suas prioridades.","inLanguage":"pt-BR"},"inLanguage":"pt-BR"}]}},"_links":{"self":[{"href":"https:\/\/ianima.com.br\/blog\/wp-json\/wp\/v2\/posts\/6487","targetHints":{"allow":["GET"]}}],"collection":[{"href":"https:\/\/ianima.com.br\/blog\/wp-json\/wp\/v2\/posts"}],"about":[{"href":"https:\/\/ianima.com.br\/blog\/wp-json\/wp\/v2\/types\/post"}],"author":[{"embeddable":true,"href":"https:\/\/ianima.com.br\/blog\/wp-json\/wp\/v2\/users\/1"}],"replies":[{"embeddable":true,"href":"https:\/\/ianima.com.br\/blog\/wp-json\/wp\/v2\/comments?post=6487"}],"version-history":[{"count":1,"href":"https:\/\/ianima.com.br\/blog\/wp-json\/wp\/v2\/posts\/6487\/revisions"}],"predecessor-version":[{"id":6491,"href":"https:\/\/ianima.com.br\/blog\/wp-json\/wp\/v2\/posts\/6487\/revisions\/6491"}],"wp:featuredmedia":[{"embeddable":true,"href":"https:\/\/ianima.com.br\/blog\/wp-json\/wp\/v2\/media\/6489"}],"wp:attachment":[{"href":"https:\/\/ianima.com.br\/blog\/wp-json\/wp\/v2\/media?parent=6487"}],"wp:term":[{"taxonomy":"category","embeddable":true,"href":"https:\/\/ianima.com.br\/blog\/wp-json\/wp\/v2\/categories?post=6487"},{"taxonomy":"post_tag","embeddable":true,"href":"https:\/\/ianima.com.br\/blog\/wp-json\/wp\/v2\/tags?post=6487"}],"curies":[{"name":"wp","href":"https:\/\/api.w.org\/{rel}","templated":true}]}}