{"id":6656,"date":"2025-06-22T23:49:51","date_gmt":"2025-06-22T23:49:51","guid":{"rendered":"https:\/\/ianima.com.br\/blog\/?p=6656"},"modified":"2025-06-22T23:49:52","modified_gmt":"2025-06-22T23:49:52","slug":"sintomas-depressao-masculina-o-que-voce-precisa-saber","status":"publish","type":"post","link":"https:\/\/ianima.com.br\/blog\/saude-mental\/sintomas-depressao-masculina-o-que-voce-precisa-saber\/","title":{"rendered":"Sintomas Depress\u00e3o Masculina: O Que Voc\u00ea Precisa Saber"},"content":{"rendered":"\n<p>Antes de tudo, \u00e9 comum associarmos a depress\u00e3o a sintomas mais conhecidos, como tristeza profunda ou isolamento social. Mas ser\u00e1 que os sinais s\u00e3o sempre os mesmos para todos? Quando se trata de <strong>sintomas de depress\u00e3o masculina<\/strong>, muitas manifesta\u00e7\u00f5es passam despercebidas ou s\u00e3o confundidas com outras quest\u00f5es emocionais ou f\u00edsicas. Entender essas diferen\u00e7as pode fazer toda a diferen\u00e7a no reconhecimento precoce. Descubra os sinais, causas e caminhos para compreender a <strong>depress\u00e3o masculina<\/strong> que podem estar impactando sua vida.<\/p>\n\n\n\n<h2 class=\"wp-block-heading\" id=\"h-os-sinais-e-sintomas-da-depressao-masculina\">Os Sinais e Sintomas da Depress\u00e3o Masculina<\/h2>\n\n\n\n<p>A princ\u00edpio, os <strong>sintomas da depress\u00e3o masculina<\/strong> podem se apresentar de forma diferente em compara\u00e7\u00e3o com outras popula\u00e7\u00f5es. Al\u00e9m dos sintomas cl\u00e1ssicos, existem manifesta\u00e7\u00f5es espec\u00edficas que merecem aten\u00e7\u00e3o.<\/p>\n\n\n\n<ul class=\"wp-block-list\">\n<li>Irritabilidade constante<\/li>\n\n\n\n<li>Agressividade ou explos\u00f5es de raiva<\/li>\n\n\n\n<li>Abuso de \u00e1lcool ou outras subst\u00e2ncias<\/li>\n\n\n\n<li>Isolamento social repentino<\/li>\n\n\n\n<li>Fadiga extrema sem causa f\u00edsica aparente<\/li>\n\n\n\n<li>Dificuldade de concentra\u00e7\u00e3o e mem\u00f3ria<\/li>\n\n\n\n<li>Perda de interesse por atividades antes prazerosas<\/li>\n\n\n\n<li>Pensamentos pessimistas recorrentes<\/li>\n\n\n\n<li>Queixas f\u00edsicas frequentes, como dores de cabe\u00e7a e problemas digestivos<\/li>\n\n\n\n<li>Redu\u00e7\u00e3o do desejo sexual<\/li>\n<\/ul>\n\n\n\n<p>Al\u00e9m disso, muitos homens tendem a mascarar a tristeza com comportamentos de risco ou excesso de trabalho, dificultando ainda mais a identifica\u00e7\u00e3o.<\/p>\n\n\n\n<h2 class=\"wp-block-heading\" id=\"h-a-psicologia-por-tras-da-vida-real-a-depressao-masculina-no-dia-a-dia\">A Psicologia por Tr\u00e1s da Vida Real: A Depress\u00e3o Masculina no Dia a Dia *<\/h2>\n\n\n\n<p>Imagine um homem que sempre foi visto como forte, resiliente e &#8220;segurando as pontas&#8221; para todos ao seu redor. Aos poucos, ele come\u00e7a a chegar mais tarde em casa, evita encontros com amigos, e responde com irrita\u00e7\u00e3o a pequenas perguntas. Do mesmo modo, a produtividade no trabalho cai, mas ele atribui isso ao cansa\u00e7o.<\/p>\n\n\n\n<p>Por exemplo, ao inv\u00e9s de dizer &#8220;estou triste&#8221;, ele afirma que &#8220;est\u00e1 de saco cheio de tudo&#8221;. Pequenos conflitos familiares tornam-se frequentes, e a paci\u00eancia com os filhos diminui drasticamente. Esse cen\u00e1rio retrata como os <strong>sintomas da depress\u00e3o masculina<\/strong> podem impactar o cotidiano, as rela\u00e7\u00f5es pessoais e a sa\u00fade f\u00edsica.<\/p>\n\n\n\n<h2 class=\"wp-block-heading\" id=\"h-compreendendo-os-momentos-criticos-da-depressao-masculina\">Compreendendo os Momentos Cr\u00edticos da Depress\u00e3o Masculina<\/h2>\n\n\n\n<p>Os momentos cr\u00edticos da <strong>depress\u00e3o masculina<\/strong> surgem quando os sintomas se intensificam a ponto de comprometer gravemente a qualidade de vida. Entre eles:<\/p>\n\n\n\n<ul class=\"wp-block-list\">\n<li>Aumento do isolamento social<\/li>\n\n\n\n<li>Epis\u00f3dios de raiva desproporcional<\/li>\n\n\n\n<li>Pensamentos de desist\u00eancia ou autodestrui\u00e7\u00e3o<\/li>\n\n\n\n<li>Neglig\u00eancia com a pr\u00f3pria sa\u00fade f\u00edsica<\/li>\n\n\n\n<li>Desempenho profissional severamente afetado<\/li>\n<\/ul>\n\n\n\n<p>Reconhecer esses sinais \u00e9 fundamental para evitar agravamentos e buscar apoio adequado.<\/p>\n\n\n\n<h2 class=\"wp-block-heading\" id=\"h-o-que-desencadeia-a-depressao-masculina\">O Que Desencadeia a Depress\u00e3o Masculina?<\/h2>\n\n\n\n<p>As causas da <strong>depress\u00e3o masculina<\/strong> podem variar, mas alguns gatilhos s\u00e3o mais comuns:<\/p>\n\n\n\n<ul class=\"wp-block-list\">\n<li>Press\u00f5es sociais sobre desempenho e sucesso<\/li>\n\n\n\n<li>Perdas significativas (como emprego, relacionamentos ou entes queridos)<\/li>\n\n\n\n<li>Hist\u00f3rico familiar de transtornos emocionais<\/li>\n\n\n\n<li>Problemas de sa\u00fade f\u00edsica, como doen\u00e7as cr\u00f4nicas<\/li>\n\n\n\n<li>Estresse financeiro prolongado<\/li>\n\n\n\n<li>Falta de apoio emocional nas fases dif\u00edceis da vida<\/li>\n<\/ul>\n\n\n\n<p>Al\u00e9m disso, quest\u00f5es hormonais, como altera\u00e7\u00f5es nos n\u00edveis de testosterona, tamb\u00e9m podem influenciar o quadro.<\/p>\n\n\n\n<h2 class=\"wp-block-heading\" id=\"h-mitos-e-verdades-sobre-solucoes-para-a-depressao-masculina\">Mitos e Verdades sobre Solu\u00e7\u00f5es para a Depress\u00e3o Masculina<\/h2>\n\n\n\n<p>\u00c9 comum ouvir frases como &#8220;homem n\u00e3o chora&#8221; ou &#8220;\u00e9 s\u00f3 uma fase, vai passar&#8221;. No entanto, essas ideias podem ser perigosas. Alguns mitos frequentes:<\/p>\n\n\n\n<ul class=\"wp-block-list\">\n<li>&#8220;A depress\u00e3o \u00e9 sinal de fraqueza&#8221; \u2013 Mito. Trata-se de uma condi\u00e7\u00e3o de sa\u00fade emocional complexa.<\/li>\n\n\n\n<li>&#8220;S\u00f3 terapia resolve&#8221; \u2013 Mito. Em muitos casos, o tratamento pode envolver uma combina\u00e7\u00e3o de estrat\u00e9gias, como psicoterapia, ajustes no estilo de vida e acompanhamento m\u00e9dico.<\/li>\n\n\n\n<li>&#8220;Homens n\u00e3o precisam falar sobre emo\u00e7\u00f5es&#8221; \u2013 Mito. A express\u00e3o emocional \u00e9 uma parte importante do processo de recupera\u00e7\u00e3o.<\/li>\n<\/ul>\n\n\n\n<p>A verdade \u00e9 que reconhecer o problema e buscar apoio s\u00e3o passos essenciais para a melhoria.<\/p>\n\n\n\n<h2 class=\"wp-block-heading\" id=\"h-como-lidar-com-a-depressao-masculina-no-dia-a-dia\">Como Lidar com a Depress\u00e3o Masculina no Dia a Dia<\/h2>\n\n\n\n<p>Adotar pequenas mudan\u00e7as pode ajudar a amenizar os <strong>sintomas da depress\u00e3o masculina<\/strong>:<\/p>\n\n\n\n<ul class=\"wp-block-list\">\n<li>Estabelecer uma rotina de sono regular<\/li>\n\n\n\n<li>Praticar atividades f\u00edsicas, mesmo que leves<\/li>\n\n\n\n<li>Reduzir o consumo de \u00e1lcool e outras subst\u00e2ncias<\/li>\n\n\n\n<li>Procurar grupos de apoio ou conversar com pessoas de confian\u00e7a<\/li>\n\n\n\n<li>Reservar momentos para atividades de lazer<\/li>\n\n\n\n<li>Buscar apoio psicol\u00f3gico quando perceber sinais persistentes<\/li>\n<\/ul>\n\n\n\n<p>Al\u00e9m disso, cultivar rela\u00e7\u00f5es saud\u00e1veis e permitir-se expressar emo\u00e7\u00f5es s\u00e3o atitudes que fortalecem a recupera\u00e7\u00e3o.<\/p>\n\n\n\n<h2 class=\"wp-block-heading\" id=\"h-a-depressao-masculina-no-corpo-e-na-mente-manifestacoes\">A Depress\u00e3o Masculina no Corpo e na Mente: Manifesta\u00e7\u00f5es<\/h2>\n\n\n\n<p>Os <strong>sintomas da depress\u00e3o masculina<\/strong> n\u00e3o afetam apenas o emocional. Muitas vezes, o corpo tamb\u00e9m reage:<\/p>\n\n\n\n<ul class=\"wp-block-list\">\n<li>Tens\u00e3o muscular e dores recorrentes<\/li>\n\n\n\n<li>Altera\u00e7\u00f5es no apetite<\/li>\n\n\n\n<li>Dist\u00farbios no sono (ins\u00f4nia ou sono excessivo)<\/li>\n\n\n\n<li>Sensa\u00e7\u00e3o de cansa\u00e7o constante<\/li>\n\n\n\n<li>Problemas de libido<\/li>\n<\/ul>\n\n\n\n<p>Mentalmente, a dificuldade de concentra\u00e7\u00e3o, os pensamentos negativos e a falta de motiva\u00e7\u00e3o s\u00e3o frequentes.<\/p>\n\n\n\n<h2 class=\"wp-block-heading\" id=\"h-depressao-masculina-uma-perspectiva-ampliada\">Depress\u00e3o Masculina: Uma Perspectiva Ampliada<\/h2>\n\n\n\n<p>Uma varia\u00e7\u00e3o importante \u00e9 a <strong>depress\u00e3o at\u00edpica masculina<\/strong>, onde os sintomas podem incluir aumento do apetite, hipersensibilidade a cr\u00edticas e sensa\u00e7\u00e3o de peso nos bra\u00e7os e pernas. Outro exemplo \u00e9 a <strong>depress\u00e3o mascarada<\/strong>, em que o sofrimento emocional aparece camuflado por comportamentos impulsivos, consumo excessivo de subst\u00e2ncias ou compuls\u00e3o por trabalho.<\/p>\n\n\n\n<h2 class=\"wp-block-heading\" id=\"h-quem-busca-alivio-para-a-depressao-masculina\">Quem Busca Al\u00edvio para a Depress\u00e3o Masculina?<\/h2>\n\n\n\n<p>Homens de diferentes idades e perfis podem enfrentar <strong>sintomas de depress\u00e3o masculina<\/strong>. Jovens adultos lidando com press\u00f5es acad\u00eamicas, pais sobrecarregados com as demandas familiares, profissionais em cargos de alta responsabilidade, ou idosos enfrentando perdas emocionais ou isolamento social.<\/p>\n\n\n\n<p>Cada hist\u00f3ria \u00e9 \u00fanica, mas o sofrimento emocional merece aten\u00e7\u00e3o, independentemente da fase da vida.<\/p>\n\n\n\n<h2 class=\"wp-block-heading\" id=\"h-diferentes-abordagens-para-lidar-com-a-depressao-masculina\">Diferentes Abordagens para Lidar com a Depress\u00e3o Masculina<\/h2>\n\n\n\n<ul class=\"wp-block-list\">\n<li>Psicoterapia individual ou em grupo<\/li>\n\n\n\n<li>Pr\u00e1ticas de mindfulness e medita\u00e7\u00e3o<\/li>\n\n\n\n<li>Atividades f\u00edsicas regulares<\/li>\n\n\n\n<li>Mudan\u00e7as na alimenta\u00e7\u00e3o<\/li>\n\n\n\n<li>Participa\u00e7\u00e3o em grupos de apoio<\/li>\n\n\n\n<li>T\u00e9cnicas de respira\u00e7\u00e3o e relaxamento<\/li>\n\n\n\n<li>Acompanhamento psiqui\u00e1trico, quando indicado<\/li>\n<\/ul>\n\n\n\n<h2 class=\"wp-block-heading\" id=\"h-sinais-de-alerta-quando-buscar-ajuda-profissional\">Sinais de Alerta: Quando Buscar Ajuda Profissional<\/h2>\n\n\n\n<ul class=\"wp-block-list\">\n<li>Pensamentos frequentes de desesperan\u00e7a ou inutilidade<\/li>\n\n\n\n<li>Incapacidade de realizar atividades b\u00e1sicas do dia a dia<\/li>\n\n\n\n<li>Isolamento social extremo<\/li>\n\n\n\n<li>Idea\u00e7\u00e3o suicida ou comportamentos de risco<\/li>\n\n\n\n<li>Sintomas persistentes por mais de duas semanas<\/li>\n<\/ul>\n\n\n\n<p>Nesses casos, procurar um profissional de sa\u00fade mental \u00e9 fundamental.<\/p>\n\n\n\n<h2 class=\"wp-block-heading\" id=\"h-recursos-e-informacoes-confiaveis-sobre-a-depressao-masculina\">Recursos e Informa\u00e7\u00f5es Confi\u00e1veis sobre a Depress\u00e3o Masculina<\/h2>\n\n\n\n<ul class=\"wp-block-list\">\n<li>Sites de institui\u00e7\u00f5es de sa\u00fade mental reconhecidas<\/li>\n\n\n\n<li>Livros e publica\u00e7\u00f5es de psicologia baseados em evid\u00eancias cient\u00edficas<\/li>\n\n\n\n<li>Podcasts e v\u00eddeos educativos sobre sa\u00fade emocional<\/li>\n\n\n\n<li>Grupos de apoio presenciais ou online<\/li>\n<\/ul>\n\n\n\n<p>Consultar fontes confi\u00e1veis \u00e9 essencial para obter informa\u00e7\u00f5es de qualidade.<\/p>\n\n\n\n<h2 class=\"wp-block-heading\" id=\"h-dicas-para-acao-imediata-em-momentos-de-depressao-masculina\">Dicas para A\u00e7\u00e3o Imediata em Momentos de Depress\u00e3o Masculina<\/h2>\n\n\n\n<ul class=\"wp-block-list\">\n<li>Realizar respira\u00e7\u00f5es profundas e controladas<\/li>\n\n\n\n<li>Praticar uma caminhada r\u00e1pida ao ar livre<\/li>\n\n\n\n<li>Escrever os sentimentos em um di\u00e1rio<\/li>\n\n\n\n<li>Entrar em contato com algu\u00e9m de confian\u00e7a<\/li>\n\n\n\n<li>Evitar o consumo de \u00e1lcool em momentos de crise<\/li>\n<\/ul>\n\n\n\n<p>Pequenos passos podem ajudar a aliviar o peso emocional imediato.<\/p>\n\n\n\n<h2 class=\"wp-block-heading\" id=\"h-conclusao\">Conclus\u00e3o<\/h2>\n\n\n\n<p>Em suma, os <strong>sintomas da depress\u00e3o masculina<\/strong> podem ser silenciosos, mas seus impactos s\u00e3o profundos e reais. Reconhecer os sinais, compreender os momentos cr\u00edticos e buscar apoio s\u00e3o atitudes fundamentais para superar esse desafio. Se voc\u00ea se identifica com esses sinais, buscar informa\u00e7\u00e3o e apoio pode ser o primeiro passo para uma vida mais leve e equilibrada!<\/p>\n\n\n\n<ul class=\"wp-block-list\">\n<li>Essas narrativas s\u00e3o fict\u00edcias mas inspiradas em situa\u00e7\u00f5es comumente vivenciadas nos estudos e na cl\u00ednica psicol\u00f3gica.<\/li>\n<\/ul>\n\n\n\n<figure class=\"wp-block-image aligncenter size-large is-resized\"><img fetchpriority=\"high\" decoding=\"async\" width=\"1024\" height=\"683\" src=\"https:\/\/ianima.com.br\/blog\/wp-content\/uploads\/2025\/06\/2MM-275-1024x683.webp\" alt=\"Sintomas Depress\u00e3o Masculina: O Que Voc\u00ea Precisa Saber\" class=\"wp-image-6659\" style=\"width:500px\" srcset=\"https:\/\/ianima.com.br\/blog\/wp-content\/uploads\/2025\/06\/2MM-275-1024x683.webp 1024w, https:\/\/ianima.com.br\/blog\/wp-content\/uploads\/2025\/06\/2MM-275-300x200.webp 300w, https:\/\/ianima.com.br\/blog\/wp-content\/uploads\/2025\/06\/2MM-275-768x512.webp 768w, https:\/\/ianima.com.br\/blog\/wp-content\/uploads\/2025\/06\/2MM-275.webp 1536w\" sizes=\"(max-width: 1024px) 100vw, 1024px\" \/><\/figure>\n\n\n\n<h2 class=\"wp-block-heading\" id=\"h-perguntas-frequentes-faq\">Perguntas Frequentes (FAQ)<\/h2>\n\n\n\n<div class=\"schema-faq wp-block-yoast-faq-block\"><div class=\"schema-faq-section\" id=\"faq-question-1750636044884\"><strong class=\"schema-faq-question\">Quais s\u00e3o os principais sintomas da depress\u00e3o em homens?<\/strong> <p class=\"schema-faq-answer\">Os principais sintomas incluem tristeza persistente, irritabilidade, fadiga, dificuldade de concentra\u00e7\u00e3o e perda de interesse em atividades que antes eram prazerosas.<\/p> <\/div> <div class=\"schema-faq-section\" id=\"faq-question-1750636068048\"><strong class=\"schema-faq-question\">Como a depress\u00e3o se manifesta de forma diferente nos homens?<\/strong> <p class=\"schema-faq-answer\">Nos homens, a depress\u00e3o pode se manifestar mais como raiva, agressividade e comportamentos de risco, ao inv\u00e9s de tristeza<\/p> <\/div> <div class=\"schema-faq-section\" id=\"faq-question-1750636090245\"><strong class=\"schema-faq-question\"> \u00c9 comum que eles escondam os sentimentos ou n\u00e3o busquem ajuda.<\/strong> <p class=\"schema-faq-answer\">Quando \u00e9 o momento certo de procurar ajuda profissional?<\/p> <\/div> <\/div>\n\n\n\n<ul class=\"wp-block-yoast-seo-related-links\"><li><a href=\"https:\/\/ianima.com.br\/blog\/saude-mental\/sintomas-da-depressao-masculina-o-que-voce-precisa-saber\/\">Sintomas da Depress\u00e3o Masculina: O Que Voc\u00ea Precisa Saber<\/a><\/li><li><a href=\"https:\/\/ianima.com.br\/blog\/autoconhecimento\/autoestima-masculina-beneficios-caminhos-e-estrategias\/\">Autoestima Masculina: Benef\u00edcios, Caminhos e Estrat\u00e9gias<\/a><\/li><li><a href=\"https:\/\/ianima.com.br\/blog\/saude-mental\/sintomas-de-depressao-em-homem-sinais-e-caminhos\/\">Sintomas de depress\u00e3o em homem: sinais e caminhos<\/a><\/li><li><a href=\"https:\/\/ianima.com.br\/blog\/saude-mental\/qual-e-os-sintomas-da-depressao-sinais-causas-e-caminhos\/\">Qual \u00e9 os sintomas da depress\u00e3o: Sinais, Causas e Caminhos<\/a><\/li><li><a href=\"https:\/\/ianima.com.br\/blog\/saude-mental\/como-lidar-com-pessoas-com-depressao-um-guia-completo\/\">Como Lidar com Pessoas com Depress\u00e3o: Um Guia Completo<\/a><\/li><\/ul>\n","protected":false},"excerpt":{"rendered":"<p>Antes de tudo, \u00e9 comum associarmos a depress\u00e3o a sintomas mais conhecidos, como tristeza profunda ou isolamento social. Mas ser\u00e1 que os sinais s\u00e3o sempre os mesmos para todos? Quando se trata de sintomas de depress\u00e3o masculina, muitas manifesta\u00e7\u00f5es passam despercebidas ou s\u00e3o confundidas com outras quest\u00f5es emocionais ou f\u00edsicas. Entender essas diferen\u00e7as pode fazer [&hellip;]<\/p>\n","protected":false},"author":1,"featured_media":6658,"comment_status":"closed","ping_status":"closed","sticky":false,"template":"","format":"standard","meta":{"site-sidebar-layout":"default","site-content-layout":"","ast-site-content-layout":"default","site-content-style":"default","site-sidebar-style":"default","ast-global-header-display":"","ast-banner-title-visibility":"","ast-main-header-display":"","ast-hfb-above-header-display":"","ast-hfb-below-header-display":"","ast-hfb-mobile-header-display":"","site-post-title":"","ast-breadcrumbs-content":"","ast-featured-img":"","footer-sml-layout":"","theme-transparent-header-meta":"","adv-header-id-meta":"","stick-header-meta":"","header-above-stick-meta":"","header-main-stick-meta":"","header-below-stick-meta":"","astra-migrate-meta-layouts":"set","ast-page-background-enabled":"default","ast-page-background-meta":{"desktop":{"background-color":"","background-image":"","background-repeat":"repeat","background-position":"center center","background-size":"auto","background-attachment":"scroll","background-type":"","background-media":"","overlay-type":"","overlay-color":"","overlay-opacity":"","overlay-gradient":""},"tablet":{"background-color":"","background-image":"","background-repeat":"repeat","background-position":"center center","background-size":"auto","background-attachment":"scroll","background-type":"","background-media":"","overlay-type":"","overlay-color":"","overlay-opacity":"","overlay-gradient":""},"mobile":{"background-color":"","background-image":"","background-repeat":"repeat","background-position":"center center","background-size":"auto","background-attachment":"scroll","background-type":"","background-media":"","overlay-type":"","overlay-color":"","overlay-opacity":"","overlay-gradient":""}},"ast-content-background-meta":{"desktop":{"background-color":"var(--ast-global-color-5)","background-image":"","background-repeat":"repeat","background-position":"center center","background-size":"auto","background-attachment":"scroll","background-type":"","background-media":"","overlay-type":"","overlay-color":"","overlay-opacity":"","overlay-gradient":""},"tablet":{"background-color":"var(--ast-global-color-5)","background-image":"","background-repeat":"repeat","background-position":"center center","background-size":"auto","background-attachment":"scroll","background-type":"","background-media":"","overlay-type":"","overlay-color":"","overlay-opacity":"","overlay-gradient":""},"mobile":{"background-color":"var(--ast-global-color-5)","background-image":"","background-repeat":"repeat","background-position":"center center","background-size":"auto","background-attachment":"scroll","background-type":"","background-media":"","overlay-type":"","overlay-color":"","overlay-opacity":"","overlay-gradient":""}},"footnotes":""},"categories":[24],"tags":[],"class_list":["post-6656","post","type-post","status-publish","format-standard","has-post-thumbnail","hentry","category-saude-mental"],"yoast_head":"<!-- This site is optimized with the Yoast SEO Premium plugin v20.8 (Yoast SEO v20.8) - https:\/\/yoast.com\/wordpress\/plugins\/seo\/ -->\n<title>Sintomas Depress\u00e3o Masculina: O Que Voc\u00ea Precisa Saber<\/title>\n<meta name=\"description\" content=\"Descubra os sinais ocultos da depress\u00e3o masculina que podem estar afetando a vida de muitos homens. Voc\u00ea pode estar perdendo algo vital!\" \/>\n<meta name=\"robots\" content=\"index, follow, max-snippet:-1, max-image-preview:large, max-video-preview:-1\" \/>\n<link rel=\"canonical\" href=\"https:\/\/ianima.com.br\/blog\/saude-mental\/sintomas-depressao-masculina-o-que-voce-precisa-saber\/\" \/>\n<meta property=\"og:locale\" content=\"pt_BR\" \/>\n<meta property=\"og:type\" content=\"article\" \/>\n<meta property=\"og:title\" content=\"Sintomas Depress\u00e3o Masculina: O Que Voc\u00ea Precisa Saber\" \/>\n<meta property=\"og:description\" content=\"Descubra os sinais ocultos da depress\u00e3o masculina que podem estar afetando a vida de muitos homens. Voc\u00ea pode estar perdendo algo vital!\" \/>\n<meta property=\"og:url\" content=\"https:\/\/ianima.com.br\/blog\/saude-mental\/sintomas-depressao-masculina-o-que-voce-precisa-saber\/\" \/>\n<meta property=\"og:site_name\" content=\"Terapia Online com IANIMA: Inova\u00e7\u00e3o e Aconselhamento. O terapeuta online ao seu alcance.\" \/>\n<meta property=\"article:published_time\" content=\"2025-06-22T23:49:51+00:00\" \/>\n<meta property=\"article:modified_time\" content=\"2025-06-22T23:49:52+00:00\" \/>\n<meta property=\"og:image\" content=\"https:\/\/ianima.com.br\/blog\/wp-content\/uploads\/2025\/06\/1MM-275.webp\" \/>\n\t<meta property=\"og:image:width\" content=\"1536\" \/>\n\t<meta property=\"og:image:height\" content=\"1024\" \/>\n\t<meta property=\"og:image:type\" content=\"image\/webp\" \/>\n<meta name=\"author\" content=\"Wanderlei Talib\" \/>\n<meta name=\"twitter:card\" content=\"summary_large_image\" \/>\n<meta name=\"twitter:label1\" content=\"Escrito por\" \/>\n\t<meta name=\"twitter:data1\" content=\"Wanderlei Talib\" \/>\n\t<meta name=\"twitter:label2\" content=\"Est. tempo de leitura\" \/>\n\t<meta name=\"twitter:data2\" content=\"7 minutos\" \/>\n<script type=\"application\/ld+json\" class=\"yoast-schema-graph\">{\"@context\":\"https:\/\/schema.org\",\"@graph\":[{\"@type\":\"Article\",\"@id\":\"https:\/\/ianima.com.br\/blog\/saude-mental\/sintomas-depressao-masculina-o-que-voce-precisa-saber\/#article\",\"isPartOf\":{\"@id\":\"https:\/\/ianima.com.br\/blog\/saude-mental\/sintomas-depressao-masculina-o-que-voce-precisa-saber\/\"},\"author\":{\"name\":\"Wanderlei Talib\",\"@id\":\"https:\/\/ianima.com.br\/blog\/#\/schema\/person\/85378d6a819826ce615ae2a7a04f68d8\"},\"headline\":\"Sintomas Depress\u00e3o Masculina: O Que Voc\u00ea Precisa Saber\",\"datePublished\":\"2025-06-22T23:49:51+00:00\",\"dateModified\":\"2025-06-22T23:49:52+00:00\",\"mainEntityOfPage\":{\"@id\":\"https:\/\/ianima.com.br\/blog\/saude-mental\/sintomas-depressao-masculina-o-que-voce-precisa-saber\/\"},\"wordCount\":1368,\"publisher\":{\"@id\":\"https:\/\/ianima.com.br\/blog\/#organization\"},\"articleSection\":[\"Sa\u00fade Mental\"],\"inLanguage\":\"pt-BR\"},{\"@type\":[\"WebPage\",\"FAQPage\"],\"@id\":\"https:\/\/ianima.com.br\/blog\/saude-mental\/sintomas-depressao-masculina-o-que-voce-precisa-saber\/\",\"url\":\"https:\/\/ianima.com.br\/blog\/saude-mental\/sintomas-depressao-masculina-o-que-voce-precisa-saber\/\",\"name\":\"Sintomas Depress\u00e3o Masculina: O Que Voc\u00ea Precisa Saber\",\"isPartOf\":{\"@id\":\"https:\/\/ianima.com.br\/blog\/#website\"},\"datePublished\":\"2025-06-22T23:49:51+00:00\",\"dateModified\":\"2025-06-22T23:49:52+00:00\",\"description\":\"Descubra os sinais ocultos da depress\u00e3o masculina que podem estar afetando a vida de muitos homens. Voc\u00ea pode estar perdendo algo vital!\",\"breadcrumb\":{\"@id\":\"https:\/\/ianima.com.br\/blog\/saude-mental\/sintomas-depressao-masculina-o-que-voce-precisa-saber\/#breadcrumb\"},\"mainEntity\":[{\"@id\":\"https:\/\/ianima.com.br\/blog\/saude-mental\/sintomas-depressao-masculina-o-que-voce-precisa-saber\/#faq-question-1750636044884\"},{\"@id\":\"https:\/\/ianima.com.br\/blog\/saude-mental\/sintomas-depressao-masculina-o-que-voce-precisa-saber\/#faq-question-1750636068048\"},{\"@id\":\"https:\/\/ianima.com.br\/blog\/saude-mental\/sintomas-depressao-masculina-o-que-voce-precisa-saber\/#faq-question-1750636090245\"}],\"inLanguage\":\"pt-BR\",\"potentialAction\":[{\"@type\":\"ReadAction\",\"target\":[\"https:\/\/ianima.com.br\/blog\/saude-mental\/sintomas-depressao-masculina-o-que-voce-precisa-saber\/\"]}]},{\"@type\":\"BreadcrumbList\",\"@id\":\"https:\/\/ianima.com.br\/blog\/saude-mental\/sintomas-depressao-masculina-o-que-voce-precisa-saber\/#breadcrumb\",\"itemListElement\":[{\"@type\":\"ListItem\",\"position\":1,\"name\":\"In\u00edcio\",\"item\":\"https:\/\/ianima.com.br\/blog\/\"},{\"@type\":\"ListItem\",\"position\":2,\"name\":\"Sintomas Depress\u00e3o Masculina: O Que Voc\u00ea Precisa Saber\"}]},{\"@type\":\"WebSite\",\"@id\":\"https:\/\/ianima.com.br\/blog\/#website\",\"url\":\"https:\/\/ianima.com.br\/blog\/\",\"name\":\"Terapia Online com IANIMA: Inova\u00e7\u00e3o e Aconselhamento. O terapeuta online ao seu alcance.\",\"description\":\"Terapia gratuita online com a IAnima, sua terapeuta online. Artigos sobre terapias online, sa\u00fade mental e bem-estar.\",\"publisher\":{\"@id\":\"https:\/\/ianima.com.br\/blog\/#organization\"},\"potentialAction\":[{\"@type\":\"SearchAction\",\"target\":{\"@type\":\"EntryPoint\",\"urlTemplate\":\"https:\/\/ianima.com.br\/blog\/?s={search_term_string}\"},\"query-input\":\"required name=search_term_string\"}],\"inLanguage\":\"pt-BR\"},{\"@type\":\"Organization\",\"@id\":\"https:\/\/ianima.com.br\/blog\/#organization\",\"name\":\"Terapia Online com IANIMA: Inova\u00e7\u00e3o e Aconselhamento. O terapeuta online ao seu alcance.\",\"url\":\"https:\/\/ianima.com.br\/blog\/\",\"logo\":{\"@type\":\"ImageObject\",\"inLanguage\":\"pt-BR\",\"@id\":\"https:\/\/ianima.com.br\/blog\/#\/schema\/logo\/image\/\",\"url\":\"https:\/\/ianima.com.br\/blog\/wp-content\/uploads\/2025\/04\/cropped-IAnima-terapia-online.webp\",\"contentUrl\":\"https:\/\/ianima.com.br\/blog\/wp-content\/uploads\/2025\/04\/cropped-IAnima-terapia-online.webp\",\"width\":819,\"height\":222,\"caption\":\"Terapia Online com IANIMA: Inova\u00e7\u00e3o e Aconselhamento. O terapeuta online ao seu alcance.\"},\"image\":{\"@id\":\"https:\/\/ianima.com.br\/blog\/#\/schema\/logo\/image\/\"}},{\"@type\":\"Person\",\"@id\":\"https:\/\/ianima.com.br\/blog\/#\/schema\/person\/85378d6a819826ce615ae2a7a04f68d8\",\"name\":\"Wanderlei Talib\",\"image\":{\"@type\":\"ImageObject\",\"inLanguage\":\"pt-BR\",\"@id\":\"https:\/\/ianima.com.br\/blog\/#\/schema\/person\/image\/\",\"url\":\"https:\/\/ianima.com.br\/blog\/wp-content\/litespeed\/avatar\/a0461c2b338365ab5dd45a3e926e23c7.jpg?ver=1777055969\",\"contentUrl\":\"https:\/\/ianima.com.br\/blog\/wp-content\/litespeed\/avatar\/a0461c2b338365ab5dd45a3e926e23c7.jpg?ver=1777055969\",\"caption\":\"Wanderlei Talib\"},\"sameAs\":[\"https:\/\/ianima.com.br\/blog\"],\"url\":\"https:\/\/ianima.com.br\/blog\/author\/adminedu\/\"},{\"@type\":\"Question\",\"@id\":\"https:\/\/ianima.com.br\/blog\/saude-mental\/sintomas-depressao-masculina-o-que-voce-precisa-saber\/#faq-question-1750636044884\",\"position\":1,\"url\":\"https:\/\/ianima.com.br\/blog\/saude-mental\/sintomas-depressao-masculina-o-que-voce-precisa-saber\/#faq-question-1750636044884\",\"name\":\"Quais s\u00e3o os principais sintomas da depress\u00e3o em homens?\",\"answerCount\":1,\"acceptedAnswer\":{\"@type\":\"Answer\",\"text\":\"Os principais sintomas incluem tristeza persistente, irritabilidade, fadiga, dificuldade de concentra\u00e7\u00e3o e perda de interesse em atividades que antes eram prazerosas.\",\"inLanguage\":\"pt-BR\"},\"inLanguage\":\"pt-BR\"},{\"@type\":\"Question\",\"@id\":\"https:\/\/ianima.com.br\/blog\/saude-mental\/sintomas-depressao-masculina-o-que-voce-precisa-saber\/#faq-question-1750636068048\",\"position\":2,\"url\":\"https:\/\/ianima.com.br\/blog\/saude-mental\/sintomas-depressao-masculina-o-que-voce-precisa-saber\/#faq-question-1750636068048\",\"name\":\"Como a depress\u00e3o se manifesta de forma diferente nos homens?\",\"answerCount\":1,\"acceptedAnswer\":{\"@type\":\"Answer\",\"text\":\"Nos homens, a depress\u00e3o pode se manifestar mais como raiva, agressividade e comportamentos de risco, ao inv\u00e9s de tristeza\",\"inLanguage\":\"pt-BR\"},\"inLanguage\":\"pt-BR\"},{\"@type\":\"Question\",\"@id\":\"https:\/\/ianima.com.br\/blog\/saude-mental\/sintomas-depressao-masculina-o-que-voce-precisa-saber\/#faq-question-1750636090245\",\"position\":3,\"url\":\"https:\/\/ianima.com.br\/blog\/saude-mental\/sintomas-depressao-masculina-o-que-voce-precisa-saber\/#faq-question-1750636090245\",\"name\":\"\u00c9 comum que eles escondam os sentimentos ou n\u00e3o busquem ajuda.\",\"answerCount\":1,\"acceptedAnswer\":{\"@type\":\"Answer\",\"text\":\"Quando \u00e9 o momento certo de procurar ajuda profissional?\",\"inLanguage\":\"pt-BR\"},\"inLanguage\":\"pt-BR\"}]}<\/script>\n<!-- \/ Yoast SEO Premium plugin. -->","yoast_head_json":{"title":"Sintomas Depress\u00e3o Masculina: O Que Voc\u00ea Precisa Saber","description":"Descubra os sinais ocultos da depress\u00e3o masculina que podem estar afetando a vida de muitos homens. Voc\u00ea pode estar perdendo algo vital!","robots":{"index":"index","follow":"follow","max-snippet":"max-snippet:-1","max-image-preview":"max-image-preview:large","max-video-preview":"max-video-preview:-1"},"canonical":"https:\/\/ianima.com.br\/blog\/saude-mental\/sintomas-depressao-masculina-o-que-voce-precisa-saber\/","og_locale":"pt_BR","og_type":"article","og_title":"Sintomas Depress\u00e3o Masculina: O Que Voc\u00ea Precisa Saber","og_description":"Descubra os sinais ocultos da depress\u00e3o masculina que podem estar afetando a vida de muitos homens. Voc\u00ea pode estar perdendo algo vital!","og_url":"https:\/\/ianima.com.br\/blog\/saude-mental\/sintomas-depressao-masculina-o-que-voce-precisa-saber\/","og_site_name":"Terapia Online com IANIMA: Inova\u00e7\u00e3o e Aconselhamento. O terapeuta online ao seu alcance.","article_published_time":"2025-06-22T23:49:51+00:00","article_modified_time":"2025-06-22T23:49:52+00:00","og_image":[{"width":1536,"height":1024,"url":"https:\/\/ianima.com.br\/blog\/wp-content\/uploads\/2025\/06\/1MM-275.webp","type":"image\/webp"}],"author":"Wanderlei Talib","twitter_card":"summary_large_image","twitter_misc":{"Escrito por":"Wanderlei Talib","Est. tempo de leitura":"7 minutos"},"schema":{"@context":"https:\/\/schema.org","@graph":[{"@type":"Article","@id":"https:\/\/ianima.com.br\/blog\/saude-mental\/sintomas-depressao-masculina-o-que-voce-precisa-saber\/#article","isPartOf":{"@id":"https:\/\/ianima.com.br\/blog\/saude-mental\/sintomas-depressao-masculina-o-que-voce-precisa-saber\/"},"author":{"name":"Wanderlei Talib","@id":"https:\/\/ianima.com.br\/blog\/#\/schema\/person\/85378d6a819826ce615ae2a7a04f68d8"},"headline":"Sintomas Depress\u00e3o Masculina: O Que Voc\u00ea Precisa Saber","datePublished":"2025-06-22T23:49:51+00:00","dateModified":"2025-06-22T23:49:52+00:00","mainEntityOfPage":{"@id":"https:\/\/ianima.com.br\/blog\/saude-mental\/sintomas-depressao-masculina-o-que-voce-precisa-saber\/"},"wordCount":1368,"publisher":{"@id":"https:\/\/ianima.com.br\/blog\/#organization"},"articleSection":["Sa\u00fade Mental"],"inLanguage":"pt-BR"},{"@type":["WebPage","FAQPage"],"@id":"https:\/\/ianima.com.br\/blog\/saude-mental\/sintomas-depressao-masculina-o-que-voce-precisa-saber\/","url":"https:\/\/ianima.com.br\/blog\/saude-mental\/sintomas-depressao-masculina-o-que-voce-precisa-saber\/","name":"Sintomas Depress\u00e3o Masculina: O Que Voc\u00ea Precisa Saber","isPartOf":{"@id":"https:\/\/ianima.com.br\/blog\/#website"},"datePublished":"2025-06-22T23:49:51+00:00","dateModified":"2025-06-22T23:49:52+00:00","description":"Descubra os sinais ocultos da depress\u00e3o masculina que podem estar afetando a vida de muitos homens. Voc\u00ea pode estar perdendo algo vital!","breadcrumb":{"@id":"https:\/\/ianima.com.br\/blog\/saude-mental\/sintomas-depressao-masculina-o-que-voce-precisa-saber\/#breadcrumb"},"mainEntity":[{"@id":"https:\/\/ianima.com.br\/blog\/saude-mental\/sintomas-depressao-masculina-o-que-voce-precisa-saber\/#faq-question-1750636044884"},{"@id":"https:\/\/ianima.com.br\/blog\/saude-mental\/sintomas-depressao-masculina-o-que-voce-precisa-saber\/#faq-question-1750636068048"},{"@id":"https:\/\/ianima.com.br\/blog\/saude-mental\/sintomas-depressao-masculina-o-que-voce-precisa-saber\/#faq-question-1750636090245"}],"inLanguage":"pt-BR","potentialAction":[{"@type":"ReadAction","target":["https:\/\/ianima.com.br\/blog\/saude-mental\/sintomas-depressao-masculina-o-que-voce-precisa-saber\/"]}]},{"@type":"BreadcrumbList","@id":"https:\/\/ianima.com.br\/blog\/saude-mental\/sintomas-depressao-masculina-o-que-voce-precisa-saber\/#breadcrumb","itemListElement":[{"@type":"ListItem","position":1,"name":"In\u00edcio","item":"https:\/\/ianima.com.br\/blog\/"},{"@type":"ListItem","position":2,"name":"Sintomas Depress\u00e3o Masculina: O Que Voc\u00ea Precisa Saber"}]},{"@type":"WebSite","@id":"https:\/\/ianima.com.br\/blog\/#website","url":"https:\/\/ianima.com.br\/blog\/","name":"Terapia Online com IANIMA: Inova\u00e7\u00e3o e Aconselhamento. O terapeuta online ao seu alcance.","description":"Terapia gratuita online com a IAnima, sua terapeuta online. Artigos sobre terapias online, sa\u00fade mental e bem-estar.","publisher":{"@id":"https:\/\/ianima.com.br\/blog\/#organization"},"potentialAction":[{"@type":"SearchAction","target":{"@type":"EntryPoint","urlTemplate":"https:\/\/ianima.com.br\/blog\/?s={search_term_string}"},"query-input":"required name=search_term_string"}],"inLanguage":"pt-BR"},{"@type":"Organization","@id":"https:\/\/ianima.com.br\/blog\/#organization","name":"Terapia Online com IANIMA: Inova\u00e7\u00e3o e Aconselhamento. O terapeuta online ao seu alcance.","url":"https:\/\/ianima.com.br\/blog\/","logo":{"@type":"ImageObject","inLanguage":"pt-BR","@id":"https:\/\/ianima.com.br\/blog\/#\/schema\/logo\/image\/","url":"https:\/\/ianima.com.br\/blog\/wp-content\/uploads\/2025\/04\/cropped-IAnima-terapia-online.webp","contentUrl":"https:\/\/ianima.com.br\/blog\/wp-content\/uploads\/2025\/04\/cropped-IAnima-terapia-online.webp","width":819,"height":222,"caption":"Terapia Online com IANIMA: Inova\u00e7\u00e3o e Aconselhamento. O terapeuta online ao seu alcance."},"image":{"@id":"https:\/\/ianima.com.br\/blog\/#\/schema\/logo\/image\/"}},{"@type":"Person","@id":"https:\/\/ianima.com.br\/blog\/#\/schema\/person\/85378d6a819826ce615ae2a7a04f68d8","name":"Wanderlei Talib","image":{"@type":"ImageObject","inLanguage":"pt-BR","@id":"https:\/\/ianima.com.br\/blog\/#\/schema\/person\/image\/","url":"https:\/\/ianima.com.br\/blog\/wp-content\/litespeed\/avatar\/a0461c2b338365ab5dd45a3e926e23c7.jpg?ver=1777055969","contentUrl":"https:\/\/ianima.com.br\/blog\/wp-content\/litespeed\/avatar\/a0461c2b338365ab5dd45a3e926e23c7.jpg?ver=1777055969","caption":"Wanderlei Talib"},"sameAs":["https:\/\/ianima.com.br\/blog"],"url":"https:\/\/ianima.com.br\/blog\/author\/adminedu\/"},{"@type":"Question","@id":"https:\/\/ianima.com.br\/blog\/saude-mental\/sintomas-depressao-masculina-o-que-voce-precisa-saber\/#faq-question-1750636044884","position":1,"url":"https:\/\/ianima.com.br\/blog\/saude-mental\/sintomas-depressao-masculina-o-que-voce-precisa-saber\/#faq-question-1750636044884","name":"Quais s\u00e3o os principais sintomas da depress\u00e3o em homens?","answerCount":1,"acceptedAnswer":{"@type":"Answer","text":"Os principais sintomas incluem tristeza persistente, irritabilidade, fadiga, dificuldade de concentra\u00e7\u00e3o e perda de interesse em atividades que antes eram prazerosas.","inLanguage":"pt-BR"},"inLanguage":"pt-BR"},{"@type":"Question","@id":"https:\/\/ianima.com.br\/blog\/saude-mental\/sintomas-depressao-masculina-o-que-voce-precisa-saber\/#faq-question-1750636068048","position":2,"url":"https:\/\/ianima.com.br\/blog\/saude-mental\/sintomas-depressao-masculina-o-que-voce-precisa-saber\/#faq-question-1750636068048","name":"Como a depress\u00e3o se manifesta de forma diferente nos homens?","answerCount":1,"acceptedAnswer":{"@type":"Answer","text":"Nos homens, a depress\u00e3o pode se manifestar mais como raiva, agressividade e comportamentos de risco, ao inv\u00e9s de tristeza","inLanguage":"pt-BR"},"inLanguage":"pt-BR"},{"@type":"Question","@id":"https:\/\/ianima.com.br\/blog\/saude-mental\/sintomas-depressao-masculina-o-que-voce-precisa-saber\/#faq-question-1750636090245","position":3,"url":"https:\/\/ianima.com.br\/blog\/saude-mental\/sintomas-depressao-masculina-o-que-voce-precisa-saber\/#faq-question-1750636090245","name":"\u00c9 comum que eles escondam os sentimentos ou n\u00e3o busquem ajuda.","answerCount":1,"acceptedAnswer":{"@type":"Answer","text":"Quando \u00e9 o momento certo de procurar ajuda profissional?","inLanguage":"pt-BR"},"inLanguage":"pt-BR"}]}},"_links":{"self":[{"href":"https:\/\/ianima.com.br\/blog\/wp-json\/wp\/v2\/posts\/6656","targetHints":{"allow":["GET"]}}],"collection":[{"href":"https:\/\/ianima.com.br\/blog\/wp-json\/wp\/v2\/posts"}],"about":[{"href":"https:\/\/ianima.com.br\/blog\/wp-json\/wp\/v2\/types\/post"}],"author":[{"embeddable":true,"href":"https:\/\/ianima.com.br\/blog\/wp-json\/wp\/v2\/users\/1"}],"replies":[{"embeddable":true,"href":"https:\/\/ianima.com.br\/blog\/wp-json\/wp\/v2\/comments?post=6656"}],"version-history":[{"count":1,"href":"https:\/\/ianima.com.br\/blog\/wp-json\/wp\/v2\/posts\/6656\/revisions"}],"predecessor-version":[{"id":6660,"href":"https:\/\/ianima.com.br\/blog\/wp-json\/wp\/v2\/posts\/6656\/revisions\/6660"}],"wp:featuredmedia":[{"embeddable":true,"href":"https:\/\/ianima.com.br\/blog\/wp-json\/wp\/v2\/media\/6658"}],"wp:attachment":[{"href":"https:\/\/ianima.com.br\/blog\/wp-json\/wp\/v2\/media?parent=6656"}],"wp:term":[{"taxonomy":"category","embeddable":true,"href":"https:\/\/ianima.com.br\/blog\/wp-json\/wp\/v2\/categories?post=6656"},{"taxonomy":"post_tag","embeddable":true,"href":"https:\/\/ianima.com.br\/blog\/wp-json\/wp\/v2\/tags?post=6656"}],"curies":[{"name":"wp","href":"https:\/\/api.w.org\/{rel}","templated":true}]}}