{"id":6671,"date":"2025-06-23T00:51:09","date_gmt":"2025-06-23T00:51:09","guid":{"rendered":"https:\/\/ianima.com.br\/blog\/?p=6671"},"modified":"2025-06-23T00:51:10","modified_gmt":"2025-06-23T00:51:10","slug":"como-evitar-depressao-pos-parto-fatores-essenciais","status":"publish","type":"post","link":"https:\/\/ianima.com.br\/blog\/saude-mental\/como-evitar-depressao-pos-parto-fatores-essenciais\/","title":{"rendered":"Como Evitar Depress\u00e3o P\u00f3s-Parto: Fatores Essenciais"},"content":{"rendered":"\n<p>Antes de tudo, \u00e9 importante reconhecer que a chegada de um beb\u00ea traz grandes mudan\u00e7as emocionais e f\u00edsicas. Para muitas mulheres, esse per\u00edodo \u00e9 repleto de alegria, mas tamb\u00e9m pode envolver desafios emocionais significativos. A <strong>depress\u00e3o p\u00f3s-parto<\/strong> \u00e9 uma condi\u00e7\u00e3o que afeta muitas m\u00e3es, e entender como preveni-la \u00e9 um passo fundamental para o bem-estar emocional. Voc\u00ea j\u00e1 se perguntou como proteger sua sa\u00fade mental nesse momento t\u00e3o delicado? Descubra os sinais, causas e caminhos para compreender a <strong>depress\u00e3o p\u00f3s-parto<\/strong> que podem estar impactando sua vida.<\/p>\n\n\n\n<h2 class=\"wp-block-heading\" id=\"h-os-sinais-e-sintomas-da-depressao-pos-parto\">Os Sinais e Sintomas da Depress\u00e3o P\u00f3s-Parto<\/h2>\n\n\n\n<p>Al\u00e9m da tristeza persistente, a <strong>depress\u00e3o p\u00f3s-parto<\/strong> pode incluir sintomas menos \u00f3bvios. Por exemplo:<\/p>\n\n\n\n<ul class=\"wp-block-list\">\n<li>Sensa\u00e7\u00e3o constante de cansa\u00e7o extremo, mesmo ap\u00f3s descanso.<\/li>\n\n\n\n<li>Dificuldade para criar v\u00ednculo com o beb\u00ea.<\/li>\n\n\n\n<li>Pensamentos de culpa excessiva ou inadequa\u00e7\u00e3o.<\/li>\n\n\n\n<li>Irritabilidade frequente ou crises de choro sem motivo aparente.<\/li>\n\n\n\n<li>Altera\u00e7\u00f5es no apetite (fome exagerada ou perda de apetite).<\/li>\n\n\n\n<li>Ins\u00f4nia, mesmo quando o beb\u00ea est\u00e1 dormindo.<\/li>\n\n\n\n<li>Pensamentos negativos recorrentes sobre si mesma, o beb\u00ea ou o futuro.<\/li>\n<\/ul>\n\n\n\n<p>Al\u00e9m disso, algumas m\u00e3es relatam uma sensa\u00e7\u00e3o de distanciamento emocional, como se estivessem observando a pr\u00f3pria vida de fora, sem conseguir participar ativamente dela.<\/p>\n\n\n\n<h2 class=\"wp-block-heading\" id=\"h-a-psicologia-por-tras-da-vida-real-a-depressao-pos-parto-no-dia-a-dia\">A Psicologia por Tr\u00e1s da Vida Real: A Depress\u00e3o P\u00f3s-Parto no Dia a Dia *<\/h2>\n\n\n\n<p>Imagine uma m\u00e3e que, ap\u00f3s semanas de espera, finalmente tem seu beb\u00ea nos bra\u00e7os. A princ\u00edpio, tudo parece perfeito. Mas com o passar dos dias, ela come\u00e7a a sentir uma ang\u00fastia inexplic\u00e1vel. Pequenas tarefas como trocar uma fralda ou preparar uma mamadeira se tornam exaustivas. Ela se sente isolada, mesmo cercada por familiares.<\/p>\n\n\n\n<p>Do mesmo modo, outra m\u00e3e pode experimentar uma dificuldade crescente para se conectar emocionalmente com o beb\u00ea, mesmo reconhecendo que ama profundamente seu filho. Esses relatos ilustram como a <strong>depress\u00e3o p\u00f3s-parto<\/strong> pode afetar a rotina, os sentimentos e o comportamento das mulheres, muitas vezes gerando uma sensa\u00e7\u00e3o de culpa por n\u00e3o viver o que se imaginava ser um momento de pura felicidade.<\/p>\n\n\n\n<h2 class=\"wp-block-heading\" id=\"h-compreendendo-os-momentos-criticos-da-depressao-pos-parto\">Compreendendo os Momentos Cr\u00edticos da Depress\u00e3o P\u00f3s-Parto<\/h2>\n\n\n\n<p>Os momentos cr\u00edticos geralmente surgem nas primeiras semanas ap\u00f3s o parto, mas tamb\u00e9m podem ocorrer meses depois. Entre os sinais mais preocupantes est\u00e3o:<\/p>\n\n\n\n<ul class=\"wp-block-list\">\n<li>Intensifica\u00e7\u00e3o de pensamentos negativos ou desesperan\u00e7osos.<\/li>\n\n\n\n<li>Rejei\u00e7\u00e3o de qualquer tipo de ajuda.<\/li>\n\n\n\n<li>Dificuldade extrema para cuidar do beb\u00ea.<\/li>\n\n\n\n<li>Ideias de autoles\u00e3o ou pensamentos de que o beb\u00ea estaria melhor sem a m\u00e3e.<\/li>\n<\/ul>\n\n\n\n<p>\u00c9 fundamental diferenciar esses momentos de uma tristeza leve ou de oscila\u00e7\u00f5es emocionais comuns no puerp\u00e9rio.<\/p>\n\n\n\n<h2 class=\"wp-block-heading\" id=\"h-o-que-desencadeia-a-depressao-pos-parto\">O Que Desencadeia a Depress\u00e3o P\u00f3s-Parto?<\/h2>\n\n\n\n<p>V\u00e1rios fatores podem contribuir para o surgimento da <strong>depress\u00e3o p\u00f3s-parto<\/strong>, como:<\/p>\n\n\n\n<ul class=\"wp-block-list\">\n<li>Altera\u00e7\u00f5es hormonais abruptas ap\u00f3s o parto.<\/li>\n\n\n\n<li>Hist\u00f3rico pr\u00e9vio de depress\u00e3o ou ansiedade.<\/li>\n\n\n\n<li>Falta de apoio social ou familiar.<\/li>\n\n\n\n<li>Estresse financeiro ou preocupa\u00e7\u00f5es com o futuro.<\/li>\n\n\n\n<li>Complica\u00e7\u00f5es durante o parto.<\/li>\n\n\n\n<li>Dificuldades na amamenta\u00e7\u00e3o ou com o sono do beb\u00ea.<\/li>\n<\/ul>\n\n\n\n<p>Al\u00e9m disso, experi\u00eancias pr\u00e9vias de trauma ou perda podem aumentar a vulnerabilidade emocional nesse per\u00edodo.<\/p>\n\n\n\n<h2 class=\"wp-block-heading\" id=\"h-mitos-e-verdades-sobre-solucoes-para-a-depressao-pos-parto\">Mitos e Verdades sobre Solu\u00e7\u00f5es para a Depress\u00e3o P\u00f3s-Parto<\/h2>\n\n\n\n<p>Mito: &#8220;Depress\u00e3o p\u00f3s-parto \u00e9 apenas falta de for\u00e7a de vontade.&#8221;<br>Verdade: Trata-se de uma condi\u00e7\u00e3o de sa\u00fade mental real, que pode atingir qualquer mulher, independentemente de sua for\u00e7a emocional.<\/p>\n\n\n\n<p>Mito: &#8220;Se eu amar meu beb\u00ea o suficiente, a depress\u00e3o vai passar.&#8221;<br>Verdade: O amor materno \u00e9 imenso, mas n\u00e3o substitui o cuidado com a sa\u00fade mental.<\/p>\n\n\n\n<p>Mito: &#8220;S\u00f3 mulheres que tiveram partos dif\u00edceis desenvolvem depress\u00e3o p\u00f3s-parto.&#8221;<br>Verdade: Mesmo partos tranquilos podem anteceder a <strong>depress\u00e3o p\u00f3s-parto<\/strong>, devido a outros fatores emocionais e hormonais.<\/p>\n\n\n\n<h2 class=\"wp-block-heading\" id=\"h-como-lidar-com-a-depressao-pos-parto-no-dia-a-dia\">Como Lidar com a Depress\u00e3o P\u00f3s-Parto no Dia a Dia<\/h2>\n\n\n\n<p>Algumas estrat\u00e9gias podem ajudar a enfrentar e prevenir a <strong>depress\u00e3o p\u00f3s-parto<\/strong>:<\/p>\n\n\n\n<ul class=\"wp-block-list\">\n<li>Converse abertamente com pessoas de confian\u00e7a sobre seus sentimentos.<\/li>\n\n\n\n<li>Estabele\u00e7a uma rede de apoio com familiares, amigos e outros pais.<\/li>\n\n\n\n<li>Permita-se momentos de descanso, sem culpa.<\/li>\n\n\n\n<li>Pratique atividades relaxantes, como caminhadas ao ar livre.<\/li>\n\n\n\n<li>Mantenha uma alimenta\u00e7\u00e3o equilibrada e procure manter a hidrata\u00e7\u00e3o.<\/li>\n\n\n\n<li>Se poss\u00edvel, participe de grupos de m\u00e3es, seja presencialmente ou online.<\/li>\n<\/ul>\n\n\n\n<p>Pequenas atitudes di\u00e1rias podem fazer grande diferen\u00e7a no bem-estar emocional.<\/p>\n\n\n\n<h2 class=\"wp-block-heading\" id=\"h-a-depressao-pos-parto-no-corpo-e-na-mente-manifestacoes\">A Depress\u00e3o P\u00f3s-Parto no Corpo e na Mente: Manifesta\u00e7\u00f5es<\/h2>\n\n\n\n<p>Fisicamente, a <strong>depress\u00e3o p\u00f3s-parto<\/strong> pode causar:<\/p>\n\n\n\n<ul class=\"wp-block-list\">\n<li>Fadiga extrema.<\/li>\n\n\n\n<li>Altera\u00e7\u00f5es no sono.<\/li>\n\n\n\n<li>Dores de cabe\u00e7a frequentes.<\/li>\n\n\n\n<li>Tens\u00e3o muscular.<\/li>\n<\/ul>\n\n\n\n<p>Mentalmente, os impactos incluem:<\/p>\n\n\n\n<ul class=\"wp-block-list\">\n<li>Pensamentos pessimistas recorrentes.<\/li>\n\n\n\n<li>Sentimentos de culpa excessiva.<\/li>\n\n\n\n<li>Sensa\u00e7\u00e3o de incapacidade.<\/li>\n\n\n\n<li>Dificuldade de concentra\u00e7\u00e3o.<\/li>\n<\/ul>\n\n\n\n<p>A conex\u00e3o entre corpo e mente \u00e9 forte, e os sinais podem aparecer de forma conjunta, tornando essencial a aten\u00e7\u00e3o a ambos.<\/p>\n\n\n\n<h2 class=\"wp-block-heading\" id=\"h-depressao-pos-parto-uma-perspectiva-ampliada\">Depress\u00e3o P\u00f3s-Parto: Uma Perspectiva Ampliada<\/h2>\n\n\n\n<p>Existe tamb\u00e9m uma condi\u00e7\u00e3o conhecida como transtorno de ansiedade p\u00f3s-parto. Ela pode ocorrer isoladamente ou junto da <strong>depress\u00e3o p\u00f3s-parto<\/strong>. Os sintomas incluem preocupa\u00e7\u00e3o excessiva com a sa\u00fade do beb\u00ea, medo constante de que algo ruim aconte\u00e7a e ataques de p\u00e2nico.<\/p>\n\n\n\n<p>Reconhecer essa varia\u00e7\u00e3o \u00e9 importante para um cuidado mais adequado.<\/p>\n\n\n\n<h2 class=\"wp-block-heading\" id=\"h-quem-busca-alivio-para-a-depressao-pos-parto\">Quem Busca Al\u00edvio para a Depress\u00e3o P\u00f3s-Parto?<\/h2>\n\n\n\n<p>Muitas m\u00e3es que buscam ajuda est\u00e3o enfrentando uma sobrecarga emocional que vai al\u00e9m do cansa\u00e7o natural da maternidade. S\u00e3o mulheres que:<\/p>\n\n\n\n<ul class=\"wp-block-list\">\n<li>Sentem-se constantemente tristes ou ansiosas.<\/li>\n\n\n\n<li>Relatam dificuldade para lidar com as tarefas di\u00e1rias.<\/li>\n\n\n\n<li>Percebem que n\u00e3o conseguem sentir prazer nas atividades que antes eram agrad\u00e1veis.<\/li>\n\n\n\n<li>T\u00eam pensamentos preocupantes sobre o futuro.<\/li>\n<\/ul>\n\n\n\n<p>Essas mulheres, ao procurar informa\u00e7\u00e3o, est\u00e3o dando um passo fundamental rumo ao cuidado emocional.<\/p>\n\n\n\n<h2 class=\"wp-block-heading\" id=\"h-diferentes-abordagens-para-lidar-com-a-depressao-pos-parto\">Diferentes Abordagens para Lidar com a Depress\u00e3o P\u00f3s-Parto<\/h2>\n\n\n\n<p>Entre as formas de cuidado mais comuns est\u00e3o:<\/p>\n\n\n\n<ul class=\"wp-block-list\">\n<li>Psicoterapia (individual ou em grupo).<\/li>\n\n\n\n<li>Apoio de redes sociais e grupos de m\u00e3es.<\/li>\n\n\n\n<li>Atividades f\u00edsicas leves, com autoriza\u00e7\u00e3o m\u00e9dica.<\/li>\n\n\n\n<li>T\u00e9cnicas de relaxamento, como mindfulness e respira\u00e7\u00e3o consciente.<\/li>\n\n\n\n<li>Em alguns casos, avalia\u00e7\u00e3o m\u00e9dica para considerar outras formas de tratamento.<\/li>\n<\/ul>\n\n\n\n<h2 class=\"wp-block-heading\" id=\"h-sinais-de-alerta-quando-buscar-ajuda-profissional\">Sinais de Alerta: Quando Buscar Ajuda Profissional<\/h2>\n\n\n\n<p>\u00c9 fundamental procurar ajuda profissional quando:<\/p>\n\n\n\n<ul class=\"wp-block-list\">\n<li>Os sintomas duram mais de duas semanas.<\/li>\n\n\n\n<li>H\u00e1 pensamentos de autoles\u00e3o ou de machucar o beb\u00ea.<\/li>\n\n\n\n<li>As dificuldades emocionais come\u00e7am a impactar de forma significativa o cuidado com o beb\u00ea ou com a pr\u00f3pria sa\u00fade.<\/li>\n\n\n\n<li>Existe sensa\u00e7\u00e3o de desespero ou de que a situa\u00e7\u00e3o jamais vai melhorar.<\/li>\n<\/ul>\n\n\n\n<p>Buscar apoio n\u00e3o \u00e9 sinal de fraqueza, mas um passo essencial para o bem-estar.<\/p>\n\n\n\n<h2 class=\"wp-block-heading\" id=\"h-recursos-e-informacoes-confiaveis-sobre-a-depressao-pos-parto\">Recursos e Informa\u00e7\u00f5es Confi\u00e1veis sobre a Depress\u00e3o P\u00f3s-Parto<\/h2>\n\n\n\n<p>Para quem deseja mais informa\u00e7\u00f5es, alguns recursos \u00fateis incluem:<\/p>\n\n\n\n<ul class=\"wp-block-list\">\n<li>Sites de associa\u00e7\u00f5es de psicologia e psiquiatria.<\/li>\n\n\n\n<li>Grupos de apoio online para m\u00e3es.<\/li>\n\n\n\n<li>Materiais educativos de institui\u00e7\u00f5es de sa\u00fade reconhecidas.<\/li>\n\n\n\n<li>Livros sobre sa\u00fade mental materna.<\/li>\n<\/ul>\n\n\n\n<p>A busca por fontes confi\u00e1veis \u00e9 essencial para esclarecer d\u00favidas e reduzir o estigma.<\/p>\n\n\n\n<h2 class=\"wp-block-heading\" id=\"h-dicas-para-acao-imediata-em-momentos-de-depressao-pos-parto\">Dicas para A\u00e7\u00e3o Imediata em Momentos de Depress\u00e3o P\u00f3s-Parto<\/h2>\n\n\n\n<ul class=\"wp-block-list\">\n<li>Respire profundamente por alguns minutos para reduzir a ansiedade.<\/li>\n\n\n\n<li>Pe\u00e7a ajuda a algu\u00e9m de confian\u00e7a, mesmo que seja para pequenas tarefas.<\/li>\n\n\n\n<li>Anote seus sentimentos em um caderno para aliviar a mente.<\/li>\n\n\n\n<li>Pratique a t\u00e9cnica de \u201c5 coisas\u201d: observe e descreva 5 coisas que voc\u00ea pode ver, ouvir ou sentir ao seu redor, ajudando a ancorar-se no presente.<\/li>\n<\/ul>\n\n\n\n<h2 class=\"wp-block-heading\" id=\"h-conclusao\">Conclus\u00e3o<\/h2>\n\n\n\n<p>Em suma, entender <strong>como evitar a depress\u00e3o p\u00f3s-parto<\/strong> \u00e9 um passo importante para garantir bem-estar durante essa fase t\u00e3o especial da vida. Identificar os sinais, compreender os fatores de risco e adotar atitudes preventivas pode fazer toda a diferen\u00e7a. Se voc\u00ea se identifica com esses sinais, buscar informa\u00e7\u00e3o e apoio pode ser o primeiro passo para uma vida mais leve e equilibrada!<\/p>\n\n\n\n<p>* Essas narrativas s\u00e3o fict\u00edcias mas inspiradas em situa\u00e7\u00f5es comumente vivenciadas nos estudos e na cl\u00ednica psicol\u00f3gica.<\/p>\n\n\n\n<figure class=\"wp-block-image aligncenter size-large is-resized\"><img fetchpriority=\"high\" decoding=\"async\" width=\"1024\" height=\"683\" src=\"https:\/\/ianima.com.br\/blog\/wp-content\/uploads\/2025\/06\/2MM-278-1024x683.webp\" alt=\"Como Evitar Depress\u00e3o P\u00f3s-Parto: Fatores Essenciais\" class=\"wp-image-6674\" style=\"width:500px\" srcset=\"https:\/\/ianima.com.br\/blog\/wp-content\/uploads\/2025\/06\/2MM-278-1024x683.webp 1024w, https:\/\/ianima.com.br\/blog\/wp-content\/uploads\/2025\/06\/2MM-278-300x200.webp 300w, https:\/\/ianima.com.br\/blog\/wp-content\/uploads\/2025\/06\/2MM-278-768x512.webp 768w, https:\/\/ianima.com.br\/blog\/wp-content\/uploads\/2025\/06\/2MM-278.webp 1536w\" sizes=\"(max-width: 1024px) 100vw, 1024px\" \/><\/figure>\n\n\n\n<h2 class=\"wp-block-heading\" id=\"h-perguntas-frequentes-faq\">Perguntas Frequentes (FAQ)<\/h2>\n\n\n\n<div class=\"schema-faq wp-block-yoast-faq-block\"><div class=\"schema-faq-section\" id=\"faq-question-1750639721358\"><strong class=\"schema-faq-question\">O que \u00e9 depress\u00e3o p\u00f3s-parto?<\/strong> <p class=\"schema-faq-answer\">A depress\u00e3o p\u00f3s-parto \u00e9 um tipo de depress\u00e3o que pode afetar mulheres ap\u00f3s o nascimento do beb\u00ea, causando tristeza, ansiedade e mudan\u00e7as de humor.<\/p> <\/div> <div class=\"schema-faq-section\" id=\"faq-question-1750639742558\"><strong class=\"schema-faq-question\">Como posso prevenir a depress\u00e3o p\u00f3s-parto?<\/strong> <p class=\"schema-faq-answer\">Para prevenir, \u00e9 importante manter uma rede de apoio, conversar sobre seus sentimentos e cuidar da sa\u00fade f\u00edsica e mental.<\/p> <\/div> <div class=\"schema-faq-section\" id=\"faq-question-1750639763816\"><strong class=\"schema-faq-question\">Quais s\u00e3o os sinais de alerta da depress\u00e3o p\u00f3s-parto?<\/strong> <p class=\"schema-faq-answer\">Os sinais incluem tristeza intensa, falta de interesse em atividades, altera\u00e7\u00f5es no sono e apetite, e dificuldade em se conectar com o beb\u00ea.<\/p> <\/div> <\/div>\n\n\n\n<ul class=\"wp-block-yoast-seo-related-links\"><li><a href=\"https:\/\/ianima.com.br\/blog\/saude-mental\/sintomas-de-depressao-pos-parto-o-que-voce-precisa-saber\/\">Sintomas de Depress\u00e3o P\u00f3s-Parto: O Que Voc\u00ea Precisa Saber<\/a><\/li><li><a href=\"https:\/\/ianima.com.br\/blog\/saude-mental\/depressao-pos-parto-entenda-os-sinais-e-como-lidar\/\">Depress\u00e3o P\u00f3s-Parto: Entenda os Sinais e Como Lidar<\/a><\/li><li><a href=\"https:\/\/ianima.com.br\/blog\/saude-mental\/o-que-causa-depressao-pos-parto-fatores-e-sinais\/\">O Que Causa Depress\u00e3o P\u00f3s Parto? Fatores e Sinais<\/a><\/li><li><a href=\"https:\/\/ianima.com.br\/blog\/saude-mental\/o-que-e-depressao-pos-parto-sinais-causas-e-caminhos\/\">O Que \u00c9 Depress\u00e3o P\u00f3s-Parto: Sinais, Causas e Caminhos<\/a><\/li><li><a href=\"https:\/\/ianima.com.br\/blog\/saude-mental\/depressao-pos-parto-sinais-causas-e-caminhos\/\">Depress\u00e3o P\u00f3s-Parto: Sinais, Causas e Caminhos<\/a><\/li><\/ul>\n","protected":false},"excerpt":{"rendered":"<p>Antes de tudo, \u00e9 importante reconhecer que a chegada de um beb\u00ea traz grandes mudan\u00e7as emocionais e f\u00edsicas. Para muitas mulheres, esse per\u00edodo \u00e9 repleto de alegria, mas tamb\u00e9m pode envolver desafios emocionais significativos. A depress\u00e3o p\u00f3s-parto \u00e9 uma condi\u00e7\u00e3o que afeta muitas m\u00e3es, e entender como preveni-la \u00e9 um passo fundamental para o bem-estar [&hellip;]<\/p>\n","protected":false},"author":1,"featured_media":6673,"comment_status":"closed","ping_status":"closed","sticky":false,"template":"","format":"standard","meta":{"site-sidebar-layout":"default","site-content-layout":"","ast-site-content-layout":"default","site-content-style":"default","site-sidebar-style":"default","ast-global-header-display":"","ast-banner-title-visibility":"","ast-main-header-display":"","ast-hfb-above-header-display":"","ast-hfb-below-header-display":"","ast-hfb-mobile-header-display":"","site-post-title":"","ast-breadcrumbs-content":"","ast-featured-img":"","footer-sml-layout":"","theme-transparent-header-meta":"","adv-header-id-meta":"","stick-header-meta":"","header-above-stick-meta":"","header-main-stick-meta":"","header-below-stick-meta":"","astra-migrate-meta-layouts":"set","ast-page-background-enabled":"default","ast-page-background-meta":{"desktop":{"background-color":"","background-image":"","background-repeat":"repeat","background-position":"center center","background-size":"auto","background-attachment":"scroll","background-type":"","background-media":"","overlay-type":"","overlay-color":"","overlay-opacity":"","overlay-gradient":""},"tablet":{"background-color":"","background-image":"","background-repeat":"repeat","background-position":"center center","background-size":"auto","background-attachment":"scroll","background-type":"","background-media":"","overlay-type":"","overlay-color":"","overlay-opacity":"","overlay-gradient":""},"mobile":{"background-color":"","background-image":"","background-repeat":"repeat","background-position":"center center","background-size":"auto","background-attachment":"scroll","background-type":"","background-media":"","overlay-type":"","overlay-color":"","overlay-opacity":"","overlay-gradient":""}},"ast-content-background-meta":{"desktop":{"background-color":"var(--ast-global-color-5)","background-image":"","background-repeat":"repeat","background-position":"center center","background-size":"auto","background-attachment":"scroll","background-type":"","background-media":"","overlay-type":"","overlay-color":"","overlay-opacity":"","overlay-gradient":""},"tablet":{"background-color":"var(--ast-global-color-5)","background-image":"","background-repeat":"repeat","background-position":"center center","background-size":"auto","background-attachment":"scroll","background-type":"","background-media":"","overlay-type":"","overlay-color":"","overlay-opacity":"","overlay-gradient":""},"mobile":{"background-color":"var(--ast-global-color-5)","background-image":"","background-repeat":"repeat","background-position":"center center","background-size":"auto","background-attachment":"scroll","background-type":"","background-media":"","overlay-type":"","overlay-color":"","overlay-opacity":"","overlay-gradient":""}},"footnotes":""},"categories":[24],"tags":[],"class_list":["post-6671","post","type-post","status-publish","format-standard","has-post-thumbnail","hentry","category-saude-mental"],"yoast_head":"<!-- This site is optimized with the Yoast SEO Premium plugin v20.8 (Yoast SEO v20.8) - https:\/\/yoast.com\/wordpress\/plugins\/seo\/ -->\n<title>Como Evitar Depress\u00e3o P\u00f3s-Parto: Fatores Essenciais<\/title>\n<meta name=\"description\" content=\"Descubra os segredos para prevenir a depress\u00e3o p\u00f3s-parto! Conhe\u00e7a os fatores essenciais que podem transformar sua experi\u00eancia maternal.\" \/>\n<meta name=\"robots\" content=\"index, follow, max-snippet:-1, max-image-preview:large, max-video-preview:-1\" \/>\n<link rel=\"canonical\" href=\"https:\/\/ianima.com.br\/blog\/saude-mental\/como-evitar-depressao-pos-parto-fatores-essenciais\/\" \/>\n<meta property=\"og:locale\" content=\"pt_BR\" \/>\n<meta property=\"og:type\" content=\"article\" \/>\n<meta property=\"og:title\" content=\"Como Evitar Depress\u00e3o P\u00f3s-Parto: Fatores Essenciais\" \/>\n<meta property=\"og:description\" content=\"Descubra os segredos para prevenir a depress\u00e3o p\u00f3s-parto! Conhe\u00e7a os fatores essenciais que podem transformar sua experi\u00eancia maternal.\" \/>\n<meta property=\"og:url\" content=\"https:\/\/ianima.com.br\/blog\/saude-mental\/como-evitar-depressao-pos-parto-fatores-essenciais\/\" \/>\n<meta property=\"og:site_name\" content=\"Terapia Online com IANIMA: Inova\u00e7\u00e3o e Aconselhamento. O terapeuta online ao seu alcance.\" \/>\n<meta property=\"article:published_time\" content=\"2025-06-23T00:51:09+00:00\" \/>\n<meta property=\"article:modified_time\" content=\"2025-06-23T00:51:10+00:00\" \/>\n<meta property=\"og:image\" content=\"https:\/\/ianima.com.br\/blog\/wp-content\/uploads\/2025\/06\/1MM-278.webp\" \/>\n\t<meta property=\"og:image:width\" content=\"1536\" \/>\n\t<meta property=\"og:image:height\" content=\"1024\" \/>\n\t<meta property=\"og:image:type\" content=\"image\/webp\" \/>\n<meta name=\"author\" content=\"Wanderlei Talib\" \/>\n<meta name=\"twitter:card\" content=\"summary_large_image\" \/>\n<meta name=\"twitter:label1\" content=\"Escrito por\" \/>\n\t<meta name=\"twitter:data1\" content=\"Wanderlei Talib\" \/>\n\t<meta name=\"twitter:label2\" content=\"Est. tempo de leitura\" \/>\n\t<meta name=\"twitter:data2\" content=\"8 minutos\" \/>\n<script type=\"application\/ld+json\" class=\"yoast-schema-graph\">{\"@context\":\"https:\/\/schema.org\",\"@graph\":[{\"@type\":\"Article\",\"@id\":\"https:\/\/ianima.com.br\/blog\/saude-mental\/como-evitar-depressao-pos-parto-fatores-essenciais\/#article\",\"isPartOf\":{\"@id\":\"https:\/\/ianima.com.br\/blog\/saude-mental\/como-evitar-depressao-pos-parto-fatores-essenciais\/\"},\"author\":{\"name\":\"Wanderlei Talib\",\"@id\":\"https:\/\/ianima.com.br\/blog\/#\/schema\/person\/85378d6a819826ce615ae2a7a04f68d8\"},\"headline\":\"Como Evitar Depress\u00e3o P\u00f3s-Parto: Fatores Essenciais\",\"datePublished\":\"2025-06-23T00:51:09+00:00\",\"dateModified\":\"2025-06-23T00:51:10+00:00\",\"mainEntityOfPage\":{\"@id\":\"https:\/\/ianima.com.br\/blog\/saude-mental\/como-evitar-depressao-pos-parto-fatores-essenciais\/\"},\"wordCount\":1498,\"publisher\":{\"@id\":\"https:\/\/ianima.com.br\/blog\/#organization\"},\"articleSection\":[\"Sa\u00fade Mental\"],\"inLanguage\":\"pt-BR\"},{\"@type\":[\"WebPage\",\"FAQPage\"],\"@id\":\"https:\/\/ianima.com.br\/blog\/saude-mental\/como-evitar-depressao-pos-parto-fatores-essenciais\/\",\"url\":\"https:\/\/ianima.com.br\/blog\/saude-mental\/como-evitar-depressao-pos-parto-fatores-essenciais\/\",\"name\":\"Como Evitar Depress\u00e3o P\u00f3s-Parto: Fatores Essenciais\",\"isPartOf\":{\"@id\":\"https:\/\/ianima.com.br\/blog\/#website\"},\"datePublished\":\"2025-06-23T00:51:09+00:00\",\"dateModified\":\"2025-06-23T00:51:10+00:00\",\"description\":\"Descubra os segredos para prevenir a depress\u00e3o p\u00f3s-parto! Conhe\u00e7a os fatores essenciais que podem transformar sua experi\u00eancia maternal.\",\"breadcrumb\":{\"@id\":\"https:\/\/ianima.com.br\/blog\/saude-mental\/como-evitar-depressao-pos-parto-fatores-essenciais\/#breadcrumb\"},\"mainEntity\":[{\"@id\":\"https:\/\/ianima.com.br\/blog\/saude-mental\/como-evitar-depressao-pos-parto-fatores-essenciais\/#faq-question-1750639721358\"},{\"@id\":\"https:\/\/ianima.com.br\/blog\/saude-mental\/como-evitar-depressao-pos-parto-fatores-essenciais\/#faq-question-1750639742558\"},{\"@id\":\"https:\/\/ianima.com.br\/blog\/saude-mental\/como-evitar-depressao-pos-parto-fatores-essenciais\/#faq-question-1750639763816\"}],\"inLanguage\":\"pt-BR\",\"potentialAction\":[{\"@type\":\"ReadAction\",\"target\":[\"https:\/\/ianima.com.br\/blog\/saude-mental\/como-evitar-depressao-pos-parto-fatores-essenciais\/\"]}]},{\"@type\":\"BreadcrumbList\",\"@id\":\"https:\/\/ianima.com.br\/blog\/saude-mental\/como-evitar-depressao-pos-parto-fatores-essenciais\/#breadcrumb\",\"itemListElement\":[{\"@type\":\"ListItem\",\"position\":1,\"name\":\"In\u00edcio\",\"item\":\"https:\/\/ianima.com.br\/blog\/\"},{\"@type\":\"ListItem\",\"position\":2,\"name\":\"Como Evitar Depress\u00e3o P\u00f3s-Parto: Fatores Essenciais\"}]},{\"@type\":\"WebSite\",\"@id\":\"https:\/\/ianima.com.br\/blog\/#website\",\"url\":\"https:\/\/ianima.com.br\/blog\/\",\"name\":\"Terapia Online com IANIMA: Inova\u00e7\u00e3o e Aconselhamento. O terapeuta online ao seu alcance.\",\"description\":\"Terapia gratuita online com a IAnima, sua terapeuta online. Artigos sobre terapias online, sa\u00fade mental e bem-estar.\",\"publisher\":{\"@id\":\"https:\/\/ianima.com.br\/blog\/#organization\"},\"potentialAction\":[{\"@type\":\"SearchAction\",\"target\":{\"@type\":\"EntryPoint\",\"urlTemplate\":\"https:\/\/ianima.com.br\/blog\/?s={search_term_string}\"},\"query-input\":\"required name=search_term_string\"}],\"inLanguage\":\"pt-BR\"},{\"@type\":\"Organization\",\"@id\":\"https:\/\/ianima.com.br\/blog\/#organization\",\"name\":\"Terapia Online com IANIMA: Inova\u00e7\u00e3o e Aconselhamento. O terapeuta online ao seu alcance.\",\"url\":\"https:\/\/ianima.com.br\/blog\/\",\"logo\":{\"@type\":\"ImageObject\",\"inLanguage\":\"pt-BR\",\"@id\":\"https:\/\/ianima.com.br\/blog\/#\/schema\/logo\/image\/\",\"url\":\"https:\/\/ianima.com.br\/blog\/wp-content\/uploads\/2025\/04\/cropped-IAnima-terapia-online.webp\",\"contentUrl\":\"https:\/\/ianima.com.br\/blog\/wp-content\/uploads\/2025\/04\/cropped-IAnima-terapia-online.webp\",\"width\":819,\"height\":222,\"caption\":\"Terapia Online com IANIMA: Inova\u00e7\u00e3o e Aconselhamento. O terapeuta online ao seu alcance.\"},\"image\":{\"@id\":\"https:\/\/ianima.com.br\/blog\/#\/schema\/logo\/image\/\"}},{\"@type\":\"Person\",\"@id\":\"https:\/\/ianima.com.br\/blog\/#\/schema\/person\/85378d6a819826ce615ae2a7a04f68d8\",\"name\":\"Wanderlei Talib\",\"image\":{\"@type\":\"ImageObject\",\"inLanguage\":\"pt-BR\",\"@id\":\"https:\/\/ianima.com.br\/blog\/#\/schema\/person\/image\/\",\"url\":\"https:\/\/ianima.com.br\/blog\/wp-content\/litespeed\/avatar\/a0461c2b338365ab5dd45a3e926e23c7.jpg?ver=1777660782\",\"contentUrl\":\"https:\/\/ianima.com.br\/blog\/wp-content\/litespeed\/avatar\/a0461c2b338365ab5dd45a3e926e23c7.jpg?ver=1777660782\",\"caption\":\"Wanderlei Talib\"},\"sameAs\":[\"https:\/\/ianima.com.br\/blog\"],\"url\":\"https:\/\/ianima.com.br\/blog\/author\/adminedu\/\"},{\"@type\":\"Question\",\"@id\":\"https:\/\/ianima.com.br\/blog\/saude-mental\/como-evitar-depressao-pos-parto-fatores-essenciais\/#faq-question-1750639721358\",\"position\":1,\"url\":\"https:\/\/ianima.com.br\/blog\/saude-mental\/como-evitar-depressao-pos-parto-fatores-essenciais\/#faq-question-1750639721358\",\"name\":\"O que \u00e9 depress\u00e3o p\u00f3s-parto?\",\"answerCount\":1,\"acceptedAnswer\":{\"@type\":\"Answer\",\"text\":\"A depress\u00e3o p\u00f3s-parto \u00e9 um tipo de depress\u00e3o que pode afetar mulheres ap\u00f3s o nascimento do beb\u00ea, causando tristeza, ansiedade e mudan\u00e7as de humor.\",\"inLanguage\":\"pt-BR\"},\"inLanguage\":\"pt-BR\"},{\"@type\":\"Question\",\"@id\":\"https:\/\/ianima.com.br\/blog\/saude-mental\/como-evitar-depressao-pos-parto-fatores-essenciais\/#faq-question-1750639742558\",\"position\":2,\"url\":\"https:\/\/ianima.com.br\/blog\/saude-mental\/como-evitar-depressao-pos-parto-fatores-essenciais\/#faq-question-1750639742558\",\"name\":\"Como posso prevenir a depress\u00e3o p\u00f3s-parto?\",\"answerCount\":1,\"acceptedAnswer\":{\"@type\":\"Answer\",\"text\":\"Para prevenir, \u00e9 importante manter uma rede de apoio, conversar sobre seus sentimentos e cuidar da sa\u00fade f\u00edsica e mental.\",\"inLanguage\":\"pt-BR\"},\"inLanguage\":\"pt-BR\"},{\"@type\":\"Question\",\"@id\":\"https:\/\/ianima.com.br\/blog\/saude-mental\/como-evitar-depressao-pos-parto-fatores-essenciais\/#faq-question-1750639763816\",\"position\":3,\"url\":\"https:\/\/ianima.com.br\/blog\/saude-mental\/como-evitar-depressao-pos-parto-fatores-essenciais\/#faq-question-1750639763816\",\"name\":\"Quais s\u00e3o os sinais de alerta da depress\u00e3o p\u00f3s-parto?\",\"answerCount\":1,\"acceptedAnswer\":{\"@type\":\"Answer\",\"text\":\"Os sinais incluem tristeza intensa, falta de interesse em atividades, altera\u00e7\u00f5es no sono e apetite, e dificuldade em se conectar com o beb\u00ea.\",\"inLanguage\":\"pt-BR\"},\"inLanguage\":\"pt-BR\"}]}<\/script>\n<!-- \/ Yoast SEO Premium plugin. -->","yoast_head_json":{"title":"Como Evitar Depress\u00e3o P\u00f3s-Parto: Fatores Essenciais","description":"Descubra os segredos para prevenir a depress\u00e3o p\u00f3s-parto! Conhe\u00e7a os fatores essenciais que podem transformar sua experi\u00eancia maternal.","robots":{"index":"index","follow":"follow","max-snippet":"max-snippet:-1","max-image-preview":"max-image-preview:large","max-video-preview":"max-video-preview:-1"},"canonical":"https:\/\/ianima.com.br\/blog\/saude-mental\/como-evitar-depressao-pos-parto-fatores-essenciais\/","og_locale":"pt_BR","og_type":"article","og_title":"Como Evitar Depress\u00e3o P\u00f3s-Parto: Fatores Essenciais","og_description":"Descubra os segredos para prevenir a depress\u00e3o p\u00f3s-parto! Conhe\u00e7a os fatores essenciais que podem transformar sua experi\u00eancia maternal.","og_url":"https:\/\/ianima.com.br\/blog\/saude-mental\/como-evitar-depressao-pos-parto-fatores-essenciais\/","og_site_name":"Terapia Online com IANIMA: Inova\u00e7\u00e3o e Aconselhamento. O terapeuta online ao seu alcance.","article_published_time":"2025-06-23T00:51:09+00:00","article_modified_time":"2025-06-23T00:51:10+00:00","og_image":[{"width":1536,"height":1024,"url":"https:\/\/ianima.com.br\/blog\/wp-content\/uploads\/2025\/06\/1MM-278.webp","type":"image\/webp"}],"author":"Wanderlei Talib","twitter_card":"summary_large_image","twitter_misc":{"Escrito por":"Wanderlei Talib","Est. tempo de leitura":"8 minutos"},"schema":{"@context":"https:\/\/schema.org","@graph":[{"@type":"Article","@id":"https:\/\/ianima.com.br\/blog\/saude-mental\/como-evitar-depressao-pos-parto-fatores-essenciais\/#article","isPartOf":{"@id":"https:\/\/ianima.com.br\/blog\/saude-mental\/como-evitar-depressao-pos-parto-fatores-essenciais\/"},"author":{"name":"Wanderlei Talib","@id":"https:\/\/ianima.com.br\/blog\/#\/schema\/person\/85378d6a819826ce615ae2a7a04f68d8"},"headline":"Como Evitar Depress\u00e3o P\u00f3s-Parto: Fatores Essenciais","datePublished":"2025-06-23T00:51:09+00:00","dateModified":"2025-06-23T00:51:10+00:00","mainEntityOfPage":{"@id":"https:\/\/ianima.com.br\/blog\/saude-mental\/como-evitar-depressao-pos-parto-fatores-essenciais\/"},"wordCount":1498,"publisher":{"@id":"https:\/\/ianima.com.br\/blog\/#organization"},"articleSection":["Sa\u00fade Mental"],"inLanguage":"pt-BR"},{"@type":["WebPage","FAQPage"],"@id":"https:\/\/ianima.com.br\/blog\/saude-mental\/como-evitar-depressao-pos-parto-fatores-essenciais\/","url":"https:\/\/ianima.com.br\/blog\/saude-mental\/como-evitar-depressao-pos-parto-fatores-essenciais\/","name":"Como Evitar Depress\u00e3o P\u00f3s-Parto: Fatores Essenciais","isPartOf":{"@id":"https:\/\/ianima.com.br\/blog\/#website"},"datePublished":"2025-06-23T00:51:09+00:00","dateModified":"2025-06-23T00:51:10+00:00","description":"Descubra os segredos para prevenir a depress\u00e3o p\u00f3s-parto! Conhe\u00e7a os fatores essenciais que podem transformar sua experi\u00eancia maternal.","breadcrumb":{"@id":"https:\/\/ianima.com.br\/blog\/saude-mental\/como-evitar-depressao-pos-parto-fatores-essenciais\/#breadcrumb"},"mainEntity":[{"@id":"https:\/\/ianima.com.br\/blog\/saude-mental\/como-evitar-depressao-pos-parto-fatores-essenciais\/#faq-question-1750639721358"},{"@id":"https:\/\/ianima.com.br\/blog\/saude-mental\/como-evitar-depressao-pos-parto-fatores-essenciais\/#faq-question-1750639742558"},{"@id":"https:\/\/ianima.com.br\/blog\/saude-mental\/como-evitar-depressao-pos-parto-fatores-essenciais\/#faq-question-1750639763816"}],"inLanguage":"pt-BR","potentialAction":[{"@type":"ReadAction","target":["https:\/\/ianima.com.br\/blog\/saude-mental\/como-evitar-depressao-pos-parto-fatores-essenciais\/"]}]},{"@type":"BreadcrumbList","@id":"https:\/\/ianima.com.br\/blog\/saude-mental\/como-evitar-depressao-pos-parto-fatores-essenciais\/#breadcrumb","itemListElement":[{"@type":"ListItem","position":1,"name":"In\u00edcio","item":"https:\/\/ianima.com.br\/blog\/"},{"@type":"ListItem","position":2,"name":"Como Evitar Depress\u00e3o P\u00f3s-Parto: Fatores Essenciais"}]},{"@type":"WebSite","@id":"https:\/\/ianima.com.br\/blog\/#website","url":"https:\/\/ianima.com.br\/blog\/","name":"Terapia Online com IANIMA: Inova\u00e7\u00e3o e Aconselhamento. O terapeuta online ao seu alcance.","description":"Terapia gratuita online com a IAnima, sua terapeuta online. Artigos sobre terapias online, sa\u00fade mental e bem-estar.","publisher":{"@id":"https:\/\/ianima.com.br\/blog\/#organization"},"potentialAction":[{"@type":"SearchAction","target":{"@type":"EntryPoint","urlTemplate":"https:\/\/ianima.com.br\/blog\/?s={search_term_string}"},"query-input":"required name=search_term_string"}],"inLanguage":"pt-BR"},{"@type":"Organization","@id":"https:\/\/ianima.com.br\/blog\/#organization","name":"Terapia Online com IANIMA: Inova\u00e7\u00e3o e Aconselhamento. O terapeuta online ao seu alcance.","url":"https:\/\/ianima.com.br\/blog\/","logo":{"@type":"ImageObject","inLanguage":"pt-BR","@id":"https:\/\/ianima.com.br\/blog\/#\/schema\/logo\/image\/","url":"https:\/\/ianima.com.br\/blog\/wp-content\/uploads\/2025\/04\/cropped-IAnima-terapia-online.webp","contentUrl":"https:\/\/ianima.com.br\/blog\/wp-content\/uploads\/2025\/04\/cropped-IAnima-terapia-online.webp","width":819,"height":222,"caption":"Terapia Online com IANIMA: Inova\u00e7\u00e3o e Aconselhamento. O terapeuta online ao seu alcance."},"image":{"@id":"https:\/\/ianima.com.br\/blog\/#\/schema\/logo\/image\/"}},{"@type":"Person","@id":"https:\/\/ianima.com.br\/blog\/#\/schema\/person\/85378d6a819826ce615ae2a7a04f68d8","name":"Wanderlei Talib","image":{"@type":"ImageObject","inLanguage":"pt-BR","@id":"https:\/\/ianima.com.br\/blog\/#\/schema\/person\/image\/","url":"https:\/\/ianima.com.br\/blog\/wp-content\/litespeed\/avatar\/a0461c2b338365ab5dd45a3e926e23c7.jpg?ver=1777660782","contentUrl":"https:\/\/ianima.com.br\/blog\/wp-content\/litespeed\/avatar\/a0461c2b338365ab5dd45a3e926e23c7.jpg?ver=1777660782","caption":"Wanderlei Talib"},"sameAs":["https:\/\/ianima.com.br\/blog"],"url":"https:\/\/ianima.com.br\/blog\/author\/adminedu\/"},{"@type":"Question","@id":"https:\/\/ianima.com.br\/blog\/saude-mental\/como-evitar-depressao-pos-parto-fatores-essenciais\/#faq-question-1750639721358","position":1,"url":"https:\/\/ianima.com.br\/blog\/saude-mental\/como-evitar-depressao-pos-parto-fatores-essenciais\/#faq-question-1750639721358","name":"O que \u00e9 depress\u00e3o p\u00f3s-parto?","answerCount":1,"acceptedAnswer":{"@type":"Answer","text":"A depress\u00e3o p\u00f3s-parto \u00e9 um tipo de depress\u00e3o que pode afetar mulheres ap\u00f3s o nascimento do beb\u00ea, causando tristeza, ansiedade e mudan\u00e7as de humor.","inLanguage":"pt-BR"},"inLanguage":"pt-BR"},{"@type":"Question","@id":"https:\/\/ianima.com.br\/blog\/saude-mental\/como-evitar-depressao-pos-parto-fatores-essenciais\/#faq-question-1750639742558","position":2,"url":"https:\/\/ianima.com.br\/blog\/saude-mental\/como-evitar-depressao-pos-parto-fatores-essenciais\/#faq-question-1750639742558","name":"Como posso prevenir a depress\u00e3o p\u00f3s-parto?","answerCount":1,"acceptedAnswer":{"@type":"Answer","text":"Para prevenir, \u00e9 importante manter uma rede de apoio, conversar sobre seus sentimentos e cuidar da sa\u00fade f\u00edsica e mental.","inLanguage":"pt-BR"},"inLanguage":"pt-BR"},{"@type":"Question","@id":"https:\/\/ianima.com.br\/blog\/saude-mental\/como-evitar-depressao-pos-parto-fatores-essenciais\/#faq-question-1750639763816","position":3,"url":"https:\/\/ianima.com.br\/blog\/saude-mental\/como-evitar-depressao-pos-parto-fatores-essenciais\/#faq-question-1750639763816","name":"Quais s\u00e3o os sinais de alerta da depress\u00e3o p\u00f3s-parto?","answerCount":1,"acceptedAnswer":{"@type":"Answer","text":"Os sinais incluem tristeza intensa, falta de interesse em atividades, altera\u00e7\u00f5es no sono e apetite, e dificuldade em se conectar com o beb\u00ea.","inLanguage":"pt-BR"},"inLanguage":"pt-BR"}]}},"_links":{"self":[{"href":"https:\/\/ianima.com.br\/blog\/wp-json\/wp\/v2\/posts\/6671","targetHints":{"allow":["GET"]}}],"collection":[{"href":"https:\/\/ianima.com.br\/blog\/wp-json\/wp\/v2\/posts"}],"about":[{"href":"https:\/\/ianima.com.br\/blog\/wp-json\/wp\/v2\/types\/post"}],"author":[{"embeddable":true,"href":"https:\/\/ianima.com.br\/blog\/wp-json\/wp\/v2\/users\/1"}],"replies":[{"embeddable":true,"href":"https:\/\/ianima.com.br\/blog\/wp-json\/wp\/v2\/comments?post=6671"}],"version-history":[{"count":1,"href":"https:\/\/ianima.com.br\/blog\/wp-json\/wp\/v2\/posts\/6671\/revisions"}],"predecessor-version":[{"id":6675,"href":"https:\/\/ianima.com.br\/blog\/wp-json\/wp\/v2\/posts\/6671\/revisions\/6675"}],"wp:featuredmedia":[{"embeddable":true,"href":"https:\/\/ianima.com.br\/blog\/wp-json\/wp\/v2\/media\/6673"}],"wp:attachment":[{"href":"https:\/\/ianima.com.br\/blog\/wp-json\/wp\/v2\/media?parent=6671"}],"wp:term":[{"taxonomy":"category","embeddable":true,"href":"https:\/\/ianima.com.br\/blog\/wp-json\/wp\/v2\/categories?post=6671"},{"taxonomy":"post_tag","embeddable":true,"href":"https:\/\/ianima.com.br\/blog\/wp-json\/wp\/v2\/tags?post=6671"}],"curies":[{"name":"wp","href":"https:\/\/api.w.org\/{rel}","templated":true}]}}