{"id":6952,"date":"2025-06-26T09:31:11","date_gmt":"2025-06-26T09:31:11","guid":{"rendered":"https:\/\/ianima.com.br\/blog\/?p=6952"},"modified":"2025-06-26T09:31:12","modified_gmt":"2025-06-26T09:31:12","slug":"como-nao-ter-depressao-dicas-sinais-e-prevencao","status":"publish","type":"post","link":"https:\/\/ianima.com.br\/blog\/saude-mental\/como-nao-ter-depressao-dicas-sinais-e-prevencao\/","title":{"rendered":"Como N\u00e3o Ter Depress\u00e3o: Dicas, Sinais e Preven\u00e7\u00e3o"},"content":{"rendered":"\n<h2 class=\"wp-block-heading\" id=\"h-os-sinais-e-sintomas-da-depressao\">Os Sinais e Sintomas da <strong>Depress\u00e3o<\/strong><\/h2>\n\n\n\n<p>Antes de compreender <strong>como n\u00e3o ter depress\u00e3o<\/strong>, \u00e9 essencial reconhecer os sinais que marcam o seu in\u00edcio. Nem sempre eles aparecem de forma intensa \u2014 muitas vezes, surgem de maneira sutil e progressiva.<\/p>\n\n\n\n<p>Entre os sintomas mais comuns est\u00e3o:<\/p>\n\n\n\n<ul class=\"wp-block-list\">\n<li>Sentimentos persistentes de tristeza ou vazio<\/li>\n\n\n\n<li>Perda de interesse em atividades que antes eram prazerosas<\/li>\n\n\n\n<li>Altera\u00e7\u00f5es no apetite e no sono (para mais ou para menos)<\/li>\n\n\n\n<li>Cansa\u00e7o constante, mesmo ap\u00f3s descanso<\/li>\n\n\n\n<li>Dificuldade de concentra\u00e7\u00e3o ou tomada de decis\u00f5es<\/li>\n\n\n\n<li>Pensamentos negativos recorrentes<\/li>\n<\/ul>\n\n\n\n<p>Al\u00e9m disso, h\u00e1 sinais menos \u00f3bvios, como irritabilidade, dores f\u00edsicas sem causa m\u00e9dica clara, isolamento social e autocr\u00edtica constante. Estar atento a essas manifesta\u00e7\u00f5es pode fazer toda a diferen\u00e7a na preven\u00e7\u00e3o.<\/p>\n\n\n\n<h2 class=\"wp-block-heading\" id=\"h-a-psicologia-por-tras-da-vida-real-a-depressao-no-dia-a-dia\">A Psicologia por Tr\u00e1s da Vida Real: A <strong>Depress\u00e3o<\/strong> no Dia a Dia *<\/h2>\n\n\n\n<p>Imagine algu\u00e9m que come\u00e7a a adiar compromissos simples, como responder mensagens ou arrumar a cama. Aos poucos, esse comportamento vai se acumulando. O que antes parecia s\u00f3 \u201ccansa\u00e7o\u201d vira des\u00e2nimo permanente.<\/p>\n\n\n\n<p>Em outros casos, a pessoa continua com a rotina normal, mas vive tudo no \u201cpiloto autom\u00e1tico\u201d, sentindo-se emocionalmente desligada. \u00c9 como se estivesse presente, mas n\u00e3o de fato vivendo.<\/p>\n\n\n\n<p>Esses relatos ajudam a entender como a <strong>depress\u00e3o<\/strong> pode se instalar de forma silenciosa, afetando desde grandes decis\u00f5es at\u00e9 pequenas a\u00e7\u00f5es do cotidiano.<\/p>\n\n\n\n<h2 class=\"wp-block-heading\" id=\"h-compreendendo-os-momentos-criticos-da-depressao\">Compreendendo os Momentos Cr\u00edticos da <strong>Depress\u00e3o<\/strong><\/h2>\n\n\n\n<p>Os momentos cr\u00edticos s\u00e3o pontos de virada: fases em que os sintomas se intensificam a ponto de comprometer a funcionalidade da vida pessoal, social ou profissional.<\/p>\n\n\n\n<p>Entre os sinais mais evidentes est\u00e3o:<\/p>\n\n\n\n<ul class=\"wp-block-list\">\n<li>Queda brusca no rendimento escolar ou profissional<\/li>\n\n\n\n<li>Isolamento prolongado<\/li>\n\n\n\n<li>Sensa\u00e7\u00e3o de que \u201cnada mais faz sentido\u201d<\/li>\n\n\n\n<li>Crises emocionais intensas ou apatia absoluta<\/li>\n<\/ul>\n\n\n\n<p>Diferenciar esses momentos de um &#8220;baixo astral passageiro&#8221; \u00e9 crucial para buscar apoio no tempo certo.<\/p>\n\n\n\n<h2 class=\"wp-block-heading\" id=\"h-o-que-desencadeia-a-depressao\">O Que Desencadeia a <strong>Depress\u00e3o<\/strong>?<\/h2>\n\n\n\n<p>Diversos fatores podem contribuir para o surgimento da <strong>depress\u00e3o<\/strong>, e raramente h\u00e1 uma \u00fanica causa. Alguns dos mais frequentes incluem:<\/p>\n\n\n\n<ul class=\"wp-block-list\">\n<li>Predisposi\u00e7\u00e3o gen\u00e9tica ou hist\u00f3rico familiar<\/li>\n\n\n\n<li>Estresse cr\u00f4nico (pessoal, profissional ou financeiro)<\/li>\n\n\n\n<li>Traumas emocionais (como perdas ou abusos)<\/li>\n\n\n\n<li>Estilo de vida desregulado (sono ruim, alimenta\u00e7\u00e3o desequilibrada)<\/li>\n\n\n\n<li>Rela\u00e7\u00f5es interpessoais t\u00f3xicas ou inexistentes<\/li>\n\n\n\n<li>Baixa autoestima e autocr\u00edtica intensa<\/li>\n<\/ul>\n\n\n\n<p>Esses fatores, quando n\u00e3o reconhecidos ou acolhidos, podem criar um terreno f\u00e9rtil para o desenvolvimento do sofrimento emocional.<\/p>\n\n\n\n<h2 class=\"wp-block-heading\" id=\"h-mitos-e-verdades-sobre-solucoes-para-a-depressao\">Mitos e Verdades sobre Solu\u00e7\u00f5es para a <strong>Depress\u00e3o<\/strong><\/h2>\n\n\n\n<p>Mito: Basta \u201cpensar positivo\u201d para evitar a <strong>depress\u00e3o<\/strong>.<br>Verdade: Embora o otimismo seja importante, ignorar emo\u00e7\u00f5es e dificuldades reais pode piorar o quadro.<\/p>\n\n\n\n<p>Mito: Quem tem uma vida \u201cboa\u201d n\u00e3o tem motivo para se sentir deprimido.<br>Verdade: A <strong>depress\u00e3o<\/strong> n\u00e3o escolhe classe social, apar\u00eancia ou conquistas \u2014 ela pode atingir qualquer pessoa.<\/p>\n\n\n\n<p>Mito: S\u00f3 medicamentos resolvem.<br>Verdade: Em muitos casos, o tratamento \u00e9 multifatorial \u2014 envolvendo psicoterapia, mudan\u00e7as de h\u00e1bitos e, em alguns casos, medica\u00e7\u00e3o, conforme orienta\u00e7\u00e3o profissional.<\/p>\n\n\n\n<h2 class=\"wp-block-heading\" id=\"h-como-lidar-com-a-depressao-no-dia-a-dia\">Como Lidar com a <strong>Depress\u00e3o<\/strong> no Dia a Dia<\/h2>\n\n\n\n<p>Lidar com a <strong>depress\u00e3o<\/strong> de forma preventiva envolve cultivar pr\u00e1ticas que favorecem o bem-estar emocional e a autorregula\u00e7\u00e3o. Algumas estrat\u00e9gias incluem:<\/p>\n\n\n\n<ul class=\"wp-block-list\">\n<li>Estabelecer uma rotina b\u00e1sica (sono, alimenta\u00e7\u00e3o, movimento)<\/li>\n\n\n\n<li>Praticar atividades que gerem prazer e prop\u00f3sito<\/li>\n\n\n\n<li>Desenvolver uma rede de apoio confi\u00e1vel<\/li>\n\n\n\n<li>Aprender a reconhecer e nomear emo\u00e7\u00f5es<\/li>\n\n\n\n<li>Reduzir o autocr\u00edtico interno com pr\u00e1ticas de autocompaix\u00e3o<\/li>\n\n\n\n<li>Estimular pensamentos realistas (nem sempre positivos, mas equilibrados)<\/li>\n<\/ul>\n\n\n\n<p>A consist\u00eancia dessas pr\u00e1ticas tem impacto real no fortalecimento emocional.<\/p>\n\n\n\n<h2 class=\"wp-block-heading\" id=\"h-a-depressao-no-corpo-e-na-mente-manifestacoes\">A <strong>Depress\u00e3o<\/strong> no Corpo e na Mente: Manifesta\u00e7\u00f5es<\/h2>\n\n\n\n<p>A <strong>depress\u00e3o<\/strong> n\u00e3o se manifesta apenas na mente \u2014 ela afeta o corpo de forma direta:<\/p>\n\n\n\n<ul class=\"wp-block-list\">\n<li>Tens\u00e3o muscular, dores de cabe\u00e7a ou nas costas<\/li>\n\n\n\n<li>Altera\u00e7\u00f5es gastrointestinais<\/li>\n\n\n\n<li>Sistema imunol\u00f3gico mais vulner\u00e1vel<\/li>\n\n\n\n<li>Falta de energia e fadiga intensa<\/li>\n<\/ul>\n\n\n\n<p>Por outro lado, o impacto mental envolve desmotiva\u00e7\u00e3o, pessimismo, sensa\u00e7\u00e3o de incapacidade e at\u00e9 pensamentos de autodeprecia\u00e7\u00e3o. Compreender essas conex\u00f5es ajuda a validar o sofrimento e buscar apoio mais consciente.<\/p>\n\n\n\n<h2 class=\"wp-block-heading\" id=\"h-depressao-situacional-uma-perspectiva-ampliada\"><strong>Depress\u00e3o Situacional<\/strong>: Uma Perspectiva Ampliada<\/h2>\n\n\n\n<p>Nem toda <strong>depress\u00e3o<\/strong> \u00e9 cr\u00f4nica ou persistente. Em muitos casos, ela surge em resposta a situa\u00e7\u00f5es espec\u00edficas, como:<\/p>\n\n\n\n<ul class=\"wp-block-list\">\n<li>T\u00e9rminos de relacionamento<\/li>\n\n\n\n<li>Mudan\u00e7as bruscas de vida<\/li>\n\n\n\n<li>Perdas importantes<\/li>\n\n\n\n<li>Desilus\u00f5es pessoais ou profissionais<\/li>\n<\/ul>\n\n\n\n<p>A chamada \u201c<strong>depress\u00e3o situacional<\/strong>\u201d pode ser intensa, mas tende a se aliviar com o tempo e com o suporte emocional adequado. Ainda assim, merece aten\u00e7\u00e3o e cuidado como qualquer outra forma de sofrimento ps\u00edquico.<\/p>\n\n\n\n<h2 class=\"wp-block-heading\" id=\"h-quem-busca-alivio-para-a-depressao\">Quem Busca Al\u00edvio para a <strong>Depress\u00e3o<\/strong>?<\/h2>\n\n\n\n<p>Pessoas de todas as idades e contextos podem buscar al\u00edvio para a <strong>depress\u00e3o<\/strong>. Algumas situa\u00e7\u00f5es comuns incluem:<\/p>\n\n\n\n<ul class=\"wp-block-list\">\n<li>Jovens enfrentando press\u00f5es acad\u00eamicas ou sociais<\/li>\n\n\n\n<li>Adultos sobrecarregados com responsabilidades m\u00faltiplas<\/li>\n\n\n\n<li>Idosos lidando com solid\u00e3o ou perdas acumuladas<\/li>\n\n\n\n<li>Pessoas em transi\u00e7\u00e3o de carreira ou papel social<\/li>\n<\/ul>\n\n\n\n<p>Muitos s\u00f3 procuram ajuda quando a dor se torna insuport\u00e1vel. Falar sobre isso antes que chegue a esse ponto \u00e9 um ato de coragem e cuidado.<\/p>\n\n\n\n<h3 class=\"wp-block-heading\" id=\"h-diferentes-abordagens-para-lidar-com-a-depressao\">Diferentes Abordagens para Lidar com a <strong>Depress\u00e3o<\/strong><\/h3>\n\n\n\n<ul class=\"wp-block-list\">\n<li>Psicoterapia (presencial ou online)<\/li>\n\n\n\n<li>Exerc\u00edcios f\u00edsicos regulares<\/li>\n\n\n\n<li>Pr\u00e1ticas contemplativas (medita\u00e7\u00e3o, mindfulness)<\/li>\n\n\n\n<li>Apoio social ativo<\/li>\n\n\n\n<li>Ajustes no estilo de vida (sono, alimenta\u00e7\u00e3o, lazer)<\/li>\n<\/ul>\n\n\n\n<p>Cada pessoa responde de forma \u00fanica, e o caminho pode ser combinado.<\/p>\n\n\n\n<h3 class=\"wp-block-heading\" id=\"h-sinais-de-alerta-quando-buscar-ajuda-profissional\">Sinais de Alerta: Quando Buscar Ajuda Profissional<\/h3>\n\n\n\n<p>Alguns sinais indicam a necessidade urgente de apoio profissional:<\/p>\n\n\n\n<ul class=\"wp-block-list\">\n<li>Pensamentos de desist\u00eancia da vida<\/li>\n\n\n\n<li>Incapacidade de realizar tarefas b\u00e1sicas<\/li>\n\n\n\n<li>Isolamento total e retraimento intenso<\/li>\n\n\n\n<li>Sofrimento emocional prolongado (mais de duas semanas)<\/li>\n<\/ul>\n\n\n\n<p>Nesses casos, o apoio psicol\u00f3gico \u00e9 indispens\u00e1vel.<\/p>\n\n\n\n<h3 class=\"wp-block-heading\" id=\"h-recursos-e-informacoes-confiaveis-sobre-a-depressao\">Recursos e Informa\u00e7\u00f5es Confi\u00e1veis sobre a <strong>Depress\u00e3o<\/strong><\/h3>\n\n\n\n<ul class=\"wp-block-list\">\n<li>Site da Organiza\u00e7\u00e3o Mundial da Sa\u00fade (OMS)<\/li>\n\n\n\n<li>Cartilhas da Associa\u00e7\u00e3o Brasileira de Psiquiatria (ABP)<\/li>\n\n\n\n<li>Materiais informativos de universidades e hospitais p\u00fablicos<\/li>\n\n\n\n<li>Livros de psicoeduca\u00e7\u00e3o com embasamento cient\u00edfico<\/li>\n<\/ul>\n\n\n\n<p>Evite conte\u00fados sensacionalistas ou promessas de \u201ccura r\u00e1pida\u201d.<\/p>\n\n\n\n<h3 class=\"wp-block-heading\" id=\"h-dicas-para-acao-imediata-em-momentos-de-depressao\">Dicas para A\u00e7\u00e3o Imediata em Momentos de <strong>Depress\u00e3o<\/strong><\/h3>\n\n\n\n<ul class=\"wp-block-list\">\n<li>Respire profundamente por dois minutos<\/li>\n\n\n\n<li>Anote o que est\u00e1 sentindo, sem censura<\/li>\n\n\n\n<li>Movimente-se por 10 minutos (caminhar, alongar)<\/li>\n\n\n\n<li>Ligue para algu\u00e9m de confian\u00e7a<\/li>\n\n\n\n<li>Escute uma m\u00fasica que desperte conex\u00e3o emocional positiva<\/li>\n<\/ul>\n\n\n\n<p>Pequenas a\u00e7\u00f5es podem n\u00e3o \u201cresolver\u201d, mas s\u00e3o pontos de partida para quebrar o ciclo do isolamento emocional.<\/p>\n\n\n\n<h2 class=\"wp-block-heading\" id=\"h-conclusao\">Conclus\u00e3o<\/h2>\n\n\n\n<p>Em suma, compreender <strong>como n\u00e3o ter depress\u00e3o<\/strong> envolve mais do que evitar sofrimento \u2014 trata-se de cultivar um terreno emocional f\u00e9rtil para viver com mais presen\u00e7a, equil\u00edbrio e consci\u00eancia. Reconhecer os sinais, buscar apoio e manter pr\u00e1ticas saud\u00e1veis s\u00e3o atitudes poss\u00edveis e acess\u00edveis, mesmo em momentos dif\u00edceis.<\/p>\n\n\n\n<p>Se voc\u00ea se identifica com esses sinais, buscar informa\u00e7\u00e3o e apoio pode ser o primeiro passo para uma vida mais leve e equilibrada!<\/p>\n\n\n\n<p>* Essas narrativas s\u00e3o fict\u00edcias mas inspiradas em situa\u00e7\u00f5es comumente vivenciadas nos estudos e na cl\u00ednica psicol\u00f3gica.<\/p>\n\n\n\n<figure class=\"wp-block-image aligncenter size-large is-resized\"><img fetchpriority=\"high\" decoding=\"async\" width=\"1024\" height=\"683\" src=\"https:\/\/ianima.com.br\/blog\/wp-content\/uploads\/2025\/06\/2MM-334-1024x683.webp\" alt=\"Como N\u00e3o Ter Depress\u00e3o: Dicas, Sinais e Preven\u00e7\u00e3o\" class=\"wp-image-6955\" style=\"width:500px\" srcset=\"https:\/\/ianima.com.br\/blog\/wp-content\/uploads\/2025\/06\/2MM-334-1024x683.webp 1024w, https:\/\/ianima.com.br\/blog\/wp-content\/uploads\/2025\/06\/2MM-334-300x200.webp 300w, https:\/\/ianima.com.br\/blog\/wp-content\/uploads\/2025\/06\/2MM-334-768x512.webp 768w, https:\/\/ianima.com.br\/blog\/wp-content\/uploads\/2025\/06\/2MM-334.webp 1536w\" sizes=\"(max-width: 1024px) 100vw, 1024px\" \/><\/figure>\n\n\n\n<h2 class=\"wp-block-heading\" id=\"h-perguntas-frequentes-faq\">Perguntas Frequentes (FAQ)<\/h2>\n\n\n\n<div class=\"schema-faq wp-block-yoast-faq-block\"><div class=\"schema-faq-section\" id=\"faq-question-1750930125187\"><strong class=\"schema-faq-question\">O que posso fazer para melhorar meu humor?<\/strong> <p class=\"schema-faq-answer\">Voc\u00ea pode tentar atividades f\u00edsicas, medita\u00e7\u00e3o, passar tempo com amigos e praticar hobbies que voc\u00ea gosta.<\/p> <\/div> <div class=\"schema-faq-section\" id=\"faq-question-1750930144981\"><strong class=\"schema-faq-question\">Quais s\u00e3o os sinais de que estou me sentindo deprimido?<\/strong> <p class=\"schema-faq-answer\">Sinais incluem tristeza persistente, falta de energia, dificuldade de concentra\u00e7\u00e3o e perda de interesse em coisas que voc\u00ea costumava gostar.<\/p> <\/div> <div class=\"schema-faq-section\" id=\"faq-question-1750930167336\"><strong class=\"schema-faq-question\">Devo procurar ajuda profissional se me sentir mal?<\/strong> <p class=\"schema-faq-answer\">Sim, procurar um psic\u00f3logo ou psiquiatra \u00e9 uma \u00f3tima ideia, eles podem te ajudar a encontrar o melhor caminho para se sentir melhor.<\/p> <\/div> <\/div>\n\n\n\n<ul class=\"wp-block-yoast-seo-related-links\"><li><a href=\"https:\/\/ianima.com.br\/blog\/saude-mental\/como-evitar-depressao-sinais-causas-e-estrategias\/\">Como evitar depress\u00e3o: Sinais, Causas e Estrat\u00e9gias<\/a><\/li><li><a href=\"https:\/\/ianima.com.br\/blog\/saude-mental\/como-evitar-depressao-pos-parto-fatores-essenciais\/\">Como Evitar Depress\u00e3o P\u00f3s-Parto: Fatores Essenciais<\/a><\/li><li><a href=\"https:\/\/ianima.com.br\/blog\/saude-mental\/quais-sao-os-sinais-de-depressao-tudo-que-voce-precisa-saber\/\">Quais s\u00e3o os sinais de depress\u00e3o: tudo que voc\u00ea precisa saber<\/a><\/li><li><a href=\"https:\/\/ianima.com.br\/blog\/saude-mental\/o-que-fazer-depressao-caminhos-possiveis-e-apoio-real\/\">O que fazer depress\u00e3o: caminhos poss\u00edveis e apoio real<\/a><\/li><li><a href=\"https:\/\/ianima.com.br\/blog\/saude-mental\/qual-os-sintomas-da-depressao-o-que-voce-precisa-saber\/\">Qual os Sintomas da Depress\u00e3o: O Que Voc\u00ea Precisa Saber<\/a><\/li><\/ul>\n","protected":false},"excerpt":{"rendered":"<p>Os Sinais e Sintomas da Depress\u00e3o Antes de compreender como n\u00e3o ter depress\u00e3o, \u00e9 essencial reconhecer os sinais que marcam o seu in\u00edcio. Nem sempre eles aparecem de forma intensa \u2014 muitas vezes, surgem de maneira sutil e progressiva. Entre os sintomas mais comuns est\u00e3o: Al\u00e9m disso, h\u00e1 sinais menos \u00f3bvios, como irritabilidade, dores f\u00edsicas [&hellip;]<\/p>\n","protected":false},"author":1,"featured_media":6954,"comment_status":"closed","ping_status":"closed","sticky":false,"template":"","format":"standard","meta":{"site-sidebar-layout":"default","site-content-layout":"","ast-site-content-layout":"default","site-content-style":"default","site-sidebar-style":"default","ast-global-header-display":"","ast-banner-title-visibility":"","ast-main-header-display":"","ast-hfb-above-header-display":"","ast-hfb-below-header-display":"","ast-hfb-mobile-header-display":"","site-post-title":"","ast-breadcrumbs-content":"","ast-featured-img":"","footer-sml-layout":"","theme-transparent-header-meta":"","adv-header-id-meta":"","stick-header-meta":"","header-above-stick-meta":"","header-main-stick-meta":"","header-below-stick-meta":"","astra-migrate-meta-layouts":"set","ast-page-background-enabled":"default","ast-page-background-meta":{"desktop":{"background-color":"","background-image":"","background-repeat":"repeat","background-position":"center center","background-size":"auto","background-attachment":"scroll","background-type":"","background-media":"","overlay-type":"","overlay-color":"","overlay-opacity":"","overlay-gradient":""},"tablet":{"background-color":"","background-image":"","background-repeat":"repeat","background-position":"center center","background-size":"auto","background-attachment":"scroll","background-type":"","background-media":"","overlay-type":"","overlay-color":"","overlay-opacity":"","overlay-gradient":""},"mobile":{"background-color":"","background-image":"","background-repeat":"repeat","background-position":"center center","background-size":"auto","background-attachment":"scroll","background-type":"","background-media":"","overlay-type":"","overlay-color":"","overlay-opacity":"","overlay-gradient":""}},"ast-content-background-meta":{"desktop":{"background-color":"var(--ast-global-color-5)","background-image":"","background-repeat":"repeat","background-position":"center center","background-size":"auto","background-attachment":"scroll","background-type":"","background-media":"","overlay-type":"","overlay-color":"","overlay-opacity":"","overlay-gradient":""},"tablet":{"background-color":"var(--ast-global-color-5)","background-image":"","background-repeat":"repeat","background-position":"center center","background-size":"auto","background-attachment":"scroll","background-type":"","background-media":"","overlay-type":"","overlay-color":"","overlay-opacity":"","overlay-gradient":""},"mobile":{"background-color":"var(--ast-global-color-5)","background-image":"","background-repeat":"repeat","background-position":"center center","background-size":"auto","background-attachment":"scroll","background-type":"","background-media":"","overlay-type":"","overlay-color":"","overlay-opacity":"","overlay-gradient":""}},"footnotes":""},"categories":[24],"tags":[],"class_list":["post-6952","post","type-post","status-publish","format-standard","has-post-thumbnail","hentry","category-saude-mental"],"yoast_head":"<!-- This site is optimized with the Yoast SEO Premium plugin v20.8 (Yoast SEO v20.8) - https:\/\/yoast.com\/wordpress\/plugins\/seo\/ -->\n<title>Como N\u00e3o Ter Depress\u00e3o: Dicas, Sinais e Preven\u00e7\u00e3o<\/title>\n<meta name=\"description\" content=\"Descubra os segredos para evitar a depress\u00e3o! Aprenda a identificar os sinais e transforme sua vida com dicas surpreendentes!\" \/>\n<meta name=\"robots\" content=\"index, follow, max-snippet:-1, max-image-preview:large, max-video-preview:-1\" \/>\n<link rel=\"canonical\" href=\"https:\/\/ianima.com.br\/blog\/saude-mental\/como-nao-ter-depressao-dicas-sinais-e-prevencao\/\" \/>\n<meta property=\"og:locale\" content=\"pt_BR\" \/>\n<meta property=\"og:type\" content=\"article\" \/>\n<meta property=\"og:title\" content=\"Como N\u00e3o Ter Depress\u00e3o: Dicas, Sinais e Preven\u00e7\u00e3o\" \/>\n<meta property=\"og:description\" content=\"Descubra os segredos para evitar a depress\u00e3o! Aprenda a identificar os sinais e transforme sua vida com dicas surpreendentes!\" \/>\n<meta property=\"og:url\" content=\"https:\/\/ianima.com.br\/blog\/saude-mental\/como-nao-ter-depressao-dicas-sinais-e-prevencao\/\" \/>\n<meta property=\"og:site_name\" content=\"Terapia Online com IANIMA: Inova\u00e7\u00e3o e Aconselhamento. O terapeuta online ao seu alcance.\" \/>\n<meta property=\"article:published_time\" content=\"2025-06-26T09:31:11+00:00\" \/>\n<meta property=\"article:modified_time\" content=\"2025-06-26T09:31:12+00:00\" \/>\n<meta property=\"og:image\" content=\"https:\/\/ianima.com.br\/blog\/wp-content\/uploads\/2025\/06\/1MM-334.webp\" \/>\n\t<meta property=\"og:image:width\" content=\"1536\" \/>\n\t<meta property=\"og:image:height\" content=\"1024\" \/>\n\t<meta property=\"og:image:type\" content=\"image\/webp\" \/>\n<meta name=\"author\" content=\"Wanderlei Talib\" \/>\n<meta name=\"twitter:card\" content=\"summary_large_image\" \/>\n<meta name=\"twitter:label1\" content=\"Escrito por\" \/>\n\t<meta name=\"twitter:data1\" content=\"Wanderlei Talib\" \/>\n\t<meta name=\"twitter:label2\" content=\"Est. tempo de leitura\" \/>\n\t<meta name=\"twitter:data2\" content=\"7 minutos\" \/>\n<script type=\"application\/ld+json\" class=\"yoast-schema-graph\">{\"@context\":\"https:\/\/schema.org\",\"@graph\":[{\"@type\":\"Article\",\"@id\":\"https:\/\/ianima.com.br\/blog\/saude-mental\/como-nao-ter-depressao-dicas-sinais-e-prevencao\/#article\",\"isPartOf\":{\"@id\":\"https:\/\/ianima.com.br\/blog\/saude-mental\/como-nao-ter-depressao-dicas-sinais-e-prevencao\/\"},\"author\":{\"name\":\"Wanderlei Talib\",\"@id\":\"https:\/\/ianima.com.br\/blog\/#\/schema\/person\/85378d6a819826ce615ae2a7a04f68d8\"},\"headline\":\"Como N\u00e3o Ter Depress\u00e3o: Dicas, Sinais e Preven\u00e7\u00e3o\",\"datePublished\":\"2025-06-26T09:31:11+00:00\",\"dateModified\":\"2025-06-26T09:31:12+00:00\",\"mainEntityOfPage\":{\"@id\":\"https:\/\/ianima.com.br\/blog\/saude-mental\/como-nao-ter-depressao-dicas-sinais-e-prevencao\/\"},\"wordCount\":1324,\"publisher\":{\"@id\":\"https:\/\/ianima.com.br\/blog\/#organization\"},\"articleSection\":[\"Sa\u00fade Mental\"],\"inLanguage\":\"pt-BR\"},{\"@type\":[\"WebPage\",\"FAQPage\"],\"@id\":\"https:\/\/ianima.com.br\/blog\/saude-mental\/como-nao-ter-depressao-dicas-sinais-e-prevencao\/\",\"url\":\"https:\/\/ianima.com.br\/blog\/saude-mental\/como-nao-ter-depressao-dicas-sinais-e-prevencao\/\",\"name\":\"Como N\u00e3o Ter Depress\u00e3o: Dicas, Sinais e Preven\u00e7\u00e3o\",\"isPartOf\":{\"@id\":\"https:\/\/ianima.com.br\/blog\/#website\"},\"datePublished\":\"2025-06-26T09:31:11+00:00\",\"dateModified\":\"2025-06-26T09:31:12+00:00\",\"description\":\"Descubra os segredos para evitar a depress\u00e3o! Aprenda a identificar os sinais e transforme sua vida com dicas surpreendentes!\",\"breadcrumb\":{\"@id\":\"https:\/\/ianima.com.br\/blog\/saude-mental\/como-nao-ter-depressao-dicas-sinais-e-prevencao\/#breadcrumb\"},\"mainEntity\":[{\"@id\":\"https:\/\/ianima.com.br\/blog\/saude-mental\/como-nao-ter-depressao-dicas-sinais-e-prevencao\/#faq-question-1750930125187\"},{\"@id\":\"https:\/\/ianima.com.br\/blog\/saude-mental\/como-nao-ter-depressao-dicas-sinais-e-prevencao\/#faq-question-1750930144981\"},{\"@id\":\"https:\/\/ianima.com.br\/blog\/saude-mental\/como-nao-ter-depressao-dicas-sinais-e-prevencao\/#faq-question-1750930167336\"}],\"inLanguage\":\"pt-BR\",\"potentialAction\":[{\"@type\":\"ReadAction\",\"target\":[\"https:\/\/ianima.com.br\/blog\/saude-mental\/como-nao-ter-depressao-dicas-sinais-e-prevencao\/\"]}]},{\"@type\":\"BreadcrumbList\",\"@id\":\"https:\/\/ianima.com.br\/blog\/saude-mental\/como-nao-ter-depressao-dicas-sinais-e-prevencao\/#breadcrumb\",\"itemListElement\":[{\"@type\":\"ListItem\",\"position\":1,\"name\":\"In\u00edcio\",\"item\":\"https:\/\/ianima.com.br\/blog\/\"},{\"@type\":\"ListItem\",\"position\":2,\"name\":\"Como N\u00e3o Ter Depress\u00e3o: Dicas, Sinais e Preven\u00e7\u00e3o\"}]},{\"@type\":\"WebSite\",\"@id\":\"https:\/\/ianima.com.br\/blog\/#website\",\"url\":\"https:\/\/ianima.com.br\/blog\/\",\"name\":\"Terapia Online com IANIMA: Inova\u00e7\u00e3o e Aconselhamento. O terapeuta online ao seu alcance.\",\"description\":\"Terapia gratuita online com a IAnima, sua terapeuta online. Artigos sobre terapias online, sa\u00fade mental e bem-estar.\",\"publisher\":{\"@id\":\"https:\/\/ianima.com.br\/blog\/#organization\"},\"potentialAction\":[{\"@type\":\"SearchAction\",\"target\":{\"@type\":\"EntryPoint\",\"urlTemplate\":\"https:\/\/ianima.com.br\/blog\/?s={search_term_string}\"},\"query-input\":\"required name=search_term_string\"}],\"inLanguage\":\"pt-BR\"},{\"@type\":\"Organization\",\"@id\":\"https:\/\/ianima.com.br\/blog\/#organization\",\"name\":\"Terapia Online com IANIMA: Inova\u00e7\u00e3o e Aconselhamento. O terapeuta online ao seu alcance.\",\"url\":\"https:\/\/ianima.com.br\/blog\/\",\"logo\":{\"@type\":\"ImageObject\",\"inLanguage\":\"pt-BR\",\"@id\":\"https:\/\/ianima.com.br\/blog\/#\/schema\/logo\/image\/\",\"url\":\"https:\/\/ianima.com.br\/blog\/wp-content\/uploads\/2025\/04\/cropped-IAnima-terapia-online.webp\",\"contentUrl\":\"https:\/\/ianima.com.br\/blog\/wp-content\/uploads\/2025\/04\/cropped-IAnima-terapia-online.webp\",\"width\":819,\"height\":222,\"caption\":\"Terapia Online com IANIMA: Inova\u00e7\u00e3o e Aconselhamento. O terapeuta online ao seu alcance.\"},\"image\":{\"@id\":\"https:\/\/ianima.com.br\/blog\/#\/schema\/logo\/image\/\"}},{\"@type\":\"Person\",\"@id\":\"https:\/\/ianima.com.br\/blog\/#\/schema\/person\/85378d6a819826ce615ae2a7a04f68d8\",\"name\":\"Wanderlei Talib\",\"image\":{\"@type\":\"ImageObject\",\"inLanguage\":\"pt-BR\",\"@id\":\"https:\/\/ianima.com.br\/blog\/#\/schema\/person\/image\/\",\"url\":\"https:\/\/ianima.com.br\/blog\/wp-content\/litespeed\/avatar\/a0461c2b338365ab5dd45a3e926e23c7.jpg?ver=1777055969\",\"contentUrl\":\"https:\/\/ianima.com.br\/blog\/wp-content\/litespeed\/avatar\/a0461c2b338365ab5dd45a3e926e23c7.jpg?ver=1777055969\",\"caption\":\"Wanderlei Talib\"},\"sameAs\":[\"https:\/\/ianima.com.br\/blog\"],\"url\":\"https:\/\/ianima.com.br\/blog\/author\/adminedu\/\"},{\"@type\":\"Question\",\"@id\":\"https:\/\/ianima.com.br\/blog\/saude-mental\/como-nao-ter-depressao-dicas-sinais-e-prevencao\/#faq-question-1750930125187\",\"position\":1,\"url\":\"https:\/\/ianima.com.br\/blog\/saude-mental\/como-nao-ter-depressao-dicas-sinais-e-prevencao\/#faq-question-1750930125187\",\"name\":\"O que posso fazer para melhorar meu humor?\",\"answerCount\":1,\"acceptedAnswer\":{\"@type\":\"Answer\",\"text\":\"Voc\u00ea pode tentar atividades f\u00edsicas, medita\u00e7\u00e3o, passar tempo com amigos e praticar hobbies que voc\u00ea gosta.\",\"inLanguage\":\"pt-BR\"},\"inLanguage\":\"pt-BR\"},{\"@type\":\"Question\",\"@id\":\"https:\/\/ianima.com.br\/blog\/saude-mental\/como-nao-ter-depressao-dicas-sinais-e-prevencao\/#faq-question-1750930144981\",\"position\":2,\"url\":\"https:\/\/ianima.com.br\/blog\/saude-mental\/como-nao-ter-depressao-dicas-sinais-e-prevencao\/#faq-question-1750930144981\",\"name\":\"Quais s\u00e3o os sinais de que estou me sentindo deprimido?\",\"answerCount\":1,\"acceptedAnswer\":{\"@type\":\"Answer\",\"text\":\"Sinais incluem tristeza persistente, falta de energia, dificuldade de concentra\u00e7\u00e3o e perda de interesse em coisas que voc\u00ea costumava gostar.\",\"inLanguage\":\"pt-BR\"},\"inLanguage\":\"pt-BR\"},{\"@type\":\"Question\",\"@id\":\"https:\/\/ianima.com.br\/blog\/saude-mental\/como-nao-ter-depressao-dicas-sinais-e-prevencao\/#faq-question-1750930167336\",\"position\":3,\"url\":\"https:\/\/ianima.com.br\/blog\/saude-mental\/como-nao-ter-depressao-dicas-sinais-e-prevencao\/#faq-question-1750930167336\",\"name\":\"Devo procurar ajuda profissional se me sentir mal?\",\"answerCount\":1,\"acceptedAnswer\":{\"@type\":\"Answer\",\"text\":\"Sim, procurar um psic\u00f3logo ou psiquiatra \u00e9 uma \u00f3tima ideia, eles podem te ajudar a encontrar o melhor caminho para se sentir melhor.\",\"inLanguage\":\"pt-BR\"},\"inLanguage\":\"pt-BR\"}]}<\/script>\n<!-- \/ Yoast SEO Premium plugin. -->","yoast_head_json":{"title":"Como N\u00e3o Ter Depress\u00e3o: Dicas, Sinais e Preven\u00e7\u00e3o","description":"Descubra os segredos para evitar a depress\u00e3o! Aprenda a identificar os sinais e transforme sua vida com dicas surpreendentes!","robots":{"index":"index","follow":"follow","max-snippet":"max-snippet:-1","max-image-preview":"max-image-preview:large","max-video-preview":"max-video-preview:-1"},"canonical":"https:\/\/ianima.com.br\/blog\/saude-mental\/como-nao-ter-depressao-dicas-sinais-e-prevencao\/","og_locale":"pt_BR","og_type":"article","og_title":"Como N\u00e3o Ter Depress\u00e3o: Dicas, Sinais e Preven\u00e7\u00e3o","og_description":"Descubra os segredos para evitar a depress\u00e3o! Aprenda a identificar os sinais e transforme sua vida com dicas surpreendentes!","og_url":"https:\/\/ianima.com.br\/blog\/saude-mental\/como-nao-ter-depressao-dicas-sinais-e-prevencao\/","og_site_name":"Terapia Online com IANIMA: Inova\u00e7\u00e3o e Aconselhamento. O terapeuta online ao seu alcance.","article_published_time":"2025-06-26T09:31:11+00:00","article_modified_time":"2025-06-26T09:31:12+00:00","og_image":[{"width":1536,"height":1024,"url":"https:\/\/ianima.com.br\/blog\/wp-content\/uploads\/2025\/06\/1MM-334.webp","type":"image\/webp"}],"author":"Wanderlei Talib","twitter_card":"summary_large_image","twitter_misc":{"Escrito por":"Wanderlei Talib","Est. tempo de leitura":"7 minutos"},"schema":{"@context":"https:\/\/schema.org","@graph":[{"@type":"Article","@id":"https:\/\/ianima.com.br\/blog\/saude-mental\/como-nao-ter-depressao-dicas-sinais-e-prevencao\/#article","isPartOf":{"@id":"https:\/\/ianima.com.br\/blog\/saude-mental\/como-nao-ter-depressao-dicas-sinais-e-prevencao\/"},"author":{"name":"Wanderlei Talib","@id":"https:\/\/ianima.com.br\/blog\/#\/schema\/person\/85378d6a819826ce615ae2a7a04f68d8"},"headline":"Como N\u00e3o Ter Depress\u00e3o: Dicas, Sinais e Preven\u00e7\u00e3o","datePublished":"2025-06-26T09:31:11+00:00","dateModified":"2025-06-26T09:31:12+00:00","mainEntityOfPage":{"@id":"https:\/\/ianima.com.br\/blog\/saude-mental\/como-nao-ter-depressao-dicas-sinais-e-prevencao\/"},"wordCount":1324,"publisher":{"@id":"https:\/\/ianima.com.br\/blog\/#organization"},"articleSection":["Sa\u00fade Mental"],"inLanguage":"pt-BR"},{"@type":["WebPage","FAQPage"],"@id":"https:\/\/ianima.com.br\/blog\/saude-mental\/como-nao-ter-depressao-dicas-sinais-e-prevencao\/","url":"https:\/\/ianima.com.br\/blog\/saude-mental\/como-nao-ter-depressao-dicas-sinais-e-prevencao\/","name":"Como N\u00e3o Ter Depress\u00e3o: Dicas, Sinais e Preven\u00e7\u00e3o","isPartOf":{"@id":"https:\/\/ianima.com.br\/blog\/#website"},"datePublished":"2025-06-26T09:31:11+00:00","dateModified":"2025-06-26T09:31:12+00:00","description":"Descubra os segredos para evitar a depress\u00e3o! Aprenda a identificar os sinais e transforme sua vida com dicas surpreendentes!","breadcrumb":{"@id":"https:\/\/ianima.com.br\/blog\/saude-mental\/como-nao-ter-depressao-dicas-sinais-e-prevencao\/#breadcrumb"},"mainEntity":[{"@id":"https:\/\/ianima.com.br\/blog\/saude-mental\/como-nao-ter-depressao-dicas-sinais-e-prevencao\/#faq-question-1750930125187"},{"@id":"https:\/\/ianima.com.br\/blog\/saude-mental\/como-nao-ter-depressao-dicas-sinais-e-prevencao\/#faq-question-1750930144981"},{"@id":"https:\/\/ianima.com.br\/blog\/saude-mental\/como-nao-ter-depressao-dicas-sinais-e-prevencao\/#faq-question-1750930167336"}],"inLanguage":"pt-BR","potentialAction":[{"@type":"ReadAction","target":["https:\/\/ianima.com.br\/blog\/saude-mental\/como-nao-ter-depressao-dicas-sinais-e-prevencao\/"]}]},{"@type":"BreadcrumbList","@id":"https:\/\/ianima.com.br\/blog\/saude-mental\/como-nao-ter-depressao-dicas-sinais-e-prevencao\/#breadcrumb","itemListElement":[{"@type":"ListItem","position":1,"name":"In\u00edcio","item":"https:\/\/ianima.com.br\/blog\/"},{"@type":"ListItem","position":2,"name":"Como N\u00e3o Ter Depress\u00e3o: Dicas, Sinais e Preven\u00e7\u00e3o"}]},{"@type":"WebSite","@id":"https:\/\/ianima.com.br\/blog\/#website","url":"https:\/\/ianima.com.br\/blog\/","name":"Terapia Online com IANIMA: Inova\u00e7\u00e3o e Aconselhamento. O terapeuta online ao seu alcance.","description":"Terapia gratuita online com a IAnima, sua terapeuta online. Artigos sobre terapias online, sa\u00fade mental e bem-estar.","publisher":{"@id":"https:\/\/ianima.com.br\/blog\/#organization"},"potentialAction":[{"@type":"SearchAction","target":{"@type":"EntryPoint","urlTemplate":"https:\/\/ianima.com.br\/blog\/?s={search_term_string}"},"query-input":"required name=search_term_string"}],"inLanguage":"pt-BR"},{"@type":"Organization","@id":"https:\/\/ianima.com.br\/blog\/#organization","name":"Terapia Online com IANIMA: Inova\u00e7\u00e3o e Aconselhamento. O terapeuta online ao seu alcance.","url":"https:\/\/ianima.com.br\/blog\/","logo":{"@type":"ImageObject","inLanguage":"pt-BR","@id":"https:\/\/ianima.com.br\/blog\/#\/schema\/logo\/image\/","url":"https:\/\/ianima.com.br\/blog\/wp-content\/uploads\/2025\/04\/cropped-IAnima-terapia-online.webp","contentUrl":"https:\/\/ianima.com.br\/blog\/wp-content\/uploads\/2025\/04\/cropped-IAnima-terapia-online.webp","width":819,"height":222,"caption":"Terapia Online com IANIMA: Inova\u00e7\u00e3o e Aconselhamento. O terapeuta online ao seu alcance."},"image":{"@id":"https:\/\/ianima.com.br\/blog\/#\/schema\/logo\/image\/"}},{"@type":"Person","@id":"https:\/\/ianima.com.br\/blog\/#\/schema\/person\/85378d6a819826ce615ae2a7a04f68d8","name":"Wanderlei Talib","image":{"@type":"ImageObject","inLanguage":"pt-BR","@id":"https:\/\/ianima.com.br\/blog\/#\/schema\/person\/image\/","url":"https:\/\/ianima.com.br\/blog\/wp-content\/litespeed\/avatar\/a0461c2b338365ab5dd45a3e926e23c7.jpg?ver=1777055969","contentUrl":"https:\/\/ianima.com.br\/blog\/wp-content\/litespeed\/avatar\/a0461c2b338365ab5dd45a3e926e23c7.jpg?ver=1777055969","caption":"Wanderlei Talib"},"sameAs":["https:\/\/ianima.com.br\/blog"],"url":"https:\/\/ianima.com.br\/blog\/author\/adminedu\/"},{"@type":"Question","@id":"https:\/\/ianima.com.br\/blog\/saude-mental\/como-nao-ter-depressao-dicas-sinais-e-prevencao\/#faq-question-1750930125187","position":1,"url":"https:\/\/ianima.com.br\/blog\/saude-mental\/como-nao-ter-depressao-dicas-sinais-e-prevencao\/#faq-question-1750930125187","name":"O que posso fazer para melhorar meu humor?","answerCount":1,"acceptedAnswer":{"@type":"Answer","text":"Voc\u00ea pode tentar atividades f\u00edsicas, medita\u00e7\u00e3o, passar tempo com amigos e praticar hobbies que voc\u00ea gosta.","inLanguage":"pt-BR"},"inLanguage":"pt-BR"},{"@type":"Question","@id":"https:\/\/ianima.com.br\/blog\/saude-mental\/como-nao-ter-depressao-dicas-sinais-e-prevencao\/#faq-question-1750930144981","position":2,"url":"https:\/\/ianima.com.br\/blog\/saude-mental\/como-nao-ter-depressao-dicas-sinais-e-prevencao\/#faq-question-1750930144981","name":"Quais s\u00e3o os sinais de que estou me sentindo deprimido?","answerCount":1,"acceptedAnswer":{"@type":"Answer","text":"Sinais incluem tristeza persistente, falta de energia, dificuldade de concentra\u00e7\u00e3o e perda de interesse em coisas que voc\u00ea costumava gostar.","inLanguage":"pt-BR"},"inLanguage":"pt-BR"},{"@type":"Question","@id":"https:\/\/ianima.com.br\/blog\/saude-mental\/como-nao-ter-depressao-dicas-sinais-e-prevencao\/#faq-question-1750930167336","position":3,"url":"https:\/\/ianima.com.br\/blog\/saude-mental\/como-nao-ter-depressao-dicas-sinais-e-prevencao\/#faq-question-1750930167336","name":"Devo procurar ajuda profissional se me sentir mal?","answerCount":1,"acceptedAnswer":{"@type":"Answer","text":"Sim, procurar um psic\u00f3logo ou psiquiatra \u00e9 uma \u00f3tima ideia, eles podem te ajudar a encontrar o melhor caminho para se sentir melhor.","inLanguage":"pt-BR"},"inLanguage":"pt-BR"}]}},"_links":{"self":[{"href":"https:\/\/ianima.com.br\/blog\/wp-json\/wp\/v2\/posts\/6952","targetHints":{"allow":["GET"]}}],"collection":[{"href":"https:\/\/ianima.com.br\/blog\/wp-json\/wp\/v2\/posts"}],"about":[{"href":"https:\/\/ianima.com.br\/blog\/wp-json\/wp\/v2\/types\/post"}],"author":[{"embeddable":true,"href":"https:\/\/ianima.com.br\/blog\/wp-json\/wp\/v2\/users\/1"}],"replies":[{"embeddable":true,"href":"https:\/\/ianima.com.br\/blog\/wp-json\/wp\/v2\/comments?post=6952"}],"version-history":[{"count":1,"href":"https:\/\/ianima.com.br\/blog\/wp-json\/wp\/v2\/posts\/6952\/revisions"}],"predecessor-version":[{"id":6956,"href":"https:\/\/ianima.com.br\/blog\/wp-json\/wp\/v2\/posts\/6952\/revisions\/6956"}],"wp:featuredmedia":[{"embeddable":true,"href":"https:\/\/ianima.com.br\/blog\/wp-json\/wp\/v2\/media\/6954"}],"wp:attachment":[{"href":"https:\/\/ianima.com.br\/blog\/wp-json\/wp\/v2\/media?parent=6952"}],"wp:term":[{"taxonomy":"category","embeddable":true,"href":"https:\/\/ianima.com.br\/blog\/wp-json\/wp\/v2\/categories?post=6952"},{"taxonomy":"post_tag","embeddable":true,"href":"https:\/\/ianima.com.br\/blog\/wp-json\/wp\/v2\/tags?post=6952"}],"curies":[{"name":"wp","href":"https:\/\/api.w.org\/{rel}","templated":true}]}}