{"id":6997,"date":"2025-06-27T00:13:43","date_gmt":"2025-06-27T00:13:43","guid":{"rendered":"https:\/\/ianima.com.br\/blog\/?p=6997"},"modified":"2025-06-27T00:13:43","modified_gmt":"2025-06-27T00:13:43","slug":"sequelas-da-sindrome-de-burnout-o-que-voce-precisa-saber","status":"publish","type":"post","link":"https:\/\/ianima.com.br\/blog\/saude-mental\/sequelas-da-sindrome-de-burnout-o-que-voce-precisa-saber\/","title":{"rendered":"Sequelas da S\u00edndrome de Burnout: O Que Voc\u00ea Precisa Saber"},"content":{"rendered":"\n<h2 class=\"wp-block-heading\" id=\"h-os-sinais-e-sintomas-da-sequelas-da-sindrome-de-burnout\">Os Sinais e Sintomas da <strong>Sequelas da S\u00edndrome de Burnout<\/strong><\/h2>\n\n\n\n<p>A <strong>s\u00edndrome de burnout<\/strong> n\u00e3o termina quando o estresse do ambiente de trabalho diminui. Muitas vezes, suas <strong>sequelas<\/strong> persistem, afetando mente, corpo e relacionamentos. Al\u00e9m do esgotamento, \u00e9 comum a presen\u00e7a de sintomas como dificuldade de concentra\u00e7\u00e3o, sensibilidade emocional, sensa\u00e7\u00e3o cont\u00ednua de fracasso e baixa autoestima.<\/p>\n\n\n\n<p>Al\u00e9m disso, altera\u00e7\u00f5es no sono e no apetite, dores musculares, epis\u00f3dios de ansiedade e crises de choro sem motivo aparente tamb\u00e9m s\u00e3o frequentes. Em alguns casos, mesmo ap\u00f3s afastamento das atividades laborais, a pessoa continua emocionalmente exausta, com dificuldade de restabelecer v\u00ednculos ou voltar a sentir prazer nas atividades.<\/p>\n\n\n\n<h2 class=\"wp-block-heading\" id=\"h-a-psicologia-por-tras-da-vida-real-a-sequelas-da-sindrome-de-burnout-no-dia-a-dia\">A Psicologia por Tr\u00e1s da Vida Real: A <strong>Sequelas da S\u00edndrome de Burnout<\/strong> no Dia a Dia *<\/h2>\n\n\n\n<p>Imagine algu\u00e9m que, ap\u00f3s anos de dedica\u00e7\u00e3o extrema ao trabalho, precisa se afastar por exaust\u00e3o. Mesmo longe do ambiente que causou o colapso, essa pessoa sente medo de ser cobrada, tem pesadelos com prazos e evita qualquer conversa que envolva produtividade.<\/p>\n\n\n\n<p>Metaforicamente, \u00e9 como se o corpo tivesse sa\u00eddo do campo de batalha, mas a mente ainda estivesse l\u00e1, reagindo aos mesmos alertas. As <strong>sequelas da s\u00edndrome de burnout<\/strong> podem se manifestar nos pequenos gestos \u2014 como hesitar ao aceitar um novo projeto, isolar-se socialmente ou reagir com irritabilidade desproporcional a est\u00edmulos simples.<\/p>\n\n\n\n<h2 class=\"wp-block-heading\" id=\"h-compreendendo-os-momentos-criticos-da-sequelas-da-sindrome-de-burnout\">Compreendendo os Momentos Cr\u00edticos da <strong>Sequelas da S\u00edndrome de Burnout<\/strong><\/h2>\n\n\n\n<p>Os momentos mais cr\u00edticos geralmente surgem quando a pessoa acredita que j\u00e1 &#8220;deveria estar bem&#8221;. A cobran\u00e7a interna para retomar a produtividade costuma gerar reca\u00eddas emocionais.<\/p>\n\n\n\n<p>\u00c9 comum que esses momentos venham acompanhados de ins\u00f4nia intensa, sensa\u00e7\u00e3o de paralisia diante de tarefas simples e at\u00e9 crises de identidade profissional. Saber reconhecer esses sinais como parte das <strong>sequelas da s\u00edndrome de burnout<\/strong>, e n\u00e3o como \u201cfraqueza\u201d, \u00e9 essencial para a recupera\u00e7\u00e3o.<\/p>\n\n\n\n<h2 class=\"wp-block-heading\" id=\"h-o-que-desencadeia-a-sequelas-da-sindrome-de-burnout\">O Que Desencadeia a <strong>Sequelas da S\u00edndrome de Burnout<\/strong>?<\/h2>\n\n\n\n<p>As causas das <strong>sequelas do burnout<\/strong> nem sempre s\u00e3o apenas o excesso de trabalho. Muitas vezes, est\u00e3o relacionadas ao modo como a pessoa lidava com o ambiente profissional: perfeccionismo, necessidade constante de aprova\u00e7\u00e3o, dificuldade de impor limites e sobrecarga emocional silenciosa.<\/p>\n\n\n\n<p>Al\u00e9m disso, fatores externos como falta de apoio social, contextos de ass\u00e9dio moral e culturas organizacionais t\u00f3xicas podem agravar e prolongar os efeitos da s\u00edndrome, mesmo ap\u00f3s o afastamento do estressor principal.<\/p>\n\n\n\n<h2 class=\"wp-block-heading\" id=\"h-mitos-e-verdades-sobre-solucoes-para-a-sequelas-da-sindrome-de-burnout\">Mitos e Verdades sobre Solu\u00e7\u00f5es para a <strong>Sequelas da S\u00edndrome de Burnout<\/strong><\/h2>\n\n\n\n<p>Um dos mitos mais comuns \u00e9 o de que \u201cdescansar\u201d por alguns dias \u00e9 suficiente para superar o burnout. A realidade \u00e9 que as <strong>sequelas emocionais e cognitivas<\/strong> podem levar meses \u2014 ou at\u00e9 anos \u2014 para serem compreendidas e integradas.<\/p>\n\n\n\n<p>Outro mito perigoso \u00e9 acreditar que mudar de emprego automaticamente resolve o problema. Embora o afastamento de ambientes t\u00f3xicos seja importante, sem um olhar cuidadoso para os padr\u00f5es internos de funcionamento, as dificuldades tendem a se repetir.<\/p>\n\n\n\n<h2 class=\"wp-block-heading\" id=\"h-como-lidar-com-a-sequelas-da-sindrome-de-burnout-no-dia-a-dia\">Como Lidar com a <strong>Sequelas da S\u00edndrome de Burnout<\/strong> no Dia a Dia<\/h2>\n\n\n\n<p>Reconhecer limites \u00e9 um passo essencial. Reorganizar a rotina com pausas intencionais, cultivar hobbies sem press\u00e3o de desempenho e buscar apoio emocional s\u00e3o estrat\u00e9gias fundamentais.<\/p>\n\n\n\n<p>T\u00e9cnicas de respira\u00e7\u00e3o consciente, pr\u00e1tica de gratid\u00e3o, exerc\u00edcios f\u00edsicos leves e escrita terap\u00eautica tamb\u00e9m s\u00e3o caminhos eficazes. Ao mesmo tempo, reconstruir uma nova rela\u00e7\u00e3o com o trabalho, com foco em equil\u00edbrio e prop\u00f3sito, pode ajudar a consolidar a recupera\u00e7\u00e3o.<\/p>\n\n\n\n<h2 class=\"wp-block-heading\" id=\"h-a-sequelas-da-sindrome-de-burnout-no-corpo-e-na-mente-manifestacoes\">A <strong>Sequelas da S\u00edndrome de Burnout<\/strong> no Corpo e na Mente: Manifesta\u00e7\u00f5es<\/h2>\n\n\n\n<p>Fisicamente, as <strong>sequelas da s\u00edndrome de burnout<\/strong> podem incluir dores tensionais cr\u00f4nicas, taquicardia, fadiga persistente e dist\u00farbios digestivos. J\u00e1 no plano mental, sintomas como confus\u00e3o, dificuldade de racioc\u00ednio, lapsos de mem\u00f3ria e pensamentos autom\u00e1ticos negativos s\u00e3o comuns.<\/p>\n\n\n\n<p>Essas manifesta\u00e7\u00f5es interagem: o corpo responde ao sofrimento ps\u00edquico com sinais de alerta, e a mente interpreta esses sinais como falha ou perigo \u2014 criando um ciclo dif\u00edcil de romper sem aten\u00e7\u00e3o adequada.<\/p>\n\n\n\n<h2 class=\"wp-block-heading\" id=\"h-burnout-cronico-uma-perspectiva-ampliada\">Burnout Cr\u00f4nico: Uma Perspectiva Ampliada<\/h2>\n\n\n\n<p>Quando n\u00e3o reconhecido ou tratado adequadamente, o burnout pode evoluir para um quadro cr\u00f4nico. Nesse estado, a pessoa passa a funcionar constantemente no \u201cmodo sobreviv\u00eancia\u201d, mesmo fora do trabalho.<\/p>\n\n\n\n<p>Esse tipo de <strong>sequela do burnout<\/strong> \u00e9 marcado por uma sensa\u00e7\u00e3o de apatia generalizada, isolamento social e perda de sentido na vida pessoal e profissional. Requer acompanhamento cuidadoso e, muitas vezes, mudan\u00e7as profundas no estilo de vida e nas cren\u00e7as sobre sucesso e valor pr\u00f3prio.<\/p>\n\n\n\n<h2 class=\"wp-block-heading\" id=\"h-quem-busca-alivio-para-a-sequelas-da-sindrome-de-burnout\">Quem Busca Al\u00edvio para a <strong>Sequelas da S\u00edndrome de Burnout<\/strong>?<\/h2>\n\n\n\n<p>Muitas pessoas que passaram por experi\u00eancias intensas de estresse no trabalho buscam al\u00edvio meses ou at\u00e9 anos depois do afastamento inicial.<\/p>\n\n\n\n<p>Profissionais da sa\u00fade, professores, executivos e cuidadores est\u00e3o entre os mais afetados. Frequentemente, chegam ao ponto de ruptura ap\u00f3s anos de dedica\u00e7\u00e3o silenciosa, quando o corpo e a mente j\u00e1 n\u00e3o conseguem mais sustentar a sobrecarga.<\/p>\n\n\n\n<p>Mesmo jovens em in\u00edcio de carreira t\u00eam relatado <strong>sequelas da s\u00edndrome de burnout<\/strong>, especialmente em contextos de alta exig\u00eancia e baixa valoriza\u00e7\u00e3o emocional.<\/p>\n\n\n\n<h3 class=\"wp-block-heading\" id=\"h-diferentes-abordagens-para-lidar-com-a-sequelas-da-sindrome-de-burnout\">Diferentes Abordagens para Lidar com a <strong>Sequelas da S\u00edndrome de Burnout<\/strong><\/h3>\n\n\n\n<p>As abordagens podem incluir psicoterapia focada em estresse e traumas, pr\u00e1ticas corporais como ioga e medita\u00e7\u00e3o, reestrutura\u00e7\u00e3o da rotina de sono, al\u00e9m de ajustes nutricionais e apoio de grupos de escuta.<\/p>\n\n\n\n<p>Mudan\u00e7as no ambiente de trabalho, como redefinir metas e estabelecer limites saud\u00e1veis, tamb\u00e9m s\u00e3o importantes para evitar reca\u00eddas.<\/p>\n\n\n\n<h3 class=\"wp-block-heading\" id=\"h-sinais-de-alerta-quando-buscar-ajuda-profissional\">Sinais de Alerta: Quando Buscar Ajuda Profissional<\/h3>\n\n\n\n<p>Se os sintomas persistirem por mais de algumas semanas, ou se houver impacto significativo na vida pessoal e profissional, \u00e9 fundamental procurar ajuda profissional.<\/p>\n\n\n\n<p>Sensa\u00e7\u00f5es de vazio, choro frequente, pensamento acelerado ou crises de ansiedade s\u00e3o indicativos importantes de que as <strong>sequelas do burnout<\/strong> est\u00e3o ativas e precisam de aten\u00e7\u00e3o especializada.<\/p>\n\n\n\n<h3 class=\"wp-block-heading\" id=\"h-recursos-e-informacoes-confiaveis-sobre-a-sequelas-da-sindrome-de-burnout\">Recursos e Informa\u00e7\u00f5es Confi\u00e1veis sobre a <strong>Sequelas da S\u00edndrome de Burnout<\/strong><\/h3>\n\n\n\n<p>Sites institucionais como o do Minist\u00e9rio da Sa\u00fade, organiza\u00e7\u00f5es internacionais como a OMS e associa\u00e7\u00f5es de psicologia s\u00e3o fontes confi\u00e1veis.<\/p>\n\n\n\n<p>Al\u00e9m disso, livros de psicologia baseados em evid\u00eancias, podcasts com profissionais da \u00e1rea e artigos cient\u00edficos acess\u00edveis ao p\u00fablico geral tamb\u00e9m oferecem conhecimento relevante e acolhedor.<\/p>\n\n\n\n<h3 class=\"wp-block-heading\" id=\"h-dicas-para-acao-imediata-em-momentos-de-sequelas-da-sindrome-de-burnout\">Dicas para A\u00e7\u00e3o Imediata em Momentos de <strong>Sequelas da S\u00edndrome de Burnout<\/strong><\/h3>\n\n\n\n<ul class=\"wp-block-list\">\n<li>Respire profundamente por dois minutos, focando no som da sua respira\u00e7\u00e3o.<\/li>\n\n\n\n<li>Escreva o que est\u00e1 sentindo sem julgamento, por cinco minutos.<\/li>\n\n\n\n<li>Afaste-se do est\u00edmulo que provoca sobrecarga, mesmo que por pouco tempo.<\/li>\n\n\n\n<li>Busque contato com algu\u00e9m de confian\u00e7a para desabafar ou apenas estar junto.<\/li>\n\n\n\n<li>Lembre-se: \u00e9 um momento, n\u00e3o uma defini\u00e7\u00e3o de quem voc\u00ea \u00e9.<\/li>\n<\/ul>\n\n\n\n<h2 class=\"wp-block-heading\" id=\"h-conclusao\">Conclus\u00e3o<\/h2>\n\n\n\n<p>Em suma, as <strong>sequelas da s\u00edndrome de burnout<\/strong> v\u00e3o al\u00e9m do esgotamento profissional: elas ecoam na autoestima, nas emo\u00e7\u00f5es e nos relacionamentos.<\/p>\n\n\n\n<p>Compreender esses sinais \u00e9 o primeiro passo para transformar a dor em processo de reconstru\u00e7\u00e3o e crescimento. Se voc\u00ea se identifica com esses sinais, buscar informa\u00e7\u00e3o e apoio pode ser o primeiro passo para uma vida mais leve e equilibrada!<\/p>\n\n\n\n<p>* Essas narrativas s\u00e3o fict\u00edcias mas inspiradas em situa\u00e7\u00f5es comumente vivenciadas nos estudos e na cl\u00ednica psicol\u00f3gica.<\/p>\n\n\n\n<figure class=\"wp-block-image aligncenter size-large is-resized\"><img fetchpriority=\"high\" decoding=\"async\" width=\"1024\" height=\"683\" src=\"https:\/\/ianima.com.br\/blog\/wp-content\/uploads\/2025\/06\/2MM-343-1024x683.webp\" alt=\"Sequelas da S\u00edndrome de Burnout: O Que Voc\u00ea Precisa Saber\" class=\"wp-image-7000\" style=\"width:500px\" srcset=\"https:\/\/ianima.com.br\/blog\/wp-content\/uploads\/2025\/06\/2MM-343-1024x683.webp 1024w, https:\/\/ianima.com.br\/blog\/wp-content\/uploads\/2025\/06\/2MM-343-300x200.webp 300w, https:\/\/ianima.com.br\/blog\/wp-content\/uploads\/2025\/06\/2MM-343-768x512.webp 768w, https:\/\/ianima.com.br\/blog\/wp-content\/uploads\/2025\/06\/2MM-343.webp 1536w\" sizes=\"(max-width: 1024px) 100vw, 1024px\" \/><\/figure>\n\n\n\n<h2 class=\"wp-block-heading\" id=\"h-perguntas-frequentes-faq\">Perguntas Frequentes (FAQ)<\/h2>\n\n\n\n<div class=\"schema-faq wp-block-yoast-faq-block\"><div class=\"schema-faq-section\" id=\"faq-question-1750983077857\"><strong class=\"schema-faq-question\">Quais s\u00e3o as principais sequelas da s\u00edndrome de burnout?<\/strong> <p class=\"schema-faq-answer\">As principais sequelas incluem fadiga cr\u00f4nica, dificuldade de concentra\u00e7\u00e3o, problemas de sono e aumento da irritabilidade.<\/p> <\/div> <div class=\"schema-faq-section\" id=\"faq-question-1750983098763\"><strong class=\"schema-faq-question\">Como a s\u00edndrome de burnout afeta a vida pessoal?<\/strong> <p class=\"schema-faq-answer\">Ela pode prejudicar relacionamentos, reduzir a qualidade de vida e levar a um isolamento social.<\/p> <\/div> <div class=\"schema-faq-section\" id=\"faq-question-1750983119136\"><strong class=\"schema-faq-question\">\u00c9 poss\u00edvel se recuperar completamente da s\u00edndrome de burnout?<\/strong> <p class=\"schema-faq-answer\">Sim, com tratamento adequado, apoio psicol\u00f3gico e mudan\u00e7as no estilo de vida, a recupera\u00e7\u00e3o \u00e9 poss\u00edvel.<\/p> <\/div> <\/div>\n\n\n\n<ul class=\"wp-block-yoast-seo-related-links\"><li><a href=\"https:\/\/ianima.com.br\/blog\/saude-mental\/sindrome-de-burnout-sinais-causas-e-como-lidar\/\">S\u00edndrome de Burnout: Sinais, Causas e Como Lidar<\/a><\/li><li><a href=\"https:\/\/ianima.com.br\/blog\/saude-mental\/sindrome-do-burnout-sinais-causas-e-como-lidar\/\">S\u00edndrome do Burnout: sinais, causas e como lidar<\/a><\/li><li><a href=\"https:\/\/ianima.com.br\/blog\/saude-mental\/sindrome-de-burnout-sintomas-que-voce-precisa-conhecer\/\">S\u00edndrome de Burnout: Sintomas que Voc\u00ea Precisa Conhecer<\/a><\/li><li><a href=\"https:\/\/ianima.com.br\/blog\/saude-mental\/sindrome-de-burnout-o-que-e-e-como-lidar-2\/\">S\u00edndrome de Burnout: O Que \u00c9 e Como Lidar<\/a><\/li><li><a href=\"https:\/\/ianima.com.br\/blog\/saude-mental\/o-que-e-sindrome-de-burnout-sinais-causas-e-como-lidar\/\">O Que \u00c9 S\u00edndrome de Burnout: Sinais, Causas e Como Lidar<\/a><\/li><\/ul>\n","protected":false},"excerpt":{"rendered":"<p>Os Sinais e Sintomas da Sequelas da S\u00edndrome de Burnout A s\u00edndrome de burnout n\u00e3o termina quando o estresse do ambiente de trabalho diminui. Muitas vezes, suas sequelas persistem, afetando mente, corpo e relacionamentos. Al\u00e9m do esgotamento, \u00e9 comum a presen\u00e7a de sintomas como dificuldade de concentra\u00e7\u00e3o, sensibilidade emocional, sensa\u00e7\u00e3o cont\u00ednua de fracasso e baixa [&hellip;]<\/p>\n","protected":false},"author":1,"featured_media":6999,"comment_status":"closed","ping_status":"closed","sticky":false,"template":"","format":"standard","meta":{"site-sidebar-layout":"default","site-content-layout":"","ast-site-content-layout":"default","site-content-style":"default","site-sidebar-style":"default","ast-global-header-display":"","ast-banner-title-visibility":"","ast-main-header-display":"","ast-hfb-above-header-display":"","ast-hfb-below-header-display":"","ast-hfb-mobile-header-display":"","site-post-title":"","ast-breadcrumbs-content":"","ast-featured-img":"","footer-sml-layout":"","theme-transparent-header-meta":"","adv-header-id-meta":"","stick-header-meta":"","header-above-stick-meta":"","header-main-stick-meta":"","header-below-stick-meta":"","astra-migrate-meta-layouts":"set","ast-page-background-enabled":"default","ast-page-background-meta":{"desktop":{"background-color":"","background-image":"","background-repeat":"repeat","background-position":"center center","background-size":"auto","background-attachment":"scroll","background-type":"","background-media":"","overlay-type":"","overlay-color":"","overlay-opacity":"","overlay-gradient":""},"tablet":{"background-color":"","background-image":"","background-repeat":"repeat","background-position":"center center","background-size":"auto","background-attachment":"scroll","background-type":"","background-media":"","overlay-type":"","overlay-color":"","overlay-opacity":"","overlay-gradient":""},"mobile":{"background-color":"","background-image":"","background-repeat":"repeat","background-position":"center center","background-size":"auto","background-attachment":"scroll","background-type":"","background-media":"","overlay-type":"","overlay-color":"","overlay-opacity":"","overlay-gradient":""}},"ast-content-background-meta":{"desktop":{"background-color":"var(--ast-global-color-5)","background-image":"","background-repeat":"repeat","background-position":"center center","background-size":"auto","background-attachment":"scroll","background-type":"","background-media":"","overlay-type":"","overlay-color":"","overlay-opacity":"","overlay-gradient":""},"tablet":{"background-color":"var(--ast-global-color-5)","background-image":"","background-repeat":"repeat","background-position":"center center","background-size":"auto","background-attachment":"scroll","background-type":"","background-media":"","overlay-type":"","overlay-color":"","overlay-opacity":"","overlay-gradient":""},"mobile":{"background-color":"var(--ast-global-color-5)","background-image":"","background-repeat":"repeat","background-position":"center center","background-size":"auto","background-attachment":"scroll","background-type":"","background-media":"","overlay-type":"","overlay-color":"","overlay-opacity":"","overlay-gradient":""}},"footnotes":""},"categories":[24],"tags":[],"class_list":["post-6997","post","type-post","status-publish","format-standard","has-post-thumbnail","hentry","category-saude-mental"],"yoast_head":"<!-- This site is optimized with the Yoast SEO Premium plugin v20.8 (Yoast SEO v20.8) - https:\/\/yoast.com\/wordpress\/plugins\/seo\/ -->\n<title>Sequelas da S\u00edndrome de Burnout: O Que Voc\u00ea Precisa Saber<\/title>\n<meta name=\"description\" content=\"Descubra as surpreendentes sequelas da S\u00edndrome de Burnout que podem mudar sua vida! N\u00e3o deixe de ler e se proteger!\" \/>\n<meta name=\"robots\" content=\"index, follow, max-snippet:-1, max-image-preview:large, max-video-preview:-1\" \/>\n<link rel=\"canonical\" href=\"https:\/\/ianima.com.br\/blog\/saude-mental\/sequelas-da-sindrome-de-burnout-o-que-voce-precisa-saber\/\" \/>\n<meta property=\"og:locale\" content=\"pt_BR\" \/>\n<meta property=\"og:type\" content=\"article\" \/>\n<meta property=\"og:title\" content=\"Sequelas da S\u00edndrome de Burnout: O Que Voc\u00ea Precisa Saber\" \/>\n<meta property=\"og:description\" content=\"Descubra as surpreendentes sequelas da S\u00edndrome de Burnout que podem mudar sua vida! N\u00e3o deixe de ler e se proteger!\" \/>\n<meta property=\"og:url\" content=\"https:\/\/ianima.com.br\/blog\/saude-mental\/sequelas-da-sindrome-de-burnout-o-que-voce-precisa-saber\/\" \/>\n<meta property=\"og:site_name\" content=\"Terapia Online com IANIMA: Inova\u00e7\u00e3o e Aconselhamento. O terapeuta online ao seu alcance.\" \/>\n<meta property=\"article:published_time\" content=\"2025-06-27T00:13:43+00:00\" \/>\n<meta property=\"og:image\" content=\"https:\/\/ianima.com.br\/blog\/wp-content\/uploads\/2025\/06\/1MM-343.webp\" \/>\n\t<meta property=\"og:image:width\" content=\"1536\" \/>\n\t<meta property=\"og:image:height\" content=\"1024\" \/>\n\t<meta property=\"og:image:type\" content=\"image\/webp\" \/>\n<meta name=\"author\" content=\"Wanderlei Talib\" \/>\n<meta name=\"twitter:card\" content=\"summary_large_image\" \/>\n<meta name=\"twitter:label1\" content=\"Escrito por\" \/>\n\t<meta name=\"twitter:data1\" content=\"Wanderlei Talib\" \/>\n\t<meta name=\"twitter:label2\" content=\"Est. tempo de leitura\" \/>\n\t<meta name=\"twitter:data2\" content=\"8 minutos\" \/>\n<script type=\"application\/ld+json\" class=\"yoast-schema-graph\">{\"@context\":\"https:\/\/schema.org\",\"@graph\":[{\"@type\":\"Article\",\"@id\":\"https:\/\/ianima.com.br\/blog\/saude-mental\/sequelas-da-sindrome-de-burnout-o-que-voce-precisa-saber\/#article\",\"isPartOf\":{\"@id\":\"https:\/\/ianima.com.br\/blog\/saude-mental\/sequelas-da-sindrome-de-burnout-o-que-voce-precisa-saber\/\"},\"author\":{\"name\":\"Wanderlei Talib\",\"@id\":\"https:\/\/ianima.com.br\/blog\/#\/schema\/person\/85378d6a819826ce615ae2a7a04f68d8\"},\"headline\":\"Sequelas da S\u00edndrome de Burnout: O Que Voc\u00ea Precisa Saber\",\"datePublished\":\"2025-06-27T00:13:43+00:00\",\"dateModified\":\"2025-06-27T00:13:43+00:00\",\"mainEntityOfPage\":{\"@id\":\"https:\/\/ianima.com.br\/blog\/saude-mental\/sequelas-da-sindrome-de-burnout-o-que-voce-precisa-saber\/\"},\"wordCount\":1391,\"publisher\":{\"@id\":\"https:\/\/ianima.com.br\/blog\/#organization\"},\"articleSection\":[\"Sa\u00fade Mental\"],\"inLanguage\":\"pt-BR\"},{\"@type\":[\"WebPage\",\"FAQPage\"],\"@id\":\"https:\/\/ianima.com.br\/blog\/saude-mental\/sequelas-da-sindrome-de-burnout-o-que-voce-precisa-saber\/\",\"url\":\"https:\/\/ianima.com.br\/blog\/saude-mental\/sequelas-da-sindrome-de-burnout-o-que-voce-precisa-saber\/\",\"name\":\"Sequelas da S\u00edndrome de Burnout: O Que Voc\u00ea Precisa Saber\",\"isPartOf\":{\"@id\":\"https:\/\/ianima.com.br\/blog\/#website\"},\"datePublished\":\"2025-06-27T00:13:43+00:00\",\"dateModified\":\"2025-06-27T00:13:43+00:00\",\"description\":\"Descubra as surpreendentes sequelas da S\u00edndrome de Burnout que podem mudar sua vida! N\u00e3o deixe de ler e se proteger!\",\"breadcrumb\":{\"@id\":\"https:\/\/ianima.com.br\/blog\/saude-mental\/sequelas-da-sindrome-de-burnout-o-que-voce-precisa-saber\/#breadcrumb\"},\"mainEntity\":[{\"@id\":\"https:\/\/ianima.com.br\/blog\/saude-mental\/sequelas-da-sindrome-de-burnout-o-que-voce-precisa-saber\/#faq-question-1750983077857\"},{\"@id\":\"https:\/\/ianima.com.br\/blog\/saude-mental\/sequelas-da-sindrome-de-burnout-o-que-voce-precisa-saber\/#faq-question-1750983098763\"},{\"@id\":\"https:\/\/ianima.com.br\/blog\/saude-mental\/sequelas-da-sindrome-de-burnout-o-que-voce-precisa-saber\/#faq-question-1750983119136\"}],\"inLanguage\":\"pt-BR\",\"potentialAction\":[{\"@type\":\"ReadAction\",\"target\":[\"https:\/\/ianima.com.br\/blog\/saude-mental\/sequelas-da-sindrome-de-burnout-o-que-voce-precisa-saber\/\"]}]},{\"@type\":\"BreadcrumbList\",\"@id\":\"https:\/\/ianima.com.br\/blog\/saude-mental\/sequelas-da-sindrome-de-burnout-o-que-voce-precisa-saber\/#breadcrumb\",\"itemListElement\":[{\"@type\":\"ListItem\",\"position\":1,\"name\":\"In\u00edcio\",\"item\":\"https:\/\/ianima.com.br\/blog\/\"},{\"@type\":\"ListItem\",\"position\":2,\"name\":\"Sequelas da S\u00edndrome de Burnout: O Que Voc\u00ea Precisa Saber\"}]},{\"@type\":\"WebSite\",\"@id\":\"https:\/\/ianima.com.br\/blog\/#website\",\"url\":\"https:\/\/ianima.com.br\/blog\/\",\"name\":\"Terapia Online com IANIMA: Inova\u00e7\u00e3o e Aconselhamento. O terapeuta online ao seu alcance.\",\"description\":\"Terapia gratuita online com a IAnima, sua terapeuta online. Artigos sobre terapias online, sa\u00fade mental e bem-estar.\",\"publisher\":{\"@id\":\"https:\/\/ianima.com.br\/blog\/#organization\"},\"potentialAction\":[{\"@type\":\"SearchAction\",\"target\":{\"@type\":\"EntryPoint\",\"urlTemplate\":\"https:\/\/ianima.com.br\/blog\/?s={search_term_string}\"},\"query-input\":\"required name=search_term_string\"}],\"inLanguage\":\"pt-BR\"},{\"@type\":\"Organization\",\"@id\":\"https:\/\/ianima.com.br\/blog\/#organization\",\"name\":\"Terapia Online com IANIMA: Inova\u00e7\u00e3o e Aconselhamento. O terapeuta online ao seu alcance.\",\"url\":\"https:\/\/ianima.com.br\/blog\/\",\"logo\":{\"@type\":\"ImageObject\",\"inLanguage\":\"pt-BR\",\"@id\":\"https:\/\/ianima.com.br\/blog\/#\/schema\/logo\/image\/\",\"url\":\"https:\/\/ianima.com.br\/blog\/wp-content\/uploads\/2025\/04\/cropped-IAnima-terapia-online.webp\",\"contentUrl\":\"https:\/\/ianima.com.br\/blog\/wp-content\/uploads\/2025\/04\/cropped-IAnima-terapia-online.webp\",\"width\":819,\"height\":222,\"caption\":\"Terapia Online com IANIMA: Inova\u00e7\u00e3o e Aconselhamento. O terapeuta online ao seu alcance.\"},\"image\":{\"@id\":\"https:\/\/ianima.com.br\/blog\/#\/schema\/logo\/image\/\"}},{\"@type\":\"Person\",\"@id\":\"https:\/\/ianima.com.br\/blog\/#\/schema\/person\/85378d6a819826ce615ae2a7a04f68d8\",\"name\":\"Wanderlei Talib\",\"image\":{\"@type\":\"ImageObject\",\"inLanguage\":\"pt-BR\",\"@id\":\"https:\/\/ianima.com.br\/blog\/#\/schema\/person\/image\/\",\"url\":\"https:\/\/ianima.com.br\/blog\/wp-content\/litespeed\/avatar\/a0461c2b338365ab5dd45a3e926e23c7.jpg?ver=1777055969\",\"contentUrl\":\"https:\/\/ianima.com.br\/blog\/wp-content\/litespeed\/avatar\/a0461c2b338365ab5dd45a3e926e23c7.jpg?ver=1777055969\",\"caption\":\"Wanderlei Talib\"},\"sameAs\":[\"https:\/\/ianima.com.br\/blog\"],\"url\":\"https:\/\/ianima.com.br\/blog\/author\/adminedu\/\"},{\"@type\":\"Question\",\"@id\":\"https:\/\/ianima.com.br\/blog\/saude-mental\/sequelas-da-sindrome-de-burnout-o-que-voce-precisa-saber\/#faq-question-1750983077857\",\"position\":1,\"url\":\"https:\/\/ianima.com.br\/blog\/saude-mental\/sequelas-da-sindrome-de-burnout-o-que-voce-precisa-saber\/#faq-question-1750983077857\",\"name\":\"Quais s\u00e3o as principais sequelas da s\u00edndrome de burnout?\",\"answerCount\":1,\"acceptedAnswer\":{\"@type\":\"Answer\",\"text\":\"As principais sequelas incluem fadiga cr\u00f4nica, dificuldade de concentra\u00e7\u00e3o, problemas de sono e aumento da irritabilidade.\",\"inLanguage\":\"pt-BR\"},\"inLanguage\":\"pt-BR\"},{\"@type\":\"Question\",\"@id\":\"https:\/\/ianima.com.br\/blog\/saude-mental\/sequelas-da-sindrome-de-burnout-o-que-voce-precisa-saber\/#faq-question-1750983098763\",\"position\":2,\"url\":\"https:\/\/ianima.com.br\/blog\/saude-mental\/sequelas-da-sindrome-de-burnout-o-que-voce-precisa-saber\/#faq-question-1750983098763\",\"name\":\"Como a s\u00edndrome de burnout afeta a vida pessoal?\",\"answerCount\":1,\"acceptedAnswer\":{\"@type\":\"Answer\",\"text\":\"Ela pode prejudicar relacionamentos, reduzir a qualidade de vida e levar a um isolamento social.\",\"inLanguage\":\"pt-BR\"},\"inLanguage\":\"pt-BR\"},{\"@type\":\"Question\",\"@id\":\"https:\/\/ianima.com.br\/blog\/saude-mental\/sequelas-da-sindrome-de-burnout-o-que-voce-precisa-saber\/#faq-question-1750983119136\",\"position\":3,\"url\":\"https:\/\/ianima.com.br\/blog\/saude-mental\/sequelas-da-sindrome-de-burnout-o-que-voce-precisa-saber\/#faq-question-1750983119136\",\"name\":\"\u00c9 poss\u00edvel se recuperar completamente da s\u00edndrome de burnout?\",\"answerCount\":1,\"acceptedAnswer\":{\"@type\":\"Answer\",\"text\":\"Sim, com tratamento adequado, apoio psicol\u00f3gico e mudan\u00e7as no estilo de vida, a recupera\u00e7\u00e3o \u00e9 poss\u00edvel.\",\"inLanguage\":\"pt-BR\"},\"inLanguage\":\"pt-BR\"}]}<\/script>\n<!-- \/ Yoast SEO Premium plugin. -->","yoast_head_json":{"title":"Sequelas da S\u00edndrome de Burnout: O Que Voc\u00ea Precisa Saber","description":"Descubra as surpreendentes sequelas da S\u00edndrome de Burnout que podem mudar sua vida! N\u00e3o deixe de ler e se proteger!","robots":{"index":"index","follow":"follow","max-snippet":"max-snippet:-1","max-image-preview":"max-image-preview:large","max-video-preview":"max-video-preview:-1"},"canonical":"https:\/\/ianima.com.br\/blog\/saude-mental\/sequelas-da-sindrome-de-burnout-o-que-voce-precisa-saber\/","og_locale":"pt_BR","og_type":"article","og_title":"Sequelas da S\u00edndrome de Burnout: O Que Voc\u00ea Precisa Saber","og_description":"Descubra as surpreendentes sequelas da S\u00edndrome de Burnout que podem mudar sua vida! N\u00e3o deixe de ler e se proteger!","og_url":"https:\/\/ianima.com.br\/blog\/saude-mental\/sequelas-da-sindrome-de-burnout-o-que-voce-precisa-saber\/","og_site_name":"Terapia Online com IANIMA: Inova\u00e7\u00e3o e Aconselhamento. O terapeuta online ao seu alcance.","article_published_time":"2025-06-27T00:13:43+00:00","og_image":[{"width":1536,"height":1024,"url":"https:\/\/ianima.com.br\/blog\/wp-content\/uploads\/2025\/06\/1MM-343.webp","type":"image\/webp"}],"author":"Wanderlei Talib","twitter_card":"summary_large_image","twitter_misc":{"Escrito por":"Wanderlei Talib","Est. tempo de leitura":"8 minutos"},"schema":{"@context":"https:\/\/schema.org","@graph":[{"@type":"Article","@id":"https:\/\/ianima.com.br\/blog\/saude-mental\/sequelas-da-sindrome-de-burnout-o-que-voce-precisa-saber\/#article","isPartOf":{"@id":"https:\/\/ianima.com.br\/blog\/saude-mental\/sequelas-da-sindrome-de-burnout-o-que-voce-precisa-saber\/"},"author":{"name":"Wanderlei Talib","@id":"https:\/\/ianima.com.br\/blog\/#\/schema\/person\/85378d6a819826ce615ae2a7a04f68d8"},"headline":"Sequelas da S\u00edndrome de Burnout: O Que Voc\u00ea Precisa Saber","datePublished":"2025-06-27T00:13:43+00:00","dateModified":"2025-06-27T00:13:43+00:00","mainEntityOfPage":{"@id":"https:\/\/ianima.com.br\/blog\/saude-mental\/sequelas-da-sindrome-de-burnout-o-que-voce-precisa-saber\/"},"wordCount":1391,"publisher":{"@id":"https:\/\/ianima.com.br\/blog\/#organization"},"articleSection":["Sa\u00fade Mental"],"inLanguage":"pt-BR"},{"@type":["WebPage","FAQPage"],"@id":"https:\/\/ianima.com.br\/blog\/saude-mental\/sequelas-da-sindrome-de-burnout-o-que-voce-precisa-saber\/","url":"https:\/\/ianima.com.br\/blog\/saude-mental\/sequelas-da-sindrome-de-burnout-o-que-voce-precisa-saber\/","name":"Sequelas da S\u00edndrome de Burnout: O Que Voc\u00ea Precisa Saber","isPartOf":{"@id":"https:\/\/ianima.com.br\/blog\/#website"},"datePublished":"2025-06-27T00:13:43+00:00","dateModified":"2025-06-27T00:13:43+00:00","description":"Descubra as surpreendentes sequelas da S\u00edndrome de Burnout que podem mudar sua vida! N\u00e3o deixe de ler e se proteger!","breadcrumb":{"@id":"https:\/\/ianima.com.br\/blog\/saude-mental\/sequelas-da-sindrome-de-burnout-o-que-voce-precisa-saber\/#breadcrumb"},"mainEntity":[{"@id":"https:\/\/ianima.com.br\/blog\/saude-mental\/sequelas-da-sindrome-de-burnout-o-que-voce-precisa-saber\/#faq-question-1750983077857"},{"@id":"https:\/\/ianima.com.br\/blog\/saude-mental\/sequelas-da-sindrome-de-burnout-o-que-voce-precisa-saber\/#faq-question-1750983098763"},{"@id":"https:\/\/ianima.com.br\/blog\/saude-mental\/sequelas-da-sindrome-de-burnout-o-que-voce-precisa-saber\/#faq-question-1750983119136"}],"inLanguage":"pt-BR","potentialAction":[{"@type":"ReadAction","target":["https:\/\/ianima.com.br\/blog\/saude-mental\/sequelas-da-sindrome-de-burnout-o-que-voce-precisa-saber\/"]}]},{"@type":"BreadcrumbList","@id":"https:\/\/ianima.com.br\/blog\/saude-mental\/sequelas-da-sindrome-de-burnout-o-que-voce-precisa-saber\/#breadcrumb","itemListElement":[{"@type":"ListItem","position":1,"name":"In\u00edcio","item":"https:\/\/ianima.com.br\/blog\/"},{"@type":"ListItem","position":2,"name":"Sequelas da S\u00edndrome de Burnout: O Que Voc\u00ea Precisa Saber"}]},{"@type":"WebSite","@id":"https:\/\/ianima.com.br\/blog\/#website","url":"https:\/\/ianima.com.br\/blog\/","name":"Terapia Online com IANIMA: Inova\u00e7\u00e3o e Aconselhamento. O terapeuta online ao seu alcance.","description":"Terapia gratuita online com a IAnima, sua terapeuta online. Artigos sobre terapias online, sa\u00fade mental e bem-estar.","publisher":{"@id":"https:\/\/ianima.com.br\/blog\/#organization"},"potentialAction":[{"@type":"SearchAction","target":{"@type":"EntryPoint","urlTemplate":"https:\/\/ianima.com.br\/blog\/?s={search_term_string}"},"query-input":"required name=search_term_string"}],"inLanguage":"pt-BR"},{"@type":"Organization","@id":"https:\/\/ianima.com.br\/blog\/#organization","name":"Terapia Online com IANIMA: Inova\u00e7\u00e3o e Aconselhamento. O terapeuta online ao seu alcance.","url":"https:\/\/ianima.com.br\/blog\/","logo":{"@type":"ImageObject","inLanguage":"pt-BR","@id":"https:\/\/ianima.com.br\/blog\/#\/schema\/logo\/image\/","url":"https:\/\/ianima.com.br\/blog\/wp-content\/uploads\/2025\/04\/cropped-IAnima-terapia-online.webp","contentUrl":"https:\/\/ianima.com.br\/blog\/wp-content\/uploads\/2025\/04\/cropped-IAnima-terapia-online.webp","width":819,"height":222,"caption":"Terapia Online com IANIMA: Inova\u00e7\u00e3o e Aconselhamento. O terapeuta online ao seu alcance."},"image":{"@id":"https:\/\/ianima.com.br\/blog\/#\/schema\/logo\/image\/"}},{"@type":"Person","@id":"https:\/\/ianima.com.br\/blog\/#\/schema\/person\/85378d6a819826ce615ae2a7a04f68d8","name":"Wanderlei Talib","image":{"@type":"ImageObject","inLanguage":"pt-BR","@id":"https:\/\/ianima.com.br\/blog\/#\/schema\/person\/image\/","url":"https:\/\/ianima.com.br\/blog\/wp-content\/litespeed\/avatar\/a0461c2b338365ab5dd45a3e926e23c7.jpg?ver=1777055969","contentUrl":"https:\/\/ianima.com.br\/blog\/wp-content\/litespeed\/avatar\/a0461c2b338365ab5dd45a3e926e23c7.jpg?ver=1777055969","caption":"Wanderlei Talib"},"sameAs":["https:\/\/ianima.com.br\/blog"],"url":"https:\/\/ianima.com.br\/blog\/author\/adminedu\/"},{"@type":"Question","@id":"https:\/\/ianima.com.br\/blog\/saude-mental\/sequelas-da-sindrome-de-burnout-o-que-voce-precisa-saber\/#faq-question-1750983077857","position":1,"url":"https:\/\/ianima.com.br\/blog\/saude-mental\/sequelas-da-sindrome-de-burnout-o-que-voce-precisa-saber\/#faq-question-1750983077857","name":"Quais s\u00e3o as principais sequelas da s\u00edndrome de burnout?","answerCount":1,"acceptedAnswer":{"@type":"Answer","text":"As principais sequelas incluem fadiga cr\u00f4nica, dificuldade de concentra\u00e7\u00e3o, problemas de sono e aumento da irritabilidade.","inLanguage":"pt-BR"},"inLanguage":"pt-BR"},{"@type":"Question","@id":"https:\/\/ianima.com.br\/blog\/saude-mental\/sequelas-da-sindrome-de-burnout-o-que-voce-precisa-saber\/#faq-question-1750983098763","position":2,"url":"https:\/\/ianima.com.br\/blog\/saude-mental\/sequelas-da-sindrome-de-burnout-o-que-voce-precisa-saber\/#faq-question-1750983098763","name":"Como a s\u00edndrome de burnout afeta a vida pessoal?","answerCount":1,"acceptedAnswer":{"@type":"Answer","text":"Ela pode prejudicar relacionamentos, reduzir a qualidade de vida e levar a um isolamento social.","inLanguage":"pt-BR"},"inLanguage":"pt-BR"},{"@type":"Question","@id":"https:\/\/ianima.com.br\/blog\/saude-mental\/sequelas-da-sindrome-de-burnout-o-que-voce-precisa-saber\/#faq-question-1750983119136","position":3,"url":"https:\/\/ianima.com.br\/blog\/saude-mental\/sequelas-da-sindrome-de-burnout-o-que-voce-precisa-saber\/#faq-question-1750983119136","name":"\u00c9 poss\u00edvel se recuperar completamente da s\u00edndrome de burnout?","answerCount":1,"acceptedAnswer":{"@type":"Answer","text":"Sim, com tratamento adequado, apoio psicol\u00f3gico e mudan\u00e7as no estilo de vida, a recupera\u00e7\u00e3o \u00e9 poss\u00edvel.","inLanguage":"pt-BR"},"inLanguage":"pt-BR"}]}},"_links":{"self":[{"href":"https:\/\/ianima.com.br\/blog\/wp-json\/wp\/v2\/posts\/6997","targetHints":{"allow":["GET"]}}],"collection":[{"href":"https:\/\/ianima.com.br\/blog\/wp-json\/wp\/v2\/posts"}],"about":[{"href":"https:\/\/ianima.com.br\/blog\/wp-json\/wp\/v2\/types\/post"}],"author":[{"embeddable":true,"href":"https:\/\/ianima.com.br\/blog\/wp-json\/wp\/v2\/users\/1"}],"replies":[{"embeddable":true,"href":"https:\/\/ianima.com.br\/blog\/wp-json\/wp\/v2\/comments?post=6997"}],"version-history":[{"count":1,"href":"https:\/\/ianima.com.br\/blog\/wp-json\/wp\/v2\/posts\/6997\/revisions"}],"predecessor-version":[{"id":7001,"href":"https:\/\/ianima.com.br\/blog\/wp-json\/wp\/v2\/posts\/6997\/revisions\/7001"}],"wp:featuredmedia":[{"embeddable":true,"href":"https:\/\/ianima.com.br\/blog\/wp-json\/wp\/v2\/media\/6999"}],"wp:attachment":[{"href":"https:\/\/ianima.com.br\/blog\/wp-json\/wp\/v2\/media?parent=6997"}],"wp:term":[{"taxonomy":"category","embeddable":true,"href":"https:\/\/ianima.com.br\/blog\/wp-json\/wp\/v2\/categories?post=6997"},{"taxonomy":"post_tag","embeddable":true,"href":"https:\/\/ianima.com.br\/blog\/wp-json\/wp\/v2\/tags?post=6997"}],"curies":[{"name":"wp","href":"https:\/\/api.w.org\/{rel}","templated":true}]}}