{"id":7167,"date":"2025-06-29T22:32:46","date_gmt":"2025-06-29T22:32:46","guid":{"rendered":"https:\/\/ianima.com.br\/blog\/?p=7167"},"modified":"2025-06-29T22:32:47","modified_gmt":"2025-06-29T22:32:47","slug":"olhar-de-uma-pessoa-com-depressao-sinais-e-reflexoes","status":"publish","type":"post","link":"https:\/\/ianima.com.br\/blog\/saude-mental\/olhar-de-uma-pessoa-com-depressao-sinais-e-reflexoes\/","title":{"rendered":"Olhar de uma Pessoa com Depress\u00e3o: Sinais e Reflex\u00f5es"},"content":{"rendered":"\n<p>Antes de tudo, \u00e9 importante entender que o <strong>olhar de uma pessoa com depress\u00e3o<\/strong> pode revelar muito mais do que palavras. Voc\u00ea j\u00e1 percebeu um olhar vazio ou distante em algu\u00e9m pr\u00f3ximo? Esse detalhe, muitas vezes sutil, pode carregar um peso emocional profundo. Este artigo re\u00fane informa\u00e7\u00f5es atualizadas para ajudar voc\u00ea a identificar sinais, compreender cen\u00e1rios e refletir sobre caminhos poss\u00edveis. Descubra os sinais, causas e caminhos para compreender o <strong>olhar de uma pessoa com depress\u00e3o<\/strong> que podem estar impactando sua vida.<\/p>\n\n\n\n<p>Os Sinais e Sintomas do Olhar de uma Pessoa com Depress\u00e3o<\/p>\n\n\n\n<p>Al\u00e9m do olhar distante, outras pistas podem estar presentes no semblante e na postura. Bem como a aus\u00eancia de brilho nos olhos, o contato visual pode ser evitado ou sustentado de forma incomum. Do mesmo modo, express\u00f5es faciais podem se tornar r\u00edgidas ou demonstrar cansa\u00e7o constante. Por exemplo, olheiras profundas, olhos marejados e uma frequ\u00eancia baixa de sorrisos genu\u00ednos s\u00e3o sinais menos \u00f3bvios, mas igualmente relevantes.<\/p>\n\n\n\n<p>A Psicologia por Tr\u00e1s da Vida Real: O Olhar de uma Pessoa com Depress\u00e3o no Dia a Dia *<\/p>\n\n\n\n<p>Imagine algu\u00e9m sentado entre amigos, mas com o olhar fixo em um ponto distante. Essa \u00e9 uma met\u00e1fora viva do isolamento interno. O <strong>olhar de uma pessoa com depress\u00e3o<\/strong> costuma carregar o peso de pensamentos repetitivos, mem\u00f3rias dolorosas ou uma sensa\u00e7\u00e3o de vazio. Em situa\u00e7\u00f5es cotidianas, como reuni\u00f5es familiares ou conversas informais, esse olhar pode se tornar um pedido silencioso de ajuda. Mesmo quando as palavras n\u00e3o saem, os olhos falam.<\/p>\n\n\n\n<p>Compreendendo os Momentos Cr\u00edticos do Olhar de uma Pessoa com Depress\u00e3o<\/p>\n\n\n\n<p>Os momentos cr\u00edticos podem ocorrer em fases de maior intensidade emocional. S\u00e3o aqueles instantes em que o olhar se torna ainda mais ausente ou, paradoxalmente, excessivamente fixo, revelando um turbilh\u00e3o interno. \u00c9 importante diferenciar essas express\u00f5es de um simples estado de distra\u00e7\u00e3o ou cansa\u00e7o passageiro, observando a dura\u00e7\u00e3o e a repeti\u00e7\u00e3o desse comportamento.<\/p>\n\n\n\n<p>O Que Desencadeia o Olhar de uma Pessoa com Depress\u00e3o?<\/p>\n\n\n\n<p>Diversos gatilhos podem alimentar o <strong>olhar de uma pessoa com depress\u00e3o<\/strong>, desde fatores internos como baixa autoestima, pensamentos autodepreciativos e esgotamento emocional, at\u00e9 influ\u00eancias externas como perdas, conflitos familiares ou situa\u00e7\u00f5es de estresse prolongado. Al\u00e9m disso, mudan\u00e7as bruscas na rotina, falta de apoio social e hist\u00f3rico de traumas podem ser elementos que intensificam esse olhar.<\/p>\n\n\n\n<p>Mitos e Verdades sobre Solu\u00e7\u00f5es para o Olhar de uma Pessoa com Depress\u00e3o<\/p>\n\n\n\n<p>Muitos acreditam que basta \u201canimar\u201d algu\u00e9m para mudar esse olhar, mas essa \u00e9 uma meia verdade. Embora gestos de apoio sejam importantes, \u00e9 fundamental reconhecer que a depress\u00e3o \u00e9 um estado complexo que envolve mente, corpo e contexto de vida. Nenhuma solu\u00e7\u00e3o \u00fanica serve para todos. A abertura para di\u00e1logo, o cuidado com julgamentos e a busca de ajuda profissional podem fazer diferen\u00e7a significativa.<\/p>\n\n\n\n<p>Como Lidar com o Olhar de uma Pessoa com Depress\u00e3o no Dia a Dia<\/p>\n\n\n\n<p>Para lidar com o <strong>olhar de uma pessoa com depress\u00e3o<\/strong>, pratique a escuta ativa e a presen\u00e7a genu\u00edna. Evite minimizar sentimentos com frases prontas. Pequenos gestos de cuidado, convites para atividades leves ou simplesmente estar ao lado podem ajudar a pessoa a sentir que n\u00e3o est\u00e1 sozinha. Respeitar o tempo e o espa\u00e7o de quem enfrenta esse estado \u00e9 essencial.<\/p>\n\n\n\n<p>O Olhar de uma Pessoa com Depress\u00e3o no Corpo e na Mente: Manifesta\u00e7\u00f5es<\/p>\n\n\n\n<p>O corpo tamb\u00e9m fala quando o olhar se apaga. Fadiga constante, ins\u00f4nia, dores musculares ou falta de energia s\u00e3o manifesta\u00e7\u00f5es comuns que acompanham o <strong>olhar de uma pessoa com depress\u00e3o<\/strong>. Na mente, h\u00e1 uma luta silenciosa entre a vontade de reagir e a dificuldade de encontrar motiva\u00e7\u00e3o. Entender essa conex\u00e3o corpo-mente \u00e9 passo essencial para oferecer suporte.<\/p>\n\n\n\n<p>Olhar de uma Pessoa com Depress\u00e3o: Uma Perspectiva Ampliada<\/p>\n\n\n\n<p>Al\u00e9m da depress\u00e3o profunda, quadros como distimia ou depress\u00e3o sazonal tamb\u00e9m podem influenciar o olhar. Enquanto na depress\u00e3o maior os sintomas podem ser intensos e paralisantes, na distimia eles aparecem de forma mais branda, mas persistente, alterando sutis express\u00f5es do rosto por longos per\u00edodos.<\/p>\n\n\n\n<p>Quem Busca Al\u00edvio para o Olhar de uma Pessoa com Depress\u00e3o?<\/p>\n\n\n\n<p>Jovens, adultos e idosos podem manifestar esse olhar em diferentes momentos da vida. Estudantes enfrentando press\u00e3o acad\u00eamica, profissionais sobrecarregados, pessoas que vivem luto ou perdas significativas s\u00e3o exemplos comuns. Muitas vezes, a busca por al\u00edvio come\u00e7a silenciosa, pela observa\u00e7\u00e3o de mudan\u00e7as no pr\u00f3prio olhar ou no olhar de quem se ama.<\/p>\n\n\n\n<p>Diferentes Abordagens para Lidar com o Olhar de uma Pessoa com Depress\u00e3o<\/p>\n\n\n\n<p>Entre as abordagens poss\u00edveis est\u00e3o a psicoterapia, pr\u00e1ticas de autocuidado como medita\u00e7\u00e3o e exerc\u00edcios f\u00edsicos, al\u00e9m de mudan\u00e7as na rotina que favore\u00e7am o descanso e a conex\u00e3o social. Cada caminho deve ser avaliado individualmente, respeitando as necessidades e limita\u00e7\u00f5es da pessoa.<\/p>\n\n\n\n<p>Sinais de Alerta: Quando Buscar Ajuda Profissional<\/p>\n\n\n\n<p>Quando o <strong>olhar de uma pessoa com depress\u00e3o<\/strong> vem acompanhado de isolamento extremo, ideias de autoles\u00e3o ou incapacidade de realizar tarefas b\u00e1sicas, \u00e9 essencial buscar ajuda de um profissional de sa\u00fade mental. Esses sinais indicam que a situa\u00e7\u00e3o exige aten\u00e7\u00e3o especializada para evitar agravamentos.<\/p>\n\n\n\n<p>Recursos e Informa\u00e7\u00f5es Confi\u00e1veis sobre o Olhar de uma Pessoa com Depress\u00e3o<\/p>\n\n\n\n<p>Centros de apoio, linhas de preven\u00e7\u00e3o ao suic\u00eddio e institui\u00e7\u00f5es de sa\u00fade mental oferecem informa\u00e7\u00f5es seguras. Al\u00e9m disso, conversar com pessoas de confian\u00e7a e profissionais pode ampliar a rede de suporte e trazer orienta\u00e7\u00f5es adequadas.<\/p>\n\n\n\n<p>Dicas para A\u00e7\u00e3o Imediata em Momentos de Olhar de uma Pessoa com Depress\u00e3o<\/p>\n\n\n\n<p>Em momentos cr\u00edticos, incentive pausas para respirar, caminhar ao ar livre ou escrever pensamentos em um papel. Pequenas a\u00e7\u00f5es podem interromper a espiral de pensamentos negativos, criando espa\u00e7o para procurar ajuda mais estruturada.<\/p>\n\n\n\n<p>Conclus\u00e3o<\/p>\n\n\n\n<p>Em suma, reconhecer o <strong>olhar de uma pessoa com depress\u00e3o<\/strong> \u00e9 um ato de cuidado e empatia. Observar sinais, respeitar silenciosamente o tempo de cada um e oferecer apoio s\u00e3o passos valiosos. Se voc\u00ea se identifica com esses sinais, buscar informa\u00e7\u00e3o e apoio pode ser o primeiro passo para uma vida mais leve e equilibrada!<\/p>\n\n\n\n<ul class=\"wp-block-list\">\n<li>Essas narrativas s\u00e3o fict\u00edcias mas inspiradas em situa\u00e7\u00f5es comumente vivenciadas nos estudos e na cl\u00ednica psicol\u00f3gica.<\/li>\n<\/ul>\n\n\n\n<figure class=\"wp-block-image aligncenter size-large is-resized\"><img fetchpriority=\"high\" decoding=\"async\" width=\"1024\" height=\"683\" src=\"https:\/\/ianima.com.br\/blog\/wp-content\/uploads\/2025\/06\/2MM-377-1024x683.webp\" alt=\"Olhar de uma Pessoa com Depress\u00e3o: Sinais e Reflex\u00f5es\" class=\"wp-image-7170\" style=\"width:500px\" srcset=\"https:\/\/ianima.com.br\/blog\/wp-content\/uploads\/2025\/06\/2MM-377-1024x683.webp 1024w, https:\/\/ianima.com.br\/blog\/wp-content\/uploads\/2025\/06\/2MM-377-300x200.webp 300w, https:\/\/ianima.com.br\/blog\/wp-content\/uploads\/2025\/06\/2MM-377-768x512.webp 768w, https:\/\/ianima.com.br\/blog\/wp-content\/uploads\/2025\/06\/2MM-377.webp 1536w\" sizes=\"(max-width: 1024px) 100vw, 1024px\" \/><\/figure>\n\n\n\n<h2 class=\"wp-block-heading\" id=\"h-perguntas-frequentes-faq\">Perguntas Frequentes (FAQ)<\/h2>\n\n\n\n<div class=\"schema-faq wp-block-yoast-faq-block\"><div class=\"schema-faq-section\" id=\"faq-question-1751236217088\"><strong class=\"schema-faq-question\">O que \u00e9 o olhar de uma pessoa com depress\u00e3o?<\/strong> <p class=\"schema-faq-answer\">O olhar de uma pessoa com depress\u00e3o pode transmitir tristeza e des\u00e2nimo, refletindo a luta interna que ela enfrenta.<\/p> <\/div> <div class=\"schema-faq-section\" id=\"faq-question-1751236237345\"><strong class=\"schema-faq-question\">Como identificar se algu\u00e9m est\u00e1 passando por depress\u00e3o apenas pelo olhar?<\/strong> <p class=\"schema-faq-answer\">Embora n\u00e3o seja uma regra, um olhar vazio, sem brilho ou com dificuldade de foco pode ser um sinal de que a pessoa est\u00e1 sofrendo.<\/p> <\/div> <div class=\"schema-faq-section\" id=\"faq-question-1751236260449\"><strong class=\"schema-faq-question\">O que fazer se eu notar esse olhar em algu\u00e9m?<\/strong> <p class=\"schema-faq-answer\">Se voc\u00ea perceber esse olhar, \u00e9 importante oferecer apoio, ouvir sem julgamentos e, se poss\u00edvel, sugerir que a pessoa busque ajuda profissional.<\/p> <\/div> <\/div>\n\n\n\n<ul class=\"wp-block-yoast-seo-related-links\"><li><a href=\"https:\/\/ianima.com.br\/blog\/saude-mental\/sem-autoestima-o-que-voce-precisa-saber\/\">Sem Autoestima: O Que Voc\u00ea Precisa Saber<\/a><\/li><li><a href=\"https:\/\/ianima.com.br\/blog\/saude-mental\/como-e-o-inicio-de-uma-depressao-sinais-e-reflexoes\/\">Como \u00e9 o in\u00edcio de uma depress\u00e3o: Sinais e Reflex\u00f5es<\/a><\/li><li><a href=\"https:\/\/ianima.com.br\/blog\/saude-mental\/como-saber-se-tenho-burnout-sinais-e-reflexoes-importantes\/\">Como Saber se Tenho Burnout: Sinais e Reflex\u00f5es Importantes<\/a><\/li><li><a href=\"https:\/\/ianima.com.br\/blog\/saude-mental\/como-e-o-comeco-de-uma-depressao-sinais-e-caminhos\/\">Como \u00e9 o come\u00e7o de uma depress\u00e3o: Sinais e Caminhos<\/a><\/li><li><a href=\"https:\/\/ianima.com.br\/blog\/autoconhecimento\/autocritica-o-que-e-como-funciona-e-como-cultivar\/\">Autocr\u00edtica: O Que \u00c9, Como Funciona e Como Cultivar<\/a><\/li><\/ul>\n","protected":false},"excerpt":{"rendered":"<p>Antes de tudo, \u00e9 importante entender que o olhar de uma pessoa com depress\u00e3o pode revelar muito mais do que palavras. Voc\u00ea j\u00e1 percebeu um olhar vazio ou distante em algu\u00e9m pr\u00f3ximo? Esse detalhe, muitas vezes sutil, pode carregar um peso emocional profundo. Este artigo re\u00fane informa\u00e7\u00f5es atualizadas para ajudar voc\u00ea a identificar sinais, compreender [&hellip;]<\/p>\n","protected":false},"author":1,"featured_media":7169,"comment_status":"closed","ping_status":"closed","sticky":false,"template":"","format":"standard","meta":{"site-sidebar-layout":"default","site-content-layout":"","ast-site-content-layout":"default","site-content-style":"default","site-sidebar-style":"default","ast-global-header-display":"","ast-banner-title-visibility":"","ast-main-header-display":"","ast-hfb-above-header-display":"","ast-hfb-below-header-display":"","ast-hfb-mobile-header-display":"","site-post-title":"","ast-breadcrumbs-content":"","ast-featured-img":"","footer-sml-layout":"","theme-transparent-header-meta":"","adv-header-id-meta":"","stick-header-meta":"","header-above-stick-meta":"","header-main-stick-meta":"","header-below-stick-meta":"","astra-migrate-meta-layouts":"set","ast-page-background-enabled":"default","ast-page-background-meta":{"desktop":{"background-color":"","background-image":"","background-repeat":"repeat","background-position":"center center","background-size":"auto","background-attachment":"scroll","background-type":"","background-media":"","overlay-type":"","overlay-color":"","overlay-opacity":"","overlay-gradient":""},"tablet":{"background-color":"","background-image":"","background-repeat":"repeat","background-position":"center center","background-size":"auto","background-attachment":"scroll","background-type":"","background-media":"","overlay-type":"","overlay-color":"","overlay-opacity":"","overlay-gradient":""},"mobile":{"background-color":"","background-image":"","background-repeat":"repeat","background-position":"center center","background-size":"auto","background-attachment":"scroll","background-type":"","background-media":"","overlay-type":"","overlay-color":"","overlay-opacity":"","overlay-gradient":""}},"ast-content-background-meta":{"desktop":{"background-color":"var(--ast-global-color-5)","background-image":"","background-repeat":"repeat","background-position":"center center","background-size":"auto","background-attachment":"scroll","background-type":"","background-media":"","overlay-type":"","overlay-color":"","overlay-opacity":"","overlay-gradient":""},"tablet":{"background-color":"var(--ast-global-color-5)","background-image":"","background-repeat":"repeat","background-position":"center center","background-size":"auto","background-attachment":"scroll","background-type":"","background-media":"","overlay-type":"","overlay-color":"","overlay-opacity":"","overlay-gradient":""},"mobile":{"background-color":"var(--ast-global-color-5)","background-image":"","background-repeat":"repeat","background-position":"center center","background-size":"auto","background-attachment":"scroll","background-type":"","background-media":"","overlay-type":"","overlay-color":"","overlay-opacity":"","overlay-gradient":""}},"footnotes":""},"categories":[24],"tags":[],"class_list":["post-7167","post","type-post","status-publish","format-standard","has-post-thumbnail","hentry","category-saude-mental"],"yoast_head":"<!-- This site is optimized with the Yoast SEO Premium plugin v20.8 (Yoast SEO v20.8) - https:\/\/yoast.com\/wordpress\/plugins\/seo\/ -->\n<title>Olhar de uma Pessoa com Depress\u00e3o: Sinais e Reflex\u00f5es<\/title>\n<meta name=\"description\" content=\"Descubra os sinais sutis que revelam a luta interna de quem enfrenta a depress\u00e3o. Conhe\u00e7a reflex\u00f5es que podem mudar sua perspectiva!\" \/>\n<meta name=\"robots\" content=\"index, follow, max-snippet:-1, max-image-preview:large, max-video-preview:-1\" \/>\n<link rel=\"canonical\" href=\"https:\/\/ianima.com.br\/blog\/saude-mental\/olhar-de-uma-pessoa-com-depressao-sinais-e-reflexoes\/\" \/>\n<meta property=\"og:locale\" content=\"pt_BR\" \/>\n<meta property=\"og:type\" content=\"article\" \/>\n<meta property=\"og:title\" content=\"Olhar de uma Pessoa com Depress\u00e3o: Sinais e Reflex\u00f5es\" \/>\n<meta property=\"og:description\" content=\"Descubra os sinais sutis que revelam a luta interna de quem enfrenta a depress\u00e3o. Conhe\u00e7a reflex\u00f5es que podem mudar sua perspectiva!\" \/>\n<meta property=\"og:url\" content=\"https:\/\/ianima.com.br\/blog\/saude-mental\/olhar-de-uma-pessoa-com-depressao-sinais-e-reflexoes\/\" \/>\n<meta property=\"og:site_name\" content=\"Terapia Online com IANIMA: Inova\u00e7\u00e3o e Aconselhamento. O terapeuta online ao seu alcance.\" \/>\n<meta property=\"article:published_time\" content=\"2025-06-29T22:32:46+00:00\" \/>\n<meta property=\"article:modified_time\" content=\"2025-06-29T22:32:47+00:00\" \/>\n<meta property=\"og:image\" content=\"https:\/\/ianima.com.br\/blog\/wp-content\/uploads\/2025\/06\/1MM-377.webp\" \/>\n\t<meta property=\"og:image:width\" content=\"1536\" \/>\n\t<meta property=\"og:image:height\" content=\"1024\" \/>\n\t<meta property=\"og:image:type\" content=\"image\/webp\" \/>\n<meta name=\"author\" content=\"Wanderlei Talib\" \/>\n<meta name=\"twitter:card\" content=\"summary_large_image\" \/>\n<meta name=\"twitter:label1\" content=\"Escrito por\" \/>\n\t<meta name=\"twitter:data1\" content=\"Wanderlei Talib\" \/>\n\t<meta name=\"twitter:label2\" content=\"Est. tempo de leitura\" \/>\n\t<meta name=\"twitter:data2\" content=\"7 minutos\" \/>\n<script type=\"application\/ld+json\" class=\"yoast-schema-graph\">{\"@context\":\"https:\/\/schema.org\",\"@graph\":[{\"@type\":\"Article\",\"@id\":\"https:\/\/ianima.com.br\/blog\/saude-mental\/olhar-de-uma-pessoa-com-depressao-sinais-e-reflexoes\/#article\",\"isPartOf\":{\"@id\":\"https:\/\/ianima.com.br\/blog\/saude-mental\/olhar-de-uma-pessoa-com-depressao-sinais-e-reflexoes\/\"},\"author\":{\"name\":\"Wanderlei Talib\",\"@id\":\"https:\/\/ianima.com.br\/blog\/#\/schema\/person\/85378d6a819826ce615ae2a7a04f68d8\"},\"headline\":\"Olhar de uma Pessoa com Depress\u00e3o: Sinais e Reflex\u00f5es\",\"datePublished\":\"2025-06-29T22:32:46+00:00\",\"dateModified\":\"2025-06-29T22:32:47+00:00\",\"mainEntityOfPage\":{\"@id\":\"https:\/\/ianima.com.br\/blog\/saude-mental\/olhar-de-uma-pessoa-com-depressao-sinais-e-reflexoes\/\"},\"wordCount\":1265,\"publisher\":{\"@id\":\"https:\/\/ianima.com.br\/blog\/#organization\"},\"articleSection\":[\"Sa\u00fade Mental\"],\"inLanguage\":\"pt-BR\"},{\"@type\":[\"WebPage\",\"FAQPage\"],\"@id\":\"https:\/\/ianima.com.br\/blog\/saude-mental\/olhar-de-uma-pessoa-com-depressao-sinais-e-reflexoes\/\",\"url\":\"https:\/\/ianima.com.br\/blog\/saude-mental\/olhar-de-uma-pessoa-com-depressao-sinais-e-reflexoes\/\",\"name\":\"Olhar de uma Pessoa com Depress\u00e3o: Sinais e Reflex\u00f5es\",\"isPartOf\":{\"@id\":\"https:\/\/ianima.com.br\/blog\/#website\"},\"datePublished\":\"2025-06-29T22:32:46+00:00\",\"dateModified\":\"2025-06-29T22:32:47+00:00\",\"description\":\"Descubra os sinais sutis que revelam a luta interna de quem enfrenta a depress\u00e3o. Conhe\u00e7a reflex\u00f5es que podem mudar sua perspectiva!\",\"breadcrumb\":{\"@id\":\"https:\/\/ianima.com.br\/blog\/saude-mental\/olhar-de-uma-pessoa-com-depressao-sinais-e-reflexoes\/#breadcrumb\"},\"mainEntity\":[{\"@id\":\"https:\/\/ianima.com.br\/blog\/saude-mental\/olhar-de-uma-pessoa-com-depressao-sinais-e-reflexoes\/#faq-question-1751236217088\"},{\"@id\":\"https:\/\/ianima.com.br\/blog\/saude-mental\/olhar-de-uma-pessoa-com-depressao-sinais-e-reflexoes\/#faq-question-1751236237345\"},{\"@id\":\"https:\/\/ianima.com.br\/blog\/saude-mental\/olhar-de-uma-pessoa-com-depressao-sinais-e-reflexoes\/#faq-question-1751236260449\"}],\"inLanguage\":\"pt-BR\",\"potentialAction\":[{\"@type\":\"ReadAction\",\"target\":[\"https:\/\/ianima.com.br\/blog\/saude-mental\/olhar-de-uma-pessoa-com-depressao-sinais-e-reflexoes\/\"]}]},{\"@type\":\"BreadcrumbList\",\"@id\":\"https:\/\/ianima.com.br\/blog\/saude-mental\/olhar-de-uma-pessoa-com-depressao-sinais-e-reflexoes\/#breadcrumb\",\"itemListElement\":[{\"@type\":\"ListItem\",\"position\":1,\"name\":\"In\u00edcio\",\"item\":\"https:\/\/ianima.com.br\/blog\/\"},{\"@type\":\"ListItem\",\"position\":2,\"name\":\"Olhar de uma Pessoa com Depress\u00e3o: Sinais e Reflex\u00f5es\"}]},{\"@type\":\"WebSite\",\"@id\":\"https:\/\/ianima.com.br\/blog\/#website\",\"url\":\"https:\/\/ianima.com.br\/blog\/\",\"name\":\"Terapia Online com IANIMA: Inova\u00e7\u00e3o e Aconselhamento. O terapeuta online ao seu alcance.\",\"description\":\"Terapia gratuita online com a IAnima, sua terapeuta online. Artigos sobre terapias online, sa\u00fade mental e bem-estar.\",\"publisher\":{\"@id\":\"https:\/\/ianima.com.br\/blog\/#organization\"},\"potentialAction\":[{\"@type\":\"SearchAction\",\"target\":{\"@type\":\"EntryPoint\",\"urlTemplate\":\"https:\/\/ianima.com.br\/blog\/?s={search_term_string}\"},\"query-input\":\"required name=search_term_string\"}],\"inLanguage\":\"pt-BR\"},{\"@type\":\"Organization\",\"@id\":\"https:\/\/ianima.com.br\/blog\/#organization\",\"name\":\"Terapia Online com IANIMA: Inova\u00e7\u00e3o e Aconselhamento. O terapeuta online ao seu alcance.\",\"url\":\"https:\/\/ianima.com.br\/blog\/\",\"logo\":{\"@type\":\"ImageObject\",\"inLanguage\":\"pt-BR\",\"@id\":\"https:\/\/ianima.com.br\/blog\/#\/schema\/logo\/image\/\",\"url\":\"https:\/\/ianima.com.br\/blog\/wp-content\/uploads\/2025\/04\/cropped-IAnima-terapia-online.webp\",\"contentUrl\":\"https:\/\/ianima.com.br\/blog\/wp-content\/uploads\/2025\/04\/cropped-IAnima-terapia-online.webp\",\"width\":819,\"height\":222,\"caption\":\"Terapia Online com IANIMA: Inova\u00e7\u00e3o e Aconselhamento. O terapeuta online ao seu alcance.\"},\"image\":{\"@id\":\"https:\/\/ianima.com.br\/blog\/#\/schema\/logo\/image\/\"}},{\"@type\":\"Person\",\"@id\":\"https:\/\/ianima.com.br\/blog\/#\/schema\/person\/85378d6a819826ce615ae2a7a04f68d8\",\"name\":\"Wanderlei Talib\",\"image\":{\"@type\":\"ImageObject\",\"inLanguage\":\"pt-BR\",\"@id\":\"https:\/\/ianima.com.br\/blog\/#\/schema\/person\/image\/\",\"url\":\"https:\/\/ianima.com.br\/blog\/wp-content\/litespeed\/avatar\/a0461c2b338365ab5dd45a3e926e23c7.jpg?ver=1777055969\",\"contentUrl\":\"https:\/\/ianima.com.br\/blog\/wp-content\/litespeed\/avatar\/a0461c2b338365ab5dd45a3e926e23c7.jpg?ver=1777055969\",\"caption\":\"Wanderlei Talib\"},\"sameAs\":[\"https:\/\/ianima.com.br\/blog\"],\"url\":\"https:\/\/ianima.com.br\/blog\/author\/adminedu\/\"},{\"@type\":\"Question\",\"@id\":\"https:\/\/ianima.com.br\/blog\/saude-mental\/olhar-de-uma-pessoa-com-depressao-sinais-e-reflexoes\/#faq-question-1751236217088\",\"position\":1,\"url\":\"https:\/\/ianima.com.br\/blog\/saude-mental\/olhar-de-uma-pessoa-com-depressao-sinais-e-reflexoes\/#faq-question-1751236217088\",\"name\":\"O que \u00e9 o olhar de uma pessoa com depress\u00e3o?\",\"answerCount\":1,\"acceptedAnswer\":{\"@type\":\"Answer\",\"text\":\"O olhar de uma pessoa com depress\u00e3o pode transmitir tristeza e des\u00e2nimo, refletindo a luta interna que ela enfrenta.\",\"inLanguage\":\"pt-BR\"},\"inLanguage\":\"pt-BR\"},{\"@type\":\"Question\",\"@id\":\"https:\/\/ianima.com.br\/blog\/saude-mental\/olhar-de-uma-pessoa-com-depressao-sinais-e-reflexoes\/#faq-question-1751236237345\",\"position\":2,\"url\":\"https:\/\/ianima.com.br\/blog\/saude-mental\/olhar-de-uma-pessoa-com-depressao-sinais-e-reflexoes\/#faq-question-1751236237345\",\"name\":\"Como identificar se algu\u00e9m est\u00e1 passando por depress\u00e3o apenas pelo olhar?\",\"answerCount\":1,\"acceptedAnswer\":{\"@type\":\"Answer\",\"text\":\"Embora n\u00e3o seja uma regra, um olhar vazio, sem brilho ou com dificuldade de foco pode ser um sinal de que a pessoa est\u00e1 sofrendo.\",\"inLanguage\":\"pt-BR\"},\"inLanguage\":\"pt-BR\"},{\"@type\":\"Question\",\"@id\":\"https:\/\/ianima.com.br\/blog\/saude-mental\/olhar-de-uma-pessoa-com-depressao-sinais-e-reflexoes\/#faq-question-1751236260449\",\"position\":3,\"url\":\"https:\/\/ianima.com.br\/blog\/saude-mental\/olhar-de-uma-pessoa-com-depressao-sinais-e-reflexoes\/#faq-question-1751236260449\",\"name\":\"O que fazer se eu notar esse olhar em algu\u00e9m?\",\"answerCount\":1,\"acceptedAnswer\":{\"@type\":\"Answer\",\"text\":\"Se voc\u00ea perceber esse olhar, \u00e9 importante oferecer apoio, ouvir sem julgamentos e, se poss\u00edvel, sugerir que a pessoa busque ajuda profissional.\",\"inLanguage\":\"pt-BR\"},\"inLanguage\":\"pt-BR\"}]}<\/script>\n<!-- \/ Yoast SEO Premium plugin. -->","yoast_head_json":{"title":"Olhar de uma Pessoa com Depress\u00e3o: Sinais e Reflex\u00f5es","description":"Descubra os sinais sutis que revelam a luta interna de quem enfrenta a depress\u00e3o. Conhe\u00e7a reflex\u00f5es que podem mudar sua perspectiva!","robots":{"index":"index","follow":"follow","max-snippet":"max-snippet:-1","max-image-preview":"max-image-preview:large","max-video-preview":"max-video-preview:-1"},"canonical":"https:\/\/ianima.com.br\/blog\/saude-mental\/olhar-de-uma-pessoa-com-depressao-sinais-e-reflexoes\/","og_locale":"pt_BR","og_type":"article","og_title":"Olhar de uma Pessoa com Depress\u00e3o: Sinais e Reflex\u00f5es","og_description":"Descubra os sinais sutis que revelam a luta interna de quem enfrenta a depress\u00e3o. Conhe\u00e7a reflex\u00f5es que podem mudar sua perspectiva!","og_url":"https:\/\/ianima.com.br\/blog\/saude-mental\/olhar-de-uma-pessoa-com-depressao-sinais-e-reflexoes\/","og_site_name":"Terapia Online com IANIMA: Inova\u00e7\u00e3o e Aconselhamento. O terapeuta online ao seu alcance.","article_published_time":"2025-06-29T22:32:46+00:00","article_modified_time":"2025-06-29T22:32:47+00:00","og_image":[{"width":1536,"height":1024,"url":"https:\/\/ianima.com.br\/blog\/wp-content\/uploads\/2025\/06\/1MM-377.webp","type":"image\/webp"}],"author":"Wanderlei Talib","twitter_card":"summary_large_image","twitter_misc":{"Escrito por":"Wanderlei Talib","Est. tempo de leitura":"7 minutos"},"schema":{"@context":"https:\/\/schema.org","@graph":[{"@type":"Article","@id":"https:\/\/ianima.com.br\/blog\/saude-mental\/olhar-de-uma-pessoa-com-depressao-sinais-e-reflexoes\/#article","isPartOf":{"@id":"https:\/\/ianima.com.br\/blog\/saude-mental\/olhar-de-uma-pessoa-com-depressao-sinais-e-reflexoes\/"},"author":{"name":"Wanderlei Talib","@id":"https:\/\/ianima.com.br\/blog\/#\/schema\/person\/85378d6a819826ce615ae2a7a04f68d8"},"headline":"Olhar de uma Pessoa com Depress\u00e3o: Sinais e Reflex\u00f5es","datePublished":"2025-06-29T22:32:46+00:00","dateModified":"2025-06-29T22:32:47+00:00","mainEntityOfPage":{"@id":"https:\/\/ianima.com.br\/blog\/saude-mental\/olhar-de-uma-pessoa-com-depressao-sinais-e-reflexoes\/"},"wordCount":1265,"publisher":{"@id":"https:\/\/ianima.com.br\/blog\/#organization"},"articleSection":["Sa\u00fade Mental"],"inLanguage":"pt-BR"},{"@type":["WebPage","FAQPage"],"@id":"https:\/\/ianima.com.br\/blog\/saude-mental\/olhar-de-uma-pessoa-com-depressao-sinais-e-reflexoes\/","url":"https:\/\/ianima.com.br\/blog\/saude-mental\/olhar-de-uma-pessoa-com-depressao-sinais-e-reflexoes\/","name":"Olhar de uma Pessoa com Depress\u00e3o: Sinais e Reflex\u00f5es","isPartOf":{"@id":"https:\/\/ianima.com.br\/blog\/#website"},"datePublished":"2025-06-29T22:32:46+00:00","dateModified":"2025-06-29T22:32:47+00:00","description":"Descubra os sinais sutis que revelam a luta interna de quem enfrenta a depress\u00e3o. Conhe\u00e7a reflex\u00f5es que podem mudar sua perspectiva!","breadcrumb":{"@id":"https:\/\/ianima.com.br\/blog\/saude-mental\/olhar-de-uma-pessoa-com-depressao-sinais-e-reflexoes\/#breadcrumb"},"mainEntity":[{"@id":"https:\/\/ianima.com.br\/blog\/saude-mental\/olhar-de-uma-pessoa-com-depressao-sinais-e-reflexoes\/#faq-question-1751236217088"},{"@id":"https:\/\/ianima.com.br\/blog\/saude-mental\/olhar-de-uma-pessoa-com-depressao-sinais-e-reflexoes\/#faq-question-1751236237345"},{"@id":"https:\/\/ianima.com.br\/blog\/saude-mental\/olhar-de-uma-pessoa-com-depressao-sinais-e-reflexoes\/#faq-question-1751236260449"}],"inLanguage":"pt-BR","potentialAction":[{"@type":"ReadAction","target":["https:\/\/ianima.com.br\/blog\/saude-mental\/olhar-de-uma-pessoa-com-depressao-sinais-e-reflexoes\/"]}]},{"@type":"BreadcrumbList","@id":"https:\/\/ianima.com.br\/blog\/saude-mental\/olhar-de-uma-pessoa-com-depressao-sinais-e-reflexoes\/#breadcrumb","itemListElement":[{"@type":"ListItem","position":1,"name":"In\u00edcio","item":"https:\/\/ianima.com.br\/blog\/"},{"@type":"ListItem","position":2,"name":"Olhar de uma Pessoa com Depress\u00e3o: Sinais e Reflex\u00f5es"}]},{"@type":"WebSite","@id":"https:\/\/ianima.com.br\/blog\/#website","url":"https:\/\/ianima.com.br\/blog\/","name":"Terapia Online com IANIMA: Inova\u00e7\u00e3o e Aconselhamento. O terapeuta online ao seu alcance.","description":"Terapia gratuita online com a IAnima, sua terapeuta online. Artigos sobre terapias online, sa\u00fade mental e bem-estar.","publisher":{"@id":"https:\/\/ianima.com.br\/blog\/#organization"},"potentialAction":[{"@type":"SearchAction","target":{"@type":"EntryPoint","urlTemplate":"https:\/\/ianima.com.br\/blog\/?s={search_term_string}"},"query-input":"required name=search_term_string"}],"inLanguage":"pt-BR"},{"@type":"Organization","@id":"https:\/\/ianima.com.br\/blog\/#organization","name":"Terapia Online com IANIMA: Inova\u00e7\u00e3o e Aconselhamento. O terapeuta online ao seu alcance.","url":"https:\/\/ianima.com.br\/blog\/","logo":{"@type":"ImageObject","inLanguage":"pt-BR","@id":"https:\/\/ianima.com.br\/blog\/#\/schema\/logo\/image\/","url":"https:\/\/ianima.com.br\/blog\/wp-content\/uploads\/2025\/04\/cropped-IAnima-terapia-online.webp","contentUrl":"https:\/\/ianima.com.br\/blog\/wp-content\/uploads\/2025\/04\/cropped-IAnima-terapia-online.webp","width":819,"height":222,"caption":"Terapia Online com IANIMA: Inova\u00e7\u00e3o e Aconselhamento. O terapeuta online ao seu alcance."},"image":{"@id":"https:\/\/ianima.com.br\/blog\/#\/schema\/logo\/image\/"}},{"@type":"Person","@id":"https:\/\/ianima.com.br\/blog\/#\/schema\/person\/85378d6a819826ce615ae2a7a04f68d8","name":"Wanderlei Talib","image":{"@type":"ImageObject","inLanguage":"pt-BR","@id":"https:\/\/ianima.com.br\/blog\/#\/schema\/person\/image\/","url":"https:\/\/ianima.com.br\/blog\/wp-content\/litespeed\/avatar\/a0461c2b338365ab5dd45a3e926e23c7.jpg?ver=1777055969","contentUrl":"https:\/\/ianima.com.br\/blog\/wp-content\/litespeed\/avatar\/a0461c2b338365ab5dd45a3e926e23c7.jpg?ver=1777055969","caption":"Wanderlei Talib"},"sameAs":["https:\/\/ianima.com.br\/blog"],"url":"https:\/\/ianima.com.br\/blog\/author\/adminedu\/"},{"@type":"Question","@id":"https:\/\/ianima.com.br\/blog\/saude-mental\/olhar-de-uma-pessoa-com-depressao-sinais-e-reflexoes\/#faq-question-1751236217088","position":1,"url":"https:\/\/ianima.com.br\/blog\/saude-mental\/olhar-de-uma-pessoa-com-depressao-sinais-e-reflexoes\/#faq-question-1751236217088","name":"O que \u00e9 o olhar de uma pessoa com depress\u00e3o?","answerCount":1,"acceptedAnswer":{"@type":"Answer","text":"O olhar de uma pessoa com depress\u00e3o pode transmitir tristeza e des\u00e2nimo, refletindo a luta interna que ela enfrenta.","inLanguage":"pt-BR"},"inLanguage":"pt-BR"},{"@type":"Question","@id":"https:\/\/ianima.com.br\/blog\/saude-mental\/olhar-de-uma-pessoa-com-depressao-sinais-e-reflexoes\/#faq-question-1751236237345","position":2,"url":"https:\/\/ianima.com.br\/blog\/saude-mental\/olhar-de-uma-pessoa-com-depressao-sinais-e-reflexoes\/#faq-question-1751236237345","name":"Como identificar se algu\u00e9m est\u00e1 passando por depress\u00e3o apenas pelo olhar?","answerCount":1,"acceptedAnswer":{"@type":"Answer","text":"Embora n\u00e3o seja uma regra, um olhar vazio, sem brilho ou com dificuldade de foco pode ser um sinal de que a pessoa est\u00e1 sofrendo.","inLanguage":"pt-BR"},"inLanguage":"pt-BR"},{"@type":"Question","@id":"https:\/\/ianima.com.br\/blog\/saude-mental\/olhar-de-uma-pessoa-com-depressao-sinais-e-reflexoes\/#faq-question-1751236260449","position":3,"url":"https:\/\/ianima.com.br\/blog\/saude-mental\/olhar-de-uma-pessoa-com-depressao-sinais-e-reflexoes\/#faq-question-1751236260449","name":"O que fazer se eu notar esse olhar em algu\u00e9m?","answerCount":1,"acceptedAnswer":{"@type":"Answer","text":"Se voc\u00ea perceber esse olhar, \u00e9 importante oferecer apoio, ouvir sem julgamentos e, se poss\u00edvel, sugerir que a pessoa busque ajuda profissional.","inLanguage":"pt-BR"},"inLanguage":"pt-BR"}]}},"_links":{"self":[{"href":"https:\/\/ianima.com.br\/blog\/wp-json\/wp\/v2\/posts\/7167","targetHints":{"allow":["GET"]}}],"collection":[{"href":"https:\/\/ianima.com.br\/blog\/wp-json\/wp\/v2\/posts"}],"about":[{"href":"https:\/\/ianima.com.br\/blog\/wp-json\/wp\/v2\/types\/post"}],"author":[{"embeddable":true,"href":"https:\/\/ianima.com.br\/blog\/wp-json\/wp\/v2\/users\/1"}],"replies":[{"embeddable":true,"href":"https:\/\/ianima.com.br\/blog\/wp-json\/wp\/v2\/comments?post=7167"}],"version-history":[{"count":1,"href":"https:\/\/ianima.com.br\/blog\/wp-json\/wp\/v2\/posts\/7167\/revisions"}],"predecessor-version":[{"id":7171,"href":"https:\/\/ianima.com.br\/blog\/wp-json\/wp\/v2\/posts\/7167\/revisions\/7171"}],"wp:featuredmedia":[{"embeddable":true,"href":"https:\/\/ianima.com.br\/blog\/wp-json\/wp\/v2\/media\/7169"}],"wp:attachment":[{"href":"https:\/\/ianima.com.br\/blog\/wp-json\/wp\/v2\/media?parent=7167"}],"wp:term":[{"taxonomy":"category","embeddable":true,"href":"https:\/\/ianima.com.br\/blog\/wp-json\/wp\/v2\/categories?post=7167"},{"taxonomy":"post_tag","embeddable":true,"href":"https:\/\/ianima.com.br\/blog\/wp-json\/wp\/v2\/tags?post=7167"}],"curies":[{"name":"wp","href":"https:\/\/api.w.org\/{rel}","templated":true}]}}