{"id":7238,"date":"2025-07-02T02:14:21","date_gmt":"2025-07-02T02:14:21","guid":{"rendered":"https:\/\/ianima.com.br\/blog\/?p=7238"},"modified":"2025-07-02T02:14:22","modified_gmt":"2025-07-02T02:14:22","slug":"diagnostico-de-depressao-fatores-e-sinais-cruciais","status":"publish","type":"post","link":"https:\/\/ianima.com.br\/blog\/saude-mental\/diagnostico-de-depressao-fatores-e-sinais-cruciais\/","title":{"rendered":"Diagn\u00f3stico de Depress\u00e3o: Fatores e Sinais Cruciais"},"content":{"rendered":"\n<p>Antes de tudo, voc\u00ea j\u00e1 se perguntou como reconhecer os sinais que indicam a necessidade de um <strong>diagn\u00f3stico de depress\u00e3o<\/strong>? Muitas pessoas convivem com sintomas silenciosos por anos, sem perceber o impacto que isso gera no dia a dia. Compartilho aqui informa\u00e7\u00f5es atualizadas para ajudar voc\u00ea a entender melhor esse processo. Descubra os sinais, causas e caminhos para compreender o <strong>diagn\u00f3stico de depress\u00e3o<\/strong> que podem estar impactando sua vida.<\/p>\n\n\n\n<p>Os Sinais e Sintomas do Diagn\u00f3stico de Depress\u00e3o<\/p>\n\n\n\n<p>Primeiramente, \u00e9 essencial reconhecer os sinais comuns que levam ao <strong>diagn\u00f3stico de depress\u00e3o<\/strong>. Tristeza persistente, perda de interesse em atividades, altera\u00e7\u00f5es no apetite e no sono s\u00e3o sintomas cl\u00e1ssicos. Al\u00e9m disso, sentimentos de culpa, baixa autoestima e dificuldade de concentra\u00e7\u00e3o tamb\u00e9m aparecem com frequ\u00eancia. Do mesmo modo, sintomas f\u00edsicos como dores inexplic\u00e1veis podem surgir. Por exemplo, muitas pessoas relatam fadiga constante mesmo sem esfor\u00e7o f\u00edsico intenso.<\/p>\n\n\n\n<p>A Psicologia por Tr\u00e1s da Vida Real: O Diagn\u00f3stico de Depress\u00e3o no Dia a Dia *<\/p>\n\n\n\n<p>No cotidiano, o <strong>diagn\u00f3stico de depress\u00e3o<\/strong> se manifesta de forma sutil. Imagine algu\u00e9m que antes adorava sair com amigos, mas hoje evita convites e prefere ficar isolado. Al\u00e9m disso, tarefas simples, como arrumar a cama ou preparar o caf\u00e9, se tornam grandes desafios. Bem como pequenas frustra\u00e7\u00f5es ganham um peso desproporcional, gerando culpa e autocobran\u00e7a excessiva. \u00c9 como carregar uma mochila invis\u00edvel, mas cada vez mais pesada.<\/p>\n\n\n\n<p>Compreendendo os Momentos Cr\u00edticos do Diagn\u00f3stico de Depress\u00e3o<\/p>\n\n\n\n<p>A princ\u00edpio, momentos cr\u00edticos s\u00e3o aqueles em que os sinais se intensificam. Por exemplo, epis\u00f3dios de choro frequente sem motivo claro, pensamentos negativos recorrentes ou a sensa\u00e7\u00e3o de que nada faz sentido. \u00c9 importante diferenciar esses momentos de tristezas passageiras, pois na <strong>depress\u00e3o<\/strong>, os sintomas persistem por semanas ou meses e afetam v\u00e1rias \u00e1reas da vida.<\/p>\n\n\n\n<p>O Que Desencadeia o Diagn\u00f3stico de Depress\u00e3o?<\/p>\n\n\n\n<p>Diversos fatores podem contribuir para o <strong>diagn\u00f3stico de depress\u00e3o<\/strong>. Entre os internos, destacam-se predisposi\u00e7\u00e3o gen\u00e9tica, altera\u00e7\u00f5es qu\u00edmicas no c\u00e9rebro e hist\u00f3rico de outras condi\u00e7\u00f5es de sa\u00fade mental. J\u00e1 fatores externos incluem traumas, perdas significativas, estresse prolongado e rela\u00e7\u00f5es conflituosas. Al\u00e9m disso, mudan\u00e7as dr\u00e1sticas na rotina tamb\u00e9m podem funcionar como gatilhos.<\/p>\n\n\n\n<p>Mitos e Verdades sobre Solu\u00e7\u00f5es para o Diagn\u00f3stico de Depress\u00e3o<\/p>\n\n\n\n<p>Existem muitos mitos sobre o <strong>diagn\u00f3stico de depress\u00e3o<\/strong>. Um deles \u00e9 acreditar que basta \u201cpensar positivo\u201d para superar tudo. Na realidade, lidar com a <strong>depress\u00e3o<\/strong> exige cuidado, informa\u00e7\u00e3o e, quando necess\u00e1rio, apoio profissional. Outro mito \u00e9 achar que s\u00f3 quem passa por grandes trag\u00e9dias desenvolve a condi\u00e7\u00e3o \u2014 muitas vezes, a soma de pequenos fatores tamb\u00e9m desencadeia o quadro.<\/p>\n\n\n\n<p>Como Lidar com o Diagn\u00f3stico de Depress\u00e3o no Dia a Dia<\/p>\n\n\n\n<p>Mesmo sem f\u00f3rmulas m\u00e1gicas, algumas estrat\u00e9gias podem ajudar. Organizar uma rotina simples, praticar atividades prazerosas e manter uma rede de apoio s\u00e3o passos importantes. Al\u00e9m disso, exerc\u00edcios de respira\u00e7\u00e3o, caminhada ao ar livre e pequenas metas di\u00e1rias colaboram para amenizar os impactos. Registrar pensamentos em um di\u00e1rio tamb\u00e9m pode ser \u00fatil para compreender padr\u00f5es emocionais.<\/p>\n\n\n\n<p>O Diagn\u00f3stico de Depress\u00e3o no Corpo e na Mente: Manifesta\u00e7\u00f5es<\/p>\n\n\n\n<p>A <strong>depress\u00e3o<\/strong> n\u00e3o afeta apenas o humor. Fisicamente, pode causar dores de cabe\u00e7a, tens\u00e3o muscular, fadiga extrema e problemas digestivos. Na mente, prejudica a concentra\u00e7\u00e3o, a mem\u00f3ria e a tomada de decis\u00f5es. Essa intera\u00e7\u00e3o corpo-mente mostra como \u00e9 essencial observar sinais que v\u00e3o al\u00e9m do emocional.<\/p>\n\n\n\n<p>Depress\u00e3o Leve, Moderada e Grave: Uma Perspectiva Ampliada<\/p>\n\n\n\n<p>O <strong>diagn\u00f3stico de depress\u00e3o<\/strong> pode variar em intensidade. Na forma leve, o indiv\u00edduo ainda realiza suas atividades, mas com grande esfor\u00e7o. Na moderada, as dificuldades se intensificam e come\u00e7am a impactar a vida social e profissional. J\u00e1 na grave, sintomas como pensamentos suicidas podem surgir, exigindo aten\u00e7\u00e3o imediata.<\/p>\n\n\n\n<p>Quem Busca Al\u00edvio para o Diagn\u00f3stico de Depress\u00e3o?<\/p>\n\n\n\n<p>Pessoas de todas as idades podem buscar ajuda para um <strong>diagn\u00f3stico de depress\u00e3o<\/strong>. Jovens enfrentam press\u00f5es acad\u00eamicas e de identidade; adultos lidam com cobran\u00e7as profissionais e familiares; idosos podem sofrer com a solid\u00e3o ou doen\u00e7as cr\u00f4nicas. Cada hist\u00f3ria traz desafios \u00fanicos que merecem ser ouvidos com empatia.<\/p>\n\n\n\n<p>Diferentes Abordagens para Lidar com o Diagn\u00f3stico de Depress\u00e3o<\/p>\n\n\n\n<p>Entre as abordagens est\u00e3o a psicoterapia, grupos de apoio, mudan\u00e7as de h\u00e1bitos, atividades f\u00edsicas e t\u00e9cnicas de relaxamento. Pr\u00e1ticas como medita\u00e7\u00e3o, arte-terapia e voluntariado tamb\u00e9m podem auxiliar na recupera\u00e7\u00e3o. O importante \u00e9 encontrar caminhos que fa\u00e7am sentido para cada pessoa.<\/p>\n\n\n\n<p>Sinais de Alerta: Quando Buscar Ajuda Profissional<\/p>\n\n\n\n<p>Se os sintomas persistirem por mais de duas semanas, se houver pensamentos de autoagress\u00e3o ou se a qualidade de vida estiver comprometida, buscar apoio profissional \u00e9 essencial. Psic\u00f3logos, psiquiatras e grupos de suporte s\u00e3o aliados valiosos nesse processo.<\/p>\n\n\n\n<p>Recursos e Informa\u00e7\u00f5es Confi\u00e1veis sobre o Diagn\u00f3stico de Depress\u00e3o<\/p>\n\n\n\n<p>Para saber mais, busque conte\u00fados em sites de institui\u00e7\u00f5es reconhecidas, como associa\u00e7\u00f5es de sa\u00fade mental, universidades e organiza\u00e7\u00f5es governamentais. Ler materiais baseados em evid\u00eancias ajuda a evitar desinforma\u00e7\u00e3o e decis\u00f5es precipitadas.<\/p>\n\n\n\n<p>Dicas para A\u00e7\u00e3o Imediata em Momentos de Diagn\u00f3stico de Depress\u00e3o<\/p>\n\n\n\n<p>Em momentos de maior intensidade, respire profundamente, procure conversar com algu\u00e9m de confian\u00e7a ou pratique uma atividade que ajude a aliviar a tens\u00e3o, como caminhar ou ouvir uma m\u00fasica relaxante. Pequenas a\u00e7\u00f5es podem trazer al\u00edvio imediato enquanto o cuidado de longo prazo \u00e9 estruturado.<\/p>\n\n\n\n<p>Conclus\u00e3o<\/p>\n\n\n\n<p>Em suma, reconhecer os sinais e entender as nuances de um <strong>diagn\u00f3stico de depress\u00e3o<\/strong> pode ser o primeiro passo para uma vida mais equilibrada. Valorize cada pequeno progresso e lembre-se de que buscar apoio n\u00e3o \u00e9 fraqueza, mas coragem. Se voc\u00ea se identifica com esses sinais, buscar informa\u00e7\u00e3o e apoio pode ser o primeiro passo para uma vida mais leve e equilibrada!<\/p>\n\n\n\n<ul class=\"wp-block-list\">\n<li>Essas narrativas s\u00e3o fict\u00edcias mas inspiradas em situa\u00e7\u00f5es comumente vivenciadas nos estudos e na cl\u00ednica psicol\u00f3gica.<\/li>\n<\/ul>\n\n\n\n<figure class=\"wp-block-image aligncenter size-large is-resized\"><img fetchpriority=\"high\" decoding=\"async\" width=\"1024\" height=\"683\" src=\"https:\/\/ianima.com.br\/blog\/wp-content\/uploads\/2025\/07\/2MM-1024x683.webp\" alt=\"Diagn\u00f3stico de Depress\u00e3o: Fatores e Sinais Cruciais\" class=\"wp-image-7241\" style=\"width:500px\" srcset=\"https:\/\/ianima.com.br\/blog\/wp-content\/uploads\/2025\/07\/2MM-1024x683.webp 1024w, https:\/\/ianima.com.br\/blog\/wp-content\/uploads\/2025\/07\/2MM-300x200.webp 300w, https:\/\/ianima.com.br\/blog\/wp-content\/uploads\/2025\/07\/2MM-768x512.webp 768w, https:\/\/ianima.com.br\/blog\/wp-content\/uploads\/2025\/07\/2MM.webp 1536w\" sizes=\"(max-width: 1024px) 100vw, 1024px\" \/><\/figure>\n\n\n\n<h2 class=\"wp-block-heading\" id=\"h-perguntas-frequentes-faq\">Perguntas Frequentes (FAQ)<\/h2>\n\n\n\n<div class=\"schema-faq wp-block-yoast-faq-block\"><div class=\"schema-faq-section\" id=\"faq-question-1751422308782\"><strong class=\"schema-faq-question\">O que \u00e9 o diagn\u00f3stico de depress\u00e3o?<\/strong> <p class=\"schema-faq-answer\">O diagn\u00f3stico de depress\u00e3o \u00e9 o processo pelo qual um profissional de sa\u00fade mental avalia os sintomas e o hist\u00f3rico do paciente para determinar se ele tem depress\u00e3o.<\/p> <\/div> <div class=\"schema-faq-section\" id=\"faq-question-1751422331285\"><strong class=\"schema-faq-question\">Quais s\u00e3o os principais sintomas da depress\u00e3o?<\/strong> <p class=\"schema-faq-answer\">Os principais sintomas incluem tristeza persistente, perda de interesse em atividades, altera\u00e7\u00f5es no sono e no apetite, al\u00e9m de fadiga e dificuldade de concentra\u00e7\u00e3o.<\/p> <\/div> <div class=\"schema-faq-section\" id=\"faq-question-1751422355266\"><strong class=\"schema-faq-question\">Como \u00e9 feito o diagn\u00f3stico de depress\u00e3o?<\/strong> <p class=\"schema-faq-answer\">O diagn\u00f3stico \u00e9 feito por meio de entrevistas, question\u00e1rios e, \u00e0s vezes, exames f\u00edsicos para descartar outras condi\u00e7\u00f5es m\u00e9dicas.<\/p> <\/div> <\/div>\n\n\n\n<ul class=\"wp-block-yoast-seo-related-links\"><li><a href=\"https:\/\/ianima.com.br\/blog\/saude-mental\/diagnostico-depressao-sinais-causas-e-o-que-fazer\/\">Diagn\u00f3stico depress\u00e3o: sinais, causas e o que fazer<\/a><\/li><li><a href=\"https:\/\/ianima.com.br\/blog\/saude-mental\/diagnostico-para-depressao-sinais-fatores-e-caminhos\/\">Diagn\u00f3stico para Depress\u00e3o: Sinais, Fatores e Caminhos<\/a><\/li><li><a href=\"https:\/\/ianima.com.br\/blog\/saude-mental\/burnout-diagnostico-tudo-que-voce-precisa-saber\/\">Burnout Diagn\u00f3stico: Tudo Que Voc\u00ea Precisa Saber<\/a><\/li><li><a href=\"https:\/\/ianima.com.br\/blog\/saude-mental\/diagnostico-burnout-sinais-causas-e-caminhos\/\">Diagn\u00f3stico Burnout: Sinais, Causas e Caminhos<\/a><\/li><li><a href=\"https:\/\/ianima.com.br\/blog\/saude-mental\/ansiedade-e-depressao-avalie-os-sinais-e-impactos\/\">Ansiedade e Depress\u00e3o: Avalie os Sinais e Impactos<\/a><\/li><\/ul>\n","protected":false},"excerpt":{"rendered":"<p>Antes de tudo, voc\u00ea j\u00e1 se perguntou como reconhecer os sinais que indicam a necessidade de um diagn\u00f3stico de depress\u00e3o? Muitas pessoas convivem com sintomas silenciosos por anos, sem perceber o impacto que isso gera no dia a dia. Compartilho aqui informa\u00e7\u00f5es atualizadas para ajudar voc\u00ea a entender melhor esse processo. Descubra os sinais, causas [&hellip;]<\/p>\n","protected":false},"author":1,"featured_media":7240,"comment_status":"closed","ping_status":"closed","sticky":false,"template":"","format":"standard","meta":{"site-sidebar-layout":"default","site-content-layout":"","ast-site-content-layout":"default","site-content-style":"default","site-sidebar-style":"default","ast-global-header-display":"","ast-banner-title-visibility":"","ast-main-header-display":"","ast-hfb-above-header-display":"","ast-hfb-below-header-display":"","ast-hfb-mobile-header-display":"","site-post-title":"","ast-breadcrumbs-content":"","ast-featured-img":"","footer-sml-layout":"","theme-transparent-header-meta":"","adv-header-id-meta":"","stick-header-meta":"","header-above-stick-meta":"","header-main-stick-meta":"","header-below-stick-meta":"","astra-migrate-meta-layouts":"set","ast-page-background-enabled":"default","ast-page-background-meta":{"desktop":{"background-color":"","background-image":"","background-repeat":"repeat","background-position":"center center","background-size":"auto","background-attachment":"scroll","background-type":"","background-media":"","overlay-type":"","overlay-color":"","overlay-opacity":"","overlay-gradient":""},"tablet":{"background-color":"","background-image":"","background-repeat":"repeat","background-position":"center center","background-size":"auto","background-attachment":"scroll","background-type":"","background-media":"","overlay-type":"","overlay-color":"","overlay-opacity":"","overlay-gradient":""},"mobile":{"background-color":"","background-image":"","background-repeat":"repeat","background-position":"center center","background-size":"auto","background-attachment":"scroll","background-type":"","background-media":"","overlay-type":"","overlay-color":"","overlay-opacity":"","overlay-gradient":""}},"ast-content-background-meta":{"desktop":{"background-color":"var(--ast-global-color-5)","background-image":"","background-repeat":"repeat","background-position":"center center","background-size":"auto","background-attachment":"scroll","background-type":"","background-media":"","overlay-type":"","overlay-color":"","overlay-opacity":"","overlay-gradient":""},"tablet":{"background-color":"var(--ast-global-color-5)","background-image":"","background-repeat":"repeat","background-position":"center center","background-size":"auto","background-attachment":"scroll","background-type":"","background-media":"","overlay-type":"","overlay-color":"","overlay-opacity":"","overlay-gradient":""},"mobile":{"background-color":"var(--ast-global-color-5)","background-image":"","background-repeat":"repeat","background-position":"center center","background-size":"auto","background-attachment":"scroll","background-type":"","background-media":"","overlay-type":"","overlay-color":"","overlay-opacity":"","overlay-gradient":""}},"footnotes":""},"categories":[24],"tags":[],"class_list":["post-7238","post","type-post","status-publish","format-standard","has-post-thumbnail","hentry","category-saude-mental"],"yoast_head":"<!-- This site is optimized with the Yoast SEO Premium plugin v20.8 (Yoast SEO v20.8) - https:\/\/yoast.com\/wordpress\/plugins\/seo\/ -->\n<title>Diagn\u00f3stico de Depress\u00e3o: Fatores e Sinais Cruciais<\/title>\n<meta name=\"description\" content=\"Descubra os sinais ocultos da depress\u00e3o e os fatores que podem surpreender voc\u00ea! N\u00e3o ignore esses alertas importantes para sua sa\u00fade mental!\" \/>\n<meta name=\"robots\" content=\"index, follow, max-snippet:-1, max-image-preview:large, max-video-preview:-1\" \/>\n<link rel=\"canonical\" href=\"https:\/\/ianima.com.br\/blog\/saude-mental\/diagnostico-de-depressao-fatores-e-sinais-cruciais\/\" \/>\n<meta property=\"og:locale\" content=\"pt_BR\" \/>\n<meta property=\"og:type\" content=\"article\" \/>\n<meta property=\"og:title\" content=\"Diagn\u00f3stico de Depress\u00e3o: Fatores e Sinais Cruciais\" \/>\n<meta property=\"og:description\" content=\"Descubra os sinais ocultos da depress\u00e3o e os fatores que podem surpreender voc\u00ea! N\u00e3o ignore esses alertas importantes para sua sa\u00fade mental!\" \/>\n<meta property=\"og:url\" content=\"https:\/\/ianima.com.br\/blog\/saude-mental\/diagnostico-de-depressao-fatores-e-sinais-cruciais\/\" \/>\n<meta property=\"og:site_name\" content=\"Terapia Online com IANIMA: Inova\u00e7\u00e3o e Aconselhamento. O terapeuta online ao seu alcance.\" \/>\n<meta property=\"article:published_time\" content=\"2025-07-02T02:14:21+00:00\" \/>\n<meta property=\"article:modified_time\" content=\"2025-07-02T02:14:22+00:00\" \/>\n<meta property=\"og:image\" content=\"https:\/\/ianima.com.br\/blog\/wp-content\/uploads\/2025\/07\/1MM.webp\" \/>\n\t<meta property=\"og:image:width\" content=\"1536\" \/>\n\t<meta property=\"og:image:height\" content=\"1024\" \/>\n\t<meta property=\"og:image:type\" content=\"image\/webp\" \/>\n<meta name=\"author\" content=\"Wanderlei Talib\" \/>\n<meta name=\"twitter:card\" content=\"summary_large_image\" \/>\n<meta name=\"twitter:label1\" content=\"Escrito por\" \/>\n\t<meta name=\"twitter:data1\" content=\"Wanderlei Talib\" \/>\n\t<meta name=\"twitter:label2\" content=\"Est. tempo de leitura\" \/>\n\t<meta name=\"twitter:data2\" content=\"6 minutos\" \/>\n<script type=\"application\/ld+json\" class=\"yoast-schema-graph\">{\"@context\":\"https:\/\/schema.org\",\"@graph\":[{\"@type\":\"Article\",\"@id\":\"https:\/\/ianima.com.br\/blog\/saude-mental\/diagnostico-de-depressao-fatores-e-sinais-cruciais\/#article\",\"isPartOf\":{\"@id\":\"https:\/\/ianima.com.br\/blog\/saude-mental\/diagnostico-de-depressao-fatores-e-sinais-cruciais\/\"},\"author\":{\"name\":\"Wanderlei Talib\",\"@id\":\"https:\/\/ianima.com.br\/blog\/#\/schema\/person\/85378d6a819826ce615ae2a7a04f68d8\"},\"headline\":\"Diagn\u00f3stico de Depress\u00e3o: Fatores e Sinais Cruciais\",\"datePublished\":\"2025-07-02T02:14:21+00:00\",\"dateModified\":\"2025-07-02T02:14:22+00:00\",\"mainEntityOfPage\":{\"@id\":\"https:\/\/ianima.com.br\/blog\/saude-mental\/diagnostico-de-depressao-fatores-e-sinais-cruciais\/\"},\"wordCount\":1225,\"publisher\":{\"@id\":\"https:\/\/ianima.com.br\/blog\/#organization\"},\"articleSection\":[\"Sa\u00fade Mental\"],\"inLanguage\":\"pt-BR\"},{\"@type\":[\"WebPage\",\"FAQPage\"],\"@id\":\"https:\/\/ianima.com.br\/blog\/saude-mental\/diagnostico-de-depressao-fatores-e-sinais-cruciais\/\",\"url\":\"https:\/\/ianima.com.br\/blog\/saude-mental\/diagnostico-de-depressao-fatores-e-sinais-cruciais\/\",\"name\":\"Diagn\u00f3stico de Depress\u00e3o: Fatores e Sinais Cruciais\",\"isPartOf\":{\"@id\":\"https:\/\/ianima.com.br\/blog\/#website\"},\"datePublished\":\"2025-07-02T02:14:21+00:00\",\"dateModified\":\"2025-07-02T02:14:22+00:00\",\"description\":\"Descubra os sinais ocultos da depress\u00e3o e os fatores que podem surpreender voc\u00ea! N\u00e3o ignore esses alertas importantes para sua sa\u00fade mental!\",\"breadcrumb\":{\"@id\":\"https:\/\/ianima.com.br\/blog\/saude-mental\/diagnostico-de-depressao-fatores-e-sinais-cruciais\/#breadcrumb\"},\"mainEntity\":[{\"@id\":\"https:\/\/ianima.com.br\/blog\/saude-mental\/diagnostico-de-depressao-fatores-e-sinais-cruciais\/#faq-question-1751422308782\"},{\"@id\":\"https:\/\/ianima.com.br\/blog\/saude-mental\/diagnostico-de-depressao-fatores-e-sinais-cruciais\/#faq-question-1751422331285\"},{\"@id\":\"https:\/\/ianima.com.br\/blog\/saude-mental\/diagnostico-de-depressao-fatores-e-sinais-cruciais\/#faq-question-1751422355266\"}],\"inLanguage\":\"pt-BR\",\"potentialAction\":[{\"@type\":\"ReadAction\",\"target\":[\"https:\/\/ianima.com.br\/blog\/saude-mental\/diagnostico-de-depressao-fatores-e-sinais-cruciais\/\"]}]},{\"@type\":\"BreadcrumbList\",\"@id\":\"https:\/\/ianima.com.br\/blog\/saude-mental\/diagnostico-de-depressao-fatores-e-sinais-cruciais\/#breadcrumb\",\"itemListElement\":[{\"@type\":\"ListItem\",\"position\":1,\"name\":\"In\u00edcio\",\"item\":\"https:\/\/ianima.com.br\/blog\/\"},{\"@type\":\"ListItem\",\"position\":2,\"name\":\"Diagn\u00f3stico de Depress\u00e3o: Fatores e Sinais Cruciais\"}]},{\"@type\":\"WebSite\",\"@id\":\"https:\/\/ianima.com.br\/blog\/#website\",\"url\":\"https:\/\/ianima.com.br\/blog\/\",\"name\":\"Terapia Online com IANIMA: Inova\u00e7\u00e3o e Aconselhamento. O terapeuta online ao seu alcance.\",\"description\":\"Terapia gratuita online com a IAnima, sua terapeuta online. Artigos sobre terapias online, sa\u00fade mental e bem-estar.\",\"publisher\":{\"@id\":\"https:\/\/ianima.com.br\/blog\/#organization\"},\"potentialAction\":[{\"@type\":\"SearchAction\",\"target\":{\"@type\":\"EntryPoint\",\"urlTemplate\":\"https:\/\/ianima.com.br\/blog\/?s={search_term_string}\"},\"query-input\":\"required name=search_term_string\"}],\"inLanguage\":\"pt-BR\"},{\"@type\":\"Organization\",\"@id\":\"https:\/\/ianima.com.br\/blog\/#organization\",\"name\":\"Terapia Online com IANIMA: Inova\u00e7\u00e3o e Aconselhamento. O terapeuta online ao seu alcance.\",\"url\":\"https:\/\/ianima.com.br\/blog\/\",\"logo\":{\"@type\":\"ImageObject\",\"inLanguage\":\"pt-BR\",\"@id\":\"https:\/\/ianima.com.br\/blog\/#\/schema\/logo\/image\/\",\"url\":\"https:\/\/ianima.com.br\/blog\/wp-content\/uploads\/2025\/04\/cropped-IAnima-terapia-online.webp\",\"contentUrl\":\"https:\/\/ianima.com.br\/blog\/wp-content\/uploads\/2025\/04\/cropped-IAnima-terapia-online.webp\",\"width\":819,\"height\":222,\"caption\":\"Terapia Online com IANIMA: Inova\u00e7\u00e3o e Aconselhamento. O terapeuta online ao seu alcance.\"},\"image\":{\"@id\":\"https:\/\/ianima.com.br\/blog\/#\/schema\/logo\/image\/\"}},{\"@type\":\"Person\",\"@id\":\"https:\/\/ianima.com.br\/blog\/#\/schema\/person\/85378d6a819826ce615ae2a7a04f68d8\",\"name\":\"Wanderlei Talib\",\"image\":{\"@type\":\"ImageObject\",\"inLanguage\":\"pt-BR\",\"@id\":\"https:\/\/ianima.com.br\/blog\/#\/schema\/person\/image\/\",\"url\":\"https:\/\/ianima.com.br\/blog\/wp-content\/litespeed\/avatar\/a0461c2b338365ab5dd45a3e926e23c7.jpg?ver=1777055969\",\"contentUrl\":\"https:\/\/ianima.com.br\/blog\/wp-content\/litespeed\/avatar\/a0461c2b338365ab5dd45a3e926e23c7.jpg?ver=1777055969\",\"caption\":\"Wanderlei Talib\"},\"sameAs\":[\"https:\/\/ianima.com.br\/blog\"],\"url\":\"https:\/\/ianima.com.br\/blog\/author\/adminedu\/\"},{\"@type\":\"Question\",\"@id\":\"https:\/\/ianima.com.br\/blog\/saude-mental\/diagnostico-de-depressao-fatores-e-sinais-cruciais\/#faq-question-1751422308782\",\"position\":1,\"url\":\"https:\/\/ianima.com.br\/blog\/saude-mental\/diagnostico-de-depressao-fatores-e-sinais-cruciais\/#faq-question-1751422308782\",\"name\":\"O que \u00e9 o diagn\u00f3stico de depress\u00e3o?\",\"answerCount\":1,\"acceptedAnswer\":{\"@type\":\"Answer\",\"text\":\"O diagn\u00f3stico de depress\u00e3o \u00e9 o processo pelo qual um profissional de sa\u00fade mental avalia os sintomas e o hist\u00f3rico do paciente para determinar se ele tem depress\u00e3o.\",\"inLanguage\":\"pt-BR\"},\"inLanguage\":\"pt-BR\"},{\"@type\":\"Question\",\"@id\":\"https:\/\/ianima.com.br\/blog\/saude-mental\/diagnostico-de-depressao-fatores-e-sinais-cruciais\/#faq-question-1751422331285\",\"position\":2,\"url\":\"https:\/\/ianima.com.br\/blog\/saude-mental\/diagnostico-de-depressao-fatores-e-sinais-cruciais\/#faq-question-1751422331285\",\"name\":\"Quais s\u00e3o os principais sintomas da depress\u00e3o?\",\"answerCount\":1,\"acceptedAnswer\":{\"@type\":\"Answer\",\"text\":\"Os principais sintomas incluem tristeza persistente, perda de interesse em atividades, altera\u00e7\u00f5es no sono e no apetite, al\u00e9m de fadiga e dificuldade de concentra\u00e7\u00e3o.\",\"inLanguage\":\"pt-BR\"},\"inLanguage\":\"pt-BR\"},{\"@type\":\"Question\",\"@id\":\"https:\/\/ianima.com.br\/blog\/saude-mental\/diagnostico-de-depressao-fatores-e-sinais-cruciais\/#faq-question-1751422355266\",\"position\":3,\"url\":\"https:\/\/ianima.com.br\/blog\/saude-mental\/diagnostico-de-depressao-fatores-e-sinais-cruciais\/#faq-question-1751422355266\",\"name\":\"Como \u00e9 feito o diagn\u00f3stico de depress\u00e3o?\",\"answerCount\":1,\"acceptedAnswer\":{\"@type\":\"Answer\",\"text\":\"O diagn\u00f3stico \u00e9 feito por meio de entrevistas, question\u00e1rios e, \u00e0s vezes, exames f\u00edsicos para descartar outras condi\u00e7\u00f5es m\u00e9dicas.\",\"inLanguage\":\"pt-BR\"},\"inLanguage\":\"pt-BR\"}]}<\/script>\n<!-- \/ Yoast SEO Premium plugin. -->","yoast_head_json":{"title":"Diagn\u00f3stico de Depress\u00e3o: Fatores e Sinais Cruciais","description":"Descubra os sinais ocultos da depress\u00e3o e os fatores que podem surpreender voc\u00ea! N\u00e3o ignore esses alertas importantes para sua sa\u00fade mental!","robots":{"index":"index","follow":"follow","max-snippet":"max-snippet:-1","max-image-preview":"max-image-preview:large","max-video-preview":"max-video-preview:-1"},"canonical":"https:\/\/ianima.com.br\/blog\/saude-mental\/diagnostico-de-depressao-fatores-e-sinais-cruciais\/","og_locale":"pt_BR","og_type":"article","og_title":"Diagn\u00f3stico de Depress\u00e3o: Fatores e Sinais Cruciais","og_description":"Descubra os sinais ocultos da depress\u00e3o e os fatores que podem surpreender voc\u00ea! N\u00e3o ignore esses alertas importantes para sua sa\u00fade mental!","og_url":"https:\/\/ianima.com.br\/blog\/saude-mental\/diagnostico-de-depressao-fatores-e-sinais-cruciais\/","og_site_name":"Terapia Online com IANIMA: Inova\u00e7\u00e3o e Aconselhamento. O terapeuta online ao seu alcance.","article_published_time":"2025-07-02T02:14:21+00:00","article_modified_time":"2025-07-02T02:14:22+00:00","og_image":[{"width":1536,"height":1024,"url":"https:\/\/ianima.com.br\/blog\/wp-content\/uploads\/2025\/07\/1MM.webp","type":"image\/webp"}],"author":"Wanderlei Talib","twitter_card":"summary_large_image","twitter_misc":{"Escrito por":"Wanderlei Talib","Est. tempo de leitura":"6 minutos"},"schema":{"@context":"https:\/\/schema.org","@graph":[{"@type":"Article","@id":"https:\/\/ianima.com.br\/blog\/saude-mental\/diagnostico-de-depressao-fatores-e-sinais-cruciais\/#article","isPartOf":{"@id":"https:\/\/ianima.com.br\/blog\/saude-mental\/diagnostico-de-depressao-fatores-e-sinais-cruciais\/"},"author":{"name":"Wanderlei Talib","@id":"https:\/\/ianima.com.br\/blog\/#\/schema\/person\/85378d6a819826ce615ae2a7a04f68d8"},"headline":"Diagn\u00f3stico de Depress\u00e3o: Fatores e Sinais Cruciais","datePublished":"2025-07-02T02:14:21+00:00","dateModified":"2025-07-02T02:14:22+00:00","mainEntityOfPage":{"@id":"https:\/\/ianima.com.br\/blog\/saude-mental\/diagnostico-de-depressao-fatores-e-sinais-cruciais\/"},"wordCount":1225,"publisher":{"@id":"https:\/\/ianima.com.br\/blog\/#organization"},"articleSection":["Sa\u00fade Mental"],"inLanguage":"pt-BR"},{"@type":["WebPage","FAQPage"],"@id":"https:\/\/ianima.com.br\/blog\/saude-mental\/diagnostico-de-depressao-fatores-e-sinais-cruciais\/","url":"https:\/\/ianima.com.br\/blog\/saude-mental\/diagnostico-de-depressao-fatores-e-sinais-cruciais\/","name":"Diagn\u00f3stico de Depress\u00e3o: Fatores e Sinais Cruciais","isPartOf":{"@id":"https:\/\/ianima.com.br\/blog\/#website"},"datePublished":"2025-07-02T02:14:21+00:00","dateModified":"2025-07-02T02:14:22+00:00","description":"Descubra os sinais ocultos da depress\u00e3o e os fatores que podem surpreender voc\u00ea! N\u00e3o ignore esses alertas importantes para sua sa\u00fade mental!","breadcrumb":{"@id":"https:\/\/ianima.com.br\/blog\/saude-mental\/diagnostico-de-depressao-fatores-e-sinais-cruciais\/#breadcrumb"},"mainEntity":[{"@id":"https:\/\/ianima.com.br\/blog\/saude-mental\/diagnostico-de-depressao-fatores-e-sinais-cruciais\/#faq-question-1751422308782"},{"@id":"https:\/\/ianima.com.br\/blog\/saude-mental\/diagnostico-de-depressao-fatores-e-sinais-cruciais\/#faq-question-1751422331285"},{"@id":"https:\/\/ianima.com.br\/blog\/saude-mental\/diagnostico-de-depressao-fatores-e-sinais-cruciais\/#faq-question-1751422355266"}],"inLanguage":"pt-BR","potentialAction":[{"@type":"ReadAction","target":["https:\/\/ianima.com.br\/blog\/saude-mental\/diagnostico-de-depressao-fatores-e-sinais-cruciais\/"]}]},{"@type":"BreadcrumbList","@id":"https:\/\/ianima.com.br\/blog\/saude-mental\/diagnostico-de-depressao-fatores-e-sinais-cruciais\/#breadcrumb","itemListElement":[{"@type":"ListItem","position":1,"name":"In\u00edcio","item":"https:\/\/ianima.com.br\/blog\/"},{"@type":"ListItem","position":2,"name":"Diagn\u00f3stico de Depress\u00e3o: Fatores e Sinais Cruciais"}]},{"@type":"WebSite","@id":"https:\/\/ianima.com.br\/blog\/#website","url":"https:\/\/ianima.com.br\/blog\/","name":"Terapia Online com IANIMA: Inova\u00e7\u00e3o e Aconselhamento. O terapeuta online ao seu alcance.","description":"Terapia gratuita online com a IAnima, sua terapeuta online. Artigos sobre terapias online, sa\u00fade mental e bem-estar.","publisher":{"@id":"https:\/\/ianima.com.br\/blog\/#organization"},"potentialAction":[{"@type":"SearchAction","target":{"@type":"EntryPoint","urlTemplate":"https:\/\/ianima.com.br\/blog\/?s={search_term_string}"},"query-input":"required name=search_term_string"}],"inLanguage":"pt-BR"},{"@type":"Organization","@id":"https:\/\/ianima.com.br\/blog\/#organization","name":"Terapia Online com IANIMA: Inova\u00e7\u00e3o e Aconselhamento. O terapeuta online ao seu alcance.","url":"https:\/\/ianima.com.br\/blog\/","logo":{"@type":"ImageObject","inLanguage":"pt-BR","@id":"https:\/\/ianima.com.br\/blog\/#\/schema\/logo\/image\/","url":"https:\/\/ianima.com.br\/blog\/wp-content\/uploads\/2025\/04\/cropped-IAnima-terapia-online.webp","contentUrl":"https:\/\/ianima.com.br\/blog\/wp-content\/uploads\/2025\/04\/cropped-IAnima-terapia-online.webp","width":819,"height":222,"caption":"Terapia Online com IANIMA: Inova\u00e7\u00e3o e Aconselhamento. O terapeuta online ao seu alcance."},"image":{"@id":"https:\/\/ianima.com.br\/blog\/#\/schema\/logo\/image\/"}},{"@type":"Person","@id":"https:\/\/ianima.com.br\/blog\/#\/schema\/person\/85378d6a819826ce615ae2a7a04f68d8","name":"Wanderlei Talib","image":{"@type":"ImageObject","inLanguage":"pt-BR","@id":"https:\/\/ianima.com.br\/blog\/#\/schema\/person\/image\/","url":"https:\/\/ianima.com.br\/blog\/wp-content\/litespeed\/avatar\/a0461c2b338365ab5dd45a3e926e23c7.jpg?ver=1777055969","contentUrl":"https:\/\/ianima.com.br\/blog\/wp-content\/litespeed\/avatar\/a0461c2b338365ab5dd45a3e926e23c7.jpg?ver=1777055969","caption":"Wanderlei Talib"},"sameAs":["https:\/\/ianima.com.br\/blog"],"url":"https:\/\/ianima.com.br\/blog\/author\/adminedu\/"},{"@type":"Question","@id":"https:\/\/ianima.com.br\/blog\/saude-mental\/diagnostico-de-depressao-fatores-e-sinais-cruciais\/#faq-question-1751422308782","position":1,"url":"https:\/\/ianima.com.br\/blog\/saude-mental\/diagnostico-de-depressao-fatores-e-sinais-cruciais\/#faq-question-1751422308782","name":"O que \u00e9 o diagn\u00f3stico de depress\u00e3o?","answerCount":1,"acceptedAnswer":{"@type":"Answer","text":"O diagn\u00f3stico de depress\u00e3o \u00e9 o processo pelo qual um profissional de sa\u00fade mental avalia os sintomas e o hist\u00f3rico do paciente para determinar se ele tem depress\u00e3o.","inLanguage":"pt-BR"},"inLanguage":"pt-BR"},{"@type":"Question","@id":"https:\/\/ianima.com.br\/blog\/saude-mental\/diagnostico-de-depressao-fatores-e-sinais-cruciais\/#faq-question-1751422331285","position":2,"url":"https:\/\/ianima.com.br\/blog\/saude-mental\/diagnostico-de-depressao-fatores-e-sinais-cruciais\/#faq-question-1751422331285","name":"Quais s\u00e3o os principais sintomas da depress\u00e3o?","answerCount":1,"acceptedAnswer":{"@type":"Answer","text":"Os principais sintomas incluem tristeza persistente, perda de interesse em atividades, altera\u00e7\u00f5es no sono e no apetite, al\u00e9m de fadiga e dificuldade de concentra\u00e7\u00e3o.","inLanguage":"pt-BR"},"inLanguage":"pt-BR"},{"@type":"Question","@id":"https:\/\/ianima.com.br\/blog\/saude-mental\/diagnostico-de-depressao-fatores-e-sinais-cruciais\/#faq-question-1751422355266","position":3,"url":"https:\/\/ianima.com.br\/blog\/saude-mental\/diagnostico-de-depressao-fatores-e-sinais-cruciais\/#faq-question-1751422355266","name":"Como \u00e9 feito o diagn\u00f3stico de depress\u00e3o?","answerCount":1,"acceptedAnswer":{"@type":"Answer","text":"O diagn\u00f3stico \u00e9 feito por meio de entrevistas, question\u00e1rios e, \u00e0s vezes, exames f\u00edsicos para descartar outras condi\u00e7\u00f5es m\u00e9dicas.","inLanguage":"pt-BR"},"inLanguage":"pt-BR"}]}},"_links":{"self":[{"href":"https:\/\/ianima.com.br\/blog\/wp-json\/wp\/v2\/posts\/7238","targetHints":{"allow":["GET"]}}],"collection":[{"href":"https:\/\/ianima.com.br\/blog\/wp-json\/wp\/v2\/posts"}],"about":[{"href":"https:\/\/ianima.com.br\/blog\/wp-json\/wp\/v2\/types\/post"}],"author":[{"embeddable":true,"href":"https:\/\/ianima.com.br\/blog\/wp-json\/wp\/v2\/users\/1"}],"replies":[{"embeddable":true,"href":"https:\/\/ianima.com.br\/blog\/wp-json\/wp\/v2\/comments?post=7238"}],"version-history":[{"count":1,"href":"https:\/\/ianima.com.br\/blog\/wp-json\/wp\/v2\/posts\/7238\/revisions"}],"predecessor-version":[{"id":7242,"href":"https:\/\/ianima.com.br\/blog\/wp-json\/wp\/v2\/posts\/7238\/revisions\/7242"}],"wp:featuredmedia":[{"embeddable":true,"href":"https:\/\/ianima.com.br\/blog\/wp-json\/wp\/v2\/media\/7240"}],"wp:attachment":[{"href":"https:\/\/ianima.com.br\/blog\/wp-json\/wp\/v2\/media?parent=7238"}],"wp:term":[{"taxonomy":"category","embeddable":true,"href":"https:\/\/ianima.com.br\/blog\/wp-json\/wp\/v2\/categories?post=7238"},{"taxonomy":"post_tag","embeddable":true,"href":"https:\/\/ianima.com.br\/blog\/wp-json\/wp\/v2\/tags?post=7238"}],"curies":[{"name":"wp","href":"https:\/\/api.w.org\/{rel}","templated":true}]}}