{"id":7298,"date":"2025-07-03T11:50:07","date_gmt":"2025-07-03T11:50:07","guid":{"rendered":"https:\/\/ianima.com.br\/blog\/?p=7298"},"modified":"2025-07-03T11:50:08","modified_gmt":"2025-07-03T11:50:08","slug":"como-prevenir-a-depressao-fatores-cruciais","status":"publish","type":"post","link":"https:\/\/ianima.com.br\/blog\/saude-mental\/como-prevenir-a-depressao-fatores-cruciais\/","title":{"rendered":"Como Prevenir a Depress\u00e3o: Fatores Cruciais"},"content":{"rendered":"\n<p>Antes de tudo, vale refletir: como pequenas escolhas di\u00e1rias podem nos proteger de um sofrimento t\u00e3o silencioso? Falar sobre <strong>como prevenir a depress\u00e3o<\/strong> \u00e9 mais do que apontar caminhos, \u00e9 reconhecer sinais, entender causas e abra\u00e7ar pr\u00e1ticas que fortalecem a mente. Compartilho aqui informa\u00e7\u00f5es alinhadas a estudos atuais, para que voc\u00ea descubra como cuidar de si mesmo com mais consci\u00eancia. Descubra os sinais, causas e caminhos para compreender a <strong>depress\u00e3o<\/strong> que podem estar impactando sua vida.<\/p>\n\n\n\n<p>Os Sinais e Sintomas da Depress\u00e3o<\/p>\n\n\n\n<p>A princ\u00edpio, \u00e9 importante conhecer os sinais que antecedem a <strong>depress\u00e3o<\/strong>. Altera\u00e7\u00f5es no sono, perda de interesse por atividades antes prazerosas e sensa\u00e7\u00e3o persistente de vazio s\u00e3o sinais comuns. Al\u00e9m disso, dores f\u00edsicas sem explica\u00e7\u00e3o aparente, mudan\u00e7as bruscas de humor, irritabilidade constante e isolamento social tamb\u00e9m podem surgir. Por exemplo, uma pessoa pode sentir uma fadiga extrema mesmo ap\u00f3s repouso adequado. Reconhecer esses sinais \u00e9 o primeiro passo para agir cedo.<\/p>\n\n\n\n<p>A Psicologia por Tr\u00e1s da Vida Real: A Depress\u00e3o no Dia a Dia *<\/p>\n\n\n\n<p>No cotidiano, a <strong>depress\u00e3o<\/strong> pode se esconder atr\u00e1s de sorrisos for\u00e7ados ou de uma rotina aparentemente produtiva. Imagine um profissional que, mesmo batendo metas, chega em casa exausto, sem energia para intera\u00e7\u00f5es simples. Do mesmo modo, m\u00e3es, pais, estudantes e idosos podem mascarar o sofrimento com tarefas di\u00e1rias, enquanto internamente sentem um peso constante. A met\u00e1fora de uma mochila invis\u00edvel, carregada de preocupa\u00e7\u00f5es e frustra\u00e7\u00f5es, ajuda a ilustrar como a <strong>depress\u00e3o<\/strong> se instala silenciosamente.<\/p>\n\n\n\n<p>Compreendendo os Momentos Cr\u00edticos da Depress\u00e3o<\/p>\n\n\n\n<p>Primeiramente, \u00e9 essencial entender os momentos cr\u00edticos da <strong>depress\u00e3o<\/strong>. Geralmente, esses momentos s\u00e3o marcados por gatilhos emocionais fortes, como perdas significativas, conflitos familiares ou press\u00e3o excessiva no trabalho. Al\u00e9m disso, a falta de apoio social pode intensificar esses per\u00edodos. Diferenciar tristeza passageira de um quadro depressivo prolongado faz toda a diferen\u00e7a para agir de forma preventiva.<\/p>\n\n\n\n<p>O Que Desencadeia a Depress\u00e3o?<\/p>\n\n\n\n<p>Diversos fatores podem desencadear a <strong>depress\u00e3o<\/strong>, desde predisposi\u00e7\u00f5es gen\u00e9ticas at\u00e9 eventos traum\u00e1ticos. Do mesmo modo, h\u00e1bitos de vida pouco saud\u00e1veis \u2014 como m\u00e1 alimenta\u00e7\u00e3o, sedentarismo e priva\u00e7\u00e3o de sono \u2014 contribuem para o agravamento do quadro. Rela\u00e7\u00f5es t\u00f3xicas, estresse constante e falta de prop\u00f3sito pessoal s\u00e3o exemplos de influ\u00eancias externas que podem intensificar os riscos.<\/p>\n\n\n\n<p>Mitos e Verdades sobre Solu\u00e7\u00f5es para a Depress\u00e3o<\/p>\n\n\n\n<p>\u00c9 comum ouvir que for\u00e7a de vontade basta para sair da <strong>depress\u00e3o<\/strong>, mas isso n\u00e3o \u00e9 verdade. Bem como medicamentos sozinhos n\u00e3o s\u00e3o uma solu\u00e7\u00e3o m\u00e1gica, ignorar o apoio psicoterap\u00eautico tamb\u00e9m \u00e9 um equ\u00edvoco. Por exemplo, mudan\u00e7as no estilo de vida, fortalecimento de v\u00ednculos sociais e busca por autoconhecimento s\u00e3o pr\u00e1ticas que, combinadas, oferecem suporte real. Cada caso \u00e9 \u00fanico e exige um olhar individualizado.<\/p>\n\n\n\n<p>Como Lidar com a Depress\u00e3o no Dia a Dia<\/p>\n\n\n\n<p>Em primeiro lugar, priorize h\u00e1bitos saud\u00e1veis: alimenta\u00e7\u00e3o equilibrada, atividade f\u00edsica regular e descanso adequado fortalecem corpo e mente. Al\u00e9m disso, manter rela\u00e7\u00f5es sociais saud\u00e1veis, praticar hobbies e reservar momentos de autocuidado s\u00e3o atitudes protetoras. Criar uma rotina estruturada, com pausas conscientes, ajuda a reduzir o estresse di\u00e1rio.<\/p>\n\n\n\n<p>A Depress\u00e3o no Corpo e na Mente: Manifesta\u00e7\u00f5es<\/p>\n\n\n\n<p>A <strong>depress\u00e3o<\/strong> se manifesta tanto na mente quanto no corpo. Al\u00e9m dos sintomas emocionais, podem surgir dores musculares, cefaleias frequentes, problemas gastrointestinais e altera\u00e7\u00f5es hormonais. Do mesmo modo, a exaust\u00e3o mental compromete a concentra\u00e7\u00e3o, mem\u00f3ria e tomada de decis\u00f5es. Entender essa conex\u00e3o \u00e9 essencial para prevenir agravamentos.<\/p>\n\n\n\n<p>Depress\u00e3o Sazonal: Uma Perspectiva Ampliada<\/p>\n\n\n\n<p>Uma varia\u00e7\u00e3o relevante \u00e9 a <strong>depress\u00e3o sazonal<\/strong>, que costuma surgir em per\u00edodos do ano com menos luz solar, como o inverno. Nesse caso, o humor fica mais baixo, a energia diminui e o sono aumenta. Reconhecer esse padr\u00e3o permite buscar estrat\u00e9gias espec\u00edficas, como exposi\u00e7\u00e3o \u00e0 luz natural e adapta\u00e7\u00f5es na rotina.<\/p>\n\n\n\n<p>Quem Busca Al\u00edvio para a Depress\u00e3o?<\/p>\n\n\n\n<p>Pessoas de todas as idades podem buscar al\u00edvio para a <strong>depress\u00e3o<\/strong>. Jovens lidando com transi\u00e7\u00f5es acad\u00eamicas, adultos sobrecarregados no trabalho ou cuidando de familiares, idosos enfrentando solid\u00e3o ou limita\u00e7\u00f5es f\u00edsicas \u2014 todos podem se beneficiar de informa\u00e7\u00f5es confi\u00e1veis e apoio emocional. Reconhecer que n\u00e3o \u00e9 preciso enfrentar isso sozinho \u00e9 um passo fundamental.<\/p>\n\n\n\n<p>Diferentes Abordagens para Lidar com a Depress\u00e3o<\/p>\n\n\n\n<p>Existem diferentes formas de lidar com a <strong>depress\u00e3o<\/strong>. Al\u00e9m da psicoterapia, pr\u00e1ticas de medita\u00e7\u00e3o, atividades criativas, exerc\u00edcios f\u00edsicos e grupos de apoio s\u00e3o estrat\u00e9gias eficazes. Mudan\u00e7as graduais na rotina e na forma de encarar desafios fortalecem a preven\u00e7\u00e3o.<\/p>\n\n\n\n<p>Sinais de Alerta: Quando Buscar Ajuda Profissional<\/p>\n\n\n\n<p>Se os sintomas persistirem por semanas, impactarem tarefas b\u00e1sicas ou surgirem pensamentos de autoles\u00e3o, buscar ajuda profissional torna-se indispens\u00e1vel. Antes de tudo, lembre-se: procurar apoio n\u00e3o \u00e9 fraqueza, \u00e9 cuidado com a pr\u00f3pria vida.<\/p>\n\n\n\n<p>Recursos e Informa\u00e7\u00f5es Confi\u00e1veis sobre a Depress\u00e3o<\/p>\n\n\n\n<p>Organiza\u00e7\u00f5es de sa\u00fade mental, livros de psicologia baseados em evid\u00eancias e comunidades de apoio podem oferecer informa\u00e7\u00f5es de qualidade. Vale pesquisar fontes atualizadas e reconhecidas.<\/p>\n\n\n\n<p>Dicas para A\u00e7\u00e3o Imediata em Momentos de Depress\u00e3o<\/p>\n\n\n\n<p>Por fim, algumas pr\u00e1ticas simples ajudam a aliviar crises: respira\u00e7\u00e3o consciente, contato com algu\u00e9m de confian\u00e7a, caminhada leve ao ar livre ou escrever sentimentos em um di\u00e1rio. Essas a\u00e7\u00f5es n\u00e3o substituem o acompanhamento, mas trazem al\u00edvio imediato.<\/p>\n\n\n\n<p>Conclus\u00e3o<\/p>\n\n\n\n<p>Em suma, saber <strong>como prevenir a depress\u00e3o<\/strong> \u00e9 cultivar h\u00e1bitos saud\u00e1veis, reconhecer sinais e n\u00e3o ignorar o cuidado emocional. Investir em informa\u00e7\u00e3o e apoio pode transformar momentos dif\u00edceis em oportunidades de recome\u00e7o. Se voc\u00ea se identifica com esses sinais, buscar informa\u00e7\u00e3o e apoio pode ser o primeiro passo para uma vida mais leve e equilibrada!<\/p>\n\n\n\n<ul class=\"wp-block-list\">\n<li>Essas narrativas s\u00e3o fict\u00edcias mas inspiradas em situa\u00e7\u00f5es comumente vivenciadas nos estudos e na cl\u00ednica psicol\u00f3gica.<\/li>\n<\/ul>\n\n\n\n<figure class=\"wp-block-image aligncenter size-large is-resized\"><img fetchpriority=\"high\" decoding=\"async\" width=\"1024\" height=\"683\" src=\"https:\/\/ianima.com.br\/blog\/wp-content\/uploads\/2025\/07\/2MM-12-1024x683.webp\" alt=\"Como Prevenir a Depress\u00e3o: Fatores Cruciais\" class=\"wp-image-7301\" style=\"width:500px\" srcset=\"https:\/\/ianima.com.br\/blog\/wp-content\/uploads\/2025\/07\/2MM-12-1024x683.webp 1024w, https:\/\/ianima.com.br\/blog\/wp-content\/uploads\/2025\/07\/2MM-12-300x200.webp 300w, https:\/\/ianima.com.br\/blog\/wp-content\/uploads\/2025\/07\/2MM-12-768x512.webp 768w, https:\/\/ianima.com.br\/blog\/wp-content\/uploads\/2025\/07\/2MM-12.webp 1536w\" sizes=\"(max-width: 1024px) 100vw, 1024px\" \/><\/figure>\n\n\n\n<h2 class=\"wp-block-heading\" id=\"h-perguntas-frequentes-faq\">Perguntas Frequentes (FAQ)<\/h2>\n\n\n\n<div class=\"schema-faq wp-block-yoast-faq-block\"><div class=\"schema-faq-section\" id=\"faq-question-1751543255039\"><strong class=\"schema-faq-question\">Quais s\u00e3o algumas dicas para prevenir a depress\u00e3o?<\/strong> <p class=\"schema-faq-answer\">Algumas dicas incluem manter uma rotina saud\u00e1vel, praticar exerc\u00edcios f\u00edsicos regularmente, ter uma alimenta\u00e7\u00e3o equilibrada e buscar momentos de lazer.<\/p> <\/div> <div class=\"schema-faq-section\" id=\"faq-question-1751543277715\"><strong class=\"schema-faq-question\">Como a medita\u00e7\u00e3o pode ajudar na preven\u00e7\u00e3o da depress\u00e3o?<\/strong> <p class=\"schema-faq-answer\">A medita\u00e7\u00e3o ajuda a reduzir o estresse, aumenta a autoconsci\u00eancia e promove uma sensa\u00e7\u00e3o de calma, o que pode ajudar a prevenir a depress\u00e3o.<\/p> <\/div> <div class=\"schema-faq-section\" id=\"faq-question-1751543300829\"><strong class=\"schema-faq-question\">\u00c9 importante falar sobre meus sentimentos para prevenir a depress\u00e3o?<\/strong> <p class=\"schema-faq-answer\">Sim! Conversar com amigos, familiares ou profissionais pode aliviar a carga emocional e ajudar a identificar sinais de alerta.<\/p> <\/div> <\/div>\n\n\n\n<ul class=\"wp-block-yoast-seo-related-links\"><li><a href=\"https:\/\/ianima.com.br\/blog\/saude-mental\/como-evitar-depressao-pos-parto-fatores-essenciais\/\">Como Evitar Depress\u00e3o P\u00f3s-Parto: Fatores Essenciais<\/a><\/li><li><a href=\"https:\/\/ianima.com.br\/blog\/saude-mental\/alimentacao-e-depressao-entenda-os-sinais-e-caminhos\/\">Alimenta\u00e7\u00e3o e Depress\u00e3o: Entenda os Sinais e Caminhos<\/a><\/li><li><a href=\"https:\/\/ianima.com.br\/blog\/saude-mental\/alimentacao-e-humor-beneficios-caminhos-e-estrategias\/\">Alimenta\u00e7\u00e3o e Humor: Benef\u00edcios, Caminhos e Estrat\u00e9gias<\/a><\/li><li><a href=\"https:\/\/ianima.com.br\/blog\/saude-mental\/ansiedade-e-depressao-avalie-os-sinais-e-impactos\/\">Ansiedade e Depress\u00e3o: Avalie os Sinais e Impactos<\/a><\/li><li><a href=\"https:\/\/ianima.com.br\/blog\/bem-estar\/o-que-significa-empatia-uma-habilidade-essencial-para-o-seculo-xxi\/\">O Que Significa Empatia: Uma Habilidade Essencial para o S\u00e9culo XXI<\/a><\/li><\/ul>\n","protected":false},"excerpt":{"rendered":"<p>Antes de tudo, vale refletir: como pequenas escolhas di\u00e1rias podem nos proteger de um sofrimento t\u00e3o silencioso? Falar sobre como prevenir a depress\u00e3o \u00e9 mais do que apontar caminhos, \u00e9 reconhecer sinais, entender causas e abra\u00e7ar pr\u00e1ticas que fortalecem a mente. Compartilho aqui informa\u00e7\u00f5es alinhadas a estudos atuais, para que voc\u00ea descubra como cuidar de [&hellip;]<\/p>\n","protected":false},"author":1,"featured_media":7300,"comment_status":"closed","ping_status":"closed","sticky":false,"template":"","format":"standard","meta":{"site-sidebar-layout":"default","site-content-layout":"","ast-site-content-layout":"default","site-content-style":"default","site-sidebar-style":"default","ast-global-header-display":"","ast-banner-title-visibility":"","ast-main-header-display":"","ast-hfb-above-header-display":"","ast-hfb-below-header-display":"","ast-hfb-mobile-header-display":"","site-post-title":"","ast-breadcrumbs-content":"","ast-featured-img":"","footer-sml-layout":"","theme-transparent-header-meta":"","adv-header-id-meta":"","stick-header-meta":"","header-above-stick-meta":"","header-main-stick-meta":"","header-below-stick-meta":"","astra-migrate-meta-layouts":"set","ast-page-background-enabled":"default","ast-page-background-meta":{"desktop":{"background-color":"","background-image":"","background-repeat":"repeat","background-position":"center center","background-size":"auto","background-attachment":"scroll","background-type":"","background-media":"","overlay-type":"","overlay-color":"","overlay-opacity":"","overlay-gradient":""},"tablet":{"background-color":"","background-image":"","background-repeat":"repeat","background-position":"center center","background-size":"auto","background-attachment":"scroll","background-type":"","background-media":"","overlay-type":"","overlay-color":"","overlay-opacity":"","overlay-gradient":""},"mobile":{"background-color":"","background-image":"","background-repeat":"repeat","background-position":"center center","background-size":"auto","background-attachment":"scroll","background-type":"","background-media":"","overlay-type":"","overlay-color":"","overlay-opacity":"","overlay-gradient":""}},"ast-content-background-meta":{"desktop":{"background-color":"var(--ast-global-color-5)","background-image":"","background-repeat":"repeat","background-position":"center center","background-size":"auto","background-attachment":"scroll","background-type":"","background-media":"","overlay-type":"","overlay-color":"","overlay-opacity":"","overlay-gradient":""},"tablet":{"background-color":"var(--ast-global-color-5)","background-image":"","background-repeat":"repeat","background-position":"center center","background-size":"auto","background-attachment":"scroll","background-type":"","background-media":"","overlay-type":"","overlay-color":"","overlay-opacity":"","overlay-gradient":""},"mobile":{"background-color":"var(--ast-global-color-5)","background-image":"","background-repeat":"repeat","background-position":"center center","background-size":"auto","background-attachment":"scroll","background-type":"","background-media":"","overlay-type":"","overlay-color":"","overlay-opacity":"","overlay-gradient":""}},"footnotes":""},"categories":[24],"tags":[],"class_list":["post-7298","post","type-post","status-publish","format-standard","has-post-thumbnail","hentry","category-saude-mental"],"yoast_head":"<!-- This site is optimized with the Yoast SEO Premium plugin v20.8 (Yoast SEO v20.8) - https:\/\/yoast.com\/wordpress\/plugins\/seo\/ -->\n<title>Como Prevenir a Depress\u00e3o: Fatores Cruciais<\/title>\n<meta name=\"description\" content=\"Descubra os segredos surpreendentes para prevenir a depress\u00e3o! Conhe\u00e7a os fatores cruciais que podem mudar sua vida agora mesmo!\" \/>\n<meta name=\"robots\" content=\"index, follow, max-snippet:-1, max-image-preview:large, max-video-preview:-1\" \/>\n<link rel=\"canonical\" href=\"https:\/\/ianima.com.br\/blog\/saude-mental\/como-prevenir-a-depressao-fatores-cruciais\/\" \/>\n<meta property=\"og:locale\" content=\"pt_BR\" \/>\n<meta property=\"og:type\" content=\"article\" \/>\n<meta property=\"og:title\" content=\"Como Prevenir a Depress\u00e3o: Fatores Cruciais\" \/>\n<meta property=\"og:description\" content=\"Descubra os segredos surpreendentes para prevenir a depress\u00e3o! Conhe\u00e7a os fatores cruciais que podem mudar sua vida agora mesmo!\" \/>\n<meta property=\"og:url\" content=\"https:\/\/ianima.com.br\/blog\/saude-mental\/como-prevenir-a-depressao-fatores-cruciais\/\" \/>\n<meta property=\"og:site_name\" content=\"Terapia Online com IANIMA: Inova\u00e7\u00e3o e Aconselhamento. O terapeuta online ao seu alcance.\" \/>\n<meta property=\"article:published_time\" content=\"2025-07-03T11:50:07+00:00\" \/>\n<meta property=\"article:modified_time\" content=\"2025-07-03T11:50:08+00:00\" \/>\n<meta property=\"og:image\" content=\"https:\/\/ianima.com.br\/blog\/wp-content\/uploads\/2025\/07\/1MM-12.webp\" \/>\n\t<meta property=\"og:image:width\" content=\"1536\" \/>\n\t<meta property=\"og:image:height\" content=\"1024\" \/>\n\t<meta property=\"og:image:type\" content=\"image\/webp\" \/>\n<meta name=\"author\" content=\"Wanderlei Talib\" \/>\n<meta name=\"twitter:card\" content=\"summary_large_image\" \/>\n<meta name=\"twitter:label1\" content=\"Escrito por\" \/>\n\t<meta name=\"twitter:data1\" content=\"Wanderlei Talib\" \/>\n\t<meta name=\"twitter:label2\" content=\"Est. tempo de leitura\" \/>\n\t<meta name=\"twitter:data2\" content=\"6 minutos\" \/>\n<script type=\"application\/ld+json\" class=\"yoast-schema-graph\">{\"@context\":\"https:\/\/schema.org\",\"@graph\":[{\"@type\":\"Article\",\"@id\":\"https:\/\/ianima.com.br\/blog\/saude-mental\/como-prevenir-a-depressao-fatores-cruciais\/#article\",\"isPartOf\":{\"@id\":\"https:\/\/ianima.com.br\/blog\/saude-mental\/como-prevenir-a-depressao-fatores-cruciais\/\"},\"author\":{\"name\":\"Wanderlei Talib\",\"@id\":\"https:\/\/ianima.com.br\/blog\/#\/schema\/person\/85378d6a819826ce615ae2a7a04f68d8\"},\"headline\":\"Como Prevenir a Depress\u00e3o: Fatores Cruciais\",\"datePublished\":\"2025-07-03T11:50:07+00:00\",\"dateModified\":\"2025-07-03T11:50:08+00:00\",\"mainEntityOfPage\":{\"@id\":\"https:\/\/ianima.com.br\/blog\/saude-mental\/como-prevenir-a-depressao-fatores-cruciais\/\"},\"wordCount\":1198,\"publisher\":{\"@id\":\"https:\/\/ianima.com.br\/blog\/#organization\"},\"articleSection\":[\"Sa\u00fade Mental\"],\"inLanguage\":\"pt-BR\"},{\"@type\":[\"WebPage\",\"FAQPage\"],\"@id\":\"https:\/\/ianima.com.br\/blog\/saude-mental\/como-prevenir-a-depressao-fatores-cruciais\/\",\"url\":\"https:\/\/ianima.com.br\/blog\/saude-mental\/como-prevenir-a-depressao-fatores-cruciais\/\",\"name\":\"Como Prevenir a Depress\u00e3o: Fatores Cruciais\",\"isPartOf\":{\"@id\":\"https:\/\/ianima.com.br\/blog\/#website\"},\"datePublished\":\"2025-07-03T11:50:07+00:00\",\"dateModified\":\"2025-07-03T11:50:08+00:00\",\"description\":\"Descubra os segredos surpreendentes para prevenir a depress\u00e3o! Conhe\u00e7a os fatores cruciais que podem mudar sua vida agora mesmo!\",\"breadcrumb\":{\"@id\":\"https:\/\/ianima.com.br\/blog\/saude-mental\/como-prevenir-a-depressao-fatores-cruciais\/#breadcrumb\"},\"mainEntity\":[{\"@id\":\"https:\/\/ianima.com.br\/blog\/saude-mental\/como-prevenir-a-depressao-fatores-cruciais\/#faq-question-1751543255039\"},{\"@id\":\"https:\/\/ianima.com.br\/blog\/saude-mental\/como-prevenir-a-depressao-fatores-cruciais\/#faq-question-1751543277715\"},{\"@id\":\"https:\/\/ianima.com.br\/blog\/saude-mental\/como-prevenir-a-depressao-fatores-cruciais\/#faq-question-1751543300829\"}],\"inLanguage\":\"pt-BR\",\"potentialAction\":[{\"@type\":\"ReadAction\",\"target\":[\"https:\/\/ianima.com.br\/blog\/saude-mental\/como-prevenir-a-depressao-fatores-cruciais\/\"]}]},{\"@type\":\"BreadcrumbList\",\"@id\":\"https:\/\/ianima.com.br\/blog\/saude-mental\/como-prevenir-a-depressao-fatores-cruciais\/#breadcrumb\",\"itemListElement\":[{\"@type\":\"ListItem\",\"position\":1,\"name\":\"In\u00edcio\",\"item\":\"https:\/\/ianima.com.br\/blog\/\"},{\"@type\":\"ListItem\",\"position\":2,\"name\":\"Como Prevenir a Depress\u00e3o: Fatores Cruciais\"}]},{\"@type\":\"WebSite\",\"@id\":\"https:\/\/ianima.com.br\/blog\/#website\",\"url\":\"https:\/\/ianima.com.br\/blog\/\",\"name\":\"Terapia Online com IANIMA: Inova\u00e7\u00e3o e Aconselhamento. O terapeuta online ao seu alcance.\",\"description\":\"Terapia gratuita online com a IAnima, sua terapeuta online. Artigos sobre terapias online, sa\u00fade mental e bem-estar.\",\"publisher\":{\"@id\":\"https:\/\/ianima.com.br\/blog\/#organization\"},\"potentialAction\":[{\"@type\":\"SearchAction\",\"target\":{\"@type\":\"EntryPoint\",\"urlTemplate\":\"https:\/\/ianima.com.br\/blog\/?s={search_term_string}\"},\"query-input\":\"required name=search_term_string\"}],\"inLanguage\":\"pt-BR\"},{\"@type\":\"Organization\",\"@id\":\"https:\/\/ianima.com.br\/blog\/#organization\",\"name\":\"Terapia Online com IANIMA: Inova\u00e7\u00e3o e Aconselhamento. O terapeuta online ao seu alcance.\",\"url\":\"https:\/\/ianima.com.br\/blog\/\",\"logo\":{\"@type\":\"ImageObject\",\"inLanguage\":\"pt-BR\",\"@id\":\"https:\/\/ianima.com.br\/blog\/#\/schema\/logo\/image\/\",\"url\":\"https:\/\/ianima.com.br\/blog\/wp-content\/uploads\/2025\/04\/cropped-IAnima-terapia-online.webp\",\"contentUrl\":\"https:\/\/ianima.com.br\/blog\/wp-content\/uploads\/2025\/04\/cropped-IAnima-terapia-online.webp\",\"width\":819,\"height\":222,\"caption\":\"Terapia Online com IANIMA: Inova\u00e7\u00e3o e Aconselhamento. O terapeuta online ao seu alcance.\"},\"image\":{\"@id\":\"https:\/\/ianima.com.br\/blog\/#\/schema\/logo\/image\/\"}},{\"@type\":\"Person\",\"@id\":\"https:\/\/ianima.com.br\/blog\/#\/schema\/person\/85378d6a819826ce615ae2a7a04f68d8\",\"name\":\"Wanderlei Talib\",\"image\":{\"@type\":\"ImageObject\",\"inLanguage\":\"pt-BR\",\"@id\":\"https:\/\/ianima.com.br\/blog\/#\/schema\/person\/image\/\",\"url\":\"https:\/\/ianima.com.br\/blog\/wp-content\/litespeed\/avatar\/a0461c2b338365ab5dd45a3e926e23c7.jpg?ver=1777055969\",\"contentUrl\":\"https:\/\/ianima.com.br\/blog\/wp-content\/litespeed\/avatar\/a0461c2b338365ab5dd45a3e926e23c7.jpg?ver=1777055969\",\"caption\":\"Wanderlei Talib\"},\"sameAs\":[\"https:\/\/ianima.com.br\/blog\"],\"url\":\"https:\/\/ianima.com.br\/blog\/author\/adminedu\/\"},{\"@type\":\"Question\",\"@id\":\"https:\/\/ianima.com.br\/blog\/saude-mental\/como-prevenir-a-depressao-fatores-cruciais\/#faq-question-1751543255039\",\"position\":1,\"url\":\"https:\/\/ianima.com.br\/blog\/saude-mental\/como-prevenir-a-depressao-fatores-cruciais\/#faq-question-1751543255039\",\"name\":\"Quais s\u00e3o algumas dicas para prevenir a depress\u00e3o?\",\"answerCount\":1,\"acceptedAnswer\":{\"@type\":\"Answer\",\"text\":\"Algumas dicas incluem manter uma rotina saud\u00e1vel, praticar exerc\u00edcios f\u00edsicos regularmente, ter uma alimenta\u00e7\u00e3o equilibrada e buscar momentos de lazer.\",\"inLanguage\":\"pt-BR\"},\"inLanguage\":\"pt-BR\"},{\"@type\":\"Question\",\"@id\":\"https:\/\/ianima.com.br\/blog\/saude-mental\/como-prevenir-a-depressao-fatores-cruciais\/#faq-question-1751543277715\",\"position\":2,\"url\":\"https:\/\/ianima.com.br\/blog\/saude-mental\/como-prevenir-a-depressao-fatores-cruciais\/#faq-question-1751543277715\",\"name\":\"Como a medita\u00e7\u00e3o pode ajudar na preven\u00e7\u00e3o da depress\u00e3o?\",\"answerCount\":1,\"acceptedAnswer\":{\"@type\":\"Answer\",\"text\":\"A medita\u00e7\u00e3o ajuda a reduzir o estresse, aumenta a autoconsci\u00eancia e promove uma sensa\u00e7\u00e3o de calma, o que pode ajudar a prevenir a depress\u00e3o.\",\"inLanguage\":\"pt-BR\"},\"inLanguage\":\"pt-BR\"},{\"@type\":\"Question\",\"@id\":\"https:\/\/ianima.com.br\/blog\/saude-mental\/como-prevenir-a-depressao-fatores-cruciais\/#faq-question-1751543300829\",\"position\":3,\"url\":\"https:\/\/ianima.com.br\/blog\/saude-mental\/como-prevenir-a-depressao-fatores-cruciais\/#faq-question-1751543300829\",\"name\":\"\u00c9 importante falar sobre meus sentimentos para prevenir a depress\u00e3o?\",\"answerCount\":1,\"acceptedAnswer\":{\"@type\":\"Answer\",\"text\":\"Sim! Conversar com amigos, familiares ou profissionais pode aliviar a carga emocional e ajudar a identificar sinais de alerta.\",\"inLanguage\":\"pt-BR\"},\"inLanguage\":\"pt-BR\"}]}<\/script>\n<!-- \/ Yoast SEO Premium plugin. -->","yoast_head_json":{"title":"Como Prevenir a Depress\u00e3o: Fatores Cruciais","description":"Descubra os segredos surpreendentes para prevenir a depress\u00e3o! Conhe\u00e7a os fatores cruciais que podem mudar sua vida agora mesmo!","robots":{"index":"index","follow":"follow","max-snippet":"max-snippet:-1","max-image-preview":"max-image-preview:large","max-video-preview":"max-video-preview:-1"},"canonical":"https:\/\/ianima.com.br\/blog\/saude-mental\/como-prevenir-a-depressao-fatores-cruciais\/","og_locale":"pt_BR","og_type":"article","og_title":"Como Prevenir a Depress\u00e3o: Fatores Cruciais","og_description":"Descubra os segredos surpreendentes para prevenir a depress\u00e3o! Conhe\u00e7a os fatores cruciais que podem mudar sua vida agora mesmo!","og_url":"https:\/\/ianima.com.br\/blog\/saude-mental\/como-prevenir-a-depressao-fatores-cruciais\/","og_site_name":"Terapia Online com IANIMA: Inova\u00e7\u00e3o e Aconselhamento. O terapeuta online ao seu alcance.","article_published_time":"2025-07-03T11:50:07+00:00","article_modified_time":"2025-07-03T11:50:08+00:00","og_image":[{"width":1536,"height":1024,"url":"https:\/\/ianima.com.br\/blog\/wp-content\/uploads\/2025\/07\/1MM-12.webp","type":"image\/webp"}],"author":"Wanderlei Talib","twitter_card":"summary_large_image","twitter_misc":{"Escrito por":"Wanderlei Talib","Est. tempo de leitura":"6 minutos"},"schema":{"@context":"https:\/\/schema.org","@graph":[{"@type":"Article","@id":"https:\/\/ianima.com.br\/blog\/saude-mental\/como-prevenir-a-depressao-fatores-cruciais\/#article","isPartOf":{"@id":"https:\/\/ianima.com.br\/blog\/saude-mental\/como-prevenir-a-depressao-fatores-cruciais\/"},"author":{"name":"Wanderlei Talib","@id":"https:\/\/ianima.com.br\/blog\/#\/schema\/person\/85378d6a819826ce615ae2a7a04f68d8"},"headline":"Como Prevenir a Depress\u00e3o: Fatores Cruciais","datePublished":"2025-07-03T11:50:07+00:00","dateModified":"2025-07-03T11:50:08+00:00","mainEntityOfPage":{"@id":"https:\/\/ianima.com.br\/blog\/saude-mental\/como-prevenir-a-depressao-fatores-cruciais\/"},"wordCount":1198,"publisher":{"@id":"https:\/\/ianima.com.br\/blog\/#organization"},"articleSection":["Sa\u00fade Mental"],"inLanguage":"pt-BR"},{"@type":["WebPage","FAQPage"],"@id":"https:\/\/ianima.com.br\/blog\/saude-mental\/como-prevenir-a-depressao-fatores-cruciais\/","url":"https:\/\/ianima.com.br\/blog\/saude-mental\/como-prevenir-a-depressao-fatores-cruciais\/","name":"Como Prevenir a Depress\u00e3o: Fatores Cruciais","isPartOf":{"@id":"https:\/\/ianima.com.br\/blog\/#website"},"datePublished":"2025-07-03T11:50:07+00:00","dateModified":"2025-07-03T11:50:08+00:00","description":"Descubra os segredos surpreendentes para prevenir a depress\u00e3o! Conhe\u00e7a os fatores cruciais que podem mudar sua vida agora mesmo!","breadcrumb":{"@id":"https:\/\/ianima.com.br\/blog\/saude-mental\/como-prevenir-a-depressao-fatores-cruciais\/#breadcrumb"},"mainEntity":[{"@id":"https:\/\/ianima.com.br\/blog\/saude-mental\/como-prevenir-a-depressao-fatores-cruciais\/#faq-question-1751543255039"},{"@id":"https:\/\/ianima.com.br\/blog\/saude-mental\/como-prevenir-a-depressao-fatores-cruciais\/#faq-question-1751543277715"},{"@id":"https:\/\/ianima.com.br\/blog\/saude-mental\/como-prevenir-a-depressao-fatores-cruciais\/#faq-question-1751543300829"}],"inLanguage":"pt-BR","potentialAction":[{"@type":"ReadAction","target":["https:\/\/ianima.com.br\/blog\/saude-mental\/como-prevenir-a-depressao-fatores-cruciais\/"]}]},{"@type":"BreadcrumbList","@id":"https:\/\/ianima.com.br\/blog\/saude-mental\/como-prevenir-a-depressao-fatores-cruciais\/#breadcrumb","itemListElement":[{"@type":"ListItem","position":1,"name":"In\u00edcio","item":"https:\/\/ianima.com.br\/blog\/"},{"@type":"ListItem","position":2,"name":"Como Prevenir a Depress\u00e3o: Fatores Cruciais"}]},{"@type":"WebSite","@id":"https:\/\/ianima.com.br\/blog\/#website","url":"https:\/\/ianima.com.br\/blog\/","name":"Terapia Online com IANIMA: Inova\u00e7\u00e3o e Aconselhamento. O terapeuta online ao seu alcance.","description":"Terapia gratuita online com a IAnima, sua terapeuta online. Artigos sobre terapias online, sa\u00fade mental e bem-estar.","publisher":{"@id":"https:\/\/ianima.com.br\/blog\/#organization"},"potentialAction":[{"@type":"SearchAction","target":{"@type":"EntryPoint","urlTemplate":"https:\/\/ianima.com.br\/blog\/?s={search_term_string}"},"query-input":"required name=search_term_string"}],"inLanguage":"pt-BR"},{"@type":"Organization","@id":"https:\/\/ianima.com.br\/blog\/#organization","name":"Terapia Online com IANIMA: Inova\u00e7\u00e3o e Aconselhamento. O terapeuta online ao seu alcance.","url":"https:\/\/ianima.com.br\/blog\/","logo":{"@type":"ImageObject","inLanguage":"pt-BR","@id":"https:\/\/ianima.com.br\/blog\/#\/schema\/logo\/image\/","url":"https:\/\/ianima.com.br\/blog\/wp-content\/uploads\/2025\/04\/cropped-IAnima-terapia-online.webp","contentUrl":"https:\/\/ianima.com.br\/blog\/wp-content\/uploads\/2025\/04\/cropped-IAnima-terapia-online.webp","width":819,"height":222,"caption":"Terapia Online com IANIMA: Inova\u00e7\u00e3o e Aconselhamento. O terapeuta online ao seu alcance."},"image":{"@id":"https:\/\/ianima.com.br\/blog\/#\/schema\/logo\/image\/"}},{"@type":"Person","@id":"https:\/\/ianima.com.br\/blog\/#\/schema\/person\/85378d6a819826ce615ae2a7a04f68d8","name":"Wanderlei Talib","image":{"@type":"ImageObject","inLanguage":"pt-BR","@id":"https:\/\/ianima.com.br\/blog\/#\/schema\/person\/image\/","url":"https:\/\/ianima.com.br\/blog\/wp-content\/litespeed\/avatar\/a0461c2b338365ab5dd45a3e926e23c7.jpg?ver=1777055969","contentUrl":"https:\/\/ianima.com.br\/blog\/wp-content\/litespeed\/avatar\/a0461c2b338365ab5dd45a3e926e23c7.jpg?ver=1777055969","caption":"Wanderlei Talib"},"sameAs":["https:\/\/ianima.com.br\/blog"],"url":"https:\/\/ianima.com.br\/blog\/author\/adminedu\/"},{"@type":"Question","@id":"https:\/\/ianima.com.br\/blog\/saude-mental\/como-prevenir-a-depressao-fatores-cruciais\/#faq-question-1751543255039","position":1,"url":"https:\/\/ianima.com.br\/blog\/saude-mental\/como-prevenir-a-depressao-fatores-cruciais\/#faq-question-1751543255039","name":"Quais s\u00e3o algumas dicas para prevenir a depress\u00e3o?","answerCount":1,"acceptedAnswer":{"@type":"Answer","text":"Algumas dicas incluem manter uma rotina saud\u00e1vel, praticar exerc\u00edcios f\u00edsicos regularmente, ter uma alimenta\u00e7\u00e3o equilibrada e buscar momentos de lazer.","inLanguage":"pt-BR"},"inLanguage":"pt-BR"},{"@type":"Question","@id":"https:\/\/ianima.com.br\/blog\/saude-mental\/como-prevenir-a-depressao-fatores-cruciais\/#faq-question-1751543277715","position":2,"url":"https:\/\/ianima.com.br\/blog\/saude-mental\/como-prevenir-a-depressao-fatores-cruciais\/#faq-question-1751543277715","name":"Como a medita\u00e7\u00e3o pode ajudar na preven\u00e7\u00e3o da depress\u00e3o?","answerCount":1,"acceptedAnswer":{"@type":"Answer","text":"A medita\u00e7\u00e3o ajuda a reduzir o estresse, aumenta a autoconsci\u00eancia e promove uma sensa\u00e7\u00e3o de calma, o que pode ajudar a prevenir a depress\u00e3o.","inLanguage":"pt-BR"},"inLanguage":"pt-BR"},{"@type":"Question","@id":"https:\/\/ianima.com.br\/blog\/saude-mental\/como-prevenir-a-depressao-fatores-cruciais\/#faq-question-1751543300829","position":3,"url":"https:\/\/ianima.com.br\/blog\/saude-mental\/como-prevenir-a-depressao-fatores-cruciais\/#faq-question-1751543300829","name":"\u00c9 importante falar sobre meus sentimentos para prevenir a depress\u00e3o?","answerCount":1,"acceptedAnswer":{"@type":"Answer","text":"Sim! Conversar com amigos, familiares ou profissionais pode aliviar a carga emocional e ajudar a identificar sinais de alerta.","inLanguage":"pt-BR"},"inLanguage":"pt-BR"}]}},"_links":{"self":[{"href":"https:\/\/ianima.com.br\/blog\/wp-json\/wp\/v2\/posts\/7298","targetHints":{"allow":["GET"]}}],"collection":[{"href":"https:\/\/ianima.com.br\/blog\/wp-json\/wp\/v2\/posts"}],"about":[{"href":"https:\/\/ianima.com.br\/blog\/wp-json\/wp\/v2\/types\/post"}],"author":[{"embeddable":true,"href":"https:\/\/ianima.com.br\/blog\/wp-json\/wp\/v2\/users\/1"}],"replies":[{"embeddable":true,"href":"https:\/\/ianima.com.br\/blog\/wp-json\/wp\/v2\/comments?post=7298"}],"version-history":[{"count":1,"href":"https:\/\/ianima.com.br\/blog\/wp-json\/wp\/v2\/posts\/7298\/revisions"}],"predecessor-version":[{"id":7302,"href":"https:\/\/ianima.com.br\/blog\/wp-json\/wp\/v2\/posts\/7298\/revisions\/7302"}],"wp:featuredmedia":[{"embeddable":true,"href":"https:\/\/ianima.com.br\/blog\/wp-json\/wp\/v2\/media\/7300"}],"wp:attachment":[{"href":"https:\/\/ianima.com.br\/blog\/wp-json\/wp\/v2\/media?parent=7298"}],"wp:term":[{"taxonomy":"category","embeddable":true,"href":"https:\/\/ianima.com.br\/blog\/wp-json\/wp\/v2\/categories?post=7298"},{"taxonomy":"post_tag","embeddable":true,"href":"https:\/\/ianima.com.br\/blog\/wp-json\/wp\/v2\/tags?post=7298"}],"curies":[{"name":"wp","href":"https:\/\/api.w.org\/{rel}","templated":true}]}}