{"id":7368,"date":"2025-07-03T16:34:07","date_gmt":"2025-07-03T16:34:07","guid":{"rendered":"https:\/\/ianima.com.br\/blog\/?p=7368"},"modified":"2025-07-03T16:34:09","modified_gmt":"2025-07-03T16:34:09","slug":"o-que-a-depressao-pode-causar-no-corpo-fatores-e-sinais","status":"publish","type":"post","link":"https:\/\/ianima.com.br\/blog\/saude-mental\/o-que-a-depressao-pode-causar-no-corpo-fatores-e-sinais\/","title":{"rendered":"O que a depress\u00e3o pode causar no corpo: Fatores e Sinais"},"content":{"rendered":"\n<p>Antes de tudo, voc\u00ea j\u00e1 parou para pensar <strong>o que a depress\u00e3o pode causar no corpo<\/strong>? Muitas vezes, associamos esse transtorno apenas a sentimentos de tristeza ou desesperan\u00e7a, mas ele vai muito al\u00e9m. \u00c9 uma condi\u00e7\u00e3o complexa, que pode se manifestar fisicamente de formas inesperadas. A princ\u00edpio, compartilhar informa\u00e7\u00f5es atualizadas \u00e9 essencial para reconhecer sinais e buscar apoio no momento certo. Descubra os sinais, causas e caminhos para compreender a <strong>depress\u00e3o<\/strong> que podem estar impactando sua vida.<\/p>\n\n\n\n<p>Os Sinais e Sintomas da <strong>Depress\u00e3o<\/strong><\/p>\n\n\n\n<p>Al\u00e9m de tristeza persistente e falta de motiva\u00e7\u00e3o, a <strong>depress\u00e3o<\/strong> pode desencadear dores de cabe\u00e7a, tens\u00e3o muscular, altera\u00e7\u00f5es no sono e no apetite. Bem como fadiga extrema, sensa\u00e7\u00e3o de peso no corpo, dores inexplic\u00e1veis e problemas gastrointestinais. Por exemplo, algumas pessoas sentem dores cr\u00f4nicas nas costas ou no est\u00f4mago, sem causa f\u00edsica aparente.<\/p>\n\n\n\n<p>A Psicologia por Tr\u00e1s da Vida Real: A <strong>Depress\u00e3o<\/strong> no Dia a Dia *<\/p>\n\n\n\n<p>No cotidiano, a <strong>depress\u00e3o<\/strong> pode se manifestar quando algu\u00e9m evita atividades simples, como sair da cama ou tomar banho. \u00c9 como se o corpo pesasse o dobro. Uma pessoa que antes era ativa pode come\u00e7ar a sentir dores frequentes, dificuldades para se concentrar e uma exaust\u00e3o que n\u00e3o melhora com descanso. \u00c9 como carregar uma mochila cheia de pedras invis\u00edveis.<\/p>\n\n\n\n<p>Compreendendo os Momentos Cr\u00edticos da <strong>Depress\u00e3o<\/strong><\/p>\n\n\n\n<p>Os momentos cr\u00edticos da <strong>depress\u00e3o<\/strong> costumam ser marcados por crises de choro, picos de ansiedade, dores f\u00edsicas acentuadas e at\u00e9 pensamentos de desist\u00eancia. \u00c9 importante diferenciar esses sinais de um estresse passageiro ou de um cansa\u00e7o comum do dia a dia.<\/p>\n\n\n\n<p>O Que Desencadeia a <strong>Depress\u00e3o<\/strong>?<\/p>\n\n\n\n<p>Fatores como predisposi\u00e7\u00e3o gen\u00e9tica, traumas, estresse prolongado, uso de subst\u00e2ncias e at\u00e9 doen\u00e7as f\u00edsicas podem ser gatilhos. Al\u00e9m disso, situa\u00e7\u00f5es como perdas significativas, ambiente familiar hostil ou press\u00e3o constante podem intensificar o quadro depressivo.<\/p>\n\n\n\n<p>Mitos e Verdades sobre Solu\u00e7\u00f5es para a <strong>Depress\u00e3o<\/strong><\/p>\n\n\n\n<p>Muitas pessoas acreditam que a <strong>depress\u00e3o<\/strong> \u00e9 apenas falta de for\u00e7a de vontade, mas isso \u00e9 um mito. Bem como achar que passar um tempo isolado resolve tudo. O tratamento pode envolver diferentes abordagens, desde terapia at\u00e9 mudan\u00e7as de h\u00e1bitos, sempre com apoio profissional quando necess\u00e1rio.<\/p>\n\n\n\n<p>Como Lidar com a <strong>Depress\u00e3o<\/strong> no Dia a Dia<\/p>\n\n\n\n<p>Pr\u00e1ticas simples, como manter uma rotina de sono regular, caminhar ao ar livre, conversar com pessoas de confian\u00e7a e escrever sobre os sentimentos, podem ajudar. Al\u00e9m disso, evitar o isolamento total e buscar atividades prazerosas, mesmo que pequenas, faz diferen\u00e7a.<\/p>\n\n\n\n<p>A <strong>Depress\u00e3o<\/strong> no Corpo e na Mente: Manifesta\u00e7\u00f5es<\/p>\n\n\n\n<p>A conex\u00e3o mente-corpo \u00e9 real: o estresse emocional afeta o sistema imunol\u00f3gico, cardiovascular e digestivo. Por isso, quem vive com <strong>depress\u00e3o<\/strong> pode ter dores constantes, altera\u00e7\u00f5es hormonais e maior vulnerabilidade a doen\u00e7as.<\/p>\n\n\n\n<p><strong>Depress\u00e3o<\/strong>: Uma Perspectiva Ampliada<\/p>\n\n\n\n<p>Em alguns casos, a <strong>depress\u00e3o<\/strong> pode se manifestar como <strong>transtorno depressivo persistente<\/strong> (distimia), com sintomas mais leves, por\u00e9m duradouros. Essa varia\u00e7\u00e3o impacta o corpo de forma sutil, mas cont\u00ednua, levando a fadiga cr\u00f4nica e baixa energia.<\/p>\n\n\n\n<p>Quem Busca Al\u00edvio para a <strong>Depress\u00e3o<\/strong>?<\/p>\n\n\n\n<p>Pessoas de todas as idades podem buscar al\u00edvio para a <strong>depress\u00e3o<\/strong>, desde adolescentes at\u00e9 idosos. Muitas vezes, \u00e9 um pai de fam\u00edlia que sente dores constantes, um jovem universit\u00e1rio exausto ou algu\u00e9m que convive com crises silenciosas sem falar a ningu\u00e9m.<\/p>\n\n\n\n<p>Diferentes Abordagens para Lidar com a <strong>Depress\u00e3o<\/strong><\/p>\n\n\n\n<p>Al\u00e9m da psicoterapia, atividades f\u00edsicas, t\u00e9cnicas de respira\u00e7\u00e3o, grupos de apoio e mudan\u00e7as na alimenta\u00e7\u00e3o podem contribuir para aliviar sintomas f\u00edsicos e emocionais.<\/p>\n\n\n\n<p>Sinais de Alerta: Quando Buscar Ajuda Profissional<\/p>\n\n\n\n<p>Se os sintomas f\u00edsicos ou emocionais persistirem, se houver pensamentos autodestrutivos ou dificuldades extremas para realizar tarefas di\u00e1rias, \u00e9 hora de buscar ajuda de um profissional de sa\u00fade mental.<\/p>\n\n\n\n<p>Recursos e Informa\u00e7\u00f5es Confi\u00e1veis sobre a <strong>Depress\u00e3o<\/strong><\/p>\n\n\n\n<p>Organiza\u00e7\u00f5es como a OMS, associa\u00e7\u00f5es de psicologia e grupos de apoio online oferecem informa\u00e7\u00f5es confi\u00e1veis. Conversar com profissionais qualificados tamb\u00e9m \u00e9 fundamental.<\/p>\n\n\n\n<p>Dicas para A\u00e7\u00e3o Imediata em Momentos de <strong>Depress\u00e3o<\/strong><\/p>\n\n\n\n<p>Respirar fundo, tomar um banho morno, caminhar por alguns minutos, escrever pensamentos em um papel ou conversar com algu\u00e9m de confian\u00e7a podem ajudar a aliviar crises moment\u00e2neas.<\/p>\n\n\n\n<p>Conclus\u00e3o<\/p>\n\n\n\n<p>Em suma, entender <strong>o que a depress\u00e3o pode causar no corpo<\/strong> \u00e9 um passo importante para reconhecer sinais e buscar apoio. Lembre-se de que ningu\u00e9m precisa enfrentar isso sozinho. Se voc\u00ea se identifica com esses sinais, buscar informa\u00e7\u00e3o e apoio pode ser o primeiro passo para uma vida mais leve e equilibrada!<\/p>\n\n\n\n<p>* Essas narrativas s\u00e3o fict\u00edcias mas inspiradas em situa\u00e7\u00f5es comumente vivenciadas nos estudos e na cl\u00ednica psicol\u00f3gica.<\/p>\n\n\n\n<figure class=\"wp-block-image aligncenter size-large is-resized\"><img fetchpriority=\"high\" decoding=\"async\" width=\"1024\" height=\"683\" src=\"https:\/\/ianima.com.br\/blog\/wp-content\/uploads\/2025\/07\/2MM-26-1024x683.webp\" alt=\"O que a depress\u00e3o pode causar no corpo: Fatores e Sinais\" class=\"wp-image-7371\" style=\"width:500px\" srcset=\"https:\/\/ianima.com.br\/blog\/wp-content\/uploads\/2025\/07\/2MM-26-1024x683.webp 1024w, https:\/\/ianima.com.br\/blog\/wp-content\/uploads\/2025\/07\/2MM-26-300x200.webp 300w, https:\/\/ianima.com.br\/blog\/wp-content\/uploads\/2025\/07\/2MM-26-768x512.webp 768w, https:\/\/ianima.com.br\/blog\/wp-content\/uploads\/2025\/07\/2MM-26.webp 1536w\" sizes=\"(max-width: 1024px) 100vw, 1024px\" \/><\/figure>\n\n\n\n<h2 class=\"wp-block-heading\" id=\"h-perguntas-frequentes-faq\">Perguntas Frequentes (FAQ)<\/h2>\n\n\n\n<div class=\"schema-faq wp-block-yoast-faq-block\"><div class=\"schema-faq-section\" id=\"faq-question-1751560304296\"><strong class=\"schema-faq-question\">O que a depress\u00e3o pode causar no corpo?<\/strong> <p class=\"schema-faq-answer\">A depress\u00e3o pode causar uma s\u00e9rie de problemas f\u00edsicos, como fadiga, dores de cabe\u00e7a, dores musculares e at\u00e9 problemas digestivos.<\/p> <\/div> <div class=\"schema-faq-section\" id=\"faq-question-1751560325604\"><strong class=\"schema-faq-question\">A depress\u00e3o afeta o sono?<\/strong> <p class=\"schema-faq-answer\">Sim, a depress\u00e3o pode levar a ins\u00f4nia ou sono excessivo, deixando a pessoa ainda mais cansada.<\/p> <\/div> <div class=\"schema-faq-section\" id=\"faq-question-1751560344787\"><strong class=\"schema-faq-question\">A depress\u00e3o pode influenciar o apetite?<\/strong> <p class=\"schema-faq-answer\">Com certeza! Ela pode causar perda de apetite ou aumento do desejo por alimentos, afetando o peso e a sa\u00fade geral.<\/p> <\/div> <\/div>\n\n\n\n<ul class=\"wp-block-yoast-seo-related-links\"><li><a href=\"https:\/\/ianima.com.br\/blog\/saude-mental\/o-que-pode-causar-ansiedade-fatores-mais-importantes\/\">O Que Pode Causar Ansiedade: Fatores Mais Importantes<\/a><\/li><li><a href=\"https:\/\/ianima.com.br\/blog\/saude-mental\/a-ansiedade-pode-causar-o-que-impactos-e-sinais-importantes\/\">A ansiedade pode causar o que: impactos e sinais importantes<\/a><\/li><li><a href=\"https:\/\/ianima.com.br\/blog\/saude-mental\/o-que-a-ansiedade-pode-causar-no-corpo-entenda-os-efeitos\/\">O Que a Ansiedade Pode Causar no Corpo: Entenda os Efeitos<\/a><\/li><li><a href=\"https:\/\/ianima.com.br\/blog\/saude-mental\/o-que-ansiedade-pode-causar-sinais-e-impactos-reais\/\">O que ansiedade pode causar: sinais e impactos reais<\/a><\/li><li><a href=\"https:\/\/ianima.com.br\/blog\/saude-mental\/5-dores-da-ansiedade-o-que-voce-precisa-saber\/\">5 Dores da Ansiedade: O Que Voc\u00ea Precisa Saber<\/a><\/li><\/ul>\n","protected":false},"excerpt":{"rendered":"<p>Antes de tudo, voc\u00ea j\u00e1 parou para pensar o que a depress\u00e3o pode causar no corpo? Muitas vezes, associamos esse transtorno apenas a sentimentos de tristeza ou desesperan\u00e7a, mas ele vai muito al\u00e9m. \u00c9 uma condi\u00e7\u00e3o complexa, que pode se manifestar fisicamente de formas inesperadas. A princ\u00edpio, compartilhar informa\u00e7\u00f5es atualizadas \u00e9 essencial para reconhecer sinais [&hellip;]<\/p>\n","protected":false},"author":1,"featured_media":7370,"comment_status":"closed","ping_status":"closed","sticky":false,"template":"","format":"standard","meta":{"site-sidebar-layout":"default","site-content-layout":"","ast-site-content-layout":"default","site-content-style":"default","site-sidebar-style":"default","ast-global-header-display":"","ast-banner-title-visibility":"","ast-main-header-display":"","ast-hfb-above-header-display":"","ast-hfb-below-header-display":"","ast-hfb-mobile-header-display":"","site-post-title":"","ast-breadcrumbs-content":"","ast-featured-img":"","footer-sml-layout":"","theme-transparent-header-meta":"","adv-header-id-meta":"","stick-header-meta":"","header-above-stick-meta":"","header-main-stick-meta":"","header-below-stick-meta":"","astra-migrate-meta-layouts":"set","ast-page-background-enabled":"default","ast-page-background-meta":{"desktop":{"background-color":"","background-image":"","background-repeat":"repeat","background-position":"center center","background-size":"auto","background-attachment":"scroll","background-type":"","background-media":"","overlay-type":"","overlay-color":"","overlay-opacity":"","overlay-gradient":""},"tablet":{"background-color":"","background-image":"","background-repeat":"repeat","background-position":"center center","background-size":"auto","background-attachment":"scroll","background-type":"","background-media":"","overlay-type":"","overlay-color":"","overlay-opacity":"","overlay-gradient":""},"mobile":{"background-color":"","background-image":"","background-repeat":"repeat","background-position":"center center","background-size":"auto","background-attachment":"scroll","background-type":"","background-media":"","overlay-type":"","overlay-color":"","overlay-opacity":"","overlay-gradient":""}},"ast-content-background-meta":{"desktop":{"background-color":"var(--ast-global-color-5)","background-image":"","background-repeat":"repeat","background-position":"center center","background-size":"auto","background-attachment":"scroll","background-type":"","background-media":"","overlay-type":"","overlay-color":"","overlay-opacity":"","overlay-gradient":""},"tablet":{"background-color":"var(--ast-global-color-5)","background-image":"","background-repeat":"repeat","background-position":"center center","background-size":"auto","background-attachment":"scroll","background-type":"","background-media":"","overlay-type":"","overlay-color":"","overlay-opacity":"","overlay-gradient":""},"mobile":{"background-color":"var(--ast-global-color-5)","background-image":"","background-repeat":"repeat","background-position":"center center","background-size":"auto","background-attachment":"scroll","background-type":"","background-media":"","overlay-type":"","overlay-color":"","overlay-opacity":"","overlay-gradient":""}},"footnotes":""},"categories":[24],"tags":[],"class_list":["post-7368","post","type-post","status-publish","format-standard","has-post-thumbnail","hentry","category-saude-mental"],"yoast_head":"<!-- This site is optimized with the Yoast SEO Premium plugin v20.8 (Yoast SEO v20.8) - https:\/\/yoast.com\/wordpress\/plugins\/seo\/ -->\n<title>O que a depress\u00e3o pode causar no corpo: Fatores e Sinais<\/title>\n<meta name=\"description\" content=\"Descubra os efeitos surpreendentes da depress\u00e3o no seu corpo! Conhe\u00e7a os sinais e fatores que voc\u00ea n\u00e3o pode ignorar!\" \/>\n<meta name=\"robots\" content=\"index, follow, max-snippet:-1, max-image-preview:large, max-video-preview:-1\" \/>\n<link rel=\"canonical\" href=\"https:\/\/ianima.com.br\/blog\/saude-mental\/o-que-a-depressao-pode-causar-no-corpo-fatores-e-sinais\/\" \/>\n<meta property=\"og:locale\" content=\"pt_BR\" \/>\n<meta property=\"og:type\" content=\"article\" \/>\n<meta property=\"og:title\" content=\"O que a depress\u00e3o pode causar no corpo: Fatores e Sinais\" \/>\n<meta property=\"og:description\" content=\"Descubra os efeitos surpreendentes da depress\u00e3o no seu corpo! Conhe\u00e7a os sinais e fatores que voc\u00ea n\u00e3o pode ignorar!\" \/>\n<meta property=\"og:url\" content=\"https:\/\/ianima.com.br\/blog\/saude-mental\/o-que-a-depressao-pode-causar-no-corpo-fatores-e-sinais\/\" \/>\n<meta property=\"og:site_name\" content=\"Terapia Online com IANIMA: Inova\u00e7\u00e3o e Aconselhamento. O terapeuta online ao seu alcance.\" \/>\n<meta property=\"article:published_time\" content=\"2025-07-03T16:34:07+00:00\" \/>\n<meta property=\"article:modified_time\" content=\"2025-07-03T16:34:09+00:00\" \/>\n<meta property=\"og:image\" content=\"https:\/\/ianima.com.br\/blog\/wp-content\/uploads\/2025\/07\/1MM-26.webp\" \/>\n\t<meta property=\"og:image:width\" content=\"1536\" \/>\n\t<meta property=\"og:image:height\" content=\"1024\" \/>\n\t<meta property=\"og:image:type\" content=\"image\/webp\" \/>\n<meta name=\"author\" content=\"Wanderlei Talib\" \/>\n<meta name=\"twitter:card\" content=\"summary_large_image\" \/>\n<meta name=\"twitter:label1\" content=\"Escrito por\" \/>\n\t<meta name=\"twitter:data1\" content=\"Wanderlei Talib\" \/>\n\t<meta name=\"twitter:label2\" content=\"Est. tempo de leitura\" \/>\n\t<meta name=\"twitter:data2\" content=\"5 minutos\" \/>\n<script type=\"application\/ld+json\" class=\"yoast-schema-graph\">{\"@context\":\"https:\/\/schema.org\",\"@graph\":[{\"@type\":\"Article\",\"@id\":\"https:\/\/ianima.com.br\/blog\/saude-mental\/o-que-a-depressao-pode-causar-no-corpo-fatores-e-sinais\/#article\",\"isPartOf\":{\"@id\":\"https:\/\/ianima.com.br\/blog\/saude-mental\/o-que-a-depressao-pode-causar-no-corpo-fatores-e-sinais\/\"},\"author\":{\"name\":\"Wanderlei Talib\",\"@id\":\"https:\/\/ianima.com.br\/blog\/#\/schema\/person\/85378d6a819826ce615ae2a7a04f68d8\"},\"headline\":\"O que a depress\u00e3o pode causar no corpo: Fatores e Sinais\",\"datePublished\":\"2025-07-03T16:34:07+00:00\",\"dateModified\":\"2025-07-03T16:34:09+00:00\",\"mainEntityOfPage\":{\"@id\":\"https:\/\/ianima.com.br\/blog\/saude-mental\/o-que-a-depressao-pode-causar-no-corpo-fatores-e-sinais\/\"},\"wordCount\":968,\"publisher\":{\"@id\":\"https:\/\/ianima.com.br\/blog\/#organization\"},\"articleSection\":[\"Sa\u00fade Mental\"],\"inLanguage\":\"pt-BR\"},{\"@type\":[\"WebPage\",\"FAQPage\"],\"@id\":\"https:\/\/ianima.com.br\/blog\/saude-mental\/o-que-a-depressao-pode-causar-no-corpo-fatores-e-sinais\/\",\"url\":\"https:\/\/ianima.com.br\/blog\/saude-mental\/o-que-a-depressao-pode-causar-no-corpo-fatores-e-sinais\/\",\"name\":\"O que a depress\u00e3o pode causar no corpo: Fatores e Sinais\",\"isPartOf\":{\"@id\":\"https:\/\/ianima.com.br\/blog\/#website\"},\"datePublished\":\"2025-07-03T16:34:07+00:00\",\"dateModified\":\"2025-07-03T16:34:09+00:00\",\"description\":\"Descubra os efeitos surpreendentes da depress\u00e3o no seu corpo! Conhe\u00e7a os sinais e fatores que voc\u00ea n\u00e3o pode ignorar!\",\"breadcrumb\":{\"@id\":\"https:\/\/ianima.com.br\/blog\/saude-mental\/o-que-a-depressao-pode-causar-no-corpo-fatores-e-sinais\/#breadcrumb\"},\"mainEntity\":[{\"@id\":\"https:\/\/ianima.com.br\/blog\/saude-mental\/o-que-a-depressao-pode-causar-no-corpo-fatores-e-sinais\/#faq-question-1751560304296\"},{\"@id\":\"https:\/\/ianima.com.br\/blog\/saude-mental\/o-que-a-depressao-pode-causar-no-corpo-fatores-e-sinais\/#faq-question-1751560325604\"},{\"@id\":\"https:\/\/ianima.com.br\/blog\/saude-mental\/o-que-a-depressao-pode-causar-no-corpo-fatores-e-sinais\/#faq-question-1751560344787\"}],\"inLanguage\":\"pt-BR\",\"potentialAction\":[{\"@type\":\"ReadAction\",\"target\":[\"https:\/\/ianima.com.br\/blog\/saude-mental\/o-que-a-depressao-pode-causar-no-corpo-fatores-e-sinais\/\"]}]},{\"@type\":\"BreadcrumbList\",\"@id\":\"https:\/\/ianima.com.br\/blog\/saude-mental\/o-que-a-depressao-pode-causar-no-corpo-fatores-e-sinais\/#breadcrumb\",\"itemListElement\":[{\"@type\":\"ListItem\",\"position\":1,\"name\":\"In\u00edcio\",\"item\":\"https:\/\/ianima.com.br\/blog\/\"},{\"@type\":\"ListItem\",\"position\":2,\"name\":\"O que a depress\u00e3o pode causar no corpo: Fatores e Sinais\"}]},{\"@type\":\"WebSite\",\"@id\":\"https:\/\/ianima.com.br\/blog\/#website\",\"url\":\"https:\/\/ianima.com.br\/blog\/\",\"name\":\"Terapia Online com IANIMA: Inova\u00e7\u00e3o e Aconselhamento. O terapeuta online ao seu alcance.\",\"description\":\"Terapia gratuita online com a IAnima, sua terapeuta online. Artigos sobre terapias online, sa\u00fade mental e bem-estar.\",\"publisher\":{\"@id\":\"https:\/\/ianima.com.br\/blog\/#organization\"},\"potentialAction\":[{\"@type\":\"SearchAction\",\"target\":{\"@type\":\"EntryPoint\",\"urlTemplate\":\"https:\/\/ianima.com.br\/blog\/?s={search_term_string}\"},\"query-input\":\"required name=search_term_string\"}],\"inLanguage\":\"pt-BR\"},{\"@type\":\"Organization\",\"@id\":\"https:\/\/ianima.com.br\/blog\/#organization\",\"name\":\"Terapia Online com IANIMA: Inova\u00e7\u00e3o e Aconselhamento. O terapeuta online ao seu alcance.\",\"url\":\"https:\/\/ianima.com.br\/blog\/\",\"logo\":{\"@type\":\"ImageObject\",\"inLanguage\":\"pt-BR\",\"@id\":\"https:\/\/ianima.com.br\/blog\/#\/schema\/logo\/image\/\",\"url\":\"https:\/\/ianima.com.br\/blog\/wp-content\/uploads\/2025\/04\/cropped-IAnima-terapia-online.webp\",\"contentUrl\":\"https:\/\/ianima.com.br\/blog\/wp-content\/uploads\/2025\/04\/cropped-IAnima-terapia-online.webp\",\"width\":819,\"height\":222,\"caption\":\"Terapia Online com IANIMA: Inova\u00e7\u00e3o e Aconselhamento. O terapeuta online ao seu alcance.\"},\"image\":{\"@id\":\"https:\/\/ianima.com.br\/blog\/#\/schema\/logo\/image\/\"}},{\"@type\":\"Person\",\"@id\":\"https:\/\/ianima.com.br\/blog\/#\/schema\/person\/85378d6a819826ce615ae2a7a04f68d8\",\"name\":\"Wanderlei Talib\",\"image\":{\"@type\":\"ImageObject\",\"inLanguage\":\"pt-BR\",\"@id\":\"https:\/\/ianima.com.br\/blog\/#\/schema\/person\/image\/\",\"url\":\"https:\/\/ianima.com.br\/blog\/wp-content\/litespeed\/avatar\/a0461c2b338365ab5dd45a3e926e23c7.jpg?ver=1777055969\",\"contentUrl\":\"https:\/\/ianima.com.br\/blog\/wp-content\/litespeed\/avatar\/a0461c2b338365ab5dd45a3e926e23c7.jpg?ver=1777055969\",\"caption\":\"Wanderlei Talib\"},\"sameAs\":[\"https:\/\/ianima.com.br\/blog\"],\"url\":\"https:\/\/ianima.com.br\/blog\/author\/adminedu\/\"},{\"@type\":\"Question\",\"@id\":\"https:\/\/ianima.com.br\/blog\/saude-mental\/o-que-a-depressao-pode-causar-no-corpo-fatores-e-sinais\/#faq-question-1751560304296\",\"position\":1,\"url\":\"https:\/\/ianima.com.br\/blog\/saude-mental\/o-que-a-depressao-pode-causar-no-corpo-fatores-e-sinais\/#faq-question-1751560304296\",\"name\":\"O que a depress\u00e3o pode causar no corpo?\",\"answerCount\":1,\"acceptedAnswer\":{\"@type\":\"Answer\",\"text\":\"A depress\u00e3o pode causar uma s\u00e9rie de problemas f\u00edsicos, como fadiga, dores de cabe\u00e7a, dores musculares e at\u00e9 problemas digestivos.\",\"inLanguage\":\"pt-BR\"},\"inLanguage\":\"pt-BR\"},{\"@type\":\"Question\",\"@id\":\"https:\/\/ianima.com.br\/blog\/saude-mental\/o-que-a-depressao-pode-causar-no-corpo-fatores-e-sinais\/#faq-question-1751560325604\",\"position\":2,\"url\":\"https:\/\/ianima.com.br\/blog\/saude-mental\/o-que-a-depressao-pode-causar-no-corpo-fatores-e-sinais\/#faq-question-1751560325604\",\"name\":\"A depress\u00e3o afeta o sono?\",\"answerCount\":1,\"acceptedAnswer\":{\"@type\":\"Answer\",\"text\":\"Sim, a depress\u00e3o pode levar a ins\u00f4nia ou sono excessivo, deixando a pessoa ainda mais cansada.\",\"inLanguage\":\"pt-BR\"},\"inLanguage\":\"pt-BR\"},{\"@type\":\"Question\",\"@id\":\"https:\/\/ianima.com.br\/blog\/saude-mental\/o-que-a-depressao-pode-causar-no-corpo-fatores-e-sinais\/#faq-question-1751560344787\",\"position\":3,\"url\":\"https:\/\/ianima.com.br\/blog\/saude-mental\/o-que-a-depressao-pode-causar-no-corpo-fatores-e-sinais\/#faq-question-1751560344787\",\"name\":\"A depress\u00e3o pode influenciar o apetite?\",\"answerCount\":1,\"acceptedAnswer\":{\"@type\":\"Answer\",\"text\":\"Com certeza! Ela pode causar perda de apetite ou aumento do desejo por alimentos, afetando o peso e a sa\u00fade geral.\",\"inLanguage\":\"pt-BR\"},\"inLanguage\":\"pt-BR\"}]}<\/script>\n<!-- \/ Yoast SEO Premium plugin. -->","yoast_head_json":{"title":"O que a depress\u00e3o pode causar no corpo: Fatores e Sinais","description":"Descubra os efeitos surpreendentes da depress\u00e3o no seu corpo! Conhe\u00e7a os sinais e fatores que voc\u00ea n\u00e3o pode ignorar!","robots":{"index":"index","follow":"follow","max-snippet":"max-snippet:-1","max-image-preview":"max-image-preview:large","max-video-preview":"max-video-preview:-1"},"canonical":"https:\/\/ianima.com.br\/blog\/saude-mental\/o-que-a-depressao-pode-causar-no-corpo-fatores-e-sinais\/","og_locale":"pt_BR","og_type":"article","og_title":"O que a depress\u00e3o pode causar no corpo: Fatores e Sinais","og_description":"Descubra os efeitos surpreendentes da depress\u00e3o no seu corpo! Conhe\u00e7a os sinais e fatores que voc\u00ea n\u00e3o pode ignorar!","og_url":"https:\/\/ianima.com.br\/blog\/saude-mental\/o-que-a-depressao-pode-causar-no-corpo-fatores-e-sinais\/","og_site_name":"Terapia Online com IANIMA: Inova\u00e7\u00e3o e Aconselhamento. O terapeuta online ao seu alcance.","article_published_time":"2025-07-03T16:34:07+00:00","article_modified_time":"2025-07-03T16:34:09+00:00","og_image":[{"width":1536,"height":1024,"url":"https:\/\/ianima.com.br\/blog\/wp-content\/uploads\/2025\/07\/1MM-26.webp","type":"image\/webp"}],"author":"Wanderlei Talib","twitter_card":"summary_large_image","twitter_misc":{"Escrito por":"Wanderlei Talib","Est. tempo de leitura":"5 minutos"},"schema":{"@context":"https:\/\/schema.org","@graph":[{"@type":"Article","@id":"https:\/\/ianima.com.br\/blog\/saude-mental\/o-que-a-depressao-pode-causar-no-corpo-fatores-e-sinais\/#article","isPartOf":{"@id":"https:\/\/ianima.com.br\/blog\/saude-mental\/o-que-a-depressao-pode-causar-no-corpo-fatores-e-sinais\/"},"author":{"name":"Wanderlei Talib","@id":"https:\/\/ianima.com.br\/blog\/#\/schema\/person\/85378d6a819826ce615ae2a7a04f68d8"},"headline":"O que a depress\u00e3o pode causar no corpo: Fatores e Sinais","datePublished":"2025-07-03T16:34:07+00:00","dateModified":"2025-07-03T16:34:09+00:00","mainEntityOfPage":{"@id":"https:\/\/ianima.com.br\/blog\/saude-mental\/o-que-a-depressao-pode-causar-no-corpo-fatores-e-sinais\/"},"wordCount":968,"publisher":{"@id":"https:\/\/ianima.com.br\/blog\/#organization"},"articleSection":["Sa\u00fade Mental"],"inLanguage":"pt-BR"},{"@type":["WebPage","FAQPage"],"@id":"https:\/\/ianima.com.br\/blog\/saude-mental\/o-que-a-depressao-pode-causar-no-corpo-fatores-e-sinais\/","url":"https:\/\/ianima.com.br\/blog\/saude-mental\/o-que-a-depressao-pode-causar-no-corpo-fatores-e-sinais\/","name":"O que a depress\u00e3o pode causar no corpo: Fatores e Sinais","isPartOf":{"@id":"https:\/\/ianima.com.br\/blog\/#website"},"datePublished":"2025-07-03T16:34:07+00:00","dateModified":"2025-07-03T16:34:09+00:00","description":"Descubra os efeitos surpreendentes da depress\u00e3o no seu corpo! Conhe\u00e7a os sinais e fatores que voc\u00ea n\u00e3o pode ignorar!","breadcrumb":{"@id":"https:\/\/ianima.com.br\/blog\/saude-mental\/o-que-a-depressao-pode-causar-no-corpo-fatores-e-sinais\/#breadcrumb"},"mainEntity":[{"@id":"https:\/\/ianima.com.br\/blog\/saude-mental\/o-que-a-depressao-pode-causar-no-corpo-fatores-e-sinais\/#faq-question-1751560304296"},{"@id":"https:\/\/ianima.com.br\/blog\/saude-mental\/o-que-a-depressao-pode-causar-no-corpo-fatores-e-sinais\/#faq-question-1751560325604"},{"@id":"https:\/\/ianima.com.br\/blog\/saude-mental\/o-que-a-depressao-pode-causar-no-corpo-fatores-e-sinais\/#faq-question-1751560344787"}],"inLanguage":"pt-BR","potentialAction":[{"@type":"ReadAction","target":["https:\/\/ianima.com.br\/blog\/saude-mental\/o-que-a-depressao-pode-causar-no-corpo-fatores-e-sinais\/"]}]},{"@type":"BreadcrumbList","@id":"https:\/\/ianima.com.br\/blog\/saude-mental\/o-que-a-depressao-pode-causar-no-corpo-fatores-e-sinais\/#breadcrumb","itemListElement":[{"@type":"ListItem","position":1,"name":"In\u00edcio","item":"https:\/\/ianima.com.br\/blog\/"},{"@type":"ListItem","position":2,"name":"O que a depress\u00e3o pode causar no corpo: Fatores e Sinais"}]},{"@type":"WebSite","@id":"https:\/\/ianima.com.br\/blog\/#website","url":"https:\/\/ianima.com.br\/blog\/","name":"Terapia Online com IANIMA: Inova\u00e7\u00e3o e Aconselhamento. O terapeuta online ao seu alcance.","description":"Terapia gratuita online com a IAnima, sua terapeuta online. Artigos sobre terapias online, sa\u00fade mental e bem-estar.","publisher":{"@id":"https:\/\/ianima.com.br\/blog\/#organization"},"potentialAction":[{"@type":"SearchAction","target":{"@type":"EntryPoint","urlTemplate":"https:\/\/ianima.com.br\/blog\/?s={search_term_string}"},"query-input":"required name=search_term_string"}],"inLanguage":"pt-BR"},{"@type":"Organization","@id":"https:\/\/ianima.com.br\/blog\/#organization","name":"Terapia Online com IANIMA: Inova\u00e7\u00e3o e Aconselhamento. O terapeuta online ao seu alcance.","url":"https:\/\/ianima.com.br\/blog\/","logo":{"@type":"ImageObject","inLanguage":"pt-BR","@id":"https:\/\/ianima.com.br\/blog\/#\/schema\/logo\/image\/","url":"https:\/\/ianima.com.br\/blog\/wp-content\/uploads\/2025\/04\/cropped-IAnima-terapia-online.webp","contentUrl":"https:\/\/ianima.com.br\/blog\/wp-content\/uploads\/2025\/04\/cropped-IAnima-terapia-online.webp","width":819,"height":222,"caption":"Terapia Online com IANIMA: Inova\u00e7\u00e3o e Aconselhamento. O terapeuta online ao seu alcance."},"image":{"@id":"https:\/\/ianima.com.br\/blog\/#\/schema\/logo\/image\/"}},{"@type":"Person","@id":"https:\/\/ianima.com.br\/blog\/#\/schema\/person\/85378d6a819826ce615ae2a7a04f68d8","name":"Wanderlei Talib","image":{"@type":"ImageObject","inLanguage":"pt-BR","@id":"https:\/\/ianima.com.br\/blog\/#\/schema\/person\/image\/","url":"https:\/\/ianima.com.br\/blog\/wp-content\/litespeed\/avatar\/a0461c2b338365ab5dd45a3e926e23c7.jpg?ver=1777055969","contentUrl":"https:\/\/ianima.com.br\/blog\/wp-content\/litespeed\/avatar\/a0461c2b338365ab5dd45a3e926e23c7.jpg?ver=1777055969","caption":"Wanderlei Talib"},"sameAs":["https:\/\/ianima.com.br\/blog"],"url":"https:\/\/ianima.com.br\/blog\/author\/adminedu\/"},{"@type":"Question","@id":"https:\/\/ianima.com.br\/blog\/saude-mental\/o-que-a-depressao-pode-causar-no-corpo-fatores-e-sinais\/#faq-question-1751560304296","position":1,"url":"https:\/\/ianima.com.br\/blog\/saude-mental\/o-que-a-depressao-pode-causar-no-corpo-fatores-e-sinais\/#faq-question-1751560304296","name":"O que a depress\u00e3o pode causar no corpo?","answerCount":1,"acceptedAnswer":{"@type":"Answer","text":"A depress\u00e3o pode causar uma s\u00e9rie de problemas f\u00edsicos, como fadiga, dores de cabe\u00e7a, dores musculares e at\u00e9 problemas digestivos.","inLanguage":"pt-BR"},"inLanguage":"pt-BR"},{"@type":"Question","@id":"https:\/\/ianima.com.br\/blog\/saude-mental\/o-que-a-depressao-pode-causar-no-corpo-fatores-e-sinais\/#faq-question-1751560325604","position":2,"url":"https:\/\/ianima.com.br\/blog\/saude-mental\/o-que-a-depressao-pode-causar-no-corpo-fatores-e-sinais\/#faq-question-1751560325604","name":"A depress\u00e3o afeta o sono?","answerCount":1,"acceptedAnswer":{"@type":"Answer","text":"Sim, a depress\u00e3o pode levar a ins\u00f4nia ou sono excessivo, deixando a pessoa ainda mais cansada.","inLanguage":"pt-BR"},"inLanguage":"pt-BR"},{"@type":"Question","@id":"https:\/\/ianima.com.br\/blog\/saude-mental\/o-que-a-depressao-pode-causar-no-corpo-fatores-e-sinais\/#faq-question-1751560344787","position":3,"url":"https:\/\/ianima.com.br\/blog\/saude-mental\/o-que-a-depressao-pode-causar-no-corpo-fatores-e-sinais\/#faq-question-1751560344787","name":"A depress\u00e3o pode influenciar o apetite?","answerCount":1,"acceptedAnswer":{"@type":"Answer","text":"Com certeza! Ela pode causar perda de apetite ou aumento do desejo por alimentos, afetando o peso e a sa\u00fade geral.","inLanguage":"pt-BR"},"inLanguage":"pt-BR"}]}},"_links":{"self":[{"href":"https:\/\/ianima.com.br\/blog\/wp-json\/wp\/v2\/posts\/7368","targetHints":{"allow":["GET"]}}],"collection":[{"href":"https:\/\/ianima.com.br\/blog\/wp-json\/wp\/v2\/posts"}],"about":[{"href":"https:\/\/ianima.com.br\/blog\/wp-json\/wp\/v2\/types\/post"}],"author":[{"embeddable":true,"href":"https:\/\/ianima.com.br\/blog\/wp-json\/wp\/v2\/users\/1"}],"replies":[{"embeddable":true,"href":"https:\/\/ianima.com.br\/blog\/wp-json\/wp\/v2\/comments?post=7368"}],"version-history":[{"count":1,"href":"https:\/\/ianima.com.br\/blog\/wp-json\/wp\/v2\/posts\/7368\/revisions"}],"predecessor-version":[{"id":7372,"href":"https:\/\/ianima.com.br\/blog\/wp-json\/wp\/v2\/posts\/7368\/revisions\/7372"}],"wp:featuredmedia":[{"embeddable":true,"href":"https:\/\/ianima.com.br\/blog\/wp-json\/wp\/v2\/media\/7370"}],"wp:attachment":[{"href":"https:\/\/ianima.com.br\/blog\/wp-json\/wp\/v2\/media?parent=7368"}],"wp:term":[{"taxonomy":"category","embeddable":true,"href":"https:\/\/ianima.com.br\/blog\/wp-json\/wp\/v2\/categories?post=7368"},{"taxonomy":"post_tag","embeddable":true,"href":"https:\/\/ianima.com.br\/blog\/wp-json\/wp\/v2\/tags?post=7368"}],"curies":[{"name":"wp","href":"https:\/\/api.w.org\/{rel}","templated":true}]}}