{"id":8352,"date":"2025-07-26T23:26:31","date_gmt":"2025-07-26T23:26:31","guid":{"rendered":"https:\/\/ianima.com.br\/blog\/?p=8352"},"modified":"2025-07-26T23:26:31","modified_gmt":"2025-07-26T23:26:31","slug":"depressao-da-sono-entenda-os-sinais-e-impactos","status":"publish","type":"post","link":"https:\/\/ianima.com.br\/blog\/saude-mental\/depressao-da-sono-entenda-os-sinais-e-impactos\/","title":{"rendered":"Depress\u00e3o d\u00e1 Sono? Entenda os Sinais e Impactos"},"content":{"rendered":"\n<h2 class=\"wp-block-heading\" id=\"h-os-sinais-e-sintomas-da-depressao-da-sono\">Os Sinais e Sintomas da <strong>Depress\u00e3o d\u00e1 Sono<\/strong><\/h2>\n\n\n\n<p>\u00c9 comum que pessoas com <strong>depress\u00e3o<\/strong> relatem um aumento significativo do cansa\u00e7o, mesmo ap\u00f3s noites de sono aparentemente longas. A sonol\u00eancia constante, dificuldade para sair da cama e sensa\u00e7\u00e3o de exaust\u00e3o ao longo do dia s\u00e3o alguns dos principais sintomas. Al\u00e9m disso, o sono pode se tornar uma esp\u00e9cie de fuga emocional \u2014 dormir se transforma em uma tentativa inconsciente de escapar do sofrimento ps\u00edquico.<\/p>\n\n\n\n<p>Do mesmo modo, altera\u00e7\u00f5es no padr\u00e3o de sono tamb\u00e9m s\u00e3o frequentes: algumas pessoas dormem excessivamente (hipersonia), enquanto outras enfrentam ins\u00f4nia. A presen\u00e7a desse sintoma costuma vir acompanhada de baixa energia, desmotiva\u00e7\u00e3o e dificuldades de concentra\u00e7\u00e3o.<\/p>\n\n\n\n<h2 class=\"wp-block-heading\" id=\"h-a-psicologia-por-tras-da-vida-real-a-depressao-da-sono-no-dia-a-dia\">A Psicologia por Tr\u00e1s da Vida Real: A <strong>Depress\u00e3o d\u00e1 Sono<\/strong> no Dia a Dia *<\/h2>\n\n\n\n<p>Imagine uma jovem m\u00e3e que, apesar de dormir mais de dez horas por noite, acorda exausta todos os dias. Ela sente que suas tarefas cotidianas se tornaram um fardo insuport\u00e1vel. Passa longos per\u00edodos deitada no sof\u00e1, muitas vezes sem nem notar o tempo passar. Seu corpo pede descanso, mas sua mente est\u00e1 em constante batalha.<\/p>\n\n\n\n<p>Essa sonol\u00eancia n\u00e3o \u00e9 apenas f\u00edsica. \u00c9 como se o c\u00e9rebro estivesse em modo de \u201ceconomia de energia\u201d, tentando se proteger de est\u00edmulos que parecem esmagadores. Em outros casos, dormir demais torna-se a \u00fanica atividade que ainda traz algum al\u00edvio \u2014 mesmo que moment\u00e2neo.<\/p>\n\n\n\n<h2 class=\"wp-block-heading\" id=\"h-compreendendo-os-momentos-criticos-da-depressao-da-sono\">Compreendendo os Momentos Cr\u00edticos da <strong>Depress\u00e3o d\u00e1 Sono<\/strong><\/h2>\n\n\n\n<p>Um momento cr\u00edtico costuma surgir quando a sonol\u00eancia come\u00e7a a afetar diretamente o funcionamento da pessoa: faltas no trabalho, abandono de compromissos sociais ou acad\u00eamicos, neglig\u00eancia com a higiene pessoal e alimenta\u00e7\u00e3o.<\/p>\n\n\n\n<p>Esses epis\u00f3dios n\u00e3o se restringem a simples pregui\u00e7a ou cansa\u00e7o. Eles apontam para um colapso no sistema emocional, no qual o organismo responde com desligamento progressivo. Reconhecer esses sinais precocemente pode evitar agravamentos significativos.<\/p>\n\n\n\n<h2 class=\"wp-block-heading\" id=\"h-o-que-desencadeia-a-depressao-da-sono\">O Que Desencadeia a <strong>Depress\u00e3o d\u00e1 Sono<\/strong>?<\/h2>\n\n\n\n<p>Entre os gatilhos mais comuns, destacam-se:<\/p>\n\n\n\n<ul class=\"wp-block-list\">\n<li>Desequil\u00edbrios neuroqu\u00edmicos que afetam os ciclos de sono e vig\u00edlia;<\/li>\n\n\n\n<li>Estresse cr\u00f4nico ou esgotamento mental;<\/li>\n\n\n\n<li>Traumas n\u00e3o elaborados que impactam o sistema nervoso central;<\/li>\n\n\n\n<li>Alimenta\u00e7\u00e3o desregulada e sedentarismo;<\/li>\n\n\n\n<li>Uso abusivo de subst\u00e2ncias como \u00e1lcool ou medicamentos sedativos.<\/li>\n<\/ul>\n\n\n\n<p>Al\u00e9m disso, condi\u00e7\u00f5es m\u00e9dicas como hipotireoidismo, anemia ou dist\u00farbios do sono podem se associar \u00e0 <strong>depress\u00e3o<\/strong> e intensificar a sensa\u00e7\u00e3o de sonol\u00eancia.<\/p>\n\n\n\n<h2 class=\"wp-block-heading\" id=\"h-mitos-e-verdades-sobre-solucoes-para-a-depressao-da-sono\">Mitos e Verdades sobre Solu\u00e7\u00f5es para a <strong>Depress\u00e3o d\u00e1 Sono<\/strong><\/h2>\n\n\n\n<p><strong>Mito:<\/strong> \u201cQuem dorme demais \u00e9 apenas pregui\u00e7oso.\u201d<br><strong>Verdade:<\/strong> A sonol\u00eancia pode ser um sintoma leg\u00edtimo de sofrimento emocional profundo.<\/p>\n\n\n\n<p><strong>Mito:<\/strong> \u201c\u00c9 s\u00f3 tomar caf\u00e9 e se for\u00e7ar a levantar.\u201d<br><strong>Verdade:<\/strong> Estimular artificialmente o corpo pode mascarar a causa real e agravar o quadro.<\/p>\n\n\n\n<p><strong>Mito:<\/strong> \u201cDormir muito \u00e9 sinal de recupera\u00e7\u00e3o.\u201d<br><strong>Verdade:<\/strong> O excesso de sono pode indicar um aprofundamento dos sintomas depressivos.<\/p>\n\n\n\n<p>Buscar compreender o contexto emocional por tr\u00e1s do sono excessivo \u00e9 mais eficaz do que focar apenas no comportamento.<\/p>\n\n\n\n<h2 class=\"wp-block-heading\" id=\"h-como-lidar-com-a-depressao-da-sono-no-dia-a-dia\">Como Lidar com a <strong>Depress\u00e3o d\u00e1 Sono<\/strong> no Dia a Dia<\/h2>\n\n\n\n<ul class=\"wp-block-list\">\n<li>Estabele\u00e7a uma rotina de sono com hor\u00e1rios regulares para dormir e acordar;<\/li>\n\n\n\n<li>Evite o uso excessivo de telas antes de dormir;<\/li>\n\n\n\n<li>Fa\u00e7a pequenas caminhadas ao ar livre pela manh\u00e3 para estimular a luz natural;<\/li>\n\n\n\n<li>Crie metas simples e alcan\u00e7\u00e1veis para o dia;<\/li>\n\n\n\n<li>Permita-se pausas, mas busque equilibrar o repouso com atividades leves.<\/li>\n<\/ul>\n\n\n\n<p>A mudan\u00e7a n\u00e3o acontece de forma imediata, mas pequenos ajustes na rotina podem sinalizar ao corpo que ele est\u00e1 seguro para retomar gradualmente o ritmo vital.<\/p>\n\n\n\n<h2 class=\"wp-block-heading\" id=\"h-a-depressao-da-sono-no-corpo-e-na-mente-manifestacoes\">A <strong>Depress\u00e3o d\u00e1 Sono<\/strong> no Corpo e na Mente: Manifesta\u00e7\u00f5es<\/h2>\n\n\n\n<p>Fisicamente, os efeitos podem incluir:<\/p>\n\n\n\n<ul class=\"wp-block-list\">\n<li>P\u00e1lpebras pesadas;<\/li>\n\n\n\n<li>Dor muscular por inatividade;<\/li>\n\n\n\n<li>Sensa\u00e7\u00e3o de peso no corpo ao levantar;<\/li>\n\n\n\n<li>Boca seca, enxaquecas e tontura.<\/li>\n<\/ul>\n\n\n\n<p>Mentalmente, \u00e9 comum perceber:<\/p>\n\n\n\n<ul class=\"wp-block-list\">\n<li>Falta de interesse por atividades antes prazerosas;<\/li>\n\n\n\n<li>Dificuldade para se concentrar ou tomar decis\u00f5es simples;<\/li>\n\n\n\n<li>Pensamentos negativos recorrentes.<\/li>\n<\/ul>\n\n\n\n<p>Essas manifesta\u00e7\u00f5es s\u00e3o interligadas: o corpo sente o impacto da mente em sofrimento, e vice-versa.<\/p>\n\n\n\n<h2 class=\"wp-block-heading\" id=\"h-hipersonia-na-depressao-uma-perspectiva-ampliada\"><strong>Hipersonia na Depress\u00e3o<\/strong>: Uma Perspectiva Ampliada<\/h2>\n\n\n\n<p>A <strong>hipersonia depressiva<\/strong> \u00e9 uma condi\u00e7\u00e3o na qual a pessoa dorme excessivamente, mas n\u00e3o experimenta recupera\u00e7\u00e3o da energia. Esse padr\u00e3o pode ser confundido com dist\u00farbios do sono prim\u00e1rios, por isso o olhar cl\u00ednico \u00e9 fundamental.<\/p>\n\n\n\n<p>Diferentemente de um simples \u201csono acumulado\u201d, a hipersonia relacionada \u00e0 <strong>depress\u00e3o<\/strong> \u00e9 um sinal de desregula\u00e7\u00e3o emocional e n\u00e3o de recupera\u00e7\u00e3o.<\/p>\n\n\n\n<h2 class=\"wp-block-heading\" id=\"h-quem-busca-alivio-para-a-depressao-da-sono\">Quem Busca Al\u00edvio para a <strong>Depress\u00e3o d\u00e1 Sono<\/strong>?<\/h2>\n\n\n\n<p>Pessoas em diferentes fases da vida podem ser afetadas, especialmente:<\/p>\n\n\n\n<ul class=\"wp-block-list\">\n<li>Jovens adultos em in\u00edcio de carreira, enfrentando cobran\u00e7as intensas;<\/li>\n\n\n\n<li>Mulheres em fase p\u00f3s-parto;<\/li>\n\n\n\n<li>Homens com dificuldades de expressar emo\u00e7\u00f5es;<\/li>\n\n\n\n<li>Idosos que lidam com perdas e solid\u00e3o.<\/li>\n<\/ul>\n\n\n\n<p>Muitos n\u00e3o identificam o excesso de sono como parte da <strong>depress\u00e3o<\/strong>, o que atrasa a busca por ajuda. O sil\u00eancio \u00e9 comum, mas n\u00e3o precisa ser definitivo.<\/p>\n\n\n\n<h2 class=\"wp-block-heading\" id=\"h-diferentes-abordagens-para-lidar-com-a-depressao-da-sono\">Diferentes Abordagens para Lidar com a <strong>Depress\u00e3o d\u00e1 Sono<\/strong><\/h2>\n\n\n\n<ul class=\"wp-block-list\">\n<li>Psicoterapia (como a abordagem cognitivo-comportamental);<\/li>\n\n\n\n<li>Exerc\u00edcios f\u00edsicos leves e regulares;<\/li>\n\n\n\n<li>Alimenta\u00e7\u00e3o equilibrada com redu\u00e7\u00e3o de a\u00e7\u00facares simples;<\/li>\n\n\n\n<li>T\u00e9cnicas de respira\u00e7\u00e3o e mindfulness;<\/li>\n\n\n\n<li>Avalia\u00e7\u00e3o m\u00e9dica para identificar outras condi\u00e7\u00f5es associadas.<\/li>\n<\/ul>\n\n\n\n<h2 class=\"wp-block-heading\" id=\"h-sinais-de-alerta-quando-buscar-ajuda-profissional\">Sinais de Alerta: Quando Buscar Ajuda Profissional<\/h2>\n\n\n\n<ul class=\"wp-block-list\">\n<li>Quando o sono come\u00e7a a dominar grande parte do dia;<\/li>\n\n\n\n<li>Se h\u00e1 impacto nas atividades b\u00e1sicas da rotina;<\/li>\n\n\n\n<li>Quando surgem pensamentos de desist\u00eancia ou desvaloriza\u00e7\u00e3o;<\/li>\n\n\n\n<li>Se o cansa\u00e7o persiste por semanas, mesmo com repouso.<\/li>\n<\/ul>\n\n\n\n<p>Buscar ajuda \u00e9 um sinal de for\u00e7a e consci\u00eancia. N\u00e3o \u00e9 necess\u00e1rio chegar ao limite para dar esse passo.<\/p>\n\n\n\n<h2 class=\"wp-block-heading\" id=\"h-recursos-e-informacoes-confiaveis-sobre-a-depressao-da-sono\">Recursos e Informa\u00e7\u00f5es Confi\u00e1veis sobre a <strong>Depress\u00e3o d\u00e1 Sono<\/strong><\/h2>\n\n\n\n<ul class=\"wp-block-list\">\n<li>Associa\u00e7\u00f5es de psicologia e psiquiatria com materiais informativos;<\/li>\n\n\n\n<li>Universidades com centros de pesquisa em sa\u00fade mental;<\/li>\n\n\n\n<li>Cartilhas de orienta\u00e7\u00e3o da Organiza\u00e7\u00e3o Mundial da Sa\u00fade (OMS);<\/li>\n\n\n\n<li>Plataformas com acesso a redes de apoio psicol\u00f3gico.<\/li>\n<\/ul>\n\n\n\n<h2 class=\"wp-block-heading\" id=\"h-dicas-para-acao-imediata-em-momentos-de-depressao-da-sono\">Dicas para A\u00e7\u00e3o Imediata em Momentos de <strong>Depress\u00e3o d\u00e1 Sono<\/strong><\/h2>\n\n\n\n<ul class=\"wp-block-list\">\n<li>Abra as janelas ao acordar e tome luz solar por pelo menos 10 minutos;<\/li>\n\n\n\n<li>Fa\u00e7a uma lista com apenas 1 ou 2 tarefas simples para o dia;<\/li>\n\n\n\n<li>Mude de ambiente: levantar da cama e sentar em outro c\u00f4modo j\u00e1 \u00e9 um come\u00e7o;<\/li>\n\n\n\n<li>Hidrate-se ao acordar;<\/li>\n\n\n\n<li>Coloque uma m\u00fasica suave e movimente-se levemente.<\/li>\n<\/ul>\n\n\n\n<h2 class=\"wp-block-heading\" id=\"h-conclusao\">Conclus\u00e3o<\/h2>\n\n\n\n<p>Em suma, a ideia de que a <strong>depress\u00e3o d\u00e1 sono<\/strong> n\u00e3o \u00e9 apenas um clich\u00ea, mas um alerta importante. O excesso de sono pode ser um pedido silencioso de ajuda do corpo e da mente. Compreender essa conex\u00e3o \u00e9 o primeiro passo para lidar com o problema com mais compaix\u00e3o, respeito e cuidado. Se voc\u00ea se identifica com esses sinais, buscar informa\u00e7\u00e3o e apoio pode ser o primeiro passo para uma vida mais leve e equilibrada!<\/p>\n\n\n\n<p>* Essas narrativas s\u00e3o fict\u00edcias mas inspiradas em situa\u00e7\u00f5es comumente vivenciadas nos estudos e na cl\u00ednica psicol\u00f3gica.<\/p>\n\n\n\n<figure class=\"wp-block-image aligncenter size-large is-resized\"><img fetchpriority=\"high\" decoding=\"async\" width=\"1024\" height=\"683\" src=\"https:\/\/ianima.com.br\/blog\/wp-content\/uploads\/2025\/07\/2MM-223-1024x683.webp\" alt=\"Depress\u00e3o d\u00e1 Sono? Entenda os Sinais e Impactos\" class=\"wp-image-8355\" style=\"width:500px\" srcset=\"https:\/\/ianima.com.br\/blog\/wp-content\/uploads\/2025\/07\/2MM-223-1024x683.webp 1024w, https:\/\/ianima.com.br\/blog\/wp-content\/uploads\/2025\/07\/2MM-223-300x200.webp 300w, https:\/\/ianima.com.br\/blog\/wp-content\/uploads\/2025\/07\/2MM-223-768x512.webp 768w, https:\/\/ianima.com.br\/blog\/wp-content\/uploads\/2025\/07\/2MM-223.webp 1536w\" sizes=\"(max-width: 1024px) 100vw, 1024px\" \/><\/figure>\n\n\n\n<h2 class=\"wp-block-heading\" id=\"h-perguntas-frequentes-faq\">Perguntas Frequentes (FAQ)<\/h2>\n\n\n\n<div class=\"schema-faq wp-block-yoast-faq-block\"><div class=\"schema-faq-section\" id=\"faq-question-1753572244726\"><strong class=\"schema-faq-question\">O que \u00e9 a depress\u00e3o do sono?<\/strong> <p class=\"schema-faq-answer\">A depress\u00e3o do sono \u00e9 um dist\u00farbio que afeta a qualidade do sono, causando ins\u00f4nia ou sono excessivo, geralmente ligado a problemas emocionais.<\/p> <\/div> <div class=\"schema-faq-section\" id=\"faq-question-1753572266161\"><strong class=\"schema-faq-question\">Quais s\u00e3o os sintomas da depress\u00e3o do sono?<\/strong> <p class=\"schema-faq-answer\">Os sintomas incluem fadiga constante, dificuldade de concentra\u00e7\u00e3o, altera\u00e7\u00f5es de humor e, claro, problemas para dormir.<\/p> <\/div> <div class=\"schema-faq-section\" id=\"faq-question-1753572287553\"><strong class=\"schema-faq-question\">Como tratar a depress\u00e3o do sono?<\/strong> <p class=\"schema-faq-answer\">O tratamento pode envolver terapia, medica\u00e7\u00e3o e mudan\u00e7as no estilo de vida, como exerc\u00edcios regulares e t\u00e9cnicas de relaxamento.<\/p> <\/div> <\/div>\n\n\n\n<ul class=\"wp-block-yoast-seo-related-links\"><li><a href=\"https:\/\/ianima.com.br\/blog\/saude-mental\/depressao-sono-sintomas-causas-e-caminhos\/\">Depress\u00e3o Sono: Sintomas, Causas e Caminhos<\/a><\/li><li><a href=\"https:\/\/ianima.com.br\/blog\/saude-mental\/sono-e-depressao-sinais-impactos-e-como-lidar\/\">Sono e Depress\u00e3o: Sinais, Impactos e Como Lidar<\/a><\/li><li><a href=\"https:\/\/ianima.com.br\/blog\/saude-mental\/depressao-respiratoria-o-que-e-um-guia-completo\/\">Depress\u00e3o Respirat\u00f3ria o Que \u00c9: Um Guia Completo<\/a><\/li><li><a href=\"https:\/\/ianima.com.br\/blog\/saude-mental\/sono-e-saude-mental-fatores-que-voce-precisa-entender\/\">Sono e Sa\u00fade Mental: Fatores que Voc\u00ea Precisa Entender<\/a><\/li><li><a href=\"https:\/\/ianima.com.br\/blog\/saude-mental\/depressao-do-sono-sinais-causas-e-caminhos-para-lidar\/\">Depress\u00e3o do Sono: Sinais, Causas e Caminhos para Lidar<\/a><\/li><\/ul>\n","protected":false},"excerpt":{"rendered":"<p>Os Sinais e Sintomas da Depress\u00e3o d\u00e1 Sono \u00c9 comum que pessoas com depress\u00e3o relatem um aumento significativo do cansa\u00e7o, mesmo ap\u00f3s noites de sono aparentemente longas. A sonol\u00eancia constante, dificuldade para sair da cama e sensa\u00e7\u00e3o de exaust\u00e3o ao longo do dia s\u00e3o alguns dos principais sintomas. Al\u00e9m disso, o sono pode se tornar [&hellip;]<\/p>\n","protected":false},"author":1,"featured_media":8354,"comment_status":"closed","ping_status":"closed","sticky":false,"template":"","format":"standard","meta":{"site-sidebar-layout":"default","site-content-layout":"","ast-site-content-layout":"default","site-content-style":"default","site-sidebar-style":"default","ast-global-header-display":"","ast-banner-title-visibility":"","ast-main-header-display":"","ast-hfb-above-header-display":"","ast-hfb-below-header-display":"","ast-hfb-mobile-header-display":"","site-post-title":"","ast-breadcrumbs-content":"","ast-featured-img":"","footer-sml-layout":"","theme-transparent-header-meta":"","adv-header-id-meta":"","stick-header-meta":"","header-above-stick-meta":"","header-main-stick-meta":"","header-below-stick-meta":"","astra-migrate-meta-layouts":"set","ast-page-background-enabled":"default","ast-page-background-meta":{"desktop":{"background-color":"","background-image":"","background-repeat":"repeat","background-position":"center center","background-size":"auto","background-attachment":"scroll","background-type":"","background-media":"","overlay-type":"","overlay-color":"","overlay-opacity":"","overlay-gradient":""},"tablet":{"background-color":"","background-image":"","background-repeat":"repeat","background-position":"center center","background-size":"auto","background-attachment":"scroll","background-type":"","background-media":"","overlay-type":"","overlay-color":"","overlay-opacity":"","overlay-gradient":""},"mobile":{"background-color":"","background-image":"","background-repeat":"repeat","background-position":"center center","background-size":"auto","background-attachment":"scroll","background-type":"","background-media":"","overlay-type":"","overlay-color":"","overlay-opacity":"","overlay-gradient":""}},"ast-content-background-meta":{"desktop":{"background-color":"var(--ast-global-color-5)","background-image":"","background-repeat":"repeat","background-position":"center center","background-size":"auto","background-attachment":"scroll","background-type":"","background-media":"","overlay-type":"","overlay-color":"","overlay-opacity":"","overlay-gradient":""},"tablet":{"background-color":"var(--ast-global-color-5)","background-image":"","background-repeat":"repeat","background-position":"center center","background-size":"auto","background-attachment":"scroll","background-type":"","background-media":"","overlay-type":"","overlay-color":"","overlay-opacity":"","overlay-gradient":""},"mobile":{"background-color":"var(--ast-global-color-5)","background-image":"","background-repeat":"repeat","background-position":"center center","background-size":"auto","background-attachment":"scroll","background-type":"","background-media":"","overlay-type":"","overlay-color":"","overlay-opacity":"","overlay-gradient":""}},"footnotes":""},"categories":[24],"tags":[],"class_list":["post-8352","post","type-post","status-publish","format-standard","has-post-thumbnail","hentry","category-saude-mental"],"yoast_head":"<!-- This site is optimized with the Yoast SEO Premium plugin v20.8 (Yoast SEO v20.8) - https:\/\/yoast.com\/wordpress\/plugins\/seo\/ -->\n<title>Depress\u00e3o d\u00e1 Sono? Entenda os Sinais e Impactos<\/title>\n<meta name=\"description\" content=\"Descubra como a depress\u00e3o pode afetar seu sono e os sinais que voc\u00ea n\u00e3o pode ignorar. Conhe\u00e7a os impactos e transforme sua vida!\" \/>\n<meta name=\"robots\" content=\"index, follow, max-snippet:-1, max-image-preview:large, max-video-preview:-1\" \/>\n<link rel=\"canonical\" href=\"https:\/\/ianima.com.br\/blog\/saude-mental\/depressao-da-sono-entenda-os-sinais-e-impactos\/\" \/>\n<meta property=\"og:locale\" content=\"pt_BR\" \/>\n<meta property=\"og:type\" content=\"article\" \/>\n<meta property=\"og:title\" content=\"Depress\u00e3o d\u00e1 Sono? Entenda os Sinais e Impactos\" \/>\n<meta property=\"og:description\" content=\"Descubra como a depress\u00e3o pode afetar seu sono e os sinais que voc\u00ea n\u00e3o pode ignorar. Conhe\u00e7a os impactos e transforme sua vida!\" \/>\n<meta property=\"og:url\" content=\"https:\/\/ianima.com.br\/blog\/saude-mental\/depressao-da-sono-entenda-os-sinais-e-impactos\/\" \/>\n<meta property=\"og:site_name\" content=\"Terapia Online com IANIMA: Inova\u00e7\u00e3o e Aconselhamento. O terapeuta online ao seu alcance.\" \/>\n<meta property=\"article:published_time\" content=\"2025-07-26T23:26:31+00:00\" \/>\n<meta property=\"og:image\" content=\"https:\/\/ianima.com.br\/blog\/wp-content\/uploads\/2025\/07\/1MM-223.webp\" \/>\n\t<meta property=\"og:image:width\" content=\"1536\" \/>\n\t<meta property=\"og:image:height\" content=\"1024\" \/>\n\t<meta property=\"og:image:type\" content=\"image\/webp\" \/>\n<meta name=\"author\" content=\"Wanderlei Talib\" \/>\n<meta name=\"twitter:card\" content=\"summary_large_image\" \/>\n<meta name=\"twitter:label1\" content=\"Escrito por\" \/>\n\t<meta name=\"twitter:data1\" content=\"Wanderlei Talib\" \/>\n\t<meta name=\"twitter:label2\" content=\"Est. tempo de leitura\" \/>\n\t<meta name=\"twitter:data2\" content=\"7 minutos\" \/>\n<script type=\"application\/ld+json\" class=\"yoast-schema-graph\">{\"@context\":\"https:\/\/schema.org\",\"@graph\":[{\"@type\":\"Article\",\"@id\":\"https:\/\/ianima.com.br\/blog\/saude-mental\/depressao-da-sono-entenda-os-sinais-e-impactos\/#article\",\"isPartOf\":{\"@id\":\"https:\/\/ianima.com.br\/blog\/saude-mental\/depressao-da-sono-entenda-os-sinais-e-impactos\/\"},\"author\":{\"name\":\"Wanderlei Talib\",\"@id\":\"https:\/\/ianima.com.br\/blog\/#\/schema\/person\/85378d6a819826ce615ae2a7a04f68d8\"},\"headline\":\"Depress\u00e3o d\u00e1 Sono? Entenda os Sinais e Impactos\",\"datePublished\":\"2025-07-26T23:26:31+00:00\",\"dateModified\":\"2025-07-26T23:26:31+00:00\",\"mainEntityOfPage\":{\"@id\":\"https:\/\/ianima.com.br\/blog\/saude-mental\/depressao-da-sono-entenda-os-sinais-e-impactos\/\"},\"wordCount\":1318,\"publisher\":{\"@id\":\"https:\/\/ianima.com.br\/blog\/#organization\"},\"articleSection\":[\"Sa\u00fade Mental\"],\"inLanguage\":\"pt-BR\"},{\"@type\":[\"WebPage\",\"FAQPage\"],\"@id\":\"https:\/\/ianima.com.br\/blog\/saude-mental\/depressao-da-sono-entenda-os-sinais-e-impactos\/\",\"url\":\"https:\/\/ianima.com.br\/blog\/saude-mental\/depressao-da-sono-entenda-os-sinais-e-impactos\/\",\"name\":\"Depress\u00e3o d\u00e1 Sono? Entenda os Sinais e Impactos\",\"isPartOf\":{\"@id\":\"https:\/\/ianima.com.br\/blog\/#website\"},\"datePublished\":\"2025-07-26T23:26:31+00:00\",\"dateModified\":\"2025-07-26T23:26:31+00:00\",\"description\":\"Descubra como a depress\u00e3o pode afetar seu sono e os sinais que voc\u00ea n\u00e3o pode ignorar. Conhe\u00e7a os impactos e transforme sua vida!\",\"breadcrumb\":{\"@id\":\"https:\/\/ianima.com.br\/blog\/saude-mental\/depressao-da-sono-entenda-os-sinais-e-impactos\/#breadcrumb\"},\"mainEntity\":[{\"@id\":\"https:\/\/ianima.com.br\/blog\/saude-mental\/depressao-da-sono-entenda-os-sinais-e-impactos\/#faq-question-1753572244726\"},{\"@id\":\"https:\/\/ianima.com.br\/blog\/saude-mental\/depressao-da-sono-entenda-os-sinais-e-impactos\/#faq-question-1753572266161\"},{\"@id\":\"https:\/\/ianima.com.br\/blog\/saude-mental\/depressao-da-sono-entenda-os-sinais-e-impactos\/#faq-question-1753572287553\"}],\"inLanguage\":\"pt-BR\",\"potentialAction\":[{\"@type\":\"ReadAction\",\"target\":[\"https:\/\/ianima.com.br\/blog\/saude-mental\/depressao-da-sono-entenda-os-sinais-e-impactos\/\"]}]},{\"@type\":\"BreadcrumbList\",\"@id\":\"https:\/\/ianima.com.br\/blog\/saude-mental\/depressao-da-sono-entenda-os-sinais-e-impactos\/#breadcrumb\",\"itemListElement\":[{\"@type\":\"ListItem\",\"position\":1,\"name\":\"In\u00edcio\",\"item\":\"https:\/\/ianima.com.br\/blog\/\"},{\"@type\":\"ListItem\",\"position\":2,\"name\":\"Depress\u00e3o d\u00e1 Sono? Entenda os Sinais e Impactos\"}]},{\"@type\":\"WebSite\",\"@id\":\"https:\/\/ianima.com.br\/blog\/#website\",\"url\":\"https:\/\/ianima.com.br\/blog\/\",\"name\":\"Terapia Online com IANIMA: Inova\u00e7\u00e3o e Aconselhamento. O terapeuta online ao seu alcance.\",\"description\":\"Terapia gratuita online com a IAnima, sua terapeuta online. Artigos sobre terapias online, sa\u00fade mental e bem-estar.\",\"publisher\":{\"@id\":\"https:\/\/ianima.com.br\/blog\/#organization\"},\"potentialAction\":[{\"@type\":\"SearchAction\",\"target\":{\"@type\":\"EntryPoint\",\"urlTemplate\":\"https:\/\/ianima.com.br\/blog\/?s={search_term_string}\"},\"query-input\":\"required name=search_term_string\"}],\"inLanguage\":\"pt-BR\"},{\"@type\":\"Organization\",\"@id\":\"https:\/\/ianima.com.br\/blog\/#organization\",\"name\":\"Terapia Online com IANIMA: Inova\u00e7\u00e3o e Aconselhamento. O terapeuta online ao seu alcance.\",\"url\":\"https:\/\/ianima.com.br\/blog\/\",\"logo\":{\"@type\":\"ImageObject\",\"inLanguage\":\"pt-BR\",\"@id\":\"https:\/\/ianima.com.br\/blog\/#\/schema\/logo\/image\/\",\"url\":\"https:\/\/ianima.com.br\/blog\/wp-content\/uploads\/2025\/04\/cropped-IAnima-terapia-online.webp\",\"contentUrl\":\"https:\/\/ianima.com.br\/blog\/wp-content\/uploads\/2025\/04\/cropped-IAnima-terapia-online.webp\",\"width\":819,\"height\":222,\"caption\":\"Terapia Online com IANIMA: Inova\u00e7\u00e3o e Aconselhamento. O terapeuta online ao seu alcance.\"},\"image\":{\"@id\":\"https:\/\/ianima.com.br\/blog\/#\/schema\/logo\/image\/\"}},{\"@type\":\"Person\",\"@id\":\"https:\/\/ianima.com.br\/blog\/#\/schema\/person\/85378d6a819826ce615ae2a7a04f68d8\",\"name\":\"Wanderlei Talib\",\"image\":{\"@type\":\"ImageObject\",\"inLanguage\":\"pt-BR\",\"@id\":\"https:\/\/ianima.com.br\/blog\/#\/schema\/person\/image\/\",\"url\":\"https:\/\/ianima.com.br\/blog\/wp-content\/litespeed\/avatar\/a0461c2b338365ab5dd45a3e926e23c7.jpg?ver=1777055969\",\"contentUrl\":\"https:\/\/ianima.com.br\/blog\/wp-content\/litespeed\/avatar\/a0461c2b338365ab5dd45a3e926e23c7.jpg?ver=1777055969\",\"caption\":\"Wanderlei Talib\"},\"sameAs\":[\"https:\/\/ianima.com.br\/blog\"],\"url\":\"https:\/\/ianima.com.br\/blog\/author\/adminedu\/\"},{\"@type\":\"Question\",\"@id\":\"https:\/\/ianima.com.br\/blog\/saude-mental\/depressao-da-sono-entenda-os-sinais-e-impactos\/#faq-question-1753572244726\",\"position\":1,\"url\":\"https:\/\/ianima.com.br\/blog\/saude-mental\/depressao-da-sono-entenda-os-sinais-e-impactos\/#faq-question-1753572244726\",\"name\":\"O que \u00e9 a depress\u00e3o do sono?\",\"answerCount\":1,\"acceptedAnswer\":{\"@type\":\"Answer\",\"text\":\"A depress\u00e3o do sono \u00e9 um dist\u00farbio que afeta a qualidade do sono, causando ins\u00f4nia ou sono excessivo, geralmente ligado a problemas emocionais.\",\"inLanguage\":\"pt-BR\"},\"inLanguage\":\"pt-BR\"},{\"@type\":\"Question\",\"@id\":\"https:\/\/ianima.com.br\/blog\/saude-mental\/depressao-da-sono-entenda-os-sinais-e-impactos\/#faq-question-1753572266161\",\"position\":2,\"url\":\"https:\/\/ianima.com.br\/blog\/saude-mental\/depressao-da-sono-entenda-os-sinais-e-impactos\/#faq-question-1753572266161\",\"name\":\"Quais s\u00e3o os sintomas da depress\u00e3o do sono?\",\"answerCount\":1,\"acceptedAnswer\":{\"@type\":\"Answer\",\"text\":\"Os sintomas incluem fadiga constante, dificuldade de concentra\u00e7\u00e3o, altera\u00e7\u00f5es de humor e, claro, problemas para dormir.\",\"inLanguage\":\"pt-BR\"},\"inLanguage\":\"pt-BR\"},{\"@type\":\"Question\",\"@id\":\"https:\/\/ianima.com.br\/blog\/saude-mental\/depressao-da-sono-entenda-os-sinais-e-impactos\/#faq-question-1753572287553\",\"position\":3,\"url\":\"https:\/\/ianima.com.br\/blog\/saude-mental\/depressao-da-sono-entenda-os-sinais-e-impactos\/#faq-question-1753572287553\",\"name\":\"Como tratar a depress\u00e3o do sono?\",\"answerCount\":1,\"acceptedAnswer\":{\"@type\":\"Answer\",\"text\":\"O tratamento pode envolver terapia, medica\u00e7\u00e3o e mudan\u00e7as no estilo de vida, como exerc\u00edcios regulares e t\u00e9cnicas de relaxamento.\",\"inLanguage\":\"pt-BR\"},\"inLanguage\":\"pt-BR\"}]}<\/script>\n<!-- \/ Yoast SEO Premium plugin. -->","yoast_head_json":{"title":"Depress\u00e3o d\u00e1 Sono? Entenda os Sinais e Impactos","description":"Descubra como a depress\u00e3o pode afetar seu sono e os sinais que voc\u00ea n\u00e3o pode ignorar. Conhe\u00e7a os impactos e transforme sua vida!","robots":{"index":"index","follow":"follow","max-snippet":"max-snippet:-1","max-image-preview":"max-image-preview:large","max-video-preview":"max-video-preview:-1"},"canonical":"https:\/\/ianima.com.br\/blog\/saude-mental\/depressao-da-sono-entenda-os-sinais-e-impactos\/","og_locale":"pt_BR","og_type":"article","og_title":"Depress\u00e3o d\u00e1 Sono? Entenda os Sinais e Impactos","og_description":"Descubra como a depress\u00e3o pode afetar seu sono e os sinais que voc\u00ea n\u00e3o pode ignorar. Conhe\u00e7a os impactos e transforme sua vida!","og_url":"https:\/\/ianima.com.br\/blog\/saude-mental\/depressao-da-sono-entenda-os-sinais-e-impactos\/","og_site_name":"Terapia Online com IANIMA: Inova\u00e7\u00e3o e Aconselhamento. O terapeuta online ao seu alcance.","article_published_time":"2025-07-26T23:26:31+00:00","og_image":[{"width":1536,"height":1024,"url":"https:\/\/ianima.com.br\/blog\/wp-content\/uploads\/2025\/07\/1MM-223.webp","type":"image\/webp"}],"author":"Wanderlei Talib","twitter_card":"summary_large_image","twitter_misc":{"Escrito por":"Wanderlei Talib","Est. tempo de leitura":"7 minutos"},"schema":{"@context":"https:\/\/schema.org","@graph":[{"@type":"Article","@id":"https:\/\/ianima.com.br\/blog\/saude-mental\/depressao-da-sono-entenda-os-sinais-e-impactos\/#article","isPartOf":{"@id":"https:\/\/ianima.com.br\/blog\/saude-mental\/depressao-da-sono-entenda-os-sinais-e-impactos\/"},"author":{"name":"Wanderlei Talib","@id":"https:\/\/ianima.com.br\/blog\/#\/schema\/person\/85378d6a819826ce615ae2a7a04f68d8"},"headline":"Depress\u00e3o d\u00e1 Sono? Entenda os Sinais e Impactos","datePublished":"2025-07-26T23:26:31+00:00","dateModified":"2025-07-26T23:26:31+00:00","mainEntityOfPage":{"@id":"https:\/\/ianima.com.br\/blog\/saude-mental\/depressao-da-sono-entenda-os-sinais-e-impactos\/"},"wordCount":1318,"publisher":{"@id":"https:\/\/ianima.com.br\/blog\/#organization"},"articleSection":["Sa\u00fade Mental"],"inLanguage":"pt-BR"},{"@type":["WebPage","FAQPage"],"@id":"https:\/\/ianima.com.br\/blog\/saude-mental\/depressao-da-sono-entenda-os-sinais-e-impactos\/","url":"https:\/\/ianima.com.br\/blog\/saude-mental\/depressao-da-sono-entenda-os-sinais-e-impactos\/","name":"Depress\u00e3o d\u00e1 Sono? Entenda os Sinais e Impactos","isPartOf":{"@id":"https:\/\/ianima.com.br\/blog\/#website"},"datePublished":"2025-07-26T23:26:31+00:00","dateModified":"2025-07-26T23:26:31+00:00","description":"Descubra como a depress\u00e3o pode afetar seu sono e os sinais que voc\u00ea n\u00e3o pode ignorar. Conhe\u00e7a os impactos e transforme sua vida!","breadcrumb":{"@id":"https:\/\/ianima.com.br\/blog\/saude-mental\/depressao-da-sono-entenda-os-sinais-e-impactos\/#breadcrumb"},"mainEntity":[{"@id":"https:\/\/ianima.com.br\/blog\/saude-mental\/depressao-da-sono-entenda-os-sinais-e-impactos\/#faq-question-1753572244726"},{"@id":"https:\/\/ianima.com.br\/blog\/saude-mental\/depressao-da-sono-entenda-os-sinais-e-impactos\/#faq-question-1753572266161"},{"@id":"https:\/\/ianima.com.br\/blog\/saude-mental\/depressao-da-sono-entenda-os-sinais-e-impactos\/#faq-question-1753572287553"}],"inLanguage":"pt-BR","potentialAction":[{"@type":"ReadAction","target":["https:\/\/ianima.com.br\/blog\/saude-mental\/depressao-da-sono-entenda-os-sinais-e-impactos\/"]}]},{"@type":"BreadcrumbList","@id":"https:\/\/ianima.com.br\/blog\/saude-mental\/depressao-da-sono-entenda-os-sinais-e-impactos\/#breadcrumb","itemListElement":[{"@type":"ListItem","position":1,"name":"In\u00edcio","item":"https:\/\/ianima.com.br\/blog\/"},{"@type":"ListItem","position":2,"name":"Depress\u00e3o d\u00e1 Sono? Entenda os Sinais e Impactos"}]},{"@type":"WebSite","@id":"https:\/\/ianima.com.br\/blog\/#website","url":"https:\/\/ianima.com.br\/blog\/","name":"Terapia Online com IANIMA: Inova\u00e7\u00e3o e Aconselhamento. O terapeuta online ao seu alcance.","description":"Terapia gratuita online com a IAnima, sua terapeuta online. Artigos sobre terapias online, sa\u00fade mental e bem-estar.","publisher":{"@id":"https:\/\/ianima.com.br\/blog\/#organization"},"potentialAction":[{"@type":"SearchAction","target":{"@type":"EntryPoint","urlTemplate":"https:\/\/ianima.com.br\/blog\/?s={search_term_string}"},"query-input":"required name=search_term_string"}],"inLanguage":"pt-BR"},{"@type":"Organization","@id":"https:\/\/ianima.com.br\/blog\/#organization","name":"Terapia Online com IANIMA: Inova\u00e7\u00e3o e Aconselhamento. O terapeuta online ao seu alcance.","url":"https:\/\/ianima.com.br\/blog\/","logo":{"@type":"ImageObject","inLanguage":"pt-BR","@id":"https:\/\/ianima.com.br\/blog\/#\/schema\/logo\/image\/","url":"https:\/\/ianima.com.br\/blog\/wp-content\/uploads\/2025\/04\/cropped-IAnima-terapia-online.webp","contentUrl":"https:\/\/ianima.com.br\/blog\/wp-content\/uploads\/2025\/04\/cropped-IAnima-terapia-online.webp","width":819,"height":222,"caption":"Terapia Online com IANIMA: Inova\u00e7\u00e3o e Aconselhamento. O terapeuta online ao seu alcance."},"image":{"@id":"https:\/\/ianima.com.br\/blog\/#\/schema\/logo\/image\/"}},{"@type":"Person","@id":"https:\/\/ianima.com.br\/blog\/#\/schema\/person\/85378d6a819826ce615ae2a7a04f68d8","name":"Wanderlei Talib","image":{"@type":"ImageObject","inLanguage":"pt-BR","@id":"https:\/\/ianima.com.br\/blog\/#\/schema\/person\/image\/","url":"https:\/\/ianima.com.br\/blog\/wp-content\/litespeed\/avatar\/a0461c2b338365ab5dd45a3e926e23c7.jpg?ver=1777055969","contentUrl":"https:\/\/ianima.com.br\/blog\/wp-content\/litespeed\/avatar\/a0461c2b338365ab5dd45a3e926e23c7.jpg?ver=1777055969","caption":"Wanderlei Talib"},"sameAs":["https:\/\/ianima.com.br\/blog"],"url":"https:\/\/ianima.com.br\/blog\/author\/adminedu\/"},{"@type":"Question","@id":"https:\/\/ianima.com.br\/blog\/saude-mental\/depressao-da-sono-entenda-os-sinais-e-impactos\/#faq-question-1753572244726","position":1,"url":"https:\/\/ianima.com.br\/blog\/saude-mental\/depressao-da-sono-entenda-os-sinais-e-impactos\/#faq-question-1753572244726","name":"O que \u00e9 a depress\u00e3o do sono?","answerCount":1,"acceptedAnswer":{"@type":"Answer","text":"A depress\u00e3o do sono \u00e9 um dist\u00farbio que afeta a qualidade do sono, causando ins\u00f4nia ou sono excessivo, geralmente ligado a problemas emocionais.","inLanguage":"pt-BR"},"inLanguage":"pt-BR"},{"@type":"Question","@id":"https:\/\/ianima.com.br\/blog\/saude-mental\/depressao-da-sono-entenda-os-sinais-e-impactos\/#faq-question-1753572266161","position":2,"url":"https:\/\/ianima.com.br\/blog\/saude-mental\/depressao-da-sono-entenda-os-sinais-e-impactos\/#faq-question-1753572266161","name":"Quais s\u00e3o os sintomas da depress\u00e3o do sono?","answerCount":1,"acceptedAnswer":{"@type":"Answer","text":"Os sintomas incluem fadiga constante, dificuldade de concentra\u00e7\u00e3o, altera\u00e7\u00f5es de humor e, claro, problemas para dormir.","inLanguage":"pt-BR"},"inLanguage":"pt-BR"},{"@type":"Question","@id":"https:\/\/ianima.com.br\/blog\/saude-mental\/depressao-da-sono-entenda-os-sinais-e-impactos\/#faq-question-1753572287553","position":3,"url":"https:\/\/ianima.com.br\/blog\/saude-mental\/depressao-da-sono-entenda-os-sinais-e-impactos\/#faq-question-1753572287553","name":"Como tratar a depress\u00e3o do sono?","answerCount":1,"acceptedAnswer":{"@type":"Answer","text":"O tratamento pode envolver terapia, medica\u00e7\u00e3o e mudan\u00e7as no estilo de vida, como exerc\u00edcios regulares e t\u00e9cnicas de relaxamento.","inLanguage":"pt-BR"},"inLanguage":"pt-BR"}]}},"_links":{"self":[{"href":"https:\/\/ianima.com.br\/blog\/wp-json\/wp\/v2\/posts\/8352","targetHints":{"allow":["GET"]}}],"collection":[{"href":"https:\/\/ianima.com.br\/blog\/wp-json\/wp\/v2\/posts"}],"about":[{"href":"https:\/\/ianima.com.br\/blog\/wp-json\/wp\/v2\/types\/post"}],"author":[{"embeddable":true,"href":"https:\/\/ianima.com.br\/blog\/wp-json\/wp\/v2\/users\/1"}],"replies":[{"embeddable":true,"href":"https:\/\/ianima.com.br\/blog\/wp-json\/wp\/v2\/comments?post=8352"}],"version-history":[{"count":1,"href":"https:\/\/ianima.com.br\/blog\/wp-json\/wp\/v2\/posts\/8352\/revisions"}],"predecessor-version":[{"id":8356,"href":"https:\/\/ianima.com.br\/blog\/wp-json\/wp\/v2\/posts\/8352\/revisions\/8356"}],"wp:featuredmedia":[{"embeddable":true,"href":"https:\/\/ianima.com.br\/blog\/wp-json\/wp\/v2\/media\/8354"}],"wp:attachment":[{"href":"https:\/\/ianima.com.br\/blog\/wp-json\/wp\/v2\/media?parent=8352"}],"wp:term":[{"taxonomy":"category","embeddable":true,"href":"https:\/\/ianima.com.br\/blog\/wp-json\/wp\/v2\/categories?post=8352"},{"taxonomy":"post_tag","embeddable":true,"href":"https:\/\/ianima.com.br\/blog\/wp-json\/wp\/v2\/tags?post=8352"}],"curies":[{"name":"wp","href":"https:\/\/api.w.org\/{rel}","templated":true}]}}