{"id":8521,"date":"2025-08-03T00:49:05","date_gmt":"2025-08-03T00:49:05","guid":{"rendered":"https:\/\/ianima.com.br\/blog\/?p=8521"},"modified":"2025-08-03T00:49:06","modified_gmt":"2025-08-03T00:49:06","slug":"quais-os-sintomas-da-depressao-alta-entenda-os-sinais","status":"publish","type":"post","link":"https:\/\/ianima.com.br\/blog\/saude-mental\/quais-os-sintomas-da-depressao-alta-entenda-os-sinais\/","title":{"rendered":"Quais os Sintomas da Depress\u00e3o Alta: Entenda os Sinais"},"content":{"rendered":"\n<h2 class=\"wp-block-heading\" id=\"h-os-sinais-e-sintomas-da-depressao-alta\">Os Sinais e Sintomas da <strong>Depress\u00e3o Alta<\/strong><\/h2>\n\n\n\n<p>A <strong>depress\u00e3o alta<\/strong>, tamb\u00e9m conhecida como depress\u00e3o funcional, \u00e9 uma condi\u00e7\u00e3o frequentemente invis\u00edvel, pois quem convive com ela continua desempenhando suas atividades di\u00e1rias \u2014 ainda que com enorme esfor\u00e7o emocional. Embora muitas vezes mascarada por produtividade, essa forma de depress\u00e3o apresenta sinais claros.<\/p>\n\n\n\n<p>Entre os sintomas mais comuns est\u00e3o:<\/p>\n\n\n\n<ul class=\"wp-block-list\">\n<li>Sensa\u00e7\u00e3o constante de esgotamento, mesmo ap\u00f3s descanso.<\/li>\n\n\n\n<li>Irritabilidade disfar\u00e7ada de impaci\u00eancia ou perfeccionismo.<\/li>\n\n\n\n<li>Dificuldade em sentir prazer ou satisfa\u00e7\u00e3o, mesmo em conquistas.<\/li>\n\n\n\n<li>Pensamentos autocr\u00edticos frequentes e excessivos.<\/li>\n\n\n\n<li>Ansiedade misturada com sensa\u00e7\u00e3o de vazio interno.<\/li>\n\n\n\n<li>Choro escondido ou sentimento de \u201cestar segurando tudo\u201d.<\/li>\n\n\n\n<li>Isolamento emocional, ainda que cercado por pessoas.<\/li>\n\n\n\n<li>Sono irregular (ins\u00f4nia ou sono em excesso).<\/li>\n\n\n\n<li>Uso de trabalho ou ocupa\u00e7\u00e3o como fuga emocional.<\/li>\n\n\n\n<li>Sensa\u00e7\u00e3o de que &#8220;n\u00e3o pode parar&#8221; ou que est\u00e1 \u201cno limite\u201d.<\/li>\n<\/ul>\n\n\n\n<p>Al\u00e9m disso, \u00e9 comum que a pessoa se sinta mal por n\u00e3o aparentar &#8220;motivos reais&#8221; para estar triste, o que intensifica o sofrimento interno.<\/p>\n\n\n\n<h2 class=\"wp-block-heading\" id=\"h-a-psicologia-por-tras-da-vida-real-a-depressao-alta-no-dia-a-dia\">A Psicologia por Tr\u00e1s da Vida Real: A <strong>Depress\u00e3o Alta<\/strong> no Dia a Dia *<\/h2>\n\n\n\n<p>Imagine algu\u00e9m que todos os dias cumpre suas tarefas com excel\u00eancia, participa de reuni\u00f5es, entrega projetos no prazo e at\u00e9 sorri em fotos \u2014 mas, ao chegar em casa, sente um vazio esmagador. Essa \u00e9 a realidade de muitas pessoas que vivem com <strong>depress\u00e3o alta<\/strong>.<\/p>\n\n\n\n<p>\u00c9 como carregar uma mochila invis\u00edvel cheia de pedras enquanto caminha com aparente leveza. A met\u00e1fora mais comum \u00e9 a de estar se afogando em sil\u00eancio num lugar onde todos acham que voc\u00ea est\u00e1 nadando bem.<\/p>\n\n\n\n<p>Em momentos como reuni\u00f5es familiares, sa\u00eddas com amigos ou conquistas profissionais, essas pessoas conseguem \u201catuar\u201d, mas sentem que est\u00e3o em um teatro emocional. Elas se preocupam com o julgamento externo, temem parecer fracas e, por isso, silenciam sua dor.<\/p>\n\n\n\n<h2 class=\"wp-block-heading\" id=\"h-compreendendo-os-momentos-criticos-da-depressao-alta\">Compreendendo os Momentos Cr\u00edticos da <strong>Depress\u00e3o Alta<\/strong><\/h2>\n\n\n\n<p>Os momentos cr\u00edticos da <strong>depress\u00e3o alta<\/strong> geralmente n\u00e3o s\u00e3o percept\u00edveis de fora, mas intensamente vividos por dentro. Podem ocorrer quando:<\/p>\n\n\n\n<ul class=\"wp-block-list\">\n<li>Pequenos contratempos geram rea\u00e7\u00f5es emocionais desproporcionais.<\/li>\n\n\n\n<li>A rotina perde completamente o sentido, mesmo sendo executada.<\/li>\n\n\n\n<li>A exaust\u00e3o emocional se torna t\u00e3o intensa que o corpo come\u00e7a a manifestar sinais f\u00edsicos (dores, fadiga, queda de imunidade).<\/li>\n\n\n\n<li>H\u00e1 epis\u00f3dios de colapso emocional em privado, mesmo ap\u00f3s dias de aparente normalidade.<\/li>\n<\/ul>\n\n\n\n<p>Esses momentos s\u00e3o facilmente confundidos com estresse ou &#8220;dias ruins&#8221;, o que dificulta o reconhecimento do problema tanto por quem sente quanto por quem observa.<\/p>\n\n\n\n<h2 class=\"wp-block-heading\" id=\"h-o-que-desencadeia-a-depressao-alta\">O Que Desencadeia a <strong>Depress\u00e3o Alta<\/strong>?<\/h2>\n\n\n\n<p>Os gatilhos da <strong>depress\u00e3o alta<\/strong> s\u00e3o variados e muitas vezes silenciosos. Entre os principais:<\/p>\n\n\n\n<ul class=\"wp-block-list\">\n<li>Press\u00e3o constante para manter desempenho ou sucesso.<\/li>\n\n\n\n<li>Dificuldade em pedir ajuda ou admitir fragilidade.<\/li>\n\n\n\n<li>Viv\u00eancia de traumas antigos n\u00e3o elaborados.<\/li>\n\n\n\n<li>Cren\u00e7as de que \u201cs\u00f3 \u00e9 valioso quem produz\u201d.<\/li>\n\n\n\n<li>Ambientes t\u00f3xicos que invalidam sentimentos.<\/li>\n\n\n\n<li>Perfeccionismo e autoexig\u00eancia excessiva.<\/li>\n<\/ul>\n\n\n\n<p>Do mesmo modo, mudan\u00e7as de vida que envolvem grandes responsabilidades ou rupturas emocionais podem intensificar esse tipo de depress\u00e3o.<\/p>\n\n\n\n<h2 class=\"wp-block-heading\" id=\"h-mitos-e-verdades-sobre-solucoes-para-a-depressao-alta\">Mitos e Verdades sobre Solu\u00e7\u00f5es para a <strong>Depress\u00e3o Alta<\/strong><\/h2>\n\n\n\n<p>Muitos acreditam que a <strong>depress\u00e3o alta<\/strong> \u00e9 menos grave por n\u00e3o paralisar totalmente a pessoa. Isso \u00e9 um mito. Ela pode ser t\u00e3o s\u00e9ria quanto outras formas de depress\u00e3o, pois consome silenciosamente a sa\u00fade emocional.<\/p>\n\n\n\n<p>Outro equ\u00edvoco comum \u00e9 pensar que basta tirar f\u00e9rias ou descansar para resolver. Embora pausas ajudem, a origem do sofrimento est\u00e1 mais profunda e requer escuta, reflex\u00e3o e, muitas vezes, apoio profissional.<\/p>\n\n\n\n<p>\u00c9 verdade, no entanto, que pessoas com <strong>depress\u00e3o alta<\/strong> possuem grande capacidade de insight e, quando recebem acolhimento adequado, podem encontrar caminhos de supera\u00e7\u00e3o muito potentes.<\/p>\n\n\n\n<h2 class=\"wp-block-heading\" id=\"h-como-lidar-com-a-depressao-alta-no-dia-a-dia\">Como Lidar com a <strong>Depress\u00e3o Alta<\/strong> no Dia a Dia<\/h2>\n\n\n\n<p>Lidar com a <strong>depress\u00e3o alta<\/strong> exige a\u00e7\u00f5es consistentes, mesmo quando tudo parece estar \u201cfuncionando\u201d externamente:<\/p>\n\n\n\n<ul class=\"wp-block-list\">\n<li>Pratique pausas conscientes durante o dia.<\/li>\n\n\n\n<li>Escreva seus sentimentos para identificar padr\u00f5es ocultos.<\/li>\n\n\n\n<li>Permita-se dizer \u201cn\u00e3o\u201d e impor limites.<\/li>\n\n\n\n<li>Busque atividades que n\u00e3o estejam ligadas \u00e0 produtividade.<\/li>\n\n\n\n<li>Fale com algu\u00e9m de confian\u00e7a sobre o que est\u00e1 sentindo.<\/li>\n\n\n\n<li>Evite mascarar emo\u00e7\u00f5es com excesso de trabalho.<\/li>\n<\/ul>\n\n\n\n<p>Essas pr\u00e1ticas, embora simples, ajudam a trazer \u00e0 tona o que muitas vezes fica escondido atr\u00e1s da apar\u00eancia de controle.<\/p>\n\n\n\n<h2 class=\"wp-block-heading\" id=\"h-a-depressao-alta-no-corpo-e-na-mente-manifestacoes\">A <strong>Depress\u00e3o Alta<\/strong> no Corpo e na Mente: Manifesta\u00e7\u00f5es<\/h2>\n\n\n\n<p>O corpo reage ao sofrimento psicol\u00f3gico, mesmo quando a mente tenta manter o controle. As manifesta\u00e7\u00f5es da <strong>depress\u00e3o alta<\/strong> incluem:<\/p>\n\n\n\n<ul class=\"wp-block-list\">\n<li>Tens\u00e3o muscular e dores recorrentes.<\/li>\n\n\n\n<li>Fadiga persistente sem causa m\u00e9dica aparente.<\/li>\n\n\n\n<li>Palpita\u00e7\u00f5es, dores de cabe\u00e7a ou problemas gastrointestinais.<\/li>\n\n\n\n<li>Ins\u00f4nia, sonhos agitados ou sono n\u00e3o reparador.<\/li>\n<\/ul>\n\n\n\n<p>Na mente, surgem pensamentos repetitivos, autodeprecia\u00e7\u00e3o, dificuldade de concentra\u00e7\u00e3o e sensa\u00e7\u00e3o de \u201cfalta de conex\u00e3o com a pr\u00f3pria vida\u201d.<\/p>\n\n\n\n<h2 class=\"wp-block-heading\" id=\"h-depressao-funcional-uma-perspectiva-ampliada\"><strong>Depress\u00e3o Funcional<\/strong>: Uma Perspectiva Ampliada<\/h2>\n\n\n\n<p>A <strong>depress\u00e3o funcional<\/strong> \u00e9 uma varia\u00e7\u00e3o da depress\u00e3o que se confunde com um estilo de vida acelerado. A pessoa mant\u00e9m compromissos, mas vive em sofrimento silencioso.<\/p>\n\n\n\n<p>Ela pode durar anos sem ser identificada, especialmente quando associada a personalidades que valorizam o desempenho acima de tudo. Muitas vezes, o diagn\u00f3stico \u00e9 tardio \u2014 ap\u00f3s um colapso f\u00edsico ou emocional.<\/p>\n\n\n\n<p>Compreender essa forma de depress\u00e3o \u00e9 essencial para que o sofrimento oculto seja legitimado e acolhido.<\/p>\n\n\n\n<h2 class=\"wp-block-heading\" id=\"h-quem-busca-alivio-para-a-depressao-alta\">Quem Busca Al\u00edvio para a <strong>Depress\u00e3o Alta<\/strong>?<\/h2>\n\n\n\n<p>Pessoas com <strong>depress\u00e3o alta<\/strong> geralmente s\u00e3o vistas como fortes, respons\u00e1veis, centradas \u2014 e, por isso, t\u00eam mais dificuldade em buscar ajuda. Elas temem desapontar os outros ou parecer fr\u00e1geis.<\/p>\n\n\n\n<p>\u00c9 comum que procurem informa\u00e7\u00f5es discretamente, em momentos de exaust\u00e3o ou quando percebem que est\u00e3o perdendo a capacidade de sentir prazer na vida. Muitos chegam ao limite antes de se permitirem pedir ajuda.<\/p>\n\n\n\n<p>Essa busca por al\u00edvio \u00e9, muitas vezes, silenciosa e interna \u2014 mas representa um movimento importante em dire\u00e7\u00e3o \u00e0 sa\u00fade emocional.<\/p>\n\n\n\n<h3 class=\"wp-block-heading\" id=\"h-diferentes-abordagens-para-lidar-com-a-depressao-alta\">Diferentes Abordagens para Lidar com a <strong>Depress\u00e3o Alta<\/strong><\/h3>\n\n\n\n<ul class=\"wp-block-list\">\n<li>Psicoterapia (como a abordagem cognitivo-comportamental ou humanista)<\/li>\n\n\n\n<li>Atividades que promovem conex\u00e3o emocional (artes, escrita, natureza)<\/li>\n\n\n\n<li>Pr\u00e1ticas de aten\u00e7\u00e3o plena e respira\u00e7\u00e3o<\/li>\n\n\n\n<li>Mudan\u00e7as no estilo de vida: sono, alimenta\u00e7\u00e3o, tempo de lazer<\/li>\n\n\n\n<li>Conversas sinceras com pessoas de confian\u00e7a<\/li>\n<\/ul>\n\n\n\n<h3 class=\"wp-block-heading\" id=\"h-sinais-de-alerta-quando-buscar-ajuda-profissional\">Sinais de Alerta: Quando Buscar Ajuda Profissional<\/h3>\n\n\n\n<ul class=\"wp-block-list\">\n<li>Sensa\u00e7\u00e3o de que nada faz sentido, mesmo em momentos positivos.<\/li>\n\n\n\n<li>Crises de choro frequentes e isoladas.<\/li>\n\n\n\n<li>Dificuldade de concentra\u00e7\u00e3o ou bloqueios cognitivos.<\/li>\n\n\n\n<li>Ins\u00f4nia persistente ou exaust\u00e3o f\u00edsica sem causa m\u00e9dica.<\/li>\n\n\n\n<li>Pensamentos negativos recorrentes sobre si mesmo ou sobre a vida.<\/li>\n<\/ul>\n\n\n\n<p>Se esses sinais se mant\u00eam ou se intensificam, procurar apoio psicol\u00f3gico pode ser um passo essencial.<\/p>\n\n\n\n<h3 class=\"wp-block-heading\" id=\"h-recursos-e-informacoes-confiaveis-sobre-a-depressao-alta\">Recursos e Informa\u00e7\u00f5es Confi\u00e1veis sobre a <strong>Depress\u00e3o Alta<\/strong><\/h3>\n\n\n\n<ul class=\"wp-block-list\">\n<li>Sites de universidades e hospitais refer\u00eancia em sa\u00fade mental<\/li>\n\n\n\n<li>Publica\u00e7\u00f5es da Organiza\u00e7\u00e3o Mundial da Sa\u00fade (OMS)<\/li>\n\n\n\n<li>Associa\u00e7\u00f5es brasileiras como ABP, CFP e CVV<\/li>\n\n\n\n<li>Livros de autores reconhecidos na \u00e1rea da psicologia cl\u00ednica<\/li>\n<\/ul>\n\n\n\n<h3 class=\"wp-block-heading\" id=\"h-dicas-para-acao-imediata-em-momentos-de-depressao-alta\">Dicas para A\u00e7\u00e3o Imediata em Momentos de <strong>Depress\u00e3o Alta<\/strong><\/h3>\n\n\n\n<ul class=\"wp-block-list\">\n<li>Respire fundo por dois minutos com foco no ar entrando e saindo.<\/li>\n\n\n\n<li>Escreva um par\u00e1grafo descrevendo como est\u00e1 se sentindo, sem filtro.<\/li>\n\n\n\n<li>Ou\u00e7a uma m\u00fasica que lhe traga conforto emocional.<\/li>\n\n\n\n<li>Fa\u00e7a uma caminhada curta, conectando-se ao que v\u00ea ao redor.<\/li>\n\n\n\n<li>Ligue para algu\u00e9m com quem se sinta \u00e0 vontade, mesmo que s\u00f3 para ouvir.<\/li>\n<\/ul>\n\n\n\n<h2 class=\"wp-block-heading\" id=\"h-conclusao\">Conclus\u00e3o<\/h2>\n\n\n\n<p>Em suma, a <strong>depress\u00e3o alta<\/strong> \u00e9 silenciosa, mas profundamente desgastante. Ela caminha ao lado de uma vida aparentemente produtiva, enquanto por dentro tudo parece pesado e sem cor. Reconhecer os sinais \u00e9 o primeiro passo para o cuidado emocional verdadeiro.<\/p>\n\n\n\n<p>Se voc\u00ea se identifica com esses sinais, buscar informa\u00e7\u00e3o e apoio pode ser o primeiro passo para uma vida mais leve e equilibrada.<\/p>\n\n\n\n<p>* Essas narrativas s\u00e3o fict\u00edcias mas inspiradas em situa\u00e7\u00f5es comumente vivenciadas nos estudos e na cl\u00ednica psicol\u00f3gica.<\/p>\n\n\n\n<figure class=\"wp-block-image aligncenter size-large is-resized\"><img fetchpriority=\"high\" decoding=\"async\" width=\"1024\" height=\"683\" src=\"https:\/\/ianima.com.br\/blog\/wp-content\/uploads\/2025\/08\/2MM-25-1024x683.webp\" alt=\"Quais os Sintomas da Depress\u00e3o Alta: Entenda os Sinais\" class=\"wp-image-8524\" style=\"width:500px\" srcset=\"https:\/\/ianima.com.br\/blog\/wp-content\/uploads\/2025\/08\/2MM-25-1024x683.webp 1024w, https:\/\/ianima.com.br\/blog\/wp-content\/uploads\/2025\/08\/2MM-25-300x200.webp 300w, https:\/\/ianima.com.br\/blog\/wp-content\/uploads\/2025\/08\/2MM-25-768x512.webp 768w, https:\/\/ianima.com.br\/blog\/wp-content\/uploads\/2025\/08\/2MM-25.webp 1536w\" sizes=\"(max-width: 1024px) 100vw, 1024px\" \/><\/figure>\n\n\n\n<h2 class=\"wp-block-heading\" id=\"h-perguntas-frequentes-faq\">Perguntas Frequentes (FAQ)<\/h2>\n\n\n\n<div class=\"schema-faq wp-block-yoast-faq-block\"><div class=\"schema-faq-section\" id=\"faq-question-1754181953952\"><strong class=\"schema-faq-question\">Quais s\u00e3o os sintomas da depress\u00e3o alta?<\/strong> <p class=\"schema-faq-answer\">Os sintomas da depress\u00e3o alta incluem euforia extrema, aumento de energia, fala r\u00e1pida, impulsividade e diminui\u00e7\u00e3o da necessidade de sono.<\/p> <\/div> <div class=\"schema-faq-section\" id=\"faq-question-1754181976243\"><strong class=\"schema-faq-question\">Como a depress\u00e3o alta afeta o dia a dia?<\/strong> <p class=\"schema-faq-answer\">Ela pode causar dificuldades em manter relacionamentos, problemas no trabalho e mudan\u00e7as nos h\u00e1bitos de vida.<\/p> <\/div> <div class=\"schema-faq-section\" id=\"faq-question-1754181997244\"><strong class=\"schema-faq-question\">\u00c9 poss\u00edvel tratar a depress\u00e3o alta?<\/strong> <p class=\"schema-faq-answer\">Sim, \u00e9 poss\u00edvel tratar com terapia, medica\u00e7\u00e3o e mudan\u00e7as no estilo de vida, mas \u00e9 importante buscar ajuda profissional.<\/p> <\/div> <\/div>\n\n\n\n<ul class=\"wp-block-yoast-seo-related-links\"><li><a href=\"https:\/\/ianima.com.br\/blog\/saude-mental\/o-que-voce-precisa-saber-sobre-depressao-funcional\/\">O Que Voc\u00ea Precisa Saber sobre Depress\u00e3o Funcional<\/a><\/li><li><a href=\"https:\/\/ianima.com.br\/blog\/saude-mental\/como-ajudar-quem-tem-depressao-sinais-e-caminhos\/\">Como ajudar quem tem depress\u00e3o: sinais e caminhos<\/a><\/li><li><a href=\"https:\/\/ianima.com.br\/blog\/saude-mental\/depressao-generalizada-tudo-que-voce-precisa-saber\/\">Depress\u00e3o generalizada: tudo que voc\u00ea precisa saber<\/a><\/li><li><a href=\"https:\/\/ianima.com.br\/blog\/saude-mental\/quais-sao-os-sinais-de-depressao-tudo-que-voce-precisa-saber\/\">Quais s\u00e3o os sinais de depress\u00e3o: tudo que voc\u00ea precisa saber<\/a><\/li><li><a href=\"https:\/\/ianima.com.br\/blog\/saude-mental\/o-que-fazer-depressao-caminhos-possiveis-e-apoio-real\/\">O que fazer depress\u00e3o: caminhos poss\u00edveis e apoio real<\/a><\/li><\/ul>\n","protected":false},"excerpt":{"rendered":"<p>Os Sinais e Sintomas da Depress\u00e3o Alta A depress\u00e3o alta, tamb\u00e9m conhecida como depress\u00e3o funcional, \u00e9 uma condi\u00e7\u00e3o frequentemente invis\u00edvel, pois quem convive com ela continua desempenhando suas atividades di\u00e1rias \u2014 ainda que com enorme esfor\u00e7o emocional. Embora muitas vezes mascarada por produtividade, essa forma de depress\u00e3o apresenta sinais claros. Entre os sintomas mais comuns [&hellip;]<\/p>\n","protected":false},"author":1,"featured_media":8523,"comment_status":"closed","ping_status":"closed","sticky":false,"template":"","format":"standard","meta":{"site-sidebar-layout":"default","site-content-layout":"","ast-site-content-layout":"default","site-content-style":"default","site-sidebar-style":"default","ast-global-header-display":"","ast-banner-title-visibility":"","ast-main-header-display":"","ast-hfb-above-header-display":"","ast-hfb-below-header-display":"","ast-hfb-mobile-header-display":"","site-post-title":"","ast-breadcrumbs-content":"","ast-featured-img":"","footer-sml-layout":"","theme-transparent-header-meta":"","adv-header-id-meta":"","stick-header-meta":"","header-above-stick-meta":"","header-main-stick-meta":"","header-below-stick-meta":"","astra-migrate-meta-layouts":"set","ast-page-background-enabled":"default","ast-page-background-meta":{"desktop":{"background-color":"","background-image":"","background-repeat":"repeat","background-position":"center center","background-size":"auto","background-attachment":"scroll","background-type":"","background-media":"","overlay-type":"","overlay-color":"","overlay-opacity":"","overlay-gradient":""},"tablet":{"background-color":"","background-image":"","background-repeat":"repeat","background-position":"center center","background-size":"auto","background-attachment":"scroll","background-type":"","background-media":"","overlay-type":"","overlay-color":"","overlay-opacity":"","overlay-gradient":""},"mobile":{"background-color":"","background-image":"","background-repeat":"repeat","background-position":"center center","background-size":"auto","background-attachment":"scroll","background-type":"","background-media":"","overlay-type":"","overlay-color":"","overlay-opacity":"","overlay-gradient":""}},"ast-content-background-meta":{"desktop":{"background-color":"var(--ast-global-color-5)","background-image":"","background-repeat":"repeat","background-position":"center center","background-size":"auto","background-attachment":"scroll","background-type":"","background-media":"","overlay-type":"","overlay-color":"","overlay-opacity":"","overlay-gradient":""},"tablet":{"background-color":"var(--ast-global-color-5)","background-image":"","background-repeat":"repeat","background-position":"center center","background-size":"auto","background-attachment":"scroll","background-type":"","background-media":"","overlay-type":"","overlay-color":"","overlay-opacity":"","overlay-gradient":""},"mobile":{"background-color":"var(--ast-global-color-5)","background-image":"","background-repeat":"repeat","background-position":"center center","background-size":"auto","background-attachment":"scroll","background-type":"","background-media":"","overlay-type":"","overlay-color":"","overlay-opacity":"","overlay-gradient":""}},"footnotes":""},"categories":[24],"tags":[],"class_list":["post-8521","post","type-post","status-publish","format-standard","has-post-thumbnail","hentry","category-saude-mental"],"yoast_head":"<!-- This site is optimized with the Yoast SEO Premium plugin v20.8 (Yoast SEO v20.8) - https:\/\/yoast.com\/wordpress\/plugins\/seo\/ -->\n<title>Quais os Sintomas da Depress\u00e3o Alta: Entenda os Sinais<\/title>\n<meta name=\"description\" content=\"Descubra os sinais alarmantes da depress\u00e3o alta que podem estar passando despercebidos. N\u00e3o ignore esses sintomas cruciais!\" \/>\n<meta name=\"robots\" content=\"index, follow, max-snippet:-1, max-image-preview:large, max-video-preview:-1\" \/>\n<link rel=\"canonical\" href=\"https:\/\/ianima.com.br\/blog\/saude-mental\/quais-os-sintomas-da-depressao-alta-entenda-os-sinais\/\" \/>\n<meta property=\"og:locale\" content=\"pt_BR\" \/>\n<meta property=\"og:type\" content=\"article\" \/>\n<meta property=\"og:title\" content=\"Quais os Sintomas da Depress\u00e3o Alta: Entenda os Sinais\" \/>\n<meta property=\"og:description\" content=\"Descubra os sinais alarmantes da depress\u00e3o alta que podem estar passando despercebidos. N\u00e3o ignore esses sintomas cruciais!\" \/>\n<meta property=\"og:url\" content=\"https:\/\/ianima.com.br\/blog\/saude-mental\/quais-os-sintomas-da-depressao-alta-entenda-os-sinais\/\" \/>\n<meta property=\"og:site_name\" content=\"Terapia Online com IANIMA: Inova\u00e7\u00e3o e Aconselhamento. O terapeuta online ao seu alcance.\" \/>\n<meta property=\"article:published_time\" content=\"2025-08-03T00:49:05+00:00\" \/>\n<meta property=\"article:modified_time\" content=\"2025-08-03T00:49:06+00:00\" \/>\n<meta property=\"og:image\" content=\"https:\/\/ianima.com.br\/blog\/wp-content\/uploads\/2025\/08\/1MM-25.webp\" \/>\n\t<meta property=\"og:image:width\" content=\"1536\" \/>\n\t<meta property=\"og:image:height\" content=\"1024\" \/>\n\t<meta property=\"og:image:type\" content=\"image\/webp\" \/>\n<meta name=\"author\" content=\"Wanderlei Talib\" \/>\n<meta name=\"twitter:card\" content=\"summary_large_image\" \/>\n<meta name=\"twitter:label1\" content=\"Escrito por\" \/>\n\t<meta name=\"twitter:data1\" content=\"Wanderlei Talib\" \/>\n\t<meta name=\"twitter:label2\" content=\"Est. tempo de leitura\" \/>\n\t<meta name=\"twitter:data2\" content=\"8 minutos\" \/>\n<script type=\"application\/ld+json\" class=\"yoast-schema-graph\">{\"@context\":\"https:\/\/schema.org\",\"@graph\":[{\"@type\":\"Article\",\"@id\":\"https:\/\/ianima.com.br\/blog\/saude-mental\/quais-os-sintomas-da-depressao-alta-entenda-os-sinais\/#article\",\"isPartOf\":{\"@id\":\"https:\/\/ianima.com.br\/blog\/saude-mental\/quais-os-sintomas-da-depressao-alta-entenda-os-sinais\/\"},\"author\":{\"name\":\"Wanderlei Talib\",\"@id\":\"https:\/\/ianima.com.br\/blog\/#\/schema\/person\/85378d6a819826ce615ae2a7a04f68d8\"},\"headline\":\"Quais os Sintomas da Depress\u00e3o Alta: Entenda os Sinais\",\"datePublished\":\"2025-08-03T00:49:05+00:00\",\"dateModified\":\"2025-08-03T00:49:06+00:00\",\"mainEntityOfPage\":{\"@id\":\"https:\/\/ianima.com.br\/blog\/saude-mental\/quais-os-sintomas-da-depressao-alta-entenda-os-sinais\/\"},\"wordCount\":1478,\"publisher\":{\"@id\":\"https:\/\/ianima.com.br\/blog\/#organization\"},\"articleSection\":[\"Sa\u00fade Mental\"],\"inLanguage\":\"pt-BR\"},{\"@type\":[\"WebPage\",\"FAQPage\"],\"@id\":\"https:\/\/ianima.com.br\/blog\/saude-mental\/quais-os-sintomas-da-depressao-alta-entenda-os-sinais\/\",\"url\":\"https:\/\/ianima.com.br\/blog\/saude-mental\/quais-os-sintomas-da-depressao-alta-entenda-os-sinais\/\",\"name\":\"Quais os Sintomas da Depress\u00e3o Alta: Entenda os Sinais\",\"isPartOf\":{\"@id\":\"https:\/\/ianima.com.br\/blog\/#website\"},\"datePublished\":\"2025-08-03T00:49:05+00:00\",\"dateModified\":\"2025-08-03T00:49:06+00:00\",\"description\":\"Descubra os sinais alarmantes da depress\u00e3o alta que podem estar passando despercebidos. N\u00e3o ignore esses sintomas cruciais!\",\"breadcrumb\":{\"@id\":\"https:\/\/ianima.com.br\/blog\/saude-mental\/quais-os-sintomas-da-depressao-alta-entenda-os-sinais\/#breadcrumb\"},\"mainEntity\":[{\"@id\":\"https:\/\/ianima.com.br\/blog\/saude-mental\/quais-os-sintomas-da-depressao-alta-entenda-os-sinais\/#faq-question-1754181953952\"},{\"@id\":\"https:\/\/ianima.com.br\/blog\/saude-mental\/quais-os-sintomas-da-depressao-alta-entenda-os-sinais\/#faq-question-1754181976243\"},{\"@id\":\"https:\/\/ianima.com.br\/blog\/saude-mental\/quais-os-sintomas-da-depressao-alta-entenda-os-sinais\/#faq-question-1754181997244\"}],\"inLanguage\":\"pt-BR\",\"potentialAction\":[{\"@type\":\"ReadAction\",\"target\":[\"https:\/\/ianima.com.br\/blog\/saude-mental\/quais-os-sintomas-da-depressao-alta-entenda-os-sinais\/\"]}]},{\"@type\":\"BreadcrumbList\",\"@id\":\"https:\/\/ianima.com.br\/blog\/saude-mental\/quais-os-sintomas-da-depressao-alta-entenda-os-sinais\/#breadcrumb\",\"itemListElement\":[{\"@type\":\"ListItem\",\"position\":1,\"name\":\"In\u00edcio\",\"item\":\"https:\/\/ianima.com.br\/blog\/\"},{\"@type\":\"ListItem\",\"position\":2,\"name\":\"Quais os Sintomas da Depress\u00e3o Alta: Entenda os Sinais\"}]},{\"@type\":\"WebSite\",\"@id\":\"https:\/\/ianima.com.br\/blog\/#website\",\"url\":\"https:\/\/ianima.com.br\/blog\/\",\"name\":\"Terapia Online com IANIMA: Inova\u00e7\u00e3o e Aconselhamento. O terapeuta online ao seu alcance.\",\"description\":\"Terapia gratuita online com a IAnima, sua terapeuta online. Artigos sobre terapias online, sa\u00fade mental e bem-estar.\",\"publisher\":{\"@id\":\"https:\/\/ianima.com.br\/blog\/#organization\"},\"potentialAction\":[{\"@type\":\"SearchAction\",\"target\":{\"@type\":\"EntryPoint\",\"urlTemplate\":\"https:\/\/ianima.com.br\/blog\/?s={search_term_string}\"},\"query-input\":\"required name=search_term_string\"}],\"inLanguage\":\"pt-BR\"},{\"@type\":\"Organization\",\"@id\":\"https:\/\/ianima.com.br\/blog\/#organization\",\"name\":\"Terapia Online com IANIMA: Inova\u00e7\u00e3o e Aconselhamento. O terapeuta online ao seu alcance.\",\"url\":\"https:\/\/ianima.com.br\/blog\/\",\"logo\":{\"@type\":\"ImageObject\",\"inLanguage\":\"pt-BR\",\"@id\":\"https:\/\/ianima.com.br\/blog\/#\/schema\/logo\/image\/\",\"url\":\"https:\/\/ianima.com.br\/blog\/wp-content\/uploads\/2025\/04\/cropped-IAnima-terapia-online.webp\",\"contentUrl\":\"https:\/\/ianima.com.br\/blog\/wp-content\/uploads\/2025\/04\/cropped-IAnima-terapia-online.webp\",\"width\":819,\"height\":222,\"caption\":\"Terapia Online com IANIMA: Inova\u00e7\u00e3o e Aconselhamento. O terapeuta online ao seu alcance.\"},\"image\":{\"@id\":\"https:\/\/ianima.com.br\/blog\/#\/schema\/logo\/image\/\"}},{\"@type\":\"Person\",\"@id\":\"https:\/\/ianima.com.br\/blog\/#\/schema\/person\/85378d6a819826ce615ae2a7a04f68d8\",\"name\":\"Wanderlei Talib\",\"image\":{\"@type\":\"ImageObject\",\"inLanguage\":\"pt-BR\",\"@id\":\"https:\/\/ianima.com.br\/blog\/#\/schema\/person\/image\/\",\"url\":\"https:\/\/ianima.com.br\/blog\/wp-content\/litespeed\/avatar\/a0461c2b338365ab5dd45a3e926e23c7.jpg?ver=1777055969\",\"contentUrl\":\"https:\/\/ianima.com.br\/blog\/wp-content\/litespeed\/avatar\/a0461c2b338365ab5dd45a3e926e23c7.jpg?ver=1777055969\",\"caption\":\"Wanderlei Talib\"},\"sameAs\":[\"https:\/\/ianima.com.br\/blog\"],\"url\":\"https:\/\/ianima.com.br\/blog\/author\/adminedu\/\"},{\"@type\":\"Question\",\"@id\":\"https:\/\/ianima.com.br\/blog\/saude-mental\/quais-os-sintomas-da-depressao-alta-entenda-os-sinais\/#faq-question-1754181953952\",\"position\":1,\"url\":\"https:\/\/ianima.com.br\/blog\/saude-mental\/quais-os-sintomas-da-depressao-alta-entenda-os-sinais\/#faq-question-1754181953952\",\"name\":\"Quais s\u00e3o os sintomas da depress\u00e3o alta?\",\"answerCount\":1,\"acceptedAnswer\":{\"@type\":\"Answer\",\"text\":\"Os sintomas da depress\u00e3o alta incluem euforia extrema, aumento de energia, fala r\u00e1pida, impulsividade e diminui\u00e7\u00e3o da necessidade de sono.\",\"inLanguage\":\"pt-BR\"},\"inLanguage\":\"pt-BR\"},{\"@type\":\"Question\",\"@id\":\"https:\/\/ianima.com.br\/blog\/saude-mental\/quais-os-sintomas-da-depressao-alta-entenda-os-sinais\/#faq-question-1754181976243\",\"position\":2,\"url\":\"https:\/\/ianima.com.br\/blog\/saude-mental\/quais-os-sintomas-da-depressao-alta-entenda-os-sinais\/#faq-question-1754181976243\",\"name\":\"Como a depress\u00e3o alta afeta o dia a dia?\",\"answerCount\":1,\"acceptedAnswer\":{\"@type\":\"Answer\",\"text\":\"Ela pode causar dificuldades em manter relacionamentos, problemas no trabalho e mudan\u00e7as nos h\u00e1bitos de vida.\",\"inLanguage\":\"pt-BR\"},\"inLanguage\":\"pt-BR\"},{\"@type\":\"Question\",\"@id\":\"https:\/\/ianima.com.br\/blog\/saude-mental\/quais-os-sintomas-da-depressao-alta-entenda-os-sinais\/#faq-question-1754181997244\",\"position\":3,\"url\":\"https:\/\/ianima.com.br\/blog\/saude-mental\/quais-os-sintomas-da-depressao-alta-entenda-os-sinais\/#faq-question-1754181997244\",\"name\":\"\u00c9 poss\u00edvel tratar a depress\u00e3o alta?\",\"answerCount\":1,\"acceptedAnswer\":{\"@type\":\"Answer\",\"text\":\"Sim, \u00e9 poss\u00edvel tratar com terapia, medica\u00e7\u00e3o e mudan\u00e7as no estilo de vida, mas \u00e9 importante buscar ajuda profissional.\",\"inLanguage\":\"pt-BR\"},\"inLanguage\":\"pt-BR\"}]}<\/script>\n<!-- \/ Yoast SEO Premium plugin. -->","yoast_head_json":{"title":"Quais os Sintomas da Depress\u00e3o Alta: Entenda os Sinais","description":"Descubra os sinais alarmantes da depress\u00e3o alta que podem estar passando despercebidos. N\u00e3o ignore esses sintomas cruciais!","robots":{"index":"index","follow":"follow","max-snippet":"max-snippet:-1","max-image-preview":"max-image-preview:large","max-video-preview":"max-video-preview:-1"},"canonical":"https:\/\/ianima.com.br\/blog\/saude-mental\/quais-os-sintomas-da-depressao-alta-entenda-os-sinais\/","og_locale":"pt_BR","og_type":"article","og_title":"Quais os Sintomas da Depress\u00e3o Alta: Entenda os Sinais","og_description":"Descubra os sinais alarmantes da depress\u00e3o alta que podem estar passando despercebidos. N\u00e3o ignore esses sintomas cruciais!","og_url":"https:\/\/ianima.com.br\/blog\/saude-mental\/quais-os-sintomas-da-depressao-alta-entenda-os-sinais\/","og_site_name":"Terapia Online com IANIMA: Inova\u00e7\u00e3o e Aconselhamento. O terapeuta online ao seu alcance.","article_published_time":"2025-08-03T00:49:05+00:00","article_modified_time":"2025-08-03T00:49:06+00:00","og_image":[{"width":1536,"height":1024,"url":"https:\/\/ianima.com.br\/blog\/wp-content\/uploads\/2025\/08\/1MM-25.webp","type":"image\/webp"}],"author":"Wanderlei Talib","twitter_card":"summary_large_image","twitter_misc":{"Escrito por":"Wanderlei Talib","Est. tempo de leitura":"8 minutos"},"schema":{"@context":"https:\/\/schema.org","@graph":[{"@type":"Article","@id":"https:\/\/ianima.com.br\/blog\/saude-mental\/quais-os-sintomas-da-depressao-alta-entenda-os-sinais\/#article","isPartOf":{"@id":"https:\/\/ianima.com.br\/blog\/saude-mental\/quais-os-sintomas-da-depressao-alta-entenda-os-sinais\/"},"author":{"name":"Wanderlei Talib","@id":"https:\/\/ianima.com.br\/blog\/#\/schema\/person\/85378d6a819826ce615ae2a7a04f68d8"},"headline":"Quais os Sintomas da Depress\u00e3o Alta: Entenda os Sinais","datePublished":"2025-08-03T00:49:05+00:00","dateModified":"2025-08-03T00:49:06+00:00","mainEntityOfPage":{"@id":"https:\/\/ianima.com.br\/blog\/saude-mental\/quais-os-sintomas-da-depressao-alta-entenda-os-sinais\/"},"wordCount":1478,"publisher":{"@id":"https:\/\/ianima.com.br\/blog\/#organization"},"articleSection":["Sa\u00fade Mental"],"inLanguage":"pt-BR"},{"@type":["WebPage","FAQPage"],"@id":"https:\/\/ianima.com.br\/blog\/saude-mental\/quais-os-sintomas-da-depressao-alta-entenda-os-sinais\/","url":"https:\/\/ianima.com.br\/blog\/saude-mental\/quais-os-sintomas-da-depressao-alta-entenda-os-sinais\/","name":"Quais os Sintomas da Depress\u00e3o Alta: Entenda os Sinais","isPartOf":{"@id":"https:\/\/ianima.com.br\/blog\/#website"},"datePublished":"2025-08-03T00:49:05+00:00","dateModified":"2025-08-03T00:49:06+00:00","description":"Descubra os sinais alarmantes da depress\u00e3o alta que podem estar passando despercebidos. N\u00e3o ignore esses sintomas cruciais!","breadcrumb":{"@id":"https:\/\/ianima.com.br\/blog\/saude-mental\/quais-os-sintomas-da-depressao-alta-entenda-os-sinais\/#breadcrumb"},"mainEntity":[{"@id":"https:\/\/ianima.com.br\/blog\/saude-mental\/quais-os-sintomas-da-depressao-alta-entenda-os-sinais\/#faq-question-1754181953952"},{"@id":"https:\/\/ianima.com.br\/blog\/saude-mental\/quais-os-sintomas-da-depressao-alta-entenda-os-sinais\/#faq-question-1754181976243"},{"@id":"https:\/\/ianima.com.br\/blog\/saude-mental\/quais-os-sintomas-da-depressao-alta-entenda-os-sinais\/#faq-question-1754181997244"}],"inLanguage":"pt-BR","potentialAction":[{"@type":"ReadAction","target":["https:\/\/ianima.com.br\/blog\/saude-mental\/quais-os-sintomas-da-depressao-alta-entenda-os-sinais\/"]}]},{"@type":"BreadcrumbList","@id":"https:\/\/ianima.com.br\/blog\/saude-mental\/quais-os-sintomas-da-depressao-alta-entenda-os-sinais\/#breadcrumb","itemListElement":[{"@type":"ListItem","position":1,"name":"In\u00edcio","item":"https:\/\/ianima.com.br\/blog\/"},{"@type":"ListItem","position":2,"name":"Quais os Sintomas da Depress\u00e3o Alta: Entenda os Sinais"}]},{"@type":"WebSite","@id":"https:\/\/ianima.com.br\/blog\/#website","url":"https:\/\/ianima.com.br\/blog\/","name":"Terapia Online com IANIMA: Inova\u00e7\u00e3o e Aconselhamento. O terapeuta online ao seu alcance.","description":"Terapia gratuita online com a IAnima, sua terapeuta online. Artigos sobre terapias online, sa\u00fade mental e bem-estar.","publisher":{"@id":"https:\/\/ianima.com.br\/blog\/#organization"},"potentialAction":[{"@type":"SearchAction","target":{"@type":"EntryPoint","urlTemplate":"https:\/\/ianima.com.br\/blog\/?s={search_term_string}"},"query-input":"required name=search_term_string"}],"inLanguage":"pt-BR"},{"@type":"Organization","@id":"https:\/\/ianima.com.br\/blog\/#organization","name":"Terapia Online com IANIMA: Inova\u00e7\u00e3o e Aconselhamento. O terapeuta online ao seu alcance.","url":"https:\/\/ianima.com.br\/blog\/","logo":{"@type":"ImageObject","inLanguage":"pt-BR","@id":"https:\/\/ianima.com.br\/blog\/#\/schema\/logo\/image\/","url":"https:\/\/ianima.com.br\/blog\/wp-content\/uploads\/2025\/04\/cropped-IAnima-terapia-online.webp","contentUrl":"https:\/\/ianima.com.br\/blog\/wp-content\/uploads\/2025\/04\/cropped-IAnima-terapia-online.webp","width":819,"height":222,"caption":"Terapia Online com IANIMA: Inova\u00e7\u00e3o e Aconselhamento. O terapeuta online ao seu alcance."},"image":{"@id":"https:\/\/ianima.com.br\/blog\/#\/schema\/logo\/image\/"}},{"@type":"Person","@id":"https:\/\/ianima.com.br\/blog\/#\/schema\/person\/85378d6a819826ce615ae2a7a04f68d8","name":"Wanderlei Talib","image":{"@type":"ImageObject","inLanguage":"pt-BR","@id":"https:\/\/ianima.com.br\/blog\/#\/schema\/person\/image\/","url":"https:\/\/ianima.com.br\/blog\/wp-content\/litespeed\/avatar\/a0461c2b338365ab5dd45a3e926e23c7.jpg?ver=1777055969","contentUrl":"https:\/\/ianima.com.br\/blog\/wp-content\/litespeed\/avatar\/a0461c2b338365ab5dd45a3e926e23c7.jpg?ver=1777055969","caption":"Wanderlei Talib"},"sameAs":["https:\/\/ianima.com.br\/blog"],"url":"https:\/\/ianima.com.br\/blog\/author\/adminedu\/"},{"@type":"Question","@id":"https:\/\/ianima.com.br\/blog\/saude-mental\/quais-os-sintomas-da-depressao-alta-entenda-os-sinais\/#faq-question-1754181953952","position":1,"url":"https:\/\/ianima.com.br\/blog\/saude-mental\/quais-os-sintomas-da-depressao-alta-entenda-os-sinais\/#faq-question-1754181953952","name":"Quais s\u00e3o os sintomas da depress\u00e3o alta?","answerCount":1,"acceptedAnswer":{"@type":"Answer","text":"Os sintomas da depress\u00e3o alta incluem euforia extrema, aumento de energia, fala r\u00e1pida, impulsividade e diminui\u00e7\u00e3o da necessidade de sono.","inLanguage":"pt-BR"},"inLanguage":"pt-BR"},{"@type":"Question","@id":"https:\/\/ianima.com.br\/blog\/saude-mental\/quais-os-sintomas-da-depressao-alta-entenda-os-sinais\/#faq-question-1754181976243","position":2,"url":"https:\/\/ianima.com.br\/blog\/saude-mental\/quais-os-sintomas-da-depressao-alta-entenda-os-sinais\/#faq-question-1754181976243","name":"Como a depress\u00e3o alta afeta o dia a dia?","answerCount":1,"acceptedAnswer":{"@type":"Answer","text":"Ela pode causar dificuldades em manter relacionamentos, problemas no trabalho e mudan\u00e7as nos h\u00e1bitos de vida.","inLanguage":"pt-BR"},"inLanguage":"pt-BR"},{"@type":"Question","@id":"https:\/\/ianima.com.br\/blog\/saude-mental\/quais-os-sintomas-da-depressao-alta-entenda-os-sinais\/#faq-question-1754181997244","position":3,"url":"https:\/\/ianima.com.br\/blog\/saude-mental\/quais-os-sintomas-da-depressao-alta-entenda-os-sinais\/#faq-question-1754181997244","name":"\u00c9 poss\u00edvel tratar a depress\u00e3o alta?","answerCount":1,"acceptedAnswer":{"@type":"Answer","text":"Sim, \u00e9 poss\u00edvel tratar com terapia, medica\u00e7\u00e3o e mudan\u00e7as no estilo de vida, mas \u00e9 importante buscar ajuda profissional.","inLanguage":"pt-BR"},"inLanguage":"pt-BR"}]}},"_links":{"self":[{"href":"https:\/\/ianima.com.br\/blog\/wp-json\/wp\/v2\/posts\/8521","targetHints":{"allow":["GET"]}}],"collection":[{"href":"https:\/\/ianima.com.br\/blog\/wp-json\/wp\/v2\/posts"}],"about":[{"href":"https:\/\/ianima.com.br\/blog\/wp-json\/wp\/v2\/types\/post"}],"author":[{"embeddable":true,"href":"https:\/\/ianima.com.br\/blog\/wp-json\/wp\/v2\/users\/1"}],"replies":[{"embeddable":true,"href":"https:\/\/ianima.com.br\/blog\/wp-json\/wp\/v2\/comments?post=8521"}],"version-history":[{"count":1,"href":"https:\/\/ianima.com.br\/blog\/wp-json\/wp\/v2\/posts\/8521\/revisions"}],"predecessor-version":[{"id":8525,"href":"https:\/\/ianima.com.br\/blog\/wp-json\/wp\/v2\/posts\/8521\/revisions\/8525"}],"wp:featuredmedia":[{"embeddable":true,"href":"https:\/\/ianima.com.br\/blog\/wp-json\/wp\/v2\/media\/8523"}],"wp:attachment":[{"href":"https:\/\/ianima.com.br\/blog\/wp-json\/wp\/v2\/media?parent=8521"}],"wp:term":[{"taxonomy":"category","embeddable":true,"href":"https:\/\/ianima.com.br\/blog\/wp-json\/wp\/v2\/categories?post=8521"},{"taxonomy":"post_tag","embeddable":true,"href":"https:\/\/ianima.com.br\/blog\/wp-json\/wp\/v2\/tags?post=8521"}],"curies":[{"name":"wp","href":"https:\/\/api.w.org\/{rel}","templated":true}]}}