{"id":8596,"date":"2025-08-03T15:43:31","date_gmt":"2025-08-03T15:43:31","guid":{"rendered":"https:\/\/ianima.com.br\/blog\/?p=8596"},"modified":"2025-08-03T15:43:32","modified_gmt":"2025-08-03T15:43:32","slug":"depressao-sindrome-aguda-o-que-voce-precisa-saber","status":"publish","type":"post","link":"https:\/\/ianima.com.br\/blog\/saude-mental\/depressao-sindrome-aguda-o-que-voce-precisa-saber\/","title":{"rendered":"Depress\u00e3o S\u00edndrome Aguda: O Que Voc\u00ea Precisa Saber"},"content":{"rendered":"\n<h2 class=\"wp-block-heading\" id=\"h-os-sinais-e-sintomas-da-depressao-sindrome-aguda\">Os Sinais e Sintomas da <strong>Depress\u00e3o S\u00edndrome Aguda<\/strong><\/h2>\n\n\n\n<p>A <strong>depress\u00e3o s\u00edndrome aguda<\/strong> \u00e9 marcada por uma manifesta\u00e7\u00e3o intensa e repentina de sintomas depressivos, que impactam drasticamente a rotina e o funcionamento emocional do indiv\u00edduo. Um dos sinais mais frequentes \u00e9 o rebaixamento r\u00e1pido do humor, acompanhado de uma sensa\u00e7\u00e3o profunda de desesperan\u00e7a, que parece surgir sem aviso.<\/p>\n\n\n\n<p>Al\u00e9m disso, h\u00e1 uma perda abrupta de interesse por atividades que antes eram prazerosas, bem como altera\u00e7\u00f5es severas no sono, que podem incluir ins\u00f4nia total ou epis\u00f3dios de sonol\u00eancia excessiva. Do mesmo modo, mudan\u00e7as no apetite \u2014 tanto o aumento quanto a perda de apetite \u2014 s\u00e3o comuns.<\/p>\n\n\n\n<p>Outros sintomas incluem:<\/p>\n\n\n\n<ul class=\"wp-block-list\">\n<li>Crises de choro sem causa aparente<\/li>\n\n\n\n<li>Pensamentos negativos intensos e recorrentes<\/li>\n\n\n\n<li>Sensa\u00e7\u00e3o de despersonaliza\u00e7\u00e3o ou desconex\u00e3o da realidade<\/li>\n\n\n\n<li>Redu\u00e7\u00e3o dr\u00e1stica na capacidade de concentra\u00e7\u00e3o e tomada de decis\u00e3o<\/li>\n<\/ul>\n\n\n\n<p>Esses sinais tendem a surgir de forma abrupta e com intensidade desproporcional ao contexto vivenciado, o que os diferencia de outras formas mais graduais da depress\u00e3o.<\/p>\n\n\n\n<h2 class=\"wp-block-heading\" id=\"h-a-psicologia-por-tras-da-vida-real-a-depressao-sindrome-aguda-no-dia-a-dia\">A Psicologia por Tr\u00e1s da Vida Real: A <strong>Depress\u00e3o S\u00edndrome Aguda<\/strong> no Dia a Dia *<\/h2>\n\n\n\n<p>Imagine uma pessoa que, em quest\u00e3o de dias, passa de produtiva e soci\u00e1vel a isolada e emocionalmente paralisada. Em relatos cl\u00ednicos e observa\u00e7\u00f5es de vida real, \u00e9 comum ouvir que \u201cparecia que tudo desmoronou de repente\u201d. A <strong>depress\u00e3o s\u00edndrome aguda<\/strong> pode chegar como um \u201capag\u00e3o emocional\u201d, deixando a pessoa confusa sobre o que est\u00e1 sentindo e incapaz de reagir.<\/p>\n\n\n\n<p>Um exemplo frequente \u00e9 o de algu\u00e9m que sempre enfrentou situa\u00e7\u00f5es estressantes com certa resili\u00eancia, mas que, ap\u00f3s um evento aparentemente pequeno, entra em colapso emocional. \u00c9 como se o corpo e a mente decidissem interromper tudo, como um disjuntor que se desarma para evitar um curto-circuito maior.<\/p>\n\n\n\n<p>Esses epis\u00f3dios podem surgir durante per\u00edodos cr\u00edticos, como mudan\u00e7as de trabalho, t\u00e9rmino de relacionamentos ou mesmo sem motivo claro, tornando o impacto ainda mais angustiante para quem sofre e para aqueles ao redor.<\/p>\n\n\n\n<h2 class=\"wp-block-heading\" id=\"h-compreendendo-os-momentos-criticos-da-depressao-sindrome-aguda\">Compreendendo os Momentos Cr\u00edticos da <strong>Depress\u00e3o S\u00edndrome Aguda<\/strong><\/h2>\n\n\n\n<p>Os momentos cr\u00edticos dessa condi\u00e7\u00e3o s\u00e3o marcados por uma virada emocional s\u00fabita. A pessoa pode passar de um estado de funcionamento relativamente est\u00e1vel para uma crise profunda em apenas algumas horas ou dias.<\/p>\n\n\n\n<p>Esses momentos costumam envolver:<\/p>\n\n\n\n<ul class=\"wp-block-list\">\n<li>Incapacidade de sair da cama ou realizar atividades b\u00e1sicas<\/li>\n\n\n\n<li>Sensa\u00e7\u00f5es intensas de fracasso ou inutilidade<\/li>\n\n\n\n<li>Crises de ansiedade associadas \u00e0 depress\u00e3o<\/li>\n\n\n\n<li>Pensamentos intrusivos ou autoagressivos<\/li>\n<\/ul>\n\n\n\n<p>Diferente da depress\u00e3o leve ou moderada, onde h\u00e1 uma progress\u00e3o dos sintomas, na <strong>s\u00edndrome aguda<\/strong> essas manifesta\u00e7\u00f5es s\u00e3o abruptas, intensas e muitas vezes assustadoras.<\/p>\n\n\n\n<h2 class=\"wp-block-heading\" id=\"h-o-que-desencadeia-a-depressao-sindrome-aguda\">O Que Desencadeia a <strong>Depress\u00e3o S\u00edndrome Aguda<\/strong>?<\/h2>\n\n\n\n<p>Embora nem sempre exista um \u00fanico fator causador, h\u00e1 gatilhos comuns para epis\u00f3dios de <strong>depress\u00e3o s\u00edndrome aguda<\/strong>, como:<\/p>\n\n\n\n<ul class=\"wp-block-list\">\n<li>Situa\u00e7\u00f5es de estresse extremo (como perdas, traumas ou conflitos intensos)<\/li>\n\n\n\n<li>Interrup\u00e7\u00f5es bruscas no ciclo do sono ou no ritmo de vida<\/li>\n\n\n\n<li>Uso ou interrup\u00e7\u00e3o de medicamentos e subst\u00e2ncias psicoativas<\/li>\n\n\n\n<li>Cargas emocionais acumuladas n\u00e3o reconhecidas ao longo do tempo<\/li>\n<\/ul>\n\n\n\n<p>Fatores internos como predisposi\u00e7\u00e3o gen\u00e9tica, hist\u00f3rico familiar e cren\u00e7as autodepreciativas tamb\u00e9m desempenham papel relevante. Al\u00e9m disso, o ambiente \u2014 especialmente quando t\u00f3xico ou inst\u00e1vel \u2014 pode potencializar esses gatilhos.<\/p>\n\n\n\n<h2 class=\"wp-block-heading\" id=\"h-mitos-e-verdades-sobre-solucoes-para-a-depressao-sindrome-aguda\">Mitos e Verdades sobre Solu\u00e7\u00f5es para a <strong>Depress\u00e3o S\u00edndrome Aguda<\/strong><\/h2>\n\n\n\n<p>\u00c9 comum pensar que uma crise intensa requer sempre interna\u00e7\u00e3o ou uso imediato de medicamentos. No entanto, isso nem sempre \u00e9 verdade. Embora em alguns casos o tratamento medicamentoso seja indicado, existem diversas abordagens poss\u00edveis e complementares.<\/p>\n\n\n\n<p><strong>Verdade:<\/strong> Crises intensas podem ser tratadas com acompanhamento profissional adequado, combinando psicoterapia, suporte social e, quando necess\u00e1rio, interven\u00e7\u00f5es m\u00e9dicas.<\/p>\n\n\n\n<p><strong>Mito:<\/strong> A crise aguda \u00e9 sinal de fraqueza ou \u201cdrama\u201d. Na realidade, \u00e9 uma resposta intensa do organismo frente ao colapso emocional.<\/p>\n\n\n\n<p><strong>Verdade:<\/strong> A recupera\u00e7\u00e3o \u00e9 poss\u00edvel, especialmente quando a pessoa tem acesso a redes de apoio e estrat\u00e9gias eficazes.<\/p>\n\n\n\n<h2 class=\"wp-block-heading\" id=\"h-como-lidar-com-a-depressao-sindrome-aguda-no-dia-a-dia\">Como Lidar com a <strong>Depress\u00e3o S\u00edndrome Aguda<\/strong> no Dia a Dia<\/h2>\n\n\n\n<p>Enfrentar uma crise aguda exige acolhimento, paci\u00eancia e a\u00e7\u00e3o estrat\u00e9gica. Algumas pr\u00e1ticas podem ser \u00fateis:<\/p>\n\n\n\n<ul class=\"wp-block-list\">\n<li>Criar rotinas m\u00ednimas e realistas (como higiene e alimenta\u00e7\u00e3o simples)<\/li>\n\n\n\n<li>Reduzir est\u00edmulos estressores imediatos<\/li>\n\n\n\n<li>Buscar apoio emocional de pessoas confi\u00e1veis<\/li>\n\n\n\n<li>Praticar t\u00e9cnicas de respira\u00e7\u00e3o e presen\u00e7a consciente<\/li>\n\n\n\n<li>Evitar decis\u00f5es importantes durante a crise<\/li>\n<\/ul>\n\n\n\n<p>O mais importante \u00e9 respeitar os limites do corpo e da mente, reconhecendo que momentos de pausa tamb\u00e9m s\u00e3o parte do processo de cura.<\/p>\n\n\n\n<h2 class=\"wp-block-heading\" id=\"h-a-depressao-sindrome-aguda-no-corpo-e-na-mente-manifestacoes\">A <strong>Depress\u00e3o S\u00edndrome Aguda<\/strong> no Corpo e na Mente: Manifesta\u00e7\u00f5es<\/h2>\n\n\n\n<p>Fisicamente, podem surgir dores sem causa aparente, sensa\u00e7\u00e3o de peso no corpo, fadiga extrema, dist\u00farbios gastrointestinais e tens\u00e3o muscular.<\/p>\n\n\n\n<p>Mentalmente, a pessoa relata pensamentos acelerados, sensa\u00e7\u00e3o de vazio existencial, baixa autoestima e dificuldade em encontrar sentido nas coisas. H\u00e1 uma desconex\u00e3o entre o que a pessoa sente e o que consegue expressar, o que aprofunda o sofrimento.<\/p>\n\n\n\n<p>Essa intera\u00e7\u00e3o entre mente e corpo revela como a <strong>depress\u00e3o s\u00edndrome aguda<\/strong> \u00e9 multifacetada, exigindo um olhar integral sobre o indiv\u00edduo.<\/p>\n\n\n\n<h2 class=\"wp-block-heading\" id=\"h-depressao-sindrome-aguda-atipica-uma-perspectiva-ampliada\"><strong>Depress\u00e3o S\u00edndrome Aguda<\/strong> At\u00edpica: Uma Perspectiva Ampliada<\/h2>\n\n\n\n<p>Em alguns casos, a <strong>s\u00edndrome aguda<\/strong> se manifesta com sintomas menos cl\u00e1ssicos, como irritabilidade acentuada, compuls\u00f5es alimentares, ou uma falsa apar\u00eancia de funcionalidade.<\/p>\n\n\n\n<p>Esses casos, chamados de <strong>depress\u00e3o at\u00edpica com tra\u00e7os agudos<\/strong>, podem confundir tanto quem vive quanto quem observa. A pessoa at\u00e9 consegue manter parte de sua rotina, mas por dentro sente-se devastada. \u00c9 como usar uma m\u00e1scara de normalidade sobre um caos interno.<\/p>\n\n\n\n<h2 class=\"wp-block-heading\" id=\"h-quem-busca-alivio-para-a-depressao-sindrome-aguda\">Quem Busca Al\u00edvio para a <strong>Depress\u00e3o S\u00edndrome Aguda<\/strong>?<\/h2>\n\n\n\n<p>Pessoas que passam por essas crises intensas geralmente n\u00e3o conseguem nomear o que est\u00e3o sentindo de imediato. Muitas vezes, buscam ajuda apenas ap\u00f3s esgotarem suas for\u00e7as.<\/p>\n\n\n\n<p>Isso inclui:<\/p>\n\n\n\n<ul class=\"wp-block-list\">\n<li>Jovens adultos enfrentando press\u00f5es acad\u00eamicas ou profissionais<\/li>\n\n\n\n<li>Mulheres sobrecarregadas com m\u00faltiplos pap\u00e9is<\/li>\n\n\n\n<li>Homens que t\u00eam dificuldade em expressar emo\u00e7\u00f5es, mas entram em colapso silencioso<\/li>\n\n\n\n<li>Pessoas que j\u00e1 tiveram epis\u00f3dios anteriores e reconhecem os sinais<\/li>\n<\/ul>\n\n\n\n<p>Reconhecer o padr\u00e3o \u00e9 o primeiro passo para buscar al\u00edvio e compreens\u00e3o.<\/p>\n\n\n\n<h3 class=\"wp-block-heading\" id=\"h-diferentes-abordagens-para-lidar-com-a-depressao-sindrome-aguda\">Diferentes Abordagens para Lidar com a <strong>Depress\u00e3o S\u00edndrome Aguda<\/strong><\/h3>\n\n\n\n<ul class=\"wp-block-list\">\n<li>Psicoterapia (individual ou em grupo)<\/li>\n\n\n\n<li>T\u00e9cnicas de regula\u00e7\u00e3o emocional (como mindfulness)<\/li>\n\n\n\n<li>Acompanhamento psiqui\u00e1trico, quando necess\u00e1rio<\/li>\n\n\n\n<li>Interven\u00e7\u00f5es familiares e comunit\u00e1rias<\/li>\n\n\n\n<li>Atividades f\u00edsicas leves e adaptadas<\/li>\n<\/ul>\n\n\n\n<p>Cada abordagem pode contribuir, de forma integrada, para a recupera\u00e7\u00e3o e o fortalecimento do bem-estar.<\/p>\n\n\n\n<h3 class=\"wp-block-heading\" id=\"h-sinais-de-alerta-quando-buscar-ajuda-profissional\">Sinais de Alerta: Quando Buscar Ajuda Profissional<\/h3>\n\n\n\n<ul class=\"wp-block-list\">\n<li>Pensamentos de autoles\u00e3o ou suic\u00eddio<\/li>\n\n\n\n<li>Incapacidade de cumprir fun\u00e7\u00f5es b\u00e1sicas<\/li>\n\n\n\n<li>Isolamento total e retraimento social<\/li>\n\n\n\n<li>Sensa\u00e7\u00e3o de que \u201cnada mais faz sentido\u201d<\/li>\n\n\n\n<li>Epis\u00f3dios recorrentes de crise intensa<\/li>\n<\/ul>\n\n\n\n<p>Nesses casos, procurar apoio profissional \u00e9 essencial e pode salvar vidas.<\/p>\n\n\n\n<h3 class=\"wp-block-heading\" id=\"h-recursos-e-informacoes-confiaveis-sobre-a-depressao-sindrome-aguda\">Recursos e Informa\u00e7\u00f5es Confi\u00e1veis sobre a <strong>Depress\u00e3o S\u00edndrome Aguda<\/strong><\/h3>\n\n\n\n<ul class=\"wp-block-list\">\n<li>Sites de institui\u00e7\u00f5es reconhecidas como a OMS e o Minist\u00e9rio da Sa\u00fade<\/li>\n\n\n\n<li>Portais especializados em sa\u00fade emocional<\/li>\n\n\n\n<li>Grupos de apoio com modera\u00e7\u00e3o profissional<\/li>\n\n\n\n<li>Aplicativos de monitoramento de humor validados por profissionais<\/li>\n<\/ul>\n\n\n\n<p>Busque fontes atualizadas e com linguagem acess\u00edvel, que promovam acolhimento e esclarecimento.<\/p>\n\n\n\n<h3 class=\"wp-block-heading\" id=\"h-dicas-para-acao-imediata-em-momentos-de-depressao-sindrome-aguda\">Dicas para A\u00e7\u00e3o Imediata em Momentos de <strong>Depress\u00e3o S\u00edndrome Aguda<\/strong><\/h3>\n\n\n\n<ul class=\"wp-block-list\">\n<li>Respire profundamente por alguns minutos<\/li>\n\n\n\n<li>Escreva o que est\u00e1 sentindo, sem censura<\/li>\n\n\n\n<li>Mantenha-se em um local seguro e silencioso<\/li>\n\n\n\n<li>Avise algu\u00e9m de confian\u00e7a sobre o que est\u00e1 acontecendo<\/li>\n\n\n\n<li>Lembre-se: a crise tem come\u00e7o, meio e fim<\/li>\n<\/ul>\n\n\n\n<p>Mesmo em meio ao caos emocional, pequenos passos de cuidado podem fazer toda a diferen\u00e7a.<\/p>\n\n\n\n<h2 class=\"wp-block-heading\" id=\"h-conclusao\">Conclus\u00e3o<\/h2>\n\n\n\n<p>Em suma, a <strong>depress\u00e3o s\u00edndrome aguda<\/strong> \u00e9 uma condi\u00e7\u00e3o s\u00e9ria, que pode surgir de maneira repentina e com grande impacto emocional. Compreender seus sinais, buscar apoio e adotar estrat\u00e9gias pr\u00e1ticas s\u00e3o formas fundamentais de enfrent\u00e1-la. Se voc\u00ea se identifica com esses sinais, buscar informa\u00e7\u00e3o e apoio pode ser o primeiro passo para uma vida mais leve e equilibrada!<\/p>\n\n\n\n<p>* Essas narrativas s\u00e3o fict\u00edcias mas inspiradas em situa\u00e7\u00f5es comumente vivenciadas nos estudos e na cl\u00ednica psicol\u00f3gica.<\/p>\n\n\n\n<figure class=\"wp-block-image aligncenter size-large is-resized\"><img fetchpriority=\"high\" decoding=\"async\" width=\"1024\" height=\"683\" src=\"https:\/\/ianima.com.br\/blog\/wp-content\/uploads\/2025\/08\/2MM-40-1024x683.webp\" alt=\"Depress\u00e3o S\u00edndrome Aguda: O Que Voc\u00ea Precisa Saber\" class=\"wp-image-8599\" style=\"width:500px\" srcset=\"https:\/\/ianima.com.br\/blog\/wp-content\/uploads\/2025\/08\/2MM-40-1024x683.webp 1024w, https:\/\/ianima.com.br\/blog\/wp-content\/uploads\/2025\/08\/2MM-40-300x200.webp 300w, https:\/\/ianima.com.br\/blog\/wp-content\/uploads\/2025\/08\/2MM-40-768x512.webp 768w, https:\/\/ianima.com.br\/blog\/wp-content\/uploads\/2025\/08\/2MM-40.webp 1536w\" sizes=\"(max-width: 1024px) 100vw, 1024px\" \/><\/figure>\n\n\n\n<h2 class=\"wp-block-heading\" id=\"h-perguntas-frequentes-faq\">Perguntas Frequentes (FAQ)<\/h2>\n\n\n\n<div class=\"schema-faq wp-block-yoast-faq-block\"><div class=\"schema-faq-section\" id=\"faq-question-1754235598108\"><strong class=\"schema-faq-question\">O que \u00e9 a depress\u00e3o s\u00edndrome aguda?<\/strong> <p class=\"schema-faq-answer\">A depress\u00e3o s\u00edndrome aguda \u00e9 uma forma intensa de depress\u00e3o que aparece rapidamente e pode causar sintomas severos, como tristeza profunda, falta de energia e dificuldade de concentra\u00e7\u00e3o.<\/p> <\/div> <div class=\"schema-faq-section\" id=\"faq-question-1754235622313\"><strong class=\"schema-faq-question\">Quais s\u00e3o os principais sintomas da depress\u00e3o s\u00edndrome aguda?<\/strong> <p class=\"schema-faq-answer\">Os sintomas incluem tristeza extrema, ansiedade, altera\u00e7\u00f5es no sono e apetite, al\u00e9m de sentimentos de desesperan\u00e7a e desespero.<\/p> <\/div> <div class=\"schema-faq-section\" id=\"faq-question-1754235645054\"><strong class=\"schema-faq-question\">Como posso buscar ajuda para a depress\u00e3o s\u00edndrome aguda?<\/strong> <p class=\"schema-faq-answer\">\u00c9 super importante procurar um profissional de sa\u00fade mental, como um psic\u00f3logo ou psiquiatra, que pode oferecer terapia e, se necess\u00e1rio, medica\u00e7\u00e3o.<\/p> <\/div> <\/div>\n\n\n\n<ul class=\"wp-block-yoast-seo-related-links\"><li><a href=\"https:\/\/ianima.com.br\/blog\/saude-mental\/o-que-e-depressao-aguda-sinais-causas-e-caminhos\/\">O Que \u00c9 Depress\u00e3o Aguda: Sinais, Causas e Caminhos<\/a><\/li><li><a href=\"https:\/\/ianima.com.br\/blog\/saude-mental\/como-vencer-depressao-sinais-causas-e-caminhos\/\">Como Vencer Depress\u00e3o: Sinais, Causas e Caminhos<\/a><\/li><li><a href=\"https:\/\/ianima.com.br\/blog\/saude-mental\/sindrome-de-burnout-sinais-causas-e-como-lidar\/\">S\u00edndrome de Burnout: Sinais, Causas e Como Lidar<\/a><\/li><li><a href=\"https:\/\/ianima.com.br\/blog\/saude-mental\/sindrome-de-burnout-sintomas-que-voce-precisa-conhecer\/\">S\u00edndrome de Burnout: Sintomas que Voc\u00ea Precisa Conhecer<\/a><\/li><li><a href=\"https:\/\/ianima.com.br\/blog\/saude-mental\/sindrome-de-burnout-o-que-e-e-como-lidar-2\/\">S\u00edndrome de Burnout: O Que \u00c9 e Como Lidar<\/a><\/li><\/ul>\n","protected":false},"excerpt":{"rendered":"<p>Os Sinais e Sintomas da Depress\u00e3o S\u00edndrome Aguda A depress\u00e3o s\u00edndrome aguda \u00e9 marcada por uma manifesta\u00e7\u00e3o intensa e repentina de sintomas depressivos, que impactam drasticamente a rotina e o funcionamento emocional do indiv\u00edduo. Um dos sinais mais frequentes \u00e9 o rebaixamento r\u00e1pido do humor, acompanhado de uma sensa\u00e7\u00e3o profunda de desesperan\u00e7a, que parece surgir [&hellip;]<\/p>\n","protected":false},"author":1,"featured_media":8598,"comment_status":"closed","ping_status":"closed","sticky":false,"template":"","format":"standard","meta":{"site-sidebar-layout":"default","site-content-layout":"","ast-site-content-layout":"default","site-content-style":"default","site-sidebar-style":"default","ast-global-header-display":"","ast-banner-title-visibility":"","ast-main-header-display":"","ast-hfb-above-header-display":"","ast-hfb-below-header-display":"","ast-hfb-mobile-header-display":"","site-post-title":"","ast-breadcrumbs-content":"","ast-featured-img":"","footer-sml-layout":"","theme-transparent-header-meta":"","adv-header-id-meta":"","stick-header-meta":"","header-above-stick-meta":"","header-main-stick-meta":"","header-below-stick-meta":"","astra-migrate-meta-layouts":"set","ast-page-background-enabled":"default","ast-page-background-meta":{"desktop":{"background-color":"","background-image":"","background-repeat":"repeat","background-position":"center center","background-size":"auto","background-attachment":"scroll","background-type":"","background-media":"","overlay-type":"","overlay-color":"","overlay-opacity":"","overlay-gradient":""},"tablet":{"background-color":"","background-image":"","background-repeat":"repeat","background-position":"center center","background-size":"auto","background-attachment":"scroll","background-type":"","background-media":"","overlay-type":"","overlay-color":"","overlay-opacity":"","overlay-gradient":""},"mobile":{"background-color":"","background-image":"","background-repeat":"repeat","background-position":"center center","background-size":"auto","background-attachment":"scroll","background-type":"","background-media":"","overlay-type":"","overlay-color":"","overlay-opacity":"","overlay-gradient":""}},"ast-content-background-meta":{"desktop":{"background-color":"var(--ast-global-color-5)","background-image":"","background-repeat":"repeat","background-position":"center center","background-size":"auto","background-attachment":"scroll","background-type":"","background-media":"","overlay-type":"","overlay-color":"","overlay-opacity":"","overlay-gradient":""},"tablet":{"background-color":"var(--ast-global-color-5)","background-image":"","background-repeat":"repeat","background-position":"center center","background-size":"auto","background-attachment":"scroll","background-type":"","background-media":"","overlay-type":"","overlay-color":"","overlay-opacity":"","overlay-gradient":""},"mobile":{"background-color":"var(--ast-global-color-5)","background-image":"","background-repeat":"repeat","background-position":"center center","background-size":"auto","background-attachment":"scroll","background-type":"","background-media":"","overlay-type":"","overlay-color":"","overlay-opacity":"","overlay-gradient":""}},"footnotes":""},"categories":[24],"tags":[],"class_list":["post-8596","post","type-post","status-publish","format-standard","has-post-thumbnail","hentry","category-saude-mental"],"yoast_head":"<!-- This site is optimized with the Yoast SEO Premium plugin v20.8 (Yoast SEO v20.8) - https:\/\/yoast.com\/wordpress\/plugins\/seo\/ -->\n<title>Depress\u00e3o S\u00edndrome Aguda: O Que Voc\u00ea Precisa Saber<\/title>\n<meta name=\"description\" content=\"Descubra os segredos da Depress\u00e3o S\u00edndrome Aguda e como ela pode impactar sua vida! N\u00e3o fique no escuro, conhe\u00e7a a verdade agora!\" \/>\n<meta name=\"robots\" content=\"index, follow, max-snippet:-1, max-image-preview:large, max-video-preview:-1\" \/>\n<link rel=\"canonical\" href=\"https:\/\/ianima.com.br\/blog\/saude-mental\/depressao-sindrome-aguda-o-que-voce-precisa-saber\/\" \/>\n<meta property=\"og:locale\" content=\"pt_BR\" \/>\n<meta property=\"og:type\" content=\"article\" \/>\n<meta property=\"og:title\" content=\"Depress\u00e3o S\u00edndrome Aguda: O Que Voc\u00ea Precisa Saber\" \/>\n<meta property=\"og:description\" content=\"Descubra os segredos da Depress\u00e3o S\u00edndrome Aguda e como ela pode impactar sua vida! N\u00e3o fique no escuro, conhe\u00e7a a verdade agora!\" \/>\n<meta property=\"og:url\" content=\"https:\/\/ianima.com.br\/blog\/saude-mental\/depressao-sindrome-aguda-o-que-voce-precisa-saber\/\" \/>\n<meta property=\"og:site_name\" content=\"Terapia Online com IANIMA: Inova\u00e7\u00e3o e Aconselhamento. O terapeuta online ao seu alcance.\" \/>\n<meta property=\"article:published_time\" content=\"2025-08-03T15:43:31+00:00\" \/>\n<meta property=\"article:modified_time\" content=\"2025-08-03T15:43:32+00:00\" \/>\n<meta property=\"og:image\" content=\"https:\/\/ianima.com.br\/blog\/wp-content\/uploads\/2025\/08\/1MM-40.webp\" \/>\n\t<meta property=\"og:image:width\" content=\"1536\" \/>\n\t<meta property=\"og:image:height\" content=\"1024\" \/>\n\t<meta property=\"og:image:type\" content=\"image\/webp\" \/>\n<meta name=\"author\" content=\"Wanderlei Talib\" \/>\n<meta name=\"twitter:card\" content=\"summary_large_image\" \/>\n<meta name=\"twitter:label1\" content=\"Escrito por\" \/>\n\t<meta name=\"twitter:data1\" content=\"Wanderlei Talib\" \/>\n\t<meta name=\"twitter:label2\" content=\"Est. tempo de leitura\" \/>\n\t<meta name=\"twitter:data2\" content=\"8 minutos\" \/>\n<script type=\"application\/ld+json\" class=\"yoast-schema-graph\">{\"@context\":\"https:\/\/schema.org\",\"@graph\":[{\"@type\":\"Article\",\"@id\":\"https:\/\/ianima.com.br\/blog\/saude-mental\/depressao-sindrome-aguda-o-que-voce-precisa-saber\/#article\",\"isPartOf\":{\"@id\":\"https:\/\/ianima.com.br\/blog\/saude-mental\/depressao-sindrome-aguda-o-que-voce-precisa-saber\/\"},\"author\":{\"name\":\"Wanderlei Talib\",\"@id\":\"https:\/\/ianima.com.br\/blog\/#\/schema\/person\/85378d6a819826ce615ae2a7a04f68d8\"},\"headline\":\"Depress\u00e3o S\u00edndrome Aguda: O Que Voc\u00ea Precisa Saber\",\"datePublished\":\"2025-08-03T15:43:31+00:00\",\"dateModified\":\"2025-08-03T15:43:32+00:00\",\"mainEntityOfPage\":{\"@id\":\"https:\/\/ianima.com.br\/blog\/saude-mental\/depressao-sindrome-aguda-o-que-voce-precisa-saber\/\"},\"wordCount\":1551,\"publisher\":{\"@id\":\"https:\/\/ianima.com.br\/blog\/#organization\"},\"articleSection\":[\"Sa\u00fade Mental\"],\"inLanguage\":\"pt-BR\"},{\"@type\":[\"WebPage\",\"FAQPage\"],\"@id\":\"https:\/\/ianima.com.br\/blog\/saude-mental\/depressao-sindrome-aguda-o-que-voce-precisa-saber\/\",\"url\":\"https:\/\/ianima.com.br\/blog\/saude-mental\/depressao-sindrome-aguda-o-que-voce-precisa-saber\/\",\"name\":\"Depress\u00e3o S\u00edndrome Aguda: O Que Voc\u00ea Precisa Saber\",\"isPartOf\":{\"@id\":\"https:\/\/ianima.com.br\/blog\/#website\"},\"datePublished\":\"2025-08-03T15:43:31+00:00\",\"dateModified\":\"2025-08-03T15:43:32+00:00\",\"description\":\"Descubra os segredos da Depress\u00e3o S\u00edndrome Aguda e como ela pode impactar sua vida! N\u00e3o fique no escuro, conhe\u00e7a a verdade agora!\",\"breadcrumb\":{\"@id\":\"https:\/\/ianima.com.br\/blog\/saude-mental\/depressao-sindrome-aguda-o-que-voce-precisa-saber\/#breadcrumb\"},\"mainEntity\":[{\"@id\":\"https:\/\/ianima.com.br\/blog\/saude-mental\/depressao-sindrome-aguda-o-que-voce-precisa-saber\/#faq-question-1754235598108\"},{\"@id\":\"https:\/\/ianima.com.br\/blog\/saude-mental\/depressao-sindrome-aguda-o-que-voce-precisa-saber\/#faq-question-1754235622313\"},{\"@id\":\"https:\/\/ianima.com.br\/blog\/saude-mental\/depressao-sindrome-aguda-o-que-voce-precisa-saber\/#faq-question-1754235645054\"}],\"inLanguage\":\"pt-BR\",\"potentialAction\":[{\"@type\":\"ReadAction\",\"target\":[\"https:\/\/ianima.com.br\/blog\/saude-mental\/depressao-sindrome-aguda-o-que-voce-precisa-saber\/\"]}]},{\"@type\":\"BreadcrumbList\",\"@id\":\"https:\/\/ianima.com.br\/blog\/saude-mental\/depressao-sindrome-aguda-o-que-voce-precisa-saber\/#breadcrumb\",\"itemListElement\":[{\"@type\":\"ListItem\",\"position\":1,\"name\":\"In\u00edcio\",\"item\":\"https:\/\/ianima.com.br\/blog\/\"},{\"@type\":\"ListItem\",\"position\":2,\"name\":\"Depress\u00e3o S\u00edndrome Aguda: O Que Voc\u00ea Precisa Saber\"}]},{\"@type\":\"WebSite\",\"@id\":\"https:\/\/ianima.com.br\/blog\/#website\",\"url\":\"https:\/\/ianima.com.br\/blog\/\",\"name\":\"Terapia Online com IANIMA: Inova\u00e7\u00e3o e Aconselhamento. O terapeuta online ao seu alcance.\",\"description\":\"Terapia gratuita online com a IAnima, sua terapeuta online. Artigos sobre terapias online, sa\u00fade mental e bem-estar.\",\"publisher\":{\"@id\":\"https:\/\/ianima.com.br\/blog\/#organization\"},\"potentialAction\":[{\"@type\":\"SearchAction\",\"target\":{\"@type\":\"EntryPoint\",\"urlTemplate\":\"https:\/\/ianima.com.br\/blog\/?s={search_term_string}\"},\"query-input\":\"required name=search_term_string\"}],\"inLanguage\":\"pt-BR\"},{\"@type\":\"Organization\",\"@id\":\"https:\/\/ianima.com.br\/blog\/#organization\",\"name\":\"Terapia Online com IANIMA: Inova\u00e7\u00e3o e Aconselhamento. O terapeuta online ao seu alcance.\",\"url\":\"https:\/\/ianima.com.br\/blog\/\",\"logo\":{\"@type\":\"ImageObject\",\"inLanguage\":\"pt-BR\",\"@id\":\"https:\/\/ianima.com.br\/blog\/#\/schema\/logo\/image\/\",\"url\":\"https:\/\/ianima.com.br\/blog\/wp-content\/uploads\/2025\/04\/cropped-IAnima-terapia-online.webp\",\"contentUrl\":\"https:\/\/ianima.com.br\/blog\/wp-content\/uploads\/2025\/04\/cropped-IAnima-terapia-online.webp\",\"width\":819,\"height\":222,\"caption\":\"Terapia Online com IANIMA: Inova\u00e7\u00e3o e Aconselhamento. O terapeuta online ao seu alcance.\"},\"image\":{\"@id\":\"https:\/\/ianima.com.br\/blog\/#\/schema\/logo\/image\/\"}},{\"@type\":\"Person\",\"@id\":\"https:\/\/ianima.com.br\/blog\/#\/schema\/person\/85378d6a819826ce615ae2a7a04f68d8\",\"name\":\"Wanderlei Talib\",\"image\":{\"@type\":\"ImageObject\",\"inLanguage\":\"pt-BR\",\"@id\":\"https:\/\/ianima.com.br\/blog\/#\/schema\/person\/image\/\",\"url\":\"https:\/\/ianima.com.br\/blog\/wp-content\/litespeed\/avatar\/a0461c2b338365ab5dd45a3e926e23c7.jpg?ver=1777055969\",\"contentUrl\":\"https:\/\/ianima.com.br\/blog\/wp-content\/litespeed\/avatar\/a0461c2b338365ab5dd45a3e926e23c7.jpg?ver=1777055969\",\"caption\":\"Wanderlei Talib\"},\"sameAs\":[\"https:\/\/ianima.com.br\/blog\"],\"url\":\"https:\/\/ianima.com.br\/blog\/author\/adminedu\/\"},{\"@type\":\"Question\",\"@id\":\"https:\/\/ianima.com.br\/blog\/saude-mental\/depressao-sindrome-aguda-o-que-voce-precisa-saber\/#faq-question-1754235598108\",\"position\":1,\"url\":\"https:\/\/ianima.com.br\/blog\/saude-mental\/depressao-sindrome-aguda-o-que-voce-precisa-saber\/#faq-question-1754235598108\",\"name\":\"O que \u00e9 a depress\u00e3o s\u00edndrome aguda?\",\"answerCount\":1,\"acceptedAnswer\":{\"@type\":\"Answer\",\"text\":\"A depress\u00e3o s\u00edndrome aguda \u00e9 uma forma intensa de depress\u00e3o que aparece rapidamente e pode causar sintomas severos, como tristeza profunda, falta de energia e dificuldade de concentra\u00e7\u00e3o.\",\"inLanguage\":\"pt-BR\"},\"inLanguage\":\"pt-BR\"},{\"@type\":\"Question\",\"@id\":\"https:\/\/ianima.com.br\/blog\/saude-mental\/depressao-sindrome-aguda-o-que-voce-precisa-saber\/#faq-question-1754235622313\",\"position\":2,\"url\":\"https:\/\/ianima.com.br\/blog\/saude-mental\/depressao-sindrome-aguda-o-que-voce-precisa-saber\/#faq-question-1754235622313\",\"name\":\"Quais s\u00e3o os principais sintomas da depress\u00e3o s\u00edndrome aguda?\",\"answerCount\":1,\"acceptedAnswer\":{\"@type\":\"Answer\",\"text\":\"Os sintomas incluem tristeza extrema, ansiedade, altera\u00e7\u00f5es no sono e apetite, al\u00e9m de sentimentos de desesperan\u00e7a e desespero.\",\"inLanguage\":\"pt-BR\"},\"inLanguage\":\"pt-BR\"},{\"@type\":\"Question\",\"@id\":\"https:\/\/ianima.com.br\/blog\/saude-mental\/depressao-sindrome-aguda-o-que-voce-precisa-saber\/#faq-question-1754235645054\",\"position\":3,\"url\":\"https:\/\/ianima.com.br\/blog\/saude-mental\/depressao-sindrome-aguda-o-que-voce-precisa-saber\/#faq-question-1754235645054\",\"name\":\"Como posso buscar ajuda para a depress\u00e3o s\u00edndrome aguda?\",\"answerCount\":1,\"acceptedAnswer\":{\"@type\":\"Answer\",\"text\":\"\u00c9 super importante procurar um profissional de sa\u00fade mental, como um psic\u00f3logo ou psiquiatra, que pode oferecer terapia e, se necess\u00e1rio, medica\u00e7\u00e3o.\",\"inLanguage\":\"pt-BR\"},\"inLanguage\":\"pt-BR\"}]}<\/script>\n<!-- \/ Yoast SEO Premium plugin. -->","yoast_head_json":{"title":"Depress\u00e3o S\u00edndrome Aguda: O Que Voc\u00ea Precisa Saber","description":"Descubra os segredos da Depress\u00e3o S\u00edndrome Aguda e como ela pode impactar sua vida! N\u00e3o fique no escuro, conhe\u00e7a a verdade agora!","robots":{"index":"index","follow":"follow","max-snippet":"max-snippet:-1","max-image-preview":"max-image-preview:large","max-video-preview":"max-video-preview:-1"},"canonical":"https:\/\/ianima.com.br\/blog\/saude-mental\/depressao-sindrome-aguda-o-que-voce-precisa-saber\/","og_locale":"pt_BR","og_type":"article","og_title":"Depress\u00e3o S\u00edndrome Aguda: O Que Voc\u00ea Precisa Saber","og_description":"Descubra os segredos da Depress\u00e3o S\u00edndrome Aguda e como ela pode impactar sua vida! N\u00e3o fique no escuro, conhe\u00e7a a verdade agora!","og_url":"https:\/\/ianima.com.br\/blog\/saude-mental\/depressao-sindrome-aguda-o-que-voce-precisa-saber\/","og_site_name":"Terapia Online com IANIMA: Inova\u00e7\u00e3o e Aconselhamento. O terapeuta online ao seu alcance.","article_published_time":"2025-08-03T15:43:31+00:00","article_modified_time":"2025-08-03T15:43:32+00:00","og_image":[{"width":1536,"height":1024,"url":"https:\/\/ianima.com.br\/blog\/wp-content\/uploads\/2025\/08\/1MM-40.webp","type":"image\/webp"}],"author":"Wanderlei Talib","twitter_card":"summary_large_image","twitter_misc":{"Escrito por":"Wanderlei Talib","Est. tempo de leitura":"8 minutos"},"schema":{"@context":"https:\/\/schema.org","@graph":[{"@type":"Article","@id":"https:\/\/ianima.com.br\/blog\/saude-mental\/depressao-sindrome-aguda-o-que-voce-precisa-saber\/#article","isPartOf":{"@id":"https:\/\/ianima.com.br\/blog\/saude-mental\/depressao-sindrome-aguda-o-que-voce-precisa-saber\/"},"author":{"name":"Wanderlei Talib","@id":"https:\/\/ianima.com.br\/blog\/#\/schema\/person\/85378d6a819826ce615ae2a7a04f68d8"},"headline":"Depress\u00e3o S\u00edndrome Aguda: O Que Voc\u00ea Precisa Saber","datePublished":"2025-08-03T15:43:31+00:00","dateModified":"2025-08-03T15:43:32+00:00","mainEntityOfPage":{"@id":"https:\/\/ianima.com.br\/blog\/saude-mental\/depressao-sindrome-aguda-o-que-voce-precisa-saber\/"},"wordCount":1551,"publisher":{"@id":"https:\/\/ianima.com.br\/blog\/#organization"},"articleSection":["Sa\u00fade Mental"],"inLanguage":"pt-BR"},{"@type":["WebPage","FAQPage"],"@id":"https:\/\/ianima.com.br\/blog\/saude-mental\/depressao-sindrome-aguda-o-que-voce-precisa-saber\/","url":"https:\/\/ianima.com.br\/blog\/saude-mental\/depressao-sindrome-aguda-o-que-voce-precisa-saber\/","name":"Depress\u00e3o S\u00edndrome Aguda: O Que Voc\u00ea Precisa Saber","isPartOf":{"@id":"https:\/\/ianima.com.br\/blog\/#website"},"datePublished":"2025-08-03T15:43:31+00:00","dateModified":"2025-08-03T15:43:32+00:00","description":"Descubra os segredos da Depress\u00e3o S\u00edndrome Aguda e como ela pode impactar sua vida! N\u00e3o fique no escuro, conhe\u00e7a a verdade agora!","breadcrumb":{"@id":"https:\/\/ianima.com.br\/blog\/saude-mental\/depressao-sindrome-aguda-o-que-voce-precisa-saber\/#breadcrumb"},"mainEntity":[{"@id":"https:\/\/ianima.com.br\/blog\/saude-mental\/depressao-sindrome-aguda-o-que-voce-precisa-saber\/#faq-question-1754235598108"},{"@id":"https:\/\/ianima.com.br\/blog\/saude-mental\/depressao-sindrome-aguda-o-que-voce-precisa-saber\/#faq-question-1754235622313"},{"@id":"https:\/\/ianima.com.br\/blog\/saude-mental\/depressao-sindrome-aguda-o-que-voce-precisa-saber\/#faq-question-1754235645054"}],"inLanguage":"pt-BR","potentialAction":[{"@type":"ReadAction","target":["https:\/\/ianima.com.br\/blog\/saude-mental\/depressao-sindrome-aguda-o-que-voce-precisa-saber\/"]}]},{"@type":"BreadcrumbList","@id":"https:\/\/ianima.com.br\/blog\/saude-mental\/depressao-sindrome-aguda-o-que-voce-precisa-saber\/#breadcrumb","itemListElement":[{"@type":"ListItem","position":1,"name":"In\u00edcio","item":"https:\/\/ianima.com.br\/blog\/"},{"@type":"ListItem","position":2,"name":"Depress\u00e3o S\u00edndrome Aguda: O Que Voc\u00ea Precisa Saber"}]},{"@type":"WebSite","@id":"https:\/\/ianima.com.br\/blog\/#website","url":"https:\/\/ianima.com.br\/blog\/","name":"Terapia Online com IANIMA: Inova\u00e7\u00e3o e Aconselhamento. O terapeuta online ao seu alcance.","description":"Terapia gratuita online com a IAnima, sua terapeuta online. Artigos sobre terapias online, sa\u00fade mental e bem-estar.","publisher":{"@id":"https:\/\/ianima.com.br\/blog\/#organization"},"potentialAction":[{"@type":"SearchAction","target":{"@type":"EntryPoint","urlTemplate":"https:\/\/ianima.com.br\/blog\/?s={search_term_string}"},"query-input":"required name=search_term_string"}],"inLanguage":"pt-BR"},{"@type":"Organization","@id":"https:\/\/ianima.com.br\/blog\/#organization","name":"Terapia Online com IANIMA: Inova\u00e7\u00e3o e Aconselhamento. O terapeuta online ao seu alcance.","url":"https:\/\/ianima.com.br\/blog\/","logo":{"@type":"ImageObject","inLanguage":"pt-BR","@id":"https:\/\/ianima.com.br\/blog\/#\/schema\/logo\/image\/","url":"https:\/\/ianima.com.br\/blog\/wp-content\/uploads\/2025\/04\/cropped-IAnima-terapia-online.webp","contentUrl":"https:\/\/ianima.com.br\/blog\/wp-content\/uploads\/2025\/04\/cropped-IAnima-terapia-online.webp","width":819,"height":222,"caption":"Terapia Online com IANIMA: Inova\u00e7\u00e3o e Aconselhamento. O terapeuta online ao seu alcance."},"image":{"@id":"https:\/\/ianima.com.br\/blog\/#\/schema\/logo\/image\/"}},{"@type":"Person","@id":"https:\/\/ianima.com.br\/blog\/#\/schema\/person\/85378d6a819826ce615ae2a7a04f68d8","name":"Wanderlei Talib","image":{"@type":"ImageObject","inLanguage":"pt-BR","@id":"https:\/\/ianima.com.br\/blog\/#\/schema\/person\/image\/","url":"https:\/\/ianima.com.br\/blog\/wp-content\/litespeed\/avatar\/a0461c2b338365ab5dd45a3e926e23c7.jpg?ver=1777055969","contentUrl":"https:\/\/ianima.com.br\/blog\/wp-content\/litespeed\/avatar\/a0461c2b338365ab5dd45a3e926e23c7.jpg?ver=1777055969","caption":"Wanderlei Talib"},"sameAs":["https:\/\/ianima.com.br\/blog"],"url":"https:\/\/ianima.com.br\/blog\/author\/adminedu\/"},{"@type":"Question","@id":"https:\/\/ianima.com.br\/blog\/saude-mental\/depressao-sindrome-aguda-o-que-voce-precisa-saber\/#faq-question-1754235598108","position":1,"url":"https:\/\/ianima.com.br\/blog\/saude-mental\/depressao-sindrome-aguda-o-que-voce-precisa-saber\/#faq-question-1754235598108","name":"O que \u00e9 a depress\u00e3o s\u00edndrome aguda?","answerCount":1,"acceptedAnswer":{"@type":"Answer","text":"A depress\u00e3o s\u00edndrome aguda \u00e9 uma forma intensa de depress\u00e3o que aparece rapidamente e pode causar sintomas severos, como tristeza profunda, falta de energia e dificuldade de concentra\u00e7\u00e3o.","inLanguage":"pt-BR"},"inLanguage":"pt-BR"},{"@type":"Question","@id":"https:\/\/ianima.com.br\/blog\/saude-mental\/depressao-sindrome-aguda-o-que-voce-precisa-saber\/#faq-question-1754235622313","position":2,"url":"https:\/\/ianima.com.br\/blog\/saude-mental\/depressao-sindrome-aguda-o-que-voce-precisa-saber\/#faq-question-1754235622313","name":"Quais s\u00e3o os principais sintomas da depress\u00e3o s\u00edndrome aguda?","answerCount":1,"acceptedAnswer":{"@type":"Answer","text":"Os sintomas incluem tristeza extrema, ansiedade, altera\u00e7\u00f5es no sono e apetite, al\u00e9m de sentimentos de desesperan\u00e7a e desespero.","inLanguage":"pt-BR"},"inLanguage":"pt-BR"},{"@type":"Question","@id":"https:\/\/ianima.com.br\/blog\/saude-mental\/depressao-sindrome-aguda-o-que-voce-precisa-saber\/#faq-question-1754235645054","position":3,"url":"https:\/\/ianima.com.br\/blog\/saude-mental\/depressao-sindrome-aguda-o-que-voce-precisa-saber\/#faq-question-1754235645054","name":"Como posso buscar ajuda para a depress\u00e3o s\u00edndrome aguda?","answerCount":1,"acceptedAnswer":{"@type":"Answer","text":"\u00c9 super importante procurar um profissional de sa\u00fade mental, como um psic\u00f3logo ou psiquiatra, que pode oferecer terapia e, se necess\u00e1rio, medica\u00e7\u00e3o.","inLanguage":"pt-BR"},"inLanguage":"pt-BR"}]}},"_links":{"self":[{"href":"https:\/\/ianima.com.br\/blog\/wp-json\/wp\/v2\/posts\/8596","targetHints":{"allow":["GET"]}}],"collection":[{"href":"https:\/\/ianima.com.br\/blog\/wp-json\/wp\/v2\/posts"}],"about":[{"href":"https:\/\/ianima.com.br\/blog\/wp-json\/wp\/v2\/types\/post"}],"author":[{"embeddable":true,"href":"https:\/\/ianima.com.br\/blog\/wp-json\/wp\/v2\/users\/1"}],"replies":[{"embeddable":true,"href":"https:\/\/ianima.com.br\/blog\/wp-json\/wp\/v2\/comments?post=8596"}],"version-history":[{"count":1,"href":"https:\/\/ianima.com.br\/blog\/wp-json\/wp\/v2\/posts\/8596\/revisions"}],"predecessor-version":[{"id":8600,"href":"https:\/\/ianima.com.br\/blog\/wp-json\/wp\/v2\/posts\/8596\/revisions\/8600"}],"wp:featuredmedia":[{"embeddable":true,"href":"https:\/\/ianima.com.br\/blog\/wp-json\/wp\/v2\/media\/8598"}],"wp:attachment":[{"href":"https:\/\/ianima.com.br\/blog\/wp-json\/wp\/v2\/media?parent=8596"}],"wp:term":[{"taxonomy":"category","embeddable":true,"href":"https:\/\/ianima.com.br\/blog\/wp-json\/wp\/v2\/categories?post=8596"},{"taxonomy":"post_tag","embeddable":true,"href":"https:\/\/ianima.com.br\/blog\/wp-json\/wp\/v2\/tags?post=8596"}],"curies":[{"name":"wp","href":"https:\/\/api.w.org\/{rel}","templated":true}]}}