{"id":8875,"date":"2025-08-06T00:50:23","date_gmt":"2025-08-06T00:50:23","guid":{"rendered":"https:\/\/ianima.com.br\/blog\/?p=8875"},"modified":"2025-08-06T00:50:24","modified_gmt":"2025-08-06T00:50:24","slug":"qual-medico-cuida-de-depressao-entenda-os-caminhos","status":"publish","type":"post","link":"https:\/\/ianima.com.br\/blog\/saude-mental\/qual-medico-cuida-de-depressao-entenda-os-caminhos\/","title":{"rendered":"Qual M\u00e9dico Cuida de Depress\u00e3o? Entenda os Caminhos"},"content":{"rendered":"\n<h2 class=\"wp-block-heading\" id=\"h-os-sinais-e-sintomas-da-depressao\">Os Sinais e Sintomas da <strong>Depress\u00e3o<\/strong><\/h2>\n\n\n\n<p>A <strong>depress\u00e3o<\/strong> pode se manifestar de forma silenciosa, afetando o humor, a energia e at\u00e9 mesmo a forma como percebemos a realidade. Entre os sintomas mais comuns est\u00e3o a tristeza persistente, perda de interesse por atividades que antes eram prazerosas, altera\u00e7\u00f5es no sono e no apetite, e dificuldades de concentra\u00e7\u00e3o.<\/p>\n\n\n\n<p>Al\u00e9m disso, tamb\u00e9m \u00e9 frequente a sensa\u00e7\u00e3o de cansa\u00e7o constante, sentimentos de inutilidade ou culpa excessiva, e pensamentos negativos recorrentes. Em alguns casos, podem surgir dores f\u00edsicas sem explica\u00e7\u00e3o m\u00e9dica, como dores de cabe\u00e7a ou no corpo, o que refor\u00e7a o impacto da <strong>depress\u00e3o<\/strong> na sa\u00fade integral da pessoa.<\/p>\n\n\n\n<h2 class=\"wp-block-heading\" id=\"h-a-psicologia-por-tras-da-vida-real-a-depressao-no-dia-a-dia\">A Psicologia por Tr\u00e1s da Vida Real: A <strong>Depress\u00e3o<\/strong> no Dia a Dia *<\/h2>\n\n\n\n<p>Imagine algu\u00e9m que costumava amar cozinhar e, de repente, sente que preparar uma simples refei\u00e7\u00e3o se torna uma tarefa exaustiva. Ou um estudante que come\u00e7a a evitar intera\u00e7\u00f5es com colegas, mesmo sem motivo aparente. S\u00e3o situa\u00e7\u00f5es como essas que ilustram como a <strong>depress\u00e3o<\/strong> se infiltra nas rotinas, alterando a motiva\u00e7\u00e3o, o prazer e o envolvimento emocional.<\/p>\n\n\n\n<p>Como uma n\u00e9voa emocional, ela pode distorcer percep\u00e7\u00f5es, tornar tarefas simples em desafios e minar a confian\u00e7a pessoal, interferindo diretamente nas decis\u00f5es e relacionamentos.<\/p>\n\n\n\n<h2 class=\"wp-block-heading\" id=\"h-compreendendo-os-momentos-criticos-da-depressao\">Compreendendo os Momentos Cr\u00edticos da <strong>Depress\u00e3o<\/strong><\/h2>\n\n\n\n<p>Os momentos cr\u00edticos da <strong>depress\u00e3o<\/strong> ocorrem quando h\u00e1 uma intensifica\u00e7\u00e3o dos sintomas, comprometendo de forma severa a funcionalidade di\u00e1ria. Isso pode acontecer ap\u00f3s eventos estressantes, per\u00edodos prolongados de isolamento, ou mesmo sem um gatilho evidente.<\/p>\n\n\n\n<p>Nesses momentos, \u00e9 comum sentir que nada faz sentido ou que n\u00e3o h\u00e1 sa\u00edda. Diferenciar tristeza passageira de uma <strong>depress\u00e3o<\/strong> instalada envolve observar a dura\u00e7\u00e3o dos sintomas, sua intensidade e o quanto eles interferem nas atividades b\u00e1sicas do cotidiano.<\/p>\n\n\n\n<h2 class=\"wp-block-heading\" id=\"h-o-que-desencadeia-a-depressao\">O Que Desencadeia a <strong>Depress\u00e3o<\/strong>?<\/h2>\n\n\n\n<p>Diversos fatores podem desencadear a <strong>depress\u00e3o<\/strong>, incluindo predisposi\u00e7\u00e3o gen\u00e9tica, desequil\u00edbrios qu\u00edmicos no c\u00e9rebro, traumas emocionais, estresse cr\u00f4nico, perdas afetivas, doen\u00e7as f\u00edsicas e uso de subst\u00e2ncias.<\/p>\n\n\n\n<p>Ambientes desestruturados, rela\u00e7\u00f5es t\u00f3xicas e at\u00e9 press\u00f5es sociais constantes tamb\u00e9m podem funcionar como gatilhos. Em muitos casos, \u00e9 a combina\u00e7\u00e3o de elementos internos e externos que cria o terreno para o desenvolvimento do quadro depressivo.<\/p>\n\n\n\n<h2 class=\"wp-block-heading\" id=\"h-mitos-e-verdades-sobre-solucoes-para-a-depressao\">Mitos e Verdades sobre Solu\u00e7\u00f5es para a <strong>Depress\u00e3o<\/strong><\/h2>\n\n\n\n<p>Um dos mitos mais comuns \u00e9 acreditar que a <strong>depress\u00e3o<\/strong> \u00e9 apenas &#8220;frescura&#8221; ou &#8220;falta de for\u00e7a de vontade&#8221;. Outro equ\u00edvoco recorrente \u00e9 pensar que somente medicamentos resolvem o problema. Na verdade, o tratamento da <strong>depress\u00e3o<\/strong> \u00e9 multidisciplinar e personalizado.<\/p>\n\n\n\n<p>Entre as abordagens eficazes est\u00e3o a psicoterapia, a atividade f\u00edsica regular, mudan\u00e7as no estilo de vida, apoio social e, em alguns casos, o uso de medica\u00e7\u00e3o, sempre com orienta\u00e7\u00e3o m\u00e9dica. O primeiro passo, no entanto, \u00e9 buscar avalia\u00e7\u00e3o com o profissional adequado.<\/p>\n\n\n\n<h2 class=\"wp-block-heading\" id=\"h-como-lidar-com-a-depressao-no-dia-a-dia\">Como Lidar com a <strong>Depress\u00e3o<\/strong> no Dia a Dia<\/h2>\n\n\n\n<p>Pequenas a\u00e7\u00f5es di\u00e1rias podem fazer grande diferen\u00e7a na conviv\u00eancia com a <strong>depress\u00e3o<\/strong>:<\/p>\n\n\n\n<ul class=\"wp-block-list\">\n<li>Estabelecer rotinas simples e realistas<\/li>\n\n\n\n<li>Manter contato com pessoas de confian\u00e7a<\/li>\n\n\n\n<li>Praticar atividades f\u00edsicas leves, como caminhadas<\/li>\n\n\n\n<li>Reservar momentos de autocuidado, mesmo que breves<\/li>\n\n\n\n<li>Evitar o isolamento prolongado<\/li>\n<\/ul>\n\n\n\n<p>Mesmo que essas estrat\u00e9gias pare\u00e7am dif\u00edceis de aplicar em certos momentos, elas contribuem para reverter, aos poucos, o ciclo da in\u00e9rcia emocional.<\/p>\n\n\n\n<h2 class=\"wp-block-heading\" id=\"h-a-depressao-no-corpo-e-na-mente-manifestacoes\">A <strong>Depress\u00e3o<\/strong> no Corpo e na Mente: Manifesta\u00e7\u00f5es<\/h2>\n\n\n\n<p>A <strong>depress\u00e3o<\/strong> \u00e9 uma condi\u00e7\u00e3o que atravessa corpo e mente. No corpo, pode provocar fadiga, ins\u00f4nia ou sono excessivo, dores musculares e altera\u00e7\u00f5es no apetite. Na mente, gera desesperan\u00e7a, des\u00e2nimo, apatia e baixa autoestima.<\/p>\n\n\n\n<p>Essas manifesta\u00e7\u00f5es est\u00e3o interligadas. Por exemplo, a falta de sono agrava o cansa\u00e7o mental, e o sentimento de culpa intensifica o isolamento \u2014 formando um ciclo que pode se repetir, se n\u00e3o for interrompido com apoio adequado.<\/p>\n\n\n\n<h2 class=\"wp-block-heading\" id=\"h-depressao-leve-a-grave-uma-perspectiva-ampliada\"><strong>Depress\u00e3o Leve a Grave<\/strong>: Uma Perspectiva Ampliada<\/h2>\n\n\n\n<p>A <strong>depress\u00e3o<\/strong> n\u00e3o \u00e9 uma experi\u00eancia \u00fanica: ela varia em intensidade. Pode ser leve, quando causa inc\u00f4modo sem paralisar a vida; moderada, com mais limita\u00e7\u00f5es funcionais; ou grave, quando h\u00e1 risco \u00e0 integridade emocional e f\u00edsica da pessoa.<\/p>\n\n\n\n<p>Reconhecer essa grada\u00e7\u00e3o \u00e9 fundamental para buscar o tipo certo de ajuda \u2014 e evitar tanto o exagero quanto a neglig\u00eancia dos sinais.<\/p>\n\n\n\n<h2 class=\"wp-block-heading\" id=\"h-quem-busca-alivio-para-a-depressao\">Quem Busca Al\u00edvio para a <strong>Depress\u00e3o<\/strong>?<\/h2>\n\n\n\n<p>Pessoas de todas as idades, classes sociais e g\u00eaneros podem ser afetadas pela <strong>depress\u00e3o<\/strong>. Alguns a procuram ap\u00f3s epis\u00f3dios de grande estresse, outros ap\u00f3s mudan\u00e7as bruscas na vida \u2014 como perda de emprego, fim de relacionamento ou luto.<\/p>\n\n\n\n<p>Muitos ainda chegam \u00e0 busca de ajuda quando percebem que n\u00e3o conseguem mais \u201cdar conta\u201d da rotina, mesmo desejando profundamente sair daquela situa\u00e7\u00e3o. Reconhecer essa necessidade n\u00e3o \u00e9 sinal de fraqueza, mas sim um ato de coragem e cuidado pessoal.<\/p>\n\n\n\n<h2 class=\"wp-block-heading\" id=\"h-diferentes-abordagens-para-lidar-com-a-depressao\">Diferentes Abordagens para Lidar com a <strong>Depress\u00e3o<\/strong><\/h2>\n\n\n\n<ul class=\"wp-block-list\">\n<li>Psicoterapia (principalmente as abordagens cognitivo-comportamentais)<\/li>\n\n\n\n<li>Atendimento psiqui\u00e1trico para avalia\u00e7\u00e3o e, se necess\u00e1rio, prescri\u00e7\u00e3o medicamentosa<\/li>\n\n\n\n<li>Grupos de apoio e terapias complementares<\/li>\n\n\n\n<li>Atividades criativas e de express\u00e3o emocional<\/li>\n\n\n\n<li>T\u00e9cnicas de relaxamento, como respira\u00e7\u00e3o consciente e medita\u00e7\u00e3o<\/li>\n<\/ul>\n\n\n\n<h2 class=\"wp-block-heading\" id=\"h-sinais-de-alerta-quando-buscar-ajuda-profissional\">Sinais de Alerta: Quando Buscar Ajuda Profissional<\/h2>\n\n\n\n<ul class=\"wp-block-list\">\n<li>Sintomas persistentes por mais de duas semanas<\/li>\n\n\n\n<li>Incapacidade de realizar tarefas cotidianas<\/li>\n\n\n\n<li>Pensamentos negativos recorrentes sobre si ou sobre a vida<\/li>\n\n\n\n<li>Isolamento crescente<\/li>\n\n\n\n<li>Desejo de desaparecer ou pensamentos de autodestrui\u00e7\u00e3o<\/li>\n<\/ul>\n\n\n\n<p>Nesses casos, procurar um profissional da sa\u00fade mental \u00e9 indispens\u00e1vel para avalia\u00e7\u00e3o adequada e in\u00edcio do acompanhamento necess\u00e1rio.<\/p>\n\n\n\n<h2 class=\"wp-block-heading\" id=\"h-recursos-e-informacoes-confiaveis-sobre-a-depressao\">Recursos e Informa\u00e7\u00f5es Confi\u00e1veis sobre a <strong>Depress\u00e3o<\/strong><\/h2>\n\n\n\n<ul class=\"wp-block-list\">\n<li>Centros de Aten\u00e7\u00e3o Psicossocial (CAPS)<\/li>\n\n\n\n<li>Cl\u00ednicas-escola de universidades<\/li>\n\n\n\n<li>Plataformas como CVV (188) para apoio emocional<\/li>\n\n\n\n<li>Sites institucionais, como os do Minist\u00e9rio da Sa\u00fade, OMS e associa\u00e7\u00f5es de psiquiatria e psicologia<\/li>\n\n\n\n<li>Redes de acolhimento online com credibilidade<\/li>\n<\/ul>\n\n\n\n<h2 class=\"wp-block-heading\" id=\"h-dicas-para-acao-imediata-em-momentos-de-depressao\">Dicas para A\u00e7\u00e3o Imediata em Momentos de <strong>Depress\u00e3o<\/strong><\/h2>\n\n\n\n<ul class=\"wp-block-list\">\n<li>Ligue para algu\u00e9m de confian\u00e7a<\/li>\n\n\n\n<li>Respire profundamente por alguns minutos<\/li>\n\n\n\n<li>Saia do quarto e tente mudar de ambiente<\/li>\n\n\n\n<li>Escreva o que est\u00e1 sentindo<\/li>\n\n\n\n<li>Ou\u00e7a uma m\u00fasica reconfortante<\/li>\n\n\n\n<li>N\u00e3o tome decis\u00f5es importantes no auge da dor<\/li>\n<\/ul>\n\n\n\n<p>Essas a\u00e7\u00f5es simples ajudam a interromper o fluxo emocional negativo e abrir espa\u00e7o para buscar ajuda.<\/p>\n\n\n\n<h2 class=\"wp-block-heading\" id=\"h-conclusao\">Conclus\u00e3o<\/h2>\n\n\n\n<p>Em suma, entender <strong>qual m\u00e9dico cuida de depress\u00e3o<\/strong> \u00e9 o primeiro passo para quebrar o estigma e dar voz ao sofrimento silencioso. O psiquiatra \u00e9 o profissional habilitado para avaliar e, quando necess\u00e1rio, medicar; j\u00e1 o psic\u00f3logo oferece suporte terap\u00eautico para reorganizar a vida emocional. Ambos podem caminhar juntos no cuidado integral.<\/p>\n\n\n\n<p>Se voc\u00ea se identifica com esses sinais, buscar informa\u00e7\u00e3o e apoio pode ser o primeiro passo para uma vida mais leve e equilibrada!<\/p>\n\n\n\n<p>* Essas narrativas s\u00e3o fict\u00edcias mas inspiradas em situa\u00e7\u00f5es comumente vivenciadas nos estudos e na cl\u00ednica psicol\u00f3gica.<\/p>\n\n\n\n<figure class=\"wp-block-image aligncenter size-large is-resized\"><img fetchpriority=\"high\" decoding=\"async\" width=\"1024\" height=\"683\" src=\"https:\/\/ianima.com.br\/blog\/wp-content\/uploads\/2025\/08\/2MM-96-1024x683.webp\" alt=\"Qual M\u00e9dico Cuida de Depress\u00e3o? Entenda os Caminhos\" class=\"wp-image-8878\" style=\"width:500px\" srcset=\"https:\/\/ianima.com.br\/blog\/wp-content\/uploads\/2025\/08\/2MM-96-1024x683.webp 1024w, https:\/\/ianima.com.br\/blog\/wp-content\/uploads\/2025\/08\/2MM-96-300x200.webp 300w, https:\/\/ianima.com.br\/blog\/wp-content\/uploads\/2025\/08\/2MM-96-768x512.webp 768w, https:\/\/ianima.com.br\/blog\/wp-content\/uploads\/2025\/08\/2MM-96.webp 1536w\" sizes=\"(max-width: 1024px) 100vw, 1024px\" \/><\/figure>\n\n\n\n<h2 class=\"wp-block-heading\" id=\"h-perguntas-frequentes-faq\">Perguntas Frequentes (FAQ)<\/h2>\n\n\n\n<div class=\"schema-faq wp-block-yoast-faq-block\"><div class=\"schema-faq-section\" id=\"faq-question-1754441213151\"><strong class=\"schema-faq-question\">Qual m\u00e9dico cuida de depress\u00e3o?<\/strong> <p class=\"schema-faq-answer\">O m\u00e9dico que cuida de depress\u00e3o \u00e9 o psiquiatra, que \u00e9 especializado em sa\u00fade mental.<\/p> <\/div> <div class=\"schema-faq-section\" id=\"faq-question-1754441232838\"><strong class=\"schema-faq-question\">Posso procurar um psic\u00f3logo para tratar depress\u00e3o?<\/strong> <p class=\"schema-faq-answer\">Sim, o psic\u00f3logo pode ajudar muito com terapia e apoio emocional, mas o psiquiatra pode prescrever medica\u00e7\u00f5es se necess\u00e1rio.<\/p> <\/div> <div class=\"schema-faq-section\" id=\"faq-question-1754441255046\"><strong class=\"schema-faq-question\">Quais s\u00e3o os sinais de que preciso procurar ajuda?<\/strong> <p class=\"schema-faq-answer\">Se voc\u00ea est\u00e1 se sentindo triste, sem energia ou sem interesse nas coisas por mais de duas semanas, \u00e9 hora de buscar ajuda profissional.<\/p> <\/div> <\/div>\n\n\n\n<ul class=\"wp-block-yoast-seo-related-links\"><li><a href=\"https:\/\/ianima.com.br\/blog\/saude-mental\/qual-o-medico-que-cuida-de-depressao-o-que-voce-precisa-saber\/\">Qual o M\u00e9dico que Cuida de Depress\u00e3o: O Que Voc\u00ea Precisa Saber<\/a><\/li><li><a href=\"https:\/\/ianima.com.br\/blog\/saude-mental\/qual-medico-que-cuida-de-depressao-tudo-que-voce-precisa-saber\/\">Qual M\u00e9dico que Cuida de Depress\u00e3o: Tudo que Voc\u00ea Precisa Saber<\/a><\/li><li><a href=\"https:\/\/ianima.com.br\/blog\/saude-mental\/medico-para-depressao-o-que-voce-precisa-saber\/\">M\u00e9dico para Depress\u00e3o: O Que Voc\u00ea Precisa Saber<\/a><\/li><li><a href=\"https:\/\/ianima.com.br\/blog\/saude-mental\/qual-medico-trata-depressao-o-que-voce-precisa-saber\/\">Qual M\u00e9dico Trata Depress\u00e3o: O Que Voc\u00ea Precisa Saber<\/a><\/li><li><a href=\"https:\/\/ianima.com.br\/blog\/saude-mental\/que-medico-trata-depressao-o-que-voce-precisa-saber\/\">Que M\u00e9dico Trata Depress\u00e3o: O Que Voc\u00ea Precisa Saber<\/a><\/li><\/ul>\n","protected":false},"excerpt":{"rendered":"<p>Os Sinais e Sintomas da Depress\u00e3o A depress\u00e3o pode se manifestar de forma silenciosa, afetando o humor, a energia e at\u00e9 mesmo a forma como percebemos a realidade. Entre os sintomas mais comuns est\u00e3o a tristeza persistente, perda de interesse por atividades que antes eram prazerosas, altera\u00e7\u00f5es no sono e no apetite, e dificuldades de [&hellip;]<\/p>\n","protected":false},"author":1,"featured_media":8877,"comment_status":"closed","ping_status":"closed","sticky":false,"template":"","format":"standard","meta":{"site-sidebar-layout":"default","site-content-layout":"","ast-site-content-layout":"default","site-content-style":"default","site-sidebar-style":"default","ast-global-header-display":"","ast-banner-title-visibility":"","ast-main-header-display":"","ast-hfb-above-header-display":"","ast-hfb-below-header-display":"","ast-hfb-mobile-header-display":"","site-post-title":"","ast-breadcrumbs-content":"","ast-featured-img":"","footer-sml-layout":"","theme-transparent-header-meta":"","adv-header-id-meta":"","stick-header-meta":"","header-above-stick-meta":"","header-main-stick-meta":"","header-below-stick-meta":"","astra-migrate-meta-layouts":"set","ast-page-background-enabled":"default","ast-page-background-meta":{"desktop":{"background-color":"","background-image":"","background-repeat":"repeat","background-position":"center center","background-size":"auto","background-attachment":"scroll","background-type":"","background-media":"","overlay-type":"","overlay-color":"","overlay-opacity":"","overlay-gradient":""},"tablet":{"background-color":"","background-image":"","background-repeat":"repeat","background-position":"center center","background-size":"auto","background-attachment":"scroll","background-type":"","background-media":"","overlay-type":"","overlay-color":"","overlay-opacity":"","overlay-gradient":""},"mobile":{"background-color":"","background-image":"","background-repeat":"repeat","background-position":"center center","background-size":"auto","background-attachment":"scroll","background-type":"","background-media":"","overlay-type":"","overlay-color":"","overlay-opacity":"","overlay-gradient":""}},"ast-content-background-meta":{"desktop":{"background-color":"var(--ast-global-color-5)","background-image":"","background-repeat":"repeat","background-position":"center center","background-size":"auto","background-attachment":"scroll","background-type":"","background-media":"","overlay-type":"","overlay-color":"","overlay-opacity":"","overlay-gradient":""},"tablet":{"background-color":"var(--ast-global-color-5)","background-image":"","background-repeat":"repeat","background-position":"center center","background-size":"auto","background-attachment":"scroll","background-type":"","background-media":"","overlay-type":"","overlay-color":"","overlay-opacity":"","overlay-gradient":""},"mobile":{"background-color":"var(--ast-global-color-5)","background-image":"","background-repeat":"repeat","background-position":"center center","background-size":"auto","background-attachment":"scroll","background-type":"","background-media":"","overlay-type":"","overlay-color":"","overlay-opacity":"","overlay-gradient":""}},"footnotes":""},"categories":[24],"tags":[],"class_list":["post-8875","post","type-post","status-publish","format-standard","has-post-thumbnail","hentry","category-saude-mental"],"yoast_head":"<!-- This site is optimized with the Yoast SEO Premium plugin v20.8 (Yoast SEO v20.8) - https:\/\/yoast.com\/wordpress\/plugins\/seo\/ -->\n<title>Qual M\u00e9dico Cuida de Depress\u00e3o? Entenda os Caminhos<\/title>\n<meta name=\"description\" content=\"Descubra qual m\u00e9dico pode transformar sua vida e aliviar a depress\u00e3o! Conhe\u00e7a os caminhos para a cura e a esperan\u00e7a que voc\u00ea merece!\" \/>\n<meta name=\"robots\" content=\"index, follow, max-snippet:-1, max-image-preview:large, max-video-preview:-1\" \/>\n<link rel=\"canonical\" href=\"https:\/\/ianima.com.br\/blog\/saude-mental\/qual-medico-cuida-de-depressao-entenda-os-caminhos\/\" \/>\n<meta property=\"og:locale\" content=\"pt_BR\" \/>\n<meta property=\"og:type\" content=\"article\" \/>\n<meta property=\"og:title\" content=\"Qual M\u00e9dico Cuida de Depress\u00e3o? Entenda os Caminhos\" \/>\n<meta property=\"og:description\" content=\"Descubra qual m\u00e9dico pode transformar sua vida e aliviar a depress\u00e3o! Conhe\u00e7a os caminhos para a cura e a esperan\u00e7a que voc\u00ea merece!\" \/>\n<meta property=\"og:url\" content=\"https:\/\/ianima.com.br\/blog\/saude-mental\/qual-medico-cuida-de-depressao-entenda-os-caminhos\/\" \/>\n<meta property=\"og:site_name\" content=\"Terapia Online com IANIMA: Inova\u00e7\u00e3o e Aconselhamento. O terapeuta online ao seu alcance.\" \/>\n<meta property=\"article:published_time\" content=\"2025-08-06T00:50:23+00:00\" \/>\n<meta property=\"article:modified_time\" content=\"2025-08-06T00:50:24+00:00\" \/>\n<meta property=\"og:image\" content=\"https:\/\/ianima.com.br\/blog\/wp-content\/uploads\/2025\/08\/1MM-96.webp\" \/>\n\t<meta property=\"og:image:width\" content=\"1536\" \/>\n\t<meta property=\"og:image:height\" content=\"1024\" \/>\n\t<meta property=\"og:image:type\" content=\"image\/webp\" \/>\n<meta name=\"author\" content=\"Wanderlei Talib\" \/>\n<meta name=\"twitter:card\" content=\"summary_large_image\" \/>\n<meta name=\"twitter:label1\" content=\"Escrito por\" \/>\n\t<meta name=\"twitter:data1\" content=\"Wanderlei Talib\" \/>\n\t<meta name=\"twitter:label2\" content=\"Est. tempo de leitura\" \/>\n\t<meta name=\"twitter:data2\" content=\"7 minutos\" \/>\n<script type=\"application\/ld+json\" class=\"yoast-schema-graph\">{\"@context\":\"https:\/\/schema.org\",\"@graph\":[{\"@type\":\"Article\",\"@id\":\"https:\/\/ianima.com.br\/blog\/saude-mental\/qual-medico-cuida-de-depressao-entenda-os-caminhos\/#article\",\"isPartOf\":{\"@id\":\"https:\/\/ianima.com.br\/blog\/saude-mental\/qual-medico-cuida-de-depressao-entenda-os-caminhos\/\"},\"author\":{\"name\":\"Wanderlei Talib\",\"@id\":\"https:\/\/ianima.com.br\/blog\/#\/schema\/person\/85378d6a819826ce615ae2a7a04f68d8\"},\"headline\":\"Qual M\u00e9dico Cuida de Depress\u00e3o? Entenda os Caminhos\",\"datePublished\":\"2025-08-06T00:50:23+00:00\",\"dateModified\":\"2025-08-06T00:50:24+00:00\",\"mainEntityOfPage\":{\"@id\":\"https:\/\/ianima.com.br\/blog\/saude-mental\/qual-medico-cuida-de-depressao-entenda-os-caminhos\/\"},\"wordCount\":1324,\"publisher\":{\"@id\":\"https:\/\/ianima.com.br\/blog\/#organization\"},\"articleSection\":[\"Sa\u00fade Mental\"],\"inLanguage\":\"pt-BR\"},{\"@type\":[\"WebPage\",\"FAQPage\"],\"@id\":\"https:\/\/ianima.com.br\/blog\/saude-mental\/qual-medico-cuida-de-depressao-entenda-os-caminhos\/\",\"url\":\"https:\/\/ianima.com.br\/blog\/saude-mental\/qual-medico-cuida-de-depressao-entenda-os-caminhos\/\",\"name\":\"Qual M\u00e9dico Cuida de Depress\u00e3o? Entenda os Caminhos\",\"isPartOf\":{\"@id\":\"https:\/\/ianima.com.br\/blog\/#website\"},\"datePublished\":\"2025-08-06T00:50:23+00:00\",\"dateModified\":\"2025-08-06T00:50:24+00:00\",\"description\":\"Descubra qual m\u00e9dico pode transformar sua vida e aliviar a depress\u00e3o! Conhe\u00e7a os caminhos para a cura e a esperan\u00e7a que voc\u00ea merece!\",\"breadcrumb\":{\"@id\":\"https:\/\/ianima.com.br\/blog\/saude-mental\/qual-medico-cuida-de-depressao-entenda-os-caminhos\/#breadcrumb\"},\"mainEntity\":[{\"@id\":\"https:\/\/ianima.com.br\/blog\/saude-mental\/qual-medico-cuida-de-depressao-entenda-os-caminhos\/#faq-question-1754441213151\"},{\"@id\":\"https:\/\/ianima.com.br\/blog\/saude-mental\/qual-medico-cuida-de-depressao-entenda-os-caminhos\/#faq-question-1754441232838\"},{\"@id\":\"https:\/\/ianima.com.br\/blog\/saude-mental\/qual-medico-cuida-de-depressao-entenda-os-caminhos\/#faq-question-1754441255046\"}],\"inLanguage\":\"pt-BR\",\"potentialAction\":[{\"@type\":\"ReadAction\",\"target\":[\"https:\/\/ianima.com.br\/blog\/saude-mental\/qual-medico-cuida-de-depressao-entenda-os-caminhos\/\"]}]},{\"@type\":\"BreadcrumbList\",\"@id\":\"https:\/\/ianima.com.br\/blog\/saude-mental\/qual-medico-cuida-de-depressao-entenda-os-caminhos\/#breadcrumb\",\"itemListElement\":[{\"@type\":\"ListItem\",\"position\":1,\"name\":\"In\u00edcio\",\"item\":\"https:\/\/ianima.com.br\/blog\/\"},{\"@type\":\"ListItem\",\"position\":2,\"name\":\"Qual M\u00e9dico Cuida de Depress\u00e3o? Entenda os Caminhos\"}]},{\"@type\":\"WebSite\",\"@id\":\"https:\/\/ianima.com.br\/blog\/#website\",\"url\":\"https:\/\/ianima.com.br\/blog\/\",\"name\":\"Terapia Online com IANIMA: Inova\u00e7\u00e3o e Aconselhamento. O terapeuta online ao seu alcance.\",\"description\":\"Terapia gratuita online com a IAnima, sua terapeuta online. Artigos sobre terapias online, sa\u00fade mental e bem-estar.\",\"publisher\":{\"@id\":\"https:\/\/ianima.com.br\/blog\/#organization\"},\"potentialAction\":[{\"@type\":\"SearchAction\",\"target\":{\"@type\":\"EntryPoint\",\"urlTemplate\":\"https:\/\/ianima.com.br\/blog\/?s={search_term_string}\"},\"query-input\":\"required name=search_term_string\"}],\"inLanguage\":\"pt-BR\"},{\"@type\":\"Organization\",\"@id\":\"https:\/\/ianima.com.br\/blog\/#organization\",\"name\":\"Terapia Online com IANIMA: Inova\u00e7\u00e3o e Aconselhamento. O terapeuta online ao seu alcance.\",\"url\":\"https:\/\/ianima.com.br\/blog\/\",\"logo\":{\"@type\":\"ImageObject\",\"inLanguage\":\"pt-BR\",\"@id\":\"https:\/\/ianima.com.br\/blog\/#\/schema\/logo\/image\/\",\"url\":\"https:\/\/ianima.com.br\/blog\/wp-content\/uploads\/2025\/04\/cropped-IAnima-terapia-online.webp\",\"contentUrl\":\"https:\/\/ianima.com.br\/blog\/wp-content\/uploads\/2025\/04\/cropped-IAnima-terapia-online.webp\",\"width\":819,\"height\":222,\"caption\":\"Terapia Online com IANIMA: Inova\u00e7\u00e3o e Aconselhamento. O terapeuta online ao seu alcance.\"},\"image\":{\"@id\":\"https:\/\/ianima.com.br\/blog\/#\/schema\/logo\/image\/\"}},{\"@type\":\"Person\",\"@id\":\"https:\/\/ianima.com.br\/blog\/#\/schema\/person\/85378d6a819826ce615ae2a7a04f68d8\",\"name\":\"Wanderlei Talib\",\"image\":{\"@type\":\"ImageObject\",\"inLanguage\":\"pt-BR\",\"@id\":\"https:\/\/ianima.com.br\/blog\/#\/schema\/person\/image\/\",\"url\":\"https:\/\/ianima.com.br\/blog\/wp-content\/litespeed\/avatar\/a0461c2b338365ab5dd45a3e926e23c7.jpg?ver=1777055969\",\"contentUrl\":\"https:\/\/ianima.com.br\/blog\/wp-content\/litespeed\/avatar\/a0461c2b338365ab5dd45a3e926e23c7.jpg?ver=1777055969\",\"caption\":\"Wanderlei Talib\"},\"sameAs\":[\"https:\/\/ianima.com.br\/blog\"],\"url\":\"https:\/\/ianima.com.br\/blog\/author\/adminedu\/\"},{\"@type\":\"Question\",\"@id\":\"https:\/\/ianima.com.br\/blog\/saude-mental\/qual-medico-cuida-de-depressao-entenda-os-caminhos\/#faq-question-1754441213151\",\"position\":1,\"url\":\"https:\/\/ianima.com.br\/blog\/saude-mental\/qual-medico-cuida-de-depressao-entenda-os-caminhos\/#faq-question-1754441213151\",\"name\":\"Qual m\u00e9dico cuida de depress\u00e3o?\",\"answerCount\":1,\"acceptedAnswer\":{\"@type\":\"Answer\",\"text\":\"O m\u00e9dico que cuida de depress\u00e3o \u00e9 o psiquiatra, que \u00e9 especializado em sa\u00fade mental.\",\"inLanguage\":\"pt-BR\"},\"inLanguage\":\"pt-BR\"},{\"@type\":\"Question\",\"@id\":\"https:\/\/ianima.com.br\/blog\/saude-mental\/qual-medico-cuida-de-depressao-entenda-os-caminhos\/#faq-question-1754441232838\",\"position\":2,\"url\":\"https:\/\/ianima.com.br\/blog\/saude-mental\/qual-medico-cuida-de-depressao-entenda-os-caminhos\/#faq-question-1754441232838\",\"name\":\"Posso procurar um psic\u00f3logo para tratar depress\u00e3o?\",\"answerCount\":1,\"acceptedAnswer\":{\"@type\":\"Answer\",\"text\":\"Sim, o psic\u00f3logo pode ajudar muito com terapia e apoio emocional, mas o psiquiatra pode prescrever medica\u00e7\u00f5es se necess\u00e1rio.\",\"inLanguage\":\"pt-BR\"},\"inLanguage\":\"pt-BR\"},{\"@type\":\"Question\",\"@id\":\"https:\/\/ianima.com.br\/blog\/saude-mental\/qual-medico-cuida-de-depressao-entenda-os-caminhos\/#faq-question-1754441255046\",\"position\":3,\"url\":\"https:\/\/ianima.com.br\/blog\/saude-mental\/qual-medico-cuida-de-depressao-entenda-os-caminhos\/#faq-question-1754441255046\",\"name\":\"Quais s\u00e3o os sinais de que preciso procurar ajuda?\",\"answerCount\":1,\"acceptedAnswer\":{\"@type\":\"Answer\",\"text\":\"Se voc\u00ea est\u00e1 se sentindo triste, sem energia ou sem interesse nas coisas por mais de duas semanas, \u00e9 hora de buscar ajuda profissional.\",\"inLanguage\":\"pt-BR\"},\"inLanguage\":\"pt-BR\"}]}<\/script>\n<!-- \/ Yoast SEO Premium plugin. -->","yoast_head_json":{"title":"Qual M\u00e9dico Cuida de Depress\u00e3o? Entenda os Caminhos","description":"Descubra qual m\u00e9dico pode transformar sua vida e aliviar a depress\u00e3o! Conhe\u00e7a os caminhos para a cura e a esperan\u00e7a que voc\u00ea merece!","robots":{"index":"index","follow":"follow","max-snippet":"max-snippet:-1","max-image-preview":"max-image-preview:large","max-video-preview":"max-video-preview:-1"},"canonical":"https:\/\/ianima.com.br\/blog\/saude-mental\/qual-medico-cuida-de-depressao-entenda-os-caminhos\/","og_locale":"pt_BR","og_type":"article","og_title":"Qual M\u00e9dico Cuida de Depress\u00e3o? Entenda os Caminhos","og_description":"Descubra qual m\u00e9dico pode transformar sua vida e aliviar a depress\u00e3o! Conhe\u00e7a os caminhos para a cura e a esperan\u00e7a que voc\u00ea merece!","og_url":"https:\/\/ianima.com.br\/blog\/saude-mental\/qual-medico-cuida-de-depressao-entenda-os-caminhos\/","og_site_name":"Terapia Online com IANIMA: Inova\u00e7\u00e3o e Aconselhamento. O terapeuta online ao seu alcance.","article_published_time":"2025-08-06T00:50:23+00:00","article_modified_time":"2025-08-06T00:50:24+00:00","og_image":[{"width":1536,"height":1024,"url":"https:\/\/ianima.com.br\/blog\/wp-content\/uploads\/2025\/08\/1MM-96.webp","type":"image\/webp"}],"author":"Wanderlei Talib","twitter_card":"summary_large_image","twitter_misc":{"Escrito por":"Wanderlei Talib","Est. tempo de leitura":"7 minutos"},"schema":{"@context":"https:\/\/schema.org","@graph":[{"@type":"Article","@id":"https:\/\/ianima.com.br\/blog\/saude-mental\/qual-medico-cuida-de-depressao-entenda-os-caminhos\/#article","isPartOf":{"@id":"https:\/\/ianima.com.br\/blog\/saude-mental\/qual-medico-cuida-de-depressao-entenda-os-caminhos\/"},"author":{"name":"Wanderlei Talib","@id":"https:\/\/ianima.com.br\/blog\/#\/schema\/person\/85378d6a819826ce615ae2a7a04f68d8"},"headline":"Qual M\u00e9dico Cuida de Depress\u00e3o? Entenda os Caminhos","datePublished":"2025-08-06T00:50:23+00:00","dateModified":"2025-08-06T00:50:24+00:00","mainEntityOfPage":{"@id":"https:\/\/ianima.com.br\/blog\/saude-mental\/qual-medico-cuida-de-depressao-entenda-os-caminhos\/"},"wordCount":1324,"publisher":{"@id":"https:\/\/ianima.com.br\/blog\/#organization"},"articleSection":["Sa\u00fade Mental"],"inLanguage":"pt-BR"},{"@type":["WebPage","FAQPage"],"@id":"https:\/\/ianima.com.br\/blog\/saude-mental\/qual-medico-cuida-de-depressao-entenda-os-caminhos\/","url":"https:\/\/ianima.com.br\/blog\/saude-mental\/qual-medico-cuida-de-depressao-entenda-os-caminhos\/","name":"Qual M\u00e9dico Cuida de Depress\u00e3o? Entenda os Caminhos","isPartOf":{"@id":"https:\/\/ianima.com.br\/blog\/#website"},"datePublished":"2025-08-06T00:50:23+00:00","dateModified":"2025-08-06T00:50:24+00:00","description":"Descubra qual m\u00e9dico pode transformar sua vida e aliviar a depress\u00e3o! Conhe\u00e7a os caminhos para a cura e a esperan\u00e7a que voc\u00ea merece!","breadcrumb":{"@id":"https:\/\/ianima.com.br\/blog\/saude-mental\/qual-medico-cuida-de-depressao-entenda-os-caminhos\/#breadcrumb"},"mainEntity":[{"@id":"https:\/\/ianima.com.br\/blog\/saude-mental\/qual-medico-cuida-de-depressao-entenda-os-caminhos\/#faq-question-1754441213151"},{"@id":"https:\/\/ianima.com.br\/blog\/saude-mental\/qual-medico-cuida-de-depressao-entenda-os-caminhos\/#faq-question-1754441232838"},{"@id":"https:\/\/ianima.com.br\/blog\/saude-mental\/qual-medico-cuida-de-depressao-entenda-os-caminhos\/#faq-question-1754441255046"}],"inLanguage":"pt-BR","potentialAction":[{"@type":"ReadAction","target":["https:\/\/ianima.com.br\/blog\/saude-mental\/qual-medico-cuida-de-depressao-entenda-os-caminhos\/"]}]},{"@type":"BreadcrumbList","@id":"https:\/\/ianima.com.br\/blog\/saude-mental\/qual-medico-cuida-de-depressao-entenda-os-caminhos\/#breadcrumb","itemListElement":[{"@type":"ListItem","position":1,"name":"In\u00edcio","item":"https:\/\/ianima.com.br\/blog\/"},{"@type":"ListItem","position":2,"name":"Qual M\u00e9dico Cuida de Depress\u00e3o? Entenda os Caminhos"}]},{"@type":"WebSite","@id":"https:\/\/ianima.com.br\/blog\/#website","url":"https:\/\/ianima.com.br\/blog\/","name":"Terapia Online com IANIMA: Inova\u00e7\u00e3o e Aconselhamento. O terapeuta online ao seu alcance.","description":"Terapia gratuita online com a IAnima, sua terapeuta online. Artigos sobre terapias online, sa\u00fade mental e bem-estar.","publisher":{"@id":"https:\/\/ianima.com.br\/blog\/#organization"},"potentialAction":[{"@type":"SearchAction","target":{"@type":"EntryPoint","urlTemplate":"https:\/\/ianima.com.br\/blog\/?s={search_term_string}"},"query-input":"required name=search_term_string"}],"inLanguage":"pt-BR"},{"@type":"Organization","@id":"https:\/\/ianima.com.br\/blog\/#organization","name":"Terapia Online com IANIMA: Inova\u00e7\u00e3o e Aconselhamento. O terapeuta online ao seu alcance.","url":"https:\/\/ianima.com.br\/blog\/","logo":{"@type":"ImageObject","inLanguage":"pt-BR","@id":"https:\/\/ianima.com.br\/blog\/#\/schema\/logo\/image\/","url":"https:\/\/ianima.com.br\/blog\/wp-content\/uploads\/2025\/04\/cropped-IAnima-terapia-online.webp","contentUrl":"https:\/\/ianima.com.br\/blog\/wp-content\/uploads\/2025\/04\/cropped-IAnima-terapia-online.webp","width":819,"height":222,"caption":"Terapia Online com IANIMA: Inova\u00e7\u00e3o e Aconselhamento. O terapeuta online ao seu alcance."},"image":{"@id":"https:\/\/ianima.com.br\/blog\/#\/schema\/logo\/image\/"}},{"@type":"Person","@id":"https:\/\/ianima.com.br\/blog\/#\/schema\/person\/85378d6a819826ce615ae2a7a04f68d8","name":"Wanderlei Talib","image":{"@type":"ImageObject","inLanguage":"pt-BR","@id":"https:\/\/ianima.com.br\/blog\/#\/schema\/person\/image\/","url":"https:\/\/ianima.com.br\/blog\/wp-content\/litespeed\/avatar\/a0461c2b338365ab5dd45a3e926e23c7.jpg?ver=1777055969","contentUrl":"https:\/\/ianima.com.br\/blog\/wp-content\/litespeed\/avatar\/a0461c2b338365ab5dd45a3e926e23c7.jpg?ver=1777055969","caption":"Wanderlei Talib"},"sameAs":["https:\/\/ianima.com.br\/blog"],"url":"https:\/\/ianima.com.br\/blog\/author\/adminedu\/"},{"@type":"Question","@id":"https:\/\/ianima.com.br\/blog\/saude-mental\/qual-medico-cuida-de-depressao-entenda-os-caminhos\/#faq-question-1754441213151","position":1,"url":"https:\/\/ianima.com.br\/blog\/saude-mental\/qual-medico-cuida-de-depressao-entenda-os-caminhos\/#faq-question-1754441213151","name":"Qual m\u00e9dico cuida de depress\u00e3o?","answerCount":1,"acceptedAnswer":{"@type":"Answer","text":"O m\u00e9dico que cuida de depress\u00e3o \u00e9 o psiquiatra, que \u00e9 especializado em sa\u00fade mental.","inLanguage":"pt-BR"},"inLanguage":"pt-BR"},{"@type":"Question","@id":"https:\/\/ianima.com.br\/blog\/saude-mental\/qual-medico-cuida-de-depressao-entenda-os-caminhos\/#faq-question-1754441232838","position":2,"url":"https:\/\/ianima.com.br\/blog\/saude-mental\/qual-medico-cuida-de-depressao-entenda-os-caminhos\/#faq-question-1754441232838","name":"Posso procurar um psic\u00f3logo para tratar depress\u00e3o?","answerCount":1,"acceptedAnswer":{"@type":"Answer","text":"Sim, o psic\u00f3logo pode ajudar muito com terapia e apoio emocional, mas o psiquiatra pode prescrever medica\u00e7\u00f5es se necess\u00e1rio.","inLanguage":"pt-BR"},"inLanguage":"pt-BR"},{"@type":"Question","@id":"https:\/\/ianima.com.br\/blog\/saude-mental\/qual-medico-cuida-de-depressao-entenda-os-caminhos\/#faq-question-1754441255046","position":3,"url":"https:\/\/ianima.com.br\/blog\/saude-mental\/qual-medico-cuida-de-depressao-entenda-os-caminhos\/#faq-question-1754441255046","name":"Quais s\u00e3o os sinais de que preciso procurar ajuda?","answerCount":1,"acceptedAnswer":{"@type":"Answer","text":"Se voc\u00ea est\u00e1 se sentindo triste, sem energia ou sem interesse nas coisas por mais de duas semanas, \u00e9 hora de buscar ajuda profissional.","inLanguage":"pt-BR"},"inLanguage":"pt-BR"}]}},"_links":{"self":[{"href":"https:\/\/ianima.com.br\/blog\/wp-json\/wp\/v2\/posts\/8875","targetHints":{"allow":["GET"]}}],"collection":[{"href":"https:\/\/ianima.com.br\/blog\/wp-json\/wp\/v2\/posts"}],"about":[{"href":"https:\/\/ianima.com.br\/blog\/wp-json\/wp\/v2\/types\/post"}],"author":[{"embeddable":true,"href":"https:\/\/ianima.com.br\/blog\/wp-json\/wp\/v2\/users\/1"}],"replies":[{"embeddable":true,"href":"https:\/\/ianima.com.br\/blog\/wp-json\/wp\/v2\/comments?post=8875"}],"version-history":[{"count":1,"href":"https:\/\/ianima.com.br\/blog\/wp-json\/wp\/v2\/posts\/8875\/revisions"}],"predecessor-version":[{"id":8879,"href":"https:\/\/ianima.com.br\/blog\/wp-json\/wp\/v2\/posts\/8875\/revisions\/8879"}],"wp:featuredmedia":[{"embeddable":true,"href":"https:\/\/ianima.com.br\/blog\/wp-json\/wp\/v2\/media\/8877"}],"wp:attachment":[{"href":"https:\/\/ianima.com.br\/blog\/wp-json\/wp\/v2\/media?parent=8875"}],"wp:term":[{"taxonomy":"category","embeddable":true,"href":"https:\/\/ianima.com.br\/blog\/wp-json\/wp\/v2\/categories?post=8875"},{"taxonomy":"post_tag","embeddable":true,"href":"https:\/\/ianima.com.br\/blog\/wp-json\/wp\/v2\/tags?post=8875"}],"curies":[{"name":"wp","href":"https:\/\/api.w.org\/{rel}","templated":true}]}}