{"id":8945,"date":"2025-08-06T05:38:32","date_gmt":"2025-08-06T05:38:32","guid":{"rendered":"https:\/\/ianima.com.br\/blog\/?p=8945"},"modified":"2025-08-06T05:38:33","modified_gmt":"2025-08-06T05:38:33","slug":"dsm-depressao-o-que-voce-precisa-saber","status":"publish","type":"post","link":"https:\/\/ianima.com.br\/blog\/saude-mental\/dsm-depressao-o-que-voce-precisa-saber\/","title":{"rendered":"DSM Depress\u00e3o: O Que Voc\u00ea Precisa Saber"},"content":{"rendered":"\n<h2 class=\"wp-block-heading\" id=\"h-os-sinais-e-sintomas-da-dsm-depressao\">Os Sinais e Sintomas da <strong>DSM Depress\u00e3o<\/strong><\/h2>\n\n\n\n<p>A <strong>depress\u00e3o<\/strong>, segundo os crit\u00e9rios do <strong>DSM-5<\/strong> (Manual Diagn\u00f3stico e Estat\u00edstico de Transtornos Mentais), apresenta sinais que v\u00e3o al\u00e9m da tristeza passageira. Um dos sintomas centrais \u00e9 o humor deprimido na maior parte do dia, quase todos os dias, por pelo menos duas semanas.<\/p>\n\n\n\n<p>Al\u00e9m disso, outros sinais incluem:<\/p>\n\n\n\n<ul class=\"wp-block-list\">\n<li>Perda de interesse ou prazer nas atividades antes apreciadas<\/li>\n\n\n\n<li>Altera\u00e7\u00f5es no apetite ou no peso (para mais ou para menos)<\/li>\n\n\n\n<li>Ins\u00f4nia ou sono excessivo<\/li>\n\n\n\n<li>Fadiga constante, mesmo ap\u00f3s descanso<\/li>\n\n\n\n<li>Sentimentos de inutilidade ou culpa excessiva<\/li>\n\n\n\n<li>Dificuldade de concentra\u00e7\u00e3o e tomada de decis\u00f5es<\/li>\n\n\n\n<li>Pensamentos recorrentes sobre morte ou suic\u00eddio<\/li>\n<\/ul>\n\n\n\n<p>Nem todos os sintomas precisam estar presentes para que o quadro se enquadre no <strong>DSM depress\u00e3o<\/strong>, mas pelo menos cinco deles devem aparecer de forma persistente e causar preju\u00edzos significativos na vida pessoal, social ou profissional.<\/p>\n\n\n\n<h2 class=\"wp-block-heading\" id=\"h-a-psicologia-por-tras-da-vida-real-a-dsm-depressao-no-dia-a-dia\">A Psicologia por Tr\u00e1s da Vida Real: A <strong>DSM Depress\u00e3o<\/strong> no Dia a Dia *<\/h2>\n\n\n\n<p>Imagine uma pessoa que come\u00e7a a se afastar das conversas no trabalho, mesmo sendo algu\u00e9m antes comunicativo. Ela acorda sentindo um peso emocional, como se carregar o pr\u00f3prio corpo fosse um esfor\u00e7o descomunal. Os dias v\u00e3o se tornando iguais \u2014 sem cor, sem desejo, sem motiva\u00e7\u00e3o.<\/p>\n\n\n\n<p>Em casa, a pilha de lou\u00e7a cresce, as mensagens n\u00e3o s\u00e3o respondidas, e at\u00e9 as s\u00e9ries favoritas perdem o sentido. A depress\u00e3o, dentro do olhar do <strong>DSM<\/strong>, n\u00e3o precisa de um motivo claro. Ela simplesmente se instala, silenciosamente, afetando pensamentos, corpo e v\u00ednculos.<\/p>\n\n\n\n<p>Essa \u00e9 uma viv\u00eancia comum entre muitas pessoas que, mesmo realizando tarefas do cotidiano, sentem como se estivessem lutando para continuar existindo.<\/p>\n\n\n\n<h2 class=\"wp-block-heading\" id=\"h-compreendendo-os-momentos-criticos-da-dsm-depressao\">Compreendendo os Momentos Cr\u00edticos da <strong>DSM Depress\u00e3o<\/strong><\/h2>\n\n\n\n<p>Os momentos cr\u00edticos da <strong>DSM depress\u00e3o<\/strong> geralmente surgem quando o sofrimento atinge um ponto de ruptura. Pode ser um epis\u00f3dio de isolamento extremo, crises de choro sem explica\u00e7\u00e3o, ou pensamentos de desesperan\u00e7a cont\u00ednuos.<\/p>\n\n\n\n<p>\u00c9 nesses momentos que a pessoa sente que \u201cn\u00e3o h\u00e1 sa\u00edda\u201d ou \u201cnada faz sentido\u201d. Reconhecer esses marcos \u00e9 essencial para evitar agravamentos, j\u00e1 que a depress\u00e3o pode escalar silenciosamente at\u00e9 epis\u00f3dios mais graves, como idea\u00e7\u00e3o suicida.<\/p>\n\n\n\n<p>Diferenciar esses momentos de uma tristeza comum ou um dia ruim requer aten\u00e7\u00e3o ao tempo de dura\u00e7\u00e3o, \u00e0 intensidade dos sintomas e ao preju\u00edzo funcional que causam.<\/p>\n\n\n\n<h2 class=\"wp-block-heading\" id=\"h-o-que-desencadeia-a-dsm-depressao\">O Que Desencadeia a <strong>DSM Depress\u00e3o<\/strong>?<\/h2>\n\n\n\n<p>Diversos fatores podem desencadear a <strong>depress\u00e3o<\/strong>, de acordo com o <strong>DSM<\/strong>. Entre os mais comuns est\u00e3o:<\/p>\n\n\n\n<ul class=\"wp-block-list\">\n<li><strong>Gen\u00e9tica e hist\u00f3rico familiar<\/strong>: Pessoas com parentes pr\u00f3ximos com transtornos depressivos t\u00eam maior risco.<\/li>\n\n\n\n<li><strong>Eventos traum\u00e1ticos ou perdas<\/strong>: Luto, separa\u00e7\u00f5es, abusos ou grandes mudan\u00e7as podem ser gatilhos.<\/li>\n\n\n\n<li><strong>Problemas de sa\u00fade f\u00edsica<\/strong>: Doen\u00e7as cr\u00f4nicas ou hormonais tamb\u00e9m influenciam.<\/li>\n\n\n\n<li><strong>Desequil\u00edbrios neuroqu\u00edmicos<\/strong>: Altera\u00e7\u00f5es nos n\u00edveis de serotonina, dopamina e noradrenalina t\u00eam rela\u00e7\u00e3o com o quadro.<\/li>\n\n\n\n<li><strong>Estresse cr\u00f4nico e sobrecarga emocional<\/strong>: Trabalho excessivo, press\u00f5es sociais e conflitos internos tamb\u00e9m favorecem o surgimento da depress\u00e3o.<\/li>\n<\/ul>\n\n\n\n<p>\u00c9 importante entender que n\u00e3o h\u00e1 uma causa \u00fanica. A <strong>DSM depress\u00e3o<\/strong> \u00e9 multifatorial e pode surgir mesmo sem eventos evidentes.<\/p>\n\n\n\n<h2 class=\"wp-block-heading\" id=\"h-mitos-e-verdades-sobre-solucoes-para-a-dsm-depressao\">Mitos e Verdades sobre Solu\u00e7\u00f5es para a <strong>DSM Depress\u00e3o<\/strong><\/h2>\n\n\n\n<p><strong>Mito<\/strong>: Depress\u00e3o \u00e9 fraqueza.<br><strong>Verdade<\/strong>: A <strong>depress\u00e3o<\/strong>, segundo o DSM, \u00e9 um transtorno mental leg\u00edtimo que pode afetar qualquer pessoa, independentemente de sua for\u00e7a emocional.<\/p>\n\n\n\n<p><strong>Mito<\/strong>: \u00c9 poss\u00edvel sair da depress\u00e3o apenas com for\u00e7a de vontade.<br><strong>Verdade<\/strong>: Embora o esfor\u00e7o pessoal seja importante, o tratamento adequado pode envolver psicoterapia, suporte social e, em alguns casos, medica\u00e7\u00e3o.<\/p>\n\n\n\n<p><strong>Mito<\/strong>: S\u00f3 deve buscar ajuda quem est\u00e1 em crise.<br><strong>Verdade<\/strong>: Buscar apoio logo nos primeiros sinais pode prevenir o agravamento do quadro.<\/p>\n\n\n\n<h2 class=\"wp-block-heading\" id=\"h-como-lidar-com-a-dsm-depressao-no-dia-a-dia\">Como Lidar com a <strong>DSM Depress\u00e3o<\/strong> no Dia a Dia<\/h2>\n\n\n\n<ul class=\"wp-block-list\">\n<li><strong>Crie uma rotina com pequenas metas<\/strong>: Estabelecer hor\u00e1rios e tarefas simples pode ajudar a organizar o pensamento.<\/li>\n\n\n\n<li><strong>Mantenha conex\u00f5es<\/strong>: Mesmo que desafiador, tente manter contato com pessoas de confian\u00e7a.<\/li>\n\n\n\n<li><strong>Cuide do corpo<\/strong>: Alimenta\u00e7\u00e3o balanceada, atividade f\u00edsica leve e sono regulado s\u00e3o aliados importantes.<\/li>\n\n\n\n<li><strong>Evite autocr\u00edtica severa<\/strong>: Aprenda a observar seus pensamentos com mais compaix\u00e3o.<\/li>\n\n\n\n<li><strong>Busque apoio emocional<\/strong>: Conversar com pessoas pr\u00f3ximas ou grupos de apoio pode aliviar o peso da solid\u00e3o.<\/li>\n<\/ul>\n\n\n\n<h2 class=\"wp-block-heading\" id=\"h-a-dsm-depressao-no-corpo-e-na-mente-manifestacoes\">A <strong>DSM Depress\u00e3o<\/strong> no Corpo e na Mente: Manifesta\u00e7\u00f5es<\/h2>\n\n\n\n<p>No corpo, a <strong>depress\u00e3o<\/strong> pode se manifestar como:<\/p>\n\n\n\n<ul class=\"wp-block-list\">\n<li>Fadiga extrema<\/li>\n\n\n\n<li>Tens\u00e3o muscular<\/li>\n\n\n\n<li>Dist\u00farbios gastrointestinais<\/li>\n\n\n\n<li>Altera\u00e7\u00f5es no sono e apetite<\/li>\n<\/ul>\n\n\n\n<p>Na mente, surgem:<\/p>\n\n\n\n<ul class=\"wp-block-list\">\n<li>Pensamentos negativos persistentes<\/li>\n\n\n\n<li>Baixa autoestima<\/li>\n\n\n\n<li>Sensa\u00e7\u00e3o de inutilidade<\/li>\n\n\n\n<li>Redu\u00e7\u00e3o da capacidade de tomar decis\u00f5es<\/li>\n<\/ul>\n\n\n\n<p>O impacto conjunto dessas manifesta\u00e7\u00f5es pode reduzir drasticamente a qualidade de vida, exigindo uma aten\u00e7\u00e3o ampla e integrada.<\/p>\n\n\n\n<h2 class=\"wp-block-heading\" id=\"h-transtorno-depressivo-maior-uma-perspectiva-ampliada\">Transtorno Depressivo Maior: Uma Perspectiva Ampliada<\/h2>\n\n\n\n<p>Dentro da classifica\u00e7\u00e3o do <strong>DSM<\/strong>, o Transtorno Depressivo Maior \u00e9 uma das formas mais graves da <strong>depress\u00e3o<\/strong>. Ele se caracteriza por epis\u00f3dios marcados por intensos sintomas depressivos que duram semanas ou meses, impactando todas as esferas da vida da pessoa.<\/p>\n\n\n\n<p>H\u00e1 tamb\u00e9m varia\u00e7\u00f5es como:<\/p>\n\n\n\n<ul class=\"wp-block-list\">\n<li>Transtorno Depressivo Persistente (distimia)<\/li>\n\n\n\n<li>Transtorno Disf\u00f3rico Pr\u00e9-Menstrual<\/li>\n\n\n\n<li>Depress\u00e3o com caracter\u00edsticas melanc\u00f3licas ou at\u00edpicas<\/li>\n<\/ul>\n\n\n\n<p>Cada varia\u00e7\u00e3o apresenta caracter\u00edsticas espec\u00edficas que exigem aten\u00e7\u00e3o personalizada.<\/p>\n\n\n\n<h2 class=\"wp-block-heading\" id=\"h-quem-busca-alivio-para-a-dsm-depressao\">Quem Busca Al\u00edvio para a <strong>DSM Depress\u00e3o<\/strong>?<\/h2>\n\n\n\n<p>Pessoas de todas as idades e contextos podem ser afetadas pela <strong>depress\u00e3o<\/strong>. Estudantes, pais e m\u00e3es, profissionais, idosos, jovens \u2014 ningu\u00e9m est\u00e1 imune.<\/p>\n\n\n\n<p>Alguns exemplos comuns:<\/p>\n\n\n\n<ul class=\"wp-block-list\">\n<li>Um jovem que perdeu o interesse pela faculdade e come\u00e7a a evitar os amigos.<\/li>\n\n\n\n<li>Uma m\u00e3e que, ap\u00f3s o parto, sente um vazio constante e se culpa por n\u00e3o estar feliz.<\/li>\n\n\n\n<li>Um profissional que, mesmo com sucesso aparente, sente-se exausto e sem sentido de prop\u00f3sito.<\/li>\n<\/ul>\n\n\n\n<p>Essas pessoas costumam buscar respostas para o que est\u00e3o sentindo \u2014 e o reconhecimento dos sintomas segundo o <strong>DSM<\/strong> pode ser o in\u00edcio desse caminho.<\/p>\n\n\n\n<h3 class=\"wp-block-heading\" id=\"h-diferentes-abordagens-para-lidar-com-a-dsm-depressao\">Diferentes Abordagens para Lidar com a <strong>DSM Depress\u00e3o<\/strong><\/h3>\n\n\n\n<ul class=\"wp-block-list\">\n<li>Psicoterapia (como a cognitivo-comportamental ou psicodin\u00e2mica)<\/li>\n\n\n\n<li>Atividades f\u00edsicas regulares<\/li>\n\n\n\n<li>Estrat\u00e9gias de autocuidado e mindfulness<\/li>\n\n\n\n<li>Acompanhamento m\u00e9dico, quando necess\u00e1rio<\/li>\n\n\n\n<li>Fortalecimento das redes de apoio emocional<\/li>\n<\/ul>\n\n\n\n<h3 class=\"wp-block-heading\" id=\"h-sinais-de-alerta-quando-buscar-ajuda-profissional\">Sinais de Alerta: Quando Buscar Ajuda Profissional<\/h3>\n\n\n\n<ul class=\"wp-block-list\">\n<li>Persist\u00eancia dos sintomas por mais de duas semanas<\/li>\n\n\n\n<li>Impacto significativo no trabalho, estudos ou rela\u00e7\u00f5es<\/li>\n\n\n\n<li>Pensamentos de morte, automutila\u00e7\u00e3o ou desesperan\u00e7a<\/li>\n\n\n\n<li>Sensa\u00e7\u00e3o de estar &#8220;preso&#8221; em um ciclo de dor emocional<\/li>\n<\/ul>\n\n\n\n<p>Buscar ajuda n\u00e3o \u00e9 fraqueza, \u00e9 um passo corajoso em dire\u00e7\u00e3o ao bem-estar.<\/p>\n\n\n\n<h3 class=\"wp-block-heading\" id=\"h-recursos-e-informacoes-confiaveis-sobre-a-dsm-depressao\">Recursos e Informa\u00e7\u00f5es Confi\u00e1veis sobre a <strong>DSM Depress\u00e3o<\/strong><\/h3>\n\n\n\n<ul class=\"wp-block-list\">\n<li>Sites de universidades e centros de psicologia reconhecidos<\/li>\n\n\n\n<li>Materiais da Organiza\u00e7\u00e3o Mundial da Sa\u00fade (OMS)<\/li>\n\n\n\n<li>Livros de autores respeitados na \u00e1rea de sa\u00fade mental<\/li>\n\n\n\n<li>Institui\u00e7\u00f5es como ABP (Associa\u00e7\u00e3o Brasileira de Psiquiatria)<\/li>\n<\/ul>\n\n\n\n<h3 class=\"wp-block-heading\" id=\"h-dicas-para-acao-imediata-em-momentos-de-dsm-depressao\">Dicas para A\u00e7\u00e3o Imediata em Momentos de <strong>DSM Depress\u00e3o<\/strong><\/h3>\n\n\n\n<ul class=\"wp-block-list\">\n<li>Respire profundamente por dois minutos e foque no agora<\/li>\n\n\n\n<li>Anote tr\u00eas pequenas a\u00e7\u00f5es que voc\u00ea pode realizar hoje<\/li>\n\n\n\n<li>Ligue para algu\u00e9m de confian\u00e7a e compartilhe como se sente<\/li>\n\n\n\n<li>Saia para um breve contato com a luz natural<\/li>\n<\/ul>\n\n\n\n<h2 class=\"wp-block-heading\" id=\"h-conclusao\">Conclus\u00e3o<\/h2>\n\n\n\n<p>Em suma, compreender os crit\u00e9rios e sinais da <strong>DSM depress\u00e3o<\/strong> \u00e9 um passo essencial para quem busca clareza sobre o que est\u00e1 sentindo. O diagn\u00f3stico cl\u00ednico \u00e9 responsabilidade dos profissionais, mas o autoconhecimento e a informa\u00e7\u00e3o s\u00e3o ferramentas poderosas para o cuidado emocional.<\/p>\n\n\n\n<p>Se voc\u00ea se identifica com esses sinais, buscar informa\u00e7\u00e3o e apoio pode ser o primeiro passo para uma vida mais leve e equilibrada!<\/p>\n\n\n\n<p>* Essas narrativas s\u00e3o fict\u00edcias mas inspiradas em situa\u00e7\u00f5es comumente vivenciadas nos estudos e na cl\u00ednica psicol\u00f3gica.<\/p>\n\n\n\n<figure class=\"wp-block-image aligncenter size-large is-resized\"><img fetchpriority=\"high\" decoding=\"async\" width=\"1024\" height=\"683\" src=\"https:\/\/ianima.com.br\/blog\/wp-content\/uploads\/2025\/08\/2MM-110-1024x683.webp\" alt=\"DSM Depress\u00e3o: O Que Voc\u00ea Precisa Saber\" class=\"wp-image-8948\" style=\"width:500px\" srcset=\"https:\/\/ianima.com.br\/blog\/wp-content\/uploads\/2025\/08\/2MM-110-1024x683.webp 1024w, https:\/\/ianima.com.br\/blog\/wp-content\/uploads\/2025\/08\/2MM-110-300x200.webp 300w, https:\/\/ianima.com.br\/blog\/wp-content\/uploads\/2025\/08\/2MM-110-768x512.webp 768w, https:\/\/ianima.com.br\/blog\/wp-content\/uploads\/2025\/08\/2MM-110.webp 1536w\" sizes=\"(max-width: 1024px) 100vw, 1024px\" \/><\/figure>\n\n\n\n<h2 class=\"wp-block-heading\" id=\"h-perguntas-frequentes-faq\">Perguntas Frequentes (FAQ)<\/h2>\n\n\n\n<div class=\"schema-faq wp-block-yoast-faq-block\"><div class=\"schema-faq-section\" id=\"faq-question-1754458509516\"><strong class=\"schema-faq-question\">O que \u00e9 o DSM e como ele se relaciona com a depress\u00e3o?<\/strong> <p class=\"schema-faq-answer\">O DSM, ou Manual Diagn\u00f3stico e Estat\u00edstico de Transtornos Mentais, \u00e9 um guia usado por profissionais de sa\u00fade mental para diagnosticar a depress\u00e3o e outros transtornos.<\/p> <\/div> <div class=\"schema-faq-section\" id=\"faq-question-1754458535091\"><strong class=\"schema-faq-question\">Quais s\u00e3o os principais sintomas da depress\u00e3o segundo o DSM?<\/strong> <p class=\"schema-faq-answer\">Os principais sintomas incluem tristeza persistente, perda de interesse em atividades, altera\u00e7\u00f5es no sono e apetite, al\u00e9m de fadiga e dificuldades de concentra\u00e7\u00e3o.<\/p> <\/div> <div class=\"schema-faq-section\" id=\"faq-question-1754458563620\"><strong class=\"schema-faq-question\">Como \u00e9 feito o diagn\u00f3stico da depress\u00e3o?<\/strong> <p class=\"schema-faq-answer\">O diagn\u00f3stico \u00e9 feito por um profissional, que avalia os sintomas e a dura\u00e7\u00e3o deles, seguindo os crit\u00e9rios estabelecidos no DSM.<\/p> <\/div> <\/div>\n\n\n\n<ul class=\"wp-block-yoast-seo-related-links\"><li><a href=\"https:\/\/ianima.com.br\/blog\/saude-mental\/depressao-dsm-o-que-voce-precisa-saber\/\">Depress\u00e3o DSM: O Que Voc\u00ea Precisa Saber<\/a><\/li><li><a href=\"https:\/\/ianima.com.br\/blog\/saude-mental\/depressao-dsm-5-o-que-voce-precisa-saber\/\">Depress\u00e3o DSM 5: O Que Voc\u00ea Precisa Saber<\/a><\/li><li><a href=\"https:\/\/ianima.com.br\/blog\/saude-mental\/o-que-e-transtorno-depressivo-maior-sinais-e-caminhos\/\">O que \u00e9 transtorno depressivo maior: sinais e caminhos<\/a><\/li><li><a href=\"https:\/\/ianima.com.br\/blog\/saude-mental\/o-que-e-depressivo-sinais-causas-e-caminhos-possiveis\/\">O que \u00e9 depressivo: sinais, causas e caminhos poss\u00edveis<\/a><\/li><li><a href=\"https:\/\/ianima.com.br\/blog\/saude-mental\/diagnostico-depressao-sinais-causas-e-o-que-fazer\/\">Diagn\u00f3stico depress\u00e3o: sinais, causas e o que fazer<\/a><\/li><\/ul>\n","protected":false},"excerpt":{"rendered":"<p>Os Sinais e Sintomas da DSM Depress\u00e3o A depress\u00e3o, segundo os crit\u00e9rios do DSM-5 (Manual Diagn\u00f3stico e Estat\u00edstico de Transtornos Mentais), apresenta sinais que v\u00e3o al\u00e9m da tristeza passageira. Um dos sintomas centrais \u00e9 o humor deprimido na maior parte do dia, quase todos os dias, por pelo menos duas semanas. Al\u00e9m disso, outros sinais [&hellip;]<\/p>\n","protected":false},"author":1,"featured_media":8947,"comment_status":"closed","ping_status":"closed","sticky":false,"template":"","format":"standard","meta":{"site-sidebar-layout":"default","site-content-layout":"","ast-site-content-layout":"default","site-content-style":"default","site-sidebar-style":"default","ast-global-header-display":"","ast-banner-title-visibility":"","ast-main-header-display":"","ast-hfb-above-header-display":"","ast-hfb-below-header-display":"","ast-hfb-mobile-header-display":"","site-post-title":"","ast-breadcrumbs-content":"","ast-featured-img":"","footer-sml-layout":"","theme-transparent-header-meta":"","adv-header-id-meta":"","stick-header-meta":"","header-above-stick-meta":"","header-main-stick-meta":"","header-below-stick-meta":"","astra-migrate-meta-layouts":"set","ast-page-background-enabled":"default","ast-page-background-meta":{"desktop":{"background-color":"","background-image":"","background-repeat":"repeat","background-position":"center center","background-size":"auto","background-attachment":"scroll","background-type":"","background-media":"","overlay-type":"","overlay-color":"","overlay-opacity":"","overlay-gradient":""},"tablet":{"background-color":"","background-image":"","background-repeat":"repeat","background-position":"center center","background-size":"auto","background-attachment":"scroll","background-type":"","background-media":"","overlay-type":"","overlay-color":"","overlay-opacity":"","overlay-gradient":""},"mobile":{"background-color":"","background-image":"","background-repeat":"repeat","background-position":"center center","background-size":"auto","background-attachment":"scroll","background-type":"","background-media":"","overlay-type":"","overlay-color":"","overlay-opacity":"","overlay-gradient":""}},"ast-content-background-meta":{"desktop":{"background-color":"var(--ast-global-color-5)","background-image":"","background-repeat":"repeat","background-position":"center center","background-size":"auto","background-attachment":"scroll","background-type":"","background-media":"","overlay-type":"","overlay-color":"","overlay-opacity":"","overlay-gradient":""},"tablet":{"background-color":"var(--ast-global-color-5)","background-image":"","background-repeat":"repeat","background-position":"center center","background-size":"auto","background-attachment":"scroll","background-type":"","background-media":"","overlay-type":"","overlay-color":"","overlay-opacity":"","overlay-gradient":""},"mobile":{"background-color":"var(--ast-global-color-5)","background-image":"","background-repeat":"repeat","background-position":"center center","background-size":"auto","background-attachment":"scroll","background-type":"","background-media":"","overlay-type":"","overlay-color":"","overlay-opacity":"","overlay-gradient":""}},"footnotes":""},"categories":[24],"tags":[],"class_list":["post-8945","post","type-post","status-publish","format-standard","has-post-thumbnail","hentry","category-saude-mental"],"yoast_head":"<!-- This site is optimized with the Yoast SEO Premium plugin v20.8 (Yoast SEO v20.8) - https:\/\/yoast.com\/wordpress\/plugins\/seo\/ -->\n<title>DSM Depress\u00e3o: O Que Voc\u00ea Precisa Saber<\/title>\n<meta name=\"description\" content=\"Descubra os segredos por tr\u00e1s da DSM Depress\u00e3o e como ela pode impactar sua vida. Informa\u00e7\u00f5es essenciais que voc\u00ea n\u00e3o pode ignorar!\" \/>\n<meta name=\"robots\" content=\"index, follow, max-snippet:-1, max-image-preview:large, max-video-preview:-1\" \/>\n<link rel=\"canonical\" href=\"https:\/\/ianima.com.br\/blog\/saude-mental\/dsm-depressao-o-que-voce-precisa-saber\/\" \/>\n<meta property=\"og:locale\" content=\"pt_BR\" \/>\n<meta property=\"og:type\" content=\"article\" \/>\n<meta property=\"og:title\" content=\"DSM Depress\u00e3o: O Que Voc\u00ea Precisa Saber\" \/>\n<meta property=\"og:description\" content=\"Descubra os segredos por tr\u00e1s da DSM Depress\u00e3o e como ela pode impactar sua vida. Informa\u00e7\u00f5es essenciais que voc\u00ea n\u00e3o pode ignorar!\" \/>\n<meta property=\"og:url\" content=\"https:\/\/ianima.com.br\/blog\/saude-mental\/dsm-depressao-o-que-voce-precisa-saber\/\" \/>\n<meta property=\"og:site_name\" content=\"Terapia Online com IANIMA: Inova\u00e7\u00e3o e Aconselhamento. O terapeuta online ao seu alcance.\" \/>\n<meta property=\"article:published_time\" content=\"2025-08-06T05:38:32+00:00\" \/>\n<meta property=\"article:modified_time\" content=\"2025-08-06T05:38:33+00:00\" \/>\n<meta property=\"og:image\" content=\"https:\/\/ianima.com.br\/blog\/wp-content\/uploads\/2025\/08\/1MM-110.webp\" \/>\n\t<meta property=\"og:image:width\" content=\"1536\" \/>\n\t<meta property=\"og:image:height\" content=\"1024\" \/>\n\t<meta property=\"og:image:type\" content=\"image\/webp\" \/>\n<meta name=\"author\" content=\"Wanderlei Talib\" \/>\n<meta name=\"twitter:card\" content=\"summary_large_image\" \/>\n<meta name=\"twitter:label1\" content=\"Escrito por\" \/>\n\t<meta name=\"twitter:data1\" content=\"Wanderlei Talib\" \/>\n\t<meta name=\"twitter:label2\" content=\"Est. tempo de leitura\" \/>\n\t<meta name=\"twitter:data2\" content=\"8 minutos\" \/>\n<script type=\"application\/ld+json\" class=\"yoast-schema-graph\">{\"@context\":\"https:\/\/schema.org\",\"@graph\":[{\"@type\":\"Article\",\"@id\":\"https:\/\/ianima.com.br\/blog\/saude-mental\/dsm-depressao-o-que-voce-precisa-saber\/#article\",\"isPartOf\":{\"@id\":\"https:\/\/ianima.com.br\/blog\/saude-mental\/dsm-depressao-o-que-voce-precisa-saber\/\"},\"author\":{\"name\":\"Wanderlei Talib\",\"@id\":\"https:\/\/ianima.com.br\/blog\/#\/schema\/person\/85378d6a819826ce615ae2a7a04f68d8\"},\"headline\":\"DSM Depress\u00e3o: O Que Voc\u00ea Precisa Saber\",\"datePublished\":\"2025-08-06T05:38:32+00:00\",\"dateModified\":\"2025-08-06T05:38:33+00:00\",\"mainEntityOfPage\":{\"@id\":\"https:\/\/ianima.com.br\/blog\/saude-mental\/dsm-depressao-o-que-voce-precisa-saber\/\"},\"wordCount\":1461,\"publisher\":{\"@id\":\"https:\/\/ianima.com.br\/blog\/#organization\"},\"articleSection\":[\"Sa\u00fade Mental\"],\"inLanguage\":\"pt-BR\"},{\"@type\":[\"WebPage\",\"FAQPage\"],\"@id\":\"https:\/\/ianima.com.br\/blog\/saude-mental\/dsm-depressao-o-que-voce-precisa-saber\/\",\"url\":\"https:\/\/ianima.com.br\/blog\/saude-mental\/dsm-depressao-o-que-voce-precisa-saber\/\",\"name\":\"DSM Depress\u00e3o: O Que Voc\u00ea Precisa Saber\",\"isPartOf\":{\"@id\":\"https:\/\/ianima.com.br\/blog\/#website\"},\"datePublished\":\"2025-08-06T05:38:32+00:00\",\"dateModified\":\"2025-08-06T05:38:33+00:00\",\"description\":\"Descubra os segredos por tr\u00e1s da DSM Depress\u00e3o e como ela pode impactar sua vida. Informa\u00e7\u00f5es essenciais que voc\u00ea n\u00e3o pode ignorar!\",\"breadcrumb\":{\"@id\":\"https:\/\/ianima.com.br\/blog\/saude-mental\/dsm-depressao-o-que-voce-precisa-saber\/#breadcrumb\"},\"mainEntity\":[{\"@id\":\"https:\/\/ianima.com.br\/blog\/saude-mental\/dsm-depressao-o-que-voce-precisa-saber\/#faq-question-1754458509516\"},{\"@id\":\"https:\/\/ianima.com.br\/blog\/saude-mental\/dsm-depressao-o-que-voce-precisa-saber\/#faq-question-1754458535091\"},{\"@id\":\"https:\/\/ianima.com.br\/blog\/saude-mental\/dsm-depressao-o-que-voce-precisa-saber\/#faq-question-1754458563620\"}],\"inLanguage\":\"pt-BR\",\"potentialAction\":[{\"@type\":\"ReadAction\",\"target\":[\"https:\/\/ianima.com.br\/blog\/saude-mental\/dsm-depressao-o-que-voce-precisa-saber\/\"]}]},{\"@type\":\"BreadcrumbList\",\"@id\":\"https:\/\/ianima.com.br\/blog\/saude-mental\/dsm-depressao-o-que-voce-precisa-saber\/#breadcrumb\",\"itemListElement\":[{\"@type\":\"ListItem\",\"position\":1,\"name\":\"In\u00edcio\",\"item\":\"https:\/\/ianima.com.br\/blog\/\"},{\"@type\":\"ListItem\",\"position\":2,\"name\":\"DSM Depress\u00e3o: O Que Voc\u00ea Precisa Saber\"}]},{\"@type\":\"WebSite\",\"@id\":\"https:\/\/ianima.com.br\/blog\/#website\",\"url\":\"https:\/\/ianima.com.br\/blog\/\",\"name\":\"Terapia Online com IANIMA: Inova\u00e7\u00e3o e Aconselhamento. O terapeuta online ao seu alcance.\",\"description\":\"Terapia gratuita online com a IAnima, sua terapeuta online. Artigos sobre terapias online, sa\u00fade mental e bem-estar.\",\"publisher\":{\"@id\":\"https:\/\/ianima.com.br\/blog\/#organization\"},\"potentialAction\":[{\"@type\":\"SearchAction\",\"target\":{\"@type\":\"EntryPoint\",\"urlTemplate\":\"https:\/\/ianima.com.br\/blog\/?s={search_term_string}\"},\"query-input\":\"required name=search_term_string\"}],\"inLanguage\":\"pt-BR\"},{\"@type\":\"Organization\",\"@id\":\"https:\/\/ianima.com.br\/blog\/#organization\",\"name\":\"Terapia Online com IANIMA: Inova\u00e7\u00e3o e Aconselhamento. O terapeuta online ao seu alcance.\",\"url\":\"https:\/\/ianima.com.br\/blog\/\",\"logo\":{\"@type\":\"ImageObject\",\"inLanguage\":\"pt-BR\",\"@id\":\"https:\/\/ianima.com.br\/blog\/#\/schema\/logo\/image\/\",\"url\":\"https:\/\/ianima.com.br\/blog\/wp-content\/uploads\/2025\/04\/cropped-IAnima-terapia-online.webp\",\"contentUrl\":\"https:\/\/ianima.com.br\/blog\/wp-content\/uploads\/2025\/04\/cropped-IAnima-terapia-online.webp\",\"width\":819,\"height\":222,\"caption\":\"Terapia Online com IANIMA: Inova\u00e7\u00e3o e Aconselhamento. O terapeuta online ao seu alcance.\"},\"image\":{\"@id\":\"https:\/\/ianima.com.br\/blog\/#\/schema\/logo\/image\/\"}},{\"@type\":\"Person\",\"@id\":\"https:\/\/ianima.com.br\/blog\/#\/schema\/person\/85378d6a819826ce615ae2a7a04f68d8\",\"name\":\"Wanderlei Talib\",\"image\":{\"@type\":\"ImageObject\",\"inLanguage\":\"pt-BR\",\"@id\":\"https:\/\/ianima.com.br\/blog\/#\/schema\/person\/image\/\",\"url\":\"https:\/\/ianima.com.br\/blog\/wp-content\/litespeed\/avatar\/a0461c2b338365ab5dd45a3e926e23c7.jpg?ver=1777055969\",\"contentUrl\":\"https:\/\/ianima.com.br\/blog\/wp-content\/litespeed\/avatar\/a0461c2b338365ab5dd45a3e926e23c7.jpg?ver=1777055969\",\"caption\":\"Wanderlei Talib\"},\"sameAs\":[\"https:\/\/ianima.com.br\/blog\"],\"url\":\"https:\/\/ianima.com.br\/blog\/author\/adminedu\/\"},{\"@type\":\"Question\",\"@id\":\"https:\/\/ianima.com.br\/blog\/saude-mental\/dsm-depressao-o-que-voce-precisa-saber\/#faq-question-1754458509516\",\"position\":1,\"url\":\"https:\/\/ianima.com.br\/blog\/saude-mental\/dsm-depressao-o-que-voce-precisa-saber\/#faq-question-1754458509516\",\"name\":\"O que \u00e9 o DSM e como ele se relaciona com a depress\u00e3o?\",\"answerCount\":1,\"acceptedAnswer\":{\"@type\":\"Answer\",\"text\":\"O DSM, ou Manual Diagn\u00f3stico e Estat\u00edstico de Transtornos Mentais, \u00e9 um guia usado por profissionais de sa\u00fade mental para diagnosticar a depress\u00e3o e outros transtornos.\",\"inLanguage\":\"pt-BR\"},\"inLanguage\":\"pt-BR\"},{\"@type\":\"Question\",\"@id\":\"https:\/\/ianima.com.br\/blog\/saude-mental\/dsm-depressao-o-que-voce-precisa-saber\/#faq-question-1754458535091\",\"position\":2,\"url\":\"https:\/\/ianima.com.br\/blog\/saude-mental\/dsm-depressao-o-que-voce-precisa-saber\/#faq-question-1754458535091\",\"name\":\"Quais s\u00e3o os principais sintomas da depress\u00e3o segundo o DSM?\",\"answerCount\":1,\"acceptedAnswer\":{\"@type\":\"Answer\",\"text\":\"Os principais sintomas incluem tristeza persistente, perda de interesse em atividades, altera\u00e7\u00f5es no sono e apetite, al\u00e9m de fadiga e dificuldades de concentra\u00e7\u00e3o.\",\"inLanguage\":\"pt-BR\"},\"inLanguage\":\"pt-BR\"},{\"@type\":\"Question\",\"@id\":\"https:\/\/ianima.com.br\/blog\/saude-mental\/dsm-depressao-o-que-voce-precisa-saber\/#faq-question-1754458563620\",\"position\":3,\"url\":\"https:\/\/ianima.com.br\/blog\/saude-mental\/dsm-depressao-o-que-voce-precisa-saber\/#faq-question-1754458563620\",\"name\":\"Como \u00e9 feito o diagn\u00f3stico da depress\u00e3o?\",\"answerCount\":1,\"acceptedAnswer\":{\"@type\":\"Answer\",\"text\":\"O diagn\u00f3stico \u00e9 feito por um profissional, que avalia os sintomas e a dura\u00e7\u00e3o deles, seguindo os crit\u00e9rios estabelecidos no DSM.\",\"inLanguage\":\"pt-BR\"},\"inLanguage\":\"pt-BR\"}]}<\/script>\n<!-- \/ Yoast SEO Premium plugin. -->","yoast_head_json":{"title":"DSM Depress\u00e3o: O Que Voc\u00ea Precisa Saber","description":"Descubra os segredos por tr\u00e1s da DSM Depress\u00e3o e como ela pode impactar sua vida. Informa\u00e7\u00f5es essenciais que voc\u00ea n\u00e3o pode ignorar!","robots":{"index":"index","follow":"follow","max-snippet":"max-snippet:-1","max-image-preview":"max-image-preview:large","max-video-preview":"max-video-preview:-1"},"canonical":"https:\/\/ianima.com.br\/blog\/saude-mental\/dsm-depressao-o-que-voce-precisa-saber\/","og_locale":"pt_BR","og_type":"article","og_title":"DSM Depress\u00e3o: O Que Voc\u00ea Precisa Saber","og_description":"Descubra os segredos por tr\u00e1s da DSM Depress\u00e3o e como ela pode impactar sua vida. Informa\u00e7\u00f5es essenciais que voc\u00ea n\u00e3o pode ignorar!","og_url":"https:\/\/ianima.com.br\/blog\/saude-mental\/dsm-depressao-o-que-voce-precisa-saber\/","og_site_name":"Terapia Online com IANIMA: Inova\u00e7\u00e3o e Aconselhamento. O terapeuta online ao seu alcance.","article_published_time":"2025-08-06T05:38:32+00:00","article_modified_time":"2025-08-06T05:38:33+00:00","og_image":[{"width":1536,"height":1024,"url":"https:\/\/ianima.com.br\/blog\/wp-content\/uploads\/2025\/08\/1MM-110.webp","type":"image\/webp"}],"author":"Wanderlei Talib","twitter_card":"summary_large_image","twitter_misc":{"Escrito por":"Wanderlei Talib","Est. tempo de leitura":"8 minutos"},"schema":{"@context":"https:\/\/schema.org","@graph":[{"@type":"Article","@id":"https:\/\/ianima.com.br\/blog\/saude-mental\/dsm-depressao-o-que-voce-precisa-saber\/#article","isPartOf":{"@id":"https:\/\/ianima.com.br\/blog\/saude-mental\/dsm-depressao-o-que-voce-precisa-saber\/"},"author":{"name":"Wanderlei Talib","@id":"https:\/\/ianima.com.br\/blog\/#\/schema\/person\/85378d6a819826ce615ae2a7a04f68d8"},"headline":"DSM Depress\u00e3o: O Que Voc\u00ea Precisa Saber","datePublished":"2025-08-06T05:38:32+00:00","dateModified":"2025-08-06T05:38:33+00:00","mainEntityOfPage":{"@id":"https:\/\/ianima.com.br\/blog\/saude-mental\/dsm-depressao-o-que-voce-precisa-saber\/"},"wordCount":1461,"publisher":{"@id":"https:\/\/ianima.com.br\/blog\/#organization"},"articleSection":["Sa\u00fade Mental"],"inLanguage":"pt-BR"},{"@type":["WebPage","FAQPage"],"@id":"https:\/\/ianima.com.br\/blog\/saude-mental\/dsm-depressao-o-que-voce-precisa-saber\/","url":"https:\/\/ianima.com.br\/blog\/saude-mental\/dsm-depressao-o-que-voce-precisa-saber\/","name":"DSM Depress\u00e3o: O Que Voc\u00ea Precisa Saber","isPartOf":{"@id":"https:\/\/ianima.com.br\/blog\/#website"},"datePublished":"2025-08-06T05:38:32+00:00","dateModified":"2025-08-06T05:38:33+00:00","description":"Descubra os segredos por tr\u00e1s da DSM Depress\u00e3o e como ela pode impactar sua vida. Informa\u00e7\u00f5es essenciais que voc\u00ea n\u00e3o pode ignorar!","breadcrumb":{"@id":"https:\/\/ianima.com.br\/blog\/saude-mental\/dsm-depressao-o-que-voce-precisa-saber\/#breadcrumb"},"mainEntity":[{"@id":"https:\/\/ianima.com.br\/blog\/saude-mental\/dsm-depressao-o-que-voce-precisa-saber\/#faq-question-1754458509516"},{"@id":"https:\/\/ianima.com.br\/blog\/saude-mental\/dsm-depressao-o-que-voce-precisa-saber\/#faq-question-1754458535091"},{"@id":"https:\/\/ianima.com.br\/blog\/saude-mental\/dsm-depressao-o-que-voce-precisa-saber\/#faq-question-1754458563620"}],"inLanguage":"pt-BR","potentialAction":[{"@type":"ReadAction","target":["https:\/\/ianima.com.br\/blog\/saude-mental\/dsm-depressao-o-que-voce-precisa-saber\/"]}]},{"@type":"BreadcrumbList","@id":"https:\/\/ianima.com.br\/blog\/saude-mental\/dsm-depressao-o-que-voce-precisa-saber\/#breadcrumb","itemListElement":[{"@type":"ListItem","position":1,"name":"In\u00edcio","item":"https:\/\/ianima.com.br\/blog\/"},{"@type":"ListItem","position":2,"name":"DSM Depress\u00e3o: O Que Voc\u00ea Precisa Saber"}]},{"@type":"WebSite","@id":"https:\/\/ianima.com.br\/blog\/#website","url":"https:\/\/ianima.com.br\/blog\/","name":"Terapia Online com IANIMA: Inova\u00e7\u00e3o e Aconselhamento. O terapeuta online ao seu alcance.","description":"Terapia gratuita online com a IAnima, sua terapeuta online. Artigos sobre terapias online, sa\u00fade mental e bem-estar.","publisher":{"@id":"https:\/\/ianima.com.br\/blog\/#organization"},"potentialAction":[{"@type":"SearchAction","target":{"@type":"EntryPoint","urlTemplate":"https:\/\/ianima.com.br\/blog\/?s={search_term_string}"},"query-input":"required name=search_term_string"}],"inLanguage":"pt-BR"},{"@type":"Organization","@id":"https:\/\/ianima.com.br\/blog\/#organization","name":"Terapia Online com IANIMA: Inova\u00e7\u00e3o e Aconselhamento. O terapeuta online ao seu alcance.","url":"https:\/\/ianima.com.br\/blog\/","logo":{"@type":"ImageObject","inLanguage":"pt-BR","@id":"https:\/\/ianima.com.br\/blog\/#\/schema\/logo\/image\/","url":"https:\/\/ianima.com.br\/blog\/wp-content\/uploads\/2025\/04\/cropped-IAnima-terapia-online.webp","contentUrl":"https:\/\/ianima.com.br\/blog\/wp-content\/uploads\/2025\/04\/cropped-IAnima-terapia-online.webp","width":819,"height":222,"caption":"Terapia Online com IANIMA: Inova\u00e7\u00e3o e Aconselhamento. O terapeuta online ao seu alcance."},"image":{"@id":"https:\/\/ianima.com.br\/blog\/#\/schema\/logo\/image\/"}},{"@type":"Person","@id":"https:\/\/ianima.com.br\/blog\/#\/schema\/person\/85378d6a819826ce615ae2a7a04f68d8","name":"Wanderlei Talib","image":{"@type":"ImageObject","inLanguage":"pt-BR","@id":"https:\/\/ianima.com.br\/blog\/#\/schema\/person\/image\/","url":"https:\/\/ianima.com.br\/blog\/wp-content\/litespeed\/avatar\/a0461c2b338365ab5dd45a3e926e23c7.jpg?ver=1777055969","contentUrl":"https:\/\/ianima.com.br\/blog\/wp-content\/litespeed\/avatar\/a0461c2b338365ab5dd45a3e926e23c7.jpg?ver=1777055969","caption":"Wanderlei Talib"},"sameAs":["https:\/\/ianima.com.br\/blog"],"url":"https:\/\/ianima.com.br\/blog\/author\/adminedu\/"},{"@type":"Question","@id":"https:\/\/ianima.com.br\/blog\/saude-mental\/dsm-depressao-o-que-voce-precisa-saber\/#faq-question-1754458509516","position":1,"url":"https:\/\/ianima.com.br\/blog\/saude-mental\/dsm-depressao-o-que-voce-precisa-saber\/#faq-question-1754458509516","name":"O que \u00e9 o DSM e como ele se relaciona com a depress\u00e3o?","answerCount":1,"acceptedAnswer":{"@type":"Answer","text":"O DSM, ou Manual Diagn\u00f3stico e Estat\u00edstico de Transtornos Mentais, \u00e9 um guia usado por profissionais de sa\u00fade mental para diagnosticar a depress\u00e3o e outros transtornos.","inLanguage":"pt-BR"},"inLanguage":"pt-BR"},{"@type":"Question","@id":"https:\/\/ianima.com.br\/blog\/saude-mental\/dsm-depressao-o-que-voce-precisa-saber\/#faq-question-1754458535091","position":2,"url":"https:\/\/ianima.com.br\/blog\/saude-mental\/dsm-depressao-o-que-voce-precisa-saber\/#faq-question-1754458535091","name":"Quais s\u00e3o os principais sintomas da depress\u00e3o segundo o DSM?","answerCount":1,"acceptedAnswer":{"@type":"Answer","text":"Os principais sintomas incluem tristeza persistente, perda de interesse em atividades, altera\u00e7\u00f5es no sono e apetite, al\u00e9m de fadiga e dificuldades de concentra\u00e7\u00e3o.","inLanguage":"pt-BR"},"inLanguage":"pt-BR"},{"@type":"Question","@id":"https:\/\/ianima.com.br\/blog\/saude-mental\/dsm-depressao-o-que-voce-precisa-saber\/#faq-question-1754458563620","position":3,"url":"https:\/\/ianima.com.br\/blog\/saude-mental\/dsm-depressao-o-que-voce-precisa-saber\/#faq-question-1754458563620","name":"Como \u00e9 feito o diagn\u00f3stico da depress\u00e3o?","answerCount":1,"acceptedAnswer":{"@type":"Answer","text":"O diagn\u00f3stico \u00e9 feito por um profissional, que avalia os sintomas e a dura\u00e7\u00e3o deles, seguindo os crit\u00e9rios estabelecidos no DSM.","inLanguage":"pt-BR"},"inLanguage":"pt-BR"}]}},"_links":{"self":[{"href":"https:\/\/ianima.com.br\/blog\/wp-json\/wp\/v2\/posts\/8945","targetHints":{"allow":["GET"]}}],"collection":[{"href":"https:\/\/ianima.com.br\/blog\/wp-json\/wp\/v2\/posts"}],"about":[{"href":"https:\/\/ianima.com.br\/blog\/wp-json\/wp\/v2\/types\/post"}],"author":[{"embeddable":true,"href":"https:\/\/ianima.com.br\/blog\/wp-json\/wp\/v2\/users\/1"}],"replies":[{"embeddable":true,"href":"https:\/\/ianima.com.br\/blog\/wp-json\/wp\/v2\/comments?post=8945"}],"version-history":[{"count":1,"href":"https:\/\/ianima.com.br\/blog\/wp-json\/wp\/v2\/posts\/8945\/revisions"}],"predecessor-version":[{"id":8949,"href":"https:\/\/ianima.com.br\/blog\/wp-json\/wp\/v2\/posts\/8945\/revisions\/8949"}],"wp:featuredmedia":[{"embeddable":true,"href":"https:\/\/ianima.com.br\/blog\/wp-json\/wp\/v2\/media\/8947"}],"wp:attachment":[{"href":"https:\/\/ianima.com.br\/blog\/wp-json\/wp\/v2\/media?parent=8945"}],"wp:term":[{"taxonomy":"category","embeddable":true,"href":"https:\/\/ianima.com.br\/blog\/wp-json\/wp\/v2\/categories?post=8945"},{"taxonomy":"post_tag","embeddable":true,"href":"https:\/\/ianima.com.br\/blog\/wp-json\/wp\/v2\/tags?post=8945"}],"curies":[{"name":"wp","href":"https:\/\/api.w.org\/{rel}","templated":true}]}}