{"id":8950,"date":"2025-08-06T05:59:02","date_gmt":"2025-08-06T05:59:02","guid":{"rendered":"https:\/\/ianima.com.br\/blog\/?p=8950"},"modified":"2025-08-06T05:59:02","modified_gmt":"2025-08-06T05:59:02","slug":"burnout-em-professores-o-que-voce-precisa-saber","status":"publish","type":"post","link":"https:\/\/ianima.com.br\/blog\/saude-mental\/burnout-em-professores-o-que-voce-precisa-saber\/","title":{"rendered":"Burnout em Professores: O Que Voc\u00ea Precisa Saber"},"content":{"rendered":"\n<h2 class=\"wp-block-heading\" id=\"h-os-sinais-e-sintomas-do-burnout-em-professores\">Os Sinais e Sintomas do <strong>Burnout em Professores<\/strong><\/h2>\n\n\n\n<p>O <strong>burnout em professores<\/strong> pode se manifestar de forma sutil no in\u00edcio, mas com o tempo tende a comprometer seriamente o bem-estar f\u00edsico, mental e emocional. Um dos primeiros sinais \u00e9 o esgotamento constante, mesmo ap\u00f3s per\u00edodos de descanso. Al\u00e9m disso, surgem sentimentos de des\u00e2nimo cr\u00f4nico, impaci\u00eancia com alunos e colegas, e uma sensa\u00e7\u00e3o de incapacidade ou inefic\u00e1cia profissional.<\/p>\n\n\n\n<p>Tamb\u00e9m s\u00e3o comuns sintomas f\u00edsicos, como dores de cabe\u00e7a, ins\u00f4nia, palpita\u00e7\u00f5es e dist\u00farbios gastrointestinais. Do mesmo modo, a desmotiva\u00e7\u00e3o generalizada pode afetar a criatividade em sala de aula e o envolvimento com os processos pedag\u00f3gicos. Em est\u00e1gios mais avan\u00e7ados, o profissional pode desenvolver apatia, cinismo e isolamento social.<\/p>\n\n\n\n<h2 class=\"wp-block-heading\" id=\"h-a-psicologia-por-tras-da-vida-real-o-burnout-em-professores-no-dia-a-dia\">A Psicologia por Tr\u00e1s da Vida Real: O <strong>Burnout em Professores<\/strong> no Dia a Dia *<\/h2>\n\n\n\n<p>Imagine uma professora apaixonada pelo ensino, que sempre se dedicou com entusiasmo. Com o tempo, ela come\u00e7a a sentir que, por mais que se esforce, os resultados n\u00e3o aparecem. As exig\u00eancias da coordena\u00e7\u00e3o aumentam, os recursos s\u00e3o escassos e a carga emocional de lidar com alunos em sofrimento se torna cada vez mais pesada.<\/p>\n\n\n\n<p>Nesse cen\u00e1rio, o <strong>burnout em professores<\/strong> surge como uma sobrecarga silenciosa. O sorriso em sala de aula vira uma m\u00e1scara. A vontade de planejar atividades criativas desaparece. As pequenas vit\u00f3rias n\u00e3o t\u00eam mais sabor. \u00c9 como tentar acender uma chama com um f\u00f3sforo molhado: o esfor\u00e7o \u00e9 constante, mas o fogo n\u00e3o pega. Aos poucos, o corpo fala o que a mente n\u00e3o conseguiu expressar: \u00e9 hora de parar, olhar para si e buscar reconex\u00e3o com sua sa\u00fade emocional.<\/p>\n\n\n\n<h2 class=\"wp-block-heading\" id=\"h-compreendendo-os-momentos-criticos-do-burnout-em-professores\">Compreendendo os Momentos Cr\u00edticos do <strong>Burnout em Professores<\/strong><\/h2>\n\n\n\n<p>Os momentos cr\u00edticos do <strong>burnout em professores<\/strong> costumam ocorrer ap\u00f3s per\u00edodos prolongados de sobrecarga emocional e press\u00e3o institucional. Um exemplo comum \u00e9 o encerramento de bimestres ou anos letivos, quando as cobran\u00e7as por resultados se intensificam e o reconhecimento diminui.<\/p>\n\n\n\n<p>Esses momentos se caracterizam por um colapso de energia e motiva\u00e7\u00e3o, epis\u00f3dios de choro frequentes, sensa\u00e7\u00e3o de fracasso pessoal e at\u00e9 pensamentos de desist\u00eancia da profiss\u00e3o. Diferenciar esse estado de uma simples fase de estresse \u00e9 fundamental: o burnout tende a se prolongar, se repetir e a comprometer a qualidade de vida de forma significativa.<\/p>\n\n\n\n<h2 class=\"wp-block-heading\" id=\"h-o-que-desencadeia-o-burnout-em-professores\">O Que Desencadeia o <strong>Burnout em Professores<\/strong>?<\/h2>\n\n\n\n<p>Diversos fatores podem desencadear o <strong>burnout em professores<\/strong>, sendo o ac\u00famulo cr\u00f4nico de estresse o mais evidente. A falta de reconhecimento, a press\u00e3o por metas inating\u00edveis, a aus\u00eancia de recursos pedag\u00f3gicos e o excesso de tarefas extracurriculares contribuem para essa exaust\u00e3o.<\/p>\n\n\n\n<p>Al\u00e9m disso, influ\u00eancias emocionais, como o contato constante com hist\u00f3rias de sofrimento de alunos, e fatores organizacionais, como a m\u00e1 gest\u00e3o escolar e o ambiente competitivo, tamb\u00e9m s\u00e3o gatilhos relevantes. Em muitos casos, h\u00e1 uma combina\u00e7\u00e3o de fatores internos (como perfeccionismo ou dificuldade em impor limites) com condi\u00e7\u00f5es externas adversas.<\/p>\n\n\n\n<h2 class=\"wp-block-heading\" id=\"h-mitos-e-verdades-sobre-solucoes-para-o-burnout-em-professores\">Mitos e Verdades sobre Solu\u00e7\u00f5es para o <strong>Burnout em Professores<\/strong><\/h2>\n\n\n\n<p>Um dos mitos mais comuns \u00e9 acreditar que o <strong>burnout em professores<\/strong> passa &#8220;com f\u00e9rias&#8221;. Embora o descanso seja importante, ele n\u00e3o resolve as ra\u00edzes emocionais e estruturais da exaust\u00e3o. Outro equ\u00edvoco \u00e9 pensar que apenas professores iniciantes enfrentam esse problema \u2014 na realidade, ele pode atingir profissionais em qualquer fase da carreira.<\/p>\n\n\n\n<p>Por outro lado, \u00e9 verdade que o apoio psicossocial, mudan\u00e7as institucionais e pr\u00e1ticas de autocuidado fazem parte das estrat\u00e9gias eficazes de enfrentamento. Nenhuma solu\u00e7\u00e3o \u00e9 imediata, e o acompanhamento adequado pode fazer toda a diferen\u00e7a.<\/p>\n\n\n\n<h2 class=\"wp-block-heading\" id=\"h-como-lidar-com-o-burnout-em-professores-no-dia-a-dia\">Como Lidar com o <strong>Burnout em Professores<\/strong> no Dia a Dia<\/h2>\n\n\n\n<ul class=\"wp-block-list\">\n<li>Crie pausas reais durante o expediente, mesmo que curtas.<\/li>\n\n\n\n<li>Estabele\u00e7a limites claros entre vida pessoal e trabalho.<\/li>\n\n\n\n<li>Participe de grupos de apoio ou espa\u00e7os de escuta entre colegas.<\/li>\n\n\n\n<li>Revise suas metas profissionais com mais compaix\u00e3o e realismo.<\/li>\n\n\n\n<li>Pratique atividades que tragam prazer e desconex\u00e3o do ambiente escolar.<\/li>\n<\/ul>\n\n\n\n<p>Pequenas atitudes podem trazer al\u00edvio e restaurar o v\u00ednculo com o prop\u00f3sito de ensinar, sem sacrificar a sa\u00fade mental.<\/p>\n\n\n\n<h2 class=\"wp-block-heading\" id=\"h-o-burnout-em-professores-no-corpo-e-na-mente-manifestacoes\">O <strong>Burnout em Professores<\/strong> no Corpo e na Mente: Manifesta\u00e7\u00f5es<\/h2>\n\n\n\n<p>Fisicamente, o <strong>burnout em professores<\/strong> pode se apresentar por meio de fadiga persistente, altera\u00e7\u00f5es no sono, dores musculares e problemas gastrointestinais. Mentalmente, surgem sintomas como dificuldade de concentra\u00e7\u00e3o, sensa\u00e7\u00e3o de vazio, ansiedade, irritabilidade e baixa autoestima.<\/p>\n\n\n\n<p>O corpo expressa o que a mente reprime. Compreender essa conex\u00e3o \u00e9 essencial para interromper o ciclo de esgotamento e buscar equil\u00edbrio entre desempenho e bem-estar.<\/p>\n\n\n\n<h2 class=\"wp-block-heading\" id=\"h-burnout-em-professores-na-educacao-infantil-uma-perspectiva-ampliada\"><strong>Burnout em Professores<\/strong> na Educa\u00e7\u00e3o Infantil: Uma Perspectiva Ampliada<\/h2>\n\n\n\n<p>Na educa\u00e7\u00e3o infantil, o <strong>burnout em professores<\/strong> ganha contornos ainda mais intensos. A exig\u00eancia emocional para acolher, cuidar e ensinar simultaneamente crian\u00e7as em fase de desenvolvimento pode ser extremamente desgastante.<\/p>\n\n\n\n<p>Al\u00e9m do cansa\u00e7o f\u00edsico, h\u00e1 uma carga afetiva que muitas vezes n\u00e3o \u00e9 reconhecida pela gest\u00e3o escolar. Professores dessa fase enfrentam desafios \u00fanicos, como a aus\u00eancia de pausas, necessidade de aten\u00e7\u00e3o cont\u00ednua e envolvimento emocional constante com as fam\u00edlias. Esse perfil merece aten\u00e7\u00e3o especial.<\/p>\n\n\n\n<h2 class=\"wp-block-heading\" id=\"h-quem-busca-alivio-para-o-burnout-em-professores\">Quem Busca Al\u00edvio para o <strong>Burnout em Professores<\/strong>?<\/h2>\n\n\n\n<p>Professores de todas as idades, n\u00edveis de ensino e experi\u00eancias podem buscar ajuda. Muitos relatam sensa\u00e7\u00f5es de cansa\u00e7o extremo, perda de sentido na profiss\u00e3o e sensa\u00e7\u00e3o de estar \u201cno limite\u201d. Outros chegam \u00e0 busca por apoio ap\u00f3s epis\u00f3dios de crises de ansiedade ou afastamentos m\u00e9dicos.<\/p>\n\n\n\n<p>H\u00e1 tamb\u00e9m quem perceba que o desempenho caiu, que a paix\u00e3o pelo ensino est\u00e1 se esvaindo, ou que o conv\u00edvio familiar foi afetado pela sobrecarga profissional. Nesses casos, o desejo de reencontrar equil\u00edbrio \u00e9 o ponto de partida para uma nova constru\u00e7\u00e3o pessoal.<\/p>\n\n\n\n<h3 class=\"wp-block-heading\" id=\"h-diferentes-abordagens-para-lidar-com-o-burnout-em-professores\">Diferentes Abordagens para Lidar com o <strong>Burnout em Professores<\/strong><\/h3>\n\n\n\n<ul class=\"wp-block-list\">\n<li>Psicoterapia voltada ao enfrentamento do estresse ocupacional<\/li>\n\n\n\n<li>Pr\u00e1ticas de mindfulness e medita\u00e7\u00e3o guiada<\/li>\n\n\n\n<li>Atividades f\u00edsicas regulares<\/li>\n\n\n\n<li>Reorganiza\u00e7\u00e3o do tempo e redefini\u00e7\u00e3o de prioridades<\/li>\n\n\n\n<li>Participa\u00e7\u00e3o em redes de apoio profissional<\/li>\n<\/ul>\n\n\n\n<h3 class=\"wp-block-heading\" id=\"h-sinais-de-alerta-quando-buscar-ajuda-profissional\">Sinais de Alerta: Quando Buscar Ajuda Profissional<\/h3>\n\n\n\n<ul class=\"wp-block-list\">\n<li>Sensa\u00e7\u00e3o de esgotamento cont\u00ednuo, mesmo ap\u00f3s per\u00edodos de descanso<\/li>\n\n\n\n<li>Isolamento social e distanciamento afetivo<\/li>\n\n\n\n<li>Queda brusca no desempenho profissional<\/li>\n\n\n\n<li>Pensamentos negativos recorrentes sobre a carreira<\/li>\n\n\n\n<li>Presen\u00e7a de sintomas f\u00edsicos frequentes sem causa m\u00e9dica identificada<\/li>\n<\/ul>\n\n\n\n<p>Buscar apoio psicol\u00f3gico nesses casos pode ser fundamental para reverter o quadro.<\/p>\n\n\n\n<h3 class=\"wp-block-heading\" id=\"h-recursos-e-informacoes-confiaveis-sobre-o-burnout-em-professores\">Recursos e Informa\u00e7\u00f5es Confi\u00e1veis sobre o <strong>Burnout em Professores<\/strong><\/h3>\n\n\n\n<ul class=\"wp-block-list\">\n<li>Cartilhas e estudos do MEC sobre sa\u00fade mental docente<\/li>\n\n\n\n<li>Publica\u00e7\u00f5es da Organiza\u00e7\u00e3o Mundial da Sa\u00fade (OMS)<\/li>\n\n\n\n<li>Institui\u00e7\u00f5es de psicologia e educa\u00e7\u00e3o com conte\u00fado sobre bem-estar ocupacional<\/li>\n\n\n\n<li>Grupos de acolhimento e escuta entre educadores<\/li>\n<\/ul>\n\n\n\n<h3 class=\"wp-block-heading\" id=\"h-dicas-para-acao-imediata-em-momentos-de-burnout-em-professores\">Dicas para A\u00e7\u00e3o Imediata em Momentos de <strong>Burnout em Professores<\/strong><\/h3>\n\n\n\n<ul class=\"wp-block-list\">\n<li>Pratique respira\u00e7\u00e3o profunda por 2 minutos<\/li>\n\n\n\n<li>Fa\u00e7a uma caminhada curta em sil\u00eancio<\/li>\n\n\n\n<li>Escreva o que est\u00e1 sentindo em um caderno pessoal<\/li>\n\n\n\n<li>Ou\u00e7a m\u00fasicas que tragam lembran\u00e7as positivas<\/li>\n\n\n\n<li>Pe\u00e7a ajuda: falar \u00e9 sempre o primeiro passo<\/li>\n<\/ul>\n\n\n\n<h2 class=\"wp-block-heading\" id=\"h-conclusao\">Conclus\u00e3o<\/h2>\n\n\n\n<p>Em suma, o <strong>burnout em professores<\/strong> \u00e9 uma realidade que precisa ser reconhecida e enfrentada com empatia e informa\u00e7\u00e3o. Compreender os sinais, acolher as emo\u00e7\u00f5es e buscar apoio adequado s\u00e3o passos essenciais para preservar a sa\u00fade mental e a qualidade da educa\u00e7\u00e3o.<\/p>\n\n\n\n<p>Se voc\u00ea se identifica com esses sinais, buscar informa\u00e7\u00e3o e apoio pode ser o primeiro passo para uma vida mais leve e equilibrada!<\/p>\n\n\n\n<p>* Essas narrativas s\u00e3o fict\u00edcias mas inspiradas em situa\u00e7\u00f5es comumente vivenciadas nos estudos e na cl\u00ednica psicol\u00f3gica.<\/p>\n\n\n\n<figure class=\"wp-block-image aligncenter size-large is-resized\"><img fetchpriority=\"high\" decoding=\"async\" width=\"1024\" height=\"683\" src=\"https:\/\/ianima.com.br\/blog\/wp-content\/uploads\/2025\/08\/2MM-111-1024x683.webp\" alt=\"Burnout em Professores: O Que Voc\u00ea Precisa Saber\" class=\"wp-image-8953\" style=\"width:500px\" srcset=\"https:\/\/ianima.com.br\/blog\/wp-content\/uploads\/2025\/08\/2MM-111-1024x683.webp 1024w, https:\/\/ianima.com.br\/blog\/wp-content\/uploads\/2025\/08\/2MM-111-300x200.webp 300w, https:\/\/ianima.com.br\/blog\/wp-content\/uploads\/2025\/08\/2MM-111-768x512.webp 768w, https:\/\/ianima.com.br\/blog\/wp-content\/uploads\/2025\/08\/2MM-111.webp 1536w\" sizes=\"(max-width: 1024px) 100vw, 1024px\" \/><\/figure>\n\n\n\n<h2 class=\"wp-block-heading\" id=\"h-perguntas-frequentes-faq\">Perguntas Frequentes (FAQ)<\/h2>\n\n\n\n<div class=\"schema-faq wp-block-yoast-faq-block\"><div class=\"schema-faq-section\" id=\"faq-question-1754459728360\"><strong class=\"schema-faq-question\">O que \u00e9 burnout em professores?<\/strong> <p class=\"schema-faq-answer\">Burnout em professores \u00e9 um estado de exaust\u00e3o f\u00edsica e emocional causado pelo estresse constante no trabalho.<\/p> <\/div> <div class=\"schema-faq-section\" id=\"faq-question-1754459749113\"><strong class=\"schema-faq-question\">Quais s\u00e3o os sinais de burnout em professores?<\/strong> <p class=\"schema-faq-answer\">Os sinais incluem fadiga, falta de motiva\u00e7\u00e3o, irritabilidade e dificuldade de concentra\u00e7\u00e3o.<\/p> <\/div> <div class=\"schema-faq-section\" id=\"faq-question-1754459769801\"><strong class=\"schema-faq-question\">Como os professores podem prevenir o burnout?<\/strong> <p class=\"schema-faq-answer\">Para prevenir o burnout, \u00e9 importante que os professores estabele\u00e7am limites, pratiquem autocuidado e busquem apoio emocional.<\/p> <\/div> <\/div>\n\n\n\n<ul class=\"wp-block-yoast-seo-related-links\"><li><a href=\"https:\/\/ianima.com.br\/blog\/saude-mental\/burnout-professores-o-que-voce-precisa-saber\/\">Burnout Professores: O Que Voc\u00ea Precisa Saber<\/a><\/li><li><a href=\"https:\/\/ianima.com.br\/blog\/saude-mental\/burnout-o-que-voce-precisa-saber\/\">Burnout: O Que Voc\u00ea Precisa Saber<\/a><\/li><li><a href=\"https:\/\/ianima.com.br\/blog\/saude-mental\/burnout-sinais-causas-e-caminhos-para-alivio\/\">Burnout: Sinais, Causas e Caminhos para Al\u00edvio<\/a><\/li><li><a href=\"https:\/\/ianima.com.br\/blog\/saude-mental\/depressao-significado-o-que-voce-precisa-saber\/\">Depress\u00e3o Significado: O Que Voc\u00ea Precisa Saber<\/a><\/li><li><a href=\"https:\/\/ianima.com.br\/blog\/saude-mental\/como-ajudar-alguem-com-depressao-o-que-fazer-e-onde-buscar-apoio\/\">Como Ajudar Algu\u00e9m com Depress\u00e3o: O Que Fazer e Onde Buscar Apoio<\/a><\/li><\/ul>\n","protected":false},"excerpt":{"rendered":"<p>Os Sinais e Sintomas do Burnout em Professores O burnout em professores pode se manifestar de forma sutil no in\u00edcio, mas com o tempo tende a comprometer seriamente o bem-estar f\u00edsico, mental e emocional. Um dos primeiros sinais \u00e9 o esgotamento constante, mesmo ap\u00f3s per\u00edodos de descanso. Al\u00e9m disso, surgem sentimentos de des\u00e2nimo cr\u00f4nico, impaci\u00eancia [&hellip;]<\/p>\n","protected":false},"author":1,"featured_media":8952,"comment_status":"closed","ping_status":"closed","sticky":false,"template":"","format":"standard","meta":{"site-sidebar-layout":"default","site-content-layout":"","ast-site-content-layout":"default","site-content-style":"default","site-sidebar-style":"default","ast-global-header-display":"","ast-banner-title-visibility":"","ast-main-header-display":"","ast-hfb-above-header-display":"","ast-hfb-below-header-display":"","ast-hfb-mobile-header-display":"","site-post-title":"","ast-breadcrumbs-content":"","ast-featured-img":"","footer-sml-layout":"","theme-transparent-header-meta":"","adv-header-id-meta":"","stick-header-meta":"","header-above-stick-meta":"","header-main-stick-meta":"","header-below-stick-meta":"","astra-migrate-meta-layouts":"set","ast-page-background-enabled":"default","ast-page-background-meta":{"desktop":{"background-color":"","background-image":"","background-repeat":"repeat","background-position":"center center","background-size":"auto","background-attachment":"scroll","background-type":"","background-media":"","overlay-type":"","overlay-color":"","overlay-opacity":"","overlay-gradient":""},"tablet":{"background-color":"","background-image":"","background-repeat":"repeat","background-position":"center center","background-size":"auto","background-attachment":"scroll","background-type":"","background-media":"","overlay-type":"","overlay-color":"","overlay-opacity":"","overlay-gradient":""},"mobile":{"background-color":"","background-image":"","background-repeat":"repeat","background-position":"center center","background-size":"auto","background-attachment":"scroll","background-type":"","background-media":"","overlay-type":"","overlay-color":"","overlay-opacity":"","overlay-gradient":""}},"ast-content-background-meta":{"desktop":{"background-color":"var(--ast-global-color-5)","background-image":"","background-repeat":"repeat","background-position":"center center","background-size":"auto","background-attachment":"scroll","background-type":"","background-media":"","overlay-type":"","overlay-color":"","overlay-opacity":"","overlay-gradient":""},"tablet":{"background-color":"var(--ast-global-color-5)","background-image":"","background-repeat":"repeat","background-position":"center center","background-size":"auto","background-attachment":"scroll","background-type":"","background-media":"","overlay-type":"","overlay-color":"","overlay-opacity":"","overlay-gradient":""},"mobile":{"background-color":"var(--ast-global-color-5)","background-image":"","background-repeat":"repeat","background-position":"center center","background-size":"auto","background-attachment":"scroll","background-type":"","background-media":"","overlay-type":"","overlay-color":"","overlay-opacity":"","overlay-gradient":""}},"footnotes":""},"categories":[24],"tags":[],"class_list":["post-8950","post","type-post","status-publish","format-standard","has-post-thumbnail","hentry","category-saude-mental"],"yoast_head":"<!-- This site is optimized with the Yoast SEO Premium plugin v20.8 (Yoast SEO v20.8) - https:\/\/yoast.com\/wordpress\/plugins\/seo\/ -->\n<title>Burnout em Professores: O Que Voc\u00ea Precisa Saber<\/title>\n<meta name=\"description\" content=\"Descubra os sinais alarmantes do burnout em professores e como isso pode impactar a educa\u00e7\u00e3o! N\u00e3o ignore esses alertas!\" \/>\n<meta name=\"robots\" content=\"index, follow, max-snippet:-1, max-image-preview:large, max-video-preview:-1\" \/>\n<link rel=\"canonical\" href=\"https:\/\/ianima.com.br\/blog\/saude-mental\/burnout-em-professores-o-que-voce-precisa-saber\/\" \/>\n<meta property=\"og:locale\" content=\"pt_BR\" \/>\n<meta property=\"og:type\" content=\"article\" \/>\n<meta property=\"og:title\" content=\"Burnout em Professores: O Que Voc\u00ea Precisa Saber\" \/>\n<meta property=\"og:description\" content=\"Descubra os sinais alarmantes do burnout em professores e como isso pode impactar a educa\u00e7\u00e3o! N\u00e3o ignore esses alertas!\" \/>\n<meta property=\"og:url\" content=\"https:\/\/ianima.com.br\/blog\/saude-mental\/burnout-em-professores-o-que-voce-precisa-saber\/\" \/>\n<meta property=\"og:site_name\" content=\"Terapia Online com IANIMA: Inova\u00e7\u00e3o e Aconselhamento. O terapeuta online ao seu alcance.\" \/>\n<meta property=\"article:published_time\" content=\"2025-08-06T05:59:02+00:00\" \/>\n<meta property=\"og:image\" content=\"https:\/\/ianima.com.br\/blog\/wp-content\/uploads\/2025\/08\/1MM-111.webp\" \/>\n\t<meta property=\"og:image:width\" content=\"1536\" \/>\n\t<meta property=\"og:image:height\" content=\"1024\" \/>\n\t<meta property=\"og:image:type\" content=\"image\/webp\" \/>\n<meta name=\"author\" content=\"Wanderlei Talib\" \/>\n<meta name=\"twitter:card\" content=\"summary_large_image\" \/>\n<meta name=\"twitter:label1\" content=\"Escrito por\" \/>\n\t<meta name=\"twitter:data1\" content=\"Wanderlei Talib\" \/>\n\t<meta name=\"twitter:label2\" content=\"Est. tempo de leitura\" \/>\n\t<meta name=\"twitter:data2\" content=\"8 minutos\" \/>\n<script type=\"application\/ld+json\" class=\"yoast-schema-graph\">{\"@context\":\"https:\/\/schema.org\",\"@graph\":[{\"@type\":\"Article\",\"@id\":\"https:\/\/ianima.com.br\/blog\/saude-mental\/burnout-em-professores-o-que-voce-precisa-saber\/#article\",\"isPartOf\":{\"@id\":\"https:\/\/ianima.com.br\/blog\/saude-mental\/burnout-em-professores-o-que-voce-precisa-saber\/\"},\"author\":{\"name\":\"Wanderlei Talib\",\"@id\":\"https:\/\/ianima.com.br\/blog\/#\/schema\/person\/85378d6a819826ce615ae2a7a04f68d8\"},\"headline\":\"Burnout em Professores: O Que Voc\u00ea Precisa Saber\",\"datePublished\":\"2025-08-06T05:59:02+00:00\",\"dateModified\":\"2025-08-06T05:59:02+00:00\",\"mainEntityOfPage\":{\"@id\":\"https:\/\/ianima.com.br\/blog\/saude-mental\/burnout-em-professores-o-que-voce-precisa-saber\/\"},\"wordCount\":1417,\"publisher\":{\"@id\":\"https:\/\/ianima.com.br\/blog\/#organization\"},\"articleSection\":[\"Sa\u00fade Mental\"],\"inLanguage\":\"pt-BR\"},{\"@type\":[\"WebPage\",\"FAQPage\"],\"@id\":\"https:\/\/ianima.com.br\/blog\/saude-mental\/burnout-em-professores-o-que-voce-precisa-saber\/\",\"url\":\"https:\/\/ianima.com.br\/blog\/saude-mental\/burnout-em-professores-o-que-voce-precisa-saber\/\",\"name\":\"Burnout em Professores: O Que Voc\u00ea Precisa Saber\",\"isPartOf\":{\"@id\":\"https:\/\/ianima.com.br\/blog\/#website\"},\"datePublished\":\"2025-08-06T05:59:02+00:00\",\"dateModified\":\"2025-08-06T05:59:02+00:00\",\"description\":\"Descubra os sinais alarmantes do burnout em professores e como isso pode impactar a educa\u00e7\u00e3o! N\u00e3o ignore esses alertas!\",\"breadcrumb\":{\"@id\":\"https:\/\/ianima.com.br\/blog\/saude-mental\/burnout-em-professores-o-que-voce-precisa-saber\/#breadcrumb\"},\"mainEntity\":[{\"@id\":\"https:\/\/ianima.com.br\/blog\/saude-mental\/burnout-em-professores-o-que-voce-precisa-saber\/#faq-question-1754459728360\"},{\"@id\":\"https:\/\/ianima.com.br\/blog\/saude-mental\/burnout-em-professores-o-que-voce-precisa-saber\/#faq-question-1754459749113\"},{\"@id\":\"https:\/\/ianima.com.br\/blog\/saude-mental\/burnout-em-professores-o-que-voce-precisa-saber\/#faq-question-1754459769801\"}],\"inLanguage\":\"pt-BR\",\"potentialAction\":[{\"@type\":\"ReadAction\",\"target\":[\"https:\/\/ianima.com.br\/blog\/saude-mental\/burnout-em-professores-o-que-voce-precisa-saber\/\"]}]},{\"@type\":\"BreadcrumbList\",\"@id\":\"https:\/\/ianima.com.br\/blog\/saude-mental\/burnout-em-professores-o-que-voce-precisa-saber\/#breadcrumb\",\"itemListElement\":[{\"@type\":\"ListItem\",\"position\":1,\"name\":\"In\u00edcio\",\"item\":\"https:\/\/ianima.com.br\/blog\/\"},{\"@type\":\"ListItem\",\"position\":2,\"name\":\"Burnout em Professores: O Que Voc\u00ea Precisa Saber\"}]},{\"@type\":\"WebSite\",\"@id\":\"https:\/\/ianima.com.br\/blog\/#website\",\"url\":\"https:\/\/ianima.com.br\/blog\/\",\"name\":\"Terapia Online com IANIMA: Inova\u00e7\u00e3o e Aconselhamento. O terapeuta online ao seu alcance.\",\"description\":\"Terapia gratuita online com a IAnima, sua terapeuta online. Artigos sobre terapias online, sa\u00fade mental e bem-estar.\",\"publisher\":{\"@id\":\"https:\/\/ianima.com.br\/blog\/#organization\"},\"potentialAction\":[{\"@type\":\"SearchAction\",\"target\":{\"@type\":\"EntryPoint\",\"urlTemplate\":\"https:\/\/ianima.com.br\/blog\/?s={search_term_string}\"},\"query-input\":\"required name=search_term_string\"}],\"inLanguage\":\"pt-BR\"},{\"@type\":\"Organization\",\"@id\":\"https:\/\/ianima.com.br\/blog\/#organization\",\"name\":\"Terapia Online com IANIMA: Inova\u00e7\u00e3o e Aconselhamento. O terapeuta online ao seu alcance.\",\"url\":\"https:\/\/ianima.com.br\/blog\/\",\"logo\":{\"@type\":\"ImageObject\",\"inLanguage\":\"pt-BR\",\"@id\":\"https:\/\/ianima.com.br\/blog\/#\/schema\/logo\/image\/\",\"url\":\"https:\/\/ianima.com.br\/blog\/wp-content\/uploads\/2025\/04\/cropped-IAnima-terapia-online.webp\",\"contentUrl\":\"https:\/\/ianima.com.br\/blog\/wp-content\/uploads\/2025\/04\/cropped-IAnima-terapia-online.webp\",\"width\":819,\"height\":222,\"caption\":\"Terapia Online com IANIMA: Inova\u00e7\u00e3o e Aconselhamento. O terapeuta online ao seu alcance.\"},\"image\":{\"@id\":\"https:\/\/ianima.com.br\/blog\/#\/schema\/logo\/image\/\"}},{\"@type\":\"Person\",\"@id\":\"https:\/\/ianima.com.br\/blog\/#\/schema\/person\/85378d6a819826ce615ae2a7a04f68d8\",\"name\":\"Wanderlei Talib\",\"image\":{\"@type\":\"ImageObject\",\"inLanguage\":\"pt-BR\",\"@id\":\"https:\/\/ianima.com.br\/blog\/#\/schema\/person\/image\/\",\"url\":\"https:\/\/ianima.com.br\/blog\/wp-content\/litespeed\/avatar\/a0461c2b338365ab5dd45a3e926e23c7.jpg?ver=1777055969\",\"contentUrl\":\"https:\/\/ianima.com.br\/blog\/wp-content\/litespeed\/avatar\/a0461c2b338365ab5dd45a3e926e23c7.jpg?ver=1777055969\",\"caption\":\"Wanderlei Talib\"},\"sameAs\":[\"https:\/\/ianima.com.br\/blog\"],\"url\":\"https:\/\/ianima.com.br\/blog\/author\/adminedu\/\"},{\"@type\":\"Question\",\"@id\":\"https:\/\/ianima.com.br\/blog\/saude-mental\/burnout-em-professores-o-que-voce-precisa-saber\/#faq-question-1754459728360\",\"position\":1,\"url\":\"https:\/\/ianima.com.br\/blog\/saude-mental\/burnout-em-professores-o-que-voce-precisa-saber\/#faq-question-1754459728360\",\"name\":\"O que \u00e9 burnout em professores?\",\"answerCount\":1,\"acceptedAnswer\":{\"@type\":\"Answer\",\"text\":\"Burnout em professores \u00e9 um estado de exaust\u00e3o f\u00edsica e emocional causado pelo estresse constante no trabalho.\",\"inLanguage\":\"pt-BR\"},\"inLanguage\":\"pt-BR\"},{\"@type\":\"Question\",\"@id\":\"https:\/\/ianima.com.br\/blog\/saude-mental\/burnout-em-professores-o-que-voce-precisa-saber\/#faq-question-1754459749113\",\"position\":2,\"url\":\"https:\/\/ianima.com.br\/blog\/saude-mental\/burnout-em-professores-o-que-voce-precisa-saber\/#faq-question-1754459749113\",\"name\":\"Quais s\u00e3o os sinais de burnout em professores?\",\"answerCount\":1,\"acceptedAnswer\":{\"@type\":\"Answer\",\"text\":\"Os sinais incluem fadiga, falta de motiva\u00e7\u00e3o, irritabilidade e dificuldade de concentra\u00e7\u00e3o.\",\"inLanguage\":\"pt-BR\"},\"inLanguage\":\"pt-BR\"},{\"@type\":\"Question\",\"@id\":\"https:\/\/ianima.com.br\/blog\/saude-mental\/burnout-em-professores-o-que-voce-precisa-saber\/#faq-question-1754459769801\",\"position\":3,\"url\":\"https:\/\/ianima.com.br\/blog\/saude-mental\/burnout-em-professores-o-que-voce-precisa-saber\/#faq-question-1754459769801\",\"name\":\"Como os professores podem prevenir o burnout?\",\"answerCount\":1,\"acceptedAnswer\":{\"@type\":\"Answer\",\"text\":\"Para prevenir o burnout, \u00e9 importante que os professores estabele\u00e7am limites, pratiquem autocuidado e busquem apoio emocional.\",\"inLanguage\":\"pt-BR\"},\"inLanguage\":\"pt-BR\"}]}<\/script>\n<!-- \/ Yoast SEO Premium plugin. -->","yoast_head_json":{"title":"Burnout em Professores: O Que Voc\u00ea Precisa Saber","description":"Descubra os sinais alarmantes do burnout em professores e como isso pode impactar a educa\u00e7\u00e3o! N\u00e3o ignore esses alertas!","robots":{"index":"index","follow":"follow","max-snippet":"max-snippet:-1","max-image-preview":"max-image-preview:large","max-video-preview":"max-video-preview:-1"},"canonical":"https:\/\/ianima.com.br\/blog\/saude-mental\/burnout-em-professores-o-que-voce-precisa-saber\/","og_locale":"pt_BR","og_type":"article","og_title":"Burnout em Professores: O Que Voc\u00ea Precisa Saber","og_description":"Descubra os sinais alarmantes do burnout em professores e como isso pode impactar a educa\u00e7\u00e3o! N\u00e3o ignore esses alertas!","og_url":"https:\/\/ianima.com.br\/blog\/saude-mental\/burnout-em-professores-o-que-voce-precisa-saber\/","og_site_name":"Terapia Online com IANIMA: Inova\u00e7\u00e3o e Aconselhamento. O terapeuta online ao seu alcance.","article_published_time":"2025-08-06T05:59:02+00:00","og_image":[{"width":1536,"height":1024,"url":"https:\/\/ianima.com.br\/blog\/wp-content\/uploads\/2025\/08\/1MM-111.webp","type":"image\/webp"}],"author":"Wanderlei Talib","twitter_card":"summary_large_image","twitter_misc":{"Escrito por":"Wanderlei Talib","Est. tempo de leitura":"8 minutos"},"schema":{"@context":"https:\/\/schema.org","@graph":[{"@type":"Article","@id":"https:\/\/ianima.com.br\/blog\/saude-mental\/burnout-em-professores-o-que-voce-precisa-saber\/#article","isPartOf":{"@id":"https:\/\/ianima.com.br\/blog\/saude-mental\/burnout-em-professores-o-que-voce-precisa-saber\/"},"author":{"name":"Wanderlei Talib","@id":"https:\/\/ianima.com.br\/blog\/#\/schema\/person\/85378d6a819826ce615ae2a7a04f68d8"},"headline":"Burnout em Professores: O Que Voc\u00ea Precisa Saber","datePublished":"2025-08-06T05:59:02+00:00","dateModified":"2025-08-06T05:59:02+00:00","mainEntityOfPage":{"@id":"https:\/\/ianima.com.br\/blog\/saude-mental\/burnout-em-professores-o-que-voce-precisa-saber\/"},"wordCount":1417,"publisher":{"@id":"https:\/\/ianima.com.br\/blog\/#organization"},"articleSection":["Sa\u00fade Mental"],"inLanguage":"pt-BR"},{"@type":["WebPage","FAQPage"],"@id":"https:\/\/ianima.com.br\/blog\/saude-mental\/burnout-em-professores-o-que-voce-precisa-saber\/","url":"https:\/\/ianima.com.br\/blog\/saude-mental\/burnout-em-professores-o-que-voce-precisa-saber\/","name":"Burnout em Professores: O Que Voc\u00ea Precisa Saber","isPartOf":{"@id":"https:\/\/ianima.com.br\/blog\/#website"},"datePublished":"2025-08-06T05:59:02+00:00","dateModified":"2025-08-06T05:59:02+00:00","description":"Descubra os sinais alarmantes do burnout em professores e como isso pode impactar a educa\u00e7\u00e3o! N\u00e3o ignore esses alertas!","breadcrumb":{"@id":"https:\/\/ianima.com.br\/blog\/saude-mental\/burnout-em-professores-o-que-voce-precisa-saber\/#breadcrumb"},"mainEntity":[{"@id":"https:\/\/ianima.com.br\/blog\/saude-mental\/burnout-em-professores-o-que-voce-precisa-saber\/#faq-question-1754459728360"},{"@id":"https:\/\/ianima.com.br\/blog\/saude-mental\/burnout-em-professores-o-que-voce-precisa-saber\/#faq-question-1754459749113"},{"@id":"https:\/\/ianima.com.br\/blog\/saude-mental\/burnout-em-professores-o-que-voce-precisa-saber\/#faq-question-1754459769801"}],"inLanguage":"pt-BR","potentialAction":[{"@type":"ReadAction","target":["https:\/\/ianima.com.br\/blog\/saude-mental\/burnout-em-professores-o-que-voce-precisa-saber\/"]}]},{"@type":"BreadcrumbList","@id":"https:\/\/ianima.com.br\/blog\/saude-mental\/burnout-em-professores-o-que-voce-precisa-saber\/#breadcrumb","itemListElement":[{"@type":"ListItem","position":1,"name":"In\u00edcio","item":"https:\/\/ianima.com.br\/blog\/"},{"@type":"ListItem","position":2,"name":"Burnout em Professores: O Que Voc\u00ea Precisa Saber"}]},{"@type":"WebSite","@id":"https:\/\/ianima.com.br\/blog\/#website","url":"https:\/\/ianima.com.br\/blog\/","name":"Terapia Online com IANIMA: Inova\u00e7\u00e3o e Aconselhamento. O terapeuta online ao seu alcance.","description":"Terapia gratuita online com a IAnima, sua terapeuta online. Artigos sobre terapias online, sa\u00fade mental e bem-estar.","publisher":{"@id":"https:\/\/ianima.com.br\/blog\/#organization"},"potentialAction":[{"@type":"SearchAction","target":{"@type":"EntryPoint","urlTemplate":"https:\/\/ianima.com.br\/blog\/?s={search_term_string}"},"query-input":"required name=search_term_string"}],"inLanguage":"pt-BR"},{"@type":"Organization","@id":"https:\/\/ianima.com.br\/blog\/#organization","name":"Terapia Online com IANIMA: Inova\u00e7\u00e3o e Aconselhamento. O terapeuta online ao seu alcance.","url":"https:\/\/ianima.com.br\/blog\/","logo":{"@type":"ImageObject","inLanguage":"pt-BR","@id":"https:\/\/ianima.com.br\/blog\/#\/schema\/logo\/image\/","url":"https:\/\/ianima.com.br\/blog\/wp-content\/uploads\/2025\/04\/cropped-IAnima-terapia-online.webp","contentUrl":"https:\/\/ianima.com.br\/blog\/wp-content\/uploads\/2025\/04\/cropped-IAnima-terapia-online.webp","width":819,"height":222,"caption":"Terapia Online com IANIMA: Inova\u00e7\u00e3o e Aconselhamento. O terapeuta online ao seu alcance."},"image":{"@id":"https:\/\/ianima.com.br\/blog\/#\/schema\/logo\/image\/"}},{"@type":"Person","@id":"https:\/\/ianima.com.br\/blog\/#\/schema\/person\/85378d6a819826ce615ae2a7a04f68d8","name":"Wanderlei Talib","image":{"@type":"ImageObject","inLanguage":"pt-BR","@id":"https:\/\/ianima.com.br\/blog\/#\/schema\/person\/image\/","url":"https:\/\/ianima.com.br\/blog\/wp-content\/litespeed\/avatar\/a0461c2b338365ab5dd45a3e926e23c7.jpg?ver=1777055969","contentUrl":"https:\/\/ianima.com.br\/blog\/wp-content\/litespeed\/avatar\/a0461c2b338365ab5dd45a3e926e23c7.jpg?ver=1777055969","caption":"Wanderlei Talib"},"sameAs":["https:\/\/ianima.com.br\/blog"],"url":"https:\/\/ianima.com.br\/blog\/author\/adminedu\/"},{"@type":"Question","@id":"https:\/\/ianima.com.br\/blog\/saude-mental\/burnout-em-professores-o-que-voce-precisa-saber\/#faq-question-1754459728360","position":1,"url":"https:\/\/ianima.com.br\/blog\/saude-mental\/burnout-em-professores-o-que-voce-precisa-saber\/#faq-question-1754459728360","name":"O que \u00e9 burnout em professores?","answerCount":1,"acceptedAnswer":{"@type":"Answer","text":"Burnout em professores \u00e9 um estado de exaust\u00e3o f\u00edsica e emocional causado pelo estresse constante no trabalho.","inLanguage":"pt-BR"},"inLanguage":"pt-BR"},{"@type":"Question","@id":"https:\/\/ianima.com.br\/blog\/saude-mental\/burnout-em-professores-o-que-voce-precisa-saber\/#faq-question-1754459749113","position":2,"url":"https:\/\/ianima.com.br\/blog\/saude-mental\/burnout-em-professores-o-que-voce-precisa-saber\/#faq-question-1754459749113","name":"Quais s\u00e3o os sinais de burnout em professores?","answerCount":1,"acceptedAnswer":{"@type":"Answer","text":"Os sinais incluem fadiga, falta de motiva\u00e7\u00e3o, irritabilidade e dificuldade de concentra\u00e7\u00e3o.","inLanguage":"pt-BR"},"inLanguage":"pt-BR"},{"@type":"Question","@id":"https:\/\/ianima.com.br\/blog\/saude-mental\/burnout-em-professores-o-que-voce-precisa-saber\/#faq-question-1754459769801","position":3,"url":"https:\/\/ianima.com.br\/blog\/saude-mental\/burnout-em-professores-o-que-voce-precisa-saber\/#faq-question-1754459769801","name":"Como os professores podem prevenir o burnout?","answerCount":1,"acceptedAnswer":{"@type":"Answer","text":"Para prevenir o burnout, \u00e9 importante que os professores estabele\u00e7am limites, pratiquem autocuidado e busquem apoio emocional.","inLanguage":"pt-BR"},"inLanguage":"pt-BR"}]}},"_links":{"self":[{"href":"https:\/\/ianima.com.br\/blog\/wp-json\/wp\/v2\/posts\/8950","targetHints":{"allow":["GET"]}}],"collection":[{"href":"https:\/\/ianima.com.br\/blog\/wp-json\/wp\/v2\/posts"}],"about":[{"href":"https:\/\/ianima.com.br\/blog\/wp-json\/wp\/v2\/types\/post"}],"author":[{"embeddable":true,"href":"https:\/\/ianima.com.br\/blog\/wp-json\/wp\/v2\/users\/1"}],"replies":[{"embeddable":true,"href":"https:\/\/ianima.com.br\/blog\/wp-json\/wp\/v2\/comments?post=8950"}],"version-history":[{"count":1,"href":"https:\/\/ianima.com.br\/blog\/wp-json\/wp\/v2\/posts\/8950\/revisions"}],"predecessor-version":[{"id":8954,"href":"https:\/\/ianima.com.br\/blog\/wp-json\/wp\/v2\/posts\/8950\/revisions\/8954"}],"wp:featuredmedia":[{"embeddable":true,"href":"https:\/\/ianima.com.br\/blog\/wp-json\/wp\/v2\/media\/8952"}],"wp:attachment":[{"href":"https:\/\/ianima.com.br\/blog\/wp-json\/wp\/v2\/media?parent=8950"}],"wp:term":[{"taxonomy":"category","embeddable":true,"href":"https:\/\/ianima.com.br\/blog\/wp-json\/wp\/v2\/categories?post=8950"},{"taxonomy":"post_tag","embeddable":true,"href":"https:\/\/ianima.com.br\/blog\/wp-json\/wp\/v2\/tags?post=8950"}],"curies":[{"name":"wp","href":"https:\/\/api.w.org\/{rel}","templated":true}]}}