{"id":8990,"date":"2025-08-06T08:43:45","date_gmt":"2025-08-06T08:43:45","guid":{"rendered":"https:\/\/ianima.com.br\/blog\/?p=8990"},"modified":"2025-08-06T08:43:46","modified_gmt":"2025-08-06T08:43:46","slug":"mensagem-sobre-depressao-o-que-voce-precisa-saber","status":"publish","type":"post","link":"https:\/\/ianima.com.br\/blog\/saude-mental\/mensagem-sobre-depressao-o-que-voce-precisa-saber\/","title":{"rendered":"Mensagem Sobre Depress\u00e3o: O Que Voc\u00ea Precisa Saber"},"content":{"rendered":"\n<h2 class=\"wp-block-heading\" id=\"h-os-sinais-e-sintomas-da-mensagem-sobre-depressao\">Os Sinais e Sintomas da <strong>Mensagem Sobre Depress\u00e3o<\/strong><\/h2>\n\n\n\n<p>A <strong>mensagem sobre depress\u00e3o<\/strong> pode se manifestar de formas silenciosas e sutis no cotidiano. Al\u00e9m da tristeza profunda e da perda de interesse pelas atividades antes prazerosas, \u00e9 comum observar:<\/p>\n\n\n\n<ul class=\"wp-block-list\">\n<li>Altera\u00e7\u00f5es no sono (ins\u00f4nia ou sono excessivo)<\/li>\n\n\n\n<li>Mudan\u00e7as no apetite e no peso<\/li>\n\n\n\n<li>Fadiga constante e sensa\u00e7\u00e3o de vazio<\/li>\n\n\n\n<li>Dificuldade de concentra\u00e7\u00e3o e mem\u00f3ria<\/li>\n\n\n\n<li>Sentimentos persistentes de culpa ou inutilidade<\/li>\n<\/ul>\n\n\n\n<p>Al\u00e9m disso, surgem pensamentos negativos repetitivos, como frases internas do tipo \u201cnada vai melhorar\u201d ou \u201csou um peso para os outros\u201d. Essas mensagens internas podem afetar profundamente a autoestima e a percep\u00e7\u00e3o de futuro.<\/p>\n\n\n\n<h2 class=\"wp-block-heading\" id=\"h-a-psicologia-por-tras-da-vida-real-a-mensagem-sobre-depressao-no-dia-a-dia\">A Psicologia por Tr\u00e1s da Vida Real: A <strong>Mensagem Sobre Depress\u00e3o<\/strong> no Dia a Dia *<\/h2>\n\n\n\n<p>Imagine uma pessoa que recebe um elogio no trabalho, mas pensa: \u201cEle s\u00f3 falou isso por educa\u00e7\u00e3o\u201d. Esse tipo de pensamento autom\u00e1tico revela uma <strong>mensagem sobre depress\u00e3o<\/strong> atuando em segundo plano \u2014 distorcendo a realidade, obscurecendo conquistas e alimentando a autocr\u00edtica.<\/p>\n\n\n\n<p>Do mesmo modo, algu\u00e9m pode evitar encontrar amigos por acreditar que \u201cningu\u00e9m sentiria falta\u201d. Essas interpreta\u00e7\u00f5es n\u00e3o surgem do nada: s\u00e3o aprendidas, refor\u00e7adas e muitas vezes internalizadas ao longo do tempo. Elas guiam comportamentos, sabotam rela\u00e7\u00f5es e dificultam a busca por ajuda.<\/p>\n\n\n\n<p>Essas mensagens, embora internas, impactam decis\u00f5es, humor e qualidade de vida. Reconhec\u00ea-las \u00e9 o primeiro passo para interromper o ciclo.<\/p>\n\n\n\n<h2 class=\"wp-block-heading\" id=\"h-compreendendo-os-momentos-criticos-da-mensagem-sobre-depressao\">Compreendendo os Momentos Cr\u00edticos da <strong>Mensagem Sobre Depress\u00e3o<\/strong><\/h2>\n\n\n\n<p>Os momentos cr\u00edticos da <strong>mensagem sobre depress\u00e3o<\/strong> geralmente coincidem com fases de maior vulnerabilidade emocional. Por exemplo:<\/p>\n\n\n\n<ul class=\"wp-block-list\">\n<li>Ap\u00f3s perdas significativas (luto, separa\u00e7\u00e3o, desemprego)<\/li>\n\n\n\n<li>Em transi\u00e7\u00f5es de vida importantes (mudan\u00e7a de cidade, aposentadoria, adolesc\u00eancia)<\/li>\n\n\n\n<li>Quando h\u00e1 sobrecarga prolongada sem apoio emocional<\/li>\n<\/ul>\n\n\n\n<p>Nesses momentos, as mensagens internas negativas se intensificam. Frases como \u201cn\u00e3o vou conseguir\u201d, \u201cestou falhando\u201d ou \u201cn\u00e3o sou suficiente\u201d podem se tornar constantes, exigindo aten\u00e7\u00e3o redobrada.<\/p>\n\n\n\n<h2 class=\"wp-block-heading\" id=\"h-o-que-desencadeia-a-mensagem-sobre-depressao\">O Que Desencadeia a <strong>Mensagem Sobre Depress\u00e3o<\/strong>?<\/h2>\n\n\n\n<p>Diversos fatores podem contribuir para o surgimento ou agravamento dessas mensagens internas:<\/p>\n\n\n\n<ul class=\"wp-block-list\">\n<li><strong>Experi\u00eancias de rejei\u00e7\u00e3o ou abandono na inf\u00e2ncia<\/strong><\/li>\n\n\n\n<li><strong>Cr\u00edticas frequentes e compara\u00e7\u00e3o social excessiva<\/strong><\/li>\n\n\n\n<li><strong>Ambientes com pouco acolhimento emocional<\/strong><\/li>\n\n\n\n<li><strong>Modelos familiares que refor\u00e7am padr\u00f5es de autocr\u00edtica<\/strong><\/li>\n\n\n\n<li><strong>Eventos traum\u00e1ticos n\u00e3o elaborados<\/strong><\/li>\n<\/ul>\n\n\n\n<p>Al\u00e9m disso, o ritmo acelerado da vida moderna, a press\u00e3o por desempenho e a aus\u00eancia de espa\u00e7os de escuta emocional favorecem o surgimento dessas narrativas internas destrutivas.<\/p>\n\n\n\n<h2 class=\"wp-block-heading\" id=\"h-mitos-e-verdades-sobre-solucoes-para-a-mensagem-sobre-depressao\">Mitos e Verdades sobre Solu\u00e7\u00f5es para a <strong>Mensagem Sobre Depress\u00e3o<\/strong><\/h2>\n\n\n\n<p>\u00c9 comum ouvir que \u201cpensamento positivo resolve tudo\u201d, mas essa \u00e9 uma meia-verdade. Embora atitudes mais otimistas possam ajudar, elas n\u00e3o substituem o trabalho emocional necess\u00e1rio para desconstruir padr\u00f5es internos enraizados.<\/p>\n\n\n\n<p>Outro mito \u00e9 que \u201cfalar sobre isso piora a situa\u00e7\u00e3o\u201d. Na verdade, expressar essas mensagens em um espa\u00e7o seguro pode trazer al\u00edvio e clareza. Tamb\u00e9m n\u00e3o \u00e9 verdade que \u201cs\u00f3 quem tem depress\u00e3o cl\u00ednica sente isso\u201d \u2014 muitas pessoas vivem sob essas mensagens mesmo sem um diagn\u00f3stico formal.<\/p>\n\n\n\n<p>A verdade \u00e9 que buscar autoconhecimento e apoio pode transformar significativamente a maneira como nos relacionamos com esses pensamentos.<\/p>\n\n\n\n<h2 class=\"wp-block-heading\" id=\"h-como-lidar-com-a-mensagem-sobre-depressao-no-dia-a-dia\">Como Lidar com a <strong>Mensagem Sobre Depress\u00e3o<\/strong> no Dia a Dia<\/h2>\n\n\n\n<p>Enfrentar a <strong>mensagem sobre depress\u00e3o<\/strong> envolve desenvolver consci\u00eancia sobre seu conte\u00fado e origem. Algumas estrat\u00e9gias incluem:<\/p>\n\n\n\n<ul class=\"wp-block-list\">\n<li><strong>Escrita terap\u00eautica<\/strong>: anotar pensamentos autom\u00e1ticos e buscar reavali\u00e1-los com l\u00f3gica e empatia<\/li>\n\n\n\n<li><strong>Pr\u00e1ticas de autocompaix\u00e3o<\/strong>: tratar-se com o mesmo cuidado que teria com um amigo em sofrimento<\/li>\n\n\n\n<li><strong>Estabelecimento de pequenas metas di\u00e1rias<\/strong>: restaurar o senso de realiza\u00e7\u00e3o e controle<\/li>\n\n\n\n<li><strong>Buscar momentos de prazer, mesmo que breves<\/strong>: resgatar sensa\u00e7\u00f5es positivas que desafiem a narrativa negativa<\/li>\n<\/ul>\n\n\n\n<p>A mudan\u00e7a \u00e9 gradual, mas come\u00e7a com a disposi\u00e7\u00e3o de escutar essas mensagens sem permitir que elas definam quem voc\u00ea \u00e9.<\/p>\n\n\n\n<h2 class=\"wp-block-heading\" id=\"h-a-mensagem-sobre-depressao-no-corpo-e-na-mente-manifestacoes\">A <strong>Mensagem Sobre Depress\u00e3o<\/strong> no Corpo e na Mente: Manifesta\u00e7\u00f5es<\/h2>\n\n\n\n<p>Essas mensagens n\u00e3o afetam apenas o emocional \u2014 elas se refletem fisicamente. A mente influencia o corpo de maneiras como:<\/p>\n\n\n\n<ul class=\"wp-block-list\">\n<li>Tens\u00e3o muscular cr\u00f4nica<\/li>\n\n\n\n<li>Palpita\u00e7\u00f5es ou sensa\u00e7\u00e3o de aperto no peito<\/li>\n\n\n\n<li>Baixa energia e disposi\u00e7\u00e3o<\/li>\n\n\n\n<li>Altera\u00e7\u00f5es hormonais relacionadas ao estresse<\/li>\n<\/ul>\n\n\n\n<p>J\u00e1 no campo mental, refor\u00e7am sentimentos de desesperan\u00e7a, rumina\u00e7\u00e3o excessiva e isolamento. Com o tempo, esses efeitos somados podem comprometer at\u00e9 mesmo o sistema imunol\u00f3gico.<\/p>\n\n\n\n<h2 class=\"wp-block-heading\" id=\"h-pensamentos-depressivos-uma-perspectiva-ampliada\"><strong>Pensamentos Depressivos<\/strong>: Uma Perspectiva Ampliada<\/h2>\n\n\n\n<p>Uma varia\u00e7\u00e3o relevante da <strong>mensagem sobre depress\u00e3o<\/strong> s\u00e3o os <strong>pensamentos depressivos recorrentes<\/strong>. Eles n\u00e3o s\u00e3o apenas \u201ctristezas passageiras\u201d, mas constru\u00e7\u00f5es mentais que se repetem com padr\u00e3o, intensidade e rigidez.<\/p>\n\n\n\n<p>Esses pensamentos seguem estruturas comuns como \u201cnunca\u201d, \u201csempre\u201d ou \u201cningu\u00e9m\u201d, como: \u201cEu <em>nunca<\/em> acerto\u201d, \u201cIsso <em>sempre<\/em> d\u00e1 errado\u201d, \u201c<em>Ningu\u00e9m<\/em> se importa\u201d. S\u00e3o pistas claras de um di\u00e1logo interno adoecido que merece aten\u00e7\u00e3o.<\/p>\n\n\n\n<h2 class=\"wp-block-heading\" id=\"h-quem-busca-alivio-para-a-mensagem-sobre-depressao\">Quem Busca Al\u00edvio para a <strong>Mensagem Sobre Depress\u00e3o<\/strong>?<\/h2>\n\n\n\n<p>Pessoas de diferentes faixas et\u00e1rias e contextos podem se ver impactadas por essas mensagens:<\/p>\n\n\n\n<ul class=\"wp-block-list\">\n<li>Jovens que se sentem pressionados a ter sucesso r\u00e1pido<\/li>\n\n\n\n<li>Adultos que se cobram demais diante de responsabilidades familiares e profissionais<\/li>\n\n\n\n<li>Idosos que enfrentam perdas, solid\u00e3o e sensa\u00e7\u00e3o de inutilidade<\/li>\n<\/ul>\n\n\n\n<p>A busca por al\u00edvio come\u00e7a muitas vezes em sil\u00eancio \u2014 em uma pesquisa na internet, em um desabafo com algu\u00e9m de confian\u00e7a ou na escuta de um podcast sobre sa\u00fade mental. Por isso, ampliar o di\u00e1logo sobre essas mensagens internas \u00e9 um passo essencial para acolher quem sofre.<\/p>\n\n\n\n<h3 class=\"wp-block-heading\" id=\"h-diferentes-abordagens-para-lidar-com-a-mensagem-sobre-depressao\">Diferentes Abordagens para Lidar com a <strong>Mensagem Sobre Depress\u00e3o<\/strong><\/h3>\n\n\n\n<ul class=\"wp-block-list\">\n<li>Psicoterapia (individual, de grupo ou online)<\/li>\n\n\n\n<li>T\u00e9cnicas de mindfulness e medita\u00e7\u00e3o guiada<\/li>\n\n\n\n<li>Exerc\u00edcios f\u00edsicos regulares<\/li>\n\n\n\n<li>Reconstru\u00e7\u00e3o da autoestima e ressignifica\u00e7\u00e3o de cren\u00e7as<\/li>\n\n\n\n<li>Pr\u00e1ticas de gratid\u00e3o e di\u00e1rios de emo\u00e7\u00f5es<\/li>\n<\/ul>\n\n\n\n<h3 class=\"wp-block-heading\" id=\"h-sinais-de-alerta-quando-buscar-ajuda-profissional\">Sinais de Alerta: Quando Buscar Ajuda Profissional<\/h3>\n\n\n\n<p>Alguns sinais indicam a necessidade urgente de buscar apoio:<\/p>\n\n\n\n<ul class=\"wp-block-list\">\n<li>Pensamentos autodestrutivos frequentes<\/li>\n\n\n\n<li>Isolamento social progressivo<\/li>\n\n\n\n<li>Incapacidade de realizar tarefas b\u00e1sicas<\/li>\n\n\n\n<li>Perda de interesse por tudo, inclusive cuidados pessoais<\/li>\n\n\n\n<li>Choro constante sem motivo aparente<\/li>\n<\/ul>\n\n\n\n<p>Nesses casos, procurar um profissional de sa\u00fade mental \u00e9 fundamental.<\/p>\n\n\n\n<h3 class=\"wp-block-heading\" id=\"h-recursos-e-informacoes-confiaveis-sobre-a-mensagem-sobre-depressao\">Recursos e Informa\u00e7\u00f5es Confi\u00e1veis sobre a <strong>Mensagem Sobre Depress\u00e3o<\/strong><\/h3>\n\n\n\n<ul class=\"wp-block-list\">\n<li>Sites de institui\u00e7\u00f5es como CVV (<a>www.cvv.org.br<\/a>), Instituto Vita Alere e Sociedade Brasileira de Psicologia<\/li>\n\n\n\n<li>Podcasts e canais de psicologia com profissionais reconhecidos<\/li>\n\n\n\n<li>Livros sobre sa\u00fade emocional e autocompaix\u00e3o (como \u201cA Coragem de Ser Imperfeito\u201d, de Bren\u00e9 Brown)<\/li>\n\n\n\n<li>Plataformas que conectam psic\u00f3logos online com base em perfis e necessidades espec\u00edficas<\/li>\n<\/ul>\n\n\n\n<h3 class=\"wp-block-heading\" id=\"h-dicas-para-acao-imediata-em-momentos-de-mensagem-sobre-depressao\">Dicas para A\u00e7\u00e3o Imediata em Momentos de <strong>Mensagem Sobre Depress\u00e3o<\/strong><\/h3>\n\n\n\n<ul class=\"wp-block-list\">\n<li>Respire fundo por alguns minutos, com aten\u00e7\u00e3o plena<\/li>\n\n\n\n<li>Escreva tr\u00eas frases positivas para se lembrar de quem voc\u00ea \u00e9<\/li>\n\n\n\n<li>Converse com algu\u00e9m de confian\u00e7a, mesmo que por mensagem<\/li>\n\n\n\n<li>Caminhe por 10 minutos ao ar livre, se poss\u00edvel<\/li>\n\n\n\n<li>Escute uma m\u00fasica que traga leveza<\/li>\n<\/ul>\n\n\n\n<h2 class=\"wp-block-heading\" id=\"h-conclusao\">Conclus\u00e3o<\/h2>\n\n\n\n<p>Em suma, a <strong>mensagem sobre depress\u00e3o<\/strong> pode passar despercebida, mas impacta profundamente pensamentos, emo\u00e7\u00f5es e comportamentos. Reconhec\u00ea-la \u00e9 um ato de coragem \u2014 o primeiro passo rumo \u00e0 transforma\u00e7\u00e3o interna. Mesmo nos momentos mais dif\u00edceis, h\u00e1 caminhos poss\u00edveis para mudar esse di\u00e1logo interno e reencontrar significado.<\/p>\n\n\n\n<p>Se voc\u00ea se identifica com esses sinais, buscar informa\u00e7\u00e3o e apoio pode ser o primeiro passo para uma vida mais leve e equilibrada!<\/p>\n\n\n\n<p>* Essas narrativas s\u00e3o fict\u00edcias mas inspiradas em situa\u00e7\u00f5es comumente vivenciadas nos estudos e na cl\u00ednica psicol\u00f3gica.<\/p>\n\n\n\n<figure class=\"wp-block-image aligncenter size-large is-resized\"><img fetchpriority=\"high\" decoding=\"async\" width=\"1024\" height=\"683\" src=\"https:\/\/ianima.com.br\/blog\/wp-content\/uploads\/2025\/08\/2MM-119-1024x683.webp\" alt=\"Mensagem Sobre Depress\u00e3o: O Que Voc\u00ea Precisa Saber\" class=\"wp-image-8993\" style=\"width:500px\" srcset=\"https:\/\/ianima.com.br\/blog\/wp-content\/uploads\/2025\/08\/2MM-119-1024x683.webp 1024w, https:\/\/ianima.com.br\/blog\/wp-content\/uploads\/2025\/08\/2MM-119-300x200.webp 300w, https:\/\/ianima.com.br\/blog\/wp-content\/uploads\/2025\/08\/2MM-119-768x512.webp 768w, https:\/\/ianima.com.br\/blog\/wp-content\/uploads\/2025\/08\/2MM-119.webp 1536w\" sizes=\"(max-width: 1024px) 100vw, 1024px\" \/><\/figure>\n\n\n\n<h2 class=\"wp-block-heading\" id=\"h-perguntas-frequentes-faq\">Perguntas Frequentes (FAQ)<\/h2>\n\n\n\n<div class=\"schema-faq wp-block-yoast-faq-block\"><div class=\"schema-faq-section\" id=\"faq-question-1754469644272\"><strong class=\"schema-faq-question\">O que \u00e9 depress\u00e3o?<\/strong> <p class=\"schema-faq-answer\">Depress\u00e3o \u00e9 uma condi\u00e7\u00e3o de sa\u00fade mental que afeta o humor, causando tristeza profunda, falta de energia e perda de interesse em atividades.<\/p> <\/div> <div class=\"schema-faq-section\" id=\"faq-question-1754469666303\"><strong class=\"schema-faq-question\">Quais s\u00e3o os sintomas da depress\u00e3o?<\/strong> <p class=\"schema-faq-answer\">Os sintomas incluem tristeza persistente, mudan\u00e7as no apetite, dificuldades de concentra\u00e7\u00e3o, ins\u00f4nia ou sono excessivo e sentimentos de inutilidade.<\/p> <\/div> <div class=\"schema-faq-section\" id=\"faq-question-1754469688847\"><strong class=\"schema-faq-question\">Como posso buscar ajuda para a depress\u00e3o?<\/strong> <p class=\"schema-faq-answer\">Voc\u00ea pode procurar um terapeuta, conversar com amigos ou familiares, e considerar grupos de apoio<\/p> <\/div> <\/div>\n\n\n\n<ul class=\"wp-block-yoast-seo-related-links\"><li><a href=\"https:\/\/ianima.com.br\/blog\/saude-mental\/mensagem-para-depressao-sinais-e-como-lidar\/\">Mensagem para depress\u00e3o: sinais e como lidar<\/a><\/li><li><a href=\"https:\/\/ianima.com.br\/blog\/saude-mental\/mensagem-de-depressao-sinais-causas-e-caminhos\/\">Mensagem de Depress\u00e3o: Sinais, Causas e Caminhos<\/a><\/li><li><a href=\"https:\/\/ianima.com.br\/blog\/autoconhecimento\/mensagens-autoestima-o-que-e-como-funciona-e-como-cultivar\/\">Mensagens Autoestima: O Que \u00c9, Como Funciona e Como Cultivar<\/a><\/li><li><a href=\"https:\/\/ianima.com.br\/blog\/saude-mental\/como-ajudar-uma-pessoa-com-crise-de-ansiedade-por-mensagem\/\">Como Ajudar uma Pessoa com Crise de Ansiedade por Mensagem<\/a><\/li><li><a href=\"https:\/\/ianima.com.br\/blog\/saude-mental\/textos-para-ajudar-pessoas-com-ansiedade-por-mensagem\/\">Textos para ajudar pessoas com ansiedade por mensagem<\/a><\/li><\/ul>\n","protected":false},"excerpt":{"rendered":"<p>Os Sinais e Sintomas da Mensagem Sobre Depress\u00e3o A mensagem sobre depress\u00e3o pode se manifestar de formas silenciosas e sutis no cotidiano. Al\u00e9m da tristeza profunda e da perda de interesse pelas atividades antes prazerosas, \u00e9 comum observar: Al\u00e9m disso, surgem pensamentos negativos repetitivos, como frases internas do tipo \u201cnada vai melhorar\u201d ou \u201csou um [&hellip;]<\/p>\n","protected":false},"author":1,"featured_media":8992,"comment_status":"closed","ping_status":"closed","sticky":false,"template":"","format":"standard","meta":{"site-sidebar-layout":"default","site-content-layout":"","ast-site-content-layout":"default","site-content-style":"default","site-sidebar-style":"default","ast-global-header-display":"","ast-banner-title-visibility":"","ast-main-header-display":"","ast-hfb-above-header-display":"","ast-hfb-below-header-display":"","ast-hfb-mobile-header-display":"","site-post-title":"","ast-breadcrumbs-content":"","ast-featured-img":"","footer-sml-layout":"","theme-transparent-header-meta":"","adv-header-id-meta":"","stick-header-meta":"","header-above-stick-meta":"","header-main-stick-meta":"","header-below-stick-meta":"","astra-migrate-meta-layouts":"set","ast-page-background-enabled":"default","ast-page-background-meta":{"desktop":{"background-color":"","background-image":"","background-repeat":"repeat","background-position":"center center","background-size":"auto","background-attachment":"scroll","background-type":"","background-media":"","overlay-type":"","overlay-color":"","overlay-opacity":"","overlay-gradient":""},"tablet":{"background-color":"","background-image":"","background-repeat":"repeat","background-position":"center center","background-size":"auto","background-attachment":"scroll","background-type":"","background-media":"","overlay-type":"","overlay-color":"","overlay-opacity":"","overlay-gradient":""},"mobile":{"background-color":"","background-image":"","background-repeat":"repeat","background-position":"center center","background-size":"auto","background-attachment":"scroll","background-type":"","background-media":"","overlay-type":"","overlay-color":"","overlay-opacity":"","overlay-gradient":""}},"ast-content-background-meta":{"desktop":{"background-color":"var(--ast-global-color-5)","background-image":"","background-repeat":"repeat","background-position":"center center","background-size":"auto","background-attachment":"scroll","background-type":"","background-media":"","overlay-type":"","overlay-color":"","overlay-opacity":"","overlay-gradient":""},"tablet":{"background-color":"var(--ast-global-color-5)","background-image":"","background-repeat":"repeat","background-position":"center center","background-size":"auto","background-attachment":"scroll","background-type":"","background-media":"","overlay-type":"","overlay-color":"","overlay-opacity":"","overlay-gradient":""},"mobile":{"background-color":"var(--ast-global-color-5)","background-image":"","background-repeat":"repeat","background-position":"center center","background-size":"auto","background-attachment":"scroll","background-type":"","background-media":"","overlay-type":"","overlay-color":"","overlay-opacity":"","overlay-gradient":""}},"footnotes":""},"categories":[24],"tags":[],"class_list":["post-8990","post","type-post","status-publish","format-standard","has-post-thumbnail","hentry","category-saude-mental"],"yoast_head":"<!-- This site is optimized with the Yoast SEO Premium plugin v20.8 (Yoast SEO v20.8) - https:\/\/yoast.com\/wordpress\/plugins\/seo\/ -->\n<title>Mensagem Sobre Depress\u00e3o: O Que Voc\u00ea Precisa Saber<\/title>\n<meta name=\"description\" content=\"Descubra a verdade chocante sobre a depress\u00e3o! Esta mensagem pode mudar a sua vida e a de quem voc\u00ea ama. N\u00e3o perca!\" \/>\n<meta name=\"robots\" content=\"index, follow, max-snippet:-1, max-image-preview:large, max-video-preview:-1\" \/>\n<link rel=\"canonical\" href=\"https:\/\/ianima.com.br\/blog\/saude-mental\/mensagem-sobre-depressao-o-que-voce-precisa-saber\/\" \/>\n<meta property=\"og:locale\" content=\"pt_BR\" \/>\n<meta property=\"og:type\" content=\"article\" \/>\n<meta property=\"og:title\" content=\"Mensagem Sobre Depress\u00e3o: O Que Voc\u00ea Precisa Saber\" \/>\n<meta property=\"og:description\" content=\"Descubra a verdade chocante sobre a depress\u00e3o! Esta mensagem pode mudar a sua vida e a de quem voc\u00ea ama. N\u00e3o perca!\" \/>\n<meta property=\"og:url\" content=\"https:\/\/ianima.com.br\/blog\/saude-mental\/mensagem-sobre-depressao-o-que-voce-precisa-saber\/\" \/>\n<meta property=\"og:site_name\" content=\"Terapia Online com IANIMA: Inova\u00e7\u00e3o e Aconselhamento. O terapeuta online ao seu alcance.\" \/>\n<meta property=\"article:published_time\" content=\"2025-08-06T08:43:45+00:00\" \/>\n<meta property=\"article:modified_time\" content=\"2025-08-06T08:43:46+00:00\" \/>\n<meta property=\"og:image\" content=\"https:\/\/ianima.com.br\/blog\/wp-content\/uploads\/2025\/08\/1MM-119.webp\" \/>\n\t<meta property=\"og:image:width\" content=\"1536\" \/>\n\t<meta property=\"og:image:height\" content=\"1024\" \/>\n\t<meta property=\"og:image:type\" content=\"image\/webp\" \/>\n<meta name=\"author\" content=\"Wanderlei Talib\" \/>\n<meta name=\"twitter:card\" content=\"summary_large_image\" \/>\n<meta name=\"twitter:label1\" content=\"Escrito por\" \/>\n\t<meta name=\"twitter:data1\" content=\"Wanderlei Talib\" \/>\n\t<meta name=\"twitter:label2\" content=\"Est. tempo de leitura\" \/>\n\t<meta name=\"twitter:data2\" content=\"7 minutos\" \/>\n<script type=\"application\/ld+json\" class=\"yoast-schema-graph\">{\"@context\":\"https:\/\/schema.org\",\"@graph\":[{\"@type\":\"Article\",\"@id\":\"https:\/\/ianima.com.br\/blog\/saude-mental\/mensagem-sobre-depressao-o-que-voce-precisa-saber\/#article\",\"isPartOf\":{\"@id\":\"https:\/\/ianima.com.br\/blog\/saude-mental\/mensagem-sobre-depressao-o-que-voce-precisa-saber\/\"},\"author\":{\"name\":\"Wanderlei Talib\",\"@id\":\"https:\/\/ianima.com.br\/blog\/#\/schema\/person\/85378d6a819826ce615ae2a7a04f68d8\"},\"headline\":\"Mensagem Sobre Depress\u00e3o: O Que Voc\u00ea Precisa Saber\",\"datePublished\":\"2025-08-06T08:43:45+00:00\",\"dateModified\":\"2025-08-06T08:43:46+00:00\",\"mainEntityOfPage\":{\"@id\":\"https:\/\/ianima.com.br\/blog\/saude-mental\/mensagem-sobre-depressao-o-que-voce-precisa-saber\/\"},\"wordCount\":1388,\"publisher\":{\"@id\":\"https:\/\/ianima.com.br\/blog\/#organization\"},\"articleSection\":[\"Sa\u00fade Mental\"],\"inLanguage\":\"pt-BR\"},{\"@type\":[\"WebPage\",\"FAQPage\"],\"@id\":\"https:\/\/ianima.com.br\/blog\/saude-mental\/mensagem-sobre-depressao-o-que-voce-precisa-saber\/\",\"url\":\"https:\/\/ianima.com.br\/blog\/saude-mental\/mensagem-sobre-depressao-o-que-voce-precisa-saber\/\",\"name\":\"Mensagem Sobre Depress\u00e3o: O Que Voc\u00ea Precisa Saber\",\"isPartOf\":{\"@id\":\"https:\/\/ianima.com.br\/blog\/#website\"},\"datePublished\":\"2025-08-06T08:43:45+00:00\",\"dateModified\":\"2025-08-06T08:43:46+00:00\",\"description\":\"Descubra a verdade chocante sobre a depress\u00e3o! Esta mensagem pode mudar a sua vida e a de quem voc\u00ea ama. N\u00e3o perca!\",\"breadcrumb\":{\"@id\":\"https:\/\/ianima.com.br\/blog\/saude-mental\/mensagem-sobre-depressao-o-que-voce-precisa-saber\/#breadcrumb\"},\"mainEntity\":[{\"@id\":\"https:\/\/ianima.com.br\/blog\/saude-mental\/mensagem-sobre-depressao-o-que-voce-precisa-saber\/#faq-question-1754469644272\"},{\"@id\":\"https:\/\/ianima.com.br\/blog\/saude-mental\/mensagem-sobre-depressao-o-que-voce-precisa-saber\/#faq-question-1754469666303\"},{\"@id\":\"https:\/\/ianima.com.br\/blog\/saude-mental\/mensagem-sobre-depressao-o-que-voce-precisa-saber\/#faq-question-1754469688847\"}],\"inLanguage\":\"pt-BR\",\"potentialAction\":[{\"@type\":\"ReadAction\",\"target\":[\"https:\/\/ianima.com.br\/blog\/saude-mental\/mensagem-sobre-depressao-o-que-voce-precisa-saber\/\"]}]},{\"@type\":\"BreadcrumbList\",\"@id\":\"https:\/\/ianima.com.br\/blog\/saude-mental\/mensagem-sobre-depressao-o-que-voce-precisa-saber\/#breadcrumb\",\"itemListElement\":[{\"@type\":\"ListItem\",\"position\":1,\"name\":\"In\u00edcio\",\"item\":\"https:\/\/ianima.com.br\/blog\/\"},{\"@type\":\"ListItem\",\"position\":2,\"name\":\"Mensagem Sobre Depress\u00e3o: O Que Voc\u00ea Precisa Saber\"}]},{\"@type\":\"WebSite\",\"@id\":\"https:\/\/ianima.com.br\/blog\/#website\",\"url\":\"https:\/\/ianima.com.br\/blog\/\",\"name\":\"Terapia Online com IANIMA: Inova\u00e7\u00e3o e Aconselhamento. O terapeuta online ao seu alcance.\",\"description\":\"Terapia gratuita online com a IAnima, sua terapeuta online. Artigos sobre terapias online, sa\u00fade mental e bem-estar.\",\"publisher\":{\"@id\":\"https:\/\/ianima.com.br\/blog\/#organization\"},\"potentialAction\":[{\"@type\":\"SearchAction\",\"target\":{\"@type\":\"EntryPoint\",\"urlTemplate\":\"https:\/\/ianima.com.br\/blog\/?s={search_term_string}\"},\"query-input\":\"required name=search_term_string\"}],\"inLanguage\":\"pt-BR\"},{\"@type\":\"Organization\",\"@id\":\"https:\/\/ianima.com.br\/blog\/#organization\",\"name\":\"Terapia Online com IANIMA: Inova\u00e7\u00e3o e Aconselhamento. O terapeuta online ao seu alcance.\",\"url\":\"https:\/\/ianima.com.br\/blog\/\",\"logo\":{\"@type\":\"ImageObject\",\"inLanguage\":\"pt-BR\",\"@id\":\"https:\/\/ianima.com.br\/blog\/#\/schema\/logo\/image\/\",\"url\":\"https:\/\/ianima.com.br\/blog\/wp-content\/uploads\/2025\/04\/cropped-IAnima-terapia-online.webp\",\"contentUrl\":\"https:\/\/ianima.com.br\/blog\/wp-content\/uploads\/2025\/04\/cropped-IAnima-terapia-online.webp\",\"width\":819,\"height\":222,\"caption\":\"Terapia Online com IANIMA: Inova\u00e7\u00e3o e Aconselhamento. O terapeuta online ao seu alcance.\"},\"image\":{\"@id\":\"https:\/\/ianima.com.br\/blog\/#\/schema\/logo\/image\/\"}},{\"@type\":\"Person\",\"@id\":\"https:\/\/ianima.com.br\/blog\/#\/schema\/person\/85378d6a819826ce615ae2a7a04f68d8\",\"name\":\"Wanderlei Talib\",\"image\":{\"@type\":\"ImageObject\",\"inLanguage\":\"pt-BR\",\"@id\":\"https:\/\/ianima.com.br\/blog\/#\/schema\/person\/image\/\",\"url\":\"https:\/\/ianima.com.br\/blog\/wp-content\/litespeed\/avatar\/a0461c2b338365ab5dd45a3e926e23c7.jpg?ver=1777055969\",\"contentUrl\":\"https:\/\/ianima.com.br\/blog\/wp-content\/litespeed\/avatar\/a0461c2b338365ab5dd45a3e926e23c7.jpg?ver=1777055969\",\"caption\":\"Wanderlei Talib\"},\"sameAs\":[\"https:\/\/ianima.com.br\/blog\"],\"url\":\"https:\/\/ianima.com.br\/blog\/author\/adminedu\/\"},{\"@type\":\"Question\",\"@id\":\"https:\/\/ianima.com.br\/blog\/saude-mental\/mensagem-sobre-depressao-o-que-voce-precisa-saber\/#faq-question-1754469644272\",\"position\":1,\"url\":\"https:\/\/ianima.com.br\/blog\/saude-mental\/mensagem-sobre-depressao-o-que-voce-precisa-saber\/#faq-question-1754469644272\",\"name\":\"O que \u00e9 depress\u00e3o?\",\"answerCount\":1,\"acceptedAnswer\":{\"@type\":\"Answer\",\"text\":\"Depress\u00e3o \u00e9 uma condi\u00e7\u00e3o de sa\u00fade mental que afeta o humor, causando tristeza profunda, falta de energia e perda de interesse em atividades.\",\"inLanguage\":\"pt-BR\"},\"inLanguage\":\"pt-BR\"},{\"@type\":\"Question\",\"@id\":\"https:\/\/ianima.com.br\/blog\/saude-mental\/mensagem-sobre-depressao-o-que-voce-precisa-saber\/#faq-question-1754469666303\",\"position\":2,\"url\":\"https:\/\/ianima.com.br\/blog\/saude-mental\/mensagem-sobre-depressao-o-que-voce-precisa-saber\/#faq-question-1754469666303\",\"name\":\"Quais s\u00e3o os sintomas da depress\u00e3o?\",\"answerCount\":1,\"acceptedAnswer\":{\"@type\":\"Answer\",\"text\":\"Os sintomas incluem tristeza persistente, mudan\u00e7as no apetite, dificuldades de concentra\u00e7\u00e3o, ins\u00f4nia ou sono excessivo e sentimentos de inutilidade.\",\"inLanguage\":\"pt-BR\"},\"inLanguage\":\"pt-BR\"},{\"@type\":\"Question\",\"@id\":\"https:\/\/ianima.com.br\/blog\/saude-mental\/mensagem-sobre-depressao-o-que-voce-precisa-saber\/#faq-question-1754469688847\",\"position\":3,\"url\":\"https:\/\/ianima.com.br\/blog\/saude-mental\/mensagem-sobre-depressao-o-que-voce-precisa-saber\/#faq-question-1754469688847\",\"name\":\"Como posso buscar ajuda para a depress\u00e3o?\",\"answerCount\":1,\"acceptedAnswer\":{\"@type\":\"Answer\",\"text\":\"Voc\u00ea pode procurar um terapeuta, conversar com amigos ou familiares, e considerar grupos de apoio\",\"inLanguage\":\"pt-BR\"},\"inLanguage\":\"pt-BR\"}]}<\/script>\n<!-- \/ Yoast SEO Premium plugin. -->","yoast_head_json":{"title":"Mensagem Sobre Depress\u00e3o: O Que Voc\u00ea Precisa Saber","description":"Descubra a verdade chocante sobre a depress\u00e3o! Esta mensagem pode mudar a sua vida e a de quem voc\u00ea ama. N\u00e3o perca!","robots":{"index":"index","follow":"follow","max-snippet":"max-snippet:-1","max-image-preview":"max-image-preview:large","max-video-preview":"max-video-preview:-1"},"canonical":"https:\/\/ianima.com.br\/blog\/saude-mental\/mensagem-sobre-depressao-o-que-voce-precisa-saber\/","og_locale":"pt_BR","og_type":"article","og_title":"Mensagem Sobre Depress\u00e3o: O Que Voc\u00ea Precisa Saber","og_description":"Descubra a verdade chocante sobre a depress\u00e3o! Esta mensagem pode mudar a sua vida e a de quem voc\u00ea ama. N\u00e3o perca!","og_url":"https:\/\/ianima.com.br\/blog\/saude-mental\/mensagem-sobre-depressao-o-que-voce-precisa-saber\/","og_site_name":"Terapia Online com IANIMA: Inova\u00e7\u00e3o e Aconselhamento. O terapeuta online ao seu alcance.","article_published_time":"2025-08-06T08:43:45+00:00","article_modified_time":"2025-08-06T08:43:46+00:00","og_image":[{"width":1536,"height":1024,"url":"https:\/\/ianima.com.br\/blog\/wp-content\/uploads\/2025\/08\/1MM-119.webp","type":"image\/webp"}],"author":"Wanderlei Talib","twitter_card":"summary_large_image","twitter_misc":{"Escrito por":"Wanderlei Talib","Est. tempo de leitura":"7 minutos"},"schema":{"@context":"https:\/\/schema.org","@graph":[{"@type":"Article","@id":"https:\/\/ianima.com.br\/blog\/saude-mental\/mensagem-sobre-depressao-o-que-voce-precisa-saber\/#article","isPartOf":{"@id":"https:\/\/ianima.com.br\/blog\/saude-mental\/mensagem-sobre-depressao-o-que-voce-precisa-saber\/"},"author":{"name":"Wanderlei Talib","@id":"https:\/\/ianima.com.br\/blog\/#\/schema\/person\/85378d6a819826ce615ae2a7a04f68d8"},"headline":"Mensagem Sobre Depress\u00e3o: O Que Voc\u00ea Precisa Saber","datePublished":"2025-08-06T08:43:45+00:00","dateModified":"2025-08-06T08:43:46+00:00","mainEntityOfPage":{"@id":"https:\/\/ianima.com.br\/blog\/saude-mental\/mensagem-sobre-depressao-o-que-voce-precisa-saber\/"},"wordCount":1388,"publisher":{"@id":"https:\/\/ianima.com.br\/blog\/#organization"},"articleSection":["Sa\u00fade Mental"],"inLanguage":"pt-BR"},{"@type":["WebPage","FAQPage"],"@id":"https:\/\/ianima.com.br\/blog\/saude-mental\/mensagem-sobre-depressao-o-que-voce-precisa-saber\/","url":"https:\/\/ianima.com.br\/blog\/saude-mental\/mensagem-sobre-depressao-o-que-voce-precisa-saber\/","name":"Mensagem Sobre Depress\u00e3o: O Que Voc\u00ea Precisa Saber","isPartOf":{"@id":"https:\/\/ianima.com.br\/blog\/#website"},"datePublished":"2025-08-06T08:43:45+00:00","dateModified":"2025-08-06T08:43:46+00:00","description":"Descubra a verdade chocante sobre a depress\u00e3o! Esta mensagem pode mudar a sua vida e a de quem voc\u00ea ama. N\u00e3o perca!","breadcrumb":{"@id":"https:\/\/ianima.com.br\/blog\/saude-mental\/mensagem-sobre-depressao-o-que-voce-precisa-saber\/#breadcrumb"},"mainEntity":[{"@id":"https:\/\/ianima.com.br\/blog\/saude-mental\/mensagem-sobre-depressao-o-que-voce-precisa-saber\/#faq-question-1754469644272"},{"@id":"https:\/\/ianima.com.br\/blog\/saude-mental\/mensagem-sobre-depressao-o-que-voce-precisa-saber\/#faq-question-1754469666303"},{"@id":"https:\/\/ianima.com.br\/blog\/saude-mental\/mensagem-sobre-depressao-o-que-voce-precisa-saber\/#faq-question-1754469688847"}],"inLanguage":"pt-BR","potentialAction":[{"@type":"ReadAction","target":["https:\/\/ianima.com.br\/blog\/saude-mental\/mensagem-sobre-depressao-o-que-voce-precisa-saber\/"]}]},{"@type":"BreadcrumbList","@id":"https:\/\/ianima.com.br\/blog\/saude-mental\/mensagem-sobre-depressao-o-que-voce-precisa-saber\/#breadcrumb","itemListElement":[{"@type":"ListItem","position":1,"name":"In\u00edcio","item":"https:\/\/ianima.com.br\/blog\/"},{"@type":"ListItem","position":2,"name":"Mensagem Sobre Depress\u00e3o: O Que Voc\u00ea Precisa Saber"}]},{"@type":"WebSite","@id":"https:\/\/ianima.com.br\/blog\/#website","url":"https:\/\/ianima.com.br\/blog\/","name":"Terapia Online com IANIMA: Inova\u00e7\u00e3o e Aconselhamento. O terapeuta online ao seu alcance.","description":"Terapia gratuita online com a IAnima, sua terapeuta online. Artigos sobre terapias online, sa\u00fade mental e bem-estar.","publisher":{"@id":"https:\/\/ianima.com.br\/blog\/#organization"},"potentialAction":[{"@type":"SearchAction","target":{"@type":"EntryPoint","urlTemplate":"https:\/\/ianima.com.br\/blog\/?s={search_term_string}"},"query-input":"required name=search_term_string"}],"inLanguage":"pt-BR"},{"@type":"Organization","@id":"https:\/\/ianima.com.br\/blog\/#organization","name":"Terapia Online com IANIMA: Inova\u00e7\u00e3o e Aconselhamento. O terapeuta online ao seu alcance.","url":"https:\/\/ianima.com.br\/blog\/","logo":{"@type":"ImageObject","inLanguage":"pt-BR","@id":"https:\/\/ianima.com.br\/blog\/#\/schema\/logo\/image\/","url":"https:\/\/ianima.com.br\/blog\/wp-content\/uploads\/2025\/04\/cropped-IAnima-terapia-online.webp","contentUrl":"https:\/\/ianima.com.br\/blog\/wp-content\/uploads\/2025\/04\/cropped-IAnima-terapia-online.webp","width":819,"height":222,"caption":"Terapia Online com IANIMA: Inova\u00e7\u00e3o e Aconselhamento. O terapeuta online ao seu alcance."},"image":{"@id":"https:\/\/ianima.com.br\/blog\/#\/schema\/logo\/image\/"}},{"@type":"Person","@id":"https:\/\/ianima.com.br\/blog\/#\/schema\/person\/85378d6a819826ce615ae2a7a04f68d8","name":"Wanderlei Talib","image":{"@type":"ImageObject","inLanguage":"pt-BR","@id":"https:\/\/ianima.com.br\/blog\/#\/schema\/person\/image\/","url":"https:\/\/ianima.com.br\/blog\/wp-content\/litespeed\/avatar\/a0461c2b338365ab5dd45a3e926e23c7.jpg?ver=1777055969","contentUrl":"https:\/\/ianima.com.br\/blog\/wp-content\/litespeed\/avatar\/a0461c2b338365ab5dd45a3e926e23c7.jpg?ver=1777055969","caption":"Wanderlei Talib"},"sameAs":["https:\/\/ianima.com.br\/blog"],"url":"https:\/\/ianima.com.br\/blog\/author\/adminedu\/"},{"@type":"Question","@id":"https:\/\/ianima.com.br\/blog\/saude-mental\/mensagem-sobre-depressao-o-que-voce-precisa-saber\/#faq-question-1754469644272","position":1,"url":"https:\/\/ianima.com.br\/blog\/saude-mental\/mensagem-sobre-depressao-o-que-voce-precisa-saber\/#faq-question-1754469644272","name":"O que \u00e9 depress\u00e3o?","answerCount":1,"acceptedAnswer":{"@type":"Answer","text":"Depress\u00e3o \u00e9 uma condi\u00e7\u00e3o de sa\u00fade mental que afeta o humor, causando tristeza profunda, falta de energia e perda de interesse em atividades.","inLanguage":"pt-BR"},"inLanguage":"pt-BR"},{"@type":"Question","@id":"https:\/\/ianima.com.br\/blog\/saude-mental\/mensagem-sobre-depressao-o-que-voce-precisa-saber\/#faq-question-1754469666303","position":2,"url":"https:\/\/ianima.com.br\/blog\/saude-mental\/mensagem-sobre-depressao-o-que-voce-precisa-saber\/#faq-question-1754469666303","name":"Quais s\u00e3o os sintomas da depress\u00e3o?","answerCount":1,"acceptedAnswer":{"@type":"Answer","text":"Os sintomas incluem tristeza persistente, mudan\u00e7as no apetite, dificuldades de concentra\u00e7\u00e3o, ins\u00f4nia ou sono excessivo e sentimentos de inutilidade.","inLanguage":"pt-BR"},"inLanguage":"pt-BR"},{"@type":"Question","@id":"https:\/\/ianima.com.br\/blog\/saude-mental\/mensagem-sobre-depressao-o-que-voce-precisa-saber\/#faq-question-1754469688847","position":3,"url":"https:\/\/ianima.com.br\/blog\/saude-mental\/mensagem-sobre-depressao-o-que-voce-precisa-saber\/#faq-question-1754469688847","name":"Como posso buscar ajuda para a depress\u00e3o?","answerCount":1,"acceptedAnswer":{"@type":"Answer","text":"Voc\u00ea pode procurar um terapeuta, conversar com amigos ou familiares, e considerar grupos de apoio","inLanguage":"pt-BR"},"inLanguage":"pt-BR"}]}},"_links":{"self":[{"href":"https:\/\/ianima.com.br\/blog\/wp-json\/wp\/v2\/posts\/8990","targetHints":{"allow":["GET"]}}],"collection":[{"href":"https:\/\/ianima.com.br\/blog\/wp-json\/wp\/v2\/posts"}],"about":[{"href":"https:\/\/ianima.com.br\/blog\/wp-json\/wp\/v2\/types\/post"}],"author":[{"embeddable":true,"href":"https:\/\/ianima.com.br\/blog\/wp-json\/wp\/v2\/users\/1"}],"replies":[{"embeddable":true,"href":"https:\/\/ianima.com.br\/blog\/wp-json\/wp\/v2\/comments?post=8990"}],"version-history":[{"count":1,"href":"https:\/\/ianima.com.br\/blog\/wp-json\/wp\/v2\/posts\/8990\/revisions"}],"predecessor-version":[{"id":8994,"href":"https:\/\/ianima.com.br\/blog\/wp-json\/wp\/v2\/posts\/8990\/revisions\/8994"}],"wp:featuredmedia":[{"embeddable":true,"href":"https:\/\/ianima.com.br\/blog\/wp-json\/wp\/v2\/media\/8992"}],"wp:attachment":[{"href":"https:\/\/ianima.com.br\/blog\/wp-json\/wp\/v2\/media?parent=8990"}],"wp:term":[{"taxonomy":"category","embeddable":true,"href":"https:\/\/ianima.com.br\/blog\/wp-json\/wp\/v2\/categories?post=8990"},{"taxonomy":"post_tag","embeddable":true,"href":"https:\/\/ianima.com.br\/blog\/wp-json\/wp\/v2\/tags?post=8990"}],"curies":[{"name":"wp","href":"https:\/\/api.w.org\/{rel}","templated":true}]}}