{"id":9005,"date":"2025-08-06T09:45:20","date_gmt":"2025-08-06T09:45:20","guid":{"rendered":"https:\/\/ianima.com.br\/blog\/?p=9005"},"modified":"2025-08-06T09:45:20","modified_gmt":"2025-08-06T09:45:20","slug":"depressao-maior-o-que-voce-precisa-saber","status":"publish","type":"post","link":"https:\/\/ianima.com.br\/blog\/saude-mental\/depressao-maior-o-que-voce-precisa-saber\/","title":{"rendered":"Depress\u00e3o Maior: O Que Voc\u00ea Precisa Saber"},"content":{"rendered":"\n<h2 class=\"wp-block-heading\" id=\"h-os-sinais-e-sintomas-da-depressao-maior\">Os Sinais e Sintomas da <strong>Depress\u00e3o Maior<\/strong><\/h2>\n\n\n\n<p>A <strong>depress\u00e3o maior<\/strong> se manifesta por meio de sintomas profundos e persistentes que afetam o bem-estar emocional, f\u00edsico e cognitivo. Entre os sinais mais comuns est\u00e3o a tristeza intensa e duradoura, perda de interesse por atividades antes prazerosas, cansa\u00e7o constante e altera\u00e7\u00f5es no sono e no apetite.<\/p>\n\n\n\n<p>Al\u00e9m disso, muitos enfrentam sentimentos de inutilidade, culpa excessiva e dificuldade de concentra\u00e7\u00e3o. Em casos mais severos, pensamentos sobre morte ou suic\u00eddio podem surgir. Do mesmo modo, sintomas menos evidentes tamb\u00e9m podem indicar o transtorno, como irritabilidade, dores f\u00edsicas sem causa aparente, isolamento social e sensa\u00e7\u00e3o de vazio existencial.<\/p>\n\n\n\n<p>Observar a persist\u00eancia e a intensidade desses sintomas \u00e9 essencial para compreender que n\u00e3o se trata de uma simples tristeza, mas de um estado que merece aten\u00e7\u00e3o e cuidado.<\/p>\n\n\n\n<h2 class=\"wp-block-heading\" id=\"h-a-psicologia-por-tras-da-vida-real-a-depressao-maior-no-dia-a-dia\">A Psicologia por Tr\u00e1s da Vida Real: A <strong>Depress\u00e3o Maior<\/strong> no Dia a Dia *<\/h2>\n\n\n\n<p>Imagine uma pessoa que antes era ativa, soci\u00e1vel e comprometida com seus projetos. Aos poucos, come\u00e7a a se afastar dos amigos, perde prazos importantes e j\u00e1 n\u00e3o encontra prazer nem mesmo em momentos antes significativos. Essa mudan\u00e7a n\u00e3o acontece da noite para o dia, mas se instala silenciosamente, como uma neblina emocional que cobre tudo.<\/p>\n\n\n\n<p>A <strong>depress\u00e3o maior<\/strong> pode afetar cada pequeno aspecto da rotina: levantar da cama se torna um desafio monumental; tomar decis\u00f5es simples, um esfor\u00e7o exaustivo. As rela\u00e7\u00f5es se fragilizam, o desempenho profissional cai e a autoestima \u00e9 corro\u00edda lentamente. \u00c9 como se a vida perdesse as cores \u2014 uma desconex\u00e3o profunda entre a pessoa e o mundo ao redor.<\/p>\n\n\n\n<h2 class=\"wp-block-heading\" id=\"h-compreendendo-os-momentos-criticos-da-depressao-maior\">Compreendendo os Momentos Cr\u00edticos da <strong>Depress\u00e3o Maior<\/strong><\/h2>\n\n\n\n<p>Momentos cr\u00edticos na <strong>depress\u00e3o maior<\/strong> s\u00e3o aqueles em que os sintomas atingem um ponto de inflex\u00e3o, afetando severamente a funcionalidade da pessoa. Pode ser uma fase de agravamento repentino, como ap\u00f3s uma perda significativa, ou uma somat\u00f3ria de frustra\u00e7\u00f5es que sobrecarregam emocionalmente.<\/p>\n\n\n\n<p>Nesses momentos, sinais como isolamento extremo, pensamentos autodepreciativos intensificados e idea\u00e7\u00e3o suicida exigem aten\u00e7\u00e3o imediata. \u00c9 importante saber diferenciar esses epis\u00f3dios de uma tristeza comum \u2014 enquanto esta tende a diminuir com o tempo, os momentos cr\u00edticos da depress\u00e3o demandam suporte ativo e, muitas vezes, especializado.<\/p>\n\n\n\n<h2 class=\"wp-block-heading\" id=\"h-o-que-desencadeia-a-depressao-maior\">O Que Desencadeia a <strong>Depress\u00e3o Maior<\/strong>?<\/h2>\n\n\n\n<p>A origem da <strong>depress\u00e3o maior<\/strong> \u00e9 multifatorial. Entre os gatilhos internos est\u00e3o predisposi\u00e7\u00f5es gen\u00e9ticas, altera\u00e7\u00f5es neuroqu\u00edmicas e hist\u00f3ricos familiares. J\u00e1 entre os fatores externos, destacam-se situa\u00e7\u00f5es traum\u00e1ticas, estresse prolongado, perdas significativas ou ambientes abusivos.<\/p>\n\n\n\n<p>Al\u00e9m disso, quest\u00f5es como baixa autoestima, perfeccionismo extremo, falta de suporte emocional ou viv\u00eancias de rejei\u00e7\u00e3o tamb\u00e9m contribuem para o surgimento do quadro. Do mesmo modo, o uso abusivo de subst\u00e2ncias ou doen\u00e7as cr\u00f4nicas podem agravar ou precipitar os sintomas.<\/p>\n\n\n\n<h2 class=\"wp-block-heading\" id=\"h-mitos-e-verdades-sobre-solucoes-para-a-depressao-maior\">Mitos e Verdades sobre Solu\u00e7\u00f5es para a <strong>Depress\u00e3o Maior<\/strong><\/h2>\n\n\n\n<p>\u00c9 mito que a <strong>depress\u00e3o maior<\/strong> \u00e9 apenas &#8220;frescura&#8221; ou que basta for\u00e7a de vontade para super\u00e1-la. Do mesmo modo, n\u00e3o \u00e9 verdade que ela atinge somente pessoas fracas ou sem f\u00e9. Trata-se de um transtorno mental s\u00e9rio, reconhecido pela ci\u00eancia, com fundamentos biol\u00f3gicos, emocionais e sociais.<\/p>\n\n\n\n<p>Por outro lado, \u00e9 verdade que h\u00e1 caminhos poss\u00edveis para o al\u00edvio e controle dos sintomas \u2014 embora cada caso seja \u00fanico. Psicoterapia, mudan\u00e7as de estilo de vida, apoio familiar e, quando indicado, medica\u00e7\u00e3o, podem formar uma combina\u00e7\u00e3o eficaz. O mais importante \u00e9 buscar ajuda qualificada e n\u00e3o se culpar pela viv\u00eancia dessa condi\u00e7\u00e3o.<\/p>\n\n\n\n<h2 class=\"wp-block-heading\" id=\"h-como-lidar-com-a-depressao-maior-no-dia-a-dia\">Como Lidar com a <strong>Depress\u00e3o Maior<\/strong> no Dia a Dia<\/h2>\n\n\n\n<p>Lidar com a <strong>depress\u00e3o maior<\/strong> requer paci\u00eancia, autocompaix\u00e3o e pequenas a\u00e7\u00f5es consistentes. Pr\u00e1ticas como manter uma rotina m\u00ednima (mesmo que reduzida), buscar conex\u00e3o com pessoas confi\u00e1veis e estabelecer metas realistas ajudam a recuperar o senso de dire\u00e7\u00e3o.<\/p>\n\n\n\n<p>Al\u00e9m disso, atividades f\u00edsicas leves, mesmo uma breve caminhada, podem contribuir positivamente. Expressar sentimentos, seja por meio de escrita, arte ou conversas seguras, tamb\u00e9m pode aliviar a sobrecarga interna. O principal \u00e9 lembrar que cada passo conta, mesmo que pare\u00e7a pequeno diante da dor.<\/p>\n\n\n\n<h2 class=\"wp-block-heading\" id=\"h-a-depressao-maior-no-corpo-e-na-mente-manifestacoes\">A <strong>Depress\u00e3o Maior<\/strong> no Corpo e na Mente: Manifesta\u00e7\u00f5es<\/h2>\n\n\n\n<p>A <strong>depress\u00e3o maior<\/strong> n\u00e3o se limita ao emocional. No corpo, pode se manifestar como fadiga cr\u00f4nica, dores musculares, altera\u00e7\u00f5es gastrointestinais e ins\u00f4nia ou sonol\u00eancia excessiva. J\u00e1 na mente, h\u00e1 lentid\u00e3o de pensamento, confus\u00e3o, perda de mem\u00f3ria recente e uma percep\u00e7\u00e3o negativa e distorcida da realidade.<\/p>\n\n\n\n<p>Essas manifesta\u00e7\u00f5es est\u00e3o profundamente interligadas: o corpo sente o que a mente carrega, e vice-versa. Por isso, \u00e9 fundamental considerar a pessoa de forma integral e compreender que os sintomas f\u00edsicos n\u00e3o s\u00e3o &#8220;exageros&#8221;, mas reflexos reais do sofrimento emocional.<\/p>\n\n\n\n<h2 class=\"wp-block-heading\" id=\"h-transtorno-depressivo-maior-reativo-uma-perspectiva-ampliada\">Transtorno Depressivo Maior Reativo: Uma Perspectiva Ampliada<\/h2>\n\n\n\n<p>Uma varia\u00e7\u00e3o comum da <strong>depress\u00e3o maior<\/strong> \u00e9 o transtorno depressivo maior reativo \u2014 desencadeado por eventos estressantes ou traum\u00e1ticos espec\u00edficos, como luto, t\u00e9rmino de relacionamento ou perda de emprego.<\/p>\n\n\n\n<p>Embora os sintomas sejam semelhantes, esse tipo de depress\u00e3o est\u00e1 diretamente ligado a um fator identific\u00e1vel. No entanto, sua gravidade n\u00e3o deve ser subestimada. Mesmo sendo &#8220;reativa&#8221;, pode afetar intensamente a vida da pessoa, exigindo os mesmos cuidados, acolhimento e suporte que outras formas do transtorno.<\/p>\n\n\n\n<h2 class=\"wp-block-heading\" id=\"h-quem-busca-alivio-para-a-depressao-maior\">Quem Busca Al\u00edvio para a <strong>Depress\u00e3o Maior<\/strong>?<\/h2>\n\n\n\n<p>Homens e mulheres de diferentes idades, profiss\u00f5es e contextos sociais podem ser afetados pela <strong>depress\u00e3o maior<\/strong>. Jovens enfrentando press\u00f5es acad\u00eamicas, adultos em meio a crises existenciais ou pessoas na terceira idade lidando com perdas e mudan\u00e7as \u2014 todos podem, em algum momento, buscar al\u00edvio para o sofrimento.<\/p>\n\n\n\n<p>Muitas vezes, o pedido de ajuda surge silenciosamente, em frases como \u201cn\u00e3o aguento mais\u201d ou \u201csinto que n\u00e3o tenho mais for\u00e7as\u201d. Reconhecer esses sinais, tanto em si mesmo quanto em pessoas pr\u00f3ximas, pode ser o primeiro passo para romper o ciclo do sofrimento e iniciar um processo de cuidado.<\/p>\n\n\n\n<h3 class=\"wp-block-heading\" id=\"h-diferentes-abordagens-para-lidar-com-a-depressao-maior\">Diferentes Abordagens para Lidar com a <strong>Depress\u00e3o Maior<\/strong><\/h3>\n\n\n\n<p>Entre as abordagens poss\u00edveis est\u00e3o:<\/p>\n\n\n\n<ul class=\"wp-block-list\">\n<li>Psicoterapia (individual ou em grupo)<\/li>\n\n\n\n<li>Apoio de redes sociais e familiares<\/li>\n\n\n\n<li>Exerc\u00edcios f\u00edsicos regulares<\/li>\n\n\n\n<li>Estrat\u00e9gias de autorregula\u00e7\u00e3o emocional<\/li>\n\n\n\n<li>Redu\u00e7\u00e3o de estressores e autocuidado<\/li>\n\n\n\n<li>Quando necess\u00e1rio, acompanhamento psiqui\u00e1trico<\/li>\n<\/ul>\n\n\n\n<h3 class=\"wp-block-heading\" id=\"h-sinais-de-alerta-quando-buscar-ajuda-profissional\">Sinais de Alerta: Quando Buscar Ajuda Profissional<\/h3>\n\n\n\n<p>\u00c9 essencial procurar ajuda profissional quando:<\/p>\n\n\n\n<ul class=\"wp-block-list\">\n<li>Os sintomas persistem por mais de duas semanas<\/li>\n\n\n\n<li>H\u00e1 impacto significativo na rotina ou nas rela\u00e7\u00f5es<\/li>\n\n\n\n<li>Pensamentos de inutilidade ou suic\u00eddio surgem<\/li>\n\n\n\n<li>H\u00e1 isolamento crescente e perda total de interesse<\/li>\n\n\n\n<li>A sensa\u00e7\u00e3o de vazio \u00e9 cont\u00ednua e intensa<\/li>\n<\/ul>\n\n\n\n<p>Buscar apoio n\u00e3o \u00e9 sinal de fraqueza, mas de coragem e cuidado consigo mesmo.<\/p>\n\n\n\n<h3 class=\"wp-block-heading\" id=\"h-recursos-e-informacoes-confiaveis-sobre-a-depressao-maior\">Recursos e Informa\u00e7\u00f5es Confi\u00e1veis sobre a <strong>Depress\u00e3o Maior<\/strong><\/h3>\n\n\n\n<p>Voc\u00ea pode encontrar informa\u00e7\u00f5es confi\u00e1veis em:<\/p>\n\n\n\n<ul class=\"wp-block-list\">\n<li>Sites de associa\u00e7\u00f5es de psicologia e psiquiatria reconhecidas<\/li>\n\n\n\n<li>Materiais educativos de universidades e hospitais<\/li>\n\n\n\n<li>Livros e publica\u00e7\u00f5es cient\u00edficas acess\u00edveis ao p\u00fablico<\/li>\n\n\n\n<li>Entidades como OMS, Minist\u00e9rio da Sa\u00fade e institui\u00e7\u00f5es de apoio<\/li>\n<\/ul>\n\n\n\n<h3 class=\"wp-block-heading\" id=\"h-dicas-para-acao-imediata-em-momentos-de-depressao-maior\">Dicas para A\u00e7\u00e3o Imediata em Momentos de <strong>Depress\u00e3o Maior<\/strong><\/h3>\n\n\n\n<ul class=\"wp-block-list\">\n<li>Respire profundamente e tente se ancorar no presente<\/li>\n\n\n\n<li>Ligue para algu\u00e9m de confian\u00e7a<\/li>\n\n\n\n<li>Escreva o que est\u00e1 sentindo, sem censura<\/li>\n\n\n\n<li>Fa\u00e7a algo pequeno, como tomar banho ou beber \u00e1gua<\/li>\n\n\n\n<li>Se poss\u00edvel, entre em contato com um profissional de sa\u00fade mental<\/li>\n<\/ul>\n\n\n\n<h2 class=\"wp-block-heading\" id=\"h-conclusao\">Conclus\u00e3o<\/h2>\n\n\n\n<p>Em suma, a <strong>depress\u00e3o maior<\/strong> \u00e9 uma condi\u00e7\u00e3o s\u00e9ria que pode afetar profundamente a vida de uma pessoa, mas tamb\u00e9m pode ser compreendida, enfrentada e tratada com o apoio certo. Reconhecer os sinais e buscar caminhos de cuidado \u00e9 um gesto de amor-pr\u00f3prio e responsabilidade emocional.<\/p>\n\n\n\n<p>Se voc\u00ea se identifica com esses sinais, buscar informa\u00e7\u00e3o e apoio pode ser o primeiro passo para uma vida mais leve e equilibrada.<\/p>\n\n\n\n<p>* Essas narrativas s\u00e3o fict\u00edcias mas inspiradas em situa\u00e7\u00f5es comumente vivenciadas nos estudos e na cl\u00ednica psicol\u00f3gica.<\/p>\n\n\n\n<figure class=\"wp-block-image aligncenter size-large is-resized\"><img fetchpriority=\"high\" decoding=\"async\" width=\"1024\" height=\"683\" src=\"https:\/\/ianima.com.br\/blog\/wp-content\/uploads\/2025\/08\/2MM-122-1024x683.webp\" alt=\"Depress\u00e3o Maior: O Que Voc\u00ea Precisa Saber\" class=\"wp-image-9008\" style=\"width:500px\" srcset=\"https:\/\/ianima.com.br\/blog\/wp-content\/uploads\/2025\/08\/2MM-122-1024x683.webp 1024w, https:\/\/ianima.com.br\/blog\/wp-content\/uploads\/2025\/08\/2MM-122-300x200.webp 300w, https:\/\/ianima.com.br\/blog\/wp-content\/uploads\/2025\/08\/2MM-122-768x512.webp 768w, https:\/\/ianima.com.br\/blog\/wp-content\/uploads\/2025\/08\/2MM-122.webp 1536w\" sizes=\"(max-width: 1024px) 100vw, 1024px\" \/><\/figure>\n\n\n\n<h2 class=\"wp-block-heading\" id=\"h-perguntas-frequentes-faq\">Perguntas Frequentes (FAQ)<\/h2>\n\n\n\n<div class=\"schema-faq wp-block-yoast-faq-block\"><div class=\"schema-faq-section\" id=\"faq-question-1754473299951\"><strong class=\"schema-faq-question\">O que \u00e9 depress\u00e3o maior?<\/strong> <p class=\"schema-faq-answer\">Depress\u00e3o maior \u00e9 um transtorno mental caracterizado por sentimentos intensos de tristeza, perda de interesse e energia reduzida, que afetam a vida di\u00e1ria.<\/p> <\/div> <div class=\"schema-faq-section\" id=\"faq-question-1754473322534\"><strong class=\"schema-faq-question\">Quais s\u00e3o os sintomas da depress\u00e3o maior?<\/strong> <p class=\"schema-faq-answer\">Os sintomas incluem tristeza persistente, altera\u00e7\u00f5es no sono, falta de apetite, dificuldade de concentra\u00e7\u00e3o e at\u00e9 pensamentos suicidas.<\/p> <\/div> <div class=\"schema-faq-section\" id=\"faq-question-1754473345181\"><strong class=\"schema-faq-question\">Como tratar a depress\u00e3o maior?<\/strong> <p class=\"schema-faq-answer\">O tratamento geralmente envolve terapia, medicamentos antidepressivos e mudan\u00e7as no estilo de vida, como exerc\u00edcios e alimenta\u00e7\u00e3o saud\u00e1vel.<\/p> <\/div> <\/div>\n\n\n\n<ul class=\"wp-block-yoast-seo-related-links\"><li><a href=\"https:\/\/ianima.com.br\/blog\/saude-mental\/o-que-e-depressao-maior-sinais-causas-e-caminhos-de-alivio\/\">O Que \u00e9 Depress\u00e3o Maior: Sinais, Causas e Caminhos de Al\u00edvio<\/a><\/li><li><a href=\"https:\/\/ianima.com.br\/blog\/saude-mental\/depressao-maior-sintomas-sinais-causas-e-como-lidar\/\">Depress\u00e3o maior sintomas: sinais, causas e como lidar<\/a><\/li><li><a href=\"https:\/\/ianima.com.br\/blog\/saude-mental\/o-que-e-transtorno-depressivo-maior-sinais-e-caminhos\/\">O que \u00e9 transtorno depressivo maior: sinais e caminhos<\/a><\/li><li><a href=\"https:\/\/ianima.com.br\/blog\/saude-mental\/o-que-e-depressao-profunda-sinais-causas-e-como-lidar\/\">O Que \u00c9 Depress\u00e3o Profunda: Sinais, Causas e Como Lidar<\/a><\/li><li><a href=\"https:\/\/ianima.com.br\/blog\/saude-mental\/criterios-diagnosticos-da-depressao-o-que-voce-precisa-saber\/\">Crit\u00e9rios Diagn\u00f3sticos da Depress\u00e3o: O Que Voc\u00ea Precisa Saber<\/a><\/li><\/ul>\n","protected":false},"excerpt":{"rendered":"<p>Os Sinais e Sintomas da Depress\u00e3o Maior A depress\u00e3o maior se manifesta por meio de sintomas profundos e persistentes que afetam o bem-estar emocional, f\u00edsico e cognitivo. Entre os sinais mais comuns est\u00e3o a tristeza intensa e duradoura, perda de interesse por atividades antes prazerosas, cansa\u00e7o constante e altera\u00e7\u00f5es no sono e no apetite. Al\u00e9m [&hellip;]<\/p>\n","protected":false},"author":1,"featured_media":9007,"comment_status":"closed","ping_status":"closed","sticky":false,"template":"","format":"standard","meta":{"site-sidebar-layout":"default","site-content-layout":"","ast-site-content-layout":"default","site-content-style":"default","site-sidebar-style":"default","ast-global-header-display":"","ast-banner-title-visibility":"","ast-main-header-display":"","ast-hfb-above-header-display":"","ast-hfb-below-header-display":"","ast-hfb-mobile-header-display":"","site-post-title":"","ast-breadcrumbs-content":"","ast-featured-img":"","footer-sml-layout":"","theme-transparent-header-meta":"","adv-header-id-meta":"","stick-header-meta":"","header-above-stick-meta":"","header-main-stick-meta":"","header-below-stick-meta":"","astra-migrate-meta-layouts":"set","ast-page-background-enabled":"default","ast-page-background-meta":{"desktop":{"background-color":"","background-image":"","background-repeat":"repeat","background-position":"center center","background-size":"auto","background-attachment":"scroll","background-type":"","background-media":"","overlay-type":"","overlay-color":"","overlay-opacity":"","overlay-gradient":""},"tablet":{"background-color":"","background-image":"","background-repeat":"repeat","background-position":"center center","background-size":"auto","background-attachment":"scroll","background-type":"","background-media":"","overlay-type":"","overlay-color":"","overlay-opacity":"","overlay-gradient":""},"mobile":{"background-color":"","background-image":"","background-repeat":"repeat","background-position":"center center","background-size":"auto","background-attachment":"scroll","background-type":"","background-media":"","overlay-type":"","overlay-color":"","overlay-opacity":"","overlay-gradient":""}},"ast-content-background-meta":{"desktop":{"background-color":"var(--ast-global-color-5)","background-image":"","background-repeat":"repeat","background-position":"center center","background-size":"auto","background-attachment":"scroll","background-type":"","background-media":"","overlay-type":"","overlay-color":"","overlay-opacity":"","overlay-gradient":""},"tablet":{"background-color":"var(--ast-global-color-5)","background-image":"","background-repeat":"repeat","background-position":"center center","background-size":"auto","background-attachment":"scroll","background-type":"","background-media":"","overlay-type":"","overlay-color":"","overlay-opacity":"","overlay-gradient":""},"mobile":{"background-color":"var(--ast-global-color-5)","background-image":"","background-repeat":"repeat","background-position":"center center","background-size":"auto","background-attachment":"scroll","background-type":"","background-media":"","overlay-type":"","overlay-color":"","overlay-opacity":"","overlay-gradient":""}},"footnotes":""},"categories":[24],"tags":[],"class_list":["post-9005","post","type-post","status-publish","format-standard","has-post-thumbnail","hentry","category-saude-mental"],"yoast_head":"<!-- This site is optimized with the Yoast SEO Premium plugin v20.8 (Yoast SEO v20.8) - https:\/\/yoast.com\/wordpress\/plugins\/seo\/ -->\n<title>Depress\u00e3o Maior: O Que Voc\u00ea Precisa Saber<\/title>\n<meta name=\"description\" content=\"Descubra os segredos sobre a Depress\u00e3o Maior que ningu\u00e9m te contou! Informa\u00e7\u00f5es essenciais para entender e enfrentar esse desafio!\" \/>\n<meta name=\"robots\" content=\"index, follow, max-snippet:-1, max-image-preview:large, max-video-preview:-1\" \/>\n<link rel=\"canonical\" href=\"https:\/\/ianima.com.br\/blog\/saude-mental\/depressao-maior-o-que-voce-precisa-saber\/\" \/>\n<meta property=\"og:locale\" content=\"pt_BR\" \/>\n<meta property=\"og:type\" content=\"article\" \/>\n<meta property=\"og:title\" content=\"Depress\u00e3o Maior: O Que Voc\u00ea Precisa Saber\" \/>\n<meta property=\"og:description\" content=\"Descubra os segredos sobre a Depress\u00e3o Maior que ningu\u00e9m te contou! Informa\u00e7\u00f5es essenciais para entender e enfrentar esse desafio!\" \/>\n<meta property=\"og:url\" content=\"https:\/\/ianima.com.br\/blog\/saude-mental\/depressao-maior-o-que-voce-precisa-saber\/\" \/>\n<meta property=\"og:site_name\" content=\"Terapia Online com IANIMA: Inova\u00e7\u00e3o e Aconselhamento. O terapeuta online ao seu alcance.\" \/>\n<meta property=\"article:published_time\" content=\"2025-08-06T09:45:20+00:00\" \/>\n<meta property=\"og:image\" content=\"https:\/\/ianima.com.br\/blog\/wp-content\/uploads\/2025\/08\/1MM-122.webp\" \/>\n\t<meta property=\"og:image:width\" content=\"1536\" \/>\n\t<meta property=\"og:image:height\" content=\"1024\" \/>\n\t<meta property=\"og:image:type\" content=\"image\/webp\" \/>\n<meta name=\"author\" content=\"Wanderlei Talib\" \/>\n<meta name=\"twitter:card\" content=\"summary_large_image\" \/>\n<meta name=\"twitter:label1\" content=\"Escrito por\" \/>\n\t<meta name=\"twitter:data1\" content=\"Wanderlei Talib\" \/>\n\t<meta name=\"twitter:label2\" content=\"Est. tempo de leitura\" \/>\n\t<meta name=\"twitter:data2\" content=\"8 minutos\" \/>\n<script type=\"application\/ld+json\" class=\"yoast-schema-graph\">{\"@context\":\"https:\/\/schema.org\",\"@graph\":[{\"@type\":\"Article\",\"@id\":\"https:\/\/ianima.com.br\/blog\/saude-mental\/depressao-maior-o-que-voce-precisa-saber\/#article\",\"isPartOf\":{\"@id\":\"https:\/\/ianima.com.br\/blog\/saude-mental\/depressao-maior-o-que-voce-precisa-saber\/\"},\"author\":{\"name\":\"Wanderlei Talib\",\"@id\":\"https:\/\/ianima.com.br\/blog\/#\/schema\/person\/85378d6a819826ce615ae2a7a04f68d8\"},\"headline\":\"Depress\u00e3o Maior: O Que Voc\u00ea Precisa Saber\",\"datePublished\":\"2025-08-06T09:45:20+00:00\",\"dateModified\":\"2025-08-06T09:45:20+00:00\",\"mainEntityOfPage\":{\"@id\":\"https:\/\/ianima.com.br\/blog\/saude-mental\/depressao-maior-o-que-voce-precisa-saber\/\"},\"wordCount\":1499,\"publisher\":{\"@id\":\"https:\/\/ianima.com.br\/blog\/#organization\"},\"articleSection\":[\"Sa\u00fade Mental\"],\"inLanguage\":\"pt-BR\"},{\"@type\":[\"WebPage\",\"FAQPage\"],\"@id\":\"https:\/\/ianima.com.br\/blog\/saude-mental\/depressao-maior-o-que-voce-precisa-saber\/\",\"url\":\"https:\/\/ianima.com.br\/blog\/saude-mental\/depressao-maior-o-que-voce-precisa-saber\/\",\"name\":\"Depress\u00e3o Maior: O Que Voc\u00ea Precisa Saber\",\"isPartOf\":{\"@id\":\"https:\/\/ianima.com.br\/blog\/#website\"},\"datePublished\":\"2025-08-06T09:45:20+00:00\",\"dateModified\":\"2025-08-06T09:45:20+00:00\",\"description\":\"Descubra os segredos sobre a Depress\u00e3o Maior que ningu\u00e9m te contou! Informa\u00e7\u00f5es essenciais para entender e enfrentar esse desafio!\",\"breadcrumb\":{\"@id\":\"https:\/\/ianima.com.br\/blog\/saude-mental\/depressao-maior-o-que-voce-precisa-saber\/#breadcrumb\"},\"mainEntity\":[{\"@id\":\"https:\/\/ianima.com.br\/blog\/saude-mental\/depressao-maior-o-que-voce-precisa-saber\/#faq-question-1754473299951\"},{\"@id\":\"https:\/\/ianima.com.br\/blog\/saude-mental\/depressao-maior-o-que-voce-precisa-saber\/#faq-question-1754473322534\"},{\"@id\":\"https:\/\/ianima.com.br\/blog\/saude-mental\/depressao-maior-o-que-voce-precisa-saber\/#faq-question-1754473345181\"}],\"inLanguage\":\"pt-BR\",\"potentialAction\":[{\"@type\":\"ReadAction\",\"target\":[\"https:\/\/ianima.com.br\/blog\/saude-mental\/depressao-maior-o-que-voce-precisa-saber\/\"]}]},{\"@type\":\"BreadcrumbList\",\"@id\":\"https:\/\/ianima.com.br\/blog\/saude-mental\/depressao-maior-o-que-voce-precisa-saber\/#breadcrumb\",\"itemListElement\":[{\"@type\":\"ListItem\",\"position\":1,\"name\":\"In\u00edcio\",\"item\":\"https:\/\/ianima.com.br\/blog\/\"},{\"@type\":\"ListItem\",\"position\":2,\"name\":\"Depress\u00e3o Maior: O Que Voc\u00ea Precisa Saber\"}]},{\"@type\":\"WebSite\",\"@id\":\"https:\/\/ianima.com.br\/blog\/#website\",\"url\":\"https:\/\/ianima.com.br\/blog\/\",\"name\":\"Terapia Online com IANIMA: Inova\u00e7\u00e3o e Aconselhamento. O terapeuta online ao seu alcance.\",\"description\":\"Terapia gratuita online com a IAnima, sua terapeuta online. Artigos sobre terapias online, sa\u00fade mental e bem-estar.\",\"publisher\":{\"@id\":\"https:\/\/ianima.com.br\/blog\/#organization\"},\"potentialAction\":[{\"@type\":\"SearchAction\",\"target\":{\"@type\":\"EntryPoint\",\"urlTemplate\":\"https:\/\/ianima.com.br\/blog\/?s={search_term_string}\"},\"query-input\":\"required name=search_term_string\"}],\"inLanguage\":\"pt-BR\"},{\"@type\":\"Organization\",\"@id\":\"https:\/\/ianima.com.br\/blog\/#organization\",\"name\":\"Terapia Online com IANIMA: Inova\u00e7\u00e3o e Aconselhamento. O terapeuta online ao seu alcance.\",\"url\":\"https:\/\/ianima.com.br\/blog\/\",\"logo\":{\"@type\":\"ImageObject\",\"inLanguage\":\"pt-BR\",\"@id\":\"https:\/\/ianima.com.br\/blog\/#\/schema\/logo\/image\/\",\"url\":\"https:\/\/ianima.com.br\/blog\/wp-content\/uploads\/2025\/04\/cropped-IAnima-terapia-online.webp\",\"contentUrl\":\"https:\/\/ianima.com.br\/blog\/wp-content\/uploads\/2025\/04\/cropped-IAnima-terapia-online.webp\",\"width\":819,\"height\":222,\"caption\":\"Terapia Online com IANIMA: Inova\u00e7\u00e3o e Aconselhamento. O terapeuta online ao seu alcance.\"},\"image\":{\"@id\":\"https:\/\/ianima.com.br\/blog\/#\/schema\/logo\/image\/\"}},{\"@type\":\"Person\",\"@id\":\"https:\/\/ianima.com.br\/blog\/#\/schema\/person\/85378d6a819826ce615ae2a7a04f68d8\",\"name\":\"Wanderlei Talib\",\"image\":{\"@type\":\"ImageObject\",\"inLanguage\":\"pt-BR\",\"@id\":\"https:\/\/ianima.com.br\/blog\/#\/schema\/person\/image\/\",\"url\":\"https:\/\/ianima.com.br\/blog\/wp-content\/litespeed\/avatar\/a0461c2b338365ab5dd45a3e926e23c7.jpg?ver=1777055969\",\"contentUrl\":\"https:\/\/ianima.com.br\/blog\/wp-content\/litespeed\/avatar\/a0461c2b338365ab5dd45a3e926e23c7.jpg?ver=1777055969\",\"caption\":\"Wanderlei Talib\"},\"sameAs\":[\"https:\/\/ianima.com.br\/blog\"],\"url\":\"https:\/\/ianima.com.br\/blog\/author\/adminedu\/\"},{\"@type\":\"Question\",\"@id\":\"https:\/\/ianima.com.br\/blog\/saude-mental\/depressao-maior-o-que-voce-precisa-saber\/#faq-question-1754473299951\",\"position\":1,\"url\":\"https:\/\/ianima.com.br\/blog\/saude-mental\/depressao-maior-o-que-voce-precisa-saber\/#faq-question-1754473299951\",\"name\":\"O que \u00e9 depress\u00e3o maior?\",\"answerCount\":1,\"acceptedAnswer\":{\"@type\":\"Answer\",\"text\":\"Depress\u00e3o maior \u00e9 um transtorno mental caracterizado por sentimentos intensos de tristeza, perda de interesse e energia reduzida, que afetam a vida di\u00e1ria.\",\"inLanguage\":\"pt-BR\"},\"inLanguage\":\"pt-BR\"},{\"@type\":\"Question\",\"@id\":\"https:\/\/ianima.com.br\/blog\/saude-mental\/depressao-maior-o-que-voce-precisa-saber\/#faq-question-1754473322534\",\"position\":2,\"url\":\"https:\/\/ianima.com.br\/blog\/saude-mental\/depressao-maior-o-que-voce-precisa-saber\/#faq-question-1754473322534\",\"name\":\"Quais s\u00e3o os sintomas da depress\u00e3o maior?\",\"answerCount\":1,\"acceptedAnswer\":{\"@type\":\"Answer\",\"text\":\"Os sintomas incluem tristeza persistente, altera\u00e7\u00f5es no sono, falta de apetite, dificuldade de concentra\u00e7\u00e3o e at\u00e9 pensamentos suicidas.\",\"inLanguage\":\"pt-BR\"},\"inLanguage\":\"pt-BR\"},{\"@type\":\"Question\",\"@id\":\"https:\/\/ianima.com.br\/blog\/saude-mental\/depressao-maior-o-que-voce-precisa-saber\/#faq-question-1754473345181\",\"position\":3,\"url\":\"https:\/\/ianima.com.br\/blog\/saude-mental\/depressao-maior-o-que-voce-precisa-saber\/#faq-question-1754473345181\",\"name\":\"Como tratar a depress\u00e3o maior?\",\"answerCount\":1,\"acceptedAnswer\":{\"@type\":\"Answer\",\"text\":\"O tratamento geralmente envolve terapia, medicamentos antidepressivos e mudan\u00e7as no estilo de vida, como exerc\u00edcios e alimenta\u00e7\u00e3o saud\u00e1vel.\",\"inLanguage\":\"pt-BR\"},\"inLanguage\":\"pt-BR\"}]}<\/script>\n<!-- \/ Yoast SEO Premium plugin. -->","yoast_head_json":{"title":"Depress\u00e3o Maior: O Que Voc\u00ea Precisa Saber","description":"Descubra os segredos sobre a Depress\u00e3o Maior que ningu\u00e9m te contou! Informa\u00e7\u00f5es essenciais para entender e enfrentar esse desafio!","robots":{"index":"index","follow":"follow","max-snippet":"max-snippet:-1","max-image-preview":"max-image-preview:large","max-video-preview":"max-video-preview:-1"},"canonical":"https:\/\/ianima.com.br\/blog\/saude-mental\/depressao-maior-o-que-voce-precisa-saber\/","og_locale":"pt_BR","og_type":"article","og_title":"Depress\u00e3o Maior: O Que Voc\u00ea Precisa Saber","og_description":"Descubra os segredos sobre a Depress\u00e3o Maior que ningu\u00e9m te contou! Informa\u00e7\u00f5es essenciais para entender e enfrentar esse desafio!","og_url":"https:\/\/ianima.com.br\/blog\/saude-mental\/depressao-maior-o-que-voce-precisa-saber\/","og_site_name":"Terapia Online com IANIMA: Inova\u00e7\u00e3o e Aconselhamento. O terapeuta online ao seu alcance.","article_published_time":"2025-08-06T09:45:20+00:00","og_image":[{"width":1536,"height":1024,"url":"https:\/\/ianima.com.br\/blog\/wp-content\/uploads\/2025\/08\/1MM-122.webp","type":"image\/webp"}],"author":"Wanderlei Talib","twitter_card":"summary_large_image","twitter_misc":{"Escrito por":"Wanderlei Talib","Est. tempo de leitura":"8 minutos"},"schema":{"@context":"https:\/\/schema.org","@graph":[{"@type":"Article","@id":"https:\/\/ianima.com.br\/blog\/saude-mental\/depressao-maior-o-que-voce-precisa-saber\/#article","isPartOf":{"@id":"https:\/\/ianima.com.br\/blog\/saude-mental\/depressao-maior-o-que-voce-precisa-saber\/"},"author":{"name":"Wanderlei Talib","@id":"https:\/\/ianima.com.br\/blog\/#\/schema\/person\/85378d6a819826ce615ae2a7a04f68d8"},"headline":"Depress\u00e3o Maior: O Que Voc\u00ea Precisa Saber","datePublished":"2025-08-06T09:45:20+00:00","dateModified":"2025-08-06T09:45:20+00:00","mainEntityOfPage":{"@id":"https:\/\/ianima.com.br\/blog\/saude-mental\/depressao-maior-o-que-voce-precisa-saber\/"},"wordCount":1499,"publisher":{"@id":"https:\/\/ianima.com.br\/blog\/#organization"},"articleSection":["Sa\u00fade Mental"],"inLanguage":"pt-BR"},{"@type":["WebPage","FAQPage"],"@id":"https:\/\/ianima.com.br\/blog\/saude-mental\/depressao-maior-o-que-voce-precisa-saber\/","url":"https:\/\/ianima.com.br\/blog\/saude-mental\/depressao-maior-o-que-voce-precisa-saber\/","name":"Depress\u00e3o Maior: O Que Voc\u00ea Precisa Saber","isPartOf":{"@id":"https:\/\/ianima.com.br\/blog\/#website"},"datePublished":"2025-08-06T09:45:20+00:00","dateModified":"2025-08-06T09:45:20+00:00","description":"Descubra os segredos sobre a Depress\u00e3o Maior que ningu\u00e9m te contou! Informa\u00e7\u00f5es essenciais para entender e enfrentar esse desafio!","breadcrumb":{"@id":"https:\/\/ianima.com.br\/blog\/saude-mental\/depressao-maior-o-que-voce-precisa-saber\/#breadcrumb"},"mainEntity":[{"@id":"https:\/\/ianima.com.br\/blog\/saude-mental\/depressao-maior-o-que-voce-precisa-saber\/#faq-question-1754473299951"},{"@id":"https:\/\/ianima.com.br\/blog\/saude-mental\/depressao-maior-o-que-voce-precisa-saber\/#faq-question-1754473322534"},{"@id":"https:\/\/ianima.com.br\/blog\/saude-mental\/depressao-maior-o-que-voce-precisa-saber\/#faq-question-1754473345181"}],"inLanguage":"pt-BR","potentialAction":[{"@type":"ReadAction","target":["https:\/\/ianima.com.br\/blog\/saude-mental\/depressao-maior-o-que-voce-precisa-saber\/"]}]},{"@type":"BreadcrumbList","@id":"https:\/\/ianima.com.br\/blog\/saude-mental\/depressao-maior-o-que-voce-precisa-saber\/#breadcrumb","itemListElement":[{"@type":"ListItem","position":1,"name":"In\u00edcio","item":"https:\/\/ianima.com.br\/blog\/"},{"@type":"ListItem","position":2,"name":"Depress\u00e3o Maior: O Que Voc\u00ea Precisa Saber"}]},{"@type":"WebSite","@id":"https:\/\/ianima.com.br\/blog\/#website","url":"https:\/\/ianima.com.br\/blog\/","name":"Terapia Online com IANIMA: Inova\u00e7\u00e3o e Aconselhamento. O terapeuta online ao seu alcance.","description":"Terapia gratuita online com a IAnima, sua terapeuta online. Artigos sobre terapias online, sa\u00fade mental e bem-estar.","publisher":{"@id":"https:\/\/ianima.com.br\/blog\/#organization"},"potentialAction":[{"@type":"SearchAction","target":{"@type":"EntryPoint","urlTemplate":"https:\/\/ianima.com.br\/blog\/?s={search_term_string}"},"query-input":"required name=search_term_string"}],"inLanguage":"pt-BR"},{"@type":"Organization","@id":"https:\/\/ianima.com.br\/blog\/#organization","name":"Terapia Online com IANIMA: Inova\u00e7\u00e3o e Aconselhamento. O terapeuta online ao seu alcance.","url":"https:\/\/ianima.com.br\/blog\/","logo":{"@type":"ImageObject","inLanguage":"pt-BR","@id":"https:\/\/ianima.com.br\/blog\/#\/schema\/logo\/image\/","url":"https:\/\/ianima.com.br\/blog\/wp-content\/uploads\/2025\/04\/cropped-IAnima-terapia-online.webp","contentUrl":"https:\/\/ianima.com.br\/blog\/wp-content\/uploads\/2025\/04\/cropped-IAnima-terapia-online.webp","width":819,"height":222,"caption":"Terapia Online com IANIMA: Inova\u00e7\u00e3o e Aconselhamento. O terapeuta online ao seu alcance."},"image":{"@id":"https:\/\/ianima.com.br\/blog\/#\/schema\/logo\/image\/"}},{"@type":"Person","@id":"https:\/\/ianima.com.br\/blog\/#\/schema\/person\/85378d6a819826ce615ae2a7a04f68d8","name":"Wanderlei Talib","image":{"@type":"ImageObject","inLanguage":"pt-BR","@id":"https:\/\/ianima.com.br\/blog\/#\/schema\/person\/image\/","url":"https:\/\/ianima.com.br\/blog\/wp-content\/litespeed\/avatar\/a0461c2b338365ab5dd45a3e926e23c7.jpg?ver=1777055969","contentUrl":"https:\/\/ianima.com.br\/blog\/wp-content\/litespeed\/avatar\/a0461c2b338365ab5dd45a3e926e23c7.jpg?ver=1777055969","caption":"Wanderlei Talib"},"sameAs":["https:\/\/ianima.com.br\/blog"],"url":"https:\/\/ianima.com.br\/blog\/author\/adminedu\/"},{"@type":"Question","@id":"https:\/\/ianima.com.br\/blog\/saude-mental\/depressao-maior-o-que-voce-precisa-saber\/#faq-question-1754473299951","position":1,"url":"https:\/\/ianima.com.br\/blog\/saude-mental\/depressao-maior-o-que-voce-precisa-saber\/#faq-question-1754473299951","name":"O que \u00e9 depress\u00e3o maior?","answerCount":1,"acceptedAnswer":{"@type":"Answer","text":"Depress\u00e3o maior \u00e9 um transtorno mental caracterizado por sentimentos intensos de tristeza, perda de interesse e energia reduzida, que afetam a vida di\u00e1ria.","inLanguage":"pt-BR"},"inLanguage":"pt-BR"},{"@type":"Question","@id":"https:\/\/ianima.com.br\/blog\/saude-mental\/depressao-maior-o-que-voce-precisa-saber\/#faq-question-1754473322534","position":2,"url":"https:\/\/ianima.com.br\/blog\/saude-mental\/depressao-maior-o-que-voce-precisa-saber\/#faq-question-1754473322534","name":"Quais s\u00e3o os sintomas da depress\u00e3o maior?","answerCount":1,"acceptedAnswer":{"@type":"Answer","text":"Os sintomas incluem tristeza persistente, altera\u00e7\u00f5es no sono, falta de apetite, dificuldade de concentra\u00e7\u00e3o e at\u00e9 pensamentos suicidas.","inLanguage":"pt-BR"},"inLanguage":"pt-BR"},{"@type":"Question","@id":"https:\/\/ianima.com.br\/blog\/saude-mental\/depressao-maior-o-que-voce-precisa-saber\/#faq-question-1754473345181","position":3,"url":"https:\/\/ianima.com.br\/blog\/saude-mental\/depressao-maior-o-que-voce-precisa-saber\/#faq-question-1754473345181","name":"Como tratar a depress\u00e3o maior?","answerCount":1,"acceptedAnswer":{"@type":"Answer","text":"O tratamento geralmente envolve terapia, medicamentos antidepressivos e mudan\u00e7as no estilo de vida, como exerc\u00edcios e alimenta\u00e7\u00e3o saud\u00e1vel.","inLanguage":"pt-BR"},"inLanguage":"pt-BR"}]}},"_links":{"self":[{"href":"https:\/\/ianima.com.br\/blog\/wp-json\/wp\/v2\/posts\/9005","targetHints":{"allow":["GET"]}}],"collection":[{"href":"https:\/\/ianima.com.br\/blog\/wp-json\/wp\/v2\/posts"}],"about":[{"href":"https:\/\/ianima.com.br\/blog\/wp-json\/wp\/v2\/types\/post"}],"author":[{"embeddable":true,"href":"https:\/\/ianima.com.br\/blog\/wp-json\/wp\/v2\/users\/1"}],"replies":[{"embeddable":true,"href":"https:\/\/ianima.com.br\/blog\/wp-json\/wp\/v2\/comments?post=9005"}],"version-history":[{"count":1,"href":"https:\/\/ianima.com.br\/blog\/wp-json\/wp\/v2\/posts\/9005\/revisions"}],"predecessor-version":[{"id":9009,"href":"https:\/\/ianima.com.br\/blog\/wp-json\/wp\/v2\/posts\/9005\/revisions\/9009"}],"wp:featuredmedia":[{"embeddable":true,"href":"https:\/\/ianima.com.br\/blog\/wp-json\/wp\/v2\/media\/9007"}],"wp:attachment":[{"href":"https:\/\/ianima.com.br\/blog\/wp-json\/wp\/v2\/media?parent=9005"}],"wp:term":[{"taxonomy":"category","embeddable":true,"href":"https:\/\/ianima.com.br\/blog\/wp-json\/wp\/v2\/categories?post=9005"},{"taxonomy":"post_tag","embeddable":true,"href":"https:\/\/ianima.com.br\/blog\/wp-json\/wp\/v2\/tags?post=9005"}],"curies":[{"name":"wp","href":"https:\/\/api.w.org\/{rel}","templated":true}]}}