{"id":9010,"date":"2025-08-06T10:21:26","date_gmt":"2025-08-06T10:21:26","guid":{"rendered":"https:\/\/ianima.com.br\/blog\/?p=9010"},"modified":"2025-08-06T10:21:27","modified_gmt":"2025-08-06T10:21:27","slug":"como-sair-da-depressao-profunda-o-que-fazer","status":"publish","type":"post","link":"https:\/\/ianima.com.br\/blog\/saude-mental\/como-sair-da-depressao-profunda-o-que-fazer\/","title":{"rendered":"Como Sair da Depress\u00e3o Profunda: O Que Fazer"},"content":{"rendered":"\n<p>Antes de tudo, \u00e9 importante reconhecer que lidar com uma <strong>depress\u00e3o profunda<\/strong> n\u00e3o \u00e9 sinal de fraqueza, mas sim um enfrentamento humano diante de dores emocionais intensas. Voc\u00ea j\u00e1 se sentiu preso em uma escurid\u00e3o sem fim, onde at\u00e9 as tarefas simples parecem inalcan\u00e7\u00e1veis? Essa sensa\u00e7\u00e3o \u00e9 mais comum do que se imagina \u2014 e compreender o que est\u00e1 acontecendo \u00e9 o primeiro passo para mudar esse cen\u00e1rio.<\/p>\n\n\n\n<p>Com base na experi\u00eancia em sa\u00fade mental, este artigo prop\u00f5e um olhar cuidadoso, realista e acolhedor sobre os sinais, causas e caminhos para compreender a <strong>depress\u00e3o profunda<\/strong> que podem estar impactando sua vida.<\/p>\n\n\n\n<h2 class=\"wp-block-heading\" id=\"h-os-sinais-e-sintomas-da-depressao-profunda\">Os Sinais e Sintomas da Depress\u00e3o Profunda<\/h2>\n\n\n\n<p>A <strong>depress\u00e3o profunda<\/strong> vai al\u00e9m da tristeza passageira. Ela se infiltra no cotidiano e pode paralisar o desejo de viver.<\/p>\n\n\n\n<p>Entre os sintomas mais comuns, destacam-se:<\/p>\n\n\n\n<ul class=\"wp-block-list\">\n<li>Sentimento persistente de vazio ou desesperan\u00e7a<\/li>\n\n\n\n<li>Fadiga intensa, mesmo ap\u00f3s descanso<\/li>\n\n\n\n<li>Dificuldade para se concentrar, tomar decis\u00f5es ou lembrar coisas simples<\/li>\n\n\n\n<li>Perda de interesse por atividades antes prazerosas<\/li>\n\n\n\n<li>Altera\u00e7\u00f5es no sono (ins\u00f4nia ou sono excessivo)<\/li>\n\n\n\n<li>Mudan\u00e7as no apetite e peso<\/li>\n\n\n\n<li>Pensamentos frequentes sobre morte ou suic\u00eddio<\/li>\n\n\n\n<li>Sensa\u00e7\u00f5es de inutilidade, culpa excessiva ou autodeprecia\u00e7\u00e3o<\/li>\n<\/ul>\n\n\n\n<p>Al\u00e9m disso, podem surgir sintomas f\u00edsicos como dores sem causa aparente, sensa\u00e7\u00e3o de press\u00e3o no peito e mal-estar generalizado.<\/p>\n\n\n\n<h2 class=\"wp-block-heading\" id=\"h-a-psicologia-por-tras-da-vida-real-a-depressao-profunda-no-dia-a-dia\">A Psicologia por Tr\u00e1s da Vida Real: A Depress\u00e3o Profunda no Dia a Dia *<\/h2>\n\n\n\n<p>Imagine uma pessoa que sempre foi produtiva, social e comprometida. Aos poucos, ela come\u00e7a a faltar compromissos, se isola e perde o brilho nos olhos. N\u00e3o \u00e9 desinteresse ou \u201cpregui\u00e7a\u201d \u2014 \u00e9 a <strong>depress\u00e3o profunda<\/strong> silenciando a energia vital.<\/p>\n\n\n\n<p>Como uma tempestade interna que n\u00e3o se v\u00ea do lado de fora, ela afeta as decis\u00f5es, os relacionamentos e at\u00e9 mesmo o autocuidado b\u00e1sico, como tomar banho ou se alimentar.<\/p>\n\n\n\n<p>\u00c9 como tentar nadar com pedras nos bolsos: cada tentativa de rea\u00e7\u00e3o parece mais dif\u00edcil que a anterior. E, muitas vezes, quem convive com a pessoa n\u00e3o entende a gravidade do que est\u00e1 acontecendo.<\/p>\n\n\n\n<h2 class=\"wp-block-heading\" id=\"h-compreendendo-os-momentos-criticos-da-depressao-profunda\">Compreendendo os Momentos Cr\u00edticos da Depress\u00e3o Profunda<\/h2>\n\n\n\n<p>Momentos cr\u00edticos s\u00e3o fases em que os sintomas se intensificam a ponto de comprometer completamente a funcionalidade da pessoa.<\/p>\n\n\n\n<p>Entre os principais sinais, est\u00e3o:<\/p>\n\n\n\n<ul class=\"wp-block-list\">\n<li>Incapacidade de sair da cama por dias seguidos<\/li>\n\n\n\n<li>Isolamento extremo e ruptura de v\u00ednculos afetivos<\/li>\n\n\n\n<li>Idea\u00e7\u00e3o suicida frequente ou planejamento de a\u00e7\u00f5es autodestrutivas<\/li>\n\n\n\n<li>Neglig\u00eancia de necessidades b\u00e1sicas, como alimenta\u00e7\u00e3o, higiene e medica\u00e7\u00e3o<\/li>\n<\/ul>\n\n\n\n<p>Esses momentos exigem aten\u00e7\u00e3o redobrada e, sempre que poss\u00edvel, o apoio de uma rede confi\u00e1vel e de profissionais capacitados.<\/p>\n\n\n\n<h2 class=\"wp-block-heading\" id=\"h-o-que-desencadeia-a-depressao-profunda\">O Que Desencadeia a Depress\u00e3o Profunda?<\/h2>\n\n\n\n<p>V\u00e1rios fatores podem contribuir para o surgimento ou agravamento da <strong>depress\u00e3o profunda<\/strong>. Eles se dividem entre causas internas e externas:<\/p>\n\n\n\n<p><strong>Fatores internos:<\/strong><\/p>\n\n\n\n<ul class=\"wp-block-list\">\n<li>Vulnerabilidade gen\u00e9tica<\/li>\n\n\n\n<li>Hist\u00f3rico pr\u00e9vio de transtornos mentais<\/li>\n\n\n\n<li>Baixa autoestima cr\u00f4nica<\/li>\n\n\n\n<li>Processos de luto ou traumas n\u00e3o elaborados<\/li>\n<\/ul>\n\n\n\n<p><strong>Fatores externos:<\/strong><\/p>\n\n\n\n<ul class=\"wp-block-list\">\n<li>Estresse cont\u00ednuo no trabalho ou nas rela\u00e7\u00f5es<\/li>\n\n\n\n<li>Experi\u00eancias de abandono, rejei\u00e7\u00e3o ou viol\u00eancia<\/li>\n\n\n\n<li>Isolamento social prolongado<\/li>\n\n\n\n<li>Perdas significativas (pessoas, status, sonhos)<\/li>\n<\/ul>\n\n\n\n<p>Muitas vezes, \u00e9 a combina\u00e7\u00e3o de v\u00e1rios fatores que torna a experi\u00eancia t\u00e3o avassaladora.<\/p>\n\n\n\n<h2 class=\"wp-block-heading\" id=\"h-mitos-e-verdades-sobre-solucoes-para-a-depressao-profunda\">Mitos e Verdades sobre Solu\u00e7\u00f5es para a Depress\u00e3o Profunda<\/h2>\n\n\n\n<p><strong>Mito:<\/strong> \u201c\u00c9 s\u00f3 querer que passa.\u201d<br><strong>Verdade:<\/strong> A for\u00e7a de vontade pode ser importante, mas n\u00e3o \u00e9 suficiente. A <strong>depress\u00e3o profunda<\/strong> \u00e9 uma condi\u00e7\u00e3o complexa, que exige compreens\u00e3o, suporte e, muitas vezes, ajuda profissional.<\/p>\n\n\n\n<p><strong>Mito:<\/strong> \u201cRem\u00e9dio \u00e9 coisa de fraco.\u201d<br><strong>Verdade:<\/strong> Medicamentos, quando bem indicados, podem ser parte fundamental do processo de recupera\u00e7\u00e3o. Assim como se trata uma infec\u00e7\u00e3o com antibi\u00f3tico, o c\u00e9rebro tamb\u00e9m merece cuidado.<\/p>\n\n\n\n<p><strong>Mito:<\/strong> \u201cConversar n\u00e3o resolve nada.\u201d<br><strong>Verdade:<\/strong> A escuta acolhedora e interven\u00e7\u00f5es psicoterap\u00eauticas s\u00e3o comprovadamente eficazes no al\u00edvio e reorganiza\u00e7\u00e3o emocional.<\/p>\n\n\n\n<h2 class=\"wp-block-heading\" id=\"h-como-lidar-com-a-depressao-profunda-no-dia-a-dia\">Como Lidar com a Depress\u00e3o Profunda no Dia a Dia<\/h2>\n\n\n\n<p>Embora cada processo seja \u00fanico, algumas a\u00e7\u00f5es pr\u00e1ticas podem fazer diferen\u00e7a:<\/p>\n\n\n\n<ul class=\"wp-block-list\">\n<li>Crie micro-rotinas (como arrumar a cama ou abrir a janela)<\/li>\n\n\n\n<li>Estabele\u00e7a metas m\u00ednimas e alcan\u00e7\u00e1veis<\/li>\n\n\n\n<li>Pratique a autocompaix\u00e3o: fale consigo como falaria com um amigo querido<\/li>\n\n\n\n<li>Conecte-se com pessoas de confian\u00e7a, mesmo que por mensagens curtas<\/li>\n\n\n\n<li>Reduza o consumo de conte\u00fados negativos ou gatilhos emocionais<\/li>\n<\/ul>\n\n\n\n<p>Pequenos movimentos t\u00eam grande valor \u2014 cada gesto \u00e9 um passo contra a paralisia emocional.<\/p>\n\n\n\n<h2 class=\"wp-block-heading\" id=\"h-a-depressao-profunda-no-corpo-e-na-mente-manifestacoes\">A Depress\u00e3o Profunda no Corpo e na Mente: Manifesta\u00e7\u00f5es<\/h2>\n\n\n\n<p>O corpo responde \u00e0 dor emocional com sinais f\u00edsicos: dores persistentes, fadiga extrema, tens\u00e3o muscular, problemas digestivos e at\u00e9 imunidade comprometida.<\/p>\n\n\n\n<p>Na mente, h\u00e1 lentid\u00e3o de racioc\u00ednio, pensamentos negativos repetitivos e dificuldade de enxergar perspectivas futuras. Corpo e mente caminham juntos, e cuidar de um impacta positivamente o outro.<\/p>\n\n\n\n<h2 class=\"wp-block-heading\" id=\"h-depressao-existencial-uma-perspectiva-ampliada\">Depress\u00e3o Existencial: Uma Perspectiva Ampliada<\/h2>\n\n\n\n<p>Algumas pessoas enfrentam uma <strong>depress\u00e3o profunda<\/strong> que se conecta \u00e0 busca por sentido, prop\u00f3sito e identidade. \u00c9 a chamada <strong>depress\u00e3o existencial<\/strong>, que pode surgir diante de grandes transi\u00e7\u00f5es de vida, como a aposentadoria, maternidade\/paternidade ou perdas importantes.<\/p>\n\n\n\n<p>Nesse caso, o sofrimento n\u00e3o est\u00e1 ligado apenas ao que aconteceu, mas ao vazio que se instala diante de uma vida que parece sem dire\u00e7\u00e3o.<\/p>\n\n\n\n<h2 class=\"wp-block-heading\" id=\"h-quem-busca-alivio-para-a-depressao-profunda\">Quem Busca Al\u00edvio para a Depress\u00e3o Profunda?<\/h2>\n\n\n\n<p>A <strong>depress\u00e3o profunda<\/strong> pode atingir qualquer pessoa \u2014 independentemente de idade, g\u00eanero ou condi\u00e7\u00e3o social.<\/p>\n\n\n\n<p>Pode ser a m\u00e3e exausta emocionalmente, o jovem pressionado pelas expectativas, o profissional aparentemente bem-sucedido que se sente desmoronar por dentro. A dor silenciosa n\u00e3o escolhe rostos, e muitos s\u00f3 buscam ajuda quando o sofrimento se torna insuport\u00e1vel.<\/p>\n\n\n\n<h2 class=\"wp-block-heading\" id=\"h-diferentes-abordagens-para-lidar-com-a-depressao-profunda\">Diferentes Abordagens para Lidar com a Depress\u00e3o Profunda<\/h2>\n\n\n\n<ul class=\"wp-block-list\">\n<li>Psicoterapia (como terapia cognitivo-comportamental, psicodin\u00e2mica)<\/li>\n\n\n\n<li>Apoio psiqui\u00e1trico e uso de medicamentos quando necess\u00e1rio<\/li>\n\n\n\n<li>Pr\u00e1ticas de autocuidado (alimenta\u00e7\u00e3o, sono, movimento f\u00edsico)<\/li>\n\n\n\n<li>Atividades expressivas (escrita, arte, m\u00fasica)<\/li>\n\n\n\n<li>Grupos de apoio ou espa\u00e7os de partilha<\/li>\n<\/ul>\n\n\n\n<p>A escolha do caminho deve respeitar o ritmo e a hist\u00f3ria de cada pessoa.<\/p>\n\n\n\n<h2 class=\"wp-block-heading\" id=\"h-sinais-de-alerta-quando-buscar-ajuda-profissional\">Sinais de Alerta: Quando Buscar Ajuda Profissional<\/h2>\n\n\n\n<ul class=\"wp-block-list\">\n<li>Quando os sintomas persistem por semanas<\/li>\n\n\n\n<li>Quando h\u00e1 pensamentos de autoles\u00e3o ou suic\u00eddio<\/li>\n\n\n\n<li>Quando o sofrimento interfere no trabalho, nos relacionamentos e no cuidado pessoal<\/li>\n\n\n\n<li>Quando h\u00e1 sentimento constante de que \u201cnada mais faz sentido\u201d<\/li>\n<\/ul>\n\n\n\n<p>Buscar apoio n\u00e3o \u00e9 sinal de fraqueza \u2014 \u00e9 um ato de coragem e de cuidado com a pr\u00f3pria vida.<\/p>\n\n\n\n<h2 class=\"wp-block-heading\" id=\"h-recursos-e-informacoes-confiaveis-sobre-a-depressao-profunda\">Recursos e Informa\u00e7\u00f5es Confi\u00e1veis sobre a Depress\u00e3o Profunda<\/h2>\n\n\n\n<ul class=\"wp-block-list\">\n<li>Sites de institui\u00e7\u00f5es de sa\u00fade mental reconhecidas (OMS, Minist\u00e9rio da Sa\u00fade, CVV)<\/li>\n\n\n\n<li>Publica\u00e7\u00f5es de universidades e centros de pesquisa<\/li>\n\n\n\n<li>Profissionais com forma\u00e7\u00e3o e registro reconhecido<\/li>\n\n\n\n<li>Grupos e redes de apoio confi\u00e1veis<\/li>\n<\/ul>\n\n\n\n<p>Evite fontes sensacionalistas ou conte\u00fados sem embasamento cient\u00edfico.<\/p>\n\n\n\n<h2 class=\"wp-block-heading\" id=\"h-dicas-para-acao-imediata-em-momentos-de-depressao-profunda\">Dicas para A\u00e7\u00e3o Imediata em Momentos de Depress\u00e3o Profunda<\/h2>\n\n\n\n<ul class=\"wp-block-list\">\n<li>Respire conscientemente por 1 minuto<\/li>\n\n\n\n<li>Escreva seus sentimentos sem julgamento<\/li>\n\n\n\n<li>Ou\u00e7a uma m\u00fasica que traga calma<\/li>\n\n\n\n<li>Mande uma mensagem para algu\u00e9m que confie<\/li>\n\n\n\n<li>Beba um copo de \u00e1gua e mova-se por 3 minutos<\/li>\n\n\n\n<li>Procure um local silencioso e seguro<\/li>\n<\/ul>\n\n\n\n<p>Essas pequenas a\u00e7\u00f5es n\u00e3o resolvem tudo, mas podem interromper ciclos autom\u00e1ticos de sofrimento intenso.<\/p>\n\n\n\n<h2 class=\"wp-block-heading\" id=\"h-conclusao\">Conclus\u00e3o<\/h2>\n\n\n\n<p>Em suma, sair de uma <strong>depress\u00e3o profunda<\/strong> \u00e9 um processo que exige paci\u00eancia, autocompaix\u00e3o e apoio. N\u00e3o existe f\u00f3rmula m\u00e1gica, mas h\u00e1 caminhos poss\u00edveis \u2014 e nenhum deles precisa ser trilhado sozinho.<\/p>\n\n\n\n<p>Se voc\u00ea se identifica com esses sinais, buscar informa\u00e7\u00e3o e apoio pode ser o primeiro passo para uma vida mais leve e equilibrada.<\/p>\n\n\n\n<p>* Essas narrativas s\u00e3o fict\u00edcias mas inspiradas em situa\u00e7\u00f5es comumente vivenciadas nos estudos e na cl\u00ednica psicol\u00f3gica.<\/p>\n\n\n\n<figure class=\"wp-block-image aligncenter size-large is-resized\"><img fetchpriority=\"high\" decoding=\"async\" width=\"1024\" height=\"683\" src=\"https:\/\/ianima.com.br\/blog\/wp-content\/uploads\/2025\/08\/2MM-123-1024x683.webp\" alt=\"Como Sair da Depress\u00e3o Profunda: O Que Fazer\" class=\"wp-image-9013\" style=\"width:500px\" srcset=\"https:\/\/ianima.com.br\/blog\/wp-content\/uploads\/2025\/08\/2MM-123-1024x683.webp 1024w, https:\/\/ianima.com.br\/blog\/wp-content\/uploads\/2025\/08\/2MM-123-300x200.webp 300w, https:\/\/ianima.com.br\/blog\/wp-content\/uploads\/2025\/08\/2MM-123-768x512.webp 768w, https:\/\/ianima.com.br\/blog\/wp-content\/uploads\/2025\/08\/2MM-123.webp 1536w\" sizes=\"(max-width: 1024px) 100vw, 1024px\" \/><\/figure>\n\n\n\n<h2 class=\"wp-block-heading\" id=\"h-perguntas-frequentes-faq\">Perguntas Frequentes (FAQ)<\/h2>\n\n\n\n<div class=\"schema-faq wp-block-yoast-faq-block\"><div class=\"schema-faq-section\" id=\"faq-question-1754475496730\"><strong class=\"schema-faq-question\">O que \u00e9 depress\u00e3o profunda?<\/strong> <p class=\"schema-faq-answer\">Depress\u00e3o profunda \u00e9 um transtorno mental s\u00e9rio que afeta o humor, a energia e a capacidade de realizar atividades di\u00e1rias.<\/p> <\/div> <div class=\"schema-faq-section\" id=\"faq-question-1754475518050\"><strong class=\"schema-faq-question\">Quais s\u00e3o os sinais de que algu\u00e9m pode estar com depress\u00e3o profunda?<\/strong> <p class=\"schema-faq-answer\">Os sinais incluem tristeza intensa, falta de interesse em atividades que antes eram prazerosas, altera\u00e7\u00f5es no sono e apetite, e dificuldades de concentra\u00e7\u00e3o.<\/p> <\/div> <div class=\"schema-faq-section\" id=\"faq-question-1754475542947\"><strong class=\"schema-faq-question\">Como posso buscar ajuda para sair da depress\u00e3o profunda?<\/strong> <p class=\"schema-faq-answer\">Buscar ajuda profissional \u00e9 essencial<\/p> <\/div> <\/div>\n\n\n\n<ul class=\"wp-block-yoast-seo-related-links\"><li><a href=\"https:\/\/ianima.com.br\/blog\/saude-mental\/como-sair-de-uma-depressao-profunda-um-guia-completo\/\">Como Sair de uma Depress\u00e3o Profunda: Um Guia Completo<\/a><\/li><li><a href=\"https:\/\/ianima.com.br\/blog\/saude-mental\/como-sair-da-depressao-profunda-caminhos-e-estrategias\/\">Como Sair da Depress\u00e3o Profunda: Caminhos e Estrat\u00e9gias<\/a><\/li><li><a href=\"https:\/\/ianima.com.br\/blog\/saude-mental\/o-que-e-depressao-profunda-sinais-causas-e-caminhos\/\">O que \u00e9 depress\u00e3o profunda: sinais, causas e caminhos<\/a><\/li><li><a href=\"https:\/\/ianima.com.br\/blog\/saude-mental\/sintomas-da-depressao-profunda-o-que-voce-precisa-saber\/\">Sintomas da Depress\u00e3o Profunda: O Que Voc\u00ea Precisa Saber<\/a><\/li><li><a href=\"https:\/\/ianima.com.br\/blog\/saude-mental\/depressao-profunda-o-que-voce-precisa-saber\/\">Depress\u00e3o Profunda: O Que Voc\u00ea Precisa Saber<\/a><\/li><\/ul>\n","protected":false},"excerpt":{"rendered":"<p>Antes de tudo, \u00e9 importante reconhecer que lidar com uma depress\u00e3o profunda n\u00e3o \u00e9 sinal de fraqueza, mas sim um enfrentamento humano diante de dores emocionais intensas. Voc\u00ea j\u00e1 se sentiu preso em uma escurid\u00e3o sem fim, onde at\u00e9 as tarefas simples parecem inalcan\u00e7\u00e1veis? Essa sensa\u00e7\u00e3o \u00e9 mais comum do que se imagina \u2014 e [&hellip;]<\/p>\n","protected":false},"author":1,"featured_media":9012,"comment_status":"closed","ping_status":"closed","sticky":false,"template":"","format":"standard","meta":{"site-sidebar-layout":"default","site-content-layout":"","ast-site-content-layout":"default","site-content-style":"default","site-sidebar-style":"default","ast-global-header-display":"","ast-banner-title-visibility":"","ast-main-header-display":"","ast-hfb-above-header-display":"","ast-hfb-below-header-display":"","ast-hfb-mobile-header-display":"","site-post-title":"","ast-breadcrumbs-content":"","ast-featured-img":"","footer-sml-layout":"","theme-transparent-header-meta":"","adv-header-id-meta":"","stick-header-meta":"","header-above-stick-meta":"","header-main-stick-meta":"","header-below-stick-meta":"","astra-migrate-meta-layouts":"set","ast-page-background-enabled":"default","ast-page-background-meta":{"desktop":{"background-color":"","background-image":"","background-repeat":"repeat","background-position":"center center","background-size":"auto","background-attachment":"scroll","background-type":"","background-media":"","overlay-type":"","overlay-color":"","overlay-opacity":"","overlay-gradient":""},"tablet":{"background-color":"","background-image":"","background-repeat":"repeat","background-position":"center center","background-size":"auto","background-attachment":"scroll","background-type":"","background-media":"","overlay-type":"","overlay-color":"","overlay-opacity":"","overlay-gradient":""},"mobile":{"background-color":"","background-image":"","background-repeat":"repeat","background-position":"center center","background-size":"auto","background-attachment":"scroll","background-type":"","background-media":"","overlay-type":"","overlay-color":"","overlay-opacity":"","overlay-gradient":""}},"ast-content-background-meta":{"desktop":{"background-color":"var(--ast-global-color-5)","background-image":"","background-repeat":"repeat","background-position":"center center","background-size":"auto","background-attachment":"scroll","background-type":"","background-media":"","overlay-type":"","overlay-color":"","overlay-opacity":"","overlay-gradient":""},"tablet":{"background-color":"var(--ast-global-color-5)","background-image":"","background-repeat":"repeat","background-position":"center center","background-size":"auto","background-attachment":"scroll","background-type":"","background-media":"","overlay-type":"","overlay-color":"","overlay-opacity":"","overlay-gradient":""},"mobile":{"background-color":"var(--ast-global-color-5)","background-image":"","background-repeat":"repeat","background-position":"center center","background-size":"auto","background-attachment":"scroll","background-type":"","background-media":"","overlay-type":"","overlay-color":"","overlay-opacity":"","overlay-gradient":""}},"footnotes":""},"categories":[24],"tags":[],"class_list":["post-9010","post","type-post","status-publish","format-standard","has-post-thumbnail","hentry","category-saude-mental"],"yoast_head":"<!-- This site is optimized with the Yoast SEO Premium plugin v20.8 (Yoast SEO v20.8) - https:\/\/yoast.com\/wordpress\/plugins\/seo\/ -->\n<title>Como Sair da Depress\u00e3o Profunda: O Que Fazer<\/title>\n<meta name=\"description\" content=\"Descubra os segredos surpreendentes para vencer a depress\u00e3o profunda! Transforme sua vida e recupere sua felicidade agora mesmo!\" \/>\n<meta name=\"robots\" content=\"index, follow, max-snippet:-1, max-image-preview:large, max-video-preview:-1\" \/>\n<link rel=\"canonical\" href=\"https:\/\/ianima.com.br\/blog\/saude-mental\/como-sair-da-depressao-profunda-o-que-fazer\/\" \/>\n<meta property=\"og:locale\" content=\"pt_BR\" \/>\n<meta property=\"og:type\" content=\"article\" \/>\n<meta property=\"og:title\" content=\"Como Sair da Depress\u00e3o Profunda: O Que Fazer\" \/>\n<meta property=\"og:description\" content=\"Descubra os segredos surpreendentes para vencer a depress\u00e3o profunda! Transforme sua vida e recupere sua felicidade agora mesmo!\" \/>\n<meta property=\"og:url\" content=\"https:\/\/ianima.com.br\/blog\/saude-mental\/como-sair-da-depressao-profunda-o-que-fazer\/\" \/>\n<meta property=\"og:site_name\" content=\"Terapia Online com IANIMA: Inova\u00e7\u00e3o e Aconselhamento. O terapeuta online ao seu alcance.\" \/>\n<meta property=\"article:published_time\" content=\"2025-08-06T10:21:26+00:00\" \/>\n<meta property=\"article:modified_time\" content=\"2025-08-06T10:21:27+00:00\" \/>\n<meta property=\"og:image\" content=\"https:\/\/ianima.com.br\/blog\/wp-content\/uploads\/2025\/08\/1MM-123.webp\" \/>\n\t<meta property=\"og:image:width\" content=\"1536\" \/>\n\t<meta property=\"og:image:height\" content=\"1024\" \/>\n\t<meta property=\"og:image:type\" content=\"image\/webp\" \/>\n<meta name=\"author\" content=\"Wanderlei Talib\" \/>\n<meta name=\"twitter:card\" content=\"summary_large_image\" \/>\n<meta name=\"twitter:label1\" content=\"Escrito por\" \/>\n\t<meta name=\"twitter:data1\" content=\"Wanderlei Talib\" \/>\n\t<meta name=\"twitter:label2\" content=\"Est. tempo de leitura\" \/>\n\t<meta name=\"twitter:data2\" content=\"8 minutos\" \/>\n<script type=\"application\/ld+json\" class=\"yoast-schema-graph\">{\"@context\":\"https:\/\/schema.org\",\"@graph\":[{\"@type\":\"Article\",\"@id\":\"https:\/\/ianima.com.br\/blog\/saude-mental\/como-sair-da-depressao-profunda-o-que-fazer\/#article\",\"isPartOf\":{\"@id\":\"https:\/\/ianima.com.br\/blog\/saude-mental\/como-sair-da-depressao-profunda-o-que-fazer\/\"},\"author\":{\"name\":\"Wanderlei Talib\",\"@id\":\"https:\/\/ianima.com.br\/blog\/#\/schema\/person\/85378d6a819826ce615ae2a7a04f68d8\"},\"headline\":\"Como Sair da Depress\u00e3o Profunda: O Que Fazer\",\"datePublished\":\"2025-08-06T10:21:26+00:00\",\"dateModified\":\"2025-08-06T10:21:27+00:00\",\"mainEntityOfPage\":{\"@id\":\"https:\/\/ianima.com.br\/blog\/saude-mental\/como-sair-da-depressao-profunda-o-que-fazer\/\"},\"wordCount\":1428,\"publisher\":{\"@id\":\"https:\/\/ianima.com.br\/blog\/#organization\"},\"articleSection\":[\"Sa\u00fade Mental\"],\"inLanguage\":\"pt-BR\"},{\"@type\":[\"WebPage\",\"FAQPage\"],\"@id\":\"https:\/\/ianima.com.br\/blog\/saude-mental\/como-sair-da-depressao-profunda-o-que-fazer\/\",\"url\":\"https:\/\/ianima.com.br\/blog\/saude-mental\/como-sair-da-depressao-profunda-o-que-fazer\/\",\"name\":\"Como Sair da Depress\u00e3o Profunda: O Que Fazer\",\"isPartOf\":{\"@id\":\"https:\/\/ianima.com.br\/blog\/#website\"},\"datePublished\":\"2025-08-06T10:21:26+00:00\",\"dateModified\":\"2025-08-06T10:21:27+00:00\",\"description\":\"Descubra os segredos surpreendentes para vencer a depress\u00e3o profunda! Transforme sua vida e recupere sua felicidade agora mesmo!\",\"breadcrumb\":{\"@id\":\"https:\/\/ianima.com.br\/blog\/saude-mental\/como-sair-da-depressao-profunda-o-que-fazer\/#breadcrumb\"},\"mainEntity\":[{\"@id\":\"https:\/\/ianima.com.br\/blog\/saude-mental\/como-sair-da-depressao-profunda-o-que-fazer\/#faq-question-1754475496730\"},{\"@id\":\"https:\/\/ianima.com.br\/blog\/saude-mental\/como-sair-da-depressao-profunda-o-que-fazer\/#faq-question-1754475518050\"},{\"@id\":\"https:\/\/ianima.com.br\/blog\/saude-mental\/como-sair-da-depressao-profunda-o-que-fazer\/#faq-question-1754475542947\"}],\"inLanguage\":\"pt-BR\",\"potentialAction\":[{\"@type\":\"ReadAction\",\"target\":[\"https:\/\/ianima.com.br\/blog\/saude-mental\/como-sair-da-depressao-profunda-o-que-fazer\/\"]}]},{\"@type\":\"BreadcrumbList\",\"@id\":\"https:\/\/ianima.com.br\/blog\/saude-mental\/como-sair-da-depressao-profunda-o-que-fazer\/#breadcrumb\",\"itemListElement\":[{\"@type\":\"ListItem\",\"position\":1,\"name\":\"In\u00edcio\",\"item\":\"https:\/\/ianima.com.br\/blog\/\"},{\"@type\":\"ListItem\",\"position\":2,\"name\":\"Como Sair da Depress\u00e3o Profunda: O Que Fazer\"}]},{\"@type\":\"WebSite\",\"@id\":\"https:\/\/ianima.com.br\/blog\/#website\",\"url\":\"https:\/\/ianima.com.br\/blog\/\",\"name\":\"Terapia Online com IANIMA: Inova\u00e7\u00e3o e Aconselhamento. O terapeuta online ao seu alcance.\",\"description\":\"Terapia gratuita online com a IAnima, sua terapeuta online. Artigos sobre terapias online, sa\u00fade mental e bem-estar.\",\"publisher\":{\"@id\":\"https:\/\/ianima.com.br\/blog\/#organization\"},\"potentialAction\":[{\"@type\":\"SearchAction\",\"target\":{\"@type\":\"EntryPoint\",\"urlTemplate\":\"https:\/\/ianima.com.br\/blog\/?s={search_term_string}\"},\"query-input\":\"required name=search_term_string\"}],\"inLanguage\":\"pt-BR\"},{\"@type\":\"Organization\",\"@id\":\"https:\/\/ianima.com.br\/blog\/#organization\",\"name\":\"Terapia Online com IANIMA: Inova\u00e7\u00e3o e Aconselhamento. O terapeuta online ao seu alcance.\",\"url\":\"https:\/\/ianima.com.br\/blog\/\",\"logo\":{\"@type\":\"ImageObject\",\"inLanguage\":\"pt-BR\",\"@id\":\"https:\/\/ianima.com.br\/blog\/#\/schema\/logo\/image\/\",\"url\":\"https:\/\/ianima.com.br\/blog\/wp-content\/uploads\/2025\/04\/cropped-IAnima-terapia-online.webp\",\"contentUrl\":\"https:\/\/ianima.com.br\/blog\/wp-content\/uploads\/2025\/04\/cropped-IAnima-terapia-online.webp\",\"width\":819,\"height\":222,\"caption\":\"Terapia Online com IANIMA: Inova\u00e7\u00e3o e Aconselhamento. O terapeuta online ao seu alcance.\"},\"image\":{\"@id\":\"https:\/\/ianima.com.br\/blog\/#\/schema\/logo\/image\/\"}},{\"@type\":\"Person\",\"@id\":\"https:\/\/ianima.com.br\/blog\/#\/schema\/person\/85378d6a819826ce615ae2a7a04f68d8\",\"name\":\"Wanderlei Talib\",\"image\":{\"@type\":\"ImageObject\",\"inLanguage\":\"pt-BR\",\"@id\":\"https:\/\/ianima.com.br\/blog\/#\/schema\/person\/image\/\",\"url\":\"https:\/\/ianima.com.br\/blog\/wp-content\/litespeed\/avatar\/a0461c2b338365ab5dd45a3e926e23c7.jpg?ver=1777055969\",\"contentUrl\":\"https:\/\/ianima.com.br\/blog\/wp-content\/litespeed\/avatar\/a0461c2b338365ab5dd45a3e926e23c7.jpg?ver=1777055969\",\"caption\":\"Wanderlei Talib\"},\"sameAs\":[\"https:\/\/ianima.com.br\/blog\"],\"url\":\"https:\/\/ianima.com.br\/blog\/author\/adminedu\/\"},{\"@type\":\"Question\",\"@id\":\"https:\/\/ianima.com.br\/blog\/saude-mental\/como-sair-da-depressao-profunda-o-que-fazer\/#faq-question-1754475496730\",\"position\":1,\"url\":\"https:\/\/ianima.com.br\/blog\/saude-mental\/como-sair-da-depressao-profunda-o-que-fazer\/#faq-question-1754475496730\",\"name\":\"O que \u00e9 depress\u00e3o profunda?\",\"answerCount\":1,\"acceptedAnswer\":{\"@type\":\"Answer\",\"text\":\"Depress\u00e3o profunda \u00e9 um transtorno mental s\u00e9rio que afeta o humor, a energia e a capacidade de realizar atividades di\u00e1rias.\",\"inLanguage\":\"pt-BR\"},\"inLanguage\":\"pt-BR\"},{\"@type\":\"Question\",\"@id\":\"https:\/\/ianima.com.br\/blog\/saude-mental\/como-sair-da-depressao-profunda-o-que-fazer\/#faq-question-1754475518050\",\"position\":2,\"url\":\"https:\/\/ianima.com.br\/blog\/saude-mental\/como-sair-da-depressao-profunda-o-que-fazer\/#faq-question-1754475518050\",\"name\":\"Quais s\u00e3o os sinais de que algu\u00e9m pode estar com depress\u00e3o profunda?\",\"answerCount\":1,\"acceptedAnswer\":{\"@type\":\"Answer\",\"text\":\"Os sinais incluem tristeza intensa, falta de interesse em atividades que antes eram prazerosas, altera\u00e7\u00f5es no sono e apetite, e dificuldades de concentra\u00e7\u00e3o.\",\"inLanguage\":\"pt-BR\"},\"inLanguage\":\"pt-BR\"},{\"@type\":\"Question\",\"@id\":\"https:\/\/ianima.com.br\/blog\/saude-mental\/como-sair-da-depressao-profunda-o-que-fazer\/#faq-question-1754475542947\",\"position\":3,\"url\":\"https:\/\/ianima.com.br\/blog\/saude-mental\/como-sair-da-depressao-profunda-o-que-fazer\/#faq-question-1754475542947\",\"name\":\"Como posso buscar ajuda para sair da depress\u00e3o profunda?\",\"answerCount\":1,\"acceptedAnswer\":{\"@type\":\"Answer\",\"text\":\"Buscar ajuda profissional \u00e9 essencial\",\"inLanguage\":\"pt-BR\"},\"inLanguage\":\"pt-BR\"}]}<\/script>\n<!-- \/ Yoast SEO Premium plugin. -->","yoast_head_json":{"title":"Como Sair da Depress\u00e3o Profunda: O Que Fazer","description":"Descubra os segredos surpreendentes para vencer a depress\u00e3o profunda! Transforme sua vida e recupere sua felicidade agora mesmo!","robots":{"index":"index","follow":"follow","max-snippet":"max-snippet:-1","max-image-preview":"max-image-preview:large","max-video-preview":"max-video-preview:-1"},"canonical":"https:\/\/ianima.com.br\/blog\/saude-mental\/como-sair-da-depressao-profunda-o-que-fazer\/","og_locale":"pt_BR","og_type":"article","og_title":"Como Sair da Depress\u00e3o Profunda: O Que Fazer","og_description":"Descubra os segredos surpreendentes para vencer a depress\u00e3o profunda! Transforme sua vida e recupere sua felicidade agora mesmo!","og_url":"https:\/\/ianima.com.br\/blog\/saude-mental\/como-sair-da-depressao-profunda-o-que-fazer\/","og_site_name":"Terapia Online com IANIMA: Inova\u00e7\u00e3o e Aconselhamento. O terapeuta online ao seu alcance.","article_published_time":"2025-08-06T10:21:26+00:00","article_modified_time":"2025-08-06T10:21:27+00:00","og_image":[{"width":1536,"height":1024,"url":"https:\/\/ianima.com.br\/blog\/wp-content\/uploads\/2025\/08\/1MM-123.webp","type":"image\/webp"}],"author":"Wanderlei Talib","twitter_card":"summary_large_image","twitter_misc":{"Escrito por":"Wanderlei Talib","Est. tempo de leitura":"8 minutos"},"schema":{"@context":"https:\/\/schema.org","@graph":[{"@type":"Article","@id":"https:\/\/ianima.com.br\/blog\/saude-mental\/como-sair-da-depressao-profunda-o-que-fazer\/#article","isPartOf":{"@id":"https:\/\/ianima.com.br\/blog\/saude-mental\/como-sair-da-depressao-profunda-o-que-fazer\/"},"author":{"name":"Wanderlei Talib","@id":"https:\/\/ianima.com.br\/blog\/#\/schema\/person\/85378d6a819826ce615ae2a7a04f68d8"},"headline":"Como Sair da Depress\u00e3o Profunda: O Que Fazer","datePublished":"2025-08-06T10:21:26+00:00","dateModified":"2025-08-06T10:21:27+00:00","mainEntityOfPage":{"@id":"https:\/\/ianima.com.br\/blog\/saude-mental\/como-sair-da-depressao-profunda-o-que-fazer\/"},"wordCount":1428,"publisher":{"@id":"https:\/\/ianima.com.br\/blog\/#organization"},"articleSection":["Sa\u00fade Mental"],"inLanguage":"pt-BR"},{"@type":["WebPage","FAQPage"],"@id":"https:\/\/ianima.com.br\/blog\/saude-mental\/como-sair-da-depressao-profunda-o-que-fazer\/","url":"https:\/\/ianima.com.br\/blog\/saude-mental\/como-sair-da-depressao-profunda-o-que-fazer\/","name":"Como Sair da Depress\u00e3o Profunda: O Que Fazer","isPartOf":{"@id":"https:\/\/ianima.com.br\/blog\/#website"},"datePublished":"2025-08-06T10:21:26+00:00","dateModified":"2025-08-06T10:21:27+00:00","description":"Descubra os segredos surpreendentes para vencer a depress\u00e3o profunda! Transforme sua vida e recupere sua felicidade agora mesmo!","breadcrumb":{"@id":"https:\/\/ianima.com.br\/blog\/saude-mental\/como-sair-da-depressao-profunda-o-que-fazer\/#breadcrumb"},"mainEntity":[{"@id":"https:\/\/ianima.com.br\/blog\/saude-mental\/como-sair-da-depressao-profunda-o-que-fazer\/#faq-question-1754475496730"},{"@id":"https:\/\/ianima.com.br\/blog\/saude-mental\/como-sair-da-depressao-profunda-o-que-fazer\/#faq-question-1754475518050"},{"@id":"https:\/\/ianima.com.br\/blog\/saude-mental\/como-sair-da-depressao-profunda-o-que-fazer\/#faq-question-1754475542947"}],"inLanguage":"pt-BR","potentialAction":[{"@type":"ReadAction","target":["https:\/\/ianima.com.br\/blog\/saude-mental\/como-sair-da-depressao-profunda-o-que-fazer\/"]}]},{"@type":"BreadcrumbList","@id":"https:\/\/ianima.com.br\/blog\/saude-mental\/como-sair-da-depressao-profunda-o-que-fazer\/#breadcrumb","itemListElement":[{"@type":"ListItem","position":1,"name":"In\u00edcio","item":"https:\/\/ianima.com.br\/blog\/"},{"@type":"ListItem","position":2,"name":"Como Sair da Depress\u00e3o Profunda: O Que Fazer"}]},{"@type":"WebSite","@id":"https:\/\/ianima.com.br\/blog\/#website","url":"https:\/\/ianima.com.br\/blog\/","name":"Terapia Online com IANIMA: Inova\u00e7\u00e3o e Aconselhamento. O terapeuta online ao seu alcance.","description":"Terapia gratuita online com a IAnima, sua terapeuta online. Artigos sobre terapias online, sa\u00fade mental e bem-estar.","publisher":{"@id":"https:\/\/ianima.com.br\/blog\/#organization"},"potentialAction":[{"@type":"SearchAction","target":{"@type":"EntryPoint","urlTemplate":"https:\/\/ianima.com.br\/blog\/?s={search_term_string}"},"query-input":"required name=search_term_string"}],"inLanguage":"pt-BR"},{"@type":"Organization","@id":"https:\/\/ianima.com.br\/blog\/#organization","name":"Terapia Online com IANIMA: Inova\u00e7\u00e3o e Aconselhamento. O terapeuta online ao seu alcance.","url":"https:\/\/ianima.com.br\/blog\/","logo":{"@type":"ImageObject","inLanguage":"pt-BR","@id":"https:\/\/ianima.com.br\/blog\/#\/schema\/logo\/image\/","url":"https:\/\/ianima.com.br\/blog\/wp-content\/uploads\/2025\/04\/cropped-IAnima-terapia-online.webp","contentUrl":"https:\/\/ianima.com.br\/blog\/wp-content\/uploads\/2025\/04\/cropped-IAnima-terapia-online.webp","width":819,"height":222,"caption":"Terapia Online com IANIMA: Inova\u00e7\u00e3o e Aconselhamento. O terapeuta online ao seu alcance."},"image":{"@id":"https:\/\/ianima.com.br\/blog\/#\/schema\/logo\/image\/"}},{"@type":"Person","@id":"https:\/\/ianima.com.br\/blog\/#\/schema\/person\/85378d6a819826ce615ae2a7a04f68d8","name":"Wanderlei Talib","image":{"@type":"ImageObject","inLanguage":"pt-BR","@id":"https:\/\/ianima.com.br\/blog\/#\/schema\/person\/image\/","url":"https:\/\/ianima.com.br\/blog\/wp-content\/litespeed\/avatar\/a0461c2b338365ab5dd45a3e926e23c7.jpg?ver=1777055969","contentUrl":"https:\/\/ianima.com.br\/blog\/wp-content\/litespeed\/avatar\/a0461c2b338365ab5dd45a3e926e23c7.jpg?ver=1777055969","caption":"Wanderlei Talib"},"sameAs":["https:\/\/ianima.com.br\/blog"],"url":"https:\/\/ianima.com.br\/blog\/author\/adminedu\/"},{"@type":"Question","@id":"https:\/\/ianima.com.br\/blog\/saude-mental\/como-sair-da-depressao-profunda-o-que-fazer\/#faq-question-1754475496730","position":1,"url":"https:\/\/ianima.com.br\/blog\/saude-mental\/como-sair-da-depressao-profunda-o-que-fazer\/#faq-question-1754475496730","name":"O que \u00e9 depress\u00e3o profunda?","answerCount":1,"acceptedAnswer":{"@type":"Answer","text":"Depress\u00e3o profunda \u00e9 um transtorno mental s\u00e9rio que afeta o humor, a energia e a capacidade de realizar atividades di\u00e1rias.","inLanguage":"pt-BR"},"inLanguage":"pt-BR"},{"@type":"Question","@id":"https:\/\/ianima.com.br\/blog\/saude-mental\/como-sair-da-depressao-profunda-o-que-fazer\/#faq-question-1754475518050","position":2,"url":"https:\/\/ianima.com.br\/blog\/saude-mental\/como-sair-da-depressao-profunda-o-que-fazer\/#faq-question-1754475518050","name":"Quais s\u00e3o os sinais de que algu\u00e9m pode estar com depress\u00e3o profunda?","answerCount":1,"acceptedAnswer":{"@type":"Answer","text":"Os sinais incluem tristeza intensa, falta de interesse em atividades que antes eram prazerosas, altera\u00e7\u00f5es no sono e apetite, e dificuldades de concentra\u00e7\u00e3o.","inLanguage":"pt-BR"},"inLanguage":"pt-BR"},{"@type":"Question","@id":"https:\/\/ianima.com.br\/blog\/saude-mental\/como-sair-da-depressao-profunda-o-que-fazer\/#faq-question-1754475542947","position":3,"url":"https:\/\/ianima.com.br\/blog\/saude-mental\/como-sair-da-depressao-profunda-o-que-fazer\/#faq-question-1754475542947","name":"Como posso buscar ajuda para sair da depress\u00e3o profunda?","answerCount":1,"acceptedAnswer":{"@type":"Answer","text":"Buscar ajuda profissional \u00e9 essencial","inLanguage":"pt-BR"},"inLanguage":"pt-BR"}]}},"_links":{"self":[{"href":"https:\/\/ianima.com.br\/blog\/wp-json\/wp\/v2\/posts\/9010","targetHints":{"allow":["GET"]}}],"collection":[{"href":"https:\/\/ianima.com.br\/blog\/wp-json\/wp\/v2\/posts"}],"about":[{"href":"https:\/\/ianima.com.br\/blog\/wp-json\/wp\/v2\/types\/post"}],"author":[{"embeddable":true,"href":"https:\/\/ianima.com.br\/blog\/wp-json\/wp\/v2\/users\/1"}],"replies":[{"embeddable":true,"href":"https:\/\/ianima.com.br\/blog\/wp-json\/wp\/v2\/comments?post=9010"}],"version-history":[{"count":1,"href":"https:\/\/ianima.com.br\/blog\/wp-json\/wp\/v2\/posts\/9010\/revisions"}],"predecessor-version":[{"id":9014,"href":"https:\/\/ianima.com.br\/blog\/wp-json\/wp\/v2\/posts\/9010\/revisions\/9014"}],"wp:featuredmedia":[{"embeddable":true,"href":"https:\/\/ianima.com.br\/blog\/wp-json\/wp\/v2\/media\/9012"}],"wp:attachment":[{"href":"https:\/\/ianima.com.br\/blog\/wp-json\/wp\/v2\/media?parent=9010"}],"wp:term":[{"taxonomy":"category","embeddable":true,"href":"https:\/\/ianima.com.br\/blog\/wp-json\/wp\/v2\/categories?post=9010"},{"taxonomy":"post_tag","embeddable":true,"href":"https:\/\/ianima.com.br\/blog\/wp-json\/wp\/v2\/tags?post=9010"}],"curies":[{"name":"wp","href":"https:\/\/api.w.org\/{rel}","templated":true}]}}