{"id":9204,"date":"2025-08-08T22:23:26","date_gmt":"2025-08-08T22:23:26","guid":{"rendered":"https:\/\/ianima.com.br\/blog\/?p=9204"},"modified":"2025-08-08T22:23:27","modified_gmt":"2025-08-08T22:23:27","slug":"quais-sintomas-da-depressao-um-guia-completo","status":"publish","type":"post","link":"https:\/\/ianima.com.br\/blog\/saude-mental\/quais-sintomas-da-depressao-um-guia-completo\/","title":{"rendered":"Quais Sintomas da Depress\u00e3o: Um Guia Completo"},"content":{"rendered":"\n<p>Antes de tudo, \u00e9 natural sentir oscila\u00e7\u00f5es emocionais ao longo da vida, mas quando a tristeza parece n\u00e3o ter fim, isso pode ser um sinal de que algo mais profundo est\u00e1 acontecendo. Voc\u00ea j\u00e1 se perguntou se mudan\u00e7as no humor, no sono ou na energia podem estar ligadas \u00e0 depress\u00e3o? Ao compreender <strong>quais sintomas depress\u00e3o<\/strong> apresenta, \u00e9 poss\u00edvel reconhecer padr\u00f5es e agir mais cedo. Descubra os sinais, causas e caminhos para compreender a <strong>depress\u00e3o<\/strong> que podem estar impactando sua vida.<\/p>\n\n\n\n<h2 class=\"wp-block-heading\" id=\"h-os-sinais-e-sintomas-da-depressao\">Os Sinais e Sintomas da Depress\u00e3o<\/h2>\n\n\n\n<p>A <strong>depress\u00e3o<\/strong> se manifesta de formas variadas, e muitas vezes os sinais n\u00e3o s\u00e3o imediatamente reconhecidos.<br>Entre os sintomas mais comuns est\u00e3o:<\/p>\n\n\n\n<ul class=\"wp-block-list\">\n<li>Tristeza persistente ou sensa\u00e7\u00e3o de vazio.<\/li>\n\n\n\n<li>Perda de interesse em atividades antes prazerosas.<\/li>\n\n\n\n<li>Altera\u00e7\u00f5es no apetite e no peso.<\/li>\n\n\n\n<li>Dificuldade para dormir ou sono excessivo.<\/li>\n\n\n\n<li>Fadiga constante e falta de energia.<\/li>\n\n\n\n<li>Sentimentos de culpa ou inutilidade.<\/li>\n\n\n\n<li>Dificuldade de concentra\u00e7\u00e3o e tomada de decis\u00f5es.<\/li>\n\n\n\n<li>Pensamentos recorrentes sobre morte ou suic\u00eddio.<\/li>\n<\/ul>\n\n\n\n<p>Al\u00e9m disso, h\u00e1 sintomas menos evidentes, como irritabilidade constante, isolamento social gradual e sensa\u00e7\u00e3o de lentid\u00e3o f\u00edsica ou mental.<\/p>\n\n\n\n<h2 class=\"wp-block-heading\" id=\"h-a-psicologia-por-tras-da-vida-real-a-depressao-no-dia-a-dia\">A Psicologia por Tr\u00e1s da Vida Real: A Depress\u00e3o no Dia a Dia *<\/h2>\n\n\n\n<p>Imagine acordar com o corpo pesado, como se um cobertor invis\u00edvel impedisse cada movimento. Ou estar cercado de pessoas, mas sentir-se completamente sozinho.<br>A <strong>depress\u00e3o<\/strong> no dia a dia pode transformar tarefas simples \u2014 como responder mensagens ou preparar uma refei\u00e7\u00e3o \u2014 em desafios desproporcionais. \u00c9 como tentar caminhar em uma piscina de mel: cada passo exige um esfor\u00e7o enorme. Esses sintomas n\u00e3o apenas afetam a rotina, mas tamb\u00e9m influenciam as rela\u00e7\u00f5es, a produtividade e a percep\u00e7\u00e3o de si mesmo.<\/p>\n\n\n\n<h2 class=\"wp-block-heading\" id=\"h-compreendendo-os-momentos-criticos-da-depressao\">Compreendendo os Momentos Cr\u00edticos da Depress\u00e3o<\/h2>\n\n\n\n<p>Momentos cr\u00edticos da <strong>depress\u00e3o<\/strong> s\u00e3o aqueles em que os sintomas se intensificam a ponto de comprometer seriamente a vida di\u00e1ria.<br>Podem incluir:<\/p>\n\n\n\n<ul class=\"wp-block-list\">\n<li>Crises de choro sem causa aparente.<\/li>\n\n\n\n<li>Des\u00e2nimo extremo, impedindo atividades b\u00e1sicas.<\/li>\n\n\n\n<li>Pensamentos autodepreciativos persistentes.<\/li>\n<\/ul>\n\n\n\n<p>Diferenciar esses momentos de per\u00edodos passageiros de tristeza \u00e9 fundamental para buscar ajuda no tempo certo.<\/p>\n\n\n\n<h2 class=\"wp-block-heading\" id=\"h-o-que-desencadeia-a-depressao\">O Que Desencadeia a Depress\u00e3o?<\/h2>\n\n\n\n<p>A <strong>depress\u00e3o<\/strong> pode ser provocada por uma combina\u00e7\u00e3o de fatores internos e externos:<\/p>\n\n\n\n<ul class=\"wp-block-list\">\n<li>Gen\u00e9tica e predisposi\u00e7\u00e3o familiar.<\/li>\n\n\n\n<li>Altera\u00e7\u00f5es qu\u00edmicas no c\u00e9rebro.<\/li>\n\n\n\n<li>Experi\u00eancias traum\u00e1ticas ou estressantes.<\/li>\n\n\n\n<li>Doen\u00e7as cr\u00f4nicas ou dor persistente.<\/li>\n\n\n\n<li>Isolamento social e falta de apoio emocional.<\/li>\n<\/ul>\n\n\n\n<p>Bem como, mudan\u00e7as importantes na vida, como perdas, desemprego ou separa\u00e7\u00f5es, podem atuar como gatilhos.<\/p>\n\n\n\n<h2 class=\"wp-block-heading\" id=\"h-mitos-e-verdades-sobre-solucoes-para-a-depressao\">Mitos e Verdades sobre Solu\u00e7\u00f5es para a Depress\u00e3o<\/h2>\n\n\n\n<p>Mito: \u201cA depress\u00e3o \u00e9 apenas falta de for\u00e7a de vontade.\u201d<br>Verdade: Trata-se de uma condi\u00e7\u00e3o complexa, que envolve fatores biol\u00f3gicos, psicol\u00f3gicos e sociais.<\/p>\n\n\n\n<p>Mito: \u201cS\u00f3 medicamentos resolvem.\u201d<br>Verdade: O tratamento pode incluir diferentes abordagens, como psicoterapia, mudan\u00e7as no estilo de vida e suporte social, sempre avaliadas por um profissional.<\/p>\n\n\n\n<h2 class=\"wp-block-heading\" id=\"h-como-lidar-com-a-depressao-no-dia-a-dia\">Como Lidar com a Depress\u00e3o no Dia a Dia<\/h2>\n\n\n\n<p>Pequenas a\u00e7\u00f5es podem ajudar a amenizar os sintomas, como:<\/p>\n\n\n\n<ul class=\"wp-block-list\">\n<li>Estabelecer uma rotina di\u00e1ria.<\/li>\n\n\n\n<li>Praticar atividades f\u00edsicas leves.<\/li>\n\n\n\n<li>Buscar contato com pessoas de confian\u00e7a.<\/li>\n\n\n\n<li>Reservar momentos para descanso e lazer.<\/li>\n<\/ul>\n\n\n\n<p>Mesmo passos pequenos podem representar avan\u00e7os importantes.<\/p>\n\n\n\n<h2 class=\"wp-block-heading\" id=\"h-a-depressao-no-corpo-e-na-mente-manifestacoes\">A Depress\u00e3o no Corpo e na Mente: Manifesta\u00e7\u00f5es<\/h2>\n\n\n\n<p>A <strong>depress\u00e3o<\/strong> afeta tanto o corpo quanto a mente.<br>Fisicamente, pode causar dores musculares, problemas digestivos, altera\u00e7\u00f5es hormonais e queda na imunidade.<br>Mentalmente, provoca dificuldade de foco, baixa motiva\u00e7\u00e3o e pessimismo constante. A intera\u00e7\u00e3o entre esses sintomas cria um ciclo que pode ser dif\u00edcil de quebrar.<\/p>\n\n\n\n<h2 class=\"wp-block-heading\" id=\"h-depressao-atipica-uma-perspectiva-ampliada\">Depress\u00e3o At\u00edpica: Uma Perspectiva Ampliada<\/h2>\n\n\n\n<p>Na <strong>depress\u00e3o at\u00edpica<\/strong>, h\u00e1 caracter\u00edsticas distintas, como melhora tempor\u00e1ria do humor ap\u00f3s eventos positivos, aumento do apetite e sensa\u00e7\u00e3o de peso nos membros. Esse tipo tamb\u00e9m exige aten\u00e7\u00e3o, pois muitas vezes passa despercebido.<\/p>\n\n\n\n<h2 class=\"wp-block-heading\" id=\"h-quem-busca-alivio-para-a-depressao\">Quem Busca Al\u00edvio para a Depress\u00e3o?<\/h2>\n\n\n\n<p>Pessoas de todas as idades e contextos podem buscar al\u00edvio para a <strong>depress\u00e3o<\/strong>.<br>Alguns exemplos:<\/p>\n\n\n\n<ul class=\"wp-block-list\">\n<li>Jovens que sentem perda de sentido na vida escolar ou acad\u00eamica.<\/li>\n\n\n\n<li>Adultos enfrentando sobrecarga de responsabilidades.<\/li>\n\n\n\n<li>Idosos lidando com solid\u00e3o e perdas.<\/li>\n<\/ul>\n\n\n\n<p>Cada trajet\u00f3ria \u00e9 \u00fanica, mas o desejo de compreender e superar os sintomas \u00e9 um ponto em comum.<\/p>\n\n\n\n<h3 class=\"wp-block-heading\" id=\"h-diferentes-abordagens-para-lidar-com-a-depressao\">Diferentes Abordagens para Lidar com a Depress\u00e3o<\/h3>\n\n\n\n<ul class=\"wp-block-list\">\n<li>Psicoterapia (individual ou em grupo).<\/li>\n\n\n\n<li>Atividades f\u00edsicas regulares.<\/li>\n\n\n\n<li>T\u00e9cnicas de relaxamento e mindfulness.<\/li>\n\n\n\n<li>Ajustes na alimenta\u00e7\u00e3o e no sono.<\/li>\n<\/ul>\n\n\n\n<h3 class=\"wp-block-heading\" id=\"h-sinais-de-alerta-quando-buscar-ajuda-profissional\">Sinais de Alerta: Quando Buscar Ajuda Profissional<\/h3>\n\n\n\n<ul class=\"wp-block-list\">\n<li>Sintomas persistentes por mais de duas semanas.<\/li>\n\n\n\n<li>Intensifica\u00e7\u00e3o do isolamento social.<\/li>\n\n\n\n<li>Pensamentos autodestrutivos ou de suic\u00eddio.<\/li>\n<\/ul>\n\n\n\n<h3 class=\"wp-block-heading\" id=\"h-recursos-e-informacoes-confiaveis-sobre-a-depressao\">Recursos e Informa\u00e7\u00f5es Confi\u00e1veis sobre a Depress\u00e3o<\/h3>\n\n\n\n<ul class=\"wp-block-list\">\n<li>Associa\u00e7\u00f5es de sa\u00fade mental reconhecidas.<\/li>\n\n\n\n<li>Livros e artigos de psicologia baseados em evid\u00eancias.<\/li>\n\n\n\n<li>Sites de universidades e \u00f3rg\u00e3os oficiais de sa\u00fade.<\/li>\n<\/ul>\n\n\n\n<h3 class=\"wp-block-heading\" id=\"h-dicas-para-acao-imediata-em-momentos-de-depressao\">Dicas para A\u00e7\u00e3o Imediata em Momentos de Depress\u00e3o<\/h3>\n\n\n\n<ul class=\"wp-block-list\">\n<li>Respirar profundamente por alguns minutos.<\/li>\n\n\n\n<li>Fazer uma breve caminhada ao ar livre.<\/li>\n\n\n\n<li>Conversar com algu\u00e9m de confian\u00e7a.<\/li>\n\n\n\n<li>Ouvir m\u00fasicas que tragam conforto.<\/li>\n<\/ul>\n\n\n\n<h2 class=\"wp-block-heading\" id=\"h-conclusao\">Conclus\u00e3o<\/h2>\n\n\n\n<p>Em suma, entender <strong>quais sintomas depress\u00e3o<\/strong> apresenta \u00e9 um passo essencial para reconhecer quando algo n\u00e3o vai bem e buscar apoio. Embora cada experi\u00eancia seja \u00fanica, os sinais descritos ajudam a criar consci\u00eancia sobre essa condi\u00e7\u00e3o que vai al\u00e9m da tristeza comum. Se voc\u00ea se identifica com esses sinais, buscar informa\u00e7\u00e3o e apoio pode ser o primeiro passo para uma vida mais leve e equilibrada.<\/p>\n\n\n\n<p>* Essas narrativas s\u00e3o fict\u00edcias mas inspiradas em situa\u00e7\u00f5es comumente vivenciadas nos estudos e na cl\u00ednica psicol\u00f3gica.<\/p>\n\n\n\n<figure class=\"wp-block-image aligncenter size-large is-resized\"><img fetchpriority=\"high\" decoding=\"async\" width=\"1024\" height=\"683\" src=\"https:\/\/ianima.com.br\/blog\/wp-content\/uploads\/2025\/08\/2MM-162-1024x683.webp\" alt=\"Quais Sintomas da Depress\u00e3o: Um Guia Completo\" class=\"wp-image-9207\" style=\"width:500px\" srcset=\"https:\/\/ianima.com.br\/blog\/wp-content\/uploads\/2025\/08\/2MM-162-1024x683.webp 1024w, https:\/\/ianima.com.br\/blog\/wp-content\/uploads\/2025\/08\/2MM-162-300x200.webp 300w, https:\/\/ianima.com.br\/blog\/wp-content\/uploads\/2025\/08\/2MM-162-768x512.webp 768w, https:\/\/ianima.com.br\/blog\/wp-content\/uploads\/2025\/08\/2MM-162.webp 1536w\" sizes=\"(max-width: 1024px) 100vw, 1024px\" \/><\/figure>\n\n\n\n<h2 class=\"wp-block-heading\" id=\"h-perguntas-frequentes-faq\">Perguntas Frequentes (FAQ)<\/h2>\n\n\n\n<div class=\"schema-faq wp-block-yoast-faq-block\"><div class=\"schema-faq-section\" id=\"faq-question-1754691614944\"><strong class=\"schema-faq-question\">Quais s\u00e3o os sintomas mais comuns da depress\u00e3o?<\/strong> <p class=\"schema-faq-answer\">Os sintomas mais comuns incluem tristeza persistente, falta de energia, altera\u00e7\u00f5es no sono e perda de interesse em atividades.<\/p> <\/div> <div class=\"schema-faq-section\" id=\"faq-question-1754691637139\"><strong class=\"schema-faq-question\">Como saber se estou com depress\u00e3o ou apenas um dia ruim?<\/strong> <p class=\"schema-faq-answer\">Se a tristeza e a falta de motiva\u00e7\u00e3o durarem mais de duas semanas e afetarem sua vida di\u00e1ria, pode ser depress\u00e3o.<\/p> <\/div> <div class=\"schema-faq-section\" id=\"faq-question-1754691659839\"><strong class=\"schema-faq-question\">A depress\u00e3o pode afetar o corpo tamb\u00e9m?<\/strong> <p class=\"schema-faq-answer\">Sim, a depress\u00e3o pode causar dores f\u00edsicas, fadiga e at\u00e9 problemas digestivos.<\/p> <\/div> <\/div>\n\n\n\n<ul class=\"wp-block-yoast-seo-related-links\"><li><a href=\"https:\/\/ianima.com.br\/blog\/saude-mental\/quais-sintomas-da-depressao-o-que-voce-precisa-saber\/\">Quais sintomas da depress\u00e3o: o que voc\u00ea precisa saber<\/a><\/li><li><a href=\"https:\/\/ianima.com.br\/blog\/saude-mental\/depressao-sinais-causas-e-caminhos\/\">Depress\u00e3o: Sinais, Causas e Caminhos<\/a><\/li><li><a href=\"https:\/\/ianima.com.br\/blog\/saude-mental\/com-depressao-sinais-causas-e-caminhos-possiveis\/\">Com depress\u00e3o: sinais, causas e caminhos poss\u00edveis<\/a><\/li><li><a href=\"https:\/\/ianima.com.br\/blog\/saude-mental\/como-saber-se-estou-com-depressao-um-guia-completo\/\">Como Saber se Estou com Depress\u00e3o? Um Guia Completo<\/a><\/li><li><a href=\"https:\/\/ianima.com.br\/blog\/saude-mental\/como-saber-se-estou-com-depressao-um-guia-completo-2\/\">Como Saber se Estou com Depress\u00e3o: Um Guia Completo<\/a><\/li><\/ul>\n","protected":false},"excerpt":{"rendered":"<p>Antes de tudo, \u00e9 natural sentir oscila\u00e7\u00f5es emocionais ao longo da vida, mas quando a tristeza parece n\u00e3o ter fim, isso pode ser um sinal de que algo mais profundo est\u00e1 acontecendo. Voc\u00ea j\u00e1 se perguntou se mudan\u00e7as no humor, no sono ou na energia podem estar ligadas \u00e0 depress\u00e3o? Ao compreender quais sintomas depress\u00e3o [&hellip;]<\/p>\n","protected":false},"author":1,"featured_media":9206,"comment_status":"closed","ping_status":"closed","sticky":false,"template":"","format":"standard","meta":{"site-sidebar-layout":"default","site-content-layout":"","ast-site-content-layout":"default","site-content-style":"default","site-sidebar-style":"default","ast-global-header-display":"","ast-banner-title-visibility":"","ast-main-header-display":"","ast-hfb-above-header-display":"","ast-hfb-below-header-display":"","ast-hfb-mobile-header-display":"","site-post-title":"","ast-breadcrumbs-content":"","ast-featured-img":"","footer-sml-layout":"","theme-transparent-header-meta":"","adv-header-id-meta":"","stick-header-meta":"","header-above-stick-meta":"","header-main-stick-meta":"","header-below-stick-meta":"","astra-migrate-meta-layouts":"set","ast-page-background-enabled":"default","ast-page-background-meta":{"desktop":{"background-color":"","background-image":"","background-repeat":"repeat","background-position":"center center","background-size":"auto","background-attachment":"scroll","background-type":"","background-media":"","overlay-type":"","overlay-color":"","overlay-opacity":"","overlay-gradient":""},"tablet":{"background-color":"","background-image":"","background-repeat":"repeat","background-position":"center center","background-size":"auto","background-attachment":"scroll","background-type":"","background-media":"","overlay-type":"","overlay-color":"","overlay-opacity":"","overlay-gradient":""},"mobile":{"background-color":"","background-image":"","background-repeat":"repeat","background-position":"center center","background-size":"auto","background-attachment":"scroll","background-type":"","background-media":"","overlay-type":"","overlay-color":"","overlay-opacity":"","overlay-gradient":""}},"ast-content-background-meta":{"desktop":{"background-color":"var(--ast-global-color-5)","background-image":"","background-repeat":"repeat","background-position":"center center","background-size":"auto","background-attachment":"scroll","background-type":"","background-media":"","overlay-type":"","overlay-color":"","overlay-opacity":"","overlay-gradient":""},"tablet":{"background-color":"var(--ast-global-color-5)","background-image":"","background-repeat":"repeat","background-position":"center center","background-size":"auto","background-attachment":"scroll","background-type":"","background-media":"","overlay-type":"","overlay-color":"","overlay-opacity":"","overlay-gradient":""},"mobile":{"background-color":"var(--ast-global-color-5)","background-image":"","background-repeat":"repeat","background-position":"center center","background-size":"auto","background-attachment":"scroll","background-type":"","background-media":"","overlay-type":"","overlay-color":"","overlay-opacity":"","overlay-gradient":""}},"footnotes":""},"categories":[24],"tags":[],"class_list":["post-9204","post","type-post","status-publish","format-standard","has-post-thumbnail","hentry","category-saude-mental"],"yoast_head":"<!-- This site is optimized with the Yoast SEO Premium plugin v20.8 (Yoast SEO v20.8) - https:\/\/yoast.com\/wordpress\/plugins\/seo\/ -->\n<title>Quais Sintomas da Depress\u00e3o: Um Guia Completo<\/title>\n<meta name=\"description\" content=\"Descubra os sinais ocultos da depress\u00e3o que voc\u00ea nunca percebeu! Este guia completo pode mudar sua vida e a de quem voc\u00ea ama!\" \/>\n<meta name=\"robots\" content=\"index, follow, max-snippet:-1, max-image-preview:large, max-video-preview:-1\" \/>\n<link rel=\"canonical\" href=\"https:\/\/ianima.com.br\/blog\/saude-mental\/quais-sintomas-da-depressao-um-guia-completo\/\" \/>\n<meta property=\"og:locale\" content=\"pt_BR\" \/>\n<meta property=\"og:type\" content=\"article\" \/>\n<meta property=\"og:title\" content=\"Quais Sintomas da Depress\u00e3o: Um Guia Completo\" \/>\n<meta property=\"og:description\" content=\"Descubra os sinais ocultos da depress\u00e3o que voc\u00ea nunca percebeu! Este guia completo pode mudar sua vida e a de quem voc\u00ea ama!\" \/>\n<meta property=\"og:url\" content=\"https:\/\/ianima.com.br\/blog\/saude-mental\/quais-sintomas-da-depressao-um-guia-completo\/\" \/>\n<meta property=\"og:site_name\" content=\"Terapia Online com IANIMA: Inova\u00e7\u00e3o e Aconselhamento. O terapeuta online ao seu alcance.\" \/>\n<meta property=\"article:published_time\" content=\"2025-08-08T22:23:26+00:00\" \/>\n<meta property=\"article:modified_time\" content=\"2025-08-08T22:23:27+00:00\" \/>\n<meta property=\"og:image\" content=\"https:\/\/ianima.com.br\/blog\/wp-content\/uploads\/2025\/08\/1MM-162.webp\" \/>\n\t<meta property=\"og:image:width\" content=\"1536\" \/>\n\t<meta property=\"og:image:height\" content=\"1024\" \/>\n\t<meta property=\"og:image:type\" content=\"image\/webp\" \/>\n<meta name=\"author\" content=\"Wanderlei Talib\" \/>\n<meta name=\"twitter:card\" content=\"summary_large_image\" \/>\n<meta name=\"twitter:label1\" content=\"Escrito por\" \/>\n\t<meta name=\"twitter:data1\" content=\"Wanderlei Talib\" \/>\n\t<meta name=\"twitter:label2\" content=\"Est. tempo de leitura\" \/>\n\t<meta name=\"twitter:data2\" content=\"6 minutos\" \/>\n<script type=\"application\/ld+json\" class=\"yoast-schema-graph\">{\"@context\":\"https:\/\/schema.org\",\"@graph\":[{\"@type\":\"Article\",\"@id\":\"https:\/\/ianima.com.br\/blog\/saude-mental\/quais-sintomas-da-depressao-um-guia-completo\/#article\",\"isPartOf\":{\"@id\":\"https:\/\/ianima.com.br\/blog\/saude-mental\/quais-sintomas-da-depressao-um-guia-completo\/\"},\"author\":{\"name\":\"Wanderlei Talib\",\"@id\":\"https:\/\/ianima.com.br\/blog\/#\/schema\/person\/85378d6a819826ce615ae2a7a04f68d8\"},\"headline\":\"Quais Sintomas da Depress\u00e3o: Um Guia Completo\",\"datePublished\":\"2025-08-08T22:23:26+00:00\",\"dateModified\":\"2025-08-08T22:23:27+00:00\",\"mainEntityOfPage\":{\"@id\":\"https:\/\/ianima.com.br\/blog\/saude-mental\/quais-sintomas-da-depressao-um-guia-completo\/\"},\"wordCount\":1087,\"publisher\":{\"@id\":\"https:\/\/ianima.com.br\/blog\/#organization\"},\"articleSection\":[\"Sa\u00fade Mental\"],\"inLanguage\":\"pt-BR\"},{\"@type\":[\"WebPage\",\"FAQPage\"],\"@id\":\"https:\/\/ianima.com.br\/blog\/saude-mental\/quais-sintomas-da-depressao-um-guia-completo\/\",\"url\":\"https:\/\/ianima.com.br\/blog\/saude-mental\/quais-sintomas-da-depressao-um-guia-completo\/\",\"name\":\"Quais Sintomas da Depress\u00e3o: Um Guia Completo\",\"isPartOf\":{\"@id\":\"https:\/\/ianima.com.br\/blog\/#website\"},\"datePublished\":\"2025-08-08T22:23:26+00:00\",\"dateModified\":\"2025-08-08T22:23:27+00:00\",\"description\":\"Descubra os sinais ocultos da depress\u00e3o que voc\u00ea nunca percebeu! Este guia completo pode mudar sua vida e a de quem voc\u00ea ama!\",\"breadcrumb\":{\"@id\":\"https:\/\/ianima.com.br\/blog\/saude-mental\/quais-sintomas-da-depressao-um-guia-completo\/#breadcrumb\"},\"mainEntity\":[{\"@id\":\"https:\/\/ianima.com.br\/blog\/saude-mental\/quais-sintomas-da-depressao-um-guia-completo\/#faq-question-1754691614944\"},{\"@id\":\"https:\/\/ianima.com.br\/blog\/saude-mental\/quais-sintomas-da-depressao-um-guia-completo\/#faq-question-1754691637139\"},{\"@id\":\"https:\/\/ianima.com.br\/blog\/saude-mental\/quais-sintomas-da-depressao-um-guia-completo\/#faq-question-1754691659839\"}],\"inLanguage\":\"pt-BR\",\"potentialAction\":[{\"@type\":\"ReadAction\",\"target\":[\"https:\/\/ianima.com.br\/blog\/saude-mental\/quais-sintomas-da-depressao-um-guia-completo\/\"]}]},{\"@type\":\"BreadcrumbList\",\"@id\":\"https:\/\/ianima.com.br\/blog\/saude-mental\/quais-sintomas-da-depressao-um-guia-completo\/#breadcrumb\",\"itemListElement\":[{\"@type\":\"ListItem\",\"position\":1,\"name\":\"In\u00edcio\",\"item\":\"https:\/\/ianima.com.br\/blog\/\"},{\"@type\":\"ListItem\",\"position\":2,\"name\":\"Quais Sintomas da Depress\u00e3o: Um Guia Completo\"}]},{\"@type\":\"WebSite\",\"@id\":\"https:\/\/ianima.com.br\/blog\/#website\",\"url\":\"https:\/\/ianima.com.br\/blog\/\",\"name\":\"Terapia Online com IANIMA: Inova\u00e7\u00e3o e Aconselhamento. O terapeuta online ao seu alcance.\",\"description\":\"Terapia gratuita online com a IAnima, sua terapeuta online. Artigos sobre terapias online, sa\u00fade mental e bem-estar.\",\"publisher\":{\"@id\":\"https:\/\/ianima.com.br\/blog\/#organization\"},\"potentialAction\":[{\"@type\":\"SearchAction\",\"target\":{\"@type\":\"EntryPoint\",\"urlTemplate\":\"https:\/\/ianima.com.br\/blog\/?s={search_term_string}\"},\"query-input\":\"required name=search_term_string\"}],\"inLanguage\":\"pt-BR\"},{\"@type\":\"Organization\",\"@id\":\"https:\/\/ianima.com.br\/blog\/#organization\",\"name\":\"Terapia Online com IANIMA: Inova\u00e7\u00e3o e Aconselhamento. O terapeuta online ao seu alcance.\",\"url\":\"https:\/\/ianima.com.br\/blog\/\",\"logo\":{\"@type\":\"ImageObject\",\"inLanguage\":\"pt-BR\",\"@id\":\"https:\/\/ianima.com.br\/blog\/#\/schema\/logo\/image\/\",\"url\":\"https:\/\/ianima.com.br\/blog\/wp-content\/uploads\/2025\/04\/cropped-IAnima-terapia-online.webp\",\"contentUrl\":\"https:\/\/ianima.com.br\/blog\/wp-content\/uploads\/2025\/04\/cropped-IAnima-terapia-online.webp\",\"width\":819,\"height\":222,\"caption\":\"Terapia Online com IANIMA: Inova\u00e7\u00e3o e Aconselhamento. O terapeuta online ao seu alcance.\"},\"image\":{\"@id\":\"https:\/\/ianima.com.br\/blog\/#\/schema\/logo\/image\/\"}},{\"@type\":\"Person\",\"@id\":\"https:\/\/ianima.com.br\/blog\/#\/schema\/person\/85378d6a819826ce615ae2a7a04f68d8\",\"name\":\"Wanderlei Talib\",\"image\":{\"@type\":\"ImageObject\",\"inLanguage\":\"pt-BR\",\"@id\":\"https:\/\/ianima.com.br\/blog\/#\/schema\/person\/image\/\",\"url\":\"https:\/\/ianima.com.br\/blog\/wp-content\/litespeed\/avatar\/a0461c2b338365ab5dd45a3e926e23c7.jpg?ver=1777055969\",\"contentUrl\":\"https:\/\/ianima.com.br\/blog\/wp-content\/litespeed\/avatar\/a0461c2b338365ab5dd45a3e926e23c7.jpg?ver=1777055969\",\"caption\":\"Wanderlei Talib\"},\"sameAs\":[\"https:\/\/ianima.com.br\/blog\"],\"url\":\"https:\/\/ianima.com.br\/blog\/author\/adminedu\/\"},{\"@type\":\"Question\",\"@id\":\"https:\/\/ianima.com.br\/blog\/saude-mental\/quais-sintomas-da-depressao-um-guia-completo\/#faq-question-1754691614944\",\"position\":1,\"url\":\"https:\/\/ianima.com.br\/blog\/saude-mental\/quais-sintomas-da-depressao-um-guia-completo\/#faq-question-1754691614944\",\"name\":\"Quais s\u00e3o os sintomas mais comuns da depress\u00e3o?\",\"answerCount\":1,\"acceptedAnswer\":{\"@type\":\"Answer\",\"text\":\"Os sintomas mais comuns incluem tristeza persistente, falta de energia, altera\u00e7\u00f5es no sono e perda de interesse em atividades.\",\"inLanguage\":\"pt-BR\"},\"inLanguage\":\"pt-BR\"},{\"@type\":\"Question\",\"@id\":\"https:\/\/ianima.com.br\/blog\/saude-mental\/quais-sintomas-da-depressao-um-guia-completo\/#faq-question-1754691637139\",\"position\":2,\"url\":\"https:\/\/ianima.com.br\/blog\/saude-mental\/quais-sintomas-da-depressao-um-guia-completo\/#faq-question-1754691637139\",\"name\":\"Como saber se estou com depress\u00e3o ou apenas um dia ruim?\",\"answerCount\":1,\"acceptedAnswer\":{\"@type\":\"Answer\",\"text\":\"Se a tristeza e a falta de motiva\u00e7\u00e3o durarem mais de duas semanas e afetarem sua vida di\u00e1ria, pode ser depress\u00e3o.\",\"inLanguage\":\"pt-BR\"},\"inLanguage\":\"pt-BR\"},{\"@type\":\"Question\",\"@id\":\"https:\/\/ianima.com.br\/blog\/saude-mental\/quais-sintomas-da-depressao-um-guia-completo\/#faq-question-1754691659839\",\"position\":3,\"url\":\"https:\/\/ianima.com.br\/blog\/saude-mental\/quais-sintomas-da-depressao-um-guia-completo\/#faq-question-1754691659839\",\"name\":\"A depress\u00e3o pode afetar o corpo tamb\u00e9m?\",\"answerCount\":1,\"acceptedAnswer\":{\"@type\":\"Answer\",\"text\":\"Sim, a depress\u00e3o pode causar dores f\u00edsicas, fadiga e at\u00e9 problemas digestivos.\",\"inLanguage\":\"pt-BR\"},\"inLanguage\":\"pt-BR\"}]}<\/script>\n<!-- \/ Yoast SEO Premium plugin. -->","yoast_head_json":{"title":"Quais Sintomas da Depress\u00e3o: Um Guia Completo","description":"Descubra os sinais ocultos da depress\u00e3o que voc\u00ea nunca percebeu! Este guia completo pode mudar sua vida e a de quem voc\u00ea ama!","robots":{"index":"index","follow":"follow","max-snippet":"max-snippet:-1","max-image-preview":"max-image-preview:large","max-video-preview":"max-video-preview:-1"},"canonical":"https:\/\/ianima.com.br\/blog\/saude-mental\/quais-sintomas-da-depressao-um-guia-completo\/","og_locale":"pt_BR","og_type":"article","og_title":"Quais Sintomas da Depress\u00e3o: Um Guia Completo","og_description":"Descubra os sinais ocultos da depress\u00e3o que voc\u00ea nunca percebeu! Este guia completo pode mudar sua vida e a de quem voc\u00ea ama!","og_url":"https:\/\/ianima.com.br\/blog\/saude-mental\/quais-sintomas-da-depressao-um-guia-completo\/","og_site_name":"Terapia Online com IANIMA: Inova\u00e7\u00e3o e Aconselhamento. O terapeuta online ao seu alcance.","article_published_time":"2025-08-08T22:23:26+00:00","article_modified_time":"2025-08-08T22:23:27+00:00","og_image":[{"width":1536,"height":1024,"url":"https:\/\/ianima.com.br\/blog\/wp-content\/uploads\/2025\/08\/1MM-162.webp","type":"image\/webp"}],"author":"Wanderlei Talib","twitter_card":"summary_large_image","twitter_misc":{"Escrito por":"Wanderlei Talib","Est. tempo de leitura":"6 minutos"},"schema":{"@context":"https:\/\/schema.org","@graph":[{"@type":"Article","@id":"https:\/\/ianima.com.br\/blog\/saude-mental\/quais-sintomas-da-depressao-um-guia-completo\/#article","isPartOf":{"@id":"https:\/\/ianima.com.br\/blog\/saude-mental\/quais-sintomas-da-depressao-um-guia-completo\/"},"author":{"name":"Wanderlei Talib","@id":"https:\/\/ianima.com.br\/blog\/#\/schema\/person\/85378d6a819826ce615ae2a7a04f68d8"},"headline":"Quais Sintomas da Depress\u00e3o: Um Guia Completo","datePublished":"2025-08-08T22:23:26+00:00","dateModified":"2025-08-08T22:23:27+00:00","mainEntityOfPage":{"@id":"https:\/\/ianima.com.br\/blog\/saude-mental\/quais-sintomas-da-depressao-um-guia-completo\/"},"wordCount":1087,"publisher":{"@id":"https:\/\/ianima.com.br\/blog\/#organization"},"articleSection":["Sa\u00fade Mental"],"inLanguage":"pt-BR"},{"@type":["WebPage","FAQPage"],"@id":"https:\/\/ianima.com.br\/blog\/saude-mental\/quais-sintomas-da-depressao-um-guia-completo\/","url":"https:\/\/ianima.com.br\/blog\/saude-mental\/quais-sintomas-da-depressao-um-guia-completo\/","name":"Quais Sintomas da Depress\u00e3o: Um Guia Completo","isPartOf":{"@id":"https:\/\/ianima.com.br\/blog\/#website"},"datePublished":"2025-08-08T22:23:26+00:00","dateModified":"2025-08-08T22:23:27+00:00","description":"Descubra os sinais ocultos da depress\u00e3o que voc\u00ea nunca percebeu! Este guia completo pode mudar sua vida e a de quem voc\u00ea ama!","breadcrumb":{"@id":"https:\/\/ianima.com.br\/blog\/saude-mental\/quais-sintomas-da-depressao-um-guia-completo\/#breadcrumb"},"mainEntity":[{"@id":"https:\/\/ianima.com.br\/blog\/saude-mental\/quais-sintomas-da-depressao-um-guia-completo\/#faq-question-1754691614944"},{"@id":"https:\/\/ianima.com.br\/blog\/saude-mental\/quais-sintomas-da-depressao-um-guia-completo\/#faq-question-1754691637139"},{"@id":"https:\/\/ianima.com.br\/blog\/saude-mental\/quais-sintomas-da-depressao-um-guia-completo\/#faq-question-1754691659839"}],"inLanguage":"pt-BR","potentialAction":[{"@type":"ReadAction","target":["https:\/\/ianima.com.br\/blog\/saude-mental\/quais-sintomas-da-depressao-um-guia-completo\/"]}]},{"@type":"BreadcrumbList","@id":"https:\/\/ianima.com.br\/blog\/saude-mental\/quais-sintomas-da-depressao-um-guia-completo\/#breadcrumb","itemListElement":[{"@type":"ListItem","position":1,"name":"In\u00edcio","item":"https:\/\/ianima.com.br\/blog\/"},{"@type":"ListItem","position":2,"name":"Quais Sintomas da Depress\u00e3o: Um Guia Completo"}]},{"@type":"WebSite","@id":"https:\/\/ianima.com.br\/blog\/#website","url":"https:\/\/ianima.com.br\/blog\/","name":"Terapia Online com IANIMA: Inova\u00e7\u00e3o e Aconselhamento. O terapeuta online ao seu alcance.","description":"Terapia gratuita online com a IAnima, sua terapeuta online. Artigos sobre terapias online, sa\u00fade mental e bem-estar.","publisher":{"@id":"https:\/\/ianima.com.br\/blog\/#organization"},"potentialAction":[{"@type":"SearchAction","target":{"@type":"EntryPoint","urlTemplate":"https:\/\/ianima.com.br\/blog\/?s={search_term_string}"},"query-input":"required name=search_term_string"}],"inLanguage":"pt-BR"},{"@type":"Organization","@id":"https:\/\/ianima.com.br\/blog\/#organization","name":"Terapia Online com IANIMA: Inova\u00e7\u00e3o e Aconselhamento. O terapeuta online ao seu alcance.","url":"https:\/\/ianima.com.br\/blog\/","logo":{"@type":"ImageObject","inLanguage":"pt-BR","@id":"https:\/\/ianima.com.br\/blog\/#\/schema\/logo\/image\/","url":"https:\/\/ianima.com.br\/blog\/wp-content\/uploads\/2025\/04\/cropped-IAnima-terapia-online.webp","contentUrl":"https:\/\/ianima.com.br\/blog\/wp-content\/uploads\/2025\/04\/cropped-IAnima-terapia-online.webp","width":819,"height":222,"caption":"Terapia Online com IANIMA: Inova\u00e7\u00e3o e Aconselhamento. O terapeuta online ao seu alcance."},"image":{"@id":"https:\/\/ianima.com.br\/blog\/#\/schema\/logo\/image\/"}},{"@type":"Person","@id":"https:\/\/ianima.com.br\/blog\/#\/schema\/person\/85378d6a819826ce615ae2a7a04f68d8","name":"Wanderlei Talib","image":{"@type":"ImageObject","inLanguage":"pt-BR","@id":"https:\/\/ianima.com.br\/blog\/#\/schema\/person\/image\/","url":"https:\/\/ianima.com.br\/blog\/wp-content\/litespeed\/avatar\/a0461c2b338365ab5dd45a3e926e23c7.jpg?ver=1777055969","contentUrl":"https:\/\/ianima.com.br\/blog\/wp-content\/litespeed\/avatar\/a0461c2b338365ab5dd45a3e926e23c7.jpg?ver=1777055969","caption":"Wanderlei Talib"},"sameAs":["https:\/\/ianima.com.br\/blog"],"url":"https:\/\/ianima.com.br\/blog\/author\/adminedu\/"},{"@type":"Question","@id":"https:\/\/ianima.com.br\/blog\/saude-mental\/quais-sintomas-da-depressao-um-guia-completo\/#faq-question-1754691614944","position":1,"url":"https:\/\/ianima.com.br\/blog\/saude-mental\/quais-sintomas-da-depressao-um-guia-completo\/#faq-question-1754691614944","name":"Quais s\u00e3o os sintomas mais comuns da depress\u00e3o?","answerCount":1,"acceptedAnswer":{"@type":"Answer","text":"Os sintomas mais comuns incluem tristeza persistente, falta de energia, altera\u00e7\u00f5es no sono e perda de interesse em atividades.","inLanguage":"pt-BR"},"inLanguage":"pt-BR"},{"@type":"Question","@id":"https:\/\/ianima.com.br\/blog\/saude-mental\/quais-sintomas-da-depressao-um-guia-completo\/#faq-question-1754691637139","position":2,"url":"https:\/\/ianima.com.br\/blog\/saude-mental\/quais-sintomas-da-depressao-um-guia-completo\/#faq-question-1754691637139","name":"Como saber se estou com depress\u00e3o ou apenas um dia ruim?","answerCount":1,"acceptedAnswer":{"@type":"Answer","text":"Se a tristeza e a falta de motiva\u00e7\u00e3o durarem mais de duas semanas e afetarem sua vida di\u00e1ria, pode ser depress\u00e3o.","inLanguage":"pt-BR"},"inLanguage":"pt-BR"},{"@type":"Question","@id":"https:\/\/ianima.com.br\/blog\/saude-mental\/quais-sintomas-da-depressao-um-guia-completo\/#faq-question-1754691659839","position":3,"url":"https:\/\/ianima.com.br\/blog\/saude-mental\/quais-sintomas-da-depressao-um-guia-completo\/#faq-question-1754691659839","name":"A depress\u00e3o pode afetar o corpo tamb\u00e9m?","answerCount":1,"acceptedAnswer":{"@type":"Answer","text":"Sim, a depress\u00e3o pode causar dores f\u00edsicas, fadiga e at\u00e9 problemas digestivos.","inLanguage":"pt-BR"},"inLanguage":"pt-BR"}]}},"_links":{"self":[{"href":"https:\/\/ianima.com.br\/blog\/wp-json\/wp\/v2\/posts\/9204","targetHints":{"allow":["GET"]}}],"collection":[{"href":"https:\/\/ianima.com.br\/blog\/wp-json\/wp\/v2\/posts"}],"about":[{"href":"https:\/\/ianima.com.br\/blog\/wp-json\/wp\/v2\/types\/post"}],"author":[{"embeddable":true,"href":"https:\/\/ianima.com.br\/blog\/wp-json\/wp\/v2\/users\/1"}],"replies":[{"embeddable":true,"href":"https:\/\/ianima.com.br\/blog\/wp-json\/wp\/v2\/comments?post=9204"}],"version-history":[{"count":1,"href":"https:\/\/ianima.com.br\/blog\/wp-json\/wp\/v2\/posts\/9204\/revisions"}],"predecessor-version":[{"id":9208,"href":"https:\/\/ianima.com.br\/blog\/wp-json\/wp\/v2\/posts\/9204\/revisions\/9208"}],"wp:featuredmedia":[{"embeddable":true,"href":"https:\/\/ianima.com.br\/blog\/wp-json\/wp\/v2\/media\/9206"}],"wp:attachment":[{"href":"https:\/\/ianima.com.br\/blog\/wp-json\/wp\/v2\/media?parent=9204"}],"wp:term":[{"taxonomy":"category","embeddable":true,"href":"https:\/\/ianima.com.br\/blog\/wp-json\/wp\/v2\/categories?post=9204"},{"taxonomy":"post_tag","embeddable":true,"href":"https:\/\/ianima.com.br\/blog\/wp-json\/wp\/v2\/tags?post=9204"}],"curies":[{"name":"wp","href":"https:\/\/api.w.org\/{rel}","templated":true}]}}