{"id":9233,"date":"2025-08-09T02:13:04","date_gmt":"2025-08-09T02:13:04","guid":{"rendered":"https:\/\/ianima.com.br\/blog\/?p=9233"},"modified":"2025-08-09T02:13:04","modified_gmt":"2025-08-09T02:13:04","slug":"como-saber-que-estou-com-depressao-um-guia-completo","status":"publish","type":"post","link":"https:\/\/ianima.com.br\/blog\/saude-mental\/como-saber-que-estou-com-depressao-um-guia-completo\/","title":{"rendered":"Como Saber que Estou com Depress\u00e3o: Um Guia Completo"},"content":{"rendered":"\n<h2 class=\"wp-block-heading\" id=\"h-os-sinais-e-sintomas-da-depressao\">Os Sinais e Sintomas da Depress\u00e3o<\/h2>\n\n\n\n<p>A <strong>depress\u00e3o<\/strong> n\u00e3o se resume apenas a tristeza constante. Ela pode se manifestar de formas variadas e, muitas vezes, sutis. Al\u00e9m da perda de interesse por atividades antes prazerosas, \u00e9 comum sentir fadiga persistente, altera\u00e7\u00f5es no apetite, dist\u00farbios de sono (ins\u00f4nia ou sono excessivo) e dificuldade de concentra\u00e7\u00e3o.<br>Al\u00e9m disso, surgem sentimentos de culpa excessiva, desesperan\u00e7a e uma percep\u00e7\u00e3o negativa sobre o futuro. Em alguns casos, h\u00e1 irritabilidade ou retraimento social. Do mesmo modo, dores f\u00edsicas sem causa aparente, como dores de cabe\u00e7a ou no corpo, tamb\u00e9m podem estar relacionadas. Reconhecer esses sinais \u00e9 essencial para compreender o que est\u00e1 acontecendo e buscar apoio.<\/p>\n\n\n\n<h2 class=\"wp-block-heading\" id=\"h-a-psicologia-por-tras-da-vida-real-a-depressao-no-dia-a-dia\">A Psicologia por Tr\u00e1s da Vida Real: A Depress\u00e3o no Dia a Dia*<\/h2>\n\n\n\n<p>Imagine uma pessoa que, aos poucos, come\u00e7a a evitar encontros com amigos porque sente que \u201cn\u00e3o vai ser divertida como antes\u201d. No trabalho, pequenas tarefas parecem montanhas intranspon\u00edveis, e a motiva\u00e7\u00e3o para come\u00e7ar o dia diminui a cada manh\u00e3. A <strong>depress\u00e3o<\/strong> pode transformar simples decis\u00f5es, como preparar uma refei\u00e7\u00e3o ou responder a uma mensagem, em grandes desafios. \u00c9 como tentar caminhar com um peso invis\u00edvel nos ombros, que consome energia f\u00edsica e emocional.<\/p>\n\n\n\n<h2 class=\"wp-block-heading\" id=\"h-compreendendo-os-momentos-criticos-da-depressao\">Compreendendo os Momentos Cr\u00edticos da Depress\u00e3o<\/h2>\n\n\n\n<p>Os momentos cr\u00edticos podem ser per\u00edodos em que os sintomas se intensificam, tornando a rotina ainda mais dif\u00edcil. Podem ocorrer ap\u00f3s um evento estressante, uma perda significativa ou sem motivo aparente. \u00c9 nesses momentos que a apatia se aprofunda, o isolamento se acentua e pensamentos negativos ganham mais espa\u00e7o. Diferenciar a tristeza comum desses per\u00edodos mais intensos ajuda a entender quando \u00e9 hora de buscar ajuda.<\/p>\n\n\n\n<h2 class=\"wp-block-heading\" id=\"h-o-que-desencadeia-a-depressao\">O Que Desencadeia a Depress\u00e3o?<\/h2>\n\n\n\n<p>Os gatilhos variam de pessoa para pessoa. Entre os mais comuns est\u00e3o experi\u00eancias traum\u00e1ticas, estresse cr\u00f4nico, desequil\u00edbrios qu\u00edmicos no c\u00e9rebro, hist\u00f3rico familiar de transtornos de humor e situa\u00e7\u00f5es de press\u00e3o constante. Bem como, fatores como solid\u00e3o, conflitos interpessoais ou problemas financeiros podem contribuir para o in\u00edcio ou agravamento do quadro.<\/p>\n\n\n\n<h2 class=\"wp-block-heading\" id=\"h-mitos-e-verdades-sobre-solucoes-para-a-depressao\">Mitos e Verdades sobre Solu\u00e7\u00f5es para a Depress\u00e3o<\/h2>\n\n\n\n<p>Muitos acreditam que \u201cbasta for\u00e7a de vontade\u201d para sair da <strong>depress\u00e3o<\/strong>, mas essa \u00e9 uma vis\u00e3o simplista e prejudicial. Embora atitudes positivas ajudem, o quadro envolve aspectos biol\u00f3gicos, psicol\u00f3gicos e sociais que precisam ser considerados. Outro mito \u00e9 que a depress\u00e3o sempre tem uma causa clara; na realidade, ela pode surgir de forma gradual e silenciosa. A verdade \u00e9 que compreender o problema e buscar estrat\u00e9gias de enfrentamento \u00e9 parte fundamental do processo.<\/p>\n\n\n\n<h2 class=\"wp-block-heading\" id=\"h-como-lidar-com-a-depressao-no-dia-a-dia\">Como Lidar com a Depress\u00e3o no Dia a Dia<\/h2>\n\n\n\n<p>Criar uma rotina estruturada, estabelecer pequenas metas di\u00e1rias e manter algum n\u00edvel de intera\u00e7\u00e3o social podem ajudar. T\u00e9cnicas de respira\u00e7\u00e3o, atividades f\u00edsicas leves e pr\u00e1ticas de relaxamento tamb\u00e9m contribuem para aliviar o peso emocional. Aceitar que o ritmo pode ser mais lento e celebrar pequenas conquistas \u00e9 uma maneira de manter o foco na recupera\u00e7\u00e3o.<\/p>\n\n\n\n<h2 class=\"wp-block-heading\" id=\"h-a-depressao-no-corpo-e-na-mente-manifestacoes\">A Depress\u00e3o no Corpo e na Mente: Manifesta\u00e7\u00f5es<\/h2>\n\n\n\n<p>A <strong>depress\u00e3o<\/strong> afeta tanto o corpo quanto a mente. Al\u00e9m do sofrimento emocional, \u00e9 comum notar cansa\u00e7o extremo, altera\u00e7\u00f5es no sistema imunol\u00f3gico e problemas digestivos. Mentalmente, pode haver perda de mem\u00f3ria recente, dificuldade para tomar decis\u00f5es e pensamentos recorrentes de desvaloriza\u00e7\u00e3o pessoal. Essa conex\u00e3o corpo-mente refor\u00e7a a import\u00e2ncia de cuidar de ambos de forma integrada.<\/p>\n\n\n\n<h2 class=\"wp-block-heading\" id=\"h-depressao-atipica-uma-perspectiva-ampliada\">Depress\u00e3o At\u00edpica: Uma Perspectiva Ampliada<\/h2>\n\n\n\n<p>A depress\u00e3o at\u00edpica se diferencia por incluir sintomas como aumento de apetite, ganho de peso, hipersonia e sensibilidade intensa \u00e0 rejei\u00e7\u00e3o. Apesar do nome, ela n\u00e3o \u00e9 rara e pode confundir tanto a pessoa que sente quanto os que est\u00e3o \u00e0 sua volta, pois pode haver momentos de melhora tempor\u00e1ria do humor.<\/p>\n\n\n\n<h2 class=\"wp-block-heading\" id=\"h-quem-busca-alivio-para-a-depressao\">Quem Busca Al\u00edvio para a Depress\u00e3o?<\/h2>\n\n\n\n<p>S\u00e3o pessoas de diferentes idades, profiss\u00f5es e contextos. Um estudante que perde o interesse pelos estudos, um profissional que n\u00e3o encontra mais motiva\u00e7\u00e3o para o trabalho ou algu\u00e9m que se sente desconectado das pr\u00f3prias emo\u00e7\u00f5es. Muitas vezes, o pedido de ajuda surge quando a rotina \u00e9 profundamente afetada ou quando o sofrimento se torna insustent\u00e1vel.<\/p>\n\n\n\n<h3 class=\"wp-block-heading\" id=\"h-diferentes-abordagens-para-lidar-com-a-depressao\">Diferentes Abordagens para Lidar com a Depress\u00e3o<\/h3>\n\n\n\n<p>Entre as estrat\u00e9gias poss\u00edveis est\u00e3o a psicoterapia, mudan\u00e7as nos h\u00e1bitos de sono, alimenta\u00e7\u00e3o equilibrada, atividade f\u00edsica regular e o cultivo de redes de apoio. Nenhuma abordagem \u00fanica serve para todos, mas a combina\u00e7\u00e3o de recursos aumenta as chances de melhora.<\/p>\n\n\n\n<h3 class=\"wp-block-heading\" id=\"h-sinais-de-alerta-quando-buscar-ajuda-profissional\">Sinais de Alerta: Quando Buscar Ajuda Profissional<\/h3>\n\n\n\n<p>\u00c9 essencial buscar apoio quando h\u00e1 persist\u00eancia dos sintomas por semanas, preju\u00edzo significativo na vida pessoal ou profissional, ou presen\u00e7a de pensamentos de autodesvaloriza\u00e7\u00e3o ou de morte. Quanto antes a ajuda for buscada, maiores as chances de recupera\u00e7\u00e3o.<\/p>\n\n\n\n<h3 class=\"wp-block-heading\" id=\"h-recursos-e-informacoes-confiaveis-sobre-a-depressao\">Recursos e Informa\u00e7\u00f5es Confi\u00e1veis sobre a Depress\u00e3o<\/h3>\n\n\n\n<p>Institui\u00e7\u00f5es como a Organiza\u00e7\u00e3o Mundial da Sa\u00fade (OMS), a Associa\u00e7\u00e3o Brasileira de Psiquiatria e centros de pesquisa em psicologia oferecem informa\u00e7\u00f5es seguras e atualizadas sobre o tema.<\/p>\n\n\n\n<h3 class=\"wp-block-heading\" id=\"h-dicas-para-acao-imediata-em-momentos-de-depressao\">Dicas para A\u00e7\u00e3o Imediata em Momentos de Depress\u00e3o<\/h3>\n\n\n\n<ul class=\"wp-block-list\">\n<li>Respirar profundamente por alguns minutos para reduzir a tens\u00e3o.<\/li>\n\n\n\n<li>Entrar em contato com algu\u00e9m de confian\u00e7a, mesmo que seja apenas para conversar.<\/li>\n\n\n\n<li>Realizar uma pequena atividade prazerosa, como ouvir m\u00fasica ou tomar um banho quente.<\/li>\n<\/ul>\n\n\n\n<h2 class=\"wp-block-heading\" id=\"h-conclusao\">Conclus\u00e3o<\/h2>\n\n\n\n<p>Em suma, compreender <strong>como saber que estou com depress\u00e3o<\/strong> \u00e9 um passo valioso para cuidar da sa\u00fade mental. Reconhecer sinais, identificar momentos cr\u00edticos e buscar apoio s\u00e3o atitudes que podem transformar o enfrentamento dessa condi\u00e7\u00e3o. Logo, n\u00e3o ignore sintomas persistentes ou mudan\u00e7as significativas no seu bem-estar emocional. Se voc\u00ea se identifica com esses sinais, buscar informa\u00e7\u00e3o e apoio pode ser o primeiro passo para uma vida mais leve e equilibrada!<\/p>\n\n\n\n<p>* Essas narrativas s\u00e3o fict\u00edcias mas inspiradas em situa\u00e7\u00f5es comumente vivenciadas nos estudos e na cl\u00ednica psicol\u00f3gica.<\/p>\n\n\n\n<figure class=\"wp-block-image aligncenter size-large is-resized\"><img fetchpriority=\"high\" decoding=\"async\" width=\"1024\" height=\"683\" src=\"https:\/\/ianima.com.br\/blog\/wp-content\/uploads\/2025\/08\/2MM-168-1024x683.webp\" alt=\"Como Saber que Estou com Depress\u00e3o: Um Guia Completo\" class=\"wp-image-9236\" style=\"width:500px\" srcset=\"https:\/\/ianima.com.br\/blog\/wp-content\/uploads\/2025\/08\/2MM-168-1024x683.webp 1024w, https:\/\/ianima.com.br\/blog\/wp-content\/uploads\/2025\/08\/2MM-168-300x200.webp 300w, https:\/\/ianima.com.br\/blog\/wp-content\/uploads\/2025\/08\/2MM-168-768x512.webp 768w, https:\/\/ianima.com.br\/blog\/wp-content\/uploads\/2025\/08\/2MM-168.webp 1536w\" sizes=\"(max-width: 1024px) 100vw, 1024px\" \/><\/figure>\n\n\n\n<h2 class=\"wp-block-heading\" id=\"h-perguntas-frequentes-faq\">Perguntas Frequentes (FAQ)<\/h2>\n\n\n\n<div class=\"schema-faq wp-block-yoast-faq-block\"><div class=\"schema-faq-section\" id=\"faq-question-1754705422150\"><strong class=\"schema-faq-question\">Como posso saber se estou com depress\u00e3o?<\/strong> <p class=\"schema-faq-answer\">Voc\u00ea pode perceber sinais como tristeza persistente, falta de energia, altera\u00e7\u00f5es no sono ou apetite e dificuldade de concentra\u00e7\u00e3o.<\/p> <\/div> <div class=\"schema-faq-section\" id=\"faq-question-1754705443846\"><strong class=\"schema-faq-question\">Quais s\u00e3o os sintomas mais comuns da depress\u00e3o?<\/strong> <p class=\"schema-faq-answer\">Os sintomas incluem des\u00e2nimo, irritabilidade, perda de interesse em atividades que antes gostava e sentimentos de culpa ou inutilidade.<\/p> <\/div> <div class=\"schema-faq-section\" id=\"faq-question-1754705466385\"><strong class=\"schema-faq-question\">Quando devo procurar ajuda profissional?<\/strong> <p class=\"schema-faq-answer\">Se os sintomas persistirem por mais de duas semanas e afetarem sua vida di\u00e1ria, \u00e9 hora de buscar um profissional de sa\u00fade mental.<\/p> <\/div> <\/div>\n\n\n\n<ul class=\"wp-block-yoast-seo-related-links\"><li><a href=\"https:\/\/ianima.com.br\/blog\/saude-mental\/como-saber-se-estou-com-depressao-um-guia-completo\/\">Como Saber se Estou com Depress\u00e3o? Um Guia Completo<\/a><\/li><li><a href=\"https:\/\/ianima.com.br\/blog\/saude-mental\/como-saber-se-estou-com-depressao-um-guia-completo-2\/\">Como Saber se Estou com Depress\u00e3o: Um Guia Completo<\/a><\/li><li><a href=\"https:\/\/ianima.com.br\/blog\/saude-mental\/como-saber-se-esta-em-depressao-o-que-voce-precisa-saber\/\">Como Saber se Est\u00e1 em Depress\u00e3o: O Que Voc\u00ea Precisa Saber<\/a><\/li><li><a href=\"https:\/\/ianima.com.br\/blog\/saude-mental\/quais-sintomas-da-depressao-um-guia-completo\/\">Quais Sintomas da Depress\u00e3o: Um Guia Completo<\/a><\/li><li><a href=\"https:\/\/ianima.com.br\/blog\/saude-mental\/como-saber-se-esta-com-depressao-sinais-e-caminhos\/\">Como Saber se Est\u00e1 com Depress\u00e3o: Sinais e Caminhos<\/a><\/li><\/ul>\n","protected":false},"excerpt":{"rendered":"<p>Os Sinais e Sintomas da Depress\u00e3o A depress\u00e3o n\u00e3o se resume apenas a tristeza constante. Ela pode se manifestar de formas variadas e, muitas vezes, sutis. Al\u00e9m da perda de interesse por atividades antes prazerosas, \u00e9 comum sentir fadiga persistente, altera\u00e7\u00f5es no apetite, dist\u00farbios de sono (ins\u00f4nia ou sono excessivo) e dificuldade de concentra\u00e7\u00e3o.Al\u00e9m disso, [&hellip;]<\/p>\n","protected":false},"author":1,"featured_media":9235,"comment_status":"closed","ping_status":"closed","sticky":false,"template":"","format":"standard","meta":{"site-sidebar-layout":"default","site-content-layout":"","ast-site-content-layout":"default","site-content-style":"default","site-sidebar-style":"default","ast-global-header-display":"","ast-banner-title-visibility":"","ast-main-header-display":"","ast-hfb-above-header-display":"","ast-hfb-below-header-display":"","ast-hfb-mobile-header-display":"","site-post-title":"","ast-breadcrumbs-content":"","ast-featured-img":"","footer-sml-layout":"","theme-transparent-header-meta":"","adv-header-id-meta":"","stick-header-meta":"","header-above-stick-meta":"","header-main-stick-meta":"","header-below-stick-meta":"","astra-migrate-meta-layouts":"set","ast-page-background-enabled":"default","ast-page-background-meta":{"desktop":{"background-color":"","background-image":"","background-repeat":"repeat","background-position":"center center","background-size":"auto","background-attachment":"scroll","background-type":"","background-media":"","overlay-type":"","overlay-color":"","overlay-opacity":"","overlay-gradient":""},"tablet":{"background-color":"","background-image":"","background-repeat":"repeat","background-position":"center center","background-size":"auto","background-attachment":"scroll","background-type":"","background-media":"","overlay-type":"","overlay-color":"","overlay-opacity":"","overlay-gradient":""},"mobile":{"background-color":"","background-image":"","background-repeat":"repeat","background-position":"center center","background-size":"auto","background-attachment":"scroll","background-type":"","background-media":"","overlay-type":"","overlay-color":"","overlay-opacity":"","overlay-gradient":""}},"ast-content-background-meta":{"desktop":{"background-color":"var(--ast-global-color-5)","background-image":"","background-repeat":"repeat","background-position":"center center","background-size":"auto","background-attachment":"scroll","background-type":"","background-media":"","overlay-type":"","overlay-color":"","overlay-opacity":"","overlay-gradient":""},"tablet":{"background-color":"var(--ast-global-color-5)","background-image":"","background-repeat":"repeat","background-position":"center center","background-size":"auto","background-attachment":"scroll","background-type":"","background-media":"","overlay-type":"","overlay-color":"","overlay-opacity":"","overlay-gradient":""},"mobile":{"background-color":"var(--ast-global-color-5)","background-image":"","background-repeat":"repeat","background-position":"center center","background-size":"auto","background-attachment":"scroll","background-type":"","background-media":"","overlay-type":"","overlay-color":"","overlay-opacity":"","overlay-gradient":""}},"footnotes":""},"categories":[24],"tags":[],"class_list":["post-9233","post","type-post","status-publish","format-standard","has-post-thumbnail","hentry","category-saude-mental"],"yoast_head":"<!-- This site is optimized with the Yoast SEO Premium plugin v20.8 (Yoast SEO v20.8) - https:\/\/yoast.com\/wordpress\/plugins\/seo\/ -->\n<title>Como Saber que Estou com Depress\u00e3o: Um Guia Completo<\/title>\n<meta name=\"description\" content=\"Descubra os sinais ocultos da depress\u00e3o que voc\u00ea pode estar ignorando! Este guia completo pode mudar sua vida. N\u00e3o perca!\" \/>\n<meta name=\"robots\" content=\"index, follow, max-snippet:-1, max-image-preview:large, max-video-preview:-1\" \/>\n<link rel=\"canonical\" href=\"https:\/\/ianima.com.br\/blog\/saude-mental\/como-saber-que-estou-com-depressao-um-guia-completo\/\" \/>\n<meta property=\"og:locale\" content=\"pt_BR\" \/>\n<meta property=\"og:type\" content=\"article\" \/>\n<meta property=\"og:title\" content=\"Como Saber que Estou com Depress\u00e3o: Um Guia Completo\" \/>\n<meta property=\"og:description\" content=\"Descubra os sinais ocultos da depress\u00e3o que voc\u00ea pode estar ignorando! Este guia completo pode mudar sua vida. N\u00e3o perca!\" \/>\n<meta property=\"og:url\" content=\"https:\/\/ianima.com.br\/blog\/saude-mental\/como-saber-que-estou-com-depressao-um-guia-completo\/\" \/>\n<meta property=\"og:site_name\" content=\"Terapia Online com IANIMA: Inova\u00e7\u00e3o e Aconselhamento. O terapeuta online ao seu alcance.\" \/>\n<meta property=\"article:published_time\" content=\"2025-08-09T02:13:04+00:00\" \/>\n<meta property=\"og:image\" content=\"https:\/\/ianima.com.br\/blog\/wp-content\/uploads\/2025\/08\/1MM-168.webp\" \/>\n\t<meta property=\"og:image:width\" content=\"1536\" \/>\n\t<meta property=\"og:image:height\" content=\"1024\" \/>\n\t<meta property=\"og:image:type\" content=\"image\/webp\" \/>\n<meta name=\"author\" content=\"Wanderlei Talib\" \/>\n<meta name=\"twitter:card\" content=\"summary_large_image\" \/>\n<meta name=\"twitter:label1\" content=\"Escrito por\" \/>\n\t<meta name=\"twitter:data1\" content=\"Wanderlei Talib\" \/>\n\t<meta name=\"twitter:label2\" content=\"Est. tempo de leitura\" \/>\n\t<meta name=\"twitter:data2\" content=\"6 minutos\" \/>\n<script type=\"application\/ld+json\" class=\"yoast-schema-graph\">{\"@context\":\"https:\/\/schema.org\",\"@graph\":[{\"@type\":\"Article\",\"@id\":\"https:\/\/ianima.com.br\/blog\/saude-mental\/como-saber-que-estou-com-depressao-um-guia-completo\/#article\",\"isPartOf\":{\"@id\":\"https:\/\/ianima.com.br\/blog\/saude-mental\/como-saber-que-estou-com-depressao-um-guia-completo\/\"},\"author\":{\"name\":\"Wanderlei Talib\",\"@id\":\"https:\/\/ianima.com.br\/blog\/#\/schema\/person\/85378d6a819826ce615ae2a7a04f68d8\"},\"headline\":\"Como Saber que Estou com Depress\u00e3o: Um Guia Completo\",\"datePublished\":\"2025-08-09T02:13:04+00:00\",\"dateModified\":\"2025-08-09T02:13:04+00:00\",\"mainEntityOfPage\":{\"@id\":\"https:\/\/ianima.com.br\/blog\/saude-mental\/como-saber-que-estou-com-depressao-um-guia-completo\/\"},\"wordCount\":1178,\"publisher\":{\"@id\":\"https:\/\/ianima.com.br\/blog\/#organization\"},\"articleSection\":[\"Sa\u00fade Mental\"],\"inLanguage\":\"pt-BR\"},{\"@type\":[\"WebPage\",\"FAQPage\"],\"@id\":\"https:\/\/ianima.com.br\/blog\/saude-mental\/como-saber-que-estou-com-depressao-um-guia-completo\/\",\"url\":\"https:\/\/ianima.com.br\/blog\/saude-mental\/como-saber-que-estou-com-depressao-um-guia-completo\/\",\"name\":\"Como Saber que Estou com Depress\u00e3o: Um Guia Completo\",\"isPartOf\":{\"@id\":\"https:\/\/ianima.com.br\/blog\/#website\"},\"datePublished\":\"2025-08-09T02:13:04+00:00\",\"dateModified\":\"2025-08-09T02:13:04+00:00\",\"description\":\"Descubra os sinais ocultos da depress\u00e3o que voc\u00ea pode estar ignorando! Este guia completo pode mudar sua vida. N\u00e3o perca!\",\"breadcrumb\":{\"@id\":\"https:\/\/ianima.com.br\/blog\/saude-mental\/como-saber-que-estou-com-depressao-um-guia-completo\/#breadcrumb\"},\"mainEntity\":[{\"@id\":\"https:\/\/ianima.com.br\/blog\/saude-mental\/como-saber-que-estou-com-depressao-um-guia-completo\/#faq-question-1754705422150\"},{\"@id\":\"https:\/\/ianima.com.br\/blog\/saude-mental\/como-saber-que-estou-com-depressao-um-guia-completo\/#faq-question-1754705443846\"},{\"@id\":\"https:\/\/ianima.com.br\/blog\/saude-mental\/como-saber-que-estou-com-depressao-um-guia-completo\/#faq-question-1754705466385\"}],\"inLanguage\":\"pt-BR\",\"potentialAction\":[{\"@type\":\"ReadAction\",\"target\":[\"https:\/\/ianima.com.br\/blog\/saude-mental\/como-saber-que-estou-com-depressao-um-guia-completo\/\"]}]},{\"@type\":\"BreadcrumbList\",\"@id\":\"https:\/\/ianima.com.br\/blog\/saude-mental\/como-saber-que-estou-com-depressao-um-guia-completo\/#breadcrumb\",\"itemListElement\":[{\"@type\":\"ListItem\",\"position\":1,\"name\":\"In\u00edcio\",\"item\":\"https:\/\/ianima.com.br\/blog\/\"},{\"@type\":\"ListItem\",\"position\":2,\"name\":\"Como Saber que Estou com Depress\u00e3o: Um Guia Completo\"}]},{\"@type\":\"WebSite\",\"@id\":\"https:\/\/ianima.com.br\/blog\/#website\",\"url\":\"https:\/\/ianima.com.br\/blog\/\",\"name\":\"Terapia Online com IANIMA: Inova\u00e7\u00e3o e Aconselhamento. O terapeuta online ao seu alcance.\",\"description\":\"Terapia gratuita online com a IAnima, sua terapeuta online. Artigos sobre terapias online, sa\u00fade mental e bem-estar.\",\"publisher\":{\"@id\":\"https:\/\/ianima.com.br\/blog\/#organization\"},\"potentialAction\":[{\"@type\":\"SearchAction\",\"target\":{\"@type\":\"EntryPoint\",\"urlTemplate\":\"https:\/\/ianima.com.br\/blog\/?s={search_term_string}\"},\"query-input\":\"required name=search_term_string\"}],\"inLanguage\":\"pt-BR\"},{\"@type\":\"Organization\",\"@id\":\"https:\/\/ianima.com.br\/blog\/#organization\",\"name\":\"Terapia Online com IANIMA: Inova\u00e7\u00e3o e Aconselhamento. O terapeuta online ao seu alcance.\",\"url\":\"https:\/\/ianima.com.br\/blog\/\",\"logo\":{\"@type\":\"ImageObject\",\"inLanguage\":\"pt-BR\",\"@id\":\"https:\/\/ianima.com.br\/blog\/#\/schema\/logo\/image\/\",\"url\":\"https:\/\/ianima.com.br\/blog\/wp-content\/uploads\/2025\/04\/cropped-IAnima-terapia-online.webp\",\"contentUrl\":\"https:\/\/ianima.com.br\/blog\/wp-content\/uploads\/2025\/04\/cropped-IAnima-terapia-online.webp\",\"width\":819,\"height\":222,\"caption\":\"Terapia Online com IANIMA: Inova\u00e7\u00e3o e Aconselhamento. O terapeuta online ao seu alcance.\"},\"image\":{\"@id\":\"https:\/\/ianima.com.br\/blog\/#\/schema\/logo\/image\/\"}},{\"@type\":\"Person\",\"@id\":\"https:\/\/ianima.com.br\/blog\/#\/schema\/person\/85378d6a819826ce615ae2a7a04f68d8\",\"name\":\"Wanderlei Talib\",\"image\":{\"@type\":\"ImageObject\",\"inLanguage\":\"pt-BR\",\"@id\":\"https:\/\/ianima.com.br\/blog\/#\/schema\/person\/image\/\",\"url\":\"https:\/\/ianima.com.br\/blog\/wp-content\/litespeed\/avatar\/a0461c2b338365ab5dd45a3e926e23c7.jpg?ver=1777055969\",\"contentUrl\":\"https:\/\/ianima.com.br\/blog\/wp-content\/litespeed\/avatar\/a0461c2b338365ab5dd45a3e926e23c7.jpg?ver=1777055969\",\"caption\":\"Wanderlei Talib\"},\"sameAs\":[\"https:\/\/ianima.com.br\/blog\"],\"url\":\"https:\/\/ianima.com.br\/blog\/author\/adminedu\/\"},{\"@type\":\"Question\",\"@id\":\"https:\/\/ianima.com.br\/blog\/saude-mental\/como-saber-que-estou-com-depressao-um-guia-completo\/#faq-question-1754705422150\",\"position\":1,\"url\":\"https:\/\/ianima.com.br\/blog\/saude-mental\/como-saber-que-estou-com-depressao-um-guia-completo\/#faq-question-1754705422150\",\"name\":\"Como posso saber se estou com depress\u00e3o?\",\"answerCount\":1,\"acceptedAnswer\":{\"@type\":\"Answer\",\"text\":\"Voc\u00ea pode perceber sinais como tristeza persistente, falta de energia, altera\u00e7\u00f5es no sono ou apetite e dificuldade de concentra\u00e7\u00e3o.\",\"inLanguage\":\"pt-BR\"},\"inLanguage\":\"pt-BR\"},{\"@type\":\"Question\",\"@id\":\"https:\/\/ianima.com.br\/blog\/saude-mental\/como-saber-que-estou-com-depressao-um-guia-completo\/#faq-question-1754705443846\",\"position\":2,\"url\":\"https:\/\/ianima.com.br\/blog\/saude-mental\/como-saber-que-estou-com-depressao-um-guia-completo\/#faq-question-1754705443846\",\"name\":\"Quais s\u00e3o os sintomas mais comuns da depress\u00e3o?\",\"answerCount\":1,\"acceptedAnswer\":{\"@type\":\"Answer\",\"text\":\"Os sintomas incluem des\u00e2nimo, irritabilidade, perda de interesse em atividades que antes gostava e sentimentos de culpa ou inutilidade.\",\"inLanguage\":\"pt-BR\"},\"inLanguage\":\"pt-BR\"},{\"@type\":\"Question\",\"@id\":\"https:\/\/ianima.com.br\/blog\/saude-mental\/como-saber-que-estou-com-depressao-um-guia-completo\/#faq-question-1754705466385\",\"position\":3,\"url\":\"https:\/\/ianima.com.br\/blog\/saude-mental\/como-saber-que-estou-com-depressao-um-guia-completo\/#faq-question-1754705466385\",\"name\":\"Quando devo procurar ajuda profissional?\",\"answerCount\":1,\"acceptedAnswer\":{\"@type\":\"Answer\",\"text\":\"Se os sintomas persistirem por mais de duas semanas e afetarem sua vida di\u00e1ria, \u00e9 hora de buscar um profissional de sa\u00fade mental.\",\"inLanguage\":\"pt-BR\"},\"inLanguage\":\"pt-BR\"}]}<\/script>\n<!-- \/ Yoast SEO Premium plugin. -->","yoast_head_json":{"title":"Como Saber que Estou com Depress\u00e3o: Um Guia Completo","description":"Descubra os sinais ocultos da depress\u00e3o que voc\u00ea pode estar ignorando! Este guia completo pode mudar sua vida. N\u00e3o perca!","robots":{"index":"index","follow":"follow","max-snippet":"max-snippet:-1","max-image-preview":"max-image-preview:large","max-video-preview":"max-video-preview:-1"},"canonical":"https:\/\/ianima.com.br\/blog\/saude-mental\/como-saber-que-estou-com-depressao-um-guia-completo\/","og_locale":"pt_BR","og_type":"article","og_title":"Como Saber que Estou com Depress\u00e3o: Um Guia Completo","og_description":"Descubra os sinais ocultos da depress\u00e3o que voc\u00ea pode estar ignorando! Este guia completo pode mudar sua vida. N\u00e3o perca!","og_url":"https:\/\/ianima.com.br\/blog\/saude-mental\/como-saber-que-estou-com-depressao-um-guia-completo\/","og_site_name":"Terapia Online com IANIMA: Inova\u00e7\u00e3o e Aconselhamento. O terapeuta online ao seu alcance.","article_published_time":"2025-08-09T02:13:04+00:00","og_image":[{"width":1536,"height":1024,"url":"https:\/\/ianima.com.br\/blog\/wp-content\/uploads\/2025\/08\/1MM-168.webp","type":"image\/webp"}],"author":"Wanderlei Talib","twitter_card":"summary_large_image","twitter_misc":{"Escrito por":"Wanderlei Talib","Est. tempo de leitura":"6 minutos"},"schema":{"@context":"https:\/\/schema.org","@graph":[{"@type":"Article","@id":"https:\/\/ianima.com.br\/blog\/saude-mental\/como-saber-que-estou-com-depressao-um-guia-completo\/#article","isPartOf":{"@id":"https:\/\/ianima.com.br\/blog\/saude-mental\/como-saber-que-estou-com-depressao-um-guia-completo\/"},"author":{"name":"Wanderlei Talib","@id":"https:\/\/ianima.com.br\/blog\/#\/schema\/person\/85378d6a819826ce615ae2a7a04f68d8"},"headline":"Como Saber que Estou com Depress\u00e3o: Um Guia Completo","datePublished":"2025-08-09T02:13:04+00:00","dateModified":"2025-08-09T02:13:04+00:00","mainEntityOfPage":{"@id":"https:\/\/ianima.com.br\/blog\/saude-mental\/como-saber-que-estou-com-depressao-um-guia-completo\/"},"wordCount":1178,"publisher":{"@id":"https:\/\/ianima.com.br\/blog\/#organization"},"articleSection":["Sa\u00fade Mental"],"inLanguage":"pt-BR"},{"@type":["WebPage","FAQPage"],"@id":"https:\/\/ianima.com.br\/blog\/saude-mental\/como-saber-que-estou-com-depressao-um-guia-completo\/","url":"https:\/\/ianima.com.br\/blog\/saude-mental\/como-saber-que-estou-com-depressao-um-guia-completo\/","name":"Como Saber que Estou com Depress\u00e3o: Um Guia Completo","isPartOf":{"@id":"https:\/\/ianima.com.br\/blog\/#website"},"datePublished":"2025-08-09T02:13:04+00:00","dateModified":"2025-08-09T02:13:04+00:00","description":"Descubra os sinais ocultos da depress\u00e3o que voc\u00ea pode estar ignorando! Este guia completo pode mudar sua vida. N\u00e3o perca!","breadcrumb":{"@id":"https:\/\/ianima.com.br\/blog\/saude-mental\/como-saber-que-estou-com-depressao-um-guia-completo\/#breadcrumb"},"mainEntity":[{"@id":"https:\/\/ianima.com.br\/blog\/saude-mental\/como-saber-que-estou-com-depressao-um-guia-completo\/#faq-question-1754705422150"},{"@id":"https:\/\/ianima.com.br\/blog\/saude-mental\/como-saber-que-estou-com-depressao-um-guia-completo\/#faq-question-1754705443846"},{"@id":"https:\/\/ianima.com.br\/blog\/saude-mental\/como-saber-que-estou-com-depressao-um-guia-completo\/#faq-question-1754705466385"}],"inLanguage":"pt-BR","potentialAction":[{"@type":"ReadAction","target":["https:\/\/ianima.com.br\/blog\/saude-mental\/como-saber-que-estou-com-depressao-um-guia-completo\/"]}]},{"@type":"BreadcrumbList","@id":"https:\/\/ianima.com.br\/blog\/saude-mental\/como-saber-que-estou-com-depressao-um-guia-completo\/#breadcrumb","itemListElement":[{"@type":"ListItem","position":1,"name":"In\u00edcio","item":"https:\/\/ianima.com.br\/blog\/"},{"@type":"ListItem","position":2,"name":"Como Saber que Estou com Depress\u00e3o: Um Guia Completo"}]},{"@type":"WebSite","@id":"https:\/\/ianima.com.br\/blog\/#website","url":"https:\/\/ianima.com.br\/blog\/","name":"Terapia Online com IANIMA: Inova\u00e7\u00e3o e Aconselhamento. O terapeuta online ao seu alcance.","description":"Terapia gratuita online com a IAnima, sua terapeuta online. Artigos sobre terapias online, sa\u00fade mental e bem-estar.","publisher":{"@id":"https:\/\/ianima.com.br\/blog\/#organization"},"potentialAction":[{"@type":"SearchAction","target":{"@type":"EntryPoint","urlTemplate":"https:\/\/ianima.com.br\/blog\/?s={search_term_string}"},"query-input":"required name=search_term_string"}],"inLanguage":"pt-BR"},{"@type":"Organization","@id":"https:\/\/ianima.com.br\/blog\/#organization","name":"Terapia Online com IANIMA: Inova\u00e7\u00e3o e Aconselhamento. O terapeuta online ao seu alcance.","url":"https:\/\/ianima.com.br\/blog\/","logo":{"@type":"ImageObject","inLanguage":"pt-BR","@id":"https:\/\/ianima.com.br\/blog\/#\/schema\/logo\/image\/","url":"https:\/\/ianima.com.br\/blog\/wp-content\/uploads\/2025\/04\/cropped-IAnima-terapia-online.webp","contentUrl":"https:\/\/ianima.com.br\/blog\/wp-content\/uploads\/2025\/04\/cropped-IAnima-terapia-online.webp","width":819,"height":222,"caption":"Terapia Online com IANIMA: Inova\u00e7\u00e3o e Aconselhamento. O terapeuta online ao seu alcance."},"image":{"@id":"https:\/\/ianima.com.br\/blog\/#\/schema\/logo\/image\/"}},{"@type":"Person","@id":"https:\/\/ianima.com.br\/blog\/#\/schema\/person\/85378d6a819826ce615ae2a7a04f68d8","name":"Wanderlei Talib","image":{"@type":"ImageObject","inLanguage":"pt-BR","@id":"https:\/\/ianima.com.br\/blog\/#\/schema\/person\/image\/","url":"https:\/\/ianima.com.br\/blog\/wp-content\/litespeed\/avatar\/a0461c2b338365ab5dd45a3e926e23c7.jpg?ver=1777055969","contentUrl":"https:\/\/ianima.com.br\/blog\/wp-content\/litespeed\/avatar\/a0461c2b338365ab5dd45a3e926e23c7.jpg?ver=1777055969","caption":"Wanderlei Talib"},"sameAs":["https:\/\/ianima.com.br\/blog"],"url":"https:\/\/ianima.com.br\/blog\/author\/adminedu\/"},{"@type":"Question","@id":"https:\/\/ianima.com.br\/blog\/saude-mental\/como-saber-que-estou-com-depressao-um-guia-completo\/#faq-question-1754705422150","position":1,"url":"https:\/\/ianima.com.br\/blog\/saude-mental\/como-saber-que-estou-com-depressao-um-guia-completo\/#faq-question-1754705422150","name":"Como posso saber se estou com depress\u00e3o?","answerCount":1,"acceptedAnswer":{"@type":"Answer","text":"Voc\u00ea pode perceber sinais como tristeza persistente, falta de energia, altera\u00e7\u00f5es no sono ou apetite e dificuldade de concentra\u00e7\u00e3o.","inLanguage":"pt-BR"},"inLanguage":"pt-BR"},{"@type":"Question","@id":"https:\/\/ianima.com.br\/blog\/saude-mental\/como-saber-que-estou-com-depressao-um-guia-completo\/#faq-question-1754705443846","position":2,"url":"https:\/\/ianima.com.br\/blog\/saude-mental\/como-saber-que-estou-com-depressao-um-guia-completo\/#faq-question-1754705443846","name":"Quais s\u00e3o os sintomas mais comuns da depress\u00e3o?","answerCount":1,"acceptedAnswer":{"@type":"Answer","text":"Os sintomas incluem des\u00e2nimo, irritabilidade, perda de interesse em atividades que antes gostava e sentimentos de culpa ou inutilidade.","inLanguage":"pt-BR"},"inLanguage":"pt-BR"},{"@type":"Question","@id":"https:\/\/ianima.com.br\/blog\/saude-mental\/como-saber-que-estou-com-depressao-um-guia-completo\/#faq-question-1754705466385","position":3,"url":"https:\/\/ianima.com.br\/blog\/saude-mental\/como-saber-que-estou-com-depressao-um-guia-completo\/#faq-question-1754705466385","name":"Quando devo procurar ajuda profissional?","answerCount":1,"acceptedAnswer":{"@type":"Answer","text":"Se os sintomas persistirem por mais de duas semanas e afetarem sua vida di\u00e1ria, \u00e9 hora de buscar um profissional de sa\u00fade mental.","inLanguage":"pt-BR"},"inLanguage":"pt-BR"}]}},"_links":{"self":[{"href":"https:\/\/ianima.com.br\/blog\/wp-json\/wp\/v2\/posts\/9233","targetHints":{"allow":["GET"]}}],"collection":[{"href":"https:\/\/ianima.com.br\/blog\/wp-json\/wp\/v2\/posts"}],"about":[{"href":"https:\/\/ianima.com.br\/blog\/wp-json\/wp\/v2\/types\/post"}],"author":[{"embeddable":true,"href":"https:\/\/ianima.com.br\/blog\/wp-json\/wp\/v2\/users\/1"}],"replies":[{"embeddable":true,"href":"https:\/\/ianima.com.br\/blog\/wp-json\/wp\/v2\/comments?post=9233"}],"version-history":[{"count":1,"href":"https:\/\/ianima.com.br\/blog\/wp-json\/wp\/v2\/posts\/9233\/revisions"}],"predecessor-version":[{"id":9237,"href":"https:\/\/ianima.com.br\/blog\/wp-json\/wp\/v2\/posts\/9233\/revisions\/9237"}],"wp:featuredmedia":[{"embeddable":true,"href":"https:\/\/ianima.com.br\/blog\/wp-json\/wp\/v2\/media\/9235"}],"wp:attachment":[{"href":"https:\/\/ianima.com.br\/blog\/wp-json\/wp\/v2\/media?parent=9233"}],"wp:term":[{"taxonomy":"category","embeddable":true,"href":"https:\/\/ianima.com.br\/blog\/wp-json\/wp\/v2\/categories?post=9233"},{"taxonomy":"post_tag","embeddable":true,"href":"https:\/\/ianima.com.br\/blog\/wp-json\/wp\/v2\/tags?post=9233"}],"curies":[{"name":"wp","href":"https:\/\/api.w.org\/{rel}","templated":true}]}}