{"id":9293,"date":"2025-08-09T06:19:35","date_gmt":"2025-08-09T06:19:35","guid":{"rendered":"https:\/\/ianima.com.br\/blog\/?p=9293"},"modified":"2025-08-09T06:19:35","modified_gmt":"2025-08-09T06:19:35","slug":"autoestima-um-guia-pratico-para-fortalecer","status":"publish","type":"post","link":"https:\/\/ianima.com.br\/blog\/autoconhecimento\/autoestima-um-guia-pratico-para-fortalecer\/","title":{"rendered":"Autoestima: Um Guia Pr\u00e1tico para Fortalecer"},"content":{"rendered":"\n<h2 class=\"wp-block-heading\" id=\"h-vantagens-da-autoestima-bem-desenvolvida\">Vantagens da autoestima bem desenvolvida<\/h2>\n\n\n\n<p>Ter <strong>autoestima<\/strong> s\u00f3lida \u00e9 mais do que se sentir bem consigo mesmo; \u00e9 ter clareza sobre seu valor e agir de forma alinhada a essa percep\u00e7\u00e3o. Pessoas com boa <strong>auto-estima<\/strong> tendem a estabelecer relacionamentos mais saud\u00e1veis, tomar decis\u00f5es com seguran\u00e7a e enfrentar desafios com resili\u00eancia.<br>Al\u00e9m disso, a autoconfian\u00e7a resultante impulsiona a motiva\u00e7\u00e3o, melhora o desempenho profissional e fortalece a sa\u00fade emocional.<br>Bem como, permite lidar com cr\u00edticas de maneira construtiva, evitando que coment\u00e1rios externos definam o pr\u00f3prio valor. Por exemplo, algu\u00e9m com autoestima equilibrada consegue receber feedback sem se sentir diminu\u00eddo, transformando-o em aprendizado.<\/p>\n\n\n\n<h2 class=\"wp-block-heading\" id=\"h-a-psicologia-por-tras-da-vida-real-a-autoestima-no-dia-a-dia\">A Psicologia por Tr\u00e1s da Vida Real: A autoestima no Dia a Dia *<\/h2>\n\n\n\n<p>Imagine uma pessoa que, ap\u00f3s anos de inseguran\u00e7a, come\u00e7a a reconhecer pequenas conquistas di\u00e1rias: concluir um projeto no prazo, iniciar uma atividade f\u00edsica, recusar um convite que n\u00e3o lhe faria bem.<br>Esses gestos, ainda que sutis, revelam a for\u00e7a de uma <strong>auto-estima<\/strong> bem nutrida.<br>Do mesmo modo que uma planta floresce com \u00e1gua e luz constantes, a autoestima cresce quando \u00e9 alimentada com atitudes de autocuidado e autocompaix\u00e3o.<br>No cotidiano, isso se manifesta em intera\u00e7\u00f5es mais aut\u00eanticas, maior disposi\u00e7\u00e3o para aprender e na capacidade de celebrar progressos, por menores que pare\u00e7am.<\/p>\n\n\n\n<h2 class=\"wp-block-heading\" id=\"h-compreendendo-os-marcos-importantes-da-autoestima\">Compreendendo os Marcos Importantes da autoestima<\/h2>\n\n\n\n<p>Os marcos no desenvolvimento da <strong>autoestima<\/strong> envolvem momentos de autopercep\u00e7\u00e3o e de supera\u00e7\u00e3o. Entre eles est\u00e3o:<\/p>\n\n\n\n<ul class=\"wp-block-list\">\n<li>Reconhecer habilidades e talentos pessoais.<\/li>\n\n\n\n<li>Aceitar imperfei\u00e7\u00f5es sem que elas definam o pr\u00f3prio valor.<\/li>\n\n\n\n<li>Conseguir estabelecer limites claros nas rela\u00e7\u00f5es.<br>Diferente de uma autoconfian\u00e7a moment\u00e2nea, esses marcos indicam estabilidade emocional e maturidade nas escolhas de vida.<\/li>\n<\/ul>\n\n\n\n<h2 class=\"wp-block-heading\" id=\"h-o-que-estimula-o-crescimento-da-autoestima\">O Que Estimula o Crescimento da autoestima<\/h2>\n\n\n\n<p>A <strong>auto-estima<\/strong> \u00e9 fortalecida por um conjunto de fatores internos e externos.<br>Internamente, pr\u00e1ticas como o autoconhecimento, o registro de conquistas e a reflex\u00e3o sobre valores pessoais contribuem para essa constru\u00e7\u00e3o.<br>Externamente, ambientes respeitosos, relacionamentos de apoio e experi\u00eancias positivas alimentam essa percep\u00e7\u00e3o.<br>Do mesmo modo, desafios superados se tornam combust\u00edvel para acreditar no pr\u00f3prio potencial.<\/p>\n\n\n\n<h2 class=\"wp-block-heading\" id=\"h-mitos-e-verdades-sobre-o-desenvolvimento-da-autoestima\">Mitos e Verdades sobre o Desenvolvimento da autoestima<\/h2>\n\n\n\n<p>Um dos mitos mais comuns \u00e9 acreditar que a <strong>autoestima<\/strong> \u00e9 fixa, determinada na inf\u00e2ncia e imposs\u00edvel de mudar. Na realidade, ela \u00e9 male\u00e1vel e pode ser fortalecida ao longo de toda a vida.<br>Outro equ\u00edvoco \u00e9 pensar que autoestima \u00e9 sin\u00f4nimo de arrog\u00e2ncia; pelo contr\u00e1rio, quando saud\u00e1vel, ela se expressa em humildade e respeito pr\u00f3prio.<br>\u00c9 verdade que o processo exige tempo e consist\u00eancia, mas pequenas a\u00e7\u00f5es di\u00e1rias j\u00e1 provocam mudan\u00e7as significativas.<\/p>\n\n\n\n<h2 class=\"wp-block-heading\" id=\"h-como-cultivar-a-autoestima-no-dia-a-dia\">Como Cultivar a autoestima no Dia a Dia<\/h2>\n\n\n\n<ul class=\"wp-block-list\">\n<li>Reserve momentos para refletir sobre suas conquistas.<\/li>\n\n\n\n<li>Pratique o di\u00e1logo interno positivo, evitando autocr\u00edticas excessivas.<\/li>\n\n\n\n<li>Estabele\u00e7a metas realistas e comemore cada avan\u00e7o.<\/li>\n\n\n\n<li>Mantenha rela\u00e7\u00f5es que estimulem o respeito m\u00fatuo.<br>Com consist\u00eancia, essas pr\u00e1ticas se transformam em h\u00e1bitos que sustentam uma autoestima duradoura.<\/li>\n<\/ul>\n\n\n\n<h2 class=\"wp-block-heading\" id=\"h-a-autoestima-no-corpo-e-na-mente-manifestacoes\">A autoestima no Corpo e na Mente: Manifesta\u00e7\u00f5es<\/h2>\n\n\n\n<p>A <strong>auto-estima<\/strong> impacta diretamente o bem-estar f\u00edsico e mental. No corpo, reflete-se em mais energia, melhor postura e express\u00e3o facial mais relaxada.<br>Na mente, traduz-se em pensamentos equilibrados, maior clareza nas decis\u00f5es e resili\u00eancia emocional diante de desafios.<\/p>\n\n\n\n<h2 class=\"wp-block-heading\" id=\"h-autoestima-profissional-uma-perspectiva-ampliada\">Autoestima Profissional: Uma Perspectiva Ampliada<\/h2>\n\n\n\n<p>No contexto profissional, a <strong>autoestima<\/strong> influencia a forma como algu\u00e9m se posiciona em reuni\u00f5es, negocia oportunidades e aceita desafios.<br>Quem a cultiva tende a buscar capacita\u00e7\u00e3o cont\u00ednua, expor ideias com seguran\u00e7a e lidar melhor com fracassos tempor\u00e1rios.<\/p>\n\n\n\n<h2 class=\"wp-block-heading\" id=\"h-quem-busca-desenvolver-a-autoestima\">Quem Busca Desenvolver a autoestima?<\/h2>\n\n\n\n<p>Pessoas em transi\u00e7\u00e3o de carreira, adolescentes em fase de descoberta, adultos ap\u00f3s rompimentos ou perdas significativas e indiv\u00edduos que desejam maior autoconfian\u00e7a para intera\u00e7\u00f5es sociais frequentemente buscam fortalecer sua <strong>auto-estima<\/strong>.<br>Esse interesse pode surgir de forma espont\u00e2nea, pela vontade de crescer, ou como resposta a dificuldades emocionais.<\/p>\n\n\n\n<h3 class=\"wp-block-heading\" id=\"h-diferentes-caminhos-para-fortalecer-a-autoestima\">Diferentes Caminhos para Fortalecer a autoestima<\/h3>\n\n\n\n<ul class=\"wp-block-list\">\n<li>Autoconhecimento por meio de reflex\u00f5es e registros.<\/li>\n\n\n\n<li>Pr\u00e1ticas de autocuidado f\u00edsico e emocional.<\/li>\n\n\n\n<li>Psicoterapia para trabalhar cren\u00e7as limitantes.<\/li>\n\n\n\n<li>Medita\u00e7\u00e3o e atividades que promovam foco e presen\u00e7a.<\/li>\n\n\n\n<li>Mudan\u00e7as de h\u00e1bitos que valorizem o pr\u00f3prio bem-estar.<\/li>\n<\/ul>\n\n\n\n<h3 class=\"wp-block-heading\" id=\"h-sinais-de-que-vale-buscar-apoio-profissional\">Sinais de que Vale Buscar Apoio Profissional<\/h3>\n\n\n\n<p>Mesmo em temas positivos, pode ser \u00fatil buscar apoio quando h\u00e1 sensa\u00e7\u00e3o de estagna\u00e7\u00e3o, dificuldade persistente em se valorizar ou impacto negativo na vida social e profissional.<\/p>\n\n\n\n<h3 class=\"wp-block-heading\" id=\"h-recursos-e-informacoes-confiaveis-sobre-a-autoestima\">Recursos e Informa\u00e7\u00f5es Confi\u00e1veis sobre a autoestima<\/h3>\n\n\n\n<p>Livros de psicologia aplicada, cursos de desenvolvimento pessoal, palestras de profissionais qualificados e conte\u00fados de institui\u00e7\u00f5es de sa\u00fade mental.<\/p>\n\n\n\n<h3 class=\"wp-block-heading\" id=\"h-dicas-para-fortalecer-autoestima-no-aqui-e-agora\">Dicas para Fortalecer autoestima no Aqui e Agora<\/h3>\n\n\n\n<ul class=\"wp-block-list\">\n<li>Liste tr\u00eas coisas pelas quais \u00e9 grato hoje.<\/li>\n\n\n\n<li>Respire profundamente por alguns minutos, focando em pensamentos positivos.<\/li>\n\n\n\n<li>Reconhe\u00e7a e elogie um esfor\u00e7o que fez recentemente.<\/li>\n<\/ul>\n\n\n\n<h2 class=\"wp-block-heading\" id=\"h-conclusao\">Conclus\u00e3o<\/h2>\n\n\n\n<p>Em suma, a <strong>auto-estima<\/strong> \u00e9 uma aliada poderosa para uma vida mais plena, saud\u00e1vel e equilibrada.<br>Investir em seu fortalecimento significa cultivar h\u00e1bitos, pensamentos e rela\u00e7\u00f5es que refletem respeito e amor por si mesmo.<br>Se voc\u00ea se identifica com esses sinais, buscar inspira\u00e7\u00e3o e orienta\u00e7\u00e3o pode ser o in\u00edcio de um caminho mais consciente e pleno!<\/p>\n\n\n\n<p>* Essas narrativas s\u00e3o fict\u00edcias mas inspiradas em situa\u00e7\u00f5es comumente vivenciadas nos estudos e na cl\u00ednica psicol\u00f3gica.<\/p>\n\n\n\n<figure class=\"wp-block-image aligncenter size-large is-resized\"><img fetchpriority=\"high\" decoding=\"async\" width=\"1024\" height=\"683\" src=\"https:\/\/ianima.com.br\/blog\/wp-content\/uploads\/2025\/08\/2MM-180-1024x683.webp\" alt=\"Autoestima: Um Guia Pr\u00e1tico para Fortalecer\" class=\"wp-image-9296\" style=\"width:500px\" srcset=\"https:\/\/ianima.com.br\/blog\/wp-content\/uploads\/2025\/08\/2MM-180-1024x683.webp 1024w, https:\/\/ianima.com.br\/blog\/wp-content\/uploads\/2025\/08\/2MM-180-300x200.webp 300w, https:\/\/ianima.com.br\/blog\/wp-content\/uploads\/2025\/08\/2MM-180-768x512.webp 768w, https:\/\/ianima.com.br\/blog\/wp-content\/uploads\/2025\/08\/2MM-180.webp 1536w\" sizes=\"(max-width: 1024px) 100vw, 1024px\" \/><\/figure>\n\n\n\n<h2 class=\"wp-block-heading\" id=\"h-perguntas-frequentes-faq\">Perguntas Frequentes (FAQ)<\/h2>\n\n\n\n<div class=\"schema-faq wp-block-yoast-faq-block\"><div class=\"schema-faq-section\" id=\"faq-question-1754720142862\"><strong class=\"schema-faq-question\">Qual \u00e9 a diferen\u00e7a entre auto-estima e autoestima?<\/strong> <p class=\"schema-faq-answer\">Auto-estima e autoestima s\u00e3o a mesma coisa, mas a forma &#8220;auto-estima&#8221; \u00e9 menos usada. O termo correto \u00e9 &#8220;autoestima&#8221;, que se refere \u00e0 forma como voc\u00ea se v\u00ea e se valoriza.<\/p> <\/div> <div class=\"schema-faq-section\" id=\"faq-question-1754720167797\"><strong class=\"schema-faq-question\">Como posso melhorar minha autoestima?<\/strong> <p class=\"schema-faq-answer\">Voc\u00ea pode melhorar sua autoestima praticando a autocompaix\u00e3o, cercando-se de pessoas positivas e estabelecendo metas realistas.<\/p> <\/div> <div class=\"schema-faq-section\" id=\"faq-question-1754720189667\"><strong class=\"schema-faq-question\">A autoestima pode mudar com o tempo?<\/strong> <p class=\"schema-faq-answer\">Sim, a autoestima pode mudar ao longo da vida, influenciada por experi\u00eancias, relacionamentos e o ambiente em que voc\u00ea vive.<\/p> <\/div> <\/div>\n\n\n\n<ul class=\"wp-block-yoast-seo-related-links\"><li><a href=\"https:\/\/ianima.com.br\/blog\/saude-mental\/autoestima-ou-auto-estima-significado-beneficios-e-caminhos\/\">Autoestima ou Auto-Estima Significado: Benef\u00edcios e Caminhos<\/a><\/li><li><a href=\"https:\/\/ianima.com.br\/blog\/autoconhecimento\/dia-da-autoestima-o-que-e-como-funciona-e-como-cultivar\/\">Dia da Autoestima: O Que \u00c9, Como Funciona e Como Cultivar<\/a><\/li><li><a href=\"https:\/\/ianima.com.br\/blog\/autoconhecimento\/como-ter-amor-proprio-e-autoestima-caminhos-e-estrategias\/\">Como ter amor pr\u00f3prio e autoestima: caminhos e estrat\u00e9gias<\/a><\/li><li><a href=\"https:\/\/ianima.com.br\/blog\/autoconhecimento\/amor-proprio-e-autoestima-beneficios-caminhos-e-estrategias\/\">Amor Pr\u00f3prio e Autoestima: Benef\u00edcios, Caminhos e Estrat\u00e9gias<\/a><\/li><li><a href=\"https:\/\/ianima.com.br\/blog\/autoconhecimento\/autoestima-amor-proprio-o-que-e-como-funciona-e-como-cultivar\/\">Autoestima amor pr\u00f3prio: O Que \u00c9, Como Funciona e Como Cultivar<\/a><\/li><\/ul>\n","protected":false},"excerpt":{"rendered":"<p>Vantagens da autoestima bem desenvolvida Ter autoestima s\u00f3lida \u00e9 mais do que se sentir bem consigo mesmo; \u00e9 ter clareza sobre seu valor e agir de forma alinhada a essa percep\u00e7\u00e3o. Pessoas com boa auto-estima tendem a estabelecer relacionamentos mais saud\u00e1veis, tomar decis\u00f5es com seguran\u00e7a e enfrentar desafios com resili\u00eancia.Al\u00e9m disso, a autoconfian\u00e7a resultante impulsiona [&hellip;]<\/p>\n","protected":false},"author":1,"featured_media":9295,"comment_status":"closed","ping_status":"closed","sticky":false,"template":"","format":"standard","meta":{"site-sidebar-layout":"default","site-content-layout":"","ast-site-content-layout":"default","site-content-style":"default","site-sidebar-style":"default","ast-global-header-display":"","ast-banner-title-visibility":"","ast-main-header-display":"","ast-hfb-above-header-display":"","ast-hfb-below-header-display":"","ast-hfb-mobile-header-display":"","site-post-title":"","ast-breadcrumbs-content":"","ast-featured-img":"","footer-sml-layout":"","theme-transparent-header-meta":"","adv-header-id-meta":"","stick-header-meta":"","header-above-stick-meta":"","header-main-stick-meta":"","header-below-stick-meta":"","astra-migrate-meta-layouts":"set","ast-page-background-enabled":"default","ast-page-background-meta":{"desktop":{"background-color":"","background-image":"","background-repeat":"repeat","background-position":"center center","background-size":"auto","background-attachment":"scroll","background-type":"","background-media":"","overlay-type":"","overlay-color":"","overlay-opacity":"","overlay-gradient":""},"tablet":{"background-color":"","background-image":"","background-repeat":"repeat","background-position":"center center","background-size":"auto","background-attachment":"scroll","background-type":"","background-media":"","overlay-type":"","overlay-color":"","overlay-opacity":"","overlay-gradient":""},"mobile":{"background-color":"","background-image":"","background-repeat":"repeat","background-position":"center center","background-size":"auto","background-attachment":"scroll","background-type":"","background-media":"","overlay-type":"","overlay-color":"","overlay-opacity":"","overlay-gradient":""}},"ast-content-background-meta":{"desktop":{"background-color":"var(--ast-global-color-5)","background-image":"","background-repeat":"repeat","background-position":"center center","background-size":"auto","background-attachment":"scroll","background-type":"","background-media":"","overlay-type":"","overlay-color":"","overlay-opacity":"","overlay-gradient":""},"tablet":{"background-color":"var(--ast-global-color-5)","background-image":"","background-repeat":"repeat","background-position":"center center","background-size":"auto","background-attachment":"scroll","background-type":"","background-media":"","overlay-type":"","overlay-color":"","overlay-opacity":"","overlay-gradient":""},"mobile":{"background-color":"var(--ast-global-color-5)","background-image":"","background-repeat":"repeat","background-position":"center center","background-size":"auto","background-attachment":"scroll","background-type":"","background-media":"","overlay-type":"","overlay-color":"","overlay-opacity":"","overlay-gradient":""}},"footnotes":""},"categories":[25],"tags":[],"class_list":["post-9293","post","type-post","status-publish","format-standard","has-post-thumbnail","hentry","category-autoconhecimento"],"yoast_head":"<!-- This site is optimized with the Yoast SEO Premium plugin v20.8 (Yoast SEO v20.8) - https:\/\/yoast.com\/wordpress\/plugins\/seo\/ -->\n<title>Autoestima: Um Guia Pr\u00e1tico para Fortalecer<\/title>\n<meta name=\"description\" content=\"Descubra os segredos surpreendentes para elevar sua autoestima e transformar sua vida! N\u00e3o perca essas dicas valiosas!\" \/>\n<meta name=\"robots\" content=\"index, follow, max-snippet:-1, max-image-preview:large, max-video-preview:-1\" \/>\n<link rel=\"canonical\" href=\"https:\/\/ianima.com.br\/blog\/autoconhecimento\/autoestima-um-guia-pratico-para-fortalecer\/\" \/>\n<meta property=\"og:locale\" content=\"pt_BR\" \/>\n<meta property=\"og:type\" content=\"article\" \/>\n<meta property=\"og:title\" content=\"Autoestima: Um Guia Pr\u00e1tico para Fortalecer\" \/>\n<meta property=\"og:description\" content=\"Descubra os segredos surpreendentes para elevar sua autoestima e transformar sua vida! N\u00e3o perca essas dicas valiosas!\" \/>\n<meta property=\"og:url\" content=\"https:\/\/ianima.com.br\/blog\/autoconhecimento\/autoestima-um-guia-pratico-para-fortalecer\/\" \/>\n<meta property=\"og:site_name\" content=\"Terapia Online com IANIMA: Inova\u00e7\u00e3o e Aconselhamento. O terapeuta online ao seu alcance.\" \/>\n<meta property=\"article:published_time\" content=\"2025-08-09T06:19:35+00:00\" \/>\n<meta property=\"og:image\" content=\"https:\/\/ianima.com.br\/blog\/wp-content\/uploads\/2025\/08\/1MM-180.webp\" \/>\n\t<meta property=\"og:image:width\" content=\"1536\" \/>\n\t<meta property=\"og:image:height\" content=\"1024\" \/>\n\t<meta property=\"og:image:type\" content=\"image\/webp\" \/>\n<meta name=\"author\" content=\"Wanderlei Talib\" \/>\n<meta name=\"twitter:card\" content=\"summary_large_image\" \/>\n<meta name=\"twitter:label1\" content=\"Escrito por\" \/>\n\t<meta name=\"twitter:data1\" content=\"Wanderlei Talib\" \/>\n\t<meta name=\"twitter:label2\" content=\"Est. tempo de leitura\" \/>\n\t<meta name=\"twitter:data2\" content=\"6 minutos\" \/>\n<script type=\"application\/ld+json\" class=\"yoast-schema-graph\">{\"@context\":\"https:\/\/schema.org\",\"@graph\":[{\"@type\":\"Article\",\"@id\":\"https:\/\/ianima.com.br\/blog\/autoconhecimento\/autoestima-um-guia-pratico-para-fortalecer\/#article\",\"isPartOf\":{\"@id\":\"https:\/\/ianima.com.br\/blog\/autoconhecimento\/autoestima-um-guia-pratico-para-fortalecer\/\"},\"author\":{\"name\":\"Wanderlei Talib\",\"@id\":\"https:\/\/ianima.com.br\/blog\/#\/schema\/person\/85378d6a819826ce615ae2a7a04f68d8\"},\"headline\":\"Autoestima: Um Guia Pr\u00e1tico para Fortalecer\",\"datePublished\":\"2025-08-09T06:19:35+00:00\",\"dateModified\":\"2025-08-09T06:19:35+00:00\",\"mainEntityOfPage\":{\"@id\":\"https:\/\/ianima.com.br\/blog\/autoconhecimento\/autoestima-um-guia-pratico-para-fortalecer\/\"},\"wordCount\":1051,\"publisher\":{\"@id\":\"https:\/\/ianima.com.br\/blog\/#organization\"},\"articleSection\":[\"Autoconhecimento\"],\"inLanguage\":\"pt-BR\"},{\"@type\":[\"WebPage\",\"FAQPage\"],\"@id\":\"https:\/\/ianima.com.br\/blog\/autoconhecimento\/autoestima-um-guia-pratico-para-fortalecer\/\",\"url\":\"https:\/\/ianima.com.br\/blog\/autoconhecimento\/autoestima-um-guia-pratico-para-fortalecer\/\",\"name\":\"Autoestima: Um Guia Pr\u00e1tico para Fortalecer\",\"isPartOf\":{\"@id\":\"https:\/\/ianima.com.br\/blog\/#website\"},\"datePublished\":\"2025-08-09T06:19:35+00:00\",\"dateModified\":\"2025-08-09T06:19:35+00:00\",\"description\":\"Descubra os segredos surpreendentes para elevar sua autoestima e transformar sua vida! N\u00e3o perca essas dicas valiosas!\",\"breadcrumb\":{\"@id\":\"https:\/\/ianima.com.br\/blog\/autoconhecimento\/autoestima-um-guia-pratico-para-fortalecer\/#breadcrumb\"},\"mainEntity\":[{\"@id\":\"https:\/\/ianima.com.br\/blog\/autoconhecimento\/autoestima-um-guia-pratico-para-fortalecer\/#faq-question-1754720142862\"},{\"@id\":\"https:\/\/ianima.com.br\/blog\/autoconhecimento\/autoestima-um-guia-pratico-para-fortalecer\/#faq-question-1754720167797\"},{\"@id\":\"https:\/\/ianima.com.br\/blog\/autoconhecimento\/autoestima-um-guia-pratico-para-fortalecer\/#faq-question-1754720189667\"}],\"inLanguage\":\"pt-BR\",\"potentialAction\":[{\"@type\":\"ReadAction\",\"target\":[\"https:\/\/ianima.com.br\/blog\/autoconhecimento\/autoestima-um-guia-pratico-para-fortalecer\/\"]}]},{\"@type\":\"BreadcrumbList\",\"@id\":\"https:\/\/ianima.com.br\/blog\/autoconhecimento\/autoestima-um-guia-pratico-para-fortalecer\/#breadcrumb\",\"itemListElement\":[{\"@type\":\"ListItem\",\"position\":1,\"name\":\"In\u00edcio\",\"item\":\"https:\/\/ianima.com.br\/blog\/\"},{\"@type\":\"ListItem\",\"position\":2,\"name\":\"Autoestima: Um Guia Pr\u00e1tico para Fortalecer\"}]},{\"@type\":\"WebSite\",\"@id\":\"https:\/\/ianima.com.br\/blog\/#website\",\"url\":\"https:\/\/ianima.com.br\/blog\/\",\"name\":\"Terapia Online com IANIMA: Inova\u00e7\u00e3o e Aconselhamento. O terapeuta online ao seu alcance.\",\"description\":\"Terapia gratuita online com a IAnima, sua terapeuta online. Artigos sobre terapias online, sa\u00fade mental e bem-estar.\",\"publisher\":{\"@id\":\"https:\/\/ianima.com.br\/blog\/#organization\"},\"potentialAction\":[{\"@type\":\"SearchAction\",\"target\":{\"@type\":\"EntryPoint\",\"urlTemplate\":\"https:\/\/ianima.com.br\/blog\/?s={search_term_string}\"},\"query-input\":\"required name=search_term_string\"}],\"inLanguage\":\"pt-BR\"},{\"@type\":\"Organization\",\"@id\":\"https:\/\/ianima.com.br\/blog\/#organization\",\"name\":\"Terapia Online com IANIMA: Inova\u00e7\u00e3o e Aconselhamento. O terapeuta online ao seu alcance.\",\"url\":\"https:\/\/ianima.com.br\/blog\/\",\"logo\":{\"@type\":\"ImageObject\",\"inLanguage\":\"pt-BR\",\"@id\":\"https:\/\/ianima.com.br\/blog\/#\/schema\/logo\/image\/\",\"url\":\"https:\/\/ianima.com.br\/blog\/wp-content\/uploads\/2025\/04\/cropped-IAnima-terapia-online.webp\",\"contentUrl\":\"https:\/\/ianima.com.br\/blog\/wp-content\/uploads\/2025\/04\/cropped-IAnima-terapia-online.webp\",\"width\":819,\"height\":222,\"caption\":\"Terapia Online com IANIMA: Inova\u00e7\u00e3o e Aconselhamento. O terapeuta online ao seu alcance.\"},\"image\":{\"@id\":\"https:\/\/ianima.com.br\/blog\/#\/schema\/logo\/image\/\"}},{\"@type\":\"Person\",\"@id\":\"https:\/\/ianima.com.br\/blog\/#\/schema\/person\/85378d6a819826ce615ae2a7a04f68d8\",\"name\":\"Wanderlei Talib\",\"image\":{\"@type\":\"ImageObject\",\"inLanguage\":\"pt-BR\",\"@id\":\"https:\/\/ianima.com.br\/blog\/#\/schema\/person\/image\/\",\"url\":\"https:\/\/ianima.com.br\/blog\/wp-content\/litespeed\/avatar\/a0461c2b338365ab5dd45a3e926e23c7.jpg?ver=1777055969\",\"contentUrl\":\"https:\/\/ianima.com.br\/blog\/wp-content\/litespeed\/avatar\/a0461c2b338365ab5dd45a3e926e23c7.jpg?ver=1777055969\",\"caption\":\"Wanderlei Talib\"},\"sameAs\":[\"https:\/\/ianima.com.br\/blog\"],\"url\":\"https:\/\/ianima.com.br\/blog\/author\/adminedu\/\"},{\"@type\":\"Question\",\"@id\":\"https:\/\/ianima.com.br\/blog\/autoconhecimento\/autoestima-um-guia-pratico-para-fortalecer\/#faq-question-1754720142862\",\"position\":1,\"url\":\"https:\/\/ianima.com.br\/blog\/autoconhecimento\/autoestima-um-guia-pratico-para-fortalecer\/#faq-question-1754720142862\",\"name\":\"Qual \u00e9 a diferen\u00e7a entre auto-estima e autoestima?\",\"answerCount\":1,\"acceptedAnswer\":{\"@type\":\"Answer\",\"text\":\"Auto-estima e autoestima s\u00e3o a mesma coisa, mas a forma \\\"auto-estima\\\" \u00e9 menos usada. O termo correto \u00e9 \\\"autoestima\\\", que se refere \u00e0 forma como voc\u00ea se v\u00ea e se valoriza.\",\"inLanguage\":\"pt-BR\"},\"inLanguage\":\"pt-BR\"},{\"@type\":\"Question\",\"@id\":\"https:\/\/ianima.com.br\/blog\/autoconhecimento\/autoestima-um-guia-pratico-para-fortalecer\/#faq-question-1754720167797\",\"position\":2,\"url\":\"https:\/\/ianima.com.br\/blog\/autoconhecimento\/autoestima-um-guia-pratico-para-fortalecer\/#faq-question-1754720167797\",\"name\":\"Como posso melhorar minha autoestima?\",\"answerCount\":1,\"acceptedAnswer\":{\"@type\":\"Answer\",\"text\":\"Voc\u00ea pode melhorar sua autoestima praticando a autocompaix\u00e3o, cercando-se de pessoas positivas e estabelecendo metas realistas.\",\"inLanguage\":\"pt-BR\"},\"inLanguage\":\"pt-BR\"},{\"@type\":\"Question\",\"@id\":\"https:\/\/ianima.com.br\/blog\/autoconhecimento\/autoestima-um-guia-pratico-para-fortalecer\/#faq-question-1754720189667\",\"position\":3,\"url\":\"https:\/\/ianima.com.br\/blog\/autoconhecimento\/autoestima-um-guia-pratico-para-fortalecer\/#faq-question-1754720189667\",\"name\":\"A autoestima pode mudar com o tempo?\",\"answerCount\":1,\"acceptedAnswer\":{\"@type\":\"Answer\",\"text\":\"Sim, a autoestima pode mudar ao longo da vida, influenciada por experi\u00eancias, relacionamentos e o ambiente em que voc\u00ea vive.\",\"inLanguage\":\"pt-BR\"},\"inLanguage\":\"pt-BR\"}]}<\/script>\n<!-- \/ Yoast SEO Premium plugin. -->","yoast_head_json":{"title":"Autoestima: Um Guia Pr\u00e1tico para Fortalecer","description":"Descubra os segredos surpreendentes para elevar sua autoestima e transformar sua vida! N\u00e3o perca essas dicas valiosas!","robots":{"index":"index","follow":"follow","max-snippet":"max-snippet:-1","max-image-preview":"max-image-preview:large","max-video-preview":"max-video-preview:-1"},"canonical":"https:\/\/ianima.com.br\/blog\/autoconhecimento\/autoestima-um-guia-pratico-para-fortalecer\/","og_locale":"pt_BR","og_type":"article","og_title":"Autoestima: Um Guia Pr\u00e1tico para Fortalecer","og_description":"Descubra os segredos surpreendentes para elevar sua autoestima e transformar sua vida! N\u00e3o perca essas dicas valiosas!","og_url":"https:\/\/ianima.com.br\/blog\/autoconhecimento\/autoestima-um-guia-pratico-para-fortalecer\/","og_site_name":"Terapia Online com IANIMA: Inova\u00e7\u00e3o e Aconselhamento. O terapeuta online ao seu alcance.","article_published_time":"2025-08-09T06:19:35+00:00","og_image":[{"width":1536,"height":1024,"url":"https:\/\/ianima.com.br\/blog\/wp-content\/uploads\/2025\/08\/1MM-180.webp","type":"image\/webp"}],"author":"Wanderlei Talib","twitter_card":"summary_large_image","twitter_misc":{"Escrito por":"Wanderlei Talib","Est. tempo de leitura":"6 minutos"},"schema":{"@context":"https:\/\/schema.org","@graph":[{"@type":"Article","@id":"https:\/\/ianima.com.br\/blog\/autoconhecimento\/autoestima-um-guia-pratico-para-fortalecer\/#article","isPartOf":{"@id":"https:\/\/ianima.com.br\/blog\/autoconhecimento\/autoestima-um-guia-pratico-para-fortalecer\/"},"author":{"name":"Wanderlei Talib","@id":"https:\/\/ianima.com.br\/blog\/#\/schema\/person\/85378d6a819826ce615ae2a7a04f68d8"},"headline":"Autoestima: Um Guia Pr\u00e1tico para Fortalecer","datePublished":"2025-08-09T06:19:35+00:00","dateModified":"2025-08-09T06:19:35+00:00","mainEntityOfPage":{"@id":"https:\/\/ianima.com.br\/blog\/autoconhecimento\/autoestima-um-guia-pratico-para-fortalecer\/"},"wordCount":1051,"publisher":{"@id":"https:\/\/ianima.com.br\/blog\/#organization"},"articleSection":["Autoconhecimento"],"inLanguage":"pt-BR"},{"@type":["WebPage","FAQPage"],"@id":"https:\/\/ianima.com.br\/blog\/autoconhecimento\/autoestima-um-guia-pratico-para-fortalecer\/","url":"https:\/\/ianima.com.br\/blog\/autoconhecimento\/autoestima-um-guia-pratico-para-fortalecer\/","name":"Autoestima: Um Guia Pr\u00e1tico para Fortalecer","isPartOf":{"@id":"https:\/\/ianima.com.br\/blog\/#website"},"datePublished":"2025-08-09T06:19:35+00:00","dateModified":"2025-08-09T06:19:35+00:00","description":"Descubra os segredos surpreendentes para elevar sua autoestima e transformar sua vida! N\u00e3o perca essas dicas valiosas!","breadcrumb":{"@id":"https:\/\/ianima.com.br\/blog\/autoconhecimento\/autoestima-um-guia-pratico-para-fortalecer\/#breadcrumb"},"mainEntity":[{"@id":"https:\/\/ianima.com.br\/blog\/autoconhecimento\/autoestima-um-guia-pratico-para-fortalecer\/#faq-question-1754720142862"},{"@id":"https:\/\/ianima.com.br\/blog\/autoconhecimento\/autoestima-um-guia-pratico-para-fortalecer\/#faq-question-1754720167797"},{"@id":"https:\/\/ianima.com.br\/blog\/autoconhecimento\/autoestima-um-guia-pratico-para-fortalecer\/#faq-question-1754720189667"}],"inLanguage":"pt-BR","potentialAction":[{"@type":"ReadAction","target":["https:\/\/ianima.com.br\/blog\/autoconhecimento\/autoestima-um-guia-pratico-para-fortalecer\/"]}]},{"@type":"BreadcrumbList","@id":"https:\/\/ianima.com.br\/blog\/autoconhecimento\/autoestima-um-guia-pratico-para-fortalecer\/#breadcrumb","itemListElement":[{"@type":"ListItem","position":1,"name":"In\u00edcio","item":"https:\/\/ianima.com.br\/blog\/"},{"@type":"ListItem","position":2,"name":"Autoestima: Um Guia Pr\u00e1tico para Fortalecer"}]},{"@type":"WebSite","@id":"https:\/\/ianima.com.br\/blog\/#website","url":"https:\/\/ianima.com.br\/blog\/","name":"Terapia Online com IANIMA: Inova\u00e7\u00e3o e Aconselhamento. O terapeuta online ao seu alcance.","description":"Terapia gratuita online com a IAnima, sua terapeuta online. Artigos sobre terapias online, sa\u00fade mental e bem-estar.","publisher":{"@id":"https:\/\/ianima.com.br\/blog\/#organization"},"potentialAction":[{"@type":"SearchAction","target":{"@type":"EntryPoint","urlTemplate":"https:\/\/ianima.com.br\/blog\/?s={search_term_string}"},"query-input":"required name=search_term_string"}],"inLanguage":"pt-BR"},{"@type":"Organization","@id":"https:\/\/ianima.com.br\/blog\/#organization","name":"Terapia Online com IANIMA: Inova\u00e7\u00e3o e Aconselhamento. O terapeuta online ao seu alcance.","url":"https:\/\/ianima.com.br\/blog\/","logo":{"@type":"ImageObject","inLanguage":"pt-BR","@id":"https:\/\/ianima.com.br\/blog\/#\/schema\/logo\/image\/","url":"https:\/\/ianima.com.br\/blog\/wp-content\/uploads\/2025\/04\/cropped-IAnima-terapia-online.webp","contentUrl":"https:\/\/ianima.com.br\/blog\/wp-content\/uploads\/2025\/04\/cropped-IAnima-terapia-online.webp","width":819,"height":222,"caption":"Terapia Online com IANIMA: Inova\u00e7\u00e3o e Aconselhamento. O terapeuta online ao seu alcance."},"image":{"@id":"https:\/\/ianima.com.br\/blog\/#\/schema\/logo\/image\/"}},{"@type":"Person","@id":"https:\/\/ianima.com.br\/blog\/#\/schema\/person\/85378d6a819826ce615ae2a7a04f68d8","name":"Wanderlei Talib","image":{"@type":"ImageObject","inLanguage":"pt-BR","@id":"https:\/\/ianima.com.br\/blog\/#\/schema\/person\/image\/","url":"https:\/\/ianima.com.br\/blog\/wp-content\/litespeed\/avatar\/a0461c2b338365ab5dd45a3e926e23c7.jpg?ver=1777055969","contentUrl":"https:\/\/ianima.com.br\/blog\/wp-content\/litespeed\/avatar\/a0461c2b338365ab5dd45a3e926e23c7.jpg?ver=1777055969","caption":"Wanderlei Talib"},"sameAs":["https:\/\/ianima.com.br\/blog"],"url":"https:\/\/ianima.com.br\/blog\/author\/adminedu\/"},{"@type":"Question","@id":"https:\/\/ianima.com.br\/blog\/autoconhecimento\/autoestima-um-guia-pratico-para-fortalecer\/#faq-question-1754720142862","position":1,"url":"https:\/\/ianima.com.br\/blog\/autoconhecimento\/autoestima-um-guia-pratico-para-fortalecer\/#faq-question-1754720142862","name":"Qual \u00e9 a diferen\u00e7a entre auto-estima e autoestima?","answerCount":1,"acceptedAnswer":{"@type":"Answer","text":"Auto-estima e autoestima s\u00e3o a mesma coisa, mas a forma \"auto-estima\" \u00e9 menos usada. O termo correto \u00e9 \"autoestima\", que se refere \u00e0 forma como voc\u00ea se v\u00ea e se valoriza.","inLanguage":"pt-BR"},"inLanguage":"pt-BR"},{"@type":"Question","@id":"https:\/\/ianima.com.br\/blog\/autoconhecimento\/autoestima-um-guia-pratico-para-fortalecer\/#faq-question-1754720167797","position":2,"url":"https:\/\/ianima.com.br\/blog\/autoconhecimento\/autoestima-um-guia-pratico-para-fortalecer\/#faq-question-1754720167797","name":"Como posso melhorar minha autoestima?","answerCount":1,"acceptedAnswer":{"@type":"Answer","text":"Voc\u00ea pode melhorar sua autoestima praticando a autocompaix\u00e3o, cercando-se de pessoas positivas e estabelecendo metas realistas.","inLanguage":"pt-BR"},"inLanguage":"pt-BR"},{"@type":"Question","@id":"https:\/\/ianima.com.br\/blog\/autoconhecimento\/autoestima-um-guia-pratico-para-fortalecer\/#faq-question-1754720189667","position":3,"url":"https:\/\/ianima.com.br\/blog\/autoconhecimento\/autoestima-um-guia-pratico-para-fortalecer\/#faq-question-1754720189667","name":"A autoestima pode mudar com o tempo?","answerCount":1,"acceptedAnswer":{"@type":"Answer","text":"Sim, a autoestima pode mudar ao longo da vida, influenciada por experi\u00eancias, relacionamentos e o ambiente em que voc\u00ea vive.","inLanguage":"pt-BR"},"inLanguage":"pt-BR"}]}},"_links":{"self":[{"href":"https:\/\/ianima.com.br\/blog\/wp-json\/wp\/v2\/posts\/9293","targetHints":{"allow":["GET"]}}],"collection":[{"href":"https:\/\/ianima.com.br\/blog\/wp-json\/wp\/v2\/posts"}],"about":[{"href":"https:\/\/ianima.com.br\/blog\/wp-json\/wp\/v2\/types\/post"}],"author":[{"embeddable":true,"href":"https:\/\/ianima.com.br\/blog\/wp-json\/wp\/v2\/users\/1"}],"replies":[{"embeddable":true,"href":"https:\/\/ianima.com.br\/blog\/wp-json\/wp\/v2\/comments?post=9293"}],"version-history":[{"count":1,"href":"https:\/\/ianima.com.br\/blog\/wp-json\/wp\/v2\/posts\/9293\/revisions"}],"predecessor-version":[{"id":9297,"href":"https:\/\/ianima.com.br\/blog\/wp-json\/wp\/v2\/posts\/9293\/revisions\/9297"}],"wp:featuredmedia":[{"embeddable":true,"href":"https:\/\/ianima.com.br\/blog\/wp-json\/wp\/v2\/media\/9295"}],"wp:attachment":[{"href":"https:\/\/ianima.com.br\/blog\/wp-json\/wp\/v2\/media?parent=9293"}],"wp:term":[{"taxonomy":"category","embeddable":true,"href":"https:\/\/ianima.com.br\/blog\/wp-json\/wp\/v2\/categories?post=9293"},{"taxonomy":"post_tag","embeddable":true,"href":"https:\/\/ianima.com.br\/blog\/wp-json\/wp\/v2\/tags?post=9293"}],"curies":[{"name":"wp","href":"https:\/\/api.w.org\/{rel}","templated":true}]}}