{"id":9313,"date":"2025-08-09T07:41:46","date_gmt":"2025-08-09T07:41:46","guid":{"rendered":"https:\/\/ianima.com.br\/blog\/?p=9313"},"modified":"2025-08-09T07:41:46","modified_gmt":"2025-08-09T07:41:46","slug":"comunicacao-nao-violenta-um-guia-pratico-para-fortalecer","status":"publish","type":"post","link":"https:\/\/ianima.com.br\/blog\/autoconhecimento\/comunicacao-nao-violenta-um-guia-pratico-para-fortalecer\/","title":{"rendered":"Comunica\u00e7\u00e3o N\u00e3o Violenta: Um Guia Pr\u00e1tico para Fortalecer"},"content":{"rendered":"\n<p>A princ\u00edpio, todos n\u00f3s j\u00e1 vivenciamos momentos em que as palavras ditas ou ouvidas provocaram tens\u00e3o ou aproxima\u00e7\u00e3o. Mas como encontrar o equil\u00edbrio entre expressar-se com autenticidade e manter a harmonia nas rela\u00e7\u00f5es? A <strong>comunica\u00e7\u00e3o n\u00e3o violenta<\/strong> prop\u00f5e justamente esse caminho, promovendo conex\u00f5es mais respeitosas e emp\u00e1ticas. Desenvolver essa habilidade vai al\u00e9m de falar de forma \u201ceducada\u201d \u2014 trata-se de compreender necessidades, ouvir ativamente e criar espa\u00e7os de di\u00e1logo construtivo. Descubra as vantagens e os sinais de uma <strong>comunica\u00e7\u00e3o n\u00e3o violenta<\/strong> bem desenvolvida e como ela pode transformar sua vida pessoal e profissional.<\/p>\n\n\n\n<h2 class=\"wp-block-heading\" id=\"h-vantagens-da-comunicacao-nao-violenta-bem-desenvolvida\">Vantagens da comunica\u00e7\u00e3o n\u00e3o violenta bem desenvolvida<\/h2>\n\n\n\n<p>Uma <strong>comunica\u00e7\u00e3o n\u00e3o violenta<\/strong> s\u00f3lida cria pontes onde antes havia muros. Ela favorece relacionamentos mais transparentes, reduz conflitos e melhora a confian\u00e7a entre as pessoas.<br>Al\u00e9m disso, ajuda a evitar mal-entendidos, fortalece v\u00ednculos emocionais e promove um ambiente colaborativo.<br>Do mesmo modo, contribui para a sa\u00fade mental, pois reduz o estresse e aumenta a sensa\u00e7\u00e3o de pertencimento.<\/p>\n\n\n\n<h2 class=\"wp-block-heading\" id=\"h-a-psicologia-por-tras-da-vida-real-a-comunicacao-nao-violenta-no-dia-a-dia\">A Psicologia por Tr\u00e1s da Vida Real: A comunica\u00e7\u00e3o n\u00e3o violenta no Dia a Dia *<\/h2>\n\n\n\n<p>Imagine uma reuni\u00e3o de trabalho em que h\u00e1 diverg\u00eancia de ideias. Em vez de respostas defensivas, cada um exp\u00f5e seu ponto com clareza, reconhecendo a perspectiva do outro.<br>Essa pr\u00e1tica \u00e9 como regar uma planta: aos poucos, o di\u00e1logo se fortalece e floresce.<br>No conv\u00edvio familiar, a <strong>comunica\u00e7\u00e3o n\u00e3o violenta<\/strong> pode transformar discuss\u00f5es desgastantes em conversas construtivas, nas quais sentimentos e necessidades s\u00e3o reconhecidos sem julgamentos.<\/p>\n\n\n\n<h2 class=\"wp-block-heading\" id=\"h-compreendendo-os-marcos-importantes-da-comunicacao-nao-violenta\">Compreendendo os Marcos Importantes da comunica\u00e7\u00e3o n\u00e3o violenta<\/h2>\n\n\n\n<p>Desenvolver a <strong>comunica\u00e7\u00e3o n\u00e3o violenta<\/strong> passa por etapas-chave:<\/p>\n\n\n\n<ul class=\"wp-block-list\">\n<li>Reconhecer e nomear emo\u00e7\u00f5es pr\u00f3prias e alheias.<\/li>\n\n\n\n<li>Praticar a escuta emp\u00e1tica antes de responder.<\/li>\n\n\n\n<li>Formular pedidos claros em vez de exig\u00eancias.<br>Esses marcos diferenciam uma intera\u00e7\u00e3o mec\u00e2nica de uma troca genu\u00edna, pautada pela compreens\u00e3o m\u00fatua.<\/li>\n<\/ul>\n\n\n\n<h2 class=\"wp-block-heading\" id=\"h-o-que-estimula-o-crescimento-da-comunicacao-nao-violenta\">O Que Estimula o Crescimento da comunica\u00e7\u00e3o n\u00e3o violenta<\/h2>\n\n\n\n<p>O fortalecimento dessa habilidade envolve fatores internos e externos:<\/p>\n\n\n\n<ul class=\"wp-block-list\">\n<li><strong>Internos<\/strong>: autoconhecimento, empatia, capacidade de autorregula\u00e7\u00e3o emocional.<\/li>\n\n\n\n<li><strong>Externos<\/strong>: conviv\u00eancia com pessoas abertas ao di\u00e1logo, ambientes de confian\u00e7a e experi\u00eancias que incentivam a coopera\u00e7\u00e3o.<br>Bem como, participar de treinamentos, leituras e reflex\u00f5es sobre o tema amplia a sensibilidade comunicacional.<\/li>\n<\/ul>\n\n\n\n<h2 class=\"wp-block-heading\" id=\"h-mitos-e-verdades-sobre-o-desenvolvimento-da-comunicacao-nao-violenta\">Mitos e Verdades sobre o Desenvolvimento da comunica\u00e7\u00e3o n\u00e3o violenta<\/h2>\n\n\n\n<p>Muitos acreditam que <strong>comunica\u00e7\u00e3o n\u00e3o violenta<\/strong> \u00e9 falar sempre de forma \u201csuave\u201d, mas isso \u00e9 um mito. O verdadeiro foco est\u00e1 em ser claro, respeitoso e consciente das necessidades envolvidas.<br>Outro equ\u00edvoco \u00e9 pensar que ela serve apenas para evitar conflitos \u2014 na realidade, ela os enfrenta de forma construtiva, sem agress\u00f5es ou hostilidade.<\/p>\n\n\n\n<h2 class=\"wp-block-heading\" id=\"h-como-cultivar-a-comunicacao-nao-violenta-no-dia-a-dia\">Como Cultivar a comunica\u00e7\u00e3o n\u00e3o violenta no Dia a Dia<\/h2>\n\n\n\n<p>Para integrar essa pr\u00e1tica na rotina:<\/p>\n\n\n\n<ul class=\"wp-block-list\">\n<li>Pratique a escuta sem interrup\u00e7\u00f5es.<\/li>\n\n\n\n<li>Evite pressuposi\u00e7\u00f5es sobre as inten\u00e7\u00f5es alheias.<\/li>\n\n\n\n<li>Use frases que expressem sentimentos e necessidades, como \u201ceu me sinto\u2026 quando\u2026 porque\u2026\u201d.<\/li>\n\n\n\n<li>Crie momentos de pausa antes de responder em situa\u00e7\u00f5es tensas.<\/li>\n<\/ul>\n\n\n\n<h2 class=\"wp-block-heading\" id=\"h-a-comunicacao-nao-violenta-no-corpo-e-na-mente-manifestacoes\">A comunica\u00e7\u00e3o n\u00e3o violenta no Corpo e na Mente: Manifesta\u00e7\u00f5es<\/h2>\n\n\n\n<p>Na mente, ela reduz pensamentos reativos e julgadores, favorecendo respostas mais equilibradas.<br>No corpo, pode diminuir a tens\u00e3o muscular e a frequ\u00eancia card\u00edaca durante intera\u00e7\u00f5es dif\u00edceis, pois reduz a ativa\u00e7\u00e3o do estresse.<\/p>\n\n\n\n<h2 class=\"wp-block-heading\" id=\"h-comunicacao-nao-violenta-nas-relacoes-profissionais-uma-perspectiva-ampliada\">Comunica\u00e7\u00e3o n\u00e3o violenta nas Rela\u00e7\u00f5es Profissionais: Uma Perspectiva Ampliada<\/h2>\n\n\n\n<p>No ambiente corporativo, a <strong>comunica\u00e7\u00e3o n\u00e3o violenta<\/strong> melhora a coopera\u00e7\u00e3o, evita climas hostis e aumenta a produtividade.<br>Ela tamb\u00e9m \u00e9 fundamental em \u00e1reas de lideran\u00e7a, media\u00e7\u00e3o de conflitos e atendimento ao cliente, onde a clareza e a empatia influenciam diretamente os resultados.<\/p>\n\n\n\n<h2 class=\"wp-block-heading\" id=\"h-quem-busca-desenvolver-a-comunicacao-nao-violenta\">Quem Busca Desenvolver a comunica\u00e7\u00e3o n\u00e3o violenta?<\/h2>\n\n\n\n<p>Pessoas que desejam melhorar relacionamentos, resolver conflitos de forma pac\u00edfica ou liderar com mais empatia tendem a buscar essa habilidade.<br>Seja no in\u00edcio da carreira, no conv\u00edvio familiar ou na gest\u00e3o de equipes, o interesse por essa pr\u00e1tica pode surgir tanto por experi\u00eancias desafiadoras quanto pela vontade de criar ambientes mais saud\u00e1veis.<\/p>\n\n\n\n<h3 class=\"wp-block-heading\" id=\"h-diferentes-caminhos-para-fortalecer-a-comunicacao-nao-violenta\">Diferentes Caminhos para Fortalecer a comunica\u00e7\u00e3o n\u00e3o violenta<\/h3>\n\n\n\n<ul class=\"wp-block-list\">\n<li>Grupos de estudo e pr\u00e1tica.<\/li>\n\n\n\n<li>Psicoterapia focada em comunica\u00e7\u00e3o.<\/li>\n\n\n\n<li>Oficinas e cursos sobre empatia e escuta ativa.<\/li>\n\n\n\n<li>Pr\u00e1ticas de autocuidado e autorregula\u00e7\u00e3o emocional.<\/li>\n<\/ul>\n\n\n\n<h3 class=\"wp-block-heading\" id=\"h-sinais-de-que-vale-buscar-apoio-profissional\">Sinais de que Vale Buscar Apoio Profissional<\/h3>\n\n\n\n<p>Quando h\u00e1 bloqueios persistentes para se comunicar de forma respeitosa, conflitos constantes ou dificuldade em lidar com emo\u00e7\u00f5es intensas durante di\u00e1logos, pode ser \u00fatil contar com um profissional para orientar o desenvolvimento dessa habilidade.<\/p>\n\n\n\n<h3 class=\"wp-block-heading\" id=\"h-recursos-e-informacoes-confiaveis-sobre-a-comunicacao-nao-violenta\">Recursos e Informa\u00e7\u00f5es Confi\u00e1veis sobre a comunica\u00e7\u00e3o n\u00e3o violenta<\/h3>\n\n\n\n<p>Livros de Marshall Rosenberg, cursos de organiza\u00e7\u00f5es de media\u00e7\u00e3o e plataformas educacionais confi\u00e1veis oferecem materiais aprofundados e aplic\u00e1veis.<\/p>\n\n\n\n<h3 class=\"wp-block-heading\" id=\"h-dicas-para-fortalecer-comunicacao-nao-violenta-no-aqui-e-agora\">Dicas para Fortalecer comunica\u00e7\u00e3o n\u00e3o violenta no Aqui e Agora<\/h3>\n\n\n\n<ul class=\"wp-block-list\">\n<li>Respire fundo antes de responder a cr\u00edticas.<\/li>\n\n\n\n<li>Pergunte para compreender antes de argumentar.<\/li>\n\n\n\n<li>Reflita sobre a inten\u00e7\u00e3o por tr\u00e1s de suas palavras.<\/li>\n<\/ul>\n\n\n\n<h2 class=\"wp-block-heading\" id=\"h-conclusao\">Conclus\u00e3o<\/h2>\n\n\n\n<p>Em suma, a <strong>comunica\u00e7\u00e3o n\u00e3o violenta<\/strong> \u00e9 uma habilidade que pode transformar rela\u00e7\u00f5es, tornando-as mais respeitosas e construtivas.<br>Ao compreender suas bases e cultivar suas pr\u00e1ticas, \u00e9 poss\u00edvel criar um impacto positivo n\u00e3o apenas nos relacionamentos, mas tamb\u00e9m no bem-estar emocional.<br>Se voc\u00ea se identifica com esses sinais, buscar inspira\u00e7\u00e3o e orienta\u00e7\u00e3o pode ser o in\u00edcio de um caminho mais consciente e pleno!<\/p>\n\n\n\n<p>* Essas narrativas s\u00e3o fict\u00edcias mas inspiradas em situa\u00e7\u00f5es comumente vivenciadas nos estudos e na cl\u00ednica psicol\u00f3gica.<\/p>\n\n\n\n<figure class=\"wp-block-image aligncenter size-large is-resized\"><img fetchpriority=\"high\" decoding=\"async\" width=\"1024\" height=\"683\" src=\"https:\/\/ianima.com.br\/blog\/wp-content\/uploads\/2025\/08\/2MM-184-1024x683.webp\" alt=\"Comunica\u00e7\u00e3o N\u00e3o Violenta: Um Guia Pr\u00e1tico para Fortalecer\" class=\"wp-image-9316\" style=\"width:500px\" srcset=\"https:\/\/ianima.com.br\/blog\/wp-content\/uploads\/2025\/08\/2MM-184-1024x683.webp 1024w, https:\/\/ianima.com.br\/blog\/wp-content\/uploads\/2025\/08\/2MM-184-300x200.webp 300w, https:\/\/ianima.com.br\/blog\/wp-content\/uploads\/2025\/08\/2MM-184-768x512.webp 768w, https:\/\/ianima.com.br\/blog\/wp-content\/uploads\/2025\/08\/2MM-184.webp 1536w\" sizes=\"(max-width: 1024px) 100vw, 1024px\" \/><\/figure>\n\n\n\n<h2 class=\"wp-block-heading\" id=\"h-perguntas-frequentes-faq\">Perguntas Frequentes (FAQ)<\/h2>\n\n\n\n<div class=\"schema-faq wp-block-yoast-faq-block\"><div class=\"schema-faq-section\" id=\"faq-question-1754725126986\"><strong class=\"schema-faq-question\">O que \u00e9 comunica\u00e7\u00e3o n\u00e3o violenta?<\/strong> <p class=\"schema-faq-answer\">Comunica\u00e7\u00e3o n\u00e3o violenta \u00e9 um m\u00e9todo criado por Marshall Rosenberg que foca em expressar sentimentos e necessidades de forma emp\u00e1tica, sem julgamentos.<\/p> <\/div> <div class=\"schema-faq-section\" id=\"faq-question-1754725149312\"><strong class=\"schema-faq-question\">Quais s\u00e3o os quatro componentes da comunica\u00e7\u00e3o n\u00e3o violenta?<\/strong> <p class=\"schema-faq-answer\">Os quatro componentes s\u00e3o: observa\u00e7\u00e3o, sentimento, necessidade e pedido, que ajudam a melhorar a conex\u00e3o entre as pessoas.<\/p> <\/div> <div class=\"schema-faq-section\" id=\"faq-question-1754725172569\"><strong class=\"schema-faq-question\">Como posso praticar comunica\u00e7\u00e3o n\u00e3o violenta no dia a dia?<\/strong> <p class=\"schema-faq-answer\">Voc\u00ea pode praticar ouvindo ativamente, expressando seus sentimentos sem culpar os outros e fazendo pedidos claros, sempre buscando empatia.<\/p> <\/div> <\/div>\n\n\n\n<ul class=\"wp-block-yoast-seo-related-links\"><li><a href=\"https:\/\/ianima.com.br\/blog\/autoconhecimento\/limites-pessoais-beneficios-caminhos-e-estrategias\/\">Limites Pessoais: Benef\u00edcios, Caminhos e Estrat\u00e9gias<\/a><\/li><li><a href=\"https:\/\/ianima.com.br\/blog\/bem-estar\/o-que-e-ter-empatia-beneficios-caminhos-e-estrategias\/\">O Que \u00c9 Ter Empatia: Benef\u00edcios, Caminhos e Estrat\u00e9gias<\/a><\/li><li><a href=\"https:\/\/ianima.com.br\/blog\/bem-estar\/comunicacao-empatica-beneficios-caminhos-e-estrategias\/\">Comunica\u00e7\u00e3o Emp\u00e1tica: Benef\u00edcios, Caminhos e Estrat\u00e9gias<\/a><\/li><li><a href=\"https:\/\/ianima.com.br\/blog\/bem-estar\/o-empatia-o-que-e-como-funciona-e-como-cultivar\/\">O Empatia: O Que \u00c9, Como Funciona e Como Cultivar<\/a><\/li><li><a href=\"https:\/\/ianima.com.br\/blog\/bem-estar\/empatia-no-trabalho-o-que-e-como-funciona-e-como-cultivar\/\">Empatia no Trabalho: O Que \u00c9, Como Funciona e Como Cultivar<\/a><\/li><\/ul>\n","protected":false},"excerpt":{"rendered":"<p>A princ\u00edpio, todos n\u00f3s j\u00e1 vivenciamos momentos em que as palavras ditas ou ouvidas provocaram tens\u00e3o ou aproxima\u00e7\u00e3o. Mas como encontrar o equil\u00edbrio entre expressar-se com autenticidade e manter a harmonia nas rela\u00e7\u00f5es? A comunica\u00e7\u00e3o n\u00e3o violenta prop\u00f5e justamente esse caminho, promovendo conex\u00f5es mais respeitosas e emp\u00e1ticas. Desenvolver essa habilidade vai al\u00e9m de falar de [&hellip;]<\/p>\n","protected":false},"author":1,"featured_media":9315,"comment_status":"closed","ping_status":"closed","sticky":false,"template":"","format":"standard","meta":{"site-sidebar-layout":"default","site-content-layout":"","ast-site-content-layout":"default","site-content-style":"default","site-sidebar-style":"default","ast-global-header-display":"","ast-banner-title-visibility":"","ast-main-header-display":"","ast-hfb-above-header-display":"","ast-hfb-below-header-display":"","ast-hfb-mobile-header-display":"","site-post-title":"","ast-breadcrumbs-content":"","ast-featured-img":"","footer-sml-layout":"","theme-transparent-header-meta":"","adv-header-id-meta":"","stick-header-meta":"","header-above-stick-meta":"","header-main-stick-meta":"","header-below-stick-meta":"","astra-migrate-meta-layouts":"set","ast-page-background-enabled":"default","ast-page-background-meta":{"desktop":{"background-color":"","background-image":"","background-repeat":"repeat","background-position":"center center","background-size":"auto","background-attachment":"scroll","background-type":"","background-media":"","overlay-type":"","overlay-color":"","overlay-opacity":"","overlay-gradient":""},"tablet":{"background-color":"","background-image":"","background-repeat":"repeat","background-position":"center center","background-size":"auto","background-attachment":"scroll","background-type":"","background-media":"","overlay-type":"","overlay-color":"","overlay-opacity":"","overlay-gradient":""},"mobile":{"background-color":"","background-image":"","background-repeat":"repeat","background-position":"center center","background-size":"auto","background-attachment":"scroll","background-type":"","background-media":"","overlay-type":"","overlay-color":"","overlay-opacity":"","overlay-gradient":""}},"ast-content-background-meta":{"desktop":{"background-color":"var(--ast-global-color-5)","background-image":"","background-repeat":"repeat","background-position":"center center","background-size":"auto","background-attachment":"scroll","background-type":"","background-media":"","overlay-type":"","overlay-color":"","overlay-opacity":"","overlay-gradient":""},"tablet":{"background-color":"var(--ast-global-color-5)","background-image":"","background-repeat":"repeat","background-position":"center center","background-size":"auto","background-attachment":"scroll","background-type":"","background-media":"","overlay-type":"","overlay-color":"","overlay-opacity":"","overlay-gradient":""},"mobile":{"background-color":"var(--ast-global-color-5)","background-image":"","background-repeat":"repeat","background-position":"center center","background-size":"auto","background-attachment":"scroll","background-type":"","background-media":"","overlay-type":"","overlay-color":"","overlay-opacity":"","overlay-gradient":""}},"footnotes":""},"categories":[25],"tags":[],"class_list":["post-9313","post","type-post","status-publish","format-standard","has-post-thumbnail","hentry","category-autoconhecimento"],"yoast_head":"<!-- This site is optimized with the Yoast SEO Premium plugin v20.8 (Yoast SEO v20.8) - https:\/\/yoast.com\/wordpress\/plugins\/seo\/ -->\n<title>Comunica\u00e7\u00e3o N\u00e3o Violenta: Um Guia Pr\u00e1tico para Fortalecer<\/title>\n<meta name=\"description\" content=\"Descubra como a Comunica\u00e7\u00e3o N\u00e3o Violenta pode transformar seus relacionamentos e fortalecer la\u00e7os! Voc\u00ea n\u00e3o vai querer perder essas dicas!\" \/>\n<meta name=\"robots\" content=\"index, follow, max-snippet:-1, max-image-preview:large, max-video-preview:-1\" \/>\n<link rel=\"canonical\" href=\"https:\/\/ianima.com.br\/blog\/autoconhecimento\/comunicacao-nao-violenta-um-guia-pratico-para-fortalecer\/\" \/>\n<meta property=\"og:locale\" content=\"pt_BR\" \/>\n<meta property=\"og:type\" content=\"article\" \/>\n<meta property=\"og:title\" content=\"Comunica\u00e7\u00e3o N\u00e3o Violenta: Um Guia Pr\u00e1tico para Fortalecer\" \/>\n<meta property=\"og:description\" content=\"Descubra como a Comunica\u00e7\u00e3o N\u00e3o Violenta pode transformar seus relacionamentos e fortalecer la\u00e7os! Voc\u00ea n\u00e3o vai querer perder essas dicas!\" \/>\n<meta property=\"og:url\" content=\"https:\/\/ianima.com.br\/blog\/autoconhecimento\/comunicacao-nao-violenta-um-guia-pratico-para-fortalecer\/\" \/>\n<meta property=\"og:site_name\" content=\"Terapia Online com IANIMA: Inova\u00e7\u00e3o e Aconselhamento. O terapeuta online ao seu alcance.\" \/>\n<meta property=\"article:published_time\" content=\"2025-08-09T07:41:46+00:00\" \/>\n<meta property=\"og:image\" content=\"https:\/\/ianima.com.br\/blog\/wp-content\/uploads\/2025\/08\/1MM-184.webp\" \/>\n\t<meta property=\"og:image:width\" content=\"1536\" \/>\n\t<meta property=\"og:image:height\" content=\"1024\" \/>\n\t<meta property=\"og:image:type\" content=\"image\/webp\" \/>\n<meta name=\"author\" content=\"Wanderlei Talib\" \/>\n<meta name=\"twitter:card\" content=\"summary_large_image\" \/>\n<meta name=\"twitter:label1\" content=\"Escrito por\" \/>\n\t<meta name=\"twitter:data1\" content=\"Wanderlei Talib\" \/>\n\t<meta name=\"twitter:label2\" content=\"Est. tempo de leitura\" \/>\n\t<meta name=\"twitter:data2\" content=\"6 minutos\" \/>\n<script type=\"application\/ld+json\" class=\"yoast-schema-graph\">{\"@context\":\"https:\/\/schema.org\",\"@graph\":[{\"@type\":\"Article\",\"@id\":\"https:\/\/ianima.com.br\/blog\/autoconhecimento\/comunicacao-nao-violenta-um-guia-pratico-para-fortalecer\/#article\",\"isPartOf\":{\"@id\":\"https:\/\/ianima.com.br\/blog\/autoconhecimento\/comunicacao-nao-violenta-um-guia-pratico-para-fortalecer\/\"},\"author\":{\"name\":\"Wanderlei Talib\",\"@id\":\"https:\/\/ianima.com.br\/blog\/#\/schema\/person\/85378d6a819826ce615ae2a7a04f68d8\"},\"headline\":\"Comunica\u00e7\u00e3o N\u00e3o Violenta: Um Guia Pr\u00e1tico para Fortalecer\",\"datePublished\":\"2025-08-09T07:41:46+00:00\",\"dateModified\":\"2025-08-09T07:41:46+00:00\",\"mainEntityOfPage\":{\"@id\":\"https:\/\/ianima.com.br\/blog\/autoconhecimento\/comunicacao-nao-violenta-um-guia-pratico-para-fortalecer\/\"},\"wordCount\":1108,\"publisher\":{\"@id\":\"https:\/\/ianima.com.br\/blog\/#organization\"},\"articleSection\":[\"Autoconhecimento\"],\"inLanguage\":\"pt-BR\"},{\"@type\":[\"WebPage\",\"FAQPage\"],\"@id\":\"https:\/\/ianima.com.br\/blog\/autoconhecimento\/comunicacao-nao-violenta-um-guia-pratico-para-fortalecer\/\",\"url\":\"https:\/\/ianima.com.br\/blog\/autoconhecimento\/comunicacao-nao-violenta-um-guia-pratico-para-fortalecer\/\",\"name\":\"Comunica\u00e7\u00e3o N\u00e3o Violenta: Um Guia Pr\u00e1tico para Fortalecer\",\"isPartOf\":{\"@id\":\"https:\/\/ianima.com.br\/blog\/#website\"},\"datePublished\":\"2025-08-09T07:41:46+00:00\",\"dateModified\":\"2025-08-09T07:41:46+00:00\",\"description\":\"Descubra como a Comunica\u00e7\u00e3o N\u00e3o Violenta pode transformar seus relacionamentos e fortalecer la\u00e7os! Voc\u00ea n\u00e3o vai querer perder essas dicas!\",\"breadcrumb\":{\"@id\":\"https:\/\/ianima.com.br\/blog\/autoconhecimento\/comunicacao-nao-violenta-um-guia-pratico-para-fortalecer\/#breadcrumb\"},\"mainEntity\":[{\"@id\":\"https:\/\/ianima.com.br\/blog\/autoconhecimento\/comunicacao-nao-violenta-um-guia-pratico-para-fortalecer\/#faq-question-1754725126986\"},{\"@id\":\"https:\/\/ianima.com.br\/blog\/autoconhecimento\/comunicacao-nao-violenta-um-guia-pratico-para-fortalecer\/#faq-question-1754725149312\"},{\"@id\":\"https:\/\/ianima.com.br\/blog\/autoconhecimento\/comunicacao-nao-violenta-um-guia-pratico-para-fortalecer\/#faq-question-1754725172569\"}],\"inLanguage\":\"pt-BR\",\"potentialAction\":[{\"@type\":\"ReadAction\",\"target\":[\"https:\/\/ianima.com.br\/blog\/autoconhecimento\/comunicacao-nao-violenta-um-guia-pratico-para-fortalecer\/\"]}]},{\"@type\":\"BreadcrumbList\",\"@id\":\"https:\/\/ianima.com.br\/blog\/autoconhecimento\/comunicacao-nao-violenta-um-guia-pratico-para-fortalecer\/#breadcrumb\",\"itemListElement\":[{\"@type\":\"ListItem\",\"position\":1,\"name\":\"In\u00edcio\",\"item\":\"https:\/\/ianima.com.br\/blog\/\"},{\"@type\":\"ListItem\",\"position\":2,\"name\":\"Comunica\u00e7\u00e3o N\u00e3o Violenta: Um Guia Pr\u00e1tico para Fortalecer\"}]},{\"@type\":\"WebSite\",\"@id\":\"https:\/\/ianima.com.br\/blog\/#website\",\"url\":\"https:\/\/ianima.com.br\/blog\/\",\"name\":\"Terapia Online com IANIMA: Inova\u00e7\u00e3o e Aconselhamento. O terapeuta online ao seu alcance.\",\"description\":\"Terapia gratuita online com a IAnima, sua terapeuta online. Artigos sobre terapias online, sa\u00fade mental e bem-estar.\",\"publisher\":{\"@id\":\"https:\/\/ianima.com.br\/blog\/#organization\"},\"potentialAction\":[{\"@type\":\"SearchAction\",\"target\":{\"@type\":\"EntryPoint\",\"urlTemplate\":\"https:\/\/ianima.com.br\/blog\/?s={search_term_string}\"},\"query-input\":\"required name=search_term_string\"}],\"inLanguage\":\"pt-BR\"},{\"@type\":\"Organization\",\"@id\":\"https:\/\/ianima.com.br\/blog\/#organization\",\"name\":\"Terapia Online com IANIMA: Inova\u00e7\u00e3o e Aconselhamento. O terapeuta online ao seu alcance.\",\"url\":\"https:\/\/ianima.com.br\/blog\/\",\"logo\":{\"@type\":\"ImageObject\",\"inLanguage\":\"pt-BR\",\"@id\":\"https:\/\/ianima.com.br\/blog\/#\/schema\/logo\/image\/\",\"url\":\"https:\/\/ianima.com.br\/blog\/wp-content\/uploads\/2025\/04\/cropped-IAnima-terapia-online.webp\",\"contentUrl\":\"https:\/\/ianima.com.br\/blog\/wp-content\/uploads\/2025\/04\/cropped-IAnima-terapia-online.webp\",\"width\":819,\"height\":222,\"caption\":\"Terapia Online com IANIMA: Inova\u00e7\u00e3o e Aconselhamento. O terapeuta online ao seu alcance.\"},\"image\":{\"@id\":\"https:\/\/ianima.com.br\/blog\/#\/schema\/logo\/image\/\"}},{\"@type\":\"Person\",\"@id\":\"https:\/\/ianima.com.br\/blog\/#\/schema\/person\/85378d6a819826ce615ae2a7a04f68d8\",\"name\":\"Wanderlei Talib\",\"image\":{\"@type\":\"ImageObject\",\"inLanguage\":\"pt-BR\",\"@id\":\"https:\/\/ianima.com.br\/blog\/#\/schema\/person\/image\/\",\"url\":\"https:\/\/ianima.com.br\/blog\/wp-content\/litespeed\/avatar\/a0461c2b338365ab5dd45a3e926e23c7.jpg?ver=1777055969\",\"contentUrl\":\"https:\/\/ianima.com.br\/blog\/wp-content\/litespeed\/avatar\/a0461c2b338365ab5dd45a3e926e23c7.jpg?ver=1777055969\",\"caption\":\"Wanderlei Talib\"},\"sameAs\":[\"https:\/\/ianima.com.br\/blog\"],\"url\":\"https:\/\/ianima.com.br\/blog\/author\/adminedu\/\"},{\"@type\":\"Question\",\"@id\":\"https:\/\/ianima.com.br\/blog\/autoconhecimento\/comunicacao-nao-violenta-um-guia-pratico-para-fortalecer\/#faq-question-1754725126986\",\"position\":1,\"url\":\"https:\/\/ianima.com.br\/blog\/autoconhecimento\/comunicacao-nao-violenta-um-guia-pratico-para-fortalecer\/#faq-question-1754725126986\",\"name\":\"O que \u00e9 comunica\u00e7\u00e3o n\u00e3o violenta?\",\"answerCount\":1,\"acceptedAnswer\":{\"@type\":\"Answer\",\"text\":\"Comunica\u00e7\u00e3o n\u00e3o violenta \u00e9 um m\u00e9todo criado por Marshall Rosenberg que foca em expressar sentimentos e necessidades de forma emp\u00e1tica, sem julgamentos.\",\"inLanguage\":\"pt-BR\"},\"inLanguage\":\"pt-BR\"},{\"@type\":\"Question\",\"@id\":\"https:\/\/ianima.com.br\/blog\/autoconhecimento\/comunicacao-nao-violenta-um-guia-pratico-para-fortalecer\/#faq-question-1754725149312\",\"position\":2,\"url\":\"https:\/\/ianima.com.br\/blog\/autoconhecimento\/comunicacao-nao-violenta-um-guia-pratico-para-fortalecer\/#faq-question-1754725149312\",\"name\":\"Quais s\u00e3o os quatro componentes da comunica\u00e7\u00e3o n\u00e3o violenta?\",\"answerCount\":1,\"acceptedAnswer\":{\"@type\":\"Answer\",\"text\":\"Os quatro componentes s\u00e3o: observa\u00e7\u00e3o, sentimento, necessidade e pedido, que ajudam a melhorar a conex\u00e3o entre as pessoas.\",\"inLanguage\":\"pt-BR\"},\"inLanguage\":\"pt-BR\"},{\"@type\":\"Question\",\"@id\":\"https:\/\/ianima.com.br\/blog\/autoconhecimento\/comunicacao-nao-violenta-um-guia-pratico-para-fortalecer\/#faq-question-1754725172569\",\"position\":3,\"url\":\"https:\/\/ianima.com.br\/blog\/autoconhecimento\/comunicacao-nao-violenta-um-guia-pratico-para-fortalecer\/#faq-question-1754725172569\",\"name\":\"Como posso praticar comunica\u00e7\u00e3o n\u00e3o violenta no dia a dia?\",\"answerCount\":1,\"acceptedAnswer\":{\"@type\":\"Answer\",\"text\":\"Voc\u00ea pode praticar ouvindo ativamente, expressando seus sentimentos sem culpar os outros e fazendo pedidos claros, sempre buscando empatia.\",\"inLanguage\":\"pt-BR\"},\"inLanguage\":\"pt-BR\"}]}<\/script>\n<!-- \/ Yoast SEO Premium plugin. -->","yoast_head_json":{"title":"Comunica\u00e7\u00e3o N\u00e3o Violenta: Um Guia Pr\u00e1tico para Fortalecer","description":"Descubra como a Comunica\u00e7\u00e3o N\u00e3o Violenta pode transformar seus relacionamentos e fortalecer la\u00e7os! Voc\u00ea n\u00e3o vai querer perder essas dicas!","robots":{"index":"index","follow":"follow","max-snippet":"max-snippet:-1","max-image-preview":"max-image-preview:large","max-video-preview":"max-video-preview:-1"},"canonical":"https:\/\/ianima.com.br\/blog\/autoconhecimento\/comunicacao-nao-violenta-um-guia-pratico-para-fortalecer\/","og_locale":"pt_BR","og_type":"article","og_title":"Comunica\u00e7\u00e3o N\u00e3o Violenta: Um Guia Pr\u00e1tico para Fortalecer","og_description":"Descubra como a Comunica\u00e7\u00e3o N\u00e3o Violenta pode transformar seus relacionamentos e fortalecer la\u00e7os! Voc\u00ea n\u00e3o vai querer perder essas dicas!","og_url":"https:\/\/ianima.com.br\/blog\/autoconhecimento\/comunicacao-nao-violenta-um-guia-pratico-para-fortalecer\/","og_site_name":"Terapia Online com IANIMA: Inova\u00e7\u00e3o e Aconselhamento. O terapeuta online ao seu alcance.","article_published_time":"2025-08-09T07:41:46+00:00","og_image":[{"width":1536,"height":1024,"url":"https:\/\/ianima.com.br\/blog\/wp-content\/uploads\/2025\/08\/1MM-184.webp","type":"image\/webp"}],"author":"Wanderlei Talib","twitter_card":"summary_large_image","twitter_misc":{"Escrito por":"Wanderlei Talib","Est. tempo de leitura":"6 minutos"},"schema":{"@context":"https:\/\/schema.org","@graph":[{"@type":"Article","@id":"https:\/\/ianima.com.br\/blog\/autoconhecimento\/comunicacao-nao-violenta-um-guia-pratico-para-fortalecer\/#article","isPartOf":{"@id":"https:\/\/ianima.com.br\/blog\/autoconhecimento\/comunicacao-nao-violenta-um-guia-pratico-para-fortalecer\/"},"author":{"name":"Wanderlei Talib","@id":"https:\/\/ianima.com.br\/blog\/#\/schema\/person\/85378d6a819826ce615ae2a7a04f68d8"},"headline":"Comunica\u00e7\u00e3o N\u00e3o Violenta: Um Guia Pr\u00e1tico para Fortalecer","datePublished":"2025-08-09T07:41:46+00:00","dateModified":"2025-08-09T07:41:46+00:00","mainEntityOfPage":{"@id":"https:\/\/ianima.com.br\/blog\/autoconhecimento\/comunicacao-nao-violenta-um-guia-pratico-para-fortalecer\/"},"wordCount":1108,"publisher":{"@id":"https:\/\/ianima.com.br\/blog\/#organization"},"articleSection":["Autoconhecimento"],"inLanguage":"pt-BR"},{"@type":["WebPage","FAQPage"],"@id":"https:\/\/ianima.com.br\/blog\/autoconhecimento\/comunicacao-nao-violenta-um-guia-pratico-para-fortalecer\/","url":"https:\/\/ianima.com.br\/blog\/autoconhecimento\/comunicacao-nao-violenta-um-guia-pratico-para-fortalecer\/","name":"Comunica\u00e7\u00e3o N\u00e3o Violenta: Um Guia Pr\u00e1tico para Fortalecer","isPartOf":{"@id":"https:\/\/ianima.com.br\/blog\/#website"},"datePublished":"2025-08-09T07:41:46+00:00","dateModified":"2025-08-09T07:41:46+00:00","description":"Descubra como a Comunica\u00e7\u00e3o N\u00e3o Violenta pode transformar seus relacionamentos e fortalecer la\u00e7os! Voc\u00ea n\u00e3o vai querer perder essas dicas!","breadcrumb":{"@id":"https:\/\/ianima.com.br\/blog\/autoconhecimento\/comunicacao-nao-violenta-um-guia-pratico-para-fortalecer\/#breadcrumb"},"mainEntity":[{"@id":"https:\/\/ianima.com.br\/blog\/autoconhecimento\/comunicacao-nao-violenta-um-guia-pratico-para-fortalecer\/#faq-question-1754725126986"},{"@id":"https:\/\/ianima.com.br\/blog\/autoconhecimento\/comunicacao-nao-violenta-um-guia-pratico-para-fortalecer\/#faq-question-1754725149312"},{"@id":"https:\/\/ianima.com.br\/blog\/autoconhecimento\/comunicacao-nao-violenta-um-guia-pratico-para-fortalecer\/#faq-question-1754725172569"}],"inLanguage":"pt-BR","potentialAction":[{"@type":"ReadAction","target":["https:\/\/ianima.com.br\/blog\/autoconhecimento\/comunicacao-nao-violenta-um-guia-pratico-para-fortalecer\/"]}]},{"@type":"BreadcrumbList","@id":"https:\/\/ianima.com.br\/blog\/autoconhecimento\/comunicacao-nao-violenta-um-guia-pratico-para-fortalecer\/#breadcrumb","itemListElement":[{"@type":"ListItem","position":1,"name":"In\u00edcio","item":"https:\/\/ianima.com.br\/blog\/"},{"@type":"ListItem","position":2,"name":"Comunica\u00e7\u00e3o N\u00e3o Violenta: Um Guia Pr\u00e1tico para Fortalecer"}]},{"@type":"WebSite","@id":"https:\/\/ianima.com.br\/blog\/#website","url":"https:\/\/ianima.com.br\/blog\/","name":"Terapia Online com IANIMA: Inova\u00e7\u00e3o e Aconselhamento. O terapeuta online ao seu alcance.","description":"Terapia gratuita online com a IAnima, sua terapeuta online. Artigos sobre terapias online, sa\u00fade mental e bem-estar.","publisher":{"@id":"https:\/\/ianima.com.br\/blog\/#organization"},"potentialAction":[{"@type":"SearchAction","target":{"@type":"EntryPoint","urlTemplate":"https:\/\/ianima.com.br\/blog\/?s={search_term_string}"},"query-input":"required name=search_term_string"}],"inLanguage":"pt-BR"},{"@type":"Organization","@id":"https:\/\/ianima.com.br\/blog\/#organization","name":"Terapia Online com IANIMA: Inova\u00e7\u00e3o e Aconselhamento. O terapeuta online ao seu alcance.","url":"https:\/\/ianima.com.br\/blog\/","logo":{"@type":"ImageObject","inLanguage":"pt-BR","@id":"https:\/\/ianima.com.br\/blog\/#\/schema\/logo\/image\/","url":"https:\/\/ianima.com.br\/blog\/wp-content\/uploads\/2025\/04\/cropped-IAnima-terapia-online.webp","contentUrl":"https:\/\/ianima.com.br\/blog\/wp-content\/uploads\/2025\/04\/cropped-IAnima-terapia-online.webp","width":819,"height":222,"caption":"Terapia Online com IANIMA: Inova\u00e7\u00e3o e Aconselhamento. O terapeuta online ao seu alcance."},"image":{"@id":"https:\/\/ianima.com.br\/blog\/#\/schema\/logo\/image\/"}},{"@type":"Person","@id":"https:\/\/ianima.com.br\/blog\/#\/schema\/person\/85378d6a819826ce615ae2a7a04f68d8","name":"Wanderlei Talib","image":{"@type":"ImageObject","inLanguage":"pt-BR","@id":"https:\/\/ianima.com.br\/blog\/#\/schema\/person\/image\/","url":"https:\/\/ianima.com.br\/blog\/wp-content\/litespeed\/avatar\/a0461c2b338365ab5dd45a3e926e23c7.jpg?ver=1777055969","contentUrl":"https:\/\/ianima.com.br\/blog\/wp-content\/litespeed\/avatar\/a0461c2b338365ab5dd45a3e926e23c7.jpg?ver=1777055969","caption":"Wanderlei Talib"},"sameAs":["https:\/\/ianima.com.br\/blog"],"url":"https:\/\/ianima.com.br\/blog\/author\/adminedu\/"},{"@type":"Question","@id":"https:\/\/ianima.com.br\/blog\/autoconhecimento\/comunicacao-nao-violenta-um-guia-pratico-para-fortalecer\/#faq-question-1754725126986","position":1,"url":"https:\/\/ianima.com.br\/blog\/autoconhecimento\/comunicacao-nao-violenta-um-guia-pratico-para-fortalecer\/#faq-question-1754725126986","name":"O que \u00e9 comunica\u00e7\u00e3o n\u00e3o violenta?","answerCount":1,"acceptedAnswer":{"@type":"Answer","text":"Comunica\u00e7\u00e3o n\u00e3o violenta \u00e9 um m\u00e9todo criado por Marshall Rosenberg que foca em expressar sentimentos e necessidades de forma emp\u00e1tica, sem julgamentos.","inLanguage":"pt-BR"},"inLanguage":"pt-BR"},{"@type":"Question","@id":"https:\/\/ianima.com.br\/blog\/autoconhecimento\/comunicacao-nao-violenta-um-guia-pratico-para-fortalecer\/#faq-question-1754725149312","position":2,"url":"https:\/\/ianima.com.br\/blog\/autoconhecimento\/comunicacao-nao-violenta-um-guia-pratico-para-fortalecer\/#faq-question-1754725149312","name":"Quais s\u00e3o os quatro componentes da comunica\u00e7\u00e3o n\u00e3o violenta?","answerCount":1,"acceptedAnswer":{"@type":"Answer","text":"Os quatro componentes s\u00e3o: observa\u00e7\u00e3o, sentimento, necessidade e pedido, que ajudam a melhorar a conex\u00e3o entre as pessoas.","inLanguage":"pt-BR"},"inLanguage":"pt-BR"},{"@type":"Question","@id":"https:\/\/ianima.com.br\/blog\/autoconhecimento\/comunicacao-nao-violenta-um-guia-pratico-para-fortalecer\/#faq-question-1754725172569","position":3,"url":"https:\/\/ianima.com.br\/blog\/autoconhecimento\/comunicacao-nao-violenta-um-guia-pratico-para-fortalecer\/#faq-question-1754725172569","name":"Como posso praticar comunica\u00e7\u00e3o n\u00e3o violenta no dia a dia?","answerCount":1,"acceptedAnswer":{"@type":"Answer","text":"Voc\u00ea pode praticar ouvindo ativamente, expressando seus sentimentos sem culpar os outros e fazendo pedidos claros, sempre buscando empatia.","inLanguage":"pt-BR"},"inLanguage":"pt-BR"}]}},"_links":{"self":[{"href":"https:\/\/ianima.com.br\/blog\/wp-json\/wp\/v2\/posts\/9313","targetHints":{"allow":["GET"]}}],"collection":[{"href":"https:\/\/ianima.com.br\/blog\/wp-json\/wp\/v2\/posts"}],"about":[{"href":"https:\/\/ianima.com.br\/blog\/wp-json\/wp\/v2\/types\/post"}],"author":[{"embeddable":true,"href":"https:\/\/ianima.com.br\/blog\/wp-json\/wp\/v2\/users\/1"}],"replies":[{"embeddable":true,"href":"https:\/\/ianima.com.br\/blog\/wp-json\/wp\/v2\/comments?post=9313"}],"version-history":[{"count":1,"href":"https:\/\/ianima.com.br\/blog\/wp-json\/wp\/v2\/posts\/9313\/revisions"}],"predecessor-version":[{"id":9317,"href":"https:\/\/ianima.com.br\/blog\/wp-json\/wp\/v2\/posts\/9313\/revisions\/9317"}],"wp:featuredmedia":[{"embeddable":true,"href":"https:\/\/ianima.com.br\/blog\/wp-json\/wp\/v2\/media\/9315"}],"wp:attachment":[{"href":"https:\/\/ianima.com.br\/blog\/wp-json\/wp\/v2\/media?parent=9313"}],"wp:term":[{"taxonomy":"category","embeddable":true,"href":"https:\/\/ianima.com.br\/blog\/wp-json\/wp\/v2\/categories?post=9313"},{"taxonomy":"post_tag","embeddable":true,"href":"https:\/\/ianima.com.br\/blog\/wp-json\/wp\/v2\/tags?post=9313"}],"curies":[{"name":"wp","href":"https:\/\/api.w.org\/{rel}","templated":true}]}}