{"id":9429,"date":"2025-08-10T23:10:50","date_gmt":"2025-08-10T23:10:50","guid":{"rendered":"https:\/\/ianima.com.br\/blog\/?p=9429"},"modified":"2025-08-10T23:10:50","modified_gmt":"2025-08-10T23:10:50","slug":"ansiedade-e-depressao-sintomas-reconheca-os-sinais","status":"publish","type":"post","link":"https:\/\/ianima.com.br\/blog\/saude-mental\/ansiedade-e-depressao-sintomas-reconheca-os-sinais\/","title":{"rendered":"Ansiedade e Depress\u00e3o Sintomas: Reconhe\u00e7a os Sinais"},"content":{"rendered":"\n<p>Antes de tudo, entender os <strong>ansiedade e depress\u00e3o sintomas<\/strong> \u00e9 um passo essencial para reconhecer quando a sa\u00fade mental precisa de aten\u00e7\u00e3o. Essas condi\u00e7\u00f5es podem se manifestar de formas sutis ou intensas, afetando n\u00e3o apenas o humor, mas tamb\u00e9m a energia, a concentra\u00e7\u00e3o e at\u00e9 o corpo f\u00edsico. Voc\u00ea j\u00e1 percebeu mudan\u00e7as persistentes no seu bem-estar emocional que n\u00e3o consegue explicar? Descobrir os sinais, causas e caminhos para compreender a <strong>ansiedade e depress\u00e3o<\/strong> pode ser o primeiro passo para recuperar o equil\u00edbrio e a qualidade de vida.<\/p>\n\n\n\n<h2 class=\"wp-block-heading\" id=\"h-os-sinais-e-sintomas-da-ansiedade-e-depressao\">Os Sinais e Sintomas da Ansiedade e Depress\u00e3o<\/h2>\n\n\n\n<p>A <strong>ansiedade<\/strong> costuma apresentar sintomas como inquieta\u00e7\u00e3o, preocupa\u00e7\u00e3o excessiva, tens\u00e3o muscular e dificuldade para relaxar. J\u00e1 a <strong>depress\u00e3o<\/strong> pode incluir tristeza profunda, perda de interesse por atividades antes prazerosas, fadiga constante e altera\u00e7\u00f5es no sono ou apetite.<br>Al\u00e9m disso, \u00e9 comum que ambas coexistam, criando um quadro misto com sinais como:<\/p>\n\n\n\n<ul class=\"wp-block-list\">\n<li>Sensa\u00e7\u00e3o persistente de vazio ou desesperan\u00e7a<\/li>\n\n\n\n<li>Irritabilidade e impaci\u00eancia<\/li>\n\n\n\n<li>Dificuldade para se concentrar<\/li>\n\n\n\n<li>Crises de choro sem motivo aparente<\/li>\n<\/ul>\n\n\n\n<p>Bem como, sintomas f\u00edsicos como dores de cabe\u00e7a, palpita\u00e7\u00f5es e problemas digestivos podem surgir sem causa m\u00e9dica aparente.<\/p>\n\n\n\n<h2 class=\"wp-block-heading\" id=\"h-a-psicologia-por-tras-da-vida-real-a-ansiedade-e-depressao-no-dia-a-dia\">A Psicologia por Tr\u00e1s da Vida Real: A Ansiedade e Depress\u00e3o no Dia a Dia *<\/h2>\n\n\n\n<p>Imagine acordar j\u00e1 cansado, como se o sono n\u00e3o tivesse sido suficiente, e passar o dia com um peso no peito e pensamentos acelerados que parecem n\u00e3o dar tr\u00e9gua. \u00c9 como tentar caminhar contra uma correnteza: cada passo exige esfor\u00e7o extra.<br>Em outro cen\u00e1rio, algu\u00e9m pode se ver cercado de compromissos, mas sentir uma desconex\u00e3o emocional completa \u2014 como se estivesse no piloto autom\u00e1tico. Essas sensa\u00e7\u00f5es afetam desde intera\u00e7\u00f5es simples at\u00e9 decis\u00f5es importantes, alterando a forma como a pessoa se v\u00ea e como reage ao mundo.<\/p>\n\n\n\n<h2 class=\"wp-block-heading\" id=\"h-compreendendo-os-momentos-criticos-da-ansiedade-e-depressao\">Compreendendo os Momentos Cr\u00edticos da Ansiedade e Depress\u00e3o<\/h2>\n\n\n\n<p>Momentos cr\u00edticos s\u00e3o fases em que os <strong>ansiedade e depress\u00e3o sintomas<\/strong> se intensificam a ponto de interferir diretamente nas atividades di\u00e1rias. Isso pode acontecer diante de eventos estressantes, mudan\u00e7as dr\u00e1sticas na vida ou at\u00e9 sem motivo aparente.<br>Nesses per\u00edodos, tarefas simples, como responder mensagens ou preparar uma refei\u00e7\u00e3o, podem parecer imposs\u00edveis.<\/p>\n\n\n\n<h2 class=\"wp-block-heading\" id=\"h-o-que-desencadeia-a-ansiedade-e-depressao\">O Que Desencadeia a Ansiedade e Depress\u00e3o?<\/h2>\n\n\n\n<p>Os gatilhos variam entre fatores internos, como predisposi\u00e7\u00e3o gen\u00e9tica e padr\u00f5es de pensamento, e fatores externos, como press\u00f5es no trabalho, conflitos familiares ou traumas passados.<br>Por exemplo, um ambiente hostil ou a falta de apoio social pode ampliar a vulnerabilidade emocional, enquanto h\u00e1bitos de sono irregulares e m\u00e1 alimenta\u00e7\u00e3o tamb\u00e9m contribuem para o agravamento dos sintomas.<\/p>\n\n\n\n<h2 class=\"wp-block-heading\" id=\"h-mitos-e-verdades-sobre-solucoes-para-a-ansiedade-e-depressao\">Mitos e Verdades sobre Solu\u00e7\u00f5es para a Ansiedade e Depress\u00e3o<\/h2>\n\n\n\n<p>Muitas pessoas acreditam que basta \u201cpensar positivo\u201d para superar a <strong>ansiedade e depress\u00e3o<\/strong> \u2014 mas essa \u00e9 uma vis\u00e3o simplista. Embora mudan\u00e7as de mentalidade sejam importantes, essas condi\u00e7\u00f5es t\u00eam causas complexas e multifatoriais.<br>Por outro lado, \u00e9 verdade que estrat\u00e9gias de autocuidado, suporte emocional e interven\u00e7\u00f5es adequadas podem trazer melhorias significativas ao longo do tempo.<\/p>\n\n\n\n<h2 class=\"wp-block-heading\" id=\"h-como-lidar-com-a-ansiedade-e-depressao-no-dia-a-dia\">Como Lidar com a Ansiedade e Depress\u00e3o no Dia a Dia<\/h2>\n\n\n\n<ul class=\"wp-block-list\">\n<li>Criar uma rotina de sono regular<\/li>\n\n\n\n<li>Praticar exerc\u00edcios f\u00edsicos moderados<\/li>\n\n\n\n<li>Reservar momentos de lazer e desconex\u00e3o<\/li>\n\n\n\n<li>Usar t\u00e9cnicas de respira\u00e7\u00e3o e relaxamento<\/li>\n\n\n\n<li>Manter contato com pessoas de confian\u00e7a<\/li>\n<\/ul>\n\n\n\n<h2 class=\"wp-block-heading\" id=\"h-a-ansiedade-e-depressao-no-corpo-e-na-mente-manifestacoes\">A Ansiedade e Depress\u00e3o no Corpo e na Mente: Manifesta\u00e7\u00f5es<\/h2>\n\n\n\n<p>No corpo, a <strong>ansiedade<\/strong> pode causar acelera\u00e7\u00e3o card\u00edaca, tens\u00e3o muscular e sudorese, enquanto a <strong>depress\u00e3o<\/strong> pode gerar fadiga, dores difusas e altera\u00e7\u00f5es hormonais.<br>Na mente, ambas podem se traduzir em pensamentos autom\u00e1ticos negativos, dificuldade de concentra\u00e7\u00e3o e sensa\u00e7\u00e3o de incapacidade.<\/p>\n\n\n\n<h2 class=\"wp-block-heading\" id=\"h-ansiedade-generalizada-e-depressao-uma-perspectiva-ampliada\">Ansiedade Generalizada e Depress\u00e3o: Uma Perspectiva Ampliada<\/h2>\n\n\n\n<p>A <strong>ansiedade generalizada<\/strong> caracteriza-se por preocupa\u00e7\u00e3o constante e desproporcional a situa\u00e7\u00f5es reais, enquanto a depress\u00e3o pode variar entre epis\u00f3dios isolados e quadros persistentes. Quando coexistem, demandam maior aten\u00e7\u00e3o para evitar que um quadro alimente o outro.<\/p>\n\n\n\n<h2 class=\"wp-block-heading\" id=\"h-quem-busca-alivio-para-a-ansiedade-e-depressao\">Quem Busca Al\u00edvio para a Ansiedade e Depress\u00e3o?<\/h2>\n\n\n\n<p>Estudantes sobrecarregados, profissionais sob alta press\u00e3o, cuidadores de familiares e pessoas que passaram por perdas significativas s\u00e3o exemplos comuns. O ponto em comum \u00e9 a busca por compreender o que est\u00e1 acontecendo internamente e encontrar caminhos para retomar o equil\u00edbrio emocional.<\/p>\n\n\n\n<h3 class=\"wp-block-heading\" id=\"h-diferentes-abordagens-para-lidar-com-a-ansiedade-e-depressao\">Diferentes Abordagens para Lidar com a Ansiedade e Depress\u00e3o<\/h3>\n\n\n\n<p>Pr\u00e1ticas como psicoterapia, atividades f\u00edsicas, ajustes na alimenta\u00e7\u00e3o, medita\u00e7\u00e3o e grupos de apoio podem ajudar. Cada pessoa pode responder melhor a combina\u00e7\u00f5es espec\u00edficas.<\/p>\n\n\n\n<h3 class=\"wp-block-heading\" id=\"h-sinais-de-alerta-quando-buscar-ajuda-profissional\">Sinais de Alerta: Quando Buscar Ajuda Profissional<\/h3>\n\n\n\n<ul class=\"wp-block-list\">\n<li>Sintomas persistentes por mais de duas semanas<\/li>\n\n\n\n<li>Incapacidade de realizar tarefas b\u00e1sicas<\/li>\n\n\n\n<li>Pensamentos de autodesvaloriza\u00e7\u00e3o ou desesperan\u00e7a intensa<\/li>\n\n\n\n<li>Isolamento social extremo<\/li>\n<\/ul>\n\n\n\n<h3 class=\"wp-block-heading\" id=\"h-recursos-e-informacoes-confiaveis-sobre-a-ansiedade-e-depressao\">Recursos e Informa\u00e7\u00f5es Confi\u00e1veis sobre a Ansiedade e Depress\u00e3o<\/h3>\n\n\n\n<p>Institui\u00e7\u00f5es reconhecidas como a Organiza\u00e7\u00e3o Mundial da Sa\u00fade (OMS), associa\u00e7\u00f5es de psiquiatria e psicologia e centros de sa\u00fade mental oferecem informa\u00e7\u00f5es acess\u00edveis e baseadas em evid\u00eancias.<\/p>\n\n\n\n<h3 class=\"wp-block-heading\" id=\"h-dicas-para-acao-imediata-em-momentos-de-ansiedade-e-depressao\">Dicas para A\u00e7\u00e3o Imediata em Momentos de Ansiedade e Depress\u00e3o<\/h3>\n\n\n\n<ul class=\"wp-block-list\">\n<li>Praticar respira\u00e7\u00e3o profunda por alguns minutos<\/li>\n\n\n\n<li>Ouvir m\u00fasicas que tragam calma<\/li>\n\n\n\n<li>Fazer breves alongamentos<\/li>\n\n\n\n<li>Escrever pensamentos para organizar ideias<\/li>\n<\/ul>\n\n\n\n<h2 class=\"wp-block-heading\" id=\"h-conclusao\">Conclus\u00e3o<\/h2>\n\n\n\n<p>Em suma, reconhecer os <strong>ansiedade e depress\u00e3o sintomas<\/strong> \u00e9 essencial para compreender o impacto dessas condi\u00e7\u00f5es e iniciar o caminho para uma vida mais equilibrada. Cada sinal \u00e9 um convite para olhar com aten\u00e7\u00e3o para a pr\u00f3pria sa\u00fade mental.<br>Se voc\u00ea se identifica com esses sinais, buscar informa\u00e7\u00e3o e apoio pode ser o primeiro passo para uma vida mais leve e equilibrada!<\/p>\n\n\n\n<p>* Essas narrativas s\u00e3o fict\u00edcias mas inspiradas em situa\u00e7\u00f5es comumente vivenciadas nos estudos e na cl\u00ednica psicol\u00f3gica.<\/p>\n\n\n\n<figure class=\"wp-block-image aligncenter size-large is-resized\"><img fetchpriority=\"high\" decoding=\"async\" width=\"1024\" height=\"683\" src=\"https:\/\/ianima.com.br\/blog\/wp-content\/uploads\/2025\/08\/2MM-207-1024x683.webp\" alt=\"Ansiedade e Depress\u00e3o Sintomas: Reconhe\u00e7a os Sinais\" class=\"wp-image-9432\" style=\"width:500px\" srcset=\"https:\/\/ianima.com.br\/blog\/wp-content\/uploads\/2025\/08\/2MM-207-1024x683.webp 1024w, https:\/\/ianima.com.br\/blog\/wp-content\/uploads\/2025\/08\/2MM-207-300x200.webp 300w, https:\/\/ianima.com.br\/blog\/wp-content\/uploads\/2025\/08\/2MM-207-768x512.webp 768w, https:\/\/ianima.com.br\/blog\/wp-content\/uploads\/2025\/08\/2MM-207.webp 1536w\" sizes=\"(max-width: 1024px) 100vw, 1024px\" \/><\/figure>\n\n\n\n<h2 class=\"wp-block-heading\" id=\"h-perguntas-frequentes-faq\">Perguntas Frequentes (FAQ)<\/h2>\n\n\n\n<div class=\"schema-faq wp-block-yoast-faq-block\"><div class=\"schema-faq-section\" id=\"faq-question-1754867285718\"><strong class=\"schema-faq-question\">Quais s\u00e3o os sintomas comuns da ansiedade?<\/strong> <p class=\"schema-faq-answer\">Os sintomas comuns da ansiedade incluem preocupa\u00e7\u00e3o excessiva, inquieta\u00e7\u00e3o, fadiga, dificuldade de concentra\u00e7\u00e3o e irritabilidade.<\/p> <\/div> <div class=\"schema-faq-section\" id=\"faq-question-1754867307678\"><strong class=\"schema-faq-question\">Quais s\u00e3o os sintomas da depress\u00e3o?<\/strong> <p class=\"schema-faq-answer\">Os sintomas da depress\u00e3o podem incluir tristeza persistente, perda de interesse em atividades, altera\u00e7\u00f5es no apetite, fadiga e dificuldades para dormir.<\/p> <\/div> <div class=\"schema-faq-section\" id=\"faq-question-1754867330805\"><strong class=\"schema-faq-question\">Como posso diferenciar ansiedade de depress\u00e3o?<\/strong> <p class=\"schema-faq-answer\">Voc\u00ea pode diferenciar ansiedade de depress\u00e3o observando que a ansiedade geralmente envolve preocupa\u00e7\u00e3o e tens\u00e3o, enquanto a depress\u00e3o foca mais na tristeza e na falta de motiva\u00e7\u00e3o.<\/p> <\/div> <\/div>\n\n\n\n<ul class=\"wp-block-yoast-seo-related-links\"><li><a href=\"https:\/\/ianima.com.br\/blog\/saude-mental\/ansiedade-e-depressao-sintomas-fisicos-o-que-voce-precisa-saber\/\">Ansiedade e Depress\u00e3o Sintomas F\u00edsicos: O Que Voc\u00ea Precisa Saber<\/a><\/li><li><a href=\"https:\/\/ianima.com.br\/blog\/saude-mental\/criterios-diagnosticos-depressao-o-que-voce-precisa-saber\/\">Crit\u00e9rios Diagn\u00f3sticos Depress\u00e3o: O Que Voc\u00ea Precisa Saber<\/a><\/li><li><a href=\"https:\/\/ianima.com.br\/blog\/saude-mental\/ansiedade-e-depressao-o-que-voce-precisa-saber\/\">Ansiedade e Depress\u00e3o: O Que Voc\u00ea Precisa Saber<\/a><\/li><li><a href=\"https:\/\/ianima.com.br\/blog\/saude-mental\/o-que-e-ansiedade-e-depressao-sinais-e-impactos\/\">O Que \u00c9 Ansiedade e Depress\u00e3o: Sinais e Impactos<\/a><\/li><li><a href=\"https:\/\/ianima.com.br\/blog\/saude-mental\/o-que-e-bom-para-depressao-e-ansiedade-um-guia-completo\/\">O Que \u00c9 Bom para Depress\u00e3o e Ansiedade: Um Guia Completo<\/a><\/li><\/ul>\n","protected":false},"excerpt":{"rendered":"<p>Antes de tudo, entender os ansiedade e depress\u00e3o sintomas \u00e9 um passo essencial para reconhecer quando a sa\u00fade mental precisa de aten\u00e7\u00e3o. Essas condi\u00e7\u00f5es podem se manifestar de formas sutis ou intensas, afetando n\u00e3o apenas o humor, mas tamb\u00e9m a energia, a concentra\u00e7\u00e3o e at\u00e9 o corpo f\u00edsico. Voc\u00ea j\u00e1 percebeu mudan\u00e7as persistentes no seu [&hellip;]<\/p>\n","protected":false},"author":1,"featured_media":9431,"comment_status":"closed","ping_status":"closed","sticky":false,"template":"","format":"standard","meta":{"site-sidebar-layout":"default","site-content-layout":"","ast-site-content-layout":"default","site-content-style":"default","site-sidebar-style":"default","ast-global-header-display":"","ast-banner-title-visibility":"","ast-main-header-display":"","ast-hfb-above-header-display":"","ast-hfb-below-header-display":"","ast-hfb-mobile-header-display":"","site-post-title":"","ast-breadcrumbs-content":"","ast-featured-img":"","footer-sml-layout":"","theme-transparent-header-meta":"","adv-header-id-meta":"","stick-header-meta":"","header-above-stick-meta":"","header-main-stick-meta":"","header-below-stick-meta":"","astra-migrate-meta-layouts":"set","ast-page-background-enabled":"default","ast-page-background-meta":{"desktop":{"background-color":"","background-image":"","background-repeat":"repeat","background-position":"center center","background-size":"auto","background-attachment":"scroll","background-type":"","background-media":"","overlay-type":"","overlay-color":"","overlay-opacity":"","overlay-gradient":""},"tablet":{"background-color":"","background-image":"","background-repeat":"repeat","background-position":"center center","background-size":"auto","background-attachment":"scroll","background-type":"","background-media":"","overlay-type":"","overlay-color":"","overlay-opacity":"","overlay-gradient":""},"mobile":{"background-color":"","background-image":"","background-repeat":"repeat","background-position":"center center","background-size":"auto","background-attachment":"scroll","background-type":"","background-media":"","overlay-type":"","overlay-color":"","overlay-opacity":"","overlay-gradient":""}},"ast-content-background-meta":{"desktop":{"background-color":"var(--ast-global-color-5)","background-image":"","background-repeat":"repeat","background-position":"center center","background-size":"auto","background-attachment":"scroll","background-type":"","background-media":"","overlay-type":"","overlay-color":"","overlay-opacity":"","overlay-gradient":""},"tablet":{"background-color":"var(--ast-global-color-5)","background-image":"","background-repeat":"repeat","background-position":"center center","background-size":"auto","background-attachment":"scroll","background-type":"","background-media":"","overlay-type":"","overlay-color":"","overlay-opacity":"","overlay-gradient":""},"mobile":{"background-color":"var(--ast-global-color-5)","background-image":"","background-repeat":"repeat","background-position":"center center","background-size":"auto","background-attachment":"scroll","background-type":"","background-media":"","overlay-type":"","overlay-color":"","overlay-opacity":"","overlay-gradient":""}},"footnotes":""},"categories":[24],"tags":[],"class_list":["post-9429","post","type-post","status-publish","format-standard","has-post-thumbnail","hentry","category-saude-mental"],"yoast_head":"<!-- This site is optimized with the Yoast SEO Premium plugin v20.8 (Yoast SEO v20.8) - https:\/\/yoast.com\/wordpress\/plugins\/seo\/ -->\n<title>Ansiedade e Depress\u00e3o Sintomas: Reconhe\u00e7a os Sinais<\/title>\n<meta name=\"description\" content=\"Descubra os sinais sutis da ansiedade e depress\u00e3o que voc\u00ea pode estar ignorando! Aprenda a reconhec\u00ea-los e busque ajuda agora!\" \/>\n<meta name=\"robots\" content=\"index, follow, max-snippet:-1, max-image-preview:large, max-video-preview:-1\" \/>\n<link rel=\"canonical\" href=\"https:\/\/ianima.com.br\/blog\/saude-mental\/ansiedade-e-depressao-sintomas-reconheca-os-sinais\/\" \/>\n<meta property=\"og:locale\" content=\"pt_BR\" \/>\n<meta property=\"og:type\" content=\"article\" \/>\n<meta property=\"og:title\" content=\"Ansiedade e Depress\u00e3o Sintomas: Reconhe\u00e7a os Sinais\" \/>\n<meta property=\"og:description\" content=\"Descubra os sinais sutis da ansiedade e depress\u00e3o que voc\u00ea pode estar ignorando! Aprenda a reconhec\u00ea-los e busque ajuda agora!\" \/>\n<meta property=\"og:url\" content=\"https:\/\/ianima.com.br\/blog\/saude-mental\/ansiedade-e-depressao-sintomas-reconheca-os-sinais\/\" \/>\n<meta property=\"og:site_name\" content=\"Terapia Online com IANIMA: Inova\u00e7\u00e3o e Aconselhamento. O terapeuta online ao seu alcance.\" \/>\n<meta property=\"article:published_time\" content=\"2025-08-10T23:10:50+00:00\" \/>\n<meta property=\"og:image\" content=\"https:\/\/ianima.com.br\/blog\/wp-content\/uploads\/2025\/08\/1MM-207.webp\" \/>\n\t<meta property=\"og:image:width\" content=\"1536\" \/>\n\t<meta property=\"og:image:height\" content=\"1024\" \/>\n\t<meta property=\"og:image:type\" content=\"image\/webp\" \/>\n<meta name=\"author\" content=\"Wanderlei Talib\" \/>\n<meta name=\"twitter:card\" content=\"summary_large_image\" \/>\n<meta name=\"twitter:label1\" content=\"Escrito por\" \/>\n\t<meta name=\"twitter:data1\" content=\"Wanderlei Talib\" \/>\n\t<meta name=\"twitter:label2\" content=\"Est. tempo de leitura\" \/>\n\t<meta name=\"twitter:data2\" content=\"6 minutos\" \/>\n<script type=\"application\/ld+json\" class=\"yoast-schema-graph\">{\"@context\":\"https:\/\/schema.org\",\"@graph\":[{\"@type\":\"Article\",\"@id\":\"https:\/\/ianima.com.br\/blog\/saude-mental\/ansiedade-e-depressao-sintomas-reconheca-os-sinais\/#article\",\"isPartOf\":{\"@id\":\"https:\/\/ianima.com.br\/blog\/saude-mental\/ansiedade-e-depressao-sintomas-reconheca-os-sinais\/\"},\"author\":{\"name\":\"Wanderlei Talib\",\"@id\":\"https:\/\/ianima.com.br\/blog\/#\/schema\/person\/85378d6a819826ce615ae2a7a04f68d8\"},\"headline\":\"Ansiedade e Depress\u00e3o Sintomas: Reconhe\u00e7a os Sinais\",\"datePublished\":\"2025-08-10T23:10:50+00:00\",\"dateModified\":\"2025-08-10T23:10:50+00:00\",\"mainEntityOfPage\":{\"@id\":\"https:\/\/ianima.com.br\/blog\/saude-mental\/ansiedade-e-depressao-sintomas-reconheca-os-sinais\/\"},\"wordCount\":1137,\"publisher\":{\"@id\":\"https:\/\/ianima.com.br\/blog\/#organization\"},\"articleSection\":[\"Sa\u00fade Mental\"],\"inLanguage\":\"pt-BR\"},{\"@type\":[\"WebPage\",\"FAQPage\"],\"@id\":\"https:\/\/ianima.com.br\/blog\/saude-mental\/ansiedade-e-depressao-sintomas-reconheca-os-sinais\/\",\"url\":\"https:\/\/ianima.com.br\/blog\/saude-mental\/ansiedade-e-depressao-sintomas-reconheca-os-sinais\/\",\"name\":\"Ansiedade e Depress\u00e3o Sintomas: Reconhe\u00e7a os Sinais\",\"isPartOf\":{\"@id\":\"https:\/\/ianima.com.br\/blog\/#website\"},\"datePublished\":\"2025-08-10T23:10:50+00:00\",\"dateModified\":\"2025-08-10T23:10:50+00:00\",\"description\":\"Descubra os sinais sutis da ansiedade e depress\u00e3o que voc\u00ea pode estar ignorando! Aprenda a reconhec\u00ea-los e busque ajuda agora!\",\"breadcrumb\":{\"@id\":\"https:\/\/ianima.com.br\/blog\/saude-mental\/ansiedade-e-depressao-sintomas-reconheca-os-sinais\/#breadcrumb\"},\"mainEntity\":[{\"@id\":\"https:\/\/ianima.com.br\/blog\/saude-mental\/ansiedade-e-depressao-sintomas-reconheca-os-sinais\/#faq-question-1754867285718\"},{\"@id\":\"https:\/\/ianima.com.br\/blog\/saude-mental\/ansiedade-e-depressao-sintomas-reconheca-os-sinais\/#faq-question-1754867307678\"},{\"@id\":\"https:\/\/ianima.com.br\/blog\/saude-mental\/ansiedade-e-depressao-sintomas-reconheca-os-sinais\/#faq-question-1754867330805\"}],\"inLanguage\":\"pt-BR\",\"potentialAction\":[{\"@type\":\"ReadAction\",\"target\":[\"https:\/\/ianima.com.br\/blog\/saude-mental\/ansiedade-e-depressao-sintomas-reconheca-os-sinais\/\"]}]},{\"@type\":\"BreadcrumbList\",\"@id\":\"https:\/\/ianima.com.br\/blog\/saude-mental\/ansiedade-e-depressao-sintomas-reconheca-os-sinais\/#breadcrumb\",\"itemListElement\":[{\"@type\":\"ListItem\",\"position\":1,\"name\":\"In\u00edcio\",\"item\":\"https:\/\/ianima.com.br\/blog\/\"},{\"@type\":\"ListItem\",\"position\":2,\"name\":\"Ansiedade e Depress\u00e3o Sintomas: Reconhe\u00e7a os Sinais\"}]},{\"@type\":\"WebSite\",\"@id\":\"https:\/\/ianima.com.br\/blog\/#website\",\"url\":\"https:\/\/ianima.com.br\/blog\/\",\"name\":\"Terapia Online com IANIMA: Inova\u00e7\u00e3o e Aconselhamento. O terapeuta online ao seu alcance.\",\"description\":\"Terapia gratuita online com a IAnima, sua terapeuta online. Artigos sobre terapias online, sa\u00fade mental e bem-estar.\",\"publisher\":{\"@id\":\"https:\/\/ianima.com.br\/blog\/#organization\"},\"potentialAction\":[{\"@type\":\"SearchAction\",\"target\":{\"@type\":\"EntryPoint\",\"urlTemplate\":\"https:\/\/ianima.com.br\/blog\/?s={search_term_string}\"},\"query-input\":\"required name=search_term_string\"}],\"inLanguage\":\"pt-BR\"},{\"@type\":\"Organization\",\"@id\":\"https:\/\/ianima.com.br\/blog\/#organization\",\"name\":\"Terapia Online com IANIMA: Inova\u00e7\u00e3o e Aconselhamento. O terapeuta online ao seu alcance.\",\"url\":\"https:\/\/ianima.com.br\/blog\/\",\"logo\":{\"@type\":\"ImageObject\",\"inLanguage\":\"pt-BR\",\"@id\":\"https:\/\/ianima.com.br\/blog\/#\/schema\/logo\/image\/\",\"url\":\"https:\/\/ianima.com.br\/blog\/wp-content\/uploads\/2025\/04\/cropped-IAnima-terapia-online.webp\",\"contentUrl\":\"https:\/\/ianima.com.br\/blog\/wp-content\/uploads\/2025\/04\/cropped-IAnima-terapia-online.webp\",\"width\":819,\"height\":222,\"caption\":\"Terapia Online com IANIMA: Inova\u00e7\u00e3o e Aconselhamento. O terapeuta online ao seu alcance.\"},\"image\":{\"@id\":\"https:\/\/ianima.com.br\/blog\/#\/schema\/logo\/image\/\"}},{\"@type\":\"Person\",\"@id\":\"https:\/\/ianima.com.br\/blog\/#\/schema\/person\/85378d6a819826ce615ae2a7a04f68d8\",\"name\":\"Wanderlei Talib\",\"image\":{\"@type\":\"ImageObject\",\"inLanguage\":\"pt-BR\",\"@id\":\"https:\/\/ianima.com.br\/blog\/#\/schema\/person\/image\/\",\"url\":\"https:\/\/ianima.com.br\/blog\/wp-content\/litespeed\/avatar\/a0461c2b338365ab5dd45a3e926e23c7.jpg?ver=1777055969\",\"contentUrl\":\"https:\/\/ianima.com.br\/blog\/wp-content\/litespeed\/avatar\/a0461c2b338365ab5dd45a3e926e23c7.jpg?ver=1777055969\",\"caption\":\"Wanderlei Talib\"},\"sameAs\":[\"https:\/\/ianima.com.br\/blog\"],\"url\":\"https:\/\/ianima.com.br\/blog\/author\/adminedu\/\"},{\"@type\":\"Question\",\"@id\":\"https:\/\/ianima.com.br\/blog\/saude-mental\/ansiedade-e-depressao-sintomas-reconheca-os-sinais\/#faq-question-1754867285718\",\"position\":1,\"url\":\"https:\/\/ianima.com.br\/blog\/saude-mental\/ansiedade-e-depressao-sintomas-reconheca-os-sinais\/#faq-question-1754867285718\",\"name\":\"Quais s\u00e3o os sintomas comuns da ansiedade?\",\"answerCount\":1,\"acceptedAnswer\":{\"@type\":\"Answer\",\"text\":\"Os sintomas comuns da ansiedade incluem preocupa\u00e7\u00e3o excessiva, inquieta\u00e7\u00e3o, fadiga, dificuldade de concentra\u00e7\u00e3o e irritabilidade.\",\"inLanguage\":\"pt-BR\"},\"inLanguage\":\"pt-BR\"},{\"@type\":\"Question\",\"@id\":\"https:\/\/ianima.com.br\/blog\/saude-mental\/ansiedade-e-depressao-sintomas-reconheca-os-sinais\/#faq-question-1754867307678\",\"position\":2,\"url\":\"https:\/\/ianima.com.br\/blog\/saude-mental\/ansiedade-e-depressao-sintomas-reconheca-os-sinais\/#faq-question-1754867307678\",\"name\":\"Quais s\u00e3o os sintomas da depress\u00e3o?\",\"answerCount\":1,\"acceptedAnswer\":{\"@type\":\"Answer\",\"text\":\"Os sintomas da depress\u00e3o podem incluir tristeza persistente, perda de interesse em atividades, altera\u00e7\u00f5es no apetite, fadiga e dificuldades para dormir.\",\"inLanguage\":\"pt-BR\"},\"inLanguage\":\"pt-BR\"},{\"@type\":\"Question\",\"@id\":\"https:\/\/ianima.com.br\/blog\/saude-mental\/ansiedade-e-depressao-sintomas-reconheca-os-sinais\/#faq-question-1754867330805\",\"position\":3,\"url\":\"https:\/\/ianima.com.br\/blog\/saude-mental\/ansiedade-e-depressao-sintomas-reconheca-os-sinais\/#faq-question-1754867330805\",\"name\":\"Como posso diferenciar ansiedade de depress\u00e3o?\",\"answerCount\":1,\"acceptedAnswer\":{\"@type\":\"Answer\",\"text\":\"Voc\u00ea pode diferenciar ansiedade de depress\u00e3o observando que a ansiedade geralmente envolve preocupa\u00e7\u00e3o e tens\u00e3o, enquanto a depress\u00e3o foca mais na tristeza e na falta de motiva\u00e7\u00e3o.\",\"inLanguage\":\"pt-BR\"},\"inLanguage\":\"pt-BR\"}]}<\/script>\n<!-- \/ Yoast SEO Premium plugin. -->","yoast_head_json":{"title":"Ansiedade e Depress\u00e3o Sintomas: Reconhe\u00e7a os Sinais","description":"Descubra os sinais sutis da ansiedade e depress\u00e3o que voc\u00ea pode estar ignorando! Aprenda a reconhec\u00ea-los e busque ajuda agora!","robots":{"index":"index","follow":"follow","max-snippet":"max-snippet:-1","max-image-preview":"max-image-preview:large","max-video-preview":"max-video-preview:-1"},"canonical":"https:\/\/ianima.com.br\/blog\/saude-mental\/ansiedade-e-depressao-sintomas-reconheca-os-sinais\/","og_locale":"pt_BR","og_type":"article","og_title":"Ansiedade e Depress\u00e3o Sintomas: Reconhe\u00e7a os Sinais","og_description":"Descubra os sinais sutis da ansiedade e depress\u00e3o que voc\u00ea pode estar ignorando! Aprenda a reconhec\u00ea-los e busque ajuda agora!","og_url":"https:\/\/ianima.com.br\/blog\/saude-mental\/ansiedade-e-depressao-sintomas-reconheca-os-sinais\/","og_site_name":"Terapia Online com IANIMA: Inova\u00e7\u00e3o e Aconselhamento. O terapeuta online ao seu alcance.","article_published_time":"2025-08-10T23:10:50+00:00","og_image":[{"width":1536,"height":1024,"url":"https:\/\/ianima.com.br\/blog\/wp-content\/uploads\/2025\/08\/1MM-207.webp","type":"image\/webp"}],"author":"Wanderlei Talib","twitter_card":"summary_large_image","twitter_misc":{"Escrito por":"Wanderlei Talib","Est. tempo de leitura":"6 minutos"},"schema":{"@context":"https:\/\/schema.org","@graph":[{"@type":"Article","@id":"https:\/\/ianima.com.br\/blog\/saude-mental\/ansiedade-e-depressao-sintomas-reconheca-os-sinais\/#article","isPartOf":{"@id":"https:\/\/ianima.com.br\/blog\/saude-mental\/ansiedade-e-depressao-sintomas-reconheca-os-sinais\/"},"author":{"name":"Wanderlei Talib","@id":"https:\/\/ianima.com.br\/blog\/#\/schema\/person\/85378d6a819826ce615ae2a7a04f68d8"},"headline":"Ansiedade e Depress\u00e3o Sintomas: Reconhe\u00e7a os Sinais","datePublished":"2025-08-10T23:10:50+00:00","dateModified":"2025-08-10T23:10:50+00:00","mainEntityOfPage":{"@id":"https:\/\/ianima.com.br\/blog\/saude-mental\/ansiedade-e-depressao-sintomas-reconheca-os-sinais\/"},"wordCount":1137,"publisher":{"@id":"https:\/\/ianima.com.br\/blog\/#organization"},"articleSection":["Sa\u00fade Mental"],"inLanguage":"pt-BR"},{"@type":["WebPage","FAQPage"],"@id":"https:\/\/ianima.com.br\/blog\/saude-mental\/ansiedade-e-depressao-sintomas-reconheca-os-sinais\/","url":"https:\/\/ianima.com.br\/blog\/saude-mental\/ansiedade-e-depressao-sintomas-reconheca-os-sinais\/","name":"Ansiedade e Depress\u00e3o Sintomas: Reconhe\u00e7a os Sinais","isPartOf":{"@id":"https:\/\/ianima.com.br\/blog\/#website"},"datePublished":"2025-08-10T23:10:50+00:00","dateModified":"2025-08-10T23:10:50+00:00","description":"Descubra os sinais sutis da ansiedade e depress\u00e3o que voc\u00ea pode estar ignorando! Aprenda a reconhec\u00ea-los e busque ajuda agora!","breadcrumb":{"@id":"https:\/\/ianima.com.br\/blog\/saude-mental\/ansiedade-e-depressao-sintomas-reconheca-os-sinais\/#breadcrumb"},"mainEntity":[{"@id":"https:\/\/ianima.com.br\/blog\/saude-mental\/ansiedade-e-depressao-sintomas-reconheca-os-sinais\/#faq-question-1754867285718"},{"@id":"https:\/\/ianima.com.br\/blog\/saude-mental\/ansiedade-e-depressao-sintomas-reconheca-os-sinais\/#faq-question-1754867307678"},{"@id":"https:\/\/ianima.com.br\/blog\/saude-mental\/ansiedade-e-depressao-sintomas-reconheca-os-sinais\/#faq-question-1754867330805"}],"inLanguage":"pt-BR","potentialAction":[{"@type":"ReadAction","target":["https:\/\/ianima.com.br\/blog\/saude-mental\/ansiedade-e-depressao-sintomas-reconheca-os-sinais\/"]}]},{"@type":"BreadcrumbList","@id":"https:\/\/ianima.com.br\/blog\/saude-mental\/ansiedade-e-depressao-sintomas-reconheca-os-sinais\/#breadcrumb","itemListElement":[{"@type":"ListItem","position":1,"name":"In\u00edcio","item":"https:\/\/ianima.com.br\/blog\/"},{"@type":"ListItem","position":2,"name":"Ansiedade e Depress\u00e3o Sintomas: Reconhe\u00e7a os Sinais"}]},{"@type":"WebSite","@id":"https:\/\/ianima.com.br\/blog\/#website","url":"https:\/\/ianima.com.br\/blog\/","name":"Terapia Online com IANIMA: Inova\u00e7\u00e3o e Aconselhamento. O terapeuta online ao seu alcance.","description":"Terapia gratuita online com a IAnima, sua terapeuta online. Artigos sobre terapias online, sa\u00fade mental e bem-estar.","publisher":{"@id":"https:\/\/ianima.com.br\/blog\/#organization"},"potentialAction":[{"@type":"SearchAction","target":{"@type":"EntryPoint","urlTemplate":"https:\/\/ianima.com.br\/blog\/?s={search_term_string}"},"query-input":"required name=search_term_string"}],"inLanguage":"pt-BR"},{"@type":"Organization","@id":"https:\/\/ianima.com.br\/blog\/#organization","name":"Terapia Online com IANIMA: Inova\u00e7\u00e3o e Aconselhamento. O terapeuta online ao seu alcance.","url":"https:\/\/ianima.com.br\/blog\/","logo":{"@type":"ImageObject","inLanguage":"pt-BR","@id":"https:\/\/ianima.com.br\/blog\/#\/schema\/logo\/image\/","url":"https:\/\/ianima.com.br\/blog\/wp-content\/uploads\/2025\/04\/cropped-IAnima-terapia-online.webp","contentUrl":"https:\/\/ianima.com.br\/blog\/wp-content\/uploads\/2025\/04\/cropped-IAnima-terapia-online.webp","width":819,"height":222,"caption":"Terapia Online com IANIMA: Inova\u00e7\u00e3o e Aconselhamento. O terapeuta online ao seu alcance."},"image":{"@id":"https:\/\/ianima.com.br\/blog\/#\/schema\/logo\/image\/"}},{"@type":"Person","@id":"https:\/\/ianima.com.br\/blog\/#\/schema\/person\/85378d6a819826ce615ae2a7a04f68d8","name":"Wanderlei Talib","image":{"@type":"ImageObject","inLanguage":"pt-BR","@id":"https:\/\/ianima.com.br\/blog\/#\/schema\/person\/image\/","url":"https:\/\/ianima.com.br\/blog\/wp-content\/litespeed\/avatar\/a0461c2b338365ab5dd45a3e926e23c7.jpg?ver=1777055969","contentUrl":"https:\/\/ianima.com.br\/blog\/wp-content\/litespeed\/avatar\/a0461c2b338365ab5dd45a3e926e23c7.jpg?ver=1777055969","caption":"Wanderlei Talib"},"sameAs":["https:\/\/ianima.com.br\/blog"],"url":"https:\/\/ianima.com.br\/blog\/author\/adminedu\/"},{"@type":"Question","@id":"https:\/\/ianima.com.br\/blog\/saude-mental\/ansiedade-e-depressao-sintomas-reconheca-os-sinais\/#faq-question-1754867285718","position":1,"url":"https:\/\/ianima.com.br\/blog\/saude-mental\/ansiedade-e-depressao-sintomas-reconheca-os-sinais\/#faq-question-1754867285718","name":"Quais s\u00e3o os sintomas comuns da ansiedade?","answerCount":1,"acceptedAnswer":{"@type":"Answer","text":"Os sintomas comuns da ansiedade incluem preocupa\u00e7\u00e3o excessiva, inquieta\u00e7\u00e3o, fadiga, dificuldade de concentra\u00e7\u00e3o e irritabilidade.","inLanguage":"pt-BR"},"inLanguage":"pt-BR"},{"@type":"Question","@id":"https:\/\/ianima.com.br\/blog\/saude-mental\/ansiedade-e-depressao-sintomas-reconheca-os-sinais\/#faq-question-1754867307678","position":2,"url":"https:\/\/ianima.com.br\/blog\/saude-mental\/ansiedade-e-depressao-sintomas-reconheca-os-sinais\/#faq-question-1754867307678","name":"Quais s\u00e3o os sintomas da depress\u00e3o?","answerCount":1,"acceptedAnswer":{"@type":"Answer","text":"Os sintomas da depress\u00e3o podem incluir tristeza persistente, perda de interesse em atividades, altera\u00e7\u00f5es no apetite, fadiga e dificuldades para dormir.","inLanguage":"pt-BR"},"inLanguage":"pt-BR"},{"@type":"Question","@id":"https:\/\/ianima.com.br\/blog\/saude-mental\/ansiedade-e-depressao-sintomas-reconheca-os-sinais\/#faq-question-1754867330805","position":3,"url":"https:\/\/ianima.com.br\/blog\/saude-mental\/ansiedade-e-depressao-sintomas-reconheca-os-sinais\/#faq-question-1754867330805","name":"Como posso diferenciar ansiedade de depress\u00e3o?","answerCount":1,"acceptedAnswer":{"@type":"Answer","text":"Voc\u00ea pode diferenciar ansiedade de depress\u00e3o observando que a ansiedade geralmente envolve preocupa\u00e7\u00e3o e tens\u00e3o, enquanto a depress\u00e3o foca mais na tristeza e na falta de motiva\u00e7\u00e3o.","inLanguage":"pt-BR"},"inLanguage":"pt-BR"}]}},"_links":{"self":[{"href":"https:\/\/ianima.com.br\/blog\/wp-json\/wp\/v2\/posts\/9429","targetHints":{"allow":["GET"]}}],"collection":[{"href":"https:\/\/ianima.com.br\/blog\/wp-json\/wp\/v2\/posts"}],"about":[{"href":"https:\/\/ianima.com.br\/blog\/wp-json\/wp\/v2\/types\/post"}],"author":[{"embeddable":true,"href":"https:\/\/ianima.com.br\/blog\/wp-json\/wp\/v2\/users\/1"}],"replies":[{"embeddable":true,"href":"https:\/\/ianima.com.br\/blog\/wp-json\/wp\/v2\/comments?post=9429"}],"version-history":[{"count":1,"href":"https:\/\/ianima.com.br\/blog\/wp-json\/wp\/v2\/posts\/9429\/revisions"}],"predecessor-version":[{"id":9433,"href":"https:\/\/ianima.com.br\/blog\/wp-json\/wp\/v2\/posts\/9429\/revisions\/9433"}],"wp:featuredmedia":[{"embeddable":true,"href":"https:\/\/ianima.com.br\/blog\/wp-json\/wp\/v2\/media\/9431"}],"wp:attachment":[{"href":"https:\/\/ianima.com.br\/blog\/wp-json\/wp\/v2\/media?parent=9429"}],"wp:term":[{"taxonomy":"category","embeddable":true,"href":"https:\/\/ianima.com.br\/blog\/wp-json\/wp\/v2\/categories?post=9429"},{"taxonomy":"post_tag","embeddable":true,"href":"https:\/\/ianima.com.br\/blog\/wp-json\/wp\/v2\/tags?post=9429"}],"curies":[{"name":"wp","href":"https:\/\/api.w.org\/{rel}","templated":true}]}}