{"id":9719,"date":"2025-08-12T15:10:31","date_gmt":"2025-08-12T15:10:31","guid":{"rendered":"https:\/\/ianima.com.br\/blog\/?p=9719"},"modified":"2025-08-12T15:10:31","modified_gmt":"2025-08-12T15:10:31","slug":"diagnostico-da-depressao-um-guia-completo","status":"publish","type":"post","link":"https:\/\/ianima.com.br\/blog\/saude-mental\/diagnostico-da-depressao-um-guia-completo\/","title":{"rendered":"Diagn\u00f3stico da Depress\u00e3o: Um Guia Completo"},"content":{"rendered":"\n<p>Antes de tudo, compreender o <strong>diagn\u00f3stico da depress\u00e3o<\/strong> \u00e9 um passo essencial para reconhecer e lidar com os impactos dessa condi\u00e7\u00e3o na vida cotidiana. Afinal, quantas vezes sinais sutis podem passar despercebidos at\u00e9 se tornarem mais evidentes? A princ\u00edpio, entender como identificar e diferenciar os sintomas pode abrir caminho para decis\u00f5es mais conscientes. Descubra os sinais, causas e caminhos para compreender o <strong>diagn\u00f3stico da depress\u00e3o<\/strong> que podem estar impactando sua vida.<\/p>\n\n\n\n<h2 class=\"wp-block-heading\" id=\"h-os-sinais-e-sintomas-da-depressao\">Os Sinais e Sintomas da Depress\u00e3o<\/h2>\n\n\n\n<p>O <strong>diagn\u00f3stico da depress\u00e3o<\/strong> se baseia na observa\u00e7\u00e3o de sinais persistentes que afetam emo\u00e7\u00f5es, pensamentos e comportamentos.<br>Entre os sintomas mais comuns est\u00e3o:<\/p>\n\n\n\n<ul class=\"wp-block-list\">\n<li>Tristeza profunda e constante<\/li>\n\n\n\n<li>Perda de interesse por atividades antes prazerosas<\/li>\n\n\n\n<li>Altera\u00e7\u00f5es no apetite e no sono<\/li>\n\n\n\n<li>Sensa\u00e7\u00e3o de fadiga constante<\/li>\n\n\n\n<li>Sentimentos de culpa ou inutilidade<\/li>\n<\/ul>\n\n\n\n<p>Al\u00e9m disso, sinais menos \u00f3bvios incluem irritabilidade, dificuldade de concentra\u00e7\u00e3o e isolamento social. Bem como, sintomas f\u00edsicos como dores persistentes sem causa aparente podem estar relacionados.<\/p>\n\n\n\n<h2 class=\"wp-block-heading\" id=\"h-a-psicologia-por-tras-da-vida-real-o-diagnostico-da-depressao-no-dia-a-dia\">A Psicologia por Tr\u00e1s da Vida Real: O Diagn\u00f3stico da Depress\u00e3o no Dia a Dia *<\/h2>\n\n\n\n<p>Imagine algu\u00e9m que, gradualmente, perde o \u00e2nimo para pequenas tarefas, como arrumar a casa ou responder mensagens. Do mesmo modo, outro indiv\u00edduo pode continuar a cumprir obriga\u00e7\u00f5es, mas sente que est\u00e1 \u201cno autom\u00e1tico\u201d, sem alegria ou motiva\u00e7\u00e3o. Assim, o <strong>diagn\u00f3stico da depress\u00e3o<\/strong> envolve compreender como esses padr\u00f5es impactam escolhas, rela\u00e7\u00f5es e at\u00e9 a percep\u00e7\u00e3o de si mesmo.<\/p>\n\n\n\n<h2 class=\"wp-block-heading\" id=\"h-compreendendo-os-momentos-criticos-da-depressao\">Compreendendo os Momentos Cr\u00edticos da Depress\u00e3o<\/h2>\n\n\n\n<p>Momentos cr\u00edticos ocorrem quando os sintomas atingem intensidade que compromete seriamente a funcionalidade di\u00e1ria. Isso pode incluir dificuldade para sair da cama, crises de choro frequentes ou sensa\u00e7\u00e3o de vazio intenso. Diferenciar esses momentos de per\u00edodos comuns de tristeza \u00e9 essencial para buscar ajuda no tempo certo.<\/p>\n\n\n\n<h2 class=\"wp-block-heading\" id=\"h-o-que-desencadeia-a-depressao\">O Que Desencadeia a Depress\u00e3o?<\/h2>\n\n\n\n<p>O <strong>diagn\u00f3stico da depress\u00e3o<\/strong> leva em conta poss\u00edveis gatilhos, como:<\/p>\n\n\n\n<ul class=\"wp-block-list\">\n<li>Experi\u00eancias traum\u00e1ticas ou perdas significativas<\/li>\n\n\n\n<li>Estresse cr\u00f4nico<\/li>\n\n\n\n<li>Fatores gen\u00e9ticos e biol\u00f3gicos<\/li>\n\n\n\n<li>Desequil\u00edbrios neuroqu\u00edmicos<\/li>\n\n\n\n<li>Ambientes sociais desfavor\u00e1veis<\/li>\n<\/ul>\n\n\n\n<p>Al\u00e9m disso, uma combina\u00e7\u00e3o de fatores internos e externos costuma estar presente, tornando cada caso \u00fanico.<\/p>\n\n\n\n<h2 class=\"wp-block-heading\" id=\"h-mitos-e-verdades-sobre-solucoes-para-a-depressao\">Mitos e Verdades sobre Solu\u00e7\u00f5es para a Depress\u00e3o<\/h2>\n\n\n\n<p>Mito: \u201cBasta for\u00e7a de vontade para sair da depress\u00e3o.\u201d<br>Verdade: A depress\u00e3o envolve altera\u00e7\u00f5es complexas no corpo e na mente, e n\u00e3o \u00e9 uma simples quest\u00e3o de \u201cotimismo\u201d.<br>Mito: \u201cMedicamentos resolvem tudo.\u201d<br>Verdade: O tratamento \u00e9 multifatorial e pode incluir diferentes abordagens, sempre com orienta\u00e7\u00e3o adequada.<\/p>\n\n\n\n<h2 class=\"wp-block-heading\" id=\"h-como-lidar-com-a-depressao-no-dia-a-dia\">Como Lidar com a Depress\u00e3o no Dia a Dia<\/h2>\n\n\n\n<p>Estrat\u00e9gias que podem ajudar incluem:<\/p>\n\n\n\n<ul class=\"wp-block-list\">\n<li>Manter uma rotina estruturada<\/li>\n\n\n\n<li>Praticar atividades f\u00edsicas leves<\/li>\n\n\n\n<li>Criar momentos de socializa\u00e7\u00e3o, mesmo que curtos<\/li>\n\n\n\n<li>Investir em hobbies ou atividades prazerosas<\/li>\n\n\n\n<li>Adotar t\u00e9cnicas de respira\u00e7\u00e3o e relaxamento<\/li>\n<\/ul>\n\n\n\n<h2 class=\"wp-block-heading\" id=\"h-a-depressao-no-corpo-e-na-mente-manifestacoes\">A Depress\u00e3o no Corpo e na Mente: Manifesta\u00e7\u00f5es<\/h2>\n\n\n\n<p>A depress\u00e3o pode se manifestar tanto em sintomas emocionais quanto f\u00edsicos:<\/p>\n\n\n\n<ul class=\"wp-block-list\">\n<li>Corpo: fadiga, altera\u00e7\u00f5es no apetite, dores musculares<\/li>\n\n\n\n<li>Mente: pensamentos negativos persistentes, dificuldade de concentra\u00e7\u00e3o, desesperan\u00e7a<\/li>\n<\/ul>\n\n\n\n<p>Essa intera\u00e7\u00e3o entre corpo e mente refor\u00e7a a import\u00e2ncia de compreender a condi\u00e7\u00e3o de forma integral.<\/p>\n\n\n\n<h2 class=\"wp-block-heading\" id=\"h-depressao-maior-uma-perspectiva-ampliada\">Depress\u00e3o Maior: Uma Perspectiva Ampliada<\/h2>\n\n\n\n<p>Dentro do <strong>diagn\u00f3stico da depress\u00e3o<\/strong>, a depress\u00e3o maior \u00e9 caracterizada por sintomas mais intensos e duradouros, que afetam de maneira significativa o funcionamento di\u00e1rio. Reconhecer essa varia\u00e7\u00e3o \u00e9 crucial para diferenciar de quadros mais leves.<\/p>\n\n\n\n<h2 class=\"wp-block-heading\" id=\"h-quem-busca-alivio-para-a-depressao\">Quem Busca Al\u00edvio para a Depress\u00e3o?<\/h2>\n\n\n\n<p>Pessoas de todas as idades e perfis podem enfrentar a depress\u00e3o. Desde adolescentes que passam por mudan\u00e7as emocionais intensas at\u00e9 adultos sob press\u00e3o profissional ou idosos em isolamento social, o <strong>diagn\u00f3stico da depress\u00e3o<\/strong> pode surgir em contextos variados.<\/p>\n\n\n\n<h3 class=\"wp-block-heading\" id=\"h-diferentes-abordagens-para-lidar-com-a-depressao\">Diferentes Abordagens para Lidar com a Depress\u00e3o<\/h3>\n\n\n\n<ul class=\"wp-block-list\">\n<li>Psicoterapia<\/li>\n\n\n\n<li>Mudan\u00e7as de h\u00e1bitos de vida<\/li>\n\n\n\n<li>Atividades f\u00edsicas regulares<\/li>\n\n\n\n<li>T\u00e9cnicas de relaxamento e mindfulness<\/li>\n<\/ul>\n\n\n\n<h3 class=\"wp-block-heading\" id=\"h-sinais-de-alerta-quando-buscar-ajuda-profissional\">Sinais de Alerta: Quando Buscar Ajuda Profissional<\/h3>\n\n\n\n<ul class=\"wp-block-list\">\n<li>Sintomas persistentes por mais de duas semanas<\/li>\n\n\n\n<li>Impacto significativo no trabalho, estudos ou rela\u00e7\u00f5es<\/li>\n\n\n\n<li>Pensamentos autodestrutivos ou de desesperan\u00e7a<\/li>\n<\/ul>\n\n\n\n<h3 class=\"wp-block-heading\" id=\"h-recursos-e-informacoes-confiaveis-sobre-a-depressao\">Recursos e Informa\u00e7\u00f5es Confi\u00e1veis sobre a Depress\u00e3o<\/h3>\n\n\n\n<p>Institui\u00e7\u00f5es como a Organiza\u00e7\u00e3o Mundial da Sa\u00fade (OMS) e associa\u00e7\u00f5es de psicologia oferecem conte\u00fados claros e confi\u00e1veis para aprofundar o conhecimento.<\/p>\n\n\n\n<h3 class=\"wp-block-heading\" id=\"h-dicas-para-acao-imediata-em-momentos-de-depressao\">Dicas para A\u00e7\u00e3o Imediata em Momentos de Depress\u00e3o<\/h3>\n\n\n\n<ul class=\"wp-block-list\">\n<li>Praticar respira\u00e7\u00e3o profunda por alguns minutos<\/li>\n\n\n\n<li>Entrar em contato com algu\u00e9m de confian\u00e7a<\/li>\n\n\n\n<li>Fazer uma breve caminhada ao ar livre<\/li>\n\n\n\n<li>Ouvir m\u00fasica que traga conforto<\/li>\n<\/ul>\n\n\n\n<h2 class=\"wp-block-heading\" id=\"h-conclusao\">Conclus\u00e3o<\/h2>\n\n\n\n<p>Em suma, compreender o <strong>diagn\u00f3stico da depress\u00e3o<\/strong> \u00e9 essencial para reconhecer seus sinais, entender suas causas e buscar caminhos que promovam bem-estar. Logo, ampliar o conhecimento sobre essa condi\u00e7\u00e3o permite tomar decis\u00f5es mais conscientes e fortalecer estrat\u00e9gias de enfrentamento. Se voc\u00ea se identifica com esses sinais, buscar informa\u00e7\u00e3o e apoio pode ser o primeiro passo para uma vida mais leve e equilibrada!<\/p>\n\n\n\n<p>* Essas narrativas s\u00e3o fict\u00edcias mas inspiradas em situa\u00e7\u00f5es comumente vivenciadas nos estudos e na cl\u00ednica psicol\u00f3gica.<\/p>\n\n\n\n<figure class=\"wp-block-image aligncenter size-large is-resized\"><img fetchpriority=\"high\" decoding=\"async\" width=\"1024\" height=\"683\" src=\"https:\/\/ianima.com.br\/blog\/wp-content\/uploads\/2025\/08\/2MM-265-1024x683.webp\" alt=\"Diagn\u00f3stico da Depress\u00e3o: Um Guia Completo\" class=\"wp-image-9722\" style=\"width:500px\" srcset=\"https:\/\/ianima.com.br\/blog\/wp-content\/uploads\/2025\/08\/2MM-265-1024x683.webp 1024w, https:\/\/ianima.com.br\/blog\/wp-content\/uploads\/2025\/08\/2MM-265-300x200.webp 300w, https:\/\/ianima.com.br\/blog\/wp-content\/uploads\/2025\/08\/2MM-265-768x512.webp 768w, https:\/\/ianima.com.br\/blog\/wp-content\/uploads\/2025\/08\/2MM-265.webp 1536w\" sizes=\"(max-width: 1024px) 100vw, 1024px\" \/><\/figure>\n\n\n\n<h2 class=\"wp-block-heading\" id=\"h-perguntas-frequentes-faq\">Perguntas Frequentes (FAQ)<\/h2>\n\n\n\n<div class=\"schema-faq wp-block-yoast-faq-block\"><div class=\"schema-faq-section\" id=\"faq-question-1755011234070\"><strong class=\"schema-faq-question\">O que \u00e9 o diagn\u00f3stico da depress\u00e3o?<\/strong> <p class=\"schema-faq-answer\">O diagn\u00f3stico da depress\u00e3o \u00e9 o processo pelo qual um profissional de sa\u00fade mental avalia os sintomas e a hist\u00f3ria do paciente para determinar se ele tem depress\u00e3o.<\/p> <\/div> <div class=\"schema-faq-section\" id=\"faq-question-1755011257420\"><strong class=\"schema-faq-question\">Quais s\u00e3o os principais sintomas da depress\u00e3o?<\/strong> <p class=\"schema-faq-answer\">Os principais sintomas incluem tristeza persistente, perda de interesse em atividades, mudan\u00e7as no apetite e no sono, al\u00e9m de fadiga e dificuldade de concentra\u00e7\u00e3o.<\/p> <\/div> <div class=\"schema-faq-section\" id=\"faq-question-1755011281081\"><strong class=\"schema-faq-question\">Como \u00e9 feito o diagn\u00f3stico da depress\u00e3o?<\/strong> <p class=\"schema-faq-answer\">O diagn\u00f3stico \u00e9 feito atrav\u00e9s de entrevistas, question\u00e1rios e, \u00e0s vezes, exames f\u00edsicos para descartar outras condi\u00e7\u00f5es, tudo isso com um profissional qualificado.<\/p> <\/div> <\/div>\n\n\n\n<ul class=\"wp-block-yoast-seo-related-links\"><li><a href=\"https:\/\/ianima.com.br\/blog\/saude-mental\/diagnostico-depressao-sinais-causas-e-o-que-fazer\/\">Diagn\u00f3stico depress\u00e3o: sinais, causas e o que fazer<\/a><\/li><li><a href=\"https:\/\/ianima.com.br\/blog\/saude-mental\/diagnostico-para-depressao-sinais-fatores-e-caminhos\/\">Diagn\u00f3stico para Depress\u00e3o: Sinais, Fatores e Caminhos<\/a><\/li><li><a href=\"https:\/\/ianima.com.br\/blog\/saude-mental\/burnout-diagnostico-tudo-que-voce-precisa-saber\/\">Burnout Diagn\u00f3stico: Tudo Que Voc\u00ea Precisa Saber<\/a><\/li><li><a href=\"https:\/\/ianima.com.br\/blog\/saude-mental\/diagnostico-burnout-sinais-causas-e-caminhos\/\">Diagn\u00f3stico Burnout: Sinais, Causas e Caminhos<\/a><\/li><li><a href=\"https:\/\/ianima.com.br\/blog\/saude-mental\/diagnostico-de-depressao-fatores-e-sinais-cruciais\/\">Diagn\u00f3stico de Depress\u00e3o: Fatores e Sinais Cruciais<\/a><\/li><\/ul>\n","protected":false},"excerpt":{"rendered":"<p>Antes de tudo, compreender o diagn\u00f3stico da depress\u00e3o \u00e9 um passo essencial para reconhecer e lidar com os impactos dessa condi\u00e7\u00e3o na vida cotidiana. Afinal, quantas vezes sinais sutis podem passar despercebidos at\u00e9 se tornarem mais evidentes? A princ\u00edpio, entender como identificar e diferenciar os sintomas pode abrir caminho para decis\u00f5es mais conscientes. Descubra os [&hellip;]<\/p>\n","protected":false},"author":1,"featured_media":9721,"comment_status":"closed","ping_status":"closed","sticky":false,"template":"","format":"standard","meta":{"site-sidebar-layout":"default","site-content-layout":"","ast-site-content-layout":"default","site-content-style":"default","site-sidebar-style":"default","ast-global-header-display":"","ast-banner-title-visibility":"","ast-main-header-display":"","ast-hfb-above-header-display":"","ast-hfb-below-header-display":"","ast-hfb-mobile-header-display":"","site-post-title":"","ast-breadcrumbs-content":"","ast-featured-img":"","footer-sml-layout":"","theme-transparent-header-meta":"","adv-header-id-meta":"","stick-header-meta":"","header-above-stick-meta":"","header-main-stick-meta":"","header-below-stick-meta":"","astra-migrate-meta-layouts":"set","ast-page-background-enabled":"default","ast-page-background-meta":{"desktop":{"background-color":"","background-image":"","background-repeat":"repeat","background-position":"center center","background-size":"auto","background-attachment":"scroll","background-type":"","background-media":"","overlay-type":"","overlay-color":"","overlay-opacity":"","overlay-gradient":""},"tablet":{"background-color":"","background-image":"","background-repeat":"repeat","background-position":"center center","background-size":"auto","background-attachment":"scroll","background-type":"","background-media":"","overlay-type":"","overlay-color":"","overlay-opacity":"","overlay-gradient":""},"mobile":{"background-color":"","background-image":"","background-repeat":"repeat","background-position":"center center","background-size":"auto","background-attachment":"scroll","background-type":"","background-media":"","overlay-type":"","overlay-color":"","overlay-opacity":"","overlay-gradient":""}},"ast-content-background-meta":{"desktop":{"background-color":"var(--ast-global-color-5)","background-image":"","background-repeat":"repeat","background-position":"center center","background-size":"auto","background-attachment":"scroll","background-type":"","background-media":"","overlay-type":"","overlay-color":"","overlay-opacity":"","overlay-gradient":""},"tablet":{"background-color":"var(--ast-global-color-5)","background-image":"","background-repeat":"repeat","background-position":"center center","background-size":"auto","background-attachment":"scroll","background-type":"","background-media":"","overlay-type":"","overlay-color":"","overlay-opacity":"","overlay-gradient":""},"mobile":{"background-color":"var(--ast-global-color-5)","background-image":"","background-repeat":"repeat","background-position":"center center","background-size":"auto","background-attachment":"scroll","background-type":"","background-media":"","overlay-type":"","overlay-color":"","overlay-opacity":"","overlay-gradient":""}},"footnotes":""},"categories":[24],"tags":[],"class_list":["post-9719","post","type-post","status-publish","format-standard","has-post-thumbnail","hentry","category-saude-mental"],"yoast_head":"<!-- This site is optimized with the Yoast SEO Premium plugin v20.8 (Yoast SEO v20.8) - https:\/\/yoast.com\/wordpress\/plugins\/seo\/ -->\n<title>Diagn\u00f3stico da Depress\u00e3o: Um Guia Completo<\/title>\n<meta name=\"description\" content=\"Descubra os sinais ocultos da depress\u00e3o e como identific\u00e1-los! Este guia completo pode mudar sua vida ou a de algu\u00e9m que voc\u00ea ama!\" \/>\n<meta name=\"robots\" content=\"index, follow, max-snippet:-1, max-image-preview:large, max-video-preview:-1\" \/>\n<link rel=\"canonical\" href=\"https:\/\/ianima.com.br\/blog\/saude-mental\/diagnostico-da-depressao-um-guia-completo\/\" \/>\n<meta property=\"og:locale\" content=\"pt_BR\" \/>\n<meta property=\"og:type\" content=\"article\" \/>\n<meta property=\"og:title\" content=\"Diagn\u00f3stico da Depress\u00e3o: Um Guia Completo\" \/>\n<meta property=\"og:description\" content=\"Descubra os sinais ocultos da depress\u00e3o e como identific\u00e1-los! Este guia completo pode mudar sua vida ou a de algu\u00e9m que voc\u00ea ama!\" \/>\n<meta property=\"og:url\" content=\"https:\/\/ianima.com.br\/blog\/saude-mental\/diagnostico-da-depressao-um-guia-completo\/\" \/>\n<meta property=\"og:site_name\" content=\"Terapia Online com IANIMA: Inova\u00e7\u00e3o e Aconselhamento. O terapeuta online ao seu alcance.\" \/>\n<meta property=\"article:published_time\" content=\"2025-08-12T15:10:31+00:00\" \/>\n<meta property=\"og:image\" content=\"https:\/\/ianima.com.br\/blog\/wp-content\/uploads\/2025\/08\/1MM-265.webp\" \/>\n\t<meta property=\"og:image:width\" content=\"1536\" \/>\n\t<meta property=\"og:image:height\" content=\"1024\" \/>\n\t<meta property=\"og:image:type\" content=\"image\/webp\" \/>\n<meta name=\"author\" content=\"Wanderlei Talib\" \/>\n<meta name=\"twitter:card\" content=\"summary_large_image\" \/>\n<meta name=\"twitter:label1\" content=\"Escrito por\" \/>\n\t<meta name=\"twitter:data1\" content=\"Wanderlei Talib\" \/>\n\t<meta name=\"twitter:label2\" content=\"Est. tempo de leitura\" \/>\n\t<meta name=\"twitter:data2\" content=\"6 minutos\" \/>\n<script type=\"application\/ld+json\" class=\"yoast-schema-graph\">{\"@context\":\"https:\/\/schema.org\",\"@graph\":[{\"@type\":\"Article\",\"@id\":\"https:\/\/ianima.com.br\/blog\/saude-mental\/diagnostico-da-depressao-um-guia-completo\/#article\",\"isPartOf\":{\"@id\":\"https:\/\/ianima.com.br\/blog\/saude-mental\/diagnostico-da-depressao-um-guia-completo\/\"},\"author\":{\"name\":\"Wanderlei Talib\",\"@id\":\"https:\/\/ianima.com.br\/blog\/#\/schema\/person\/85378d6a819826ce615ae2a7a04f68d8\"},\"headline\":\"Diagn\u00f3stico da Depress\u00e3o: Um Guia Completo\",\"datePublished\":\"2025-08-12T15:10:31+00:00\",\"dateModified\":\"2025-08-12T15:10:31+00:00\",\"mainEntityOfPage\":{\"@id\":\"https:\/\/ianima.com.br\/blog\/saude-mental\/diagnostico-da-depressao-um-guia-completo\/\"},\"wordCount\":1022,\"publisher\":{\"@id\":\"https:\/\/ianima.com.br\/blog\/#organization\"},\"articleSection\":[\"Sa\u00fade Mental\"],\"inLanguage\":\"pt-BR\"},{\"@type\":[\"WebPage\",\"FAQPage\"],\"@id\":\"https:\/\/ianima.com.br\/blog\/saude-mental\/diagnostico-da-depressao-um-guia-completo\/\",\"url\":\"https:\/\/ianima.com.br\/blog\/saude-mental\/diagnostico-da-depressao-um-guia-completo\/\",\"name\":\"Diagn\u00f3stico da Depress\u00e3o: Um Guia Completo\",\"isPartOf\":{\"@id\":\"https:\/\/ianima.com.br\/blog\/#website\"},\"datePublished\":\"2025-08-12T15:10:31+00:00\",\"dateModified\":\"2025-08-12T15:10:31+00:00\",\"description\":\"Descubra os sinais ocultos da depress\u00e3o e como identific\u00e1-los! Este guia completo pode mudar sua vida ou a de algu\u00e9m que voc\u00ea ama!\",\"breadcrumb\":{\"@id\":\"https:\/\/ianima.com.br\/blog\/saude-mental\/diagnostico-da-depressao-um-guia-completo\/#breadcrumb\"},\"mainEntity\":[{\"@id\":\"https:\/\/ianima.com.br\/blog\/saude-mental\/diagnostico-da-depressao-um-guia-completo\/#faq-question-1755011234070\"},{\"@id\":\"https:\/\/ianima.com.br\/blog\/saude-mental\/diagnostico-da-depressao-um-guia-completo\/#faq-question-1755011257420\"},{\"@id\":\"https:\/\/ianima.com.br\/blog\/saude-mental\/diagnostico-da-depressao-um-guia-completo\/#faq-question-1755011281081\"}],\"inLanguage\":\"pt-BR\",\"potentialAction\":[{\"@type\":\"ReadAction\",\"target\":[\"https:\/\/ianima.com.br\/blog\/saude-mental\/diagnostico-da-depressao-um-guia-completo\/\"]}]},{\"@type\":\"BreadcrumbList\",\"@id\":\"https:\/\/ianima.com.br\/blog\/saude-mental\/diagnostico-da-depressao-um-guia-completo\/#breadcrumb\",\"itemListElement\":[{\"@type\":\"ListItem\",\"position\":1,\"name\":\"In\u00edcio\",\"item\":\"https:\/\/ianima.com.br\/blog\/\"},{\"@type\":\"ListItem\",\"position\":2,\"name\":\"Diagn\u00f3stico da Depress\u00e3o: Um Guia Completo\"}]},{\"@type\":\"WebSite\",\"@id\":\"https:\/\/ianima.com.br\/blog\/#website\",\"url\":\"https:\/\/ianima.com.br\/blog\/\",\"name\":\"Terapia Online com IANIMA: Inova\u00e7\u00e3o e Aconselhamento. O terapeuta online ao seu alcance.\",\"description\":\"Terapia gratuita online com a IAnima, sua terapeuta online. Artigos sobre terapias online, sa\u00fade mental e bem-estar.\",\"publisher\":{\"@id\":\"https:\/\/ianima.com.br\/blog\/#organization\"},\"potentialAction\":[{\"@type\":\"SearchAction\",\"target\":{\"@type\":\"EntryPoint\",\"urlTemplate\":\"https:\/\/ianima.com.br\/blog\/?s={search_term_string}\"},\"query-input\":\"required name=search_term_string\"}],\"inLanguage\":\"pt-BR\"},{\"@type\":\"Organization\",\"@id\":\"https:\/\/ianima.com.br\/blog\/#organization\",\"name\":\"Terapia Online com IANIMA: Inova\u00e7\u00e3o e Aconselhamento. O terapeuta online ao seu alcance.\",\"url\":\"https:\/\/ianima.com.br\/blog\/\",\"logo\":{\"@type\":\"ImageObject\",\"inLanguage\":\"pt-BR\",\"@id\":\"https:\/\/ianima.com.br\/blog\/#\/schema\/logo\/image\/\",\"url\":\"https:\/\/ianima.com.br\/blog\/wp-content\/uploads\/2025\/04\/cropped-IAnima-terapia-online.webp\",\"contentUrl\":\"https:\/\/ianima.com.br\/blog\/wp-content\/uploads\/2025\/04\/cropped-IAnima-terapia-online.webp\",\"width\":819,\"height\":222,\"caption\":\"Terapia Online com IANIMA: Inova\u00e7\u00e3o e Aconselhamento. O terapeuta online ao seu alcance.\"},\"image\":{\"@id\":\"https:\/\/ianima.com.br\/blog\/#\/schema\/logo\/image\/\"}},{\"@type\":\"Person\",\"@id\":\"https:\/\/ianima.com.br\/blog\/#\/schema\/person\/85378d6a819826ce615ae2a7a04f68d8\",\"name\":\"Wanderlei Talib\",\"image\":{\"@type\":\"ImageObject\",\"inLanguage\":\"pt-BR\",\"@id\":\"https:\/\/ianima.com.br\/blog\/#\/schema\/person\/image\/\",\"url\":\"https:\/\/ianima.com.br\/blog\/wp-content\/litespeed\/avatar\/a0461c2b338365ab5dd45a3e926e23c7.jpg?ver=1777055969\",\"contentUrl\":\"https:\/\/ianima.com.br\/blog\/wp-content\/litespeed\/avatar\/a0461c2b338365ab5dd45a3e926e23c7.jpg?ver=1777055969\",\"caption\":\"Wanderlei Talib\"},\"sameAs\":[\"https:\/\/ianima.com.br\/blog\"],\"url\":\"https:\/\/ianima.com.br\/blog\/author\/adminedu\/\"},{\"@type\":\"Question\",\"@id\":\"https:\/\/ianima.com.br\/blog\/saude-mental\/diagnostico-da-depressao-um-guia-completo\/#faq-question-1755011234070\",\"position\":1,\"url\":\"https:\/\/ianima.com.br\/blog\/saude-mental\/diagnostico-da-depressao-um-guia-completo\/#faq-question-1755011234070\",\"name\":\"O que \u00e9 o diagn\u00f3stico da depress\u00e3o?\",\"answerCount\":1,\"acceptedAnswer\":{\"@type\":\"Answer\",\"text\":\"O diagn\u00f3stico da depress\u00e3o \u00e9 o processo pelo qual um profissional de sa\u00fade mental avalia os sintomas e a hist\u00f3ria do paciente para determinar se ele tem depress\u00e3o.\",\"inLanguage\":\"pt-BR\"},\"inLanguage\":\"pt-BR\"},{\"@type\":\"Question\",\"@id\":\"https:\/\/ianima.com.br\/blog\/saude-mental\/diagnostico-da-depressao-um-guia-completo\/#faq-question-1755011257420\",\"position\":2,\"url\":\"https:\/\/ianima.com.br\/blog\/saude-mental\/diagnostico-da-depressao-um-guia-completo\/#faq-question-1755011257420\",\"name\":\"Quais s\u00e3o os principais sintomas da depress\u00e3o?\",\"answerCount\":1,\"acceptedAnswer\":{\"@type\":\"Answer\",\"text\":\"Os principais sintomas incluem tristeza persistente, perda de interesse em atividades, mudan\u00e7as no apetite e no sono, al\u00e9m de fadiga e dificuldade de concentra\u00e7\u00e3o.\",\"inLanguage\":\"pt-BR\"},\"inLanguage\":\"pt-BR\"},{\"@type\":\"Question\",\"@id\":\"https:\/\/ianima.com.br\/blog\/saude-mental\/diagnostico-da-depressao-um-guia-completo\/#faq-question-1755011281081\",\"position\":3,\"url\":\"https:\/\/ianima.com.br\/blog\/saude-mental\/diagnostico-da-depressao-um-guia-completo\/#faq-question-1755011281081\",\"name\":\"Como \u00e9 feito o diagn\u00f3stico da depress\u00e3o?\",\"answerCount\":1,\"acceptedAnswer\":{\"@type\":\"Answer\",\"text\":\"O diagn\u00f3stico \u00e9 feito atrav\u00e9s de entrevistas, question\u00e1rios e, \u00e0s vezes, exames f\u00edsicos para descartar outras condi\u00e7\u00f5es, tudo isso com um profissional qualificado.\",\"inLanguage\":\"pt-BR\"},\"inLanguage\":\"pt-BR\"}]}<\/script>\n<!-- \/ Yoast SEO Premium plugin. -->","yoast_head_json":{"title":"Diagn\u00f3stico da Depress\u00e3o: Um Guia Completo","description":"Descubra os sinais ocultos da depress\u00e3o e como identific\u00e1-los! Este guia completo pode mudar sua vida ou a de algu\u00e9m que voc\u00ea ama!","robots":{"index":"index","follow":"follow","max-snippet":"max-snippet:-1","max-image-preview":"max-image-preview:large","max-video-preview":"max-video-preview:-1"},"canonical":"https:\/\/ianima.com.br\/blog\/saude-mental\/diagnostico-da-depressao-um-guia-completo\/","og_locale":"pt_BR","og_type":"article","og_title":"Diagn\u00f3stico da Depress\u00e3o: Um Guia Completo","og_description":"Descubra os sinais ocultos da depress\u00e3o e como identific\u00e1-los! Este guia completo pode mudar sua vida ou a de algu\u00e9m que voc\u00ea ama!","og_url":"https:\/\/ianima.com.br\/blog\/saude-mental\/diagnostico-da-depressao-um-guia-completo\/","og_site_name":"Terapia Online com IANIMA: Inova\u00e7\u00e3o e Aconselhamento. O terapeuta online ao seu alcance.","article_published_time":"2025-08-12T15:10:31+00:00","og_image":[{"width":1536,"height":1024,"url":"https:\/\/ianima.com.br\/blog\/wp-content\/uploads\/2025\/08\/1MM-265.webp","type":"image\/webp"}],"author":"Wanderlei Talib","twitter_card":"summary_large_image","twitter_misc":{"Escrito por":"Wanderlei Talib","Est. tempo de leitura":"6 minutos"},"schema":{"@context":"https:\/\/schema.org","@graph":[{"@type":"Article","@id":"https:\/\/ianima.com.br\/blog\/saude-mental\/diagnostico-da-depressao-um-guia-completo\/#article","isPartOf":{"@id":"https:\/\/ianima.com.br\/blog\/saude-mental\/diagnostico-da-depressao-um-guia-completo\/"},"author":{"name":"Wanderlei Talib","@id":"https:\/\/ianima.com.br\/blog\/#\/schema\/person\/85378d6a819826ce615ae2a7a04f68d8"},"headline":"Diagn\u00f3stico da Depress\u00e3o: Um Guia Completo","datePublished":"2025-08-12T15:10:31+00:00","dateModified":"2025-08-12T15:10:31+00:00","mainEntityOfPage":{"@id":"https:\/\/ianima.com.br\/blog\/saude-mental\/diagnostico-da-depressao-um-guia-completo\/"},"wordCount":1022,"publisher":{"@id":"https:\/\/ianima.com.br\/blog\/#organization"},"articleSection":["Sa\u00fade Mental"],"inLanguage":"pt-BR"},{"@type":["WebPage","FAQPage"],"@id":"https:\/\/ianima.com.br\/blog\/saude-mental\/diagnostico-da-depressao-um-guia-completo\/","url":"https:\/\/ianima.com.br\/blog\/saude-mental\/diagnostico-da-depressao-um-guia-completo\/","name":"Diagn\u00f3stico da Depress\u00e3o: Um Guia Completo","isPartOf":{"@id":"https:\/\/ianima.com.br\/blog\/#website"},"datePublished":"2025-08-12T15:10:31+00:00","dateModified":"2025-08-12T15:10:31+00:00","description":"Descubra os sinais ocultos da depress\u00e3o e como identific\u00e1-los! Este guia completo pode mudar sua vida ou a de algu\u00e9m que voc\u00ea ama!","breadcrumb":{"@id":"https:\/\/ianima.com.br\/blog\/saude-mental\/diagnostico-da-depressao-um-guia-completo\/#breadcrumb"},"mainEntity":[{"@id":"https:\/\/ianima.com.br\/blog\/saude-mental\/diagnostico-da-depressao-um-guia-completo\/#faq-question-1755011234070"},{"@id":"https:\/\/ianima.com.br\/blog\/saude-mental\/diagnostico-da-depressao-um-guia-completo\/#faq-question-1755011257420"},{"@id":"https:\/\/ianima.com.br\/blog\/saude-mental\/diagnostico-da-depressao-um-guia-completo\/#faq-question-1755011281081"}],"inLanguage":"pt-BR","potentialAction":[{"@type":"ReadAction","target":["https:\/\/ianima.com.br\/blog\/saude-mental\/diagnostico-da-depressao-um-guia-completo\/"]}]},{"@type":"BreadcrumbList","@id":"https:\/\/ianima.com.br\/blog\/saude-mental\/diagnostico-da-depressao-um-guia-completo\/#breadcrumb","itemListElement":[{"@type":"ListItem","position":1,"name":"In\u00edcio","item":"https:\/\/ianima.com.br\/blog\/"},{"@type":"ListItem","position":2,"name":"Diagn\u00f3stico da Depress\u00e3o: Um Guia Completo"}]},{"@type":"WebSite","@id":"https:\/\/ianima.com.br\/blog\/#website","url":"https:\/\/ianima.com.br\/blog\/","name":"Terapia Online com IANIMA: Inova\u00e7\u00e3o e Aconselhamento. O terapeuta online ao seu alcance.","description":"Terapia gratuita online com a IAnima, sua terapeuta online. Artigos sobre terapias online, sa\u00fade mental e bem-estar.","publisher":{"@id":"https:\/\/ianima.com.br\/blog\/#organization"},"potentialAction":[{"@type":"SearchAction","target":{"@type":"EntryPoint","urlTemplate":"https:\/\/ianima.com.br\/blog\/?s={search_term_string}"},"query-input":"required name=search_term_string"}],"inLanguage":"pt-BR"},{"@type":"Organization","@id":"https:\/\/ianima.com.br\/blog\/#organization","name":"Terapia Online com IANIMA: Inova\u00e7\u00e3o e Aconselhamento. O terapeuta online ao seu alcance.","url":"https:\/\/ianima.com.br\/blog\/","logo":{"@type":"ImageObject","inLanguage":"pt-BR","@id":"https:\/\/ianima.com.br\/blog\/#\/schema\/logo\/image\/","url":"https:\/\/ianima.com.br\/blog\/wp-content\/uploads\/2025\/04\/cropped-IAnima-terapia-online.webp","contentUrl":"https:\/\/ianima.com.br\/blog\/wp-content\/uploads\/2025\/04\/cropped-IAnima-terapia-online.webp","width":819,"height":222,"caption":"Terapia Online com IANIMA: Inova\u00e7\u00e3o e Aconselhamento. O terapeuta online ao seu alcance."},"image":{"@id":"https:\/\/ianima.com.br\/blog\/#\/schema\/logo\/image\/"}},{"@type":"Person","@id":"https:\/\/ianima.com.br\/blog\/#\/schema\/person\/85378d6a819826ce615ae2a7a04f68d8","name":"Wanderlei Talib","image":{"@type":"ImageObject","inLanguage":"pt-BR","@id":"https:\/\/ianima.com.br\/blog\/#\/schema\/person\/image\/","url":"https:\/\/ianima.com.br\/blog\/wp-content\/litespeed\/avatar\/a0461c2b338365ab5dd45a3e926e23c7.jpg?ver=1777055969","contentUrl":"https:\/\/ianima.com.br\/blog\/wp-content\/litespeed\/avatar\/a0461c2b338365ab5dd45a3e926e23c7.jpg?ver=1777055969","caption":"Wanderlei Talib"},"sameAs":["https:\/\/ianima.com.br\/blog"],"url":"https:\/\/ianima.com.br\/blog\/author\/adminedu\/"},{"@type":"Question","@id":"https:\/\/ianima.com.br\/blog\/saude-mental\/diagnostico-da-depressao-um-guia-completo\/#faq-question-1755011234070","position":1,"url":"https:\/\/ianima.com.br\/blog\/saude-mental\/diagnostico-da-depressao-um-guia-completo\/#faq-question-1755011234070","name":"O que \u00e9 o diagn\u00f3stico da depress\u00e3o?","answerCount":1,"acceptedAnswer":{"@type":"Answer","text":"O diagn\u00f3stico da depress\u00e3o \u00e9 o processo pelo qual um profissional de sa\u00fade mental avalia os sintomas e a hist\u00f3ria do paciente para determinar se ele tem depress\u00e3o.","inLanguage":"pt-BR"},"inLanguage":"pt-BR"},{"@type":"Question","@id":"https:\/\/ianima.com.br\/blog\/saude-mental\/diagnostico-da-depressao-um-guia-completo\/#faq-question-1755011257420","position":2,"url":"https:\/\/ianima.com.br\/blog\/saude-mental\/diagnostico-da-depressao-um-guia-completo\/#faq-question-1755011257420","name":"Quais s\u00e3o os principais sintomas da depress\u00e3o?","answerCount":1,"acceptedAnswer":{"@type":"Answer","text":"Os principais sintomas incluem tristeza persistente, perda de interesse em atividades, mudan\u00e7as no apetite e no sono, al\u00e9m de fadiga e dificuldade de concentra\u00e7\u00e3o.","inLanguage":"pt-BR"},"inLanguage":"pt-BR"},{"@type":"Question","@id":"https:\/\/ianima.com.br\/blog\/saude-mental\/diagnostico-da-depressao-um-guia-completo\/#faq-question-1755011281081","position":3,"url":"https:\/\/ianima.com.br\/blog\/saude-mental\/diagnostico-da-depressao-um-guia-completo\/#faq-question-1755011281081","name":"Como \u00e9 feito o diagn\u00f3stico da depress\u00e3o?","answerCount":1,"acceptedAnswer":{"@type":"Answer","text":"O diagn\u00f3stico \u00e9 feito atrav\u00e9s de entrevistas, question\u00e1rios e, \u00e0s vezes, exames f\u00edsicos para descartar outras condi\u00e7\u00f5es, tudo isso com um profissional qualificado.","inLanguage":"pt-BR"},"inLanguage":"pt-BR"}]}},"_links":{"self":[{"href":"https:\/\/ianima.com.br\/blog\/wp-json\/wp\/v2\/posts\/9719","targetHints":{"allow":["GET"]}}],"collection":[{"href":"https:\/\/ianima.com.br\/blog\/wp-json\/wp\/v2\/posts"}],"about":[{"href":"https:\/\/ianima.com.br\/blog\/wp-json\/wp\/v2\/types\/post"}],"author":[{"embeddable":true,"href":"https:\/\/ianima.com.br\/blog\/wp-json\/wp\/v2\/users\/1"}],"replies":[{"embeddable":true,"href":"https:\/\/ianima.com.br\/blog\/wp-json\/wp\/v2\/comments?post=9719"}],"version-history":[{"count":1,"href":"https:\/\/ianima.com.br\/blog\/wp-json\/wp\/v2\/posts\/9719\/revisions"}],"predecessor-version":[{"id":9723,"href":"https:\/\/ianima.com.br\/blog\/wp-json\/wp\/v2\/posts\/9719\/revisions\/9723"}],"wp:featuredmedia":[{"embeddable":true,"href":"https:\/\/ianima.com.br\/blog\/wp-json\/wp\/v2\/media\/9721"}],"wp:attachment":[{"href":"https:\/\/ianima.com.br\/blog\/wp-json\/wp\/v2\/media?parent=9719"}],"wp:term":[{"taxonomy":"category","embeddable":true,"href":"https:\/\/ianima.com.br\/blog\/wp-json\/wp\/v2\/categories?post=9719"},{"taxonomy":"post_tag","embeddable":true,"href":"https:\/\/ianima.com.br\/blog\/wp-json\/wp\/v2\/tags?post=9719"}],"curies":[{"name":"wp","href":"https:\/\/api.w.org\/{rel}","templated":true}]}}