{"id":9933,"date":"2025-08-14T11:37:22","date_gmt":"2025-08-14T11:37:22","guid":{"rendered":"https:\/\/ianima.com.br\/blog\/?p=9933"},"modified":"2025-08-14T11:37:23","modified_gmt":"2025-08-14T11:37:23","slug":"qual-e-o-sintoma-da-depressao-um-guia-completo","status":"publish","type":"post","link":"https:\/\/ianima.com.br\/blog\/saude-mental\/qual-e-o-sintoma-da-depressao-um-guia-completo\/","title":{"rendered":"Qual \u00e9 o Sintoma da Depress\u00e3o: Um Guia Completo"},"content":{"rendered":"\n<h2 class=\"wp-block-heading\" id=\"h-os-sinais-e-sintomas-da-depressao\">Os Sinais e Sintomas da <strong>Depress\u00e3o<\/strong><\/h2>\n\n\n\n<p>A <strong>depress\u00e3o<\/strong> pode se manifestar de formas sutis ou intensas, afetando n\u00e3o apenas o humor, mas tamb\u00e9m o corpo e a percep\u00e7\u00e3o da vida. Entre os sinais mais conhecidos est\u00e3o tristeza persistente, perda de interesse em atividades antes prazerosas, altera\u00e7\u00f5es no sono e no apetite. Al\u00e9m disso, surgem sintomas menos \u00f3bvios, como irritabilidade, sensa\u00e7\u00e3o de vazio, dificuldade de concentra\u00e7\u00e3o e tomada de decis\u00f5es. Bem como, dores f\u00edsicas sem causa aparente \u2014 como dores de cabe\u00e7a ou musculares \u2014 podem estar associadas ao quadro. Esses sinais, quando persistem por semanas ou meses, merecem aten\u00e7\u00e3o.<\/p>\n\n\n\n<h2 class=\"wp-block-heading\" id=\"h-a-psicologia-por-tras-da-vida-real-a-depressao-no-dia-a-dia\">A Psicologia por Tr\u00e1s da Vida Real: A <strong>Depress\u00e3o<\/strong> no Dia a Dia *<\/h2>\n\n\n\n<p>Imagine acordar e sentir como se um peso invis\u00edvel o impedisse de sair da cama. Pequenas tarefas, como preparar o caf\u00e9 ou responder mensagens, tornam-se grandes desafios. Em outro cen\u00e1rio, algu\u00e9m pode at\u00e9 manter a rotina, mas com uma constante sensa\u00e7\u00e3o de desligamento emocional, como se a vida estivesse passando em c\u00e2mera lenta. Essas experi\u00eancias ilustram como a <strong>depress\u00e3o<\/strong> pode se infiltrar nas a\u00e7\u00f5es di\u00e1rias, moldando sentimentos e comportamentos de forma silenciosa e persistente.<\/p>\n\n\n\n<h2 class=\"wp-block-heading\" id=\"h-compreendendo-os-momentos-criticos-da-depressao\">Compreendendo os Momentos Cr\u00edticos da <strong>Depress\u00e3o<\/strong><\/h2>\n\n\n\n<p>Momentos cr\u00edticos s\u00e3o per\u00edodos em que os sintomas atingem maior intensidade, interferindo significativamente no funcionamento cotidiano. Pode ser uma crise de desmotiva\u00e7\u00e3o extrema, epis\u00f3dios de choro sem causa aparente ou uma forte sensa\u00e7\u00e3o de desesperan\u00e7a. Diferenci\u00e1-los de uma tristeza passageira envolve observar a dura\u00e7\u00e3o, a frequ\u00eancia e o impacto na vida social, profissional e pessoal.<\/p>\n\n\n\n<h2 class=\"wp-block-heading\" id=\"h-o-que-desencadeia-a-depressao\">O Que Desencadeia a <strong>Depress\u00e3o<\/strong>?<\/h2>\n\n\n\n<p>Diversos fatores podem atuar como gatilhos: eventos traum\u00e1ticos, perdas significativas, estresse cr\u00f4nico, conflitos interpessoais e hist\u00f3rico familiar da condi\u00e7\u00e3o. Internamente, altera\u00e7\u00f5es qu\u00edmicas no c\u00e9rebro, como desequil\u00edbrios nos neurotransmissores, tamb\u00e9m desempenham papel importante. Externamente, ambientes hostis ou a aus\u00eancia de suporte emocional podem agravar ou precipitar o quadro.<\/p>\n\n\n\n<h2 class=\"wp-block-heading\" id=\"h-mitos-e-verdades-sobre-solucoes-para-a-depressao\">Mitos e Verdades sobre Solu\u00e7\u00f5es para a <strong>Depress\u00e3o<\/strong><\/h2>\n\n\n\n<p>Mito: \u201cBasta ter for\u00e7a de vontade para sair da depress\u00e3o.\u201d<br>Verdade: A <strong>depress\u00e3o<\/strong> \u00e9 uma condi\u00e7\u00e3o complexa que exige compreens\u00e3o e, em muitos casos, apoio profissional.<br>Mito: \u201cQuem est\u00e1 deprimido sempre parece triste.\u201d<br>Verdade: Algumas pessoas mant\u00eam uma apar\u00eancia funcional, mas sentem grande sofrimento interno. \u00c9 importante lembrar que n\u00e3o existe um \u201crosto\u201d \u00fanico para a depress\u00e3o.<\/p>\n\n\n\n<h2 class=\"wp-block-heading\" id=\"h-como-lidar-com-a-depressao-no-dia-a-dia\">Como Lidar com a <strong>Depress\u00e3o<\/strong> no Dia a Dia<\/h2>\n\n\n\n<p>Adotar pequenas a\u00e7\u00f5es pode ajudar a aliviar os sintomas: estabelecer uma rotina leve, manter contato com pessoas de confian\u00e7a, praticar atividades f\u00edsicas moderadas e reservar momentos para descanso e autocuidado. Estrat\u00e9gias de respira\u00e7\u00e3o e aten\u00e7\u00e3o plena tamb\u00e9m podem reduzir a sobrecarga emocional.<\/p>\n\n\n\n<h2 class=\"wp-block-heading\" id=\"h-a-depressao-no-corpo-e-na-mente-manifestacoes\">A <strong>Depress\u00e3o<\/strong> no Corpo e na Mente: Manifesta\u00e7\u00f5es<\/h2>\n\n\n\n<p>No corpo, a <strong>depress\u00e3o<\/strong> pode causar fadiga, altera\u00e7\u00f5es de apetite, ins\u00f4nia ou sono excessivo, dores musculares e problemas digestivos. Na mente, provoca pensamentos negativos persistentes, autocr\u00edtica excessiva, sensa\u00e7\u00e3o de inutilidade e dificuldade de concentra\u00e7\u00e3o. Essas manifesta\u00e7\u00f5es f\u00edsicas e mentais est\u00e3o profundamente conectadas, influenciando-se mutuamente.<\/p>\n\n\n\n<h2 class=\"wp-block-heading\" id=\"h-depressao-atipica-uma-perspectiva-ampliada\"><strong>Depress\u00e3o At\u00edpica<\/strong>: Uma Perspectiva Ampliada<\/h2>\n\n\n\n<p>A <strong>depress\u00e3o at\u00edpica<\/strong> apresenta caracter\u00edsticas diferentes da forma mais conhecida. Nela, h\u00e1 reatividade de humor \u2014 a pessoa pode melhorar momentaneamente diante de boas not\u00edcias \u2014 e sintomas como aumento do apetite, ganho de peso e hipersonia. Esse tipo de depress\u00e3o tamb\u00e9m merece aten\u00e7\u00e3o, pois pode ser confundido com outras condi\u00e7\u00f5es emocionais.<\/p>\n\n\n\n<h2 class=\"wp-block-heading\" id=\"h-quem-busca-alivio-para-a-depressao\">Quem Busca Al\u00edvio para a <strong>Depress\u00e3o<\/strong>?<\/h2>\n\n\n\n<p>Pessoas de todas as idades e contextos podem ser afetadas. Um estudante universit\u00e1rio pode sentir-se paralisado diante de suas responsabilidades acad\u00eamicas; um profissional experiente pode perder o interesse por sua carreira; e um cuidador pode se sentir exausto emocionalmente. O ponto em comum \u00e9 a busca por compreender o que est\u00e1 acontecendo e encontrar caminhos para melhorar.<\/p>\n\n\n\n<h3 class=\"wp-block-heading\" id=\"h-diferentes-abordagens-para-lidar-com-a-depressao\">Diferentes Abordagens para Lidar com a <strong>Depress\u00e3o<\/strong><\/h3>\n\n\n\n<p>Entre as possibilidades est\u00e3o a psicoterapia, grupos de apoio, mudan\u00e7as graduais de h\u00e1bitos e pr\u00e1ticas de bem-estar, como medita\u00e7\u00e3o e exerc\u00edcios. Cada pessoa pode se beneficiar de um conjunto espec\u00edfico de estrat\u00e9gias.<\/p>\n\n\n\n<h3 class=\"wp-block-heading\" id=\"h-sinais-de-alerta-quando-buscar-ajuda-profissional\">Sinais de Alerta: Quando Buscar Ajuda Profissional<\/h3>\n\n\n\n<p>Se os sintomas persistem por mais de duas semanas, se h\u00e1 preju\u00edzo significativo na rotina ou se surgirem pensamentos de autoles\u00e3o, \u00e9 fundamental procurar um profissional de sa\u00fade mental.<\/p>\n\n\n\n<h3 class=\"wp-block-heading\" id=\"h-recursos-e-informacoes-confiaveis-sobre-a-depressao\">Recursos e Informa\u00e7\u00f5es Confi\u00e1veis sobre a <strong>Depress\u00e3o<\/strong><\/h3>\n\n\n\n<p>Sites de institui\u00e7\u00f5es de sa\u00fade, como a Organiza\u00e7\u00e3o Mundial da Sa\u00fade e associa\u00e7\u00f5es de psicologia, oferecem informa\u00e7\u00f5es seguras e atualizadas.<\/p>\n\n\n\n<h3 class=\"wp-block-heading\" id=\"h-dicas-para-acao-imediata-em-momentos-de-depressao\">Dicas para A\u00e7\u00e3o Imediata em Momentos de <strong>Depress\u00e3o<\/strong><\/h3>\n\n\n\n<p>Praticar respira\u00e7\u00e3o profunda, escrever pensamentos e sentimentos, caminhar ao ar livre e conversar com algu\u00e9m de confian\u00e7a podem ajudar a aliviar o peso emocional.<\/p>\n\n\n\n<h2 class=\"wp-block-heading\" id=\"h-conclusao\">Conclus\u00e3o<\/h2>\n\n\n\n<p>Em suma, compreender <strong>qual \u00e9 o sintoma da depress\u00e3o<\/strong> envolve reconhecer sinais vis\u00edveis e invis\u00edveis que afetam corpo e mente. Ao identificar mudan\u00e7as persistentes no humor, comportamento e energia, \u00e9 poss\u00edvel buscar apoio e iniciar um processo de cuidado. Lembre-se: lidar com a depress\u00e3o n\u00e3o \u00e9 fraqueza, mas um passo corajoso para recuperar equil\u00edbrio e qualidade de vida. Se voc\u00ea se identifica com esses sinais, buscar informa\u00e7\u00e3o e apoio pode ser o primeiro passo para uma vida mais leve e equilibrada.<\/p>\n\n\n\n<p>* Essas narrativas s\u00e3o fict\u00edcias mas inspiradas em situa\u00e7\u00f5es comumente vivenciadas nos estudos e na cl\u00ednica psicol\u00f3gica.<\/p>\n\n\n\n<figure class=\"wp-block-image aligncenter size-large is-resized\"><img fetchpriority=\"high\" decoding=\"async\" width=\"1024\" height=\"683\" src=\"https:\/\/ianima.com.br\/blog\/wp-content\/uploads\/2025\/08\/2MM-308-1024x683.webp\" alt=\"Qual \u00e9 o Sintoma da Depress\u00e3o: Um Guia Completo\" class=\"wp-image-9936\" style=\"width:500px\" srcset=\"https:\/\/ianima.com.br\/blog\/wp-content\/uploads\/2025\/08\/2MM-308-1024x683.webp 1024w, https:\/\/ianima.com.br\/blog\/wp-content\/uploads\/2025\/08\/2MM-308-300x200.webp 300w, https:\/\/ianima.com.br\/blog\/wp-content\/uploads\/2025\/08\/2MM-308-768x512.webp 768w, https:\/\/ianima.com.br\/blog\/wp-content\/uploads\/2025\/08\/2MM-308.webp 1536w\" sizes=\"(max-width: 1024px) 100vw, 1024px\" \/><\/figure>\n\n\n\n<h2 class=\"wp-block-heading\" id=\"h-perguntas-frequentes-faq\">Perguntas Frequentes (FAQ)<\/h2>\n\n\n\n<div class=\"schema-faq wp-block-yoast-faq-block\"><div class=\"schema-faq-section\" id=\"faq-question-1755171285504\"><strong class=\"schema-faq-question\">Quais s\u00e3o os sintomas mais comuns da depress\u00e3o?<\/strong> <p class=\"schema-faq-answer\">Os sintomas mais comuns incluem tristeza persistente, falta de energia, ins\u00f4nia ou sono excessivo, e dificuldade de concentra\u00e7\u00e3o.<\/p> <\/div> <div class=\"schema-faq-section\" id=\"faq-question-1755171307558\"><strong class=\"schema-faq-question\">Como posso saber se estou com depress\u00e3o?<\/strong> <p class=\"schema-faq-answer\">Se voc\u00ea se sente triste a maior parte do tempo, perdeu o interesse em atividades que gostava e tem altera\u00e7\u00f5es no apetite, pode ser um sinal de depress\u00e3o.<\/p> <\/div> <div class=\"schema-faq-section\" id=\"faq-question-1755171330346\"><strong class=\"schema-faq-question\">O que fazer se eu suspeitar que estou deprimido?<\/strong> <p class=\"schema-faq-answer\">\u00c9 importante conversar com um profissional de sa\u00fade mental, que pode ajudar a identificar a depress\u00e3o e sugerir o tratamento adequado.<\/p> <\/div> <\/div>\n\n\n\n<ul class=\"wp-block-yoast-seo-related-links\"><li><a href=\"https:\/\/ianima.com.br\/blog\/saude-mental\/qual-o-sintoma-da-depressao-sinais-que-voce-precisa-conhecer\/\">Qual o Sintoma da Depress\u00e3o? Sinais que Voc\u00ea Precisa Conhecer<\/a><\/li><li><a href=\"https:\/\/ianima.com.br\/blog\/saude-mental\/qual-sintoma-da-depressao-o-que-voce-precisa-saber\/\">Qual sintoma da depress\u00e3o: O que voc\u00ea precisa saber<\/a><\/li><li><a href=\"https:\/\/ianima.com.br\/blog\/saude-mental\/depressao-sintoma-sinais-causas-e-como-lidar\/\">Depress\u00e3o sintoma: sinais, causas e como lidar<\/a><\/li><li><a href=\"https:\/\/ianima.com.br\/blog\/saude-mental\/qual-e-o-sintoma-de-depressao-entenda-os-sinais-reais\/\">Qual \u00e9 o sintoma de depress\u00e3o? Entenda os sinais reais<\/a><\/li><li><a href=\"https:\/\/ianima.com.br\/blog\/saude-mental\/sintoma-depressao-sinais-causas-e-como-lidar\/\">Sintoma depress\u00e3o: sinais, causas e como lidar<\/a><\/li><\/ul>\n","protected":false},"excerpt":{"rendered":"<p>Os Sinais e Sintomas da Depress\u00e3o A depress\u00e3o pode se manifestar de formas sutis ou intensas, afetando n\u00e3o apenas o humor, mas tamb\u00e9m o corpo e a percep\u00e7\u00e3o da vida. Entre os sinais mais conhecidos est\u00e3o tristeza persistente, perda de interesse em atividades antes prazerosas, altera\u00e7\u00f5es no sono e no apetite. Al\u00e9m disso, surgem sintomas [&hellip;]<\/p>\n","protected":false},"author":1,"featured_media":9935,"comment_status":"closed","ping_status":"closed","sticky":false,"template":"","format":"standard","meta":{"site-sidebar-layout":"default","site-content-layout":"","ast-site-content-layout":"default","site-content-style":"default","site-sidebar-style":"default","ast-global-header-display":"","ast-banner-title-visibility":"","ast-main-header-display":"","ast-hfb-above-header-display":"","ast-hfb-below-header-display":"","ast-hfb-mobile-header-display":"","site-post-title":"","ast-breadcrumbs-content":"","ast-featured-img":"","footer-sml-layout":"","theme-transparent-header-meta":"","adv-header-id-meta":"","stick-header-meta":"","header-above-stick-meta":"","header-main-stick-meta":"","header-below-stick-meta":"","astra-migrate-meta-layouts":"set","ast-page-background-enabled":"default","ast-page-background-meta":{"desktop":{"background-color":"","background-image":"","background-repeat":"repeat","background-position":"center center","background-size":"auto","background-attachment":"scroll","background-type":"","background-media":"","overlay-type":"","overlay-color":"","overlay-opacity":"","overlay-gradient":""},"tablet":{"background-color":"","background-image":"","background-repeat":"repeat","background-position":"center center","background-size":"auto","background-attachment":"scroll","background-type":"","background-media":"","overlay-type":"","overlay-color":"","overlay-opacity":"","overlay-gradient":""},"mobile":{"background-color":"","background-image":"","background-repeat":"repeat","background-position":"center center","background-size":"auto","background-attachment":"scroll","background-type":"","background-media":"","overlay-type":"","overlay-color":"","overlay-opacity":"","overlay-gradient":""}},"ast-content-background-meta":{"desktop":{"background-color":"var(--ast-global-color-5)","background-image":"","background-repeat":"repeat","background-position":"center center","background-size":"auto","background-attachment":"scroll","background-type":"","background-media":"","overlay-type":"","overlay-color":"","overlay-opacity":"","overlay-gradient":""},"tablet":{"background-color":"var(--ast-global-color-5)","background-image":"","background-repeat":"repeat","background-position":"center center","background-size":"auto","background-attachment":"scroll","background-type":"","background-media":"","overlay-type":"","overlay-color":"","overlay-opacity":"","overlay-gradient":""},"mobile":{"background-color":"var(--ast-global-color-5)","background-image":"","background-repeat":"repeat","background-position":"center center","background-size":"auto","background-attachment":"scroll","background-type":"","background-media":"","overlay-type":"","overlay-color":"","overlay-opacity":"","overlay-gradient":""}},"footnotes":""},"categories":[24],"tags":[],"class_list":["post-9933","post","type-post","status-publish","format-standard","has-post-thumbnail","hentry","category-saude-mental"],"yoast_head":"<!-- This site is optimized with the Yoast SEO Premium plugin v20.8 (Yoast SEO v20.8) - https:\/\/yoast.com\/wordpress\/plugins\/seo\/ -->\n<title>Qual \u00e9 o Sintoma da Depress\u00e3o: Um Guia Completo<\/title>\n<meta name=\"description\" content=\"Descubra os sinais surpreendentes da depress\u00e3o que voc\u00ea nunca imaginou! Este guia completo pode mudar sua vida e a de quem voc\u00ea ama!\" \/>\n<meta name=\"robots\" content=\"index, follow, max-snippet:-1, max-image-preview:large, max-video-preview:-1\" \/>\n<link rel=\"canonical\" href=\"https:\/\/ianima.com.br\/blog\/saude-mental\/qual-e-o-sintoma-da-depressao-um-guia-completo\/\" \/>\n<meta property=\"og:locale\" content=\"pt_BR\" \/>\n<meta property=\"og:type\" content=\"article\" \/>\n<meta property=\"og:title\" content=\"Qual \u00e9 o Sintoma da Depress\u00e3o: Um Guia Completo\" \/>\n<meta property=\"og:description\" content=\"Descubra os sinais surpreendentes da depress\u00e3o que voc\u00ea nunca imaginou! Este guia completo pode mudar sua vida e a de quem voc\u00ea ama!\" \/>\n<meta property=\"og:url\" content=\"https:\/\/ianima.com.br\/blog\/saude-mental\/qual-e-o-sintoma-da-depressao-um-guia-completo\/\" \/>\n<meta property=\"og:site_name\" content=\"Terapia Online com IANIMA: Inova\u00e7\u00e3o e Aconselhamento. O terapeuta online ao seu alcance.\" \/>\n<meta property=\"article:published_time\" content=\"2025-08-14T11:37:22+00:00\" \/>\n<meta property=\"article:modified_time\" content=\"2025-08-14T11:37:23+00:00\" \/>\n<meta property=\"og:image\" content=\"https:\/\/ianima.com.br\/blog\/wp-content\/uploads\/2025\/08\/1MM-308.webp\" \/>\n\t<meta property=\"og:image:width\" content=\"1536\" \/>\n\t<meta property=\"og:image:height\" content=\"1024\" \/>\n\t<meta property=\"og:image:type\" content=\"image\/webp\" \/>\n<meta name=\"author\" content=\"Wanderlei Talib\" \/>\n<meta name=\"twitter:card\" content=\"summary_large_image\" \/>\n<meta name=\"twitter:label1\" content=\"Escrito por\" \/>\n\t<meta name=\"twitter:data1\" content=\"Wanderlei Talib\" \/>\n\t<meta name=\"twitter:label2\" content=\"Est. tempo de leitura\" \/>\n\t<meta name=\"twitter:data2\" content=\"6 minutos\" \/>\n<script type=\"application\/ld+json\" class=\"yoast-schema-graph\">{\"@context\":\"https:\/\/schema.org\",\"@graph\":[{\"@type\":\"Article\",\"@id\":\"https:\/\/ianima.com.br\/blog\/saude-mental\/qual-e-o-sintoma-da-depressao-um-guia-completo\/#article\",\"isPartOf\":{\"@id\":\"https:\/\/ianima.com.br\/blog\/saude-mental\/qual-e-o-sintoma-da-depressao-um-guia-completo\/\"},\"author\":{\"name\":\"Wanderlei Talib\",\"@id\":\"https:\/\/ianima.com.br\/blog\/#\/schema\/person\/85378d6a819826ce615ae2a7a04f68d8\"},\"headline\":\"Qual \u00e9 o Sintoma da Depress\u00e3o: Um Guia Completo\",\"datePublished\":\"2025-08-14T11:37:22+00:00\",\"dateModified\":\"2025-08-14T11:37:23+00:00\",\"mainEntityOfPage\":{\"@id\":\"https:\/\/ianima.com.br\/blog\/saude-mental\/qual-e-o-sintoma-da-depressao-um-guia-completo\/\"},\"wordCount\":1099,\"publisher\":{\"@id\":\"https:\/\/ianima.com.br\/blog\/#organization\"},\"articleSection\":[\"Sa\u00fade Mental\"],\"inLanguage\":\"pt-BR\"},{\"@type\":[\"WebPage\",\"FAQPage\"],\"@id\":\"https:\/\/ianima.com.br\/blog\/saude-mental\/qual-e-o-sintoma-da-depressao-um-guia-completo\/\",\"url\":\"https:\/\/ianima.com.br\/blog\/saude-mental\/qual-e-o-sintoma-da-depressao-um-guia-completo\/\",\"name\":\"Qual \u00e9 o Sintoma da Depress\u00e3o: Um Guia Completo\",\"isPartOf\":{\"@id\":\"https:\/\/ianima.com.br\/blog\/#website\"},\"datePublished\":\"2025-08-14T11:37:22+00:00\",\"dateModified\":\"2025-08-14T11:37:23+00:00\",\"description\":\"Descubra os sinais surpreendentes da depress\u00e3o que voc\u00ea nunca imaginou! Este guia completo pode mudar sua vida e a de quem voc\u00ea ama!\",\"breadcrumb\":{\"@id\":\"https:\/\/ianima.com.br\/blog\/saude-mental\/qual-e-o-sintoma-da-depressao-um-guia-completo\/#breadcrumb\"},\"mainEntity\":[{\"@id\":\"https:\/\/ianima.com.br\/blog\/saude-mental\/qual-e-o-sintoma-da-depressao-um-guia-completo\/#faq-question-1755171285504\"},{\"@id\":\"https:\/\/ianima.com.br\/blog\/saude-mental\/qual-e-o-sintoma-da-depressao-um-guia-completo\/#faq-question-1755171307558\"},{\"@id\":\"https:\/\/ianima.com.br\/blog\/saude-mental\/qual-e-o-sintoma-da-depressao-um-guia-completo\/#faq-question-1755171330346\"}],\"inLanguage\":\"pt-BR\",\"potentialAction\":[{\"@type\":\"ReadAction\",\"target\":[\"https:\/\/ianima.com.br\/blog\/saude-mental\/qual-e-o-sintoma-da-depressao-um-guia-completo\/\"]}]},{\"@type\":\"BreadcrumbList\",\"@id\":\"https:\/\/ianima.com.br\/blog\/saude-mental\/qual-e-o-sintoma-da-depressao-um-guia-completo\/#breadcrumb\",\"itemListElement\":[{\"@type\":\"ListItem\",\"position\":1,\"name\":\"In\u00edcio\",\"item\":\"https:\/\/ianima.com.br\/blog\/\"},{\"@type\":\"ListItem\",\"position\":2,\"name\":\"Qual \u00e9 o Sintoma da Depress\u00e3o: Um Guia Completo\"}]},{\"@type\":\"WebSite\",\"@id\":\"https:\/\/ianima.com.br\/blog\/#website\",\"url\":\"https:\/\/ianima.com.br\/blog\/\",\"name\":\"Terapia Online com IANIMA: Inova\u00e7\u00e3o e Aconselhamento. O terapeuta online ao seu alcance.\",\"description\":\"Terapia gratuita online com a IAnima, sua terapeuta online. Artigos sobre terapias online, sa\u00fade mental e bem-estar.\",\"publisher\":{\"@id\":\"https:\/\/ianima.com.br\/blog\/#organization\"},\"potentialAction\":[{\"@type\":\"SearchAction\",\"target\":{\"@type\":\"EntryPoint\",\"urlTemplate\":\"https:\/\/ianima.com.br\/blog\/?s={search_term_string}\"},\"query-input\":\"required name=search_term_string\"}],\"inLanguage\":\"pt-BR\"},{\"@type\":\"Organization\",\"@id\":\"https:\/\/ianima.com.br\/blog\/#organization\",\"name\":\"Terapia Online com IANIMA: Inova\u00e7\u00e3o e Aconselhamento. O terapeuta online ao seu alcance.\",\"url\":\"https:\/\/ianima.com.br\/blog\/\",\"logo\":{\"@type\":\"ImageObject\",\"inLanguage\":\"pt-BR\",\"@id\":\"https:\/\/ianima.com.br\/blog\/#\/schema\/logo\/image\/\",\"url\":\"https:\/\/ianima.com.br\/blog\/wp-content\/uploads\/2025\/04\/cropped-IAnima-terapia-online.webp\",\"contentUrl\":\"https:\/\/ianima.com.br\/blog\/wp-content\/uploads\/2025\/04\/cropped-IAnima-terapia-online.webp\",\"width\":819,\"height\":222,\"caption\":\"Terapia Online com IANIMA: Inova\u00e7\u00e3o e Aconselhamento. O terapeuta online ao seu alcance.\"},\"image\":{\"@id\":\"https:\/\/ianima.com.br\/blog\/#\/schema\/logo\/image\/\"}},{\"@type\":\"Person\",\"@id\":\"https:\/\/ianima.com.br\/blog\/#\/schema\/person\/85378d6a819826ce615ae2a7a04f68d8\",\"name\":\"Wanderlei Talib\",\"image\":{\"@type\":\"ImageObject\",\"inLanguage\":\"pt-BR\",\"@id\":\"https:\/\/ianima.com.br\/blog\/#\/schema\/person\/image\/\",\"url\":\"https:\/\/ianima.com.br\/blog\/wp-content\/litespeed\/avatar\/a0461c2b338365ab5dd45a3e926e23c7.jpg?ver=1777055969\",\"contentUrl\":\"https:\/\/ianima.com.br\/blog\/wp-content\/litespeed\/avatar\/a0461c2b338365ab5dd45a3e926e23c7.jpg?ver=1777055969\",\"caption\":\"Wanderlei Talib\"},\"sameAs\":[\"https:\/\/ianima.com.br\/blog\"],\"url\":\"https:\/\/ianima.com.br\/blog\/author\/adminedu\/\"},{\"@type\":\"Question\",\"@id\":\"https:\/\/ianima.com.br\/blog\/saude-mental\/qual-e-o-sintoma-da-depressao-um-guia-completo\/#faq-question-1755171285504\",\"position\":1,\"url\":\"https:\/\/ianima.com.br\/blog\/saude-mental\/qual-e-o-sintoma-da-depressao-um-guia-completo\/#faq-question-1755171285504\",\"name\":\"Quais s\u00e3o os sintomas mais comuns da depress\u00e3o?\",\"answerCount\":1,\"acceptedAnswer\":{\"@type\":\"Answer\",\"text\":\"Os sintomas mais comuns incluem tristeza persistente, falta de energia, ins\u00f4nia ou sono excessivo, e dificuldade de concentra\u00e7\u00e3o.\",\"inLanguage\":\"pt-BR\"},\"inLanguage\":\"pt-BR\"},{\"@type\":\"Question\",\"@id\":\"https:\/\/ianima.com.br\/blog\/saude-mental\/qual-e-o-sintoma-da-depressao-um-guia-completo\/#faq-question-1755171307558\",\"position\":2,\"url\":\"https:\/\/ianima.com.br\/blog\/saude-mental\/qual-e-o-sintoma-da-depressao-um-guia-completo\/#faq-question-1755171307558\",\"name\":\"Como posso saber se estou com depress\u00e3o?\",\"answerCount\":1,\"acceptedAnswer\":{\"@type\":\"Answer\",\"text\":\"Se voc\u00ea se sente triste a maior parte do tempo, perdeu o interesse em atividades que gostava e tem altera\u00e7\u00f5es no apetite, pode ser um sinal de depress\u00e3o.\",\"inLanguage\":\"pt-BR\"},\"inLanguage\":\"pt-BR\"},{\"@type\":\"Question\",\"@id\":\"https:\/\/ianima.com.br\/blog\/saude-mental\/qual-e-o-sintoma-da-depressao-um-guia-completo\/#faq-question-1755171330346\",\"position\":3,\"url\":\"https:\/\/ianima.com.br\/blog\/saude-mental\/qual-e-o-sintoma-da-depressao-um-guia-completo\/#faq-question-1755171330346\",\"name\":\"O que fazer se eu suspeitar que estou deprimido?\",\"answerCount\":1,\"acceptedAnswer\":{\"@type\":\"Answer\",\"text\":\"\u00c9 importante conversar com um profissional de sa\u00fade mental, que pode ajudar a identificar a depress\u00e3o e sugerir o tratamento adequado.\",\"inLanguage\":\"pt-BR\"},\"inLanguage\":\"pt-BR\"}]}<\/script>\n<!-- \/ Yoast SEO Premium plugin. -->","yoast_head_json":{"title":"Qual \u00e9 o Sintoma da Depress\u00e3o: Um Guia Completo","description":"Descubra os sinais surpreendentes da depress\u00e3o que voc\u00ea nunca imaginou! Este guia completo pode mudar sua vida e a de quem voc\u00ea ama!","robots":{"index":"index","follow":"follow","max-snippet":"max-snippet:-1","max-image-preview":"max-image-preview:large","max-video-preview":"max-video-preview:-1"},"canonical":"https:\/\/ianima.com.br\/blog\/saude-mental\/qual-e-o-sintoma-da-depressao-um-guia-completo\/","og_locale":"pt_BR","og_type":"article","og_title":"Qual \u00e9 o Sintoma da Depress\u00e3o: Um Guia Completo","og_description":"Descubra os sinais surpreendentes da depress\u00e3o que voc\u00ea nunca imaginou! Este guia completo pode mudar sua vida e a de quem voc\u00ea ama!","og_url":"https:\/\/ianima.com.br\/blog\/saude-mental\/qual-e-o-sintoma-da-depressao-um-guia-completo\/","og_site_name":"Terapia Online com IANIMA: Inova\u00e7\u00e3o e Aconselhamento. O terapeuta online ao seu alcance.","article_published_time":"2025-08-14T11:37:22+00:00","article_modified_time":"2025-08-14T11:37:23+00:00","og_image":[{"width":1536,"height":1024,"url":"https:\/\/ianima.com.br\/blog\/wp-content\/uploads\/2025\/08\/1MM-308.webp","type":"image\/webp"}],"author":"Wanderlei Talib","twitter_card":"summary_large_image","twitter_misc":{"Escrito por":"Wanderlei Talib","Est. tempo de leitura":"6 minutos"},"schema":{"@context":"https:\/\/schema.org","@graph":[{"@type":"Article","@id":"https:\/\/ianima.com.br\/blog\/saude-mental\/qual-e-o-sintoma-da-depressao-um-guia-completo\/#article","isPartOf":{"@id":"https:\/\/ianima.com.br\/blog\/saude-mental\/qual-e-o-sintoma-da-depressao-um-guia-completo\/"},"author":{"name":"Wanderlei Talib","@id":"https:\/\/ianima.com.br\/blog\/#\/schema\/person\/85378d6a819826ce615ae2a7a04f68d8"},"headline":"Qual \u00e9 o Sintoma da Depress\u00e3o: Um Guia Completo","datePublished":"2025-08-14T11:37:22+00:00","dateModified":"2025-08-14T11:37:23+00:00","mainEntityOfPage":{"@id":"https:\/\/ianima.com.br\/blog\/saude-mental\/qual-e-o-sintoma-da-depressao-um-guia-completo\/"},"wordCount":1099,"publisher":{"@id":"https:\/\/ianima.com.br\/blog\/#organization"},"articleSection":["Sa\u00fade Mental"],"inLanguage":"pt-BR"},{"@type":["WebPage","FAQPage"],"@id":"https:\/\/ianima.com.br\/blog\/saude-mental\/qual-e-o-sintoma-da-depressao-um-guia-completo\/","url":"https:\/\/ianima.com.br\/blog\/saude-mental\/qual-e-o-sintoma-da-depressao-um-guia-completo\/","name":"Qual \u00e9 o Sintoma da Depress\u00e3o: Um Guia Completo","isPartOf":{"@id":"https:\/\/ianima.com.br\/blog\/#website"},"datePublished":"2025-08-14T11:37:22+00:00","dateModified":"2025-08-14T11:37:23+00:00","description":"Descubra os sinais surpreendentes da depress\u00e3o que voc\u00ea nunca imaginou! Este guia completo pode mudar sua vida e a de quem voc\u00ea ama!","breadcrumb":{"@id":"https:\/\/ianima.com.br\/blog\/saude-mental\/qual-e-o-sintoma-da-depressao-um-guia-completo\/#breadcrumb"},"mainEntity":[{"@id":"https:\/\/ianima.com.br\/blog\/saude-mental\/qual-e-o-sintoma-da-depressao-um-guia-completo\/#faq-question-1755171285504"},{"@id":"https:\/\/ianima.com.br\/blog\/saude-mental\/qual-e-o-sintoma-da-depressao-um-guia-completo\/#faq-question-1755171307558"},{"@id":"https:\/\/ianima.com.br\/blog\/saude-mental\/qual-e-o-sintoma-da-depressao-um-guia-completo\/#faq-question-1755171330346"}],"inLanguage":"pt-BR","potentialAction":[{"@type":"ReadAction","target":["https:\/\/ianima.com.br\/blog\/saude-mental\/qual-e-o-sintoma-da-depressao-um-guia-completo\/"]}]},{"@type":"BreadcrumbList","@id":"https:\/\/ianima.com.br\/blog\/saude-mental\/qual-e-o-sintoma-da-depressao-um-guia-completo\/#breadcrumb","itemListElement":[{"@type":"ListItem","position":1,"name":"In\u00edcio","item":"https:\/\/ianima.com.br\/blog\/"},{"@type":"ListItem","position":2,"name":"Qual \u00e9 o Sintoma da Depress\u00e3o: Um Guia Completo"}]},{"@type":"WebSite","@id":"https:\/\/ianima.com.br\/blog\/#website","url":"https:\/\/ianima.com.br\/blog\/","name":"Terapia Online com IANIMA: Inova\u00e7\u00e3o e Aconselhamento. O terapeuta online ao seu alcance.","description":"Terapia gratuita online com a IAnima, sua terapeuta online. Artigos sobre terapias online, sa\u00fade mental e bem-estar.","publisher":{"@id":"https:\/\/ianima.com.br\/blog\/#organization"},"potentialAction":[{"@type":"SearchAction","target":{"@type":"EntryPoint","urlTemplate":"https:\/\/ianima.com.br\/blog\/?s={search_term_string}"},"query-input":"required name=search_term_string"}],"inLanguage":"pt-BR"},{"@type":"Organization","@id":"https:\/\/ianima.com.br\/blog\/#organization","name":"Terapia Online com IANIMA: Inova\u00e7\u00e3o e Aconselhamento. O terapeuta online ao seu alcance.","url":"https:\/\/ianima.com.br\/blog\/","logo":{"@type":"ImageObject","inLanguage":"pt-BR","@id":"https:\/\/ianima.com.br\/blog\/#\/schema\/logo\/image\/","url":"https:\/\/ianima.com.br\/blog\/wp-content\/uploads\/2025\/04\/cropped-IAnima-terapia-online.webp","contentUrl":"https:\/\/ianima.com.br\/blog\/wp-content\/uploads\/2025\/04\/cropped-IAnima-terapia-online.webp","width":819,"height":222,"caption":"Terapia Online com IANIMA: Inova\u00e7\u00e3o e Aconselhamento. O terapeuta online ao seu alcance."},"image":{"@id":"https:\/\/ianima.com.br\/blog\/#\/schema\/logo\/image\/"}},{"@type":"Person","@id":"https:\/\/ianima.com.br\/blog\/#\/schema\/person\/85378d6a819826ce615ae2a7a04f68d8","name":"Wanderlei Talib","image":{"@type":"ImageObject","inLanguage":"pt-BR","@id":"https:\/\/ianima.com.br\/blog\/#\/schema\/person\/image\/","url":"https:\/\/ianima.com.br\/blog\/wp-content\/litespeed\/avatar\/a0461c2b338365ab5dd45a3e926e23c7.jpg?ver=1777055969","contentUrl":"https:\/\/ianima.com.br\/blog\/wp-content\/litespeed\/avatar\/a0461c2b338365ab5dd45a3e926e23c7.jpg?ver=1777055969","caption":"Wanderlei Talib"},"sameAs":["https:\/\/ianima.com.br\/blog"],"url":"https:\/\/ianima.com.br\/blog\/author\/adminedu\/"},{"@type":"Question","@id":"https:\/\/ianima.com.br\/blog\/saude-mental\/qual-e-o-sintoma-da-depressao-um-guia-completo\/#faq-question-1755171285504","position":1,"url":"https:\/\/ianima.com.br\/blog\/saude-mental\/qual-e-o-sintoma-da-depressao-um-guia-completo\/#faq-question-1755171285504","name":"Quais s\u00e3o os sintomas mais comuns da depress\u00e3o?","answerCount":1,"acceptedAnswer":{"@type":"Answer","text":"Os sintomas mais comuns incluem tristeza persistente, falta de energia, ins\u00f4nia ou sono excessivo, e dificuldade de concentra\u00e7\u00e3o.","inLanguage":"pt-BR"},"inLanguage":"pt-BR"},{"@type":"Question","@id":"https:\/\/ianima.com.br\/blog\/saude-mental\/qual-e-o-sintoma-da-depressao-um-guia-completo\/#faq-question-1755171307558","position":2,"url":"https:\/\/ianima.com.br\/blog\/saude-mental\/qual-e-o-sintoma-da-depressao-um-guia-completo\/#faq-question-1755171307558","name":"Como posso saber se estou com depress\u00e3o?","answerCount":1,"acceptedAnswer":{"@type":"Answer","text":"Se voc\u00ea se sente triste a maior parte do tempo, perdeu o interesse em atividades que gostava e tem altera\u00e7\u00f5es no apetite, pode ser um sinal de depress\u00e3o.","inLanguage":"pt-BR"},"inLanguage":"pt-BR"},{"@type":"Question","@id":"https:\/\/ianima.com.br\/blog\/saude-mental\/qual-e-o-sintoma-da-depressao-um-guia-completo\/#faq-question-1755171330346","position":3,"url":"https:\/\/ianima.com.br\/blog\/saude-mental\/qual-e-o-sintoma-da-depressao-um-guia-completo\/#faq-question-1755171330346","name":"O que fazer se eu suspeitar que estou deprimido?","answerCount":1,"acceptedAnswer":{"@type":"Answer","text":"\u00c9 importante conversar com um profissional de sa\u00fade mental, que pode ajudar a identificar a depress\u00e3o e sugerir o tratamento adequado.","inLanguage":"pt-BR"},"inLanguage":"pt-BR"}]}},"_links":{"self":[{"href":"https:\/\/ianima.com.br\/blog\/wp-json\/wp\/v2\/posts\/9933","targetHints":{"allow":["GET"]}}],"collection":[{"href":"https:\/\/ianima.com.br\/blog\/wp-json\/wp\/v2\/posts"}],"about":[{"href":"https:\/\/ianima.com.br\/blog\/wp-json\/wp\/v2\/types\/post"}],"author":[{"embeddable":true,"href":"https:\/\/ianima.com.br\/blog\/wp-json\/wp\/v2\/users\/1"}],"replies":[{"embeddable":true,"href":"https:\/\/ianima.com.br\/blog\/wp-json\/wp\/v2\/comments?post=9933"}],"version-history":[{"count":1,"href":"https:\/\/ianima.com.br\/blog\/wp-json\/wp\/v2\/posts\/9933\/revisions"}],"predecessor-version":[{"id":9937,"href":"https:\/\/ianima.com.br\/blog\/wp-json\/wp\/v2\/posts\/9933\/revisions\/9937"}],"wp:featuredmedia":[{"embeddable":true,"href":"https:\/\/ianima.com.br\/blog\/wp-json\/wp\/v2\/media\/9935"}],"wp:attachment":[{"href":"https:\/\/ianima.com.br\/blog\/wp-json\/wp\/v2\/media?parent=9933"}],"wp:term":[{"taxonomy":"category","embeddable":true,"href":"https:\/\/ianima.com.br\/blog\/wp-json\/wp\/v2\/categories?post=9933"},{"taxonomy":"post_tag","embeddable":true,"href":"https:\/\/ianima.com.br\/blog\/wp-json\/wp\/v2\/tags?post=9933"}],"curies":[{"name":"wp","href":"https:\/\/api.w.org\/{rel}","templated":true}]}}